{"id":9957,"date":"2018-08-20T16:32:00","date_gmt":"2018-08-20T14:32:00","guid":{"rendered":"https:\/\/www.cgfmanet.org\/infosfera-pt-pt\/assemblea-generale-della-comunita-educante-ispettoriale\/"},"modified":"2019-11-18T16:36:14","modified_gmt":"2019-11-18T15:36:14","slug":"assembleia-geral-da-comunidade-educativa-inspetorial","status":"publish","type":"post","link":"https:\/\/www.cgfmanet.org\/pt-pt\/ifma-pt-pt\/carisma-salesiano-pt\/assembleia-geral-da-comunidade-educativa-inspetorial\/","title":{"rendered":"Assembleia Geral da Comunidade Educativa Inspetorial"},"content":{"rendered":"<p><strong>Calamba (Filipinas). <\/strong>Nos dias 17 e 18 de agosto de 2018, no Centro de Espiritualidade <em>Mornese, <\/em>na cidade de Calamba (Filipinas), realizou-se a Assembleia Geral da Comunidade Educativa Inspetorial com o tema <em>\u201cFormar as fam\u00edlias como viveiro de f\u00e9 e de voca\u00e7\u00e3o\u201d <\/em>em linha com o tema do S\u00ednodo dos Bispos de outubro de 2018.<\/p>\n<p>Houve participa\u00e7\u00e3o de 105 delegados, entre os quais jovens, pais, professores e FMA de todas as comunidades, Metro Manila, Pampanga, Laguna, Oriental Mindoro, Negros Ocidental, Cebu e Palawan. Presentes as Diretoras das comunidades FMA, as Diretoras de Escola e as irm\u00e3s diretamente envolvidas nas comunidades educativas locais, escolas e obras n\u00e3o acad\u00eamicas. Presentes a Inspetora, Ir. Mabel Pilar, FMA e a Conselheira Visitadora Ir. Lucy Rose.<\/p>\n<p>No in\u00edcio Ir. Pindy Garza, FMA, delegada inspetorial para o PECCG <em>(Provincial Educating Community Core Group), <\/em>deu algumas orienta\u00e7\u00f5es sobre os trabalhos da assembleia. O Sr. Owen Bandilla, Presidente do PECCG, deu as boas vindas aos presentes e, em seguida, falou Ir. Lucy Rose Ozhukayil, FMA, Conselheira Visitadora, que est\u00e1 em visita breve \u00e0 Inspetoria (FIL). Em sua mensagem encorajou a \u201ccontinuar inspirando os outros a serem canais de \u00e1gua que doam vida a todos os necessitados\u201d. Tamb\u00e9m apreciou a forte devo\u00e7\u00e3o mariana dos filipinos e contou que foi Nossa Senhora que, em uma vis\u00e3o, confiou as meninas a Madre Maria Mazzarello.<\/p>\n<p>A apresenta\u00e7\u00e3o do tema, \u201cUma resposta da Pastoral Familiar \u00e0s Gera\u00e7\u00f5es Y e Z, f\u00e9 e discernimento vocacional\u201d foi feita por Ir. Debbie Ponsaran, FMA, Coordenadora Inspetorial da Pastoral Juvenil e da Comunica\u00e7\u00e3o Social. \u00c0 apresenta\u00e7\u00e3o seguiu-se um momento de reflex\u00e3o e de partilha em pequenos grupos.<\/p>\n<p>Na tarde do primeiro dia, o Sr. Junep Ocampo e a Sra. Cel Ocampo, marido e mulher, contaram \u201cComo se tornar mensageiros de Deus atrav\u00e9s da pr\u00f3pria fam\u00edlia\u201d, seguindo-se o F\u00f3rum sobre F\u00e9 e voca\u00e7\u00f5es. O F\u00f3rum foi realizado por seis relatores de diversas voca\u00e7\u00f5es: vida consagrada\/sacerd\u00f3cio, vida de solteiro e vida conjugal. Eles testemunharam como vivem sua voca\u00e7\u00e3o espec\u00edfica.<\/p>\n<p>Ap\u00f3s uma pausa, cada comunidade educativa local se reuniu para trabalhar sobre os planos de a\u00e7\u00e3o concreta sobre os temas ouvidos.<\/p>\n<p>O segundo dia come\u00e7ou com uma breve sauda\u00e7\u00e3o de Ir. Maria Josefina Carrasco, FMA, Vig\u00e1ria inspetorial. Depois, as comunidades educativas locais se reuniram para rever o Plano do sex\u00eanio e o Plano para a Pastoral Familiar. Ap\u00f3s o intervalo, as Constitui\u00e7\u00f5es do PECCG (para as comunidades educativas das escolas) foram ratificadas e eleitos os novos membros do PECCG.<\/p>\n<p>Os novos membros em n\u00edvel inspetorial s\u00e3o quatro pais, duas professoras leigas e quatro jovens. Ir. Pinky continua como delegada FMA. Os novos membros fizeram seu juramento durante a celebra\u00e7\u00e3o presidida por Pe. Eli Cruz, ex-inspetor, que concluiu o evento anual.<\/p>\n","protected":false},"excerpt":{"rendered":"<p>Calamba (Filipinas). Nos dias 17 e 18 de agosto de 2018, no Centro de Espiritualidade Mornese, na cidade de Calamba (Filipinas), realizou-se a Assembleia Geral da Comunidade Educativa Inspetorial com [&hellip;]<\/p>\n","protected":false},"author":45,"featured_media":9947,"comment_status":"open","ping_status":"closed","sticky":false,"template":"","format":"standard","meta":{"footnotes":""},"categories":[166,159],"tags":[306,1143],"class_list":["post-9957","post","type-post","status-publish","format-standard","has-post-thumbnail","category-carisma-salesiano-pt","category-ifma-pt-pt","tag-filipinas","tag-fil-pt-pt"],"yoast_head":"<!-- This site is optimized with the Yoast SEO plugin v27.4 - https:\/\/yoast.com\/product\/yoast-seo-wordpress\/ -->\n<title>Assembleia Geral da Comunidade Educativa Inspetorial &#8226; Istituto Figlie di Maria Ausiliatrice<\/title>\n<meta name=\"robots\" content=\"index, follow, max-snippet:-1, max-image-preview:large, max-video-preview:-1\" \/>\n<link rel=\"canonical\" href=\"https:\/\/www.cgfmanet.org\/pt-pt\/ifma-pt-pt\/carisma-salesiano-pt\/assembleia-geral-da-comunidade-educativa-inspetorial\/\" \/>\n<meta property=\"og:locale\" content=\"pt_PT\" \/>\n<meta property=\"og:type\" content=\"article\" \/>\n<meta property=\"og:title\" content=\"Assembleia Geral da Comunidade Educativa Inspetorial &#8226; Istituto Figlie di Maria Ausiliatrice\" \/>\n<meta property=\"og:description\" content=\"Calamba (Filipinas). Nos dias 17 e 18 de agosto de 2018, no Centro de Espiritualidade Mornese, na cidade de Calamba (Filipinas), realizou-se a Assembleia Geral da Comunidade Educativa Inspetorial com [&hellip;]\" \/>\n<meta property=\"og:url\" content=\"https:\/\/www.cgfmanet.org\/pt-pt\/ifma-pt-pt\/carisma-salesiano-pt\/assembleia-geral-da-comunidade-educativa-inspetorial\/\" \/>\n<meta property=\"og:site_name\" content=\"Istituto Figlie di Maria Ausiliatrice\" \/>\n<meta property=\"article:publisher\" content=\"https:\/\/www.facebook.com\/salesian.sisters.of.don.bosco\/\" \/>\n<meta property=\"article:published_time\" content=\"2018-08-20T14:32:00+00:00\" \/>\n<meta property=\"article:modified_time\" content=\"2019-11-18T15:36:14+00:00\" \/>\n<meta property=\"og:image\" content=\"https:\/\/www.cgfmanet.org\/wp-content\/uploads\/2019\/11\/assemblea-comunicante.jpg\" \/>\n\t<meta property=\"og:image:width\" content=\"700\" \/>\n\t<meta property=\"og:image:height\" content=\"423\" \/>\n\t<meta property=\"og:image:type\" content=\"image\/jpeg\" \/>\n<meta name=\"author\" content=\"kedos\" \/>\n<meta name=\"twitter:card\" content=\"summary_large_image\" \/>\n<meta name=\"twitter:creator\" content=\"@Cgfmanet_Org\" \/>\n<meta name=\"twitter:site\" content=\"@Cgfmanet_Org\" \/>\n<meta name=\"twitter:label1\" content=\"Escrito por\" \/>\n\t<meta name=\"twitter:data1\" content=\"kedos\" \/>\n\t<meta name=\"twitter:label2\" content=\"Tempo estimado de leitura\" \/>\n\t<meta name=\"twitter:data2\" content=\"2 minutos\" \/>\n<script type=\"application\/ld+json\" class=\"yoast-schema-graph\">{\"@context\":\"https:\\\/\\\/schema.org\",\"@graph\":[{\"@type\":\"Article\",\"@id\":\"https:\\\/\\\/www.cgfmanet.org\\\/pt-pt\\\/ifma-pt-pt\\\/carisma-salesiano-pt\\\/assembleia-geral-da-comunidade-educativa-inspetorial\\\/#article\",\"isPartOf\":{\"@id\":\"https:\\\/\\\/www.cgfmanet.org\\\/pt-pt\\\/ifma-pt-pt\\\/carisma-salesiano-pt\\\/assembleia-geral-da-comunidade-educativa-inspetorial\\\/\"},\"author\":{\"name\":\"kedos\",\"@id\":\"https:\\\/\\\/www.cgfmanet.org\\\/es\\\/#\\\/schema\\\/person\\\/a0ee6558fb72feabd20b995682c980af\"},\"headline\":\"Assembleia Geral da Comunidade Educativa Inspetorial\",\"datePublished\":\"2018-08-20T14:32:00+00:00\",\"dateModified\":\"2019-11-18T15:36:14+00:00\",\"mainEntityOfPage\":{\"@id\":\"https:\\\/\\\/www.cgfmanet.org\\\/pt-pt\\\/ifma-pt-pt\\\/carisma-salesiano-pt\\\/assembleia-geral-da-comunidade-educativa-inspetorial\\\/\"},\"wordCount\":488,\"commentCount\":0,\"publisher\":{\"@id\":\"https:\\\/\\\/www.cgfmanet.org\\\/es\\\/#organization\"},\"image\":{\"@id\":\"https:\\\/\\\/www.cgfmanet.org\\\/pt-pt\\\/ifma-pt-pt\\\/carisma-salesiano-pt\\\/assembleia-geral-da-comunidade-educativa-inspetorial\\\/#primaryimage\"},\"thumbnailUrl\":\"https:\\\/\\\/www.cgfmanet.org\\\/wp-content\\\/uploads\\\/2019\\\/11\\\/assemblea-comunicante.jpg\",\"keywords\":[\"Filipinas\",\"FIL\"],\"articleSection\":[\"Carisma Salesiano\",\"IFMA\"],\"inLanguage\":\"pt-PT\",\"potentialAction\":[{\"@type\":\"CommentAction\",\"name\":\"Comment\",\"target\":[\"https:\\\/\\\/www.cgfmanet.org\\\/pt-pt\\\/ifma-pt-pt\\\/carisma-salesiano-pt\\\/assembleia-geral-da-comunidade-educativa-inspetorial\\\/#respond\"]}]},{\"@type\":\"WebPage\",\"@id\":\"https:\\\/\\\/www.cgfmanet.org\\\/pt-pt\\\/ifma-pt-pt\\\/carisma-salesiano-pt\\\/assembleia-geral-da-comunidade-educativa-inspetorial\\\/\",\"url\":\"https:\\\/\\\/www.cgfmanet.org\\\/pt-pt\\\/ifma-pt-pt\\\/carisma-salesiano-pt\\\/assembleia-geral-da-comunidade-educativa-inspetorial\\\/\",\"name\":\"Assembleia Geral da Comunidade Educativa Inspetorial &#8226; Istituto Figlie di Maria Ausiliatrice\",\"isPartOf\":{\"@id\":\"https:\\\/\\\/www.cgfmanet.org\\\/es\\\/#website\"},\"primaryImageOfPage\":{\"@id\":\"https:\\\/\\\/www.cgfmanet.org\\\/pt-pt\\\/ifma-pt-pt\\\/carisma-salesiano-pt\\\/assembleia-geral-da-comunidade-educativa-inspetorial\\\/#primaryimage\"},\"image\":{\"@id\":\"https:\\\/\\\/www.cgfmanet.org\\\/pt-pt\\\/ifma-pt-pt\\\/carisma-salesiano-pt\\\/assembleia-geral-da-comunidade-educativa-inspetorial\\\/#primaryimage\"},\"thumbnailUrl\":\"https:\\\/\\\/www.cgfmanet.org\\\/wp-content\\\/uploads\\\/2019\\\/11\\\/assemblea-comunicante.jpg\",\"datePublished\":\"2018-08-20T14:32:00+00:00\",\"dateModified\":\"2019-11-18T15:36:14+00:00\",\"breadcrumb\":{\"@id\":\"https:\\\/\\\/www.cgfmanet.org\\\/pt-pt\\\/ifma-pt-pt\\\/carisma-salesiano-pt\\\/assembleia-geral-da-comunidade-educativa-inspetorial\\\/#breadcrumb\"},\"inLanguage\":\"pt-PT\",\"potentialAction\":[{\"@type\":\"ReadAction\",\"target\":[\"https:\\\/\\\/www.cgfmanet.org\\\/pt-pt\\\/ifma-pt-pt\\\/carisma-salesiano-pt\\\/assembleia-geral-da-comunidade-educativa-inspetorial\\\/\"]}]},{\"@type\":\"ImageObject\",\"inLanguage\":\"pt-PT\",\"@id\":\"https:\\\/\\\/www.cgfmanet.org\\\/pt-pt\\\/ifma-pt-pt\\\/carisma-salesiano-pt\\\/assembleia-geral-da-comunidade-educativa-inspetorial\\\/#primaryimage\",\"url\":\"https:\\\/\\\/www.cgfmanet.org\\\/wp-content\\\/uploads\\\/2019\\\/11\\\/assemblea-comunicante.jpg\",\"contentUrl\":\"https:\\\/\\\/www.cgfmanet.org\\\/wp-content\\\/uploads\\\/2019\\\/11\\\/assemblea-comunicante.jpg\",\"width\":700,\"height\":423},{\"@type\":\"BreadcrumbList\",\"@id\":\"https:\\\/\\\/www.cgfmanet.org\\\/pt-pt\\\/ifma-pt-pt\\\/carisma-salesiano-pt\\\/assembleia-geral-da-comunidade-educativa-inspetorial\\\/#breadcrumb\",\"itemListElement\":[{\"@type\":\"ListItem\",\"position\":1,\"name\":\"Home\",\"item\":\"https:\\\/\\\/www.cgfmanet.org\\\/pt-pt\\\/\"},{\"@type\":\"ListItem\",\"position\":2,\"name\":\"Assembleia Geral da Comunidade Educativa Inspetorial\"}]},{\"@type\":\"WebSite\",\"@id\":\"https:\\\/\\\/www.cgfmanet.org\\\/es\\\/#website\",\"url\":\"https:\\\/\\\/www.cgfmanet.org\\\/es\\\/\",\"name\":\"Istituto Figlie di Maria Ausiliatrice\",\"description\":\"Salesiane di Don Bosco\",\"publisher\":{\"@id\":\"https:\\\/\\\/www.cgfmanet.org\\\/es\\\/#organization\"},\"potentialAction\":[{\"@type\":\"SearchAction\",\"target\":{\"@type\":\"EntryPoint\",\"urlTemplate\":\"https:\\\/\\\/www.cgfmanet.org\\\/es\\\/?s={search_term_string}\"},\"query-input\":{\"@type\":\"PropertyValueSpecification\",\"valueRequired\":true,\"valueName\":\"search_term_string\"}}],\"inLanguage\":\"pt-PT\"},{\"@type\":\"Organization\",\"@id\":\"https:\\\/\\\/www.cgfmanet.org\\\/es\\\/#organization\",\"name\":\"Istituto Figlie di Maria Ausiliatrice\",\"url\":\"https:\\\/\\\/www.cgfmanet.org\\\/es\\\/\",\"logo\":{\"@type\":\"ImageObject\",\"inLanguage\":\"pt-PT\",\"@id\":\"https:\\\/\\\/www.cgfmanet.org\\\/es\\\/#\\\/schema\\\/logo\\\/image\\\/\",\"url\":\"https:\\\/\\\/www.cgfmanet.org\\\/wp-content\\\/uploads\\\/2018\\\/10\\\/logo-fma.png\",\"contentUrl\":\"https:\\\/\\\/www.cgfmanet.org\\\/wp-content\\\/uploads\\\/2018\\\/10\\\/logo-fma.png\",\"width\":214,\"height\":55,\"caption\":\"Istituto Figlie di Maria Ausiliatrice\"},\"image\":{\"@id\":\"https:\\\/\\\/www.cgfmanet.org\\\/es\\\/#\\\/schema\\\/logo\\\/image\\\/\"},\"sameAs\":[\"https:\\\/\\\/www.facebook.com\\\/salesian.sisters.of.don.bosco\\\/\",\"https:\\\/\\\/x.com\\\/Cgfmanet_Org\",\"https:\\\/\\\/www.youtube.com\\\/channel\\\/UCmcr8yFQBV7JXeXVxyV9y5Q\"]},{\"@type\":\"Person\",\"@id\":\"https:\\\/\\\/www.cgfmanet.org\\\/es\\\/#\\\/schema\\\/person\\\/a0ee6558fb72feabd20b995682c980af\",\"name\":\"kedos\"}]}<\/script>\n<!-- \/ Yoast SEO plugin. -->","yoast_head_json":{"title":"Assembleia Geral da Comunidade Educativa Inspetorial &#8226; Istituto Figlie di Maria Ausiliatrice","robots":{"index":"index","follow":"follow","max-snippet":"max-snippet:-1","max-image-preview":"max-image-preview:large","max-video-preview":"max-video-preview:-1"},"canonical":"https:\/\/www.cgfmanet.org\/pt-pt\/ifma-pt-pt\/carisma-salesiano-pt\/assembleia-geral-da-comunidade-educativa-inspetorial\/","og_locale":"pt_PT","og_type":"article","og_title":"Assembleia Geral da Comunidade Educativa Inspetorial &#8226; Istituto Figlie di Maria Ausiliatrice","og_description":"Calamba (Filipinas). Nos dias 17 e 18 de agosto de 2018, no Centro de Espiritualidade Mornese, na cidade de Calamba (Filipinas), realizou-se a Assembleia Geral da Comunidade Educativa Inspetorial com [&hellip;]","og_url":"https:\/\/www.cgfmanet.org\/pt-pt\/ifma-pt-pt\/carisma-salesiano-pt\/assembleia-geral-da-comunidade-educativa-inspetorial\/","og_site_name":"Istituto Figlie di Maria Ausiliatrice","article_publisher":"https:\/\/www.facebook.com\/salesian.sisters.of.don.bosco\/","article_published_time":"2018-08-20T14:32:00+00:00","article_modified_time":"2019-11-18T15:36:14+00:00","og_image":[{"width":700,"height":423,"url":"https:\/\/www.cgfmanet.org\/wp-content\/uploads\/2019\/11\/assemblea-comunicante.jpg","type":"image\/jpeg"}],"author":"kedos","twitter_card":"summary_large_image","twitter_creator":"@Cgfmanet_Org","twitter_site":"@Cgfmanet_Org","twitter_misc":{"Escrito por":"kedos","Tempo estimado de leitura":"2 minutos"},"schema":{"@context":"https:\/\/schema.org","@graph":[{"@type":"Article","@id":"https:\/\/www.cgfmanet.org\/pt-pt\/ifma-pt-pt\/carisma-salesiano-pt\/assembleia-geral-da-comunidade-educativa-inspetorial\/#article","isPartOf":{"@id":"https:\/\/www.cgfmanet.org\/pt-pt\/ifma-pt-pt\/carisma-salesiano-pt\/assembleia-geral-da-comunidade-educativa-inspetorial\/"},"author":{"name":"kedos","@id":"https:\/\/www.cgfmanet.org\/es\/#\/schema\/person\/a0ee6558fb72feabd20b995682c980af"},"headline":"Assembleia Geral da Comunidade Educativa Inspetorial","datePublished":"2018-08-20T14:32:00+00:00","dateModified":"2019-11-18T15:36:14+00:00","mainEntityOfPage":{"@id":"https:\/\/www.cgfmanet.org\/pt-pt\/ifma-pt-pt\/carisma-salesiano-pt\/assembleia-geral-da-comunidade-educativa-inspetorial\/"},"wordCount":488,"commentCount":0,"publisher":{"@id":"https:\/\/www.cgfmanet.org\/es\/#organization"},"image":{"@id":"https:\/\/www.cgfmanet.org\/pt-pt\/ifma-pt-pt\/carisma-salesiano-pt\/assembleia-geral-da-comunidade-educativa-inspetorial\/#primaryimage"},"thumbnailUrl":"https:\/\/www.cgfmanet.org\/wp-content\/uploads\/2019\/11\/assemblea-comunicante.jpg","keywords":["Filipinas","FIL"],"articleSection":["Carisma Salesiano","IFMA"],"inLanguage":"pt-PT","potentialAction":[{"@type":"CommentAction","name":"Comment","target":["https:\/\/www.cgfmanet.org\/pt-pt\/ifma-pt-pt\/carisma-salesiano-pt\/assembleia-geral-da-comunidade-educativa-inspetorial\/#respond"]}]},{"@type":"WebPage","@id":"https:\/\/www.cgfmanet.org\/pt-pt\/ifma-pt-pt\/carisma-salesiano-pt\/assembleia-geral-da-comunidade-educativa-inspetorial\/","url":"https:\/\/www.cgfmanet.org\/pt-pt\/ifma-pt-pt\/carisma-salesiano-pt\/assembleia-geral-da-comunidade-educativa-inspetorial\/","name":"Assembleia Geral da Comunidade Educativa Inspetorial &#8226; Istituto Figlie di Maria Ausiliatrice","isPartOf":{"@id":"https:\/\/www.cgfmanet.org\/es\/#website"},"primaryImageOfPage":{"@id":"https:\/\/www.cgfmanet.org\/pt-pt\/ifma-pt-pt\/carisma-salesiano-pt\/assembleia-geral-da-comunidade-educativa-inspetorial\/#primaryimage"},"image":{"@id":"https:\/\/www.cgfmanet.org\/pt-pt\/ifma-pt-pt\/carisma-salesiano-pt\/assembleia-geral-da-comunidade-educativa-inspetorial\/#primaryimage"},"thumbnailUrl":"https:\/\/www.cgfmanet.org\/wp-content\/uploads\/2019\/11\/assemblea-comunicante.jpg","datePublished":"2018-08-20T14:32:00+00:00","dateModified":"2019-11-18T15:36:14+00:00","breadcrumb":{"@id":"https:\/\/www.cgfmanet.org\/pt-pt\/ifma-pt-pt\/carisma-salesiano-pt\/assembleia-geral-da-comunidade-educativa-inspetorial\/#breadcrumb"},"inLanguage":"pt-PT","potentialAction":[{"@type":"ReadAction","target":["https:\/\/www.cgfmanet.org\/pt-pt\/ifma-pt-pt\/carisma-salesiano-pt\/assembleia-geral-da-comunidade-educativa-inspetorial\/"]}]},{"@type":"ImageObject","inLanguage":"pt-PT","@id":"https:\/\/www.cgfmanet.org\/pt-pt\/ifma-pt-pt\/carisma-salesiano-pt\/assembleia-geral-da-comunidade-educativa-inspetorial\/#primaryimage","url":"https:\/\/www.cgfmanet.org\/wp-content\/uploads\/2019\/11\/assemblea-comunicante.jpg","contentUrl":"https:\/\/www.cgfmanet.org\/wp-content\/uploads\/2019\/11\/assemblea-comunicante.jpg","width":700,"height":423},{"@type":"BreadcrumbList","@id":"https:\/\/www.cgfmanet.org\/pt-pt\/ifma-pt-pt\/carisma-salesiano-pt\/assembleia-geral-da-comunidade-educativa-inspetorial\/#breadcrumb","itemListElement":[{"@type":"ListItem","position":1,"name":"Home","item":"https:\/\/www.cgfmanet.org\/pt-pt\/"},{"@type":"ListItem","position":2,"name":"Assembleia Geral da Comunidade Educativa Inspetorial"}]},{"@type":"WebSite","@id":"https:\/\/www.cgfmanet.org\/es\/#website","url":"https:\/\/www.cgfmanet.org\/es\/","name":"Istituto Figlie di Maria Ausiliatrice","description":"Salesiane di Don Bosco","publisher":{"@id":"https:\/\/www.cgfmanet.org\/es\/#organization"},"potentialAction":[{"@type":"SearchAction","target":{"@type":"EntryPoint","urlTemplate":"https:\/\/www.cgfmanet.org\/es\/?s={search_term_string}"},"query-input":{"@type":"PropertyValueSpecification","valueRequired":true,"valueName":"search_term_string"}}],"inLanguage":"pt-PT"},{"@type":"Organization","@id":"https:\/\/www.cgfmanet.org\/es\/#organization","name":"Istituto Figlie di Maria Ausiliatrice","url":"https:\/\/www.cgfmanet.org\/es\/","logo":{"@type":"ImageObject","inLanguage":"pt-PT","@id":"https:\/\/www.cgfmanet.org\/es\/#\/schema\/logo\/image\/","url":"https:\/\/www.cgfmanet.org\/wp-content\/uploads\/2018\/10\/logo-fma.png","contentUrl":"https:\/\/www.cgfmanet.org\/wp-content\/uploads\/2018\/10\/logo-fma.png","width":214,"height":55,"caption":"Istituto Figlie di Maria Ausiliatrice"},"image":{"@id":"https:\/\/www.cgfmanet.org\/es\/#\/schema\/logo\/image\/"},"sameAs":["https:\/\/www.facebook.com\/salesian.sisters.of.don.bosco\/","https:\/\/x.com\/Cgfmanet_Org","https:\/\/www.youtube.com\/channel\/UCmcr8yFQBV7JXeXVxyV9y5Q"]},{"@type":"Person","@id":"https:\/\/www.cgfmanet.org\/es\/#\/schema\/person\/a0ee6558fb72feabd20b995682c980af","name":"kedos"}]}},"_links":{"self":[{"href":"https:\/\/www.cgfmanet.org\/pt-pt\/wp-json\/wp\/v2\/posts\/9957","targetHints":{"allow":["GET"]}}],"collection":[{"href":"https:\/\/www.cgfmanet.org\/pt-pt\/wp-json\/wp\/v2\/posts"}],"about":[{"href":"https:\/\/www.cgfmanet.org\/pt-pt\/wp-json\/wp\/v2\/types\/post"}],"author":[{"embeddable":true,"href":"https:\/\/www.cgfmanet.org\/pt-pt\/wp-json\/wp\/v2\/users\/45"}],"replies":[{"embeddable":true,"href":"https:\/\/www.cgfmanet.org\/pt-pt\/wp-json\/wp\/v2\/comments?post=9957"}],"version-history":[{"count":0,"href":"https:\/\/www.cgfmanet.org\/pt-pt\/wp-json\/wp\/v2\/posts\/9957\/revisions"}],"wp:featuredmedia":[{"embeddable":true,"href":"https:\/\/www.cgfmanet.org\/pt-pt\/wp-json\/wp\/v2\/media\/9947"}],"wp:attachment":[{"href":"https:\/\/www.cgfmanet.org\/pt-pt\/wp-json\/wp\/v2\/media?parent=9957"}],"wp:term":[{"taxonomy":"category","embeddable":true,"href":"https:\/\/www.cgfmanet.org\/pt-pt\/wp-json\/wp\/v2\/categories?post=9957"},{"taxonomy":"post_tag","embeddable":true,"href":"https:\/\/www.cgfmanet.org\/pt-pt\/wp-json\/wp\/v2\/tags?post=9957"}],"curies":[{"name":"wp","href":"https:\/\/api.w.org\/{rel}","templated":true}]}}