{"id":95328,"date":"2023-09-03T21:56:51","date_gmt":"2023-09-03T19:56:51","guid":{"rendered":"https:\/\/www.cgfmanet.org\/infosfera-pt-pt\/50-di-presenza-delle-fma-a-dun-ide-limerick-irl\/"},"modified":"2023-09-09T22:20:46","modified_gmt":"2023-09-09T20:20:46","slug":"50o-aniversario-de-presenca-das-fma-em-dun-ide-limerick-irl","status":"publish","type":"post","link":"https:\/\/www.cgfmanet.org\/pt-pt\/ifma-pt-pt\/50o-aniversario-de-presenca-das-fma-em-dun-ide-limerick-irl\/","title":{"rendered":"50\u00ba anivers\u00e1rio de presen\u00e7a das FMA em D\u00fan \u00cdde, Limerick &#8211; IRL"},"content":{"rendered":"<p><strong>Limerick (Irlanda).<\/strong> No dia 30 de agosto de 2023, as Filhas de Maria Auxiliadora da Inspetoria <em>Nossa Senhora Rainha da Irlanda<\/em> (IRL) celebraram o 50\u00ba anivers\u00e1rio de presen\u00e7a em D\u00fan \u00cdde, Limerick.<\/p>\n<p>Pela ocasi\u00e3o, as Irm\u00e3s que fizeram parte desta presen\u00e7a foram convidadas para a Santa Missa de a\u00e7\u00e3o de gra\u00e7as e de grata mem\u00f3ria, especialmente por Irm\u00e3 Bridget Dowling, que foi a primeira diretora e a \u00fanica ainda viva da primeira Comunidade de 11 FMA. As Irm\u00e3s que n\u00e3o puderam estar presentes tamb\u00e9m foram lembradas para que pudessem sentir o sustento na ora\u00e7\u00e3o.<\/p>\n<p>A cita\u00e7\u00e3o do poeta irland\u00eas John O&#8217;Donohue, relatada no livrinho da Celebra\u00e7\u00e3o, resume a sinergia entre as Irm\u00e3s e a casa:<\/p>\n<p style=\"text-align: center;\"><em>Agradecemos pelos dons que trouxeste<\/em><br \/>\n<em>e por como eles est\u00e3o impressos dentro<\/em><br \/>\n<em>onde nem o tempo nem a mar\u00e9 podem toc\u00e1-los.<\/em><\/p>\n<p>O Pe. John Horan, Salesiano de Dom Bosco, concelebrou a Eucaristia com o Pe. Sean Slattery, amigo e pr\u00f3ximo da Comunidade desde 1972. Estava presente tamb\u00e9m Ir. Bridget O&#8217;Connell, Inspetora IRL, que nesta Comunidade passou 21 anos da sua vida religiosa.<\/p>\n<p style=\"text-align: left;\"><strong><a href=\"https:\/\/www.cgfmanet.org\/wp-content\/uploads\/2023\/09\/50\u00b0-Limerick-IRL_2.jpg\"><img decoding=\"async\" class=\"wp-image-95315 alignleft lazyload\" data-src=\"https:\/\/www.cgfmanet.org\/wp-content\/uploads\/2023\/09\/50\u00b0-Limerick-IRL_2.jpg\" alt=\"\" width=\"311\" height=\"430\" data-srcset=\"https:\/\/www.cgfmanet.org\/wp-content\/uploads\/2023\/09\/50\u00b0-Limerick-IRL_2.jpg 886w, https:\/\/www.cgfmanet.org\/wp-content\/uploads\/2023\/09\/50\u00b0-Limerick-IRL_2-768x1061.jpg 768w, https:\/\/www.cgfmanet.org\/wp-content\/uploads\/2023\/09\/50\u00b0-Limerick-IRL_2-696x962.jpg 696w, https:\/\/www.cgfmanet.org\/wp-content\/uploads\/2023\/09\/50\u00b0-Limerick-IRL_2-304x420.jpg 304w\" data-sizes=\"auto\" src=\"data:image\/svg+xml;base64,PHN2ZyB3aWR0aD0iMSIgaGVpZ2h0PSIxIiB4bWxucz0iaHR0cDovL3d3dy53My5vcmcvMjAwMC9zdmciPjwvc3ZnPg==\" style=\"--smush-placeholder-width: 311px; --smush-placeholder-aspect-ratio: 311\/430;\" data-original-sizes=\"(max-width: 311px) 100vw, 311px\" \/><\/a><\/strong><\/p>\n<p><strong>As velas da Gratid\u00e3o, da Paix\u00e3o e da Esperan\u00e7a<\/strong> foram acesas durante a cerim\u00f4nia de acendimento das velas, inspiradas nas palavras do Papa Francisco: <em>\u201cOlha o passado com gratid\u00e3o, vive o presente com paix\u00e3o, abra\u00e7a o futuro com esperan\u00e7a\u201d.<\/em><\/p>\n<p>Foram recordadas tamb\u00e9m as palavras da Fundadora, Santa Maria Domingas Mazzarello: <em>&#8220;lembrai-vos de tornar frequentes as ora\u00e7\u00f5es por nossas Irm\u00e3s falecidas e n\u00e3o esque\u00e7ais nunca das necessidades da nossa querida Congrega\u00e7\u00e3o&#8221;<\/em> (C 42). Uma vela da mem\u00f3ria foi acesa enquanto eram lidos os nomes das 19 Irm\u00e3s falecidas da Casa.<\/p>\n<p>Na homilia, o Pe. John Horan disse que as palavras escritas por Santa Madre Teodora Guerin, fundadora das Irm\u00e3s da Provid\u00eancia, por ocasi\u00e3o da abertura de uma nova Casa M\u00e3e em 1853, teriam sido adequadas para a Inspetora das FMA, Irm\u00e3 Margaret Lynch, quando as FMA chegaram a D\u00fan Ide: <em>\u201cConcede, \u00f3 meu Deus, que todas aquelas que moram nesta casa te amem muito, amem-se umas \u00e0s outras e nunca se esque\u00e7am por qu\u00ea vieram aqui\u201d.<\/em> Sugeriu ent\u00e3o a invers\u00e3o da frase por ocasi\u00e3o do 50\u00ba anivers\u00e1rio: <em>\u201cAgradecemos-te, \u00f3 Deus, porque todas aquelas que viveram nesta casa te amaram muito, amaram-se umas \u00e0s outras e nunca esqueceram o motivo pelo qual vieram aqui&#8221;.<\/em><\/p>\n<p>E continuou: <em>\u201cNa verdade, hoje celebramos todas v\u00f3s, que deram a alma nesta Casa. Trouxeram amor, calor, vitalidade, criatividade e grande empenho nos minist\u00e9rios deste lugar. Trouxestes estas qualidades com uma tonalidade particular, seguindo as pegadas de Santa Maria Mazzarello e Dom Bosco, e sob a prote\u00e7\u00e3o de Nossa Senhora\u201d.<\/em><\/p>\n<p>Depois da Santa Missa, os presentes viveram juntos um momento de fraternidade, com o ch\u00e1 da tarde animado por recorda\u00e7\u00f5es, partilhado com grande trepida\u00e7\u00e3o e com um sorteio surpresa, no esp\u00edrito salesiano de Fam\u00edlia. As FMA tamb\u00e9m puderam consultar um livrinho sobre as origens da casa, recolhido das Cr\u00f4nicas por Irm\u00e3 Sarah O&#8217;Rourke, Diretora da Comunidade.<\/p>\n<p>Este encontro celebrativo foi um belo momento de festa salesiana com a marca da simplicidade e da alegria que faz exclamar: \u201c\u00e9 bom estarmos aqui\u201d. Enquanto continua o caminho de discernimento, a Inspetoria \u00e9 acompanhada pela ora\u00e7\u00e3o para que as FMA possam continuar a <em>\u201camar muito a Deus, amar-se umas \u00e0s outras e nunca esquecer por que vieram aqui&#8221;.<\/em><\/p>\n","protected":false},"excerpt":{"rendered":"<p>Limerick (Irlanda). No dia 30 de agosto de 2023, as Filhas de Maria Auxiliadora da Inspetoria Nossa Senhora Rainha da Irlanda (IRL) celebraram o 50\u00ba anivers\u00e1rio de presen\u00e7a em D\u00fan [&hellip;]<\/p>\n","protected":false},"author":21,"featured_media":95323,"comment_status":"open","ping_status":"closed","sticky":false,"template":"","format":"standard","meta":{"footnotes":""},"categories":[159,187],"tags":[1226,1666,1930,2282],"class_list":["post-95328","post","type-post","status-publish","format-standard","has-post-thumbnail","category-ifma-pt-pt","category-presenca-obras","tag-irl-pt-pt","tag-carisma-salesiano-pt-pt","tag-focus-pt-pt","tag-ifma-pt-pt"],"yoast_head":"<!-- This site is optimized with the Yoast SEO plugin v27.4 - https:\/\/yoast.com\/product\/yoast-seo-wordpress\/ -->\n<title>50\u00ba anivers\u00e1rio de presen\u00e7a das FMA em D\u00fan \u00cdde, Limerick - IRL &#8226; Istituto Figlie di Maria Ausiliatrice<\/title>\n<meta name=\"description\" content=\"No dia 30 de agosto de 2023, as FMA da Inspetoria \u201cN. S. Rainha da Irlanda\u201d(IRL), celebraram o 50\u00ba anivers\u00e1rio de presen\u00e7a em D\u00fan \u00edde, Limerick.\" \/>\n<meta name=\"robots\" content=\"index, follow, max-snippet:-1, max-image-preview:large, max-video-preview:-1\" \/>\n<link rel=\"canonical\" href=\"https:\/\/www.cgfmanet.org\/pt-pt\/ifma-pt-pt\/50o-aniversario-de-presenca-das-fma-em-dun-ide-limerick-irl\/\" \/>\n<meta property=\"og:locale\" content=\"pt_PT\" \/>\n<meta property=\"og:type\" content=\"article\" \/>\n<meta property=\"og:title\" content=\"50\u00ba anivers\u00e1rio de presen\u00e7a das FMA em D\u00fan \u00cdde, Limerick - IRL &#8226; Istituto Figlie di Maria Ausiliatrice\" \/>\n<meta property=\"og:description\" content=\"No dia 30 de agosto de 2023, as FMA da Inspetoria \u201cN. S. Rainha da Irlanda\u201d(IRL), celebraram o 50\u00ba anivers\u00e1rio de presen\u00e7a em D\u00fan \u00edde, Limerick.\" \/>\n<meta property=\"og:url\" content=\"https:\/\/www.cgfmanet.org\/pt-pt\/ifma-pt-pt\/50o-aniversario-de-presenca-das-fma-em-dun-ide-limerick-irl\/\" \/>\n<meta property=\"og:site_name\" content=\"Istituto Figlie di Maria Ausiliatrice\" \/>\n<meta property=\"article:publisher\" content=\"https:\/\/www.facebook.com\/salesian.sisters.of.don.bosco\/\" \/>\n<meta property=\"article:published_time\" content=\"2023-09-03T19:56:51+00:00\" \/>\n<meta property=\"article:modified_time\" content=\"2023-09-09T20:20:46+00:00\" \/>\n<meta property=\"og:image\" content=\"https:\/\/www.cgfmanet.org\/wp-content\/uploads\/2023\/09\/50\u00b0-Limerick-IRL.jpg\" \/>\n\t<meta property=\"og:image:width\" content=\"1181\" \/>\n\t<meta property=\"og:image:height\" content=\"787\" \/>\n\t<meta property=\"og:image:type\" content=\"image\/jpeg\" \/>\n<meta name=\"author\" content=\"Redazione\" \/>\n<meta name=\"twitter:card\" content=\"summary_large_image\" \/>\n<meta name=\"twitter:creator\" content=\"@Cgfmanet_Org\" \/>\n<meta name=\"twitter:site\" content=\"@Cgfmanet_Org\" \/>\n<meta name=\"twitter:label1\" content=\"Escrito por\" \/>\n\t<meta name=\"twitter:data1\" content=\"Redazione\" \/>\n\t<meta name=\"twitter:label2\" content=\"Tempo estimado de leitura\" \/>\n\t<meta name=\"twitter:data2\" content=\"4 minutos\" \/>\n<script type=\"application\/ld+json\" class=\"yoast-schema-graph\">{\"@context\":\"https:\\\/\\\/schema.org\",\"@graph\":[{\"@type\":\"Article\",\"@id\":\"https:\\\/\\\/www.cgfmanet.org\\\/pt-pt\\\/ifma-pt-pt\\\/50o-aniversario-de-presenca-das-fma-em-dun-ide-limerick-irl\\\/#article\",\"isPartOf\":{\"@id\":\"https:\\\/\\\/www.cgfmanet.org\\\/pt-pt\\\/ifma-pt-pt\\\/50o-aniversario-de-presenca-das-fma-em-dun-ide-limerick-irl\\\/\"},\"author\":{\"name\":\"Redazione\",\"@id\":\"https:\\\/\\\/www.cgfmanet.org\\\/es\\\/#\\\/schema\\\/person\\\/ce6473083f53ef0ef882cca23f0c8fb9\"},\"headline\":\"50\u00ba anivers\u00e1rio de presen\u00e7a das FMA em D\u00fan \u00cdde, Limerick &#8211; IRL\",\"datePublished\":\"2023-09-03T19:56:51+00:00\",\"dateModified\":\"2023-09-09T20:20:46+00:00\",\"mainEntityOfPage\":{\"@id\":\"https:\\\/\\\/www.cgfmanet.org\\\/pt-pt\\\/ifma-pt-pt\\\/50o-aniversario-de-presenca-das-fma-em-dun-ide-limerick-irl\\\/\"},\"wordCount\":604,\"commentCount\":0,\"publisher\":{\"@id\":\"https:\\\/\\\/www.cgfmanet.org\\\/es\\\/#organization\"},\"image\":{\"@id\":\"https:\\\/\\\/www.cgfmanet.org\\\/pt-pt\\\/ifma-pt-pt\\\/50o-aniversario-de-presenca-das-fma-em-dun-ide-limerick-irl\\\/#primaryimage\"},\"thumbnailUrl\":\"https:\\\/\\\/www.cgfmanet.org\\\/wp-content\\\/uploads\\\/2023\\\/09\\\/50\u00b0-Limerick-IRL.jpg\",\"keywords\":[\"IRL\",\"Carisma salesiano\",\"Focus\",\"IFMA\"],\"articleSection\":[\"IFMA\",\"Presen\u00e7a e Obras\"],\"inLanguage\":\"pt-PT\",\"potentialAction\":[{\"@type\":\"CommentAction\",\"name\":\"Comment\",\"target\":[\"https:\\\/\\\/www.cgfmanet.org\\\/pt-pt\\\/ifma-pt-pt\\\/50o-aniversario-de-presenca-das-fma-em-dun-ide-limerick-irl\\\/#respond\"]}]},{\"@type\":\"WebPage\",\"@id\":\"https:\\\/\\\/www.cgfmanet.org\\\/pt-pt\\\/ifma-pt-pt\\\/50o-aniversario-de-presenca-das-fma-em-dun-ide-limerick-irl\\\/\",\"url\":\"https:\\\/\\\/www.cgfmanet.org\\\/pt-pt\\\/ifma-pt-pt\\\/50o-aniversario-de-presenca-das-fma-em-dun-ide-limerick-irl\\\/\",\"name\":\"50\u00ba anivers\u00e1rio de presen\u00e7a das FMA em D\u00fan \u00cdde, Limerick - IRL &#8226; Istituto Figlie di Maria Ausiliatrice\",\"isPartOf\":{\"@id\":\"https:\\\/\\\/www.cgfmanet.org\\\/es\\\/#website\"},\"primaryImageOfPage\":{\"@id\":\"https:\\\/\\\/www.cgfmanet.org\\\/pt-pt\\\/ifma-pt-pt\\\/50o-aniversario-de-presenca-das-fma-em-dun-ide-limerick-irl\\\/#primaryimage\"},\"image\":{\"@id\":\"https:\\\/\\\/www.cgfmanet.org\\\/pt-pt\\\/ifma-pt-pt\\\/50o-aniversario-de-presenca-das-fma-em-dun-ide-limerick-irl\\\/#primaryimage\"},\"thumbnailUrl\":\"https:\\\/\\\/www.cgfmanet.org\\\/wp-content\\\/uploads\\\/2023\\\/09\\\/50\u00b0-Limerick-IRL.jpg\",\"datePublished\":\"2023-09-03T19:56:51+00:00\",\"dateModified\":\"2023-09-09T20:20:46+00:00\",\"description\":\"No dia 30 de agosto de 2023, as FMA da Inspetoria \u201cN. S. Rainha da Irlanda\u201d(IRL), celebraram o 50\u00ba anivers\u00e1rio de presen\u00e7a em D\u00fan \u00edde, Limerick.\",\"breadcrumb\":{\"@id\":\"https:\\\/\\\/www.cgfmanet.org\\\/pt-pt\\\/ifma-pt-pt\\\/50o-aniversario-de-presenca-das-fma-em-dun-ide-limerick-irl\\\/#breadcrumb\"},\"inLanguage\":\"pt-PT\",\"potentialAction\":[{\"@type\":\"ReadAction\",\"target\":[\"https:\\\/\\\/www.cgfmanet.org\\\/pt-pt\\\/ifma-pt-pt\\\/50o-aniversario-de-presenca-das-fma-em-dun-ide-limerick-irl\\\/\"]}]},{\"@type\":\"ImageObject\",\"inLanguage\":\"pt-PT\",\"@id\":\"https:\\\/\\\/www.cgfmanet.org\\\/pt-pt\\\/ifma-pt-pt\\\/50o-aniversario-de-presenca-das-fma-em-dun-ide-limerick-irl\\\/#primaryimage\",\"url\":\"https:\\\/\\\/www.cgfmanet.org\\\/wp-content\\\/uploads\\\/2023\\\/09\\\/50\u00b0-Limerick-IRL.jpg\",\"contentUrl\":\"https:\\\/\\\/www.cgfmanet.org\\\/wp-content\\\/uploads\\\/2023\\\/09\\\/50\u00b0-Limerick-IRL.jpg\",\"width\":1181,\"height\":787},{\"@type\":\"BreadcrumbList\",\"@id\":\"https:\\\/\\\/www.cgfmanet.org\\\/pt-pt\\\/ifma-pt-pt\\\/50o-aniversario-de-presenca-das-fma-em-dun-ide-limerick-irl\\\/#breadcrumb\",\"itemListElement\":[{\"@type\":\"ListItem\",\"position\":1,\"name\":\"Home\",\"item\":\"https:\\\/\\\/www.cgfmanet.org\\\/pt-pt\\\/\"},{\"@type\":\"ListItem\",\"position\":2,\"name\":\"50\u00ba anivers\u00e1rio de presen\u00e7a das FMA em D\u00fan \u00cdde, Limerick &#8211; IRL\"}]},{\"@type\":\"WebSite\",\"@id\":\"https:\\\/\\\/www.cgfmanet.org\\\/es\\\/#website\",\"url\":\"https:\\\/\\\/www.cgfmanet.org\\\/es\\\/\",\"name\":\"Istituto Figlie di Maria Ausiliatrice\",\"description\":\"Salesiane di Don Bosco\",\"publisher\":{\"@id\":\"https:\\\/\\\/www.cgfmanet.org\\\/es\\\/#organization\"},\"potentialAction\":[{\"@type\":\"SearchAction\",\"target\":{\"@type\":\"EntryPoint\",\"urlTemplate\":\"https:\\\/\\\/www.cgfmanet.org\\\/es\\\/?s={search_term_string}\"},\"query-input\":{\"@type\":\"PropertyValueSpecification\",\"valueRequired\":true,\"valueName\":\"search_term_string\"}}],\"inLanguage\":\"pt-PT\"},{\"@type\":\"Organization\",\"@id\":\"https:\\\/\\\/www.cgfmanet.org\\\/es\\\/#organization\",\"name\":\"Istituto Figlie di Maria Ausiliatrice\",\"url\":\"https:\\\/\\\/www.cgfmanet.org\\\/es\\\/\",\"logo\":{\"@type\":\"ImageObject\",\"inLanguage\":\"pt-PT\",\"@id\":\"https:\\\/\\\/www.cgfmanet.org\\\/es\\\/#\\\/schema\\\/logo\\\/image\\\/\",\"url\":\"https:\\\/\\\/www.cgfmanet.org\\\/wp-content\\\/uploads\\\/2018\\\/10\\\/logo-fma.png\",\"contentUrl\":\"https:\\\/\\\/www.cgfmanet.org\\\/wp-content\\\/uploads\\\/2018\\\/10\\\/logo-fma.png\",\"width\":214,\"height\":55,\"caption\":\"Istituto Figlie di Maria Ausiliatrice\"},\"image\":{\"@id\":\"https:\\\/\\\/www.cgfmanet.org\\\/es\\\/#\\\/schema\\\/logo\\\/image\\\/\"},\"sameAs\":[\"https:\\\/\\\/www.facebook.com\\\/salesian.sisters.of.don.bosco\\\/\",\"https:\\\/\\\/x.com\\\/Cgfmanet_Org\",\"https:\\\/\\\/www.youtube.com\\\/channel\\\/UCmcr8yFQBV7JXeXVxyV9y5Q\"]},{\"@type\":\"Person\",\"@id\":\"https:\\\/\\\/www.cgfmanet.org\\\/es\\\/#\\\/schema\\\/person\\\/ce6473083f53ef0ef882cca23f0c8fb9\",\"name\":\"Redazione\"}]}<\/script>\n<!-- \/ Yoast SEO plugin. -->","yoast_head_json":{"title":"50\u00ba anivers\u00e1rio de presen\u00e7a das FMA em D\u00fan \u00cdde, Limerick - IRL &#8226; Istituto Figlie di Maria Ausiliatrice","description":"No dia 30 de agosto de 2023, as FMA da Inspetoria \u201cN. S. Rainha da Irlanda\u201d(IRL), celebraram o 50\u00ba anivers\u00e1rio de presen\u00e7a em D\u00fan \u00edde, Limerick.","robots":{"index":"index","follow":"follow","max-snippet":"max-snippet:-1","max-image-preview":"max-image-preview:large","max-video-preview":"max-video-preview:-1"},"canonical":"https:\/\/www.cgfmanet.org\/pt-pt\/ifma-pt-pt\/50o-aniversario-de-presenca-das-fma-em-dun-ide-limerick-irl\/","og_locale":"pt_PT","og_type":"article","og_title":"50\u00ba anivers\u00e1rio de presen\u00e7a das FMA em D\u00fan \u00cdde, Limerick - IRL &#8226; Istituto Figlie di Maria Ausiliatrice","og_description":"No dia 30 de agosto de 2023, as FMA da Inspetoria \u201cN. S. Rainha da Irlanda\u201d(IRL), celebraram o 50\u00ba anivers\u00e1rio de presen\u00e7a em D\u00fan \u00edde, Limerick.","og_url":"https:\/\/www.cgfmanet.org\/pt-pt\/ifma-pt-pt\/50o-aniversario-de-presenca-das-fma-em-dun-ide-limerick-irl\/","og_site_name":"Istituto Figlie di Maria Ausiliatrice","article_publisher":"https:\/\/www.facebook.com\/salesian.sisters.of.don.bosco\/","article_published_time":"2023-09-03T19:56:51+00:00","article_modified_time":"2023-09-09T20:20:46+00:00","og_image":[{"width":1181,"height":787,"url":"https:\/\/www.cgfmanet.org\/wp-content\/uploads\/2023\/09\/50\u00b0-Limerick-IRL.jpg","type":"image\/jpeg"}],"author":"Redazione","twitter_card":"summary_large_image","twitter_creator":"@Cgfmanet_Org","twitter_site":"@Cgfmanet_Org","twitter_misc":{"Escrito por":"Redazione","Tempo estimado de leitura":"4 minutos"},"schema":{"@context":"https:\/\/schema.org","@graph":[{"@type":"Article","@id":"https:\/\/www.cgfmanet.org\/pt-pt\/ifma-pt-pt\/50o-aniversario-de-presenca-das-fma-em-dun-ide-limerick-irl\/#article","isPartOf":{"@id":"https:\/\/www.cgfmanet.org\/pt-pt\/ifma-pt-pt\/50o-aniversario-de-presenca-das-fma-em-dun-ide-limerick-irl\/"},"author":{"name":"Redazione","@id":"https:\/\/www.cgfmanet.org\/es\/#\/schema\/person\/ce6473083f53ef0ef882cca23f0c8fb9"},"headline":"50\u00ba anivers\u00e1rio de presen\u00e7a das FMA em D\u00fan \u00cdde, Limerick &#8211; IRL","datePublished":"2023-09-03T19:56:51+00:00","dateModified":"2023-09-09T20:20:46+00:00","mainEntityOfPage":{"@id":"https:\/\/www.cgfmanet.org\/pt-pt\/ifma-pt-pt\/50o-aniversario-de-presenca-das-fma-em-dun-ide-limerick-irl\/"},"wordCount":604,"commentCount":0,"publisher":{"@id":"https:\/\/www.cgfmanet.org\/es\/#organization"},"image":{"@id":"https:\/\/www.cgfmanet.org\/pt-pt\/ifma-pt-pt\/50o-aniversario-de-presenca-das-fma-em-dun-ide-limerick-irl\/#primaryimage"},"thumbnailUrl":"https:\/\/www.cgfmanet.org\/wp-content\/uploads\/2023\/09\/50\u00b0-Limerick-IRL.jpg","keywords":["IRL","Carisma salesiano","Focus","IFMA"],"articleSection":["IFMA","Presen\u00e7a e Obras"],"inLanguage":"pt-PT","potentialAction":[{"@type":"CommentAction","name":"Comment","target":["https:\/\/www.cgfmanet.org\/pt-pt\/ifma-pt-pt\/50o-aniversario-de-presenca-das-fma-em-dun-ide-limerick-irl\/#respond"]}]},{"@type":"WebPage","@id":"https:\/\/www.cgfmanet.org\/pt-pt\/ifma-pt-pt\/50o-aniversario-de-presenca-das-fma-em-dun-ide-limerick-irl\/","url":"https:\/\/www.cgfmanet.org\/pt-pt\/ifma-pt-pt\/50o-aniversario-de-presenca-das-fma-em-dun-ide-limerick-irl\/","name":"50\u00ba anivers\u00e1rio de presen\u00e7a das FMA em D\u00fan \u00cdde, Limerick - IRL &#8226; Istituto Figlie di Maria Ausiliatrice","isPartOf":{"@id":"https:\/\/www.cgfmanet.org\/es\/#website"},"primaryImageOfPage":{"@id":"https:\/\/www.cgfmanet.org\/pt-pt\/ifma-pt-pt\/50o-aniversario-de-presenca-das-fma-em-dun-ide-limerick-irl\/#primaryimage"},"image":{"@id":"https:\/\/www.cgfmanet.org\/pt-pt\/ifma-pt-pt\/50o-aniversario-de-presenca-das-fma-em-dun-ide-limerick-irl\/#primaryimage"},"thumbnailUrl":"https:\/\/www.cgfmanet.org\/wp-content\/uploads\/2023\/09\/50\u00b0-Limerick-IRL.jpg","datePublished":"2023-09-03T19:56:51+00:00","dateModified":"2023-09-09T20:20:46+00:00","description":"No dia 30 de agosto de 2023, as FMA da Inspetoria \u201cN. S. Rainha da Irlanda\u201d(IRL), celebraram o 50\u00ba anivers\u00e1rio de presen\u00e7a em D\u00fan \u00edde, Limerick.","breadcrumb":{"@id":"https:\/\/www.cgfmanet.org\/pt-pt\/ifma-pt-pt\/50o-aniversario-de-presenca-das-fma-em-dun-ide-limerick-irl\/#breadcrumb"},"inLanguage":"pt-PT","potentialAction":[{"@type":"ReadAction","target":["https:\/\/www.cgfmanet.org\/pt-pt\/ifma-pt-pt\/50o-aniversario-de-presenca-das-fma-em-dun-ide-limerick-irl\/"]}]},{"@type":"ImageObject","inLanguage":"pt-PT","@id":"https:\/\/www.cgfmanet.org\/pt-pt\/ifma-pt-pt\/50o-aniversario-de-presenca-das-fma-em-dun-ide-limerick-irl\/#primaryimage","url":"https:\/\/www.cgfmanet.org\/wp-content\/uploads\/2023\/09\/50\u00b0-Limerick-IRL.jpg","contentUrl":"https:\/\/www.cgfmanet.org\/wp-content\/uploads\/2023\/09\/50\u00b0-Limerick-IRL.jpg","width":1181,"height":787},{"@type":"BreadcrumbList","@id":"https:\/\/www.cgfmanet.org\/pt-pt\/ifma-pt-pt\/50o-aniversario-de-presenca-das-fma-em-dun-ide-limerick-irl\/#breadcrumb","itemListElement":[{"@type":"ListItem","position":1,"name":"Home","item":"https:\/\/www.cgfmanet.org\/pt-pt\/"},{"@type":"ListItem","position":2,"name":"50\u00ba anivers\u00e1rio de presen\u00e7a das FMA em D\u00fan \u00cdde, Limerick &#8211; IRL"}]},{"@type":"WebSite","@id":"https:\/\/www.cgfmanet.org\/es\/#website","url":"https:\/\/www.cgfmanet.org\/es\/","name":"Istituto Figlie di Maria Ausiliatrice","description":"Salesiane di Don Bosco","publisher":{"@id":"https:\/\/www.cgfmanet.org\/es\/#organization"},"potentialAction":[{"@type":"SearchAction","target":{"@type":"EntryPoint","urlTemplate":"https:\/\/www.cgfmanet.org\/es\/?s={search_term_string}"},"query-input":{"@type":"PropertyValueSpecification","valueRequired":true,"valueName":"search_term_string"}}],"inLanguage":"pt-PT"},{"@type":"Organization","@id":"https:\/\/www.cgfmanet.org\/es\/#organization","name":"Istituto Figlie di Maria Ausiliatrice","url":"https:\/\/www.cgfmanet.org\/es\/","logo":{"@type":"ImageObject","inLanguage":"pt-PT","@id":"https:\/\/www.cgfmanet.org\/es\/#\/schema\/logo\/image\/","url":"https:\/\/www.cgfmanet.org\/wp-content\/uploads\/2018\/10\/logo-fma.png","contentUrl":"https:\/\/www.cgfmanet.org\/wp-content\/uploads\/2018\/10\/logo-fma.png","width":214,"height":55,"caption":"Istituto Figlie di Maria Ausiliatrice"},"image":{"@id":"https:\/\/www.cgfmanet.org\/es\/#\/schema\/logo\/image\/"},"sameAs":["https:\/\/www.facebook.com\/salesian.sisters.of.don.bosco\/","https:\/\/x.com\/Cgfmanet_Org","https:\/\/www.youtube.com\/channel\/UCmcr8yFQBV7JXeXVxyV9y5Q"]},{"@type":"Person","@id":"https:\/\/www.cgfmanet.org\/es\/#\/schema\/person\/ce6473083f53ef0ef882cca23f0c8fb9","name":"Redazione"}]}},"_links":{"self":[{"href":"https:\/\/www.cgfmanet.org\/pt-pt\/wp-json\/wp\/v2\/posts\/95328","targetHints":{"allow":["GET"]}}],"collection":[{"href":"https:\/\/www.cgfmanet.org\/pt-pt\/wp-json\/wp\/v2\/posts"}],"about":[{"href":"https:\/\/www.cgfmanet.org\/pt-pt\/wp-json\/wp\/v2\/types\/post"}],"author":[{"embeddable":true,"href":"https:\/\/www.cgfmanet.org\/pt-pt\/wp-json\/wp\/v2\/users\/21"}],"replies":[{"embeddable":true,"href":"https:\/\/www.cgfmanet.org\/pt-pt\/wp-json\/wp\/v2\/comments?post=95328"}],"version-history":[{"count":0,"href":"https:\/\/www.cgfmanet.org\/pt-pt\/wp-json\/wp\/v2\/posts\/95328\/revisions"}],"wp:featuredmedia":[{"embeddable":true,"href":"https:\/\/www.cgfmanet.org\/pt-pt\/wp-json\/wp\/v2\/media\/95323"}],"wp:attachment":[{"href":"https:\/\/www.cgfmanet.org\/pt-pt\/wp-json\/wp\/v2\/media?parent=95328"}],"wp:term":[{"taxonomy":"category","embeddable":true,"href":"https:\/\/www.cgfmanet.org\/pt-pt\/wp-json\/wp\/v2\/categories?post=95328"},{"taxonomy":"post_tag","embeddable":true,"href":"https:\/\/www.cgfmanet.org\/pt-pt\/wp-json\/wp\/v2\/tags?post=95328"}],"curies":[{"name":"wp","href":"https:\/\/api.w.org\/{rel}","templated":true}]}}