{"id":95096,"date":"2023-09-01T08:30:33","date_gmt":"2023-09-01T06:30:33","guid":{"rendered":"https:\/\/www.cgfmanet.org\/infosfera-pt-pt\/beata-laura-vicuna-giovane-generativa-di-riconciliazione\/"},"modified":"2023-09-02T17:10:20","modified_gmt":"2023-09-02T15:10:20","slug":"beata-laura-vicunha-jovem-generativa-de-reconciliacao","status":"publish","type":"post","link":"https:\/\/www.cgfmanet.org\/pt-pt\/ifma-pt-pt\/beata-laura-vicunha-jovem-generativa-de-reconciliacao\/","title":{"rendered":"Beata Laura Vicunha: jovem \u201cgenerativa\u201d de reconcilia\u00e7\u00e3o"},"content":{"rendered":"<p><strong>Roma (It\u00e1lia).<\/strong> No dia 3 de setembro de 2023 ocorre o 35\u00ba anivers\u00e1rio de Beatifica\u00e7\u00e3o de\u00a0<span style=\"color: #0000ff;\"><strong><a style=\"color: #0000ff;\" href=\"https:\/\/drive.google.com\/drive\/folders\/1ktuLK46AzmsE20I1wql_YlWBCTGt9ehP\" target=\"_blank\" rel=\"noopener\">Laura Vicunha<\/a><\/strong><\/span> (5 de abril de 1891 &#8211; 22 de janeiro de 1904), fruto de santidade juvenil do Sistema Preventivo Salesiano. Corria o ano de 1988, ano do Centen\u00e1rio da morte de Dom Bosco, e a celebra\u00e7\u00e3o em que S\u00e3o Jo\u00e3o Paulo II beatificou a jovem aconteceu no Colle Don Bosco, Castelnuovo Dom Bosco (Asti), no final do \u201cConfronto \u201888\u201d.<\/p>\n<p><strong>Esta aluna das Filhas de Maria Auxiliadora de Jun\u00edn de los Andes, na Argentina, oferece um testemunho de como o Evangelho vivido com radicalidade pode transformar uma situa\u00e7\u00e3o de viol\u00eancia em ocasi\u00e3o de reconcilia\u00e7\u00e3o. <\/strong><\/p>\n<p>Imediatamente ap\u00f3s a Primeira Comunh\u00e3o, Laura percebe o desejo de consagrar-se a Deus com os votos e despender a sua vida na educa\u00e7\u00e3o das meninas. Contudo, havia um impedimento pelo qual n\u00e3o podia ser acolhida entre as Filhas de Maria Auxiliadora. A condi\u00e7\u00e3o da m\u00e3e, Dona Mercedes Pino, que vivia com Manuel Mora numa est\u00e2ncia, uma herdade de cria\u00e7\u00e3o de gado, provocou suspeitas infundadas sobre a ilegitimidade do nascimento de Laura. A este sofrimento somou-se o imenso descontentamento pela situa\u00e7\u00e3o da m\u00e3e.<\/p>\n<p>Ap\u00f3s o primeiro ano no Col\u00e9gio <em>Maria Auxiliadora<\/em> de Jun\u00edn, durante as f\u00e9rias de 1902, Laura regressou a Quilquihu\u00e9, na casa do Mora. Consciente da situa\u00e7\u00e3o, depositou toda a sua confian\u00e7a na medalha da Imaculada das Filhas de Maria, que usava ao pesco\u00e7o como escudo imbat\u00edvel. Dona Mercedes parecia triste, envelhecida, porque aos poucos os seus sonhos sobre Manuel Mora desvaneceram-se: aquele homem, revelando-se violento e desp\u00f3tico, n\u00e3o lhe dava a felicidade prometida.<\/p>\n<p>Manuel Mora demonstrava aten\u00e7\u00f5es &#8220;particulares&#8221; por Laura e, naquelas f\u00e9rias, tentou armar-lhe v\u00e1rias ciladas, sem sucesso, para aproveitar-se dela. Laura, extremamente sens\u00edvel, cansava-se de viver ali, longe da possibilidade de participar da Eucaristia e de receber os Sacramentos. Tinha consci\u00eancia de que a m\u00e3e vivia longe da gra\u00e7a de Deus e esperava pela sua convers\u00e3o. Al\u00e9m disso, Mercedes concentrava a sua sensibilidade materna na filha mais nova, J\u00falia Amandina, e Laura, percebendo isso, sofria em sil\u00eancio.<\/p>\n<p>Retornando ao Col\u00e9gio n\u00e3o mais como educanda, mas como interna designada \u00e0 casa das Irm\u00e3s, Laura foi encarregada de cuidar das educandas menores, aos quais ensinava a rezar e dava conselhos, com um acentuado esp\u00edrito materno, cheio de amabilidade e caridade. Em setembro realizaram-se os exerc\u00edcios espirituais sobre a morte, o inferno e o para\u00edso. J\u00e1 nesse per\u00edodo a jovem Laura, confrontando-se com o quarto mandamento, \u201cHonra teu pai e tua m\u00e3e\u201d, amadureceu a decis\u00e3o de oferecer a vida pela m\u00e3e, rezava e suportava mortifica\u00e7\u00f5es com a inten\u00e7\u00e3o de ver a m\u00e3e \u2018livre do Mora&#8217;\u201d.<\/p>\n<p><strong>De onde tirou a for\u00e7a \u00a0de oferecer a vida pela paz e a reconcilia\u00e7\u00e3o do cora\u00e7\u00e3o da m\u00e3e esta menina de 13 anos<\/strong>? Foi um coment\u00e1rio ao trecho evang\u00e9lico do Bom Pastor que d\u00e1 a vida pelas suas ovelhas a fazer germinar este desejo no seu cora\u00e7\u00e3o. Laura pediu permiss\u00e3o ao seu confessor, Pe. Augusto Crestanello, para se oferecer ao Sagrado Cora\u00e7\u00e3o de Jesus como v\u00edtima pela salva\u00e7\u00e3o de sua m\u00e3e e de n\u00e3o colocar obst\u00e1culos ao seu desejo de caridade perfeita.<\/p>\n<p>O confessor pensou nisso: Laura distinguia-se das outras meninas da sua idade, tinha feito os votos em privado, amava ternamente a m\u00e3e, queria fazer tudo para a gl\u00f3ria de Deus e o bem do pr\u00f3ximo. Era evidente que o Esp\u00edrito Santo lhe infundia um ardor superior \u00e0 sua idade. O sacerdote, portanto, ap\u00f3s repetidas insist\u00eancias, deu o consentimento. Enquanto isso, a doen\u00e7a amea\u00e7ava sua sa\u00fade.<\/p>\n<p>Laura conseguiu permanecer no Col\u00e9gio at\u00e9 os Exerc\u00edcios Espirituais de 1903, quando foi levada \u00e0 <em>est\u00e2ncia<\/em> em Quilquihu\u00e9 por Donna Mercedes, na tentativa de favorecer uma melhora. Por\u00e9m, a <em>est\u00e2ncia<\/em> trazia-lhe \u00e0 mente tristes recorda\u00e7\u00f5es e at\u00e9 a acolhida de Mora n\u00e3o foi cordial. O agravamento da doen\u00e7a de Laura fez com que Donna Mercedes decidisse transferir-se sozinha com as duas filhas a Junin, para uma casa alugada. Laura suplicava continuamente \u00e0 m\u00e3e que abandonasse aquele homem que, mesmo ali, chegou a maltrat\u00e1-la. Foi em\u00a0 ponto de morte, em 22 de janeiro de 1904, que Laura revelou \u00e0 m\u00e3e o seu segredo e a oferta da sua vida pela sua reconcilia\u00e7\u00e3o interior. Mercedes jurou-lhe que mudaria de vida.<\/p>\n<p>O testemunho de Laura \u00e9 uma hist\u00f3ria de viol\u00eancia que encontra, na disponibilidade radical desta menina ao Evangelho, uma solu\u00e7\u00e3o inesperada. <strong>\u00c9 uma par\u00e1bola evang\u00e9lica \u201cgenerativa\u201d: a vida nova, em qualquer campo, gera-se na dor.<\/strong> Mercedes, que gerou \u00e0 vida f\u00edsica a filha Laura, foi gerada \u00e0 vida da gra\u00e7a e \u00e0 paz da sua mesma filha.<\/p>\n\r\n                <style type=\"text\/css\">\r\n                    \r\n                    #tdi_1  .td-doubleSlider-2 .td-item1 {\r\n                        background: url(https:\/\/www.cgfmanet.org\/wp-content\/uploads\/2023\/09\/beatificazione-Laura-Vicuna-1-80x60.jpg) 0 0 no-repeat;\r\n                    }\r\n                    #tdi_1  .td-doubleSlider-2 .td-item2 {\r\n                        background: url(https:\/\/www.cgfmanet.org\/wp-content\/uploads\/2023\/09\/beatificazione-Laura-Vicuna-2-80x60.jpg) 0 0 no-repeat;\r\n                    }\r\n                    #tdi_1  .td-doubleSlider-2 .td-item3 {\r\n                        background: url(https:\/\/www.cgfmanet.org\/wp-content\/uploads\/2023\/09\/beatificazione-Laura-Vicuna-6-80x60.jpg) 0 0 no-repeat;\r\n                    }\r\n                    #tdi_1  .td-doubleSlider-2 .td-item4 {\r\n                        background: url(https:\/\/www.cgfmanet.org\/wp-content\/uploads\/2023\/09\/beatificazione-Laura-Vicuna-3-80x60.jpg) 0 0 no-repeat;\r\n                    }\r\n                    #tdi_1  .td-doubleSlider-2 .td-item5 {\r\n                        background: url(https:\/\/www.cgfmanet.org\/wp-content\/uploads\/2023\/09\/beatificazione-Laura-Vicuna-4-80x60.jpg) 0 0 no-repeat;\r\n                    }\r\n                    #tdi_1  .td-doubleSlider-2 .td-item6 {\r\n                        background: url(https:\/\/www.cgfmanet.org\/wp-content\/uploads\/2023\/09\/beatificazione-Laura-Vicuna-5-80x60.jpg) 0 0 no-repeat;\r\n                    }\r\n                    #tdi_1  .td-doubleSlider-2 .td-item7 {\r\n                        background: url(https:\/\/www.cgfmanet.org\/wp-content\/uploads\/2023\/09\/beatificazione-Laura-Vicuna-7-80x60.jpg) 0 0 no-repeat;\r\n                    }\r\n                <\/style>\r\n\r\n                <div id=\"tdi_1\" class=\"td-gallery td-slide-on-2-columns\">\r\n                    <div class=\"post_td_gallery\">\r\n                        <div class=\"td-gallery-slide-top\">\r\n                           <div class=\"td-gallery-title\"><\/div>\r\n\r\n                            <div class=\"td-gallery-controls-wrapper\">\r\n                                <div class=\"td-gallery-slide-count\"><span class=\"td-gallery-slide-item-focus\">1<\/span> do 7<\/div>\r\n                                <div class=\"td-gallery-slide-prev-next-but\">\r\n                                    <i class = \"td-icon-left doubleSliderPrevButton\"><\/i>\r\n                                    <i class = \"td-icon-right doubleSliderNextButton\"><\/i>\r\n                                <\/div>\r\n                            <\/div>\r\n                        <\/div>\r\n\r\n                        <div class = \"td-doubleSlider-1 \">\r\n                            <div class = \"td-slider\">\r\n                                \r\n                    <div class = \"td-slide-item td-item1\">\r\n                        <figure class=\"td-slide-galery-figure td-slide-popup-gallery\">\r\n                            <a class=\"slide-gallery-image-link\" href=\"https:\/\/www.cgfmanet.org\/wp-content\/uploads\/2023\/09\/beatificazione-Laura-Vicuna-1.jpg\" title=\"beatificazione Laura Vicuna 1\"  data-caption=\"\"  data-description=\"\">\r\n                                <img decoding=\"async\" data-src=\"https:\/\/www.cgfmanet.org\/wp-content\/uploads\/2023\/09\/beatificazione-Laura-Vicuna-1-629x420.jpg\" data-srcset=\"https:\/\/www.cgfmanet.org\/wp-content\/uploads\/2023\/09\/beatificazione-Laura-Vicuna-1-629x420.jpg 629w, https:\/\/www.cgfmanet.org\/wp-content\/uploads\/2023\/09\/beatificazione-Laura-Vicuna-1-768x512.jpg 768w, https:\/\/www.cgfmanet.org\/wp-content\/uploads\/2023\/09\/beatificazione-Laura-Vicuna-1-696x464.jpg 696w, https:\/\/www.cgfmanet.org\/wp-content\/uploads\/2023\/09\/beatificazione-Laura-Vicuna-1.jpg 1181w\" data-sizes=\"auto\" alt=\"\" src=\"data:image\/svg+xml;base64,PHN2ZyB3aWR0aD0iMSIgaGVpZ2h0PSIxIiB4bWxucz0iaHR0cDovL3d3dy53My5vcmcvMjAwMC9zdmciPjwvc3ZnPg==\" class=\"lazyload\" style=\"--smush-placeholder-width: 629px; --smush-placeholder-aspect-ratio: 629\/420;\" data-original-sizes=\"(max-width: 629px) 100vw, 629px\">\r\n                            <\/a>\r\n                            \r\n                        <\/figure>\r\n                    <\/div>\r\n                    <div class = \"td-slide-item td-item2\">\r\n                        <figure class=\"td-slide-galery-figure td-slide-popup-gallery\">\r\n                            <a class=\"slide-gallery-image-link\" href=\"https:\/\/www.cgfmanet.org\/wp-content\/uploads\/2023\/09\/beatificazione-Laura-Vicuna-2.jpg\" title=\"beatificazione Laura Vicuna 2\"  data-caption=\"\"  data-description=\"\">\r\n                                <img decoding=\"async\" data-src=\"https:\/\/www.cgfmanet.org\/wp-content\/uploads\/2023\/09\/beatificazione-Laura-Vicuna-2-629x420.jpg\" data-srcset=\"https:\/\/www.cgfmanet.org\/wp-content\/uploads\/2023\/09\/beatificazione-Laura-Vicuna-2-629x420.jpg 629w, https:\/\/www.cgfmanet.org\/wp-content\/uploads\/2023\/09\/beatificazione-Laura-Vicuna-2-768x512.jpg 768w, https:\/\/www.cgfmanet.org\/wp-content\/uploads\/2023\/09\/beatificazione-Laura-Vicuna-2-696x464.jpg 696w, https:\/\/www.cgfmanet.org\/wp-content\/uploads\/2023\/09\/beatificazione-Laura-Vicuna-2.jpg 1181w\" data-sizes=\"auto\" alt=\"\" src=\"data:image\/svg+xml;base64,PHN2ZyB3aWR0aD0iMSIgaGVpZ2h0PSIxIiB4bWxucz0iaHR0cDovL3d3dy53My5vcmcvMjAwMC9zdmciPjwvc3ZnPg==\" class=\"lazyload\" style=\"--smush-placeholder-width: 629px; --smush-placeholder-aspect-ratio: 629\/420;\" data-original-sizes=\"(max-width: 629px) 100vw, 629px\">\r\n                            <\/a>\r\n                            \r\n                        <\/figure>\r\n                    <\/div>\r\n                    <div class = \"td-slide-item td-item3\">\r\n                        <figure class=\"td-slide-galery-figure td-slide-popup-gallery\">\r\n                            <a class=\"slide-gallery-image-link\" href=\"https:\/\/www.cgfmanet.org\/wp-content\/uploads\/2023\/09\/beatificazione-Laura-Vicuna-6.jpg\" title=\"beatificazione Laura Vicuna 6\"  data-caption=\"\"  data-description=\"\">\r\n                                <img decoding=\"async\" data-src=\"https:\/\/www.cgfmanet.org\/wp-content\/uploads\/2023\/09\/beatificazione-Laura-Vicuna-6-347x420.jpg\" data-srcset=\"https:\/\/www.cgfmanet.org\/wp-content\/uploads\/2023\/09\/beatificazione-Laura-Vicuna-6-347x420.jpg 347w, https:\/\/www.cgfmanet.org\/wp-content\/uploads\/2023\/09\/beatificazione-Laura-Vicuna-6-768x929.jpg 768w, https:\/\/www.cgfmanet.org\/wp-content\/uploads\/2023\/09\/beatificazione-Laura-Vicuna-6-696x842.jpg 696w, https:\/\/www.cgfmanet.org\/wp-content\/uploads\/2023\/09\/beatificazione-Laura-Vicuna-6.jpg 1181w\" data-sizes=\"auto\" alt=\"\" src=\"data:image\/svg+xml;base64,PHN2ZyB3aWR0aD0iMSIgaGVpZ2h0PSIxIiB4bWxucz0iaHR0cDovL3d3dy53My5vcmcvMjAwMC9zdmciPjwvc3ZnPg==\" class=\"lazyload\" style=\"--smush-placeholder-width: 347px; --smush-placeholder-aspect-ratio: 347\/420;\" data-original-sizes=\"(max-width: 347px) 100vw, 347px\">\r\n                            <\/a>\r\n                            \r\n                        <\/figure>\r\n                    <\/div>\r\n                    <div class = \"td-slide-item td-item4\">\r\n                        <figure class=\"td-slide-galery-figure td-slide-popup-gallery\">\r\n                            <a class=\"slide-gallery-image-link\" href=\"https:\/\/www.cgfmanet.org\/wp-content\/uploads\/2023\/09\/beatificazione-Laura-Vicuna-3.jpg\" title=\"beatificazione Laura Vicuna 3\"  data-caption=\"\"  data-description=\"\">\r\n                                <img decoding=\"async\" data-src=\"https:\/\/www.cgfmanet.org\/wp-content\/uploads\/2023\/09\/beatificazione-Laura-Vicuna-3-629x420.jpg\" data-srcset=\"https:\/\/www.cgfmanet.org\/wp-content\/uploads\/2023\/09\/beatificazione-Laura-Vicuna-3-629x420.jpg 629w, https:\/\/www.cgfmanet.org\/wp-content\/uploads\/2023\/09\/beatificazione-Laura-Vicuna-3-768x512.jpg 768w, https:\/\/www.cgfmanet.org\/wp-content\/uploads\/2023\/09\/beatificazione-Laura-Vicuna-3-696x464.jpg 696w, https:\/\/www.cgfmanet.org\/wp-content\/uploads\/2023\/09\/beatificazione-Laura-Vicuna-3.jpg 1181w\" data-sizes=\"auto\" alt=\"\" src=\"data:image\/svg+xml;base64,PHN2ZyB3aWR0aD0iMSIgaGVpZ2h0PSIxIiB4bWxucz0iaHR0cDovL3d3dy53My5vcmcvMjAwMC9zdmciPjwvc3ZnPg==\" class=\"lazyload\" style=\"--smush-placeholder-width: 629px; --smush-placeholder-aspect-ratio: 629\/420;\" data-original-sizes=\"(max-width: 629px) 100vw, 629px\">\r\n                            <\/a>\r\n                            \r\n                        <\/figure>\r\n                    <\/div>\r\n                    <div class = \"td-slide-item td-item5\">\r\n                        <figure class=\"td-slide-galery-figure td-slide-popup-gallery\">\r\n                            <a class=\"slide-gallery-image-link\" href=\"https:\/\/www.cgfmanet.org\/wp-content\/uploads\/2023\/09\/beatificazione-Laura-Vicuna-4.jpg\" title=\"beatificazione Laura Vicuna 4\"  data-caption=\"\"  data-description=\"\">\r\n                                <img decoding=\"async\" data-src=\"https:\/\/www.cgfmanet.org\/wp-content\/uploads\/2023\/09\/beatificazione-Laura-Vicuna-4-552x420.jpg\" data-srcset=\"https:\/\/www.cgfmanet.org\/wp-content\/uploads\/2023\/09\/beatificazione-Laura-Vicuna-4-552x420.jpg 552w, https:\/\/www.cgfmanet.org\/wp-content\/uploads\/2023\/09\/beatificazione-Laura-Vicuna-4-768x585.jpg 768w, https:\/\/www.cgfmanet.org\/wp-content\/uploads\/2023\/09\/beatificazione-Laura-Vicuna-4-696x530.jpg 696w, https:\/\/www.cgfmanet.org\/wp-content\/uploads\/2023\/09\/beatificazione-Laura-Vicuna-4-80x60.jpg 80w, https:\/\/www.cgfmanet.org\/wp-content\/uploads\/2023\/09\/beatificazione-Laura-Vicuna-4.jpg 1181w\" data-sizes=\"auto\" alt=\"\" src=\"data:image\/svg+xml;base64,PHN2ZyB3aWR0aD0iMSIgaGVpZ2h0PSIxIiB4bWxucz0iaHR0cDovL3d3dy53My5vcmcvMjAwMC9zdmciPjwvc3ZnPg==\" class=\"lazyload\" style=\"--smush-placeholder-width: 552px; --smush-placeholder-aspect-ratio: 552\/420;\" data-original-sizes=\"(max-width: 552px) 100vw, 552px\">\r\n                            <\/a>\r\n                            \r\n                        <\/figure>\r\n                    <\/div>\r\n                    <div class = \"td-slide-item td-item6\">\r\n                        <figure class=\"td-slide-galery-figure td-slide-popup-gallery\">\r\n                            <a class=\"slide-gallery-image-link\" href=\"https:\/\/www.cgfmanet.org\/wp-content\/uploads\/2023\/09\/beatificazione-Laura-Vicuna-5.jpg\" title=\"beatificazione Laura Vicuna 5\"  data-caption=\"\"  data-description=\"\">\r\n                                <img decoding=\"async\" data-src=\"https:\/\/www.cgfmanet.org\/wp-content\/uploads\/2023\/09\/beatificazione-Laura-Vicuna-5-347x420.jpg\" data-srcset=\"https:\/\/www.cgfmanet.org\/wp-content\/uploads\/2023\/09\/beatificazione-Laura-Vicuna-5-347x420.jpg 347w, https:\/\/www.cgfmanet.org\/wp-content\/uploads\/2023\/09\/beatificazione-Laura-Vicuna-5-768x930.jpg 768w, https:\/\/www.cgfmanet.org\/wp-content\/uploads\/2023\/09\/beatificazione-Laura-Vicuna-5-696x843.jpg 696w, https:\/\/www.cgfmanet.org\/wp-content\/uploads\/2023\/09\/beatificazione-Laura-Vicuna-5.jpg 1181w\" data-sizes=\"auto\" alt=\"\" src=\"data:image\/svg+xml;base64,PHN2ZyB3aWR0aD0iMSIgaGVpZ2h0PSIxIiB4bWxucz0iaHR0cDovL3d3dy53My5vcmcvMjAwMC9zdmciPjwvc3ZnPg==\" class=\"lazyload\" style=\"--smush-placeholder-width: 347px; --smush-placeholder-aspect-ratio: 347\/420;\" data-original-sizes=\"(max-width: 347px) 100vw, 347px\">\r\n                            <\/a>\r\n                            \r\n                        <\/figure>\r\n                    <\/div>\r\n                    <div class = \"td-slide-item td-item7\">\r\n                        <figure class=\"td-slide-galery-figure td-slide-popup-gallery\">\r\n                            <a class=\"slide-gallery-image-link\" href=\"https:\/\/www.cgfmanet.org\/wp-content\/uploads\/2023\/09\/beatificazione-Laura-Vicuna-7.jpg\" title=\"beatificazione Laura Vicuna 7\"  data-caption=\"\"  data-description=\"\">\r\n                                <img decoding=\"async\" data-src=\"https:\/\/www.cgfmanet.org\/wp-content\/uploads\/2023\/09\/beatificazione-Laura-Vicuna-7-347x420.jpg\" data-srcset=\"https:\/\/www.cgfmanet.org\/wp-content\/uploads\/2023\/09\/beatificazione-Laura-Vicuna-7-347x420.jpg 347w, https:\/\/www.cgfmanet.org\/wp-content\/uploads\/2023\/09\/beatificazione-Laura-Vicuna-7-768x929.jpg 768w, https:\/\/www.cgfmanet.org\/wp-content\/uploads\/2023\/09\/beatificazione-Laura-Vicuna-7-696x842.jpg 696w, https:\/\/www.cgfmanet.org\/wp-content\/uploads\/2023\/09\/beatificazione-Laura-Vicuna-7.jpg 1181w\" data-sizes=\"auto\" alt=\"\" src=\"data:image\/svg+xml;base64,PHN2ZyB3aWR0aD0iMSIgaGVpZ2h0PSIxIiB4bWxucz0iaHR0cDovL3d3dy53My5vcmcvMjAwMC9zdmciPjwvc3ZnPg==\" class=\"lazyload\" style=\"--smush-placeholder-width: 347px; --smush-placeholder-aspect-ratio: 347\/420;\" data-original-sizes=\"(max-width: 347px) 100vw, 347px\">\r\n                            <\/a>\r\n                            \r\n                        <\/figure>\r\n                    <\/div>\r\n                            <\/div>\r\n                        <\/div>\r\n\r\n                        <div class = \"td-doubleSlider-2\">\r\n                            <div class = \"td-slider\">\r\n                                \r\n                    <div class = \"td-button td-item1\">\r\n                        <div class = \"td-border\"><\/div>\r\n                    <\/div>\r\n                    <div class = \"td-button td-item2\">\r\n                        <div class = \"td-border\"><\/div>\r\n                    <\/div>\r\n                    <div class = \"td-button td-item3\">\r\n                        <div class = \"td-border\"><\/div>\r\n                    <\/div>\r\n                    <div class = \"td-button td-item4\">\r\n                        <div class = \"td-border\"><\/div>\r\n                    <\/div>\r\n                    <div class = \"td-button td-item5\">\r\n                        <div class = \"td-border\"><\/div>\r\n                    <\/div>\r\n                    <div class = \"td-button td-item6\">\r\n                        <div class = \"td-border\"><\/div>\r\n                    <\/div>\r\n                    <div class = \"td-button td-item7\">\r\n                        <div class = \"td-border\"><\/div>\r\n                    <\/div>\r\n                            <\/div>\r\n                        <\/div>\r\n\r\n                    <\/div>\r\n\r\n                <\/div>\r\n                \n","protected":false},"excerpt":{"rendered":"<p>Roma (It\u00e1lia). No dia 3 de setembro de 2023 ocorre o 35\u00ba anivers\u00e1rio de Beatifica\u00e7\u00e3o de\u00a0Laura Vicunha (5 de abril de 1891 &#8211; 22 de janeiro de 1904), fruto de [&hellip;]<\/p>\n","protected":false},"author":21,"featured_media":95056,"comment_status":"open","ping_status":"closed","sticky":false,"template":"","format":"standard","meta":{"footnotes":""},"categories":[166,159],"tags":[358,1346,1449,1930,2282],"class_list":["post-95096","post","type-post","status-publish","format-standard","has-post-thumbnail","category-carisma-salesiano-pt","category-ifma-pt-pt","tag-laura-vicuna-pt-pt","tag-generativo","tag-santidade-salesiana","tag-focus-pt-pt","tag-ifma-pt-pt"],"yoast_head":"<!-- This site is optimized with the Yoast SEO plugin v27.4 - https:\/\/yoast.com\/product\/yoast-seo-wordpress\/ -->\n<title>Beata Laura Vicunha: jovem \u201cgenerativa\u201d de reconcilia\u00e7\u00e3o &#8226; Istituto Figlie di Maria Ausiliatrice<\/title>\n<meta name=\"description\" content=\"No dia 3 de setembro de 2023 ocorre o 35\u00ba anivers\u00e1rio de beatifica\u00e7\u00e3o de Laura Vicunha, acontecida no Colle Don Bosco no Centen\u00e1rio da morte de Dom Bosco.\" \/>\n<meta name=\"robots\" content=\"index, follow, max-snippet:-1, max-image-preview:large, max-video-preview:-1\" \/>\n<link rel=\"canonical\" href=\"https:\/\/www.cgfmanet.org\/pt-pt\/ifma-pt-pt\/beata-laura-vicunha-jovem-generativa-de-reconciliacao\/\" \/>\n<meta property=\"og:locale\" content=\"pt_PT\" \/>\n<meta property=\"og:type\" content=\"article\" \/>\n<meta property=\"og:title\" content=\"Beata Laura Vicunha: jovem \u201cgenerativa\u201d de reconcilia\u00e7\u00e3o &#8226; Istituto Figlie di Maria Ausiliatrice\" \/>\n<meta property=\"og:description\" content=\"No dia 3 de setembro de 2023 ocorre o 35\u00ba anivers\u00e1rio de beatifica\u00e7\u00e3o de Laura Vicunha, acontecida no Colle Don Bosco no Centen\u00e1rio da morte de Dom Bosco.\" \/>\n<meta property=\"og:url\" content=\"https:\/\/www.cgfmanet.org\/pt-pt\/ifma-pt-pt\/beata-laura-vicunha-jovem-generativa-de-reconciliacao\/\" \/>\n<meta property=\"og:site_name\" content=\"Istituto Figlie di Maria Ausiliatrice\" \/>\n<meta property=\"article:publisher\" content=\"https:\/\/www.facebook.com\/salesian.sisters.of.don.bosco\/\" \/>\n<meta property=\"article:published_time\" content=\"2023-09-01T06:30:33+00:00\" \/>\n<meta property=\"article:modified_time\" content=\"2023-09-02T15:10:20+00:00\" \/>\n<meta property=\"og:image\" content=\"https:\/\/www.cgfmanet.org\/wp-content\/uploads\/2023\/09\/beatificazione-Laura.jpg\" \/>\n\t<meta property=\"og:image:width\" content=\"1181\" \/>\n\t<meta property=\"og:image:height\" content=\"788\" \/>\n\t<meta property=\"og:image:type\" content=\"image\/jpeg\" \/>\n<meta name=\"author\" content=\"Redazione\" \/>\n<meta name=\"twitter:card\" content=\"summary_large_image\" \/>\n<meta name=\"twitter:creator\" content=\"@Cgfmanet_Org\" \/>\n<meta name=\"twitter:site\" content=\"@Cgfmanet_Org\" \/>\n<meta name=\"twitter:label1\" content=\"Escrito por\" \/>\n\t<meta name=\"twitter:data1\" content=\"Redazione\" \/>\n\t<meta name=\"twitter:label2\" content=\"Tempo estimado de leitura\" \/>\n\t<meta name=\"twitter:data2\" content=\"5 minutos\" \/>\n<script type=\"application\/ld+json\" class=\"yoast-schema-graph\">{\"@context\":\"https:\\\/\\\/schema.org\",\"@graph\":[{\"@type\":\"Article\",\"@id\":\"https:\\\/\\\/www.cgfmanet.org\\\/pt-pt\\\/ifma-pt-pt\\\/beata-laura-vicunha-jovem-generativa-de-reconciliacao\\\/#article\",\"isPartOf\":{\"@id\":\"https:\\\/\\\/www.cgfmanet.org\\\/pt-pt\\\/ifma-pt-pt\\\/beata-laura-vicunha-jovem-generativa-de-reconciliacao\\\/\"},\"author\":{\"name\":\"Redazione\",\"@id\":\"https:\\\/\\\/www.cgfmanet.org\\\/es\\\/#\\\/schema\\\/person\\\/ce6473083f53ef0ef882cca23f0c8fb9\"},\"headline\":\"Beata Laura Vicunha: jovem \u201cgenerativa\u201d de reconcilia\u00e7\u00e3o\",\"datePublished\":\"2023-09-01T06:30:33+00:00\",\"dateModified\":\"2023-09-02T15:10:20+00:00\",\"mainEntityOfPage\":{\"@id\":\"https:\\\/\\\/www.cgfmanet.org\\\/pt-pt\\\/ifma-pt-pt\\\/beata-laura-vicunha-jovem-generativa-de-reconciliacao\\\/\"},\"wordCount\":849,\"commentCount\":1,\"publisher\":{\"@id\":\"https:\\\/\\\/www.cgfmanet.org\\\/es\\\/#organization\"},\"image\":{\"@id\":\"https:\\\/\\\/www.cgfmanet.org\\\/pt-pt\\\/ifma-pt-pt\\\/beata-laura-vicunha-jovem-generativa-de-reconciliacao\\\/#primaryimage\"},\"thumbnailUrl\":\"https:\\\/\\\/www.cgfmanet.org\\\/wp-content\\\/uploads\\\/2023\\\/09\\\/beatificazione-Laura.jpg\",\"keywords\":[\"Laura Vicu\u00f1a\",\"Generativo\",\"Santidade Salesiana\",\"Focus\",\"IFMA\"],\"articleSection\":[\"Carisma Salesiano\",\"IFMA\"],\"inLanguage\":\"pt-PT\",\"potentialAction\":[{\"@type\":\"CommentAction\",\"name\":\"Comment\",\"target\":[\"https:\\\/\\\/www.cgfmanet.org\\\/pt-pt\\\/ifma-pt-pt\\\/beata-laura-vicunha-jovem-generativa-de-reconciliacao\\\/#respond\"]}]},{\"@type\":\"WebPage\",\"@id\":\"https:\\\/\\\/www.cgfmanet.org\\\/pt-pt\\\/ifma-pt-pt\\\/beata-laura-vicunha-jovem-generativa-de-reconciliacao\\\/\",\"url\":\"https:\\\/\\\/www.cgfmanet.org\\\/pt-pt\\\/ifma-pt-pt\\\/beata-laura-vicunha-jovem-generativa-de-reconciliacao\\\/\",\"name\":\"Beata Laura Vicunha: jovem \u201cgenerativa\u201d de reconcilia\u00e7\u00e3o &#8226; Istituto Figlie di Maria Ausiliatrice\",\"isPartOf\":{\"@id\":\"https:\\\/\\\/www.cgfmanet.org\\\/es\\\/#website\"},\"primaryImageOfPage\":{\"@id\":\"https:\\\/\\\/www.cgfmanet.org\\\/pt-pt\\\/ifma-pt-pt\\\/beata-laura-vicunha-jovem-generativa-de-reconciliacao\\\/#primaryimage\"},\"image\":{\"@id\":\"https:\\\/\\\/www.cgfmanet.org\\\/pt-pt\\\/ifma-pt-pt\\\/beata-laura-vicunha-jovem-generativa-de-reconciliacao\\\/#primaryimage\"},\"thumbnailUrl\":\"https:\\\/\\\/www.cgfmanet.org\\\/wp-content\\\/uploads\\\/2023\\\/09\\\/beatificazione-Laura.jpg\",\"datePublished\":\"2023-09-01T06:30:33+00:00\",\"dateModified\":\"2023-09-02T15:10:20+00:00\",\"description\":\"No dia 3 de setembro de 2023 ocorre o 35\u00ba anivers\u00e1rio de beatifica\u00e7\u00e3o de Laura Vicunha, acontecida no Colle Don Bosco no Centen\u00e1rio da morte de Dom Bosco.\",\"breadcrumb\":{\"@id\":\"https:\\\/\\\/www.cgfmanet.org\\\/pt-pt\\\/ifma-pt-pt\\\/beata-laura-vicunha-jovem-generativa-de-reconciliacao\\\/#breadcrumb\"},\"inLanguage\":\"pt-PT\",\"potentialAction\":[{\"@type\":\"ReadAction\",\"target\":[\"https:\\\/\\\/www.cgfmanet.org\\\/pt-pt\\\/ifma-pt-pt\\\/beata-laura-vicunha-jovem-generativa-de-reconciliacao\\\/\"]}]},{\"@type\":\"ImageObject\",\"inLanguage\":\"pt-PT\",\"@id\":\"https:\\\/\\\/www.cgfmanet.org\\\/pt-pt\\\/ifma-pt-pt\\\/beata-laura-vicunha-jovem-generativa-de-reconciliacao\\\/#primaryimage\",\"url\":\"https:\\\/\\\/www.cgfmanet.org\\\/wp-content\\\/uploads\\\/2023\\\/09\\\/beatificazione-Laura.jpg\",\"contentUrl\":\"https:\\\/\\\/www.cgfmanet.org\\\/wp-content\\\/uploads\\\/2023\\\/09\\\/beatificazione-Laura.jpg\",\"width\":1181,\"height\":788},{\"@type\":\"BreadcrumbList\",\"@id\":\"https:\\\/\\\/www.cgfmanet.org\\\/pt-pt\\\/ifma-pt-pt\\\/beata-laura-vicunha-jovem-generativa-de-reconciliacao\\\/#breadcrumb\",\"itemListElement\":[{\"@type\":\"ListItem\",\"position\":1,\"name\":\"Home\",\"item\":\"https:\\\/\\\/www.cgfmanet.org\\\/pt-pt\\\/\"},{\"@type\":\"ListItem\",\"position\":2,\"name\":\"Beata Laura Vicunha: jovem \u201cgenerativa\u201d de reconcilia\u00e7\u00e3o\"}]},{\"@type\":\"WebSite\",\"@id\":\"https:\\\/\\\/www.cgfmanet.org\\\/es\\\/#website\",\"url\":\"https:\\\/\\\/www.cgfmanet.org\\\/es\\\/\",\"name\":\"Istituto Figlie di Maria Ausiliatrice\",\"description\":\"Salesiane di Don Bosco\",\"publisher\":{\"@id\":\"https:\\\/\\\/www.cgfmanet.org\\\/es\\\/#organization\"},\"potentialAction\":[{\"@type\":\"SearchAction\",\"target\":{\"@type\":\"EntryPoint\",\"urlTemplate\":\"https:\\\/\\\/www.cgfmanet.org\\\/es\\\/?s={search_term_string}\"},\"query-input\":{\"@type\":\"PropertyValueSpecification\",\"valueRequired\":true,\"valueName\":\"search_term_string\"}}],\"inLanguage\":\"pt-PT\"},{\"@type\":\"Organization\",\"@id\":\"https:\\\/\\\/www.cgfmanet.org\\\/es\\\/#organization\",\"name\":\"Istituto Figlie di Maria Ausiliatrice\",\"url\":\"https:\\\/\\\/www.cgfmanet.org\\\/es\\\/\",\"logo\":{\"@type\":\"ImageObject\",\"inLanguage\":\"pt-PT\",\"@id\":\"https:\\\/\\\/www.cgfmanet.org\\\/es\\\/#\\\/schema\\\/logo\\\/image\\\/\",\"url\":\"https:\\\/\\\/www.cgfmanet.org\\\/wp-content\\\/uploads\\\/2018\\\/10\\\/logo-fma.png\",\"contentUrl\":\"https:\\\/\\\/www.cgfmanet.org\\\/wp-content\\\/uploads\\\/2018\\\/10\\\/logo-fma.png\",\"width\":214,\"height\":55,\"caption\":\"Istituto Figlie di Maria Ausiliatrice\"},\"image\":{\"@id\":\"https:\\\/\\\/www.cgfmanet.org\\\/es\\\/#\\\/schema\\\/logo\\\/image\\\/\"},\"sameAs\":[\"https:\\\/\\\/www.facebook.com\\\/salesian.sisters.of.don.bosco\\\/\",\"https:\\\/\\\/x.com\\\/Cgfmanet_Org\",\"https:\\\/\\\/www.youtube.com\\\/channel\\\/UCmcr8yFQBV7JXeXVxyV9y5Q\"]},{\"@type\":\"Person\",\"@id\":\"https:\\\/\\\/www.cgfmanet.org\\\/es\\\/#\\\/schema\\\/person\\\/ce6473083f53ef0ef882cca23f0c8fb9\",\"name\":\"Redazione\"}]}<\/script>\n<!-- \/ Yoast SEO plugin. -->","yoast_head_json":{"title":"Beata Laura Vicunha: jovem \u201cgenerativa\u201d de reconcilia\u00e7\u00e3o &#8226; Istituto Figlie di Maria Ausiliatrice","description":"No dia 3 de setembro de 2023 ocorre o 35\u00ba anivers\u00e1rio de beatifica\u00e7\u00e3o de Laura Vicunha, acontecida no Colle Don Bosco no Centen\u00e1rio da morte de Dom Bosco.","robots":{"index":"index","follow":"follow","max-snippet":"max-snippet:-1","max-image-preview":"max-image-preview:large","max-video-preview":"max-video-preview:-1"},"canonical":"https:\/\/www.cgfmanet.org\/pt-pt\/ifma-pt-pt\/beata-laura-vicunha-jovem-generativa-de-reconciliacao\/","og_locale":"pt_PT","og_type":"article","og_title":"Beata Laura Vicunha: jovem \u201cgenerativa\u201d de reconcilia\u00e7\u00e3o &#8226; Istituto Figlie di Maria Ausiliatrice","og_description":"No dia 3 de setembro de 2023 ocorre o 35\u00ba anivers\u00e1rio de beatifica\u00e7\u00e3o de Laura Vicunha, acontecida no Colle Don Bosco no Centen\u00e1rio da morte de Dom Bosco.","og_url":"https:\/\/www.cgfmanet.org\/pt-pt\/ifma-pt-pt\/beata-laura-vicunha-jovem-generativa-de-reconciliacao\/","og_site_name":"Istituto Figlie di Maria Ausiliatrice","article_publisher":"https:\/\/www.facebook.com\/salesian.sisters.of.don.bosco\/","article_published_time":"2023-09-01T06:30:33+00:00","article_modified_time":"2023-09-02T15:10:20+00:00","og_image":[{"width":1181,"height":788,"url":"https:\/\/www.cgfmanet.org\/wp-content\/uploads\/2023\/09\/beatificazione-Laura.jpg","type":"image\/jpeg"}],"author":"Redazione","twitter_card":"summary_large_image","twitter_creator":"@Cgfmanet_Org","twitter_site":"@Cgfmanet_Org","twitter_misc":{"Escrito por":"Redazione","Tempo estimado de leitura":"5 minutos"},"schema":{"@context":"https:\/\/schema.org","@graph":[{"@type":"Article","@id":"https:\/\/www.cgfmanet.org\/pt-pt\/ifma-pt-pt\/beata-laura-vicunha-jovem-generativa-de-reconciliacao\/#article","isPartOf":{"@id":"https:\/\/www.cgfmanet.org\/pt-pt\/ifma-pt-pt\/beata-laura-vicunha-jovem-generativa-de-reconciliacao\/"},"author":{"name":"Redazione","@id":"https:\/\/www.cgfmanet.org\/es\/#\/schema\/person\/ce6473083f53ef0ef882cca23f0c8fb9"},"headline":"Beata Laura Vicunha: jovem \u201cgenerativa\u201d de reconcilia\u00e7\u00e3o","datePublished":"2023-09-01T06:30:33+00:00","dateModified":"2023-09-02T15:10:20+00:00","mainEntityOfPage":{"@id":"https:\/\/www.cgfmanet.org\/pt-pt\/ifma-pt-pt\/beata-laura-vicunha-jovem-generativa-de-reconciliacao\/"},"wordCount":849,"commentCount":1,"publisher":{"@id":"https:\/\/www.cgfmanet.org\/es\/#organization"},"image":{"@id":"https:\/\/www.cgfmanet.org\/pt-pt\/ifma-pt-pt\/beata-laura-vicunha-jovem-generativa-de-reconciliacao\/#primaryimage"},"thumbnailUrl":"https:\/\/www.cgfmanet.org\/wp-content\/uploads\/2023\/09\/beatificazione-Laura.jpg","keywords":["Laura Vicu\u00f1a","Generativo","Santidade Salesiana","Focus","IFMA"],"articleSection":["Carisma Salesiano","IFMA"],"inLanguage":"pt-PT","potentialAction":[{"@type":"CommentAction","name":"Comment","target":["https:\/\/www.cgfmanet.org\/pt-pt\/ifma-pt-pt\/beata-laura-vicunha-jovem-generativa-de-reconciliacao\/#respond"]}]},{"@type":"WebPage","@id":"https:\/\/www.cgfmanet.org\/pt-pt\/ifma-pt-pt\/beata-laura-vicunha-jovem-generativa-de-reconciliacao\/","url":"https:\/\/www.cgfmanet.org\/pt-pt\/ifma-pt-pt\/beata-laura-vicunha-jovem-generativa-de-reconciliacao\/","name":"Beata Laura Vicunha: jovem \u201cgenerativa\u201d de reconcilia\u00e7\u00e3o &#8226; Istituto Figlie di Maria Ausiliatrice","isPartOf":{"@id":"https:\/\/www.cgfmanet.org\/es\/#website"},"primaryImageOfPage":{"@id":"https:\/\/www.cgfmanet.org\/pt-pt\/ifma-pt-pt\/beata-laura-vicunha-jovem-generativa-de-reconciliacao\/#primaryimage"},"image":{"@id":"https:\/\/www.cgfmanet.org\/pt-pt\/ifma-pt-pt\/beata-laura-vicunha-jovem-generativa-de-reconciliacao\/#primaryimage"},"thumbnailUrl":"https:\/\/www.cgfmanet.org\/wp-content\/uploads\/2023\/09\/beatificazione-Laura.jpg","datePublished":"2023-09-01T06:30:33+00:00","dateModified":"2023-09-02T15:10:20+00:00","description":"No dia 3 de setembro de 2023 ocorre o 35\u00ba anivers\u00e1rio de beatifica\u00e7\u00e3o de Laura Vicunha, acontecida no Colle Don Bosco no Centen\u00e1rio da morte de Dom Bosco.","breadcrumb":{"@id":"https:\/\/www.cgfmanet.org\/pt-pt\/ifma-pt-pt\/beata-laura-vicunha-jovem-generativa-de-reconciliacao\/#breadcrumb"},"inLanguage":"pt-PT","potentialAction":[{"@type":"ReadAction","target":["https:\/\/www.cgfmanet.org\/pt-pt\/ifma-pt-pt\/beata-laura-vicunha-jovem-generativa-de-reconciliacao\/"]}]},{"@type":"ImageObject","inLanguage":"pt-PT","@id":"https:\/\/www.cgfmanet.org\/pt-pt\/ifma-pt-pt\/beata-laura-vicunha-jovem-generativa-de-reconciliacao\/#primaryimage","url":"https:\/\/www.cgfmanet.org\/wp-content\/uploads\/2023\/09\/beatificazione-Laura.jpg","contentUrl":"https:\/\/www.cgfmanet.org\/wp-content\/uploads\/2023\/09\/beatificazione-Laura.jpg","width":1181,"height":788},{"@type":"BreadcrumbList","@id":"https:\/\/www.cgfmanet.org\/pt-pt\/ifma-pt-pt\/beata-laura-vicunha-jovem-generativa-de-reconciliacao\/#breadcrumb","itemListElement":[{"@type":"ListItem","position":1,"name":"Home","item":"https:\/\/www.cgfmanet.org\/pt-pt\/"},{"@type":"ListItem","position":2,"name":"Beata Laura Vicunha: jovem \u201cgenerativa\u201d de reconcilia\u00e7\u00e3o"}]},{"@type":"WebSite","@id":"https:\/\/www.cgfmanet.org\/es\/#website","url":"https:\/\/www.cgfmanet.org\/es\/","name":"Istituto Figlie di Maria Ausiliatrice","description":"Salesiane di Don Bosco","publisher":{"@id":"https:\/\/www.cgfmanet.org\/es\/#organization"},"potentialAction":[{"@type":"SearchAction","target":{"@type":"EntryPoint","urlTemplate":"https:\/\/www.cgfmanet.org\/es\/?s={search_term_string}"},"query-input":{"@type":"PropertyValueSpecification","valueRequired":true,"valueName":"search_term_string"}}],"inLanguage":"pt-PT"},{"@type":"Organization","@id":"https:\/\/www.cgfmanet.org\/es\/#organization","name":"Istituto Figlie di Maria Ausiliatrice","url":"https:\/\/www.cgfmanet.org\/es\/","logo":{"@type":"ImageObject","inLanguage":"pt-PT","@id":"https:\/\/www.cgfmanet.org\/es\/#\/schema\/logo\/image\/","url":"https:\/\/www.cgfmanet.org\/wp-content\/uploads\/2018\/10\/logo-fma.png","contentUrl":"https:\/\/www.cgfmanet.org\/wp-content\/uploads\/2018\/10\/logo-fma.png","width":214,"height":55,"caption":"Istituto Figlie di Maria Ausiliatrice"},"image":{"@id":"https:\/\/www.cgfmanet.org\/es\/#\/schema\/logo\/image\/"},"sameAs":["https:\/\/www.facebook.com\/salesian.sisters.of.don.bosco\/","https:\/\/x.com\/Cgfmanet_Org","https:\/\/www.youtube.com\/channel\/UCmcr8yFQBV7JXeXVxyV9y5Q"]},{"@type":"Person","@id":"https:\/\/www.cgfmanet.org\/es\/#\/schema\/person\/ce6473083f53ef0ef882cca23f0c8fb9","name":"Redazione"}]}},"_links":{"self":[{"href":"https:\/\/www.cgfmanet.org\/pt-pt\/wp-json\/wp\/v2\/posts\/95096","targetHints":{"allow":["GET"]}}],"collection":[{"href":"https:\/\/www.cgfmanet.org\/pt-pt\/wp-json\/wp\/v2\/posts"}],"about":[{"href":"https:\/\/www.cgfmanet.org\/pt-pt\/wp-json\/wp\/v2\/types\/post"}],"author":[{"embeddable":true,"href":"https:\/\/www.cgfmanet.org\/pt-pt\/wp-json\/wp\/v2\/users\/21"}],"replies":[{"embeddable":true,"href":"https:\/\/www.cgfmanet.org\/pt-pt\/wp-json\/wp\/v2\/comments?post=95096"}],"version-history":[{"count":0,"href":"https:\/\/www.cgfmanet.org\/pt-pt\/wp-json\/wp\/v2\/posts\/95096\/revisions"}],"wp:featuredmedia":[{"embeddable":true,"href":"https:\/\/www.cgfmanet.org\/pt-pt\/wp-json\/wp\/v2\/media\/95056"}],"wp:attachment":[{"href":"https:\/\/www.cgfmanet.org\/pt-pt\/wp-json\/wp\/v2\/media?parent=95096"}],"wp:term":[{"taxonomy":"category","embeddable":true,"href":"https:\/\/www.cgfmanet.org\/pt-pt\/wp-json\/wp\/v2\/categories?post=95096"},{"taxonomy":"post_tag","embeddable":true,"href":"https:\/\/www.cgfmanet.org\/pt-pt\/wp-json\/wp\/v2\/tags?post=95096"}],"curies":[{"name":"wp","href":"https:\/\/api.w.org\/{rel}","templated":true}]}}