{"id":92984,"date":"2023-07-12T11:08:16","date_gmt":"2023-07-12T09:08:16","guid":{"rendered":"https:\/\/www.cgfmanet.org\/infosfera-pt-pt\/progetto-gerusalemme-2023\/"},"modified":"2023-07-15T22:33:29","modified_gmt":"2023-07-15T20:33:29","slug":"projeto-jerusalem-2023","status":"publish","type":"post","link":"https:\/\/www.cgfmanet.org\/pt-pt\/ifma-pt-pt\/projeto-jerusalem-2023\/","title":{"rendered":"Projeto Jerusal\u00e9m 2023"},"content":{"rendered":"<p><strong>Jerusal\u00e9m (Israel).<\/strong> De 1\u00ba de junho a 10 de julho, na Casa <em>S\u00e3o Jo\u00e3o Bosco<\/em> de Jerusal\u00e9m, Inspetoria <em>Jesus Adolescente<\/em> (MOR), 18 Filhas de Maria Auxiliadora de 12 Inspetorias do mundo participaram do 24\u00ba Projeto Jerusal\u00e9m.<\/p>\n<p>Promovido pelo \u00c2mbito de Forma\u00e7\u00e3o do Instituto das FMA, <strong>o Projeto Jerusal\u00e9m<\/strong> \u00e9 uma experi\u00eancia de escuta e confronto com a Palavra de Deus para um aut\u00eantico discernimento pessoal e comunit\u00e1rio; uma oportunidade privilegiada para encontrar-se com o Senhor nos lugares onde se realizou o mist\u00e9rio da salva\u00e7\u00e3o; a possibilidade de aprofundar as ra\u00edzes b\u00edblicas do Carisma salesiano, tamb\u00e9m em vista do acompanhamento dos jovens no encontro com a Palavra de Deus.<\/p>\n<p>Acompanhadas e guiadas pela Coordenadora do projeto, Ir. Mercedes Martin Leon, e por Ir. Maria Ko, Docente em\u00e9rita de Sagrada Escritura da Pontif\u00edcia Faculdade de Ci\u00eancias da Educa\u00e7\u00e3o &#8220;Auxilium&#8221; de Roma, as participantes viveram estes 40 dias como uma comunidade internacional e, como disc\u00edpulas da Palavra, procuraram cultivar uma atitude de escuta e acolhida da diversidade, deixando-se tocar por Jesus-Palavra que pede para dar espa\u00e7o ao encontro com o Verbo feito carne nesta terra.<\/p>\n<p><strong>\u201cUma Terra, uma Hist\u00f3ria, um Povo, um Livro e um Carisma\u201d<\/strong> foi o fio condutor da experi\u00eancia, partindo do convite a deixar-se interpelar pela Palavra de Deus no Evangelho de Jo\u00e3o: <em>\u201cJesus disse-lhes: \u00abO que procurais?&#8221;, Responderam-lhe: &#8220;Rabi \u2013 que, \u00a0traduzido, significa Mestre -, onde moras?&#8221; Disse-lhes: &#8220;Vinde e vede&#8221;. Ent\u00e3o foram e viram onde ele morava, e naquele dia permaneceram com ele&#8221;<\/em> (Jo 1,38-39).<\/p>\n<p>O <strong>estudo<\/strong> que precedia cada visita aos lugares santos e a <strong>peregrina\u00e7\u00e3o<\/strong>, enriquecida pelas pausas de sil\u00eancio e ora\u00e7\u00e3o, foram as duas perspectivas dos dias. Estudando e caminhando sobre a geografia da Terra Santa, sobre sua rica hist\u00f3ria e sobre a do seu povo, as participantes releram as passagens b\u00edblicas nos lugares Santos da reden\u00e7\u00e3o, vivendo a historicidade da Palavra de Deus, seguindo os passos de Jesus, respirando o ar que respirou, olhando o c\u00e9u, a terra, o mar que Ele viu e que contam a hist\u00f3ria, buscando colher nela a a\u00e7\u00e3o de Deus.<\/p>\n<p>Diversas foram as etapas e lugares visitados: de Jerusal\u00e9m ao Vale do Jord\u00e3o, Tabor, Naim, Nazar\u00e9, Galileia, Can\u00e1, Banias, Cesareia de Filipe, Cafarnaum, Tabga, Monte das Bem-aventuran\u00e7as, Lago de Tiber\u00edades, Muhraga, Monte Carmelo, Haifa Cesareia Mar\u00edtima, Yaffo, Bet\u00e2nia, Jeric\u00f3, Deserto de Jud\u00e1, Qumran, Mar Morto, Bel\u00e9m, Cremisan, Ain Karen, Yad Vashen, Abu Ghosh, Beit Jamal, Ema\u00fas e Nic\u00f3polis.<\/p>\n<p><strong>O encontro com a Palavra<\/strong><\/p>\n<p><em>\u201cCaminhamos por estes lugares com o cora\u00e7\u00e3o, a alma e a mente \u00e0 escuta para dispor-nos ao encontro com a Palavra\u201d<\/em> \u2013 contam as participantes. <em>&#8220;Encontramos os lugares da Revela\u00e7\u00e3o, os lugares da encarna\u00e7\u00e3o, os lugares da prega\u00e7\u00e3o do Senhor e os lugares da sua paix\u00e3o, morte e ressurrei\u00e7\u00e3o. Lemos a Palavra de Deus l\u00e1 onde foi revelada e se encarnou, e onde realizou tantos sinais. N\u00e3o foi uma leitura bidimensional, linear e no papel, mas em tr\u00eas dimens\u00f5es, porque lemos no contexto, e isso nos ajudou a integrar, unificar e ampliar os nossos \u00a0conhecimentos b\u00edblicos, para ter uma vis\u00e3o mais concreta da Escritura&#8221;.<\/em><\/p>\n<p><strong>Reler a pr\u00f3pria vida como hist\u00f3ria de salva\u00e7\u00e3o <\/strong><\/p>\n<p><em>&#8220;Na terra da B\u00edblia, guiadas pela Palavra ouvida, tocada e vivida nos lugares onde foi anunciada, escutando os rumores, vendo as cores e provando os sabores, experimentando o calor e imergindo na paisagem da Terra Santa, tivemos a oportunidade de reler a nossa vida como verdadeira hist\u00f3ria de salva\u00e7\u00e3o, e cresceu em cada uma de n\u00f3s o desejo profundo de continuar ou revisitar os fatos que constituem o fundamento da nossa f\u00e9&#8221; .<\/em><\/p>\n<p><strong>Experi\u00eancia de fraternidade humana<\/strong><\/p>\n<p><em>\u201cForam enriquecedoras as visitas \u00e0s comunidades das FMA e dos irm\u00e3os SDB da Terra Santa, e os encontros com as outras religi\u00f5es presentes nesta terra. Encontramos numerosos peregrinos, que com sua f\u00e9 nos fizeram mergulhar na tradi\u00e7\u00e3o viva de f\u00e9 dos milhares de peregrinos que ao longo da hist\u00f3ria deixaram o seu testemunho nestes lugares e, ao mesmo tempo, fizeram-nos sentir a proximidade de um Deus que quis nascer e habitar entre o seu povo&#8221;.<\/em><\/p>\n<p><strong>As ra\u00edzes b\u00edblicas do Carisma salesiano<\/strong><\/p>\n<p><em>Neste quadro, t\u00e3o radicado no cora\u00e7\u00e3o da Igreja e do Instituto, neste caminho de redescoberta da Sagrada Escritura e da sua mensagem de vida, foi muito apreciada a possibilidade de aprofundar as ra\u00edzes b\u00edblicas do nosso carisma e a sua incid\u00eancia vital na vida e miss\u00e3o dos nossos santos Fundadores. Isso fortaleceu em n\u00f3s a decis\u00e3o interior de querer responder sempre melhor ao chamado do Esp\u00edrito, como disc\u00edpulas de Jesus e verdadeiras ouvintes da sua Palavra.<\/em><\/p>\n<p><strong>O testemunho de uma mission\u00e1ria <\/strong><\/p>\n<p>Entre as participantes, estava tamb\u00e9m Ir. Alice L\u00facia Razanatoany, neo-mission\u00e1ria de Madagascar destinada \u00e0 Tun\u00edsia, que assim expressou sua gratid\u00e3o:<\/p>\n<p><em>&#8220;Para mim \u00e9 um grande presente do Instituto poder participar deste Projeto no ano em que celebro o 25\u00ba anivers\u00e1rio da minha Profiss\u00e3o religiosa e o in\u00edcio da minha vida mission\u00e1ria na Tun\u00edsia. Como na cultura de uma parte de Madagascar, antes de se casar, a menina vem conhecer o lugar do seu marido &#8216;mizaha tany&#8217; para a inser\u00e7\u00e3o na nova fam\u00edlia, assim, no in\u00edcio da minha miss\u00e3o, senti que Jesus queria me fazer conhecer mais sobre a sua vida, sua realidade, sua hist\u00f3ria e seus sentimentos para cumprir a vontade de Deus. O que vivemos n\u00e3o \u00e9 uma simples peregrina\u00e7\u00e3o, mas um encontro com uma Terra, uma Hist\u00f3ria, um Livro, a Palavra de Deus que \u00e9 uma pessoa, Jesus\u201d.<\/em><\/p>\n<p><strong>A gratid\u00e3o das participantes<\/strong><\/p>\n<p><em>\u201cNo final desta rica experi\u00eancia podemos, portanto, fazer nossas as palavras do salmista &#8216;Que alegria, quando me disseram: Vamos \u00e0 casa do Senhor! E agora os nossos p\u00e9s param \u00e0s tuas portas Jerusal\u00e9m!&#8217; (Salmo 122). E com esta alegria agradecemos a Deus, \u00e0 Madre e ao seu Conselho, \u00e0s nossas Inspetorias e \u00e0s nossas Comunidades de perten\u00e7a, que nos deram este dom precioso que constitui um v\u00e1lido meio de renova\u00e7\u00e3o vital para cada uma de n\u00f3s e para as nossas Inspetorias&#8221;.<\/em><\/p>\n\r\n                <style type=\"text\/css\">\r\n                    \r\n                    #tdi_1  .td-doubleSlider-2 .td-item1 {\r\n                        background: url(https:\/\/www.cgfmanet.org\/wp-content\/uploads\/2023\/07\/PROGETTO-GERUSALEMME-2023_2-80x60.jpg) 0 0 no-repeat;\r\n                    }\r\n                    #tdi_1  .td-doubleSlider-2 .td-item2 {\r\n                        background: url(https:\/\/www.cgfmanet.org\/wp-content\/uploads\/2023\/07\/PROGETTO-GERUSALEMME-2023_1-80x60.jpg) 0 0 no-repeat;\r\n                    }\r\n                    #tdi_1  .td-doubleSlider-2 .td-item3 {\r\n                        background: url(https:\/\/www.cgfmanet.org\/wp-content\/uploads\/2023\/07\/PROGETTO-GERUSALEMME-2023_3-80x60.jpg) 0 0 no-repeat;\r\n                    }\r\n                <\/style>\r\n\r\n                <div id=\"tdi_1\" class=\"td-gallery td-slide-on-2-columns\">\r\n                    <div class=\"post_td_gallery\">\r\n                        <div class=\"td-gallery-slide-top\">\r\n                           <div class=\"td-gallery-title\"><\/div>\r\n\r\n                            <div class=\"td-gallery-controls-wrapper\">\r\n                                <div class=\"td-gallery-slide-count\"><span class=\"td-gallery-slide-item-focus\">1<\/span> do 3<\/div>\r\n                                <div class=\"td-gallery-slide-prev-next-but\">\r\n                                    <i class = \"td-icon-left doubleSliderPrevButton\"><\/i>\r\n                                    <i class = \"td-icon-right doubleSliderNextButton\"><\/i>\r\n                                <\/div>\r\n                            <\/div>\r\n                        <\/div>\r\n\r\n                        <div class = \"td-doubleSlider-1 \">\r\n                            <div class = \"td-slider\">\r\n                                \r\n                    <div class = \"td-slide-item td-item1\">\r\n                        <figure class=\"td-slide-galery-figure td-slide-popup-gallery\">\r\n                            <a class=\"slide-gallery-image-link\" href=\"https:\/\/www.cgfmanet.org\/wp-content\/uploads\/2023\/07\/PROGETTO-GERUSALEMME-2023_2.jpg\" title=\"PROGETTO GERUSALEMME 2023_2\"  data-caption=\"\"  data-description=\"\">\r\n                                <img decoding=\"async\" data-src=\"https:\/\/www.cgfmanet.org\/wp-content\/uploads\/2023\/07\/PROGETTO-GERUSALEMME-2023_2-630x420.jpg\" data-srcset=\"https:\/\/www.cgfmanet.org\/wp-content\/uploads\/2023\/07\/PROGETTO-GERUSALEMME-2023_2-630x420.jpg 630w, https:\/\/www.cgfmanet.org\/wp-content\/uploads\/2023\/07\/PROGETTO-GERUSALEMME-2023_2-768x512.jpg 768w, https:\/\/www.cgfmanet.org\/wp-content\/uploads\/2023\/07\/PROGETTO-GERUSALEMME-2023_2-696x464.jpg 696w, https:\/\/www.cgfmanet.org\/wp-content\/uploads\/2023\/07\/PROGETTO-GERUSALEMME-2023_2.jpg 1181w\" data-sizes=\"auto\" alt=\"\" src=\"data:image\/svg+xml;base64,PHN2ZyB3aWR0aD0iMSIgaGVpZ2h0PSIxIiB4bWxucz0iaHR0cDovL3d3dy53My5vcmcvMjAwMC9zdmciPjwvc3ZnPg==\" class=\"lazyload\" style=\"--smush-placeholder-width: 630px; --smush-placeholder-aspect-ratio: 630\/420;\" data-original-sizes=\"(max-width: 630px) 100vw, 630px\">\r\n                            <\/a>\r\n                            \r\n                        <\/figure>\r\n                    <\/div>\r\n                    <div class = \"td-slide-item td-item2\">\r\n                        <figure class=\"td-slide-galery-figure td-slide-popup-gallery\">\r\n                            <a class=\"slide-gallery-image-link\" href=\"https:\/\/www.cgfmanet.org\/wp-content\/uploads\/2023\/07\/PROGETTO-GERUSALEMME-2023_1.jpg\" title=\"PROGETTO GERUSALEMME 2023_1\"  data-caption=\"\"  data-description=\"\">\r\n                                <img decoding=\"async\" data-src=\"https:\/\/www.cgfmanet.org\/wp-content\/uploads\/2023\/07\/PROGETTO-GERUSALEMME-2023_1-629x420.jpg\" data-srcset=\"https:\/\/www.cgfmanet.org\/wp-content\/uploads\/2023\/07\/PROGETTO-GERUSALEMME-2023_1-629x420.jpg 629w, https:\/\/www.cgfmanet.org\/wp-content\/uploads\/2023\/07\/PROGETTO-GERUSALEMME-2023_1-768x512.jpg 768w, https:\/\/www.cgfmanet.org\/wp-content\/uploads\/2023\/07\/PROGETTO-GERUSALEMME-2023_1-696x464.jpg 696w, https:\/\/www.cgfmanet.org\/wp-content\/uploads\/2023\/07\/PROGETTO-GERUSALEMME-2023_1.jpg 1175w\" data-sizes=\"auto\" alt=\"\" src=\"data:image\/svg+xml;base64,PHN2ZyB3aWR0aD0iMSIgaGVpZ2h0PSIxIiB4bWxucz0iaHR0cDovL3d3dy53My5vcmcvMjAwMC9zdmciPjwvc3ZnPg==\" class=\"lazyload\" style=\"--smush-placeholder-width: 629px; --smush-placeholder-aspect-ratio: 629\/420;\" data-original-sizes=\"(max-width: 629px) 100vw, 629px\">\r\n                            <\/a>\r\n                            \r\n                        <\/figure>\r\n                    <\/div>\r\n                    <div class = \"td-slide-item td-item3\">\r\n                        <figure class=\"td-slide-galery-figure td-slide-popup-gallery\">\r\n                            <a class=\"slide-gallery-image-link\" href=\"https:\/\/www.cgfmanet.org\/wp-content\/uploads\/2023\/07\/PROGETTO-GERUSALEMME-2023_3.jpg\" title=\"PROGETTO GERUSALEMME 2023_3\"  data-caption=\"\"  data-description=\"\">\r\n                                <img decoding=\"async\" data-src=\"https:\/\/www.cgfmanet.org\/wp-content\/uploads\/2023\/07\/PROGETTO-GERUSALEMME-2023_3-689x420.jpg\" data-srcset=\"https:\/\/www.cgfmanet.org\/wp-content\/uploads\/2023\/07\/PROGETTO-GERUSALEMME-2023_3-689x420.jpg 689w, https:\/\/www.cgfmanet.org\/wp-content\/uploads\/2023\/07\/PROGETTO-GERUSALEMME-2023_3-768x468.jpg 768w, https:\/\/www.cgfmanet.org\/wp-content\/uploads\/2023\/07\/PROGETTO-GERUSALEMME-2023_3-696x424.jpg 696w, https:\/\/www.cgfmanet.org\/wp-content\/uploads\/2023\/07\/PROGETTO-GERUSALEMME-2023_3.jpg 1181w\" data-sizes=\"auto\" alt=\"\" src=\"data:image\/svg+xml;base64,PHN2ZyB3aWR0aD0iMSIgaGVpZ2h0PSIxIiB4bWxucz0iaHR0cDovL3d3dy53My5vcmcvMjAwMC9zdmciPjwvc3ZnPg==\" class=\"lazyload\" style=\"--smush-placeholder-width: 689px; --smush-placeholder-aspect-ratio: 689\/420;\" data-original-sizes=\"(max-width: 689px) 100vw, 689px\">\r\n                            <\/a>\r\n                            \r\n                        <\/figure>\r\n                    <\/div>\r\n                            <\/div>\r\n                        <\/div>\r\n\r\n                        <div class = \"td-doubleSlider-2\">\r\n                            <div class = \"td-slider\">\r\n                                \r\n                    <div class = \"td-button td-item1\">\r\n                        <div class = \"td-border\"><\/div>\r\n                    <\/div>\r\n                    <div class = \"td-button td-item2\">\r\n                        <div class = \"td-border\"><\/div>\r\n                    <\/div>\r\n                    <div class = \"td-button td-item3\">\r\n                        <div class = \"td-border\"><\/div>\r\n                    <\/div>\r\n                            <\/div>\r\n                        <\/div>\r\n\r\n                    <\/div>\r\n\r\n                <\/div>\r\n                \n","protected":false},"excerpt":{"rendered":"<p>Jerusal\u00e9m (Israel). De 1\u00ba de junho a 10 de julho, na Casa S\u00e3o Jo\u00e3o Bosco de Jerusal\u00e9m, Inspetoria Jesus Adolescente (MOR), 18 Filhas de Maria Auxiliadora de 12 Inspetorias do [&hellip;]<\/p>\n","protected":false},"author":21,"featured_media":92994,"comment_status":"open","ping_status":"closed","sticky":false,"template":"","format":"standard","meta":{"footnotes":""},"categories":[166,159],"tags":[1275,1377,1665,1930,2147,2167],"class_list":["post-92984","post","type-post","status-publish","format-standard","has-post-thumbnail","category-carisma-salesiano-pt","category-ifma-pt-pt","tag-mor-pt-pt","tag-projeto-jerusalem","tag-spiritualita-salesiana-pt-pt","tag-focus-pt-pt","tag-preghiera-pt-pt","tag-formazione-pt-pt"],"yoast_head":"<!-- This site is optimized with the Yoast SEO plugin v27.4 - https:\/\/yoast.com\/product\/yoast-seo-wordpress\/ -->\n<title>Projeto Jerusal\u00e9m 2023 &#8226; Istituto Figlie di Maria Ausiliatrice<\/title>\n<meta name=\"description\" content=\"De 1\u00ba de junho a 10 de julho de 2023, 18 Filhas de Maria Auxiliadora de 12 Inspetorias do mundo viveram a experi\u00eancia do 24\u00ba Projeto Jerusal\u00e9m.\" \/>\n<meta name=\"robots\" content=\"index, follow, max-snippet:-1, max-image-preview:large, max-video-preview:-1\" \/>\n<link rel=\"canonical\" href=\"https:\/\/www.cgfmanet.org\/pt-pt\/ifma-pt-pt\/projeto-jerusalem-2023\/\" \/>\n<meta property=\"og:locale\" content=\"pt_PT\" \/>\n<meta property=\"og:type\" content=\"article\" \/>\n<meta property=\"og:title\" content=\"Projeto Jerusal\u00e9m 2023 &#8226; Istituto Figlie di Maria Ausiliatrice\" \/>\n<meta property=\"og:description\" content=\"De 1\u00ba de junho a 10 de julho de 2023, 18 Filhas de Maria Auxiliadora de 12 Inspetorias do mundo viveram a experi\u00eancia do 24\u00ba Projeto Jerusal\u00e9m.\" \/>\n<meta property=\"og:url\" content=\"https:\/\/www.cgfmanet.org\/pt-pt\/ifma-pt-pt\/projeto-jerusalem-2023\/\" \/>\n<meta property=\"og:site_name\" content=\"Istituto Figlie di Maria Ausiliatrice\" \/>\n<meta property=\"article:publisher\" content=\"https:\/\/www.facebook.com\/salesian.sisters.of.don.bosco\/\" \/>\n<meta property=\"article:published_time\" content=\"2023-07-12T09:08:16+00:00\" \/>\n<meta property=\"article:modified_time\" content=\"2023-07-15T20:33:29+00:00\" \/>\n<meta property=\"og:image\" content=\"https:\/\/www.cgfmanet.org\/wp-content\/uploads\/2023\/07\/PROGETTO-GERUSALEMME-2023_1.jpg\" \/>\n\t<meta property=\"og:image:width\" content=\"1175\" \/>\n\t<meta property=\"og:image:height\" content=\"784\" \/>\n\t<meta property=\"og:image:type\" content=\"image\/jpeg\" \/>\n<meta name=\"author\" content=\"Redazione\" \/>\n<meta name=\"twitter:card\" content=\"summary_large_image\" \/>\n<meta name=\"twitter:creator\" content=\"@Cgfmanet_Org\" \/>\n<meta name=\"twitter:site\" content=\"@Cgfmanet_Org\" \/>\n<meta name=\"twitter:label1\" content=\"Escrito por\" \/>\n\t<meta name=\"twitter:data1\" content=\"Redazione\" \/>\n\t<meta name=\"twitter:label2\" content=\"Tempo estimado de leitura\" \/>\n\t<meta name=\"twitter:data2\" content=\"6 minutos\" \/>\n<script type=\"application\/ld+json\" class=\"yoast-schema-graph\">{\"@context\":\"https:\\\/\\\/schema.org\",\"@graph\":[{\"@type\":\"Article\",\"@id\":\"https:\\\/\\\/www.cgfmanet.org\\\/pt-pt\\\/ifma-pt-pt\\\/projeto-jerusalem-2023\\\/#article\",\"isPartOf\":{\"@id\":\"https:\\\/\\\/www.cgfmanet.org\\\/pt-pt\\\/ifma-pt-pt\\\/projeto-jerusalem-2023\\\/\"},\"author\":{\"name\":\"Redazione\",\"@id\":\"https:\\\/\\\/www.cgfmanet.org\\\/es\\\/#\\\/schema\\\/person\\\/ce6473083f53ef0ef882cca23f0c8fb9\"},\"headline\":\"Projeto Jerusal\u00e9m 2023\",\"datePublished\":\"2023-07-12T09:08:16+00:00\",\"dateModified\":\"2023-07-15T20:33:29+00:00\",\"mainEntityOfPage\":{\"@id\":\"https:\\\/\\\/www.cgfmanet.org\\\/pt-pt\\\/ifma-pt-pt\\\/projeto-jerusalem-2023\\\/\"},\"wordCount\":1079,\"commentCount\":0,\"publisher\":{\"@id\":\"https:\\\/\\\/www.cgfmanet.org\\\/es\\\/#organization\"},\"image\":{\"@id\":\"https:\\\/\\\/www.cgfmanet.org\\\/pt-pt\\\/ifma-pt-pt\\\/projeto-jerusalem-2023\\\/#primaryimage\"},\"thumbnailUrl\":\"https:\\\/\\\/www.cgfmanet.org\\\/wp-content\\\/uploads\\\/2023\\\/07\\\/PROGETTO-GERUSALEMME-2023_1.jpg\",\"keywords\":[\"MOR\",\"Projeto Jerusal\u00e9m\",\"Spiritualit\u00e0 Salesiana\",\"Focus\",\"Preghiera\",\"Formazione\"],\"articleSection\":[\"Carisma Salesiano\",\"IFMA\"],\"inLanguage\":\"pt-PT\",\"potentialAction\":[{\"@type\":\"CommentAction\",\"name\":\"Comment\",\"target\":[\"https:\\\/\\\/www.cgfmanet.org\\\/pt-pt\\\/ifma-pt-pt\\\/projeto-jerusalem-2023\\\/#respond\"]}]},{\"@type\":\"WebPage\",\"@id\":\"https:\\\/\\\/www.cgfmanet.org\\\/pt-pt\\\/ifma-pt-pt\\\/projeto-jerusalem-2023\\\/\",\"url\":\"https:\\\/\\\/www.cgfmanet.org\\\/pt-pt\\\/ifma-pt-pt\\\/projeto-jerusalem-2023\\\/\",\"name\":\"Projeto Jerusal\u00e9m 2023 &#8226; Istituto Figlie di Maria Ausiliatrice\",\"isPartOf\":{\"@id\":\"https:\\\/\\\/www.cgfmanet.org\\\/es\\\/#website\"},\"primaryImageOfPage\":{\"@id\":\"https:\\\/\\\/www.cgfmanet.org\\\/pt-pt\\\/ifma-pt-pt\\\/projeto-jerusalem-2023\\\/#primaryimage\"},\"image\":{\"@id\":\"https:\\\/\\\/www.cgfmanet.org\\\/pt-pt\\\/ifma-pt-pt\\\/projeto-jerusalem-2023\\\/#primaryimage\"},\"thumbnailUrl\":\"https:\\\/\\\/www.cgfmanet.org\\\/wp-content\\\/uploads\\\/2023\\\/07\\\/PROGETTO-GERUSALEMME-2023_1.jpg\",\"datePublished\":\"2023-07-12T09:08:16+00:00\",\"dateModified\":\"2023-07-15T20:33:29+00:00\",\"description\":\"De 1\u00ba de junho a 10 de julho de 2023, 18 Filhas de Maria Auxiliadora de 12 Inspetorias do mundo viveram a experi\u00eancia do 24\u00ba Projeto Jerusal\u00e9m.\",\"breadcrumb\":{\"@id\":\"https:\\\/\\\/www.cgfmanet.org\\\/pt-pt\\\/ifma-pt-pt\\\/projeto-jerusalem-2023\\\/#breadcrumb\"},\"inLanguage\":\"pt-PT\",\"potentialAction\":[{\"@type\":\"ReadAction\",\"target\":[\"https:\\\/\\\/www.cgfmanet.org\\\/pt-pt\\\/ifma-pt-pt\\\/projeto-jerusalem-2023\\\/\"]}]},{\"@type\":\"ImageObject\",\"inLanguage\":\"pt-PT\",\"@id\":\"https:\\\/\\\/www.cgfmanet.org\\\/pt-pt\\\/ifma-pt-pt\\\/projeto-jerusalem-2023\\\/#primaryimage\",\"url\":\"https:\\\/\\\/www.cgfmanet.org\\\/wp-content\\\/uploads\\\/2023\\\/07\\\/PROGETTO-GERUSALEMME-2023_1.jpg\",\"contentUrl\":\"https:\\\/\\\/www.cgfmanet.org\\\/wp-content\\\/uploads\\\/2023\\\/07\\\/PROGETTO-GERUSALEMME-2023_1.jpg\",\"width\":1175,\"height\":784},{\"@type\":\"BreadcrumbList\",\"@id\":\"https:\\\/\\\/www.cgfmanet.org\\\/pt-pt\\\/ifma-pt-pt\\\/projeto-jerusalem-2023\\\/#breadcrumb\",\"itemListElement\":[{\"@type\":\"ListItem\",\"position\":1,\"name\":\"Home\",\"item\":\"https:\\\/\\\/www.cgfmanet.org\\\/pt-pt\\\/\"},{\"@type\":\"ListItem\",\"position\":2,\"name\":\"Projeto Jerusal\u00e9m 2023\"}]},{\"@type\":\"WebSite\",\"@id\":\"https:\\\/\\\/www.cgfmanet.org\\\/es\\\/#website\",\"url\":\"https:\\\/\\\/www.cgfmanet.org\\\/es\\\/\",\"name\":\"Istituto Figlie di Maria Ausiliatrice\",\"description\":\"Salesiane di Don Bosco\",\"publisher\":{\"@id\":\"https:\\\/\\\/www.cgfmanet.org\\\/es\\\/#organization\"},\"potentialAction\":[{\"@type\":\"SearchAction\",\"target\":{\"@type\":\"EntryPoint\",\"urlTemplate\":\"https:\\\/\\\/www.cgfmanet.org\\\/es\\\/?s={search_term_string}\"},\"query-input\":{\"@type\":\"PropertyValueSpecification\",\"valueRequired\":true,\"valueName\":\"search_term_string\"}}],\"inLanguage\":\"pt-PT\"},{\"@type\":\"Organization\",\"@id\":\"https:\\\/\\\/www.cgfmanet.org\\\/es\\\/#organization\",\"name\":\"Istituto Figlie di Maria Ausiliatrice\",\"url\":\"https:\\\/\\\/www.cgfmanet.org\\\/es\\\/\",\"logo\":{\"@type\":\"ImageObject\",\"inLanguage\":\"pt-PT\",\"@id\":\"https:\\\/\\\/www.cgfmanet.org\\\/es\\\/#\\\/schema\\\/logo\\\/image\\\/\",\"url\":\"https:\\\/\\\/www.cgfmanet.org\\\/wp-content\\\/uploads\\\/2018\\\/10\\\/logo-fma.png\",\"contentUrl\":\"https:\\\/\\\/www.cgfmanet.org\\\/wp-content\\\/uploads\\\/2018\\\/10\\\/logo-fma.png\",\"width\":214,\"height\":55,\"caption\":\"Istituto Figlie di Maria Ausiliatrice\"},\"image\":{\"@id\":\"https:\\\/\\\/www.cgfmanet.org\\\/es\\\/#\\\/schema\\\/logo\\\/image\\\/\"},\"sameAs\":[\"https:\\\/\\\/www.facebook.com\\\/salesian.sisters.of.don.bosco\\\/\",\"https:\\\/\\\/x.com\\\/Cgfmanet_Org\",\"https:\\\/\\\/www.youtube.com\\\/channel\\\/UCmcr8yFQBV7JXeXVxyV9y5Q\"]},{\"@type\":\"Person\",\"@id\":\"https:\\\/\\\/www.cgfmanet.org\\\/es\\\/#\\\/schema\\\/person\\\/ce6473083f53ef0ef882cca23f0c8fb9\",\"name\":\"Redazione\"}]}<\/script>\n<!-- \/ Yoast SEO plugin. -->","yoast_head_json":{"title":"Projeto Jerusal\u00e9m 2023 &#8226; Istituto Figlie di Maria Ausiliatrice","description":"De 1\u00ba de junho a 10 de julho de 2023, 18 Filhas de Maria Auxiliadora de 12 Inspetorias do mundo viveram a experi\u00eancia do 24\u00ba Projeto Jerusal\u00e9m.","robots":{"index":"index","follow":"follow","max-snippet":"max-snippet:-1","max-image-preview":"max-image-preview:large","max-video-preview":"max-video-preview:-1"},"canonical":"https:\/\/www.cgfmanet.org\/pt-pt\/ifma-pt-pt\/projeto-jerusalem-2023\/","og_locale":"pt_PT","og_type":"article","og_title":"Projeto Jerusal\u00e9m 2023 &#8226; Istituto Figlie di Maria Ausiliatrice","og_description":"De 1\u00ba de junho a 10 de julho de 2023, 18 Filhas de Maria Auxiliadora de 12 Inspetorias do mundo viveram a experi\u00eancia do 24\u00ba Projeto Jerusal\u00e9m.","og_url":"https:\/\/www.cgfmanet.org\/pt-pt\/ifma-pt-pt\/projeto-jerusalem-2023\/","og_site_name":"Istituto Figlie di Maria Ausiliatrice","article_publisher":"https:\/\/www.facebook.com\/salesian.sisters.of.don.bosco\/","article_published_time":"2023-07-12T09:08:16+00:00","article_modified_time":"2023-07-15T20:33:29+00:00","og_image":[{"width":1175,"height":784,"url":"https:\/\/www.cgfmanet.org\/wp-content\/uploads\/2023\/07\/PROGETTO-GERUSALEMME-2023_1.jpg","type":"image\/jpeg"}],"author":"Redazione","twitter_card":"summary_large_image","twitter_creator":"@Cgfmanet_Org","twitter_site":"@Cgfmanet_Org","twitter_misc":{"Escrito por":"Redazione","Tempo estimado de leitura":"6 minutos"},"schema":{"@context":"https:\/\/schema.org","@graph":[{"@type":"Article","@id":"https:\/\/www.cgfmanet.org\/pt-pt\/ifma-pt-pt\/projeto-jerusalem-2023\/#article","isPartOf":{"@id":"https:\/\/www.cgfmanet.org\/pt-pt\/ifma-pt-pt\/projeto-jerusalem-2023\/"},"author":{"name":"Redazione","@id":"https:\/\/www.cgfmanet.org\/es\/#\/schema\/person\/ce6473083f53ef0ef882cca23f0c8fb9"},"headline":"Projeto Jerusal\u00e9m 2023","datePublished":"2023-07-12T09:08:16+00:00","dateModified":"2023-07-15T20:33:29+00:00","mainEntityOfPage":{"@id":"https:\/\/www.cgfmanet.org\/pt-pt\/ifma-pt-pt\/projeto-jerusalem-2023\/"},"wordCount":1079,"commentCount":0,"publisher":{"@id":"https:\/\/www.cgfmanet.org\/es\/#organization"},"image":{"@id":"https:\/\/www.cgfmanet.org\/pt-pt\/ifma-pt-pt\/projeto-jerusalem-2023\/#primaryimage"},"thumbnailUrl":"https:\/\/www.cgfmanet.org\/wp-content\/uploads\/2023\/07\/PROGETTO-GERUSALEMME-2023_1.jpg","keywords":["MOR","Projeto Jerusal\u00e9m","Spiritualit\u00e0 Salesiana","Focus","Preghiera","Formazione"],"articleSection":["Carisma Salesiano","IFMA"],"inLanguage":"pt-PT","potentialAction":[{"@type":"CommentAction","name":"Comment","target":["https:\/\/www.cgfmanet.org\/pt-pt\/ifma-pt-pt\/projeto-jerusalem-2023\/#respond"]}]},{"@type":"WebPage","@id":"https:\/\/www.cgfmanet.org\/pt-pt\/ifma-pt-pt\/projeto-jerusalem-2023\/","url":"https:\/\/www.cgfmanet.org\/pt-pt\/ifma-pt-pt\/projeto-jerusalem-2023\/","name":"Projeto Jerusal\u00e9m 2023 &#8226; Istituto Figlie di Maria Ausiliatrice","isPartOf":{"@id":"https:\/\/www.cgfmanet.org\/es\/#website"},"primaryImageOfPage":{"@id":"https:\/\/www.cgfmanet.org\/pt-pt\/ifma-pt-pt\/projeto-jerusalem-2023\/#primaryimage"},"image":{"@id":"https:\/\/www.cgfmanet.org\/pt-pt\/ifma-pt-pt\/projeto-jerusalem-2023\/#primaryimage"},"thumbnailUrl":"https:\/\/www.cgfmanet.org\/wp-content\/uploads\/2023\/07\/PROGETTO-GERUSALEMME-2023_1.jpg","datePublished":"2023-07-12T09:08:16+00:00","dateModified":"2023-07-15T20:33:29+00:00","description":"De 1\u00ba de junho a 10 de julho de 2023, 18 Filhas de Maria Auxiliadora de 12 Inspetorias do mundo viveram a experi\u00eancia do 24\u00ba Projeto Jerusal\u00e9m.","breadcrumb":{"@id":"https:\/\/www.cgfmanet.org\/pt-pt\/ifma-pt-pt\/projeto-jerusalem-2023\/#breadcrumb"},"inLanguage":"pt-PT","potentialAction":[{"@type":"ReadAction","target":["https:\/\/www.cgfmanet.org\/pt-pt\/ifma-pt-pt\/projeto-jerusalem-2023\/"]}]},{"@type":"ImageObject","inLanguage":"pt-PT","@id":"https:\/\/www.cgfmanet.org\/pt-pt\/ifma-pt-pt\/projeto-jerusalem-2023\/#primaryimage","url":"https:\/\/www.cgfmanet.org\/wp-content\/uploads\/2023\/07\/PROGETTO-GERUSALEMME-2023_1.jpg","contentUrl":"https:\/\/www.cgfmanet.org\/wp-content\/uploads\/2023\/07\/PROGETTO-GERUSALEMME-2023_1.jpg","width":1175,"height":784},{"@type":"BreadcrumbList","@id":"https:\/\/www.cgfmanet.org\/pt-pt\/ifma-pt-pt\/projeto-jerusalem-2023\/#breadcrumb","itemListElement":[{"@type":"ListItem","position":1,"name":"Home","item":"https:\/\/www.cgfmanet.org\/pt-pt\/"},{"@type":"ListItem","position":2,"name":"Projeto Jerusal\u00e9m 2023"}]},{"@type":"WebSite","@id":"https:\/\/www.cgfmanet.org\/es\/#website","url":"https:\/\/www.cgfmanet.org\/es\/","name":"Istituto Figlie di Maria Ausiliatrice","description":"Salesiane di Don Bosco","publisher":{"@id":"https:\/\/www.cgfmanet.org\/es\/#organization"},"potentialAction":[{"@type":"SearchAction","target":{"@type":"EntryPoint","urlTemplate":"https:\/\/www.cgfmanet.org\/es\/?s={search_term_string}"},"query-input":{"@type":"PropertyValueSpecification","valueRequired":true,"valueName":"search_term_string"}}],"inLanguage":"pt-PT"},{"@type":"Organization","@id":"https:\/\/www.cgfmanet.org\/es\/#organization","name":"Istituto Figlie di Maria Ausiliatrice","url":"https:\/\/www.cgfmanet.org\/es\/","logo":{"@type":"ImageObject","inLanguage":"pt-PT","@id":"https:\/\/www.cgfmanet.org\/es\/#\/schema\/logo\/image\/","url":"https:\/\/www.cgfmanet.org\/wp-content\/uploads\/2018\/10\/logo-fma.png","contentUrl":"https:\/\/www.cgfmanet.org\/wp-content\/uploads\/2018\/10\/logo-fma.png","width":214,"height":55,"caption":"Istituto Figlie di Maria Ausiliatrice"},"image":{"@id":"https:\/\/www.cgfmanet.org\/es\/#\/schema\/logo\/image\/"},"sameAs":["https:\/\/www.facebook.com\/salesian.sisters.of.don.bosco\/","https:\/\/x.com\/Cgfmanet_Org","https:\/\/www.youtube.com\/channel\/UCmcr8yFQBV7JXeXVxyV9y5Q"]},{"@type":"Person","@id":"https:\/\/www.cgfmanet.org\/es\/#\/schema\/person\/ce6473083f53ef0ef882cca23f0c8fb9","name":"Redazione"}]}},"_links":{"self":[{"href":"https:\/\/www.cgfmanet.org\/pt-pt\/wp-json\/wp\/v2\/posts\/92984","targetHints":{"allow":["GET"]}}],"collection":[{"href":"https:\/\/www.cgfmanet.org\/pt-pt\/wp-json\/wp\/v2\/posts"}],"about":[{"href":"https:\/\/www.cgfmanet.org\/pt-pt\/wp-json\/wp\/v2\/types\/post"}],"author":[{"embeddable":true,"href":"https:\/\/www.cgfmanet.org\/pt-pt\/wp-json\/wp\/v2\/users\/21"}],"replies":[{"embeddable":true,"href":"https:\/\/www.cgfmanet.org\/pt-pt\/wp-json\/wp\/v2\/comments?post=92984"}],"version-history":[{"count":0,"href":"https:\/\/www.cgfmanet.org\/pt-pt\/wp-json\/wp\/v2\/posts\/92984\/revisions"}],"wp:featuredmedia":[{"embeddable":true,"href":"https:\/\/www.cgfmanet.org\/pt-pt\/wp-json\/wp\/v2\/media\/92994"}],"wp:attachment":[{"href":"https:\/\/www.cgfmanet.org\/pt-pt\/wp-json\/wp\/v2\/media?parent=92984"}],"wp:term":[{"taxonomy":"category","embeddable":true,"href":"https:\/\/www.cgfmanet.org\/pt-pt\/wp-json\/wp\/v2\/categories?post=92984"},{"taxonomy":"post_tag","embeddable":true,"href":"https:\/\/www.cgfmanet.org\/pt-pt\/wp-json\/wp\/v2\/tags?post=92984"}],"curies":[{"name":"wp","href":"https:\/\/api.w.org\/{rel}","templated":true}]}}