{"id":87037,"date":"2023-03-15T11:40:46","date_gmt":"2023-03-15T10:40:46","guid":{"rendered":"https:\/\/www.cgfmanet.org\/infosfera-pt-pt\/san-giuseppe-modello-di-autorita-e-paternita\/"},"modified":"2023-03-15T17:18:28","modified_gmt":"2023-03-15T16:18:28","slug":"sao-jose-modelo-de-autoridade-e-paternidade","status":"publish","type":"post","link":"https:\/\/www.cgfmanet.org\/pt-pt\/infosfera-pt-pt\/sao-jose-modelo-de-autoridade-e-paternidade\/","title":{"rendered":"S\u00e3o Jos\u00e9 modelo de autoridade e paternidade"},"content":{"rendered":"<p><strong>Roma (It\u00e1lia).<\/strong> No dia 19 de mar\u00e7o de 2023 celebra-se a Solenidade de S\u00e3o Jos\u00e9, festa lit\u00fargica fortemente sentida pelas Filhas de Maria Auxiliadora, que a receberam de Dom Bosco como patrono do Instituto. Habitualmente recorre-se a ele para lhe confiar as viagens, as necessidades econ\u00f4micas das obras, as dificuldades associadas \u00e0s rela\u00e7\u00f5es com as institui\u00e7\u00f5es civis, e tamb\u00e9m a vida interior, os momentos \u00faltimos da peregrina\u00e7\u00e3o terrena.<\/p>\n<p><strong>Neste tempo em que a Igreja vive o caminho do S\u00ednodo sobre sinodalidade, S\u00e3o Jos\u00e9 \u00e9 modelo de autoridade e paternidade para as comunidades empenhadas neste processo de reflex\u00e3o e transforma\u00e7\u00e3o.<\/strong><\/p>\n<p>O Papa Francisco, na Carta Apost\u00f3lica &#8220;Patris Corde&#8221;, publicada por ocasi\u00e3o do 150\u00ba anivers\u00e1rio da declara\u00e7\u00e3o de S\u00e3o Jos\u00e9 como patrono da Igreja universal, citando S\u00e3o Paulo VI destaca que a sua paternidade se expressa concretamente <em>&#8220;em ter feito da sua vida um servi\u00e7o, um sacrif\u00edcio, ao mist\u00e9rio da encarna\u00e7\u00e3o e \u00e0 miss\u00e3o redentora a que est\u00e1 ligada; em ter usado a autoridade legal que lhe pertencia sobre a Sagrada Fam\u00edlia, para fazer-lhe total dom de si, da sua vida, do seu trabalho; em ter convertido a sua humana voca\u00e7\u00e3o ao amor dom\u00e9stico na sobre-humana obla\u00e7\u00e3o de si, do seu cora\u00e7\u00e3o e de toda capacidade, no amor posto a servi\u00e7o do Messias germinado na sua casa\u00bb.<\/em><\/p>\n<p>E, portanto, antes de tudo &#8220;pai amado&#8221; porque \u00e9 exemplo silencioso e luminoso de autoridade que acolhe a Vida gerada pelo Esp\u00edrito Santo em Maria e dela cuida, na l\u00f3gica da gradual retirada para deixar espa\u00e7o ao Outro. Jos\u00e9 n\u00e3o renuncia ao seu papel perante o inesperado mist\u00e9rio que se precipita na sua vida, mas o rel\u00ea criativamente \u00e0 luz da F\u00e9. Ele por primeiro deixa-se transformar pela Palavra que, atrav\u00e9s do anjo, de noite, em sonho o alcan\u00e7a. Colhe no imprevis\u00edvel, uma oportunidade para viver de modo in\u00e9dito a tarefa de esposo e de pai, renunciando corajosamente a modelos usuais e reconhecidos como v\u00e1lidos pela opini\u00e3o comum.<\/p>\n<p>O Papa Francisco sublinha ainda: <em>\u201cA felicidade de Jos\u00e9 n\u00e3o est\u00e1 na l\u00f3gica do sacrif\u00edcio de si, mas no dom de si. N\u00e3o se percebe nunca neste homem frustra\u00e7\u00e3o, mas apenas confian\u00e7a. O seu persistente sil\u00eancio n\u00e3o contempla lamenta\u00e7\u00f5es, mas sempre gestos concretos de confian\u00e7a. O mundo tem necessidade de pais, rejeita os patr\u00f5es, ou seja, rejeita quem quer usar a posse do outro para preencher o pr\u00f3prio vazio; rejeita aqueles que confundem autoridade com autoritarismo, servi\u00e7o com servilismo, confronto com opress\u00e3o, caridade com assistencialismo, for\u00e7a com destrui\u00e7\u00e3o. Toda verdadeira voca\u00e7\u00e3o nasce do dom de si, que \u00e9 o amadurecimento do simples sacrif\u00edcio. Tamb\u00e9m no sacerd\u00f3cio e na vida consagrada requer-se este tipo de maturidade. Ali onde uma voca\u00e7\u00e3o, matrimonial, celibat\u00e1ria ou virginal, n\u00e3o atinge a maturidade do dom de si parando apenas na l\u00f3gica do sacrif\u00edcio, ent\u00e3o, ao inv\u00e9s de ser sinal da beleza e da alegria do amor, corre o risco de expressar infelicidade, tristeza e frustra\u00e7\u00e3o&#8221;.<\/em><\/p>\n<p>Como se sabe, a palavra \u201cautoridade\u201d na sua etimologia associa-se ao verbo latino \u201caugere\u201d que significa \u201cfazer crescer\u201d. S\u00f3 quem torna o outro mais aut\u00eantico, livre, criativo exerce autoridade. Quem n\u00e3o sabe recuar, renunciando a si mesmo no sentido evang\u00e9lico, exerce um poder. Porque \u00e9 pr\u00f3prio do poder dividir, opor, isolar. N\u00e3o existe poder bom.<\/p>\n","protected":false},"excerpt":{"rendered":"<p>Roma (It\u00e1lia). No dia 19 de mar\u00e7o de 2023 celebra-se a Solenidade de S\u00e3o Jos\u00e9, festa lit\u00fargica fortemente sentida pelas Filhas de Maria Auxiliadora, que a receberam de Dom Bosco [&hellip;]<\/p>\n","protected":false},"author":21,"featured_media":87032,"comment_status":"open","ping_status":"closed","sticky":false,"template":"","format":"standard","meta":{"footnotes":""},"categories":[38,189],"tags":[1460,1930,2282,2302],"class_list":["post-87037","post","type-post","status-publish","format-standard","has-post-thumbnail","category-infosfera-pt-pt","category-igreja","tag-sinodalidade","tag-focus-pt-pt","tag-ifma-pt-pt","tag-sao-jose"],"yoast_head":"<!-- This site is optimized with the Yoast SEO plugin v27.4 - https:\/\/yoast.com\/product\/yoast-seo-wordpress\/ -->\n<title>S\u00e3o Jos\u00e9 modelo de autoridade e paternidade &#8226; Istituto Figlie di Maria Ausiliatrice<\/title>\n<meta name=\"description\" content=\"No dia 19 de mar\u00e7o de 2023 celebra-se a Solenidade de S\u00e3o Jos\u00e9, modelo de autoridade e paternidade para as Comunidades empenhadas no caminho sinodal.\" \/>\n<meta name=\"robots\" content=\"index, follow, max-snippet:-1, max-image-preview:large, max-video-preview:-1\" \/>\n<link rel=\"canonical\" href=\"https:\/\/www.cgfmanet.org\/pt-pt\/infosfera-pt-pt\/sao-jose-modelo-de-autoridade-e-paternidade\/\" \/>\n<meta property=\"og:locale\" content=\"pt_PT\" \/>\n<meta property=\"og:type\" content=\"article\" \/>\n<meta property=\"og:title\" content=\"S\u00e3o Jos\u00e9 modelo de autoridade e paternidade &#8226; Istituto Figlie di Maria Ausiliatrice\" \/>\n<meta property=\"og:description\" content=\"No dia 19 de mar\u00e7o de 2023 celebra-se a Solenidade de S\u00e3o Jos\u00e9, modelo de autoridade e paternidade para as Comunidades empenhadas no caminho sinodal.\" \/>\n<meta property=\"og:url\" content=\"https:\/\/www.cgfmanet.org\/pt-pt\/infosfera-pt-pt\/sao-jose-modelo-de-autoridade-e-paternidade\/\" \/>\n<meta property=\"og:site_name\" content=\"Istituto Figlie di Maria Ausiliatrice\" \/>\n<meta property=\"article:publisher\" content=\"https:\/\/www.facebook.com\/salesian.sisters.of.don.bosco\/\" \/>\n<meta property=\"article:published_time\" content=\"2023-03-15T10:40:46+00:00\" \/>\n<meta property=\"article:modified_time\" content=\"2023-03-15T16:18:28+00:00\" \/>\n<meta property=\"og:image\" content=\"https:\/\/www.cgfmanet.org\/wp-content\/uploads\/2023\/03\/San-Giuseppe-Mornese.jpg\" \/>\n\t<meta property=\"og:image:width\" content=\"1181\" \/>\n\t<meta property=\"og:image:height\" content=\"787\" \/>\n\t<meta property=\"og:image:type\" content=\"image\/jpeg\" \/>\n<meta name=\"author\" content=\"Redazione\" \/>\n<meta name=\"twitter:card\" content=\"summary_large_image\" \/>\n<meta name=\"twitter:creator\" content=\"@Cgfmanet_Org\" \/>\n<meta name=\"twitter:site\" content=\"@Cgfmanet_Org\" \/>\n<meta name=\"twitter:label1\" content=\"Escrito por\" \/>\n\t<meta name=\"twitter:data1\" content=\"Redazione\" \/>\n\t<meta name=\"twitter:label2\" content=\"Tempo estimado de leitura\" \/>\n\t<meta name=\"twitter:data2\" content=\"3 minutos\" \/>\n<script type=\"application\/ld+json\" class=\"yoast-schema-graph\">{\"@context\":\"https:\\\/\\\/schema.org\",\"@graph\":[{\"@type\":\"Article\",\"@id\":\"https:\\\/\\\/www.cgfmanet.org\\\/pt-pt\\\/infosfera-pt-pt\\\/sao-jose-modelo-de-autoridade-e-paternidade\\\/#article\",\"isPartOf\":{\"@id\":\"https:\\\/\\\/www.cgfmanet.org\\\/pt-pt\\\/infosfera-pt-pt\\\/sao-jose-modelo-de-autoridade-e-paternidade\\\/\"},\"author\":{\"name\":\"Redazione\",\"@id\":\"https:\\\/\\\/www.cgfmanet.org\\\/es\\\/#\\\/schema\\\/person\\\/ce6473083f53ef0ef882cca23f0c8fb9\"},\"headline\":\"S\u00e3o Jos\u00e9 modelo de autoridade e paternidade\",\"datePublished\":\"2023-03-15T10:40:46+00:00\",\"dateModified\":\"2023-03-15T16:18:28+00:00\",\"mainEntityOfPage\":{\"@id\":\"https:\\\/\\\/www.cgfmanet.org\\\/pt-pt\\\/infosfera-pt-pt\\\/sao-jose-modelo-de-autoridade-e-paternidade\\\/\"},\"wordCount\":610,\"commentCount\":0,\"publisher\":{\"@id\":\"https:\\\/\\\/www.cgfmanet.org\\\/es\\\/#organization\"},\"image\":{\"@id\":\"https:\\\/\\\/www.cgfmanet.org\\\/pt-pt\\\/infosfera-pt-pt\\\/sao-jose-modelo-de-autoridade-e-paternidade\\\/#primaryimage\"},\"thumbnailUrl\":\"https:\\\/\\\/www.cgfmanet.org\\\/wp-content\\\/uploads\\\/2023\\\/03\\\/San-Giuseppe-Mornese.jpg\",\"keywords\":[\"Sinodalidade\",\"Focus\",\"IFMA\",\"S\u00e3o Jos\u00e9\"],\"articleSection\":[\"Infosfera\",\"Igreja\"],\"inLanguage\":\"pt-PT\",\"potentialAction\":[{\"@type\":\"CommentAction\",\"name\":\"Comment\",\"target\":[\"https:\\\/\\\/www.cgfmanet.org\\\/pt-pt\\\/infosfera-pt-pt\\\/sao-jose-modelo-de-autoridade-e-paternidade\\\/#respond\"]}]},{\"@type\":\"WebPage\",\"@id\":\"https:\\\/\\\/www.cgfmanet.org\\\/pt-pt\\\/infosfera-pt-pt\\\/sao-jose-modelo-de-autoridade-e-paternidade\\\/\",\"url\":\"https:\\\/\\\/www.cgfmanet.org\\\/pt-pt\\\/infosfera-pt-pt\\\/sao-jose-modelo-de-autoridade-e-paternidade\\\/\",\"name\":\"S\u00e3o Jos\u00e9 modelo de autoridade e paternidade &#8226; Istituto Figlie di Maria Ausiliatrice\",\"isPartOf\":{\"@id\":\"https:\\\/\\\/www.cgfmanet.org\\\/es\\\/#website\"},\"primaryImageOfPage\":{\"@id\":\"https:\\\/\\\/www.cgfmanet.org\\\/pt-pt\\\/infosfera-pt-pt\\\/sao-jose-modelo-de-autoridade-e-paternidade\\\/#primaryimage\"},\"image\":{\"@id\":\"https:\\\/\\\/www.cgfmanet.org\\\/pt-pt\\\/infosfera-pt-pt\\\/sao-jose-modelo-de-autoridade-e-paternidade\\\/#primaryimage\"},\"thumbnailUrl\":\"https:\\\/\\\/www.cgfmanet.org\\\/wp-content\\\/uploads\\\/2023\\\/03\\\/San-Giuseppe-Mornese.jpg\",\"datePublished\":\"2023-03-15T10:40:46+00:00\",\"dateModified\":\"2023-03-15T16:18:28+00:00\",\"description\":\"No dia 19 de mar\u00e7o de 2023 celebra-se a Solenidade de S\u00e3o Jos\u00e9, modelo de autoridade e paternidade para as Comunidades empenhadas no caminho sinodal.\",\"breadcrumb\":{\"@id\":\"https:\\\/\\\/www.cgfmanet.org\\\/pt-pt\\\/infosfera-pt-pt\\\/sao-jose-modelo-de-autoridade-e-paternidade\\\/#breadcrumb\"},\"inLanguage\":\"pt-PT\",\"potentialAction\":[{\"@type\":\"ReadAction\",\"target\":[\"https:\\\/\\\/www.cgfmanet.org\\\/pt-pt\\\/infosfera-pt-pt\\\/sao-jose-modelo-de-autoridade-e-paternidade\\\/\"]}]},{\"@type\":\"ImageObject\",\"inLanguage\":\"pt-PT\",\"@id\":\"https:\\\/\\\/www.cgfmanet.org\\\/pt-pt\\\/infosfera-pt-pt\\\/sao-jose-modelo-de-autoridade-e-paternidade\\\/#primaryimage\",\"url\":\"https:\\\/\\\/www.cgfmanet.org\\\/wp-content\\\/uploads\\\/2023\\\/03\\\/San-Giuseppe-Mornese.jpg\",\"contentUrl\":\"https:\\\/\\\/www.cgfmanet.org\\\/wp-content\\\/uploads\\\/2023\\\/03\\\/San-Giuseppe-Mornese.jpg\",\"width\":1181,\"height\":787},{\"@type\":\"BreadcrumbList\",\"@id\":\"https:\\\/\\\/www.cgfmanet.org\\\/pt-pt\\\/infosfera-pt-pt\\\/sao-jose-modelo-de-autoridade-e-paternidade\\\/#breadcrumb\",\"itemListElement\":[{\"@type\":\"ListItem\",\"position\":1,\"name\":\"Home\",\"item\":\"https:\\\/\\\/www.cgfmanet.org\\\/pt-pt\\\/\"},{\"@type\":\"ListItem\",\"position\":2,\"name\":\"S\u00e3o Jos\u00e9 modelo de autoridade e paternidade\"}]},{\"@type\":\"WebSite\",\"@id\":\"https:\\\/\\\/www.cgfmanet.org\\\/es\\\/#website\",\"url\":\"https:\\\/\\\/www.cgfmanet.org\\\/es\\\/\",\"name\":\"Istituto Figlie di Maria Ausiliatrice\",\"description\":\"Salesiane di Don Bosco\",\"publisher\":{\"@id\":\"https:\\\/\\\/www.cgfmanet.org\\\/es\\\/#organization\"},\"potentialAction\":[{\"@type\":\"SearchAction\",\"target\":{\"@type\":\"EntryPoint\",\"urlTemplate\":\"https:\\\/\\\/www.cgfmanet.org\\\/es\\\/?s={search_term_string}\"},\"query-input\":{\"@type\":\"PropertyValueSpecification\",\"valueRequired\":true,\"valueName\":\"search_term_string\"}}],\"inLanguage\":\"pt-PT\"},{\"@type\":\"Organization\",\"@id\":\"https:\\\/\\\/www.cgfmanet.org\\\/es\\\/#organization\",\"name\":\"Istituto Figlie di Maria Ausiliatrice\",\"url\":\"https:\\\/\\\/www.cgfmanet.org\\\/es\\\/\",\"logo\":{\"@type\":\"ImageObject\",\"inLanguage\":\"pt-PT\",\"@id\":\"https:\\\/\\\/www.cgfmanet.org\\\/es\\\/#\\\/schema\\\/logo\\\/image\\\/\",\"url\":\"https:\\\/\\\/www.cgfmanet.org\\\/wp-content\\\/uploads\\\/2018\\\/10\\\/logo-fma.png\",\"contentUrl\":\"https:\\\/\\\/www.cgfmanet.org\\\/wp-content\\\/uploads\\\/2018\\\/10\\\/logo-fma.png\",\"width\":214,\"height\":55,\"caption\":\"Istituto Figlie di Maria Ausiliatrice\"},\"image\":{\"@id\":\"https:\\\/\\\/www.cgfmanet.org\\\/es\\\/#\\\/schema\\\/logo\\\/image\\\/\"},\"sameAs\":[\"https:\\\/\\\/www.facebook.com\\\/salesian.sisters.of.don.bosco\\\/\",\"https:\\\/\\\/x.com\\\/Cgfmanet_Org\",\"https:\\\/\\\/www.youtube.com\\\/channel\\\/UCmcr8yFQBV7JXeXVxyV9y5Q\"]},{\"@type\":\"Person\",\"@id\":\"https:\\\/\\\/www.cgfmanet.org\\\/es\\\/#\\\/schema\\\/person\\\/ce6473083f53ef0ef882cca23f0c8fb9\",\"name\":\"Redazione\"}]}<\/script>\n<!-- \/ Yoast SEO plugin. -->","yoast_head_json":{"title":"S\u00e3o Jos\u00e9 modelo de autoridade e paternidade &#8226; Istituto Figlie di Maria Ausiliatrice","description":"No dia 19 de mar\u00e7o de 2023 celebra-se a Solenidade de S\u00e3o Jos\u00e9, modelo de autoridade e paternidade para as Comunidades empenhadas no caminho sinodal.","robots":{"index":"index","follow":"follow","max-snippet":"max-snippet:-1","max-image-preview":"max-image-preview:large","max-video-preview":"max-video-preview:-1"},"canonical":"https:\/\/www.cgfmanet.org\/pt-pt\/infosfera-pt-pt\/sao-jose-modelo-de-autoridade-e-paternidade\/","og_locale":"pt_PT","og_type":"article","og_title":"S\u00e3o Jos\u00e9 modelo de autoridade e paternidade &#8226; Istituto Figlie di Maria Ausiliatrice","og_description":"No dia 19 de mar\u00e7o de 2023 celebra-se a Solenidade de S\u00e3o Jos\u00e9, modelo de autoridade e paternidade para as Comunidades empenhadas no caminho sinodal.","og_url":"https:\/\/www.cgfmanet.org\/pt-pt\/infosfera-pt-pt\/sao-jose-modelo-de-autoridade-e-paternidade\/","og_site_name":"Istituto Figlie di Maria Ausiliatrice","article_publisher":"https:\/\/www.facebook.com\/salesian.sisters.of.don.bosco\/","article_published_time":"2023-03-15T10:40:46+00:00","article_modified_time":"2023-03-15T16:18:28+00:00","og_image":[{"width":1181,"height":787,"url":"https:\/\/www.cgfmanet.org\/wp-content\/uploads\/2023\/03\/San-Giuseppe-Mornese.jpg","type":"image\/jpeg"}],"author":"Redazione","twitter_card":"summary_large_image","twitter_creator":"@Cgfmanet_Org","twitter_site":"@Cgfmanet_Org","twitter_misc":{"Escrito por":"Redazione","Tempo estimado de leitura":"3 minutos"},"schema":{"@context":"https:\/\/schema.org","@graph":[{"@type":"Article","@id":"https:\/\/www.cgfmanet.org\/pt-pt\/infosfera-pt-pt\/sao-jose-modelo-de-autoridade-e-paternidade\/#article","isPartOf":{"@id":"https:\/\/www.cgfmanet.org\/pt-pt\/infosfera-pt-pt\/sao-jose-modelo-de-autoridade-e-paternidade\/"},"author":{"name":"Redazione","@id":"https:\/\/www.cgfmanet.org\/es\/#\/schema\/person\/ce6473083f53ef0ef882cca23f0c8fb9"},"headline":"S\u00e3o Jos\u00e9 modelo de autoridade e paternidade","datePublished":"2023-03-15T10:40:46+00:00","dateModified":"2023-03-15T16:18:28+00:00","mainEntityOfPage":{"@id":"https:\/\/www.cgfmanet.org\/pt-pt\/infosfera-pt-pt\/sao-jose-modelo-de-autoridade-e-paternidade\/"},"wordCount":610,"commentCount":0,"publisher":{"@id":"https:\/\/www.cgfmanet.org\/es\/#organization"},"image":{"@id":"https:\/\/www.cgfmanet.org\/pt-pt\/infosfera-pt-pt\/sao-jose-modelo-de-autoridade-e-paternidade\/#primaryimage"},"thumbnailUrl":"https:\/\/www.cgfmanet.org\/wp-content\/uploads\/2023\/03\/San-Giuseppe-Mornese.jpg","keywords":["Sinodalidade","Focus","IFMA","S\u00e3o Jos\u00e9"],"articleSection":["Infosfera","Igreja"],"inLanguage":"pt-PT","potentialAction":[{"@type":"CommentAction","name":"Comment","target":["https:\/\/www.cgfmanet.org\/pt-pt\/infosfera-pt-pt\/sao-jose-modelo-de-autoridade-e-paternidade\/#respond"]}]},{"@type":"WebPage","@id":"https:\/\/www.cgfmanet.org\/pt-pt\/infosfera-pt-pt\/sao-jose-modelo-de-autoridade-e-paternidade\/","url":"https:\/\/www.cgfmanet.org\/pt-pt\/infosfera-pt-pt\/sao-jose-modelo-de-autoridade-e-paternidade\/","name":"S\u00e3o Jos\u00e9 modelo de autoridade e paternidade &#8226; Istituto Figlie di Maria Ausiliatrice","isPartOf":{"@id":"https:\/\/www.cgfmanet.org\/es\/#website"},"primaryImageOfPage":{"@id":"https:\/\/www.cgfmanet.org\/pt-pt\/infosfera-pt-pt\/sao-jose-modelo-de-autoridade-e-paternidade\/#primaryimage"},"image":{"@id":"https:\/\/www.cgfmanet.org\/pt-pt\/infosfera-pt-pt\/sao-jose-modelo-de-autoridade-e-paternidade\/#primaryimage"},"thumbnailUrl":"https:\/\/www.cgfmanet.org\/wp-content\/uploads\/2023\/03\/San-Giuseppe-Mornese.jpg","datePublished":"2023-03-15T10:40:46+00:00","dateModified":"2023-03-15T16:18:28+00:00","description":"No dia 19 de mar\u00e7o de 2023 celebra-se a Solenidade de S\u00e3o Jos\u00e9, modelo de autoridade e paternidade para as Comunidades empenhadas no caminho sinodal.","breadcrumb":{"@id":"https:\/\/www.cgfmanet.org\/pt-pt\/infosfera-pt-pt\/sao-jose-modelo-de-autoridade-e-paternidade\/#breadcrumb"},"inLanguage":"pt-PT","potentialAction":[{"@type":"ReadAction","target":["https:\/\/www.cgfmanet.org\/pt-pt\/infosfera-pt-pt\/sao-jose-modelo-de-autoridade-e-paternidade\/"]}]},{"@type":"ImageObject","inLanguage":"pt-PT","@id":"https:\/\/www.cgfmanet.org\/pt-pt\/infosfera-pt-pt\/sao-jose-modelo-de-autoridade-e-paternidade\/#primaryimage","url":"https:\/\/www.cgfmanet.org\/wp-content\/uploads\/2023\/03\/San-Giuseppe-Mornese.jpg","contentUrl":"https:\/\/www.cgfmanet.org\/wp-content\/uploads\/2023\/03\/San-Giuseppe-Mornese.jpg","width":1181,"height":787},{"@type":"BreadcrumbList","@id":"https:\/\/www.cgfmanet.org\/pt-pt\/infosfera-pt-pt\/sao-jose-modelo-de-autoridade-e-paternidade\/#breadcrumb","itemListElement":[{"@type":"ListItem","position":1,"name":"Home","item":"https:\/\/www.cgfmanet.org\/pt-pt\/"},{"@type":"ListItem","position":2,"name":"S\u00e3o Jos\u00e9 modelo de autoridade e paternidade"}]},{"@type":"WebSite","@id":"https:\/\/www.cgfmanet.org\/es\/#website","url":"https:\/\/www.cgfmanet.org\/es\/","name":"Istituto Figlie di Maria Ausiliatrice","description":"Salesiane di Don Bosco","publisher":{"@id":"https:\/\/www.cgfmanet.org\/es\/#organization"},"potentialAction":[{"@type":"SearchAction","target":{"@type":"EntryPoint","urlTemplate":"https:\/\/www.cgfmanet.org\/es\/?s={search_term_string}"},"query-input":{"@type":"PropertyValueSpecification","valueRequired":true,"valueName":"search_term_string"}}],"inLanguage":"pt-PT"},{"@type":"Organization","@id":"https:\/\/www.cgfmanet.org\/es\/#organization","name":"Istituto Figlie di Maria Ausiliatrice","url":"https:\/\/www.cgfmanet.org\/es\/","logo":{"@type":"ImageObject","inLanguage":"pt-PT","@id":"https:\/\/www.cgfmanet.org\/es\/#\/schema\/logo\/image\/","url":"https:\/\/www.cgfmanet.org\/wp-content\/uploads\/2018\/10\/logo-fma.png","contentUrl":"https:\/\/www.cgfmanet.org\/wp-content\/uploads\/2018\/10\/logo-fma.png","width":214,"height":55,"caption":"Istituto Figlie di Maria Ausiliatrice"},"image":{"@id":"https:\/\/www.cgfmanet.org\/es\/#\/schema\/logo\/image\/"},"sameAs":["https:\/\/www.facebook.com\/salesian.sisters.of.don.bosco\/","https:\/\/x.com\/Cgfmanet_Org","https:\/\/www.youtube.com\/channel\/UCmcr8yFQBV7JXeXVxyV9y5Q"]},{"@type":"Person","@id":"https:\/\/www.cgfmanet.org\/es\/#\/schema\/person\/ce6473083f53ef0ef882cca23f0c8fb9","name":"Redazione"}]}},"_links":{"self":[{"href":"https:\/\/www.cgfmanet.org\/pt-pt\/wp-json\/wp\/v2\/posts\/87037","targetHints":{"allow":["GET"]}}],"collection":[{"href":"https:\/\/www.cgfmanet.org\/pt-pt\/wp-json\/wp\/v2\/posts"}],"about":[{"href":"https:\/\/www.cgfmanet.org\/pt-pt\/wp-json\/wp\/v2\/types\/post"}],"author":[{"embeddable":true,"href":"https:\/\/www.cgfmanet.org\/pt-pt\/wp-json\/wp\/v2\/users\/21"}],"replies":[{"embeddable":true,"href":"https:\/\/www.cgfmanet.org\/pt-pt\/wp-json\/wp\/v2\/comments?post=87037"}],"version-history":[{"count":0,"href":"https:\/\/www.cgfmanet.org\/pt-pt\/wp-json\/wp\/v2\/posts\/87037\/revisions"}],"wp:featuredmedia":[{"embeddable":true,"href":"https:\/\/www.cgfmanet.org\/pt-pt\/wp-json\/wp\/v2\/media\/87032"}],"wp:attachment":[{"href":"https:\/\/www.cgfmanet.org\/pt-pt\/wp-json\/wp\/v2\/media?parent=87037"}],"wp:term":[{"taxonomy":"category","embeddable":true,"href":"https:\/\/www.cgfmanet.org\/pt-pt\/wp-json\/wp\/v2\/categories?post=87037"},{"taxonomy":"post_tag","embeddable":true,"href":"https:\/\/www.cgfmanet.org\/pt-pt\/wp-json\/wp\/v2\/tags?post=87037"}],"curies":[{"name":"wp","href":"https:\/\/api.w.org\/{rel}","templated":true}]}}