{"id":77216,"date":"2022-10-14T09:31:59","date_gmt":"2022-10-14T07:31:59","guid":{"rendered":"https:\/\/www.cgfmanet.org\/infosfera-pt-pt\/santa-teresa-davila-patrona-dellistituto\/"},"modified":"2022-10-15T00:49:02","modified_gmt":"2022-10-14T22:49:02","slug":"santa-teresa-davila-padroeira-do-instituto","status":"publish","type":"post","link":"https:\/\/www.cgfmanet.org\/pt-pt\/ifma-pt-pt\/santa-teresa-davila-padroeira-do-instituto\/","title":{"rendered":"Santa Teresa d\u2019\u00c1vila Padroeira do Instituto"},"content":{"rendered":"<p><strong>Roma (It\u00e1lia).<\/strong> Em 15 de outubro de 2022, celebra-se a festa de Santa Teresa d\u2019\u00c1vila, reconhecida e querida por S\u00e3o Jo\u00e3o Bosco Padroeira do Instituto das Filhas de Maria Auxiliadora. No contexto do 150\u00ba anivers\u00e1rio do Instituto, festej\u00e1-la significa recordar a presen\u00e7a.<\/p>\n<p>Nas Constitui\u00e7\u00f5es de 1885 (XVII, 9) lemos: <em>&#8220;Ser\u00e3o celebradas com particular devo\u00e7\u00e3o e solenidade as Festas de S\u00e3o Jos\u00e9, S\u00e3o Francisco de Sales e Santa Teresa de Jesus, que s\u00e3o os Patronos particulares do Instituto\u201d<\/em>. Trata-se de uma indica\u00e7\u00e3o que se encontra tamb\u00e9m nas Constitui\u00e7\u00f5es atuais, sem ulteriores especifica\u00e7\u00f5es: <em>&#8220;Honraremos de modo especial [&#8230;] S\u00e3o Francisco de Sales, Santa Teresa de Jesus que o nosso Fundador deu como Patronos ao Instituto&#8221;<\/em> (Const. 45).<\/p>\n<p>Atrav\u00e9s de um estudo atento das fontes, pode-se compreender que a forma\u00e7\u00e3o espiritual de Maria Domingas Mazzarello e das Filhas da Imaculada (FMI) \u00e9 em grande parte \u201cteresiana\u201d. Pode-se falar de uma influ\u00eancia direta atrav\u00e9s da leitura de algumas obras da Santa \u2013 ex. A Vida; <em>Caminho de Perfei\u00e7\u00e3o<\/em> &#8211; quanto indiretamente, atrav\u00e9s da media\u00e7\u00e3o de Jos\u00e9 Frassinetti, grande amigo e mestre de Pe. Domingos Pestarino. Suas obras asc\u00e9ticas, de fato, est\u00e3o impregnadas da doutrina da Santa.<\/p>\n<p>Gra\u00e7as \u00e0 a\u00e7\u00e3o formativa de Frassinetti, as FMI v\u00eam a conhecer algumas partes do <em>Caminho de perfei\u00e7\u00e3o<\/em> recordadas na contribui\u00e7\u00e3o: <em>Pai nosso de Santa Teresa de Jesus. Tratado da ora\u00e7\u00e3o<\/em> (Parma 1860), que ele mesmo elaborou a partir da espiritualidade da Santa de \u00c1vila.<\/p>\n<p>Na escolha de Santa Teresa como Padroeira, Dom Bosco coloca-se em continuidade com a tradi\u00e7\u00e3o espiritual das FMI. Al\u00e9m disso, s\u00e3o muitos os elementos comuns entre a espiritualidade &#8220;teresiana&#8221; e a de Dom Bosco propostas \u00e0s Filhas de Maria Auxiliadora: <strong>o<\/strong> <strong>realismo espiritual; uma espiritualidade unit\u00e1ria em que todos os aspectos da vida s\u00e3o unificados pelo amor; uma ora\u00e7\u00e3o simples e afetiva feita de cora\u00e7\u00e3o e com o cora\u00e7\u00e3o; a alegria como elemento caracterizador de uma espiritualidade saud\u00e1vel e juvenil; a harmonia entre vida ativa e contemplativa; o amor filial a Nossa Senhora.<\/strong><\/p>\n<p>Dois em especial s\u00e3o destacados:<\/p>\n<p><strong>A alegria<\/strong><\/p>\n<p>Nas Constitui\u00e7\u00f5es de 1885, Dom Bosco acrescentou ao artigo sobre a Mestra das novi\u00e7as uma \u00eanfase muito significativa:<\/p>\n<p><em>&#8220;Santa Teresa queria as Religiosas alegres, sinceras e abertas. Portanto, a Mestra das Novi\u00e7as vigiar\u00e1 para fazer com que suas alunas sejam exatamente assim, porque as Irm\u00e3s de tal car\u00e1ter s\u00e3o as mais aptas a inspirar \u00e0s jovenzinhas e \u00e0s pessoas do s\u00e9culo estima e amor \u00e0 piedade e \u00e0 religi\u00e3o&#8221; (Regulamento ou Constitui\u00e7\u00f5es das Filhas de Maria SS. Auxiliadora agregadas \u00e0 Sociedade Salesiana<\/em>, Turim 1885, T\u00edt. IX, 5).<\/p>\n<p>Numa visita \u00e0 comunidade de Al\u00e1ssio, Dom Bosco perguntou \u00e0s FMA: <em>&#8220;Estais todas alegres?&#8221;<\/em> E continuou: <em>&#8220;Recomendo-vos, santidade, sa\u00fade, ci\u00eancia e alegria! Fazei-vos todas Santas Teresas! Recordai-vos de que o dem\u00f4nio tem medo das pessoas alegres. Ele vos tentar\u00e1 com o desencorajamento pelo muito trabalho que tendes<\/em> (falava na sala de trabalho)\u201d (MB X 648).<\/p>\n<p>J\u00e1 no hor\u00e1rio programado dado \u00e0s FMI em 1869, Dom Bosco prop\u00f4s algumas pr\u00e1ticas de vida, algumas simples sugest\u00f5es pedag\u00f3gicas e alguns elementos fundamentais da espiritualidade salesiana que formavam o pequeno grupo, em sintonia com o que j\u00e1 se fazia na Casa da Imaculada. Entre os elementos propostos encontramos o que diz respeito \u00e0 forma\u00e7\u00e3o do car\u00e1ter: \u201cTrabalho constante sobre a pr\u00f3pria natureza para formar um bom car\u00e1ter, <em>paciente, alegre, de tal modo a tornar am\u00e1vel a virtude e mais f\u00e1cil a vida em comum\u201d <\/em>(Cronist\u00f3ria I, 225).<\/p>\n<p>A alegria \u00e9 vista aqui em chave pedag\u00f3gica. De fato, a alegria, que \u00e9 antes de tudo fruto do Esp\u00edrito, \u00e9 contagiosa; quem \u00e9 alegre transmite paz, luz, serenidade porque a alegria prov\u00e9m da consci\u00eancia tranquila. O cora\u00e7\u00e3o alegre \u00e9 o resultado normal de um cora\u00e7\u00e3o que arde com o amor de Deus, de um cora\u00e7\u00e3o pobre, livre de toda posse e inteiramente habitado por Deus, que espera todo o bem somente dele. Nesse sentido, a alegria \u00e9 transcendente.<\/p>\n<p>Santa Teresa d\u00e1 grande import\u00e2ncia \u00e0 recrea\u00e7\u00e3o, momento em que as Irm\u00e3s se encontram para compartilhar, falar, estar alegremente juntas, para manifestar o Amor de que s\u00e3o habitadas. Um aspecto pedag\u00f3gico rico de significado.<\/p>\n<p>A alegria, ali\u00e1s, \u00e9 um elemento que evidencia o que Deus est\u00e1 operando no cora\u00e7\u00e3o das criaturas. Sentir alegria \u00e9 uma \u201copera\u00e7\u00e3o m\u00edstica\u201d. Ela s\u00f3 pode vir de Deus, por um motivo que n\u00e3o \u00e9 somente terreno, mas \u00e9 fruto do Esp\u00edrito. Nesse sentido, a alegria \u00e9 um crit\u00e9rio de uma saud\u00e1vel vida espiritual.<\/p>\n<p><strong>Nossa Senhora, a verdadeira Superiora da comunidade <\/strong><\/p>\n<p>No mesmo dia da profiss\u00e3o religiosa das onze FMA, Dom Bosco confirmou Maria Domingas Mazzarello no papel de Superiora e assegurou: &#8220;Por enquanto ter\u00e1 o t\u00edtulo de vig\u00e1ria, porque a verdadeira superiora \u00e9 Nossa Senhora\u201d (<em>Cronist\u00f3ria<\/em> I, 308). Parece que a decisiva afirma\u00e7\u00e3o de Dom Bosco sobre o papel particular da Diretora da casa atribu\u00eddo a Maria Sant\u00edssima deve estar ligada a uma tradi\u00e7\u00e3o teresiana conhecida no meio salesiano e provavelmente tamb\u00e9m em Mornese. De fato, tendo Santa Teresa de assumir o dif\u00edcil encargo de priora do mosteiro da Encarna\u00e7\u00e3o, colocou em seu lugar no coro a imagem de Maria. O fato \u00e9 narrado por Jo\u00e3o Bonetti na biografia publicada em 1882, por ocasi\u00e3o do terceiro centen\u00e1rio da morte de Teresa de Jesus, e proposto \u00e0s FMA da Casa de Chieri a ela intitulada:<\/p>\n<p><em>\u201cUma outra ind\u00fastria usou Santa Teresa para conquistar o cora\u00e7\u00e3o de todas, e para conduzir todas a Deus. [&#8230;] alguns dias depois de sua chegada \u00e0 Encarna\u00e7\u00e3o convocou o Cap\u00edtulo, ou seja, a assembleia das Irm\u00e3s; mas no coro, na cadeira da Priora colocou a imagem de Nossa Senhora com as chaves do mosteiro na m\u00e3o [&#8230;]. A Santa, tendo apanhado um banquinho e sentando-se perto de Maria, disse assim: \u201cO of\u00edcio de Priora, \u00f3 minhas Irm\u00e3s, est\u00e1 t\u00e3o distante dos meus pensamentos, quanto estou longe de merec\u00ea-lo. [&#8230;] Justamente por esta minha fraqueza eu n\u00e3o quero ser Priora do Mosteiro, a n\u00e3o ser de nome. A verdadeira Priora ser\u00e1 Nossa Senhora que vos est\u00e1 diante\u201d! (Jo\u00e3o BONETTI, A Rosa do Carmelo, isto \u00e9, Santa Teresa de Jesus: cenas da sua vida, Turim, SEI 1909, 238-239). <\/em><\/p>\n<p><strong>A inspira\u00e7\u00e3o teresiana \u00e9 confirmada em outro gesto muito significativo de Maria Domingas Mazzarello: o de deixar as chaves da casa todas as noites ao p\u00e9 da imagem de Maria Auxiliadora<\/strong> (<em>Cronist\u00f3ria<\/em> II 132).<\/p>\n<p>Irm\u00e3 Elena Massimi, FMA, Presidente da Associa\u00e7\u00e3o Italiana dos Professores e Cultores de Liturgia, prop\u00f5e os seguintes textos lit\u00fargicos para a festa de Santa Teresa de \u00c1vila:<\/p>\n<p><span style=\"color: #0000ff;\"><a style=\"color: #0000ff;\" href=\"https:\/\/docs.google.com\/document\/d\/1I7hjH06JaeKddnyFJwdHYW2sK_EClEqT\/edit?usp=sharing&amp;ouid=113791486546208642331&amp;rtpof=true&amp;sd=true\" target=\"_blank\" rel=\"noopener\"><strong>Liturgia das Horas<\/strong><\/a><\/span><\/p>\n<p><span style=\"color: #0000ff;\"><a style=\"color: #0000ff;\" href=\"https:\/\/docs.google.com\/document\/d\/1ufZnaVh7I8Sdns5y2tljv4N58J_fVyhg\/edit?usp=sharing&amp;ouid=113791486546208642331&amp;rtpof=true&amp;sd=true\" target=\"_blank\" rel=\"noopener\"><strong>Liturgia Eucaristica<\/strong><\/a><\/span><\/p>\n","protected":false},"excerpt":{"rendered":"<p>Roma (It\u00e1lia). Em 15 de outubro de 2022, celebra-se a festa de Santa Teresa d\u2019\u00c1vila, reconhecida e querida por S\u00e3o Jo\u00e3o Bosco Padroeira do Instituto das Filhas de Maria Auxiliadora. [&hellip;]<\/p>\n","protected":false},"author":21,"featured_media":77211,"comment_status":"open","ping_status":"closed","sticky":false,"template":"","format":"standard","meta":{"footnotes":""},"categories":[2403,159],"tags":[1448,1666,1930,2277],"class_list":["post-77216","post","type-post","status-publish","format-standard","has-post-thumbnail","category-150o-instituto-fma","category-ifma-pt-pt","tag-santidade","tag-carisma-salesiano-pt-pt","tag-focus-pt-pt","tag-150-ifma-pt-pt"],"yoast_head":"<!-- This site is optimized with the Yoast SEO plugin v27.4 - https:\/\/yoast.com\/product\/yoast-seo-wordpress\/ -->\n<title>Santa Teresa d\u2019\u00c1vila Padroeira do Instituto &#8226; Istituto Figlie di Maria Ausiliatrice<\/title>\n<meta name=\"description\" content=\"No dia 15 de outubro de 2022, celebra-se a festa de Santa Teresa d\u2019\u00c1vila, reconhecida e querida por S\u00e3o Jo\u00e3o Bosco Padroeira do Instituto das Filhas de Maria Auxiliadora.\" \/>\n<meta name=\"robots\" content=\"index, follow, max-snippet:-1, max-image-preview:large, max-video-preview:-1\" \/>\n<link rel=\"canonical\" href=\"https:\/\/www.cgfmanet.org\/pt-pt\/ifma-pt-pt\/santa-teresa-davila-padroeira-do-instituto\/\" \/>\n<meta property=\"og:locale\" content=\"pt_PT\" \/>\n<meta property=\"og:type\" content=\"article\" \/>\n<meta property=\"og:title\" content=\"Santa Teresa d\u2019\u00c1vila Padroeira do Instituto &#8226; Istituto Figlie di Maria Ausiliatrice\" \/>\n<meta property=\"og:description\" content=\"No dia 15 de outubro de 2022, celebra-se a festa de Santa Teresa d\u2019\u00c1vila, reconhecida e querida por S\u00e3o Jo\u00e3o Bosco Padroeira do Instituto das Filhas de Maria Auxiliadora.\" \/>\n<meta property=\"og:url\" content=\"https:\/\/www.cgfmanet.org\/pt-pt\/ifma-pt-pt\/santa-teresa-davila-padroeira-do-instituto\/\" \/>\n<meta property=\"og:site_name\" content=\"Istituto Figlie di Maria Ausiliatrice\" \/>\n<meta property=\"article:publisher\" content=\"https:\/\/www.facebook.com\/salesian.sisters.of.don.bosco\/\" \/>\n<meta property=\"article:published_time\" content=\"2022-10-14T07:31:59+00:00\" \/>\n<meta property=\"article:modified_time\" content=\"2022-10-14T22:49:02+00:00\" \/>\n<meta property=\"og:image\" content=\"https:\/\/www.cgfmanet.org\/wp-content\/uploads\/2022\/10\/Teresa-dAvila_150.jpg\" \/>\n\t<meta property=\"og:image:width\" content=\"1181\" \/>\n\t<meta property=\"og:image:height\" content=\"787\" \/>\n\t<meta property=\"og:image:type\" content=\"image\/jpeg\" \/>\n<meta name=\"author\" content=\"Redazione\" \/>\n<meta name=\"twitter:card\" content=\"summary_large_image\" \/>\n<meta name=\"twitter:creator\" content=\"@Cgfmanet_Org\" \/>\n<meta name=\"twitter:site\" content=\"@Cgfmanet_Org\" \/>\n<meta name=\"twitter:label1\" content=\"Escrito por\" \/>\n\t<meta name=\"twitter:data1\" content=\"Redazione\" \/>\n\t<meta name=\"twitter:label2\" content=\"Tempo estimado de leitura\" \/>\n\t<meta name=\"twitter:data2\" content=\"6 minutos\" \/>\n<script type=\"application\/ld+json\" class=\"yoast-schema-graph\">{\"@context\":\"https:\\\/\\\/schema.org\",\"@graph\":[{\"@type\":\"Article\",\"@id\":\"https:\\\/\\\/www.cgfmanet.org\\\/pt-pt\\\/ifma-pt-pt\\\/santa-teresa-davila-padroeira-do-instituto\\\/#article\",\"isPartOf\":{\"@id\":\"https:\\\/\\\/www.cgfmanet.org\\\/pt-pt\\\/ifma-pt-pt\\\/santa-teresa-davila-padroeira-do-instituto\\\/\"},\"author\":{\"name\":\"Redazione\",\"@id\":\"https:\\\/\\\/www.cgfmanet.org\\\/es\\\/#\\\/schema\\\/person\\\/ce6473083f53ef0ef882cca23f0c8fb9\"},\"headline\":\"Santa Teresa d\u2019\u00c1vila Padroeira do Instituto\",\"datePublished\":\"2022-10-14T07:31:59+00:00\",\"dateModified\":\"2022-10-14T22:49:02+00:00\",\"mainEntityOfPage\":{\"@id\":\"https:\\\/\\\/www.cgfmanet.org\\\/pt-pt\\\/ifma-pt-pt\\\/santa-teresa-davila-padroeira-do-instituto\\\/\"},\"wordCount\":1157,\"commentCount\":0,\"publisher\":{\"@id\":\"https:\\\/\\\/www.cgfmanet.org\\\/es\\\/#organization\"},\"image\":{\"@id\":\"https:\\\/\\\/www.cgfmanet.org\\\/pt-pt\\\/ifma-pt-pt\\\/santa-teresa-davila-padroeira-do-instituto\\\/#primaryimage\"},\"thumbnailUrl\":\"https:\\\/\\\/www.cgfmanet.org\\\/wp-content\\\/uploads\\\/2022\\\/10\\\/Teresa-dAvila_150.jpg\",\"keywords\":[\"Santidade\",\"Carisma salesiano\",\"Focus\",\"150\u00b0 IFMA\"],\"articleSection\":[\"150\u00ba Instituto FMA\",\"IFMA\"],\"inLanguage\":\"pt-PT\",\"potentialAction\":[{\"@type\":\"CommentAction\",\"name\":\"Comment\",\"target\":[\"https:\\\/\\\/www.cgfmanet.org\\\/pt-pt\\\/ifma-pt-pt\\\/santa-teresa-davila-padroeira-do-instituto\\\/#respond\"]}]},{\"@type\":\"WebPage\",\"@id\":\"https:\\\/\\\/www.cgfmanet.org\\\/pt-pt\\\/ifma-pt-pt\\\/santa-teresa-davila-padroeira-do-instituto\\\/\",\"url\":\"https:\\\/\\\/www.cgfmanet.org\\\/pt-pt\\\/ifma-pt-pt\\\/santa-teresa-davila-padroeira-do-instituto\\\/\",\"name\":\"Santa Teresa d\u2019\u00c1vila Padroeira do Instituto &#8226; Istituto Figlie di Maria Ausiliatrice\",\"isPartOf\":{\"@id\":\"https:\\\/\\\/www.cgfmanet.org\\\/es\\\/#website\"},\"primaryImageOfPage\":{\"@id\":\"https:\\\/\\\/www.cgfmanet.org\\\/pt-pt\\\/ifma-pt-pt\\\/santa-teresa-davila-padroeira-do-instituto\\\/#primaryimage\"},\"image\":{\"@id\":\"https:\\\/\\\/www.cgfmanet.org\\\/pt-pt\\\/ifma-pt-pt\\\/santa-teresa-davila-padroeira-do-instituto\\\/#primaryimage\"},\"thumbnailUrl\":\"https:\\\/\\\/www.cgfmanet.org\\\/wp-content\\\/uploads\\\/2022\\\/10\\\/Teresa-dAvila_150.jpg\",\"datePublished\":\"2022-10-14T07:31:59+00:00\",\"dateModified\":\"2022-10-14T22:49:02+00:00\",\"description\":\"No dia 15 de outubro de 2022, celebra-se a festa de Santa Teresa d\u2019\u00c1vila, reconhecida e querida por S\u00e3o Jo\u00e3o Bosco Padroeira do Instituto das Filhas de Maria Auxiliadora.\",\"breadcrumb\":{\"@id\":\"https:\\\/\\\/www.cgfmanet.org\\\/pt-pt\\\/ifma-pt-pt\\\/santa-teresa-davila-padroeira-do-instituto\\\/#breadcrumb\"},\"inLanguage\":\"pt-PT\",\"potentialAction\":[{\"@type\":\"ReadAction\",\"target\":[\"https:\\\/\\\/www.cgfmanet.org\\\/pt-pt\\\/ifma-pt-pt\\\/santa-teresa-davila-padroeira-do-instituto\\\/\"]}]},{\"@type\":\"ImageObject\",\"inLanguage\":\"pt-PT\",\"@id\":\"https:\\\/\\\/www.cgfmanet.org\\\/pt-pt\\\/ifma-pt-pt\\\/santa-teresa-davila-padroeira-do-instituto\\\/#primaryimage\",\"url\":\"https:\\\/\\\/www.cgfmanet.org\\\/wp-content\\\/uploads\\\/2022\\\/10\\\/Teresa-dAvila_150.jpg\",\"contentUrl\":\"https:\\\/\\\/www.cgfmanet.org\\\/wp-content\\\/uploads\\\/2022\\\/10\\\/Teresa-dAvila_150.jpg\",\"width\":1181,\"height\":787},{\"@type\":\"BreadcrumbList\",\"@id\":\"https:\\\/\\\/www.cgfmanet.org\\\/pt-pt\\\/ifma-pt-pt\\\/santa-teresa-davila-padroeira-do-instituto\\\/#breadcrumb\",\"itemListElement\":[{\"@type\":\"ListItem\",\"position\":1,\"name\":\"Home\",\"item\":\"https:\\\/\\\/www.cgfmanet.org\\\/pt-pt\\\/\"},{\"@type\":\"ListItem\",\"position\":2,\"name\":\"Santa Teresa d\u2019\u00c1vila Padroeira do Instituto\"}]},{\"@type\":\"WebSite\",\"@id\":\"https:\\\/\\\/www.cgfmanet.org\\\/es\\\/#website\",\"url\":\"https:\\\/\\\/www.cgfmanet.org\\\/es\\\/\",\"name\":\"Istituto Figlie di Maria Ausiliatrice\",\"description\":\"Salesiane di Don Bosco\",\"publisher\":{\"@id\":\"https:\\\/\\\/www.cgfmanet.org\\\/es\\\/#organization\"},\"potentialAction\":[{\"@type\":\"SearchAction\",\"target\":{\"@type\":\"EntryPoint\",\"urlTemplate\":\"https:\\\/\\\/www.cgfmanet.org\\\/es\\\/?s={search_term_string}\"},\"query-input\":{\"@type\":\"PropertyValueSpecification\",\"valueRequired\":true,\"valueName\":\"search_term_string\"}}],\"inLanguage\":\"pt-PT\"},{\"@type\":\"Organization\",\"@id\":\"https:\\\/\\\/www.cgfmanet.org\\\/es\\\/#organization\",\"name\":\"Istituto Figlie di Maria Ausiliatrice\",\"url\":\"https:\\\/\\\/www.cgfmanet.org\\\/es\\\/\",\"logo\":{\"@type\":\"ImageObject\",\"inLanguage\":\"pt-PT\",\"@id\":\"https:\\\/\\\/www.cgfmanet.org\\\/es\\\/#\\\/schema\\\/logo\\\/image\\\/\",\"url\":\"https:\\\/\\\/www.cgfmanet.org\\\/wp-content\\\/uploads\\\/2018\\\/10\\\/logo-fma.png\",\"contentUrl\":\"https:\\\/\\\/www.cgfmanet.org\\\/wp-content\\\/uploads\\\/2018\\\/10\\\/logo-fma.png\",\"width\":214,\"height\":55,\"caption\":\"Istituto Figlie di Maria Ausiliatrice\"},\"image\":{\"@id\":\"https:\\\/\\\/www.cgfmanet.org\\\/es\\\/#\\\/schema\\\/logo\\\/image\\\/\"},\"sameAs\":[\"https:\\\/\\\/www.facebook.com\\\/salesian.sisters.of.don.bosco\\\/\",\"https:\\\/\\\/x.com\\\/Cgfmanet_Org\",\"https:\\\/\\\/www.youtube.com\\\/channel\\\/UCmcr8yFQBV7JXeXVxyV9y5Q\"]},{\"@type\":\"Person\",\"@id\":\"https:\\\/\\\/www.cgfmanet.org\\\/es\\\/#\\\/schema\\\/person\\\/ce6473083f53ef0ef882cca23f0c8fb9\",\"name\":\"Redazione\"}]}<\/script>\n<!-- \/ Yoast SEO plugin. -->","yoast_head_json":{"title":"Santa Teresa d\u2019\u00c1vila Padroeira do Instituto &#8226; Istituto Figlie di Maria Ausiliatrice","description":"No dia 15 de outubro de 2022, celebra-se a festa de Santa Teresa d\u2019\u00c1vila, reconhecida e querida por S\u00e3o Jo\u00e3o Bosco Padroeira do Instituto das Filhas de Maria Auxiliadora.","robots":{"index":"index","follow":"follow","max-snippet":"max-snippet:-1","max-image-preview":"max-image-preview:large","max-video-preview":"max-video-preview:-1"},"canonical":"https:\/\/www.cgfmanet.org\/pt-pt\/ifma-pt-pt\/santa-teresa-davila-padroeira-do-instituto\/","og_locale":"pt_PT","og_type":"article","og_title":"Santa Teresa d\u2019\u00c1vila Padroeira do Instituto &#8226; Istituto Figlie di Maria Ausiliatrice","og_description":"No dia 15 de outubro de 2022, celebra-se a festa de Santa Teresa d\u2019\u00c1vila, reconhecida e querida por S\u00e3o Jo\u00e3o Bosco Padroeira do Instituto das Filhas de Maria Auxiliadora.","og_url":"https:\/\/www.cgfmanet.org\/pt-pt\/ifma-pt-pt\/santa-teresa-davila-padroeira-do-instituto\/","og_site_name":"Istituto Figlie di Maria Ausiliatrice","article_publisher":"https:\/\/www.facebook.com\/salesian.sisters.of.don.bosco\/","article_published_time":"2022-10-14T07:31:59+00:00","article_modified_time":"2022-10-14T22:49:02+00:00","og_image":[{"width":1181,"height":787,"url":"https:\/\/www.cgfmanet.org\/wp-content\/uploads\/2022\/10\/Teresa-dAvila_150.jpg","type":"image\/jpeg"}],"author":"Redazione","twitter_card":"summary_large_image","twitter_creator":"@Cgfmanet_Org","twitter_site":"@Cgfmanet_Org","twitter_misc":{"Escrito por":"Redazione","Tempo estimado de leitura":"6 minutos"},"schema":{"@context":"https:\/\/schema.org","@graph":[{"@type":"Article","@id":"https:\/\/www.cgfmanet.org\/pt-pt\/ifma-pt-pt\/santa-teresa-davila-padroeira-do-instituto\/#article","isPartOf":{"@id":"https:\/\/www.cgfmanet.org\/pt-pt\/ifma-pt-pt\/santa-teresa-davila-padroeira-do-instituto\/"},"author":{"name":"Redazione","@id":"https:\/\/www.cgfmanet.org\/es\/#\/schema\/person\/ce6473083f53ef0ef882cca23f0c8fb9"},"headline":"Santa Teresa d\u2019\u00c1vila Padroeira do Instituto","datePublished":"2022-10-14T07:31:59+00:00","dateModified":"2022-10-14T22:49:02+00:00","mainEntityOfPage":{"@id":"https:\/\/www.cgfmanet.org\/pt-pt\/ifma-pt-pt\/santa-teresa-davila-padroeira-do-instituto\/"},"wordCount":1157,"commentCount":0,"publisher":{"@id":"https:\/\/www.cgfmanet.org\/es\/#organization"},"image":{"@id":"https:\/\/www.cgfmanet.org\/pt-pt\/ifma-pt-pt\/santa-teresa-davila-padroeira-do-instituto\/#primaryimage"},"thumbnailUrl":"https:\/\/www.cgfmanet.org\/wp-content\/uploads\/2022\/10\/Teresa-dAvila_150.jpg","keywords":["Santidade","Carisma salesiano","Focus","150\u00b0 IFMA"],"articleSection":["150\u00ba Instituto FMA","IFMA"],"inLanguage":"pt-PT","potentialAction":[{"@type":"CommentAction","name":"Comment","target":["https:\/\/www.cgfmanet.org\/pt-pt\/ifma-pt-pt\/santa-teresa-davila-padroeira-do-instituto\/#respond"]}]},{"@type":"WebPage","@id":"https:\/\/www.cgfmanet.org\/pt-pt\/ifma-pt-pt\/santa-teresa-davila-padroeira-do-instituto\/","url":"https:\/\/www.cgfmanet.org\/pt-pt\/ifma-pt-pt\/santa-teresa-davila-padroeira-do-instituto\/","name":"Santa Teresa d\u2019\u00c1vila Padroeira do Instituto &#8226; Istituto Figlie di Maria Ausiliatrice","isPartOf":{"@id":"https:\/\/www.cgfmanet.org\/es\/#website"},"primaryImageOfPage":{"@id":"https:\/\/www.cgfmanet.org\/pt-pt\/ifma-pt-pt\/santa-teresa-davila-padroeira-do-instituto\/#primaryimage"},"image":{"@id":"https:\/\/www.cgfmanet.org\/pt-pt\/ifma-pt-pt\/santa-teresa-davila-padroeira-do-instituto\/#primaryimage"},"thumbnailUrl":"https:\/\/www.cgfmanet.org\/wp-content\/uploads\/2022\/10\/Teresa-dAvila_150.jpg","datePublished":"2022-10-14T07:31:59+00:00","dateModified":"2022-10-14T22:49:02+00:00","description":"No dia 15 de outubro de 2022, celebra-se a festa de Santa Teresa d\u2019\u00c1vila, reconhecida e querida por S\u00e3o Jo\u00e3o Bosco Padroeira do Instituto das Filhas de Maria Auxiliadora.","breadcrumb":{"@id":"https:\/\/www.cgfmanet.org\/pt-pt\/ifma-pt-pt\/santa-teresa-davila-padroeira-do-instituto\/#breadcrumb"},"inLanguage":"pt-PT","potentialAction":[{"@type":"ReadAction","target":["https:\/\/www.cgfmanet.org\/pt-pt\/ifma-pt-pt\/santa-teresa-davila-padroeira-do-instituto\/"]}]},{"@type":"ImageObject","inLanguage":"pt-PT","@id":"https:\/\/www.cgfmanet.org\/pt-pt\/ifma-pt-pt\/santa-teresa-davila-padroeira-do-instituto\/#primaryimage","url":"https:\/\/www.cgfmanet.org\/wp-content\/uploads\/2022\/10\/Teresa-dAvila_150.jpg","contentUrl":"https:\/\/www.cgfmanet.org\/wp-content\/uploads\/2022\/10\/Teresa-dAvila_150.jpg","width":1181,"height":787},{"@type":"BreadcrumbList","@id":"https:\/\/www.cgfmanet.org\/pt-pt\/ifma-pt-pt\/santa-teresa-davila-padroeira-do-instituto\/#breadcrumb","itemListElement":[{"@type":"ListItem","position":1,"name":"Home","item":"https:\/\/www.cgfmanet.org\/pt-pt\/"},{"@type":"ListItem","position":2,"name":"Santa Teresa d\u2019\u00c1vila Padroeira do Instituto"}]},{"@type":"WebSite","@id":"https:\/\/www.cgfmanet.org\/es\/#website","url":"https:\/\/www.cgfmanet.org\/es\/","name":"Istituto Figlie di Maria Ausiliatrice","description":"Salesiane di Don Bosco","publisher":{"@id":"https:\/\/www.cgfmanet.org\/es\/#organization"},"potentialAction":[{"@type":"SearchAction","target":{"@type":"EntryPoint","urlTemplate":"https:\/\/www.cgfmanet.org\/es\/?s={search_term_string}"},"query-input":{"@type":"PropertyValueSpecification","valueRequired":true,"valueName":"search_term_string"}}],"inLanguage":"pt-PT"},{"@type":"Organization","@id":"https:\/\/www.cgfmanet.org\/es\/#organization","name":"Istituto Figlie di Maria Ausiliatrice","url":"https:\/\/www.cgfmanet.org\/es\/","logo":{"@type":"ImageObject","inLanguage":"pt-PT","@id":"https:\/\/www.cgfmanet.org\/es\/#\/schema\/logo\/image\/","url":"https:\/\/www.cgfmanet.org\/wp-content\/uploads\/2018\/10\/logo-fma.png","contentUrl":"https:\/\/www.cgfmanet.org\/wp-content\/uploads\/2018\/10\/logo-fma.png","width":214,"height":55,"caption":"Istituto Figlie di Maria Ausiliatrice"},"image":{"@id":"https:\/\/www.cgfmanet.org\/es\/#\/schema\/logo\/image\/"},"sameAs":["https:\/\/www.facebook.com\/salesian.sisters.of.don.bosco\/","https:\/\/x.com\/Cgfmanet_Org","https:\/\/www.youtube.com\/channel\/UCmcr8yFQBV7JXeXVxyV9y5Q"]},{"@type":"Person","@id":"https:\/\/www.cgfmanet.org\/es\/#\/schema\/person\/ce6473083f53ef0ef882cca23f0c8fb9","name":"Redazione"}]}},"_links":{"self":[{"href":"https:\/\/www.cgfmanet.org\/pt-pt\/wp-json\/wp\/v2\/posts\/77216","targetHints":{"allow":["GET"]}}],"collection":[{"href":"https:\/\/www.cgfmanet.org\/pt-pt\/wp-json\/wp\/v2\/posts"}],"about":[{"href":"https:\/\/www.cgfmanet.org\/pt-pt\/wp-json\/wp\/v2\/types\/post"}],"author":[{"embeddable":true,"href":"https:\/\/www.cgfmanet.org\/pt-pt\/wp-json\/wp\/v2\/users\/21"}],"replies":[{"embeddable":true,"href":"https:\/\/www.cgfmanet.org\/pt-pt\/wp-json\/wp\/v2\/comments?post=77216"}],"version-history":[{"count":0,"href":"https:\/\/www.cgfmanet.org\/pt-pt\/wp-json\/wp\/v2\/posts\/77216\/revisions"}],"wp:featuredmedia":[{"embeddable":true,"href":"https:\/\/www.cgfmanet.org\/pt-pt\/wp-json\/wp\/v2\/media\/77211"}],"wp:attachment":[{"href":"https:\/\/www.cgfmanet.org\/pt-pt\/wp-json\/wp\/v2\/media?parent=77216"}],"wp:term":[{"taxonomy":"category","embeddable":true,"href":"https:\/\/www.cgfmanet.org\/pt-pt\/wp-json\/wp\/v2\/categories?post=77216"},{"taxonomy":"post_tag","embeddable":true,"href":"https:\/\/www.cgfmanet.org\/pt-pt\/wp-json\/wp\/v2\/tags?post=77216"}],"curies":[{"name":"wp","href":"https:\/\/api.w.org\/{rel}","templated":true}]}}