{"id":69130,"date":"2022-06-07T20:30:06","date_gmt":"2022-06-07T18:30:06","guid":{"rendered":"https:\/\/www.cgfmanet.org\/infosfera-pt-pt\/ungheria-in-festa-per-il-beato-stefano-sandor\/"},"modified":"2022-06-08T08:05:00","modified_gmt":"2022-06-08T06:05:00","slug":"hungria-em-festa-pelo-beato-estevao-sandor","status":"publish","type":"post","link":"https:\/\/www.cgfmanet.org\/pt-pt\/ifma-pt-pt\/hungria-em-festa-pelo-beato-estevao-sandor\/","title":{"rendered":"Hungria em festa pelo Beato Est\u00eav\u00e3o S\u00e1ndor"},"content":{"rendered":"<p><strong>Budapeste (Hungria).<\/strong>\u00a0 No dia 8 de junho de 2022 \u00e9 a mem\u00f3ria lit\u00fargica do <span style=\"color: #0000ff;\"><strong><a style=\"color: #0000ff;\" href=\"https:\/\/www.sdb.org\/it\/Santit%C3%A0_Salesiana\/Beati\/Stefano_S%C3%A1ndor\" target=\"_blank\" rel=\"noopener\">Beato Est\u00eav\u00e3o S\u00e1ndor<\/a><\/strong><\/span>, Salesiano Coadjutor M\u00e1rtir (1914-1953).<\/p>\n<p><strong>No dia 4 de junho de 2022<\/strong>, em Budapeste, o Reitor-Mor dos Salesianos de Dom Bosco, Dom \u00c1ngel Fern\u00e1ndez Artime, no final da Celebra\u00e7\u00e3o Eucar\u00edstica, aben\u00e7oou a nova urna que guarda as rel\u00edquias do Beato, encontradas e identificadas em 2019. O Relic\u00e1rio foi levado em solene prociss\u00e3o e colocado no altar de Maria Auxiliadora na Igreja do Clarisseum, onde o jovem Coadjutor viveu a maior parte da sua vida religiosa a servi\u00e7o dos jovens, como mestre tip\u00f3grafo e educador amado e estimado pelos confrades e jovens.<\/p>\n<p>A celebra\u00e7\u00e3o aconteceu nos p\u00e1tios da estrutura onde antes situava-se a sede da Inspetoria h\u00fangara com alguns edif\u00edcios anexos, entre os quais a tipografia onde trabalhava Est\u00eav\u00e3o S\u00e1ndor, recentemente devolvida \u00e0 propriedade dos Salesianos. Na homilia, o Reitor-Mor expressou a alegria pelo &#8220;retorno a casa&#8221; do Beato:<\/p>\n<p><em>&#8220;O Beato Est\u00eav\u00e3o S\u00e1ndor volta a casa e n\u00f3s, Fam\u00edlia Salesiana, amigos de Dom Bosco, Salesianos de Dom Bosco, podemos voltar a um lugar, \u00e0 nossa casa, para continuar a fazer o bem. (&#8230;) <strong>As rel\u00edquias de Est\u00eav\u00e3o S\u00e1ndor, como as de todos os Santos e Beatos, s\u00e3o como estrelas do c\u00e9u que fortalecem a nossa f\u00e9.<\/strong> (&#8230;) Aqui temos o testemunho de um jovem Salesiano Coadjutor, de um tip\u00f3grafo que fazia assist\u00eancia entre os meninos, que ensinava o catecismo, que era um enamorado de Deus e de Dom Bosco e a sua vida tem mais for\u00e7a, porque para n\u00f3s ele \u00e9 modelo de vida\u201d<\/em>.<\/p>\n<p>Numerosos eram os membros da Fam\u00edlia Salesiana presentes: o Inspetor da Inspetoria H\u00fangara (UNG), Pe. J\u00e1nos Andr\u00e1sfalvy, o Conselheiro Regional para a Europa Centro Norte, Pe. Jachimowicz Roman, o Postulador Geral, Pe. Pierluigi Cameroni, SDB, o Superior da Inspetoria da \u00c1frica Nig\u00e9ria\u00a0 N\u00edger (ANN), Pe. Jorge Crisafulli, Pe. Albert Van Hecke, ex-Inspetor da Hungria, o Sr.\u00a0 Bryan Magro, Presidente Mundial da Confedera\u00e7\u00e3o dos Ex-Alunos.\u00a0 Havia tamb\u00e9m alguns idosos, que eram meninos no tempo de Est\u00eav\u00e3o\u00a0 S\u00e1ndor ou seus companheiros de pris\u00e3o (Fonte: <a href=\"https:\/\/www.infoans.org\/sezioni\/notizie\/item\/15536-ungheria-il-beato-stefano-sandor-torna-a-casa-sua\" target=\"_blank\" rel=\"noopener\"><span style=\"color: #0000ff;\">InfoANS<\/span><\/a>).<\/p>\n<p>Estavam presentes todas as Filhas de Maria Auxiliadora da Comunidade <em>Maria Auxiliadora<\/em> de Budapeste, da Inspetoria Triveneta <em>S. Maria D. Mazzarello<\/em> (ITV), uma FMA da obra de Eger e Irm\u00e3 Katalin Egyh\u00e1zy da Comunidade <em>S. Jo\u00e3o Bosco<\/em> de Mogyor\u00f3d, natural daquela regi\u00e3o, que frequentou, antes de entrar no Instituto das FMA, a igreja e o orat\u00f3rio onde agora \u00e9 honrado o Beato Est\u00eav\u00e3o S\u00e1ndor. Uma FMA descreve assim as emo\u00e7\u00f5es vividas durante o dia:<\/p>\n<p><em>&#8220;H\u00e1 cerca de 70 anos Est\u00eav\u00e3o S\u00e1ndor sa\u00eda a contragosto por aquela porta, permanecendo fiel a Deus e aos jovens. Agora voltou, acompanhado por uma multid\u00e3o imensa, entre cantos de alegria e exulta\u00e7\u00e3o, cheio de paz e verdadeira bem-aventuran\u00e7a. Sobre a urna contendo, como insigne rel\u00edquia, o cr\u00e2nio e os ossos das pernas, resplende a inscri\u00e7\u00e3o: \u2018Os m\u00e1rtires s\u00e3o estrelas, no c\u00e9u obscuro, para que iluminem o caminho do amor\u2019.\u00a0 No final da Eucaristia, a urna foi colocada aos p\u00e9s do nicho em que se encontra a imagem de Maria Auxiliadora, M\u00e3e que sempre o sustentou no calv\u00e1rio dos extenuantes interrogat\u00f3rios do regime comunista.\u00a0 <\/em><\/p>\n<p><em>A coragem heroica deste jovem Salesiano Coadjutor devolveu a todos, a n\u00f3s presentes em particular, novo vigor para renovar-nos no &#8216;da mihi animas coetera tolle&#8217; e nos acendeu uma nova esperan\u00e7a, para que na miss\u00e3o de cada dia resplande\u00e7am o rosto, a voz e a Pessoa de Jesus, \u00fanico Salvador&#8221;.<\/em><\/p>\n<p>Nascido em Szolnok, Hungria, em 26 de outubro de 1914, <strong>Est\u00eav\u00e3o S\u00e1ndor<\/strong> conheceu <em>Dom Bosco<\/em> lendo o Boletim Salesiano e se sentiu logo atra\u00eddo pelo carisma. Em 1936 entrou como aspirante no Clarisseum, onde frequentou os cursos de t\u00e9cnico-impressor na Tipografia <em>Dom Bosco<\/em>. Em 24 de julho de 1946, ao voltar do front, onde, durante a Segunda Guerra Mundial, reencorajava\u00a0 salesianamente\u00a0\u00a0\u00a0 os companheiros de trincheira, fez a Profiss\u00e3o Perp\u00e9tua, tornando-se Irm\u00e3o Salesiano.<\/p>\n<p>Em 1948 obteve o t\u00edtulo de mestre-impressor e se dedicou a ensinar o of\u00edcio aos jovens, especialmente aos mais pobres. No final dos estudos os alunos de Est\u00eav\u00e3o eram assumidos nas melhores gr\u00e1ficas da capital e do Estado.\u00a0 Com as persegui\u00e7\u00f5es comunistas \u00e0s escolas cat\u00f3licas, Est\u00eav\u00e3o foi pego em flagrante enquanto imprimia na tipografia e teve que fugir. Em julho de 1952, foi capturado enquanto trabalhava numa tipografia p\u00fablica e nunca mais foi visto pelos coirm\u00e3os.<\/p>\n<p>A causa do mart\u00edrio come\u00e7ou em Budapeste em 24 de maio de 2006, o Decreto do mart\u00edrio \u00e9 de 27 de mar\u00e7o de 2013. Em 19 de outubro de 2013, em Budapeste, foi beatificado durante a Eucaristia celebrada pelo Prefeito da Congrega\u00e7\u00e3o das Causas dos Santos, Cardeal\u00a0 Angelo Amato, SDB, representando o Papa Francisco.<\/p>\n\r\n                <style type=\"text\/css\">\r\n                    \r\n                    #tdi_1  .td-doubleSlider-2 .td-item1 {\r\n                        background: url(https:\/\/www.cgfmanet.org\/wp-content\/uploads\/2022\/06\/Stefano-Sandor_1-80x60.jpg) 0 0 no-repeat;\r\n                    }\r\n                    #tdi_1  .td-doubleSlider-2 .td-item2 {\r\n                        background: url(https:\/\/www.cgfmanet.org\/wp-content\/uploads\/2022\/06\/Stefano-Sandor_2-80x60.jpg) 0 0 no-repeat;\r\n                    }\r\n                    #tdi_1  .td-doubleSlider-2 .td-item3 {\r\n                        background: url(https:\/\/www.cgfmanet.org\/wp-content\/uploads\/2022\/06\/Stefano-Sandor_3-80x60.jpg) 0 0 no-repeat;\r\n                    }\r\n                    #tdi_1  .td-doubleSlider-2 .td-item4 {\r\n                        background: url(https:\/\/www.cgfmanet.org\/wp-content\/uploads\/2022\/06\/Stefano-Sandor_4-80x60.jpg) 0 0 no-repeat;\r\n                    }\r\n                <\/style>\r\n\r\n                <div id=\"tdi_1\" class=\"td-gallery td-slide-on-2-columns\">\r\n                    <div class=\"post_td_gallery\">\r\n                        <div class=\"td-gallery-slide-top\">\r\n                           <div class=\"td-gallery-title\"><\/div>\r\n\r\n                            <div class=\"td-gallery-controls-wrapper\">\r\n                                <div class=\"td-gallery-slide-count\"><span class=\"td-gallery-slide-item-focus\">1<\/span> do 4<\/div>\r\n                                <div class=\"td-gallery-slide-prev-next-but\">\r\n                                    <i class = \"td-icon-left doubleSliderPrevButton\"><\/i>\r\n                                    <i class = \"td-icon-right doubleSliderNextButton\"><\/i>\r\n                                <\/div>\r\n                            <\/div>\r\n                        <\/div>\r\n\r\n                        <div class = \"td-doubleSlider-1 \">\r\n                            <div class = \"td-slider\">\r\n                                \r\n                    <div class = \"td-slide-item td-item1\">\r\n                        <figure class=\"td-slide-galery-figure td-slide-popup-gallery\">\r\n                            <a class=\"slide-gallery-image-link\" href=\"https:\/\/www.cgfmanet.org\/wp-content\/uploads\/2022\/06\/Stefano-Sandor_1.jpg\" title=\"Stefano Sandor_1\"  data-caption=\"\"  data-description=\"\">\r\n                                <img decoding=\"async\" data-src=\"https:\/\/www.cgfmanet.org\/wp-content\/uploads\/2022\/06\/Stefano-Sandor_1-630x420.jpg\" data-srcset=\"https:\/\/www.cgfmanet.org\/wp-content\/uploads\/2022\/06\/Stefano-Sandor_1-630x420.jpg 630w, https:\/\/www.cgfmanet.org\/wp-content\/uploads\/2022\/06\/Stefano-Sandor_1-768x512.jpg 768w, https:\/\/www.cgfmanet.org\/wp-content\/uploads\/2022\/06\/Stefano-Sandor_1-696x464.jpg 696w, https:\/\/www.cgfmanet.org\/wp-content\/uploads\/2022\/06\/Stefano-Sandor_1.jpg 1024w\" data-sizes=\"auto\" alt=\"\" src=\"data:image\/svg+xml;base64,PHN2ZyB3aWR0aD0iMSIgaGVpZ2h0PSIxIiB4bWxucz0iaHR0cDovL3d3dy53My5vcmcvMjAwMC9zdmciPjwvc3ZnPg==\" class=\"lazyload\" style=\"--smush-placeholder-width: 630px; --smush-placeholder-aspect-ratio: 630\/420;\" data-original-sizes=\"(max-width: 630px) 100vw, 630px\">\r\n                            <\/a>\r\n                            \r\n                        <\/figure>\r\n                    <\/div>\r\n                    <div class = \"td-slide-item td-item2\">\r\n                        <figure class=\"td-slide-galery-figure td-slide-popup-gallery\">\r\n                            <a class=\"slide-gallery-image-link\" href=\"https:\/\/www.cgfmanet.org\/wp-content\/uploads\/2022\/06\/Stefano-Sandor_2.jpg\" title=\"Stefano Sandor_2\"  data-caption=\"\"  data-description=\"\">\r\n                                <img decoding=\"async\" data-src=\"https:\/\/www.cgfmanet.org\/wp-content\/uploads\/2022\/06\/Stefano-Sandor_2-630x420.jpg\" data-srcset=\"https:\/\/www.cgfmanet.org\/wp-content\/uploads\/2022\/06\/Stefano-Sandor_2-630x420.jpg 630w, https:\/\/www.cgfmanet.org\/wp-content\/uploads\/2022\/06\/Stefano-Sandor_2-768x512.jpg 768w, https:\/\/www.cgfmanet.org\/wp-content\/uploads\/2022\/06\/Stefano-Sandor_2-696x464.jpg 696w, https:\/\/www.cgfmanet.org\/wp-content\/uploads\/2022\/06\/Stefano-Sandor_2.jpg 1181w\" data-sizes=\"auto\" alt=\"\" src=\"data:image\/svg+xml;base64,PHN2ZyB3aWR0aD0iMSIgaGVpZ2h0PSIxIiB4bWxucz0iaHR0cDovL3d3dy53My5vcmcvMjAwMC9zdmciPjwvc3ZnPg==\" class=\"lazyload\" style=\"--smush-placeholder-width: 630px; --smush-placeholder-aspect-ratio: 630\/420;\" data-original-sizes=\"(max-width: 630px) 100vw, 630px\">\r\n                            <\/a>\r\n                            \r\n                        <\/figure>\r\n                    <\/div>\r\n                    <div class = \"td-slide-item td-item3\">\r\n                        <figure class=\"td-slide-galery-figure td-slide-popup-gallery\">\r\n                            <a class=\"slide-gallery-image-link\" href=\"https:\/\/www.cgfmanet.org\/wp-content\/uploads\/2022\/06\/Stefano-Sandor_3.jpg\" title=\"Stefano Sandor_3\"  data-caption=\"\"  data-description=\"\">\r\n                                <img decoding=\"async\" data-src=\"https:\/\/www.cgfmanet.org\/wp-content\/uploads\/2022\/06\/Stefano-Sandor_3-630x420.jpg\" data-srcset=\"https:\/\/www.cgfmanet.org\/wp-content\/uploads\/2022\/06\/Stefano-Sandor_3-630x420.jpg 630w, https:\/\/www.cgfmanet.org\/wp-content\/uploads\/2022\/06\/Stefano-Sandor_3-768x512.jpg 768w, https:\/\/www.cgfmanet.org\/wp-content\/uploads\/2022\/06\/Stefano-Sandor_3-696x464.jpg 696w, https:\/\/www.cgfmanet.org\/wp-content\/uploads\/2022\/06\/Stefano-Sandor_3.jpg 1181w\" data-sizes=\"auto\" alt=\"\" src=\"data:image\/svg+xml;base64,PHN2ZyB3aWR0aD0iMSIgaGVpZ2h0PSIxIiB4bWxucz0iaHR0cDovL3d3dy53My5vcmcvMjAwMC9zdmciPjwvc3ZnPg==\" class=\"lazyload\" style=\"--smush-placeholder-width: 630px; --smush-placeholder-aspect-ratio: 630\/420;\" data-original-sizes=\"(max-width: 630px) 100vw, 630px\">\r\n                            <\/a>\r\n                            \r\n                        <\/figure>\r\n                    <\/div>\r\n                    <div class = \"td-slide-item td-item4\">\r\n                        <figure class=\"td-slide-galery-figure td-slide-popup-gallery\">\r\n                            <a class=\"slide-gallery-image-link\" href=\"https:\/\/www.cgfmanet.org\/wp-content\/uploads\/2022\/06\/Stefano-Sandor_4.jpg\" title=\"Stefano Sandor_4\"  data-caption=\"\"  data-description=\"\">\r\n                                <img decoding=\"async\" data-src=\"https:\/\/www.cgfmanet.org\/wp-content\/uploads\/2022\/06\/Stefano-Sandor_4-630x420.jpg\" data-srcset=\"https:\/\/www.cgfmanet.org\/wp-content\/uploads\/2022\/06\/Stefano-Sandor_4-630x420.jpg 630w, https:\/\/www.cgfmanet.org\/wp-content\/uploads\/2022\/06\/Stefano-Sandor_4-768x512.jpg 768w, https:\/\/www.cgfmanet.org\/wp-content\/uploads\/2022\/06\/Stefano-Sandor_4-696x464.jpg 696w, https:\/\/www.cgfmanet.org\/wp-content\/uploads\/2022\/06\/Stefano-Sandor_4.jpg 1181w\" data-sizes=\"auto\" alt=\"\" src=\"data:image\/svg+xml;base64,PHN2ZyB3aWR0aD0iMSIgaGVpZ2h0PSIxIiB4bWxucz0iaHR0cDovL3d3dy53My5vcmcvMjAwMC9zdmciPjwvc3ZnPg==\" class=\"lazyload\" style=\"--smush-placeholder-width: 630px; --smush-placeholder-aspect-ratio: 630\/420;\" data-original-sizes=\"(max-width: 630px) 100vw, 630px\">\r\n                            <\/a>\r\n                            \r\n                        <\/figure>\r\n                    <\/div>\r\n                            <\/div>\r\n                        <\/div>\r\n\r\n                        <div class = \"td-doubleSlider-2\">\r\n                            <div class = \"td-slider\">\r\n                                \r\n                    <div class = \"td-button td-item1\">\r\n                        <div class = \"td-border\"><\/div>\r\n                    <\/div>\r\n                    <div class = \"td-button td-item2\">\r\n                        <div class = \"td-border\"><\/div>\r\n                    <\/div>\r\n                    <div class = \"td-button td-item3\">\r\n                        <div class = \"td-border\"><\/div>\r\n                    <\/div>\r\n                    <div class = \"td-button td-item4\">\r\n                        <div class = \"td-border\"><\/div>\r\n                    <\/div>\r\n                            <\/div>\r\n                        <\/div>\r\n\r\n                    <\/div>\r\n\r\n                <\/div>\r\n                \n","protected":false},"excerpt":{"rendered":"<p>Budapeste (Hungria).\u00a0 No dia 8 de junho de 2022 \u00e9 a mem\u00f3ria lit\u00fargica do Beato Est\u00eav\u00e3o S\u00e1ndor, Salesiano Coadjutor M\u00e1rtir (1914-1953). No dia 4 de junho de 2022, em Budapeste, [&hellip;]<\/p>\n","protected":false},"author":21,"featured_media":69105,"comment_status":"open","ping_status":"closed","sticky":false,"template":"","format":"standard","meta":{"footnotes":""},"categories":[166,159],"tags":[1238,1449,1665,1930,2308],"class_list":["post-69130","post","type-post","status-publish","format-standard","has-post-thumbnail","category-carisma-salesiano-pt","category-ifma-pt-pt","tag-itv-pt-pt","tag-santidade-salesiana","tag-spiritualita-salesiana-pt-pt","tag-focus-pt-pt","tag-hungria"],"yoast_head":"<!-- This site is optimized with the Yoast SEO plugin v27.4 - https:\/\/yoast.com\/product\/yoast-seo-wordpress\/ -->\n<title>Hungria em festa pelo Beato Est\u00eav\u00e3o S\u00e1ndor &#8226; Istituto Figlie di Maria Ausiliatrice<\/title>\n<meta name=\"description\" content=\"No dia 8 de junho de 2022 \u00e9 a mem\u00f3ria lit\u00fargica do Beato Est\u00eav\u00e3o S\u00e1ndor, Salesiano Coadjutor m\u00e1rtir da Hungria, cujo relic\u00e1rio foi aben\u00e7oado e transferido pelo Reitor-Mor no dia 4 de junho de 2022 .\" \/>\n<meta name=\"robots\" content=\"index, follow, max-snippet:-1, max-image-preview:large, max-video-preview:-1\" \/>\n<link rel=\"canonical\" href=\"https:\/\/www.cgfmanet.org\/pt-pt\/ifma-pt-pt\/hungria-em-festa-pelo-beato-estevao-sandor\/\" \/>\n<meta property=\"og:locale\" content=\"pt_PT\" \/>\n<meta property=\"og:type\" content=\"article\" \/>\n<meta property=\"og:title\" content=\"Hungria em festa pelo Beato Est\u00eav\u00e3o S\u00e1ndor &#8226; Istituto Figlie di Maria Ausiliatrice\" \/>\n<meta property=\"og:description\" content=\"No dia 8 de junho de 2022 \u00e9 a mem\u00f3ria lit\u00fargica do Beato Est\u00eav\u00e3o S\u00e1ndor, Salesiano Coadjutor m\u00e1rtir da Hungria, cujo relic\u00e1rio foi aben\u00e7oado e transferido pelo Reitor-Mor no dia 4 de junho de 2022 .\" \/>\n<meta property=\"og:url\" content=\"https:\/\/www.cgfmanet.org\/pt-pt\/ifma-pt-pt\/hungria-em-festa-pelo-beato-estevao-sandor\/\" \/>\n<meta property=\"og:site_name\" content=\"Istituto Figlie di Maria Ausiliatrice\" \/>\n<meta property=\"article:publisher\" content=\"https:\/\/www.facebook.com\/salesian.sisters.of.don.bosco\/\" \/>\n<meta property=\"article:published_time\" content=\"2022-06-07T18:30:06+00:00\" \/>\n<meta property=\"article:modified_time\" content=\"2022-06-08T06:05:00+00:00\" \/>\n<meta property=\"og:image\" content=\"https:\/\/www.cgfmanet.org\/wp-content\/uploads\/2022\/06\/Stefano-Sandor.jpg\" \/>\n\t<meta property=\"og:image:width\" content=\"1181\" \/>\n\t<meta property=\"og:image:height\" content=\"787\" \/>\n\t<meta property=\"og:image:type\" content=\"image\/jpeg\" \/>\n<meta name=\"author\" content=\"Redazione\" \/>\n<meta name=\"twitter:card\" content=\"summary_large_image\" \/>\n<meta name=\"twitter:creator\" content=\"@Cgfmanet_Org\" \/>\n<meta name=\"twitter:site\" content=\"@Cgfmanet_Org\" \/>\n<meta name=\"twitter:label1\" content=\"Escrito por\" \/>\n\t<meta name=\"twitter:data1\" content=\"Redazione\" \/>\n\t<meta name=\"twitter:label2\" content=\"Tempo estimado de leitura\" \/>\n\t<meta name=\"twitter:data2\" content=\"4 minutos\" \/>\n<script type=\"application\/ld+json\" class=\"yoast-schema-graph\">{\"@context\":\"https:\\\/\\\/schema.org\",\"@graph\":[{\"@type\":\"Article\",\"@id\":\"https:\\\/\\\/www.cgfmanet.org\\\/pt-pt\\\/ifma-pt-pt\\\/hungria-em-festa-pelo-beato-estevao-sandor\\\/#article\",\"isPartOf\":{\"@id\":\"https:\\\/\\\/www.cgfmanet.org\\\/pt-pt\\\/ifma-pt-pt\\\/hungria-em-festa-pelo-beato-estevao-sandor\\\/\"},\"author\":{\"name\":\"Redazione\",\"@id\":\"https:\\\/\\\/www.cgfmanet.org\\\/es\\\/#\\\/schema\\\/person\\\/ce6473083f53ef0ef882cca23f0c8fb9\"},\"headline\":\"Hungria em festa pelo Beato Est\u00eav\u00e3o S\u00e1ndor\",\"datePublished\":\"2022-06-07T18:30:06+00:00\",\"dateModified\":\"2022-06-08T06:05:00+00:00\",\"mainEntityOfPage\":{\"@id\":\"https:\\\/\\\/www.cgfmanet.org\\\/pt-pt\\\/ifma-pt-pt\\\/hungria-em-festa-pelo-beato-estevao-sandor\\\/\"},\"wordCount\":868,\"commentCount\":0,\"publisher\":{\"@id\":\"https:\\\/\\\/www.cgfmanet.org\\\/es\\\/#organization\"},\"image\":{\"@id\":\"https:\\\/\\\/www.cgfmanet.org\\\/pt-pt\\\/ifma-pt-pt\\\/hungria-em-festa-pelo-beato-estevao-sandor\\\/#primaryimage\"},\"thumbnailUrl\":\"https:\\\/\\\/www.cgfmanet.org\\\/wp-content\\\/uploads\\\/2022\\\/06\\\/Stefano-Sandor.jpg\",\"keywords\":[\"ITV\",\"Santidade Salesiana\",\"Spiritualit\u00e0 Salesiana\",\"Focus\",\"Hungria\"],\"articleSection\":[\"Carisma Salesiano\",\"IFMA\"],\"inLanguage\":\"pt-PT\",\"potentialAction\":[{\"@type\":\"CommentAction\",\"name\":\"Comment\",\"target\":[\"https:\\\/\\\/www.cgfmanet.org\\\/pt-pt\\\/ifma-pt-pt\\\/hungria-em-festa-pelo-beato-estevao-sandor\\\/#respond\"]}]},{\"@type\":\"WebPage\",\"@id\":\"https:\\\/\\\/www.cgfmanet.org\\\/pt-pt\\\/ifma-pt-pt\\\/hungria-em-festa-pelo-beato-estevao-sandor\\\/\",\"url\":\"https:\\\/\\\/www.cgfmanet.org\\\/pt-pt\\\/ifma-pt-pt\\\/hungria-em-festa-pelo-beato-estevao-sandor\\\/\",\"name\":\"Hungria em festa pelo Beato Est\u00eav\u00e3o S\u00e1ndor &#8226; Istituto Figlie di Maria Ausiliatrice\",\"isPartOf\":{\"@id\":\"https:\\\/\\\/www.cgfmanet.org\\\/es\\\/#website\"},\"primaryImageOfPage\":{\"@id\":\"https:\\\/\\\/www.cgfmanet.org\\\/pt-pt\\\/ifma-pt-pt\\\/hungria-em-festa-pelo-beato-estevao-sandor\\\/#primaryimage\"},\"image\":{\"@id\":\"https:\\\/\\\/www.cgfmanet.org\\\/pt-pt\\\/ifma-pt-pt\\\/hungria-em-festa-pelo-beato-estevao-sandor\\\/#primaryimage\"},\"thumbnailUrl\":\"https:\\\/\\\/www.cgfmanet.org\\\/wp-content\\\/uploads\\\/2022\\\/06\\\/Stefano-Sandor.jpg\",\"datePublished\":\"2022-06-07T18:30:06+00:00\",\"dateModified\":\"2022-06-08T06:05:00+00:00\",\"description\":\"No dia 8 de junho de 2022 \u00e9 a mem\u00f3ria lit\u00fargica do Beato Est\u00eav\u00e3o S\u00e1ndor, Salesiano Coadjutor m\u00e1rtir da Hungria, cujo relic\u00e1rio foi aben\u00e7oado e transferido pelo Reitor-Mor no dia 4 de junho de 2022 .\",\"breadcrumb\":{\"@id\":\"https:\\\/\\\/www.cgfmanet.org\\\/pt-pt\\\/ifma-pt-pt\\\/hungria-em-festa-pelo-beato-estevao-sandor\\\/#breadcrumb\"},\"inLanguage\":\"pt-PT\",\"potentialAction\":[{\"@type\":\"ReadAction\",\"target\":[\"https:\\\/\\\/www.cgfmanet.org\\\/pt-pt\\\/ifma-pt-pt\\\/hungria-em-festa-pelo-beato-estevao-sandor\\\/\"]}]},{\"@type\":\"ImageObject\",\"inLanguage\":\"pt-PT\",\"@id\":\"https:\\\/\\\/www.cgfmanet.org\\\/pt-pt\\\/ifma-pt-pt\\\/hungria-em-festa-pelo-beato-estevao-sandor\\\/#primaryimage\",\"url\":\"https:\\\/\\\/www.cgfmanet.org\\\/wp-content\\\/uploads\\\/2022\\\/06\\\/Stefano-Sandor.jpg\",\"contentUrl\":\"https:\\\/\\\/www.cgfmanet.org\\\/wp-content\\\/uploads\\\/2022\\\/06\\\/Stefano-Sandor.jpg\",\"width\":1181,\"height\":787},{\"@type\":\"BreadcrumbList\",\"@id\":\"https:\\\/\\\/www.cgfmanet.org\\\/pt-pt\\\/ifma-pt-pt\\\/hungria-em-festa-pelo-beato-estevao-sandor\\\/#breadcrumb\",\"itemListElement\":[{\"@type\":\"ListItem\",\"position\":1,\"name\":\"Home\",\"item\":\"https:\\\/\\\/www.cgfmanet.org\\\/pt-pt\\\/\"},{\"@type\":\"ListItem\",\"position\":2,\"name\":\"Hungria em festa pelo Beato Est\u00eav\u00e3o S\u00e1ndor\"}]},{\"@type\":\"WebSite\",\"@id\":\"https:\\\/\\\/www.cgfmanet.org\\\/es\\\/#website\",\"url\":\"https:\\\/\\\/www.cgfmanet.org\\\/es\\\/\",\"name\":\"Istituto Figlie di Maria Ausiliatrice\",\"description\":\"Salesiane di Don Bosco\",\"publisher\":{\"@id\":\"https:\\\/\\\/www.cgfmanet.org\\\/es\\\/#organization\"},\"potentialAction\":[{\"@type\":\"SearchAction\",\"target\":{\"@type\":\"EntryPoint\",\"urlTemplate\":\"https:\\\/\\\/www.cgfmanet.org\\\/es\\\/?s={search_term_string}\"},\"query-input\":{\"@type\":\"PropertyValueSpecification\",\"valueRequired\":true,\"valueName\":\"search_term_string\"}}],\"inLanguage\":\"pt-PT\"},{\"@type\":\"Organization\",\"@id\":\"https:\\\/\\\/www.cgfmanet.org\\\/es\\\/#organization\",\"name\":\"Istituto Figlie di Maria Ausiliatrice\",\"url\":\"https:\\\/\\\/www.cgfmanet.org\\\/es\\\/\",\"logo\":{\"@type\":\"ImageObject\",\"inLanguage\":\"pt-PT\",\"@id\":\"https:\\\/\\\/www.cgfmanet.org\\\/es\\\/#\\\/schema\\\/logo\\\/image\\\/\",\"url\":\"https:\\\/\\\/www.cgfmanet.org\\\/wp-content\\\/uploads\\\/2018\\\/10\\\/logo-fma.png\",\"contentUrl\":\"https:\\\/\\\/www.cgfmanet.org\\\/wp-content\\\/uploads\\\/2018\\\/10\\\/logo-fma.png\",\"width\":214,\"height\":55,\"caption\":\"Istituto Figlie di Maria Ausiliatrice\"},\"image\":{\"@id\":\"https:\\\/\\\/www.cgfmanet.org\\\/es\\\/#\\\/schema\\\/logo\\\/image\\\/\"},\"sameAs\":[\"https:\\\/\\\/www.facebook.com\\\/salesian.sisters.of.don.bosco\\\/\",\"https:\\\/\\\/x.com\\\/Cgfmanet_Org\",\"https:\\\/\\\/www.youtube.com\\\/channel\\\/UCmcr8yFQBV7JXeXVxyV9y5Q\"]},{\"@type\":\"Person\",\"@id\":\"https:\\\/\\\/www.cgfmanet.org\\\/es\\\/#\\\/schema\\\/person\\\/ce6473083f53ef0ef882cca23f0c8fb9\",\"name\":\"Redazione\"}]}<\/script>\n<!-- \/ Yoast SEO plugin. -->","yoast_head_json":{"title":"Hungria em festa pelo Beato Est\u00eav\u00e3o S\u00e1ndor &#8226; Istituto Figlie di Maria Ausiliatrice","description":"No dia 8 de junho de 2022 \u00e9 a mem\u00f3ria lit\u00fargica do Beato Est\u00eav\u00e3o S\u00e1ndor, Salesiano Coadjutor m\u00e1rtir da Hungria, cujo relic\u00e1rio foi aben\u00e7oado e transferido pelo Reitor-Mor no dia 4 de junho de 2022 .","robots":{"index":"index","follow":"follow","max-snippet":"max-snippet:-1","max-image-preview":"max-image-preview:large","max-video-preview":"max-video-preview:-1"},"canonical":"https:\/\/www.cgfmanet.org\/pt-pt\/ifma-pt-pt\/hungria-em-festa-pelo-beato-estevao-sandor\/","og_locale":"pt_PT","og_type":"article","og_title":"Hungria em festa pelo Beato Est\u00eav\u00e3o S\u00e1ndor &#8226; Istituto Figlie di Maria Ausiliatrice","og_description":"No dia 8 de junho de 2022 \u00e9 a mem\u00f3ria lit\u00fargica do Beato Est\u00eav\u00e3o S\u00e1ndor, Salesiano Coadjutor m\u00e1rtir da Hungria, cujo relic\u00e1rio foi aben\u00e7oado e transferido pelo Reitor-Mor no dia 4 de junho de 2022 .","og_url":"https:\/\/www.cgfmanet.org\/pt-pt\/ifma-pt-pt\/hungria-em-festa-pelo-beato-estevao-sandor\/","og_site_name":"Istituto Figlie di Maria Ausiliatrice","article_publisher":"https:\/\/www.facebook.com\/salesian.sisters.of.don.bosco\/","article_published_time":"2022-06-07T18:30:06+00:00","article_modified_time":"2022-06-08T06:05:00+00:00","og_image":[{"width":1181,"height":787,"url":"https:\/\/www.cgfmanet.org\/wp-content\/uploads\/2022\/06\/Stefano-Sandor.jpg","type":"image\/jpeg"}],"author":"Redazione","twitter_card":"summary_large_image","twitter_creator":"@Cgfmanet_Org","twitter_site":"@Cgfmanet_Org","twitter_misc":{"Escrito por":"Redazione","Tempo estimado de leitura":"4 minutos"},"schema":{"@context":"https:\/\/schema.org","@graph":[{"@type":"Article","@id":"https:\/\/www.cgfmanet.org\/pt-pt\/ifma-pt-pt\/hungria-em-festa-pelo-beato-estevao-sandor\/#article","isPartOf":{"@id":"https:\/\/www.cgfmanet.org\/pt-pt\/ifma-pt-pt\/hungria-em-festa-pelo-beato-estevao-sandor\/"},"author":{"name":"Redazione","@id":"https:\/\/www.cgfmanet.org\/es\/#\/schema\/person\/ce6473083f53ef0ef882cca23f0c8fb9"},"headline":"Hungria em festa pelo Beato Est\u00eav\u00e3o S\u00e1ndor","datePublished":"2022-06-07T18:30:06+00:00","dateModified":"2022-06-08T06:05:00+00:00","mainEntityOfPage":{"@id":"https:\/\/www.cgfmanet.org\/pt-pt\/ifma-pt-pt\/hungria-em-festa-pelo-beato-estevao-sandor\/"},"wordCount":868,"commentCount":0,"publisher":{"@id":"https:\/\/www.cgfmanet.org\/es\/#organization"},"image":{"@id":"https:\/\/www.cgfmanet.org\/pt-pt\/ifma-pt-pt\/hungria-em-festa-pelo-beato-estevao-sandor\/#primaryimage"},"thumbnailUrl":"https:\/\/www.cgfmanet.org\/wp-content\/uploads\/2022\/06\/Stefano-Sandor.jpg","keywords":["ITV","Santidade Salesiana","Spiritualit\u00e0 Salesiana","Focus","Hungria"],"articleSection":["Carisma Salesiano","IFMA"],"inLanguage":"pt-PT","potentialAction":[{"@type":"CommentAction","name":"Comment","target":["https:\/\/www.cgfmanet.org\/pt-pt\/ifma-pt-pt\/hungria-em-festa-pelo-beato-estevao-sandor\/#respond"]}]},{"@type":"WebPage","@id":"https:\/\/www.cgfmanet.org\/pt-pt\/ifma-pt-pt\/hungria-em-festa-pelo-beato-estevao-sandor\/","url":"https:\/\/www.cgfmanet.org\/pt-pt\/ifma-pt-pt\/hungria-em-festa-pelo-beato-estevao-sandor\/","name":"Hungria em festa pelo Beato Est\u00eav\u00e3o S\u00e1ndor &#8226; Istituto Figlie di Maria Ausiliatrice","isPartOf":{"@id":"https:\/\/www.cgfmanet.org\/es\/#website"},"primaryImageOfPage":{"@id":"https:\/\/www.cgfmanet.org\/pt-pt\/ifma-pt-pt\/hungria-em-festa-pelo-beato-estevao-sandor\/#primaryimage"},"image":{"@id":"https:\/\/www.cgfmanet.org\/pt-pt\/ifma-pt-pt\/hungria-em-festa-pelo-beato-estevao-sandor\/#primaryimage"},"thumbnailUrl":"https:\/\/www.cgfmanet.org\/wp-content\/uploads\/2022\/06\/Stefano-Sandor.jpg","datePublished":"2022-06-07T18:30:06+00:00","dateModified":"2022-06-08T06:05:00+00:00","description":"No dia 8 de junho de 2022 \u00e9 a mem\u00f3ria lit\u00fargica do Beato Est\u00eav\u00e3o S\u00e1ndor, Salesiano Coadjutor m\u00e1rtir da Hungria, cujo relic\u00e1rio foi aben\u00e7oado e transferido pelo Reitor-Mor no dia 4 de junho de 2022 .","breadcrumb":{"@id":"https:\/\/www.cgfmanet.org\/pt-pt\/ifma-pt-pt\/hungria-em-festa-pelo-beato-estevao-sandor\/#breadcrumb"},"inLanguage":"pt-PT","potentialAction":[{"@type":"ReadAction","target":["https:\/\/www.cgfmanet.org\/pt-pt\/ifma-pt-pt\/hungria-em-festa-pelo-beato-estevao-sandor\/"]}]},{"@type":"ImageObject","inLanguage":"pt-PT","@id":"https:\/\/www.cgfmanet.org\/pt-pt\/ifma-pt-pt\/hungria-em-festa-pelo-beato-estevao-sandor\/#primaryimage","url":"https:\/\/www.cgfmanet.org\/wp-content\/uploads\/2022\/06\/Stefano-Sandor.jpg","contentUrl":"https:\/\/www.cgfmanet.org\/wp-content\/uploads\/2022\/06\/Stefano-Sandor.jpg","width":1181,"height":787},{"@type":"BreadcrumbList","@id":"https:\/\/www.cgfmanet.org\/pt-pt\/ifma-pt-pt\/hungria-em-festa-pelo-beato-estevao-sandor\/#breadcrumb","itemListElement":[{"@type":"ListItem","position":1,"name":"Home","item":"https:\/\/www.cgfmanet.org\/pt-pt\/"},{"@type":"ListItem","position":2,"name":"Hungria em festa pelo Beato Est\u00eav\u00e3o S\u00e1ndor"}]},{"@type":"WebSite","@id":"https:\/\/www.cgfmanet.org\/es\/#website","url":"https:\/\/www.cgfmanet.org\/es\/","name":"Istituto Figlie di Maria Ausiliatrice","description":"Salesiane di Don Bosco","publisher":{"@id":"https:\/\/www.cgfmanet.org\/es\/#organization"},"potentialAction":[{"@type":"SearchAction","target":{"@type":"EntryPoint","urlTemplate":"https:\/\/www.cgfmanet.org\/es\/?s={search_term_string}"},"query-input":{"@type":"PropertyValueSpecification","valueRequired":true,"valueName":"search_term_string"}}],"inLanguage":"pt-PT"},{"@type":"Organization","@id":"https:\/\/www.cgfmanet.org\/es\/#organization","name":"Istituto Figlie di Maria Ausiliatrice","url":"https:\/\/www.cgfmanet.org\/es\/","logo":{"@type":"ImageObject","inLanguage":"pt-PT","@id":"https:\/\/www.cgfmanet.org\/es\/#\/schema\/logo\/image\/","url":"https:\/\/www.cgfmanet.org\/wp-content\/uploads\/2018\/10\/logo-fma.png","contentUrl":"https:\/\/www.cgfmanet.org\/wp-content\/uploads\/2018\/10\/logo-fma.png","width":214,"height":55,"caption":"Istituto Figlie di Maria Ausiliatrice"},"image":{"@id":"https:\/\/www.cgfmanet.org\/es\/#\/schema\/logo\/image\/"},"sameAs":["https:\/\/www.facebook.com\/salesian.sisters.of.don.bosco\/","https:\/\/x.com\/Cgfmanet_Org","https:\/\/www.youtube.com\/channel\/UCmcr8yFQBV7JXeXVxyV9y5Q"]},{"@type":"Person","@id":"https:\/\/www.cgfmanet.org\/es\/#\/schema\/person\/ce6473083f53ef0ef882cca23f0c8fb9","name":"Redazione"}]}},"_links":{"self":[{"href":"https:\/\/www.cgfmanet.org\/pt-pt\/wp-json\/wp\/v2\/posts\/69130","targetHints":{"allow":["GET"]}}],"collection":[{"href":"https:\/\/www.cgfmanet.org\/pt-pt\/wp-json\/wp\/v2\/posts"}],"about":[{"href":"https:\/\/www.cgfmanet.org\/pt-pt\/wp-json\/wp\/v2\/types\/post"}],"author":[{"embeddable":true,"href":"https:\/\/www.cgfmanet.org\/pt-pt\/wp-json\/wp\/v2\/users\/21"}],"replies":[{"embeddable":true,"href":"https:\/\/www.cgfmanet.org\/pt-pt\/wp-json\/wp\/v2\/comments?post=69130"}],"version-history":[{"count":0,"href":"https:\/\/www.cgfmanet.org\/pt-pt\/wp-json\/wp\/v2\/posts\/69130\/revisions"}],"wp:featuredmedia":[{"embeddable":true,"href":"https:\/\/www.cgfmanet.org\/pt-pt\/wp-json\/wp\/v2\/media\/69105"}],"wp:attachment":[{"href":"https:\/\/www.cgfmanet.org\/pt-pt\/wp-json\/wp\/v2\/media?parent=69130"}],"wp:term":[{"taxonomy":"category","embeddable":true,"href":"https:\/\/www.cgfmanet.org\/pt-pt\/wp-json\/wp\/v2\/categories?post=69130"},{"taxonomy":"post_tag","embeddable":true,"href":"https:\/\/www.cgfmanet.org\/pt-pt\/wp-json\/wp\/v2\/tags?post=69130"}],"curies":[{"name":"wp","href":"https:\/\/api.w.org\/{rel}","templated":true}]}}