{"id":67853,"date":"2022-05-21T06:36:49","date_gmt":"2022-05-21T04:36:49","guid":{"rendered":"https:\/\/www.cgfmanet.org\/infosfera-pt-pt\/mornese-in-uscita-comunita-che-annunciano-gesu-con-la-vita-circolare-n-1018\/"},"modified":"2022-05-22T07:29:41","modified_gmt":"2022-05-22T05:29:41","slug":"mornese-em-saida-comunidades-que-anunciam-jesus-com-a-vida-circular-n-1018","status":"publish","type":"post","link":"https:\/\/www.cgfmanet.org\/pt-pt\/ifma-pt-pt\/mornese-em-saida-comunidades-que-anunciam-jesus-com-a-vida-circular-n-1018\/","title":{"rendered":"&#8220;Mornese em sa\u00edda&#8221;: comunidades que anunciam Jesus com a vida &#8211; Circular n\u00b0 1018"},"content":{"rendered":"<p><strong>Roma (It\u00e1lia).<\/strong>\u00a0 Na abertura da Circular n\u00ba 1018, a Madre Geral do Instituto das Filhas de Maria Auxiliadora, Irm\u00e3 Chiara Cazzuola, expressa sua gratid\u00e3o pelas muitas express\u00f5es de afeto e proximidade recebidas por ocasi\u00e3o da Festa da Gratid\u00e3o Mundial, que aconteceu de 24 a 26 de abril de 2022 em Turim, Mornese, Nizza Monferrato, lugares das origens, no 150\u00ba anivers\u00e1rio de Funda\u00e7\u00e3o do Instituto.<\/p>\n<p>Retomando os artigos das Constitui\u00e7\u00f5es, aprofunda <strong>a dimens\u00e3o mission\u00e1ria, elemento essencial da identidade do Instituto<\/strong> (cf. C 75).\u00a0 Conforme expresso no art.\u00a0 6, Dom Bosco imprimiu ao Instituto das FMA um forte impulso mission\u00e1rio, assumido de modo original e criativo por Madre Mazzarello.<\/p>\n<p>Madre Chiara descreve a missionariedade como impulso de aud\u00e1cia apost\u00f3lica que se transforma para as FMA <em>&#8220;em paix\u00e3o educativa e na busca de uma constante renova\u00e7\u00e3o vital, movida pela alegria do Evangelho&#8221;<\/em>, que deveria ser vivida atrav\u00e9s de cada uma &#8220;<em>como uma dimens\u00e3o natural da vida\u201d<\/em>.<\/p>\n<p>Descrevendo a tend\u00eancia apost\u00f3lica das primeiras comunidades de Valdocco e Mornese, feita de <em>&#8220;capacidade de adapta\u00e7\u00e3o a tudo, at\u00e9 ao sacrif\u00edcio extremo, sem busca de si mesmas ou de protagonismo&#8221;<\/em>, como <em>&#8220;modelo feliz e austero de vida que se constr\u00f3i dia a dia na disponibilidade sem limites e sem hesita\u00e7\u00f5es<\/em>&#8221; destaca o cetera tolle como aspecto fundamental da dimens\u00e3o mission\u00e1ria e sublinha:<\/p>\n<p>&#8220;<strong>Dom Bosco e Madre Mazzarello nos ensinam que o ardor do da mihi animas n\u00e3o pode expressar-se sem o realismo do cetera tolle.\u00a0 Da\u00ed o segredo da sua fecundidade.&#8221; <\/strong><\/p>\n<p>Al\u00e9m de elemento essencial da identidade do Instituto, como lembra o art. 75 das Constitui\u00e7\u00f5es, a dimens\u00e3o mission\u00e1ria \u00e9 tamb\u00e9m express\u00e3o de <strong>universalidade<\/strong>, presente em sua hist\u00f3ria desde as origens, t\u00e3o importante na medida em que \u201c<em>alimenta a consci\u00eancia de pertencer a uma fam\u00edlia religiosa aberta \u00e0s v\u00e1rias na\u00e7\u00f5es, sem barreiras de l\u00edngua e de cultura<\/em>, abre a experi\u00eancias dos horizontes amplos e universais e aumenta <em>&#8220;a responsabilidade de todas na partilha da vida do Instituto e da sua cont\u00ednua expans\u00e3o no mundo&#8221;<\/em>.<\/p>\n<p>A gratid\u00e3o para com as primeiras mission\u00e1rias que, animadas por um grande fervor mission\u00e1rio, prontas a enfrentar todo sacrif\u00edcio e dificuldade para anunciar o Evangelho nos lugares a elas desconhecidos\u201d, souberam descer \u00e0 cultura e \u00e0s necessidades das pessoas encontradas, <em>&#8220;continua a inspirar hoje a nossa miss\u00e3o educativa e a renovar o ardor mission\u00e1rio, onde quer que nos encontremos\u201d<\/em>.<\/p>\n<p>Da\u00ed, o convite da Madre para uma nova &#8220;sa\u00edda mission\u00e1ria&#8221;:<\/p>\n<p>&#8220;<em>Cada comunidade \u00e9 questionada a discernir qual \u00e9 o caminho mission\u00e1rio que o Senhor lhe abre adiante e todas somos convidadas a empreender com generosidade este caminho: deixar as pr\u00f3prias comodidades e chegar \u00e0s periferias, que precisam da luz do Evangelho&#8221;<\/em>.<\/p>\n<p>Em seguida, sublinha a import\u00e2ncia de um caminho empreendido juntas, como Comunidade, com aten\u00e7\u00e3o a todas, sem deixar nenhuma para tr\u00e1s e sem fechar-se em rela\u00e7\u00f5es confort\u00e1veis: &#8220;Quem anuncia verdadeiramente n\u00e3o procura fugas <em>do mundo nem da comunidade&#8221;.<\/em><\/p>\n<p>O especial anivers\u00e1rio que se vive como Instituto \u00e9 para todas as Comunidades fundamento de um renovado ardor mission\u00e1rio.<\/p>\n<p>&#8220;O vinho novo do carisma, que h\u00e1 150 anos alimenta a fecundidade vocacional do Instituto, fortalece a alegria e a admira\u00e7\u00e3o do chamado a ser comunidades mission\u00e1rias; impele-nos a ser ainda <strong>&#8216;Mornese em sa\u00edda\u2019, comunidades que anunciam Jesus com a vida, que assumem os desafios da mudan\u00e7a e testemunham os valores evang\u00e9licos, que assumem as v\u00e1rias formas de pobreza presentes nas periferias existenciais e geogr\u00e1ficas<\/strong> (Cf. Atos CG XXIV, n. 26)\u201d.<\/p>\n<p>Recordando a experi\u00eancia do Cap\u00edtulo Geral XXIV, a Madre recorda a escolha priorit\u00e1ria da <strong>sinodalidade mission\u00e1ria<\/strong> como estilo de vida, que nos solicita a escutar e responder ao mandato mission\u00e1rio de Jesus: \u201cIde e fazei que todos os povos sejam meus disc\u00edpulos\u201d descobrindo, naquele \u201cide&#8221;, <em>&#8220;os cen\u00e1rios e desafios sempre novos da nossa miss\u00e3o educativa&#8221;<\/em> para ser, sem\u00a0 temor, Igreja em sa\u00edda.<\/p>\n<p>Madre Chiara conclui a Circular invocando o aux\u00edlio de Maria Auxiliadora e a paz para a humanidade inteira nestes tempos dif\u00edceis e assegurando a ora\u00e7\u00e3o na Bas\u00edlica de Turim na solenidade do 24 de maio, em que confiar\u00e1 o desejo de todas as FMA de serem &#8220;Mornese em sa\u00edda\u201d na alegria e com cora\u00e7\u00e3o mission\u00e1rio-<\/p>\n<p><span style=\"color: #0000ff;\"><strong><a style=\"color: #0000ff;\" href=\"https:\/\/drive.google.com\/file\/d\/1y-6fnmO8F7F9R3TYktvpYvjBkeU2gQft\/view?usp=sharing\" target=\"_blank\" rel=\"noopener\">Circular n\u00b01018<\/a><\/strong><\/span><\/p>\n","protected":false},"excerpt":{"rendered":"<p>Roma (It\u00e1lia).\u00a0 Na abertura da Circular n\u00ba 1018, a Madre Geral do Instituto das Filhas de Maria Auxiliadora, Irm\u00e3 Chiara Cazzuola, expressa sua gratid\u00e3o pelas muitas express\u00f5es de afeto e [&hellip;]<\/p>\n","protected":false},"author":21,"featured_media":67848,"comment_status":"open","ping_status":"closed","sticky":false,"template":"","format":"standard","meta":{"footnotes":""},"categories":[166,159],"tags":[370,389,1793,1930,2277,2378],"class_list":["post-67853","post","type-post","status-publish","format-standard","has-post-thumbnail","category-carisma-salesiano-pt","category-ifma-pt-pt","tag-madre-geral","tag-missionariedade","tag-missionariedade-pt-pt","tag-focus-pt-pt","tag-150-ifma-pt-pt","tag-madre-chiara-cazzuola-pt-pt"],"yoast_head":"<!-- This site is optimized with the Yoast SEO plugin v27.4 - https:\/\/yoast.com\/product\/yoast-seo-wordpress\/ -->\n<title>&quot;Mornese em sa\u00edda&quot;: comunidades que anunciam Jesus com a vida - Circular n\u00b0 1018 &#8226; Istituto Figlie di Maria Ausiliatrice<\/title>\n<meta name=\"description\" content=\"A Madre Geral do Instituto das FMA, Irm\u00e3 Chiara Cazzuola, na Circular n\u00b0 1018, aprofunda a dimens\u00e3o mission\u00e1ria, elemento essencial da identidade do Instituto.\" \/>\n<meta name=\"robots\" content=\"index, follow, max-snippet:-1, max-image-preview:large, max-video-preview:-1\" \/>\n<link rel=\"canonical\" href=\"https:\/\/www.cgfmanet.org\/pt-pt\/ifma-pt-pt\/mornese-em-saida-comunidades-que-anunciam-jesus-com-a-vida-circular-n-1018\/\" \/>\n<meta property=\"og:locale\" content=\"pt_PT\" \/>\n<meta property=\"og:type\" content=\"article\" \/>\n<meta property=\"og:title\" content=\"&quot;Mornese em sa\u00edda&quot;: comunidades que anunciam Jesus com a vida - Circular n\u00b0 1018 &#8226; Istituto Figlie di Maria Ausiliatrice\" \/>\n<meta property=\"og:description\" content=\"A Madre Geral do Instituto das FMA, Irm\u00e3 Chiara Cazzuola, na Circular n\u00b0 1018, aprofunda a dimens\u00e3o mission\u00e1ria, elemento essencial da identidade do Instituto.\" \/>\n<meta property=\"og:url\" content=\"https:\/\/www.cgfmanet.org\/pt-pt\/ifma-pt-pt\/mornese-em-saida-comunidades-que-anunciam-jesus-com-a-vida-circular-n-1018\/\" \/>\n<meta property=\"og:site_name\" content=\"Istituto Figlie di Maria Ausiliatrice\" \/>\n<meta property=\"article:publisher\" content=\"https:\/\/www.facebook.com\/salesian.sisters.of.don.bosco\/\" \/>\n<meta property=\"article:published_time\" content=\"2022-05-21T04:36:49+00:00\" \/>\n<meta property=\"article:modified_time\" content=\"2022-05-22T05:29:41+00:00\" \/>\n<meta property=\"og:image\" content=\"https:\/\/www.cgfmanet.org\/wp-content\/uploads\/2022\/05\/Circolare-n\u00b01018_Mornese-in-uscita.jpg\" \/>\n\t<meta property=\"og:image:width\" content=\"1200\" \/>\n\t<meta property=\"og:image:height\" content=\"800\" \/>\n\t<meta property=\"og:image:type\" content=\"image\/jpeg\" \/>\n<meta name=\"author\" content=\"Redazione\" \/>\n<meta name=\"twitter:card\" content=\"summary_large_image\" \/>\n<meta name=\"twitter:creator\" content=\"@Cgfmanet_Org\" \/>\n<meta name=\"twitter:site\" content=\"@Cgfmanet_Org\" \/>\n<meta name=\"twitter:label1\" content=\"Escrito por\" \/>\n\t<meta name=\"twitter:data1\" content=\"Redazione\" \/>\n\t<meta name=\"twitter:label2\" content=\"Tempo estimado de leitura\" \/>\n\t<meta name=\"twitter:data2\" content=\"4 minutos\" \/>\n<script type=\"application\/ld+json\" class=\"yoast-schema-graph\">{\"@context\":\"https:\\\/\\\/schema.org\",\"@graph\":[{\"@type\":\"Article\",\"@id\":\"https:\\\/\\\/www.cgfmanet.org\\\/pt-pt\\\/ifma-pt-pt\\\/mornese-em-saida-comunidades-que-anunciam-jesus-com-a-vida-circular-n-1018\\\/#article\",\"isPartOf\":{\"@id\":\"https:\\\/\\\/www.cgfmanet.org\\\/pt-pt\\\/ifma-pt-pt\\\/mornese-em-saida-comunidades-que-anunciam-jesus-com-a-vida-circular-n-1018\\\/\"},\"author\":{\"name\":\"Redazione\",\"@id\":\"https:\\\/\\\/www.cgfmanet.org\\\/es\\\/#\\\/schema\\\/person\\\/ce6473083f53ef0ef882cca23f0c8fb9\"},\"headline\":\"&#8220;Mornese em sa\u00edda&#8221;: comunidades que anunciam Jesus com a vida &#8211; Circular n\u00b0 1018\",\"datePublished\":\"2022-05-21T04:36:49+00:00\",\"dateModified\":\"2022-05-22T05:29:41+00:00\",\"mainEntityOfPage\":{\"@id\":\"https:\\\/\\\/www.cgfmanet.org\\\/pt-pt\\\/ifma-pt-pt\\\/mornese-em-saida-comunidades-que-anunciam-jesus-com-a-vida-circular-n-1018\\\/\"},\"wordCount\":765,\"commentCount\":0,\"publisher\":{\"@id\":\"https:\\\/\\\/www.cgfmanet.org\\\/es\\\/#organization\"},\"image\":{\"@id\":\"https:\\\/\\\/www.cgfmanet.org\\\/pt-pt\\\/ifma-pt-pt\\\/mornese-em-saida-comunidades-que-anunciam-jesus-com-a-vida-circular-n-1018\\\/#primaryimage\"},\"thumbnailUrl\":\"https:\\\/\\\/www.cgfmanet.org\\\/wp-content\\\/uploads\\\/2022\\\/05\\\/Circolare-n\u00b01018_Mornese-in-uscita.jpg\",\"keywords\":[\"Madre Geral\",\"Missionariedade\",\"Missionariedade\",\"Focus\",\"150\u00b0 IFMA\",\"Madre Chiara Cazzuola\"],\"articleSection\":[\"Carisma Salesiano\",\"IFMA\"],\"inLanguage\":\"pt-PT\",\"potentialAction\":[{\"@type\":\"CommentAction\",\"name\":\"Comment\",\"target\":[\"https:\\\/\\\/www.cgfmanet.org\\\/pt-pt\\\/ifma-pt-pt\\\/mornese-em-saida-comunidades-que-anunciam-jesus-com-a-vida-circular-n-1018\\\/#respond\"]}]},{\"@type\":\"WebPage\",\"@id\":\"https:\\\/\\\/www.cgfmanet.org\\\/pt-pt\\\/ifma-pt-pt\\\/mornese-em-saida-comunidades-que-anunciam-jesus-com-a-vida-circular-n-1018\\\/\",\"url\":\"https:\\\/\\\/www.cgfmanet.org\\\/pt-pt\\\/ifma-pt-pt\\\/mornese-em-saida-comunidades-que-anunciam-jesus-com-a-vida-circular-n-1018\\\/\",\"name\":\"\\\"Mornese em sa\u00edda\\\": comunidades que anunciam Jesus com a vida - Circular n\u00b0 1018 &#8226; Istituto Figlie di Maria Ausiliatrice\",\"isPartOf\":{\"@id\":\"https:\\\/\\\/www.cgfmanet.org\\\/es\\\/#website\"},\"primaryImageOfPage\":{\"@id\":\"https:\\\/\\\/www.cgfmanet.org\\\/pt-pt\\\/ifma-pt-pt\\\/mornese-em-saida-comunidades-que-anunciam-jesus-com-a-vida-circular-n-1018\\\/#primaryimage\"},\"image\":{\"@id\":\"https:\\\/\\\/www.cgfmanet.org\\\/pt-pt\\\/ifma-pt-pt\\\/mornese-em-saida-comunidades-que-anunciam-jesus-com-a-vida-circular-n-1018\\\/#primaryimage\"},\"thumbnailUrl\":\"https:\\\/\\\/www.cgfmanet.org\\\/wp-content\\\/uploads\\\/2022\\\/05\\\/Circolare-n\u00b01018_Mornese-in-uscita.jpg\",\"datePublished\":\"2022-05-21T04:36:49+00:00\",\"dateModified\":\"2022-05-22T05:29:41+00:00\",\"description\":\"A Madre Geral do Instituto das FMA, Irm\u00e3 Chiara Cazzuola, na Circular n\u00b0 1018, aprofunda a dimens\u00e3o mission\u00e1ria, elemento essencial da identidade do Instituto.\",\"breadcrumb\":{\"@id\":\"https:\\\/\\\/www.cgfmanet.org\\\/pt-pt\\\/ifma-pt-pt\\\/mornese-em-saida-comunidades-que-anunciam-jesus-com-a-vida-circular-n-1018\\\/#breadcrumb\"},\"inLanguage\":\"pt-PT\",\"potentialAction\":[{\"@type\":\"ReadAction\",\"target\":[\"https:\\\/\\\/www.cgfmanet.org\\\/pt-pt\\\/ifma-pt-pt\\\/mornese-em-saida-comunidades-que-anunciam-jesus-com-a-vida-circular-n-1018\\\/\"]}]},{\"@type\":\"ImageObject\",\"inLanguage\":\"pt-PT\",\"@id\":\"https:\\\/\\\/www.cgfmanet.org\\\/pt-pt\\\/ifma-pt-pt\\\/mornese-em-saida-comunidades-que-anunciam-jesus-com-a-vida-circular-n-1018\\\/#primaryimage\",\"url\":\"https:\\\/\\\/www.cgfmanet.org\\\/wp-content\\\/uploads\\\/2022\\\/05\\\/Circolare-n\u00b01018_Mornese-in-uscita.jpg\",\"contentUrl\":\"https:\\\/\\\/www.cgfmanet.org\\\/wp-content\\\/uploads\\\/2022\\\/05\\\/Circolare-n\u00b01018_Mornese-in-uscita.jpg\",\"width\":1200,\"height\":800},{\"@type\":\"BreadcrumbList\",\"@id\":\"https:\\\/\\\/www.cgfmanet.org\\\/pt-pt\\\/ifma-pt-pt\\\/mornese-em-saida-comunidades-que-anunciam-jesus-com-a-vida-circular-n-1018\\\/#breadcrumb\",\"itemListElement\":[{\"@type\":\"ListItem\",\"position\":1,\"name\":\"Home\",\"item\":\"https:\\\/\\\/www.cgfmanet.org\\\/pt-pt\\\/\"},{\"@type\":\"ListItem\",\"position\":2,\"name\":\"&#8220;Mornese em sa\u00edda&#8221;: comunidades que anunciam Jesus com a vida &#8211; Circular n\u00b0 1018\"}]},{\"@type\":\"WebSite\",\"@id\":\"https:\\\/\\\/www.cgfmanet.org\\\/es\\\/#website\",\"url\":\"https:\\\/\\\/www.cgfmanet.org\\\/es\\\/\",\"name\":\"Istituto Figlie di Maria Ausiliatrice\",\"description\":\"Salesiane di Don Bosco\",\"publisher\":{\"@id\":\"https:\\\/\\\/www.cgfmanet.org\\\/es\\\/#organization\"},\"potentialAction\":[{\"@type\":\"SearchAction\",\"target\":{\"@type\":\"EntryPoint\",\"urlTemplate\":\"https:\\\/\\\/www.cgfmanet.org\\\/es\\\/?s={search_term_string}\"},\"query-input\":{\"@type\":\"PropertyValueSpecification\",\"valueRequired\":true,\"valueName\":\"search_term_string\"}}],\"inLanguage\":\"pt-PT\"},{\"@type\":\"Organization\",\"@id\":\"https:\\\/\\\/www.cgfmanet.org\\\/es\\\/#organization\",\"name\":\"Istituto Figlie di Maria Ausiliatrice\",\"url\":\"https:\\\/\\\/www.cgfmanet.org\\\/es\\\/\",\"logo\":{\"@type\":\"ImageObject\",\"inLanguage\":\"pt-PT\",\"@id\":\"https:\\\/\\\/www.cgfmanet.org\\\/es\\\/#\\\/schema\\\/logo\\\/image\\\/\",\"url\":\"https:\\\/\\\/www.cgfmanet.org\\\/wp-content\\\/uploads\\\/2018\\\/10\\\/logo-fma.png\",\"contentUrl\":\"https:\\\/\\\/www.cgfmanet.org\\\/wp-content\\\/uploads\\\/2018\\\/10\\\/logo-fma.png\",\"width\":214,\"height\":55,\"caption\":\"Istituto Figlie di Maria Ausiliatrice\"},\"image\":{\"@id\":\"https:\\\/\\\/www.cgfmanet.org\\\/es\\\/#\\\/schema\\\/logo\\\/image\\\/\"},\"sameAs\":[\"https:\\\/\\\/www.facebook.com\\\/salesian.sisters.of.don.bosco\\\/\",\"https:\\\/\\\/x.com\\\/Cgfmanet_Org\",\"https:\\\/\\\/www.youtube.com\\\/channel\\\/UCmcr8yFQBV7JXeXVxyV9y5Q\"]},{\"@type\":\"Person\",\"@id\":\"https:\\\/\\\/www.cgfmanet.org\\\/es\\\/#\\\/schema\\\/person\\\/ce6473083f53ef0ef882cca23f0c8fb9\",\"name\":\"Redazione\"}]}<\/script>\n<!-- \/ Yoast SEO plugin. -->","yoast_head_json":{"title":"\"Mornese em sa\u00edda\": comunidades que anunciam Jesus com a vida - Circular n\u00b0 1018 &#8226; Istituto Figlie di Maria Ausiliatrice","description":"A Madre Geral do Instituto das FMA, Irm\u00e3 Chiara Cazzuola, na Circular n\u00b0 1018, aprofunda a dimens\u00e3o mission\u00e1ria, elemento essencial da identidade do Instituto.","robots":{"index":"index","follow":"follow","max-snippet":"max-snippet:-1","max-image-preview":"max-image-preview:large","max-video-preview":"max-video-preview:-1"},"canonical":"https:\/\/www.cgfmanet.org\/pt-pt\/ifma-pt-pt\/mornese-em-saida-comunidades-que-anunciam-jesus-com-a-vida-circular-n-1018\/","og_locale":"pt_PT","og_type":"article","og_title":"\"Mornese em sa\u00edda\": comunidades que anunciam Jesus com a vida - Circular n\u00b0 1018 &#8226; Istituto Figlie di Maria Ausiliatrice","og_description":"A Madre Geral do Instituto das FMA, Irm\u00e3 Chiara Cazzuola, na Circular n\u00b0 1018, aprofunda a dimens\u00e3o mission\u00e1ria, elemento essencial da identidade do Instituto.","og_url":"https:\/\/www.cgfmanet.org\/pt-pt\/ifma-pt-pt\/mornese-em-saida-comunidades-que-anunciam-jesus-com-a-vida-circular-n-1018\/","og_site_name":"Istituto Figlie di Maria Ausiliatrice","article_publisher":"https:\/\/www.facebook.com\/salesian.sisters.of.don.bosco\/","article_published_time":"2022-05-21T04:36:49+00:00","article_modified_time":"2022-05-22T05:29:41+00:00","og_image":[{"width":1200,"height":800,"url":"https:\/\/www.cgfmanet.org\/wp-content\/uploads\/2022\/05\/Circolare-n\u00b01018_Mornese-in-uscita.jpg","type":"image\/jpeg"}],"author":"Redazione","twitter_card":"summary_large_image","twitter_creator":"@Cgfmanet_Org","twitter_site":"@Cgfmanet_Org","twitter_misc":{"Escrito por":"Redazione","Tempo estimado de leitura":"4 minutos"},"schema":{"@context":"https:\/\/schema.org","@graph":[{"@type":"Article","@id":"https:\/\/www.cgfmanet.org\/pt-pt\/ifma-pt-pt\/mornese-em-saida-comunidades-que-anunciam-jesus-com-a-vida-circular-n-1018\/#article","isPartOf":{"@id":"https:\/\/www.cgfmanet.org\/pt-pt\/ifma-pt-pt\/mornese-em-saida-comunidades-que-anunciam-jesus-com-a-vida-circular-n-1018\/"},"author":{"name":"Redazione","@id":"https:\/\/www.cgfmanet.org\/es\/#\/schema\/person\/ce6473083f53ef0ef882cca23f0c8fb9"},"headline":"&#8220;Mornese em sa\u00edda&#8221;: comunidades que anunciam Jesus com a vida &#8211; Circular n\u00b0 1018","datePublished":"2022-05-21T04:36:49+00:00","dateModified":"2022-05-22T05:29:41+00:00","mainEntityOfPage":{"@id":"https:\/\/www.cgfmanet.org\/pt-pt\/ifma-pt-pt\/mornese-em-saida-comunidades-que-anunciam-jesus-com-a-vida-circular-n-1018\/"},"wordCount":765,"commentCount":0,"publisher":{"@id":"https:\/\/www.cgfmanet.org\/es\/#organization"},"image":{"@id":"https:\/\/www.cgfmanet.org\/pt-pt\/ifma-pt-pt\/mornese-em-saida-comunidades-que-anunciam-jesus-com-a-vida-circular-n-1018\/#primaryimage"},"thumbnailUrl":"https:\/\/www.cgfmanet.org\/wp-content\/uploads\/2022\/05\/Circolare-n\u00b01018_Mornese-in-uscita.jpg","keywords":["Madre Geral","Missionariedade","Missionariedade","Focus","150\u00b0 IFMA","Madre Chiara Cazzuola"],"articleSection":["Carisma Salesiano","IFMA"],"inLanguage":"pt-PT","potentialAction":[{"@type":"CommentAction","name":"Comment","target":["https:\/\/www.cgfmanet.org\/pt-pt\/ifma-pt-pt\/mornese-em-saida-comunidades-que-anunciam-jesus-com-a-vida-circular-n-1018\/#respond"]}]},{"@type":"WebPage","@id":"https:\/\/www.cgfmanet.org\/pt-pt\/ifma-pt-pt\/mornese-em-saida-comunidades-que-anunciam-jesus-com-a-vida-circular-n-1018\/","url":"https:\/\/www.cgfmanet.org\/pt-pt\/ifma-pt-pt\/mornese-em-saida-comunidades-que-anunciam-jesus-com-a-vida-circular-n-1018\/","name":"\"Mornese em sa\u00edda\": comunidades que anunciam Jesus com a vida - Circular n\u00b0 1018 &#8226; Istituto Figlie di Maria Ausiliatrice","isPartOf":{"@id":"https:\/\/www.cgfmanet.org\/es\/#website"},"primaryImageOfPage":{"@id":"https:\/\/www.cgfmanet.org\/pt-pt\/ifma-pt-pt\/mornese-em-saida-comunidades-que-anunciam-jesus-com-a-vida-circular-n-1018\/#primaryimage"},"image":{"@id":"https:\/\/www.cgfmanet.org\/pt-pt\/ifma-pt-pt\/mornese-em-saida-comunidades-que-anunciam-jesus-com-a-vida-circular-n-1018\/#primaryimage"},"thumbnailUrl":"https:\/\/www.cgfmanet.org\/wp-content\/uploads\/2022\/05\/Circolare-n\u00b01018_Mornese-in-uscita.jpg","datePublished":"2022-05-21T04:36:49+00:00","dateModified":"2022-05-22T05:29:41+00:00","description":"A Madre Geral do Instituto das FMA, Irm\u00e3 Chiara Cazzuola, na Circular n\u00b0 1018, aprofunda a dimens\u00e3o mission\u00e1ria, elemento essencial da identidade do Instituto.","breadcrumb":{"@id":"https:\/\/www.cgfmanet.org\/pt-pt\/ifma-pt-pt\/mornese-em-saida-comunidades-que-anunciam-jesus-com-a-vida-circular-n-1018\/#breadcrumb"},"inLanguage":"pt-PT","potentialAction":[{"@type":"ReadAction","target":["https:\/\/www.cgfmanet.org\/pt-pt\/ifma-pt-pt\/mornese-em-saida-comunidades-que-anunciam-jesus-com-a-vida-circular-n-1018\/"]}]},{"@type":"ImageObject","inLanguage":"pt-PT","@id":"https:\/\/www.cgfmanet.org\/pt-pt\/ifma-pt-pt\/mornese-em-saida-comunidades-que-anunciam-jesus-com-a-vida-circular-n-1018\/#primaryimage","url":"https:\/\/www.cgfmanet.org\/wp-content\/uploads\/2022\/05\/Circolare-n\u00b01018_Mornese-in-uscita.jpg","contentUrl":"https:\/\/www.cgfmanet.org\/wp-content\/uploads\/2022\/05\/Circolare-n\u00b01018_Mornese-in-uscita.jpg","width":1200,"height":800},{"@type":"BreadcrumbList","@id":"https:\/\/www.cgfmanet.org\/pt-pt\/ifma-pt-pt\/mornese-em-saida-comunidades-que-anunciam-jesus-com-a-vida-circular-n-1018\/#breadcrumb","itemListElement":[{"@type":"ListItem","position":1,"name":"Home","item":"https:\/\/www.cgfmanet.org\/pt-pt\/"},{"@type":"ListItem","position":2,"name":"&#8220;Mornese em sa\u00edda&#8221;: comunidades que anunciam Jesus com a vida &#8211; Circular n\u00b0 1018"}]},{"@type":"WebSite","@id":"https:\/\/www.cgfmanet.org\/es\/#website","url":"https:\/\/www.cgfmanet.org\/es\/","name":"Istituto Figlie di Maria Ausiliatrice","description":"Salesiane di Don Bosco","publisher":{"@id":"https:\/\/www.cgfmanet.org\/es\/#organization"},"potentialAction":[{"@type":"SearchAction","target":{"@type":"EntryPoint","urlTemplate":"https:\/\/www.cgfmanet.org\/es\/?s={search_term_string}"},"query-input":{"@type":"PropertyValueSpecification","valueRequired":true,"valueName":"search_term_string"}}],"inLanguage":"pt-PT"},{"@type":"Organization","@id":"https:\/\/www.cgfmanet.org\/es\/#organization","name":"Istituto Figlie di Maria Ausiliatrice","url":"https:\/\/www.cgfmanet.org\/es\/","logo":{"@type":"ImageObject","inLanguage":"pt-PT","@id":"https:\/\/www.cgfmanet.org\/es\/#\/schema\/logo\/image\/","url":"https:\/\/www.cgfmanet.org\/wp-content\/uploads\/2018\/10\/logo-fma.png","contentUrl":"https:\/\/www.cgfmanet.org\/wp-content\/uploads\/2018\/10\/logo-fma.png","width":214,"height":55,"caption":"Istituto Figlie di Maria Ausiliatrice"},"image":{"@id":"https:\/\/www.cgfmanet.org\/es\/#\/schema\/logo\/image\/"},"sameAs":["https:\/\/www.facebook.com\/salesian.sisters.of.don.bosco\/","https:\/\/x.com\/Cgfmanet_Org","https:\/\/www.youtube.com\/channel\/UCmcr8yFQBV7JXeXVxyV9y5Q"]},{"@type":"Person","@id":"https:\/\/www.cgfmanet.org\/es\/#\/schema\/person\/ce6473083f53ef0ef882cca23f0c8fb9","name":"Redazione"}]}},"_links":{"self":[{"href":"https:\/\/www.cgfmanet.org\/pt-pt\/wp-json\/wp\/v2\/posts\/67853","targetHints":{"allow":["GET"]}}],"collection":[{"href":"https:\/\/www.cgfmanet.org\/pt-pt\/wp-json\/wp\/v2\/posts"}],"about":[{"href":"https:\/\/www.cgfmanet.org\/pt-pt\/wp-json\/wp\/v2\/types\/post"}],"author":[{"embeddable":true,"href":"https:\/\/www.cgfmanet.org\/pt-pt\/wp-json\/wp\/v2\/users\/21"}],"replies":[{"embeddable":true,"href":"https:\/\/www.cgfmanet.org\/pt-pt\/wp-json\/wp\/v2\/comments?post=67853"}],"version-history":[{"count":0,"href":"https:\/\/www.cgfmanet.org\/pt-pt\/wp-json\/wp\/v2\/posts\/67853\/revisions"}],"wp:featuredmedia":[{"embeddable":true,"href":"https:\/\/www.cgfmanet.org\/pt-pt\/wp-json\/wp\/v2\/media\/67848"}],"wp:attachment":[{"href":"https:\/\/www.cgfmanet.org\/pt-pt\/wp-json\/wp\/v2\/media?parent=67853"}],"wp:term":[{"taxonomy":"category","embeddable":true,"href":"https:\/\/www.cgfmanet.org\/pt-pt\/wp-json\/wp\/v2\/categories?post=67853"},{"taxonomy":"post_tag","embeddable":true,"href":"https:\/\/www.cgfmanet.org\/pt-pt\/wp-json\/wp\/v2\/tags?post=67853"}],"curies":[{"name":"wp","href":"https:\/\/api.w.org\/{rel}","templated":true}]}}