{"id":67492,"date":"2022-05-17T00:07:26","date_gmt":"2022-05-16T22:07:26","guid":{"rendered":"https:\/\/www.cgfmanet.org\/infosfera-pt-pt\/incontro-vocazionale-ispettoria-bap\/"},"modified":"2022-05-17T16:36:52","modified_gmt":"2022-05-17T14:36:52","slug":"encontro-vocacional-inspetoria-bap","status":"publish","type":"post","link":"https:\/\/www.cgfmanet.org\/pt-pt\/ifma-pt-pt\/encontro-vocacional-inspetoria-bap\/","title":{"rendered":"Encontro Vocacional Inspetoria BAP"},"content":{"rendered":"<p><strong>S\u00e3o Paulo (Brasil).<\/strong>\u00a0 Nos dias 30 de abril e 1\u00ba de maio de 2022, em S\u00e3o Paulo, na sede da Inspetoria <em>Nossa Senhora Aparecida<\/em> (BAP), realizou-se um encontro vocacional com jovens das diversas realidades da Inspetoria.<\/p>\n<p>O encontro foi coordenado por Ir. Solange Sanches e Ir. Cleonice Louren\u00e7o, da equipe de anima\u00e7\u00e3o vocacional.\u00a0 Atrav\u00e9s das atividades realizadas, as jovens aprofundaram a proposta do Projeto de Vida como convite a viver uma forte experi\u00eancia de discernimento, de participa\u00e7\u00e3o eclesial, de envolvimento nos grupos do Movimento Juvenil Salesiano (A.J.S.) e de sensibiliza\u00e7\u00e3o das dimens\u00f5es do carisma salesiano.<\/p>\n<p><a href=\"https:\/\/www.cgfmanet.org\/wp-content\/uploads\/2022\/05\/Incontro-vocazionale-BAP_2.jpg\"><img decoding=\"async\" class=\"alignleft wp-image-67484 lazyload\" data-src=\"https:\/\/www.cgfmanet.org\/wp-content\/uploads\/2022\/05\/Incontro-vocazionale-BAP_2.jpg\" alt=\"\" width=\"350\" height=\"233\" data-srcset=\"https:\/\/www.cgfmanet.org\/wp-content\/uploads\/2022\/05\/Incontro-vocazionale-BAP_2.jpg 1225w, https:\/\/www.cgfmanet.org\/wp-content\/uploads\/2022\/05\/Incontro-vocazionale-BAP_2-768x512.jpg 768w, https:\/\/www.cgfmanet.org\/wp-content\/uploads\/2022\/05\/Incontro-vocazionale-BAP_2-696x464.jpg 696w, https:\/\/www.cgfmanet.org\/wp-content\/uploads\/2022\/05\/Incontro-vocazionale-BAP_2-630x420.jpg 630w\" data-sizes=\"auto\" src=\"data:image\/svg+xml;base64,PHN2ZyB3aWR0aD0iMSIgaGVpZ2h0PSIxIiB4bWxucz0iaHR0cDovL3d3dy53My5vcmcvMjAwMC9zdmciPjwvc3ZnPg==\" style=\"--smush-placeholder-width: 350px; --smush-placeholder-aspect-ratio: 350\/233;\" data-original-sizes=\"(max-width: 350px) 100vw, 350px\" \/><\/a><\/p>\n<p>O grupo viveu tamb\u00e9m um momento de interc\u00e2mbio fraterno com a Inspetora Ir. Ala\u00edde Deretti, assim como momentos de partilha e apresenta\u00e7\u00e3o entre as jovens e as FMA respons\u00e1veis \u200b\u200bpela anima\u00e7\u00e3o vocacional da BAP.<\/p>\n<p>Nos momentos formativos, al\u00e9m do tema do Projeto de Vida, foram apresentadas as propostas da AJS, da Juventude Mission\u00e1ria Salesiana (JMS), do Festival Juvenil Salesiano (FEST), entre as express\u00f5es da Fam\u00edlia Salesiana.<\/p>\n<p>Outro momento significativo foi a participa\u00e7\u00e3o na &#8220;Missa dos Jovens&#8221; na par\u00f3quia salesiana <em>Nossa Senhora Auxiliadora<\/em>, que reuniu os jovens das par\u00f3quias do Setor Bom Retiro da Regi\u00e3o Episcopal da S\u00e9, da Arquidiocese de S\u00e3o Paulo.<\/p>\n<p>No domingo, 1\u00ba de maio, o encontro concluiu-se com a partilha por algumas FMA de suas experi\u00eancias de miss\u00e3o <em>ad gente<\/em>s, de anima\u00e7\u00e3o, de dire\u00e7\u00e3o e de experi\u00eancia no Conselho Geral do Instituto: verdadeiros e pr\u00f3prios testemunhos vivos de consagra\u00e7\u00e3o religiosa, renovados todos os dias com a paix\u00e3o pela educa\u00e7\u00e3o e \u00a0a evangeliza\u00e7\u00e3o dos jovens.<\/p>\n<p>Para as jovens participantes foram dois dias de conv\u00edvio, aprendizado, reflex\u00e3o e presen\u00e7a alegre, uma oportunidade \u00fanica para &#8220;beber nas fontes&#8221; do carisma salesiano, da hist\u00f3ria do Instituto das FMA e da experi\u00eancia de Irm\u00e3s que, com seu testemunho, inspiram e encorajam as jovens gera\u00e7\u00f5es a responder com generosidade e coer\u00eancia ao chamado de Deus. O convite dirigido ao grupo no final do encontro foi: &#8220;Vamos em frente com coragem e alegria!&#8221;.<\/p>\n<p><a href=\"https:\/\/www.cgfmanet.org\/wp-content\/uploads\/2022\/05\/Incontro-vocazionale-BAP_3.jpg\"><img decoding=\"async\" class=\"aligncenter wp-image-67474 lazyload\" data-src=\"https:\/\/www.cgfmanet.org\/wp-content\/uploads\/2022\/05\/Incontro-vocazionale-BAP_3.jpg\" alt=\"\" width=\"1243\" height=\"829\" data-srcset=\"https:\/\/www.cgfmanet.org\/wp-content\/uploads\/2022\/05\/Incontro-vocazionale-BAP_3.jpg 1243w, https:\/\/www.cgfmanet.org\/wp-content\/uploads\/2022\/05\/Incontro-vocazionale-BAP_3-768x512.jpg 768w, https:\/\/www.cgfmanet.org\/wp-content\/uploads\/2022\/05\/Incontro-vocazionale-BAP_3-696x464.jpg 696w, https:\/\/www.cgfmanet.org\/wp-content\/uploads\/2022\/05\/Incontro-vocazionale-BAP_3-630x420.jpg 630w\" data-sizes=\"auto\" src=\"data:image\/svg+xml;base64,PHN2ZyB3aWR0aD0iMSIgaGVpZ2h0PSIxIiB4bWxucz0iaHR0cDovL3d3dy53My5vcmcvMjAwMC9zdmciPjwvc3ZnPg==\" style=\"--smush-placeholder-width: 1243px; --smush-placeholder-aspect-ratio: 1243\/829;\" data-original-sizes=\"(max-width: 1243px) 100vw, 1243px\" \/><\/a><\/p>\n","protected":false},"excerpt":{"rendered":"<p>S\u00e3o Paulo (Brasil).\u00a0 Nos dias 30 de abril e 1\u00ba de maio de 2022, em S\u00e3o Paulo, na sede da Inspetoria Nossa Senhora Aparecida (BAP), realizou-se um encontro vocacional com [&hellip;]<\/p>\n","protected":false},"author":21,"featured_media":67482,"comment_status":"open","ping_status":"closed","sticky":false,"template":"","format":"standard","meta":{"footnotes":""},"categories":[159,174],"tags":[1665,2282,2297],"class_list":["post-67492","post","type-post","status-publish","format-standard","has-post-thumbnail","category-ifma-pt-pt","category-cultura-vocacional","tag-spiritualita-salesiana-pt-pt","tag-ifma-pt-pt","tag-bap-pt-pt"],"yoast_head":"<!-- This site is optimized with the Yoast SEO plugin v27.4 - https:\/\/yoast.com\/product\/yoast-seo-wordpress\/ -->\n<title>Encontro Vocacional Inspetoria BAP &#8226; Istituto Figlie di Maria Ausiliatrice<\/title>\n<meta name=\"description\" content=\"Nos dias 30 de abril e 1\u00ba de maio de 2022 em S\u00e3o Paulo, na sede da Inspetoria &quot;Nossa Senhora Aparecida&quot; (BAP), realizou-se um encontro vocacional para jovens das diversas realidades salesianas.\" \/>\n<meta name=\"robots\" content=\"index, follow, max-snippet:-1, max-image-preview:large, max-video-preview:-1\" \/>\n<link rel=\"canonical\" href=\"https:\/\/www.cgfmanet.org\/pt-pt\/ifma-pt-pt\/encontro-vocacional-inspetoria-bap\/\" \/>\n<meta property=\"og:locale\" content=\"pt_PT\" \/>\n<meta property=\"og:type\" content=\"article\" \/>\n<meta property=\"og:title\" content=\"Encontro Vocacional Inspetoria BAP &#8226; Istituto Figlie di Maria Ausiliatrice\" \/>\n<meta property=\"og:description\" content=\"Nos dias 30 de abril e 1\u00ba de maio de 2022 em S\u00e3o Paulo, na sede da Inspetoria &quot;Nossa Senhora Aparecida&quot; (BAP), realizou-se um encontro vocacional para jovens das diversas realidades salesianas.\" \/>\n<meta property=\"og:url\" content=\"https:\/\/www.cgfmanet.org\/pt-pt\/ifma-pt-pt\/encontro-vocacional-inspetoria-bap\/\" \/>\n<meta property=\"og:site_name\" content=\"Istituto Figlie di Maria Ausiliatrice\" \/>\n<meta property=\"article:publisher\" content=\"https:\/\/www.facebook.com\/salesian.sisters.of.don.bosco\/\" \/>\n<meta property=\"article:published_time\" content=\"2022-05-16T22:07:26+00:00\" \/>\n<meta property=\"article:modified_time\" content=\"2022-05-17T14:36:52+00:00\" \/>\n<meta property=\"og:image\" content=\"https:\/\/www.cgfmanet.org\/wp-content\/uploads\/2022\/05\/Incontro-vocazionale-BAP.jpg\" \/>\n\t<meta property=\"og:image:width\" content=\"1442\" \/>\n\t<meta property=\"og:image:height\" content=\"962\" \/>\n\t<meta property=\"og:image:type\" content=\"image\/jpeg\" \/>\n<meta name=\"author\" content=\"Redazione\" \/>\n<meta name=\"twitter:card\" content=\"summary_large_image\" \/>\n<meta name=\"twitter:creator\" content=\"@Cgfmanet_Org\" \/>\n<meta name=\"twitter:site\" content=\"@Cgfmanet_Org\" \/>\n<meta name=\"twitter:label1\" content=\"Escrito por\" \/>\n\t<meta name=\"twitter:data1\" content=\"Redazione\" \/>\n\t<meta name=\"twitter:label2\" content=\"Tempo estimado de leitura\" \/>\n\t<meta name=\"twitter:data2\" content=\"2 minutos\" \/>\n<script type=\"application\/ld+json\" class=\"yoast-schema-graph\">{\"@context\":\"https:\\\/\\\/schema.org\",\"@graph\":[{\"@type\":\"Article\",\"@id\":\"https:\\\/\\\/www.cgfmanet.org\\\/pt-pt\\\/ifma-pt-pt\\\/encontro-vocacional-inspetoria-bap\\\/#article\",\"isPartOf\":{\"@id\":\"https:\\\/\\\/www.cgfmanet.org\\\/pt-pt\\\/ifma-pt-pt\\\/encontro-vocacional-inspetoria-bap\\\/\"},\"author\":{\"name\":\"Redazione\",\"@id\":\"https:\\\/\\\/www.cgfmanet.org\\\/es\\\/#\\\/schema\\\/person\\\/ce6473083f53ef0ef882cca23f0c8fb9\"},\"headline\":\"Encontro Vocacional Inspetoria BAP\",\"datePublished\":\"2022-05-16T22:07:26+00:00\",\"dateModified\":\"2022-05-17T14:36:52+00:00\",\"mainEntityOfPage\":{\"@id\":\"https:\\\/\\\/www.cgfmanet.org\\\/pt-pt\\\/ifma-pt-pt\\\/encontro-vocacional-inspetoria-bap\\\/\"},\"wordCount\":368,\"commentCount\":0,\"publisher\":{\"@id\":\"https:\\\/\\\/www.cgfmanet.org\\\/es\\\/#organization\"},\"image\":{\"@id\":\"https:\\\/\\\/www.cgfmanet.org\\\/pt-pt\\\/ifma-pt-pt\\\/encontro-vocacional-inspetoria-bap\\\/#primaryimage\"},\"thumbnailUrl\":\"https:\\\/\\\/www.cgfmanet.org\\\/wp-content\\\/uploads\\\/2022\\\/05\\\/Incontro-vocazionale-BAP.jpg\",\"keywords\":[\"Spiritualit\u00e0 Salesiana\",\"IFMA\",\"BAP\"],\"articleSection\":[\"IFMA\",\"Cultura vocacional\"],\"inLanguage\":\"pt-PT\",\"potentialAction\":[{\"@type\":\"CommentAction\",\"name\":\"Comment\",\"target\":[\"https:\\\/\\\/www.cgfmanet.org\\\/pt-pt\\\/ifma-pt-pt\\\/encontro-vocacional-inspetoria-bap\\\/#respond\"]}]},{\"@type\":\"WebPage\",\"@id\":\"https:\\\/\\\/www.cgfmanet.org\\\/pt-pt\\\/ifma-pt-pt\\\/encontro-vocacional-inspetoria-bap\\\/\",\"url\":\"https:\\\/\\\/www.cgfmanet.org\\\/pt-pt\\\/ifma-pt-pt\\\/encontro-vocacional-inspetoria-bap\\\/\",\"name\":\"Encontro Vocacional Inspetoria BAP &#8226; Istituto Figlie di Maria Ausiliatrice\",\"isPartOf\":{\"@id\":\"https:\\\/\\\/www.cgfmanet.org\\\/es\\\/#website\"},\"primaryImageOfPage\":{\"@id\":\"https:\\\/\\\/www.cgfmanet.org\\\/pt-pt\\\/ifma-pt-pt\\\/encontro-vocacional-inspetoria-bap\\\/#primaryimage\"},\"image\":{\"@id\":\"https:\\\/\\\/www.cgfmanet.org\\\/pt-pt\\\/ifma-pt-pt\\\/encontro-vocacional-inspetoria-bap\\\/#primaryimage\"},\"thumbnailUrl\":\"https:\\\/\\\/www.cgfmanet.org\\\/wp-content\\\/uploads\\\/2022\\\/05\\\/Incontro-vocazionale-BAP.jpg\",\"datePublished\":\"2022-05-16T22:07:26+00:00\",\"dateModified\":\"2022-05-17T14:36:52+00:00\",\"description\":\"Nos dias 30 de abril e 1\u00ba de maio de 2022 em S\u00e3o Paulo, na sede da Inspetoria \\\"Nossa Senhora Aparecida\\\" (BAP), realizou-se um encontro vocacional para jovens das diversas realidades salesianas.\",\"breadcrumb\":{\"@id\":\"https:\\\/\\\/www.cgfmanet.org\\\/pt-pt\\\/ifma-pt-pt\\\/encontro-vocacional-inspetoria-bap\\\/#breadcrumb\"},\"inLanguage\":\"pt-PT\",\"potentialAction\":[{\"@type\":\"ReadAction\",\"target\":[\"https:\\\/\\\/www.cgfmanet.org\\\/pt-pt\\\/ifma-pt-pt\\\/encontro-vocacional-inspetoria-bap\\\/\"]}]},{\"@type\":\"ImageObject\",\"inLanguage\":\"pt-PT\",\"@id\":\"https:\\\/\\\/www.cgfmanet.org\\\/pt-pt\\\/ifma-pt-pt\\\/encontro-vocacional-inspetoria-bap\\\/#primaryimage\",\"url\":\"https:\\\/\\\/www.cgfmanet.org\\\/wp-content\\\/uploads\\\/2022\\\/05\\\/Incontro-vocazionale-BAP.jpg\",\"contentUrl\":\"https:\\\/\\\/www.cgfmanet.org\\\/wp-content\\\/uploads\\\/2022\\\/05\\\/Incontro-vocazionale-BAP.jpg\",\"width\":1442,\"height\":962},{\"@type\":\"BreadcrumbList\",\"@id\":\"https:\\\/\\\/www.cgfmanet.org\\\/pt-pt\\\/ifma-pt-pt\\\/encontro-vocacional-inspetoria-bap\\\/#breadcrumb\",\"itemListElement\":[{\"@type\":\"ListItem\",\"position\":1,\"name\":\"Home\",\"item\":\"https:\\\/\\\/www.cgfmanet.org\\\/pt-pt\\\/\"},{\"@type\":\"ListItem\",\"position\":2,\"name\":\"Encontro Vocacional Inspetoria BAP\"}]},{\"@type\":\"WebSite\",\"@id\":\"https:\\\/\\\/www.cgfmanet.org\\\/es\\\/#website\",\"url\":\"https:\\\/\\\/www.cgfmanet.org\\\/es\\\/\",\"name\":\"Istituto Figlie di Maria Ausiliatrice\",\"description\":\"Salesiane di Don Bosco\",\"publisher\":{\"@id\":\"https:\\\/\\\/www.cgfmanet.org\\\/es\\\/#organization\"},\"potentialAction\":[{\"@type\":\"SearchAction\",\"target\":{\"@type\":\"EntryPoint\",\"urlTemplate\":\"https:\\\/\\\/www.cgfmanet.org\\\/es\\\/?s={search_term_string}\"},\"query-input\":{\"@type\":\"PropertyValueSpecification\",\"valueRequired\":true,\"valueName\":\"search_term_string\"}}],\"inLanguage\":\"pt-PT\"},{\"@type\":\"Organization\",\"@id\":\"https:\\\/\\\/www.cgfmanet.org\\\/es\\\/#organization\",\"name\":\"Istituto Figlie di Maria Ausiliatrice\",\"url\":\"https:\\\/\\\/www.cgfmanet.org\\\/es\\\/\",\"logo\":{\"@type\":\"ImageObject\",\"inLanguage\":\"pt-PT\",\"@id\":\"https:\\\/\\\/www.cgfmanet.org\\\/es\\\/#\\\/schema\\\/logo\\\/image\\\/\",\"url\":\"https:\\\/\\\/www.cgfmanet.org\\\/wp-content\\\/uploads\\\/2018\\\/10\\\/logo-fma.png\",\"contentUrl\":\"https:\\\/\\\/www.cgfmanet.org\\\/wp-content\\\/uploads\\\/2018\\\/10\\\/logo-fma.png\",\"width\":214,\"height\":55,\"caption\":\"Istituto Figlie di Maria Ausiliatrice\"},\"image\":{\"@id\":\"https:\\\/\\\/www.cgfmanet.org\\\/es\\\/#\\\/schema\\\/logo\\\/image\\\/\"},\"sameAs\":[\"https:\\\/\\\/www.facebook.com\\\/salesian.sisters.of.don.bosco\\\/\",\"https:\\\/\\\/x.com\\\/Cgfmanet_Org\",\"https:\\\/\\\/www.youtube.com\\\/channel\\\/UCmcr8yFQBV7JXeXVxyV9y5Q\"]},{\"@type\":\"Person\",\"@id\":\"https:\\\/\\\/www.cgfmanet.org\\\/es\\\/#\\\/schema\\\/person\\\/ce6473083f53ef0ef882cca23f0c8fb9\",\"name\":\"Redazione\"}]}<\/script>\n<!-- \/ Yoast SEO plugin. -->","yoast_head_json":{"title":"Encontro Vocacional Inspetoria BAP &#8226; Istituto Figlie di Maria Ausiliatrice","description":"Nos dias 30 de abril e 1\u00ba de maio de 2022 em S\u00e3o Paulo, na sede da Inspetoria \"Nossa Senhora Aparecida\" (BAP), realizou-se um encontro vocacional para jovens das diversas realidades salesianas.","robots":{"index":"index","follow":"follow","max-snippet":"max-snippet:-1","max-image-preview":"max-image-preview:large","max-video-preview":"max-video-preview:-1"},"canonical":"https:\/\/www.cgfmanet.org\/pt-pt\/ifma-pt-pt\/encontro-vocacional-inspetoria-bap\/","og_locale":"pt_PT","og_type":"article","og_title":"Encontro Vocacional Inspetoria BAP &#8226; Istituto Figlie di Maria Ausiliatrice","og_description":"Nos dias 30 de abril e 1\u00ba de maio de 2022 em S\u00e3o Paulo, na sede da Inspetoria \"Nossa Senhora Aparecida\" (BAP), realizou-se um encontro vocacional para jovens das diversas realidades salesianas.","og_url":"https:\/\/www.cgfmanet.org\/pt-pt\/ifma-pt-pt\/encontro-vocacional-inspetoria-bap\/","og_site_name":"Istituto Figlie di Maria Ausiliatrice","article_publisher":"https:\/\/www.facebook.com\/salesian.sisters.of.don.bosco\/","article_published_time":"2022-05-16T22:07:26+00:00","article_modified_time":"2022-05-17T14:36:52+00:00","og_image":[{"width":1442,"height":962,"url":"https:\/\/www.cgfmanet.org\/wp-content\/uploads\/2022\/05\/Incontro-vocazionale-BAP.jpg","type":"image\/jpeg"}],"author":"Redazione","twitter_card":"summary_large_image","twitter_creator":"@Cgfmanet_Org","twitter_site":"@Cgfmanet_Org","twitter_misc":{"Escrito por":"Redazione","Tempo estimado de leitura":"2 minutos"},"schema":{"@context":"https:\/\/schema.org","@graph":[{"@type":"Article","@id":"https:\/\/www.cgfmanet.org\/pt-pt\/ifma-pt-pt\/encontro-vocacional-inspetoria-bap\/#article","isPartOf":{"@id":"https:\/\/www.cgfmanet.org\/pt-pt\/ifma-pt-pt\/encontro-vocacional-inspetoria-bap\/"},"author":{"name":"Redazione","@id":"https:\/\/www.cgfmanet.org\/es\/#\/schema\/person\/ce6473083f53ef0ef882cca23f0c8fb9"},"headline":"Encontro Vocacional Inspetoria BAP","datePublished":"2022-05-16T22:07:26+00:00","dateModified":"2022-05-17T14:36:52+00:00","mainEntityOfPage":{"@id":"https:\/\/www.cgfmanet.org\/pt-pt\/ifma-pt-pt\/encontro-vocacional-inspetoria-bap\/"},"wordCount":368,"commentCount":0,"publisher":{"@id":"https:\/\/www.cgfmanet.org\/es\/#organization"},"image":{"@id":"https:\/\/www.cgfmanet.org\/pt-pt\/ifma-pt-pt\/encontro-vocacional-inspetoria-bap\/#primaryimage"},"thumbnailUrl":"https:\/\/www.cgfmanet.org\/wp-content\/uploads\/2022\/05\/Incontro-vocazionale-BAP.jpg","keywords":["Spiritualit\u00e0 Salesiana","IFMA","BAP"],"articleSection":["IFMA","Cultura vocacional"],"inLanguage":"pt-PT","potentialAction":[{"@type":"CommentAction","name":"Comment","target":["https:\/\/www.cgfmanet.org\/pt-pt\/ifma-pt-pt\/encontro-vocacional-inspetoria-bap\/#respond"]}]},{"@type":"WebPage","@id":"https:\/\/www.cgfmanet.org\/pt-pt\/ifma-pt-pt\/encontro-vocacional-inspetoria-bap\/","url":"https:\/\/www.cgfmanet.org\/pt-pt\/ifma-pt-pt\/encontro-vocacional-inspetoria-bap\/","name":"Encontro Vocacional Inspetoria BAP &#8226; Istituto Figlie di Maria Ausiliatrice","isPartOf":{"@id":"https:\/\/www.cgfmanet.org\/es\/#website"},"primaryImageOfPage":{"@id":"https:\/\/www.cgfmanet.org\/pt-pt\/ifma-pt-pt\/encontro-vocacional-inspetoria-bap\/#primaryimage"},"image":{"@id":"https:\/\/www.cgfmanet.org\/pt-pt\/ifma-pt-pt\/encontro-vocacional-inspetoria-bap\/#primaryimage"},"thumbnailUrl":"https:\/\/www.cgfmanet.org\/wp-content\/uploads\/2022\/05\/Incontro-vocazionale-BAP.jpg","datePublished":"2022-05-16T22:07:26+00:00","dateModified":"2022-05-17T14:36:52+00:00","description":"Nos dias 30 de abril e 1\u00ba de maio de 2022 em S\u00e3o Paulo, na sede da Inspetoria \"Nossa Senhora Aparecida\" (BAP), realizou-se um encontro vocacional para jovens das diversas realidades salesianas.","breadcrumb":{"@id":"https:\/\/www.cgfmanet.org\/pt-pt\/ifma-pt-pt\/encontro-vocacional-inspetoria-bap\/#breadcrumb"},"inLanguage":"pt-PT","potentialAction":[{"@type":"ReadAction","target":["https:\/\/www.cgfmanet.org\/pt-pt\/ifma-pt-pt\/encontro-vocacional-inspetoria-bap\/"]}]},{"@type":"ImageObject","inLanguage":"pt-PT","@id":"https:\/\/www.cgfmanet.org\/pt-pt\/ifma-pt-pt\/encontro-vocacional-inspetoria-bap\/#primaryimage","url":"https:\/\/www.cgfmanet.org\/wp-content\/uploads\/2022\/05\/Incontro-vocazionale-BAP.jpg","contentUrl":"https:\/\/www.cgfmanet.org\/wp-content\/uploads\/2022\/05\/Incontro-vocazionale-BAP.jpg","width":1442,"height":962},{"@type":"BreadcrumbList","@id":"https:\/\/www.cgfmanet.org\/pt-pt\/ifma-pt-pt\/encontro-vocacional-inspetoria-bap\/#breadcrumb","itemListElement":[{"@type":"ListItem","position":1,"name":"Home","item":"https:\/\/www.cgfmanet.org\/pt-pt\/"},{"@type":"ListItem","position":2,"name":"Encontro Vocacional Inspetoria BAP"}]},{"@type":"WebSite","@id":"https:\/\/www.cgfmanet.org\/es\/#website","url":"https:\/\/www.cgfmanet.org\/es\/","name":"Istituto Figlie di Maria Ausiliatrice","description":"Salesiane di Don Bosco","publisher":{"@id":"https:\/\/www.cgfmanet.org\/es\/#organization"},"potentialAction":[{"@type":"SearchAction","target":{"@type":"EntryPoint","urlTemplate":"https:\/\/www.cgfmanet.org\/es\/?s={search_term_string}"},"query-input":{"@type":"PropertyValueSpecification","valueRequired":true,"valueName":"search_term_string"}}],"inLanguage":"pt-PT"},{"@type":"Organization","@id":"https:\/\/www.cgfmanet.org\/es\/#organization","name":"Istituto Figlie di Maria Ausiliatrice","url":"https:\/\/www.cgfmanet.org\/es\/","logo":{"@type":"ImageObject","inLanguage":"pt-PT","@id":"https:\/\/www.cgfmanet.org\/es\/#\/schema\/logo\/image\/","url":"https:\/\/www.cgfmanet.org\/wp-content\/uploads\/2018\/10\/logo-fma.png","contentUrl":"https:\/\/www.cgfmanet.org\/wp-content\/uploads\/2018\/10\/logo-fma.png","width":214,"height":55,"caption":"Istituto Figlie di Maria Ausiliatrice"},"image":{"@id":"https:\/\/www.cgfmanet.org\/es\/#\/schema\/logo\/image\/"},"sameAs":["https:\/\/www.facebook.com\/salesian.sisters.of.don.bosco\/","https:\/\/x.com\/Cgfmanet_Org","https:\/\/www.youtube.com\/channel\/UCmcr8yFQBV7JXeXVxyV9y5Q"]},{"@type":"Person","@id":"https:\/\/www.cgfmanet.org\/es\/#\/schema\/person\/ce6473083f53ef0ef882cca23f0c8fb9","name":"Redazione"}]}},"_links":{"self":[{"href":"https:\/\/www.cgfmanet.org\/pt-pt\/wp-json\/wp\/v2\/posts\/67492","targetHints":{"allow":["GET"]}}],"collection":[{"href":"https:\/\/www.cgfmanet.org\/pt-pt\/wp-json\/wp\/v2\/posts"}],"about":[{"href":"https:\/\/www.cgfmanet.org\/pt-pt\/wp-json\/wp\/v2\/types\/post"}],"author":[{"embeddable":true,"href":"https:\/\/www.cgfmanet.org\/pt-pt\/wp-json\/wp\/v2\/users\/21"}],"replies":[{"embeddable":true,"href":"https:\/\/www.cgfmanet.org\/pt-pt\/wp-json\/wp\/v2\/comments?post=67492"}],"version-history":[{"count":0,"href":"https:\/\/www.cgfmanet.org\/pt-pt\/wp-json\/wp\/v2\/posts\/67492\/revisions"}],"wp:featuredmedia":[{"embeddable":true,"href":"https:\/\/www.cgfmanet.org\/pt-pt\/wp-json\/wp\/v2\/media\/67482"}],"wp:attachment":[{"href":"https:\/\/www.cgfmanet.org\/pt-pt\/wp-json\/wp\/v2\/media?parent=67492"}],"wp:term":[{"taxonomy":"category","embeddable":true,"href":"https:\/\/www.cgfmanet.org\/pt-pt\/wp-json\/wp\/v2\/categories?post=67492"},{"taxonomy":"post_tag","embeddable":true,"href":"https:\/\/www.cgfmanet.org\/pt-pt\/wp-json\/wp\/v2\/tags?post=67492"}],"curies":[{"name":"wp","href":"https:\/\/api.w.org\/{rel}","templated":true}]}}