{"id":66211,"date":"2022-04-28T11:50:29","date_gmt":"2022-04-28T09:50:29","guid":{"rendered":"https:\/\/www.cgfmanet.org\/infosfera-pt-pt\/con-maria-figlie-e-madri-circolare-n-1017\/"},"modified":"2022-04-28T19:17:18","modified_gmt":"2022-04-28T17:17:18","slug":"com-maria-filhas-e-maes-circular-n-1017","status":"publish","type":"post","link":"https:\/\/www.cgfmanet.org\/pt-pt\/ifma-pt-pt\/com-maria-filhas-e-maes-circular-n-1017\/","title":{"rendered":"Com Maria, filhas e m\u00e3es &#8211; Circular n\u00b0 1017"},"content":{"rendered":"<p><strong>Roma (It\u00e1lia ).<\/strong>\u00a0 A Madre Geral do Instituto das Filhas de Maria Auxiliadora, Irm\u00e3 Chiara Cazzuola, na Circular n\u00ba 1.017, recorda a significatividade carism\u00e1tica da Festa da Gratid\u00e3o, que d\u00e1 continuidade e express\u00e3o ao esp\u00edrito de fam\u00edlia e de gratid\u00e3o caracter\u00edsticos em Valdocco e Mornese.<\/p>\n<p>A Festa da Gratid\u00e3o de 2022 tem a particularidade de estar inserida \u201c<em>no clima particularmente festivo e envolvente da celebra\u00e7\u00e3o do 150\u00ba anivers\u00e1rio da funda\u00e7\u00e3o do Instituto\u201d<\/em> e une todas as FMA no desejo de \u201c<em>seguir em frente com um cora\u00e7\u00e3o grande e generoso&#8221;<\/em>, como pede Madre Mazzarello na Carta 47 ( cf L 47, 12).<\/p>\n<p>Madre Chiara menciona a dif\u00edcil situa\u00e7\u00e3o internacional, que certamente n\u00e3o incentiva \u00e0 festa, na qual, por\u00e9m, somos talvez ainda mais chamadas a <em>&#8220;dar uma maior visibilidade \u00e0 alegria e \u00e0 beleza da nossa voca\u00e7\u00e3o para ser cada vez mais eficazmente \u201cresposta de salva\u00e7\u00e3o \u00e0s expectativas profundas das\/dos jovens\u201d (C 1). Participamos assim, em solidariedade, das dores e esperan\u00e7as da\u00a0 humanidade que busca a paz e melhores condi\u00e7\u00f5es de vida\u201d<\/em>, sublinha.<\/p>\n<p>La Madre agradece \u00e0 Vig\u00e1ria Geral, Irm\u00e3 Maria do Ros\u00e1rio Garcia Ribas, por ter seguido e comunicado ao Instituto a proposta da Festa da Gratid\u00e3o 2022 &#8211; realizada em Turim, Mornese, Nizza Monferrato de 24 a 26 de abril de 2022, e a Inspetoria Piemontesa <em>Maria Auxiliadora<\/em> (IPI) para a prepara\u00e7\u00e3o da festa, tendo no Centro Maria, M\u00e3e, Mestra e Aux\u00edlio, com um itiner\u00e1rio espiritual e hist\u00f3rico na \u201cterra santa\u201d do Instituto das FMA.<\/p>\n<p>Na Circular s\u00e3o lembradas algumas passagens da vida dos Fundadores, que destacam a presen\u00e7a de Maria no itiner\u00e1rio formativo de Dom Bosco e de Madre Mazzarello, como ponto de encontro espiritual muito forte. No <strong>nome<\/strong> de uma Congrega\u00e7\u00e3o est\u00e1 a s\u00edntese da vis\u00e3o carism\u00e1tica, o projeto, a inspira\u00e7\u00e3o, o nome evoca os aspectos da identidade com que um Instituto se caracteriza na Igreja.<\/p>\n<p><em>\u201cNo dia 5 de agosto de 1872 Dom Bosco d\u00e1 o nome \u00e0 sua\u00a0 Fam\u00edlia religiosa feminina que dever\u00e1 ser toda de Maria (&#8230;): \u201cTende como gl\u00f3ria o vosso belo t\u00edtulo de Filhas de Maria Auxiliadora, e pensai muitas vezes que o vosso Instituto dever\u00e1 ser o monumento vivo da gratid\u00e3o de Dom Bosco \u00e0\u00a0 Grande M\u00e3e de Deus, invocada sob o t\u00edtulo de Aux\u00edlio dos crist\u00e3os\u201d (Cronist\u00f3ria I, 306)\u201d. <\/em><\/p>\n<p>S\u00e3o dois em particular os aspectos ligados ao nome colocados em evid\u00eancia: <strong>a rela\u00e7\u00e3o filial com Maria<\/strong> e a <strong>miss\u00e3o<\/strong> das consagradas na Igreja e no mundo, ligados \u00e0 maternidade, generatividade, missionariedade, ao ser \u201cauxiliadoras\u201d, especialmente entre as\/os jovens (cf C 4) .<\/p>\n<p>Maria \u00e9 <strong>presen\u00e7a viva<\/strong> na vida de Dom Bosco &#8211; por ele sentida como M\u00e3e sempre presente, que lhe ilumina e orienta a vida e as escolhas desde a inf\u00e2ncia, at\u00e9 a afirma\u00e7\u00e3o <em>\u201cFoi ela que tudo fez!\u201d<\/em> &#8211; e da primeira Comunidade das FMA de Mornese, em que &#8220;\u00e9 de casa&#8221; e n\u00e3o se duvida da sua presen\u00e7a materna em cada situa\u00e7\u00e3o.<\/p>\n<p>No Cap\u00edtulo Geral XXIV o confronto orante \u00a0abriu-se precisamente com a presen\u00e7a de Maria no trecho do Evangelho de Jo\u00e3o (Jo 2, 1-12): &#8220;<em>em Can\u00e1 Maria est\u00e1 presente e, justamente pelo seu \u2018estar\u2019 ali, v\u00ea, previne \u00a0e prov\u00ea<\/em>\u201d. Madre Chiara indica portanto a urg\u00eancia, como Comunidade Educativa, num tempo particular de precariedade e incerteza em rela\u00e7\u00e3o ao futuro, para assumir <strong>a preventividade<\/strong> na \u00f3tica pedag\u00f3gica do Sistema preventivo e a disponibilidade ao &#8220;Vado io\u201d.<\/p>\n<p>Vem depois recordado um evento significativo do 150\u00ba anivers\u00e1rio da funda\u00e7\u00e3o do Instituto das FMA: a transfer\u00eancia do primeiro grupo das jovens que j\u00e1 moravam com Maria Domingas Mazzarelo na <em>Casa da Imaculada<\/em> para o Col\u00e9gio de Borgo Alto, onde Main teve a vis\u00e3o e ouviu a voz prof\u00e9tica: &#8220;A ti as confio!&#8221;, que aconteceu no dia 23 de maio de 1872. &#8220;<strong>A M\u00e3e havia preparado a casa para as suas filhas!<\/strong> (cf Cronist\u00f3ria I, 282-286)\u201d.<\/p>\n<p>No final da Circular, Madre Chiara comunica o envio a todas as Inspetorias &#8211; nos meses de maio, junho e julho &#8211; <strong>de alguns formul\u00e1rios \u00fateis \u00e0 prepara\u00e7\u00e3o para o 150\u00ba anivers\u00e1rio de funda\u00e7\u00e3o do Instituto e de um roteiro para a celebra\u00e7\u00e3o de <em>um novo &#8220;Sim&#8221; para o pr\u00f3ximo dia 5 de agosto<\/em>.<\/strong><\/p>\n<p>A Madre agradece por fim a cada FMA, a cada Comunidade, aos leigos e leigas, \u00e0s\/aos jovens, a cada Grupo da Fam\u00edlia Salesiana <em>\u201cpelo precioso contributo que faz florescer o carisma em todo o mundo\u201d<\/em> e dirige <em>&#8220;um agradecimento especial \u00e0s Irm\u00e3s idosas ou enfermas pelo apoio generoso e fecundo \u00e0 vitalidade do Instituto\u201d<\/em>.\u00a0 Expressa particular proximidade \u2013 e assegura ora\u00e7\u00e3o \u2013 \u00e0s Comunidades que vivem em situa\u00e7\u00f5es de guerra, de viol\u00eancia, de pobreza, de dificuldades e \u00e0s que est\u00e3o se empenhando com grande generosidade no acolhimento de fugitivos e refugiados. <em>&#8220;Continuemos a implorar a paz para a Ucr\u00e2nia e para os v\u00e1rios pa\u00edses atravessados \u200b\u200bpela viol\u00eancia&#8221;<\/em>.<\/p>\n<p>A todas as FMA deseja, tamb\u00e9m em nome das Irm\u00e3s do Conselho, em sede ou fora da sede, um bom m\u00eas de maio e <strong><em>&#8220;de sentir o conforto e a consola\u00e7\u00e3o da presen\u00e7a de Maria, certas de que, o que disse Dom Bosco, torna-se realidade em cada uma das nossas Comunidades<\/em><\/strong><em>: &#8220;Quero dizer-vos que Nossa Senhora est\u00e1 verdadeiramente aqui, aqui no meio de v\u00f3s! Nossa Senhora passeia neste casa e a cobre com seu manto\u201d (Cronist\u00f3ria V , 52)\u201d<\/em>.<\/p>\n<p><span style=\"color: #0000ff;\"><a style=\"color: #0000ff;\" href=\"https:\/\/drive.google.com\/file\/d\/1qTt1rEsHc66yqUETG-vcvWb5KU1LBD0q\/view?usp=sharing\" target=\"_blank\" rel=\"noopener\"><strong>Circular n\u00b0 1017<\/strong><\/a><\/span><\/p>\n","protected":false},"excerpt":{"rendered":"<p>Roma (It\u00e1lia ).\u00a0 A Madre Geral do Instituto das Filhas de Maria Auxiliadora, Irm\u00e3 Chiara Cazzuola, na Circular n\u00ba 1.017, recorda a significatividade carism\u00e1tica da Festa da Gratid\u00e3o, que d\u00e1 [&hellip;]<\/p>\n","protected":false},"author":21,"featured_media":66206,"comment_status":"open","ping_status":"closed","sticky":false,"template":"","format":"standard","meta":{"footnotes":""},"categories":[166,159],"tags":[370,1665,1930,2237,2277,2378,2383],"class_list":["post-66211","post","type-post","status-publish","format-standard","has-post-thumbnail","category-carisma-salesiano-pt","category-ifma-pt-pt","tag-madre-geral","tag-spiritualita-salesiana-pt-pt","tag-focus-pt-pt","tag-circolare-pt-pt","tag-150-ifma-pt-pt","tag-madre-chiara-cazzuola-pt-pt","tag-maria-pt-pt"],"yoast_head":"<!-- This site is optimized with the Yoast SEO plugin v27.4 - https:\/\/yoast.com\/product\/yoast-seo-wordpress\/ -->\n<title>Com Maria, filhas e m\u00e3es - Circular n\u00b0 1017 &#8226; Istituto Figlie di Maria Ausiliatrice<\/title>\n<meta name=\"description\" content=\"A Madre Geral do Instituto das FMA, Irm\u00e3 Chiara Cazzuola, recorda a significatividade carism\u00e1tica da Festa da Gratid\u00e3o e da presen\u00e7a de Maria, M\u00e3e e verdadeira Superiora do Instituto.\" \/>\n<meta name=\"robots\" content=\"index, follow, max-snippet:-1, max-image-preview:large, max-video-preview:-1\" \/>\n<link rel=\"canonical\" href=\"https:\/\/www.cgfmanet.org\/pt-pt\/ifma-pt-pt\/com-maria-filhas-e-maes-circular-n-1017\/\" \/>\n<meta property=\"og:locale\" content=\"pt_PT\" \/>\n<meta property=\"og:type\" content=\"article\" \/>\n<meta property=\"og:title\" content=\"Com Maria, filhas e m\u00e3es - Circular n\u00b0 1017 &#8226; Istituto Figlie di Maria Ausiliatrice\" \/>\n<meta property=\"og:description\" content=\"A Madre Geral do Instituto das FMA, Irm\u00e3 Chiara Cazzuola, recorda a significatividade carism\u00e1tica da Festa da Gratid\u00e3o e da presen\u00e7a de Maria, M\u00e3e e verdadeira Superiora do Instituto.\" \/>\n<meta property=\"og:url\" content=\"https:\/\/www.cgfmanet.org\/pt-pt\/ifma-pt-pt\/com-maria-filhas-e-maes-circular-n-1017\/\" \/>\n<meta property=\"og:site_name\" content=\"Istituto Figlie di Maria Ausiliatrice\" \/>\n<meta property=\"article:publisher\" content=\"https:\/\/www.facebook.com\/salesian.sisters.of.don.bosco\/\" \/>\n<meta property=\"article:published_time\" content=\"2022-04-28T09:50:29+00:00\" \/>\n<meta property=\"article:modified_time\" content=\"2022-04-28T17:17:18+00:00\" \/>\n<meta property=\"og:image\" content=\"https:\/\/www.cgfmanet.org\/wp-content\/uploads\/2022\/04\/Circolare-1017.jpg\" \/>\n\t<meta property=\"og:image:width\" content=\"1181\" \/>\n\t<meta property=\"og:image:height\" content=\"787\" \/>\n\t<meta property=\"og:image:type\" content=\"image\/jpeg\" \/>\n<meta name=\"author\" content=\"Redazione\" \/>\n<meta name=\"twitter:card\" content=\"summary_large_image\" \/>\n<meta name=\"twitter:creator\" content=\"@Cgfmanet_Org\" \/>\n<meta name=\"twitter:site\" content=\"@Cgfmanet_Org\" \/>\n<meta name=\"twitter:label1\" content=\"Escrito por\" \/>\n\t<meta name=\"twitter:data1\" content=\"Redazione\" \/>\n\t<meta name=\"twitter:label2\" content=\"Tempo estimado de leitura\" \/>\n\t<meta name=\"twitter:data2\" content=\"5 minutos\" \/>\n<script type=\"application\/ld+json\" class=\"yoast-schema-graph\">{\"@context\":\"https:\\\/\\\/schema.org\",\"@graph\":[{\"@type\":\"Article\",\"@id\":\"https:\\\/\\\/www.cgfmanet.org\\\/pt-pt\\\/ifma-pt-pt\\\/com-maria-filhas-e-maes-circular-n-1017\\\/#article\",\"isPartOf\":{\"@id\":\"https:\\\/\\\/www.cgfmanet.org\\\/pt-pt\\\/ifma-pt-pt\\\/com-maria-filhas-e-maes-circular-n-1017\\\/\"},\"author\":{\"name\":\"Redazione\",\"@id\":\"https:\\\/\\\/www.cgfmanet.org\\\/es\\\/#\\\/schema\\\/person\\\/ce6473083f53ef0ef882cca23f0c8fb9\"},\"headline\":\"Com Maria, filhas e m\u00e3es &#8211; Circular n\u00b0 1017\",\"datePublished\":\"2022-04-28T09:50:29+00:00\",\"dateModified\":\"2022-04-28T17:17:18+00:00\",\"mainEntityOfPage\":{\"@id\":\"https:\\\/\\\/www.cgfmanet.org\\\/pt-pt\\\/ifma-pt-pt\\\/com-maria-filhas-e-maes-circular-n-1017\\\/\"},\"wordCount\":942,\"commentCount\":0,\"publisher\":{\"@id\":\"https:\\\/\\\/www.cgfmanet.org\\\/es\\\/#organization\"},\"image\":{\"@id\":\"https:\\\/\\\/www.cgfmanet.org\\\/pt-pt\\\/ifma-pt-pt\\\/com-maria-filhas-e-maes-circular-n-1017\\\/#primaryimage\"},\"thumbnailUrl\":\"https:\\\/\\\/www.cgfmanet.org\\\/wp-content\\\/uploads\\\/2022\\\/04\\\/Circolare-1017.jpg\",\"keywords\":[\"Madre Geral\",\"Spiritualit\u00e0 Salesiana\",\"Focus\",\"Circolare\",\"150\u00b0 IFMA\",\"Madre Chiara Cazzuola\",\"Maria\"],\"articleSection\":[\"Carisma Salesiano\",\"IFMA\"],\"inLanguage\":\"pt-PT\",\"potentialAction\":[{\"@type\":\"CommentAction\",\"name\":\"Comment\",\"target\":[\"https:\\\/\\\/www.cgfmanet.org\\\/pt-pt\\\/ifma-pt-pt\\\/com-maria-filhas-e-maes-circular-n-1017\\\/#respond\"]}]},{\"@type\":\"WebPage\",\"@id\":\"https:\\\/\\\/www.cgfmanet.org\\\/pt-pt\\\/ifma-pt-pt\\\/com-maria-filhas-e-maes-circular-n-1017\\\/\",\"url\":\"https:\\\/\\\/www.cgfmanet.org\\\/pt-pt\\\/ifma-pt-pt\\\/com-maria-filhas-e-maes-circular-n-1017\\\/\",\"name\":\"Com Maria, filhas e m\u00e3es - Circular n\u00b0 1017 &#8226; Istituto Figlie di Maria Ausiliatrice\",\"isPartOf\":{\"@id\":\"https:\\\/\\\/www.cgfmanet.org\\\/es\\\/#website\"},\"primaryImageOfPage\":{\"@id\":\"https:\\\/\\\/www.cgfmanet.org\\\/pt-pt\\\/ifma-pt-pt\\\/com-maria-filhas-e-maes-circular-n-1017\\\/#primaryimage\"},\"image\":{\"@id\":\"https:\\\/\\\/www.cgfmanet.org\\\/pt-pt\\\/ifma-pt-pt\\\/com-maria-filhas-e-maes-circular-n-1017\\\/#primaryimage\"},\"thumbnailUrl\":\"https:\\\/\\\/www.cgfmanet.org\\\/wp-content\\\/uploads\\\/2022\\\/04\\\/Circolare-1017.jpg\",\"datePublished\":\"2022-04-28T09:50:29+00:00\",\"dateModified\":\"2022-04-28T17:17:18+00:00\",\"description\":\"A Madre Geral do Instituto das FMA, Irm\u00e3 Chiara Cazzuola, recorda a significatividade carism\u00e1tica da Festa da Gratid\u00e3o e da presen\u00e7a de Maria, M\u00e3e e verdadeira Superiora do Instituto.\",\"breadcrumb\":{\"@id\":\"https:\\\/\\\/www.cgfmanet.org\\\/pt-pt\\\/ifma-pt-pt\\\/com-maria-filhas-e-maes-circular-n-1017\\\/#breadcrumb\"},\"inLanguage\":\"pt-PT\",\"potentialAction\":[{\"@type\":\"ReadAction\",\"target\":[\"https:\\\/\\\/www.cgfmanet.org\\\/pt-pt\\\/ifma-pt-pt\\\/com-maria-filhas-e-maes-circular-n-1017\\\/\"]}]},{\"@type\":\"ImageObject\",\"inLanguage\":\"pt-PT\",\"@id\":\"https:\\\/\\\/www.cgfmanet.org\\\/pt-pt\\\/ifma-pt-pt\\\/com-maria-filhas-e-maes-circular-n-1017\\\/#primaryimage\",\"url\":\"https:\\\/\\\/www.cgfmanet.org\\\/wp-content\\\/uploads\\\/2022\\\/04\\\/Circolare-1017.jpg\",\"contentUrl\":\"https:\\\/\\\/www.cgfmanet.org\\\/wp-content\\\/uploads\\\/2022\\\/04\\\/Circolare-1017.jpg\",\"width\":1181,\"height\":787},{\"@type\":\"BreadcrumbList\",\"@id\":\"https:\\\/\\\/www.cgfmanet.org\\\/pt-pt\\\/ifma-pt-pt\\\/com-maria-filhas-e-maes-circular-n-1017\\\/#breadcrumb\",\"itemListElement\":[{\"@type\":\"ListItem\",\"position\":1,\"name\":\"Home\",\"item\":\"https:\\\/\\\/www.cgfmanet.org\\\/pt-pt\\\/\"},{\"@type\":\"ListItem\",\"position\":2,\"name\":\"Com Maria, filhas e m\u00e3es &#8211; Circular n\u00b0 1017\"}]},{\"@type\":\"WebSite\",\"@id\":\"https:\\\/\\\/www.cgfmanet.org\\\/es\\\/#website\",\"url\":\"https:\\\/\\\/www.cgfmanet.org\\\/es\\\/\",\"name\":\"Istituto Figlie di Maria Ausiliatrice\",\"description\":\"Salesiane di Don Bosco\",\"publisher\":{\"@id\":\"https:\\\/\\\/www.cgfmanet.org\\\/es\\\/#organization\"},\"potentialAction\":[{\"@type\":\"SearchAction\",\"target\":{\"@type\":\"EntryPoint\",\"urlTemplate\":\"https:\\\/\\\/www.cgfmanet.org\\\/es\\\/?s={search_term_string}\"},\"query-input\":{\"@type\":\"PropertyValueSpecification\",\"valueRequired\":true,\"valueName\":\"search_term_string\"}}],\"inLanguage\":\"pt-PT\"},{\"@type\":\"Organization\",\"@id\":\"https:\\\/\\\/www.cgfmanet.org\\\/es\\\/#organization\",\"name\":\"Istituto Figlie di Maria Ausiliatrice\",\"url\":\"https:\\\/\\\/www.cgfmanet.org\\\/es\\\/\",\"logo\":{\"@type\":\"ImageObject\",\"inLanguage\":\"pt-PT\",\"@id\":\"https:\\\/\\\/www.cgfmanet.org\\\/es\\\/#\\\/schema\\\/logo\\\/image\\\/\",\"url\":\"https:\\\/\\\/www.cgfmanet.org\\\/wp-content\\\/uploads\\\/2018\\\/10\\\/logo-fma.png\",\"contentUrl\":\"https:\\\/\\\/www.cgfmanet.org\\\/wp-content\\\/uploads\\\/2018\\\/10\\\/logo-fma.png\",\"width\":214,\"height\":55,\"caption\":\"Istituto Figlie di Maria Ausiliatrice\"},\"image\":{\"@id\":\"https:\\\/\\\/www.cgfmanet.org\\\/es\\\/#\\\/schema\\\/logo\\\/image\\\/\"},\"sameAs\":[\"https:\\\/\\\/www.facebook.com\\\/salesian.sisters.of.don.bosco\\\/\",\"https:\\\/\\\/x.com\\\/Cgfmanet_Org\",\"https:\\\/\\\/www.youtube.com\\\/channel\\\/UCmcr8yFQBV7JXeXVxyV9y5Q\"]},{\"@type\":\"Person\",\"@id\":\"https:\\\/\\\/www.cgfmanet.org\\\/es\\\/#\\\/schema\\\/person\\\/ce6473083f53ef0ef882cca23f0c8fb9\",\"name\":\"Redazione\"}]}<\/script>\n<!-- \/ Yoast SEO plugin. -->","yoast_head_json":{"title":"Com Maria, filhas e m\u00e3es - Circular n\u00b0 1017 &#8226; Istituto Figlie di Maria Ausiliatrice","description":"A Madre Geral do Instituto das FMA, Irm\u00e3 Chiara Cazzuola, recorda a significatividade carism\u00e1tica da Festa da Gratid\u00e3o e da presen\u00e7a de Maria, M\u00e3e e verdadeira Superiora do Instituto.","robots":{"index":"index","follow":"follow","max-snippet":"max-snippet:-1","max-image-preview":"max-image-preview:large","max-video-preview":"max-video-preview:-1"},"canonical":"https:\/\/www.cgfmanet.org\/pt-pt\/ifma-pt-pt\/com-maria-filhas-e-maes-circular-n-1017\/","og_locale":"pt_PT","og_type":"article","og_title":"Com Maria, filhas e m\u00e3es - Circular n\u00b0 1017 &#8226; Istituto Figlie di Maria Ausiliatrice","og_description":"A Madre Geral do Instituto das FMA, Irm\u00e3 Chiara Cazzuola, recorda a significatividade carism\u00e1tica da Festa da Gratid\u00e3o e da presen\u00e7a de Maria, M\u00e3e e verdadeira Superiora do Instituto.","og_url":"https:\/\/www.cgfmanet.org\/pt-pt\/ifma-pt-pt\/com-maria-filhas-e-maes-circular-n-1017\/","og_site_name":"Istituto Figlie di Maria Ausiliatrice","article_publisher":"https:\/\/www.facebook.com\/salesian.sisters.of.don.bosco\/","article_published_time":"2022-04-28T09:50:29+00:00","article_modified_time":"2022-04-28T17:17:18+00:00","og_image":[{"width":1181,"height":787,"url":"https:\/\/www.cgfmanet.org\/wp-content\/uploads\/2022\/04\/Circolare-1017.jpg","type":"image\/jpeg"}],"author":"Redazione","twitter_card":"summary_large_image","twitter_creator":"@Cgfmanet_Org","twitter_site":"@Cgfmanet_Org","twitter_misc":{"Escrito por":"Redazione","Tempo estimado de leitura":"5 minutos"},"schema":{"@context":"https:\/\/schema.org","@graph":[{"@type":"Article","@id":"https:\/\/www.cgfmanet.org\/pt-pt\/ifma-pt-pt\/com-maria-filhas-e-maes-circular-n-1017\/#article","isPartOf":{"@id":"https:\/\/www.cgfmanet.org\/pt-pt\/ifma-pt-pt\/com-maria-filhas-e-maes-circular-n-1017\/"},"author":{"name":"Redazione","@id":"https:\/\/www.cgfmanet.org\/es\/#\/schema\/person\/ce6473083f53ef0ef882cca23f0c8fb9"},"headline":"Com Maria, filhas e m\u00e3es &#8211; Circular n\u00b0 1017","datePublished":"2022-04-28T09:50:29+00:00","dateModified":"2022-04-28T17:17:18+00:00","mainEntityOfPage":{"@id":"https:\/\/www.cgfmanet.org\/pt-pt\/ifma-pt-pt\/com-maria-filhas-e-maes-circular-n-1017\/"},"wordCount":942,"commentCount":0,"publisher":{"@id":"https:\/\/www.cgfmanet.org\/es\/#organization"},"image":{"@id":"https:\/\/www.cgfmanet.org\/pt-pt\/ifma-pt-pt\/com-maria-filhas-e-maes-circular-n-1017\/#primaryimage"},"thumbnailUrl":"https:\/\/www.cgfmanet.org\/wp-content\/uploads\/2022\/04\/Circolare-1017.jpg","keywords":["Madre Geral","Spiritualit\u00e0 Salesiana","Focus","Circolare","150\u00b0 IFMA","Madre Chiara Cazzuola","Maria"],"articleSection":["Carisma Salesiano","IFMA"],"inLanguage":"pt-PT","potentialAction":[{"@type":"CommentAction","name":"Comment","target":["https:\/\/www.cgfmanet.org\/pt-pt\/ifma-pt-pt\/com-maria-filhas-e-maes-circular-n-1017\/#respond"]}]},{"@type":"WebPage","@id":"https:\/\/www.cgfmanet.org\/pt-pt\/ifma-pt-pt\/com-maria-filhas-e-maes-circular-n-1017\/","url":"https:\/\/www.cgfmanet.org\/pt-pt\/ifma-pt-pt\/com-maria-filhas-e-maes-circular-n-1017\/","name":"Com Maria, filhas e m\u00e3es - Circular n\u00b0 1017 &#8226; Istituto Figlie di Maria Ausiliatrice","isPartOf":{"@id":"https:\/\/www.cgfmanet.org\/es\/#website"},"primaryImageOfPage":{"@id":"https:\/\/www.cgfmanet.org\/pt-pt\/ifma-pt-pt\/com-maria-filhas-e-maes-circular-n-1017\/#primaryimage"},"image":{"@id":"https:\/\/www.cgfmanet.org\/pt-pt\/ifma-pt-pt\/com-maria-filhas-e-maes-circular-n-1017\/#primaryimage"},"thumbnailUrl":"https:\/\/www.cgfmanet.org\/wp-content\/uploads\/2022\/04\/Circolare-1017.jpg","datePublished":"2022-04-28T09:50:29+00:00","dateModified":"2022-04-28T17:17:18+00:00","description":"A Madre Geral do Instituto das FMA, Irm\u00e3 Chiara Cazzuola, recorda a significatividade carism\u00e1tica da Festa da Gratid\u00e3o e da presen\u00e7a de Maria, M\u00e3e e verdadeira Superiora do Instituto.","breadcrumb":{"@id":"https:\/\/www.cgfmanet.org\/pt-pt\/ifma-pt-pt\/com-maria-filhas-e-maes-circular-n-1017\/#breadcrumb"},"inLanguage":"pt-PT","potentialAction":[{"@type":"ReadAction","target":["https:\/\/www.cgfmanet.org\/pt-pt\/ifma-pt-pt\/com-maria-filhas-e-maes-circular-n-1017\/"]}]},{"@type":"ImageObject","inLanguage":"pt-PT","@id":"https:\/\/www.cgfmanet.org\/pt-pt\/ifma-pt-pt\/com-maria-filhas-e-maes-circular-n-1017\/#primaryimage","url":"https:\/\/www.cgfmanet.org\/wp-content\/uploads\/2022\/04\/Circolare-1017.jpg","contentUrl":"https:\/\/www.cgfmanet.org\/wp-content\/uploads\/2022\/04\/Circolare-1017.jpg","width":1181,"height":787},{"@type":"BreadcrumbList","@id":"https:\/\/www.cgfmanet.org\/pt-pt\/ifma-pt-pt\/com-maria-filhas-e-maes-circular-n-1017\/#breadcrumb","itemListElement":[{"@type":"ListItem","position":1,"name":"Home","item":"https:\/\/www.cgfmanet.org\/pt-pt\/"},{"@type":"ListItem","position":2,"name":"Com Maria, filhas e m\u00e3es &#8211; Circular n\u00b0 1017"}]},{"@type":"WebSite","@id":"https:\/\/www.cgfmanet.org\/es\/#website","url":"https:\/\/www.cgfmanet.org\/es\/","name":"Istituto Figlie di Maria Ausiliatrice","description":"Salesiane di Don Bosco","publisher":{"@id":"https:\/\/www.cgfmanet.org\/es\/#organization"},"potentialAction":[{"@type":"SearchAction","target":{"@type":"EntryPoint","urlTemplate":"https:\/\/www.cgfmanet.org\/es\/?s={search_term_string}"},"query-input":{"@type":"PropertyValueSpecification","valueRequired":true,"valueName":"search_term_string"}}],"inLanguage":"pt-PT"},{"@type":"Organization","@id":"https:\/\/www.cgfmanet.org\/es\/#organization","name":"Istituto Figlie di Maria Ausiliatrice","url":"https:\/\/www.cgfmanet.org\/es\/","logo":{"@type":"ImageObject","inLanguage":"pt-PT","@id":"https:\/\/www.cgfmanet.org\/es\/#\/schema\/logo\/image\/","url":"https:\/\/www.cgfmanet.org\/wp-content\/uploads\/2018\/10\/logo-fma.png","contentUrl":"https:\/\/www.cgfmanet.org\/wp-content\/uploads\/2018\/10\/logo-fma.png","width":214,"height":55,"caption":"Istituto Figlie di Maria Ausiliatrice"},"image":{"@id":"https:\/\/www.cgfmanet.org\/es\/#\/schema\/logo\/image\/"},"sameAs":["https:\/\/www.facebook.com\/salesian.sisters.of.don.bosco\/","https:\/\/x.com\/Cgfmanet_Org","https:\/\/www.youtube.com\/channel\/UCmcr8yFQBV7JXeXVxyV9y5Q"]},{"@type":"Person","@id":"https:\/\/www.cgfmanet.org\/es\/#\/schema\/person\/ce6473083f53ef0ef882cca23f0c8fb9","name":"Redazione"}]}},"_links":{"self":[{"href":"https:\/\/www.cgfmanet.org\/pt-pt\/wp-json\/wp\/v2\/posts\/66211","targetHints":{"allow":["GET"]}}],"collection":[{"href":"https:\/\/www.cgfmanet.org\/pt-pt\/wp-json\/wp\/v2\/posts"}],"about":[{"href":"https:\/\/www.cgfmanet.org\/pt-pt\/wp-json\/wp\/v2\/types\/post"}],"author":[{"embeddable":true,"href":"https:\/\/www.cgfmanet.org\/pt-pt\/wp-json\/wp\/v2\/users\/21"}],"replies":[{"embeddable":true,"href":"https:\/\/www.cgfmanet.org\/pt-pt\/wp-json\/wp\/v2\/comments?post=66211"}],"version-history":[{"count":0,"href":"https:\/\/www.cgfmanet.org\/pt-pt\/wp-json\/wp\/v2\/posts\/66211\/revisions"}],"wp:featuredmedia":[{"embeddable":true,"href":"https:\/\/www.cgfmanet.org\/pt-pt\/wp-json\/wp\/v2\/media\/66206"}],"wp:attachment":[{"href":"https:\/\/www.cgfmanet.org\/pt-pt\/wp-json\/wp\/v2\/media?parent=66211"}],"wp:term":[{"taxonomy":"category","embeddable":true,"href":"https:\/\/www.cgfmanet.org\/pt-pt\/wp-json\/wp\/v2\/categories?post=66211"},{"taxonomy":"post_tag","embeddable":true,"href":"https:\/\/www.cgfmanet.org\/pt-pt\/wp-json\/wp\/v2\/tags?post=66211"}],"curies":[{"name":"wp","href":"https:\/\/api.w.org\/{rel}","templated":true}]}}