{"id":61442,"date":"2022-02-09T12:24:14","date_gmt":"2022-02-09T11:24:14","guid":{"rendered":"https:\/\/www.cgfmanet.org\/infosfera-pt-pt\/studenti-impegnate-nella-cura-della-casa-comune-sec\/"},"modified":"2022-02-11T15:49:44","modified_gmt":"2022-02-11T14:49:44","slug":"alunas-empenhadas-no-cuidado-da-casa-comum-sec","status":"publish","type":"post","link":"https:\/\/www.cgfmanet.org\/pt-pt\/infosfera-pt-pt\/alunas-empenhadas-no-cuidado-da-casa-comum-sec\/","title":{"rendered":"Alunas empenhadas no cuidado da Casa comum &#8211; SEC"},"content":{"rendered":"<p><strong>Harvey (Estados Unidos).<\/strong>\u00a0 No dia 19 de janeiro de 2022, as alunas da <em>Academia Nossa Senhora<\/em> de Marrero, Harvey, na Lousiana, onde trabalham as FMA da Comunidade <em>Imaculada Concei\u00e7\u00e3o<\/em> da Inspetoria <em>S\u00e3o Jos\u00e9<\/em> (SEC), fizeram a primeira colheita da horta semeada no jardim da Escola na \u00e1rea do projeto de Ci\u00eancias ambientais sobre a Laudato Si&#8217;.<\/p>\n<p>Al\u00e9m de estar vinculado ao programa escolar, o cultivo foi escolhido pelas alunas como &#8220;plano de a\u00e7\u00e3o&#8221; em resposta \u00e0 Laudato si&#8217;, a Enc\u00edclica sobre o cuidado da Casa comum, na qual o Papa Francisco dirige um apelo a toda a fam\u00edlia humana a buscar juntos um desenvolvimento sustent\u00e1vel integral e colaborar na constru\u00e7\u00e3o da casa comum (LS 13).<\/p>\n<p><em>&#8220;O Papa Francisco est\u00e1 incentivando a realizar projetos de cuidado com o ambiente para ajudar a Casa comum. Penso que seja uma \u00f3tima maneira de fazer as alunas reconhecerem a import\u00e2ncia do nosso planeta e ajud\u00e1-las a cuidar da cria\u00e7\u00e3o de Deus&#8221;<\/em>, afirma a sua professora, Irm\u00e3 Janna Ren\u00e9e.<\/p>\n<p><a href=\"https:\/\/www.cgfmanet.org\/wp-content\/uploads\/2022\/02\/orto-SEC_2.jpg\"><img decoding=\"async\" class=\"alignright wp-image-61434 size-full lazyload\" data-src=\"https:\/\/www.cgfmanet.org\/wp-content\/uploads\/2022\/02\/orto-SEC_2.jpg\" alt=\"\" width=\"282\" height=\"305\" src=\"data:image\/svg+xml;base64,PHN2ZyB3aWR0aD0iMSIgaGVpZ2h0PSIxIiB4bWxucz0iaHR0cDovL3d3dy53My5vcmcvMjAwMC9zdmciPjwvc3ZnPg==\" style=\"--smush-placeholder-width: 282px; --smush-placeholder-aspect-ratio: 282\/305;\" \/><\/a><\/p>\n<p>No outono passado, as alunas trabalharam para capinar, limpar o terreno e estender uma rede em cada um dos seis &#8220;canteiros&#8221; que comp\u00f5em a horta. Ent\u00e3o cavaram os buracos das sementes e semearam e plantaram as mudas em outubro.\u00a0 Irm\u00e3 Janna regava a horta a cada dois dias, sem uso de pesticidas, e, no meio de cada aula de ci\u00eancias ambientais, permitia que as alunas sa\u00edssem da sala para ir cuidar da horta e observar os progressos.\u00a0 <em>\u201cEst\u00e3o muito animadas por poder trabalhar com as suas m\u00e3os\u201d<\/em> \u2013 observa Irm\u00e3 Janna \u2013 <em>\u201c\u00c9 bom lev\u00e1-las para fazer algo pr\u00e1tico, e toda vez voltam \u00e0 sala felizes!\u201d<\/em><\/p>\n<p>Antes de sair ao ar livre, as alunas tiveram uma aula sobre a import\u00e2ncia da biodiversidade: a necessidade de garantir uma variedade de organismos e as condi\u00e7\u00f5es para manter todas as esp\u00e9cies em equil\u00edbrio gra\u00e7as \u00e0s rela\u00e7\u00f5es de interdepend\u00eancia entre elas.<\/p>\n<p>As hortali\u00e7as colhidas &#8211; couve-flor, br\u00f3colis, beterraba, rabanete, cebolinha, cenoura, dois tipos de repolho e outras verduras &#8211; foram entregues \u00e0 Coordenadora do Curso de Artes Culin\u00e1rias da <em>Academia de Nossa Senhora<\/em>, para uso na sala de aula da cozinha, localizada a poucos passos da Jardim.<\/p>\n<p>As alunas, lembrando o espa\u00e7o verde inculto e est\u00e9ril antes da sua interven\u00e7\u00e3o, ficaram satisfeitas com o trabalho exigente mas gratificante: <em>E \u00e9 mais econ\u00f4mico do que ir ao com\u00e9rcio e comprar todas as verduras&#8221;.<\/em> Tamb\u00e9m reconheceram que o projeto lhes deu novas habilidades e uma maior valoriza\u00e7\u00e3o do trabalho dos agricultores.<\/p>\n<p>O projeto da horta envolveu outros membros da Escola: membros do Clube CRS, Servi\u00e7os de apoio cat\u00f3lico (Catholic Relief Services) que mant\u00eam a horta limpa de ervas daninhas, bem como professores e funcion\u00e1rios com um &#8220;polegar verde&#8221;.<\/p>\n<p>As alunas de ci\u00eancias ambientais est\u00e3o trabalhando em duas outras iniciativas ligadas \u00e0 Laudato si&#8217;: criar e vender canetas <em>&#8220;ecologicamente corretas&#8221;<\/em> e coordenar o projeto de um manifesto de conscientiza\u00e7\u00e3o ambiental em toda a escola.\u00a0 Al\u00e9m disso, participam do &#8220;4-H Louisiana programa de estudos costeiros&#8221;, um projeto nacional com li\u00e7\u00f5es sobre \u00e1reas pantanosas e como preserv\u00e1-las do fen\u00f4meno da eros\u00e3o.<\/p>\n<p><strong>Fonte:<\/strong> <span style=\"color: #0000ff;\"><a style=\"color: #0000ff;\" href=\"https:\/\/clarionherald.org\/news\/garden-aligns-with-popes-call-to-care-for-earthly-home\" target=\"_blank\" rel=\"noopener\"><strong>Clarion Herald Newspaper <\/strong><\/a><\/span><\/p>\n","protected":false},"excerpt":{"rendered":"<p>Harvey (Estados Unidos).\u00a0 No dia 19 de janeiro de 2022, as alunas da Academia Nossa Senhora de Marrero, Harvey, na Lousiana, onde trabalham as FMA da Comunidade Imaculada Concei\u00e7\u00e3o da [&hellip;]<\/p>\n","protected":false},"author":21,"featured_media":61432,"comment_status":"open","ping_status":"closed","sticky":false,"template":"","format":"standard","meta":{"footnotes":""},"categories":[38,202],"tags":[1136,1408,1618,1930],"class_list":["post-61442","post","type-post","status-publish","format-standard","has-post-thumbnail","category-infosfera-pt-pt","category-ecologia-pt","tag-educacao","tag-sec-pt-pt","tag-cittadinanza-pt-pt","tag-focus-pt-pt"],"yoast_head":"<!-- This site is optimized with the Yoast SEO plugin v27.4 - https:\/\/yoast.com\/product\/yoast-seo-wordpress\/ -->\n<title>Alunas empenhadas no cuidado da Casa comum - SEC &#8226; Istituto Figlie di Maria Ausiliatrice<\/title>\n<meta name=\"description\" content=\"As alunas da Academia de Nossa Senhora de Marrero, Harvey, da Inspetoria SEC, colheram os frutos da horta plantada na escola com o projeto ligado \u00e0 Laudato Si&#039;.\" \/>\n<meta name=\"robots\" content=\"index, follow, max-snippet:-1, max-image-preview:large, max-video-preview:-1\" \/>\n<link rel=\"canonical\" href=\"https:\/\/www.cgfmanet.org\/pt-pt\/infosfera-pt-pt\/alunas-empenhadas-no-cuidado-da-casa-comum-sec\/\" \/>\n<meta property=\"og:locale\" content=\"pt_PT\" \/>\n<meta property=\"og:type\" content=\"article\" \/>\n<meta property=\"og:title\" content=\"Alunas empenhadas no cuidado da Casa comum - SEC &#8226; Istituto Figlie di Maria Ausiliatrice\" \/>\n<meta property=\"og:description\" content=\"As alunas da Academia de Nossa Senhora de Marrero, Harvey, da Inspetoria SEC, colheram os frutos da horta plantada na escola com o projeto ligado \u00e0 Laudato Si&#039;.\" \/>\n<meta property=\"og:url\" content=\"https:\/\/www.cgfmanet.org\/pt-pt\/infosfera-pt-pt\/alunas-empenhadas-no-cuidado-da-casa-comum-sec\/\" \/>\n<meta property=\"og:site_name\" content=\"Istituto Figlie di Maria Ausiliatrice\" \/>\n<meta property=\"article:publisher\" content=\"https:\/\/www.facebook.com\/salesian.sisters.of.don.bosco\/\" \/>\n<meta property=\"article:published_time\" content=\"2022-02-09T11:24:14+00:00\" \/>\n<meta property=\"article:modified_time\" content=\"2022-02-11T14:49:44+00:00\" \/>\n<meta property=\"og:image\" content=\"https:\/\/www.cgfmanet.org\/wp-content\/uploads\/2022\/02\/orto-SEC.jpg\" \/>\n\t<meta property=\"og:image:width\" content=\"600\" \/>\n\t<meta property=\"og:image:height\" content=\"400\" \/>\n\t<meta property=\"og:image:type\" content=\"image\/jpeg\" \/>\n<meta name=\"author\" content=\"Redazione\" \/>\n<meta name=\"twitter:card\" content=\"summary_large_image\" \/>\n<meta name=\"twitter:creator\" content=\"@Cgfmanet_Org\" \/>\n<meta name=\"twitter:site\" content=\"@Cgfmanet_Org\" \/>\n<meta name=\"twitter:label1\" content=\"Escrito por\" \/>\n\t<meta name=\"twitter:data1\" content=\"Redazione\" \/>\n\t<meta name=\"twitter:label2\" content=\"Tempo estimado de leitura\" \/>\n\t<meta name=\"twitter:data2\" content=\"3 minutos\" \/>\n<script type=\"application\/ld+json\" class=\"yoast-schema-graph\">{\"@context\":\"https:\\\/\\\/schema.org\",\"@graph\":[{\"@type\":\"Article\",\"@id\":\"https:\\\/\\\/www.cgfmanet.org\\\/pt-pt\\\/infosfera-pt-pt\\\/alunas-empenhadas-no-cuidado-da-casa-comum-sec\\\/#article\",\"isPartOf\":{\"@id\":\"https:\\\/\\\/www.cgfmanet.org\\\/pt-pt\\\/infosfera-pt-pt\\\/alunas-empenhadas-no-cuidado-da-casa-comum-sec\\\/\"},\"author\":{\"name\":\"Redazione\",\"@id\":\"https:\\\/\\\/www.cgfmanet.org\\\/es\\\/#\\\/schema\\\/person\\\/ce6473083f53ef0ef882cca23f0c8fb9\"},\"headline\":\"Alunas empenhadas no cuidado da Casa comum &#8211; SEC\",\"datePublished\":\"2022-02-09T11:24:14+00:00\",\"dateModified\":\"2022-02-11T14:49:44+00:00\",\"mainEntityOfPage\":{\"@id\":\"https:\\\/\\\/www.cgfmanet.org\\\/pt-pt\\\/infosfera-pt-pt\\\/alunas-empenhadas-no-cuidado-da-casa-comum-sec\\\/\"},\"wordCount\":558,\"commentCount\":0,\"publisher\":{\"@id\":\"https:\\\/\\\/www.cgfmanet.org\\\/es\\\/#organization\"},\"image\":{\"@id\":\"https:\\\/\\\/www.cgfmanet.org\\\/pt-pt\\\/infosfera-pt-pt\\\/alunas-empenhadas-no-cuidado-da-casa-comum-sec\\\/#primaryimage\"},\"thumbnailUrl\":\"https:\\\/\\\/www.cgfmanet.org\\\/wp-content\\\/uploads\\\/2022\\\/02\\\/orto-SEC.jpg\",\"keywords\":[\"Educa\u00e7\u00e3o\",\"SEC\",\"cittadinanza\",\"Focus\"],\"articleSection\":[\"Infosfera\",\"Ecologia\"],\"inLanguage\":\"pt-PT\",\"potentialAction\":[{\"@type\":\"CommentAction\",\"name\":\"Comment\",\"target\":[\"https:\\\/\\\/www.cgfmanet.org\\\/pt-pt\\\/infosfera-pt-pt\\\/alunas-empenhadas-no-cuidado-da-casa-comum-sec\\\/#respond\"]}]},{\"@type\":\"WebPage\",\"@id\":\"https:\\\/\\\/www.cgfmanet.org\\\/pt-pt\\\/infosfera-pt-pt\\\/alunas-empenhadas-no-cuidado-da-casa-comum-sec\\\/\",\"url\":\"https:\\\/\\\/www.cgfmanet.org\\\/pt-pt\\\/infosfera-pt-pt\\\/alunas-empenhadas-no-cuidado-da-casa-comum-sec\\\/\",\"name\":\"Alunas empenhadas no cuidado da Casa comum - SEC &#8226; Istituto Figlie di Maria Ausiliatrice\",\"isPartOf\":{\"@id\":\"https:\\\/\\\/www.cgfmanet.org\\\/es\\\/#website\"},\"primaryImageOfPage\":{\"@id\":\"https:\\\/\\\/www.cgfmanet.org\\\/pt-pt\\\/infosfera-pt-pt\\\/alunas-empenhadas-no-cuidado-da-casa-comum-sec\\\/#primaryimage\"},\"image\":{\"@id\":\"https:\\\/\\\/www.cgfmanet.org\\\/pt-pt\\\/infosfera-pt-pt\\\/alunas-empenhadas-no-cuidado-da-casa-comum-sec\\\/#primaryimage\"},\"thumbnailUrl\":\"https:\\\/\\\/www.cgfmanet.org\\\/wp-content\\\/uploads\\\/2022\\\/02\\\/orto-SEC.jpg\",\"datePublished\":\"2022-02-09T11:24:14+00:00\",\"dateModified\":\"2022-02-11T14:49:44+00:00\",\"description\":\"As alunas da Academia de Nossa Senhora de Marrero, Harvey, da Inspetoria SEC, colheram os frutos da horta plantada na escola com o projeto ligado \u00e0 Laudato Si'.\",\"breadcrumb\":{\"@id\":\"https:\\\/\\\/www.cgfmanet.org\\\/pt-pt\\\/infosfera-pt-pt\\\/alunas-empenhadas-no-cuidado-da-casa-comum-sec\\\/#breadcrumb\"},\"inLanguage\":\"pt-PT\",\"potentialAction\":[{\"@type\":\"ReadAction\",\"target\":[\"https:\\\/\\\/www.cgfmanet.org\\\/pt-pt\\\/infosfera-pt-pt\\\/alunas-empenhadas-no-cuidado-da-casa-comum-sec\\\/\"]}]},{\"@type\":\"ImageObject\",\"inLanguage\":\"pt-PT\",\"@id\":\"https:\\\/\\\/www.cgfmanet.org\\\/pt-pt\\\/infosfera-pt-pt\\\/alunas-empenhadas-no-cuidado-da-casa-comum-sec\\\/#primaryimage\",\"url\":\"https:\\\/\\\/www.cgfmanet.org\\\/wp-content\\\/uploads\\\/2022\\\/02\\\/orto-SEC.jpg\",\"contentUrl\":\"https:\\\/\\\/www.cgfmanet.org\\\/wp-content\\\/uploads\\\/2022\\\/02\\\/orto-SEC.jpg\",\"width\":600,\"height\":400},{\"@type\":\"BreadcrumbList\",\"@id\":\"https:\\\/\\\/www.cgfmanet.org\\\/pt-pt\\\/infosfera-pt-pt\\\/alunas-empenhadas-no-cuidado-da-casa-comum-sec\\\/#breadcrumb\",\"itemListElement\":[{\"@type\":\"ListItem\",\"position\":1,\"name\":\"Home\",\"item\":\"https:\\\/\\\/www.cgfmanet.org\\\/pt-pt\\\/\"},{\"@type\":\"ListItem\",\"position\":2,\"name\":\"Alunas empenhadas no cuidado da Casa comum &#8211; SEC\"}]},{\"@type\":\"WebSite\",\"@id\":\"https:\\\/\\\/www.cgfmanet.org\\\/es\\\/#website\",\"url\":\"https:\\\/\\\/www.cgfmanet.org\\\/es\\\/\",\"name\":\"Istituto Figlie di Maria Ausiliatrice\",\"description\":\"Salesiane di Don Bosco\",\"publisher\":{\"@id\":\"https:\\\/\\\/www.cgfmanet.org\\\/es\\\/#organization\"},\"potentialAction\":[{\"@type\":\"SearchAction\",\"target\":{\"@type\":\"EntryPoint\",\"urlTemplate\":\"https:\\\/\\\/www.cgfmanet.org\\\/es\\\/?s={search_term_string}\"},\"query-input\":{\"@type\":\"PropertyValueSpecification\",\"valueRequired\":true,\"valueName\":\"search_term_string\"}}],\"inLanguage\":\"pt-PT\"},{\"@type\":\"Organization\",\"@id\":\"https:\\\/\\\/www.cgfmanet.org\\\/es\\\/#organization\",\"name\":\"Istituto Figlie di Maria Ausiliatrice\",\"url\":\"https:\\\/\\\/www.cgfmanet.org\\\/es\\\/\",\"logo\":{\"@type\":\"ImageObject\",\"inLanguage\":\"pt-PT\",\"@id\":\"https:\\\/\\\/www.cgfmanet.org\\\/es\\\/#\\\/schema\\\/logo\\\/image\\\/\",\"url\":\"https:\\\/\\\/www.cgfmanet.org\\\/wp-content\\\/uploads\\\/2018\\\/10\\\/logo-fma.png\",\"contentUrl\":\"https:\\\/\\\/www.cgfmanet.org\\\/wp-content\\\/uploads\\\/2018\\\/10\\\/logo-fma.png\",\"width\":214,\"height\":55,\"caption\":\"Istituto Figlie di Maria Ausiliatrice\"},\"image\":{\"@id\":\"https:\\\/\\\/www.cgfmanet.org\\\/es\\\/#\\\/schema\\\/logo\\\/image\\\/\"},\"sameAs\":[\"https:\\\/\\\/www.facebook.com\\\/salesian.sisters.of.don.bosco\\\/\",\"https:\\\/\\\/x.com\\\/Cgfmanet_Org\",\"https:\\\/\\\/www.youtube.com\\\/channel\\\/UCmcr8yFQBV7JXeXVxyV9y5Q\"]},{\"@type\":\"Person\",\"@id\":\"https:\\\/\\\/www.cgfmanet.org\\\/es\\\/#\\\/schema\\\/person\\\/ce6473083f53ef0ef882cca23f0c8fb9\",\"name\":\"Redazione\"}]}<\/script>\n<!-- \/ Yoast SEO plugin. -->","yoast_head_json":{"title":"Alunas empenhadas no cuidado da Casa comum - SEC &#8226; Istituto Figlie di Maria Ausiliatrice","description":"As alunas da Academia de Nossa Senhora de Marrero, Harvey, da Inspetoria SEC, colheram os frutos da horta plantada na escola com o projeto ligado \u00e0 Laudato Si'.","robots":{"index":"index","follow":"follow","max-snippet":"max-snippet:-1","max-image-preview":"max-image-preview:large","max-video-preview":"max-video-preview:-1"},"canonical":"https:\/\/www.cgfmanet.org\/pt-pt\/infosfera-pt-pt\/alunas-empenhadas-no-cuidado-da-casa-comum-sec\/","og_locale":"pt_PT","og_type":"article","og_title":"Alunas empenhadas no cuidado da Casa comum - SEC &#8226; Istituto Figlie di Maria Ausiliatrice","og_description":"As alunas da Academia de Nossa Senhora de Marrero, Harvey, da Inspetoria SEC, colheram os frutos da horta plantada na escola com o projeto ligado \u00e0 Laudato Si'.","og_url":"https:\/\/www.cgfmanet.org\/pt-pt\/infosfera-pt-pt\/alunas-empenhadas-no-cuidado-da-casa-comum-sec\/","og_site_name":"Istituto Figlie di Maria Ausiliatrice","article_publisher":"https:\/\/www.facebook.com\/salesian.sisters.of.don.bosco\/","article_published_time":"2022-02-09T11:24:14+00:00","article_modified_time":"2022-02-11T14:49:44+00:00","og_image":[{"width":600,"height":400,"url":"https:\/\/www.cgfmanet.org\/wp-content\/uploads\/2022\/02\/orto-SEC.jpg","type":"image\/jpeg"}],"author":"Redazione","twitter_card":"summary_large_image","twitter_creator":"@Cgfmanet_Org","twitter_site":"@Cgfmanet_Org","twitter_misc":{"Escrito por":"Redazione","Tempo estimado de leitura":"3 minutos"},"schema":{"@context":"https:\/\/schema.org","@graph":[{"@type":"Article","@id":"https:\/\/www.cgfmanet.org\/pt-pt\/infosfera-pt-pt\/alunas-empenhadas-no-cuidado-da-casa-comum-sec\/#article","isPartOf":{"@id":"https:\/\/www.cgfmanet.org\/pt-pt\/infosfera-pt-pt\/alunas-empenhadas-no-cuidado-da-casa-comum-sec\/"},"author":{"name":"Redazione","@id":"https:\/\/www.cgfmanet.org\/es\/#\/schema\/person\/ce6473083f53ef0ef882cca23f0c8fb9"},"headline":"Alunas empenhadas no cuidado da Casa comum &#8211; SEC","datePublished":"2022-02-09T11:24:14+00:00","dateModified":"2022-02-11T14:49:44+00:00","mainEntityOfPage":{"@id":"https:\/\/www.cgfmanet.org\/pt-pt\/infosfera-pt-pt\/alunas-empenhadas-no-cuidado-da-casa-comum-sec\/"},"wordCount":558,"commentCount":0,"publisher":{"@id":"https:\/\/www.cgfmanet.org\/es\/#organization"},"image":{"@id":"https:\/\/www.cgfmanet.org\/pt-pt\/infosfera-pt-pt\/alunas-empenhadas-no-cuidado-da-casa-comum-sec\/#primaryimage"},"thumbnailUrl":"https:\/\/www.cgfmanet.org\/wp-content\/uploads\/2022\/02\/orto-SEC.jpg","keywords":["Educa\u00e7\u00e3o","SEC","cittadinanza","Focus"],"articleSection":["Infosfera","Ecologia"],"inLanguage":"pt-PT","potentialAction":[{"@type":"CommentAction","name":"Comment","target":["https:\/\/www.cgfmanet.org\/pt-pt\/infosfera-pt-pt\/alunas-empenhadas-no-cuidado-da-casa-comum-sec\/#respond"]}]},{"@type":"WebPage","@id":"https:\/\/www.cgfmanet.org\/pt-pt\/infosfera-pt-pt\/alunas-empenhadas-no-cuidado-da-casa-comum-sec\/","url":"https:\/\/www.cgfmanet.org\/pt-pt\/infosfera-pt-pt\/alunas-empenhadas-no-cuidado-da-casa-comum-sec\/","name":"Alunas empenhadas no cuidado da Casa comum - SEC &#8226; Istituto Figlie di Maria Ausiliatrice","isPartOf":{"@id":"https:\/\/www.cgfmanet.org\/es\/#website"},"primaryImageOfPage":{"@id":"https:\/\/www.cgfmanet.org\/pt-pt\/infosfera-pt-pt\/alunas-empenhadas-no-cuidado-da-casa-comum-sec\/#primaryimage"},"image":{"@id":"https:\/\/www.cgfmanet.org\/pt-pt\/infosfera-pt-pt\/alunas-empenhadas-no-cuidado-da-casa-comum-sec\/#primaryimage"},"thumbnailUrl":"https:\/\/www.cgfmanet.org\/wp-content\/uploads\/2022\/02\/orto-SEC.jpg","datePublished":"2022-02-09T11:24:14+00:00","dateModified":"2022-02-11T14:49:44+00:00","description":"As alunas da Academia de Nossa Senhora de Marrero, Harvey, da Inspetoria SEC, colheram os frutos da horta plantada na escola com o projeto ligado \u00e0 Laudato Si'.","breadcrumb":{"@id":"https:\/\/www.cgfmanet.org\/pt-pt\/infosfera-pt-pt\/alunas-empenhadas-no-cuidado-da-casa-comum-sec\/#breadcrumb"},"inLanguage":"pt-PT","potentialAction":[{"@type":"ReadAction","target":["https:\/\/www.cgfmanet.org\/pt-pt\/infosfera-pt-pt\/alunas-empenhadas-no-cuidado-da-casa-comum-sec\/"]}]},{"@type":"ImageObject","inLanguage":"pt-PT","@id":"https:\/\/www.cgfmanet.org\/pt-pt\/infosfera-pt-pt\/alunas-empenhadas-no-cuidado-da-casa-comum-sec\/#primaryimage","url":"https:\/\/www.cgfmanet.org\/wp-content\/uploads\/2022\/02\/orto-SEC.jpg","contentUrl":"https:\/\/www.cgfmanet.org\/wp-content\/uploads\/2022\/02\/orto-SEC.jpg","width":600,"height":400},{"@type":"BreadcrumbList","@id":"https:\/\/www.cgfmanet.org\/pt-pt\/infosfera-pt-pt\/alunas-empenhadas-no-cuidado-da-casa-comum-sec\/#breadcrumb","itemListElement":[{"@type":"ListItem","position":1,"name":"Home","item":"https:\/\/www.cgfmanet.org\/pt-pt\/"},{"@type":"ListItem","position":2,"name":"Alunas empenhadas no cuidado da Casa comum &#8211; SEC"}]},{"@type":"WebSite","@id":"https:\/\/www.cgfmanet.org\/es\/#website","url":"https:\/\/www.cgfmanet.org\/es\/","name":"Istituto Figlie di Maria Ausiliatrice","description":"Salesiane di Don Bosco","publisher":{"@id":"https:\/\/www.cgfmanet.org\/es\/#organization"},"potentialAction":[{"@type":"SearchAction","target":{"@type":"EntryPoint","urlTemplate":"https:\/\/www.cgfmanet.org\/es\/?s={search_term_string}"},"query-input":{"@type":"PropertyValueSpecification","valueRequired":true,"valueName":"search_term_string"}}],"inLanguage":"pt-PT"},{"@type":"Organization","@id":"https:\/\/www.cgfmanet.org\/es\/#organization","name":"Istituto Figlie di Maria Ausiliatrice","url":"https:\/\/www.cgfmanet.org\/es\/","logo":{"@type":"ImageObject","inLanguage":"pt-PT","@id":"https:\/\/www.cgfmanet.org\/es\/#\/schema\/logo\/image\/","url":"https:\/\/www.cgfmanet.org\/wp-content\/uploads\/2018\/10\/logo-fma.png","contentUrl":"https:\/\/www.cgfmanet.org\/wp-content\/uploads\/2018\/10\/logo-fma.png","width":214,"height":55,"caption":"Istituto Figlie di Maria Ausiliatrice"},"image":{"@id":"https:\/\/www.cgfmanet.org\/es\/#\/schema\/logo\/image\/"},"sameAs":["https:\/\/www.facebook.com\/salesian.sisters.of.don.bosco\/","https:\/\/x.com\/Cgfmanet_Org","https:\/\/www.youtube.com\/channel\/UCmcr8yFQBV7JXeXVxyV9y5Q"]},{"@type":"Person","@id":"https:\/\/www.cgfmanet.org\/es\/#\/schema\/person\/ce6473083f53ef0ef882cca23f0c8fb9","name":"Redazione"}]}},"_links":{"self":[{"href":"https:\/\/www.cgfmanet.org\/pt-pt\/wp-json\/wp\/v2\/posts\/61442","targetHints":{"allow":["GET"]}}],"collection":[{"href":"https:\/\/www.cgfmanet.org\/pt-pt\/wp-json\/wp\/v2\/posts"}],"about":[{"href":"https:\/\/www.cgfmanet.org\/pt-pt\/wp-json\/wp\/v2\/types\/post"}],"author":[{"embeddable":true,"href":"https:\/\/www.cgfmanet.org\/pt-pt\/wp-json\/wp\/v2\/users\/21"}],"replies":[{"embeddable":true,"href":"https:\/\/www.cgfmanet.org\/pt-pt\/wp-json\/wp\/v2\/comments?post=61442"}],"version-history":[{"count":0,"href":"https:\/\/www.cgfmanet.org\/pt-pt\/wp-json\/wp\/v2\/posts\/61442\/revisions"}],"wp:featuredmedia":[{"embeddable":true,"href":"https:\/\/www.cgfmanet.org\/pt-pt\/wp-json\/wp\/v2\/media\/61432"}],"wp:attachment":[{"href":"https:\/\/www.cgfmanet.org\/pt-pt\/wp-json\/wp\/v2\/media?parent=61442"}],"wp:term":[{"taxonomy":"category","embeddable":true,"href":"https:\/\/www.cgfmanet.org\/pt-pt\/wp-json\/wp\/v2\/categories?post=61442"},{"taxonomy":"post_tag","embeddable":true,"href":"https:\/\/www.cgfmanet.org\/pt-pt\/wp-json\/wp\/v2\/tags?post=61442"}],"curies":[{"name":"wp","href":"https:\/\/api.w.org\/{rel}","templated":true}]}}