{"id":60151,"date":"2022-01-17T13:12:51","date_gmt":"2022-01-17T12:12:51","guid":{"rendered":"https:\/\/www.cgfmanet.org\/infosfera-pt-pt\/fare-tutto-per-amore-nulla-per-forza\/"},"modified":"2022-01-22T15:46:33","modified_gmt":"2022-01-22T14:46:33","slug":"fazer-tudo-por-amor-nada-por-forca","status":"publish","type":"post","link":"https:\/\/www.cgfmanet.org\/pt-pt\/ifma-pt-pt\/carisma-salesiano-pt\/fazer-tudo-por-amor-nada-por-forca\/","title":{"rendered":"Fazer \u201ctudo por amor, nada por for\u00e7a\u201d"},"content":{"rendered":"<p><strong>Turim (It\u00e1lia). C<\/strong>om a s\u00edntese final dos trabalhos dos grupos regionais e a Celebra\u00e7\u00e3o Eucar\u00edstica na Bas\u00edlica de Maria Auxiliadora em Turim-Valdocco, presidida pelo Reitor-Mor dos Salesianos de Dom Bosco, Pe. \u00c1ngel Fern\u00e1ndez Artime, se encerrou a 40\u00aa edi\u00e7\u00e3o das Jornadas de Espiritualidade da Fam\u00edlia Salesiana, realizadas de 13 a 16 de janeiro de 2022, sobre o tema da Estreia 2022<strong> \u201cFazer tudo por amor, nada por for\u00e7a\u201d (S\u00e3o Francisco de Sales).<\/strong><\/p>\n<p>Aos Referentes de cada um dos 32 Grupos da Fam\u00edlia Salesiana, uma realidade carism\u00e1tica estendida a 134 Pa\u00edses, t\u00eam um minuto e meio para compartilhar o que emergiu das Jornadas sobre o tema da Estreia, para chegar a um resumo que indica as novidades e os prop\u00f3sitos para o ano pastoral que se abre.<\/p>\n<p><em>\u201cSomos uma grande fam\u00edlia com ra\u00edzes de santidade\u201d \u2013 <strong>exortou Irm\u00e3 Leslie S\u00e1ndigo<\/strong>, Conselheira Geral para a Fam\u00edlia Salesiana das Filhas de Maria Auxiliadora \u2013 \u201csomos gratas por estes dias em que crescemos no sentido de perten\u00e7a\u201d. <strong>A Madre Geral das Filhas de Maria Auxiliadora, Irm\u00e3 Chiara Cazzuola<\/strong>, na mensagem em v\u00eddeo com a qual chegou a toda a Fam\u00edlia Salesiana falou &#8220;da beleza da fraternidade e do dom da esperan\u00e7a e do amor que damos a n\u00f3s mesmos&#8221;.<\/em><\/p>\n<p><em>&#8220;Retirar as lacunas entre vida e espiritualidade, relacionar-se com os outros de cora\u00e7\u00e3o a cora\u00e7\u00e3o, viver o esp\u00edrito de amizade com S\u00e3o Francisco de Sales&#8221;: os <strong>Salesianos Cooperadores (ASSCC),<\/strong> representados por <strong>Marina<\/strong> e <strong>Andrea<\/strong>, far\u00e3o com que o que foi identificado se torne nestes dias o tema dos caminhos formativos das Inspetorias e dos Centros locais.<\/em><\/p>\n<p><strong>Renato Valera, Presidente da ADMA Prim\u00e1ria, <\/strong>convidou \u201ca ter mais relacionamentos e menos coisas para fazer. Fomos chamados ao essencial do nosso ser crist\u00e3os e \u00e0 coragem de evangelizar \u2018desarmados\u2019, respeitando a liberdade seguindo o exemplo de S\u00e3o Francisco de Sales\u201d.<\/p>\n<p><strong>Ex-alunos e Ex-alunas s<\/strong>ublinharam a continuidade com o passado, com grande aten\u00e7\u00e3o aos novos sinais dos tempos. \u201cNossa responsabilidade \u00e9 continuar o trabalho daqueles que nos precederam, e devemos refletir sobre o passado enquanto nos pedem para entender o futuro\u201d disse<strong> Bryan Magro, Presidente Confederal dos Ex-Alunos de Dom Bosco; <\/strong>enquanto <strong>Maria Carmen Castillon, Presidente da Confedera\u00e7\u00e3o Mornese\u00a0 Ex-Alunas\/FMA, <\/strong>em conex\u00e3o de Minnesota (EUA), disse: \u201ca pergunta que queremos responder \u00e9 &#8216;o que Dom Bosco diria hoje&#8217; nas situa\u00e7\u00f5es em que nos encontramos\u201d.<\/p>\n<p>O <strong>Respons\u00e1vel Maior dos Volunt\u00e1rios de Dom Bosco <\/strong>identificou dois pontos: <em>\u201cEspiritualidade e interioridade verdadeira para servir melhor, para humanizar as rela\u00e7\u00f5es; discernir o significado do bem para implement\u00e1-lo na pr\u00e1tica\u201d.<\/em><\/p>\n<p><em>&#8220;O trabalho de evangeliza\u00e7\u00e3o na sociedade japonesa \u00e9 dif\u00edcil, mas continuaremos a comunicar o amor de Deus com coragem e paci\u00eancia&#8221;, disse a porta-voz das <strong>Irm\u00e3s da Caridade de Jesus<\/strong>, apoiadas pela nova Madre Geral, Madre Emiliana Park, que lembrou o empenho mission\u00e1rio nos cinco continentes, com as novas fronteiras no Sud\u00e3o do Sul e Uganda: \u201cOrgulho e responsabilidade tamb\u00e9m pelo surgimento de novas professas nesses Pa\u00edses\u201d.<\/em><\/p>\n<p>Finalmente, um grupo de trabalho heterog\u00eaneo que inclu\u00eda a <strong>Can\u00e7\u00e3o Nova<\/strong> e as <strong>Salesianas Oblatas do Sagrado Cora\u00e7\u00e3o de Jesus<\/strong> recomendou <em>\u201co empenho do cora\u00e7\u00e3o em dar os pequenos passos, para implementar o que foi semeado, olhando tamb\u00e9m para o campo social e pol\u00edtico\u201d.<\/em> <strong>A Fraternidade Contemplativa de Maria de Nazar\u00e9<\/strong> sugeriu <em>\u201cconsiderar o mundo como nosso mosteiro, confiando na a\u00e7\u00e3o de Deus\u201d.<\/em><\/p>\n<p>Na <strong><a href=\"https:\/\/www.youtube.com\/watch?v=FN7h6gvmqF0\" target=\"_blank\" rel=\"noopener\"><span style=\"color: #0000ff;\">Celebra\u00e7\u00e3o Eucar\u00edstica <\/span><\/a><\/strong>na Bas\u00edlica de Maria Auxiliadora, a Fam\u00edlia Salesiana, junto com os que estiveram ligados \u00e0 transmiss\u00e3o ao vivo, agradeceu a Estreia do Reitor-Mor e o compromisso de aprofundar, redescobrir, viver em profundidade a Espiritualidade de S\u00e3o Francisco de Sales, que marca o 400\u00ba anivers\u00e1rio de sua morte.<\/p>\n<p>Na homilia, o Reitor-Mor, retomando o Evangelho das Bodas de Can\u00e1 (Jo 2, 1-11), sublinhou algumas passagens \u00fateis para a Fam\u00edlia Salesiana:<\/p>\n<p><em>\u201cA alegria vem do bom vinho, o melhor, oferecido em abund\u00e2ncia em Can\u00e1 a todos os que participam do banquete. (&#8230;) E a alegria deve ser a caracter\u00edstica distintiva mais preciosa da Fam\u00edlia de Dom Bosco ainda hoje. A alegria n\u00e3o nasce de um temperamento otimista, mas de uma descoberta possibilitada pela f\u00e9: Deus age, est\u00e1 trabalhando e s\u00f3 podemos nos alegrar com o que est\u00e1 acontecendo.<\/em><\/p>\n<p>A M\u00e3e diz a n\u00f3s, Fam\u00edlia Salesiana espalhada pelo mundo: \u2018Fazei o que Ele vose disser\u2019, palavra de ordem e regra para todos n\u00f3s. Hoje nossas comunidades de consagradas\/os, nossas fam\u00edlias devem ser uma <em>&#8220;Can\u00e1 da Galil\u00e9ia&#8221;.<\/em><\/p>\n<p><em>\u201cEstamos empenhados em viver a Estreia deste ano com profundidade e a continuar sonhando com uma Fam\u00edlia de Dom Bosco que responda a este mundo de hoje\u201d, <\/em>disse saudando os participantes no p\u00e1tio de Valdocco-Turim.<\/p>\n<p><strong>Fonte:<\/strong> <span style=\"color: #0000ff;\"><a style=\"color: #0000ff;\" href=\"https:\/\/www.infoans.org\/sezioni\/notizie\/item\/14486-italia-gsfs-2022-faremo-tutto-per-amore-nulla-per-forza\" target=\"_blank\" rel=\"noopener\">Agenzia Info Salesiana ANS<\/a><\/span><\/p>\n","protected":false},"excerpt":{"rendered":"<p>Turim (It\u00e1lia). Com a s\u00edntese final dos trabalhos dos grupos regionais e a Celebra\u00e7\u00e3o Eucar\u00edstica na Bas\u00edlica de Maria Auxiliadora em Turim-Valdocco, presidida pelo Reitor-Mor dos Salesianos de Dom Bosco, [&hellip;]<\/p>\n","protected":false},"author":21,"featured_media":60146,"comment_status":"open","ping_status":"closed","sticky":false,"template":"","format":"standard","meta":{"footnotes":""},"categories":[166,159],"tags":[335,1480,1777,1930],"class_list":["post-60151","post","type-post","status-publish","format-standard","has-post-thumbnail","category-carisma-salesiano-pt","category-ifma-pt-pt","tag-jornada-de-espiritualidade-da-familia-salesiana","tag-estreia","tag-familia-salesiana","tag-focus-pt-pt"],"yoast_head":"<!-- This site is optimized with the Yoast SEO plugin v27.4 - https:\/\/yoast.com\/product\/yoast-seo-wordpress\/ -->\n<title>Fazer \u201ctudo por amor, nada por for\u00e7a\u201d &#8226; Istituto Figlie di Maria Ausiliatrice<\/title>\n<meta name=\"robots\" content=\"index, follow, max-snippet:-1, max-image-preview:large, max-video-preview:-1\" \/>\n<link rel=\"canonical\" href=\"https:\/\/www.cgfmanet.org\/pt-pt\/ifma-pt-pt\/carisma-salesiano-pt\/fazer-tudo-por-amor-nada-por-forca\/\" \/>\n<meta property=\"og:locale\" content=\"pt_PT\" \/>\n<meta property=\"og:type\" content=\"article\" \/>\n<meta property=\"og:title\" content=\"Fazer \u201ctudo por amor, nada por for\u00e7a\u201d &#8226; Istituto Figlie di Maria Ausiliatrice\" \/>\n<meta property=\"og:description\" content=\"Turim (It\u00e1lia). Com a s\u00edntese final dos trabalhos dos grupos regionais e a Celebra\u00e7\u00e3o Eucar\u00edstica na Bas\u00edlica de Maria Auxiliadora em Turim-Valdocco, presidida pelo Reitor-Mor dos Salesianos de Dom Bosco, [&hellip;]\" \/>\n<meta property=\"og:url\" content=\"https:\/\/www.cgfmanet.org\/pt-pt\/ifma-pt-pt\/carisma-salesiano-pt\/fazer-tudo-por-amor-nada-por-forca\/\" \/>\n<meta property=\"og:site_name\" content=\"Istituto Figlie di Maria Ausiliatrice\" \/>\n<meta property=\"article:publisher\" content=\"https:\/\/www.facebook.com\/salesian.sisters.of.don.bosco\/\" \/>\n<meta property=\"article:published_time\" content=\"2022-01-17T12:12:51+00:00\" \/>\n<meta property=\"article:modified_time\" content=\"2022-01-22T14:46:33+00:00\" \/>\n<meta property=\"og:image\" content=\"https:\/\/www.cgfmanet.org\/wp-content\/uploads\/2022\/01\/Conclusione-GSFS-2022.jpg\" \/>\n\t<meta property=\"og:image:width\" content=\"1181\" \/>\n\t<meta property=\"og:image:height\" content=\"787\" \/>\n\t<meta property=\"og:image:type\" content=\"image\/jpeg\" \/>\n<meta name=\"author\" content=\"Redazione\" \/>\n<meta name=\"twitter:card\" content=\"summary_large_image\" \/>\n<meta name=\"twitter:creator\" content=\"@Cgfmanet_Org\" \/>\n<meta name=\"twitter:site\" content=\"@Cgfmanet_Org\" \/>\n<meta name=\"twitter:label1\" content=\"Escrito por\" \/>\n\t<meta name=\"twitter:data1\" content=\"Redazione\" \/>\n\t<meta name=\"twitter:label2\" content=\"Tempo estimado de leitura\" \/>\n\t<meta name=\"twitter:data2\" content=\"4 minutos\" \/>\n<script type=\"application\/ld+json\" class=\"yoast-schema-graph\">{\"@context\":\"https:\\\/\\\/schema.org\",\"@graph\":[{\"@type\":\"Article\",\"@id\":\"https:\\\/\\\/www.cgfmanet.org\\\/pt-pt\\\/ifma-pt-pt\\\/carisma-salesiano-pt\\\/fazer-tudo-por-amor-nada-por-forca\\\/#article\",\"isPartOf\":{\"@id\":\"https:\\\/\\\/www.cgfmanet.org\\\/pt-pt\\\/ifma-pt-pt\\\/carisma-salesiano-pt\\\/fazer-tudo-por-amor-nada-por-forca\\\/\"},\"author\":{\"name\":\"Redazione\",\"@id\":\"https:\\\/\\\/www.cgfmanet.org\\\/es\\\/#\\\/schema\\\/person\\\/ce6473083f53ef0ef882cca23f0c8fb9\"},\"headline\":\"Fazer \u201ctudo por amor, nada por for\u00e7a\u201d\",\"datePublished\":\"2022-01-17T12:12:51+00:00\",\"dateModified\":\"2022-01-22T14:46:33+00:00\",\"mainEntityOfPage\":{\"@id\":\"https:\\\/\\\/www.cgfmanet.org\\\/pt-pt\\\/ifma-pt-pt\\\/carisma-salesiano-pt\\\/fazer-tudo-por-amor-nada-por-forca\\\/\"},\"wordCount\":832,\"commentCount\":0,\"publisher\":{\"@id\":\"https:\\\/\\\/www.cgfmanet.org\\\/es\\\/#organization\"},\"image\":{\"@id\":\"https:\\\/\\\/www.cgfmanet.org\\\/pt-pt\\\/ifma-pt-pt\\\/carisma-salesiano-pt\\\/fazer-tudo-por-amor-nada-por-forca\\\/#primaryimage\"},\"thumbnailUrl\":\"https:\\\/\\\/www.cgfmanet.org\\\/wp-content\\\/uploads\\\/2022\\\/01\\\/Conclusione-GSFS-2022.jpg\",\"keywords\":[\"Jornada de Espiritualidade da Fam\u00edlia Salesiana\",\"Estreia\",\"Fam\u00edlia Salesiana\",\"Focus\"],\"articleSection\":[\"Carisma Salesiano\",\"IFMA\"],\"inLanguage\":\"pt-PT\",\"potentialAction\":[{\"@type\":\"CommentAction\",\"name\":\"Comment\",\"target\":[\"https:\\\/\\\/www.cgfmanet.org\\\/pt-pt\\\/ifma-pt-pt\\\/carisma-salesiano-pt\\\/fazer-tudo-por-amor-nada-por-forca\\\/#respond\"]}]},{\"@type\":\"WebPage\",\"@id\":\"https:\\\/\\\/www.cgfmanet.org\\\/pt-pt\\\/ifma-pt-pt\\\/carisma-salesiano-pt\\\/fazer-tudo-por-amor-nada-por-forca\\\/\",\"url\":\"https:\\\/\\\/www.cgfmanet.org\\\/pt-pt\\\/ifma-pt-pt\\\/carisma-salesiano-pt\\\/fazer-tudo-por-amor-nada-por-forca\\\/\",\"name\":\"Fazer \u201ctudo por amor, nada por for\u00e7a\u201d &#8226; Istituto Figlie di Maria Ausiliatrice\",\"isPartOf\":{\"@id\":\"https:\\\/\\\/www.cgfmanet.org\\\/es\\\/#website\"},\"primaryImageOfPage\":{\"@id\":\"https:\\\/\\\/www.cgfmanet.org\\\/pt-pt\\\/ifma-pt-pt\\\/carisma-salesiano-pt\\\/fazer-tudo-por-amor-nada-por-forca\\\/#primaryimage\"},\"image\":{\"@id\":\"https:\\\/\\\/www.cgfmanet.org\\\/pt-pt\\\/ifma-pt-pt\\\/carisma-salesiano-pt\\\/fazer-tudo-por-amor-nada-por-forca\\\/#primaryimage\"},\"thumbnailUrl\":\"https:\\\/\\\/www.cgfmanet.org\\\/wp-content\\\/uploads\\\/2022\\\/01\\\/Conclusione-GSFS-2022.jpg\",\"datePublished\":\"2022-01-17T12:12:51+00:00\",\"dateModified\":\"2022-01-22T14:46:33+00:00\",\"breadcrumb\":{\"@id\":\"https:\\\/\\\/www.cgfmanet.org\\\/pt-pt\\\/ifma-pt-pt\\\/carisma-salesiano-pt\\\/fazer-tudo-por-amor-nada-por-forca\\\/#breadcrumb\"},\"inLanguage\":\"pt-PT\",\"potentialAction\":[{\"@type\":\"ReadAction\",\"target\":[\"https:\\\/\\\/www.cgfmanet.org\\\/pt-pt\\\/ifma-pt-pt\\\/carisma-salesiano-pt\\\/fazer-tudo-por-amor-nada-por-forca\\\/\"]}]},{\"@type\":\"ImageObject\",\"inLanguage\":\"pt-PT\",\"@id\":\"https:\\\/\\\/www.cgfmanet.org\\\/pt-pt\\\/ifma-pt-pt\\\/carisma-salesiano-pt\\\/fazer-tudo-por-amor-nada-por-forca\\\/#primaryimage\",\"url\":\"https:\\\/\\\/www.cgfmanet.org\\\/wp-content\\\/uploads\\\/2022\\\/01\\\/Conclusione-GSFS-2022.jpg\",\"contentUrl\":\"https:\\\/\\\/www.cgfmanet.org\\\/wp-content\\\/uploads\\\/2022\\\/01\\\/Conclusione-GSFS-2022.jpg\",\"width\":1181,\"height\":787},{\"@type\":\"BreadcrumbList\",\"@id\":\"https:\\\/\\\/www.cgfmanet.org\\\/pt-pt\\\/ifma-pt-pt\\\/carisma-salesiano-pt\\\/fazer-tudo-por-amor-nada-por-forca\\\/#breadcrumb\",\"itemListElement\":[{\"@type\":\"ListItem\",\"position\":1,\"name\":\"Home\",\"item\":\"https:\\\/\\\/www.cgfmanet.org\\\/pt-pt\\\/\"},{\"@type\":\"ListItem\",\"position\":2,\"name\":\"Fazer \u201ctudo por amor, nada por for\u00e7a\u201d\"}]},{\"@type\":\"WebSite\",\"@id\":\"https:\\\/\\\/www.cgfmanet.org\\\/es\\\/#website\",\"url\":\"https:\\\/\\\/www.cgfmanet.org\\\/es\\\/\",\"name\":\"Istituto Figlie di Maria Ausiliatrice\",\"description\":\"Salesiane di Don Bosco\",\"publisher\":{\"@id\":\"https:\\\/\\\/www.cgfmanet.org\\\/es\\\/#organization\"},\"potentialAction\":[{\"@type\":\"SearchAction\",\"target\":{\"@type\":\"EntryPoint\",\"urlTemplate\":\"https:\\\/\\\/www.cgfmanet.org\\\/es\\\/?s={search_term_string}\"},\"query-input\":{\"@type\":\"PropertyValueSpecification\",\"valueRequired\":true,\"valueName\":\"search_term_string\"}}],\"inLanguage\":\"pt-PT\"},{\"@type\":\"Organization\",\"@id\":\"https:\\\/\\\/www.cgfmanet.org\\\/es\\\/#organization\",\"name\":\"Istituto Figlie di Maria Ausiliatrice\",\"url\":\"https:\\\/\\\/www.cgfmanet.org\\\/es\\\/\",\"logo\":{\"@type\":\"ImageObject\",\"inLanguage\":\"pt-PT\",\"@id\":\"https:\\\/\\\/www.cgfmanet.org\\\/es\\\/#\\\/schema\\\/logo\\\/image\\\/\",\"url\":\"https:\\\/\\\/www.cgfmanet.org\\\/wp-content\\\/uploads\\\/2018\\\/10\\\/logo-fma.png\",\"contentUrl\":\"https:\\\/\\\/www.cgfmanet.org\\\/wp-content\\\/uploads\\\/2018\\\/10\\\/logo-fma.png\",\"width\":214,\"height\":55,\"caption\":\"Istituto Figlie di Maria Ausiliatrice\"},\"image\":{\"@id\":\"https:\\\/\\\/www.cgfmanet.org\\\/es\\\/#\\\/schema\\\/logo\\\/image\\\/\"},\"sameAs\":[\"https:\\\/\\\/www.facebook.com\\\/salesian.sisters.of.don.bosco\\\/\",\"https:\\\/\\\/x.com\\\/Cgfmanet_Org\",\"https:\\\/\\\/www.youtube.com\\\/channel\\\/UCmcr8yFQBV7JXeXVxyV9y5Q\"]},{\"@type\":\"Person\",\"@id\":\"https:\\\/\\\/www.cgfmanet.org\\\/es\\\/#\\\/schema\\\/person\\\/ce6473083f53ef0ef882cca23f0c8fb9\",\"name\":\"Redazione\"}]}<\/script>\n<!-- \/ Yoast SEO plugin. -->","yoast_head_json":{"title":"Fazer \u201ctudo por amor, nada por for\u00e7a\u201d &#8226; Istituto Figlie di Maria Ausiliatrice","robots":{"index":"index","follow":"follow","max-snippet":"max-snippet:-1","max-image-preview":"max-image-preview:large","max-video-preview":"max-video-preview:-1"},"canonical":"https:\/\/www.cgfmanet.org\/pt-pt\/ifma-pt-pt\/carisma-salesiano-pt\/fazer-tudo-por-amor-nada-por-forca\/","og_locale":"pt_PT","og_type":"article","og_title":"Fazer \u201ctudo por amor, nada por for\u00e7a\u201d &#8226; Istituto Figlie di Maria Ausiliatrice","og_description":"Turim (It\u00e1lia). Com a s\u00edntese final dos trabalhos dos grupos regionais e a Celebra\u00e7\u00e3o Eucar\u00edstica na Bas\u00edlica de Maria Auxiliadora em Turim-Valdocco, presidida pelo Reitor-Mor dos Salesianos de Dom Bosco, [&hellip;]","og_url":"https:\/\/www.cgfmanet.org\/pt-pt\/ifma-pt-pt\/carisma-salesiano-pt\/fazer-tudo-por-amor-nada-por-forca\/","og_site_name":"Istituto Figlie di Maria Ausiliatrice","article_publisher":"https:\/\/www.facebook.com\/salesian.sisters.of.don.bosco\/","article_published_time":"2022-01-17T12:12:51+00:00","article_modified_time":"2022-01-22T14:46:33+00:00","og_image":[{"width":1181,"height":787,"url":"https:\/\/www.cgfmanet.org\/wp-content\/uploads\/2022\/01\/Conclusione-GSFS-2022.jpg","type":"image\/jpeg"}],"author":"Redazione","twitter_card":"summary_large_image","twitter_creator":"@Cgfmanet_Org","twitter_site":"@Cgfmanet_Org","twitter_misc":{"Escrito por":"Redazione","Tempo estimado de leitura":"4 minutos"},"schema":{"@context":"https:\/\/schema.org","@graph":[{"@type":"Article","@id":"https:\/\/www.cgfmanet.org\/pt-pt\/ifma-pt-pt\/carisma-salesiano-pt\/fazer-tudo-por-amor-nada-por-forca\/#article","isPartOf":{"@id":"https:\/\/www.cgfmanet.org\/pt-pt\/ifma-pt-pt\/carisma-salesiano-pt\/fazer-tudo-por-amor-nada-por-forca\/"},"author":{"name":"Redazione","@id":"https:\/\/www.cgfmanet.org\/es\/#\/schema\/person\/ce6473083f53ef0ef882cca23f0c8fb9"},"headline":"Fazer \u201ctudo por amor, nada por for\u00e7a\u201d","datePublished":"2022-01-17T12:12:51+00:00","dateModified":"2022-01-22T14:46:33+00:00","mainEntityOfPage":{"@id":"https:\/\/www.cgfmanet.org\/pt-pt\/ifma-pt-pt\/carisma-salesiano-pt\/fazer-tudo-por-amor-nada-por-forca\/"},"wordCount":832,"commentCount":0,"publisher":{"@id":"https:\/\/www.cgfmanet.org\/es\/#organization"},"image":{"@id":"https:\/\/www.cgfmanet.org\/pt-pt\/ifma-pt-pt\/carisma-salesiano-pt\/fazer-tudo-por-amor-nada-por-forca\/#primaryimage"},"thumbnailUrl":"https:\/\/www.cgfmanet.org\/wp-content\/uploads\/2022\/01\/Conclusione-GSFS-2022.jpg","keywords":["Jornada de Espiritualidade da Fam\u00edlia Salesiana","Estreia","Fam\u00edlia Salesiana","Focus"],"articleSection":["Carisma Salesiano","IFMA"],"inLanguage":"pt-PT","potentialAction":[{"@type":"CommentAction","name":"Comment","target":["https:\/\/www.cgfmanet.org\/pt-pt\/ifma-pt-pt\/carisma-salesiano-pt\/fazer-tudo-por-amor-nada-por-forca\/#respond"]}]},{"@type":"WebPage","@id":"https:\/\/www.cgfmanet.org\/pt-pt\/ifma-pt-pt\/carisma-salesiano-pt\/fazer-tudo-por-amor-nada-por-forca\/","url":"https:\/\/www.cgfmanet.org\/pt-pt\/ifma-pt-pt\/carisma-salesiano-pt\/fazer-tudo-por-amor-nada-por-forca\/","name":"Fazer \u201ctudo por amor, nada por for\u00e7a\u201d &#8226; Istituto Figlie di Maria Ausiliatrice","isPartOf":{"@id":"https:\/\/www.cgfmanet.org\/es\/#website"},"primaryImageOfPage":{"@id":"https:\/\/www.cgfmanet.org\/pt-pt\/ifma-pt-pt\/carisma-salesiano-pt\/fazer-tudo-por-amor-nada-por-forca\/#primaryimage"},"image":{"@id":"https:\/\/www.cgfmanet.org\/pt-pt\/ifma-pt-pt\/carisma-salesiano-pt\/fazer-tudo-por-amor-nada-por-forca\/#primaryimage"},"thumbnailUrl":"https:\/\/www.cgfmanet.org\/wp-content\/uploads\/2022\/01\/Conclusione-GSFS-2022.jpg","datePublished":"2022-01-17T12:12:51+00:00","dateModified":"2022-01-22T14:46:33+00:00","breadcrumb":{"@id":"https:\/\/www.cgfmanet.org\/pt-pt\/ifma-pt-pt\/carisma-salesiano-pt\/fazer-tudo-por-amor-nada-por-forca\/#breadcrumb"},"inLanguage":"pt-PT","potentialAction":[{"@type":"ReadAction","target":["https:\/\/www.cgfmanet.org\/pt-pt\/ifma-pt-pt\/carisma-salesiano-pt\/fazer-tudo-por-amor-nada-por-forca\/"]}]},{"@type":"ImageObject","inLanguage":"pt-PT","@id":"https:\/\/www.cgfmanet.org\/pt-pt\/ifma-pt-pt\/carisma-salesiano-pt\/fazer-tudo-por-amor-nada-por-forca\/#primaryimage","url":"https:\/\/www.cgfmanet.org\/wp-content\/uploads\/2022\/01\/Conclusione-GSFS-2022.jpg","contentUrl":"https:\/\/www.cgfmanet.org\/wp-content\/uploads\/2022\/01\/Conclusione-GSFS-2022.jpg","width":1181,"height":787},{"@type":"BreadcrumbList","@id":"https:\/\/www.cgfmanet.org\/pt-pt\/ifma-pt-pt\/carisma-salesiano-pt\/fazer-tudo-por-amor-nada-por-forca\/#breadcrumb","itemListElement":[{"@type":"ListItem","position":1,"name":"Home","item":"https:\/\/www.cgfmanet.org\/pt-pt\/"},{"@type":"ListItem","position":2,"name":"Fazer \u201ctudo por amor, nada por for\u00e7a\u201d"}]},{"@type":"WebSite","@id":"https:\/\/www.cgfmanet.org\/es\/#website","url":"https:\/\/www.cgfmanet.org\/es\/","name":"Istituto Figlie di Maria Ausiliatrice","description":"Salesiane di Don Bosco","publisher":{"@id":"https:\/\/www.cgfmanet.org\/es\/#organization"},"potentialAction":[{"@type":"SearchAction","target":{"@type":"EntryPoint","urlTemplate":"https:\/\/www.cgfmanet.org\/es\/?s={search_term_string}"},"query-input":{"@type":"PropertyValueSpecification","valueRequired":true,"valueName":"search_term_string"}}],"inLanguage":"pt-PT"},{"@type":"Organization","@id":"https:\/\/www.cgfmanet.org\/es\/#organization","name":"Istituto Figlie di Maria Ausiliatrice","url":"https:\/\/www.cgfmanet.org\/es\/","logo":{"@type":"ImageObject","inLanguage":"pt-PT","@id":"https:\/\/www.cgfmanet.org\/es\/#\/schema\/logo\/image\/","url":"https:\/\/www.cgfmanet.org\/wp-content\/uploads\/2018\/10\/logo-fma.png","contentUrl":"https:\/\/www.cgfmanet.org\/wp-content\/uploads\/2018\/10\/logo-fma.png","width":214,"height":55,"caption":"Istituto Figlie di Maria Ausiliatrice"},"image":{"@id":"https:\/\/www.cgfmanet.org\/es\/#\/schema\/logo\/image\/"},"sameAs":["https:\/\/www.facebook.com\/salesian.sisters.of.don.bosco\/","https:\/\/x.com\/Cgfmanet_Org","https:\/\/www.youtube.com\/channel\/UCmcr8yFQBV7JXeXVxyV9y5Q"]},{"@type":"Person","@id":"https:\/\/www.cgfmanet.org\/es\/#\/schema\/person\/ce6473083f53ef0ef882cca23f0c8fb9","name":"Redazione"}]}},"_links":{"self":[{"href":"https:\/\/www.cgfmanet.org\/pt-pt\/wp-json\/wp\/v2\/posts\/60151","targetHints":{"allow":["GET"]}}],"collection":[{"href":"https:\/\/www.cgfmanet.org\/pt-pt\/wp-json\/wp\/v2\/posts"}],"about":[{"href":"https:\/\/www.cgfmanet.org\/pt-pt\/wp-json\/wp\/v2\/types\/post"}],"author":[{"embeddable":true,"href":"https:\/\/www.cgfmanet.org\/pt-pt\/wp-json\/wp\/v2\/users\/21"}],"replies":[{"embeddable":true,"href":"https:\/\/www.cgfmanet.org\/pt-pt\/wp-json\/wp\/v2\/comments?post=60151"}],"version-history":[{"count":0,"href":"https:\/\/www.cgfmanet.org\/pt-pt\/wp-json\/wp\/v2\/posts\/60151\/revisions"}],"wp:featuredmedia":[{"embeddable":true,"href":"https:\/\/www.cgfmanet.org\/pt-pt\/wp-json\/wp\/v2\/media\/60146"}],"wp:attachment":[{"href":"https:\/\/www.cgfmanet.org\/pt-pt\/wp-json\/wp\/v2\/media?parent=60151"}],"wp:term":[{"taxonomy":"category","embeddable":true,"href":"https:\/\/www.cgfmanet.org\/pt-pt\/wp-json\/wp\/v2\/categories?post=60151"},{"taxonomy":"post_tag","embeddable":true,"href":"https:\/\/www.cgfmanet.org\/pt-pt\/wp-json\/wp\/v2\/tags?post=60151"}],"curies":[{"name":"wp","href":"https:\/\/api.w.org\/{rel}","templated":true}]}}