{"id":58366,"date":"2021-12-13T09:41:38","date_gmt":"2021-12-13T08:41:38","guid":{"rendered":"https:\/\/www.cgfmanet.org\/infosfera-pt-pt\/seminando-parole-scoprendo-autori\/"},"modified":"2021-12-15T08:50:11","modified_gmt":"2021-12-15T07:50:11","slug":"semeando-palavras-descobrindo-autores","status":"publish","type":"post","link":"https:\/\/www.cgfmanet.org\/pt-pt\/ifma-pt-pt\/semeando-palavras-descobrindo-autores\/","title":{"rendered":"Semeando palavras, descobrindo autores"},"content":{"rendered":"<p><strong>La Paz (Bol\u00edvia).<\/strong> <em>\u201cSemeando palavras, descobrindo autores\u201d<\/em> (Sembrando palabras, descubriendo autores), \u00e9 o t\u00edtulo do livro escrito por 81 crian\u00e7as entre 11 e 12 anos, alunos\/as da 6\u00aa turma da Escola Prim\u00e1ria<em> Maria Auxiliadora<\/em> de La Paz, dirigida pelas Filhas de Maria Auxiliadora da Inspetoria <em>N. S.\u00a0 da Paz<\/em> (BOL).<\/p>\n<p>A publica\u00e7\u00e3o \u00e9 o resultado das oficinas de escrita criativa realizadas na Escola, nas quais se destaca a paix\u00e3o pela leitura desenvolvida pelas crian\u00e7as, gra\u00e7as \u00e0 metodologia e ao ensino do professor de Letras Rodolfo Trive\u00f1o, que as ajudou a fazer emergir o pr\u00f3prio talento.<\/p>\n<p>Trata-se de um resultado significativo para as turmas que, apesar do tempo de pandemia, deixaram-se envolver neste sonho e desafio, conseguindo, com as capacidades de cada um\/a, criar hist\u00f3rias e poesias escritas por eles, at\u00e9 se tornarem <strong>autores reconhecidos pelo SENAPI ( Servi\u00e7o Nacional de Propriedade Intelectual).<\/strong><\/p>\n<p><strong>No dia 3 de dezembro de 2021<\/strong>, o grupo viveu uma tarde de festa na Escola &#8211; com a presen\u00e7a dos professores, das fam\u00edlias, das FMA &#8211; em que o Diretor de Direitos Autorais e dos Direitos Relativos do SENAPI, Dr. Carlos Alberto Soruco Arroyo, concedeu os reconhecimentos \u00e0 Diretora da Comunidade das FMA Beatriz Loyalza, ao mestre Rodolfo Trive\u00f1o e o certificado com uma c\u00f3pia da obra a cada aluno\/a.<\/p>\n<p>Os Jovens escritores come\u00e7aram a escrever poesias e contos a partir da sua realidade quotidiana e, com criatividade e imagina\u00e7\u00e3o, deram forma \u00e0s pr\u00f3prias ideias, palavra ap\u00f3s palavra, descobrindo-se autores. Esse pequeno in\u00edcio, que levou a um \u00f3timo resultado, abre caminho a possibilidades maiores, gra\u00e7as \u00e0 autoconfian\u00e7a adquirida.<\/p>\n<p>O livro \u00e9 variado nos argumentos, suscita emo\u00e7\u00f5es e faz sorrir. Apresenta oito categorias, cada uma com uma frase-slogan, um incentivo a recolher os desafios da vida, a redescobrir a capacidade de observar, de se maravilhar com as coisas bonitas ao seu redor, que muitas vezes n\u00e3o se notam por causa da <em>rotina<\/em> quotidiana.<\/p>\n<p>A Escola <em>Maria Auxiliadora <\/em>promove h\u00e1 v\u00e1rios anos o amor pela leitura, atrav\u00e9s de oficinas como esta, que introduzem a uma nova etapa da vida escolar, em que se conduzem os alunos a cultivar um pensamento pr\u00f3prio, despertando neles o desejo de melhorar o pr\u00f3prio vocabul\u00e1rio e de aprender palavras e significados novos.<\/p>\n<p>O tempo de pandemia levou a esta experi\u00eancia in\u00e9dita e confortadora, que soube dar um toque de magia, como s\u00f3 as crian\u00e7as sabem fazer, ressignificando a realidade e tornando a ordem normal extraordin\u00e1ria.<\/p>\n","protected":false},"excerpt":{"rendered":"<p>La Paz (Bol\u00edvia). \u201cSemeando palavras, descobrindo autores\u201d (Sembrando palabras, descubriendo autores), \u00e9 o t\u00edtulo do livro escrito por 81 crian\u00e7as entre 11 e 12 anos, alunos\/as da 6\u00aa turma da [&hellip;]<\/p>\n","protected":false},"author":21,"featured_media":58361,"comment_status":"open","ping_status":"closed","sticky":false,"template":"","format":"standard","meta":{"footnotes":""},"categories":[159,178],"tags":[984,1456,1930,2187],"class_list":["post-58366","post","type-post","status-publish","format-standard","has-post-thumbnail","category-ifma-pt-pt","category-educacao","tag-bol-pt-pt","tag-escola","tag-focus-pt-pt","tag-fma-pt-pt"],"yoast_head":"<!-- This site is optimized with the Yoast SEO plugin v27.4 - https:\/\/yoast.com\/product\/yoast-seo-wordpress\/ -->\n<title>Semeando palavras, descobrindo autores &#8226; Istituto Figlie di Maria Ausiliatrice<\/title>\n<meta name=\"robots\" content=\"index, follow, max-snippet:-1, max-image-preview:large, max-video-preview:-1\" \/>\n<link rel=\"canonical\" href=\"https:\/\/www.cgfmanet.org\/pt-pt\/ifma-pt-pt\/semeando-palavras-descobrindo-autores\/\" \/>\n<meta property=\"og:locale\" content=\"pt_PT\" \/>\n<meta property=\"og:type\" content=\"article\" \/>\n<meta property=\"og:title\" content=\"Semeando palavras, descobrindo autores &#8226; Istituto Figlie di Maria Ausiliatrice\" \/>\n<meta property=\"og:description\" content=\"La Paz (Bol\u00edvia). \u201cSemeando palavras, descobrindo autores\u201d (Sembrando palabras, descubriendo autores), \u00e9 o t\u00edtulo do livro escrito por 81 crian\u00e7as entre 11 e 12 anos, alunos\/as da 6\u00aa turma da [&hellip;]\" \/>\n<meta property=\"og:url\" content=\"https:\/\/www.cgfmanet.org\/pt-pt\/ifma-pt-pt\/semeando-palavras-descobrindo-autores\/\" \/>\n<meta property=\"og:site_name\" content=\"Istituto Figlie di Maria Ausiliatrice\" \/>\n<meta property=\"article:publisher\" content=\"https:\/\/www.facebook.com\/salesian.sisters.of.don.bosco\/\" \/>\n<meta property=\"article:published_time\" content=\"2021-12-13T08:41:38+00:00\" \/>\n<meta property=\"article:modified_time\" content=\"2021-12-15T07:50:11+00:00\" \/>\n<meta property=\"og:image\" content=\"https:\/\/www.cgfmanet.org\/wp-content\/uploads\/2021\/12\/Libro-bambini-BOL.jpg\" \/>\n\t<meta property=\"og:image:width\" content=\"1181\" \/>\n\t<meta property=\"og:image:height\" content=\"787\" \/>\n\t<meta property=\"og:image:type\" content=\"image\/jpeg\" \/>\n<meta name=\"author\" content=\"Redazione\" \/>\n<meta name=\"twitter:card\" content=\"summary_large_image\" \/>\n<meta name=\"twitter:creator\" content=\"@Cgfmanet_Org\" \/>\n<meta name=\"twitter:site\" content=\"@Cgfmanet_Org\" \/>\n<meta name=\"twitter:label1\" content=\"Escrito por\" \/>\n\t<meta name=\"twitter:data1\" content=\"Redazione\" \/>\n\t<meta name=\"twitter:label2\" content=\"Tempo estimado de leitura\" \/>\n\t<meta name=\"twitter:data2\" content=\"2 minutos\" \/>\n<script type=\"application\/ld+json\" class=\"yoast-schema-graph\">{\"@context\":\"https:\\\/\\\/schema.org\",\"@graph\":[{\"@type\":\"Article\",\"@id\":\"https:\\\/\\\/www.cgfmanet.org\\\/pt-pt\\\/ifma-pt-pt\\\/semeando-palavras-descobrindo-autores\\\/#article\",\"isPartOf\":{\"@id\":\"https:\\\/\\\/www.cgfmanet.org\\\/pt-pt\\\/ifma-pt-pt\\\/semeando-palavras-descobrindo-autores\\\/\"},\"author\":{\"name\":\"Redazione\",\"@id\":\"https:\\\/\\\/www.cgfmanet.org\\\/es\\\/#\\\/schema\\\/person\\\/ce6473083f53ef0ef882cca23f0c8fb9\"},\"headline\":\"Semeando palavras, descobrindo autores\",\"datePublished\":\"2021-12-13T08:41:38+00:00\",\"dateModified\":\"2021-12-15T07:50:11+00:00\",\"mainEntityOfPage\":{\"@id\":\"https:\\\/\\\/www.cgfmanet.org\\\/pt-pt\\\/ifma-pt-pt\\\/semeando-palavras-descobrindo-autores\\\/\"},\"wordCount\":429,\"commentCount\":0,\"publisher\":{\"@id\":\"https:\\\/\\\/www.cgfmanet.org\\\/es\\\/#organization\"},\"image\":{\"@id\":\"https:\\\/\\\/www.cgfmanet.org\\\/pt-pt\\\/ifma-pt-pt\\\/semeando-palavras-descobrindo-autores\\\/#primaryimage\"},\"thumbnailUrl\":\"https:\\\/\\\/www.cgfmanet.org\\\/wp-content\\\/uploads\\\/2021\\\/12\\\/Libro-bambini-BOL.jpg\",\"keywords\":[\"BOL\",\"Escola\",\"Focus\",\"FMA\"],\"articleSection\":[\"IFMA\",\"Educa\u00e7\u00e3o\"],\"inLanguage\":\"pt-PT\",\"potentialAction\":[{\"@type\":\"CommentAction\",\"name\":\"Comment\",\"target\":[\"https:\\\/\\\/www.cgfmanet.org\\\/pt-pt\\\/ifma-pt-pt\\\/semeando-palavras-descobrindo-autores\\\/#respond\"]}]},{\"@type\":\"WebPage\",\"@id\":\"https:\\\/\\\/www.cgfmanet.org\\\/pt-pt\\\/ifma-pt-pt\\\/semeando-palavras-descobrindo-autores\\\/\",\"url\":\"https:\\\/\\\/www.cgfmanet.org\\\/pt-pt\\\/ifma-pt-pt\\\/semeando-palavras-descobrindo-autores\\\/\",\"name\":\"Semeando palavras, descobrindo autores &#8226; Istituto Figlie di Maria Ausiliatrice\",\"isPartOf\":{\"@id\":\"https:\\\/\\\/www.cgfmanet.org\\\/es\\\/#website\"},\"primaryImageOfPage\":{\"@id\":\"https:\\\/\\\/www.cgfmanet.org\\\/pt-pt\\\/ifma-pt-pt\\\/semeando-palavras-descobrindo-autores\\\/#primaryimage\"},\"image\":{\"@id\":\"https:\\\/\\\/www.cgfmanet.org\\\/pt-pt\\\/ifma-pt-pt\\\/semeando-palavras-descobrindo-autores\\\/#primaryimage\"},\"thumbnailUrl\":\"https:\\\/\\\/www.cgfmanet.org\\\/wp-content\\\/uploads\\\/2021\\\/12\\\/Libro-bambini-BOL.jpg\",\"datePublished\":\"2021-12-13T08:41:38+00:00\",\"dateModified\":\"2021-12-15T07:50:11+00:00\",\"breadcrumb\":{\"@id\":\"https:\\\/\\\/www.cgfmanet.org\\\/pt-pt\\\/ifma-pt-pt\\\/semeando-palavras-descobrindo-autores\\\/#breadcrumb\"},\"inLanguage\":\"pt-PT\",\"potentialAction\":[{\"@type\":\"ReadAction\",\"target\":[\"https:\\\/\\\/www.cgfmanet.org\\\/pt-pt\\\/ifma-pt-pt\\\/semeando-palavras-descobrindo-autores\\\/\"]}]},{\"@type\":\"ImageObject\",\"inLanguage\":\"pt-PT\",\"@id\":\"https:\\\/\\\/www.cgfmanet.org\\\/pt-pt\\\/ifma-pt-pt\\\/semeando-palavras-descobrindo-autores\\\/#primaryimage\",\"url\":\"https:\\\/\\\/www.cgfmanet.org\\\/wp-content\\\/uploads\\\/2021\\\/12\\\/Libro-bambini-BOL.jpg\",\"contentUrl\":\"https:\\\/\\\/www.cgfmanet.org\\\/wp-content\\\/uploads\\\/2021\\\/12\\\/Libro-bambini-BOL.jpg\",\"width\":1181,\"height\":787},{\"@type\":\"BreadcrumbList\",\"@id\":\"https:\\\/\\\/www.cgfmanet.org\\\/pt-pt\\\/ifma-pt-pt\\\/semeando-palavras-descobrindo-autores\\\/#breadcrumb\",\"itemListElement\":[{\"@type\":\"ListItem\",\"position\":1,\"name\":\"Home\",\"item\":\"https:\\\/\\\/www.cgfmanet.org\\\/pt-pt\\\/\"},{\"@type\":\"ListItem\",\"position\":2,\"name\":\"Semeando palavras, descobrindo autores\"}]},{\"@type\":\"WebSite\",\"@id\":\"https:\\\/\\\/www.cgfmanet.org\\\/es\\\/#website\",\"url\":\"https:\\\/\\\/www.cgfmanet.org\\\/es\\\/\",\"name\":\"Istituto Figlie di Maria Ausiliatrice\",\"description\":\"Salesiane di Don Bosco\",\"publisher\":{\"@id\":\"https:\\\/\\\/www.cgfmanet.org\\\/es\\\/#organization\"},\"potentialAction\":[{\"@type\":\"SearchAction\",\"target\":{\"@type\":\"EntryPoint\",\"urlTemplate\":\"https:\\\/\\\/www.cgfmanet.org\\\/es\\\/?s={search_term_string}\"},\"query-input\":{\"@type\":\"PropertyValueSpecification\",\"valueRequired\":true,\"valueName\":\"search_term_string\"}}],\"inLanguage\":\"pt-PT\"},{\"@type\":\"Organization\",\"@id\":\"https:\\\/\\\/www.cgfmanet.org\\\/es\\\/#organization\",\"name\":\"Istituto Figlie di Maria Ausiliatrice\",\"url\":\"https:\\\/\\\/www.cgfmanet.org\\\/es\\\/\",\"logo\":{\"@type\":\"ImageObject\",\"inLanguage\":\"pt-PT\",\"@id\":\"https:\\\/\\\/www.cgfmanet.org\\\/es\\\/#\\\/schema\\\/logo\\\/image\\\/\",\"url\":\"https:\\\/\\\/www.cgfmanet.org\\\/wp-content\\\/uploads\\\/2018\\\/10\\\/logo-fma.png\",\"contentUrl\":\"https:\\\/\\\/www.cgfmanet.org\\\/wp-content\\\/uploads\\\/2018\\\/10\\\/logo-fma.png\",\"width\":214,\"height\":55,\"caption\":\"Istituto Figlie di Maria Ausiliatrice\"},\"image\":{\"@id\":\"https:\\\/\\\/www.cgfmanet.org\\\/es\\\/#\\\/schema\\\/logo\\\/image\\\/\"},\"sameAs\":[\"https:\\\/\\\/www.facebook.com\\\/salesian.sisters.of.don.bosco\\\/\",\"https:\\\/\\\/x.com\\\/Cgfmanet_Org\",\"https:\\\/\\\/www.youtube.com\\\/channel\\\/UCmcr8yFQBV7JXeXVxyV9y5Q\"]},{\"@type\":\"Person\",\"@id\":\"https:\\\/\\\/www.cgfmanet.org\\\/es\\\/#\\\/schema\\\/person\\\/ce6473083f53ef0ef882cca23f0c8fb9\",\"name\":\"Redazione\"}]}<\/script>\n<!-- \/ Yoast SEO plugin. -->","yoast_head_json":{"title":"Semeando palavras, descobrindo autores &#8226; Istituto Figlie di Maria Ausiliatrice","robots":{"index":"index","follow":"follow","max-snippet":"max-snippet:-1","max-image-preview":"max-image-preview:large","max-video-preview":"max-video-preview:-1"},"canonical":"https:\/\/www.cgfmanet.org\/pt-pt\/ifma-pt-pt\/semeando-palavras-descobrindo-autores\/","og_locale":"pt_PT","og_type":"article","og_title":"Semeando palavras, descobrindo autores &#8226; Istituto Figlie di Maria Ausiliatrice","og_description":"La Paz (Bol\u00edvia). \u201cSemeando palavras, descobrindo autores\u201d (Sembrando palabras, descubriendo autores), \u00e9 o t\u00edtulo do livro escrito por 81 crian\u00e7as entre 11 e 12 anos, alunos\/as da 6\u00aa turma da [&hellip;]","og_url":"https:\/\/www.cgfmanet.org\/pt-pt\/ifma-pt-pt\/semeando-palavras-descobrindo-autores\/","og_site_name":"Istituto Figlie di Maria Ausiliatrice","article_publisher":"https:\/\/www.facebook.com\/salesian.sisters.of.don.bosco\/","article_published_time":"2021-12-13T08:41:38+00:00","article_modified_time":"2021-12-15T07:50:11+00:00","og_image":[{"width":1181,"height":787,"url":"https:\/\/www.cgfmanet.org\/wp-content\/uploads\/2021\/12\/Libro-bambini-BOL.jpg","type":"image\/jpeg"}],"author":"Redazione","twitter_card":"summary_large_image","twitter_creator":"@Cgfmanet_Org","twitter_site":"@Cgfmanet_Org","twitter_misc":{"Escrito por":"Redazione","Tempo estimado de leitura":"2 minutos"},"schema":{"@context":"https:\/\/schema.org","@graph":[{"@type":"Article","@id":"https:\/\/www.cgfmanet.org\/pt-pt\/ifma-pt-pt\/semeando-palavras-descobrindo-autores\/#article","isPartOf":{"@id":"https:\/\/www.cgfmanet.org\/pt-pt\/ifma-pt-pt\/semeando-palavras-descobrindo-autores\/"},"author":{"name":"Redazione","@id":"https:\/\/www.cgfmanet.org\/es\/#\/schema\/person\/ce6473083f53ef0ef882cca23f0c8fb9"},"headline":"Semeando palavras, descobrindo autores","datePublished":"2021-12-13T08:41:38+00:00","dateModified":"2021-12-15T07:50:11+00:00","mainEntityOfPage":{"@id":"https:\/\/www.cgfmanet.org\/pt-pt\/ifma-pt-pt\/semeando-palavras-descobrindo-autores\/"},"wordCount":429,"commentCount":0,"publisher":{"@id":"https:\/\/www.cgfmanet.org\/es\/#organization"},"image":{"@id":"https:\/\/www.cgfmanet.org\/pt-pt\/ifma-pt-pt\/semeando-palavras-descobrindo-autores\/#primaryimage"},"thumbnailUrl":"https:\/\/www.cgfmanet.org\/wp-content\/uploads\/2021\/12\/Libro-bambini-BOL.jpg","keywords":["BOL","Escola","Focus","FMA"],"articleSection":["IFMA","Educa\u00e7\u00e3o"],"inLanguage":"pt-PT","potentialAction":[{"@type":"CommentAction","name":"Comment","target":["https:\/\/www.cgfmanet.org\/pt-pt\/ifma-pt-pt\/semeando-palavras-descobrindo-autores\/#respond"]}]},{"@type":"WebPage","@id":"https:\/\/www.cgfmanet.org\/pt-pt\/ifma-pt-pt\/semeando-palavras-descobrindo-autores\/","url":"https:\/\/www.cgfmanet.org\/pt-pt\/ifma-pt-pt\/semeando-palavras-descobrindo-autores\/","name":"Semeando palavras, descobrindo autores &#8226; Istituto Figlie di Maria Ausiliatrice","isPartOf":{"@id":"https:\/\/www.cgfmanet.org\/es\/#website"},"primaryImageOfPage":{"@id":"https:\/\/www.cgfmanet.org\/pt-pt\/ifma-pt-pt\/semeando-palavras-descobrindo-autores\/#primaryimage"},"image":{"@id":"https:\/\/www.cgfmanet.org\/pt-pt\/ifma-pt-pt\/semeando-palavras-descobrindo-autores\/#primaryimage"},"thumbnailUrl":"https:\/\/www.cgfmanet.org\/wp-content\/uploads\/2021\/12\/Libro-bambini-BOL.jpg","datePublished":"2021-12-13T08:41:38+00:00","dateModified":"2021-12-15T07:50:11+00:00","breadcrumb":{"@id":"https:\/\/www.cgfmanet.org\/pt-pt\/ifma-pt-pt\/semeando-palavras-descobrindo-autores\/#breadcrumb"},"inLanguage":"pt-PT","potentialAction":[{"@type":"ReadAction","target":["https:\/\/www.cgfmanet.org\/pt-pt\/ifma-pt-pt\/semeando-palavras-descobrindo-autores\/"]}]},{"@type":"ImageObject","inLanguage":"pt-PT","@id":"https:\/\/www.cgfmanet.org\/pt-pt\/ifma-pt-pt\/semeando-palavras-descobrindo-autores\/#primaryimage","url":"https:\/\/www.cgfmanet.org\/wp-content\/uploads\/2021\/12\/Libro-bambini-BOL.jpg","contentUrl":"https:\/\/www.cgfmanet.org\/wp-content\/uploads\/2021\/12\/Libro-bambini-BOL.jpg","width":1181,"height":787},{"@type":"BreadcrumbList","@id":"https:\/\/www.cgfmanet.org\/pt-pt\/ifma-pt-pt\/semeando-palavras-descobrindo-autores\/#breadcrumb","itemListElement":[{"@type":"ListItem","position":1,"name":"Home","item":"https:\/\/www.cgfmanet.org\/pt-pt\/"},{"@type":"ListItem","position":2,"name":"Semeando palavras, descobrindo autores"}]},{"@type":"WebSite","@id":"https:\/\/www.cgfmanet.org\/es\/#website","url":"https:\/\/www.cgfmanet.org\/es\/","name":"Istituto Figlie di Maria Ausiliatrice","description":"Salesiane di Don Bosco","publisher":{"@id":"https:\/\/www.cgfmanet.org\/es\/#organization"},"potentialAction":[{"@type":"SearchAction","target":{"@type":"EntryPoint","urlTemplate":"https:\/\/www.cgfmanet.org\/es\/?s={search_term_string}"},"query-input":{"@type":"PropertyValueSpecification","valueRequired":true,"valueName":"search_term_string"}}],"inLanguage":"pt-PT"},{"@type":"Organization","@id":"https:\/\/www.cgfmanet.org\/es\/#organization","name":"Istituto Figlie di Maria Ausiliatrice","url":"https:\/\/www.cgfmanet.org\/es\/","logo":{"@type":"ImageObject","inLanguage":"pt-PT","@id":"https:\/\/www.cgfmanet.org\/es\/#\/schema\/logo\/image\/","url":"https:\/\/www.cgfmanet.org\/wp-content\/uploads\/2018\/10\/logo-fma.png","contentUrl":"https:\/\/www.cgfmanet.org\/wp-content\/uploads\/2018\/10\/logo-fma.png","width":214,"height":55,"caption":"Istituto Figlie di Maria Ausiliatrice"},"image":{"@id":"https:\/\/www.cgfmanet.org\/es\/#\/schema\/logo\/image\/"},"sameAs":["https:\/\/www.facebook.com\/salesian.sisters.of.don.bosco\/","https:\/\/x.com\/Cgfmanet_Org","https:\/\/www.youtube.com\/channel\/UCmcr8yFQBV7JXeXVxyV9y5Q"]},{"@type":"Person","@id":"https:\/\/www.cgfmanet.org\/es\/#\/schema\/person\/ce6473083f53ef0ef882cca23f0c8fb9","name":"Redazione"}]}},"_links":{"self":[{"href":"https:\/\/www.cgfmanet.org\/pt-pt\/wp-json\/wp\/v2\/posts\/58366","targetHints":{"allow":["GET"]}}],"collection":[{"href":"https:\/\/www.cgfmanet.org\/pt-pt\/wp-json\/wp\/v2\/posts"}],"about":[{"href":"https:\/\/www.cgfmanet.org\/pt-pt\/wp-json\/wp\/v2\/types\/post"}],"author":[{"embeddable":true,"href":"https:\/\/www.cgfmanet.org\/pt-pt\/wp-json\/wp\/v2\/users\/21"}],"replies":[{"embeddable":true,"href":"https:\/\/www.cgfmanet.org\/pt-pt\/wp-json\/wp\/v2\/comments?post=58366"}],"version-history":[{"count":0,"href":"https:\/\/www.cgfmanet.org\/pt-pt\/wp-json\/wp\/v2\/posts\/58366\/revisions"}],"wp:featuredmedia":[{"embeddable":true,"href":"https:\/\/www.cgfmanet.org\/pt-pt\/wp-json\/wp\/v2\/media\/58361"}],"wp:attachment":[{"href":"https:\/\/www.cgfmanet.org\/pt-pt\/wp-json\/wp\/v2\/media?parent=58366"}],"wp:term":[{"taxonomy":"category","embeddable":true,"href":"https:\/\/www.cgfmanet.org\/pt-pt\/wp-json\/wp\/v2\/categories?post=58366"},{"taxonomy":"post_tag","embeddable":true,"href":"https:\/\/www.cgfmanet.org\/pt-pt\/wp-json\/wp\/v2\/tags?post=58366"}],"curies":[{"name":"wp","href":"https:\/\/api.w.org\/{rel}","templated":true}]}}