{"id":47813,"date":"2021-06-23T22:28:14","date_gmt":"2021-06-23T20:28:14","guid":{"rendered":"https:\/\/www.cgfmanet.org\/infosfera-pt-pt\/con-il-cuore-del-buon-samaritano-in-un-mondo-ferito-circolare-n-1010\/"},"modified":"2021-06-24T09:49:16","modified_gmt":"2021-06-24T07:49:16","slug":"com-o-coracao-do-bom-samaritano-num-mundo-ferido-circular-no-1010","status":"publish","type":"post","link":"https:\/\/www.cgfmanet.org\/pt-pt\/ifma-pt-pt\/com-o-coracao-do-bom-samaritano-num-mundo-ferido-circular-no-1010\/","title":{"rendered":"Com o Cora\u00e7\u00e3o do Bom Samaritano num mundo ferido &#8211; Circular n\u00ba 1010"},"content":{"rendered":"<p><strong>Roma, (It\u00e1lia).<\/strong>\u00a0 A Madre Geral do Instituto das Filhas de Maria Auxiliadora, Irm\u00e3 Yvonne Reungoat, na Circular n\u00ba 1010, compartilha, em continuidade ao caminho empreendido, algumas reflex\u00f5es sobre fraternidade, em resposta ao apelo do Papa Francisco que, na Enc\u00edclica <em>Fratelli tutti, Sobre a fraternidade e a amizade social<\/em>, convida a sonhar<em> \u201ccomo uma \u00fanica humanidade, como viajantes feitos da mesma carne humana, como filhos desta mesma terra que hospeda a todos n\u00f3s, cada um com a riqueza da sua f\u00e9 ou das suas convic\u00e7\u00f5es, cada um com a pr\u00f3pria voz, todos irm\u00e3os!\u201d (FT 8).<\/em>\u00a0 A realidade &#8211; diz a Madre &#8211; \u00e9 tecida com um sonho, o da unidade, e \u00e9 preciso ter a coragem de liber\u00e1-lo.\u00a0 Este \u00e9 o tempo favor\u00e1vel para realiz\u00e1-lo <em>juntas<\/em>.<\/p>\n<p>A Carta Circular para as comunidades \u00e9 como <em>\u201cuma luz, uma orienta\u00e7\u00e3o respeitosa e discreta para enfrentar o presente com esperan\u00e7a e elaborar projetos para o futuro na fidelidade ao carisma\u201d,<\/em> \u00e0s solicita\u00e7\u00f5es da Igreja e da sociedade.<\/p>\n<p>A Madre se det\u00e9m, em particular, na figura do bom Samaritano, apresentada no 2\u00b0 cap\u00edtulo da Enc\u00edclica: A atualidade e a grandeza do bom Samaritano, que p\u00e1ra a fim de ajudar ao irm\u00e3o ferido, deixando de lado seus programas e interesses para fazer-se pr\u00f3ximo, reside no amor misericordioso do Pai, que <em>&#8220;sabe de compaix\u00e3o e dignidade&#8221;<\/em> e ensina a n\u00e3o virar as costas \u00e0 dor.<\/p>\n<p><em>&#8220;Nas nossas escolhas quotidianas, nas pequenas ou grandes situa\u00e7\u00f5es que tecem os nossos dias, n\u00e3o queremos ser pessoas que viram para o outro lado e apressam o passo sem parar, mas mulheres habitadas pelo Evangelho, conscientes de que ningu\u00e9m deve ficar \u00e0s &#8216;margens da vida&#8217; porque todos somos irm\u00e3os e irm\u00e3s\u201d.\u00a0 <\/em><\/p>\n<p>\u201dA Madre convida a abrir-se a uma dimens\u00e3o universal do amor, deixando-se tocar pela dor do outro, abrindo-se a todos sem preconceitos, com a disponibilidade para \u2018ajoelhar-se\u2019 para curar as feridas dos outros, carregando nos ombros quem sofre.\u00a0 \u00c9 este o desafio que pede uma real mudan\u00e7a de mentalidade e para viver a radicalidade dos valores do Evangelho.<\/p>\n<p><em>\u00abComo fazer-nos irm\u00e3s e irm\u00e3os a servi\u00e7o da fraternidade num mundo ferido\u00bb<\/em> \u00e9 a reflex\u00e3o feita \u00e0 luz da Enc\u00edclica Fratelli tutti, na primeira Assembleia conjunta da Uni\u00e3o Internacional das Superioras Gerais &#8211; UISG e da Uni\u00e3o dos Superiores Gerais \u2013 USG, realizada de 26 a 28 de maio de 2021, que interpela a vida consagrada feminina e masculina sobre como <em>&#8220;continuar a promover juntos a fraternidade e a amizade social nas diversas realidades em n\u00edvel mundial\u201d. <\/em><\/p>\n<p>O tema da fraternidade universal &#8211; observa a Madre &#8211; est\u00e1 em sintonia com os princ\u00edpios do carisma salesiano e exige entrar com coragem e empreendimento apost\u00f3lico na perspectiva de <em>\u00abconstruir comunidades atentas a cuidar de quem est\u00e1 \u2018por terra\u2019, ferido e necessitado de com-paix\u00e3o\u00bb.<\/em>\u00a0 O termo <em>fraternidade<\/em> pode ser traduzido como esp\u00edrito de fam\u00edlia, valor essencial do carisma salesiano e das Constitui\u00e7\u00f5es, o Projeto de Vida das FMA, e \u00e9 significativo confront\u00e1-lo com alguns aspectos da Enc\u00edclica que, <em>\u00abem plena sintonia, ajudam a ser irm\u00e3os e irm\u00e3s na contemporaneidade com todos os seus desafios e esperan\u00e7as\u201d.<\/em><\/p>\n<p>A Madre encoraja a <em>\u201cfazer resplandecer a solidariedade na miss\u00e3o educativa\u201d,<\/em> unindo-se em sinergia com aqueles que se dedicam ao bem das crian\u00e7as, dos jovens e das fam\u00edlias, provados pela pandemia, para suavizar, entre as muitas feridas, <em>&#8220;a ferida da pobreza educativa&#8221;.\u00a0 \u00c9 nesta realidade que devemos apostar na educa\u00e7\u00e3o.\u00a0 Sentir-nos samaritanos com o fogo do \u2018da mihi animas\u2019 no cora\u00e7\u00e3o, prontos para ser co-criadores de um futuro novo&#8221;.<\/em><\/p>\n<p>A partir do Pacto Global pela Educa\u00e7\u00e3o, anunciado pelo Papa Francisco na <a href=\"https:\/\/www.vatican.va\/content\/francesco\/pt\/messages\/pont-messages\/2019\/documents\/papa-francesco_20190912_messaggio-patto-educativo.html\" target=\"_blank\" rel=\"noopener\"><strong><u>Mensagem<\/u><\/strong><\/a> de 12 de setembro de 2019, lembra algumas passagens importantes, &#8220;pilares\u201d da educa\u00e7\u00e3o, necess\u00e1rios para construir <em>a aldeia da educa\u00e7\u00e3o <\/em>hoje: <em>Partir da pessoa<\/em>, como resposta \u00e0 mudan\u00e7a antropol\u00f3gica atual; <em>Investir as melhores energias com criatividade, responsabilidade e alegria<\/em>, sendo educativo o Instituto das FMA; <em>Formar pessoas dispon\u00edveis para colocarem-se a servi\u00e7o da comunidade<\/em> com compet\u00eancia e dedica\u00e7\u00e3o, para que cada jovem desenvolva o m\u00e1ximo de suas potencialidades e as expresse na liberdade e responsabilidade.<\/p>\n<p><em>S\u00e3o reflex\u00f5es ditadas por um cora\u00e7\u00e3o que vos ama, que ama a miss\u00e3o, que s\u00f3 deseja a salva\u00e7\u00e3o das\/dos jovens, que v\u00ea neles o presente e o futuro da Igreja e da sociedade &#8211; expressa Madre Yvonne Reungoat.\u00a0 \u201cO Instituto tem confian\u00e7a em todas v\u00f3s e em cada uma em particular (&#8230;) para dar fecundidade e visibilidade ao carisma , dom na Igreja, \u00e0s\/aos jovens\u00a0 do mundo inteiro&#8221;. <\/em><\/p>\n<p><a href=\"https:\/\/drive.google.com\/file\/d\/1Vh1_5v4kmI953GkNZ46g8ClN--oPNOAH\/view?usp=sharing\" target=\"_blank\" rel=\"noopener\"><strong><u>Circular n\u00b0 1010 <\/u><\/strong><\/a><\/p>\n","protected":false},"excerpt":{"rendered":"<p>A Madre Geral do Instituto das FMA, Irm\u00e3 Yvonne Reungoat, compartilha algumas reflex\u00f5es sobre fraternidade, a partir da Enc\u00edclica do Papa Francisco &#8220;Fratelli tutti&#8221;.  <\/p>\n","protected":false},"author":21,"featured_media":47808,"comment_status":"open","ping_status":"closed","sticky":false,"template":"","format":"standard","meta":{"footnotes":""},"categories":[166,159],"tags":[370,374,1930,2237,2282],"class_list":["post-47813","post","type-post","status-publish","format-standard","has-post-thumbnail","category-carisma-salesiano-pt","category-ifma-pt-pt","tag-madre-geral","tag-madre-yvonne-reungoat-pt","tag-focus-pt-pt","tag-circolare-pt-pt","tag-ifma-pt-pt"],"yoast_head":"<!-- This site is optimized with the Yoast SEO plugin v27.4 - https:\/\/yoast.com\/product\/yoast-seo-wordpress\/ -->\n<title>Com o Cora\u00e7\u00e3o do Bom Samaritano num mundo ferido - Circular n\u00ba 1010 &#8226; Istituto Figlie di Maria Ausiliatrice<\/title>\n<meta name=\"description\" content=\"A Madre Geral do Instituto das FMA, Irm\u00e3 Yvonne Reungoat, compartilha algumas reflex\u00f5es sobre fraternidade, a partir da Enc\u00edclica do Papa Francisco &quot;Fratelli tutti&quot;.\" \/>\n<meta name=\"robots\" content=\"index, follow, max-snippet:-1, max-image-preview:large, max-video-preview:-1\" \/>\n<link rel=\"canonical\" href=\"https:\/\/www.cgfmanet.org\/pt-pt\/ifma-pt-pt\/com-o-coracao-do-bom-samaritano-num-mundo-ferido-circular-no-1010\/\" \/>\n<meta property=\"og:locale\" content=\"pt_PT\" \/>\n<meta property=\"og:type\" content=\"article\" \/>\n<meta property=\"og:title\" content=\"Com o Cora\u00e7\u00e3o do Bom Samaritano num mundo ferido - Circular n\u00ba 1010 &#8226; Istituto Figlie di Maria Ausiliatrice\" \/>\n<meta property=\"og:description\" content=\"A Madre Geral do Instituto das FMA, Irm\u00e3 Yvonne Reungoat, compartilha algumas reflex\u00f5es sobre fraternidade, a partir da Enc\u00edclica do Papa Francisco &quot;Fratelli tutti&quot;.\" \/>\n<meta property=\"og:url\" content=\"https:\/\/www.cgfmanet.org\/pt-pt\/ifma-pt-pt\/com-o-coracao-do-bom-samaritano-num-mundo-ferido-circular-no-1010\/\" \/>\n<meta property=\"og:site_name\" content=\"Istituto Figlie di Maria Ausiliatrice\" \/>\n<meta property=\"article:publisher\" content=\"https:\/\/www.facebook.com\/salesian.sisters.of.don.bosco\/\" \/>\n<meta property=\"article:published_time\" content=\"2021-06-23T20:28:14+00:00\" \/>\n<meta property=\"article:modified_time\" content=\"2021-06-24T07:49:16+00:00\" \/>\n<meta property=\"og:image\" content=\"https:\/\/www.cgfmanet.org\/wp-content\/uploads\/2021\/06\/Circolare-1010.jpg\" \/>\n\t<meta property=\"og:image:width\" content=\"1182\" \/>\n\t<meta property=\"og:image:height\" content=\"788\" \/>\n\t<meta property=\"og:image:type\" content=\"image\/jpeg\" \/>\n<meta name=\"author\" content=\"Redazione\" \/>\n<meta name=\"twitter:card\" content=\"summary_large_image\" \/>\n<meta name=\"twitter:creator\" content=\"@Cgfmanet_Org\" \/>\n<meta name=\"twitter:site\" content=\"@Cgfmanet_Org\" \/>\n<meta name=\"twitter:label1\" content=\"Escrito por\" \/>\n\t<meta name=\"twitter:data1\" content=\"Redazione\" \/>\n\t<meta name=\"twitter:label2\" content=\"Tempo estimado de leitura\" \/>\n\t<meta name=\"twitter:data2\" content=\"4 minutos\" \/>\n<script type=\"application\/ld+json\" class=\"yoast-schema-graph\">{\"@context\":\"https:\\\/\\\/schema.org\",\"@graph\":[{\"@type\":\"Article\",\"@id\":\"https:\\\/\\\/www.cgfmanet.org\\\/pt-pt\\\/ifma-pt-pt\\\/com-o-coracao-do-bom-samaritano-num-mundo-ferido-circular-no-1010\\\/#article\",\"isPartOf\":{\"@id\":\"https:\\\/\\\/www.cgfmanet.org\\\/pt-pt\\\/ifma-pt-pt\\\/com-o-coracao-do-bom-samaritano-num-mundo-ferido-circular-no-1010\\\/\"},\"author\":{\"name\":\"Redazione\",\"@id\":\"https:\\\/\\\/www.cgfmanet.org\\\/es\\\/#\\\/schema\\\/person\\\/ce6473083f53ef0ef882cca23f0c8fb9\"},\"headline\":\"Com o Cora\u00e7\u00e3o do Bom Samaritano num mundo ferido &#8211; Circular n\u00ba 1010\",\"datePublished\":\"2021-06-23T20:28:14+00:00\",\"dateModified\":\"2021-06-24T07:49:16+00:00\",\"mainEntityOfPage\":{\"@id\":\"https:\\\/\\\/www.cgfmanet.org\\\/pt-pt\\\/ifma-pt-pt\\\/com-o-coracao-do-bom-samaritano-num-mundo-ferido-circular-no-1010\\\/\"},\"wordCount\":801,\"commentCount\":0,\"publisher\":{\"@id\":\"https:\\\/\\\/www.cgfmanet.org\\\/es\\\/#organization\"},\"image\":{\"@id\":\"https:\\\/\\\/www.cgfmanet.org\\\/pt-pt\\\/ifma-pt-pt\\\/com-o-coracao-do-bom-samaritano-num-mundo-ferido-circular-no-1010\\\/#primaryimage\"},\"thumbnailUrl\":\"https:\\\/\\\/www.cgfmanet.org\\\/wp-content\\\/uploads\\\/2021\\\/06\\\/Circolare-1010.jpg\",\"keywords\":[\"Madre Geral\",\"Madre Yvonne Reungoat\",\"Focus\",\"Circolare\",\"IFMA\"],\"articleSection\":[\"Carisma Salesiano\",\"IFMA\"],\"inLanguage\":\"pt-PT\",\"potentialAction\":[{\"@type\":\"CommentAction\",\"name\":\"Comment\",\"target\":[\"https:\\\/\\\/www.cgfmanet.org\\\/pt-pt\\\/ifma-pt-pt\\\/com-o-coracao-do-bom-samaritano-num-mundo-ferido-circular-no-1010\\\/#respond\"]}]},{\"@type\":\"WebPage\",\"@id\":\"https:\\\/\\\/www.cgfmanet.org\\\/pt-pt\\\/ifma-pt-pt\\\/com-o-coracao-do-bom-samaritano-num-mundo-ferido-circular-no-1010\\\/\",\"url\":\"https:\\\/\\\/www.cgfmanet.org\\\/pt-pt\\\/ifma-pt-pt\\\/com-o-coracao-do-bom-samaritano-num-mundo-ferido-circular-no-1010\\\/\",\"name\":\"Com o Cora\u00e7\u00e3o do Bom Samaritano num mundo ferido - Circular n\u00ba 1010 &#8226; Istituto Figlie di Maria Ausiliatrice\",\"isPartOf\":{\"@id\":\"https:\\\/\\\/www.cgfmanet.org\\\/es\\\/#website\"},\"primaryImageOfPage\":{\"@id\":\"https:\\\/\\\/www.cgfmanet.org\\\/pt-pt\\\/ifma-pt-pt\\\/com-o-coracao-do-bom-samaritano-num-mundo-ferido-circular-no-1010\\\/#primaryimage\"},\"image\":{\"@id\":\"https:\\\/\\\/www.cgfmanet.org\\\/pt-pt\\\/ifma-pt-pt\\\/com-o-coracao-do-bom-samaritano-num-mundo-ferido-circular-no-1010\\\/#primaryimage\"},\"thumbnailUrl\":\"https:\\\/\\\/www.cgfmanet.org\\\/wp-content\\\/uploads\\\/2021\\\/06\\\/Circolare-1010.jpg\",\"datePublished\":\"2021-06-23T20:28:14+00:00\",\"dateModified\":\"2021-06-24T07:49:16+00:00\",\"description\":\"A Madre Geral do Instituto das FMA, Irm\u00e3 Yvonne Reungoat, compartilha algumas reflex\u00f5es sobre fraternidade, a partir da Enc\u00edclica do Papa Francisco \\\"Fratelli tutti\\\".\",\"breadcrumb\":{\"@id\":\"https:\\\/\\\/www.cgfmanet.org\\\/pt-pt\\\/ifma-pt-pt\\\/com-o-coracao-do-bom-samaritano-num-mundo-ferido-circular-no-1010\\\/#breadcrumb\"},\"inLanguage\":\"pt-PT\",\"potentialAction\":[{\"@type\":\"ReadAction\",\"target\":[\"https:\\\/\\\/www.cgfmanet.org\\\/pt-pt\\\/ifma-pt-pt\\\/com-o-coracao-do-bom-samaritano-num-mundo-ferido-circular-no-1010\\\/\"]}]},{\"@type\":\"ImageObject\",\"inLanguage\":\"pt-PT\",\"@id\":\"https:\\\/\\\/www.cgfmanet.org\\\/pt-pt\\\/ifma-pt-pt\\\/com-o-coracao-do-bom-samaritano-num-mundo-ferido-circular-no-1010\\\/#primaryimage\",\"url\":\"https:\\\/\\\/www.cgfmanet.org\\\/wp-content\\\/uploads\\\/2021\\\/06\\\/Circolare-1010.jpg\",\"contentUrl\":\"https:\\\/\\\/www.cgfmanet.org\\\/wp-content\\\/uploads\\\/2021\\\/06\\\/Circolare-1010.jpg\",\"width\":1182,\"height\":788},{\"@type\":\"BreadcrumbList\",\"@id\":\"https:\\\/\\\/www.cgfmanet.org\\\/pt-pt\\\/ifma-pt-pt\\\/com-o-coracao-do-bom-samaritano-num-mundo-ferido-circular-no-1010\\\/#breadcrumb\",\"itemListElement\":[{\"@type\":\"ListItem\",\"position\":1,\"name\":\"Home\",\"item\":\"https:\\\/\\\/www.cgfmanet.org\\\/pt-pt\\\/\"},{\"@type\":\"ListItem\",\"position\":2,\"name\":\"Com o Cora\u00e7\u00e3o do Bom Samaritano num mundo ferido &#8211; Circular n\u00ba 1010\"}]},{\"@type\":\"WebSite\",\"@id\":\"https:\\\/\\\/www.cgfmanet.org\\\/es\\\/#website\",\"url\":\"https:\\\/\\\/www.cgfmanet.org\\\/es\\\/\",\"name\":\"Istituto Figlie di Maria Ausiliatrice\",\"description\":\"Salesiane di Don Bosco\",\"publisher\":{\"@id\":\"https:\\\/\\\/www.cgfmanet.org\\\/es\\\/#organization\"},\"potentialAction\":[{\"@type\":\"SearchAction\",\"target\":{\"@type\":\"EntryPoint\",\"urlTemplate\":\"https:\\\/\\\/www.cgfmanet.org\\\/es\\\/?s={search_term_string}\"},\"query-input\":{\"@type\":\"PropertyValueSpecification\",\"valueRequired\":true,\"valueName\":\"search_term_string\"}}],\"inLanguage\":\"pt-PT\"},{\"@type\":\"Organization\",\"@id\":\"https:\\\/\\\/www.cgfmanet.org\\\/es\\\/#organization\",\"name\":\"Istituto Figlie di Maria Ausiliatrice\",\"url\":\"https:\\\/\\\/www.cgfmanet.org\\\/es\\\/\",\"logo\":{\"@type\":\"ImageObject\",\"inLanguage\":\"pt-PT\",\"@id\":\"https:\\\/\\\/www.cgfmanet.org\\\/es\\\/#\\\/schema\\\/logo\\\/image\\\/\",\"url\":\"https:\\\/\\\/www.cgfmanet.org\\\/wp-content\\\/uploads\\\/2018\\\/10\\\/logo-fma.png\",\"contentUrl\":\"https:\\\/\\\/www.cgfmanet.org\\\/wp-content\\\/uploads\\\/2018\\\/10\\\/logo-fma.png\",\"width\":214,\"height\":55,\"caption\":\"Istituto Figlie di Maria Ausiliatrice\"},\"image\":{\"@id\":\"https:\\\/\\\/www.cgfmanet.org\\\/es\\\/#\\\/schema\\\/logo\\\/image\\\/\"},\"sameAs\":[\"https:\\\/\\\/www.facebook.com\\\/salesian.sisters.of.don.bosco\\\/\",\"https:\\\/\\\/x.com\\\/Cgfmanet_Org\",\"https:\\\/\\\/www.youtube.com\\\/channel\\\/UCmcr8yFQBV7JXeXVxyV9y5Q\"]},{\"@type\":\"Person\",\"@id\":\"https:\\\/\\\/www.cgfmanet.org\\\/es\\\/#\\\/schema\\\/person\\\/ce6473083f53ef0ef882cca23f0c8fb9\",\"name\":\"Redazione\"}]}<\/script>\n<!-- \/ Yoast SEO plugin. -->","yoast_head_json":{"title":"Com o Cora\u00e7\u00e3o do Bom Samaritano num mundo ferido - Circular n\u00ba 1010 &#8226; Istituto Figlie di Maria Ausiliatrice","description":"A Madre Geral do Instituto das FMA, Irm\u00e3 Yvonne Reungoat, compartilha algumas reflex\u00f5es sobre fraternidade, a partir da Enc\u00edclica do Papa Francisco \"Fratelli tutti\".","robots":{"index":"index","follow":"follow","max-snippet":"max-snippet:-1","max-image-preview":"max-image-preview:large","max-video-preview":"max-video-preview:-1"},"canonical":"https:\/\/www.cgfmanet.org\/pt-pt\/ifma-pt-pt\/com-o-coracao-do-bom-samaritano-num-mundo-ferido-circular-no-1010\/","og_locale":"pt_PT","og_type":"article","og_title":"Com o Cora\u00e7\u00e3o do Bom Samaritano num mundo ferido - Circular n\u00ba 1010 &#8226; Istituto Figlie di Maria Ausiliatrice","og_description":"A Madre Geral do Instituto das FMA, Irm\u00e3 Yvonne Reungoat, compartilha algumas reflex\u00f5es sobre fraternidade, a partir da Enc\u00edclica do Papa Francisco \"Fratelli tutti\".","og_url":"https:\/\/www.cgfmanet.org\/pt-pt\/ifma-pt-pt\/com-o-coracao-do-bom-samaritano-num-mundo-ferido-circular-no-1010\/","og_site_name":"Istituto Figlie di Maria Ausiliatrice","article_publisher":"https:\/\/www.facebook.com\/salesian.sisters.of.don.bosco\/","article_published_time":"2021-06-23T20:28:14+00:00","article_modified_time":"2021-06-24T07:49:16+00:00","og_image":[{"width":1182,"height":788,"url":"https:\/\/www.cgfmanet.org\/wp-content\/uploads\/2021\/06\/Circolare-1010.jpg","type":"image\/jpeg"}],"author":"Redazione","twitter_card":"summary_large_image","twitter_creator":"@Cgfmanet_Org","twitter_site":"@Cgfmanet_Org","twitter_misc":{"Escrito por":"Redazione","Tempo estimado de leitura":"4 minutos"},"schema":{"@context":"https:\/\/schema.org","@graph":[{"@type":"Article","@id":"https:\/\/www.cgfmanet.org\/pt-pt\/ifma-pt-pt\/com-o-coracao-do-bom-samaritano-num-mundo-ferido-circular-no-1010\/#article","isPartOf":{"@id":"https:\/\/www.cgfmanet.org\/pt-pt\/ifma-pt-pt\/com-o-coracao-do-bom-samaritano-num-mundo-ferido-circular-no-1010\/"},"author":{"name":"Redazione","@id":"https:\/\/www.cgfmanet.org\/es\/#\/schema\/person\/ce6473083f53ef0ef882cca23f0c8fb9"},"headline":"Com o Cora\u00e7\u00e3o do Bom Samaritano num mundo ferido &#8211; Circular n\u00ba 1010","datePublished":"2021-06-23T20:28:14+00:00","dateModified":"2021-06-24T07:49:16+00:00","mainEntityOfPage":{"@id":"https:\/\/www.cgfmanet.org\/pt-pt\/ifma-pt-pt\/com-o-coracao-do-bom-samaritano-num-mundo-ferido-circular-no-1010\/"},"wordCount":801,"commentCount":0,"publisher":{"@id":"https:\/\/www.cgfmanet.org\/es\/#organization"},"image":{"@id":"https:\/\/www.cgfmanet.org\/pt-pt\/ifma-pt-pt\/com-o-coracao-do-bom-samaritano-num-mundo-ferido-circular-no-1010\/#primaryimage"},"thumbnailUrl":"https:\/\/www.cgfmanet.org\/wp-content\/uploads\/2021\/06\/Circolare-1010.jpg","keywords":["Madre Geral","Madre Yvonne Reungoat","Focus","Circolare","IFMA"],"articleSection":["Carisma Salesiano","IFMA"],"inLanguage":"pt-PT","potentialAction":[{"@type":"CommentAction","name":"Comment","target":["https:\/\/www.cgfmanet.org\/pt-pt\/ifma-pt-pt\/com-o-coracao-do-bom-samaritano-num-mundo-ferido-circular-no-1010\/#respond"]}]},{"@type":"WebPage","@id":"https:\/\/www.cgfmanet.org\/pt-pt\/ifma-pt-pt\/com-o-coracao-do-bom-samaritano-num-mundo-ferido-circular-no-1010\/","url":"https:\/\/www.cgfmanet.org\/pt-pt\/ifma-pt-pt\/com-o-coracao-do-bom-samaritano-num-mundo-ferido-circular-no-1010\/","name":"Com o Cora\u00e7\u00e3o do Bom Samaritano num mundo ferido - Circular n\u00ba 1010 &#8226; Istituto Figlie di Maria Ausiliatrice","isPartOf":{"@id":"https:\/\/www.cgfmanet.org\/es\/#website"},"primaryImageOfPage":{"@id":"https:\/\/www.cgfmanet.org\/pt-pt\/ifma-pt-pt\/com-o-coracao-do-bom-samaritano-num-mundo-ferido-circular-no-1010\/#primaryimage"},"image":{"@id":"https:\/\/www.cgfmanet.org\/pt-pt\/ifma-pt-pt\/com-o-coracao-do-bom-samaritano-num-mundo-ferido-circular-no-1010\/#primaryimage"},"thumbnailUrl":"https:\/\/www.cgfmanet.org\/wp-content\/uploads\/2021\/06\/Circolare-1010.jpg","datePublished":"2021-06-23T20:28:14+00:00","dateModified":"2021-06-24T07:49:16+00:00","description":"A Madre Geral do Instituto das FMA, Irm\u00e3 Yvonne Reungoat, compartilha algumas reflex\u00f5es sobre fraternidade, a partir da Enc\u00edclica do Papa Francisco \"Fratelli tutti\".","breadcrumb":{"@id":"https:\/\/www.cgfmanet.org\/pt-pt\/ifma-pt-pt\/com-o-coracao-do-bom-samaritano-num-mundo-ferido-circular-no-1010\/#breadcrumb"},"inLanguage":"pt-PT","potentialAction":[{"@type":"ReadAction","target":["https:\/\/www.cgfmanet.org\/pt-pt\/ifma-pt-pt\/com-o-coracao-do-bom-samaritano-num-mundo-ferido-circular-no-1010\/"]}]},{"@type":"ImageObject","inLanguage":"pt-PT","@id":"https:\/\/www.cgfmanet.org\/pt-pt\/ifma-pt-pt\/com-o-coracao-do-bom-samaritano-num-mundo-ferido-circular-no-1010\/#primaryimage","url":"https:\/\/www.cgfmanet.org\/wp-content\/uploads\/2021\/06\/Circolare-1010.jpg","contentUrl":"https:\/\/www.cgfmanet.org\/wp-content\/uploads\/2021\/06\/Circolare-1010.jpg","width":1182,"height":788},{"@type":"BreadcrumbList","@id":"https:\/\/www.cgfmanet.org\/pt-pt\/ifma-pt-pt\/com-o-coracao-do-bom-samaritano-num-mundo-ferido-circular-no-1010\/#breadcrumb","itemListElement":[{"@type":"ListItem","position":1,"name":"Home","item":"https:\/\/www.cgfmanet.org\/pt-pt\/"},{"@type":"ListItem","position":2,"name":"Com o Cora\u00e7\u00e3o do Bom Samaritano num mundo ferido &#8211; Circular n\u00ba 1010"}]},{"@type":"WebSite","@id":"https:\/\/www.cgfmanet.org\/es\/#website","url":"https:\/\/www.cgfmanet.org\/es\/","name":"Istituto Figlie di Maria Ausiliatrice","description":"Salesiane di Don Bosco","publisher":{"@id":"https:\/\/www.cgfmanet.org\/es\/#organization"},"potentialAction":[{"@type":"SearchAction","target":{"@type":"EntryPoint","urlTemplate":"https:\/\/www.cgfmanet.org\/es\/?s={search_term_string}"},"query-input":{"@type":"PropertyValueSpecification","valueRequired":true,"valueName":"search_term_string"}}],"inLanguage":"pt-PT"},{"@type":"Organization","@id":"https:\/\/www.cgfmanet.org\/es\/#organization","name":"Istituto Figlie di Maria Ausiliatrice","url":"https:\/\/www.cgfmanet.org\/es\/","logo":{"@type":"ImageObject","inLanguage":"pt-PT","@id":"https:\/\/www.cgfmanet.org\/es\/#\/schema\/logo\/image\/","url":"https:\/\/www.cgfmanet.org\/wp-content\/uploads\/2018\/10\/logo-fma.png","contentUrl":"https:\/\/www.cgfmanet.org\/wp-content\/uploads\/2018\/10\/logo-fma.png","width":214,"height":55,"caption":"Istituto Figlie di Maria Ausiliatrice"},"image":{"@id":"https:\/\/www.cgfmanet.org\/es\/#\/schema\/logo\/image\/"},"sameAs":["https:\/\/www.facebook.com\/salesian.sisters.of.don.bosco\/","https:\/\/x.com\/Cgfmanet_Org","https:\/\/www.youtube.com\/channel\/UCmcr8yFQBV7JXeXVxyV9y5Q"]},{"@type":"Person","@id":"https:\/\/www.cgfmanet.org\/es\/#\/schema\/person\/ce6473083f53ef0ef882cca23f0c8fb9","name":"Redazione"}]}},"_links":{"self":[{"href":"https:\/\/www.cgfmanet.org\/pt-pt\/wp-json\/wp\/v2\/posts\/47813","targetHints":{"allow":["GET"]}}],"collection":[{"href":"https:\/\/www.cgfmanet.org\/pt-pt\/wp-json\/wp\/v2\/posts"}],"about":[{"href":"https:\/\/www.cgfmanet.org\/pt-pt\/wp-json\/wp\/v2\/types\/post"}],"author":[{"embeddable":true,"href":"https:\/\/www.cgfmanet.org\/pt-pt\/wp-json\/wp\/v2\/users\/21"}],"replies":[{"embeddable":true,"href":"https:\/\/www.cgfmanet.org\/pt-pt\/wp-json\/wp\/v2\/comments?post=47813"}],"version-history":[{"count":0,"href":"https:\/\/www.cgfmanet.org\/pt-pt\/wp-json\/wp\/v2\/posts\/47813\/revisions"}],"wp:featuredmedia":[{"embeddable":true,"href":"https:\/\/www.cgfmanet.org\/pt-pt\/wp-json\/wp\/v2\/media\/47808"}],"wp:attachment":[{"href":"https:\/\/www.cgfmanet.org\/pt-pt\/wp-json\/wp\/v2\/media?parent=47813"}],"wp:term":[{"taxonomy":"category","embeddable":true,"href":"https:\/\/www.cgfmanet.org\/pt-pt\/wp-json\/wp\/v2\/categories?post=47813"},{"taxonomy":"post_tag","embeddable":true,"href":"https:\/\/www.cgfmanet.org\/pt-pt\/wp-json\/wp\/v2\/tags?post=47813"}],"curies":[{"name":"wp","href":"https:\/\/api.w.org\/{rel}","templated":true}]}}