{"id":44729,"date":"2021-04-29T10:06:42","date_gmt":"2021-04-29T08:06:42","guid":{"rendered":"https:\/\/www.cgfmanet.org\/infosfera-pt-pt\/il-grazie-della-comunita-di-casa-generalizia-alla-madre\/"},"modified":"2021-04-29T15:17:55","modified_gmt":"2021-04-29T13:17:55","slug":"agradecimento-da-comunidade-da-casa-geral-a-madre","status":"publish","type":"post","link":"https:\/\/www.cgfmanet.org\/pt-pt\/ifma-pt-pt\/agradecimento-da-comunidade-da-casa-geral-a-madre\/","title":{"rendered":"Agradecimento da Comunidade da Casa Geral \u00e0 Madre"},"content":{"rendered":"<p><strong>Roma, (It\u00e1lia).<\/strong>\u00a0 No dia 26 de abril de 2021, a Comunidade <em>Maria Auxiliadora<\/em> da Casa Geral (RCG) expressou gratid\u00e3o \u00e0 Madre Geral das Filhas de Maria Auxiliadora, Irm\u00e3 Yvonne Reungoat, e ao Conselho Geral.<\/p>\n<p>Para o Instituto das FMA, a data 26 de abril, dia em que se celebra Maria, M\u00e3e do Bom Conselho, marca, tradicionalmente, a celebra\u00e7\u00e3o da Festa da Gratid\u00e3o desejada por Madre Ersilia Canta, 6\u00b0 Superiora Geral do Instituto das FMA.<\/p>\n<p>Na Celebra\u00e7\u00e3o Eucar\u00edstica, o Pe. Carlo Maria Zanotti, Salesiano de Dom Bosco, sublinhou o sentido eucar\u00edstico da Gratid\u00e3o: \u00ab<em>Damos gra\u00e7as a Deus, que nos torna participantes da sua vida de Amor total e constante, e \u00e9 em virtude desta participa\u00e7\u00e3o que podemos juntos, em rede, construir uma cultura da vida. Um obrigado a quem garante esta participa\u00e7\u00e3o e guarda cada irm\u00e3 e irm\u00e3o na cultura da vida: obrigado a Madre Yvonne, que mant\u00e9m, com sabedoria e alegria, a unidade do Instituto. Obrigado a quem,\u00a0 com ela, coloca-se em rede, \u00e0s Irm\u00e3s do Conselho e \u00e0s Irm\u00e3s da Casa que sustentam e facilitam o trabalho em rede. \u00c9 um agradecimento coral, cordial e construtivo, que se transforma, pela for\u00e7a da Eucaristia, em compromisso de vida e comunh\u00e3o&#8221;.<\/em><\/p>\n<p>\u00c0 noite, com gestos, cantos e dan\u00e7as que se tornaram ora\u00e7\u00e3o, foram retomados os s\u00edmbolos e significados da<a href=\"https:\/\/www.festadelgrazie.org\/la-festa\" target=\"_blank\" rel=\"noopener\"> <strong><u>Festa da Gratid\u00e3o Mundial<\/u><\/strong><\/a> que teve lugar em ROMA a 25 de abril de 2021, na Casa &#8220;Madre \u00c2ngela Vespa&#8221;, sede da Pontif\u00edcia Faculdade de Ci\u00eancias da Educa\u00e7\u00e3o \u00abAuxilium\u00bb, sobre o tema <a href=\"https:\/\/www.cgfmanet.org\/pt-pt\/ifma-pt-pt\/em-rede-para-dizer-obrigada\/\" target=\"_blank\" rel=\"noopener\"><strong><u>Em rede por uma cultura da vida.<\/u><\/strong><\/a><\/p>\n<p><em>\u00abQueremos fazer um caminho, deixando-nos guiar pela vida que nos convida a agradecer, a colher o passo de Deus em cada etapa, desde os in\u00edcios do Instituto aos momentos de crescimento e poda, at\u00e9 \u00e0 nossa Comunidade rica de dons e diversidade\u201d.<\/em>\u00a0 Olhando para Mornese, &#8216;Casa do amor de Deus&#8217;, onde Madre Mazzarello, junto \u00e0s primeiras Irm\u00e3s, viveu a miss\u00e3o educativa, a Comunidade exp\u00f4s os motivos do agradecimento pela geratividade do Instituto das FMA. A festa encerrou-se elevando um\u00a0 louvor ao Senhor com o canto do Magnificat, pelas maravilhas que realiza atrav\u00e9s da palavra, da escuta e da vida doada da Madre.<\/p>\n<p>A Madre agradeceu \u00e0 comunidade por ter retomado o tema da Cultura da Vida e a medita\u00e7\u00e3o do Evangelho <a href=\"https:\/\/www.cgfmanet.org\/pt-pt\/ifma-pt-pt\/e-la-rete-non-si-spezzo-lectio-suor-maria-ko-fma\/\" target=\"_blank\" rel=\"noopener\"><strong><u>&#8220;E a rede n\u00e3o se rompeu&#8221;<\/u><\/strong><\/a> (Jo 21,11).<\/p>\n<p><em>\u201cA rede \u00e9 formada por um grande n\u00famero de fios e n\u00f3s, ligados entre si. Nesta rede cada FMA do mundo \u00e9 um n\u00f3 e n\u00e3o existe a rede sem a contribui\u00e7\u00e3o de todas. Esta rede mundial n\u00e3o s\u00e3o s\u00f3 as FMA, mas tamb\u00e9m todos os leigos, as ex-alunas, os pais, os jovens e todas as pessoas que condividem o carisma salesiano de gera\u00e7\u00e3o em gera\u00e7\u00e3o, de Mornese at\u00e9 hoje. \u00c9 uma realidade que devemos contemplar, e tamb\u00e9m sentir a responsabilidade de contribuir para a solidez desta rede para que n\u00e3o se rompa. A vida \u00e9 chamada a estar em rede para que possa gerar nova vida. S\u00f3 em conjunto, s\u00f3 em rede pode-se educar e fazer crescer a vida\u201d.<\/em><\/p>\n<p>Madre Yvonne tamb\u00e9m sublinhou a import\u00e2ncia de saber agradecer, para contribuir \u00e0 cultura da vida, educando as crian\u00e7as e os jovens \u00e0 gratid\u00e3o: <em>\u201cA ti as confio \u00e9 o caminho a seguir em todos os lugares e em todos os tempos. Pe\u00e7o a Maria Auxiliadora para continuar a nos proteger e a nos fazer sentir a sua presen\u00e7a, a fim de que, por nossa vez, possamos ser imagem da sua presen\u00e7a e continuar a tecer esta rede pela cultura da vida\u201d.<\/em><\/p>\n","protected":false},"excerpt":{"rendered":"<p>No dia 26 de abril de 2021, a Comunidade das FMA da Casa Geral em Roma expressou seu agradecimento \u00e0 Madre e ao Conselho Geral.  <\/p>\n","protected":false},"author":21,"featured_media":44724,"comment_status":"open","ping_status":"closed","sticky":false,"template":"","format":"standard","meta":{"footnotes":""},"categories":[166,159],"tags":[297,370,374,1384,1930,2187],"class_list":["post-44729","post","type-post","status-publish","format-standard","has-post-thumbnail","category-carisma-salesiano-pt","category-ifma-pt-pt","tag-festa-da-gratidao","tag-madre-geral","tag-madre-yvonne-reungoat-pt","tag-rcg-pt-pt","tag-focus-pt-pt","tag-fma-pt-pt"],"yoast_head":"<!-- This site is optimized with the Yoast SEO plugin v27.4 - https:\/\/yoast.com\/product\/yoast-seo-wordpress\/ -->\n<title>Agradecimento da Comunidade da Casa Geral \u00e0 Madre &#8226; Istituto Figlie di Maria Ausiliatrice<\/title>\n<meta name=\"description\" content=\"No dia 26 de abril de 2021, a Comunidade das FMA da Casa Geral em Roma expressou seu agradecimento \u00e0 Madre e ao Conselho Geral.\" \/>\n<meta name=\"robots\" content=\"index, follow, max-snippet:-1, max-image-preview:large, max-video-preview:-1\" \/>\n<link rel=\"canonical\" href=\"https:\/\/www.cgfmanet.org\/pt-pt\/ifma-pt-pt\/agradecimento-da-comunidade-da-casa-geral-a-madre\/\" \/>\n<meta property=\"og:locale\" content=\"pt_PT\" \/>\n<meta property=\"og:type\" content=\"article\" \/>\n<meta property=\"og:title\" content=\"Agradecimento da Comunidade da Casa Geral \u00e0 Madre &#8226; Istituto Figlie di Maria Ausiliatrice\" \/>\n<meta property=\"og:description\" content=\"No dia 26 de abril de 2021, a Comunidade das FMA da Casa Geral em Roma expressou seu agradecimento \u00e0 Madre e ao Conselho Geral.\" \/>\n<meta property=\"og:url\" content=\"https:\/\/www.cgfmanet.org\/pt-pt\/ifma-pt-pt\/agradecimento-da-comunidade-da-casa-geral-a-madre\/\" \/>\n<meta property=\"og:site_name\" content=\"Istituto Figlie di Maria Ausiliatrice\" \/>\n<meta property=\"article:publisher\" content=\"https:\/\/www.facebook.com\/salesian.sisters.of.don.bosco\/\" \/>\n<meta property=\"article:published_time\" content=\"2021-04-29T08:06:42+00:00\" \/>\n<meta property=\"article:modified_time\" content=\"2021-04-29T13:17:55+00:00\" \/>\n<meta property=\"og:image\" content=\"https:\/\/www.cgfmanet.org\/wp-content\/uploads\/2021\/04\/festa-grazie-RCG.jpg\" \/>\n\t<meta property=\"og:image:width\" content=\"1181\" \/>\n\t<meta property=\"og:image:height\" content=\"782\" \/>\n\t<meta property=\"og:image:type\" content=\"image\/jpeg\" \/>\n<meta name=\"author\" content=\"Redazione\" \/>\n<meta name=\"twitter:card\" content=\"summary_large_image\" \/>\n<meta name=\"twitter:creator\" content=\"@Cgfmanet_Org\" \/>\n<meta name=\"twitter:site\" content=\"@Cgfmanet_Org\" \/>\n<meta name=\"twitter:label1\" content=\"Escrito por\" \/>\n\t<meta name=\"twitter:data1\" content=\"Redazione\" \/>\n\t<meta name=\"twitter:label2\" content=\"Tempo estimado de leitura\" \/>\n\t<meta name=\"twitter:data2\" content=\"3 minutos\" \/>\n<script type=\"application\/ld+json\" class=\"yoast-schema-graph\">{\"@context\":\"https:\\\/\\\/schema.org\",\"@graph\":[{\"@type\":\"Article\",\"@id\":\"https:\\\/\\\/www.cgfmanet.org\\\/pt-pt\\\/ifma-pt-pt\\\/agradecimento-da-comunidade-da-casa-geral-a-madre\\\/#article\",\"isPartOf\":{\"@id\":\"https:\\\/\\\/www.cgfmanet.org\\\/pt-pt\\\/ifma-pt-pt\\\/agradecimento-da-comunidade-da-casa-geral-a-madre\\\/\"},\"author\":{\"name\":\"Redazione\",\"@id\":\"https:\\\/\\\/www.cgfmanet.org\\\/es\\\/#\\\/schema\\\/person\\\/ce6473083f53ef0ef882cca23f0c8fb9\"},\"headline\":\"Agradecimento da Comunidade da Casa Geral \u00e0 Madre\",\"datePublished\":\"2021-04-29T08:06:42+00:00\",\"dateModified\":\"2021-04-29T13:17:55+00:00\",\"mainEntityOfPage\":{\"@id\":\"https:\\\/\\\/www.cgfmanet.org\\\/pt-pt\\\/ifma-pt-pt\\\/agradecimento-da-comunidade-da-casa-geral-a-madre\\\/\"},\"wordCount\":624,\"commentCount\":0,\"publisher\":{\"@id\":\"https:\\\/\\\/www.cgfmanet.org\\\/es\\\/#organization\"},\"image\":{\"@id\":\"https:\\\/\\\/www.cgfmanet.org\\\/pt-pt\\\/ifma-pt-pt\\\/agradecimento-da-comunidade-da-casa-geral-a-madre\\\/#primaryimage\"},\"thumbnailUrl\":\"https:\\\/\\\/www.cgfmanet.org\\\/wp-content\\\/uploads\\\/2021\\\/04\\\/festa-grazie-RCG.jpg\",\"keywords\":[\"Festa da Gratid\u00e3o\",\"Madre Geral\",\"Madre Yvonne Reungoat\",\"RCG\",\"Focus\",\"FMA\"],\"articleSection\":[\"Carisma Salesiano\",\"IFMA\"],\"inLanguage\":\"pt-PT\",\"potentialAction\":[{\"@type\":\"CommentAction\",\"name\":\"Comment\",\"target\":[\"https:\\\/\\\/www.cgfmanet.org\\\/pt-pt\\\/ifma-pt-pt\\\/agradecimento-da-comunidade-da-casa-geral-a-madre\\\/#respond\"]}]},{\"@type\":\"WebPage\",\"@id\":\"https:\\\/\\\/www.cgfmanet.org\\\/pt-pt\\\/ifma-pt-pt\\\/agradecimento-da-comunidade-da-casa-geral-a-madre\\\/\",\"url\":\"https:\\\/\\\/www.cgfmanet.org\\\/pt-pt\\\/ifma-pt-pt\\\/agradecimento-da-comunidade-da-casa-geral-a-madre\\\/\",\"name\":\"Agradecimento da Comunidade da Casa Geral \u00e0 Madre &#8226; Istituto Figlie di Maria Ausiliatrice\",\"isPartOf\":{\"@id\":\"https:\\\/\\\/www.cgfmanet.org\\\/es\\\/#website\"},\"primaryImageOfPage\":{\"@id\":\"https:\\\/\\\/www.cgfmanet.org\\\/pt-pt\\\/ifma-pt-pt\\\/agradecimento-da-comunidade-da-casa-geral-a-madre\\\/#primaryimage\"},\"image\":{\"@id\":\"https:\\\/\\\/www.cgfmanet.org\\\/pt-pt\\\/ifma-pt-pt\\\/agradecimento-da-comunidade-da-casa-geral-a-madre\\\/#primaryimage\"},\"thumbnailUrl\":\"https:\\\/\\\/www.cgfmanet.org\\\/wp-content\\\/uploads\\\/2021\\\/04\\\/festa-grazie-RCG.jpg\",\"datePublished\":\"2021-04-29T08:06:42+00:00\",\"dateModified\":\"2021-04-29T13:17:55+00:00\",\"description\":\"No dia 26 de abril de 2021, a Comunidade das FMA da Casa Geral em Roma expressou seu agradecimento \u00e0 Madre e ao Conselho Geral.\",\"breadcrumb\":{\"@id\":\"https:\\\/\\\/www.cgfmanet.org\\\/pt-pt\\\/ifma-pt-pt\\\/agradecimento-da-comunidade-da-casa-geral-a-madre\\\/#breadcrumb\"},\"inLanguage\":\"pt-PT\",\"potentialAction\":[{\"@type\":\"ReadAction\",\"target\":[\"https:\\\/\\\/www.cgfmanet.org\\\/pt-pt\\\/ifma-pt-pt\\\/agradecimento-da-comunidade-da-casa-geral-a-madre\\\/\"]}]},{\"@type\":\"ImageObject\",\"inLanguage\":\"pt-PT\",\"@id\":\"https:\\\/\\\/www.cgfmanet.org\\\/pt-pt\\\/ifma-pt-pt\\\/agradecimento-da-comunidade-da-casa-geral-a-madre\\\/#primaryimage\",\"url\":\"https:\\\/\\\/www.cgfmanet.org\\\/wp-content\\\/uploads\\\/2021\\\/04\\\/festa-grazie-RCG.jpg\",\"contentUrl\":\"https:\\\/\\\/www.cgfmanet.org\\\/wp-content\\\/uploads\\\/2021\\\/04\\\/festa-grazie-RCG.jpg\",\"width\":1181,\"height\":782},{\"@type\":\"BreadcrumbList\",\"@id\":\"https:\\\/\\\/www.cgfmanet.org\\\/pt-pt\\\/ifma-pt-pt\\\/agradecimento-da-comunidade-da-casa-geral-a-madre\\\/#breadcrumb\",\"itemListElement\":[{\"@type\":\"ListItem\",\"position\":1,\"name\":\"Home\",\"item\":\"https:\\\/\\\/www.cgfmanet.org\\\/pt-pt\\\/\"},{\"@type\":\"ListItem\",\"position\":2,\"name\":\"Agradecimento da Comunidade da Casa Geral \u00e0 Madre\"}]},{\"@type\":\"WebSite\",\"@id\":\"https:\\\/\\\/www.cgfmanet.org\\\/es\\\/#website\",\"url\":\"https:\\\/\\\/www.cgfmanet.org\\\/es\\\/\",\"name\":\"Istituto Figlie di Maria Ausiliatrice\",\"description\":\"Salesiane di Don Bosco\",\"publisher\":{\"@id\":\"https:\\\/\\\/www.cgfmanet.org\\\/es\\\/#organization\"},\"potentialAction\":[{\"@type\":\"SearchAction\",\"target\":{\"@type\":\"EntryPoint\",\"urlTemplate\":\"https:\\\/\\\/www.cgfmanet.org\\\/es\\\/?s={search_term_string}\"},\"query-input\":{\"@type\":\"PropertyValueSpecification\",\"valueRequired\":true,\"valueName\":\"search_term_string\"}}],\"inLanguage\":\"pt-PT\"},{\"@type\":\"Organization\",\"@id\":\"https:\\\/\\\/www.cgfmanet.org\\\/es\\\/#organization\",\"name\":\"Istituto Figlie di Maria Ausiliatrice\",\"url\":\"https:\\\/\\\/www.cgfmanet.org\\\/es\\\/\",\"logo\":{\"@type\":\"ImageObject\",\"inLanguage\":\"pt-PT\",\"@id\":\"https:\\\/\\\/www.cgfmanet.org\\\/es\\\/#\\\/schema\\\/logo\\\/image\\\/\",\"url\":\"https:\\\/\\\/www.cgfmanet.org\\\/wp-content\\\/uploads\\\/2018\\\/10\\\/logo-fma.png\",\"contentUrl\":\"https:\\\/\\\/www.cgfmanet.org\\\/wp-content\\\/uploads\\\/2018\\\/10\\\/logo-fma.png\",\"width\":214,\"height\":55,\"caption\":\"Istituto Figlie di Maria Ausiliatrice\"},\"image\":{\"@id\":\"https:\\\/\\\/www.cgfmanet.org\\\/es\\\/#\\\/schema\\\/logo\\\/image\\\/\"},\"sameAs\":[\"https:\\\/\\\/www.facebook.com\\\/salesian.sisters.of.don.bosco\\\/\",\"https:\\\/\\\/x.com\\\/Cgfmanet_Org\",\"https:\\\/\\\/www.youtube.com\\\/channel\\\/UCmcr8yFQBV7JXeXVxyV9y5Q\"]},{\"@type\":\"Person\",\"@id\":\"https:\\\/\\\/www.cgfmanet.org\\\/es\\\/#\\\/schema\\\/person\\\/ce6473083f53ef0ef882cca23f0c8fb9\",\"name\":\"Redazione\"}]}<\/script>\n<!-- \/ Yoast SEO plugin. -->","yoast_head_json":{"title":"Agradecimento da Comunidade da Casa Geral \u00e0 Madre &#8226; Istituto Figlie di Maria Ausiliatrice","description":"No dia 26 de abril de 2021, a Comunidade das FMA da Casa Geral em Roma expressou seu agradecimento \u00e0 Madre e ao Conselho Geral.","robots":{"index":"index","follow":"follow","max-snippet":"max-snippet:-1","max-image-preview":"max-image-preview:large","max-video-preview":"max-video-preview:-1"},"canonical":"https:\/\/www.cgfmanet.org\/pt-pt\/ifma-pt-pt\/agradecimento-da-comunidade-da-casa-geral-a-madre\/","og_locale":"pt_PT","og_type":"article","og_title":"Agradecimento da Comunidade da Casa Geral \u00e0 Madre &#8226; Istituto Figlie di Maria Ausiliatrice","og_description":"No dia 26 de abril de 2021, a Comunidade das FMA da Casa Geral em Roma expressou seu agradecimento \u00e0 Madre e ao Conselho Geral.","og_url":"https:\/\/www.cgfmanet.org\/pt-pt\/ifma-pt-pt\/agradecimento-da-comunidade-da-casa-geral-a-madre\/","og_site_name":"Istituto Figlie di Maria Ausiliatrice","article_publisher":"https:\/\/www.facebook.com\/salesian.sisters.of.don.bosco\/","article_published_time":"2021-04-29T08:06:42+00:00","article_modified_time":"2021-04-29T13:17:55+00:00","og_image":[{"width":1181,"height":782,"url":"https:\/\/www.cgfmanet.org\/wp-content\/uploads\/2021\/04\/festa-grazie-RCG.jpg","type":"image\/jpeg"}],"author":"Redazione","twitter_card":"summary_large_image","twitter_creator":"@Cgfmanet_Org","twitter_site":"@Cgfmanet_Org","twitter_misc":{"Escrito por":"Redazione","Tempo estimado de leitura":"3 minutos"},"schema":{"@context":"https:\/\/schema.org","@graph":[{"@type":"Article","@id":"https:\/\/www.cgfmanet.org\/pt-pt\/ifma-pt-pt\/agradecimento-da-comunidade-da-casa-geral-a-madre\/#article","isPartOf":{"@id":"https:\/\/www.cgfmanet.org\/pt-pt\/ifma-pt-pt\/agradecimento-da-comunidade-da-casa-geral-a-madre\/"},"author":{"name":"Redazione","@id":"https:\/\/www.cgfmanet.org\/es\/#\/schema\/person\/ce6473083f53ef0ef882cca23f0c8fb9"},"headline":"Agradecimento da Comunidade da Casa Geral \u00e0 Madre","datePublished":"2021-04-29T08:06:42+00:00","dateModified":"2021-04-29T13:17:55+00:00","mainEntityOfPage":{"@id":"https:\/\/www.cgfmanet.org\/pt-pt\/ifma-pt-pt\/agradecimento-da-comunidade-da-casa-geral-a-madre\/"},"wordCount":624,"commentCount":0,"publisher":{"@id":"https:\/\/www.cgfmanet.org\/es\/#organization"},"image":{"@id":"https:\/\/www.cgfmanet.org\/pt-pt\/ifma-pt-pt\/agradecimento-da-comunidade-da-casa-geral-a-madre\/#primaryimage"},"thumbnailUrl":"https:\/\/www.cgfmanet.org\/wp-content\/uploads\/2021\/04\/festa-grazie-RCG.jpg","keywords":["Festa da Gratid\u00e3o","Madre Geral","Madre Yvonne Reungoat","RCG","Focus","FMA"],"articleSection":["Carisma Salesiano","IFMA"],"inLanguage":"pt-PT","potentialAction":[{"@type":"CommentAction","name":"Comment","target":["https:\/\/www.cgfmanet.org\/pt-pt\/ifma-pt-pt\/agradecimento-da-comunidade-da-casa-geral-a-madre\/#respond"]}]},{"@type":"WebPage","@id":"https:\/\/www.cgfmanet.org\/pt-pt\/ifma-pt-pt\/agradecimento-da-comunidade-da-casa-geral-a-madre\/","url":"https:\/\/www.cgfmanet.org\/pt-pt\/ifma-pt-pt\/agradecimento-da-comunidade-da-casa-geral-a-madre\/","name":"Agradecimento da Comunidade da Casa Geral \u00e0 Madre &#8226; Istituto Figlie di Maria Ausiliatrice","isPartOf":{"@id":"https:\/\/www.cgfmanet.org\/es\/#website"},"primaryImageOfPage":{"@id":"https:\/\/www.cgfmanet.org\/pt-pt\/ifma-pt-pt\/agradecimento-da-comunidade-da-casa-geral-a-madre\/#primaryimage"},"image":{"@id":"https:\/\/www.cgfmanet.org\/pt-pt\/ifma-pt-pt\/agradecimento-da-comunidade-da-casa-geral-a-madre\/#primaryimage"},"thumbnailUrl":"https:\/\/www.cgfmanet.org\/wp-content\/uploads\/2021\/04\/festa-grazie-RCG.jpg","datePublished":"2021-04-29T08:06:42+00:00","dateModified":"2021-04-29T13:17:55+00:00","description":"No dia 26 de abril de 2021, a Comunidade das FMA da Casa Geral em Roma expressou seu agradecimento \u00e0 Madre e ao Conselho Geral.","breadcrumb":{"@id":"https:\/\/www.cgfmanet.org\/pt-pt\/ifma-pt-pt\/agradecimento-da-comunidade-da-casa-geral-a-madre\/#breadcrumb"},"inLanguage":"pt-PT","potentialAction":[{"@type":"ReadAction","target":["https:\/\/www.cgfmanet.org\/pt-pt\/ifma-pt-pt\/agradecimento-da-comunidade-da-casa-geral-a-madre\/"]}]},{"@type":"ImageObject","inLanguage":"pt-PT","@id":"https:\/\/www.cgfmanet.org\/pt-pt\/ifma-pt-pt\/agradecimento-da-comunidade-da-casa-geral-a-madre\/#primaryimage","url":"https:\/\/www.cgfmanet.org\/wp-content\/uploads\/2021\/04\/festa-grazie-RCG.jpg","contentUrl":"https:\/\/www.cgfmanet.org\/wp-content\/uploads\/2021\/04\/festa-grazie-RCG.jpg","width":1181,"height":782},{"@type":"BreadcrumbList","@id":"https:\/\/www.cgfmanet.org\/pt-pt\/ifma-pt-pt\/agradecimento-da-comunidade-da-casa-geral-a-madre\/#breadcrumb","itemListElement":[{"@type":"ListItem","position":1,"name":"Home","item":"https:\/\/www.cgfmanet.org\/pt-pt\/"},{"@type":"ListItem","position":2,"name":"Agradecimento da Comunidade da Casa Geral \u00e0 Madre"}]},{"@type":"WebSite","@id":"https:\/\/www.cgfmanet.org\/es\/#website","url":"https:\/\/www.cgfmanet.org\/es\/","name":"Istituto Figlie di Maria Ausiliatrice","description":"Salesiane di Don Bosco","publisher":{"@id":"https:\/\/www.cgfmanet.org\/es\/#organization"},"potentialAction":[{"@type":"SearchAction","target":{"@type":"EntryPoint","urlTemplate":"https:\/\/www.cgfmanet.org\/es\/?s={search_term_string}"},"query-input":{"@type":"PropertyValueSpecification","valueRequired":true,"valueName":"search_term_string"}}],"inLanguage":"pt-PT"},{"@type":"Organization","@id":"https:\/\/www.cgfmanet.org\/es\/#organization","name":"Istituto Figlie di Maria Ausiliatrice","url":"https:\/\/www.cgfmanet.org\/es\/","logo":{"@type":"ImageObject","inLanguage":"pt-PT","@id":"https:\/\/www.cgfmanet.org\/es\/#\/schema\/logo\/image\/","url":"https:\/\/www.cgfmanet.org\/wp-content\/uploads\/2018\/10\/logo-fma.png","contentUrl":"https:\/\/www.cgfmanet.org\/wp-content\/uploads\/2018\/10\/logo-fma.png","width":214,"height":55,"caption":"Istituto Figlie di Maria Ausiliatrice"},"image":{"@id":"https:\/\/www.cgfmanet.org\/es\/#\/schema\/logo\/image\/"},"sameAs":["https:\/\/www.facebook.com\/salesian.sisters.of.don.bosco\/","https:\/\/x.com\/Cgfmanet_Org","https:\/\/www.youtube.com\/channel\/UCmcr8yFQBV7JXeXVxyV9y5Q"]},{"@type":"Person","@id":"https:\/\/www.cgfmanet.org\/es\/#\/schema\/person\/ce6473083f53ef0ef882cca23f0c8fb9","name":"Redazione"}]}},"_links":{"self":[{"href":"https:\/\/www.cgfmanet.org\/pt-pt\/wp-json\/wp\/v2\/posts\/44729","targetHints":{"allow":["GET"]}}],"collection":[{"href":"https:\/\/www.cgfmanet.org\/pt-pt\/wp-json\/wp\/v2\/posts"}],"about":[{"href":"https:\/\/www.cgfmanet.org\/pt-pt\/wp-json\/wp\/v2\/types\/post"}],"author":[{"embeddable":true,"href":"https:\/\/www.cgfmanet.org\/pt-pt\/wp-json\/wp\/v2\/users\/21"}],"replies":[{"embeddable":true,"href":"https:\/\/www.cgfmanet.org\/pt-pt\/wp-json\/wp\/v2\/comments?post=44729"}],"version-history":[{"count":0,"href":"https:\/\/www.cgfmanet.org\/pt-pt\/wp-json\/wp\/v2\/posts\/44729\/revisions"}],"wp:featuredmedia":[{"embeddable":true,"href":"https:\/\/www.cgfmanet.org\/pt-pt\/wp-json\/wp\/v2\/media\/44724"}],"wp:attachment":[{"href":"https:\/\/www.cgfmanet.org\/pt-pt\/wp-json\/wp\/v2\/media?parent=44729"}],"wp:term":[{"taxonomy":"category","embeddable":true,"href":"https:\/\/www.cgfmanet.org\/pt-pt\/wp-json\/wp\/v2\/categories?post=44729"},{"taxonomy":"post_tag","embeddable":true,"href":"https:\/\/www.cgfmanet.org\/pt-pt\/wp-json\/wp\/v2\/tags?post=44729"}],"curies":[{"name":"wp","href":"https:\/\/api.w.org\/{rel}","templated":true}]}}