{"id":44307,"date":"2021-04-24T11:26:51","date_gmt":"2021-04-24T09:26:51","guid":{"rendered":"https:\/\/www.cgfmanet.org\/?p=44307"},"modified":"2021-04-23T12:07:35","modified_gmt":"2021-04-23T10:07:35","slug":"escreve-aqui-o-teu-obrigada-madre-por","status":"publish","type":"post","link":"https:\/\/www.cgfmanet.org\/pt-pt\/ifma-pt-pt\/escreve-aqui-o-teu-obrigada-madre-por\/","title":{"rendered":"Escreve aqui o teu # Obrigada Madre por&#8230;"},"content":{"rendered":"<p><strong>Roma ( It\u00e1lia).<\/strong>\u00a0 No dia 25 de abril de 2021 celebra-se a <span style=\"color: #008000;\"><a style=\"color: #008000;\" href=\"https:\/\/www.festadelgrazie.org\/\" target=\"_blank\" rel=\"noopener\"><strong><u>Festa da Gratid\u00e3o Mundial <\/u><\/strong><\/a><\/span> na Casa Madre \u00c2ngela Vespa, sede da Pontif\u00edcia Faculdade de Ci\u00eancias da Educa\u00e7\u00e3o \u00abAuxilium\u00bb. <span style=\"color: #0000ff;\"><strong><a style=\"color: #0000ff;\" href=\"https:\/\/www.festadelgrazie.org\/copia-di-testi-utili\" target=\"_blank\" rel=\"noopener\">Programa<span class=\"VIiyi\" lang=\"pt\"><span class=\"JLqJ4b ChMk0b\" data-language-for-alternatives=\"pt\" data-language-to-translate-into=\"it\" data-phrase-index=\"0\"> e link direto<\/span><\/span> YouTube<\/a><\/strong><\/span><\/p>\n<p><span style=\"color: #008000;\"><strong>Estar em rede<\/strong> <\/span>\u00e9 um dos recursos mais preciosos para expandir as energias criativas e colaborativas, expressando \u00e0 <strong>Madre Yvonne Reungoat<\/strong> a gratid\u00e3o das FMA, das Comunidades Educativas, dos leigos e jovens da Fam\u00edlia Salesiana que compartilham a miss\u00e3o carism\u00e1tica salesiana.<\/p>\n<p><strong>#ObrigadaMadrepor<\/strong> tua vida, teu servi\u00e7o incans\u00e1vel, teu amor ao Instituto das FMA &#8230;<\/p>\n<p><strong>#ObrigadaMadrepor<\/strong> tua delicadeza, tua simplicidade e por estar perto de cada Irm\u00e3&#8230;<\/p>\n<p><strong>#ObrigadaMadrepor<\/strong> teu entusiasmo e aud\u00e1cia com que, nestes treze anos, soubeste colocar-nos em rede para promover a cultura da vida e da esperan\u00e7a&#8230;<\/p>\n<p><strong><span style=\"color: #0000ff;\">CONTINUA, TAMB\u00c9M TU, A ESCREVER, no painel RESPONDE, O TEU #OBRIGADAMADREPOR&#8230; <\/span><\/strong><\/p>\n<p><strong><span style=\"color: #0000ff;\">\u00a0<\/span><\/strong><\/p>\n<p><strong>\u00a0<\/strong><\/p>\n","protected":false},"excerpt":{"rendered":"<p>Roma ( It\u00e1lia).\u00a0 No dia 25 de abril de 2021 celebra-se a Festa da Gratid\u00e3o Mundial na Casa Madre \u00c2ngela Vespa, sede da Pontif\u00edcia Faculdade de Ci\u00eancias da Educa\u00e7\u00e3o \u00abAuxilium\u00bb. [&hellip;]<\/p>\n","protected":false},"author":19,"featured_media":44295,"comment_status":"open","ping_status":"closed","sticky":false,"template":"","format":"standard","meta":{"footnotes":""},"categories":[166,159],"tags":[297,370,1390,1665,1930,2282,2323],"class_list":["post-44307","post","type-post","status-publish","format-standard","has-post-thumbnail","category-carisma-salesiano-pt","category-ifma-pt-pt","tag-festa-da-gratidao","tag-madre-geral","tag-rmc-pt-pt","tag-spiritualita-salesiana-pt-pt","tag-focus-pt-pt","tag-ifma-pt-pt","tag-roma-pt-pt"],"yoast_head":"<!-- This site is optimized with the Yoast SEO plugin v27.4 - https:\/\/yoast.com\/product\/yoast-seo-wordpress\/ -->\n<title>Escreve aqui o teu # Obrigada Madre por... &#8226; Istituto Figlie di Maria Ausiliatrice<\/title>\n<meta name=\"description\" content=\"Acontece online, no dia 25 de abril de 2021, a Festa da Gratid\u00e3o Mundial.\" \/>\n<meta name=\"robots\" content=\"index, follow, max-snippet:-1, max-image-preview:large, max-video-preview:-1\" \/>\n<link rel=\"canonical\" href=\"https:\/\/www.cgfmanet.org\/pt-pt\/ifma-pt-pt\/escreve-aqui-o-teu-obrigada-madre-por\/\" \/>\n<meta property=\"og:locale\" content=\"pt_PT\" \/>\n<meta property=\"og:type\" content=\"article\" \/>\n<meta property=\"og:title\" content=\"Escreve aqui o teu # Obrigada Madre por... &#8226; Istituto Figlie di Maria Ausiliatrice\" \/>\n<meta property=\"og:description\" content=\"Acontece online, no dia 25 de abril de 2021, a Festa da Gratid\u00e3o Mundial.\" \/>\n<meta property=\"og:url\" content=\"https:\/\/www.cgfmanet.org\/pt-pt\/ifma-pt-pt\/escreve-aqui-o-teu-obrigada-madre-por\/\" \/>\n<meta property=\"og:site_name\" content=\"Istituto Figlie di Maria Ausiliatrice\" \/>\n<meta property=\"article:publisher\" content=\"https:\/\/www.facebook.com\/salesian.sisters.of.don.bosco\/\" \/>\n<meta property=\"article:published_time\" content=\"2021-04-24T09:26:51+00:00\" \/>\n<meta property=\"og:image\" content=\"https:\/\/www.cgfmanet.org\/wp-content\/uploads\/2021\/04\/Immagine3.jpg\" \/>\n\t<meta property=\"og:image:width\" content=\"1309\" \/>\n\t<meta property=\"og:image:height\" content=\"711\" \/>\n\t<meta property=\"og:image:type\" content=\"image\/png\" \/>\n<meta name=\"author\" content=\"Redazione\" \/>\n<meta name=\"twitter:card\" content=\"summary_large_image\" \/>\n<meta name=\"twitter:creator\" content=\"@Cgfmanet_Org\" \/>\n<meta name=\"twitter:site\" content=\"@Cgfmanet_Org\" \/>\n<meta name=\"twitter:label1\" content=\"Escrito por\" \/>\n\t<meta name=\"twitter:data1\" content=\"Redazione\" \/>\n\t<meta name=\"twitter:label2\" content=\"Tempo estimado de leitura\" \/>\n\t<meta name=\"twitter:data2\" content=\"1 minuto\" \/>\n<script type=\"application\/ld+json\" class=\"yoast-schema-graph\">{\"@context\":\"https:\\\/\\\/schema.org\",\"@graph\":[{\"@type\":\"Article\",\"@id\":\"https:\\\/\\\/www.cgfmanet.org\\\/pt-pt\\\/ifma-pt-pt\\\/escreve-aqui-o-teu-obrigada-madre-por\\\/#article\",\"isPartOf\":{\"@id\":\"https:\\\/\\\/www.cgfmanet.org\\\/pt-pt\\\/ifma-pt-pt\\\/escreve-aqui-o-teu-obrigada-madre-por\\\/\"},\"author\":{\"name\":\"Redazione\",\"@id\":\"https:\\\/\\\/www.cgfmanet.org\\\/es\\\/#\\\/schema\\\/person\\\/703c410f03e282e766dab407c5be96fe\"},\"headline\":\"Escreve aqui o teu # Obrigada Madre por&#8230;\",\"datePublished\":\"2021-04-24T09:26:51+00:00\",\"mainEntityOfPage\":{\"@id\":\"https:\\\/\\\/www.cgfmanet.org\\\/pt-pt\\\/ifma-pt-pt\\\/escreve-aqui-o-teu-obrigada-madre-por\\\/\"},\"wordCount\":150,\"commentCount\":11,\"publisher\":{\"@id\":\"https:\\\/\\\/www.cgfmanet.org\\\/es\\\/#organization\"},\"image\":{\"@id\":\"https:\\\/\\\/www.cgfmanet.org\\\/pt-pt\\\/ifma-pt-pt\\\/escreve-aqui-o-teu-obrigada-madre-por\\\/#primaryimage\"},\"thumbnailUrl\":\"https:\\\/\\\/www.cgfmanet.org\\\/wp-content\\\/uploads\\\/2021\\\/04\\\/Immagine3.jpg\",\"keywords\":[\"Festa da Gratid\u00e3o\",\"Madre Geral\",\"RMC\",\"Spiritualit\u00e0 Salesiana\",\"Focus\",\"IFMA\",\"Roma\"],\"articleSection\":[\"Carisma Salesiano\",\"IFMA\"],\"inLanguage\":\"pt-PT\",\"potentialAction\":[{\"@type\":\"CommentAction\",\"name\":\"Comment\",\"target\":[\"https:\\\/\\\/www.cgfmanet.org\\\/pt-pt\\\/ifma-pt-pt\\\/escreve-aqui-o-teu-obrigada-madre-por\\\/#respond\"]}]},{\"@type\":\"WebPage\",\"@id\":\"https:\\\/\\\/www.cgfmanet.org\\\/pt-pt\\\/ifma-pt-pt\\\/escreve-aqui-o-teu-obrigada-madre-por\\\/\",\"url\":\"https:\\\/\\\/www.cgfmanet.org\\\/pt-pt\\\/ifma-pt-pt\\\/escreve-aqui-o-teu-obrigada-madre-por\\\/\",\"name\":\"Escreve aqui o teu # Obrigada Madre por... &#8226; Istituto Figlie di Maria Ausiliatrice\",\"isPartOf\":{\"@id\":\"https:\\\/\\\/www.cgfmanet.org\\\/es\\\/#website\"},\"primaryImageOfPage\":{\"@id\":\"https:\\\/\\\/www.cgfmanet.org\\\/pt-pt\\\/ifma-pt-pt\\\/escreve-aqui-o-teu-obrigada-madre-por\\\/#primaryimage\"},\"image\":{\"@id\":\"https:\\\/\\\/www.cgfmanet.org\\\/pt-pt\\\/ifma-pt-pt\\\/escreve-aqui-o-teu-obrigada-madre-por\\\/#primaryimage\"},\"thumbnailUrl\":\"https:\\\/\\\/www.cgfmanet.org\\\/wp-content\\\/uploads\\\/2021\\\/04\\\/Immagine3.jpg\",\"datePublished\":\"2021-04-24T09:26:51+00:00\",\"description\":\"Acontece online, no dia 25 de abril de 2021, a Festa da Gratid\u00e3o Mundial.\",\"breadcrumb\":{\"@id\":\"https:\\\/\\\/www.cgfmanet.org\\\/pt-pt\\\/ifma-pt-pt\\\/escreve-aqui-o-teu-obrigada-madre-por\\\/#breadcrumb\"},\"inLanguage\":\"pt-PT\",\"potentialAction\":[{\"@type\":\"ReadAction\",\"target\":[\"https:\\\/\\\/www.cgfmanet.org\\\/pt-pt\\\/ifma-pt-pt\\\/escreve-aqui-o-teu-obrigada-madre-por\\\/\"]}]},{\"@type\":\"ImageObject\",\"inLanguage\":\"pt-PT\",\"@id\":\"https:\\\/\\\/www.cgfmanet.org\\\/pt-pt\\\/ifma-pt-pt\\\/escreve-aqui-o-teu-obrigada-madre-por\\\/#primaryimage\",\"url\":\"https:\\\/\\\/www.cgfmanet.org\\\/wp-content\\\/uploads\\\/2021\\\/04\\\/Immagine3.jpg\",\"contentUrl\":\"https:\\\/\\\/www.cgfmanet.org\\\/wp-content\\\/uploads\\\/2021\\\/04\\\/Immagine3.jpg\",\"width\":1309,\"height\":711},{\"@type\":\"BreadcrumbList\",\"@id\":\"https:\\\/\\\/www.cgfmanet.org\\\/pt-pt\\\/ifma-pt-pt\\\/escreve-aqui-o-teu-obrigada-madre-por\\\/#breadcrumb\",\"itemListElement\":[{\"@type\":\"ListItem\",\"position\":1,\"name\":\"Home\",\"item\":\"https:\\\/\\\/www.cgfmanet.org\\\/pt-pt\\\/\"},{\"@type\":\"ListItem\",\"position\":2,\"name\":\"Escreve aqui o teu # Obrigada Madre por&#8230;\"}]},{\"@type\":\"WebSite\",\"@id\":\"https:\\\/\\\/www.cgfmanet.org\\\/es\\\/#website\",\"url\":\"https:\\\/\\\/www.cgfmanet.org\\\/es\\\/\",\"name\":\"Istituto Figlie di Maria Ausiliatrice\",\"description\":\"Salesiane di Don Bosco\",\"publisher\":{\"@id\":\"https:\\\/\\\/www.cgfmanet.org\\\/es\\\/#organization\"},\"potentialAction\":[{\"@type\":\"SearchAction\",\"target\":{\"@type\":\"EntryPoint\",\"urlTemplate\":\"https:\\\/\\\/www.cgfmanet.org\\\/es\\\/?s={search_term_string}\"},\"query-input\":{\"@type\":\"PropertyValueSpecification\",\"valueRequired\":true,\"valueName\":\"search_term_string\"}}],\"inLanguage\":\"pt-PT\"},{\"@type\":\"Organization\",\"@id\":\"https:\\\/\\\/www.cgfmanet.org\\\/es\\\/#organization\",\"name\":\"Istituto Figlie di Maria Ausiliatrice\",\"url\":\"https:\\\/\\\/www.cgfmanet.org\\\/es\\\/\",\"logo\":{\"@type\":\"ImageObject\",\"inLanguage\":\"pt-PT\",\"@id\":\"https:\\\/\\\/www.cgfmanet.org\\\/es\\\/#\\\/schema\\\/logo\\\/image\\\/\",\"url\":\"https:\\\/\\\/www.cgfmanet.org\\\/wp-content\\\/uploads\\\/2018\\\/10\\\/logo-fma.png\",\"contentUrl\":\"https:\\\/\\\/www.cgfmanet.org\\\/wp-content\\\/uploads\\\/2018\\\/10\\\/logo-fma.png\",\"width\":214,\"height\":55,\"caption\":\"Istituto Figlie di Maria Ausiliatrice\"},\"image\":{\"@id\":\"https:\\\/\\\/www.cgfmanet.org\\\/es\\\/#\\\/schema\\\/logo\\\/image\\\/\"},\"sameAs\":[\"https:\\\/\\\/www.facebook.com\\\/salesian.sisters.of.don.bosco\\\/\",\"https:\\\/\\\/x.com\\\/Cgfmanet_Org\",\"https:\\\/\\\/www.youtube.com\\\/channel\\\/UCmcr8yFQBV7JXeXVxyV9y5Q\"]},{\"@type\":\"Person\",\"@id\":\"https:\\\/\\\/www.cgfmanet.org\\\/es\\\/#\\\/schema\\\/person\\\/703c410f03e282e766dab407c5be96fe\",\"name\":\"Redazione\"}]}<\/script>\n<!-- \/ Yoast SEO plugin. -->","yoast_head_json":{"title":"Escreve aqui o teu # Obrigada Madre por... &#8226; Istituto Figlie di Maria Ausiliatrice","description":"Acontece online, no dia 25 de abril de 2021, a Festa da Gratid\u00e3o Mundial.","robots":{"index":"index","follow":"follow","max-snippet":"max-snippet:-1","max-image-preview":"max-image-preview:large","max-video-preview":"max-video-preview:-1"},"canonical":"https:\/\/www.cgfmanet.org\/pt-pt\/ifma-pt-pt\/escreve-aqui-o-teu-obrigada-madre-por\/","og_locale":"pt_PT","og_type":"article","og_title":"Escreve aqui o teu # Obrigada Madre por... &#8226; Istituto Figlie di Maria Ausiliatrice","og_description":"Acontece online, no dia 25 de abril de 2021, a Festa da Gratid\u00e3o Mundial.","og_url":"https:\/\/www.cgfmanet.org\/pt-pt\/ifma-pt-pt\/escreve-aqui-o-teu-obrigada-madre-por\/","og_site_name":"Istituto Figlie di Maria Ausiliatrice","article_publisher":"https:\/\/www.facebook.com\/salesian.sisters.of.don.bosco\/","article_published_time":"2021-04-24T09:26:51+00:00","og_image":[{"width":1309,"height":711,"url":"https:\/\/www.cgfmanet.org\/wp-content\/uploads\/2021\/04\/Immagine3.jpg","type":"image\/png"}],"author":"Redazione","twitter_card":"summary_large_image","twitter_creator":"@Cgfmanet_Org","twitter_site":"@Cgfmanet_Org","twitter_misc":{"Escrito por":"Redazione","Tempo estimado de leitura":"1 minuto"},"schema":{"@context":"https:\/\/schema.org","@graph":[{"@type":"Article","@id":"https:\/\/www.cgfmanet.org\/pt-pt\/ifma-pt-pt\/escreve-aqui-o-teu-obrigada-madre-por\/#article","isPartOf":{"@id":"https:\/\/www.cgfmanet.org\/pt-pt\/ifma-pt-pt\/escreve-aqui-o-teu-obrigada-madre-por\/"},"author":{"name":"Redazione","@id":"https:\/\/www.cgfmanet.org\/es\/#\/schema\/person\/703c410f03e282e766dab407c5be96fe"},"headline":"Escreve aqui o teu # Obrigada Madre por&#8230;","datePublished":"2021-04-24T09:26:51+00:00","mainEntityOfPage":{"@id":"https:\/\/www.cgfmanet.org\/pt-pt\/ifma-pt-pt\/escreve-aqui-o-teu-obrigada-madre-por\/"},"wordCount":150,"commentCount":11,"publisher":{"@id":"https:\/\/www.cgfmanet.org\/es\/#organization"},"image":{"@id":"https:\/\/www.cgfmanet.org\/pt-pt\/ifma-pt-pt\/escreve-aqui-o-teu-obrigada-madre-por\/#primaryimage"},"thumbnailUrl":"https:\/\/www.cgfmanet.org\/wp-content\/uploads\/2021\/04\/Immagine3.jpg","keywords":["Festa da Gratid\u00e3o","Madre Geral","RMC","Spiritualit\u00e0 Salesiana","Focus","IFMA","Roma"],"articleSection":["Carisma Salesiano","IFMA"],"inLanguage":"pt-PT","potentialAction":[{"@type":"CommentAction","name":"Comment","target":["https:\/\/www.cgfmanet.org\/pt-pt\/ifma-pt-pt\/escreve-aqui-o-teu-obrigada-madre-por\/#respond"]}]},{"@type":"WebPage","@id":"https:\/\/www.cgfmanet.org\/pt-pt\/ifma-pt-pt\/escreve-aqui-o-teu-obrigada-madre-por\/","url":"https:\/\/www.cgfmanet.org\/pt-pt\/ifma-pt-pt\/escreve-aqui-o-teu-obrigada-madre-por\/","name":"Escreve aqui o teu # Obrigada Madre por... &#8226; Istituto Figlie di Maria Ausiliatrice","isPartOf":{"@id":"https:\/\/www.cgfmanet.org\/es\/#website"},"primaryImageOfPage":{"@id":"https:\/\/www.cgfmanet.org\/pt-pt\/ifma-pt-pt\/escreve-aqui-o-teu-obrigada-madre-por\/#primaryimage"},"image":{"@id":"https:\/\/www.cgfmanet.org\/pt-pt\/ifma-pt-pt\/escreve-aqui-o-teu-obrigada-madre-por\/#primaryimage"},"thumbnailUrl":"https:\/\/www.cgfmanet.org\/wp-content\/uploads\/2021\/04\/Immagine3.jpg","datePublished":"2021-04-24T09:26:51+00:00","description":"Acontece online, no dia 25 de abril de 2021, a Festa da Gratid\u00e3o Mundial.","breadcrumb":{"@id":"https:\/\/www.cgfmanet.org\/pt-pt\/ifma-pt-pt\/escreve-aqui-o-teu-obrigada-madre-por\/#breadcrumb"},"inLanguage":"pt-PT","potentialAction":[{"@type":"ReadAction","target":["https:\/\/www.cgfmanet.org\/pt-pt\/ifma-pt-pt\/escreve-aqui-o-teu-obrigada-madre-por\/"]}]},{"@type":"ImageObject","inLanguage":"pt-PT","@id":"https:\/\/www.cgfmanet.org\/pt-pt\/ifma-pt-pt\/escreve-aqui-o-teu-obrigada-madre-por\/#primaryimage","url":"https:\/\/www.cgfmanet.org\/wp-content\/uploads\/2021\/04\/Immagine3.jpg","contentUrl":"https:\/\/www.cgfmanet.org\/wp-content\/uploads\/2021\/04\/Immagine3.jpg","width":1309,"height":711},{"@type":"BreadcrumbList","@id":"https:\/\/www.cgfmanet.org\/pt-pt\/ifma-pt-pt\/escreve-aqui-o-teu-obrigada-madre-por\/#breadcrumb","itemListElement":[{"@type":"ListItem","position":1,"name":"Home","item":"https:\/\/www.cgfmanet.org\/pt-pt\/"},{"@type":"ListItem","position":2,"name":"Escreve aqui o teu # Obrigada Madre por&#8230;"}]},{"@type":"WebSite","@id":"https:\/\/www.cgfmanet.org\/es\/#website","url":"https:\/\/www.cgfmanet.org\/es\/","name":"Istituto Figlie di Maria Ausiliatrice","description":"Salesiane di Don Bosco","publisher":{"@id":"https:\/\/www.cgfmanet.org\/es\/#organization"},"potentialAction":[{"@type":"SearchAction","target":{"@type":"EntryPoint","urlTemplate":"https:\/\/www.cgfmanet.org\/es\/?s={search_term_string}"},"query-input":{"@type":"PropertyValueSpecification","valueRequired":true,"valueName":"search_term_string"}}],"inLanguage":"pt-PT"},{"@type":"Organization","@id":"https:\/\/www.cgfmanet.org\/es\/#organization","name":"Istituto Figlie di Maria Ausiliatrice","url":"https:\/\/www.cgfmanet.org\/es\/","logo":{"@type":"ImageObject","inLanguage":"pt-PT","@id":"https:\/\/www.cgfmanet.org\/es\/#\/schema\/logo\/image\/","url":"https:\/\/www.cgfmanet.org\/wp-content\/uploads\/2018\/10\/logo-fma.png","contentUrl":"https:\/\/www.cgfmanet.org\/wp-content\/uploads\/2018\/10\/logo-fma.png","width":214,"height":55,"caption":"Istituto Figlie di Maria Ausiliatrice"},"image":{"@id":"https:\/\/www.cgfmanet.org\/es\/#\/schema\/logo\/image\/"},"sameAs":["https:\/\/www.facebook.com\/salesian.sisters.of.don.bosco\/","https:\/\/x.com\/Cgfmanet_Org","https:\/\/www.youtube.com\/channel\/UCmcr8yFQBV7JXeXVxyV9y5Q"]},{"@type":"Person","@id":"https:\/\/www.cgfmanet.org\/es\/#\/schema\/person\/703c410f03e282e766dab407c5be96fe","name":"Redazione"}]}},"_links":{"self":[{"href":"https:\/\/www.cgfmanet.org\/pt-pt\/wp-json\/wp\/v2\/posts\/44307","targetHints":{"allow":["GET"]}}],"collection":[{"href":"https:\/\/www.cgfmanet.org\/pt-pt\/wp-json\/wp\/v2\/posts"}],"about":[{"href":"https:\/\/www.cgfmanet.org\/pt-pt\/wp-json\/wp\/v2\/types\/post"}],"author":[{"embeddable":true,"href":"https:\/\/www.cgfmanet.org\/pt-pt\/wp-json\/wp\/v2\/users\/19"}],"replies":[{"embeddable":true,"href":"https:\/\/www.cgfmanet.org\/pt-pt\/wp-json\/wp\/v2\/comments?post=44307"}],"version-history":[{"count":0,"href":"https:\/\/www.cgfmanet.org\/pt-pt\/wp-json\/wp\/v2\/posts\/44307\/revisions"}],"wp:featuredmedia":[{"embeddable":true,"href":"https:\/\/www.cgfmanet.org\/pt-pt\/wp-json\/wp\/v2\/media\/44295"}],"wp:attachment":[{"href":"https:\/\/www.cgfmanet.org\/pt-pt\/wp-json\/wp\/v2\/media?parent=44307"}],"wp:term":[{"taxonomy":"category","embeddable":true,"href":"https:\/\/www.cgfmanet.org\/pt-pt\/wp-json\/wp\/v2\/categories?post=44307"},{"taxonomy":"post_tag","embeddable":true,"href":"https:\/\/www.cgfmanet.org\/pt-pt\/wp-json\/wp\/v2\/tags?post=44307"}],"curies":[{"name":"wp","href":"https:\/\/api.w.org\/{rel}","templated":true}]}}