{"id":43630,"date":"2021-04-09T20:32:57","date_gmt":"2021-04-09T18:32:57","guid":{"rendered":"https:\/\/www.cgfmanet.org\/?p=43630"},"modified":"2021-04-12T18:50:04","modified_gmt":"2021-04-12T16:50:04","slug":"filha-como-foi-ela","status":"publish","type":"post","link":"https:\/\/www.cgfmanet.org\/pt-pt\/ifma-pt-pt\/filha-como-foi-ela\/","title":{"rendered":"Filha como foi ela"},"content":{"rendered":"<p><strong>Roma, (It\u00e1lia).<\/strong>\u00a0 A Comunidade do <strong>Noviciado Internacional Irm\u00e3 Teresa Vals\u00e9 Pantellini<\/strong> do Instituto das Filhas de Maria Auxiliadora na Via Appia de Roma compartilha, <u>com um evento online<\/u>, o trabalho de estudo e aprofundamento sobre a vida e miss\u00e3o da Serva de Deus <strong>Irm\u00e3 Antonieta B\u00f6hm, FMA.<\/strong><\/p>\n<p>As novi\u00e7as, no caminho formativo de prepara\u00e7\u00e3o \u00e0 Profiss\u00e3o Religiosa no Instituto das FMA, a cada ano aprofundam e apresentam a vida de uma Filha de Maria Auxiliadora.\u00a0 Em 2018 foi apresentada a biografia da <span style=\"color: #0000ff;\"><strong><a style=\"color: #0000ff;\" href=\"https:\/\/drive.google.com\/drive\/u\/1\/folders\/1cRmJRz8xHFbZ0HQcAuVXXaUgSlxIXTNO\" target=\"_blank\" rel=\"noopener\"><em>Irm\u00e3 Maria Romero<\/em><\/a><\/strong><\/span>. Em 2019 foi encenada uma representa\u00e7\u00e3o teatral da personalidade da <a href=\"https:\/\/drive.google.com\/drive\/u\/1\/folders\/1X-GNQAHVq4zHea3BjmdhMu8534KQJ69s\" target=\"_blank\" rel=\"noopener\"><strong><span style=\"color: #0000ff;\"><em>Irm\u00e3 Teresa Vals\u00e8 Pantellini<\/em><\/span><\/strong>.<\/a> .\u00a0 Em 2020, por\u00e9m, foi dada aten\u00e7\u00e3o ao trabalho incans\u00e1vel da <a href=\"https:\/\/www.cgfmanet.org\/pt-pt\/ifma-pt-pt\/la-mia-vocazione-e-servire-i-poveri\/\" target=\"_blank\" rel=\"noopener\"><strong><span style=\"color: #0000ff;\"><em>suor Nancy Pereira\u00a0<\/em><\/span><\/strong><\/a>entre os mais pobres da \u00cdndia.<\/p>\n<p>Este ano, conheceram e aprofundaram<span style=\"color: #0000ff;\"> <strong><i><em><a style=\"color: #0000ff;\" href=\"https:\/\/drive.google.com\/drive\/u\/1\/folders\/1X-GNQAHVq4zHea3BjmdhMu8534KQJ69s\" target=\"_blank\" rel=\"noopener\">Irm\u00e3<\/a> <\/em><\/i><a style=\"color: #0000ff;\" href=\"https:\/\/drive.google.com\/drive\/u\/0\/folders\/17JgS-Hbz1YiImdL0lUYFO__jg9ZBXiEA\" target=\"_blank\" rel=\"noopener\">Antonieta B\u00f6hm\u00a0<\/a><\/strong><\/span>mission\u00e1ria, Filha de Maria Auxiliadora, da Inspetoria do M\u00e9xico Sul <em>Nossa Senhora de Guadalupe<\/em> (MME), j\u00e1 proclamada <em>Serva de Deus<\/em>, cuja causa de beatifica\u00e7\u00e3o est\u00e1 em andamento.<\/p>\n<p>Muitos s\u00e3o os testemunhos que descrevem a maternidade de Irm\u00e3 Antonieta, a sua predile\u00e7\u00e3o pelos pobres e pela salva\u00e7\u00e3o do mundo, o amor ardente a Jesus, o chamado a ser transpar\u00eancia de Maria Auxiliadora para ser em toda parte a sua m\u00e3o aben\u00e7oadora.<\/p>\n<p><img decoding=\"async\" class=\"wp-image-43622 alignleft lazyload\" data-src=\"https:\/\/www.cgfmanet.org\/wp-content\/uploads\/2021\/04\/2_Antonietta-Bohm-DEF-scaled.jpg\" alt=\"\" width=\"264\" height=\"374\" data-srcset=\"https:\/\/www.cgfmanet.org\/wp-content\/uploads\/2021\/04\/2_Antonietta-Bohm-DEF-scaled.jpg 1809w, https:\/\/www.cgfmanet.org\/wp-content\/uploads\/2021\/04\/2_Antonietta-Bohm-DEF-768x1087.jpg 768w, https:\/\/www.cgfmanet.org\/wp-content\/uploads\/2021\/04\/2_Antonietta-Bohm-DEF-1086x1536.jpg 1086w, https:\/\/www.cgfmanet.org\/wp-content\/uploads\/2021\/04\/2_Antonietta-Bohm-DEF-1448x2048.jpg 1448w, https:\/\/www.cgfmanet.org\/wp-content\/uploads\/2021\/04\/2_Antonietta-Bohm-DEF-696x985.jpg 696w, https:\/\/www.cgfmanet.org\/wp-content\/uploads\/2021\/04\/2_Antonietta-Bohm-DEF-297x420.jpg 297w\" data-sizes=\"auto\" src=\"data:image\/svg+xml;base64,PHN2ZyB3aWR0aD0iMSIgaGVpZ2h0PSIxIiB4bWxucz0iaHR0cDovL3d3dy53My5vcmcvMjAwMC9zdmciPjwvc3ZnPg==\" style=\"--smush-placeholder-width: 264px; --smush-placeholder-aspect-ratio: 264\/374;\" data-original-sizes=\"(max-width: 264px) 100vw, 264px\" \/><\/p>\n<p>&nbsp;<\/p>\n<p>O objetivo do encontro \u00e9 compartilhar como a proximidade de Ir. Antonieta acompanhou as novi\u00e7as e a comunidade neste tempo de forma\u00e7\u00e3o, quais foram os aspectos mais relevantes de sua vida e como sua personalidade e espiritualidade podem desafiar hoje a vida dos jovens e das comunidades.<\/p>\n<p>O encontro \u00e9 no<strong><span style=\"color: #993300;\"> domingo, 18 de abril, \u00e0s 17:00,<\/span> <span style=\"color: #993300;\">hora italiana<\/span><\/strong>, atrav\u00e9s do <span style=\"color: #993300;\"><strong>Youtube ao vivo<\/strong>.<\/span><\/p>\n<h3><\/h3>\n<p>&nbsp;<\/p>\n<p>&nbsp;<\/p>\n<h3 style=\"text-align: center;\"><strong>Youtube:<span style=\"color: #0000ff;\"> <a style=\"color: #0000ff;\" href=\"https:\/\/urlsand.esvalabs.com\/?u=https%3A%2F%2Fyoutu.be%2FF8ySR5FWQGU&amp;e=ce7c9330&amp;h=39385f74&amp;f=y&amp;p=y\" target=\"_blank\" rel=\"noopener\">https:\/\/youtu.be\/F8ySR5FWQGU<\/a><\/span><\/strong><\/h3>\n<h3 style=\"text-align: center;\"><strong>Youtube <em>Companhia do C\u00e9u:<\/em> <span style=\"color: #0000ff;\"><a style=\"color: #0000ff;\" href=\"https:\/\/bit.ly\/2Q52UqX\" target=\"_blank\" rel=\"noopener\">https:\/\/bit.ly\/2Q52UqX<\/a><\/span><\/strong><\/h3>\n<p>&nbsp;<\/p>\n<p><strong>Irm\u00e3 Antonieta B\u00f6hm<\/strong> nasceu em Bottrop (Alemanha) em 22 de setembro de 1907. Desde jovem sentiu o chamado para ser mission\u00e1ria e ingressou no Instituto das Filhas de Maria Auxiliadora (FMA).\u00a0 Emitiu os votos religiosos em 5 de agosto de 1928 e em 1934 partiu para a Argentina.\u00a0 Ap\u00f3s trinta anos de trabalho mission\u00e1rio, foi enviada ao Peru, depois \u00e0 Bol\u00edvia e ao M\u00e9xico.\u00a0 \u00c9 caracterizada pela capacidade de anima\u00e7\u00e3o s\u00e1bia e materna, de amor aos pobres, de amor ardente a Jesus e de confian\u00e7a filial em Maria Auxiliadora.<\/p>\n<p>Irm\u00e3 Antonieta \u00e9 recordada pela sua bondade materna, o rosto sorridente e uma miss\u00e3o particular ligada a uma estatueta de Maria Auxiliadora, que recebeu em 1973 da Irm\u00e3 Ersilia Crugnola com a recomenda\u00e7\u00e3o de &#8220;faz\u00ea-la trabalhar&#8221;. Por isso, aben\u00e7oava todo o mundo e, em particular, os enfermos e pessoas que se confiavam \u00e0 sua intercess\u00e3o e muitos experimentavam a efic\u00e1cia extraordin\u00e1ria desta b\u00ean\u00e7\u00e3o.\u00a0 Morreu em Coacalco (M\u00e9xico) em 27 de abril de 2008.<\/p>\n","protected":false},"excerpt":{"rendered":"<p>Roma, (It\u00e1lia).\u00a0 A Comunidade do Noviciado Internacional Irm\u00e3 Teresa Vals\u00e9 Pantellini do Instituto das Filhas de Maria Auxiliadora na Via Appia de Roma compartilha, com um evento online, o trabalho [&hellip;]<\/p>\n","protected":false},"author":19,"featured_media":43620,"comment_status":"open","ping_status":"closed","sticky":false,"template":"","format":"standard","meta":{"footnotes":""},"categories":[166,159],"tags":[403,1266,1449,1665,1930],"class_list":["post-43630","post","type-post","status-publish","format-standard","has-post-thumbnail","category-carisma-salesiano-pt","category-ifma-pt-pt","tag-noviciado","tag-mme-pt-pt","tag-santidade-salesiana","tag-spiritualita-salesiana-pt-pt","tag-focus-pt-pt"],"yoast_head":"<!-- This site is optimized with the Yoast SEO plugin v27.4 - https:\/\/yoast.com\/product\/yoast-seo-wordpress\/ -->\n<title>Filha como foi ela &#8226; Istituto Figlie di Maria Ausiliatrice<\/title>\n<meta name=\"description\" content=\"A Comunidade do Noviciado Internacional Irm\u00e3 Teresa Vals\u00e9 Pantellini do Instituto das FMA de Roma apresenta a experi\u00eancia de vida e miss\u00e3o da Irm\u00e3 Antonieta B\u00f6hm, FMA.\" \/>\n<meta name=\"robots\" content=\"index, follow, max-snippet:-1, max-image-preview:large, max-video-preview:-1\" \/>\n<link rel=\"canonical\" href=\"https:\/\/www.cgfmanet.org\/pt-pt\/ifma-pt-pt\/filha-como-foi-ela\/\" \/>\n<meta property=\"og:locale\" content=\"pt_PT\" \/>\n<meta property=\"og:type\" content=\"article\" \/>\n<meta property=\"og:title\" content=\"Filha como foi ela &#8226; Istituto Figlie di Maria Ausiliatrice\" \/>\n<meta property=\"og:description\" content=\"A Comunidade do Noviciado Internacional Irm\u00e3 Teresa Vals\u00e9 Pantellini do Instituto das FMA de Roma apresenta a experi\u00eancia de vida e miss\u00e3o da Irm\u00e3 Antonieta B\u00f6hm, FMA.\" \/>\n<meta property=\"og:url\" content=\"https:\/\/www.cgfmanet.org\/pt-pt\/ifma-pt-pt\/filha-como-foi-ela\/\" \/>\n<meta property=\"og:site_name\" content=\"Istituto Figlie di Maria Ausiliatrice\" \/>\n<meta property=\"article:publisher\" content=\"https:\/\/www.facebook.com\/salesian.sisters.of.don.bosco\/\" \/>\n<meta property=\"article:published_time\" content=\"2021-04-09T18:32:57+00:00\" \/>\n<meta property=\"article:modified_time\" content=\"2021-04-12T16:50:04+00:00\" \/>\n<meta property=\"og:image\" content=\"https:\/\/www.cgfmanet.org\/wp-content\/uploads\/2021\/04\/2-nov..jpg\" \/>\n\t<meta property=\"og:image:width\" content=\"1200\" \/>\n\t<meta property=\"og:image:height\" content=\"800\" \/>\n\t<meta property=\"og:image:type\" content=\"image\/jpeg\" \/>\n<meta name=\"author\" content=\"Redazione\" \/>\n<meta name=\"twitter:card\" content=\"summary_large_image\" \/>\n<meta name=\"twitter:creator\" content=\"@Cgfmanet_Org\" \/>\n<meta name=\"twitter:site\" content=\"@Cgfmanet_Org\" \/>\n<meta name=\"twitter:label1\" content=\"Escrito por\" \/>\n\t<meta name=\"twitter:data1\" content=\"Redazione\" \/>\n\t<meta name=\"twitter:label2\" content=\"Tempo estimado de leitura\" \/>\n\t<meta name=\"twitter:data2\" content=\"3 minutos\" \/>\n<script type=\"application\/ld+json\" class=\"yoast-schema-graph\">{\"@context\":\"https:\\\/\\\/schema.org\",\"@graph\":[{\"@type\":\"Article\",\"@id\":\"https:\\\/\\\/www.cgfmanet.org\\\/pt-pt\\\/ifma-pt-pt\\\/filha-como-foi-ela\\\/#article\",\"isPartOf\":{\"@id\":\"https:\\\/\\\/www.cgfmanet.org\\\/pt-pt\\\/ifma-pt-pt\\\/filha-como-foi-ela\\\/\"},\"author\":{\"name\":\"Redazione\",\"@id\":\"https:\\\/\\\/www.cgfmanet.org\\\/es\\\/#\\\/schema\\\/person\\\/703c410f03e282e766dab407c5be96fe\"},\"headline\":\"Filha como foi ela\",\"datePublished\":\"2021-04-09T18:32:57+00:00\",\"dateModified\":\"2021-04-12T16:50:04+00:00\",\"mainEntityOfPage\":{\"@id\":\"https:\\\/\\\/www.cgfmanet.org\\\/pt-pt\\\/ifma-pt-pt\\\/filha-como-foi-ela\\\/\"},\"wordCount\":469,\"commentCount\":0,\"publisher\":{\"@id\":\"https:\\\/\\\/www.cgfmanet.org\\\/es\\\/#organization\"},\"image\":{\"@id\":\"https:\\\/\\\/www.cgfmanet.org\\\/pt-pt\\\/ifma-pt-pt\\\/filha-como-foi-ela\\\/#primaryimage\"},\"thumbnailUrl\":\"https:\\\/\\\/www.cgfmanet.org\\\/wp-content\\\/uploads\\\/2021\\\/04\\\/2-nov..jpg\",\"keywords\":[\"Noviciado\",\"MME\",\"Santidade Salesiana\",\"Spiritualit\u00e0 Salesiana\",\"Focus\"],\"articleSection\":[\"Carisma Salesiano\",\"IFMA\"],\"inLanguage\":\"pt-PT\",\"potentialAction\":[{\"@type\":\"CommentAction\",\"name\":\"Comment\",\"target\":[\"https:\\\/\\\/www.cgfmanet.org\\\/pt-pt\\\/ifma-pt-pt\\\/filha-como-foi-ela\\\/#respond\"]}]},{\"@type\":\"WebPage\",\"@id\":\"https:\\\/\\\/www.cgfmanet.org\\\/pt-pt\\\/ifma-pt-pt\\\/filha-como-foi-ela\\\/\",\"url\":\"https:\\\/\\\/www.cgfmanet.org\\\/pt-pt\\\/ifma-pt-pt\\\/filha-como-foi-ela\\\/\",\"name\":\"Filha como foi ela &#8226; Istituto Figlie di Maria Ausiliatrice\",\"isPartOf\":{\"@id\":\"https:\\\/\\\/www.cgfmanet.org\\\/es\\\/#website\"},\"primaryImageOfPage\":{\"@id\":\"https:\\\/\\\/www.cgfmanet.org\\\/pt-pt\\\/ifma-pt-pt\\\/filha-como-foi-ela\\\/#primaryimage\"},\"image\":{\"@id\":\"https:\\\/\\\/www.cgfmanet.org\\\/pt-pt\\\/ifma-pt-pt\\\/filha-como-foi-ela\\\/#primaryimage\"},\"thumbnailUrl\":\"https:\\\/\\\/www.cgfmanet.org\\\/wp-content\\\/uploads\\\/2021\\\/04\\\/2-nov..jpg\",\"datePublished\":\"2021-04-09T18:32:57+00:00\",\"dateModified\":\"2021-04-12T16:50:04+00:00\",\"description\":\"A Comunidade do Noviciado Internacional Irm\u00e3 Teresa Vals\u00e9 Pantellini do Instituto das FMA de Roma apresenta a experi\u00eancia de vida e miss\u00e3o da Irm\u00e3 Antonieta B\u00f6hm, FMA.\",\"breadcrumb\":{\"@id\":\"https:\\\/\\\/www.cgfmanet.org\\\/pt-pt\\\/ifma-pt-pt\\\/filha-como-foi-ela\\\/#breadcrumb\"},\"inLanguage\":\"pt-PT\",\"potentialAction\":[{\"@type\":\"ReadAction\",\"target\":[\"https:\\\/\\\/www.cgfmanet.org\\\/pt-pt\\\/ifma-pt-pt\\\/filha-como-foi-ela\\\/\"]}]},{\"@type\":\"ImageObject\",\"inLanguage\":\"pt-PT\",\"@id\":\"https:\\\/\\\/www.cgfmanet.org\\\/pt-pt\\\/ifma-pt-pt\\\/filha-como-foi-ela\\\/#primaryimage\",\"url\":\"https:\\\/\\\/www.cgfmanet.org\\\/wp-content\\\/uploads\\\/2021\\\/04\\\/2-nov..jpg\",\"contentUrl\":\"https:\\\/\\\/www.cgfmanet.org\\\/wp-content\\\/uploads\\\/2021\\\/04\\\/2-nov..jpg\",\"width\":1200,\"height\":800},{\"@type\":\"BreadcrumbList\",\"@id\":\"https:\\\/\\\/www.cgfmanet.org\\\/pt-pt\\\/ifma-pt-pt\\\/filha-como-foi-ela\\\/#breadcrumb\",\"itemListElement\":[{\"@type\":\"ListItem\",\"position\":1,\"name\":\"Home\",\"item\":\"https:\\\/\\\/www.cgfmanet.org\\\/pt-pt\\\/\"},{\"@type\":\"ListItem\",\"position\":2,\"name\":\"Filha como foi ela\"}]},{\"@type\":\"WebSite\",\"@id\":\"https:\\\/\\\/www.cgfmanet.org\\\/es\\\/#website\",\"url\":\"https:\\\/\\\/www.cgfmanet.org\\\/es\\\/\",\"name\":\"Istituto Figlie di Maria Ausiliatrice\",\"description\":\"Salesiane di Don Bosco\",\"publisher\":{\"@id\":\"https:\\\/\\\/www.cgfmanet.org\\\/es\\\/#organization\"},\"potentialAction\":[{\"@type\":\"SearchAction\",\"target\":{\"@type\":\"EntryPoint\",\"urlTemplate\":\"https:\\\/\\\/www.cgfmanet.org\\\/es\\\/?s={search_term_string}\"},\"query-input\":{\"@type\":\"PropertyValueSpecification\",\"valueRequired\":true,\"valueName\":\"search_term_string\"}}],\"inLanguage\":\"pt-PT\"},{\"@type\":\"Organization\",\"@id\":\"https:\\\/\\\/www.cgfmanet.org\\\/es\\\/#organization\",\"name\":\"Istituto Figlie di Maria Ausiliatrice\",\"url\":\"https:\\\/\\\/www.cgfmanet.org\\\/es\\\/\",\"logo\":{\"@type\":\"ImageObject\",\"inLanguage\":\"pt-PT\",\"@id\":\"https:\\\/\\\/www.cgfmanet.org\\\/es\\\/#\\\/schema\\\/logo\\\/image\\\/\",\"url\":\"https:\\\/\\\/www.cgfmanet.org\\\/wp-content\\\/uploads\\\/2018\\\/10\\\/logo-fma.png\",\"contentUrl\":\"https:\\\/\\\/www.cgfmanet.org\\\/wp-content\\\/uploads\\\/2018\\\/10\\\/logo-fma.png\",\"width\":214,\"height\":55,\"caption\":\"Istituto Figlie di Maria Ausiliatrice\"},\"image\":{\"@id\":\"https:\\\/\\\/www.cgfmanet.org\\\/es\\\/#\\\/schema\\\/logo\\\/image\\\/\"},\"sameAs\":[\"https:\\\/\\\/www.facebook.com\\\/salesian.sisters.of.don.bosco\\\/\",\"https:\\\/\\\/x.com\\\/Cgfmanet_Org\",\"https:\\\/\\\/www.youtube.com\\\/channel\\\/UCmcr8yFQBV7JXeXVxyV9y5Q\"]},{\"@type\":\"Person\",\"@id\":\"https:\\\/\\\/www.cgfmanet.org\\\/es\\\/#\\\/schema\\\/person\\\/703c410f03e282e766dab407c5be96fe\",\"name\":\"Redazione\"}]}<\/script>\n<!-- \/ Yoast SEO plugin. -->","yoast_head_json":{"title":"Filha como foi ela &#8226; Istituto Figlie di Maria Ausiliatrice","description":"A Comunidade do Noviciado Internacional Irm\u00e3 Teresa Vals\u00e9 Pantellini do Instituto das FMA de Roma apresenta a experi\u00eancia de vida e miss\u00e3o da Irm\u00e3 Antonieta B\u00f6hm, FMA.","robots":{"index":"index","follow":"follow","max-snippet":"max-snippet:-1","max-image-preview":"max-image-preview:large","max-video-preview":"max-video-preview:-1"},"canonical":"https:\/\/www.cgfmanet.org\/pt-pt\/ifma-pt-pt\/filha-como-foi-ela\/","og_locale":"pt_PT","og_type":"article","og_title":"Filha como foi ela &#8226; Istituto Figlie di Maria Ausiliatrice","og_description":"A Comunidade do Noviciado Internacional Irm\u00e3 Teresa Vals\u00e9 Pantellini do Instituto das FMA de Roma apresenta a experi\u00eancia de vida e miss\u00e3o da Irm\u00e3 Antonieta B\u00f6hm, FMA.","og_url":"https:\/\/www.cgfmanet.org\/pt-pt\/ifma-pt-pt\/filha-como-foi-ela\/","og_site_name":"Istituto Figlie di Maria Ausiliatrice","article_publisher":"https:\/\/www.facebook.com\/salesian.sisters.of.don.bosco\/","article_published_time":"2021-04-09T18:32:57+00:00","article_modified_time":"2021-04-12T16:50:04+00:00","og_image":[{"width":1200,"height":800,"url":"https:\/\/www.cgfmanet.org\/wp-content\/uploads\/2021\/04\/2-nov..jpg","type":"image\/jpeg"}],"author":"Redazione","twitter_card":"summary_large_image","twitter_creator":"@Cgfmanet_Org","twitter_site":"@Cgfmanet_Org","twitter_misc":{"Escrito por":"Redazione","Tempo estimado de leitura":"3 minutos"},"schema":{"@context":"https:\/\/schema.org","@graph":[{"@type":"Article","@id":"https:\/\/www.cgfmanet.org\/pt-pt\/ifma-pt-pt\/filha-como-foi-ela\/#article","isPartOf":{"@id":"https:\/\/www.cgfmanet.org\/pt-pt\/ifma-pt-pt\/filha-como-foi-ela\/"},"author":{"name":"Redazione","@id":"https:\/\/www.cgfmanet.org\/es\/#\/schema\/person\/703c410f03e282e766dab407c5be96fe"},"headline":"Filha como foi ela","datePublished":"2021-04-09T18:32:57+00:00","dateModified":"2021-04-12T16:50:04+00:00","mainEntityOfPage":{"@id":"https:\/\/www.cgfmanet.org\/pt-pt\/ifma-pt-pt\/filha-como-foi-ela\/"},"wordCount":469,"commentCount":0,"publisher":{"@id":"https:\/\/www.cgfmanet.org\/es\/#organization"},"image":{"@id":"https:\/\/www.cgfmanet.org\/pt-pt\/ifma-pt-pt\/filha-como-foi-ela\/#primaryimage"},"thumbnailUrl":"https:\/\/www.cgfmanet.org\/wp-content\/uploads\/2021\/04\/2-nov..jpg","keywords":["Noviciado","MME","Santidade Salesiana","Spiritualit\u00e0 Salesiana","Focus"],"articleSection":["Carisma Salesiano","IFMA"],"inLanguage":"pt-PT","potentialAction":[{"@type":"CommentAction","name":"Comment","target":["https:\/\/www.cgfmanet.org\/pt-pt\/ifma-pt-pt\/filha-como-foi-ela\/#respond"]}]},{"@type":"WebPage","@id":"https:\/\/www.cgfmanet.org\/pt-pt\/ifma-pt-pt\/filha-como-foi-ela\/","url":"https:\/\/www.cgfmanet.org\/pt-pt\/ifma-pt-pt\/filha-como-foi-ela\/","name":"Filha como foi ela &#8226; Istituto Figlie di Maria Ausiliatrice","isPartOf":{"@id":"https:\/\/www.cgfmanet.org\/es\/#website"},"primaryImageOfPage":{"@id":"https:\/\/www.cgfmanet.org\/pt-pt\/ifma-pt-pt\/filha-como-foi-ela\/#primaryimage"},"image":{"@id":"https:\/\/www.cgfmanet.org\/pt-pt\/ifma-pt-pt\/filha-como-foi-ela\/#primaryimage"},"thumbnailUrl":"https:\/\/www.cgfmanet.org\/wp-content\/uploads\/2021\/04\/2-nov..jpg","datePublished":"2021-04-09T18:32:57+00:00","dateModified":"2021-04-12T16:50:04+00:00","description":"A Comunidade do Noviciado Internacional Irm\u00e3 Teresa Vals\u00e9 Pantellini do Instituto das FMA de Roma apresenta a experi\u00eancia de vida e miss\u00e3o da Irm\u00e3 Antonieta B\u00f6hm, FMA.","breadcrumb":{"@id":"https:\/\/www.cgfmanet.org\/pt-pt\/ifma-pt-pt\/filha-como-foi-ela\/#breadcrumb"},"inLanguage":"pt-PT","potentialAction":[{"@type":"ReadAction","target":["https:\/\/www.cgfmanet.org\/pt-pt\/ifma-pt-pt\/filha-como-foi-ela\/"]}]},{"@type":"ImageObject","inLanguage":"pt-PT","@id":"https:\/\/www.cgfmanet.org\/pt-pt\/ifma-pt-pt\/filha-como-foi-ela\/#primaryimage","url":"https:\/\/www.cgfmanet.org\/wp-content\/uploads\/2021\/04\/2-nov..jpg","contentUrl":"https:\/\/www.cgfmanet.org\/wp-content\/uploads\/2021\/04\/2-nov..jpg","width":1200,"height":800},{"@type":"BreadcrumbList","@id":"https:\/\/www.cgfmanet.org\/pt-pt\/ifma-pt-pt\/filha-como-foi-ela\/#breadcrumb","itemListElement":[{"@type":"ListItem","position":1,"name":"Home","item":"https:\/\/www.cgfmanet.org\/pt-pt\/"},{"@type":"ListItem","position":2,"name":"Filha como foi ela"}]},{"@type":"WebSite","@id":"https:\/\/www.cgfmanet.org\/es\/#website","url":"https:\/\/www.cgfmanet.org\/es\/","name":"Istituto Figlie di Maria Ausiliatrice","description":"Salesiane di Don Bosco","publisher":{"@id":"https:\/\/www.cgfmanet.org\/es\/#organization"},"potentialAction":[{"@type":"SearchAction","target":{"@type":"EntryPoint","urlTemplate":"https:\/\/www.cgfmanet.org\/es\/?s={search_term_string}"},"query-input":{"@type":"PropertyValueSpecification","valueRequired":true,"valueName":"search_term_string"}}],"inLanguage":"pt-PT"},{"@type":"Organization","@id":"https:\/\/www.cgfmanet.org\/es\/#organization","name":"Istituto Figlie di Maria Ausiliatrice","url":"https:\/\/www.cgfmanet.org\/es\/","logo":{"@type":"ImageObject","inLanguage":"pt-PT","@id":"https:\/\/www.cgfmanet.org\/es\/#\/schema\/logo\/image\/","url":"https:\/\/www.cgfmanet.org\/wp-content\/uploads\/2018\/10\/logo-fma.png","contentUrl":"https:\/\/www.cgfmanet.org\/wp-content\/uploads\/2018\/10\/logo-fma.png","width":214,"height":55,"caption":"Istituto Figlie di Maria Ausiliatrice"},"image":{"@id":"https:\/\/www.cgfmanet.org\/es\/#\/schema\/logo\/image\/"},"sameAs":["https:\/\/www.facebook.com\/salesian.sisters.of.don.bosco\/","https:\/\/x.com\/Cgfmanet_Org","https:\/\/www.youtube.com\/channel\/UCmcr8yFQBV7JXeXVxyV9y5Q"]},{"@type":"Person","@id":"https:\/\/www.cgfmanet.org\/es\/#\/schema\/person\/703c410f03e282e766dab407c5be96fe","name":"Redazione"}]}},"_links":{"self":[{"href":"https:\/\/www.cgfmanet.org\/pt-pt\/wp-json\/wp\/v2\/posts\/43630","targetHints":{"allow":["GET"]}}],"collection":[{"href":"https:\/\/www.cgfmanet.org\/pt-pt\/wp-json\/wp\/v2\/posts"}],"about":[{"href":"https:\/\/www.cgfmanet.org\/pt-pt\/wp-json\/wp\/v2\/types\/post"}],"author":[{"embeddable":true,"href":"https:\/\/www.cgfmanet.org\/pt-pt\/wp-json\/wp\/v2\/users\/19"}],"replies":[{"embeddable":true,"href":"https:\/\/www.cgfmanet.org\/pt-pt\/wp-json\/wp\/v2\/comments?post=43630"}],"version-history":[{"count":0,"href":"https:\/\/www.cgfmanet.org\/pt-pt\/wp-json\/wp\/v2\/posts\/43630\/revisions"}],"wp:featuredmedia":[{"embeddable":true,"href":"https:\/\/www.cgfmanet.org\/pt-pt\/wp-json\/wp\/v2\/media\/43620"}],"wp:attachment":[{"href":"https:\/\/www.cgfmanet.org\/pt-pt\/wp-json\/wp\/v2\/media?parent=43630"}],"wp:term":[{"taxonomy":"category","embeddable":true,"href":"https:\/\/www.cgfmanet.org\/pt-pt\/wp-json\/wp\/v2\/categories?post=43630"},{"taxonomy":"post_tag","embeddable":true,"href":"https:\/\/www.cgfmanet.org\/pt-pt\/wp-json\/wp\/v2\/tags?post=43630"}],"curies":[{"name":"wp","href":"https:\/\/api.w.org\/{rel}","templated":true}]}}