{"id":41320,"date":"2021-03-05T15:06:50","date_gmt":"2021-03-05T14:06:50","guid":{"rendered":"https:\/\/www.cgfmanet.org\/infosfera-pt-pt\/fma-nominata-consigliera-della-repam\/"},"modified":"2021-03-08T16:38:25","modified_gmt":"2021-03-08T15:38:25","slug":"fma-nomeada-conselheira-da-repam","status":"publish","type":"post","link":"https:\/\/www.cgfmanet.org\/pt-pt\/infosfera-pt-pt\/fma-nomeada-conselheira-da-repam\/","title":{"rendered":"FMA nomeada Conselheira da REPAM"},"content":{"rendered":"<p><strong>(Brasil). <\/strong>Em 5 de mar\u00e7o de 2021, a Rede Eclesial Pan-amaz\u00f4nica (REPAM) &#8211; a Rede de Bispos que coordenou as atividades das Dioceses, Congrega\u00e7\u00f5es Religiosas, Associa\u00e7\u00f5es e ONG cat\u00f3licas na regi\u00e3o amaz\u00f4nica &#8211; comunicou a elei\u00e7\u00e3o de tr\u00eas representates da Amaz\u00f4nia o Conselho da Presid\u00eancia, entre as quais, Ir. Maria Carmelita de Lima Concei\u00e7\u00e3o, Filha de Maria Auxiliadora, Inspetora da Inspetoria <em>Nossa Senhora da Amaz\u00f4nia<\/em>, de Manaus (BRM), como Conselheira.<\/p>\n<p>No Comunicado se l\u00ea:<\/p>\n<p><em>A <a href=\"https:\/\/redamazonica.org\/\" target=\"_blank\" rel=\"noopener\"><u>Rede Eclesial Panamaz\u00f4nica (REPAM)<\/u> <\/a>assume, como Igreja, as propostas do S\u00ednodo dos Bispos para a Amaz\u00f4nia: \u201cUma Igreja de rosto amaz\u00f4nico precisa que suas comunidades sejam impregnadas de esp\u00edrito sinodal, apoiadas em estruturas organizacionais de acordo com esta din\u00e2mica, como aut\u00eanticos corpos de &#8216;comunh\u00e3o&#8217;, (&#8230;) prestando particular aten\u00e7\u00e3o \u00e0 participa\u00e7\u00e3o efetiva dos leigos no discernimento e na tomada de decis\u00f5es, fortalecendo a participa\u00e7\u00e3o das mulheres\u201d. (DF 92)<\/em><\/p>\n<p><em>No <a href=\"http:\/\/www.vatican.va\/roman_curia\/synod\/documents\/rc_synod_doc_20191026_sinodo-amazzonia_po.html\" target=\"_blank\" rel=\"noopener\"><u>Documento Final do S\u00ednodo<\/u><\/a> \u00e9 expl\u00edcito: \u201cque a voz das mulheres seja ouvida, que sejam consultadas e participem nas decis\u00f5es e, assim, possam contribuir com sua sensibilidade para a sinodalidade eclesial\u201d (DF 101). Al\u00e9m disso, na Exorta\u00e7\u00e3o Apost\u00f3lica p\u00f3s-sinodal <a href=\"http:\/\/www.vatican.va\/content\/francesco\/pt\/apost_exhortations\/documents\/papa-francesco_esortazione-ap_20200202_querida-amazonia.html\" target=\"_blank\" rel=\"noopener\"><u>Querida Amaz\u00f4n\u00eda<\/u><\/a>, o Papa Francisco afirma: \u201cEm uma Igreja sinodal, as mulheres, que de fato desempenham um papel central nas comunidades amaz\u00f4nicas, devem ter acesso a fun\u00e7\u00f5es e tamb\u00e9m a servi\u00e7os eclesiais que n\u00e3o exigem ordens sagradas e permitem-lhes expressar melhor o seu lugar\u201d. (QA, 103)<\/em><\/p>\n<p>Com base nestas solicita\u00e7\u00f5es e no processo de discernimento, ao Presidente, Card. Pedro Barreto Jimeno, SJ, ao Vice-Presidente, Monsenhor Rafael Cob Garc\u00eda e ao Secret\u00e1rio Executivo, Irm\u00e3o Jo\u00e3o Gutemberg M. G. Sampaio, FMS, se acrescentou: <strong>Irm\u00e3 Maria Carmelita de Lima Concei\u00e7\u00e3o, FMA e a Sra. Yesica Patiachi Tayori, ind\u00edgena do povo Harakbut, como Conselheiras e, como Subsecret\u00e1rio, o Sr. Rodrigo Fadul Andrade.<\/strong><\/p>\n<p>Ir. Maria Carmelita &#8211; ex-inspetora da Inspetoria Laura Vicu\u00f1a de Manaus (BMA) &#8211; em 2019 foi convidada a participar como auditora do S\u00ednodo Panamaz\u00f4nico como representante da Vida Religiosa. <a href=\"https:\/\/www.cgfmanet.org\/pt-pt\/ifma-pt-pt\/ecos-do-sinodo-da-amazonia\/\" target=\"_blank\" rel=\"noopener\"><u>Numa entrevista<\/u><\/a>, manifestou o seu compromisso de <em>\u201crepresentar todas as mulheres consagradas, m\u00e3es de fam\u00edlia e um grande n\u00famero de mulheres que est\u00e3o presentes em nome das comunidades de f\u00e9 que apoiam a Igreja presente nas regi\u00f5es mais long\u00ednquas dos v\u00e1rios pa\u00edses da Panamaz\u00f4nia&#8221;.<\/em> E acrescentou: <em>\u201cFico feliz em saber que, como FMA, somos levadas em considera\u00e7\u00e3o em muitas propostas relativas ao cuidado da vida, \u00e0 prote\u00e7\u00e3o da casa comum e \u00e0 salva\u00e7\u00e3o do planeta\u201d.<\/em><\/p>\n<p>Junto ao Dia Internacional da Mulher, estas elei\u00e7\u00f5es contribuem para valorizar a presen\u00e7a e o servi\u00e7o das mulheres nos processos de promo\u00e7\u00e3o e defesa da vida, em sinodalidade com a Igreja e com as organiza\u00e7\u00f5es locais.<\/p>\n<p style=\"text-align: center;\"><span style=\"color: #ff6600;\"><em><strong>\u00a0\u201cA sinodalidade marca um estilo de comunh\u00e3o viva e de participa\u00e7\u00e3o nas Igrejas locais que se caracteriza pelo respeito pela dignidade e pela igualdade de todos os batizados, pela complementaridade dos carismas e pelos minist\u00e9rios, pelo prazer de se encontrarem em assembleia para discernir juntos a voz do Esp\u00edrito\u201d.<\/strong><\/em><\/span><\/p>\n<p style=\"text-align: center;\"><em><span style=\"color: #ff6600;\">(Documento Final do S\u00ednodo da Amaz\u00f4nia, 91)\u00a0\u00a0\u00a0\u00a0\u00a0\u00a0<\/span>\u00a0\u00a0\u00a0\u00a0\u00a0\u00a0\u00a0\u00a0 <\/em><\/p>\n","protected":false},"excerpt":{"rendered":"<p>Irm\u00e3 Maria Carmelita de Lima Concei\u00e7\u00e3o, FMA, da Inspetoria de Manaus, foi nomeada Conselheira da Rede Eclesial Pan-Amaz\u00f4nica (REPAM).<\/p>\n","protected":false},"author":21,"featured_media":41315,"comment_status":"open","ping_status":"closed","sticky":false,"template":"","format":"standard","meta":{"footnotes":""},"categories":[38,189],"tags":[1930,2187,2292],"class_list":["post-41320","post","type-post","status-publish","format-standard","has-post-thumbnail","category-infosfera-pt-pt","category-igreja","tag-focus-pt-pt","tag-fma-pt-pt","tag-brm-pt-pt"],"yoast_head":"<!-- This site is optimized with the Yoast SEO plugin v27.4 - https:\/\/yoast.com\/product\/yoast-seo-wordpress\/ -->\n<title>FMA nomeada Conselheira da REPAM &#8226; Istituto Figlie di Maria Ausiliatrice<\/title>\n<meta name=\"description\" content=\"Irm\u00e3 Maria Carmelita de Lima Concei\u00e7\u00e3o, FMA, da Inspetoria de Manaus, foi nomeada Conselheira da Rede Eclesial Pan-Amaz\u00f4nica (REPAM).\" \/>\n<meta name=\"robots\" content=\"index, follow, max-snippet:-1, max-image-preview:large, max-video-preview:-1\" \/>\n<link rel=\"canonical\" href=\"https:\/\/www.cgfmanet.org\/pt-pt\/infosfera-pt-pt\/fma-nomeada-conselheira-da-repam\/\" \/>\n<meta property=\"og:locale\" content=\"pt_PT\" \/>\n<meta property=\"og:type\" content=\"article\" \/>\n<meta property=\"og:title\" content=\"FMA nomeada Conselheira da REPAM &#8226; Istituto Figlie di Maria Ausiliatrice\" \/>\n<meta property=\"og:description\" content=\"Irm\u00e3 Maria Carmelita de Lima Concei\u00e7\u00e3o, FMA, da Inspetoria de Manaus, foi nomeada Conselheira da Rede Eclesial Pan-Amaz\u00f4nica (REPAM).\" \/>\n<meta property=\"og:url\" content=\"https:\/\/www.cgfmanet.org\/pt-pt\/infosfera-pt-pt\/fma-nomeada-conselheira-da-repam\/\" \/>\n<meta property=\"og:site_name\" content=\"Istituto Figlie di Maria Ausiliatrice\" \/>\n<meta property=\"article:publisher\" content=\"https:\/\/www.facebook.com\/salesian.sisters.of.don.bosco\/\" \/>\n<meta property=\"article:published_time\" content=\"2021-03-05T14:06:50+00:00\" \/>\n<meta property=\"article:modified_time\" content=\"2021-03-08T15:38:25+00:00\" \/>\n<meta property=\"og:image\" content=\"https:\/\/www.cgfmanet.org\/wp-content\/uploads\/2021\/03\/Presidenza-REPAM.jpg\" \/>\n\t<meta property=\"og:image:width\" content=\"1200\" \/>\n\t<meta property=\"og:image:height\" content=\"800\" \/>\n\t<meta property=\"og:image:type\" content=\"image\/jpeg\" \/>\n<meta name=\"author\" content=\"Redazione\" \/>\n<meta name=\"twitter:card\" content=\"summary_large_image\" \/>\n<meta name=\"twitter:creator\" content=\"@Cgfmanet_Org\" \/>\n<meta name=\"twitter:site\" content=\"@Cgfmanet_Org\" \/>\n<meta name=\"twitter:label1\" content=\"Escrito por\" \/>\n\t<meta name=\"twitter:data1\" content=\"Redazione\" \/>\n\t<meta name=\"twitter:label2\" content=\"Tempo estimado de leitura\" \/>\n\t<meta name=\"twitter:data2\" content=\"3 minutos\" \/>\n<script type=\"application\/ld+json\" class=\"yoast-schema-graph\">{\"@context\":\"https:\\\/\\\/schema.org\",\"@graph\":[{\"@type\":\"Article\",\"@id\":\"https:\\\/\\\/www.cgfmanet.org\\\/pt-pt\\\/infosfera-pt-pt\\\/fma-nomeada-conselheira-da-repam\\\/#article\",\"isPartOf\":{\"@id\":\"https:\\\/\\\/www.cgfmanet.org\\\/pt-pt\\\/infosfera-pt-pt\\\/fma-nomeada-conselheira-da-repam\\\/\"},\"author\":{\"name\":\"Redazione\",\"@id\":\"https:\\\/\\\/www.cgfmanet.org\\\/es\\\/#\\\/schema\\\/person\\\/ce6473083f53ef0ef882cca23f0c8fb9\"},\"headline\":\"FMA nomeada Conselheira da REPAM\",\"datePublished\":\"2021-03-05T14:06:50+00:00\",\"dateModified\":\"2021-03-08T15:38:25+00:00\",\"mainEntityOfPage\":{\"@id\":\"https:\\\/\\\/www.cgfmanet.org\\\/pt-pt\\\/infosfera-pt-pt\\\/fma-nomeada-conselheira-da-repam\\\/\"},\"wordCount\":552,\"commentCount\":0,\"publisher\":{\"@id\":\"https:\\\/\\\/www.cgfmanet.org\\\/es\\\/#organization\"},\"image\":{\"@id\":\"https:\\\/\\\/www.cgfmanet.org\\\/pt-pt\\\/infosfera-pt-pt\\\/fma-nomeada-conselheira-da-repam\\\/#primaryimage\"},\"thumbnailUrl\":\"https:\\\/\\\/www.cgfmanet.org\\\/wp-content\\\/uploads\\\/2021\\\/03\\\/Presidenza-REPAM.jpg\",\"keywords\":[\"Focus\",\"FMA\",\"BRM\"],\"articleSection\":[\"Infosfera\",\"Igreja\"],\"inLanguage\":\"pt-PT\",\"potentialAction\":[{\"@type\":\"CommentAction\",\"name\":\"Comment\",\"target\":[\"https:\\\/\\\/www.cgfmanet.org\\\/pt-pt\\\/infosfera-pt-pt\\\/fma-nomeada-conselheira-da-repam\\\/#respond\"]}]},{\"@type\":\"WebPage\",\"@id\":\"https:\\\/\\\/www.cgfmanet.org\\\/pt-pt\\\/infosfera-pt-pt\\\/fma-nomeada-conselheira-da-repam\\\/\",\"url\":\"https:\\\/\\\/www.cgfmanet.org\\\/pt-pt\\\/infosfera-pt-pt\\\/fma-nomeada-conselheira-da-repam\\\/\",\"name\":\"FMA nomeada Conselheira da REPAM &#8226; Istituto Figlie di Maria Ausiliatrice\",\"isPartOf\":{\"@id\":\"https:\\\/\\\/www.cgfmanet.org\\\/es\\\/#website\"},\"primaryImageOfPage\":{\"@id\":\"https:\\\/\\\/www.cgfmanet.org\\\/pt-pt\\\/infosfera-pt-pt\\\/fma-nomeada-conselheira-da-repam\\\/#primaryimage\"},\"image\":{\"@id\":\"https:\\\/\\\/www.cgfmanet.org\\\/pt-pt\\\/infosfera-pt-pt\\\/fma-nomeada-conselheira-da-repam\\\/#primaryimage\"},\"thumbnailUrl\":\"https:\\\/\\\/www.cgfmanet.org\\\/wp-content\\\/uploads\\\/2021\\\/03\\\/Presidenza-REPAM.jpg\",\"datePublished\":\"2021-03-05T14:06:50+00:00\",\"dateModified\":\"2021-03-08T15:38:25+00:00\",\"description\":\"Irm\u00e3 Maria Carmelita de Lima Concei\u00e7\u00e3o, FMA, da Inspetoria de Manaus, foi nomeada Conselheira da Rede Eclesial Pan-Amaz\u00f4nica (REPAM).\",\"breadcrumb\":{\"@id\":\"https:\\\/\\\/www.cgfmanet.org\\\/pt-pt\\\/infosfera-pt-pt\\\/fma-nomeada-conselheira-da-repam\\\/#breadcrumb\"},\"inLanguage\":\"pt-PT\",\"potentialAction\":[{\"@type\":\"ReadAction\",\"target\":[\"https:\\\/\\\/www.cgfmanet.org\\\/pt-pt\\\/infosfera-pt-pt\\\/fma-nomeada-conselheira-da-repam\\\/\"]}]},{\"@type\":\"ImageObject\",\"inLanguage\":\"pt-PT\",\"@id\":\"https:\\\/\\\/www.cgfmanet.org\\\/pt-pt\\\/infosfera-pt-pt\\\/fma-nomeada-conselheira-da-repam\\\/#primaryimage\",\"url\":\"https:\\\/\\\/www.cgfmanet.org\\\/wp-content\\\/uploads\\\/2021\\\/03\\\/Presidenza-REPAM.jpg\",\"contentUrl\":\"https:\\\/\\\/www.cgfmanet.org\\\/wp-content\\\/uploads\\\/2021\\\/03\\\/Presidenza-REPAM.jpg\",\"width\":1200,\"height\":800},{\"@type\":\"BreadcrumbList\",\"@id\":\"https:\\\/\\\/www.cgfmanet.org\\\/pt-pt\\\/infosfera-pt-pt\\\/fma-nomeada-conselheira-da-repam\\\/#breadcrumb\",\"itemListElement\":[{\"@type\":\"ListItem\",\"position\":1,\"name\":\"Home\",\"item\":\"https:\\\/\\\/www.cgfmanet.org\\\/pt-pt\\\/\"},{\"@type\":\"ListItem\",\"position\":2,\"name\":\"FMA nomeada Conselheira da REPAM\"}]},{\"@type\":\"WebSite\",\"@id\":\"https:\\\/\\\/www.cgfmanet.org\\\/es\\\/#website\",\"url\":\"https:\\\/\\\/www.cgfmanet.org\\\/es\\\/\",\"name\":\"Istituto Figlie di Maria Ausiliatrice\",\"description\":\"Salesiane di Don Bosco\",\"publisher\":{\"@id\":\"https:\\\/\\\/www.cgfmanet.org\\\/es\\\/#organization\"},\"potentialAction\":[{\"@type\":\"SearchAction\",\"target\":{\"@type\":\"EntryPoint\",\"urlTemplate\":\"https:\\\/\\\/www.cgfmanet.org\\\/es\\\/?s={search_term_string}\"},\"query-input\":{\"@type\":\"PropertyValueSpecification\",\"valueRequired\":true,\"valueName\":\"search_term_string\"}}],\"inLanguage\":\"pt-PT\"},{\"@type\":\"Organization\",\"@id\":\"https:\\\/\\\/www.cgfmanet.org\\\/es\\\/#organization\",\"name\":\"Istituto Figlie di Maria Ausiliatrice\",\"url\":\"https:\\\/\\\/www.cgfmanet.org\\\/es\\\/\",\"logo\":{\"@type\":\"ImageObject\",\"inLanguage\":\"pt-PT\",\"@id\":\"https:\\\/\\\/www.cgfmanet.org\\\/es\\\/#\\\/schema\\\/logo\\\/image\\\/\",\"url\":\"https:\\\/\\\/www.cgfmanet.org\\\/wp-content\\\/uploads\\\/2018\\\/10\\\/logo-fma.png\",\"contentUrl\":\"https:\\\/\\\/www.cgfmanet.org\\\/wp-content\\\/uploads\\\/2018\\\/10\\\/logo-fma.png\",\"width\":214,\"height\":55,\"caption\":\"Istituto Figlie di Maria Ausiliatrice\"},\"image\":{\"@id\":\"https:\\\/\\\/www.cgfmanet.org\\\/es\\\/#\\\/schema\\\/logo\\\/image\\\/\"},\"sameAs\":[\"https:\\\/\\\/www.facebook.com\\\/salesian.sisters.of.don.bosco\\\/\",\"https:\\\/\\\/x.com\\\/Cgfmanet_Org\",\"https:\\\/\\\/www.youtube.com\\\/channel\\\/UCmcr8yFQBV7JXeXVxyV9y5Q\"]},{\"@type\":\"Person\",\"@id\":\"https:\\\/\\\/www.cgfmanet.org\\\/es\\\/#\\\/schema\\\/person\\\/ce6473083f53ef0ef882cca23f0c8fb9\",\"name\":\"Redazione\"}]}<\/script>\n<!-- \/ Yoast SEO plugin. -->","yoast_head_json":{"title":"FMA nomeada Conselheira da REPAM &#8226; Istituto Figlie di Maria Ausiliatrice","description":"Irm\u00e3 Maria Carmelita de Lima Concei\u00e7\u00e3o, FMA, da Inspetoria de Manaus, foi nomeada Conselheira da Rede Eclesial Pan-Amaz\u00f4nica (REPAM).","robots":{"index":"index","follow":"follow","max-snippet":"max-snippet:-1","max-image-preview":"max-image-preview:large","max-video-preview":"max-video-preview:-1"},"canonical":"https:\/\/www.cgfmanet.org\/pt-pt\/infosfera-pt-pt\/fma-nomeada-conselheira-da-repam\/","og_locale":"pt_PT","og_type":"article","og_title":"FMA nomeada Conselheira da REPAM &#8226; Istituto Figlie di Maria Ausiliatrice","og_description":"Irm\u00e3 Maria Carmelita de Lima Concei\u00e7\u00e3o, FMA, da Inspetoria de Manaus, foi nomeada Conselheira da Rede Eclesial Pan-Amaz\u00f4nica (REPAM).","og_url":"https:\/\/www.cgfmanet.org\/pt-pt\/infosfera-pt-pt\/fma-nomeada-conselheira-da-repam\/","og_site_name":"Istituto Figlie di Maria Ausiliatrice","article_publisher":"https:\/\/www.facebook.com\/salesian.sisters.of.don.bosco\/","article_published_time":"2021-03-05T14:06:50+00:00","article_modified_time":"2021-03-08T15:38:25+00:00","og_image":[{"width":1200,"height":800,"url":"https:\/\/www.cgfmanet.org\/wp-content\/uploads\/2021\/03\/Presidenza-REPAM.jpg","type":"image\/jpeg"}],"author":"Redazione","twitter_card":"summary_large_image","twitter_creator":"@Cgfmanet_Org","twitter_site":"@Cgfmanet_Org","twitter_misc":{"Escrito por":"Redazione","Tempo estimado de leitura":"3 minutos"},"schema":{"@context":"https:\/\/schema.org","@graph":[{"@type":"Article","@id":"https:\/\/www.cgfmanet.org\/pt-pt\/infosfera-pt-pt\/fma-nomeada-conselheira-da-repam\/#article","isPartOf":{"@id":"https:\/\/www.cgfmanet.org\/pt-pt\/infosfera-pt-pt\/fma-nomeada-conselheira-da-repam\/"},"author":{"name":"Redazione","@id":"https:\/\/www.cgfmanet.org\/es\/#\/schema\/person\/ce6473083f53ef0ef882cca23f0c8fb9"},"headline":"FMA nomeada Conselheira da REPAM","datePublished":"2021-03-05T14:06:50+00:00","dateModified":"2021-03-08T15:38:25+00:00","mainEntityOfPage":{"@id":"https:\/\/www.cgfmanet.org\/pt-pt\/infosfera-pt-pt\/fma-nomeada-conselheira-da-repam\/"},"wordCount":552,"commentCount":0,"publisher":{"@id":"https:\/\/www.cgfmanet.org\/es\/#organization"},"image":{"@id":"https:\/\/www.cgfmanet.org\/pt-pt\/infosfera-pt-pt\/fma-nomeada-conselheira-da-repam\/#primaryimage"},"thumbnailUrl":"https:\/\/www.cgfmanet.org\/wp-content\/uploads\/2021\/03\/Presidenza-REPAM.jpg","keywords":["Focus","FMA","BRM"],"articleSection":["Infosfera","Igreja"],"inLanguage":"pt-PT","potentialAction":[{"@type":"CommentAction","name":"Comment","target":["https:\/\/www.cgfmanet.org\/pt-pt\/infosfera-pt-pt\/fma-nomeada-conselheira-da-repam\/#respond"]}]},{"@type":"WebPage","@id":"https:\/\/www.cgfmanet.org\/pt-pt\/infosfera-pt-pt\/fma-nomeada-conselheira-da-repam\/","url":"https:\/\/www.cgfmanet.org\/pt-pt\/infosfera-pt-pt\/fma-nomeada-conselheira-da-repam\/","name":"FMA nomeada Conselheira da REPAM &#8226; Istituto Figlie di Maria Ausiliatrice","isPartOf":{"@id":"https:\/\/www.cgfmanet.org\/es\/#website"},"primaryImageOfPage":{"@id":"https:\/\/www.cgfmanet.org\/pt-pt\/infosfera-pt-pt\/fma-nomeada-conselheira-da-repam\/#primaryimage"},"image":{"@id":"https:\/\/www.cgfmanet.org\/pt-pt\/infosfera-pt-pt\/fma-nomeada-conselheira-da-repam\/#primaryimage"},"thumbnailUrl":"https:\/\/www.cgfmanet.org\/wp-content\/uploads\/2021\/03\/Presidenza-REPAM.jpg","datePublished":"2021-03-05T14:06:50+00:00","dateModified":"2021-03-08T15:38:25+00:00","description":"Irm\u00e3 Maria Carmelita de Lima Concei\u00e7\u00e3o, FMA, da Inspetoria de Manaus, foi nomeada Conselheira da Rede Eclesial Pan-Amaz\u00f4nica (REPAM).","breadcrumb":{"@id":"https:\/\/www.cgfmanet.org\/pt-pt\/infosfera-pt-pt\/fma-nomeada-conselheira-da-repam\/#breadcrumb"},"inLanguage":"pt-PT","potentialAction":[{"@type":"ReadAction","target":["https:\/\/www.cgfmanet.org\/pt-pt\/infosfera-pt-pt\/fma-nomeada-conselheira-da-repam\/"]}]},{"@type":"ImageObject","inLanguage":"pt-PT","@id":"https:\/\/www.cgfmanet.org\/pt-pt\/infosfera-pt-pt\/fma-nomeada-conselheira-da-repam\/#primaryimage","url":"https:\/\/www.cgfmanet.org\/wp-content\/uploads\/2021\/03\/Presidenza-REPAM.jpg","contentUrl":"https:\/\/www.cgfmanet.org\/wp-content\/uploads\/2021\/03\/Presidenza-REPAM.jpg","width":1200,"height":800},{"@type":"BreadcrumbList","@id":"https:\/\/www.cgfmanet.org\/pt-pt\/infosfera-pt-pt\/fma-nomeada-conselheira-da-repam\/#breadcrumb","itemListElement":[{"@type":"ListItem","position":1,"name":"Home","item":"https:\/\/www.cgfmanet.org\/pt-pt\/"},{"@type":"ListItem","position":2,"name":"FMA nomeada Conselheira da REPAM"}]},{"@type":"WebSite","@id":"https:\/\/www.cgfmanet.org\/es\/#website","url":"https:\/\/www.cgfmanet.org\/es\/","name":"Istituto Figlie di Maria Ausiliatrice","description":"Salesiane di Don Bosco","publisher":{"@id":"https:\/\/www.cgfmanet.org\/es\/#organization"},"potentialAction":[{"@type":"SearchAction","target":{"@type":"EntryPoint","urlTemplate":"https:\/\/www.cgfmanet.org\/es\/?s={search_term_string}"},"query-input":{"@type":"PropertyValueSpecification","valueRequired":true,"valueName":"search_term_string"}}],"inLanguage":"pt-PT"},{"@type":"Organization","@id":"https:\/\/www.cgfmanet.org\/es\/#organization","name":"Istituto Figlie di Maria Ausiliatrice","url":"https:\/\/www.cgfmanet.org\/es\/","logo":{"@type":"ImageObject","inLanguage":"pt-PT","@id":"https:\/\/www.cgfmanet.org\/es\/#\/schema\/logo\/image\/","url":"https:\/\/www.cgfmanet.org\/wp-content\/uploads\/2018\/10\/logo-fma.png","contentUrl":"https:\/\/www.cgfmanet.org\/wp-content\/uploads\/2018\/10\/logo-fma.png","width":214,"height":55,"caption":"Istituto Figlie di Maria Ausiliatrice"},"image":{"@id":"https:\/\/www.cgfmanet.org\/es\/#\/schema\/logo\/image\/"},"sameAs":["https:\/\/www.facebook.com\/salesian.sisters.of.don.bosco\/","https:\/\/x.com\/Cgfmanet_Org","https:\/\/www.youtube.com\/channel\/UCmcr8yFQBV7JXeXVxyV9y5Q"]},{"@type":"Person","@id":"https:\/\/www.cgfmanet.org\/es\/#\/schema\/person\/ce6473083f53ef0ef882cca23f0c8fb9","name":"Redazione"}]}},"_links":{"self":[{"href":"https:\/\/www.cgfmanet.org\/pt-pt\/wp-json\/wp\/v2\/posts\/41320","targetHints":{"allow":["GET"]}}],"collection":[{"href":"https:\/\/www.cgfmanet.org\/pt-pt\/wp-json\/wp\/v2\/posts"}],"about":[{"href":"https:\/\/www.cgfmanet.org\/pt-pt\/wp-json\/wp\/v2\/types\/post"}],"author":[{"embeddable":true,"href":"https:\/\/www.cgfmanet.org\/pt-pt\/wp-json\/wp\/v2\/users\/21"}],"replies":[{"embeddable":true,"href":"https:\/\/www.cgfmanet.org\/pt-pt\/wp-json\/wp\/v2\/comments?post=41320"}],"version-history":[{"count":0,"href":"https:\/\/www.cgfmanet.org\/pt-pt\/wp-json\/wp\/v2\/posts\/41320\/revisions"}],"wp:featuredmedia":[{"embeddable":true,"href":"https:\/\/www.cgfmanet.org\/pt-pt\/wp-json\/wp\/v2\/media\/41315"}],"wp:attachment":[{"href":"https:\/\/www.cgfmanet.org\/pt-pt\/wp-json\/wp\/v2\/media?parent=41320"}],"wp:term":[{"taxonomy":"category","embeddable":true,"href":"https:\/\/www.cgfmanet.org\/pt-pt\/wp-json\/wp\/v2\/categories?post=41320"},{"taxonomy":"post_tag","embeddable":true,"href":"https:\/\/www.cgfmanet.org\/pt-pt\/wp-json\/wp\/v2\/tags?post=41320"}],"curies":[{"name":"wp","href":"https:\/\/api.w.org\/{rel}","templated":true}]}}