{"id":41296,"date":"2021-03-05T14:32:55","date_gmt":"2021-03-05T13:32:55","guid":{"rendered":"https:\/\/www.cgfmanet.org\/infosfera-pt-pt\/la-speranza-nella-vita-di-maria-d-mazzarello\/"},"modified":"2021-03-05T21:27:49","modified_gmt":"2021-03-05T20:27:49","slug":"a-esperanca-na-vida-de-maria-d-mazzarello","status":"publish","type":"post","link":"https:\/\/www.cgfmanet.org\/pt-pt\/ifma-pt-pt\/a-esperanca-na-vida-de-maria-d-mazzarello\/","title":{"rendered":"A Esperan\u00e7a na vida de Maria D. Mazzarello"},"content":{"rendered":"<p><strong>Roma, (It\u00e1lia).<\/strong>\u00a0 No dia 4 de mar\u00e7o de 2021 aconteceu o quinto encontro das <a href=\"https:\/\/www.cgfmanet.org\/pt-pt\/ifma-pt-pt\/quinta-feiras-salesianas-no-auxilium\/\" target=\"_blank\" rel=\"noopener\"><strong><u>&#8220;Quintas-feiras Salesianas no Auxilium&#8221;<\/u><\/strong><\/a>, aprofundamentos online sobre temas de pedagogia, espiritualidade e hist\u00f3ria das Filhas de Maria Auxiliadora, organizados pelo Centro de Estudos das FMA da Pontif\u00edcia Faculdade de Ci\u00eancias da Educa\u00e7\u00e3o \u201cAuxilium\u201d de Roma.<\/p>\n<p><strong>A Professora Eliane Petri, FMA<\/strong>, dando continuidade ao <a href=\"https:\/\/www.youtube.com\/watch?v=5tI9I7wFF1M\" target=\"_blank\" rel=\"noopener\"><strong><u>encontro anterior<\/u><\/strong><\/a>, aprofundou o tema: <a href=\"https:\/\/www.youtube.com\/watch?v=dxa9iyBTaug\" target=\"_blank\" rel=\"noopener\"><strong><u>\u201cA ti as confio: no horizonte da esperan\u00e7a\u201d<\/u><\/strong><\/a>, no contexto do Tri\u00eanio de prepara\u00e7\u00e3o ao 150\u00b0 anivers\u00e1rio de funda\u00e7\u00e3o do Instituto das Filhas di Maria Auxiliadora, que, em 2021, s\u00e3o convidadas a aprofundar a entrega <em>\u201cA ti as confio\u201d<\/em>.<\/p>\n<p>O <strong>tema da esperan\u00e7a<\/strong>, que se revela em toda a sua atualidade no tempo que estamos vivendo, e \u00e9 destacado pelo Papa Francisco nas interven\u00e7\u00f5es de seu Magist\u00e9rio e pelo Reitor-Mor dos Salesianos de Dom Bosco na Estreia de 2021, foi apresentado em forma de di\u00e1logo, a partir de algumas perguntas orientadoras que favoreceram o caminho de reflex\u00e3o sobre a vida de santidade de Maria Domingas Mazzarello, co-fundadora do Instituto das FMA.<\/p>\n<p><strong>Quais s\u00e3o os fundamentos da esperan\u00e7a em Maria Domingas Mazzarello? <\/strong><\/p>\n<p>A Professora Petri destacou, como um dos fundamentos da esperan\u00e7a, a inabal\u00e1vel confian\u00e7a em Deus, Pai Providente, e o olhar sobre a realidade na perspectiva final da vida crist\u00e3.\u00a0 Algumas frases de incentivo \u00e0s irm\u00e3s \u2013 \u201c<em>n\u00e3o se desencorajem jamais por qualquer adversidade, recebam tudo das m\u00e3os de Jesus, coloquem toda a sua confian\u00e7a nele e esperem tudo dele\u201d<\/em> (L 65,1) &#8211; e os gestos de convite para olhar o crucifixo, conduzem \u00e0 fonte da esperan\u00e7a que, para Madre Mazzarello, \u00e9 a certeza de n\u00e3o caminhar sozinha.\u00a0 A esperan\u00e7a move-lhe a vontade de desejar os bens celestes e de viver abandonada \u00e0 Provid\u00eancia de Deus. Esperar, portanto, significa viver \u00e0 espera, na alegre certeza de ser &#8220;criados para o Para\u00edso&#8221;.<\/p>\n<p><strong>Quais s\u00e3o os acontecimentos da sua vida onde brilha a esperan\u00e7a?\u00a0 <\/strong><\/p>\n<p>Duas experi\u00eancias que marcaram fortemente a vida de Madre Mazzarello s\u00e3o a doen\u00e7a do tifo e a entrega <em>&#8220;A ti as confio&#8221;<\/em>.\u00a0 Maria Domingas vive o momento da doen\u00e7a e da convalescen\u00e7a na l\u00f3gica da f\u00e9, da esperan\u00e7a e do amor onde, ao medo e \u00e0 incerteza, prevalece a vontade de servir a Deus e aos outros. <em>\u201cDurante o convalescen\u00e7a, n\u00e3o se fecha em si mesma, em seu sofrimento que poderia ser um risco, mas reage de modo resiliente, procurando o que Deus quer de sua pessoa\u201d<\/em>. Assim, na Vis\u00e3o de Borgoalto e naquele <em>\u201cA ti as confio\u201d<\/em>, sente que Deus lhe inspira alguma coisa de grande: doar a vida pela educa\u00e7\u00e3o das meninas.\u00a0 Estas etapas, n\u00e3o privadas de sofrimento, levam-na a &#8220;arrega\u00e7ar as mangas&#8221;, a envolver outras no seu projeto e a realizar com coragem as escolhas que levam \u00e0 expans\u00e3o do Instituto.<\/p>\n<p><strong>Na Enc\u00edclica <em>Spe salvi<\/em>, o Papa Bento XVI fala de alguns\u00a0 \u201clugares\u201d de aprendizagem e exerc\u00edcio da esperan\u00e7a: quais s\u00e3o eles na vida de Madre Mazzarello?\u00a0 <\/strong><\/p>\n<p>Irm\u00e3 Eliane concentra a aten\u00e7\u00e3o em tr\u00eas &#8220;lugares&#8221; fundamentais para Madre Mazzarello: a ora\u00e7\u00e3o, a a\u00e7\u00e3o educativa, a doen\u00e7a e o sofrimento.\u00a0 Na <strong>ora\u00e7\u00e3o<\/strong>, Maria Domingas apresenta suas fadigas e fragilidades, tirando a for\u00e7a para seguir em frente e viver a miss\u00e3o.\u00a0 \u00c9 uma ora\u00e7\u00e3o que \u00e9 vida, faz-se vida e exercita \u00e0 esperan\u00e7a.\u00a0 <strong>Educar<\/strong> \u00e9 a arte de esperar, de n\u00e3o ceder \u00e0s dificuldades e de crer nos jovens, respeitando o caminho de cada um.\u00a0 O <strong>sofrimento<\/strong> vivido, a partir das vicissitudes familiares, leva Maria Mazzarello a revelar-se &#8220;m\u00e3e&#8221;, num aut\u00eantico esp\u00edrito de f\u00e9 e doa\u00e7\u00e3o e a encorajar os outros a se superarem, para vencer os momentos cansativos.<\/p>\n<p><strong>Qual a mensagem para n\u00f3s hoje?\u00a0 <\/strong><\/p>\n<p>A Professora Petri conclui o seu discurso com uma express\u00e3o da <em>Fratelli Tutti<\/em> do Papa Francisco, em que se encontra a viv\u00eancia de Maria Domingas Mazzarello e que a ajuda a viver este tempo dif\u00edcil de pandemia como um lugar &#8220;formativo&#8221;:<\/p>\n<p><em>A esperan\u00e7a crist\u00e3 fala-nos de uma sede, de uma inspira\u00e7\u00e3o, de um desejo de plenitude, de vida realizada, de um medir-se com o que \u00e9 grande, com o que enche o cora\u00e7\u00e3o e eleva o esp\u00edrito para coisas grandes, como a verdade, a bondade, a beleza, a justi\u00e7a e o amor [&#8230;]\u00a0 A Esperan\u00e7a \u00e9 audaz, sabe olhar para al\u00e9m das comodidades pessoais, das pequenas seguran\u00e7as e compensa\u00e7\u00f5es que estreitam o horizonte, para abrir-se a grandes ideais que tornam a vida mais bela e digna\u201d. <\/em>\u00a0(FT 55)<\/p>\n<p><strong><a href=\"https:\/\/centrostudifma.pfse-auxilium.org\/it\/pdf\/csfma\/eliane-petri-a-te-le-affido-orizzonte-speranza.pdf?GENEREDOCUMENTO_ID=21\" target=\"_blank\" rel=\"noopener\"><u>Leia a interven\u00e7\u00e3o<\/u>.<\/a><\/strong><\/p>\n","protected":false},"excerpt":{"rendered":"<p>Em 4 de mar\u00e7o de 2021, no quinto encontro das \u201cQuintas-feiras Salesianas no Auxilium\u201d, a Professora Eliene Petri, FMA, aprofundou o tema: \u201cA ti as confio: no horizonte da esperan\u00e7a\u201d.  <\/p>\n","protected":false},"author":21,"featured_media":41291,"comment_status":"open","ping_status":"closed","sticky":false,"template":"","format":"standard","meta":{"footnotes":""},"categories":[166,159],"tags":[1136,1806,1930,2277],"class_list":["post-41296","post","type-post","status-publish","format-standard","has-post-thumbnail","category-carisma-salesiano-pt","category-ifma-pt-pt","tag-educacao","tag-auxilium-pt-pt","tag-focus-pt-pt","tag-150-ifma-pt-pt"],"yoast_head":"<!-- This site is optimized with the Yoast SEO plugin v27.4 - https:\/\/yoast.com\/product\/yoast-seo-wordpress\/ -->\n<title>A Esperan\u00e7a na vida de Maria D. Mazzarello &#8226; Istituto Figlie di Maria Ausiliatrice<\/title>\n<meta name=\"description\" content=\"Em 4 de mar\u00e7o de 2021, no quinto encontro das \u201cQuintas-feiras Salesianas no Auxilium\u201d, a Professora Eliene Petri, FMA, aprofundou o tema: \u201cA ti as confio: no horizonte da esperan\u00e7a\u201d.\" \/>\n<meta name=\"robots\" content=\"index, follow, max-snippet:-1, max-image-preview:large, max-video-preview:-1\" \/>\n<link rel=\"canonical\" href=\"https:\/\/www.cgfmanet.org\/pt-pt\/ifma-pt-pt\/a-esperanca-na-vida-de-maria-d-mazzarello\/\" \/>\n<meta property=\"og:locale\" content=\"pt_PT\" \/>\n<meta property=\"og:type\" content=\"article\" \/>\n<meta property=\"og:title\" content=\"A Esperan\u00e7a na vida de Maria D. Mazzarello &#8226; Istituto Figlie di Maria Ausiliatrice\" \/>\n<meta property=\"og:description\" content=\"Em 4 de mar\u00e7o de 2021, no quinto encontro das \u201cQuintas-feiras Salesianas no Auxilium\u201d, a Professora Eliene Petri, FMA, aprofundou o tema: \u201cA ti as confio: no horizonte da esperan\u00e7a\u201d.\" \/>\n<meta property=\"og:url\" content=\"https:\/\/www.cgfmanet.org\/pt-pt\/ifma-pt-pt\/a-esperanca-na-vida-de-maria-d-mazzarello\/\" \/>\n<meta property=\"og:site_name\" content=\"Istituto Figlie di Maria Ausiliatrice\" \/>\n<meta property=\"article:publisher\" content=\"https:\/\/www.facebook.com\/salesian.sisters.of.don.bosco\/\" \/>\n<meta property=\"article:published_time\" content=\"2021-03-05T13:32:55+00:00\" \/>\n<meta property=\"article:modified_time\" content=\"2021-03-05T20:27:49+00:00\" \/>\n<meta property=\"og:image\" content=\"https:\/\/www.cgfmanet.org\/wp-content\/uploads\/2021\/03\/giovedi-Auxilium_speranza.jpg\" \/>\n\t<meta property=\"og:image:width\" content=\"1200\" \/>\n\t<meta property=\"og:image:height\" content=\"800\" \/>\n\t<meta property=\"og:image:type\" content=\"image\/jpeg\" \/>\n<meta name=\"author\" content=\"Redazione\" \/>\n<meta name=\"twitter:card\" content=\"summary_large_image\" \/>\n<meta name=\"twitter:creator\" content=\"@Cgfmanet_Org\" \/>\n<meta name=\"twitter:site\" content=\"@Cgfmanet_Org\" \/>\n<meta name=\"twitter:label1\" content=\"Escrito por\" \/>\n\t<meta name=\"twitter:data1\" content=\"Redazione\" \/>\n\t<meta name=\"twitter:label2\" content=\"Tempo estimado de leitura\" \/>\n\t<meta name=\"twitter:data2\" content=\"4 minutos\" \/>\n<script type=\"application\/ld+json\" class=\"yoast-schema-graph\">{\"@context\":\"https:\\\/\\\/schema.org\",\"@graph\":[{\"@type\":\"Article\",\"@id\":\"https:\\\/\\\/www.cgfmanet.org\\\/pt-pt\\\/ifma-pt-pt\\\/a-esperanca-na-vida-de-maria-d-mazzarello\\\/#article\",\"isPartOf\":{\"@id\":\"https:\\\/\\\/www.cgfmanet.org\\\/pt-pt\\\/ifma-pt-pt\\\/a-esperanca-na-vida-de-maria-d-mazzarello\\\/\"},\"author\":{\"name\":\"Redazione\",\"@id\":\"https:\\\/\\\/www.cgfmanet.org\\\/es\\\/#\\\/schema\\\/person\\\/ce6473083f53ef0ef882cca23f0c8fb9\"},\"headline\":\"A Esperan\u00e7a na vida de Maria D. Mazzarello\",\"datePublished\":\"2021-03-05T13:32:55+00:00\",\"dateModified\":\"2021-03-05T20:27:49+00:00\",\"mainEntityOfPage\":{\"@id\":\"https:\\\/\\\/www.cgfmanet.org\\\/pt-pt\\\/ifma-pt-pt\\\/a-esperanca-na-vida-de-maria-d-mazzarello\\\/\"},\"wordCount\":798,\"commentCount\":0,\"publisher\":{\"@id\":\"https:\\\/\\\/www.cgfmanet.org\\\/es\\\/#organization\"},\"image\":{\"@id\":\"https:\\\/\\\/www.cgfmanet.org\\\/pt-pt\\\/ifma-pt-pt\\\/a-esperanca-na-vida-de-maria-d-mazzarello\\\/#primaryimage\"},\"thumbnailUrl\":\"https:\\\/\\\/www.cgfmanet.org\\\/wp-content\\\/uploads\\\/2021\\\/03\\\/giovedi-Auxilium_speranza.jpg\",\"keywords\":[\"Educa\u00e7\u00e3o\",\"Auxilium\",\"Focus\",\"150\u00b0 IFMA\"],\"articleSection\":[\"Carisma Salesiano\",\"IFMA\"],\"inLanguage\":\"pt-PT\",\"potentialAction\":[{\"@type\":\"CommentAction\",\"name\":\"Comment\",\"target\":[\"https:\\\/\\\/www.cgfmanet.org\\\/pt-pt\\\/ifma-pt-pt\\\/a-esperanca-na-vida-de-maria-d-mazzarello\\\/#respond\"]}]},{\"@type\":\"WebPage\",\"@id\":\"https:\\\/\\\/www.cgfmanet.org\\\/pt-pt\\\/ifma-pt-pt\\\/a-esperanca-na-vida-de-maria-d-mazzarello\\\/\",\"url\":\"https:\\\/\\\/www.cgfmanet.org\\\/pt-pt\\\/ifma-pt-pt\\\/a-esperanca-na-vida-de-maria-d-mazzarello\\\/\",\"name\":\"A Esperan\u00e7a na vida de Maria D. Mazzarello &#8226; Istituto Figlie di Maria Ausiliatrice\",\"isPartOf\":{\"@id\":\"https:\\\/\\\/www.cgfmanet.org\\\/es\\\/#website\"},\"primaryImageOfPage\":{\"@id\":\"https:\\\/\\\/www.cgfmanet.org\\\/pt-pt\\\/ifma-pt-pt\\\/a-esperanca-na-vida-de-maria-d-mazzarello\\\/#primaryimage\"},\"image\":{\"@id\":\"https:\\\/\\\/www.cgfmanet.org\\\/pt-pt\\\/ifma-pt-pt\\\/a-esperanca-na-vida-de-maria-d-mazzarello\\\/#primaryimage\"},\"thumbnailUrl\":\"https:\\\/\\\/www.cgfmanet.org\\\/wp-content\\\/uploads\\\/2021\\\/03\\\/giovedi-Auxilium_speranza.jpg\",\"datePublished\":\"2021-03-05T13:32:55+00:00\",\"dateModified\":\"2021-03-05T20:27:49+00:00\",\"description\":\"Em 4 de mar\u00e7o de 2021, no quinto encontro das \u201cQuintas-feiras Salesianas no Auxilium\u201d, a Professora Eliene Petri, FMA, aprofundou o tema: \u201cA ti as confio: no horizonte da esperan\u00e7a\u201d.\",\"breadcrumb\":{\"@id\":\"https:\\\/\\\/www.cgfmanet.org\\\/pt-pt\\\/ifma-pt-pt\\\/a-esperanca-na-vida-de-maria-d-mazzarello\\\/#breadcrumb\"},\"inLanguage\":\"pt-PT\",\"potentialAction\":[{\"@type\":\"ReadAction\",\"target\":[\"https:\\\/\\\/www.cgfmanet.org\\\/pt-pt\\\/ifma-pt-pt\\\/a-esperanca-na-vida-de-maria-d-mazzarello\\\/\"]}]},{\"@type\":\"ImageObject\",\"inLanguage\":\"pt-PT\",\"@id\":\"https:\\\/\\\/www.cgfmanet.org\\\/pt-pt\\\/ifma-pt-pt\\\/a-esperanca-na-vida-de-maria-d-mazzarello\\\/#primaryimage\",\"url\":\"https:\\\/\\\/www.cgfmanet.org\\\/wp-content\\\/uploads\\\/2021\\\/03\\\/giovedi-Auxilium_speranza.jpg\",\"contentUrl\":\"https:\\\/\\\/www.cgfmanet.org\\\/wp-content\\\/uploads\\\/2021\\\/03\\\/giovedi-Auxilium_speranza.jpg\",\"width\":1200,\"height\":800},{\"@type\":\"BreadcrumbList\",\"@id\":\"https:\\\/\\\/www.cgfmanet.org\\\/pt-pt\\\/ifma-pt-pt\\\/a-esperanca-na-vida-de-maria-d-mazzarello\\\/#breadcrumb\",\"itemListElement\":[{\"@type\":\"ListItem\",\"position\":1,\"name\":\"Home\",\"item\":\"https:\\\/\\\/www.cgfmanet.org\\\/pt-pt\\\/\"},{\"@type\":\"ListItem\",\"position\":2,\"name\":\"A Esperan\u00e7a na vida de Maria D. Mazzarello\"}]},{\"@type\":\"WebSite\",\"@id\":\"https:\\\/\\\/www.cgfmanet.org\\\/es\\\/#website\",\"url\":\"https:\\\/\\\/www.cgfmanet.org\\\/es\\\/\",\"name\":\"Istituto Figlie di Maria Ausiliatrice\",\"description\":\"Salesiane di Don Bosco\",\"publisher\":{\"@id\":\"https:\\\/\\\/www.cgfmanet.org\\\/es\\\/#organization\"},\"potentialAction\":[{\"@type\":\"SearchAction\",\"target\":{\"@type\":\"EntryPoint\",\"urlTemplate\":\"https:\\\/\\\/www.cgfmanet.org\\\/es\\\/?s={search_term_string}\"},\"query-input\":{\"@type\":\"PropertyValueSpecification\",\"valueRequired\":true,\"valueName\":\"search_term_string\"}}],\"inLanguage\":\"pt-PT\"},{\"@type\":\"Organization\",\"@id\":\"https:\\\/\\\/www.cgfmanet.org\\\/es\\\/#organization\",\"name\":\"Istituto Figlie di Maria Ausiliatrice\",\"url\":\"https:\\\/\\\/www.cgfmanet.org\\\/es\\\/\",\"logo\":{\"@type\":\"ImageObject\",\"inLanguage\":\"pt-PT\",\"@id\":\"https:\\\/\\\/www.cgfmanet.org\\\/es\\\/#\\\/schema\\\/logo\\\/image\\\/\",\"url\":\"https:\\\/\\\/www.cgfmanet.org\\\/wp-content\\\/uploads\\\/2018\\\/10\\\/logo-fma.png\",\"contentUrl\":\"https:\\\/\\\/www.cgfmanet.org\\\/wp-content\\\/uploads\\\/2018\\\/10\\\/logo-fma.png\",\"width\":214,\"height\":55,\"caption\":\"Istituto Figlie di Maria Ausiliatrice\"},\"image\":{\"@id\":\"https:\\\/\\\/www.cgfmanet.org\\\/es\\\/#\\\/schema\\\/logo\\\/image\\\/\"},\"sameAs\":[\"https:\\\/\\\/www.facebook.com\\\/salesian.sisters.of.don.bosco\\\/\",\"https:\\\/\\\/x.com\\\/Cgfmanet_Org\",\"https:\\\/\\\/www.youtube.com\\\/channel\\\/UCmcr8yFQBV7JXeXVxyV9y5Q\"]},{\"@type\":\"Person\",\"@id\":\"https:\\\/\\\/www.cgfmanet.org\\\/es\\\/#\\\/schema\\\/person\\\/ce6473083f53ef0ef882cca23f0c8fb9\",\"name\":\"Redazione\"}]}<\/script>\n<!-- \/ Yoast SEO plugin. -->","yoast_head_json":{"title":"A Esperan\u00e7a na vida de Maria D. Mazzarello &#8226; Istituto Figlie di Maria Ausiliatrice","description":"Em 4 de mar\u00e7o de 2021, no quinto encontro das \u201cQuintas-feiras Salesianas no Auxilium\u201d, a Professora Eliene Petri, FMA, aprofundou o tema: \u201cA ti as confio: no horizonte da esperan\u00e7a\u201d.","robots":{"index":"index","follow":"follow","max-snippet":"max-snippet:-1","max-image-preview":"max-image-preview:large","max-video-preview":"max-video-preview:-1"},"canonical":"https:\/\/www.cgfmanet.org\/pt-pt\/ifma-pt-pt\/a-esperanca-na-vida-de-maria-d-mazzarello\/","og_locale":"pt_PT","og_type":"article","og_title":"A Esperan\u00e7a na vida de Maria D. Mazzarello &#8226; Istituto Figlie di Maria Ausiliatrice","og_description":"Em 4 de mar\u00e7o de 2021, no quinto encontro das \u201cQuintas-feiras Salesianas no Auxilium\u201d, a Professora Eliene Petri, FMA, aprofundou o tema: \u201cA ti as confio: no horizonte da esperan\u00e7a\u201d.","og_url":"https:\/\/www.cgfmanet.org\/pt-pt\/ifma-pt-pt\/a-esperanca-na-vida-de-maria-d-mazzarello\/","og_site_name":"Istituto Figlie di Maria Ausiliatrice","article_publisher":"https:\/\/www.facebook.com\/salesian.sisters.of.don.bosco\/","article_published_time":"2021-03-05T13:32:55+00:00","article_modified_time":"2021-03-05T20:27:49+00:00","og_image":[{"width":1200,"height":800,"url":"https:\/\/www.cgfmanet.org\/wp-content\/uploads\/2021\/03\/giovedi-Auxilium_speranza.jpg","type":"image\/jpeg"}],"author":"Redazione","twitter_card":"summary_large_image","twitter_creator":"@Cgfmanet_Org","twitter_site":"@Cgfmanet_Org","twitter_misc":{"Escrito por":"Redazione","Tempo estimado de leitura":"4 minutos"},"schema":{"@context":"https:\/\/schema.org","@graph":[{"@type":"Article","@id":"https:\/\/www.cgfmanet.org\/pt-pt\/ifma-pt-pt\/a-esperanca-na-vida-de-maria-d-mazzarello\/#article","isPartOf":{"@id":"https:\/\/www.cgfmanet.org\/pt-pt\/ifma-pt-pt\/a-esperanca-na-vida-de-maria-d-mazzarello\/"},"author":{"name":"Redazione","@id":"https:\/\/www.cgfmanet.org\/es\/#\/schema\/person\/ce6473083f53ef0ef882cca23f0c8fb9"},"headline":"A Esperan\u00e7a na vida de Maria D. Mazzarello","datePublished":"2021-03-05T13:32:55+00:00","dateModified":"2021-03-05T20:27:49+00:00","mainEntityOfPage":{"@id":"https:\/\/www.cgfmanet.org\/pt-pt\/ifma-pt-pt\/a-esperanca-na-vida-de-maria-d-mazzarello\/"},"wordCount":798,"commentCount":0,"publisher":{"@id":"https:\/\/www.cgfmanet.org\/es\/#organization"},"image":{"@id":"https:\/\/www.cgfmanet.org\/pt-pt\/ifma-pt-pt\/a-esperanca-na-vida-de-maria-d-mazzarello\/#primaryimage"},"thumbnailUrl":"https:\/\/www.cgfmanet.org\/wp-content\/uploads\/2021\/03\/giovedi-Auxilium_speranza.jpg","keywords":["Educa\u00e7\u00e3o","Auxilium","Focus","150\u00b0 IFMA"],"articleSection":["Carisma Salesiano","IFMA"],"inLanguage":"pt-PT","potentialAction":[{"@type":"CommentAction","name":"Comment","target":["https:\/\/www.cgfmanet.org\/pt-pt\/ifma-pt-pt\/a-esperanca-na-vida-de-maria-d-mazzarello\/#respond"]}]},{"@type":"WebPage","@id":"https:\/\/www.cgfmanet.org\/pt-pt\/ifma-pt-pt\/a-esperanca-na-vida-de-maria-d-mazzarello\/","url":"https:\/\/www.cgfmanet.org\/pt-pt\/ifma-pt-pt\/a-esperanca-na-vida-de-maria-d-mazzarello\/","name":"A Esperan\u00e7a na vida de Maria D. Mazzarello &#8226; Istituto Figlie di Maria Ausiliatrice","isPartOf":{"@id":"https:\/\/www.cgfmanet.org\/es\/#website"},"primaryImageOfPage":{"@id":"https:\/\/www.cgfmanet.org\/pt-pt\/ifma-pt-pt\/a-esperanca-na-vida-de-maria-d-mazzarello\/#primaryimage"},"image":{"@id":"https:\/\/www.cgfmanet.org\/pt-pt\/ifma-pt-pt\/a-esperanca-na-vida-de-maria-d-mazzarello\/#primaryimage"},"thumbnailUrl":"https:\/\/www.cgfmanet.org\/wp-content\/uploads\/2021\/03\/giovedi-Auxilium_speranza.jpg","datePublished":"2021-03-05T13:32:55+00:00","dateModified":"2021-03-05T20:27:49+00:00","description":"Em 4 de mar\u00e7o de 2021, no quinto encontro das \u201cQuintas-feiras Salesianas no Auxilium\u201d, a Professora Eliene Petri, FMA, aprofundou o tema: \u201cA ti as confio: no horizonte da esperan\u00e7a\u201d.","breadcrumb":{"@id":"https:\/\/www.cgfmanet.org\/pt-pt\/ifma-pt-pt\/a-esperanca-na-vida-de-maria-d-mazzarello\/#breadcrumb"},"inLanguage":"pt-PT","potentialAction":[{"@type":"ReadAction","target":["https:\/\/www.cgfmanet.org\/pt-pt\/ifma-pt-pt\/a-esperanca-na-vida-de-maria-d-mazzarello\/"]}]},{"@type":"ImageObject","inLanguage":"pt-PT","@id":"https:\/\/www.cgfmanet.org\/pt-pt\/ifma-pt-pt\/a-esperanca-na-vida-de-maria-d-mazzarello\/#primaryimage","url":"https:\/\/www.cgfmanet.org\/wp-content\/uploads\/2021\/03\/giovedi-Auxilium_speranza.jpg","contentUrl":"https:\/\/www.cgfmanet.org\/wp-content\/uploads\/2021\/03\/giovedi-Auxilium_speranza.jpg","width":1200,"height":800},{"@type":"BreadcrumbList","@id":"https:\/\/www.cgfmanet.org\/pt-pt\/ifma-pt-pt\/a-esperanca-na-vida-de-maria-d-mazzarello\/#breadcrumb","itemListElement":[{"@type":"ListItem","position":1,"name":"Home","item":"https:\/\/www.cgfmanet.org\/pt-pt\/"},{"@type":"ListItem","position":2,"name":"A Esperan\u00e7a na vida de Maria D. Mazzarello"}]},{"@type":"WebSite","@id":"https:\/\/www.cgfmanet.org\/es\/#website","url":"https:\/\/www.cgfmanet.org\/es\/","name":"Istituto Figlie di Maria Ausiliatrice","description":"Salesiane di Don Bosco","publisher":{"@id":"https:\/\/www.cgfmanet.org\/es\/#organization"},"potentialAction":[{"@type":"SearchAction","target":{"@type":"EntryPoint","urlTemplate":"https:\/\/www.cgfmanet.org\/es\/?s={search_term_string}"},"query-input":{"@type":"PropertyValueSpecification","valueRequired":true,"valueName":"search_term_string"}}],"inLanguage":"pt-PT"},{"@type":"Organization","@id":"https:\/\/www.cgfmanet.org\/es\/#organization","name":"Istituto Figlie di Maria Ausiliatrice","url":"https:\/\/www.cgfmanet.org\/es\/","logo":{"@type":"ImageObject","inLanguage":"pt-PT","@id":"https:\/\/www.cgfmanet.org\/es\/#\/schema\/logo\/image\/","url":"https:\/\/www.cgfmanet.org\/wp-content\/uploads\/2018\/10\/logo-fma.png","contentUrl":"https:\/\/www.cgfmanet.org\/wp-content\/uploads\/2018\/10\/logo-fma.png","width":214,"height":55,"caption":"Istituto Figlie di Maria Ausiliatrice"},"image":{"@id":"https:\/\/www.cgfmanet.org\/es\/#\/schema\/logo\/image\/"},"sameAs":["https:\/\/www.facebook.com\/salesian.sisters.of.don.bosco\/","https:\/\/x.com\/Cgfmanet_Org","https:\/\/www.youtube.com\/channel\/UCmcr8yFQBV7JXeXVxyV9y5Q"]},{"@type":"Person","@id":"https:\/\/www.cgfmanet.org\/es\/#\/schema\/person\/ce6473083f53ef0ef882cca23f0c8fb9","name":"Redazione"}]}},"_links":{"self":[{"href":"https:\/\/www.cgfmanet.org\/pt-pt\/wp-json\/wp\/v2\/posts\/41296","targetHints":{"allow":["GET"]}}],"collection":[{"href":"https:\/\/www.cgfmanet.org\/pt-pt\/wp-json\/wp\/v2\/posts"}],"about":[{"href":"https:\/\/www.cgfmanet.org\/pt-pt\/wp-json\/wp\/v2\/types\/post"}],"author":[{"embeddable":true,"href":"https:\/\/www.cgfmanet.org\/pt-pt\/wp-json\/wp\/v2\/users\/21"}],"replies":[{"embeddable":true,"href":"https:\/\/www.cgfmanet.org\/pt-pt\/wp-json\/wp\/v2\/comments?post=41296"}],"version-history":[{"count":0,"href":"https:\/\/www.cgfmanet.org\/pt-pt\/wp-json\/wp\/v2\/posts\/41296\/revisions"}],"wp:featuredmedia":[{"embeddable":true,"href":"https:\/\/www.cgfmanet.org\/pt-pt\/wp-json\/wp\/v2\/media\/41291"}],"wp:attachment":[{"href":"https:\/\/www.cgfmanet.org\/pt-pt\/wp-json\/wp\/v2\/media?parent=41296"}],"wp:term":[{"taxonomy":"category","embeddable":true,"href":"https:\/\/www.cgfmanet.org\/pt-pt\/wp-json\/wp\/v2\/categories?post=41296"},{"taxonomy":"post_tag","embeddable":true,"href":"https:\/\/www.cgfmanet.org\/pt-pt\/wp-json\/wp\/v2\/tags?post=41296"}],"curies":[{"name":"wp","href":"https:\/\/api.w.org\/{rel}","templated":true}]}}