{"id":25744,"date":"2020-05-15T10:00:32","date_gmt":"2020-05-15T08:00:32","guid":{"rendered":"https:\/\/www.cgfmanet.org\/infosfera-pt-pt\/vita-e-missione-in-tempo-di-pandemia-brj\/"},"modified":"2020-05-15T22:15:51","modified_gmt":"2020-05-15T20:15:51","slug":"vida-e-missao-em-tempo-de-pandemia-brj","status":"publish","type":"post","link":"https:\/\/www.cgfmanet.org\/pt-pt\/infosfera-pt-pt\/cidadania\/vida-e-missao-em-tempo-de-pandemia-brj\/","title":{"rendered":"Vida e miss\u00e3o em tempo de pandemia &#8211; BRJ"},"content":{"rendered":"<p><strong>Rio de Janeiro (Brasil) <\/strong>As Comunidades das Filhas de Maria Auxiliadora da Inspetoria <em>Nossa Senhora da Penha<\/em> (BRJ) acolhem o convite da Inspetora, Irm\u00e3 Ana Teresa Pinto, que incentiva as Comunidades FMA a compartilhar as experi\u00eancias que est\u00e3o vivenciando neste tempo de pandemia de Covid-19, para se sentirem em comunh\u00e3o, mantendo viva a miss\u00e3o carism\u00e1tica a que s\u00e3o chamadas;<\/p>\n<p><em>&#8220;O tempo que vivemos exige criatividade e aud\u00e1cia para nos reinventar, buscando alternativas que mantenham acesas a esperan\u00e7a e a solidariedade. A experi\u00eancia\u00a0 confirma que o isolamento n\u00e3o nos distancia, a suspens\u00e3o das atividades\u201d face a face &#8220;n\u00e3o impede a comunica\u00e7\u00e3o, as tecnologias n\u00e3o substituem a intelig\u00eancia humana e n\u00e3o nos falta a capacidade de sintonizar o transcendente, pois somos seres dotados da for\u00e7a do amor&#8221;. <\/em><\/p>\n<p>Uma experi\u00eancia \u00e9 a da <strong>Casa Bet\u00e2nia,<\/strong> da comunidade de<em> S. Giovanni Bosco <\/em>de Belford Roxo (RJ), que est\u00e1 realizando o projeto &#8220;<strong>Crescendo juntos<\/strong>&#8220;, em colabora\u00e7\u00e3o com a Pastoral do Menor do Rio de Janeiro, o Providence Bank e as Entidades sociais Instituto Ekloos e Instituto Phi.\u00a0 As FMA, juntamente com os volunt\u00e1rios da Obra Social, j\u00e1 conseguiram entregar duas vezes cestas de alimentos e itens b\u00e1sicos \u00e0s fam\u00edlias das 160 crian\u00e7as, adolescentes e jovens, destinat\u00e1rios do Projeto.\u00a0 Assim, cada fam\u00edlia foi capaz de reacender a esperan\u00e7a que torna poss\u00edvel acreditar que essa situa\u00e7\u00e3o dif\u00edcil passar\u00e1.<\/p>\n<p>Outra iniciativa \u00e9 a da <strong>Casa Dom Bosco <\/strong>da Comunidade <em>S. Jo\u00e3o Bosco<\/em> de <strong>Linhares<\/strong>, no m\u00eas de abril de 2020, em que se difundiu o cont\u00e1gio pelo Covid-19 no Brasil. Pensou-se num espa\u00e7o de partilha e confraterniza\u00e7\u00e3o com o slogan \u201c<strong>Infectados pela esperan\u00e7a<\/strong>\u201d, lembrando as palavras do Papa Francisco.\u00a0 Gra\u00e7as \u00e0 generosidade dos benfeitores foram distribu\u00eddos \u00e0s fam\u00edlias em dificuldade 250 p\u00e3es por semana recebidos do forno Celestrine, 25 pacotes de alimentos recebidos da par\u00f3quia\u00a0 S\u00e3o Jo\u00e3o Paulo II, 267 kits com ovos de P\u00e1scoa e outros materiais recebidos como presente.\u00a0 Al\u00e9m disso, as FMA, atrav\u00e9s da irm\u00e3 Antonia L. Venturim, doaram \u00e0s fam\u00edlias sab\u00e3o l\u00edquido produzido na Comunidade.<\/p>\n<p>Os educadores e educadoras do projeto para crian\u00e7as de rua <a href=\"https:\/\/www.facebook.com\/Villagindo\/\" target=\"_blank\" rel=\"noopener noreferrer\">Villagindo<\/a>, da Comunidade<em> Maria Imaculada <\/em>de <strong>Cachoeiro de Itapemirim,<\/strong> est\u00e3o comprometidos em produzir atividades on-line com mensagens de apoio e esperan\u00e7a, para incentivar \u00e0 responsabilidade e \u00e0 produtividade, fornecer informa\u00e7\u00f5es sobre sa\u00fade e\u00a0 procurar reduzir os efeitos da ociosidade em crian\u00e7as e adolescentes.\u00a0 Todos os dias, um educador d\u00e1 o bom dia, enquanto outros publicam jogos culturais, atividades recreativas, narra\u00e7\u00f5es, testemunhos, competi\u00e7\u00f5es etc.\u00a0 Os educadores tamb\u00e9m se dedicam \u00e0 cria\u00e7\u00e3o de m\u00e1scaras protetoras e sab\u00e3o caseiro para serem doados \u00e0s fam\u00edlias dos benefici\u00e1rios do projeto.\u00a0 Al\u00e9m disso, Villagindo disponibilizou um assistente social para apoiar as fam\u00edlias e esclarecer d\u00favidas sobre a pandemia.<\/p>\n","protected":false},"excerpt":{"rendered":"<p>As comunidades das FMA da Inspetoria do Rio de Janeiro (BRJ) vivem o tempo da pandemia de Covid-19 procurando alternativas que mantenham a esperan\u00e7a e a solidariedade.  <\/p>\n","protected":false},"author":21,"featured_media":25739,"comment_status":"open","ping_status":"closed","sticky":false,"template":"","format":"standard","meta":{"footnotes":""},"categories":[38,193],"tags":[996,1930,1992],"class_list":["post-25744","post","type-post","status-publish","format-standard","has-post-thumbnail","category-infosfera-pt-pt","category-cidadania","tag-brj-pt-pt","tag-focus-pt-pt","tag-solidarieta-pt-pt"],"yoast_head":"<!-- This site is optimized with the Yoast SEO plugin v27.4 - https:\/\/yoast.com\/product\/yoast-seo-wordpress\/ -->\n<title>Vida e miss\u00e3o em tempo de pandemia - BRJ &#8226; Istituto Figlie di Maria Ausiliatrice<\/title>\n<meta name=\"description\" content=\"As comunidades das FMA da Inspetoria do Rio de Janeiro (BRJ) vivem o tempo da pandemia de Covid-19 procurando alternativas que mantenham a esperan\u00e7a e a solidariedade.\" \/>\n<meta name=\"robots\" content=\"index, follow, max-snippet:-1, max-image-preview:large, max-video-preview:-1\" \/>\n<link rel=\"canonical\" href=\"https:\/\/www.cgfmanet.org\/pt-pt\/infosfera-pt-pt\/cidadania\/vida-e-missao-em-tempo-de-pandemia-brj\/\" \/>\n<meta property=\"og:locale\" content=\"pt_PT\" \/>\n<meta property=\"og:type\" content=\"article\" \/>\n<meta property=\"og:title\" content=\"Vida e miss\u00e3o em tempo de pandemia - BRJ &#8226; Istituto Figlie di Maria Ausiliatrice\" \/>\n<meta property=\"og:description\" content=\"As comunidades das FMA da Inspetoria do Rio de Janeiro (BRJ) vivem o tempo da pandemia de Covid-19 procurando alternativas que mantenham a esperan\u00e7a e a solidariedade.\" \/>\n<meta property=\"og:url\" content=\"https:\/\/www.cgfmanet.org\/pt-pt\/infosfera-pt-pt\/cidadania\/vida-e-missao-em-tempo-de-pandemia-brj\/\" \/>\n<meta property=\"og:site_name\" content=\"Istituto Figlie di Maria Ausiliatrice\" \/>\n<meta property=\"article:publisher\" content=\"https:\/\/www.facebook.com\/salesian.sisters.of.don.bosco\/\" \/>\n<meta property=\"article:published_time\" content=\"2020-05-15T08:00:32+00:00\" \/>\n<meta property=\"article:modified_time\" content=\"2020-05-15T20:15:51+00:00\" \/>\n<meta property=\"og:image\" content=\"https:\/\/www.cgfmanet.org\/wp-content\/uploads\/2020\/05\/Iniziative-BRJ.jpg\" \/>\n\t<meta property=\"og:image:width\" content=\"1452\" \/>\n\t<meta property=\"og:image:height\" content=\"968\" \/>\n\t<meta property=\"og:image:type\" content=\"image\/jpeg\" \/>\n<meta name=\"author\" content=\"Redazione\" \/>\n<meta name=\"twitter:card\" content=\"summary_large_image\" \/>\n<meta name=\"twitter:creator\" content=\"@Cgfmanet_Org\" \/>\n<meta name=\"twitter:site\" content=\"@Cgfmanet_Org\" \/>\n<meta name=\"twitter:label1\" content=\"Escrito por\" \/>\n\t<meta name=\"twitter:data1\" content=\"Redazione\" \/>\n\t<meta name=\"twitter:label2\" content=\"Tempo estimado de leitura\" \/>\n\t<meta name=\"twitter:data2\" content=\"2 minutos\" \/>\n<script type=\"application\/ld+json\" class=\"yoast-schema-graph\">{\"@context\":\"https:\\\/\\\/schema.org\",\"@graph\":[{\"@type\":\"Article\",\"@id\":\"https:\\\/\\\/www.cgfmanet.org\\\/pt-pt\\\/infosfera-pt-pt\\\/cidadania\\\/vida-e-missao-em-tempo-de-pandemia-brj\\\/#article\",\"isPartOf\":{\"@id\":\"https:\\\/\\\/www.cgfmanet.org\\\/pt-pt\\\/infosfera-pt-pt\\\/cidadania\\\/vida-e-missao-em-tempo-de-pandemia-brj\\\/\"},\"author\":{\"name\":\"Redazione\",\"@id\":\"https:\\\/\\\/www.cgfmanet.org\\\/es\\\/#\\\/schema\\\/person\\\/ce6473083f53ef0ef882cca23f0c8fb9\"},\"headline\":\"Vida e miss\u00e3o em tempo de pandemia &#8211; BRJ\",\"datePublished\":\"2020-05-15T08:00:32+00:00\",\"dateModified\":\"2020-05-15T20:15:51+00:00\",\"mainEntityOfPage\":{\"@id\":\"https:\\\/\\\/www.cgfmanet.org\\\/pt-pt\\\/infosfera-pt-pt\\\/cidadania\\\/vida-e-missao-em-tempo-de-pandemia-brj\\\/\"},\"wordCount\":508,\"commentCount\":0,\"publisher\":{\"@id\":\"https:\\\/\\\/www.cgfmanet.org\\\/es\\\/#organization\"},\"image\":{\"@id\":\"https:\\\/\\\/www.cgfmanet.org\\\/pt-pt\\\/infosfera-pt-pt\\\/cidadania\\\/vida-e-missao-em-tempo-de-pandemia-brj\\\/#primaryimage\"},\"thumbnailUrl\":\"https:\\\/\\\/www.cgfmanet.org\\\/wp-content\\\/uploads\\\/2020\\\/05\\\/Iniziative-BRJ.jpg\",\"keywords\":[\"BRJ\",\"Focus\",\"Solidariet\u00e0\"],\"articleSection\":[\"Infosfera\",\"Cidadania\"],\"inLanguage\":\"pt-PT\",\"potentialAction\":[{\"@type\":\"CommentAction\",\"name\":\"Comment\",\"target\":[\"https:\\\/\\\/www.cgfmanet.org\\\/pt-pt\\\/infosfera-pt-pt\\\/cidadania\\\/vida-e-missao-em-tempo-de-pandemia-brj\\\/#respond\"]}]},{\"@type\":\"WebPage\",\"@id\":\"https:\\\/\\\/www.cgfmanet.org\\\/pt-pt\\\/infosfera-pt-pt\\\/cidadania\\\/vida-e-missao-em-tempo-de-pandemia-brj\\\/\",\"url\":\"https:\\\/\\\/www.cgfmanet.org\\\/pt-pt\\\/infosfera-pt-pt\\\/cidadania\\\/vida-e-missao-em-tempo-de-pandemia-brj\\\/\",\"name\":\"Vida e miss\u00e3o em tempo de pandemia - BRJ &#8226; Istituto Figlie di Maria Ausiliatrice\",\"isPartOf\":{\"@id\":\"https:\\\/\\\/www.cgfmanet.org\\\/es\\\/#website\"},\"primaryImageOfPage\":{\"@id\":\"https:\\\/\\\/www.cgfmanet.org\\\/pt-pt\\\/infosfera-pt-pt\\\/cidadania\\\/vida-e-missao-em-tempo-de-pandemia-brj\\\/#primaryimage\"},\"image\":{\"@id\":\"https:\\\/\\\/www.cgfmanet.org\\\/pt-pt\\\/infosfera-pt-pt\\\/cidadania\\\/vida-e-missao-em-tempo-de-pandemia-brj\\\/#primaryimage\"},\"thumbnailUrl\":\"https:\\\/\\\/www.cgfmanet.org\\\/wp-content\\\/uploads\\\/2020\\\/05\\\/Iniziative-BRJ.jpg\",\"datePublished\":\"2020-05-15T08:00:32+00:00\",\"dateModified\":\"2020-05-15T20:15:51+00:00\",\"description\":\"As comunidades das FMA da Inspetoria do Rio de Janeiro (BRJ) vivem o tempo da pandemia de Covid-19 procurando alternativas que mantenham a esperan\u00e7a e a solidariedade.\",\"breadcrumb\":{\"@id\":\"https:\\\/\\\/www.cgfmanet.org\\\/pt-pt\\\/infosfera-pt-pt\\\/cidadania\\\/vida-e-missao-em-tempo-de-pandemia-brj\\\/#breadcrumb\"},\"inLanguage\":\"pt-PT\",\"potentialAction\":[{\"@type\":\"ReadAction\",\"target\":[\"https:\\\/\\\/www.cgfmanet.org\\\/pt-pt\\\/infosfera-pt-pt\\\/cidadania\\\/vida-e-missao-em-tempo-de-pandemia-brj\\\/\"]}]},{\"@type\":\"ImageObject\",\"inLanguage\":\"pt-PT\",\"@id\":\"https:\\\/\\\/www.cgfmanet.org\\\/pt-pt\\\/infosfera-pt-pt\\\/cidadania\\\/vida-e-missao-em-tempo-de-pandemia-brj\\\/#primaryimage\",\"url\":\"https:\\\/\\\/www.cgfmanet.org\\\/wp-content\\\/uploads\\\/2020\\\/05\\\/Iniziative-BRJ.jpg\",\"contentUrl\":\"https:\\\/\\\/www.cgfmanet.org\\\/wp-content\\\/uploads\\\/2020\\\/05\\\/Iniziative-BRJ.jpg\",\"width\":1452,\"height\":968},{\"@type\":\"BreadcrumbList\",\"@id\":\"https:\\\/\\\/www.cgfmanet.org\\\/pt-pt\\\/infosfera-pt-pt\\\/cidadania\\\/vida-e-missao-em-tempo-de-pandemia-brj\\\/#breadcrumb\",\"itemListElement\":[{\"@type\":\"ListItem\",\"position\":1,\"name\":\"Home\",\"item\":\"https:\\\/\\\/www.cgfmanet.org\\\/pt-pt\\\/\"},{\"@type\":\"ListItem\",\"position\":2,\"name\":\"Vida e miss\u00e3o em tempo de pandemia &#8211; BRJ\"}]},{\"@type\":\"WebSite\",\"@id\":\"https:\\\/\\\/www.cgfmanet.org\\\/es\\\/#website\",\"url\":\"https:\\\/\\\/www.cgfmanet.org\\\/es\\\/\",\"name\":\"Istituto Figlie di Maria Ausiliatrice\",\"description\":\"Salesiane di Don Bosco\",\"publisher\":{\"@id\":\"https:\\\/\\\/www.cgfmanet.org\\\/es\\\/#organization\"},\"potentialAction\":[{\"@type\":\"SearchAction\",\"target\":{\"@type\":\"EntryPoint\",\"urlTemplate\":\"https:\\\/\\\/www.cgfmanet.org\\\/es\\\/?s={search_term_string}\"},\"query-input\":{\"@type\":\"PropertyValueSpecification\",\"valueRequired\":true,\"valueName\":\"search_term_string\"}}],\"inLanguage\":\"pt-PT\"},{\"@type\":\"Organization\",\"@id\":\"https:\\\/\\\/www.cgfmanet.org\\\/es\\\/#organization\",\"name\":\"Istituto Figlie di Maria Ausiliatrice\",\"url\":\"https:\\\/\\\/www.cgfmanet.org\\\/es\\\/\",\"logo\":{\"@type\":\"ImageObject\",\"inLanguage\":\"pt-PT\",\"@id\":\"https:\\\/\\\/www.cgfmanet.org\\\/es\\\/#\\\/schema\\\/logo\\\/image\\\/\",\"url\":\"https:\\\/\\\/www.cgfmanet.org\\\/wp-content\\\/uploads\\\/2018\\\/10\\\/logo-fma.png\",\"contentUrl\":\"https:\\\/\\\/www.cgfmanet.org\\\/wp-content\\\/uploads\\\/2018\\\/10\\\/logo-fma.png\",\"width\":214,\"height\":55,\"caption\":\"Istituto Figlie di Maria Ausiliatrice\"},\"image\":{\"@id\":\"https:\\\/\\\/www.cgfmanet.org\\\/es\\\/#\\\/schema\\\/logo\\\/image\\\/\"},\"sameAs\":[\"https:\\\/\\\/www.facebook.com\\\/salesian.sisters.of.don.bosco\\\/\",\"https:\\\/\\\/x.com\\\/Cgfmanet_Org\",\"https:\\\/\\\/www.youtube.com\\\/channel\\\/UCmcr8yFQBV7JXeXVxyV9y5Q\"]},{\"@type\":\"Person\",\"@id\":\"https:\\\/\\\/www.cgfmanet.org\\\/es\\\/#\\\/schema\\\/person\\\/ce6473083f53ef0ef882cca23f0c8fb9\",\"name\":\"Redazione\"}]}<\/script>\n<!-- \/ Yoast SEO plugin. -->","yoast_head_json":{"title":"Vida e miss\u00e3o em tempo de pandemia - BRJ &#8226; Istituto Figlie di Maria Ausiliatrice","description":"As comunidades das FMA da Inspetoria do Rio de Janeiro (BRJ) vivem o tempo da pandemia de Covid-19 procurando alternativas que mantenham a esperan\u00e7a e a solidariedade.","robots":{"index":"index","follow":"follow","max-snippet":"max-snippet:-1","max-image-preview":"max-image-preview:large","max-video-preview":"max-video-preview:-1"},"canonical":"https:\/\/www.cgfmanet.org\/pt-pt\/infosfera-pt-pt\/cidadania\/vida-e-missao-em-tempo-de-pandemia-brj\/","og_locale":"pt_PT","og_type":"article","og_title":"Vida e miss\u00e3o em tempo de pandemia - BRJ &#8226; Istituto Figlie di Maria Ausiliatrice","og_description":"As comunidades das FMA da Inspetoria do Rio de Janeiro (BRJ) vivem o tempo da pandemia de Covid-19 procurando alternativas que mantenham a esperan\u00e7a e a solidariedade.","og_url":"https:\/\/www.cgfmanet.org\/pt-pt\/infosfera-pt-pt\/cidadania\/vida-e-missao-em-tempo-de-pandemia-brj\/","og_site_name":"Istituto Figlie di Maria Ausiliatrice","article_publisher":"https:\/\/www.facebook.com\/salesian.sisters.of.don.bosco\/","article_published_time":"2020-05-15T08:00:32+00:00","article_modified_time":"2020-05-15T20:15:51+00:00","og_image":[{"width":1452,"height":968,"url":"https:\/\/www.cgfmanet.org\/wp-content\/uploads\/2020\/05\/Iniziative-BRJ.jpg","type":"image\/jpeg"}],"author":"Redazione","twitter_card":"summary_large_image","twitter_creator":"@Cgfmanet_Org","twitter_site":"@Cgfmanet_Org","twitter_misc":{"Escrito por":"Redazione","Tempo estimado de leitura":"2 minutos"},"schema":{"@context":"https:\/\/schema.org","@graph":[{"@type":"Article","@id":"https:\/\/www.cgfmanet.org\/pt-pt\/infosfera-pt-pt\/cidadania\/vida-e-missao-em-tempo-de-pandemia-brj\/#article","isPartOf":{"@id":"https:\/\/www.cgfmanet.org\/pt-pt\/infosfera-pt-pt\/cidadania\/vida-e-missao-em-tempo-de-pandemia-brj\/"},"author":{"name":"Redazione","@id":"https:\/\/www.cgfmanet.org\/es\/#\/schema\/person\/ce6473083f53ef0ef882cca23f0c8fb9"},"headline":"Vida e miss\u00e3o em tempo de pandemia &#8211; BRJ","datePublished":"2020-05-15T08:00:32+00:00","dateModified":"2020-05-15T20:15:51+00:00","mainEntityOfPage":{"@id":"https:\/\/www.cgfmanet.org\/pt-pt\/infosfera-pt-pt\/cidadania\/vida-e-missao-em-tempo-de-pandemia-brj\/"},"wordCount":508,"commentCount":0,"publisher":{"@id":"https:\/\/www.cgfmanet.org\/es\/#organization"},"image":{"@id":"https:\/\/www.cgfmanet.org\/pt-pt\/infosfera-pt-pt\/cidadania\/vida-e-missao-em-tempo-de-pandemia-brj\/#primaryimage"},"thumbnailUrl":"https:\/\/www.cgfmanet.org\/wp-content\/uploads\/2020\/05\/Iniziative-BRJ.jpg","keywords":["BRJ","Focus","Solidariet\u00e0"],"articleSection":["Infosfera","Cidadania"],"inLanguage":"pt-PT","potentialAction":[{"@type":"CommentAction","name":"Comment","target":["https:\/\/www.cgfmanet.org\/pt-pt\/infosfera-pt-pt\/cidadania\/vida-e-missao-em-tempo-de-pandemia-brj\/#respond"]}]},{"@type":"WebPage","@id":"https:\/\/www.cgfmanet.org\/pt-pt\/infosfera-pt-pt\/cidadania\/vida-e-missao-em-tempo-de-pandemia-brj\/","url":"https:\/\/www.cgfmanet.org\/pt-pt\/infosfera-pt-pt\/cidadania\/vida-e-missao-em-tempo-de-pandemia-brj\/","name":"Vida e miss\u00e3o em tempo de pandemia - BRJ &#8226; Istituto Figlie di Maria Ausiliatrice","isPartOf":{"@id":"https:\/\/www.cgfmanet.org\/es\/#website"},"primaryImageOfPage":{"@id":"https:\/\/www.cgfmanet.org\/pt-pt\/infosfera-pt-pt\/cidadania\/vida-e-missao-em-tempo-de-pandemia-brj\/#primaryimage"},"image":{"@id":"https:\/\/www.cgfmanet.org\/pt-pt\/infosfera-pt-pt\/cidadania\/vida-e-missao-em-tempo-de-pandemia-brj\/#primaryimage"},"thumbnailUrl":"https:\/\/www.cgfmanet.org\/wp-content\/uploads\/2020\/05\/Iniziative-BRJ.jpg","datePublished":"2020-05-15T08:00:32+00:00","dateModified":"2020-05-15T20:15:51+00:00","description":"As comunidades das FMA da Inspetoria do Rio de Janeiro (BRJ) vivem o tempo da pandemia de Covid-19 procurando alternativas que mantenham a esperan\u00e7a e a solidariedade.","breadcrumb":{"@id":"https:\/\/www.cgfmanet.org\/pt-pt\/infosfera-pt-pt\/cidadania\/vida-e-missao-em-tempo-de-pandemia-brj\/#breadcrumb"},"inLanguage":"pt-PT","potentialAction":[{"@type":"ReadAction","target":["https:\/\/www.cgfmanet.org\/pt-pt\/infosfera-pt-pt\/cidadania\/vida-e-missao-em-tempo-de-pandemia-brj\/"]}]},{"@type":"ImageObject","inLanguage":"pt-PT","@id":"https:\/\/www.cgfmanet.org\/pt-pt\/infosfera-pt-pt\/cidadania\/vida-e-missao-em-tempo-de-pandemia-brj\/#primaryimage","url":"https:\/\/www.cgfmanet.org\/wp-content\/uploads\/2020\/05\/Iniziative-BRJ.jpg","contentUrl":"https:\/\/www.cgfmanet.org\/wp-content\/uploads\/2020\/05\/Iniziative-BRJ.jpg","width":1452,"height":968},{"@type":"BreadcrumbList","@id":"https:\/\/www.cgfmanet.org\/pt-pt\/infosfera-pt-pt\/cidadania\/vida-e-missao-em-tempo-de-pandemia-brj\/#breadcrumb","itemListElement":[{"@type":"ListItem","position":1,"name":"Home","item":"https:\/\/www.cgfmanet.org\/pt-pt\/"},{"@type":"ListItem","position":2,"name":"Vida e miss\u00e3o em tempo de pandemia &#8211; BRJ"}]},{"@type":"WebSite","@id":"https:\/\/www.cgfmanet.org\/es\/#website","url":"https:\/\/www.cgfmanet.org\/es\/","name":"Istituto Figlie di Maria Ausiliatrice","description":"Salesiane di Don Bosco","publisher":{"@id":"https:\/\/www.cgfmanet.org\/es\/#organization"},"potentialAction":[{"@type":"SearchAction","target":{"@type":"EntryPoint","urlTemplate":"https:\/\/www.cgfmanet.org\/es\/?s={search_term_string}"},"query-input":{"@type":"PropertyValueSpecification","valueRequired":true,"valueName":"search_term_string"}}],"inLanguage":"pt-PT"},{"@type":"Organization","@id":"https:\/\/www.cgfmanet.org\/es\/#organization","name":"Istituto Figlie di Maria Ausiliatrice","url":"https:\/\/www.cgfmanet.org\/es\/","logo":{"@type":"ImageObject","inLanguage":"pt-PT","@id":"https:\/\/www.cgfmanet.org\/es\/#\/schema\/logo\/image\/","url":"https:\/\/www.cgfmanet.org\/wp-content\/uploads\/2018\/10\/logo-fma.png","contentUrl":"https:\/\/www.cgfmanet.org\/wp-content\/uploads\/2018\/10\/logo-fma.png","width":214,"height":55,"caption":"Istituto Figlie di Maria Ausiliatrice"},"image":{"@id":"https:\/\/www.cgfmanet.org\/es\/#\/schema\/logo\/image\/"},"sameAs":["https:\/\/www.facebook.com\/salesian.sisters.of.don.bosco\/","https:\/\/x.com\/Cgfmanet_Org","https:\/\/www.youtube.com\/channel\/UCmcr8yFQBV7JXeXVxyV9y5Q"]},{"@type":"Person","@id":"https:\/\/www.cgfmanet.org\/es\/#\/schema\/person\/ce6473083f53ef0ef882cca23f0c8fb9","name":"Redazione"}]}},"_links":{"self":[{"href":"https:\/\/www.cgfmanet.org\/pt-pt\/wp-json\/wp\/v2\/posts\/25744","targetHints":{"allow":["GET"]}}],"collection":[{"href":"https:\/\/www.cgfmanet.org\/pt-pt\/wp-json\/wp\/v2\/posts"}],"about":[{"href":"https:\/\/www.cgfmanet.org\/pt-pt\/wp-json\/wp\/v2\/types\/post"}],"author":[{"embeddable":true,"href":"https:\/\/www.cgfmanet.org\/pt-pt\/wp-json\/wp\/v2\/users\/21"}],"replies":[{"embeddable":true,"href":"https:\/\/www.cgfmanet.org\/pt-pt\/wp-json\/wp\/v2\/comments?post=25744"}],"version-history":[{"count":0,"href":"https:\/\/www.cgfmanet.org\/pt-pt\/wp-json\/wp\/v2\/posts\/25744\/revisions"}],"wp:featuredmedia":[{"embeddable":true,"href":"https:\/\/www.cgfmanet.org\/pt-pt\/wp-json\/wp\/v2\/media\/25739"}],"wp:attachment":[{"href":"https:\/\/www.cgfmanet.org\/pt-pt\/wp-json\/wp\/v2\/media?parent=25744"}],"wp:term":[{"taxonomy":"category","embeddable":true,"href":"https:\/\/www.cgfmanet.org\/pt-pt\/wp-json\/wp\/v2\/categories?post=25744"},{"taxonomy":"post_tag","embeddable":true,"href":"https:\/\/www.cgfmanet.org\/pt-pt\/wp-json\/wp\/v2\/tags?post=25744"}],"curies":[{"name":"wp","href":"https:\/\/api.w.org\/{rel}","templated":true}]}}