{"id":156560,"date":"2026-04-29T10:42:33","date_gmt":"2026-04-29T08:42:33","guid":{"rendered":"https:\/\/www.cgfmanet.org\/infosfera-pt-pt\/lecologia-integrale-nella-vita-della-famiglia\/"},"modified":"2026-04-29T18:54:29","modified_gmt":"2026-04-29T16:54:29","slug":"lecologia-integrale-nella-vita-della-famiglia","status":"publish","type":"post","link":"https:\/\/www.cgfmanet.org\/pt-pt\/infosfera-pt-pt\/lecologia-integrale-nella-vita-della-famiglia\/","title":{"rendered":"L&#8217;ecologia integrale nella vita della famiglia"},"content":{"rendered":"<p><strong>Roma (Italia).<\/strong> Il 27 aprile 2026 \u00e8 stato pubblicato dal <span style=\"color: #0000ff;\"><strong><a style=\"color: #0000ff;\" href=\"https:\/\/www.humandevelopment.va\/it\/news\/2026\/ecologia-integrale-nella-vita-della-famiglia-documento-congiunto-dicasteri.html\" target=\"_blank\" rel=\"noopener\">Dicastero per il Servizio Umano Integrale<\/a><\/strong><\/span> e dal <span style=\"color: #0000ff;\"><strong><a style=\"color: #0000ff;\" href=\"https:\/\/www.laityfamilylife.va\/content\/laityfamilylife\/it\/news\/2026\/l-ecologia-integrale-nella-vita-della-famiglia.html\" target=\"_blank\" rel=\"noopener\">Dicastero per i Laici, la Famiglia e la Vita<\/a><\/strong><\/span> il Documento <strong>\u201cL\u2019Ecologia integrale nella vita della famiglia\u201d<\/strong>, pensato per educare in famiglia alla cura Creato e della vita umana.<\/p>\n<p>Il Documento \u00e8 nato per accogliere gli appelli di Papa Francesco e di Papa Leone XIV ad ascoltare il grido dei poveri e della Terra e per offrire una risposta concreta, mettendo in atto i principi dell\u2019Esortazione post-sinodale\u00a0<em>Amoris Laetitia<\/em>\u00a0e gli insegnamenti dell\u2019Enciclica\u00a0<em>Laudato si\u2019<\/em>. Il testo \u00e8 frutto dell\u2019impegno congiunto dei due Dicasteri della Santa Sede e la sua stesura ha visto il coinvolgimento diretto anche di teologi, consulenti e coppie sposate.<\/p>\n<p><em>\u201cI valori che prendono forma e crescono nella famiglia costituiscono il terreno fertile da cui scaturisce la vita della societ\u00e0. Le famiglie sono quindi fondamentali per sviluppare e trasmettere il valore della cura della nostra casa comune e di ogni persona\u201d<\/em>, scrivono nella presentazione del libro i Prefetti dei due Dicasteri, il Card. Michael Czerny SJ e il Card. Kevin Farrell.<\/p>\n<p>Il volume tuttavia, <em>\u201cpur essendo dedicato principalmente alle famiglie, riguarda tutti noi\u201d<\/em>, specificano. Infatti, chiunque, nel proprio stato di vita, pu\u00f2 trovare consigli e ispirazioni per contribuire a migliorare le relazioni e l\u2019ambiente, promuovendo un mondo pi\u00f9 equo e sostenibile in cui Creato e dignit\u00e0 umana siano difesi e protetti. Le famiglie, in quanto elementi costitutivi della societ\u00e0, possono diventare il motore di questo profondo cambiamento culturale.<\/p>\n<p>Il testo propone dunque spunti e indicazioni utili alle famiglie, ai gruppi ecclesiali e ai singoli lettori per far fronte alle sfide ambientali attuali e per promuovere lo sviluppo integrale di ogni persona. <strong>La prima parte<\/strong> presenta concetti fondamentali basati sugli scritti pi\u00f9 significativi di Papa Francesco; <strong>la seconda parte<\/strong>, cuore del volume, contiene capitoli tematici che riflettono sette obiettivi tratti dalla\u00a0<em>Laudato si\u2019<\/em>:<\/p>\n<ul>\n<li>ascoltare il grido della terra<\/li>\n<li>ascoltare il grido dei poveri e dei vulnerabili<\/li>\n<li>adottare e promuovere l\u2019economia ecologica<\/li>\n<li>adottare stili di vita ecologici<\/li>\n<li>ecologia integrale e istruzione<\/li>\n<li>spiritualit\u00e0 ecologica in una prospettiva familiare<\/li>\n<li>famiglie che partecipano alla vita comunitaria.<\/li>\n<\/ul>\n<p>Ogni capitolo \u00e8 a sua volta suddiviso in <strong>quattro sezioni<\/strong>: spiegazione del tema, implicazioni del tema, domande per la riflessione e la discussione, proposta di alcune azioni concrete.<\/p>\n<p>La cura del Creato \u00e8 un impegno che esprime la fede la quale, come ha ricordato Papa Leone XIV nell\u2019Omelia per il Giubileo delle famiglie, dei nonni e degli anziani, \u201csi trasmette [in famiglia] insieme alla vita, di generazione in generazione\u201d (1 giugno 2025).<\/p>\n<p><strong>\u201cL\u2019Ecologia integrale nella vita della famiglia\u201d<\/strong> <strong>\u00e8 disponibile gratuitamente in 5 lingue sui siti web ufficiali dei due Dicasteri.<\/strong><\/p>\n","protected":false},"excerpt":{"rendered":"<p>Roma (Italia). Il 27 aprile 2026 \u00e8 stato pubblicato dal Dicastero per il Servizio Umano Integrale e dal Dicastero per i Laici, la Famiglia e la Vita il Documento \u201cL\u2019Ecologia [&hellip;]<\/p>\n","protected":false},"author":21,"featured_media":156555,"comment_status":"open","ping_status":"closed","sticky":false,"template":"","format":"standard","meta":{"footnotes":""},"categories":[38,202],"tags":[1136,1930,2090],"class_list":["post-156560","post","type-post","status-publish","format-standard","has-post-thumbnail","category-infosfera-pt-pt","category-ecologia-pt","tag-educacao","tag-focus-pt-pt","tag-familia"],"yoast_head":"<!-- This site is optimized with the Yoast SEO plugin v27.4 - https:\/\/yoast.com\/product\/yoast-seo-wordpress\/ -->\n<title>L&#039;ecologia integrale nella vita della famiglia &#8226; Istituto Figlie di Maria Ausiliatrice<\/title>\n<meta name=\"description\" content=\"Il 27 aprile 2026 i Dicasteri per il Servizio dello Sviluppo Umano Integrale e per i Laici, la Famiglia e la Vita hanno pubblicato un Documento congiunto per educare alla cura Creato e della vita umana.\" \/>\n<meta name=\"robots\" content=\"index, follow, max-snippet:-1, max-image-preview:large, max-video-preview:-1\" \/>\n<link rel=\"canonical\" href=\"https:\/\/www.cgfmanet.org\/pt-pt\/infosfera-pt-pt\/lecologia-integrale-nella-vita-della-famiglia\/\" \/>\n<meta property=\"og:locale\" content=\"pt_PT\" \/>\n<meta property=\"og:type\" content=\"article\" \/>\n<meta property=\"og:title\" content=\"L&#039;ecologia integrale nella vita della famiglia &#8226; Istituto Figlie di Maria Ausiliatrice\" \/>\n<meta property=\"og:description\" content=\"Il 27 aprile 2026 i Dicasteri per il Servizio dello Sviluppo Umano Integrale e per i Laici, la Famiglia e la Vita hanno pubblicato un Documento congiunto per educare alla cura Creato e della vita umana.\" \/>\n<meta property=\"og:url\" content=\"https:\/\/www.cgfmanet.org\/pt-pt\/infosfera-pt-pt\/lecologia-integrale-nella-vita-della-famiglia\/\" \/>\n<meta property=\"og:site_name\" content=\"Istituto Figlie di Maria Ausiliatrice\" \/>\n<meta property=\"article:publisher\" content=\"https:\/\/www.facebook.com\/salesian.sisters.of.don.bosco\/\" \/>\n<meta property=\"article:published_time\" content=\"2026-04-29T08:42:33+00:00\" \/>\n<meta property=\"article:modified_time\" content=\"2026-04-29T16:54:29+00:00\" \/>\n<meta property=\"og:image\" content=\"https:\/\/www.cgfmanet.org\/wp-content\/uploads\/2026\/04\/Documento-Ecologia-integrale.jpg\" \/>\n\t<meta property=\"og:image:width\" content=\"1200\" \/>\n\t<meta property=\"og:image:height\" content=\"800\" \/>\n\t<meta property=\"og:image:type\" content=\"image\/jpeg\" \/>\n<meta name=\"author\" content=\"Redazione\" \/>\n<meta name=\"twitter:card\" content=\"summary_large_image\" \/>\n<meta name=\"twitter:creator\" content=\"@Cgfmanet_Org\" \/>\n<meta name=\"twitter:site\" content=\"@Cgfmanet_Org\" \/>\n<meta name=\"twitter:label1\" content=\"Escrito por\" \/>\n\t<meta name=\"twitter:data1\" content=\"Redazione\" \/>\n\t<meta name=\"twitter:label2\" content=\"Tempo estimado de leitura\" \/>\n\t<meta name=\"twitter:data2\" content=\"3 minutos\" \/>\n<script type=\"application\/ld+json\" class=\"yoast-schema-graph\">{\"@context\":\"https:\\\/\\\/schema.org\",\"@graph\":[{\"@type\":\"Article\",\"@id\":\"https:\\\/\\\/www.cgfmanet.org\\\/pt-pt\\\/infosfera-pt-pt\\\/lecologia-integrale-nella-vita-della-famiglia\\\/#article\",\"isPartOf\":{\"@id\":\"https:\\\/\\\/www.cgfmanet.org\\\/pt-pt\\\/infosfera-pt-pt\\\/lecologia-integrale-nella-vita-della-famiglia\\\/\"},\"author\":{\"name\":\"Redazione\",\"@id\":\"https:\\\/\\\/www.cgfmanet.org\\\/es\\\/#\\\/schema\\\/person\\\/ce6473083f53ef0ef882cca23f0c8fb9\"},\"headline\":\"L&#8217;ecologia integrale nella vita della famiglia\",\"datePublished\":\"2026-04-29T08:42:33+00:00\",\"dateModified\":\"2026-04-29T16:54:29+00:00\",\"mainEntityOfPage\":{\"@id\":\"https:\\\/\\\/www.cgfmanet.org\\\/pt-pt\\\/infosfera-pt-pt\\\/lecologia-integrale-nella-vita-della-famiglia\\\/\"},\"wordCount\":447,\"commentCount\":0,\"publisher\":{\"@id\":\"https:\\\/\\\/www.cgfmanet.org\\\/es\\\/#organization\"},\"image\":{\"@id\":\"https:\\\/\\\/www.cgfmanet.org\\\/pt-pt\\\/infosfera-pt-pt\\\/lecologia-integrale-nella-vita-della-famiglia\\\/#primaryimage\"},\"thumbnailUrl\":\"https:\\\/\\\/www.cgfmanet.org\\\/wp-content\\\/uploads\\\/2026\\\/04\\\/Documento-Ecologia-integrale.jpg\",\"keywords\":[\"Educa\u00e7\u00e3o\",\"Focus\",\"Fam\u00edlia\"],\"articleSection\":[\"Infosfera\",\"Ecologia\"],\"inLanguage\":\"pt-PT\",\"potentialAction\":[{\"@type\":\"CommentAction\",\"name\":\"Comment\",\"target\":[\"https:\\\/\\\/www.cgfmanet.org\\\/pt-pt\\\/infosfera-pt-pt\\\/lecologia-integrale-nella-vita-della-famiglia\\\/#respond\"]}]},{\"@type\":\"WebPage\",\"@id\":\"https:\\\/\\\/www.cgfmanet.org\\\/pt-pt\\\/infosfera-pt-pt\\\/lecologia-integrale-nella-vita-della-famiglia\\\/\",\"url\":\"https:\\\/\\\/www.cgfmanet.org\\\/pt-pt\\\/infosfera-pt-pt\\\/lecologia-integrale-nella-vita-della-famiglia\\\/\",\"name\":\"L'ecologia integrale nella vita della famiglia &#8226; Istituto Figlie di Maria Ausiliatrice\",\"isPartOf\":{\"@id\":\"https:\\\/\\\/www.cgfmanet.org\\\/es\\\/#website\"},\"primaryImageOfPage\":{\"@id\":\"https:\\\/\\\/www.cgfmanet.org\\\/pt-pt\\\/infosfera-pt-pt\\\/lecologia-integrale-nella-vita-della-famiglia\\\/#primaryimage\"},\"image\":{\"@id\":\"https:\\\/\\\/www.cgfmanet.org\\\/pt-pt\\\/infosfera-pt-pt\\\/lecologia-integrale-nella-vita-della-famiglia\\\/#primaryimage\"},\"thumbnailUrl\":\"https:\\\/\\\/www.cgfmanet.org\\\/wp-content\\\/uploads\\\/2026\\\/04\\\/Documento-Ecologia-integrale.jpg\",\"datePublished\":\"2026-04-29T08:42:33+00:00\",\"dateModified\":\"2026-04-29T16:54:29+00:00\",\"description\":\"Il 27 aprile 2026 i Dicasteri per il Servizio dello Sviluppo Umano Integrale e per i Laici, la Famiglia e la Vita hanno pubblicato un Documento congiunto per educare alla cura Creato e della vita umana.\",\"breadcrumb\":{\"@id\":\"https:\\\/\\\/www.cgfmanet.org\\\/pt-pt\\\/infosfera-pt-pt\\\/lecologia-integrale-nella-vita-della-famiglia\\\/#breadcrumb\"},\"inLanguage\":\"pt-PT\",\"potentialAction\":[{\"@type\":\"ReadAction\",\"target\":[\"https:\\\/\\\/www.cgfmanet.org\\\/pt-pt\\\/infosfera-pt-pt\\\/lecologia-integrale-nella-vita-della-famiglia\\\/\"]}]},{\"@type\":\"ImageObject\",\"inLanguage\":\"pt-PT\",\"@id\":\"https:\\\/\\\/www.cgfmanet.org\\\/pt-pt\\\/infosfera-pt-pt\\\/lecologia-integrale-nella-vita-della-famiglia\\\/#primaryimage\",\"url\":\"https:\\\/\\\/www.cgfmanet.org\\\/wp-content\\\/uploads\\\/2026\\\/04\\\/Documento-Ecologia-integrale.jpg\",\"contentUrl\":\"https:\\\/\\\/www.cgfmanet.org\\\/wp-content\\\/uploads\\\/2026\\\/04\\\/Documento-Ecologia-integrale.jpg\",\"width\":1200,\"height\":800},{\"@type\":\"BreadcrumbList\",\"@id\":\"https:\\\/\\\/www.cgfmanet.org\\\/pt-pt\\\/infosfera-pt-pt\\\/lecologia-integrale-nella-vita-della-famiglia\\\/#breadcrumb\",\"itemListElement\":[{\"@type\":\"ListItem\",\"position\":1,\"name\":\"Home\",\"item\":\"https:\\\/\\\/www.cgfmanet.org\\\/pt-pt\\\/\"},{\"@type\":\"ListItem\",\"position\":2,\"name\":\"L&#8217;ecologia integrale nella vita della famiglia\"}]},{\"@type\":\"WebSite\",\"@id\":\"https:\\\/\\\/www.cgfmanet.org\\\/es\\\/#website\",\"url\":\"https:\\\/\\\/www.cgfmanet.org\\\/es\\\/\",\"name\":\"Istituto Figlie di Maria Ausiliatrice\",\"description\":\"Salesiane di Don Bosco\",\"publisher\":{\"@id\":\"https:\\\/\\\/www.cgfmanet.org\\\/es\\\/#organization\"},\"potentialAction\":[{\"@type\":\"SearchAction\",\"target\":{\"@type\":\"EntryPoint\",\"urlTemplate\":\"https:\\\/\\\/www.cgfmanet.org\\\/es\\\/?s={search_term_string}\"},\"query-input\":{\"@type\":\"PropertyValueSpecification\",\"valueRequired\":true,\"valueName\":\"search_term_string\"}}],\"inLanguage\":\"pt-PT\"},{\"@type\":\"Organization\",\"@id\":\"https:\\\/\\\/www.cgfmanet.org\\\/es\\\/#organization\",\"name\":\"Istituto Figlie di Maria Ausiliatrice\",\"url\":\"https:\\\/\\\/www.cgfmanet.org\\\/es\\\/\",\"logo\":{\"@type\":\"ImageObject\",\"inLanguage\":\"pt-PT\",\"@id\":\"https:\\\/\\\/www.cgfmanet.org\\\/es\\\/#\\\/schema\\\/logo\\\/image\\\/\",\"url\":\"https:\\\/\\\/www.cgfmanet.org\\\/wp-content\\\/uploads\\\/2018\\\/10\\\/logo-fma.png\",\"contentUrl\":\"https:\\\/\\\/www.cgfmanet.org\\\/wp-content\\\/uploads\\\/2018\\\/10\\\/logo-fma.png\",\"width\":214,\"height\":55,\"caption\":\"Istituto Figlie di Maria Ausiliatrice\"},\"image\":{\"@id\":\"https:\\\/\\\/www.cgfmanet.org\\\/es\\\/#\\\/schema\\\/logo\\\/image\\\/\"},\"sameAs\":[\"https:\\\/\\\/www.facebook.com\\\/salesian.sisters.of.don.bosco\\\/\",\"https:\\\/\\\/x.com\\\/Cgfmanet_Org\",\"https:\\\/\\\/www.youtube.com\\\/channel\\\/UCmcr8yFQBV7JXeXVxyV9y5Q\"]},{\"@type\":\"Person\",\"@id\":\"https:\\\/\\\/www.cgfmanet.org\\\/es\\\/#\\\/schema\\\/person\\\/ce6473083f53ef0ef882cca23f0c8fb9\",\"name\":\"Redazione\"}]}<\/script>\n<!-- \/ Yoast SEO plugin. -->","yoast_head_json":{"title":"L'ecologia integrale nella vita della famiglia &#8226; Istituto Figlie di Maria Ausiliatrice","description":"Il 27 aprile 2026 i Dicasteri per il Servizio dello Sviluppo Umano Integrale e per i Laici, la Famiglia e la Vita hanno pubblicato un Documento congiunto per educare alla cura Creato e della vita umana.","robots":{"index":"index","follow":"follow","max-snippet":"max-snippet:-1","max-image-preview":"max-image-preview:large","max-video-preview":"max-video-preview:-1"},"canonical":"https:\/\/www.cgfmanet.org\/pt-pt\/infosfera-pt-pt\/lecologia-integrale-nella-vita-della-famiglia\/","og_locale":"pt_PT","og_type":"article","og_title":"L'ecologia integrale nella vita della famiglia &#8226; Istituto Figlie di Maria Ausiliatrice","og_description":"Il 27 aprile 2026 i Dicasteri per il Servizio dello Sviluppo Umano Integrale e per i Laici, la Famiglia e la Vita hanno pubblicato un Documento congiunto per educare alla cura Creato e della vita umana.","og_url":"https:\/\/www.cgfmanet.org\/pt-pt\/infosfera-pt-pt\/lecologia-integrale-nella-vita-della-famiglia\/","og_site_name":"Istituto Figlie di Maria Ausiliatrice","article_publisher":"https:\/\/www.facebook.com\/salesian.sisters.of.don.bosco\/","article_published_time":"2026-04-29T08:42:33+00:00","article_modified_time":"2026-04-29T16:54:29+00:00","og_image":[{"width":1200,"height":800,"url":"https:\/\/www.cgfmanet.org\/wp-content\/uploads\/2026\/04\/Documento-Ecologia-integrale.jpg","type":"image\/jpeg"}],"author":"Redazione","twitter_card":"summary_large_image","twitter_creator":"@Cgfmanet_Org","twitter_site":"@Cgfmanet_Org","twitter_misc":{"Escrito por":"Redazione","Tempo estimado de leitura":"3 minutos"},"schema":{"@context":"https:\/\/schema.org","@graph":[{"@type":"Article","@id":"https:\/\/www.cgfmanet.org\/pt-pt\/infosfera-pt-pt\/lecologia-integrale-nella-vita-della-famiglia\/#article","isPartOf":{"@id":"https:\/\/www.cgfmanet.org\/pt-pt\/infosfera-pt-pt\/lecologia-integrale-nella-vita-della-famiglia\/"},"author":{"name":"Redazione","@id":"https:\/\/www.cgfmanet.org\/es\/#\/schema\/person\/ce6473083f53ef0ef882cca23f0c8fb9"},"headline":"L&#8217;ecologia integrale nella vita della famiglia","datePublished":"2026-04-29T08:42:33+00:00","dateModified":"2026-04-29T16:54:29+00:00","mainEntityOfPage":{"@id":"https:\/\/www.cgfmanet.org\/pt-pt\/infosfera-pt-pt\/lecologia-integrale-nella-vita-della-famiglia\/"},"wordCount":447,"commentCount":0,"publisher":{"@id":"https:\/\/www.cgfmanet.org\/es\/#organization"},"image":{"@id":"https:\/\/www.cgfmanet.org\/pt-pt\/infosfera-pt-pt\/lecologia-integrale-nella-vita-della-famiglia\/#primaryimage"},"thumbnailUrl":"https:\/\/www.cgfmanet.org\/wp-content\/uploads\/2026\/04\/Documento-Ecologia-integrale.jpg","keywords":["Educa\u00e7\u00e3o","Focus","Fam\u00edlia"],"articleSection":["Infosfera","Ecologia"],"inLanguage":"pt-PT","potentialAction":[{"@type":"CommentAction","name":"Comment","target":["https:\/\/www.cgfmanet.org\/pt-pt\/infosfera-pt-pt\/lecologia-integrale-nella-vita-della-famiglia\/#respond"]}]},{"@type":"WebPage","@id":"https:\/\/www.cgfmanet.org\/pt-pt\/infosfera-pt-pt\/lecologia-integrale-nella-vita-della-famiglia\/","url":"https:\/\/www.cgfmanet.org\/pt-pt\/infosfera-pt-pt\/lecologia-integrale-nella-vita-della-famiglia\/","name":"L'ecologia integrale nella vita della famiglia &#8226; Istituto Figlie di Maria Ausiliatrice","isPartOf":{"@id":"https:\/\/www.cgfmanet.org\/es\/#website"},"primaryImageOfPage":{"@id":"https:\/\/www.cgfmanet.org\/pt-pt\/infosfera-pt-pt\/lecologia-integrale-nella-vita-della-famiglia\/#primaryimage"},"image":{"@id":"https:\/\/www.cgfmanet.org\/pt-pt\/infosfera-pt-pt\/lecologia-integrale-nella-vita-della-famiglia\/#primaryimage"},"thumbnailUrl":"https:\/\/www.cgfmanet.org\/wp-content\/uploads\/2026\/04\/Documento-Ecologia-integrale.jpg","datePublished":"2026-04-29T08:42:33+00:00","dateModified":"2026-04-29T16:54:29+00:00","description":"Il 27 aprile 2026 i Dicasteri per il Servizio dello Sviluppo Umano Integrale e per i Laici, la Famiglia e la Vita hanno pubblicato un Documento congiunto per educare alla cura Creato e della vita umana.","breadcrumb":{"@id":"https:\/\/www.cgfmanet.org\/pt-pt\/infosfera-pt-pt\/lecologia-integrale-nella-vita-della-famiglia\/#breadcrumb"},"inLanguage":"pt-PT","potentialAction":[{"@type":"ReadAction","target":["https:\/\/www.cgfmanet.org\/pt-pt\/infosfera-pt-pt\/lecologia-integrale-nella-vita-della-famiglia\/"]}]},{"@type":"ImageObject","inLanguage":"pt-PT","@id":"https:\/\/www.cgfmanet.org\/pt-pt\/infosfera-pt-pt\/lecologia-integrale-nella-vita-della-famiglia\/#primaryimage","url":"https:\/\/www.cgfmanet.org\/wp-content\/uploads\/2026\/04\/Documento-Ecologia-integrale.jpg","contentUrl":"https:\/\/www.cgfmanet.org\/wp-content\/uploads\/2026\/04\/Documento-Ecologia-integrale.jpg","width":1200,"height":800},{"@type":"BreadcrumbList","@id":"https:\/\/www.cgfmanet.org\/pt-pt\/infosfera-pt-pt\/lecologia-integrale-nella-vita-della-famiglia\/#breadcrumb","itemListElement":[{"@type":"ListItem","position":1,"name":"Home","item":"https:\/\/www.cgfmanet.org\/pt-pt\/"},{"@type":"ListItem","position":2,"name":"L&#8217;ecologia integrale nella vita della famiglia"}]},{"@type":"WebSite","@id":"https:\/\/www.cgfmanet.org\/es\/#website","url":"https:\/\/www.cgfmanet.org\/es\/","name":"Istituto Figlie di Maria Ausiliatrice","description":"Salesiane di Don Bosco","publisher":{"@id":"https:\/\/www.cgfmanet.org\/es\/#organization"},"potentialAction":[{"@type":"SearchAction","target":{"@type":"EntryPoint","urlTemplate":"https:\/\/www.cgfmanet.org\/es\/?s={search_term_string}"},"query-input":{"@type":"PropertyValueSpecification","valueRequired":true,"valueName":"search_term_string"}}],"inLanguage":"pt-PT"},{"@type":"Organization","@id":"https:\/\/www.cgfmanet.org\/es\/#organization","name":"Istituto Figlie di Maria Ausiliatrice","url":"https:\/\/www.cgfmanet.org\/es\/","logo":{"@type":"ImageObject","inLanguage":"pt-PT","@id":"https:\/\/www.cgfmanet.org\/es\/#\/schema\/logo\/image\/","url":"https:\/\/www.cgfmanet.org\/wp-content\/uploads\/2018\/10\/logo-fma.png","contentUrl":"https:\/\/www.cgfmanet.org\/wp-content\/uploads\/2018\/10\/logo-fma.png","width":214,"height":55,"caption":"Istituto Figlie di Maria Ausiliatrice"},"image":{"@id":"https:\/\/www.cgfmanet.org\/es\/#\/schema\/logo\/image\/"},"sameAs":["https:\/\/www.facebook.com\/salesian.sisters.of.don.bosco\/","https:\/\/x.com\/Cgfmanet_Org","https:\/\/www.youtube.com\/channel\/UCmcr8yFQBV7JXeXVxyV9y5Q"]},{"@type":"Person","@id":"https:\/\/www.cgfmanet.org\/es\/#\/schema\/person\/ce6473083f53ef0ef882cca23f0c8fb9","name":"Redazione"}]}},"_links":{"self":[{"href":"https:\/\/www.cgfmanet.org\/pt-pt\/wp-json\/wp\/v2\/posts\/156560","targetHints":{"allow":["GET"]}}],"collection":[{"href":"https:\/\/www.cgfmanet.org\/pt-pt\/wp-json\/wp\/v2\/posts"}],"about":[{"href":"https:\/\/www.cgfmanet.org\/pt-pt\/wp-json\/wp\/v2\/types\/post"}],"author":[{"embeddable":true,"href":"https:\/\/www.cgfmanet.org\/pt-pt\/wp-json\/wp\/v2\/users\/21"}],"replies":[{"embeddable":true,"href":"https:\/\/www.cgfmanet.org\/pt-pt\/wp-json\/wp\/v2\/comments?post=156560"}],"version-history":[{"count":1,"href":"https:\/\/www.cgfmanet.org\/pt-pt\/wp-json\/wp\/v2\/posts\/156560\/revisions"}],"predecessor-version":[{"id":156564,"href":"https:\/\/www.cgfmanet.org\/pt-pt\/wp-json\/wp\/v2\/posts\/156560\/revisions\/156564"}],"wp:featuredmedia":[{"embeddable":true,"href":"https:\/\/www.cgfmanet.org\/pt-pt\/wp-json\/wp\/v2\/media\/156555"}],"wp:attachment":[{"href":"https:\/\/www.cgfmanet.org\/pt-pt\/wp-json\/wp\/v2\/media?parent=156560"}],"wp:term":[{"taxonomy":"category","embeddable":true,"href":"https:\/\/www.cgfmanet.org\/pt-pt\/wp-json\/wp\/v2\/categories?post=156560"},{"taxonomy":"post_tag","embeddable":true,"href":"https:\/\/www.cgfmanet.org\/pt-pt\/wp-json\/wp\/v2\/tags?post=156560"}],"curies":[{"name":"wp","href":"https:\/\/api.w.org\/{rel}","templated":true}]}}