{"id":156393,"date":"2026-04-27T17:16:40","date_gmt":"2026-04-27T15:16:40","guid":{"rendered":"https:\/\/www.cgfmanet.org\/infosfera-pt-pt\/i-santi-patroni-della-gmg-di-seoul-2027\/"},"modified":"2026-04-28T09:31:49","modified_gmt":"2026-04-28T07:31:49","slug":"os-santos-padroeiros-da-jmj-de-seul-2027","status":"publish","type":"post","link":"https:\/\/www.cgfmanet.org\/pt-pt\/infosfera-pt-pt\/igreja\/os-santos-padroeiros-da-jmj-de-seul-2027\/","title":{"rendered":"Os Santos Padroeiros da JMJ de Seul 2027"},"content":{"rendered":"<p><strong>Roma (It\u00e1lia). <\/strong>O Comit\u00ea Organizador Local do Dia Mundial da Juventude 2027 de Seul, na Coreia, com um comunicado, tornou p\u00fablicos os nomes dos cinco Santos Padroeiros escolhidos para acompanhar o evento:<\/p>\n<ul>\n<li><strong>S\u00e3o Jo\u00e3o Paulo II<\/strong> (1920\u20132005), o Pont\u00edfice que, em 1985, instituiu o Dia Mundial da Juventude;<\/li>\n<li><strong>Santo Andr\u00e9 Kim Taegon<\/strong> (1821\u20131846) e companheiros, o primeiro sacerdote cat\u00f3lico na Coreia, que deu a vida pela f\u00e9 como m\u00e1rtir;<\/li>\n<li><strong>Santa Francisca Xavier Cabrini<\/strong> (1850\u20131917), mission\u00e1ria e padroeira dos migrantes;<\/li>\n<li><strong>Santa Josefina Bakhita<\/strong> (1869\u20131947), religiosa sudanesa da Congrega\u00e7\u00e3o das Filhas da Caridade que, ainda crian\u00e7a, foi v\u00edtima do tr\u00e1fico e transformou a dor em amor;<\/li>\n<li><strong>S\u00e3o Carlo Acutis<\/strong> (1991\u20132006), o \u201csanto milenial\u201d, que viveu a sua f\u00e9 na vida cotidiana, fazendo da sua paix\u00e3o pelo computador um campo de evangeliza\u00e7\u00e3o digital.<\/li>\n<\/ul>\n<p>A escolha desses padroeiros ocorreu na conclus\u00e3o de um processo de discernimento iniciado no fim de 2024, com uma pesquisa nacional entre jovens, agentes da pastoral juvenil e formadores. Um grupo de jovens, ent\u00e3o, inspirando-se nos temas do evento \u2014 verdade, amor e paz \u2014, preparou uma ora\u00e7\u00e3o e identificou um s\u00edmbolo representativo de cada santo, que podem ser encontrados, junto a um breve perfil, no site oficial <span style=\"color: #0000ff;\"><strong><a style=\"color: #0000ff;\" href=\"https:\/\/wydseoul.org\/pt\" target=\"_blank\" rel=\"noopener\">www.wydseoul.org<\/a><\/strong><\/span>, dispon\u00edvel em seis idiomas.<\/p>\n<p><em>\u201cEstes Santos Padroeiros abra\u00e7am continentes e gera\u00e7\u00f5es, e cada um deles oferece um percurso concreto para viver a f\u00e9 nas realidades que os jovens enfrentam hoje\u201d<\/em>, motivou Dom Peter Soon-Taick Chung, Arcebispo de Seul e Presidente do Comit\u00ea Organizador. E desejou: <em>\u201cEspero que os jovens descubram nesses santos exemplos para a pr\u00f3pria vida e, por meio do caminho de prepara\u00e7\u00e3o \u00e0 Jornada Mundial da Juventude, estabele\u00e7am com eles um profundo v\u00ednculo espiritual\u201d.<\/em><\/p>\n<p>Com o an\u00fancio dos cinco padroeiros, o caminho rumo \u00e0 JMJ de Seul 2027 est\u00e1, portanto, oficialmente iniciado, e os perfis sociais do evento est\u00e3o se animando com suas imagens e com iniciativas para envolver os jovens, como o <a href=\"https:\/\/simte.xyz\/mypatronen?fbclid=IwY2xjawRcWPZleHRuA2FlbQIxMABicmlkETFrNjFmV3dab2RjVGZ5VUVCc3J0YwZhcHBfaWQQMjIyMDM5MTc4ODIwMDg5MgABHnvXLVEpLWtYlU2S1Y1DPwjhPwo9NLpikDvxMFDwrv3qJmjkMcXeJ1B4kF8E_aem_APyebTvPMIoXdJoICDeNSg\" target=\"_blank\" rel=\"noopener\"><strong><span style=\"color: #0000ff;\">quiz<\/span><\/strong><\/a> para descobrir o padroeiro mais afinado ao pr\u00f3prio caminho de f\u00e9.<\/p>\n","protected":false},"excerpt":{"rendered":"<p>Roma (It\u00e1lia). O Comit\u00ea Organizador Local do Dia Mundial da Juventude 2027 de Seul, na Coreia, com um comunicado, tornou p\u00fablicos os nomes dos cinco Santos Padroeiros escolhidos para acompanhar [&hellip;]<\/p>\n","protected":false},"author":21,"featured_media":156387,"comment_status":"open","ping_status":"closed","sticky":false,"template":"","format":"standard","meta":{"footnotes":""},"categories":[38,189],"tags":[322,338,1448,1930],"class_list":["post-156393","post","type-post","status-publish","format-standard","has-post-thumbnail","category-infosfera-pt-pt","category-igreja","tag-jornada-mundial-da-juventude","tag-jovens","tag-santidade","tag-focus-pt-pt"],"yoast_head":"<!-- This site is optimized with the Yoast SEO plugin v27.4 - https:\/\/yoast.com\/product\/yoast-seo-wordpress\/ -->\n<title>Os Santos Padroeiros da JMJ de Seul 2027 &#8226; Istituto Figlie di Maria Ausiliatrice<\/title>\n<meta name=\"description\" content=\"Com um comunicado, o Comit\u00ea Organizador Local do Dia Mundial da Juventude 2027 de Seul, Coreia, divulgou os nomes dos cinco Santos Padroeiros da JMJ.\" \/>\n<meta name=\"robots\" content=\"index, follow, max-snippet:-1, max-image-preview:large, max-video-preview:-1\" \/>\n<link rel=\"canonical\" href=\"https:\/\/www.cgfmanet.org\/pt-pt\/infosfera-pt-pt\/igreja\/os-santos-padroeiros-da-jmj-de-seul-2027\/\" \/>\n<meta property=\"og:locale\" content=\"pt_PT\" \/>\n<meta property=\"og:type\" content=\"article\" \/>\n<meta property=\"og:title\" content=\"Os Santos Padroeiros da JMJ de Seul 2027 &#8226; Istituto Figlie di Maria Ausiliatrice\" \/>\n<meta property=\"og:description\" content=\"Com um comunicado, o Comit\u00ea Organizador Local do Dia Mundial da Juventude 2027 de Seul, Coreia, divulgou os nomes dos cinco Santos Padroeiros da JMJ.\" \/>\n<meta property=\"og:url\" content=\"https:\/\/www.cgfmanet.org\/pt-pt\/infosfera-pt-pt\/igreja\/os-santos-padroeiros-da-jmj-de-seul-2027\/\" \/>\n<meta property=\"og:site_name\" content=\"Istituto Figlie di Maria Ausiliatrice\" \/>\n<meta property=\"article:publisher\" content=\"https:\/\/www.facebook.com\/salesian.sisters.of.don.bosco\/\" \/>\n<meta property=\"article:published_time\" content=\"2026-04-27T15:16:40+00:00\" \/>\n<meta property=\"article:modified_time\" content=\"2026-04-28T07:31:49+00:00\" \/>\n<meta property=\"og:image\" content=\"https:\/\/www.cgfmanet.org\/wp-content\/uploads\/2026\/04\/Santi-patroni-GMG-Corea-2027.jpg\" \/>\n\t<meta property=\"og:image:width\" content=\"1200\" \/>\n\t<meta property=\"og:image:height\" content=\"800\" \/>\n\t<meta property=\"og:image:type\" content=\"image\/jpeg\" \/>\n<meta name=\"author\" content=\"Redazione\" \/>\n<meta name=\"twitter:card\" content=\"summary_large_image\" \/>\n<meta name=\"twitter:creator\" content=\"@Cgfmanet_Org\" \/>\n<meta name=\"twitter:site\" content=\"@Cgfmanet_Org\" \/>\n<meta name=\"twitter:label1\" content=\"Escrito por\" \/>\n\t<meta name=\"twitter:data1\" content=\"Redazione\" \/>\n\t<meta name=\"twitter:label2\" content=\"Tempo estimado de leitura\" \/>\n\t<meta name=\"twitter:data2\" content=\"2 minutos\" \/>\n<script type=\"application\/ld+json\" class=\"yoast-schema-graph\">{\"@context\":\"https:\\\/\\\/schema.org\",\"@graph\":[{\"@type\":\"Article\",\"@id\":\"https:\\\/\\\/www.cgfmanet.org\\\/pt-pt\\\/infosfera-pt-pt\\\/igreja\\\/os-santos-padroeiros-da-jmj-de-seul-2027\\\/#article\",\"isPartOf\":{\"@id\":\"https:\\\/\\\/www.cgfmanet.org\\\/pt-pt\\\/infosfera-pt-pt\\\/igreja\\\/os-santos-padroeiros-da-jmj-de-seul-2027\\\/\"},\"author\":{\"name\":\"Redazione\",\"@id\":\"https:\\\/\\\/www.cgfmanet.org\\\/es\\\/#\\\/schema\\\/person\\\/ce6473083f53ef0ef882cca23f0c8fb9\"},\"headline\":\"Os Santos Padroeiros da JMJ de Seul 2027\",\"datePublished\":\"2026-04-27T15:16:40+00:00\",\"dateModified\":\"2026-04-28T07:31:49+00:00\",\"mainEntityOfPage\":{\"@id\":\"https:\\\/\\\/www.cgfmanet.org\\\/pt-pt\\\/infosfera-pt-pt\\\/igreja\\\/os-santos-padroeiros-da-jmj-de-seul-2027\\\/\"},\"wordCount\":351,\"commentCount\":0,\"publisher\":{\"@id\":\"https:\\\/\\\/www.cgfmanet.org\\\/es\\\/#organization\"},\"image\":{\"@id\":\"https:\\\/\\\/www.cgfmanet.org\\\/pt-pt\\\/infosfera-pt-pt\\\/igreja\\\/os-santos-padroeiros-da-jmj-de-seul-2027\\\/#primaryimage\"},\"thumbnailUrl\":\"https:\\\/\\\/www.cgfmanet.org\\\/wp-content\\\/uploads\\\/2026\\\/04\\\/Santi-patroni-GMG-Corea-2027.jpg\",\"keywords\":[\"Jornada Mundial da Juventude\",\"Jovens\",\"Santidade\",\"Focus\"],\"articleSection\":[\"Infosfera\",\"Igreja\"],\"inLanguage\":\"pt-PT\",\"potentialAction\":[{\"@type\":\"CommentAction\",\"name\":\"Comment\",\"target\":[\"https:\\\/\\\/www.cgfmanet.org\\\/pt-pt\\\/infosfera-pt-pt\\\/igreja\\\/os-santos-padroeiros-da-jmj-de-seul-2027\\\/#respond\"]}]},{\"@type\":\"WebPage\",\"@id\":\"https:\\\/\\\/www.cgfmanet.org\\\/pt-pt\\\/infosfera-pt-pt\\\/igreja\\\/os-santos-padroeiros-da-jmj-de-seul-2027\\\/\",\"url\":\"https:\\\/\\\/www.cgfmanet.org\\\/pt-pt\\\/infosfera-pt-pt\\\/igreja\\\/os-santos-padroeiros-da-jmj-de-seul-2027\\\/\",\"name\":\"Os Santos Padroeiros da JMJ de Seul 2027 &#8226; Istituto Figlie di Maria Ausiliatrice\",\"isPartOf\":{\"@id\":\"https:\\\/\\\/www.cgfmanet.org\\\/es\\\/#website\"},\"primaryImageOfPage\":{\"@id\":\"https:\\\/\\\/www.cgfmanet.org\\\/pt-pt\\\/infosfera-pt-pt\\\/igreja\\\/os-santos-padroeiros-da-jmj-de-seul-2027\\\/#primaryimage\"},\"image\":{\"@id\":\"https:\\\/\\\/www.cgfmanet.org\\\/pt-pt\\\/infosfera-pt-pt\\\/igreja\\\/os-santos-padroeiros-da-jmj-de-seul-2027\\\/#primaryimage\"},\"thumbnailUrl\":\"https:\\\/\\\/www.cgfmanet.org\\\/wp-content\\\/uploads\\\/2026\\\/04\\\/Santi-patroni-GMG-Corea-2027.jpg\",\"datePublished\":\"2026-04-27T15:16:40+00:00\",\"dateModified\":\"2026-04-28T07:31:49+00:00\",\"description\":\"Com um comunicado, o Comit\u00ea Organizador Local do Dia Mundial da Juventude 2027 de Seul, Coreia, divulgou os nomes dos cinco Santos Padroeiros da JMJ.\",\"breadcrumb\":{\"@id\":\"https:\\\/\\\/www.cgfmanet.org\\\/pt-pt\\\/infosfera-pt-pt\\\/igreja\\\/os-santos-padroeiros-da-jmj-de-seul-2027\\\/#breadcrumb\"},\"inLanguage\":\"pt-PT\",\"potentialAction\":[{\"@type\":\"ReadAction\",\"target\":[\"https:\\\/\\\/www.cgfmanet.org\\\/pt-pt\\\/infosfera-pt-pt\\\/igreja\\\/os-santos-padroeiros-da-jmj-de-seul-2027\\\/\"]}]},{\"@type\":\"ImageObject\",\"inLanguage\":\"pt-PT\",\"@id\":\"https:\\\/\\\/www.cgfmanet.org\\\/pt-pt\\\/infosfera-pt-pt\\\/igreja\\\/os-santos-padroeiros-da-jmj-de-seul-2027\\\/#primaryimage\",\"url\":\"https:\\\/\\\/www.cgfmanet.org\\\/wp-content\\\/uploads\\\/2026\\\/04\\\/Santi-patroni-GMG-Corea-2027.jpg\",\"contentUrl\":\"https:\\\/\\\/www.cgfmanet.org\\\/wp-content\\\/uploads\\\/2026\\\/04\\\/Santi-patroni-GMG-Corea-2027.jpg\",\"width\":1200,\"height\":800},{\"@type\":\"BreadcrumbList\",\"@id\":\"https:\\\/\\\/www.cgfmanet.org\\\/pt-pt\\\/infosfera-pt-pt\\\/igreja\\\/os-santos-padroeiros-da-jmj-de-seul-2027\\\/#breadcrumb\",\"itemListElement\":[{\"@type\":\"ListItem\",\"position\":1,\"name\":\"Home\",\"item\":\"https:\\\/\\\/www.cgfmanet.org\\\/pt-pt\\\/\"},{\"@type\":\"ListItem\",\"position\":2,\"name\":\"Os Santos Padroeiros da JMJ de Seul 2027\"}]},{\"@type\":\"WebSite\",\"@id\":\"https:\\\/\\\/www.cgfmanet.org\\\/es\\\/#website\",\"url\":\"https:\\\/\\\/www.cgfmanet.org\\\/es\\\/\",\"name\":\"Istituto Figlie di Maria Ausiliatrice\",\"description\":\"Salesiane di Don Bosco\",\"publisher\":{\"@id\":\"https:\\\/\\\/www.cgfmanet.org\\\/es\\\/#organization\"},\"potentialAction\":[{\"@type\":\"SearchAction\",\"target\":{\"@type\":\"EntryPoint\",\"urlTemplate\":\"https:\\\/\\\/www.cgfmanet.org\\\/es\\\/?s={search_term_string}\"},\"query-input\":{\"@type\":\"PropertyValueSpecification\",\"valueRequired\":true,\"valueName\":\"search_term_string\"}}],\"inLanguage\":\"pt-PT\"},{\"@type\":\"Organization\",\"@id\":\"https:\\\/\\\/www.cgfmanet.org\\\/es\\\/#organization\",\"name\":\"Istituto Figlie di Maria Ausiliatrice\",\"url\":\"https:\\\/\\\/www.cgfmanet.org\\\/es\\\/\",\"logo\":{\"@type\":\"ImageObject\",\"inLanguage\":\"pt-PT\",\"@id\":\"https:\\\/\\\/www.cgfmanet.org\\\/es\\\/#\\\/schema\\\/logo\\\/image\\\/\",\"url\":\"https:\\\/\\\/www.cgfmanet.org\\\/wp-content\\\/uploads\\\/2018\\\/10\\\/logo-fma.png\",\"contentUrl\":\"https:\\\/\\\/www.cgfmanet.org\\\/wp-content\\\/uploads\\\/2018\\\/10\\\/logo-fma.png\",\"width\":214,\"height\":55,\"caption\":\"Istituto Figlie di Maria Ausiliatrice\"},\"image\":{\"@id\":\"https:\\\/\\\/www.cgfmanet.org\\\/es\\\/#\\\/schema\\\/logo\\\/image\\\/\"},\"sameAs\":[\"https:\\\/\\\/www.facebook.com\\\/salesian.sisters.of.don.bosco\\\/\",\"https:\\\/\\\/x.com\\\/Cgfmanet_Org\",\"https:\\\/\\\/www.youtube.com\\\/channel\\\/UCmcr8yFQBV7JXeXVxyV9y5Q\"]},{\"@type\":\"Person\",\"@id\":\"https:\\\/\\\/www.cgfmanet.org\\\/es\\\/#\\\/schema\\\/person\\\/ce6473083f53ef0ef882cca23f0c8fb9\",\"name\":\"Redazione\"}]}<\/script>\n<!-- \/ Yoast SEO plugin. -->","yoast_head_json":{"title":"Os Santos Padroeiros da JMJ de Seul 2027 &#8226; Istituto Figlie di Maria Ausiliatrice","description":"Com um comunicado, o Comit\u00ea Organizador Local do Dia Mundial da Juventude 2027 de Seul, Coreia, divulgou os nomes dos cinco Santos Padroeiros da JMJ.","robots":{"index":"index","follow":"follow","max-snippet":"max-snippet:-1","max-image-preview":"max-image-preview:large","max-video-preview":"max-video-preview:-1"},"canonical":"https:\/\/www.cgfmanet.org\/pt-pt\/infosfera-pt-pt\/igreja\/os-santos-padroeiros-da-jmj-de-seul-2027\/","og_locale":"pt_PT","og_type":"article","og_title":"Os Santos Padroeiros da JMJ de Seul 2027 &#8226; Istituto Figlie di Maria Ausiliatrice","og_description":"Com um comunicado, o Comit\u00ea Organizador Local do Dia Mundial da Juventude 2027 de Seul, Coreia, divulgou os nomes dos cinco Santos Padroeiros da JMJ.","og_url":"https:\/\/www.cgfmanet.org\/pt-pt\/infosfera-pt-pt\/igreja\/os-santos-padroeiros-da-jmj-de-seul-2027\/","og_site_name":"Istituto Figlie di Maria Ausiliatrice","article_publisher":"https:\/\/www.facebook.com\/salesian.sisters.of.don.bosco\/","article_published_time":"2026-04-27T15:16:40+00:00","article_modified_time":"2026-04-28T07:31:49+00:00","og_image":[{"width":1200,"height":800,"url":"https:\/\/www.cgfmanet.org\/wp-content\/uploads\/2026\/04\/Santi-patroni-GMG-Corea-2027.jpg","type":"image\/jpeg"}],"author":"Redazione","twitter_card":"summary_large_image","twitter_creator":"@Cgfmanet_Org","twitter_site":"@Cgfmanet_Org","twitter_misc":{"Escrito por":"Redazione","Tempo estimado de leitura":"2 minutos"},"schema":{"@context":"https:\/\/schema.org","@graph":[{"@type":"Article","@id":"https:\/\/www.cgfmanet.org\/pt-pt\/infosfera-pt-pt\/igreja\/os-santos-padroeiros-da-jmj-de-seul-2027\/#article","isPartOf":{"@id":"https:\/\/www.cgfmanet.org\/pt-pt\/infosfera-pt-pt\/igreja\/os-santos-padroeiros-da-jmj-de-seul-2027\/"},"author":{"name":"Redazione","@id":"https:\/\/www.cgfmanet.org\/es\/#\/schema\/person\/ce6473083f53ef0ef882cca23f0c8fb9"},"headline":"Os Santos Padroeiros da JMJ de Seul 2027","datePublished":"2026-04-27T15:16:40+00:00","dateModified":"2026-04-28T07:31:49+00:00","mainEntityOfPage":{"@id":"https:\/\/www.cgfmanet.org\/pt-pt\/infosfera-pt-pt\/igreja\/os-santos-padroeiros-da-jmj-de-seul-2027\/"},"wordCount":351,"commentCount":0,"publisher":{"@id":"https:\/\/www.cgfmanet.org\/es\/#organization"},"image":{"@id":"https:\/\/www.cgfmanet.org\/pt-pt\/infosfera-pt-pt\/igreja\/os-santos-padroeiros-da-jmj-de-seul-2027\/#primaryimage"},"thumbnailUrl":"https:\/\/www.cgfmanet.org\/wp-content\/uploads\/2026\/04\/Santi-patroni-GMG-Corea-2027.jpg","keywords":["Jornada Mundial da Juventude","Jovens","Santidade","Focus"],"articleSection":["Infosfera","Igreja"],"inLanguage":"pt-PT","potentialAction":[{"@type":"CommentAction","name":"Comment","target":["https:\/\/www.cgfmanet.org\/pt-pt\/infosfera-pt-pt\/igreja\/os-santos-padroeiros-da-jmj-de-seul-2027\/#respond"]}]},{"@type":"WebPage","@id":"https:\/\/www.cgfmanet.org\/pt-pt\/infosfera-pt-pt\/igreja\/os-santos-padroeiros-da-jmj-de-seul-2027\/","url":"https:\/\/www.cgfmanet.org\/pt-pt\/infosfera-pt-pt\/igreja\/os-santos-padroeiros-da-jmj-de-seul-2027\/","name":"Os Santos Padroeiros da JMJ de Seul 2027 &#8226; Istituto Figlie di Maria Ausiliatrice","isPartOf":{"@id":"https:\/\/www.cgfmanet.org\/es\/#website"},"primaryImageOfPage":{"@id":"https:\/\/www.cgfmanet.org\/pt-pt\/infosfera-pt-pt\/igreja\/os-santos-padroeiros-da-jmj-de-seul-2027\/#primaryimage"},"image":{"@id":"https:\/\/www.cgfmanet.org\/pt-pt\/infosfera-pt-pt\/igreja\/os-santos-padroeiros-da-jmj-de-seul-2027\/#primaryimage"},"thumbnailUrl":"https:\/\/www.cgfmanet.org\/wp-content\/uploads\/2026\/04\/Santi-patroni-GMG-Corea-2027.jpg","datePublished":"2026-04-27T15:16:40+00:00","dateModified":"2026-04-28T07:31:49+00:00","description":"Com um comunicado, o Comit\u00ea Organizador Local do Dia Mundial da Juventude 2027 de Seul, Coreia, divulgou os nomes dos cinco Santos Padroeiros da JMJ.","breadcrumb":{"@id":"https:\/\/www.cgfmanet.org\/pt-pt\/infosfera-pt-pt\/igreja\/os-santos-padroeiros-da-jmj-de-seul-2027\/#breadcrumb"},"inLanguage":"pt-PT","potentialAction":[{"@type":"ReadAction","target":["https:\/\/www.cgfmanet.org\/pt-pt\/infosfera-pt-pt\/igreja\/os-santos-padroeiros-da-jmj-de-seul-2027\/"]}]},{"@type":"ImageObject","inLanguage":"pt-PT","@id":"https:\/\/www.cgfmanet.org\/pt-pt\/infosfera-pt-pt\/igreja\/os-santos-padroeiros-da-jmj-de-seul-2027\/#primaryimage","url":"https:\/\/www.cgfmanet.org\/wp-content\/uploads\/2026\/04\/Santi-patroni-GMG-Corea-2027.jpg","contentUrl":"https:\/\/www.cgfmanet.org\/wp-content\/uploads\/2026\/04\/Santi-patroni-GMG-Corea-2027.jpg","width":1200,"height":800},{"@type":"BreadcrumbList","@id":"https:\/\/www.cgfmanet.org\/pt-pt\/infosfera-pt-pt\/igreja\/os-santos-padroeiros-da-jmj-de-seul-2027\/#breadcrumb","itemListElement":[{"@type":"ListItem","position":1,"name":"Home","item":"https:\/\/www.cgfmanet.org\/pt-pt\/"},{"@type":"ListItem","position":2,"name":"Os Santos Padroeiros da JMJ de Seul 2027"}]},{"@type":"WebSite","@id":"https:\/\/www.cgfmanet.org\/es\/#website","url":"https:\/\/www.cgfmanet.org\/es\/","name":"Istituto Figlie di Maria Ausiliatrice","description":"Salesiane di Don Bosco","publisher":{"@id":"https:\/\/www.cgfmanet.org\/es\/#organization"},"potentialAction":[{"@type":"SearchAction","target":{"@type":"EntryPoint","urlTemplate":"https:\/\/www.cgfmanet.org\/es\/?s={search_term_string}"},"query-input":{"@type":"PropertyValueSpecification","valueRequired":true,"valueName":"search_term_string"}}],"inLanguage":"pt-PT"},{"@type":"Organization","@id":"https:\/\/www.cgfmanet.org\/es\/#organization","name":"Istituto Figlie di Maria Ausiliatrice","url":"https:\/\/www.cgfmanet.org\/es\/","logo":{"@type":"ImageObject","inLanguage":"pt-PT","@id":"https:\/\/www.cgfmanet.org\/es\/#\/schema\/logo\/image\/","url":"https:\/\/www.cgfmanet.org\/wp-content\/uploads\/2018\/10\/logo-fma.png","contentUrl":"https:\/\/www.cgfmanet.org\/wp-content\/uploads\/2018\/10\/logo-fma.png","width":214,"height":55,"caption":"Istituto Figlie di Maria Ausiliatrice"},"image":{"@id":"https:\/\/www.cgfmanet.org\/es\/#\/schema\/logo\/image\/"},"sameAs":["https:\/\/www.facebook.com\/salesian.sisters.of.don.bosco\/","https:\/\/x.com\/Cgfmanet_Org","https:\/\/www.youtube.com\/channel\/UCmcr8yFQBV7JXeXVxyV9y5Q"]},{"@type":"Person","@id":"https:\/\/www.cgfmanet.org\/es\/#\/schema\/person\/ce6473083f53ef0ef882cca23f0c8fb9","name":"Redazione"}]}},"_links":{"self":[{"href":"https:\/\/www.cgfmanet.org\/pt-pt\/wp-json\/wp\/v2\/posts\/156393","targetHints":{"allow":["GET"]}}],"collection":[{"href":"https:\/\/www.cgfmanet.org\/pt-pt\/wp-json\/wp\/v2\/posts"}],"about":[{"href":"https:\/\/www.cgfmanet.org\/pt-pt\/wp-json\/wp\/v2\/types\/post"}],"author":[{"embeddable":true,"href":"https:\/\/www.cgfmanet.org\/pt-pt\/wp-json\/wp\/v2\/users\/21"}],"replies":[{"embeddable":true,"href":"https:\/\/www.cgfmanet.org\/pt-pt\/wp-json\/wp\/v2\/comments?post=156393"}],"version-history":[{"count":1,"href":"https:\/\/www.cgfmanet.org\/pt-pt\/wp-json\/wp\/v2\/posts\/156393\/revisions"}],"predecessor-version":[{"id":156402,"href":"https:\/\/www.cgfmanet.org\/pt-pt\/wp-json\/wp\/v2\/posts\/156393\/revisions\/156402"}],"wp:featuredmedia":[{"embeddable":true,"href":"https:\/\/www.cgfmanet.org\/pt-pt\/wp-json\/wp\/v2\/media\/156387"}],"wp:attachment":[{"href":"https:\/\/www.cgfmanet.org\/pt-pt\/wp-json\/wp\/v2\/media?parent=156393"}],"wp:term":[{"taxonomy":"category","embeddable":true,"href":"https:\/\/www.cgfmanet.org\/pt-pt\/wp-json\/wp\/v2\/categories?post=156393"},{"taxonomy":"post_tag","embeddable":true,"href":"https:\/\/www.cgfmanet.org\/pt-pt\/wp-json\/wp\/v2\/tags?post=156393"}],"curies":[{"name":"wp","href":"https:\/\/api.w.org\/{rel}","templated":true}]}}