{"id":156352,"date":"2026-04-25T10:45:48","date_gmt":"2026-04-25T08:45:48","guid":{"rendered":"https:\/\/www.cgfmanet.org\/infosfera-pt-pt\/suor-antonietta-bohm-segno-della-maternita-di-maria\/"},"modified":"2026-04-25T22:15:23","modified_gmt":"2026-04-25T20:15:23","slug":"irma-antonietta-bohm-sinal-da-maternidade-de-maria","status":"publish","type":"post","link":"https:\/\/www.cgfmanet.org\/pt-pt\/ifma-pt-pt\/carisma-salesiano-pt\/irma-antonietta-bohm-sinal-da-maternidade-de-maria\/","title":{"rendered":"Irm\u00e3 Antonietta B\u00f6hm, sinal da maternidade de Maria"},"content":{"rendered":"<p><strong>Roma (It\u00e1lia).<\/strong> No dia 27 de abril de 2026 recorda-se o 18\u00ba anivers\u00e1rio do <em>dies natalis<\/em> da Serva de Deus <strong><span style=\"color: #0000ff;\"><a style=\"color: #0000ff;\" href=\"https:\/\/drive.google.com\/drive\/folders\/17JgS-Hbz1YiImdL0lUYFO__jg9ZBXiEA\" target=\"_blank\" rel=\"noopener\">Irm\u00e3 Antonietta B\u00f6hm<\/a><\/span><\/strong>, Filha de Maria Auxiliadora. Nascida em 22 de setembro de 1907, em Bottrop (Alemanha), conhece as FMA em Essen-Borbeck, onde frequenta o orat\u00f3rio. Para seguir sua voca\u00e7\u00e3o, mudou-se primeiro para Eschelbach e depois para a It\u00e1lia, em Nizza Monferrato.<\/p>\n<p>No dia 5 de agosto de 1928 fez a primeira profiss\u00e3o e, justamente em 5 de agosto de 1934, dia de sua profiss\u00e3o perp\u00e9tua, recebe a not\u00edcia de que partiria como mission\u00e1ria para a Am\u00e9rica Latina. De 1934 a 1965 est\u00e1 na Argentina, de 1965 a 1969 no Peru e, por fim, de 1969 a 2008 no M\u00e9xico, deixando sempre e em todos os lugares o sinal de sua fama de bondade e maternidade salesiana.<\/p>\n<p>Em 1973 recebeu da ent\u00e3o superiora, irm\u00e3 Ers\u00edlia Crugnola, uma estatueta de Maria Auxiliadora com a miss\u00e3o de \u201cfaz\u00ea-la trabalhar\u201d. A partir daquele momento, Madre Antonietta abra\u00e7a <strong>a miss\u00e3o de ser sinal do amor de Deus e da bondade materna de Maria Sant\u00edssima para todos.<\/strong><\/p>\n<p>Durante 35 anos, a b\u00ean\u00e7\u00e3o da Virgem alcan\u00e7ou milhares de pessoas por meio da ora\u00e7\u00e3o e da oferta de Madre Antonietta: pessoalmente ou \u201cpor via a\u00e9rea\u201d \u2014 como lhe havia ensinado Madre Ers\u00edlia \u2014 isto \u00e9, por telefone e por carta.<\/p>\n<p>Madre Antonietta escreveu numa carta de 1998: <em>\u201cA Virgem trabalha incansavelmente, tamb\u00e9m em n\u00edvel internacional.\u201d<\/em> Desde sua morte, ocorrida em 27 de abril de 2008, at\u00e9 hoje, Maria Auxiliadora continua a agir por sua intercess\u00e3o. Eis algumas gra\u00e7as que foram relatadas:<\/p>\n<p>\u00c0 senhora Gabriela Jasso Arredondo foi diagnosticado um tumor no cora\u00e7\u00e3o. Os m\u00e9dicos disseram que era necess\u00e1ria uma cirurgia de cora\u00e7\u00e3o aberto. Era uma interven\u00e7\u00e3o em que tudo poderia acontecer: nunca tinham visto um tumor semelhante e n\u00e3o sabiam o que encontrariam. Sua irm\u00e3, Lourdes Jasso, not\u00e1ria do processo diocesano de canoniza\u00e7\u00e3o de Madre Antonietta, convidou-a a confiar em sua intercess\u00e3o, deu-lhe uma rel\u00edquia e colocou a fotografia de Lourdes sobre o leito da Serva de Deus. No dia 7 de julho de 2023 foi realizada a cirurgia. Enquanto era levada para a sala de opera\u00e7\u00e3o, Lourdes se confiou incessantemente a Madre Antonietta e ao Senhor. A interven\u00e7\u00e3o durou seis horas e meia e, gra\u00e7as a Deus, tudo correu bem. Atualmente, ela leva uma vida completamente normal.<\/p>\n<p>Ao senhor Juan Jos\u00e9 Ju\u00e1rez Hern\u00e1ndez foram diagnosticados quatro tumores no gl\u00fateo esquerdo, sendo o maior de 89 mil\u00edmetros. Os m\u00e9dicos disseram que a \u00fanica solu\u00e7\u00e3o era amputar a perna esquerda e parte do quadril. Tratava-se de uma cirurgia muito complicada e arriscada: poderia at\u00e9 morrer. A senhora Areli Dur\u00e1n, m\u00e3e de um aluno da escola <em>Laura Vicunha<\/em> de Villa Spem, falou-lhe de Madre Antonietta e o convidou a confiar nela. Assim, no dia 5 de novembro de 2024, foi ao quarto da Serva de Deus e come\u00e7ou a rezar, pedindo a gra\u00e7a de sua sa\u00fade por sua intercess\u00e3o. Em 25 de outubro de 2025, um novo exame revelou que os tumores estavam diminuindo; o maior, que media 89 mil\u00edmetros, agora media 77 mil\u00edmetros, verdadeiramente uma gra\u00e7a, pois a melhora foi significativa. Agora ele continua a pedir a intercess\u00e3o de Madre Antonietta para que os tumores desapare\u00e7am completamente.<\/p>\n<p>A senhora Wendy Vital Vel\u00e1zquez tentava engravidar h\u00e1 mais de cinco anos. Os m\u00e9dicos lhe haviam aconselhado uma terapia muito invasiva e cara. Sua tia, a senhora Alejandra Vel\u00e1zquez Paredes, membro da ADMA, deu-lhe uma estampa da Irm\u00e3 Antonietta B\u00f6hm e a convidou a confiar nela, o que fez imediatamente. Pouco antes de iniciar a terapia, fez um teste de gravidez, que deu positivo. Toda a gesta\u00e7\u00e3o transcorreu sem problemas e de modo tranquilo. O menino nasceu em 5 de novembro de 2025, mas os m\u00e9dicos disseram que ele tinha uma malforma\u00e7\u00e3o no ouvido chamada microtia de grau 2. Sua orelha estava recoberta por uma camada de pele e a capacidade auditiva era de apenas 40 a 50%. Os pais continuaram a pedir a intercess\u00e3o da Irm\u00e3 Antonietta para que, depois de obter o milagre de ter tido um filho, pudessem agora receber a gra\u00e7a de sua sa\u00fade. Quando o beb\u00ea fez o primeiro teste de audi\u00e7\u00e3o, descobriu-se que n\u00e3o ouvia pelo ouvido aparentemente saud\u00e1vel, e por isso foram encaminhados a um otorrino especializado. A m\u00e9dica explicou que entre os pequenos ossos do ouvido provavelmente um havia se desenvolvido excessivamente, impedindo a audi\u00e7\u00e3o do beb\u00ea. Recomendou uma TAC e um aparelho auditivo. Os pais come\u00e7aram a procurar um centro, mas em todos os lugares disseram que seria necess\u00e1rio submet\u00ea-lo \u00e0 anestesia e recusaram por causa do risco significativo. Enquanto isso, continuaram a rezar com a intercess\u00e3o de Madre Antonietta, pois sabiam que havia obtido muitas gra\u00e7as para as crian\u00e7as. Por fim, decidiram solicitar um aparelho auditivo, para que o beb\u00ea pudesse ao menos ouvir por um ouvido e esperar que crescesse e, talvez com uma cirurgia, pudesse recuperar a audi\u00e7\u00e3o. Quando levaram o aparelho auditivo \u00e0 m\u00e9dica para que o examinasse, ela disse que faria outro teste mais detalhado para medir o n\u00edvel de audi\u00e7\u00e3o do beb\u00ea naquele ouvido. Ao realizar o exame, notaram grande maravilha em seu rosto; disse que repetiria o procedimento uma segunda vez, e depois uma terceira. Ent\u00e3o exclamou: <em>\u201cN\u00e3o posso acreditar! J\u00e1 consegue ouvir 100% pelo ouvido em que antes n\u00e3o ouvia nada!\u201d<\/em> Quanto ao outro ouvido, a audi\u00e7\u00e3o era de 50%, mas disse que, ao crescer, poderia fazer uma cirurgia para melhorar a audi\u00e7\u00e3o. Continuam a pedir a intercess\u00e3o de Madre Antonietta para que Henry \u00c1rcega, seu filho, possa recuperar completamente a audi\u00e7\u00e3o.<\/p>\n<p>A Emilio Cen\u00f3bio Torres, um ex-aluno de quinze anos, foi diagnosticado um tumor que estava consumindo sua mand\u00edbula e crescia muito rapidamente. O problema era agravado pelo fato de sua m\u00e3e, Teresa Torres, ser trabalhadora aut\u00f4noma e n\u00e3o ter acesso \u00e0 assist\u00eancia m\u00e9dica estatal. N\u00e3o poderia arcar com o custo de uma cirurgia desse tipo. Em\u00edlio e sua m\u00e3e haviam ouvido falar de Madre Antonietta na escola e das gra\u00e7as obtidas por sua intercess\u00e3o junto \u00e0 Virgem Maria. No dia 5 de janeiro de 2026, foram ao quarto de Madre Antonietta, pediram sua intercess\u00e3o e deixaram a foto de Em\u00edlio sobre a cama. Em poucos dias, Emilio conseguiu atendimento m\u00e9dico e a cirurgia p\u00f4de ser programada. A bi\u00f3psia revelou que o tumor era benigno e tamb\u00e9m foi considerado apto para uma pr\u00f3tese sem necessidade de enxerto \u00f3sseo. A cirurgia foi realizada em 19 de mar\u00e7o e foi um sucesso completo. Emilio recuperou-se rapidamente, tanto que j\u00e1 voltou \u00e0 escola.<\/p>\n<p>Madre Antonietta continua a interceder por aqueles que lhe pedem ajuda, fazendo com que Nossa Senhora \u201ccontinue a trabalhar\u201d. Como dizia ela mesma, a intercess\u00e3o de Nossa Senhora \u00e9 poderosa.<\/p>\n","protected":false},"excerpt":{"rendered":"<p>Roma (It\u00e1lia). No dia 27 de abril de 2026 recorda-se o 18\u00ba anivers\u00e1rio do dies natalis da Serva de Deus Irm\u00e3 Antonietta B\u00f6hm, Filha de Maria Auxiliadora. Nascida em 22 [&hellip;]<\/p>\n","protected":false},"author":21,"featured_media":156347,"comment_status":"open","ping_status":"closed","sticky":false,"template":"","format":"standard","meta":{"footnotes":""},"categories":[166,159],"tags":[1448,1449,1930,2465,2495],"class_list":["post-156352","post","type-post","status-publish","format-standard","has-post-thumbnail","category-carisma-salesiano-pt","category-ifma-pt-pt","tag-santidade","tag-santidade-salesiana","tag-focus-pt-pt","tag-maria-ausiliatrice-pt-pt","tag-antonieta-bohm"],"yoast_head":"<!-- This site is optimized with the Yoast SEO plugin v27.4 - https:\/\/yoast.com\/product\/yoast-seo-wordpress\/ -->\n<title>Irm\u00e3 Antonietta B\u00f6hm, sinal da maternidade de Maria &#8226; Istituto Figlie di Maria Ausiliatrice<\/title>\n<meta name=\"description\" content=\"No dia 27 de abril de 2026 ocorre o 18\u00ba anivers\u00e1rio do dies natalis da Serva de Deus Irm\u00e3 Antonietta B\u00f6hm, FMA, que abra\u00e7ou a miss\u00e3o de ser sinal do amor de Deus e da bondade materna de Maria para todos.\" \/>\n<meta name=\"robots\" content=\"index, follow, max-snippet:-1, max-image-preview:large, max-video-preview:-1\" \/>\n<link rel=\"canonical\" href=\"https:\/\/www.cgfmanet.org\/pt-pt\/ifma-pt-pt\/carisma-salesiano-pt\/irma-antonietta-bohm-sinal-da-maternidade-de-maria\/\" \/>\n<meta property=\"og:locale\" content=\"pt_PT\" \/>\n<meta property=\"og:type\" content=\"article\" \/>\n<meta property=\"og:title\" content=\"Irm\u00e3 Antonietta B\u00f6hm, sinal da maternidade de Maria &#8226; Istituto Figlie di Maria Ausiliatrice\" \/>\n<meta property=\"og:description\" content=\"No dia 27 de abril de 2026 ocorre o 18\u00ba anivers\u00e1rio do dies natalis da Serva de Deus Irm\u00e3 Antonietta B\u00f6hm, FMA, que abra\u00e7ou a miss\u00e3o de ser sinal do amor de Deus e da bondade materna de Maria para todos.\" \/>\n<meta property=\"og:url\" content=\"https:\/\/www.cgfmanet.org\/pt-pt\/ifma-pt-pt\/carisma-salesiano-pt\/irma-antonietta-bohm-sinal-da-maternidade-de-maria\/\" \/>\n<meta property=\"og:site_name\" content=\"Istituto Figlie di Maria Ausiliatrice\" \/>\n<meta property=\"article:publisher\" content=\"https:\/\/www.facebook.com\/salesian.sisters.of.don.bosco\/\" \/>\n<meta property=\"article:published_time\" content=\"2026-04-25T08:45:48+00:00\" \/>\n<meta property=\"article:modified_time\" content=\"2026-04-25T20:15:23+00:00\" \/>\n<meta property=\"og:image\" content=\"https:\/\/www.cgfmanet.org\/wp-content\/uploads\/2026\/04\/Antonieta-Bohm-2026.jpg\" \/>\n\t<meta property=\"og:image:width\" content=\"1200\" \/>\n\t<meta property=\"og:image:height\" content=\"800\" \/>\n\t<meta property=\"og:image:type\" content=\"image\/jpeg\" \/>\n<meta name=\"author\" content=\"Redazione\" \/>\n<meta name=\"twitter:card\" content=\"summary_large_image\" \/>\n<meta name=\"twitter:creator\" content=\"@Cgfmanet_Org\" \/>\n<meta name=\"twitter:site\" content=\"@Cgfmanet_Org\" \/>\n<meta name=\"twitter:label1\" content=\"Escrito por\" \/>\n\t<meta name=\"twitter:data1\" content=\"Redazione\" \/>\n\t<meta name=\"twitter:label2\" content=\"Tempo estimado de leitura\" \/>\n\t<meta name=\"twitter:data2\" content=\"7 minutos\" \/>\n<script type=\"application\/ld+json\" class=\"yoast-schema-graph\">{\"@context\":\"https:\\\/\\\/schema.org\",\"@graph\":[{\"@type\":\"Article\",\"@id\":\"https:\\\/\\\/www.cgfmanet.org\\\/pt-pt\\\/ifma-pt-pt\\\/carisma-salesiano-pt\\\/irma-antonietta-bohm-sinal-da-maternidade-de-maria\\\/#article\",\"isPartOf\":{\"@id\":\"https:\\\/\\\/www.cgfmanet.org\\\/pt-pt\\\/ifma-pt-pt\\\/carisma-salesiano-pt\\\/irma-antonietta-bohm-sinal-da-maternidade-de-maria\\\/\"},\"author\":{\"name\":\"Redazione\",\"@id\":\"https:\\\/\\\/www.cgfmanet.org\\\/es\\\/#\\\/schema\\\/person\\\/ce6473083f53ef0ef882cca23f0c8fb9\"},\"headline\":\"Irm\u00e3 Antonietta B\u00f6hm, sinal da maternidade de Maria\",\"datePublished\":\"2026-04-25T08:45:48+00:00\",\"dateModified\":\"2026-04-25T20:15:23+00:00\",\"mainEntityOfPage\":{\"@id\":\"https:\\\/\\\/www.cgfmanet.org\\\/pt-pt\\\/ifma-pt-pt\\\/carisma-salesiano-pt\\\/irma-antonietta-bohm-sinal-da-maternidade-de-maria\\\/\"},\"wordCount\":1190,\"commentCount\":0,\"publisher\":{\"@id\":\"https:\\\/\\\/www.cgfmanet.org\\\/es\\\/#organization\"},\"image\":{\"@id\":\"https:\\\/\\\/www.cgfmanet.org\\\/pt-pt\\\/ifma-pt-pt\\\/carisma-salesiano-pt\\\/irma-antonietta-bohm-sinal-da-maternidade-de-maria\\\/#primaryimage\"},\"thumbnailUrl\":\"https:\\\/\\\/www.cgfmanet.org\\\/wp-content\\\/uploads\\\/2026\\\/04\\\/Antonieta-Bohm-2026.jpg\",\"keywords\":[\"Santidade\",\"Santidade Salesiana\",\"Focus\",\"Maria Ausiliatrice\",\"Antonieta Bohm\"],\"articleSection\":[\"Carisma Salesiano\",\"IFMA\"],\"inLanguage\":\"pt-PT\",\"potentialAction\":[{\"@type\":\"CommentAction\",\"name\":\"Comment\",\"target\":[\"https:\\\/\\\/www.cgfmanet.org\\\/pt-pt\\\/ifma-pt-pt\\\/carisma-salesiano-pt\\\/irma-antonietta-bohm-sinal-da-maternidade-de-maria\\\/#respond\"]}]},{\"@type\":\"WebPage\",\"@id\":\"https:\\\/\\\/www.cgfmanet.org\\\/pt-pt\\\/ifma-pt-pt\\\/carisma-salesiano-pt\\\/irma-antonietta-bohm-sinal-da-maternidade-de-maria\\\/\",\"url\":\"https:\\\/\\\/www.cgfmanet.org\\\/pt-pt\\\/ifma-pt-pt\\\/carisma-salesiano-pt\\\/irma-antonietta-bohm-sinal-da-maternidade-de-maria\\\/\",\"name\":\"Irm\u00e3 Antonietta B\u00f6hm, sinal da maternidade de Maria &#8226; Istituto Figlie di Maria Ausiliatrice\",\"isPartOf\":{\"@id\":\"https:\\\/\\\/www.cgfmanet.org\\\/es\\\/#website\"},\"primaryImageOfPage\":{\"@id\":\"https:\\\/\\\/www.cgfmanet.org\\\/pt-pt\\\/ifma-pt-pt\\\/carisma-salesiano-pt\\\/irma-antonietta-bohm-sinal-da-maternidade-de-maria\\\/#primaryimage\"},\"image\":{\"@id\":\"https:\\\/\\\/www.cgfmanet.org\\\/pt-pt\\\/ifma-pt-pt\\\/carisma-salesiano-pt\\\/irma-antonietta-bohm-sinal-da-maternidade-de-maria\\\/#primaryimage\"},\"thumbnailUrl\":\"https:\\\/\\\/www.cgfmanet.org\\\/wp-content\\\/uploads\\\/2026\\\/04\\\/Antonieta-Bohm-2026.jpg\",\"datePublished\":\"2026-04-25T08:45:48+00:00\",\"dateModified\":\"2026-04-25T20:15:23+00:00\",\"description\":\"No dia 27 de abril de 2026 ocorre o 18\u00ba anivers\u00e1rio do dies natalis da Serva de Deus Irm\u00e3 Antonietta B\u00f6hm, FMA, que abra\u00e7ou a miss\u00e3o de ser sinal do amor de Deus e da bondade materna de Maria para todos.\",\"breadcrumb\":{\"@id\":\"https:\\\/\\\/www.cgfmanet.org\\\/pt-pt\\\/ifma-pt-pt\\\/carisma-salesiano-pt\\\/irma-antonietta-bohm-sinal-da-maternidade-de-maria\\\/#breadcrumb\"},\"inLanguage\":\"pt-PT\",\"potentialAction\":[{\"@type\":\"ReadAction\",\"target\":[\"https:\\\/\\\/www.cgfmanet.org\\\/pt-pt\\\/ifma-pt-pt\\\/carisma-salesiano-pt\\\/irma-antonietta-bohm-sinal-da-maternidade-de-maria\\\/\"]}]},{\"@type\":\"ImageObject\",\"inLanguage\":\"pt-PT\",\"@id\":\"https:\\\/\\\/www.cgfmanet.org\\\/pt-pt\\\/ifma-pt-pt\\\/carisma-salesiano-pt\\\/irma-antonietta-bohm-sinal-da-maternidade-de-maria\\\/#primaryimage\",\"url\":\"https:\\\/\\\/www.cgfmanet.org\\\/wp-content\\\/uploads\\\/2026\\\/04\\\/Antonieta-Bohm-2026.jpg\",\"contentUrl\":\"https:\\\/\\\/www.cgfmanet.org\\\/wp-content\\\/uploads\\\/2026\\\/04\\\/Antonieta-Bohm-2026.jpg\",\"width\":1200,\"height\":800},{\"@type\":\"BreadcrumbList\",\"@id\":\"https:\\\/\\\/www.cgfmanet.org\\\/pt-pt\\\/ifma-pt-pt\\\/carisma-salesiano-pt\\\/irma-antonietta-bohm-sinal-da-maternidade-de-maria\\\/#breadcrumb\",\"itemListElement\":[{\"@type\":\"ListItem\",\"position\":1,\"name\":\"Home\",\"item\":\"https:\\\/\\\/www.cgfmanet.org\\\/pt-pt\\\/\"},{\"@type\":\"ListItem\",\"position\":2,\"name\":\"Irm\u00e3 Antonietta B\u00f6hm, sinal da maternidade de Maria\"}]},{\"@type\":\"WebSite\",\"@id\":\"https:\\\/\\\/www.cgfmanet.org\\\/es\\\/#website\",\"url\":\"https:\\\/\\\/www.cgfmanet.org\\\/es\\\/\",\"name\":\"Istituto Figlie di Maria Ausiliatrice\",\"description\":\"Salesiane di Don Bosco\",\"publisher\":{\"@id\":\"https:\\\/\\\/www.cgfmanet.org\\\/es\\\/#organization\"},\"potentialAction\":[{\"@type\":\"SearchAction\",\"target\":{\"@type\":\"EntryPoint\",\"urlTemplate\":\"https:\\\/\\\/www.cgfmanet.org\\\/es\\\/?s={search_term_string}\"},\"query-input\":{\"@type\":\"PropertyValueSpecification\",\"valueRequired\":true,\"valueName\":\"search_term_string\"}}],\"inLanguage\":\"pt-PT\"},{\"@type\":\"Organization\",\"@id\":\"https:\\\/\\\/www.cgfmanet.org\\\/es\\\/#organization\",\"name\":\"Istituto Figlie di Maria Ausiliatrice\",\"url\":\"https:\\\/\\\/www.cgfmanet.org\\\/es\\\/\",\"logo\":{\"@type\":\"ImageObject\",\"inLanguage\":\"pt-PT\",\"@id\":\"https:\\\/\\\/www.cgfmanet.org\\\/es\\\/#\\\/schema\\\/logo\\\/image\\\/\",\"url\":\"https:\\\/\\\/www.cgfmanet.org\\\/wp-content\\\/uploads\\\/2018\\\/10\\\/logo-fma.png\",\"contentUrl\":\"https:\\\/\\\/www.cgfmanet.org\\\/wp-content\\\/uploads\\\/2018\\\/10\\\/logo-fma.png\",\"width\":214,\"height\":55,\"caption\":\"Istituto Figlie di Maria Ausiliatrice\"},\"image\":{\"@id\":\"https:\\\/\\\/www.cgfmanet.org\\\/es\\\/#\\\/schema\\\/logo\\\/image\\\/\"},\"sameAs\":[\"https:\\\/\\\/www.facebook.com\\\/salesian.sisters.of.don.bosco\\\/\",\"https:\\\/\\\/x.com\\\/Cgfmanet_Org\",\"https:\\\/\\\/www.youtube.com\\\/channel\\\/UCmcr8yFQBV7JXeXVxyV9y5Q\"]},{\"@type\":\"Person\",\"@id\":\"https:\\\/\\\/www.cgfmanet.org\\\/es\\\/#\\\/schema\\\/person\\\/ce6473083f53ef0ef882cca23f0c8fb9\",\"name\":\"Redazione\"}]}<\/script>\n<!-- \/ Yoast SEO plugin. -->","yoast_head_json":{"title":"Irm\u00e3 Antonietta B\u00f6hm, sinal da maternidade de Maria &#8226; Istituto Figlie di Maria Ausiliatrice","description":"No dia 27 de abril de 2026 ocorre o 18\u00ba anivers\u00e1rio do dies natalis da Serva de Deus Irm\u00e3 Antonietta B\u00f6hm, FMA, que abra\u00e7ou a miss\u00e3o de ser sinal do amor de Deus e da bondade materna de Maria para todos.","robots":{"index":"index","follow":"follow","max-snippet":"max-snippet:-1","max-image-preview":"max-image-preview:large","max-video-preview":"max-video-preview:-1"},"canonical":"https:\/\/www.cgfmanet.org\/pt-pt\/ifma-pt-pt\/carisma-salesiano-pt\/irma-antonietta-bohm-sinal-da-maternidade-de-maria\/","og_locale":"pt_PT","og_type":"article","og_title":"Irm\u00e3 Antonietta B\u00f6hm, sinal da maternidade de Maria &#8226; Istituto Figlie di Maria Ausiliatrice","og_description":"No dia 27 de abril de 2026 ocorre o 18\u00ba anivers\u00e1rio do dies natalis da Serva de Deus Irm\u00e3 Antonietta B\u00f6hm, FMA, que abra\u00e7ou a miss\u00e3o de ser sinal do amor de Deus e da bondade materna de Maria para todos.","og_url":"https:\/\/www.cgfmanet.org\/pt-pt\/ifma-pt-pt\/carisma-salesiano-pt\/irma-antonietta-bohm-sinal-da-maternidade-de-maria\/","og_site_name":"Istituto Figlie di Maria Ausiliatrice","article_publisher":"https:\/\/www.facebook.com\/salesian.sisters.of.don.bosco\/","article_published_time":"2026-04-25T08:45:48+00:00","article_modified_time":"2026-04-25T20:15:23+00:00","og_image":[{"width":1200,"height":800,"url":"https:\/\/www.cgfmanet.org\/wp-content\/uploads\/2026\/04\/Antonieta-Bohm-2026.jpg","type":"image\/jpeg"}],"author":"Redazione","twitter_card":"summary_large_image","twitter_creator":"@Cgfmanet_Org","twitter_site":"@Cgfmanet_Org","twitter_misc":{"Escrito por":"Redazione","Tempo estimado de leitura":"7 minutos"},"schema":{"@context":"https:\/\/schema.org","@graph":[{"@type":"Article","@id":"https:\/\/www.cgfmanet.org\/pt-pt\/ifma-pt-pt\/carisma-salesiano-pt\/irma-antonietta-bohm-sinal-da-maternidade-de-maria\/#article","isPartOf":{"@id":"https:\/\/www.cgfmanet.org\/pt-pt\/ifma-pt-pt\/carisma-salesiano-pt\/irma-antonietta-bohm-sinal-da-maternidade-de-maria\/"},"author":{"name":"Redazione","@id":"https:\/\/www.cgfmanet.org\/es\/#\/schema\/person\/ce6473083f53ef0ef882cca23f0c8fb9"},"headline":"Irm\u00e3 Antonietta B\u00f6hm, sinal da maternidade de Maria","datePublished":"2026-04-25T08:45:48+00:00","dateModified":"2026-04-25T20:15:23+00:00","mainEntityOfPage":{"@id":"https:\/\/www.cgfmanet.org\/pt-pt\/ifma-pt-pt\/carisma-salesiano-pt\/irma-antonietta-bohm-sinal-da-maternidade-de-maria\/"},"wordCount":1190,"commentCount":0,"publisher":{"@id":"https:\/\/www.cgfmanet.org\/es\/#organization"},"image":{"@id":"https:\/\/www.cgfmanet.org\/pt-pt\/ifma-pt-pt\/carisma-salesiano-pt\/irma-antonietta-bohm-sinal-da-maternidade-de-maria\/#primaryimage"},"thumbnailUrl":"https:\/\/www.cgfmanet.org\/wp-content\/uploads\/2026\/04\/Antonieta-Bohm-2026.jpg","keywords":["Santidade","Santidade Salesiana","Focus","Maria Ausiliatrice","Antonieta Bohm"],"articleSection":["Carisma Salesiano","IFMA"],"inLanguage":"pt-PT","potentialAction":[{"@type":"CommentAction","name":"Comment","target":["https:\/\/www.cgfmanet.org\/pt-pt\/ifma-pt-pt\/carisma-salesiano-pt\/irma-antonietta-bohm-sinal-da-maternidade-de-maria\/#respond"]}]},{"@type":"WebPage","@id":"https:\/\/www.cgfmanet.org\/pt-pt\/ifma-pt-pt\/carisma-salesiano-pt\/irma-antonietta-bohm-sinal-da-maternidade-de-maria\/","url":"https:\/\/www.cgfmanet.org\/pt-pt\/ifma-pt-pt\/carisma-salesiano-pt\/irma-antonietta-bohm-sinal-da-maternidade-de-maria\/","name":"Irm\u00e3 Antonietta B\u00f6hm, sinal da maternidade de Maria &#8226; Istituto Figlie di Maria Ausiliatrice","isPartOf":{"@id":"https:\/\/www.cgfmanet.org\/es\/#website"},"primaryImageOfPage":{"@id":"https:\/\/www.cgfmanet.org\/pt-pt\/ifma-pt-pt\/carisma-salesiano-pt\/irma-antonietta-bohm-sinal-da-maternidade-de-maria\/#primaryimage"},"image":{"@id":"https:\/\/www.cgfmanet.org\/pt-pt\/ifma-pt-pt\/carisma-salesiano-pt\/irma-antonietta-bohm-sinal-da-maternidade-de-maria\/#primaryimage"},"thumbnailUrl":"https:\/\/www.cgfmanet.org\/wp-content\/uploads\/2026\/04\/Antonieta-Bohm-2026.jpg","datePublished":"2026-04-25T08:45:48+00:00","dateModified":"2026-04-25T20:15:23+00:00","description":"No dia 27 de abril de 2026 ocorre o 18\u00ba anivers\u00e1rio do dies natalis da Serva de Deus Irm\u00e3 Antonietta B\u00f6hm, FMA, que abra\u00e7ou a miss\u00e3o de ser sinal do amor de Deus e da bondade materna de Maria para todos.","breadcrumb":{"@id":"https:\/\/www.cgfmanet.org\/pt-pt\/ifma-pt-pt\/carisma-salesiano-pt\/irma-antonietta-bohm-sinal-da-maternidade-de-maria\/#breadcrumb"},"inLanguage":"pt-PT","potentialAction":[{"@type":"ReadAction","target":["https:\/\/www.cgfmanet.org\/pt-pt\/ifma-pt-pt\/carisma-salesiano-pt\/irma-antonietta-bohm-sinal-da-maternidade-de-maria\/"]}]},{"@type":"ImageObject","inLanguage":"pt-PT","@id":"https:\/\/www.cgfmanet.org\/pt-pt\/ifma-pt-pt\/carisma-salesiano-pt\/irma-antonietta-bohm-sinal-da-maternidade-de-maria\/#primaryimage","url":"https:\/\/www.cgfmanet.org\/wp-content\/uploads\/2026\/04\/Antonieta-Bohm-2026.jpg","contentUrl":"https:\/\/www.cgfmanet.org\/wp-content\/uploads\/2026\/04\/Antonieta-Bohm-2026.jpg","width":1200,"height":800},{"@type":"BreadcrumbList","@id":"https:\/\/www.cgfmanet.org\/pt-pt\/ifma-pt-pt\/carisma-salesiano-pt\/irma-antonietta-bohm-sinal-da-maternidade-de-maria\/#breadcrumb","itemListElement":[{"@type":"ListItem","position":1,"name":"Home","item":"https:\/\/www.cgfmanet.org\/pt-pt\/"},{"@type":"ListItem","position":2,"name":"Irm\u00e3 Antonietta B\u00f6hm, sinal da maternidade de Maria"}]},{"@type":"WebSite","@id":"https:\/\/www.cgfmanet.org\/es\/#website","url":"https:\/\/www.cgfmanet.org\/es\/","name":"Istituto Figlie di Maria Ausiliatrice","description":"Salesiane di Don Bosco","publisher":{"@id":"https:\/\/www.cgfmanet.org\/es\/#organization"},"potentialAction":[{"@type":"SearchAction","target":{"@type":"EntryPoint","urlTemplate":"https:\/\/www.cgfmanet.org\/es\/?s={search_term_string}"},"query-input":{"@type":"PropertyValueSpecification","valueRequired":true,"valueName":"search_term_string"}}],"inLanguage":"pt-PT"},{"@type":"Organization","@id":"https:\/\/www.cgfmanet.org\/es\/#organization","name":"Istituto Figlie di Maria Ausiliatrice","url":"https:\/\/www.cgfmanet.org\/es\/","logo":{"@type":"ImageObject","inLanguage":"pt-PT","@id":"https:\/\/www.cgfmanet.org\/es\/#\/schema\/logo\/image\/","url":"https:\/\/www.cgfmanet.org\/wp-content\/uploads\/2018\/10\/logo-fma.png","contentUrl":"https:\/\/www.cgfmanet.org\/wp-content\/uploads\/2018\/10\/logo-fma.png","width":214,"height":55,"caption":"Istituto Figlie di Maria Ausiliatrice"},"image":{"@id":"https:\/\/www.cgfmanet.org\/es\/#\/schema\/logo\/image\/"},"sameAs":["https:\/\/www.facebook.com\/salesian.sisters.of.don.bosco\/","https:\/\/x.com\/Cgfmanet_Org","https:\/\/www.youtube.com\/channel\/UCmcr8yFQBV7JXeXVxyV9y5Q"]},{"@type":"Person","@id":"https:\/\/www.cgfmanet.org\/es\/#\/schema\/person\/ce6473083f53ef0ef882cca23f0c8fb9","name":"Redazione"}]}},"_links":{"self":[{"href":"https:\/\/www.cgfmanet.org\/pt-pt\/wp-json\/wp\/v2\/posts\/156352","targetHints":{"allow":["GET"]}}],"collection":[{"href":"https:\/\/www.cgfmanet.org\/pt-pt\/wp-json\/wp\/v2\/posts"}],"about":[{"href":"https:\/\/www.cgfmanet.org\/pt-pt\/wp-json\/wp\/v2\/types\/post"}],"author":[{"embeddable":true,"href":"https:\/\/www.cgfmanet.org\/pt-pt\/wp-json\/wp\/v2\/users\/21"}],"replies":[{"embeddable":true,"href":"https:\/\/www.cgfmanet.org\/pt-pt\/wp-json\/wp\/v2\/comments?post=156352"}],"version-history":[{"count":1,"href":"https:\/\/www.cgfmanet.org\/pt-pt\/wp-json\/wp\/v2\/posts\/156352\/revisions"}],"predecessor-version":[{"id":156357,"href":"https:\/\/www.cgfmanet.org\/pt-pt\/wp-json\/wp\/v2\/posts\/156352\/revisions\/156357"}],"wp:featuredmedia":[{"embeddable":true,"href":"https:\/\/www.cgfmanet.org\/pt-pt\/wp-json\/wp\/v2\/media\/156347"}],"wp:attachment":[{"href":"https:\/\/www.cgfmanet.org\/pt-pt\/wp-json\/wp\/v2\/media?parent=156352"}],"wp:term":[{"taxonomy":"category","embeddable":true,"href":"https:\/\/www.cgfmanet.org\/pt-pt\/wp-json\/wp\/v2\/categories?post=156352"},{"taxonomy":"post_tag","embeddable":true,"href":"https:\/\/www.cgfmanet.org\/pt-pt\/wp-json\/wp\/v2\/tags?post=156352"}],"curies":[{"name":"wp","href":"https:\/\/api.w.org\/{rel}","templated":true}]}}