{"id":156228,"date":"2026-04-24T09:32:43","date_gmt":"2026-04-24T07:32:43","guid":{"rendered":"https:\/\/www.cgfmanet.org\/infosfera-pt-pt\/maria-vergine-fedele-sostiene-la-nostra-fedelta-circolare-n-1058\/"},"modified":"2026-04-23T21:35:21","modified_gmt":"2026-04-23T19:35:21","slug":"maria-virgem-fiel-sustenta-a-nossa-fidelidade-circular-no-1058","status":"publish","type":"post","link":"https:\/\/www.cgfmanet.org\/pt-pt\/ifma-pt-pt\/maria-virgem-fiel-sustenta-a-nossa-fidelidade-circular-no-1058\/","title":{"rendered":"Maria, Virgem fiel, sustenta a nossa fidelidade \u2013 Circular n\u00ba 1058"},"content":{"rendered":"<p><strong>Roma (It\u00e1lia).<\/strong> A Superiora Geral do Instituto das Filhas de Maria Auxiliadora, Madre Chiara Cazzuola, dirige-se \u00e0s irm\u00e3s no Tempo Pascal, em que a liturgia \u201c<em>nos sustenta nas motiva\u00e7\u00f5es profundas da nossa voca\u00e7\u00e3o de consagradas e de salesianas\u201d<\/em>, com uma reflex\u00e3o sobre a fidelidade, propondo <em>\u201cdeixar-nos inspirar por Maria: a sua fidelidade sustenta a nossa fidelidade\u201d<\/em>.<\/p>\n<h3><strong>Com Maria, primeira disc\u00edpula e mission\u00e1ria<\/strong><\/h3>\n<p>A Madre recorda o momento da Entrega a Maria Auxiliadora que, como Instituto \u201ctodo de Maria\u201d, as FMA costumam rezar juntas todas as manh\u00e3s e por meio da qual se pede <em>\u201cpara sustentar a nossa fidelidade, sobretudo na hora da prova\u201d,<\/em> a Ela que soube \u201cpermanecer\u201d ao lado de Jesus, sob a cruz, sem recuar. \u00c9 uma imagem que <em>\u201cevoca estabilidade, presen\u00e7a digna e forte no amor. Fala-nos de saber \u2018permanecer\u2019 nas situa\u00e7\u00f5es de prova\u00e7\u00e3o, numa fiel proximidade a Jesus que sofre e d\u00e1 a vida pela salva\u00e7\u00e3o do mundo\u201d<\/em>.<\/p>\n<p>Outro aspecto carism\u00e1tico fundamental, que expressa uma dimens\u00e3o do \u201cestar\u201d, \u00e9 a <strong>missionariedade<\/strong>, que <em>\u201cbrota do pr\u00f3prio projeto de salva\u00e7\u00e3o dos jovens que Deus confiou a Dom Bosco e a Madre Mazzarello e que hoje confia a n\u00f3s\u201d<\/em> e que se encarna na acolhida aos jovens, \u201cestando\u201d justamente ao lado deles. <em>\u201cNeste compromisso, confrontamo-nos com Maria, a Virgem fiel por excel\u00eancia, aquela que disse \u2018sim\u2019 com f\u00e9 ao projeto de Deus na sua vida, mesmo sem o compreender\u201d<\/em>, sublinha a Madre.<\/p>\n<h3><strong>Maria, inspiradora e Aux\u00edlio<\/strong><\/h3>\n<p>Na sua grande Fam\u00edlia, constitu\u00edda por diversos Grupos, <em>\u201cDom Bosco quis que o nosso Instituto tivesse uma marca fortemente mariana\u201d<\/em>, confiando \u00e0s Filhas de Maria Auxiliadora <em>\u201ca tarefa espec\u00edfica de expressar, na Fam\u00edlia salesiana, a maternidade de Maria e de viver a fidelidade inspirando-nos nela como Aux\u00edlio e como educadora-evangelizadora\u201d<\/em>, com a atitude e as modalidades expressas no art. 4 das Constitui\u00e7\u00f5es.<\/p>\n<p>\u00c9 uma tarefa que, por voca\u00e7\u00e3o, interpela cada FMA <em>\u201ca reviver hoje a doa\u00e7\u00e3o total a Deus de Maria, como Aux\u00edlio e mission\u00e1ria sempre a caminho\u201d<\/em>, dentro de um dinamismo bem evocado pela imagem de Maria Auxiliadora, desejada por Dom Bosco e pintada por Thomas Lorenzone no grande quadro da Bas\u00edlica de Turim, descrito em detalhe pelo Santo num seu livro, no qual evidencia que o verdadeiro valor da obra \u2013 para al\u00e9m do art\u00edstico \u2013 \u00e9 gerar devo\u00e7\u00e3o no cora\u00e7\u00e3o de quem o admira.<\/p>\n<p><em>\u201cMaria expressa o dinamismo de amor de uma maternidade atenta, que cuida dos seus filhos, muitas vezes antecipando a resposta \u00e0s suas necessidades. Olhando para Maria \u2013 como nos ensinou o Papa Francisco \u2013 \u00abvoltamos a acreditar na for\u00e7a revolucion\u00e1ria da ternura e do afeto\u00bb\u201d, <\/em>evidencia Madre Chiara citando um trecho da<em> Evangelii Gaudium, <\/em>a primeira exorta\u00e7\u00e3o apost\u00f3lica do Pont\u00edfice que h\u00e1 cerca de um ano alcan\u00e7ou o c\u00e9u<em>.<\/em><\/p>\n<p>Maria \u00e9 M\u00e3e terna e ao mesmo tempo forte: <em>\u201csustenta a comunh\u00e3o na Igreja nascente e ensina aos primeiros crentes a fidelidade ao seguimento de Jesus. Precisamente aos p\u00e9s da cruz aceita cuidar de n\u00f3s\u201d,<\/em> gerando v\u00ednculos e abrindo a <em>\u201cum estilo relacional fundado na mansid\u00e3o, na confian\u00e7a, na coragem e na aud\u00e1cia de viver a miss\u00e3o e de olhar com f\u00e9 para o futuro\u201d<\/em>.<\/p>\n<h3><strong>Fi\u00e9is \u00e0 nossa voca\u00e7\u00e3o: fi\u00e9is a Deus sumamente amado<\/strong><\/h3>\n<p>Na \u00faltima parte da Circular, a Madre aprofunda a fidelidade como virtude fortemente posta \u00e0 prova pela <em>\u201ccultura atual do provis\u00f3rio\u201d <\/em>\u2013 que influencia as escolhas vocacionais e a pr\u00f3pria vida religiosa \u2013 e que, contudo, <em>\u201c\u00e9 irrenunci\u00e1vel nas rela\u00e7\u00f5es humanas e na vida consagrada\u201d<\/em>. De fato, a fidelidade, <em>\u201cvivida com amor e generosidade, permite-nos \u2018permanecer\u2019 firmes no amor de Deus e respons\u00e1veis ao dar resposta ao seu chamado \u00fanico e sempre novo\u201d<\/em> (cf. C 103).<\/p>\n<p>Reconhecendo que <em>\u201ca fidelidade n\u00e3o \u00e9 uma conquista f\u00e1cil nem de baixo custo\u201d<\/em>, pois <em>\u201cexige uma profunda consci\u00eancia das motiva\u00e7\u00f5es iniciais da nossa resposta ao Senhor\u201d<\/em> e <em>\u201ccompromete num cont\u00ednuo caminho de convers\u00e3o, onde n\u00e3o h\u00e1 espa\u00e7o para a mediocridade\u201d<\/em>, recorda o art. 8 das Constitui\u00e7\u00f5es, destacando o adv\u00e9rbio \u201csumamente\u201d, que faz a diferen\u00e7a no caminho de seguimento:<\/p>\n<p><em>\u201cDoar-se a Deus \u2018sumamente amado\u2019 projeta-nos constantemente na sa\u00edda de n\u00f3s mesmas, ajuda-nos a saborear a beleza da vida fraterna que se torna partilha e apoio rec\u00edproco, guarda a fidelidade pessoal e d\u00e1 fecundidade \u00e0 miss\u00e3o comum\u201d<\/em>.<\/p>\n<p>A partir do vers\u00edculo do Evangelho de Marcos \u2013 <em>\u00abEste povo honra-me com os l\u00e1bios, mas o seu cora\u00e7\u00e3o est\u00e1 longe de mim\u00bb<\/em> (Mc 7,6) \u2013 Madre Chiara oferece ent\u00e3o uma pequena pista de reflex\u00e3o sobre a fidelidade, deixando algumas perguntas:<\/p>\n<p><strong><em>Diante de formas de inquieta\u00e7\u00e3o, de mal estar que atingem tamb\u00e9m as nossas comunidades e ofuscam a credibilidade da nossa consagra\u00e7\u00e3o, pergunto-me: o que nos falta para viver uma fidelidade alegre?<\/em><\/strong><br \/>\n<strong><em>Por que, \u00e0s vezes, mesmo depois de muitos anos de vida consagrada e de experi\u00eancias apost\u00f3licas fecundas, perdemos o entusiasmo e o frescor da resposta ao Senhor?<\/em><\/strong><br \/>\n<strong><em>Procuremos perguntar-nos: A quem busca o nosso cora\u00e7\u00e3o? Quais pensamentos e desejos ocupam o profundo do nosso cora\u00e7\u00e3o e sobre quais nos entretemos?<\/em><\/strong><\/p>\n<p>A Madre identifica no <em>\u201cretorno ao primeiro amor\u201d<\/em>, na rela\u00e7\u00e3o de intimidade com o Senhor, o ant\u00eddoto ao <em>\u201crisco de n\u00e3o ser fi\u00e9is \u00e0 nossa espec\u00edfica identidade carism\u00e1tica, reduzindo a realiza\u00e7\u00e3o da miss\u00e3o apenas a obras e atividades de promo\u00e7\u00e3o humana\u201d<\/em>.<\/p>\n<p>Reprop\u00f5e, portanto, o <em>\u201ccaminho seguro de santidade que percorremos todos os dias com as jovens e os jovens\u201d<\/em>, como recordado no art. 5 das Constitui\u00e7\u00f5es, um caminho <em>\u201cque queremos seguir juntas e Maria Auxiliadora nos ajude a ser centelhas de esperan\u00e7a, doando gestos de humanidade \u00e0s pessoas que encontramos e que se encontram em situa\u00e7\u00e3o de necessidade\u201d.<\/em> Por fim, dirigindo o pensamento \u00e0 situa\u00e7\u00e3o atual, expressa o desejo de <em>\u201calcan\u00e7ar, de modo particular com a nossa ora\u00e7\u00e3o e a oferta cotidiana, as crian\u00e7as, os jovens, as fam\u00edlias que neste momento est\u00e3o sofrendo \u00a0por causa de guerras, de outras formas de viol\u00eancia e de inaceit\u00e1veis injusti\u00e7as\u201d<\/em>.<\/p>\n<p>Madre Chiara termina a Circular confiando a Maria, M\u00e3e da Igreja e da humanidade, <strong><em>\u201co Papa Le\u00e3o XIV que, com coragem e amor \u00e0 verdade do Evangelho, invoca a paz para toda a Fam\u00edlia humana<\/em><\/strong>. <em>Ela, a Senhora dos tempos dif\u00edceis, sustente-o, conforte-o, conceda-lhe a alegria de ser neste tempo anunciador fiel de Jesus, que ainda hoje nos diz: \u00abBem-aventurados os que promovem a paz\u00bb\u201d.<\/em><\/p>\n<p><span style=\"color: #0000ff;\"><a style=\"color: #0000ff;\" href=\"https:\/\/drive.google.com\/file\/d\/18tPncsjOl51QhYvhskv3mP3yoQeVhVCB\/view?usp=drive_link\" target=\"_blank\" rel=\"noopener\"><strong>Circular n\u00b0 1058<\/strong><\/a><\/span><\/p>\n","protected":false},"excerpt":{"rendered":"<p>Roma (It\u00e1lia). A Superiora Geral do Instituto das Filhas de Maria Auxiliadora, Madre Chiara Cazzuola, dirige-se \u00e0s irm\u00e3s no Tempo Pascal, em que a liturgia \u201cnos sustenta nas motiva\u00e7\u00f5es profundas [&hellip;]<\/p>\n","protected":false},"author":21,"featured_media":156223,"comment_status":"open","ping_status":"closed","sticky":false,"template":"","format":"standard","meta":{"footnotes":""},"categories":[166,159],"tags":[370,1665,1930,2237,2378,2383],"class_list":["post-156228","post","type-post","status-publish","format-standard","has-post-thumbnail","category-carisma-salesiano-pt","category-ifma-pt-pt","tag-madre-geral","tag-spiritualita-salesiana-pt-pt","tag-focus-pt-pt","tag-circolare-pt-pt","tag-madre-chiara-cazzuola-pt-pt","tag-maria-pt-pt"],"yoast_head":"<!-- This site is optimized with the Yoast SEO plugin v27.4 - https:\/\/yoast.com\/product\/yoast-seo-wordpress\/ -->\n<title>Maria, Virgem fiel, sustenta a nossa fidelidade \u2013 Circular n\u00ba 1058 &#8226; Istituto Figlie di Maria Ausiliatrice<\/title>\n<meta name=\"description\" content=\"A Superiora Geral do Instituto das FMA, Madre Chiara Cazzuola, na Circular n\u00ba 1058 prop\u00f5e uma reflex\u00e3o sobre a fidelidade de Maria que sustenta a fidelidade de cada FMA.\" \/>\n<meta name=\"robots\" content=\"index, follow, max-snippet:-1, max-image-preview:large, max-video-preview:-1\" \/>\n<link rel=\"canonical\" href=\"https:\/\/www.cgfmanet.org\/ifma\/maria-vergine-fedele-sostiene-la-nostra-fedelta-circolare-n-1058\/\" \/>\n<meta property=\"og:locale\" content=\"pt_PT\" \/>\n<meta property=\"og:type\" content=\"article\" \/>\n<meta property=\"og:title\" content=\"Maria, Virgem fiel, sustenta a nossa fidelidade \u2013 Circular n\u00ba 1058 &#8226; Istituto Figlie di Maria Ausiliatrice\" \/>\n<meta property=\"og:description\" content=\"A Superiora Geral do Instituto das FMA, Madre Chiara Cazzuola, na Circular n\u00ba 1058 prop\u00f5e uma reflex\u00e3o sobre a fidelidade de Maria que sustenta a fidelidade de cada FMA.\" \/>\n<meta property=\"og:url\" content=\"https:\/\/www.cgfmanet.org\/ifma\/maria-vergine-fedele-sostiene-la-nostra-fedelta-circolare-n-1058\/\" \/>\n<meta property=\"og:site_name\" content=\"Istituto Figlie di Maria Ausiliatrice\" \/>\n<meta property=\"article:publisher\" content=\"https:\/\/www.facebook.com\/salesian.sisters.of.don.bosco\/\" \/>\n<meta property=\"article:published_time\" content=\"2026-04-24T07:32:43+00:00\" \/>\n<meta property=\"og:image\" content=\"https:\/\/www.cgfmanet.org\/wp-content\/uploads\/2026\/04\/Circolare-1058.jpg\" \/>\n\t<meta property=\"og:image:width\" content=\"1315\" \/>\n\t<meta property=\"og:image:height\" content=\"877\" \/>\n\t<meta property=\"og:image:type\" content=\"image\/jpeg\" \/>\n<meta name=\"author\" content=\"Redazione\" \/>\n<meta name=\"twitter:card\" content=\"summary_large_image\" \/>\n<meta name=\"twitter:creator\" content=\"@Cgfmanet_Org\" \/>\n<meta name=\"twitter:site\" content=\"@Cgfmanet_Org\" \/>\n<meta name=\"twitter:label1\" content=\"Escrito por\" \/>\n\t<meta name=\"twitter:data1\" content=\"Redazione\" \/>\n\t<meta name=\"twitter:label2\" content=\"Tempo estimado de leitura\" \/>\n\t<meta name=\"twitter:data2\" content=\"6 minutos\" \/>\n<script type=\"application\/ld+json\" class=\"yoast-schema-graph\">{\"@context\":\"https:\\\/\\\/schema.org\",\"@graph\":[{\"@type\":\"Article\",\"@id\":\"https:\\\/\\\/www.cgfmanet.org\\\/ifma\\\/maria-vergine-fedele-sostiene-la-nostra-fedelta-circolare-n-1058\\\/#article\",\"isPartOf\":{\"@id\":\"https:\\\/\\\/www.cgfmanet.org\\\/ifma\\\/maria-vergine-fedele-sostiene-la-nostra-fedelta-circolare-n-1058\\\/\"},\"author\":{\"name\":\"Redazione\",\"@id\":\"https:\\\/\\\/www.cgfmanet.org\\\/es\\\/#\\\/schema\\\/person\\\/ce6473083f53ef0ef882cca23f0c8fb9\"},\"headline\":\"Maria, Virgem fiel, sustenta a nossa fidelidade \u2013 Circular n\u00ba 1058\",\"datePublished\":\"2026-04-24T07:32:43+00:00\",\"mainEntityOfPage\":{\"@id\":\"https:\\\/\\\/www.cgfmanet.org\\\/ifma\\\/maria-vergine-fedele-sostiene-la-nostra-fedelta-circolare-n-1058\\\/\"},\"wordCount\":1127,\"commentCount\":0,\"publisher\":{\"@id\":\"https:\\\/\\\/www.cgfmanet.org\\\/es\\\/#organization\"},\"image\":{\"@id\":\"https:\\\/\\\/www.cgfmanet.org\\\/ifma\\\/maria-vergine-fedele-sostiene-la-nostra-fedelta-circolare-n-1058\\\/#primaryimage\"},\"thumbnailUrl\":\"https:\\\/\\\/www.cgfmanet.org\\\/wp-content\\\/uploads\\\/2026\\\/04\\\/Circolare-1058.jpg\",\"keywords\":[\"Madre Geral\",\"Spiritualit\u00e0 Salesiana\",\"Focus\",\"Circolare\",\"Madre Chiara Cazzuola\",\"Maria\"],\"articleSection\":[\"Carisma Salesiano\",\"IFMA\"],\"inLanguage\":\"pt-PT\",\"potentialAction\":[{\"@type\":\"CommentAction\",\"name\":\"Comment\",\"target\":[\"https:\\\/\\\/www.cgfmanet.org\\\/ifma\\\/maria-vergine-fedele-sostiene-la-nostra-fedelta-circolare-n-1058\\\/#respond\"]}]},{\"@type\":\"WebPage\",\"@id\":\"https:\\\/\\\/www.cgfmanet.org\\\/ifma\\\/maria-vergine-fedele-sostiene-la-nostra-fedelta-circolare-n-1058\\\/\",\"url\":\"https:\\\/\\\/www.cgfmanet.org\\\/ifma\\\/maria-vergine-fedele-sostiene-la-nostra-fedelta-circolare-n-1058\\\/\",\"name\":\"Maria, Virgem fiel, sustenta a nossa fidelidade \u2013 Circular n\u00ba 1058 &#8226; Istituto Figlie di Maria Ausiliatrice\",\"isPartOf\":{\"@id\":\"https:\\\/\\\/www.cgfmanet.org\\\/es\\\/#website\"},\"primaryImageOfPage\":{\"@id\":\"https:\\\/\\\/www.cgfmanet.org\\\/ifma\\\/maria-vergine-fedele-sostiene-la-nostra-fedelta-circolare-n-1058\\\/#primaryimage\"},\"image\":{\"@id\":\"https:\\\/\\\/www.cgfmanet.org\\\/ifma\\\/maria-vergine-fedele-sostiene-la-nostra-fedelta-circolare-n-1058\\\/#primaryimage\"},\"thumbnailUrl\":\"https:\\\/\\\/www.cgfmanet.org\\\/wp-content\\\/uploads\\\/2026\\\/04\\\/Circolare-1058.jpg\",\"datePublished\":\"2026-04-24T07:32:43+00:00\",\"description\":\"A Superiora Geral do Instituto das FMA, Madre Chiara Cazzuola, na Circular n\u00ba 1058 prop\u00f5e uma reflex\u00e3o sobre a fidelidade de Maria que sustenta a fidelidade de cada FMA.\",\"breadcrumb\":{\"@id\":\"https:\\\/\\\/www.cgfmanet.org\\\/ifma\\\/maria-vergine-fedele-sostiene-la-nostra-fedelta-circolare-n-1058\\\/#breadcrumb\"},\"inLanguage\":\"pt-PT\",\"potentialAction\":[{\"@type\":\"ReadAction\",\"target\":[\"https:\\\/\\\/www.cgfmanet.org\\\/ifma\\\/maria-vergine-fedele-sostiene-la-nostra-fedelta-circolare-n-1058\\\/\"]}]},{\"@type\":\"ImageObject\",\"inLanguage\":\"pt-PT\",\"@id\":\"https:\\\/\\\/www.cgfmanet.org\\\/ifma\\\/maria-vergine-fedele-sostiene-la-nostra-fedelta-circolare-n-1058\\\/#primaryimage\",\"url\":\"https:\\\/\\\/www.cgfmanet.org\\\/wp-content\\\/uploads\\\/2026\\\/04\\\/Circolare-1058.jpg\",\"contentUrl\":\"https:\\\/\\\/www.cgfmanet.org\\\/wp-content\\\/uploads\\\/2026\\\/04\\\/Circolare-1058.jpg\",\"width\":1315,\"height\":877},{\"@type\":\"BreadcrumbList\",\"@id\":\"https:\\\/\\\/www.cgfmanet.org\\\/ifma\\\/maria-vergine-fedele-sostiene-la-nostra-fedelta-circolare-n-1058\\\/#breadcrumb\",\"itemListElement\":[{\"@type\":\"ListItem\",\"position\":1,\"name\":\"Home\",\"item\":\"https:\\\/\\\/www.cgfmanet.org\\\/pt-pt\\\/\"},{\"@type\":\"ListItem\",\"position\":2,\"name\":\"Maria, Virgem fiel, sustenta a nossa fidelidade \u2013 Circular n\u00ba 1058\"}]},{\"@type\":\"WebSite\",\"@id\":\"https:\\\/\\\/www.cgfmanet.org\\\/es\\\/#website\",\"url\":\"https:\\\/\\\/www.cgfmanet.org\\\/es\\\/\",\"name\":\"Istituto Figlie di Maria Ausiliatrice\",\"description\":\"Salesiane di Don Bosco\",\"publisher\":{\"@id\":\"https:\\\/\\\/www.cgfmanet.org\\\/es\\\/#organization\"},\"potentialAction\":[{\"@type\":\"SearchAction\",\"target\":{\"@type\":\"EntryPoint\",\"urlTemplate\":\"https:\\\/\\\/www.cgfmanet.org\\\/es\\\/?s={search_term_string}\"},\"query-input\":{\"@type\":\"PropertyValueSpecification\",\"valueRequired\":true,\"valueName\":\"search_term_string\"}}],\"inLanguage\":\"pt-PT\"},{\"@type\":\"Organization\",\"@id\":\"https:\\\/\\\/www.cgfmanet.org\\\/es\\\/#organization\",\"name\":\"Istituto Figlie di Maria Ausiliatrice\",\"url\":\"https:\\\/\\\/www.cgfmanet.org\\\/es\\\/\",\"logo\":{\"@type\":\"ImageObject\",\"inLanguage\":\"pt-PT\",\"@id\":\"https:\\\/\\\/www.cgfmanet.org\\\/es\\\/#\\\/schema\\\/logo\\\/image\\\/\",\"url\":\"https:\\\/\\\/www.cgfmanet.org\\\/wp-content\\\/uploads\\\/2018\\\/10\\\/logo-fma.png\",\"contentUrl\":\"https:\\\/\\\/www.cgfmanet.org\\\/wp-content\\\/uploads\\\/2018\\\/10\\\/logo-fma.png\",\"width\":214,\"height\":55,\"caption\":\"Istituto Figlie di Maria Ausiliatrice\"},\"image\":{\"@id\":\"https:\\\/\\\/www.cgfmanet.org\\\/es\\\/#\\\/schema\\\/logo\\\/image\\\/\"},\"sameAs\":[\"https:\\\/\\\/www.facebook.com\\\/salesian.sisters.of.don.bosco\\\/\",\"https:\\\/\\\/x.com\\\/Cgfmanet_Org\",\"https:\\\/\\\/www.youtube.com\\\/channel\\\/UCmcr8yFQBV7JXeXVxyV9y5Q\"]},{\"@type\":\"Person\",\"@id\":\"https:\\\/\\\/www.cgfmanet.org\\\/es\\\/#\\\/schema\\\/person\\\/ce6473083f53ef0ef882cca23f0c8fb9\",\"name\":\"Redazione\"}]}<\/script>\n<!-- \/ Yoast SEO plugin. -->","yoast_head_json":{"title":"Maria, Virgem fiel, sustenta a nossa fidelidade \u2013 Circular n\u00ba 1058 &#8226; Istituto Figlie di Maria Ausiliatrice","description":"A Superiora Geral do Instituto das FMA, Madre Chiara Cazzuola, na Circular n\u00ba 1058 prop\u00f5e uma reflex\u00e3o sobre a fidelidade de Maria que sustenta a fidelidade de cada FMA.","robots":{"index":"index","follow":"follow","max-snippet":"max-snippet:-1","max-image-preview":"max-image-preview:large","max-video-preview":"max-video-preview:-1"},"canonical":"https:\/\/www.cgfmanet.org\/ifma\/maria-vergine-fedele-sostiene-la-nostra-fedelta-circolare-n-1058\/","og_locale":"pt_PT","og_type":"article","og_title":"Maria, Virgem fiel, sustenta a nossa fidelidade \u2013 Circular n\u00ba 1058 &#8226; Istituto Figlie di Maria Ausiliatrice","og_description":"A Superiora Geral do Instituto das FMA, Madre Chiara Cazzuola, na Circular n\u00ba 1058 prop\u00f5e uma reflex\u00e3o sobre a fidelidade de Maria que sustenta a fidelidade de cada FMA.","og_url":"https:\/\/www.cgfmanet.org\/ifma\/maria-vergine-fedele-sostiene-la-nostra-fedelta-circolare-n-1058\/","og_site_name":"Istituto Figlie di Maria Ausiliatrice","article_publisher":"https:\/\/www.facebook.com\/salesian.sisters.of.don.bosco\/","article_published_time":"2026-04-24T07:32:43+00:00","og_image":[{"width":1315,"height":877,"url":"https:\/\/www.cgfmanet.org\/wp-content\/uploads\/2026\/04\/Circolare-1058.jpg","type":"image\/jpeg"}],"author":"Redazione","twitter_card":"summary_large_image","twitter_creator":"@Cgfmanet_Org","twitter_site":"@Cgfmanet_Org","twitter_misc":{"Escrito por":"Redazione","Tempo estimado de leitura":"6 minutos"},"schema":{"@context":"https:\/\/schema.org","@graph":[{"@type":"Article","@id":"https:\/\/www.cgfmanet.org\/ifma\/maria-vergine-fedele-sostiene-la-nostra-fedelta-circolare-n-1058\/#article","isPartOf":{"@id":"https:\/\/www.cgfmanet.org\/ifma\/maria-vergine-fedele-sostiene-la-nostra-fedelta-circolare-n-1058\/"},"author":{"name":"Redazione","@id":"https:\/\/www.cgfmanet.org\/es\/#\/schema\/person\/ce6473083f53ef0ef882cca23f0c8fb9"},"headline":"Maria, Virgem fiel, sustenta a nossa fidelidade \u2013 Circular n\u00ba 1058","datePublished":"2026-04-24T07:32:43+00:00","mainEntityOfPage":{"@id":"https:\/\/www.cgfmanet.org\/ifma\/maria-vergine-fedele-sostiene-la-nostra-fedelta-circolare-n-1058\/"},"wordCount":1127,"commentCount":0,"publisher":{"@id":"https:\/\/www.cgfmanet.org\/es\/#organization"},"image":{"@id":"https:\/\/www.cgfmanet.org\/ifma\/maria-vergine-fedele-sostiene-la-nostra-fedelta-circolare-n-1058\/#primaryimage"},"thumbnailUrl":"https:\/\/www.cgfmanet.org\/wp-content\/uploads\/2026\/04\/Circolare-1058.jpg","keywords":["Madre Geral","Spiritualit\u00e0 Salesiana","Focus","Circolare","Madre Chiara Cazzuola","Maria"],"articleSection":["Carisma Salesiano","IFMA"],"inLanguage":"pt-PT","potentialAction":[{"@type":"CommentAction","name":"Comment","target":["https:\/\/www.cgfmanet.org\/ifma\/maria-vergine-fedele-sostiene-la-nostra-fedelta-circolare-n-1058\/#respond"]}]},{"@type":"WebPage","@id":"https:\/\/www.cgfmanet.org\/ifma\/maria-vergine-fedele-sostiene-la-nostra-fedelta-circolare-n-1058\/","url":"https:\/\/www.cgfmanet.org\/ifma\/maria-vergine-fedele-sostiene-la-nostra-fedelta-circolare-n-1058\/","name":"Maria, Virgem fiel, sustenta a nossa fidelidade \u2013 Circular n\u00ba 1058 &#8226; Istituto Figlie di Maria Ausiliatrice","isPartOf":{"@id":"https:\/\/www.cgfmanet.org\/es\/#website"},"primaryImageOfPage":{"@id":"https:\/\/www.cgfmanet.org\/ifma\/maria-vergine-fedele-sostiene-la-nostra-fedelta-circolare-n-1058\/#primaryimage"},"image":{"@id":"https:\/\/www.cgfmanet.org\/ifma\/maria-vergine-fedele-sostiene-la-nostra-fedelta-circolare-n-1058\/#primaryimage"},"thumbnailUrl":"https:\/\/www.cgfmanet.org\/wp-content\/uploads\/2026\/04\/Circolare-1058.jpg","datePublished":"2026-04-24T07:32:43+00:00","description":"A Superiora Geral do Instituto das FMA, Madre Chiara Cazzuola, na Circular n\u00ba 1058 prop\u00f5e uma reflex\u00e3o sobre a fidelidade de Maria que sustenta a fidelidade de cada FMA.","breadcrumb":{"@id":"https:\/\/www.cgfmanet.org\/ifma\/maria-vergine-fedele-sostiene-la-nostra-fedelta-circolare-n-1058\/#breadcrumb"},"inLanguage":"pt-PT","potentialAction":[{"@type":"ReadAction","target":["https:\/\/www.cgfmanet.org\/ifma\/maria-vergine-fedele-sostiene-la-nostra-fedelta-circolare-n-1058\/"]}]},{"@type":"ImageObject","inLanguage":"pt-PT","@id":"https:\/\/www.cgfmanet.org\/ifma\/maria-vergine-fedele-sostiene-la-nostra-fedelta-circolare-n-1058\/#primaryimage","url":"https:\/\/www.cgfmanet.org\/wp-content\/uploads\/2026\/04\/Circolare-1058.jpg","contentUrl":"https:\/\/www.cgfmanet.org\/wp-content\/uploads\/2026\/04\/Circolare-1058.jpg","width":1315,"height":877},{"@type":"BreadcrumbList","@id":"https:\/\/www.cgfmanet.org\/ifma\/maria-vergine-fedele-sostiene-la-nostra-fedelta-circolare-n-1058\/#breadcrumb","itemListElement":[{"@type":"ListItem","position":1,"name":"Home","item":"https:\/\/www.cgfmanet.org\/pt-pt\/"},{"@type":"ListItem","position":2,"name":"Maria, Virgem fiel, sustenta a nossa fidelidade \u2013 Circular n\u00ba 1058"}]},{"@type":"WebSite","@id":"https:\/\/www.cgfmanet.org\/es\/#website","url":"https:\/\/www.cgfmanet.org\/es\/","name":"Istituto Figlie di Maria Ausiliatrice","description":"Salesiane di Don Bosco","publisher":{"@id":"https:\/\/www.cgfmanet.org\/es\/#organization"},"potentialAction":[{"@type":"SearchAction","target":{"@type":"EntryPoint","urlTemplate":"https:\/\/www.cgfmanet.org\/es\/?s={search_term_string}"},"query-input":{"@type":"PropertyValueSpecification","valueRequired":true,"valueName":"search_term_string"}}],"inLanguage":"pt-PT"},{"@type":"Organization","@id":"https:\/\/www.cgfmanet.org\/es\/#organization","name":"Istituto Figlie di Maria Ausiliatrice","url":"https:\/\/www.cgfmanet.org\/es\/","logo":{"@type":"ImageObject","inLanguage":"pt-PT","@id":"https:\/\/www.cgfmanet.org\/es\/#\/schema\/logo\/image\/","url":"https:\/\/www.cgfmanet.org\/wp-content\/uploads\/2018\/10\/logo-fma.png","contentUrl":"https:\/\/www.cgfmanet.org\/wp-content\/uploads\/2018\/10\/logo-fma.png","width":214,"height":55,"caption":"Istituto Figlie di Maria Ausiliatrice"},"image":{"@id":"https:\/\/www.cgfmanet.org\/es\/#\/schema\/logo\/image\/"},"sameAs":["https:\/\/www.facebook.com\/salesian.sisters.of.don.bosco\/","https:\/\/x.com\/Cgfmanet_Org","https:\/\/www.youtube.com\/channel\/UCmcr8yFQBV7JXeXVxyV9y5Q"]},{"@type":"Person","@id":"https:\/\/www.cgfmanet.org\/es\/#\/schema\/person\/ce6473083f53ef0ef882cca23f0c8fb9","name":"Redazione"}]}},"_links":{"self":[{"href":"https:\/\/www.cgfmanet.org\/pt-pt\/wp-json\/wp\/v2\/posts\/156228","targetHints":{"allow":["GET"]}}],"collection":[{"href":"https:\/\/www.cgfmanet.org\/pt-pt\/wp-json\/wp\/v2\/posts"}],"about":[{"href":"https:\/\/www.cgfmanet.org\/pt-pt\/wp-json\/wp\/v2\/types\/post"}],"author":[{"embeddable":true,"href":"https:\/\/www.cgfmanet.org\/pt-pt\/wp-json\/wp\/v2\/users\/21"}],"replies":[{"embeddable":true,"href":"https:\/\/www.cgfmanet.org\/pt-pt\/wp-json\/wp\/v2\/comments?post=156228"}],"version-history":[{"count":3,"href":"https:\/\/www.cgfmanet.org\/pt-pt\/wp-json\/wp\/v2\/posts\/156228\/revisions"}],"predecessor-version":[{"id":156249,"href":"https:\/\/www.cgfmanet.org\/pt-pt\/wp-json\/wp\/v2\/posts\/156228\/revisions\/156249"}],"wp:featuredmedia":[{"embeddable":true,"href":"https:\/\/www.cgfmanet.org\/pt-pt\/wp-json\/wp\/v2\/media\/156223"}],"wp:attachment":[{"href":"https:\/\/www.cgfmanet.org\/pt-pt\/wp-json\/wp\/v2\/media?parent=156228"}],"wp:term":[{"taxonomy":"category","embeddable":true,"href":"https:\/\/www.cgfmanet.org\/pt-pt\/wp-json\/wp\/v2\/categories?post=156228"},{"taxonomy":"post_tag","embeddable":true,"href":"https:\/\/www.cgfmanet.org\/pt-pt\/wp-json\/wp\/v2\/tags?post=156228"}],"curies":[{"name":"wp","href":"https:\/\/api.w.org\/{rel}","templated":true}]}}