{"id":156158,"date":"2026-04-22T09:25:47","date_gmt":"2026-04-22T07:25:47","guid":{"rendered":"https:\/\/www.cgfmanet.org\/infosfera-pt-pt\/giornata-mondiale-di-preghiera-vocazioni-2026\/"},"modified":"2026-04-22T22:14:26","modified_gmt":"2026-04-22T20:14:26","slug":"dia-mundial-de-oracao-pelas-vocacoes-2026","status":"publish","type":"post","link":"https:\/\/www.cgfmanet.org\/pt-pt\/infosfera-pt-pt\/dia-mundial-de-oracao-pelas-vocacoes-2026\/","title":{"rendered":"Dia Mundial de Ora\u00e7\u00e3o pelas Voca\u00e7\u00f5es 2026"},"content":{"rendered":"<p><strong>Roma (It\u00e1lia).<\/strong> No dia 26 de abril de 2026, no IV domingo da P\u00e1scoa, chamado \u201cdomingo do Bom Pastor\u201d, a Igreja celebra o Dia Mundial de Ora\u00e7\u00e3o pelas Voca\u00e7\u00f5es. Em sua Mensagem para este 63\u00ba Dia, o Papa Le\u00e3o XIV escolheu como tema <strong>\u201cA descoberta interior do dom de Deus\u201d<\/strong> e compartilha algumas reflex\u00f5es sobre a dimens\u00e3o interior da voca\u00e7\u00e3o, <em>\u201centendida como descoberta do dom gratuito de Deus que brota no profundo do cora\u00e7\u00e3o de cada um de n\u00f3s\u201d<\/em>.<\/p>\n<p>Percorrendo metaforicamente o caminho de \u201cuma vida verdadeiramente bela, que o Pastor nos indica\u201d, apresenta quatro passagens: <strong>O caminho da beleza, Conhecimento rec\u00edproco, Confian\u00e7a, Matura\u00e7\u00e3o.<\/strong><\/p>\n<p><span style=\"color: #0000ff;\"><strong><a style=\"color: #0000ff;\" href=\"https:\/\/www.vatican.va\/content\/leo-xiv\/it\/messages\/vocations\/documents\/20260316-messaggio-vocazioni.html\" target=\"_blank\" rel=\"noopener\">A Mensagem<\/a><\/strong><\/span> sublinha a import\u00e2ncia da ascese na contempla\u00e7\u00e3o, que permite \u00e0 pessoa parar, escutar, rezar e acolher o olhar de Deus sobre si, a ponto de se confiar ao Pastor, <em>\u201cque fascina: quem o contempla descobre que a vida \u00e9 realmente bela se o segue\u201d.<\/em> Um dos tra\u00e7os que distingue os Santos \u00e9 precisamente <em>\u201c<strong>a beleza espiritual luminosa<\/strong> que irradia de quem vive em Cristo. Assim, a voca\u00e7\u00e3o crist\u00e3 revela-se em toda a sua profundidade: participar da sua vida, partilhar a sua miss\u00e3o, resplandecer da sua mesma beleza\u201d.<\/em><\/p>\n<p>Apresentando o exemplo de Santo Agostinho, mestre de interioridade, o Papa Le\u00e3o fala da import\u00e2ncia \u201cdo cuidado da interioridade como espa\u00e7o de rela\u00e7\u00e3o com Jesus, como caminho para experimentar a beleza e a bondade de Deus na pr\u00f3pria vida\u201d e da voca\u00e7\u00e3o como dom que <em>\u201cnunca \u00e9 uma imposi\u00e7\u00e3o ou um esquema prefixado ao qual simplesmente aderir, mas um projeto de amor e de felicidade\u201d.<\/em><\/p>\n<p><strong>Do cuidado da interioridade<\/strong>, <em>\u201c\u00e9 urgente recome\u00e7ar na pastoral vocacional e no compromisso sempre novo da evangeliza\u00e7\u00e3o\u201d<\/em>, diz o Santo Padre, que convida todos \u2013 fam\u00edlias, par\u00f3quias, comunidades religiosas, bispos, sacerdotes, di\u00e1conos, catequistas, educadores e fi\u00e9is leigos \u2013 <em>\u201ca empenhar-se sempre mais na cria\u00e7\u00e3o de contextos favor\u00e1veis para que esse dom possa ser acolhido, nutrido, cuidado e acompanhado, para produzir abundantes frutos\u201d<\/em>.<\/p>\n<p>Sendo a voca\u00e7\u00e3o um chamado \u00fanico e pessoal, come\u00e7a pela experi\u00eancia pessoal do amor de Deus; aquele Deus que conhece e ama profundamente cada um\/a e que tem, para cada um\/a, um caminho \u00fanico de santidade e de servi\u00e7o. <strong>Esse conhecimento \u00e9 rec\u00edproco<\/strong> e, por isso, <em>\u201csomos convidados a conhecer Deus por meio da ora\u00e7\u00e3o, da escuta da Palavra, dos Sacramentos, da vida da Igreja e da doa\u00e7\u00e3o aos irm\u00e3os e irm\u00e3s\u201d.<\/em><\/p>\n<p>O jovem Samuel, que soube colocar-se \u00e0 escuta e aprender a reconhecer, com a ajuda de Eli, a voz do Senhor (cf. 1Sm 3,1-10), e ainda Santo Agostinho, segundo o qual <em>\u201ca Verdade habita no homem interior\u201d<\/em>, recordam a import\u00e2ncia de <em>\u201cparar, construir espa\u00e7os de sil\u00eancio interior para poder escutar a voz de Jesus Cristo\u201d<\/em>.<\/p>\n<p>Daqui o apelo de Le\u00e3o XIV: <strong><em>\u201cQueridos jovens, escutai esta voz! Escutai a voz do Senhor que vos convida a viver uma vida plena, realizada<\/em><\/strong><em>, frutificando os pr\u00f3prios talentos (cf. Mt 25,14-30) e pregando na Cruz gloriosa de Cristo os pr\u00f3prios limites e fraquezas. <strong>Parai<\/strong>, portanto, em adora\u00e7\u00e3o eucar\u00edstica, meditai assiduamente a Palavra de Deus para viv\u00ea-la todos os dias, participai ativa e plenamente da vida sacramental e eclesial. Desse modo conhecereis o Senhor e, na intimidade pr\u00f3pria da amizade, descobrireis como doar-vos a v\u00f3s mesmos, no caminho do matrim\u00f4nio, ou do sacerd\u00f3cio, ou do diaconato permanente, ou ainda na vida consagrada, religiosa ou secular: <strong>toda voca\u00e7\u00e3o \u00e9 um dom imenso para a Igreja e para quem a acolhe com alegria\u201d<\/strong>.<\/em><\/p>\n<p>\u00c9 desse conhecimento que nasce <strong>a confian\u00e7a<\/strong> no Senhor e se descobre, a cada dia, que a vida \u00e9 <em>\u201cum cont\u00ednuo confiar e entregar-se ao Senhor, mesmo quando os seus planos perturbam os nossos\u201d<\/em>. Como S\u00e3o Jos\u00e9, <em>\u201cum \u00edcone de confian\u00e7a total no des\u00edgnio de Deus\u201d<\/em>, e como o Jubileu da Esperan\u00e7a ensinou: <em>\u201c\u00e9 necess\u00e1rio cultivar uma confian\u00e7a firme e est\u00e1vel nas promessas de Deus, sem jamais ceder ao desespero\u201d.<\/em><\/p>\n<p>A voca\u00e7\u00e3o, portanto, n\u00e3o \u00e9 meta alcan\u00e7ada de uma vez para sempre. De fato, \u00e9 <em>\u201cum processo din\u00e2mico de <strong>matura\u00e7\u00e3o<\/strong>, favorecido pela intimidade com o Senhor: estar com Jesus, deixar o Esp\u00edrito Santo agir nos cora\u00e7\u00f5es e nas situa\u00e7\u00f5es da vida e reler tudo \u00e0 luz do dom recebido\u201d<\/em>. Nesse caminho cont\u00ednuo de matura\u00e7\u00e3o, sublinha o Papa, <em>\u201ccomo \u00e9 precioso ter um bom guia espiritual que acompanhe a descoberta e o desenvolvimento da nossa voca\u00e7\u00e3o!\u201d<\/em>, que acompanha no discernimento e na avalia\u00e7\u00e3o \u00e0 luz do Esp\u00edrito Santo.<\/p>\n<p><strong>O Cap\u00edtulo Geral XXIV do Instituto das FMA<\/strong> assumiu como primeira escolha priorit\u00e1ria do sex\u00eanio o aspecto vocacional:<\/p>\n<p><em>\u201cReavivemos e testemunhemos juntos a beleza da voca\u00e7\u00e3o salesiana, colocando-nos em estado de forma\u00e7\u00e3o cont\u00ednua para um renovado impulso vocacional\u201d<\/em>. A aten\u00e7\u00e3o ao cuidado da pr\u00f3pria voca\u00e7\u00e3o torna-se, assim, aten\u00e7\u00e3o para que os jovens possam <em>\u201cdescobrir o mist\u00e9rio de Deus presente na sua exist\u00eancia e as riquezas da vida batismal\u201d<\/em> (<em>Const<\/em>. 69) e <em>\u201cdiscernir o des\u00edgnio de Deus sobre a pr\u00f3pria vida e assumi-lo como miss\u00e3o\u201d<\/em> (<em>Const<\/em>. 72).<\/p>\n<p><strong>O \u00c2mbito da Pastoral Juvenil do Instituto<\/strong> assumiu como um dos focos da sua anima\u00e7\u00e3o para o sex\u00eanio <strong>\u201cjuntos para promover a cultura vocacional\u201d.<\/strong> Nessa dire\u00e7\u00e3o, a celebra\u00e7\u00e3o anual do Dia Mundial de Ora\u00e7\u00e3o pelas Voca\u00e7\u00f5es constitui um momento forte para refor\u00e7ar esse compromisso.<\/p>\n<p>Neste ano, o \u00c2mbito da PJ preparou <strong>4 fichas em 5 l\u00ednguas<\/strong>, que retomam as 4 partes da Mensagem. Cada ficha prop\u00f5e pistas simples:<\/p>\n<ul>\n<li>Breve reflex\u00e3o sobre um tema<\/li>\n<li>Partilha em grupo<\/li>\n<li>Passar \u00e0 a\u00e7\u00e3o<\/li>\n<li>Ora\u00e7\u00e3o<\/li>\n<\/ul>\n<p><em>\u201cAcolhamos o convite a deixarmo-nos fascinar pelo \u2018Pastor Belo\u2019, Jesus, e n\u2019Ele continuemos o caminho de descobrir que a vida \u00e9 realmente bela se O seguimos\u201d<\/em>. \u00c9 o desejo da irm\u00e3 Runita Galve Borja, Conselheira da Pastoral Juvenil.<\/p>\n<p><span style=\"color: #0000ff;\"><a style=\"color: #0000ff;\" href=\"https:\/\/drive.google.com\/drive\/u\/0\/folders\/10lm_M01rGm6nMPxZXm_GZ3BFy_ZbGraF\" target=\"_blank\" rel=\"noopener\"><strong>Fichas<\/strong><\/a><\/span><\/p>\n","protected":false},"excerpt":{"rendered":"<p>Roma (It\u00e1lia). No dia 26 de abril de 2026, no IV domingo da P\u00e1scoa, chamado \u201cdomingo do Bom Pastor\u201d, a Igreja celebra o Dia Mundial de Ora\u00e7\u00e3o pelas Voca\u00e7\u00f5es. Em [&hellip;]<\/p>\n","protected":false},"author":21,"featured_media":156153,"comment_status":"open","ping_status":"closed","sticky":false,"template":"","format":"standard","meta":{"footnotes":""},"categories":[38,189],"tags":[1342,1537,1756,1930,2490],"class_list":["post-156158","post","type-post","status-publish","format-standard","has-post-thumbnail","category-infosfera-pt-pt","category-igreja","tag-conselheira-para-a-pastoral-juvenil","tag-pastoral-juvenil-pt-pt","tag-cultura-vocazionale-pt-pt","tag-focus-pt-pt","tag-papa-leao-xiv"],"yoast_head":"<!-- This site is optimized with the Yoast SEO plugin v27.4 - https:\/\/yoast.com\/product\/yoast-seo-wordpress\/ -->\n<title>Dia Mundial de Ora\u00e7\u00e3o pelas Voca\u00e7\u00f5es 2026 &#8226; Istituto Figlie di Maria Ausiliatrice<\/title>\n<meta name=\"description\" content=\"No dia 26 de abril de 2026, no domingo do Bom Pastor, a Igreja celebra o 63\u00ba Dia Mundial de Ora\u00e7\u00e3o pelas Voca\u00e7\u00f5es.\" \/>\n<meta name=\"robots\" content=\"index, follow, max-snippet:-1, max-image-preview:large, max-video-preview:-1\" \/>\n<link rel=\"canonical\" href=\"https:\/\/www.cgfmanet.org\/pt-pt\/infosfera-pt-pt\/dia-mundial-de-oracao-pelas-vocacoes-2026\/\" \/>\n<meta property=\"og:locale\" content=\"pt_PT\" \/>\n<meta property=\"og:type\" content=\"article\" \/>\n<meta property=\"og:title\" content=\"Dia Mundial de Ora\u00e7\u00e3o pelas Voca\u00e7\u00f5es 2026 &#8226; Istituto Figlie di Maria Ausiliatrice\" \/>\n<meta property=\"og:description\" content=\"No dia 26 de abril de 2026, no domingo do Bom Pastor, a Igreja celebra o 63\u00ba Dia Mundial de Ora\u00e7\u00e3o pelas Voca\u00e7\u00f5es.\" \/>\n<meta property=\"og:url\" content=\"https:\/\/www.cgfmanet.org\/pt-pt\/infosfera-pt-pt\/dia-mundial-de-oracao-pelas-vocacoes-2026\/\" \/>\n<meta property=\"og:site_name\" content=\"Istituto Figlie di Maria Ausiliatrice\" \/>\n<meta property=\"article:publisher\" content=\"https:\/\/www.facebook.com\/salesian.sisters.of.don.bosco\/\" \/>\n<meta property=\"article:published_time\" content=\"2026-04-22T07:25:47+00:00\" \/>\n<meta property=\"article:modified_time\" content=\"2026-04-22T20:14:26+00:00\" \/>\n<meta property=\"og:image\" content=\"https:\/\/www.cgfmanet.org\/wp-content\/uploads\/2026\/04\/Giornata-di-Preghiera-Vocazioni-2026.jpg\" \/>\n\t<meta property=\"og:image:width\" content=\"1181\" \/>\n\t<meta property=\"og:image:height\" content=\"788\" \/>\n\t<meta property=\"og:image:type\" content=\"image\/jpeg\" \/>\n<meta name=\"author\" content=\"Redazione\" \/>\n<meta name=\"twitter:card\" content=\"summary_large_image\" \/>\n<meta name=\"twitter:creator\" content=\"@Cgfmanet_Org\" \/>\n<meta name=\"twitter:site\" content=\"@Cgfmanet_Org\" \/>\n<meta name=\"twitter:label1\" content=\"Escrito por\" \/>\n\t<meta name=\"twitter:data1\" content=\"Redazione\" \/>\n\t<meta name=\"twitter:label2\" content=\"Tempo estimado de leitura\" \/>\n\t<meta name=\"twitter:data2\" content=\"6 minutos\" \/>\n<script type=\"application\/ld+json\" class=\"yoast-schema-graph\">{\"@context\":\"https:\\\/\\\/schema.org\",\"@graph\":[{\"@type\":\"Article\",\"@id\":\"https:\\\/\\\/www.cgfmanet.org\\\/pt-pt\\\/infosfera-pt-pt\\\/dia-mundial-de-oracao-pelas-vocacoes-2026\\\/#article\",\"isPartOf\":{\"@id\":\"https:\\\/\\\/www.cgfmanet.org\\\/pt-pt\\\/infosfera-pt-pt\\\/dia-mundial-de-oracao-pelas-vocacoes-2026\\\/\"},\"author\":{\"name\":\"Redazione\",\"@id\":\"https:\\\/\\\/www.cgfmanet.org\\\/es\\\/#\\\/schema\\\/person\\\/ce6473083f53ef0ef882cca23f0c8fb9\"},\"headline\":\"Dia Mundial de Ora\u00e7\u00e3o pelas Voca\u00e7\u00f5es 2026\",\"datePublished\":\"2026-04-22T07:25:47+00:00\",\"dateModified\":\"2026-04-22T20:14:26+00:00\",\"mainEntityOfPage\":{\"@id\":\"https:\\\/\\\/www.cgfmanet.org\\\/pt-pt\\\/infosfera-pt-pt\\\/dia-mundial-de-oracao-pelas-vocacoes-2026\\\/\"},\"wordCount\":1017,\"commentCount\":0,\"publisher\":{\"@id\":\"https:\\\/\\\/www.cgfmanet.org\\\/es\\\/#organization\"},\"image\":{\"@id\":\"https:\\\/\\\/www.cgfmanet.org\\\/pt-pt\\\/infosfera-pt-pt\\\/dia-mundial-de-oracao-pelas-vocacoes-2026\\\/#primaryimage\"},\"thumbnailUrl\":\"https:\\\/\\\/www.cgfmanet.org\\\/wp-content\\\/uploads\\\/2026\\\/04\\\/Giornata-di-Preghiera-Vocazioni-2026.jpg\",\"keywords\":[\"Conselheira para a Pastoral Juvenil\",\"Pastoral Juvenil\",\"cultura vocazionale\",\"Focus\",\"Papa Le\u00e3o XIV\"],\"articleSection\":[\"Infosfera\",\"Igreja\"],\"inLanguage\":\"pt-PT\",\"potentialAction\":[{\"@type\":\"CommentAction\",\"name\":\"Comment\",\"target\":[\"https:\\\/\\\/www.cgfmanet.org\\\/pt-pt\\\/infosfera-pt-pt\\\/dia-mundial-de-oracao-pelas-vocacoes-2026\\\/#respond\"]}]},{\"@type\":\"WebPage\",\"@id\":\"https:\\\/\\\/www.cgfmanet.org\\\/pt-pt\\\/infosfera-pt-pt\\\/dia-mundial-de-oracao-pelas-vocacoes-2026\\\/\",\"url\":\"https:\\\/\\\/www.cgfmanet.org\\\/pt-pt\\\/infosfera-pt-pt\\\/dia-mundial-de-oracao-pelas-vocacoes-2026\\\/\",\"name\":\"Dia Mundial de Ora\u00e7\u00e3o pelas Voca\u00e7\u00f5es 2026 &#8226; Istituto Figlie di Maria Ausiliatrice\",\"isPartOf\":{\"@id\":\"https:\\\/\\\/www.cgfmanet.org\\\/es\\\/#website\"},\"primaryImageOfPage\":{\"@id\":\"https:\\\/\\\/www.cgfmanet.org\\\/pt-pt\\\/infosfera-pt-pt\\\/dia-mundial-de-oracao-pelas-vocacoes-2026\\\/#primaryimage\"},\"image\":{\"@id\":\"https:\\\/\\\/www.cgfmanet.org\\\/pt-pt\\\/infosfera-pt-pt\\\/dia-mundial-de-oracao-pelas-vocacoes-2026\\\/#primaryimage\"},\"thumbnailUrl\":\"https:\\\/\\\/www.cgfmanet.org\\\/wp-content\\\/uploads\\\/2026\\\/04\\\/Giornata-di-Preghiera-Vocazioni-2026.jpg\",\"datePublished\":\"2026-04-22T07:25:47+00:00\",\"dateModified\":\"2026-04-22T20:14:26+00:00\",\"description\":\"No dia 26 de abril de 2026, no domingo do Bom Pastor, a Igreja celebra o 63\u00ba Dia Mundial de Ora\u00e7\u00e3o pelas Voca\u00e7\u00f5es.\",\"breadcrumb\":{\"@id\":\"https:\\\/\\\/www.cgfmanet.org\\\/pt-pt\\\/infosfera-pt-pt\\\/dia-mundial-de-oracao-pelas-vocacoes-2026\\\/#breadcrumb\"},\"inLanguage\":\"pt-PT\",\"potentialAction\":[{\"@type\":\"ReadAction\",\"target\":[\"https:\\\/\\\/www.cgfmanet.org\\\/pt-pt\\\/infosfera-pt-pt\\\/dia-mundial-de-oracao-pelas-vocacoes-2026\\\/\"]}]},{\"@type\":\"ImageObject\",\"inLanguage\":\"pt-PT\",\"@id\":\"https:\\\/\\\/www.cgfmanet.org\\\/pt-pt\\\/infosfera-pt-pt\\\/dia-mundial-de-oracao-pelas-vocacoes-2026\\\/#primaryimage\",\"url\":\"https:\\\/\\\/www.cgfmanet.org\\\/wp-content\\\/uploads\\\/2026\\\/04\\\/Giornata-di-Preghiera-Vocazioni-2026.jpg\",\"contentUrl\":\"https:\\\/\\\/www.cgfmanet.org\\\/wp-content\\\/uploads\\\/2026\\\/04\\\/Giornata-di-Preghiera-Vocazioni-2026.jpg\",\"width\":1181,\"height\":788},{\"@type\":\"BreadcrumbList\",\"@id\":\"https:\\\/\\\/www.cgfmanet.org\\\/pt-pt\\\/infosfera-pt-pt\\\/dia-mundial-de-oracao-pelas-vocacoes-2026\\\/#breadcrumb\",\"itemListElement\":[{\"@type\":\"ListItem\",\"position\":1,\"name\":\"Home\",\"item\":\"https:\\\/\\\/www.cgfmanet.org\\\/pt-pt\\\/\"},{\"@type\":\"ListItem\",\"position\":2,\"name\":\"Dia Mundial de Ora\u00e7\u00e3o pelas Voca\u00e7\u00f5es 2026\"}]},{\"@type\":\"WebSite\",\"@id\":\"https:\\\/\\\/www.cgfmanet.org\\\/es\\\/#website\",\"url\":\"https:\\\/\\\/www.cgfmanet.org\\\/es\\\/\",\"name\":\"Istituto Figlie di Maria Ausiliatrice\",\"description\":\"Salesiane di Don Bosco\",\"publisher\":{\"@id\":\"https:\\\/\\\/www.cgfmanet.org\\\/es\\\/#organization\"},\"potentialAction\":[{\"@type\":\"SearchAction\",\"target\":{\"@type\":\"EntryPoint\",\"urlTemplate\":\"https:\\\/\\\/www.cgfmanet.org\\\/es\\\/?s={search_term_string}\"},\"query-input\":{\"@type\":\"PropertyValueSpecification\",\"valueRequired\":true,\"valueName\":\"search_term_string\"}}],\"inLanguage\":\"pt-PT\"},{\"@type\":\"Organization\",\"@id\":\"https:\\\/\\\/www.cgfmanet.org\\\/es\\\/#organization\",\"name\":\"Istituto Figlie di Maria Ausiliatrice\",\"url\":\"https:\\\/\\\/www.cgfmanet.org\\\/es\\\/\",\"logo\":{\"@type\":\"ImageObject\",\"inLanguage\":\"pt-PT\",\"@id\":\"https:\\\/\\\/www.cgfmanet.org\\\/es\\\/#\\\/schema\\\/logo\\\/image\\\/\",\"url\":\"https:\\\/\\\/www.cgfmanet.org\\\/wp-content\\\/uploads\\\/2018\\\/10\\\/logo-fma.png\",\"contentUrl\":\"https:\\\/\\\/www.cgfmanet.org\\\/wp-content\\\/uploads\\\/2018\\\/10\\\/logo-fma.png\",\"width\":214,\"height\":55,\"caption\":\"Istituto Figlie di Maria Ausiliatrice\"},\"image\":{\"@id\":\"https:\\\/\\\/www.cgfmanet.org\\\/es\\\/#\\\/schema\\\/logo\\\/image\\\/\"},\"sameAs\":[\"https:\\\/\\\/www.facebook.com\\\/salesian.sisters.of.don.bosco\\\/\",\"https:\\\/\\\/x.com\\\/Cgfmanet_Org\",\"https:\\\/\\\/www.youtube.com\\\/channel\\\/UCmcr8yFQBV7JXeXVxyV9y5Q\"]},{\"@type\":\"Person\",\"@id\":\"https:\\\/\\\/www.cgfmanet.org\\\/es\\\/#\\\/schema\\\/person\\\/ce6473083f53ef0ef882cca23f0c8fb9\",\"name\":\"Redazione\"}]}<\/script>\n<!-- \/ Yoast SEO plugin. -->","yoast_head_json":{"title":"Dia Mundial de Ora\u00e7\u00e3o pelas Voca\u00e7\u00f5es 2026 &#8226; Istituto Figlie di Maria Ausiliatrice","description":"No dia 26 de abril de 2026, no domingo do Bom Pastor, a Igreja celebra o 63\u00ba Dia Mundial de Ora\u00e7\u00e3o pelas Voca\u00e7\u00f5es.","robots":{"index":"index","follow":"follow","max-snippet":"max-snippet:-1","max-image-preview":"max-image-preview:large","max-video-preview":"max-video-preview:-1"},"canonical":"https:\/\/www.cgfmanet.org\/pt-pt\/infosfera-pt-pt\/dia-mundial-de-oracao-pelas-vocacoes-2026\/","og_locale":"pt_PT","og_type":"article","og_title":"Dia Mundial de Ora\u00e7\u00e3o pelas Voca\u00e7\u00f5es 2026 &#8226; Istituto Figlie di Maria Ausiliatrice","og_description":"No dia 26 de abril de 2026, no domingo do Bom Pastor, a Igreja celebra o 63\u00ba Dia Mundial de Ora\u00e7\u00e3o pelas Voca\u00e7\u00f5es.","og_url":"https:\/\/www.cgfmanet.org\/pt-pt\/infosfera-pt-pt\/dia-mundial-de-oracao-pelas-vocacoes-2026\/","og_site_name":"Istituto Figlie di Maria Ausiliatrice","article_publisher":"https:\/\/www.facebook.com\/salesian.sisters.of.don.bosco\/","article_published_time":"2026-04-22T07:25:47+00:00","article_modified_time":"2026-04-22T20:14:26+00:00","og_image":[{"width":1181,"height":788,"url":"https:\/\/www.cgfmanet.org\/wp-content\/uploads\/2026\/04\/Giornata-di-Preghiera-Vocazioni-2026.jpg","type":"image\/jpeg"}],"author":"Redazione","twitter_card":"summary_large_image","twitter_creator":"@Cgfmanet_Org","twitter_site":"@Cgfmanet_Org","twitter_misc":{"Escrito por":"Redazione","Tempo estimado de leitura":"6 minutos"},"schema":{"@context":"https:\/\/schema.org","@graph":[{"@type":"Article","@id":"https:\/\/www.cgfmanet.org\/pt-pt\/infosfera-pt-pt\/dia-mundial-de-oracao-pelas-vocacoes-2026\/#article","isPartOf":{"@id":"https:\/\/www.cgfmanet.org\/pt-pt\/infosfera-pt-pt\/dia-mundial-de-oracao-pelas-vocacoes-2026\/"},"author":{"name":"Redazione","@id":"https:\/\/www.cgfmanet.org\/es\/#\/schema\/person\/ce6473083f53ef0ef882cca23f0c8fb9"},"headline":"Dia Mundial de Ora\u00e7\u00e3o pelas Voca\u00e7\u00f5es 2026","datePublished":"2026-04-22T07:25:47+00:00","dateModified":"2026-04-22T20:14:26+00:00","mainEntityOfPage":{"@id":"https:\/\/www.cgfmanet.org\/pt-pt\/infosfera-pt-pt\/dia-mundial-de-oracao-pelas-vocacoes-2026\/"},"wordCount":1017,"commentCount":0,"publisher":{"@id":"https:\/\/www.cgfmanet.org\/es\/#organization"},"image":{"@id":"https:\/\/www.cgfmanet.org\/pt-pt\/infosfera-pt-pt\/dia-mundial-de-oracao-pelas-vocacoes-2026\/#primaryimage"},"thumbnailUrl":"https:\/\/www.cgfmanet.org\/wp-content\/uploads\/2026\/04\/Giornata-di-Preghiera-Vocazioni-2026.jpg","keywords":["Conselheira para a Pastoral Juvenil","Pastoral Juvenil","cultura vocazionale","Focus","Papa Le\u00e3o XIV"],"articleSection":["Infosfera","Igreja"],"inLanguage":"pt-PT","potentialAction":[{"@type":"CommentAction","name":"Comment","target":["https:\/\/www.cgfmanet.org\/pt-pt\/infosfera-pt-pt\/dia-mundial-de-oracao-pelas-vocacoes-2026\/#respond"]}]},{"@type":"WebPage","@id":"https:\/\/www.cgfmanet.org\/pt-pt\/infosfera-pt-pt\/dia-mundial-de-oracao-pelas-vocacoes-2026\/","url":"https:\/\/www.cgfmanet.org\/pt-pt\/infosfera-pt-pt\/dia-mundial-de-oracao-pelas-vocacoes-2026\/","name":"Dia Mundial de Ora\u00e7\u00e3o pelas Voca\u00e7\u00f5es 2026 &#8226; Istituto Figlie di Maria Ausiliatrice","isPartOf":{"@id":"https:\/\/www.cgfmanet.org\/es\/#website"},"primaryImageOfPage":{"@id":"https:\/\/www.cgfmanet.org\/pt-pt\/infosfera-pt-pt\/dia-mundial-de-oracao-pelas-vocacoes-2026\/#primaryimage"},"image":{"@id":"https:\/\/www.cgfmanet.org\/pt-pt\/infosfera-pt-pt\/dia-mundial-de-oracao-pelas-vocacoes-2026\/#primaryimage"},"thumbnailUrl":"https:\/\/www.cgfmanet.org\/wp-content\/uploads\/2026\/04\/Giornata-di-Preghiera-Vocazioni-2026.jpg","datePublished":"2026-04-22T07:25:47+00:00","dateModified":"2026-04-22T20:14:26+00:00","description":"No dia 26 de abril de 2026, no domingo do Bom Pastor, a Igreja celebra o 63\u00ba Dia Mundial de Ora\u00e7\u00e3o pelas Voca\u00e7\u00f5es.","breadcrumb":{"@id":"https:\/\/www.cgfmanet.org\/pt-pt\/infosfera-pt-pt\/dia-mundial-de-oracao-pelas-vocacoes-2026\/#breadcrumb"},"inLanguage":"pt-PT","potentialAction":[{"@type":"ReadAction","target":["https:\/\/www.cgfmanet.org\/pt-pt\/infosfera-pt-pt\/dia-mundial-de-oracao-pelas-vocacoes-2026\/"]}]},{"@type":"ImageObject","inLanguage":"pt-PT","@id":"https:\/\/www.cgfmanet.org\/pt-pt\/infosfera-pt-pt\/dia-mundial-de-oracao-pelas-vocacoes-2026\/#primaryimage","url":"https:\/\/www.cgfmanet.org\/wp-content\/uploads\/2026\/04\/Giornata-di-Preghiera-Vocazioni-2026.jpg","contentUrl":"https:\/\/www.cgfmanet.org\/wp-content\/uploads\/2026\/04\/Giornata-di-Preghiera-Vocazioni-2026.jpg","width":1181,"height":788},{"@type":"BreadcrumbList","@id":"https:\/\/www.cgfmanet.org\/pt-pt\/infosfera-pt-pt\/dia-mundial-de-oracao-pelas-vocacoes-2026\/#breadcrumb","itemListElement":[{"@type":"ListItem","position":1,"name":"Home","item":"https:\/\/www.cgfmanet.org\/pt-pt\/"},{"@type":"ListItem","position":2,"name":"Dia Mundial de Ora\u00e7\u00e3o pelas Voca\u00e7\u00f5es 2026"}]},{"@type":"WebSite","@id":"https:\/\/www.cgfmanet.org\/es\/#website","url":"https:\/\/www.cgfmanet.org\/es\/","name":"Istituto Figlie di Maria Ausiliatrice","description":"Salesiane di Don Bosco","publisher":{"@id":"https:\/\/www.cgfmanet.org\/es\/#organization"},"potentialAction":[{"@type":"SearchAction","target":{"@type":"EntryPoint","urlTemplate":"https:\/\/www.cgfmanet.org\/es\/?s={search_term_string}"},"query-input":{"@type":"PropertyValueSpecification","valueRequired":true,"valueName":"search_term_string"}}],"inLanguage":"pt-PT"},{"@type":"Organization","@id":"https:\/\/www.cgfmanet.org\/es\/#organization","name":"Istituto Figlie di Maria Ausiliatrice","url":"https:\/\/www.cgfmanet.org\/es\/","logo":{"@type":"ImageObject","inLanguage":"pt-PT","@id":"https:\/\/www.cgfmanet.org\/es\/#\/schema\/logo\/image\/","url":"https:\/\/www.cgfmanet.org\/wp-content\/uploads\/2018\/10\/logo-fma.png","contentUrl":"https:\/\/www.cgfmanet.org\/wp-content\/uploads\/2018\/10\/logo-fma.png","width":214,"height":55,"caption":"Istituto Figlie di Maria Ausiliatrice"},"image":{"@id":"https:\/\/www.cgfmanet.org\/es\/#\/schema\/logo\/image\/"},"sameAs":["https:\/\/www.facebook.com\/salesian.sisters.of.don.bosco\/","https:\/\/x.com\/Cgfmanet_Org","https:\/\/www.youtube.com\/channel\/UCmcr8yFQBV7JXeXVxyV9y5Q"]},{"@type":"Person","@id":"https:\/\/www.cgfmanet.org\/es\/#\/schema\/person\/ce6473083f53ef0ef882cca23f0c8fb9","name":"Redazione"}]}},"_links":{"self":[{"href":"https:\/\/www.cgfmanet.org\/pt-pt\/wp-json\/wp\/v2\/posts\/156158","targetHints":{"allow":["GET"]}}],"collection":[{"href":"https:\/\/www.cgfmanet.org\/pt-pt\/wp-json\/wp\/v2\/posts"}],"about":[{"href":"https:\/\/www.cgfmanet.org\/pt-pt\/wp-json\/wp\/v2\/types\/post"}],"author":[{"embeddable":true,"href":"https:\/\/www.cgfmanet.org\/pt-pt\/wp-json\/wp\/v2\/users\/21"}],"replies":[{"embeddable":true,"href":"https:\/\/www.cgfmanet.org\/pt-pt\/wp-json\/wp\/v2\/comments?post=156158"}],"version-history":[{"count":3,"href":"https:\/\/www.cgfmanet.org\/pt-pt\/wp-json\/wp\/v2\/posts\/156158\/revisions"}],"predecessor-version":[{"id":156233,"href":"https:\/\/www.cgfmanet.org\/pt-pt\/wp-json\/wp\/v2\/posts\/156158\/revisions\/156233"}],"wp:featuredmedia":[{"embeddable":true,"href":"https:\/\/www.cgfmanet.org\/pt-pt\/wp-json\/wp\/v2\/media\/156153"}],"wp:attachment":[{"href":"https:\/\/www.cgfmanet.org\/pt-pt\/wp-json\/wp\/v2\/media?parent=156158"}],"wp:term":[{"taxonomy":"category","embeddable":true,"href":"https:\/\/www.cgfmanet.org\/pt-pt\/wp-json\/wp\/v2\/categories?post=156158"},{"taxonomy":"post_tag","embeddable":true,"href":"https:\/\/www.cgfmanet.org\/pt-pt\/wp-json\/wp\/v2\/tags?post=156158"}],"curies":[{"name":"wp","href":"https:\/\/api.w.org\/{rel}","templated":true}]}}