{"id":155152,"date":"2026-03-23T09:50:15","date_gmt":"2026-03-23T08:50:15","guid":{"rendered":"https:\/\/www.cgfmanet.org\/infosfera-pt-pt\/2-incontro-pellegrinaggio-online-pem-sguardo-ampio-la-visione\/"},"modified":"2026-03-25T23:45:55","modified_gmt":"2026-03-25T22:45:55","slug":"2o-encontro-da-peregrinacao-online-pem-olhar-amplo-a-visao","status":"publish","type":"post","link":"https:\/\/www.cgfmanet.org\/pt-pt\/ifma-pt-pt\/150-missao-fma\/2o-encontro-da-peregrinacao-online-pem-olhar-amplo-a-visao\/","title":{"rendered":"2\u00ba encontro da Peregrina\u00e7\u00e3o online PEM: olhar amplo \u2013 a vis\u00e3o"},"content":{"rendered":"<p><strong>Roma (It\u00e1lia). <\/strong>No domingo, 22 de mar\u00e7o de 2026, realizou-se o segundo encontro da Peregrina\u00e7\u00e3o online do Projeto de Espiritualidade Mission\u00e1ria (PEM), realizado pelo \u00c2mbito das Miss\u00f5es do Instituto das Filhas de Maria Auxiliadora, em colabora\u00e7\u00e3o com a Equipe do PEM, nos lugares do continente americano onde chegaram as primeiras FMA, em 1877.<\/p>\n<p>O percurso, constitu\u00eddo de oito etapas, coloca-se no caminho do Tri\u00eanio de prepara\u00e7\u00e3o ao 150\u00ba anivers\u00e1rio da Primeira Expedi\u00e7\u00e3o Mission\u00e1ria (2024\u20132027), com o tema \u201c<strong>Agora \u00e9 o tempo de reavivar o fogo \u2013 150\u00ba anivers\u00e1rio das miss\u00f5es das FMA\u201d<\/strong>, com o objetivo de <em>\u201ccelebrar com cora\u00e7\u00e3o agradecido o ardor mission\u00e1rio do Instituto para reavivar, no hoje da contemporaneidade, o impulso prof\u00e9tico do nosso carisma como dom \u00e0 Igreja e \u00e0 humanidade\u201d<\/em> (Circular n\u00ba 1038).<\/p>\n<p>Ap\u00f3s o primeiro encontro, sobre Villa Col\u00f3n \u2013 Las Piedras no Uruguai, nesta segunda etapa fez-se uma parada em <strong>Almagro \u2013 La Boca<\/strong> para destacar <strong>a ampla perspectiva mission\u00e1ria que alarga os horizontes<\/strong> das primeiras mission\u00e1rias, que ousam atravessar outra fronteira para viver o Carisma mornesino numa nova terra: a Argentina. Na \u201cNizza da Am\u00e9rica\u201d, declinam o carisma de m\u00e3es e educadoras herdado de Maria Domingas Mazzarello.<\/p>\n<p><strong>A Cr\u00f4nica da comunidade de Almagro conta:<\/strong><\/p>\n<p><em>&#8220;No dia 26 de janeiro de 1879 chegou a estas margens a Segunda Expedi\u00e7\u00e3o das Irm\u00e3s de Nossa Senhora Auxiliadora. Era guiada pela Irm\u00e3 M. Magdalena Martini, que exercia o cargo de Inspetora com resid\u00eancia em Buenos Aires. Esta expedi\u00e7\u00e3o era composta de 10 irm\u00e3s, das quais 4 permaneceram em Col\u00f3n de Montevid\u00e9u, a saber: Irm\u00e3 Filomena Balduzzi, Irm\u00e3 Victoria Cant\u00fa, Irm\u00e3 Virginia Magone e Irm\u00e3 Josefa Vergniaud. As outras seis vieram a Buenos Aires para fundar a Casa de Almagro, e eram: Irm\u00e3 M. Magdalena Martini, Irm\u00e3 Jacinta Olivieri, Irm\u00e3 Dominga Roletti, Irm\u00e3 Emilia Borgna, Irm\u00e3 Mar\u00eda Magdeleine e Irm\u00e3 Catalina Fino. Em Almagro tiveram a sorte de morar numa casa muito pobre, que chamaram \u2018Ranchito\u2019, muito pr\u00f3xima ao Col\u00e9gio Pio IX de Artes e Of\u00edcios. Esta era a Casa do Noviciado, onde todos os anos se realizavam os Exerc\u00edcios Espirituais.\u201d<\/em><\/p>\n<p><strong>Irm\u00e3 Ruth del Pilar Mora, Conselheira Geral das Miss\u00f5es<\/strong>, na sauda\u00e7\u00e3o inicial, exortou todos\/as os\/as participantes da Peregrina\u00e7\u00e3o a ter: <em>\u201c<strong>Um olhar amplo<\/strong> que nasce quando aprendemos a ver a realidade com os olhos de Deus, que em Jesus se tornou acess\u00edvel \u00e0 nossa compreens\u00e3o. Nos Evangelhos, Jesus p\u00e1ra diante das pessoas, olha-as com amor; o seu olhar n\u00e3o julga, regenera; n\u00e3o exclui, inclui; n\u00e3o se det\u00e9m na apar\u00eancia, mas descobre potencialidades e esperan\u00e7a. Ter um olhar amplo significa compreender que a miss\u00e3o n\u00e3o \u00e9 nossa, mas \u00e9 participa\u00e7\u00e3o no amor de Deus a cada pessoa, de todo tempo e cultura\u201d.<\/em><\/p>\n<p><em>\u201cAs primeiras mission\u00e1rias FMA que partiram para a Am\u00e9rica,<\/em> \u2013 destacou ainda irm\u00e3 Ruth \u2013 <em>levaram consigo esse olhar: n\u00e3o apenas um projeto educativo, mas a capacidade de reconhecer o bem j\u00e1 presente, de valorizar as pessoas, de tecer rela\u00e7\u00f5es de confian\u00e7a e amizade no t\u00edpico estilo de fam\u00edlia.<\/em><\/p>\n<p><strong><em>Chegando \u00e0 Argentina, a \u201cNizza da Am\u00e9rica\u201d<\/em><\/strong>, <em>encarnaram o Carisma com abertura, criatividade e respeito, criando comunidades que educavam com amor e presen\u00e7a. Tamb\u00e9m hoje, em nossas comunidades educativas, somos chamados a um olhar que reconhece as sementes de bem nos jovens, valoriza as diferen\u00e7as culturais, abre espa\u00e7os de di\u00e1logo e constr\u00f3i pontes. \u00c9 um <strong>olhar que transforma a miss\u00e3o em a\u00e7\u00e3o concreta<\/strong>, em proximidade para quem se sente s\u00f3, em gestos de bondade gratuita, em presen\u00e7as capazes de gerar juntos esperan\u00e7a e futuro.<\/em><\/p>\n<p>O evento \u2013 animado pelas irm\u00e3s do \u00c2mbito das Miss\u00f5es, pelos membros do Global Missio Team, pelas irm\u00e3s da Comiss\u00e3o do 150\u00ba anivers\u00e1rio da Primeira Expedi\u00e7\u00e3o Mission\u00e1ria e pela Equipe PEM \u2013 contou com a participa\u00e7\u00e3o viva e interessada de muitas Comunidades Educativas de todos os Continentes, que escolheram este momento de anima\u00e7\u00e3o para deixar-se alargar os horizontes e fazer de Cristo o cora\u00e7\u00e3o do mundo e de sua identidade pessoal.<\/p>\n<p><strong><span style=\"color: #0000ff;\"><a style=\"color: #0000ff;\" href=\"https:\/\/drive.google.com\/drive\/u\/1\/folders\/1ByDnIIczb5HeVXOhZaAS6W9J8deCguGG\" target=\"_blank\" rel=\"noopener\">Materiais<\/a><\/span><\/strong><\/p>\n<p><span style=\"color: #0000ff;\"><strong><a style=\"color: #0000ff;\" href=\"https:\/\/www.youtube.com\/@PEM-FMA\" target=\"_blank\" rel=\"noopener\">V\u00eddeo<\/a><\/strong><\/span><\/p>\n","protected":false},"excerpt":{"rendered":"<p>Roma (It\u00e1lia). No domingo, 22 de mar\u00e7o de 2026, realizou-se o segundo encontro da Peregrina\u00e7\u00e3o online do Projeto de Espiritualidade Mission\u00e1ria (PEM), realizado pelo \u00c2mbito das Miss\u00f5es do Instituto das [&hellip;]<\/p>\n","protected":false},"author":21,"featured_media":155147,"comment_status":"open","ping_status":"closed","sticky":false,"template":"","format":"standard","meta":{"footnotes":""},"categories":[2471,159],"tags":[1666,1930,2454,2463],"class_list":["post-155152","post","type-post","status-publish","format-standard","has-post-thumbnail","category-150-missao-fma","category-ifma-pt-pt","tag-carisma-salesiano-pt-pt","tag-focus-pt-pt","tag-missionarieta-pt-pt","tag-150-missoes-das-fma"],"yoast_head":"<!-- This site is optimized with the Yoast SEO plugin v27.4 - https:\/\/yoast.com\/product\/yoast-seo-wordpress\/ -->\n<title>2\u00ba encontro da Peregrina\u00e7\u00e3o online PEM: olhar amplo \u2013 a vis\u00e3o &#8226; Istituto Figlie di Maria Ausiliatrice<\/title>\n<meta name=\"description\" content=\"No dia 22 de mar\u00e7o de 2026 realizou-se o 2\u00ba encontro da Peregrina\u00e7\u00e3o online PEM rumo ao 150\u00ba anivers\u00e1rio da 1\u00aa Expedi\u00e7\u00e3o Mission\u00e1ria.\" \/>\n<meta name=\"robots\" content=\"index, follow, max-snippet:-1, max-image-preview:large, max-video-preview:-1\" \/>\n<link rel=\"canonical\" href=\"https:\/\/www.cgfmanet.org\/pt-pt\/ifma-pt-pt\/150-missao-fma\/2o-encontro-da-peregrinacao-online-pem-olhar-amplo-a-visao\/\" \/>\n<meta property=\"og:locale\" content=\"pt_PT\" \/>\n<meta property=\"og:type\" content=\"article\" \/>\n<meta property=\"og:title\" content=\"2\u00ba encontro da Peregrina\u00e7\u00e3o online PEM: olhar amplo \u2013 a vis\u00e3o &#8226; Istituto Figlie di Maria Ausiliatrice\" \/>\n<meta property=\"og:description\" content=\"No dia 22 de mar\u00e7o de 2026 realizou-se o 2\u00ba encontro da Peregrina\u00e7\u00e3o online PEM rumo ao 150\u00ba anivers\u00e1rio da 1\u00aa Expedi\u00e7\u00e3o Mission\u00e1ria.\" \/>\n<meta property=\"og:url\" content=\"https:\/\/www.cgfmanet.org\/pt-pt\/ifma-pt-pt\/150-missao-fma\/2o-encontro-da-peregrinacao-online-pem-olhar-amplo-a-visao\/\" \/>\n<meta property=\"og:site_name\" content=\"Istituto Figlie di Maria Ausiliatrice\" \/>\n<meta property=\"article:publisher\" content=\"https:\/\/www.facebook.com\/salesian.sisters.of.don.bosco\/\" \/>\n<meta property=\"article:published_time\" content=\"2026-03-23T08:50:15+00:00\" \/>\n<meta property=\"article:modified_time\" content=\"2026-03-25T22:45:55+00:00\" \/>\n<meta property=\"og:image\" content=\"https:\/\/www.cgfmanet.org\/wp-content\/uploads\/2026\/03\/2-incontro_PEM-online-2026.jpg\" \/>\n\t<meta property=\"og:image:width\" content=\"1200\" \/>\n\t<meta property=\"og:image:height\" content=\"800\" \/>\n\t<meta property=\"og:image:type\" content=\"image\/jpeg\" \/>\n<meta name=\"author\" content=\"Redazione\" \/>\n<meta name=\"twitter:card\" content=\"summary_large_image\" \/>\n<meta name=\"twitter:creator\" content=\"@Cgfmanet_Org\" \/>\n<meta name=\"twitter:site\" content=\"@Cgfmanet_Org\" \/>\n<meta name=\"twitter:label1\" content=\"Escrito por\" \/>\n\t<meta name=\"twitter:data1\" content=\"Redazione\" \/>\n\t<meta name=\"twitter:label2\" content=\"Tempo estimado de leitura\" \/>\n\t<meta name=\"twitter:data2\" content=\"4 minutos\" \/>\n<script type=\"application\/ld+json\" class=\"yoast-schema-graph\">{\"@context\":\"https:\\\/\\\/schema.org\",\"@graph\":[{\"@type\":\"Article\",\"@id\":\"https:\\\/\\\/www.cgfmanet.org\\\/pt-pt\\\/ifma-pt-pt\\\/150-missao-fma\\\/2o-encontro-da-peregrinacao-online-pem-olhar-amplo-a-visao\\\/#article\",\"isPartOf\":{\"@id\":\"https:\\\/\\\/www.cgfmanet.org\\\/pt-pt\\\/ifma-pt-pt\\\/150-missao-fma\\\/2o-encontro-da-peregrinacao-online-pem-olhar-amplo-a-visao\\\/\"},\"author\":{\"name\":\"Redazione\",\"@id\":\"https:\\\/\\\/www.cgfmanet.org\\\/es\\\/#\\\/schema\\\/person\\\/ce6473083f53ef0ef882cca23f0c8fb9\"},\"headline\":\"2\u00ba encontro da Peregrina\u00e7\u00e3o online PEM: olhar amplo \u2013 a vis\u00e3o\",\"datePublished\":\"2026-03-23T08:50:15+00:00\",\"dateModified\":\"2026-03-25T22:45:55+00:00\",\"mainEntityOfPage\":{\"@id\":\"https:\\\/\\\/www.cgfmanet.org\\\/pt-pt\\\/ifma-pt-pt\\\/150-missao-fma\\\/2o-encontro-da-peregrinacao-online-pem-olhar-amplo-a-visao\\\/\"},\"wordCount\":716,\"commentCount\":2,\"publisher\":{\"@id\":\"https:\\\/\\\/www.cgfmanet.org\\\/es\\\/#organization\"},\"image\":{\"@id\":\"https:\\\/\\\/www.cgfmanet.org\\\/pt-pt\\\/ifma-pt-pt\\\/150-missao-fma\\\/2o-encontro-da-peregrinacao-online-pem-olhar-amplo-a-visao\\\/#primaryimage\"},\"thumbnailUrl\":\"https:\\\/\\\/www.cgfmanet.org\\\/wp-content\\\/uploads\\\/2026\\\/03\\\/2-incontro_PEM-online-2026.jpg\",\"keywords\":[\"Carisma salesiano\",\"Focus\",\"Missionariet\u00e0\",\"150\u00b0 Miss\u00f5es das FMA\"],\"articleSection\":[\"150 Miss\u00e3o FMA\",\"IFMA\"],\"inLanguage\":\"pt-PT\",\"potentialAction\":[{\"@type\":\"CommentAction\",\"name\":\"Comment\",\"target\":[\"https:\\\/\\\/www.cgfmanet.org\\\/pt-pt\\\/ifma-pt-pt\\\/150-missao-fma\\\/2o-encontro-da-peregrinacao-online-pem-olhar-amplo-a-visao\\\/#respond\"]}]},{\"@type\":\"WebPage\",\"@id\":\"https:\\\/\\\/www.cgfmanet.org\\\/pt-pt\\\/ifma-pt-pt\\\/150-missao-fma\\\/2o-encontro-da-peregrinacao-online-pem-olhar-amplo-a-visao\\\/\",\"url\":\"https:\\\/\\\/www.cgfmanet.org\\\/pt-pt\\\/ifma-pt-pt\\\/150-missao-fma\\\/2o-encontro-da-peregrinacao-online-pem-olhar-amplo-a-visao\\\/\",\"name\":\"2\u00ba encontro da Peregrina\u00e7\u00e3o online PEM: olhar amplo \u2013 a vis\u00e3o &#8226; Istituto Figlie di Maria Ausiliatrice\",\"isPartOf\":{\"@id\":\"https:\\\/\\\/www.cgfmanet.org\\\/es\\\/#website\"},\"primaryImageOfPage\":{\"@id\":\"https:\\\/\\\/www.cgfmanet.org\\\/pt-pt\\\/ifma-pt-pt\\\/150-missao-fma\\\/2o-encontro-da-peregrinacao-online-pem-olhar-amplo-a-visao\\\/#primaryimage\"},\"image\":{\"@id\":\"https:\\\/\\\/www.cgfmanet.org\\\/pt-pt\\\/ifma-pt-pt\\\/150-missao-fma\\\/2o-encontro-da-peregrinacao-online-pem-olhar-amplo-a-visao\\\/#primaryimage\"},\"thumbnailUrl\":\"https:\\\/\\\/www.cgfmanet.org\\\/wp-content\\\/uploads\\\/2026\\\/03\\\/2-incontro_PEM-online-2026.jpg\",\"datePublished\":\"2026-03-23T08:50:15+00:00\",\"dateModified\":\"2026-03-25T22:45:55+00:00\",\"description\":\"No dia 22 de mar\u00e7o de 2026 realizou-se o 2\u00ba encontro da Peregrina\u00e7\u00e3o online PEM rumo ao 150\u00ba anivers\u00e1rio da 1\u00aa Expedi\u00e7\u00e3o Mission\u00e1ria.\",\"breadcrumb\":{\"@id\":\"https:\\\/\\\/www.cgfmanet.org\\\/pt-pt\\\/ifma-pt-pt\\\/150-missao-fma\\\/2o-encontro-da-peregrinacao-online-pem-olhar-amplo-a-visao\\\/#breadcrumb\"},\"inLanguage\":\"pt-PT\",\"potentialAction\":[{\"@type\":\"ReadAction\",\"target\":[\"https:\\\/\\\/www.cgfmanet.org\\\/pt-pt\\\/ifma-pt-pt\\\/150-missao-fma\\\/2o-encontro-da-peregrinacao-online-pem-olhar-amplo-a-visao\\\/\"]}]},{\"@type\":\"ImageObject\",\"inLanguage\":\"pt-PT\",\"@id\":\"https:\\\/\\\/www.cgfmanet.org\\\/pt-pt\\\/ifma-pt-pt\\\/150-missao-fma\\\/2o-encontro-da-peregrinacao-online-pem-olhar-amplo-a-visao\\\/#primaryimage\",\"url\":\"https:\\\/\\\/www.cgfmanet.org\\\/wp-content\\\/uploads\\\/2026\\\/03\\\/2-incontro_PEM-online-2026.jpg\",\"contentUrl\":\"https:\\\/\\\/www.cgfmanet.org\\\/wp-content\\\/uploads\\\/2026\\\/03\\\/2-incontro_PEM-online-2026.jpg\",\"width\":1200,\"height\":800},{\"@type\":\"BreadcrumbList\",\"@id\":\"https:\\\/\\\/www.cgfmanet.org\\\/pt-pt\\\/ifma-pt-pt\\\/150-missao-fma\\\/2o-encontro-da-peregrinacao-online-pem-olhar-amplo-a-visao\\\/#breadcrumb\",\"itemListElement\":[{\"@type\":\"ListItem\",\"position\":1,\"name\":\"Home\",\"item\":\"https:\\\/\\\/www.cgfmanet.org\\\/pt-pt\\\/\"},{\"@type\":\"ListItem\",\"position\":2,\"name\":\"2\u00ba encontro da Peregrina\u00e7\u00e3o online PEM: olhar amplo \u2013 a vis\u00e3o\"}]},{\"@type\":\"WebSite\",\"@id\":\"https:\\\/\\\/www.cgfmanet.org\\\/es\\\/#website\",\"url\":\"https:\\\/\\\/www.cgfmanet.org\\\/es\\\/\",\"name\":\"Istituto Figlie di Maria Ausiliatrice\",\"description\":\"Salesiane di Don Bosco\",\"publisher\":{\"@id\":\"https:\\\/\\\/www.cgfmanet.org\\\/es\\\/#organization\"},\"potentialAction\":[{\"@type\":\"SearchAction\",\"target\":{\"@type\":\"EntryPoint\",\"urlTemplate\":\"https:\\\/\\\/www.cgfmanet.org\\\/es\\\/?s={search_term_string}\"},\"query-input\":{\"@type\":\"PropertyValueSpecification\",\"valueRequired\":true,\"valueName\":\"search_term_string\"}}],\"inLanguage\":\"pt-PT\"},{\"@type\":\"Organization\",\"@id\":\"https:\\\/\\\/www.cgfmanet.org\\\/es\\\/#organization\",\"name\":\"Istituto Figlie di Maria Ausiliatrice\",\"url\":\"https:\\\/\\\/www.cgfmanet.org\\\/es\\\/\",\"logo\":{\"@type\":\"ImageObject\",\"inLanguage\":\"pt-PT\",\"@id\":\"https:\\\/\\\/www.cgfmanet.org\\\/es\\\/#\\\/schema\\\/logo\\\/image\\\/\",\"url\":\"https:\\\/\\\/www.cgfmanet.org\\\/wp-content\\\/uploads\\\/2018\\\/10\\\/logo-fma.png\",\"contentUrl\":\"https:\\\/\\\/www.cgfmanet.org\\\/wp-content\\\/uploads\\\/2018\\\/10\\\/logo-fma.png\",\"width\":214,\"height\":55,\"caption\":\"Istituto Figlie di Maria Ausiliatrice\"},\"image\":{\"@id\":\"https:\\\/\\\/www.cgfmanet.org\\\/es\\\/#\\\/schema\\\/logo\\\/image\\\/\"},\"sameAs\":[\"https:\\\/\\\/www.facebook.com\\\/salesian.sisters.of.don.bosco\\\/\",\"https:\\\/\\\/x.com\\\/Cgfmanet_Org\",\"https:\\\/\\\/www.youtube.com\\\/channel\\\/UCmcr8yFQBV7JXeXVxyV9y5Q\"]},{\"@type\":\"Person\",\"@id\":\"https:\\\/\\\/www.cgfmanet.org\\\/es\\\/#\\\/schema\\\/person\\\/ce6473083f53ef0ef882cca23f0c8fb9\",\"name\":\"Redazione\"}]}<\/script>\n<!-- \/ Yoast SEO plugin. -->","yoast_head_json":{"title":"2\u00ba encontro da Peregrina\u00e7\u00e3o online PEM: olhar amplo \u2013 a vis\u00e3o &#8226; Istituto Figlie di Maria Ausiliatrice","description":"No dia 22 de mar\u00e7o de 2026 realizou-se o 2\u00ba encontro da Peregrina\u00e7\u00e3o online PEM rumo ao 150\u00ba anivers\u00e1rio da 1\u00aa Expedi\u00e7\u00e3o Mission\u00e1ria.","robots":{"index":"index","follow":"follow","max-snippet":"max-snippet:-1","max-image-preview":"max-image-preview:large","max-video-preview":"max-video-preview:-1"},"canonical":"https:\/\/www.cgfmanet.org\/pt-pt\/ifma-pt-pt\/150-missao-fma\/2o-encontro-da-peregrinacao-online-pem-olhar-amplo-a-visao\/","og_locale":"pt_PT","og_type":"article","og_title":"2\u00ba encontro da Peregrina\u00e7\u00e3o online PEM: olhar amplo \u2013 a vis\u00e3o &#8226; Istituto Figlie di Maria Ausiliatrice","og_description":"No dia 22 de mar\u00e7o de 2026 realizou-se o 2\u00ba encontro da Peregrina\u00e7\u00e3o online PEM rumo ao 150\u00ba anivers\u00e1rio da 1\u00aa Expedi\u00e7\u00e3o Mission\u00e1ria.","og_url":"https:\/\/www.cgfmanet.org\/pt-pt\/ifma-pt-pt\/150-missao-fma\/2o-encontro-da-peregrinacao-online-pem-olhar-amplo-a-visao\/","og_site_name":"Istituto Figlie di Maria Ausiliatrice","article_publisher":"https:\/\/www.facebook.com\/salesian.sisters.of.don.bosco\/","article_published_time":"2026-03-23T08:50:15+00:00","article_modified_time":"2026-03-25T22:45:55+00:00","og_image":[{"width":1200,"height":800,"url":"https:\/\/www.cgfmanet.org\/wp-content\/uploads\/2026\/03\/2-incontro_PEM-online-2026.jpg","type":"image\/jpeg"}],"author":"Redazione","twitter_card":"summary_large_image","twitter_creator":"@Cgfmanet_Org","twitter_site":"@Cgfmanet_Org","twitter_misc":{"Escrito por":"Redazione","Tempo estimado de leitura":"4 minutos"},"schema":{"@context":"https:\/\/schema.org","@graph":[{"@type":"Article","@id":"https:\/\/www.cgfmanet.org\/pt-pt\/ifma-pt-pt\/150-missao-fma\/2o-encontro-da-peregrinacao-online-pem-olhar-amplo-a-visao\/#article","isPartOf":{"@id":"https:\/\/www.cgfmanet.org\/pt-pt\/ifma-pt-pt\/150-missao-fma\/2o-encontro-da-peregrinacao-online-pem-olhar-amplo-a-visao\/"},"author":{"name":"Redazione","@id":"https:\/\/www.cgfmanet.org\/es\/#\/schema\/person\/ce6473083f53ef0ef882cca23f0c8fb9"},"headline":"2\u00ba encontro da Peregrina\u00e7\u00e3o online PEM: olhar amplo \u2013 a vis\u00e3o","datePublished":"2026-03-23T08:50:15+00:00","dateModified":"2026-03-25T22:45:55+00:00","mainEntityOfPage":{"@id":"https:\/\/www.cgfmanet.org\/pt-pt\/ifma-pt-pt\/150-missao-fma\/2o-encontro-da-peregrinacao-online-pem-olhar-amplo-a-visao\/"},"wordCount":716,"commentCount":2,"publisher":{"@id":"https:\/\/www.cgfmanet.org\/es\/#organization"},"image":{"@id":"https:\/\/www.cgfmanet.org\/pt-pt\/ifma-pt-pt\/150-missao-fma\/2o-encontro-da-peregrinacao-online-pem-olhar-amplo-a-visao\/#primaryimage"},"thumbnailUrl":"https:\/\/www.cgfmanet.org\/wp-content\/uploads\/2026\/03\/2-incontro_PEM-online-2026.jpg","keywords":["Carisma salesiano","Focus","Missionariet\u00e0","150\u00b0 Miss\u00f5es das FMA"],"articleSection":["150 Miss\u00e3o FMA","IFMA"],"inLanguage":"pt-PT","potentialAction":[{"@type":"CommentAction","name":"Comment","target":["https:\/\/www.cgfmanet.org\/pt-pt\/ifma-pt-pt\/150-missao-fma\/2o-encontro-da-peregrinacao-online-pem-olhar-amplo-a-visao\/#respond"]}]},{"@type":"WebPage","@id":"https:\/\/www.cgfmanet.org\/pt-pt\/ifma-pt-pt\/150-missao-fma\/2o-encontro-da-peregrinacao-online-pem-olhar-amplo-a-visao\/","url":"https:\/\/www.cgfmanet.org\/pt-pt\/ifma-pt-pt\/150-missao-fma\/2o-encontro-da-peregrinacao-online-pem-olhar-amplo-a-visao\/","name":"2\u00ba encontro da Peregrina\u00e7\u00e3o online PEM: olhar amplo \u2013 a vis\u00e3o &#8226; Istituto Figlie di Maria Ausiliatrice","isPartOf":{"@id":"https:\/\/www.cgfmanet.org\/es\/#website"},"primaryImageOfPage":{"@id":"https:\/\/www.cgfmanet.org\/pt-pt\/ifma-pt-pt\/150-missao-fma\/2o-encontro-da-peregrinacao-online-pem-olhar-amplo-a-visao\/#primaryimage"},"image":{"@id":"https:\/\/www.cgfmanet.org\/pt-pt\/ifma-pt-pt\/150-missao-fma\/2o-encontro-da-peregrinacao-online-pem-olhar-amplo-a-visao\/#primaryimage"},"thumbnailUrl":"https:\/\/www.cgfmanet.org\/wp-content\/uploads\/2026\/03\/2-incontro_PEM-online-2026.jpg","datePublished":"2026-03-23T08:50:15+00:00","dateModified":"2026-03-25T22:45:55+00:00","description":"No dia 22 de mar\u00e7o de 2026 realizou-se o 2\u00ba encontro da Peregrina\u00e7\u00e3o online PEM rumo ao 150\u00ba anivers\u00e1rio da 1\u00aa Expedi\u00e7\u00e3o Mission\u00e1ria.","breadcrumb":{"@id":"https:\/\/www.cgfmanet.org\/pt-pt\/ifma-pt-pt\/150-missao-fma\/2o-encontro-da-peregrinacao-online-pem-olhar-amplo-a-visao\/#breadcrumb"},"inLanguage":"pt-PT","potentialAction":[{"@type":"ReadAction","target":["https:\/\/www.cgfmanet.org\/pt-pt\/ifma-pt-pt\/150-missao-fma\/2o-encontro-da-peregrinacao-online-pem-olhar-amplo-a-visao\/"]}]},{"@type":"ImageObject","inLanguage":"pt-PT","@id":"https:\/\/www.cgfmanet.org\/pt-pt\/ifma-pt-pt\/150-missao-fma\/2o-encontro-da-peregrinacao-online-pem-olhar-amplo-a-visao\/#primaryimage","url":"https:\/\/www.cgfmanet.org\/wp-content\/uploads\/2026\/03\/2-incontro_PEM-online-2026.jpg","contentUrl":"https:\/\/www.cgfmanet.org\/wp-content\/uploads\/2026\/03\/2-incontro_PEM-online-2026.jpg","width":1200,"height":800},{"@type":"BreadcrumbList","@id":"https:\/\/www.cgfmanet.org\/pt-pt\/ifma-pt-pt\/150-missao-fma\/2o-encontro-da-peregrinacao-online-pem-olhar-amplo-a-visao\/#breadcrumb","itemListElement":[{"@type":"ListItem","position":1,"name":"Home","item":"https:\/\/www.cgfmanet.org\/pt-pt\/"},{"@type":"ListItem","position":2,"name":"2\u00ba encontro da Peregrina\u00e7\u00e3o online PEM: olhar amplo \u2013 a vis\u00e3o"}]},{"@type":"WebSite","@id":"https:\/\/www.cgfmanet.org\/es\/#website","url":"https:\/\/www.cgfmanet.org\/es\/","name":"Istituto Figlie di Maria Ausiliatrice","description":"Salesiane di Don Bosco","publisher":{"@id":"https:\/\/www.cgfmanet.org\/es\/#organization"},"potentialAction":[{"@type":"SearchAction","target":{"@type":"EntryPoint","urlTemplate":"https:\/\/www.cgfmanet.org\/es\/?s={search_term_string}"},"query-input":{"@type":"PropertyValueSpecification","valueRequired":true,"valueName":"search_term_string"}}],"inLanguage":"pt-PT"},{"@type":"Organization","@id":"https:\/\/www.cgfmanet.org\/es\/#organization","name":"Istituto Figlie di Maria Ausiliatrice","url":"https:\/\/www.cgfmanet.org\/es\/","logo":{"@type":"ImageObject","inLanguage":"pt-PT","@id":"https:\/\/www.cgfmanet.org\/es\/#\/schema\/logo\/image\/","url":"https:\/\/www.cgfmanet.org\/wp-content\/uploads\/2018\/10\/logo-fma.png","contentUrl":"https:\/\/www.cgfmanet.org\/wp-content\/uploads\/2018\/10\/logo-fma.png","width":214,"height":55,"caption":"Istituto Figlie di Maria Ausiliatrice"},"image":{"@id":"https:\/\/www.cgfmanet.org\/es\/#\/schema\/logo\/image\/"},"sameAs":["https:\/\/www.facebook.com\/salesian.sisters.of.don.bosco\/","https:\/\/x.com\/Cgfmanet_Org","https:\/\/www.youtube.com\/channel\/UCmcr8yFQBV7JXeXVxyV9y5Q"]},{"@type":"Person","@id":"https:\/\/www.cgfmanet.org\/es\/#\/schema\/person\/ce6473083f53ef0ef882cca23f0c8fb9","name":"Redazione"}]}},"_links":{"self":[{"href":"https:\/\/www.cgfmanet.org\/pt-pt\/wp-json\/wp\/v2\/posts\/155152","targetHints":{"allow":["GET"]}}],"collection":[{"href":"https:\/\/www.cgfmanet.org\/pt-pt\/wp-json\/wp\/v2\/posts"}],"about":[{"href":"https:\/\/www.cgfmanet.org\/pt-pt\/wp-json\/wp\/v2\/types\/post"}],"author":[{"embeddable":true,"href":"https:\/\/www.cgfmanet.org\/pt-pt\/wp-json\/wp\/v2\/users\/21"}],"replies":[{"embeddable":true,"href":"https:\/\/www.cgfmanet.org\/pt-pt\/wp-json\/wp\/v2\/comments?post=155152"}],"version-history":[{"count":3,"href":"https:\/\/www.cgfmanet.org\/pt-pt\/wp-json\/wp\/v2\/posts\/155152\/revisions"}],"predecessor-version":[{"id":155186,"href":"https:\/\/www.cgfmanet.org\/pt-pt\/wp-json\/wp\/v2\/posts\/155152\/revisions\/155186"}],"wp:featuredmedia":[{"embeddable":true,"href":"https:\/\/www.cgfmanet.org\/pt-pt\/wp-json\/wp\/v2\/media\/155147"}],"wp:attachment":[{"href":"https:\/\/www.cgfmanet.org\/pt-pt\/wp-json\/wp\/v2\/media?parent=155152"}],"wp:term":[{"taxonomy":"category","embeddable":true,"href":"https:\/\/www.cgfmanet.org\/pt-pt\/wp-json\/wp\/v2\/categories?post=155152"},{"taxonomy":"post_tag","embeddable":true,"href":"https:\/\/www.cgfmanet.org\/pt-pt\/wp-json\/wp\/v2\/tags?post=155152"}],"curies":[{"name":"wp","href":"https:\/\/api.w.org\/{rel}","templated":true}]}}