{"id":154720,"date":"2026-03-11T22:22:12","date_gmt":"2026-03-11T21:22:12","guid":{"rendered":"https:\/\/www.cgfmanet.org\/infosfera-pt-pt\/visita-di-madre-chiara-cazzuola-allispettoria-bre\/"},"modified":"2026-03-14T16:47:44","modified_gmt":"2026-03-14T15:47:44","slug":"visita-de-madre-chiara-cazzuola-a-inspetoria-bre","status":"publish","type":"post","link":"https:\/\/www.cgfmanet.org\/pt-pt\/ifma-pt-pt\/visita-de-madre-chiara-cazzuola-a-inspetoria-bre\/","title":{"rendered":"Visita de Madre Chiara Cazzuola \u00e0 Inspetoria BRE"},"content":{"rendered":"<p><strong>Recife (Brasil). <\/strong>Nos dias 22 de fevereiro a 8 de mar\u00e7o de 2026, Madre Chiara Cazzuola, Superiora Geral do Instituto das Filhas de Maria Auxiliadora, realizou uma visita \u00e0 Inspetoria <em>Maria Auxiliadora<\/em> (BRE), que celebra o Centen\u00e1rio da presen\u00e7a das FMA no Nordeste do Brasil. Durante o per\u00edodo, percorreu comunidades em Pernambuco, Bahia e Cear\u00e1.<\/p>\n<p>No dia 22 de fevereiro, foi recebida com grande alegria em Recife pela Inspetora, Irm\u00e3 Maria Am\u00e9rico Rolim, pelas Conselheiras inspetoriais, pelas Irm\u00e3s, pelos jovens e pelos membros da Fam\u00edlia Salesiana. Na manh\u00e3 do primeiro dia, participou da Celebra\u00e7\u00e3o Eucar\u00edstica na \u201c<strong>Igreja das Fronteiras\u201d<\/strong> e, em seguida, visitou o \u201c<strong>Memorial Dom H\u00e9lder C\u00e2mara\u201d<\/strong>, marco de um itiner\u00e1rio de espiritualidade, mem\u00f3ria e compromisso com a miss\u00e3o e evangelizadora, no Nordeste.<\/p>\n<p>Na sequ\u00eancia, Madre Chiara seguiu para <strong>Petrolina (PE)<\/strong><strong>,<\/strong> onde foi calorosamente recebida pelas Irm\u00e3s, por representantes da comunidade educativa e da Fam\u00edlia Salesiana, ao som da m\u00fasica nordestina, apresentada pela orquestra do <strong>CEMAM <\/strong>(Centro Maria Auxiliadora Pr\u00f3 Menor), conduzida pelas Filhas\u00a0 Maria Auxiliadora.<\/p>\n<p>A passagem por Petrolina foi marcada pela <strong>celebra\u00e7\u00e3o dos 100 anos da chegada das primeiras Irm\u00e3s na cidade, com a funda\u00e7\u00e3o do Col\u00e9gio Maria Auxiliadora, denominado \u201cCatedral da Educa\u00e7\u00e3o\u201d pelo primeiro Bispo (salesiano), Dom Ant\u00f4nia Maria Malan. O evento reuniu irm\u00e3s de todas as casas da Inspetoria,<\/strong> comunidades educativas, jovens, representantes da Fam\u00edlia Salesiana, benfeitores e amigos.<\/p>\n<p>Entre as muitas atividades celebrativas, destacamos <strong>o plantio do<\/strong> <strong>jequitib\u00e1, pela Madre, as crian\u00e7as da Educa\u00e7\u00e3o Infantil<\/strong> e as Irm\u00e3s das diversas comunidades do Nordeste, que levaram uma por\u00e7\u00e3o de terra dos lugares de onde vieram. Estas terras se uniram na planta\u00e7\u00e3o do jequitib\u00e1 &#8211; s\u00edmbolo de resist\u00eancia e longevidade \u2013 sinal de esperan\u00e7a e continuidade da miss\u00e3o educativa que se abre ao segundo centen\u00e1rio, que est\u00e1 por vir.<\/p>\n<p>A Madre participou ativamente de todos os momentos do intenso programa de celebra\u00e7\u00e3o do centen\u00e1rio, incluindo momentos formativos para as irm\u00e3s, conselho inspetorial, diretoras e os jovens da regi\u00e3o, favorecendo o di\u00e1logo, a escuta e a partilha dos desafios e esperan\u00e7as das comunidades\/FMA e da miss\u00e3o educativo-pastoral, nos diferentes campos de miss\u00e3o da Inspetoria.<\/p>\n<p>Al\u00e9m do Col\u00e9gio Maria Auxiliadora, a Madre visitou a obra social CEMAN e a comunidade inserida, das FMA, de Juazeiro (BA), momento em que p\u00f4de conhecer um pouco da realidade da miss\u00e3o, desafiadora mas gratificante, no meio popular. Ali visitou uma das 27 comunidades rurais acompanhadas pelas irm\u00e3s, percebendo claramente o protagonismo dos leigos e dos jovens na miss\u00e3o evangelizadora.<\/p>\n<p>A agenda incluiu ainda momentos de conviv\u00eancia com as irm\u00e3s e os diversos grupos da <strong>Fam\u00edlia Salesiana<\/strong>, em um encontro fraterno, realizado em <strong>uma embarca\u00e7\u00e3o que navegou pelas \u00e1guas do<\/strong> <strong>Rio S\u00e3o Francisco<\/strong>, dando a oportunidade de conhecer uma das vin\u00edcolas da regi\u00e3o.<\/p>\n<p>A segunda etapa do seu itiner\u00e1rio foi em <strong>Juazeiro do Norte (CE)<\/strong><strong>,<\/strong> onde a Madre conheceu os lugares de peregrina\u00e7\u00e3o daquela obra dos SDB, a come\u00e7ar do <strong>Santu\u00e1rio do Bom Jesus do Horto<\/strong>, lugar significativo de f\u00e9 e devo\u00e7\u00e3o popular, trabalho iniciado pelo Servo de Deus, o <strong>Padre C\u00edcero Rom\u00e3o Batista<\/strong>, que deixou um legado de f\u00e9 e de evangeliza\u00e7\u00e3o ao povo daquela regi\u00e3o. Os Salesianos de Dom Bosco acolheram a Madre com muita fraternidade e expressaram profunda gratid\u00e3o pela sua visita \u2013 a primeira Madre Geral das FMA que vem a esta terra \u2013 reconhecendo nela a presen\u00e7a da pr\u00f3pria <strong>Madre Mazzarello<\/strong><strong>.<\/strong><\/p>\n<p>De volta a <strong>Recife (PE)<\/strong>, a Madre encontrou-se com colaboradores leigos da <strong>sede Inspetorial<\/strong> e com a comunidade religiosa <strong>Madre Rosetta Marchese, uma das casas de irm\u00e3s idosas da Inspetoria<\/strong><strong>.<\/strong> Momento marcante foi o encontro com os jovens da ODIP (Obra de Defesa da Inf\u00e2ncia Pobre) e das escolas de <strong>Gravat\u00e1<\/strong> e <strong>Recife<\/strong>. Encontrou-se tamb\u00e9m com as junioristas, inspirando sua fala na carta 43, escrita por Madre Mazzarello a Ir. Laura Rodr\u00edguez, em 9 de julho de 1880. Foi um tempo rico de escuta, reflex\u00e3o e partilha.<\/p>\n<p>A visita incluiu ainda momentos de fraternidade e celebra\u00e7\u00e3o com os <strong>Salesianos de Dom Bosco<\/strong> e os formandos, <strong>na<\/strong> <strong>Bas\u00edlica de Nossa Senhora Auxiliadora<\/strong><strong>, em<\/strong> <strong>Jaboat\u00e3o dos Guararapes (PE)<\/strong><strong>,<\/strong> fortalecendo os la\u00e7os de comunh\u00e3o entre os dois ramos da Fam\u00edlia Salesiana. Em sua fala, a Madre ressaltou:<br \/>\n<strong><em>\u201cN\u00e3o \u00e9 que um exclua o outro\u2026 Se lermos bem, tanto nas Mem\u00f3rias Biogr\u00e1ficas quanto na Cronist\u00f3ria, vemos a m\u00e3o de Deus nestas funda\u00e7\u00f5es, onde o carisma se expressa de maneira masculina e feminina. Um grupo n\u00e3o exclui o outro; pelo contr\u00e1rio, est\u00e3o unidos e se completam mutuamente\u201d.<\/em><\/strong><\/p>\n<p>A \u00faltima etapa da visita aconteceu em <strong>Fortaleza (CE)<\/strong><strong>,<\/strong> onde a Madre fez um encontro com as irm\u00e3s da <strong>Comunidade <em>Maria Teresa Ambrogio<\/em><\/strong><strong>.<\/strong> Ali dedicou tempo ao di\u00e1logo e \u00e0 escuta das irm\u00e3s, dirigiu uma palavra aos colaboradores leigos que atuam nesta casa, que concentra um n\u00famero significativo de FMA idosas e doentes. Madre Chiara visitou a obra social <strong>Centro Juvenil Dom Bosco, onde teve um encontro com as crian\u00e7as, adolescentes e educadores<\/strong><strong>.<\/strong><\/p>\n<p>Significativos foram os momentos vividos com a Fam\u00edlia Salesiana e <strong>o grande encontro com os jovens de sete unidades educativas (FMA e SDB), no<\/strong> <strong>Col\u00e9gio Juvenal de Carvalho<\/strong><strong>.<\/strong><\/p>\n<p>A visita foi conclu\u00edda com uma <strong>Celebra\u00e7\u00e3o Eucar\u00edstica marcada pelo profundo sentimento de gratid\u00e3o<\/strong>, durante a qual foram comemoradas as <strong>bodas de profiss\u00e3o religiosa de cinco irm\u00e3s <\/strong>e os <strong>85 anos de funda\u00e7\u00e3o da Inspetoria Maria Auxiliadora do Nordeste<\/strong><strong>,<\/strong> reunindo irm\u00e3s, fam\u00edlias, educadores, jovens e colaboradores, em esp\u00edrito de a\u00e7\u00e3o de gra\u00e7as pela fidelidade das irm\u00e3s e pela hist\u00f3ria da Inspetoria, constru\u00edda durante d\u00e9cadas.<\/p>\n<p>Ao longo de toda a visita, Madre Chiara incentivou as comunidades a continuarem vivendo o <strong>carisma salesiano com fidelidade, coragem e esperan\u00e7a<\/strong><strong>,<\/strong> recordando especialmente aos jovens que o testemunho das irm\u00e3s consagradas \u00e9 sinal de que <strong>\u201c\u00e9 poss\u00edvel ser fiel\u201d<\/strong><strong>.<\/strong><\/p>\n<p>A presen\u00e7a da Superiora Geral no Nordeste foi vivida como <strong>um tempo de gra\u00e7a, proximidade e renova\u00e7\u00e3o da vida consagrada e da miss\u00e3o<\/strong>, fortalecendo os v\u00ednculos de comunh\u00e3o e reafirmando o compromisso das <strong>Filhas de Maria Auxiliadora<\/strong> com a educa\u00e7\u00e3o e a evangeliza\u00e7\u00e3o das novas gera\u00e7\u00f5es.<\/p>\n<p><strong>Foto: <span style=\"color: #0000ff;\"><a style=\"color: #0000ff;\" href=\"https:\/\/www.flickr.com\/photos\/137890103@N08\/albums\/72177720332505689\" target=\"_blank\" rel=\"noopener\">Flickr FMA<\/a><\/span><\/strong><\/p>\n","protected":false},"excerpt":{"rendered":"<p>Recife (Brasil). Nos dias 22 de fevereiro a 8 de mar\u00e7o de 2026, Madre Chiara Cazzuola, Superiora Geral do Instituto das Filhas de Maria Auxiliadora, realizou uma visita \u00e0 Inspetoria [&hellip;]<\/p>\n","protected":false},"author":21,"featured_media":154714,"comment_status":"open","ping_status":"closed","sticky":false,"template":"","format":"standard","meta":{"footnotes":""},"categories":[159,187],"tags":[370,992,1339,1666,1930,2282,2378],"class_list":["post-154720","post","type-post","status-publish","format-standard","has-post-thumbnail","category-ifma-pt-pt","category-presenca-obras","tag-madre-geral","tag-bre-pt-pt","tag-brasil-pt-pt","tag-carisma-salesiano-pt-pt","tag-focus-pt-pt","tag-ifma-pt-pt","tag-madre-chiara-cazzuola-pt-pt"],"yoast_head":"<!-- This site is optimized with the Yoast SEO plugin v27.4 - https:\/\/yoast.com\/product\/yoast-seo-wordpress\/ -->\n<title>Visita de Madre Chiara Cazzuola \u00e0 Inspetoria BRE &#8226; Istituto Figlie di Maria Ausiliatrice<\/title>\n<meta name=\"description\" content=\"Nos dias 22 de fevereiro a 8 de mar\u00e7o de 2026, Madre Chiara Cazzuola visitou a Inspetoria \u201cMaria Auxiliadora\u201d (BRE) por ocasi\u00e3o do Centen\u00e1rio da presen\u00e7a das FMA no Nordeste do Brasil.\" \/>\n<meta name=\"robots\" content=\"index, follow, max-snippet:-1, max-image-preview:large, max-video-preview:-1\" \/>\n<link rel=\"canonical\" href=\"https:\/\/www.cgfmanet.org\/pt-pt\/ifma-pt-pt\/visita-de-madre-chiara-cazzuola-a-inspetoria-bre\/\" \/>\n<meta property=\"og:locale\" content=\"pt_PT\" \/>\n<meta property=\"og:type\" content=\"article\" \/>\n<meta property=\"og:title\" content=\"Visita de Madre Chiara Cazzuola \u00e0 Inspetoria BRE &#8226; Istituto Figlie di Maria Ausiliatrice\" \/>\n<meta property=\"og:description\" content=\"Nos dias 22 de fevereiro a 8 de mar\u00e7o de 2026, Madre Chiara Cazzuola visitou a Inspetoria \u201cMaria Auxiliadora\u201d (BRE) por ocasi\u00e3o do Centen\u00e1rio da presen\u00e7a das FMA no Nordeste do Brasil.\" \/>\n<meta property=\"og:url\" content=\"https:\/\/www.cgfmanet.org\/pt-pt\/ifma-pt-pt\/visita-de-madre-chiara-cazzuola-a-inspetoria-bre\/\" \/>\n<meta property=\"og:site_name\" content=\"Istituto Figlie di Maria Ausiliatrice\" \/>\n<meta property=\"article:publisher\" content=\"https:\/\/www.facebook.com\/salesian.sisters.of.don.bosco\/\" \/>\n<meta property=\"article:published_time\" content=\"2026-03-11T21:22:12+00:00\" \/>\n<meta property=\"article:modified_time\" content=\"2026-03-14T15:47:44+00:00\" \/>\n<meta property=\"og:image\" content=\"https:\/\/www.cgfmanet.org\/wp-content\/uploads\/2026\/03\/Visita-Madre_BRE.jpg\" \/>\n\t<meta property=\"og:image:width\" content=\"1181\" \/>\n\t<meta property=\"og:image:height\" content=\"787\" \/>\n\t<meta property=\"og:image:type\" content=\"image\/jpeg\" \/>\n<meta name=\"author\" content=\"Redazione\" \/>\n<meta name=\"twitter:card\" content=\"summary_large_image\" \/>\n<meta name=\"twitter:creator\" content=\"@Cgfmanet_Org\" \/>\n<meta name=\"twitter:site\" content=\"@Cgfmanet_Org\" \/>\n<meta name=\"twitter:label1\" content=\"Escrito por\" \/>\n\t<meta name=\"twitter:data1\" content=\"Redazione\" \/>\n\t<meta name=\"twitter:label2\" content=\"Tempo estimado de leitura\" \/>\n\t<meta name=\"twitter:data2\" content=\"6 minutos\" \/>\n<script type=\"application\/ld+json\" class=\"yoast-schema-graph\">{\"@context\":\"https:\\\/\\\/schema.org\",\"@graph\":[{\"@type\":\"Article\",\"@id\":\"https:\\\/\\\/www.cgfmanet.org\\\/pt-pt\\\/ifma-pt-pt\\\/visita-de-madre-chiara-cazzuola-a-inspetoria-bre\\\/#article\",\"isPartOf\":{\"@id\":\"https:\\\/\\\/www.cgfmanet.org\\\/pt-pt\\\/ifma-pt-pt\\\/visita-de-madre-chiara-cazzuola-a-inspetoria-bre\\\/\"},\"author\":{\"name\":\"Redazione\",\"@id\":\"https:\\\/\\\/www.cgfmanet.org\\\/es\\\/#\\\/schema\\\/person\\\/ce6473083f53ef0ef882cca23f0c8fb9\"},\"headline\":\"Visita de Madre Chiara Cazzuola \u00e0 Inspetoria BRE\",\"datePublished\":\"2026-03-11T21:22:12+00:00\",\"dateModified\":\"2026-03-14T15:47:44+00:00\",\"mainEntityOfPage\":{\"@id\":\"https:\\\/\\\/www.cgfmanet.org\\\/pt-pt\\\/ifma-pt-pt\\\/visita-de-madre-chiara-cazzuola-a-inspetoria-bre\\\/\"},\"wordCount\":1103,\"commentCount\":0,\"publisher\":{\"@id\":\"https:\\\/\\\/www.cgfmanet.org\\\/es\\\/#organization\"},\"image\":{\"@id\":\"https:\\\/\\\/www.cgfmanet.org\\\/pt-pt\\\/ifma-pt-pt\\\/visita-de-madre-chiara-cazzuola-a-inspetoria-bre\\\/#primaryimage\"},\"thumbnailUrl\":\"https:\\\/\\\/www.cgfmanet.org\\\/wp-content\\\/uploads\\\/2026\\\/03\\\/Visita-Madre_BRE.jpg\",\"keywords\":[\"Madre Geral\",\"BRE\",\"Brasil\",\"Carisma salesiano\",\"Focus\",\"IFMA\",\"Madre Chiara Cazzuola\"],\"articleSection\":[\"IFMA\",\"Presen\u00e7a e Obras\"],\"inLanguage\":\"pt-PT\",\"potentialAction\":[{\"@type\":\"CommentAction\",\"name\":\"Comment\",\"target\":[\"https:\\\/\\\/www.cgfmanet.org\\\/pt-pt\\\/ifma-pt-pt\\\/visita-de-madre-chiara-cazzuola-a-inspetoria-bre\\\/#respond\"]}]},{\"@type\":\"WebPage\",\"@id\":\"https:\\\/\\\/www.cgfmanet.org\\\/pt-pt\\\/ifma-pt-pt\\\/visita-de-madre-chiara-cazzuola-a-inspetoria-bre\\\/\",\"url\":\"https:\\\/\\\/www.cgfmanet.org\\\/pt-pt\\\/ifma-pt-pt\\\/visita-de-madre-chiara-cazzuola-a-inspetoria-bre\\\/\",\"name\":\"Visita de Madre Chiara Cazzuola \u00e0 Inspetoria BRE &#8226; Istituto Figlie di Maria Ausiliatrice\",\"isPartOf\":{\"@id\":\"https:\\\/\\\/www.cgfmanet.org\\\/es\\\/#website\"},\"primaryImageOfPage\":{\"@id\":\"https:\\\/\\\/www.cgfmanet.org\\\/pt-pt\\\/ifma-pt-pt\\\/visita-de-madre-chiara-cazzuola-a-inspetoria-bre\\\/#primaryimage\"},\"image\":{\"@id\":\"https:\\\/\\\/www.cgfmanet.org\\\/pt-pt\\\/ifma-pt-pt\\\/visita-de-madre-chiara-cazzuola-a-inspetoria-bre\\\/#primaryimage\"},\"thumbnailUrl\":\"https:\\\/\\\/www.cgfmanet.org\\\/wp-content\\\/uploads\\\/2026\\\/03\\\/Visita-Madre_BRE.jpg\",\"datePublished\":\"2026-03-11T21:22:12+00:00\",\"dateModified\":\"2026-03-14T15:47:44+00:00\",\"description\":\"Nos dias 22 de fevereiro a 8 de mar\u00e7o de 2026, Madre Chiara Cazzuola visitou a Inspetoria \u201cMaria Auxiliadora\u201d (BRE) por ocasi\u00e3o do Centen\u00e1rio da presen\u00e7a das FMA no Nordeste do Brasil.\",\"breadcrumb\":{\"@id\":\"https:\\\/\\\/www.cgfmanet.org\\\/pt-pt\\\/ifma-pt-pt\\\/visita-de-madre-chiara-cazzuola-a-inspetoria-bre\\\/#breadcrumb\"},\"inLanguage\":\"pt-PT\",\"potentialAction\":[{\"@type\":\"ReadAction\",\"target\":[\"https:\\\/\\\/www.cgfmanet.org\\\/pt-pt\\\/ifma-pt-pt\\\/visita-de-madre-chiara-cazzuola-a-inspetoria-bre\\\/\"]}]},{\"@type\":\"ImageObject\",\"inLanguage\":\"pt-PT\",\"@id\":\"https:\\\/\\\/www.cgfmanet.org\\\/pt-pt\\\/ifma-pt-pt\\\/visita-de-madre-chiara-cazzuola-a-inspetoria-bre\\\/#primaryimage\",\"url\":\"https:\\\/\\\/www.cgfmanet.org\\\/wp-content\\\/uploads\\\/2026\\\/03\\\/Visita-Madre_BRE.jpg\",\"contentUrl\":\"https:\\\/\\\/www.cgfmanet.org\\\/wp-content\\\/uploads\\\/2026\\\/03\\\/Visita-Madre_BRE.jpg\",\"width\":1181,\"height\":787},{\"@type\":\"BreadcrumbList\",\"@id\":\"https:\\\/\\\/www.cgfmanet.org\\\/pt-pt\\\/ifma-pt-pt\\\/visita-de-madre-chiara-cazzuola-a-inspetoria-bre\\\/#breadcrumb\",\"itemListElement\":[{\"@type\":\"ListItem\",\"position\":1,\"name\":\"Home\",\"item\":\"https:\\\/\\\/www.cgfmanet.org\\\/pt-pt\\\/\"},{\"@type\":\"ListItem\",\"position\":2,\"name\":\"Visita de Madre Chiara Cazzuola \u00e0 Inspetoria BRE\"}]},{\"@type\":\"WebSite\",\"@id\":\"https:\\\/\\\/www.cgfmanet.org\\\/es\\\/#website\",\"url\":\"https:\\\/\\\/www.cgfmanet.org\\\/es\\\/\",\"name\":\"Istituto Figlie di Maria Ausiliatrice\",\"description\":\"Salesiane di Don Bosco\",\"publisher\":{\"@id\":\"https:\\\/\\\/www.cgfmanet.org\\\/es\\\/#organization\"},\"potentialAction\":[{\"@type\":\"SearchAction\",\"target\":{\"@type\":\"EntryPoint\",\"urlTemplate\":\"https:\\\/\\\/www.cgfmanet.org\\\/es\\\/?s={search_term_string}\"},\"query-input\":{\"@type\":\"PropertyValueSpecification\",\"valueRequired\":true,\"valueName\":\"search_term_string\"}}],\"inLanguage\":\"pt-PT\"},{\"@type\":\"Organization\",\"@id\":\"https:\\\/\\\/www.cgfmanet.org\\\/es\\\/#organization\",\"name\":\"Istituto Figlie di Maria Ausiliatrice\",\"url\":\"https:\\\/\\\/www.cgfmanet.org\\\/es\\\/\",\"logo\":{\"@type\":\"ImageObject\",\"inLanguage\":\"pt-PT\",\"@id\":\"https:\\\/\\\/www.cgfmanet.org\\\/es\\\/#\\\/schema\\\/logo\\\/image\\\/\",\"url\":\"https:\\\/\\\/www.cgfmanet.org\\\/wp-content\\\/uploads\\\/2018\\\/10\\\/logo-fma.png\",\"contentUrl\":\"https:\\\/\\\/www.cgfmanet.org\\\/wp-content\\\/uploads\\\/2018\\\/10\\\/logo-fma.png\",\"width\":214,\"height\":55,\"caption\":\"Istituto Figlie di Maria Ausiliatrice\"},\"image\":{\"@id\":\"https:\\\/\\\/www.cgfmanet.org\\\/es\\\/#\\\/schema\\\/logo\\\/image\\\/\"},\"sameAs\":[\"https:\\\/\\\/www.facebook.com\\\/salesian.sisters.of.don.bosco\\\/\",\"https:\\\/\\\/x.com\\\/Cgfmanet_Org\",\"https:\\\/\\\/www.youtube.com\\\/channel\\\/UCmcr8yFQBV7JXeXVxyV9y5Q\"]},{\"@type\":\"Person\",\"@id\":\"https:\\\/\\\/www.cgfmanet.org\\\/es\\\/#\\\/schema\\\/person\\\/ce6473083f53ef0ef882cca23f0c8fb9\",\"name\":\"Redazione\"}]}<\/script>\n<!-- \/ Yoast SEO plugin. -->","yoast_head_json":{"title":"Visita de Madre Chiara Cazzuola \u00e0 Inspetoria BRE &#8226; Istituto Figlie di Maria Ausiliatrice","description":"Nos dias 22 de fevereiro a 8 de mar\u00e7o de 2026, Madre Chiara Cazzuola visitou a Inspetoria \u201cMaria Auxiliadora\u201d (BRE) por ocasi\u00e3o do Centen\u00e1rio da presen\u00e7a das FMA no Nordeste do Brasil.","robots":{"index":"index","follow":"follow","max-snippet":"max-snippet:-1","max-image-preview":"max-image-preview:large","max-video-preview":"max-video-preview:-1"},"canonical":"https:\/\/www.cgfmanet.org\/pt-pt\/ifma-pt-pt\/visita-de-madre-chiara-cazzuola-a-inspetoria-bre\/","og_locale":"pt_PT","og_type":"article","og_title":"Visita de Madre Chiara Cazzuola \u00e0 Inspetoria BRE &#8226; Istituto Figlie di Maria Ausiliatrice","og_description":"Nos dias 22 de fevereiro a 8 de mar\u00e7o de 2026, Madre Chiara Cazzuola visitou a Inspetoria \u201cMaria Auxiliadora\u201d (BRE) por ocasi\u00e3o do Centen\u00e1rio da presen\u00e7a das FMA no Nordeste do Brasil.","og_url":"https:\/\/www.cgfmanet.org\/pt-pt\/ifma-pt-pt\/visita-de-madre-chiara-cazzuola-a-inspetoria-bre\/","og_site_name":"Istituto Figlie di Maria Ausiliatrice","article_publisher":"https:\/\/www.facebook.com\/salesian.sisters.of.don.bosco\/","article_published_time":"2026-03-11T21:22:12+00:00","article_modified_time":"2026-03-14T15:47:44+00:00","og_image":[{"width":1181,"height":787,"url":"https:\/\/www.cgfmanet.org\/wp-content\/uploads\/2026\/03\/Visita-Madre_BRE.jpg","type":"image\/jpeg"}],"author":"Redazione","twitter_card":"summary_large_image","twitter_creator":"@Cgfmanet_Org","twitter_site":"@Cgfmanet_Org","twitter_misc":{"Escrito por":"Redazione","Tempo estimado de leitura":"6 minutos"},"schema":{"@context":"https:\/\/schema.org","@graph":[{"@type":"Article","@id":"https:\/\/www.cgfmanet.org\/pt-pt\/ifma-pt-pt\/visita-de-madre-chiara-cazzuola-a-inspetoria-bre\/#article","isPartOf":{"@id":"https:\/\/www.cgfmanet.org\/pt-pt\/ifma-pt-pt\/visita-de-madre-chiara-cazzuola-a-inspetoria-bre\/"},"author":{"name":"Redazione","@id":"https:\/\/www.cgfmanet.org\/es\/#\/schema\/person\/ce6473083f53ef0ef882cca23f0c8fb9"},"headline":"Visita de Madre Chiara Cazzuola \u00e0 Inspetoria BRE","datePublished":"2026-03-11T21:22:12+00:00","dateModified":"2026-03-14T15:47:44+00:00","mainEntityOfPage":{"@id":"https:\/\/www.cgfmanet.org\/pt-pt\/ifma-pt-pt\/visita-de-madre-chiara-cazzuola-a-inspetoria-bre\/"},"wordCount":1103,"commentCount":0,"publisher":{"@id":"https:\/\/www.cgfmanet.org\/es\/#organization"},"image":{"@id":"https:\/\/www.cgfmanet.org\/pt-pt\/ifma-pt-pt\/visita-de-madre-chiara-cazzuola-a-inspetoria-bre\/#primaryimage"},"thumbnailUrl":"https:\/\/www.cgfmanet.org\/wp-content\/uploads\/2026\/03\/Visita-Madre_BRE.jpg","keywords":["Madre Geral","BRE","Brasil","Carisma salesiano","Focus","IFMA","Madre Chiara Cazzuola"],"articleSection":["IFMA","Presen\u00e7a e Obras"],"inLanguage":"pt-PT","potentialAction":[{"@type":"CommentAction","name":"Comment","target":["https:\/\/www.cgfmanet.org\/pt-pt\/ifma-pt-pt\/visita-de-madre-chiara-cazzuola-a-inspetoria-bre\/#respond"]}]},{"@type":"WebPage","@id":"https:\/\/www.cgfmanet.org\/pt-pt\/ifma-pt-pt\/visita-de-madre-chiara-cazzuola-a-inspetoria-bre\/","url":"https:\/\/www.cgfmanet.org\/pt-pt\/ifma-pt-pt\/visita-de-madre-chiara-cazzuola-a-inspetoria-bre\/","name":"Visita de Madre Chiara Cazzuola \u00e0 Inspetoria BRE &#8226; Istituto Figlie di Maria Ausiliatrice","isPartOf":{"@id":"https:\/\/www.cgfmanet.org\/es\/#website"},"primaryImageOfPage":{"@id":"https:\/\/www.cgfmanet.org\/pt-pt\/ifma-pt-pt\/visita-de-madre-chiara-cazzuola-a-inspetoria-bre\/#primaryimage"},"image":{"@id":"https:\/\/www.cgfmanet.org\/pt-pt\/ifma-pt-pt\/visita-de-madre-chiara-cazzuola-a-inspetoria-bre\/#primaryimage"},"thumbnailUrl":"https:\/\/www.cgfmanet.org\/wp-content\/uploads\/2026\/03\/Visita-Madre_BRE.jpg","datePublished":"2026-03-11T21:22:12+00:00","dateModified":"2026-03-14T15:47:44+00:00","description":"Nos dias 22 de fevereiro a 8 de mar\u00e7o de 2026, Madre Chiara Cazzuola visitou a Inspetoria \u201cMaria Auxiliadora\u201d (BRE) por ocasi\u00e3o do Centen\u00e1rio da presen\u00e7a das FMA no Nordeste do Brasil.","breadcrumb":{"@id":"https:\/\/www.cgfmanet.org\/pt-pt\/ifma-pt-pt\/visita-de-madre-chiara-cazzuola-a-inspetoria-bre\/#breadcrumb"},"inLanguage":"pt-PT","potentialAction":[{"@type":"ReadAction","target":["https:\/\/www.cgfmanet.org\/pt-pt\/ifma-pt-pt\/visita-de-madre-chiara-cazzuola-a-inspetoria-bre\/"]}]},{"@type":"ImageObject","inLanguage":"pt-PT","@id":"https:\/\/www.cgfmanet.org\/pt-pt\/ifma-pt-pt\/visita-de-madre-chiara-cazzuola-a-inspetoria-bre\/#primaryimage","url":"https:\/\/www.cgfmanet.org\/wp-content\/uploads\/2026\/03\/Visita-Madre_BRE.jpg","contentUrl":"https:\/\/www.cgfmanet.org\/wp-content\/uploads\/2026\/03\/Visita-Madre_BRE.jpg","width":1181,"height":787},{"@type":"BreadcrumbList","@id":"https:\/\/www.cgfmanet.org\/pt-pt\/ifma-pt-pt\/visita-de-madre-chiara-cazzuola-a-inspetoria-bre\/#breadcrumb","itemListElement":[{"@type":"ListItem","position":1,"name":"Home","item":"https:\/\/www.cgfmanet.org\/pt-pt\/"},{"@type":"ListItem","position":2,"name":"Visita de Madre Chiara Cazzuola \u00e0 Inspetoria BRE"}]},{"@type":"WebSite","@id":"https:\/\/www.cgfmanet.org\/es\/#website","url":"https:\/\/www.cgfmanet.org\/es\/","name":"Istituto Figlie di Maria Ausiliatrice","description":"Salesiane di Don Bosco","publisher":{"@id":"https:\/\/www.cgfmanet.org\/es\/#organization"},"potentialAction":[{"@type":"SearchAction","target":{"@type":"EntryPoint","urlTemplate":"https:\/\/www.cgfmanet.org\/es\/?s={search_term_string}"},"query-input":{"@type":"PropertyValueSpecification","valueRequired":true,"valueName":"search_term_string"}}],"inLanguage":"pt-PT"},{"@type":"Organization","@id":"https:\/\/www.cgfmanet.org\/es\/#organization","name":"Istituto Figlie di Maria Ausiliatrice","url":"https:\/\/www.cgfmanet.org\/es\/","logo":{"@type":"ImageObject","inLanguage":"pt-PT","@id":"https:\/\/www.cgfmanet.org\/es\/#\/schema\/logo\/image\/","url":"https:\/\/www.cgfmanet.org\/wp-content\/uploads\/2018\/10\/logo-fma.png","contentUrl":"https:\/\/www.cgfmanet.org\/wp-content\/uploads\/2018\/10\/logo-fma.png","width":214,"height":55,"caption":"Istituto Figlie di Maria Ausiliatrice"},"image":{"@id":"https:\/\/www.cgfmanet.org\/es\/#\/schema\/logo\/image\/"},"sameAs":["https:\/\/www.facebook.com\/salesian.sisters.of.don.bosco\/","https:\/\/x.com\/Cgfmanet_Org","https:\/\/www.youtube.com\/channel\/UCmcr8yFQBV7JXeXVxyV9y5Q"]},{"@type":"Person","@id":"https:\/\/www.cgfmanet.org\/es\/#\/schema\/person\/ce6473083f53ef0ef882cca23f0c8fb9","name":"Redazione"}]}},"_links":{"self":[{"href":"https:\/\/www.cgfmanet.org\/pt-pt\/wp-json\/wp\/v2\/posts\/154720","targetHints":{"allow":["GET"]}}],"collection":[{"href":"https:\/\/www.cgfmanet.org\/pt-pt\/wp-json\/wp\/v2\/posts"}],"about":[{"href":"https:\/\/www.cgfmanet.org\/pt-pt\/wp-json\/wp\/v2\/types\/post"}],"author":[{"embeddable":true,"href":"https:\/\/www.cgfmanet.org\/pt-pt\/wp-json\/wp\/v2\/users\/21"}],"replies":[{"embeddable":true,"href":"https:\/\/www.cgfmanet.org\/pt-pt\/wp-json\/wp\/v2\/comments?post=154720"}],"version-history":[{"count":3,"href":"https:\/\/www.cgfmanet.org\/pt-pt\/wp-json\/wp\/v2\/posts\/154720\/revisions"}],"predecessor-version":[{"id":154889,"href":"https:\/\/www.cgfmanet.org\/pt-pt\/wp-json\/wp\/v2\/posts\/154720\/revisions\/154889"}],"wp:featuredmedia":[{"embeddable":true,"href":"https:\/\/www.cgfmanet.org\/pt-pt\/wp-json\/wp\/v2\/media\/154714"}],"wp:attachment":[{"href":"https:\/\/www.cgfmanet.org\/pt-pt\/wp-json\/wp\/v2\/media?parent=154720"}],"wp:term":[{"taxonomy":"category","embeddable":true,"href":"https:\/\/www.cgfmanet.org\/pt-pt\/wp-json\/wp\/v2\/categories?post=154720"},{"taxonomy":"post_tag","embeddable":true,"href":"https:\/\/www.cgfmanet.org\/pt-pt\/wp-json\/wp\/v2\/tags?post=154720"}],"curies":[{"name":"wp","href":"https:\/\/api.w.org\/{rel}","templated":true}]}}