{"id":154473,"date":"2026-03-04T12:19:15","date_gmt":"2026-03-04T11:19:15","guid":{"rendered":"https:\/\/www.cgfmanet.org\/infosfera-pt-pt\/unite-in-preghiera-per-la-pace-uisg\/"},"modified":"2026-03-07T22:51:01","modified_gmt":"2026-03-07T21:51:01","slug":"unidas-em-oracao-pela-paz-uisg","status":"publish","type":"post","link":"https:\/\/www.cgfmanet.org\/pt-pt\/infosfera-pt-pt\/igreja\/unidas-em-oracao-pela-paz-uisg\/","title":{"rendered":"Unidas em ora\u00e7\u00e3o pela paz \u2013 UISG"},"content":{"rendered":"<p><strong>Roma (It\u00e1lia). <\/strong>Diante da <em>escalada<\/em> de viol\u00eancia que atinge numerosas regi\u00f5es do mundo, a Uni\u00e3o Internacional das Superioras Gerais (<strong><span style=\"color: #0000ff;\"><a style=\"color: #0000ff;\" href=\"https:\/\/www.uisg.org\/it\/\" target=\"_blank\" rel=\"noopener\">UISG<\/a><\/span><\/strong>) &#8211; que representa mais de 1.900 congrega\u00e7\u00f5es de mulheres religiosas consagradas presentes nos seis continentes \u2013 lan\u00e7a um apelo global \u00e0 ora\u00e7\u00e3o, ao jejum e \u00e0 a\u00e7\u00e3o pela paz e convida a se reunir para viver <strong>um momento internacional de ora\u00e7\u00e3o na sexta-feira, 6 de mar\u00e7o, em transmiss\u00e3o ao vivo \u00e0s 15h30 (hor\u00e1rio de Roma), aberto aos fi\u00e9is e a todas as pessoas de boa vontade.<\/strong><\/p>\n<p><em>\u201cComo mulheres religiosas consagradas, presentes nos contextos mais fr\u00e1geis da sociedade e pr\u00f3ximas de quem sofre, n\u00e3o podemos permanecer em sil\u00eancio diante de uma espiral de destrui\u00e7\u00e3o que mina a dignidade humana e coloca em risco o futuro das novas gera\u00e7\u00f5es\u201d<\/em>, afirma a irm\u00e3 Roxanne Schares, SSND, Secret\u00e1ria Executiva da UISG.<\/p>\n<p>A proposta acolhe o apelo pressuroso do Papa Le\u00e3o XIV no Angelus de domingo, 1\u00ba de mar\u00e7o, seguido do pedido de ora\u00e7\u00e3o:<\/p>\n<p><em>\u201cAcompanho com profunda preocupa\u00e7\u00e3o o que est\u00e1 acontecendo no Oriente M\u00e9dio e no Ir\u00e3, nestas horas dram\u00e1ticas. A estabilidade e a paz n\u00e3o se constroem com amea\u00e7as rec\u00edprocas, nem com as armas, que semeiam destrui\u00e7\u00e3o, dor e morte, mas somente por meio de um di\u00e1logo racional, aut\u00eantico e respons\u00e1vel.<\/em><\/p>\n<p><em>Diante da possibilidade de uma trag\u00e9dia de enormes propor\u00e7\u00f5es, dirijo \u00e0s partes envolvidas o pressuroso apelo a assumir a responsabilidade moral de deter a espiral da viol\u00eancia antes que se torne um abismo irrepar\u00e1vel! Que a diplomacia reencontre o seu papel e seja promovido o bem dos povos, que anseiam por uma conviv\u00eancia pac\u00edfica, fundada na justi\u00e7a. <strong>E continuemos a rezar pela paz.\u201d<\/strong><\/em><\/p>\n<p><strong>O momento de ora\u00e7\u00e3o poder\u00e1 ser acompanhado online no <\/strong><strong>Canal <span style=\"color: #0000ff;\"><a style=\"color: #0000ff;\" href=\"https:\/\/www.youtube.com\/@UISGRome\" target=\"_blank\" rel=\"noopener\">YouTube UISG<\/a><\/span> e a iniciativa pode ser acompanhada tamb\u00e9m nas redes sociais com a hashtag #UISGforPeace.<\/strong><\/p>\n","protected":false},"excerpt":{"rendered":"<p>Roma (It\u00e1lia). Diante da escalada de viol\u00eancia que atinge numerosas regi\u00f5es do mundo, a Uni\u00e3o Internacional das Superioras Gerais (UISG) &#8211; que representa mais de 1.900 congrega\u00e7\u00f5es de mulheres religiosas [&hellip;]<\/p>\n","protected":false},"author":21,"featured_media":154468,"comment_status":"open","ping_status":"closed","sticky":false,"template":"","format":"standard","meta":{"footnotes":""},"categories":[38,189],"tags":[1829,1918,1930,2147,2490],"class_list":["post-154473","post","type-post","status-publish","format-standard","has-post-thumbnail","category-infosfera-pt-pt","category-igreja","tag-paz","tag-uisg-pt-pt","tag-focus-pt-pt","tag-preghiera-pt-pt","tag-papa-leao-xiv"],"yoast_head":"<!-- This site is optimized with the Yoast SEO plugin v27.4 - https:\/\/yoast.com\/product\/yoast-seo-wordpress\/ -->\n<title>Unidas em ora\u00e7\u00e3o pela paz \u2013 UISG &#8226; Istituto Figlie di Maria Ausiliatrice<\/title>\n<meta name=\"description\" content=\"Diante da preocupante situa\u00e7\u00e3o mundial, a Uni\u00e3o Internacional das Superioras Gerais (UISG) convida a um momento de ora\u00e7\u00e3o pela paz que acontecer\u00e1 no dia 6 de mar\u00e7o de 2026, em transmiss\u00e3o ao vivo.\" \/>\n<meta name=\"robots\" content=\"index, follow, max-snippet:-1, max-image-preview:large, max-video-preview:-1\" \/>\n<link rel=\"canonical\" href=\"https:\/\/www.cgfmanet.org\/pt-pt\/infosfera-pt-pt\/igreja\/unidas-em-oracao-pela-paz-uisg\/\" \/>\n<meta property=\"og:locale\" content=\"pt_PT\" \/>\n<meta property=\"og:type\" content=\"article\" \/>\n<meta property=\"og:title\" content=\"Unidas em ora\u00e7\u00e3o pela paz \u2013 UISG &#8226; Istituto Figlie di Maria Ausiliatrice\" \/>\n<meta property=\"og:description\" content=\"Diante da preocupante situa\u00e7\u00e3o mundial, a Uni\u00e3o Internacional das Superioras Gerais (UISG) convida a um momento de ora\u00e7\u00e3o pela paz que acontecer\u00e1 no dia 6 de mar\u00e7o de 2026, em transmiss\u00e3o ao vivo.\" \/>\n<meta property=\"og:url\" content=\"https:\/\/www.cgfmanet.org\/pt-pt\/infosfera-pt-pt\/igreja\/unidas-em-oracao-pela-paz-uisg\/\" \/>\n<meta property=\"og:site_name\" content=\"Istituto Figlie di Maria Ausiliatrice\" \/>\n<meta property=\"article:publisher\" content=\"https:\/\/www.facebook.com\/salesian.sisters.of.don.bosco\/\" \/>\n<meta property=\"article:published_time\" content=\"2026-03-04T11:19:15+00:00\" \/>\n<meta property=\"article:modified_time\" content=\"2026-03-07T21:51:01+00:00\" \/>\n<meta property=\"og:image\" content=\"https:\/\/www.cgfmanet.org\/wp-content\/uploads\/2026\/03\/Preghiera-pace-UISG.jpg\" \/>\n\t<meta property=\"og:image:width\" content=\"1181\" \/>\n\t<meta property=\"og:image:height\" content=\"787\" \/>\n\t<meta property=\"og:image:type\" content=\"image\/jpeg\" \/>\n<meta name=\"author\" content=\"Redazione\" \/>\n<meta name=\"twitter:card\" content=\"summary_large_image\" \/>\n<meta name=\"twitter:creator\" content=\"@Cgfmanet_Org\" \/>\n<meta name=\"twitter:site\" content=\"@Cgfmanet_Org\" \/>\n<meta name=\"twitter:label1\" content=\"Escrito por\" \/>\n\t<meta name=\"twitter:data1\" content=\"Redazione\" \/>\n\t<meta name=\"twitter:label2\" content=\"Tempo estimado de leitura\" \/>\n\t<meta name=\"twitter:data2\" content=\"2 minutos\" \/>\n<script type=\"application\/ld+json\" class=\"yoast-schema-graph\">{\"@context\":\"https:\\\/\\\/schema.org\",\"@graph\":[{\"@type\":\"Article\",\"@id\":\"https:\\\/\\\/www.cgfmanet.org\\\/pt-pt\\\/infosfera-pt-pt\\\/igreja\\\/unidas-em-oracao-pela-paz-uisg\\\/#article\",\"isPartOf\":{\"@id\":\"https:\\\/\\\/www.cgfmanet.org\\\/pt-pt\\\/infosfera-pt-pt\\\/igreja\\\/unidas-em-oracao-pela-paz-uisg\\\/\"},\"author\":{\"name\":\"Redazione\",\"@id\":\"https:\\\/\\\/www.cgfmanet.org\\\/es\\\/#\\\/schema\\\/person\\\/ce6473083f53ef0ef882cca23f0c8fb9\"},\"headline\":\"Unidas em ora\u00e7\u00e3o pela paz \u2013 UISG\",\"datePublished\":\"2026-03-04T11:19:15+00:00\",\"dateModified\":\"2026-03-07T21:51:01+00:00\",\"mainEntityOfPage\":{\"@id\":\"https:\\\/\\\/www.cgfmanet.org\\\/pt-pt\\\/infosfera-pt-pt\\\/igreja\\\/unidas-em-oracao-pela-paz-uisg\\\/\"},\"wordCount\":340,\"commentCount\":0,\"publisher\":{\"@id\":\"https:\\\/\\\/www.cgfmanet.org\\\/es\\\/#organization\"},\"image\":{\"@id\":\"https:\\\/\\\/www.cgfmanet.org\\\/pt-pt\\\/infosfera-pt-pt\\\/igreja\\\/unidas-em-oracao-pela-paz-uisg\\\/#primaryimage\"},\"thumbnailUrl\":\"https:\\\/\\\/www.cgfmanet.org\\\/wp-content\\\/uploads\\\/2026\\\/03\\\/Preghiera-pace-UISG.jpg\",\"keywords\":[\"Paz\",\"UISG\",\"Focus\",\"Preghiera\",\"Papa Le\u00e3o XIV\"],\"articleSection\":[\"Infosfera\",\"Igreja\"],\"inLanguage\":\"pt-PT\",\"potentialAction\":[{\"@type\":\"CommentAction\",\"name\":\"Comment\",\"target\":[\"https:\\\/\\\/www.cgfmanet.org\\\/pt-pt\\\/infosfera-pt-pt\\\/igreja\\\/unidas-em-oracao-pela-paz-uisg\\\/#respond\"]}]},{\"@type\":\"WebPage\",\"@id\":\"https:\\\/\\\/www.cgfmanet.org\\\/pt-pt\\\/infosfera-pt-pt\\\/igreja\\\/unidas-em-oracao-pela-paz-uisg\\\/\",\"url\":\"https:\\\/\\\/www.cgfmanet.org\\\/pt-pt\\\/infosfera-pt-pt\\\/igreja\\\/unidas-em-oracao-pela-paz-uisg\\\/\",\"name\":\"Unidas em ora\u00e7\u00e3o pela paz \u2013 UISG &#8226; Istituto Figlie di Maria Ausiliatrice\",\"isPartOf\":{\"@id\":\"https:\\\/\\\/www.cgfmanet.org\\\/es\\\/#website\"},\"primaryImageOfPage\":{\"@id\":\"https:\\\/\\\/www.cgfmanet.org\\\/pt-pt\\\/infosfera-pt-pt\\\/igreja\\\/unidas-em-oracao-pela-paz-uisg\\\/#primaryimage\"},\"image\":{\"@id\":\"https:\\\/\\\/www.cgfmanet.org\\\/pt-pt\\\/infosfera-pt-pt\\\/igreja\\\/unidas-em-oracao-pela-paz-uisg\\\/#primaryimage\"},\"thumbnailUrl\":\"https:\\\/\\\/www.cgfmanet.org\\\/wp-content\\\/uploads\\\/2026\\\/03\\\/Preghiera-pace-UISG.jpg\",\"datePublished\":\"2026-03-04T11:19:15+00:00\",\"dateModified\":\"2026-03-07T21:51:01+00:00\",\"description\":\"Diante da preocupante situa\u00e7\u00e3o mundial, a Uni\u00e3o Internacional das Superioras Gerais (UISG) convida a um momento de ora\u00e7\u00e3o pela paz que acontecer\u00e1 no dia 6 de mar\u00e7o de 2026, em transmiss\u00e3o ao vivo.\",\"breadcrumb\":{\"@id\":\"https:\\\/\\\/www.cgfmanet.org\\\/pt-pt\\\/infosfera-pt-pt\\\/igreja\\\/unidas-em-oracao-pela-paz-uisg\\\/#breadcrumb\"},\"inLanguage\":\"pt-PT\",\"potentialAction\":[{\"@type\":\"ReadAction\",\"target\":[\"https:\\\/\\\/www.cgfmanet.org\\\/pt-pt\\\/infosfera-pt-pt\\\/igreja\\\/unidas-em-oracao-pela-paz-uisg\\\/\"]}]},{\"@type\":\"ImageObject\",\"inLanguage\":\"pt-PT\",\"@id\":\"https:\\\/\\\/www.cgfmanet.org\\\/pt-pt\\\/infosfera-pt-pt\\\/igreja\\\/unidas-em-oracao-pela-paz-uisg\\\/#primaryimage\",\"url\":\"https:\\\/\\\/www.cgfmanet.org\\\/wp-content\\\/uploads\\\/2026\\\/03\\\/Preghiera-pace-UISG.jpg\",\"contentUrl\":\"https:\\\/\\\/www.cgfmanet.org\\\/wp-content\\\/uploads\\\/2026\\\/03\\\/Preghiera-pace-UISG.jpg\",\"width\":1181,\"height\":787},{\"@type\":\"BreadcrumbList\",\"@id\":\"https:\\\/\\\/www.cgfmanet.org\\\/pt-pt\\\/infosfera-pt-pt\\\/igreja\\\/unidas-em-oracao-pela-paz-uisg\\\/#breadcrumb\",\"itemListElement\":[{\"@type\":\"ListItem\",\"position\":1,\"name\":\"Home\",\"item\":\"https:\\\/\\\/www.cgfmanet.org\\\/pt-pt\\\/\"},{\"@type\":\"ListItem\",\"position\":2,\"name\":\"Unidas em ora\u00e7\u00e3o pela paz \u2013 UISG\"}]},{\"@type\":\"WebSite\",\"@id\":\"https:\\\/\\\/www.cgfmanet.org\\\/es\\\/#website\",\"url\":\"https:\\\/\\\/www.cgfmanet.org\\\/es\\\/\",\"name\":\"Istituto Figlie di Maria Ausiliatrice\",\"description\":\"Salesiane di Don Bosco\",\"publisher\":{\"@id\":\"https:\\\/\\\/www.cgfmanet.org\\\/es\\\/#organization\"},\"potentialAction\":[{\"@type\":\"SearchAction\",\"target\":{\"@type\":\"EntryPoint\",\"urlTemplate\":\"https:\\\/\\\/www.cgfmanet.org\\\/es\\\/?s={search_term_string}\"},\"query-input\":{\"@type\":\"PropertyValueSpecification\",\"valueRequired\":true,\"valueName\":\"search_term_string\"}}],\"inLanguage\":\"pt-PT\"},{\"@type\":\"Organization\",\"@id\":\"https:\\\/\\\/www.cgfmanet.org\\\/es\\\/#organization\",\"name\":\"Istituto Figlie di Maria Ausiliatrice\",\"url\":\"https:\\\/\\\/www.cgfmanet.org\\\/es\\\/\",\"logo\":{\"@type\":\"ImageObject\",\"inLanguage\":\"pt-PT\",\"@id\":\"https:\\\/\\\/www.cgfmanet.org\\\/es\\\/#\\\/schema\\\/logo\\\/image\\\/\",\"url\":\"https:\\\/\\\/www.cgfmanet.org\\\/wp-content\\\/uploads\\\/2018\\\/10\\\/logo-fma.png\",\"contentUrl\":\"https:\\\/\\\/www.cgfmanet.org\\\/wp-content\\\/uploads\\\/2018\\\/10\\\/logo-fma.png\",\"width\":214,\"height\":55,\"caption\":\"Istituto Figlie di Maria Ausiliatrice\"},\"image\":{\"@id\":\"https:\\\/\\\/www.cgfmanet.org\\\/es\\\/#\\\/schema\\\/logo\\\/image\\\/\"},\"sameAs\":[\"https:\\\/\\\/www.facebook.com\\\/salesian.sisters.of.don.bosco\\\/\",\"https:\\\/\\\/x.com\\\/Cgfmanet_Org\",\"https:\\\/\\\/www.youtube.com\\\/channel\\\/UCmcr8yFQBV7JXeXVxyV9y5Q\"]},{\"@type\":\"Person\",\"@id\":\"https:\\\/\\\/www.cgfmanet.org\\\/es\\\/#\\\/schema\\\/person\\\/ce6473083f53ef0ef882cca23f0c8fb9\",\"name\":\"Redazione\"}]}<\/script>\n<!-- \/ Yoast SEO plugin. -->","yoast_head_json":{"title":"Unidas em ora\u00e7\u00e3o pela paz \u2013 UISG &#8226; Istituto Figlie di Maria Ausiliatrice","description":"Diante da preocupante situa\u00e7\u00e3o mundial, a Uni\u00e3o Internacional das Superioras Gerais (UISG) convida a um momento de ora\u00e7\u00e3o pela paz que acontecer\u00e1 no dia 6 de mar\u00e7o de 2026, em transmiss\u00e3o ao vivo.","robots":{"index":"index","follow":"follow","max-snippet":"max-snippet:-1","max-image-preview":"max-image-preview:large","max-video-preview":"max-video-preview:-1"},"canonical":"https:\/\/www.cgfmanet.org\/pt-pt\/infosfera-pt-pt\/igreja\/unidas-em-oracao-pela-paz-uisg\/","og_locale":"pt_PT","og_type":"article","og_title":"Unidas em ora\u00e7\u00e3o pela paz \u2013 UISG &#8226; Istituto Figlie di Maria Ausiliatrice","og_description":"Diante da preocupante situa\u00e7\u00e3o mundial, a Uni\u00e3o Internacional das Superioras Gerais (UISG) convida a um momento de ora\u00e7\u00e3o pela paz que acontecer\u00e1 no dia 6 de mar\u00e7o de 2026, em transmiss\u00e3o ao vivo.","og_url":"https:\/\/www.cgfmanet.org\/pt-pt\/infosfera-pt-pt\/igreja\/unidas-em-oracao-pela-paz-uisg\/","og_site_name":"Istituto Figlie di Maria Ausiliatrice","article_publisher":"https:\/\/www.facebook.com\/salesian.sisters.of.don.bosco\/","article_published_time":"2026-03-04T11:19:15+00:00","article_modified_time":"2026-03-07T21:51:01+00:00","og_image":[{"width":1181,"height":787,"url":"https:\/\/www.cgfmanet.org\/wp-content\/uploads\/2026\/03\/Preghiera-pace-UISG.jpg","type":"image\/jpeg"}],"author":"Redazione","twitter_card":"summary_large_image","twitter_creator":"@Cgfmanet_Org","twitter_site":"@Cgfmanet_Org","twitter_misc":{"Escrito por":"Redazione","Tempo estimado de leitura":"2 minutos"},"schema":{"@context":"https:\/\/schema.org","@graph":[{"@type":"Article","@id":"https:\/\/www.cgfmanet.org\/pt-pt\/infosfera-pt-pt\/igreja\/unidas-em-oracao-pela-paz-uisg\/#article","isPartOf":{"@id":"https:\/\/www.cgfmanet.org\/pt-pt\/infosfera-pt-pt\/igreja\/unidas-em-oracao-pela-paz-uisg\/"},"author":{"name":"Redazione","@id":"https:\/\/www.cgfmanet.org\/es\/#\/schema\/person\/ce6473083f53ef0ef882cca23f0c8fb9"},"headline":"Unidas em ora\u00e7\u00e3o pela paz \u2013 UISG","datePublished":"2026-03-04T11:19:15+00:00","dateModified":"2026-03-07T21:51:01+00:00","mainEntityOfPage":{"@id":"https:\/\/www.cgfmanet.org\/pt-pt\/infosfera-pt-pt\/igreja\/unidas-em-oracao-pela-paz-uisg\/"},"wordCount":340,"commentCount":0,"publisher":{"@id":"https:\/\/www.cgfmanet.org\/es\/#organization"},"image":{"@id":"https:\/\/www.cgfmanet.org\/pt-pt\/infosfera-pt-pt\/igreja\/unidas-em-oracao-pela-paz-uisg\/#primaryimage"},"thumbnailUrl":"https:\/\/www.cgfmanet.org\/wp-content\/uploads\/2026\/03\/Preghiera-pace-UISG.jpg","keywords":["Paz","UISG","Focus","Preghiera","Papa Le\u00e3o XIV"],"articleSection":["Infosfera","Igreja"],"inLanguage":"pt-PT","potentialAction":[{"@type":"CommentAction","name":"Comment","target":["https:\/\/www.cgfmanet.org\/pt-pt\/infosfera-pt-pt\/igreja\/unidas-em-oracao-pela-paz-uisg\/#respond"]}]},{"@type":"WebPage","@id":"https:\/\/www.cgfmanet.org\/pt-pt\/infosfera-pt-pt\/igreja\/unidas-em-oracao-pela-paz-uisg\/","url":"https:\/\/www.cgfmanet.org\/pt-pt\/infosfera-pt-pt\/igreja\/unidas-em-oracao-pela-paz-uisg\/","name":"Unidas em ora\u00e7\u00e3o pela paz \u2013 UISG &#8226; Istituto Figlie di Maria Ausiliatrice","isPartOf":{"@id":"https:\/\/www.cgfmanet.org\/es\/#website"},"primaryImageOfPage":{"@id":"https:\/\/www.cgfmanet.org\/pt-pt\/infosfera-pt-pt\/igreja\/unidas-em-oracao-pela-paz-uisg\/#primaryimage"},"image":{"@id":"https:\/\/www.cgfmanet.org\/pt-pt\/infosfera-pt-pt\/igreja\/unidas-em-oracao-pela-paz-uisg\/#primaryimage"},"thumbnailUrl":"https:\/\/www.cgfmanet.org\/wp-content\/uploads\/2026\/03\/Preghiera-pace-UISG.jpg","datePublished":"2026-03-04T11:19:15+00:00","dateModified":"2026-03-07T21:51:01+00:00","description":"Diante da preocupante situa\u00e7\u00e3o mundial, a Uni\u00e3o Internacional das Superioras Gerais (UISG) convida a um momento de ora\u00e7\u00e3o pela paz que acontecer\u00e1 no dia 6 de mar\u00e7o de 2026, em transmiss\u00e3o ao vivo.","breadcrumb":{"@id":"https:\/\/www.cgfmanet.org\/pt-pt\/infosfera-pt-pt\/igreja\/unidas-em-oracao-pela-paz-uisg\/#breadcrumb"},"inLanguage":"pt-PT","potentialAction":[{"@type":"ReadAction","target":["https:\/\/www.cgfmanet.org\/pt-pt\/infosfera-pt-pt\/igreja\/unidas-em-oracao-pela-paz-uisg\/"]}]},{"@type":"ImageObject","inLanguage":"pt-PT","@id":"https:\/\/www.cgfmanet.org\/pt-pt\/infosfera-pt-pt\/igreja\/unidas-em-oracao-pela-paz-uisg\/#primaryimage","url":"https:\/\/www.cgfmanet.org\/wp-content\/uploads\/2026\/03\/Preghiera-pace-UISG.jpg","contentUrl":"https:\/\/www.cgfmanet.org\/wp-content\/uploads\/2026\/03\/Preghiera-pace-UISG.jpg","width":1181,"height":787},{"@type":"BreadcrumbList","@id":"https:\/\/www.cgfmanet.org\/pt-pt\/infosfera-pt-pt\/igreja\/unidas-em-oracao-pela-paz-uisg\/#breadcrumb","itemListElement":[{"@type":"ListItem","position":1,"name":"Home","item":"https:\/\/www.cgfmanet.org\/pt-pt\/"},{"@type":"ListItem","position":2,"name":"Unidas em ora\u00e7\u00e3o pela paz \u2013 UISG"}]},{"@type":"WebSite","@id":"https:\/\/www.cgfmanet.org\/es\/#website","url":"https:\/\/www.cgfmanet.org\/es\/","name":"Istituto Figlie di Maria Ausiliatrice","description":"Salesiane di Don Bosco","publisher":{"@id":"https:\/\/www.cgfmanet.org\/es\/#organization"},"potentialAction":[{"@type":"SearchAction","target":{"@type":"EntryPoint","urlTemplate":"https:\/\/www.cgfmanet.org\/es\/?s={search_term_string}"},"query-input":{"@type":"PropertyValueSpecification","valueRequired":true,"valueName":"search_term_string"}}],"inLanguage":"pt-PT"},{"@type":"Organization","@id":"https:\/\/www.cgfmanet.org\/es\/#organization","name":"Istituto Figlie di Maria Ausiliatrice","url":"https:\/\/www.cgfmanet.org\/es\/","logo":{"@type":"ImageObject","inLanguage":"pt-PT","@id":"https:\/\/www.cgfmanet.org\/es\/#\/schema\/logo\/image\/","url":"https:\/\/www.cgfmanet.org\/wp-content\/uploads\/2018\/10\/logo-fma.png","contentUrl":"https:\/\/www.cgfmanet.org\/wp-content\/uploads\/2018\/10\/logo-fma.png","width":214,"height":55,"caption":"Istituto Figlie di Maria Ausiliatrice"},"image":{"@id":"https:\/\/www.cgfmanet.org\/es\/#\/schema\/logo\/image\/"},"sameAs":["https:\/\/www.facebook.com\/salesian.sisters.of.don.bosco\/","https:\/\/x.com\/Cgfmanet_Org","https:\/\/www.youtube.com\/channel\/UCmcr8yFQBV7JXeXVxyV9y5Q"]},{"@type":"Person","@id":"https:\/\/www.cgfmanet.org\/es\/#\/schema\/person\/ce6473083f53ef0ef882cca23f0c8fb9","name":"Redazione"}]}},"_links":{"self":[{"href":"https:\/\/www.cgfmanet.org\/pt-pt\/wp-json\/wp\/v2\/posts\/154473","targetHints":{"allow":["GET"]}}],"collection":[{"href":"https:\/\/www.cgfmanet.org\/pt-pt\/wp-json\/wp\/v2\/posts"}],"about":[{"href":"https:\/\/www.cgfmanet.org\/pt-pt\/wp-json\/wp\/v2\/types\/post"}],"author":[{"embeddable":true,"href":"https:\/\/www.cgfmanet.org\/pt-pt\/wp-json\/wp\/v2\/users\/21"}],"replies":[{"embeddable":true,"href":"https:\/\/www.cgfmanet.org\/pt-pt\/wp-json\/wp\/v2\/comments?post=154473"}],"version-history":[{"count":2,"href":"https:\/\/www.cgfmanet.org\/pt-pt\/wp-json\/wp\/v2\/posts\/154473\/revisions"}],"predecessor-version":[{"id":154652,"href":"https:\/\/www.cgfmanet.org\/pt-pt\/wp-json\/wp\/v2\/posts\/154473\/revisions\/154652"}],"wp:featuredmedia":[{"embeddable":true,"href":"https:\/\/www.cgfmanet.org\/pt-pt\/wp-json\/wp\/v2\/media\/154468"}],"wp:attachment":[{"href":"https:\/\/www.cgfmanet.org\/pt-pt\/wp-json\/wp\/v2\/media?parent=154473"}],"wp:term":[{"taxonomy":"category","embeddable":true,"href":"https:\/\/www.cgfmanet.org\/pt-pt\/wp-json\/wp\/v2\/categories?post=154473"},{"taxonomy":"post_tag","embeddable":true,"href":"https:\/\/www.cgfmanet.org\/pt-pt\/wp-json\/wp\/v2\/tags?post=154473"}],"curies":[{"name":"wp","href":"https:\/\/api.w.org\/{rel}","templated":true}]}}