{"id":154432,"date":"2026-03-03T22:52:28","date_gmt":"2026-03-03T21:52:28","guid":{"rendered":"https:\/\/www.cgfmanet.org\/infosfera-pt-pt\/al-via-il-pellegrinaggio-online-pem\/"},"modified":"2026-03-07T22:48:47","modified_gmt":"2026-03-07T21:48:47","slug":"inicio-da-peregrinacao-online-pem","status":"publish","type":"post","link":"https:\/\/www.cgfmanet.org\/pt-pt\/ifma-pt-pt\/inicio-da-peregrinacao-online-pem\/","title":{"rendered":"In\u00edcio da Peregrina\u00e7\u00e3o online PEM"},"content":{"rendered":"<p><strong>Roma (It\u00e1lia).<\/strong> No domingo, 1\u00ba de mar\u00e7o de 2026, foi oficialmente aberta a Peregrina\u00e7\u00e3o online do PEM, realizada pelo \u00c2mbito das Miss\u00f5es do Instituto das Filhas de Maria Auxiliadora, em colabora\u00e7\u00e3o com a equipe do Projeto de Espiritualidade Mission\u00e1ria (PEM), pelos lugares do continente americano onde chegaram as primeiras FMA, em 1877.<\/p>\n<p>O percurso, composto por oito etapas, coloca-se no caminho do Tri\u00eanio de prepara\u00e7\u00e3o ao 150\u00ba anivers\u00e1rio da Primeira Expedi\u00e7\u00e3o Mission\u00e1ria (2024-2027), sobre o tema <strong>\u201cAgora \u00e9 o tempo de reavivar o fogo \u2013 150\u00ba anivers\u00e1rio das miss\u00f5es das FMA\u201d<\/strong>, com o objetivo de \u201c<em>celebrar com cora\u00e7\u00e3o agradecido o ardor mission\u00e1rio do Instituto, para reavivar no hoje da contemporaneidade o impulso prof\u00e9tico do nosso carisma como dom \u00e0 Igreja e \u00e0 humanidade\u201d<\/em> (Circular n\u00ba 1038).<\/p>\n<p>Na 1\u00aa etapa foram aprofundados os lugares onde chegaram as primeiras irm\u00e3s \u2014 <strong>Villa Col\u00f3n &#8211; Las Piedras, no Uruguai<\/strong> \u2014 para evidenciar o <strong><em>Zelo mission\u00e1rio de Mornese na Am\u00e9rica.<\/em><\/strong> Zelo mission\u00e1rio que enche os cora\u00e7\u00f5es das primeiras muito jovens FMA, <strong>que ousam <em>\u201cir al\u00e9m\u201d<\/em><\/strong>, com a for\u00e7a da paix\u00e3o por Jesus e pelo Reino, para que a Palavra e o cuidado materno de Maria Auxiliadora possam chegar a todos, sem distin\u00e7\u00f5es.<\/p>\n<p>O evento \u2013 animado pelas irm\u00e3s do \u00c2mbito das Miss\u00f5es, pelos membros do Global Missio Team e pela Equipe PEM \u2013 contou com a participa\u00e7\u00e3o viva e interessada de muitas Comunidades Educativas de todos os Continentes, que escolheram este momento de anima\u00e7\u00e3o para deixar reacender o cora\u00e7\u00e3o pela paix\u00e3o mission\u00e1ria das origens.<\/p>\n<p><strong>Irm\u00e3 Ruth del Pilar Mora, Conselheira Geral das Miss\u00f5es<\/strong>, na sauda\u00e7\u00e3o inicial, exortou todos\/as os\/as participantes da Peregrina\u00e7\u00e3o a ir <em>\u201c\u00e0s nossas ra\u00edzes mission\u00e1rias, atrav\u00e9s de rostos e lugares carregados de mem\u00f3ria, mas tamb\u00e9m de profecia para o nosso hoje e para o futuro. Gostaria que cada um de n\u00f3s pudesse viver esta experi\u00eancia n\u00e3o como um simples encontro online, mas como uma verdadeira peregrina\u00e7\u00e3o espiritual, movida pela f\u00e9 e pela gratid\u00e3o ao Senhor pelo dom do Carisma salesiano, profundamente mission\u00e1rio desde as origens<\/em>.<\/p>\n<p><em>Esta peregrina\u00e7\u00e3o \u00e9 a proposta central do Instituto no 2\u00ba ano de prepara\u00e7\u00e3o ao 150\u00ba anivers\u00e1rio da primeira partida mission\u00e1ria das Filhas de Maria Auxiliadora rumo \u00e0 Am\u00e9rica. Um caminho pensado para tocar a vida e despertar em n\u00f3s um novo chamado mission\u00e1rio\u201d<\/em>, motivou.<\/p>\n<p><em>Abrimos esta peregrina\u00e7\u00e3o<\/em> \u2013 continuou Irm\u00e3 Ruth \u2013 <em>com uma palavra muito significativa para quem vive permanentemente como disc\u00edpulo mission\u00e1rio:<\/em> <strong><em>Ardor Mission\u00e1rio\/Missionary Ardor\/Ardor misionero<\/em><\/strong>.<em> O ardor evoca a imagem do fogo: um fogo que n\u00e3o destr\u00f3i, mas ilumina; que n\u00e3o consome, mas aquece; um fogo que deve ser guardado e alimentado. Este fogo mission\u00e1rio n\u00e3o nasce do esfor\u00e7o humano, mas do encontro com Cristo, Palavra e P\u00e3o, com Aquele que \u00e9 a revela\u00e7\u00e3o do amor apaixonado de Deus a cada pessoa, a cada povo e na\u00e7\u00e3o, em todos os tempos<\/em>.<\/p>\n<p><em>\u00c9 o mesmo fogo que habitou o cora\u00e7\u00e3o de Dom Bosco e Madre Mazzarello e que eles souberam transmitir aos primeiros Salesianos e \u00e0s Filhas de Maria Auxiliadora, a ponto de se tornarem dispon\u00edveis para partir rumo \u00e0 Am\u00e9rica, animadas pela paix\u00e3o por Jesus e pelo seu Reino, com um \u00fanico desejo: que muitos jovens pudessem encontrar o Senhor da vida e experimentar, atrav\u00e9s delas, o cuidado materno de Maria Auxiliadora.\u201d<\/em><\/p>\n<p>O encontro, com dura\u00e7\u00e3o de uma hora e meia, realizou-se por meio da plataforma Zoom \u2014 com tradu\u00e7\u00f5es para os idiomas <em>coreano, franc\u00eas, ingl\u00eas, italiano, japon\u00eas, polon\u00eas, portugu\u00eas, espanhol, tcheco e vietnamita<\/em>, gra\u00e7as \u00e0 colabora\u00e7\u00e3o de diversas irm\u00e3s tradutoras \u2014 em diversos hor\u00e1rios conforme os continentes: \u00c1sia (9h \u2013 10h30); Europa e \u00c1frica (15h \u2013 16h30, hor\u00e1rio de Roma); Am\u00e9rica (20h \u2013 21h30, hor\u00e1rio de Roma).<\/p>\n<p>A Peregrina\u00e7\u00e3o continua com a pr\u00f3xima etapa, <strong>domingo, 22 de mar\u00e7o de 2026.<\/strong><\/p>\n<p><span style=\"color: #0000ff;\"><strong><a style=\"color: #0000ff;\" href=\"https:\/\/drive.google.com\/drive\/u\/0\/folders\/1-rVmUwnxi6_5-3EftUcF-5MtMIGuFdCa\" target=\"_blank\" rel=\"noopener\">Materiais<\/a><\/strong><\/span><\/p>\n<p><span style=\"color: #0000ff;\"><a style=\"color: #0000ff;\" href=\"https:\/\/www.youtube.com\/watch?v=gxkbDMMRDKA\" target=\"_blank\" rel=\"noopener\"><strong>V\u00eddeo \u00c1sia<\/strong><\/a><\/span><\/p>\n<p><span style=\"color: #0000ff;\"><a style=\"color: #0000ff;\" href=\"https:\/\/www.youtube.com\/watch?v=jvCzt2SIeBw\" target=\"_blank\" rel=\"noopener\"><strong>V\u00eddeo Europa-\u00c1frica<\/strong><\/a><\/span><\/p>\n<p><span style=\"color: #0000ff;\"><a style=\"color: #0000ff;\" href=\"https:\/\/www.youtube.com\/watch?v=Nz0m4JCJY7k\" target=\"_blank\" rel=\"noopener\"><strong>V\u00eddeo Am\u00e9rica<\/strong><\/a><\/span><\/p>\n\r\n                <style type=\"text\/css\">\r\n                    \r\n                    #tdi_1  .td-doubleSlider-2 .td-item1 {\r\n                        background: url(https:\/\/www.cgfmanet.org\/wp-content\/uploads\/2026\/03\/PEM_1\u00b0-incontro_2-80x60.jpg) 0 0 no-repeat;\r\n                    }\r\n                    #tdi_1  .td-doubleSlider-2 .td-item2 {\r\n                        background: url(https:\/\/www.cgfmanet.org\/wp-content\/uploads\/2026\/03\/PEM_1\u00b0-incontro-80x60.jpg) 0 0 no-repeat;\r\n                    }\r\n                    #tdi_1  .td-doubleSlider-2 .td-item3 {\r\n                        background: url(https:\/\/www.cgfmanet.org\/wp-content\/uploads\/2026\/03\/PEM_1\u00b0-incontro_4-80x60.jpg) 0 0 no-repeat;\r\n                    }\r\n                    #tdi_1  .td-doubleSlider-2 .td-item4 {\r\n                        background: url(https:\/\/www.cgfmanet.org\/wp-content\/uploads\/2026\/03\/PEM_1\u00b0-incontro_5-80x60.jpg) 0 0 no-repeat;\r\n                    }\r\n                    #tdi_1  .td-doubleSlider-2 .td-item5 {\r\n                        background: url(https:\/\/www.cgfmanet.org\/wp-content\/uploads\/2026\/03\/PEM_1\u00b0-incontro_3-80x60.jpg) 0 0 no-repeat;\r\n                    }\r\n                    #tdi_1  .td-doubleSlider-2 .td-item6 {\r\n                        background: url(https:\/\/www.cgfmanet.org\/wp-content\/uploads\/2026\/03\/PEM_1\u00b0-incontro_6-80x60.jpg) 0 0 no-repeat;\r\n                    }\r\n                <\/style>\r\n\r\n                <div id=\"tdi_1\" class=\"td-gallery td-slide-on-2-columns\">\r\n                    <div class=\"post_td_gallery\">\r\n                        <div class=\"td-gallery-slide-top\">\r\n                           <div class=\"td-gallery-title\"><\/div>\r\n\r\n                            <div class=\"td-gallery-controls-wrapper\">\r\n                                <div class=\"td-gallery-slide-count\"><span class=\"td-gallery-slide-item-focus\">1<\/span> do 6<\/div>\r\n                                <div class=\"td-gallery-slide-prev-next-but\">\r\n                                    <i class = \"td-icon-left doubleSliderPrevButton\"><\/i>\r\n                                    <i class = \"td-icon-right doubleSliderNextButton\"><\/i>\r\n                                <\/div>\r\n                            <\/div>\r\n                        <\/div>\r\n\r\n                        <div class = \"td-doubleSlider-1 \">\r\n                            <div class = \"td-slider\">\r\n                                \r\n                    <div class = \"td-slide-item td-item1\">\r\n                        <figure class=\"td-slide-galery-figure td-slide-popup-gallery\">\r\n                            <a class=\"slide-gallery-image-link\" href=\"https:\/\/www.cgfmanet.org\/wp-content\/uploads\/2026\/03\/PEM_1\u00b0-incontro_2.jpg\" title=\"PEM_1\u00b0 incontro_2\"  data-caption=\"\"  data-description=\"\">\r\n                                <img decoding=\"async\" data-src=\"https:\/\/www.cgfmanet.org\/wp-content\/uploads\/2026\/03\/PEM_1\u00b0-incontro_2-652x420.jpg\" data-srcset=\"https:\/\/www.cgfmanet.org\/wp-content\/uploads\/2026\/03\/PEM_1\u00b0-incontro_2-652x420.jpg 652w, https:\/\/www.cgfmanet.org\/wp-content\/uploads\/2026\/03\/PEM_1\u00b0-incontro_2-768x495.jpg 768w, https:\/\/www.cgfmanet.org\/wp-content\/uploads\/2026\/03\/PEM_1\u00b0-incontro_2-696x448.jpg 696w, https:\/\/www.cgfmanet.org\/wp-content\/uploads\/2026\/03\/PEM_1\u00b0-incontro_2.jpg 1417w\" data-sizes=\"auto\" alt=\"\" src=\"data:image\/svg+xml;base64,PHN2ZyB3aWR0aD0iMSIgaGVpZ2h0PSIxIiB4bWxucz0iaHR0cDovL3d3dy53My5vcmcvMjAwMC9zdmciPjwvc3ZnPg==\" class=\"lazyload\" style=\"--smush-placeholder-width: 652px; --smush-placeholder-aspect-ratio: 652\/420;\" data-original-sizes=\"(max-width: 652px) 100vw, 652px\">\r\n                            <\/a>\r\n                            \r\n                        <\/figure>\r\n                    <\/div>\r\n                    <div class = \"td-slide-item td-item2\">\r\n                        <figure class=\"td-slide-galery-figure td-slide-popup-gallery\">\r\n                            <a class=\"slide-gallery-image-link\" href=\"https:\/\/www.cgfmanet.org\/wp-content\/uploads\/2026\/03\/PEM_1\u00b0-incontro.jpg\" title=\"PEM_1\u00b0 incontro\"  data-caption=\"\"  data-description=\"\">\r\n                                <img decoding=\"async\" data-src=\"https:\/\/www.cgfmanet.org\/wp-content\/uploads\/2026\/03\/PEM_1\u00b0-incontro-626x420.jpg\" data-srcset=\"https:\/\/www.cgfmanet.org\/wp-content\/uploads\/2026\/03\/PEM_1\u00b0-incontro-626x420.jpg 626w, https:\/\/www.cgfmanet.org\/wp-content\/uploads\/2026\/03\/PEM_1\u00b0-incontro-768x516.jpg 768w, https:\/\/www.cgfmanet.org\/wp-content\/uploads\/2026\/03\/PEM_1\u00b0-incontro-696x467.jpg 696w, https:\/\/www.cgfmanet.org\/wp-content\/uploads\/2026\/03\/PEM_1\u00b0-incontro.jpg 1424w\" data-sizes=\"auto\" alt=\"\" src=\"data:image\/svg+xml;base64,PHN2ZyB3aWR0aD0iMSIgaGVpZ2h0PSIxIiB4bWxucz0iaHR0cDovL3d3dy53My5vcmcvMjAwMC9zdmciPjwvc3ZnPg==\" class=\"lazyload\" style=\"--smush-placeholder-width: 626px; --smush-placeholder-aspect-ratio: 626\/420;\" data-original-sizes=\"(max-width: 626px) 100vw, 626px\">\r\n                            <\/a>\r\n                            \r\n                        <\/figure>\r\n                    <\/div>\r\n                    <div class = \"td-slide-item td-item3\">\r\n                        <figure class=\"td-slide-galery-figure td-slide-popup-gallery\">\r\n                            <a class=\"slide-gallery-image-link\" href=\"https:\/\/www.cgfmanet.org\/wp-content\/uploads\/2026\/03\/PEM_1\u00b0-incontro_4.jpg\" title=\"PEM_1\u00b0 incontro_4\"  data-caption=\"\"  data-description=\"\">\r\n                                <img decoding=\"async\" data-src=\"https:\/\/www.cgfmanet.org\/wp-content\/uploads\/2026\/03\/PEM_1\u00b0-incontro_4-682x420.jpg\" data-srcset=\"https:\/\/www.cgfmanet.org\/wp-content\/uploads\/2026\/03\/PEM_1\u00b0-incontro_4-682x420.jpg 682w, https:\/\/www.cgfmanet.org\/wp-content\/uploads\/2026\/03\/PEM_1\u00b0-incontro_4-768x473.jpg 768w, https:\/\/www.cgfmanet.org\/wp-content\/uploads\/2026\/03\/PEM_1\u00b0-incontro_4-696x429.jpg 696w, https:\/\/www.cgfmanet.org\/wp-content\/uploads\/2026\/03\/PEM_1\u00b0-incontro_4.jpg 1182w\" data-sizes=\"auto\" alt=\"\" src=\"data:image\/svg+xml;base64,PHN2ZyB3aWR0aD0iMSIgaGVpZ2h0PSIxIiB4bWxucz0iaHR0cDovL3d3dy53My5vcmcvMjAwMC9zdmciPjwvc3ZnPg==\" class=\"lazyload\" style=\"--smush-placeholder-width: 682px; --smush-placeholder-aspect-ratio: 682\/420;\" data-original-sizes=\"(max-width: 682px) 100vw, 682px\">\r\n                            <\/a>\r\n                            \r\n                        <\/figure>\r\n                    <\/div>\r\n                    <div class = \"td-slide-item td-item4\">\r\n                        <figure class=\"td-slide-galery-figure td-slide-popup-gallery\">\r\n                            <a class=\"slide-gallery-image-link\" href=\"https:\/\/www.cgfmanet.org\/wp-content\/uploads\/2026\/03\/PEM_1\u00b0-incontro_5.jpg\" title=\"PEM_1\u00b0 incontro_5\"  data-caption=\"\"  data-description=\"\">\r\n                                <img decoding=\"async\" data-src=\"https:\/\/www.cgfmanet.org\/wp-content\/uploads\/2026\/03\/PEM_1\u00b0-incontro_5-775x420.jpg\" data-srcset=\"https:\/\/www.cgfmanet.org\/wp-content\/uploads\/2026\/03\/PEM_1\u00b0-incontro_5-775x420.jpg 775w, https:\/\/www.cgfmanet.org\/wp-content\/uploads\/2026\/03\/PEM_1\u00b0-incontro_5-768x416.jpg 768w, https:\/\/www.cgfmanet.org\/wp-content\/uploads\/2026\/03\/PEM_1\u00b0-incontro_5-696x377.jpg 696w, https:\/\/www.cgfmanet.org\/wp-content\/uploads\/2026\/03\/PEM_1\u00b0-incontro_5.jpg 1181w\" data-sizes=\"auto\" alt=\"\" src=\"data:image\/svg+xml;base64,PHN2ZyB3aWR0aD0iMSIgaGVpZ2h0PSIxIiB4bWxucz0iaHR0cDovL3d3dy53My5vcmcvMjAwMC9zdmciPjwvc3ZnPg==\" class=\"lazyload\" style=\"--smush-placeholder-width: 775px; --smush-placeholder-aspect-ratio: 775\/420;\" data-original-sizes=\"(max-width: 775px) 100vw, 775px\">\r\n                            <\/a>\r\n                            \r\n                        <\/figure>\r\n                    <\/div>\r\n                    <div class = \"td-slide-item td-item5\">\r\n                        <figure class=\"td-slide-galery-figure td-slide-popup-gallery\">\r\n                            <a class=\"slide-gallery-image-link\" href=\"https:\/\/www.cgfmanet.org\/wp-content\/uploads\/2026\/03\/PEM_1\u00b0-incontro_3.jpg\" title=\"PEM_1\u00b0 incontro_3\"  data-caption=\"\"  data-description=\"\">\r\n                                <img decoding=\"async\" data-src=\"https:\/\/www.cgfmanet.org\/wp-content\/uploads\/2026\/03\/PEM_1\u00b0-incontro_3-720x420.jpg\" data-srcset=\"https:\/\/www.cgfmanet.org\/wp-content\/uploads\/2026\/03\/PEM_1\u00b0-incontro_3-720x420.jpg 720w, https:\/\/www.cgfmanet.org\/wp-content\/uploads\/2026\/03\/PEM_1\u00b0-incontro_3-768x448.jpg 768w, https:\/\/www.cgfmanet.org\/wp-content\/uploads\/2026\/03\/PEM_1\u00b0-incontro_3-696x406.jpg 696w, https:\/\/www.cgfmanet.org\/wp-content\/uploads\/2026\/03\/PEM_1\u00b0-incontro_3.jpg 1181w\" data-sizes=\"auto\" alt=\"\" src=\"data:image\/svg+xml;base64,PHN2ZyB3aWR0aD0iMSIgaGVpZ2h0PSIxIiB4bWxucz0iaHR0cDovL3d3dy53My5vcmcvMjAwMC9zdmciPjwvc3ZnPg==\" class=\"lazyload\" style=\"--smush-placeholder-width: 720px; --smush-placeholder-aspect-ratio: 720\/420;\" data-original-sizes=\"(max-width: 720px) 100vw, 720px\">\r\n                            <\/a>\r\n                            \r\n                        <\/figure>\r\n                    <\/div>\r\n                    <div class = \"td-slide-item td-item6\">\r\n                        <figure class=\"td-slide-galery-figure td-slide-popup-gallery\">\r\n                            <a class=\"slide-gallery-image-link\" href=\"https:\/\/www.cgfmanet.org\/wp-content\/uploads\/2026\/03\/PEM_1\u00b0-incontro_6.jpg\" title=\"PEM_1\u00b0 incontro_6\"  data-caption=\"\"  data-description=\"\">\r\n                                <img decoding=\"async\" data-src=\"https:\/\/www.cgfmanet.org\/wp-content\/uploads\/2026\/03\/PEM_1\u00b0-incontro_6-713x420.jpg\" data-srcset=\"https:\/\/www.cgfmanet.org\/wp-content\/uploads\/2026\/03\/PEM_1\u00b0-incontro_6-713x420.jpg 713w, https:\/\/www.cgfmanet.org\/wp-content\/uploads\/2026\/03\/PEM_1\u00b0-incontro_6-768x453.jpg 768w, https:\/\/www.cgfmanet.org\/wp-content\/uploads\/2026\/03\/PEM_1\u00b0-incontro_6-696x410.jpg 696w, https:\/\/www.cgfmanet.org\/wp-content\/uploads\/2026\/03\/PEM_1\u00b0-incontro_6.jpg 1181w\" data-sizes=\"auto\" alt=\"\" src=\"data:image\/svg+xml;base64,PHN2ZyB3aWR0aD0iMSIgaGVpZ2h0PSIxIiB4bWxucz0iaHR0cDovL3d3dy53My5vcmcvMjAwMC9zdmciPjwvc3ZnPg==\" class=\"lazyload\" style=\"--smush-placeholder-width: 713px; --smush-placeholder-aspect-ratio: 713\/420;\" data-original-sizes=\"(max-width: 713px) 100vw, 713px\">\r\n                            <\/a>\r\n                            \r\n                        <\/figure>\r\n                    <\/div>\r\n                            <\/div>\r\n                        <\/div>\r\n\r\n                        <div class = \"td-doubleSlider-2\">\r\n                            <div class = \"td-slider\">\r\n                                \r\n                    <div class = \"td-button td-item1\">\r\n                        <div class = \"td-border\"><\/div>\r\n                    <\/div>\r\n                    <div class = \"td-button td-item2\">\r\n                        <div class = \"td-border\"><\/div>\r\n                    <\/div>\r\n                    <div class = \"td-button td-item3\">\r\n                        <div class = \"td-border\"><\/div>\r\n                    <\/div>\r\n                    <div class = \"td-button td-item4\">\r\n                        <div class = \"td-border\"><\/div>\r\n                    <\/div>\r\n                    <div class = \"td-button td-item5\">\r\n                        <div class = \"td-border\"><\/div>\r\n                    <\/div>\r\n                    <div class = \"td-button td-item6\">\r\n                        <div class = \"td-border\"><\/div>\r\n                    <\/div>\r\n                            <\/div>\r\n                        <\/div>\r\n\r\n                    <\/div>\r\n\r\n                <\/div>\r\n                \n<p>&nbsp;<\/p>\n","protected":false},"excerpt":{"rendered":"<p>Roma (It\u00e1lia). No domingo, 1\u00ba de mar\u00e7o de 2026, foi oficialmente aberta a Peregrina\u00e7\u00e3o online do PEM, realizada pelo \u00c2mbito das Miss\u00f5es do Instituto das Filhas de Maria Auxiliadora, em [&hellip;]<\/p>\n","protected":false},"author":21,"featured_media":154437,"comment_status":"open","ping_status":"closed","sticky":false,"template":"","format":"standard","meta":{"footnotes":""},"categories":[2471,159],"tags":[1666,1930,2454,2463],"class_list":["post-154432","post","type-post","status-publish","format-standard","has-post-thumbnail","category-150-missao-fma","category-ifma-pt-pt","tag-carisma-salesiano-pt-pt","tag-focus-pt-pt","tag-missionarieta-pt-pt","tag-150-missoes-das-fma"],"yoast_head":"<!-- This site is optimized with the Yoast SEO plugin v27.4 - https:\/\/yoast.com\/product\/yoast-seo-wordpress\/ -->\n<title>In\u00edcio da Peregrina\u00e7\u00e3o online PEM &#8226; Istituto Figlie di Maria Ausiliatrice<\/title>\n<meta name=\"description\" content=\"No dia 1\u00ba de mar\u00e7o de 2026 teve in\u00edcio a Peregrina\u00e7\u00e3o online PEM, proposta pelo \u00c2mbito das Miss\u00f5es do Instituto das FMA, em colabora\u00e7\u00e3o com a Equipe do PEM, rumo ao 150\u00ba anivers\u00e1rio da 1\u00aa Expedi\u00e7\u00e3o Mission\u00e1ria.\" \/>\n<meta name=\"robots\" content=\"index, follow, max-snippet:-1, max-image-preview:large, max-video-preview:-1\" \/>\n<link rel=\"canonical\" href=\"https:\/\/www.cgfmanet.org\/pt-pt\/ifma-pt-pt\/inicio-da-peregrinacao-online-pem\/\" \/>\n<meta property=\"og:locale\" content=\"pt_PT\" \/>\n<meta property=\"og:type\" content=\"article\" \/>\n<meta property=\"og:title\" content=\"In\u00edcio da Peregrina\u00e7\u00e3o online PEM &#8226; Istituto Figlie di Maria Ausiliatrice\" \/>\n<meta property=\"og:description\" content=\"No dia 1\u00ba de mar\u00e7o de 2026 teve in\u00edcio a Peregrina\u00e7\u00e3o online PEM, proposta pelo \u00c2mbito das Miss\u00f5es do Instituto das FMA, em colabora\u00e7\u00e3o com a Equipe do PEM, rumo ao 150\u00ba anivers\u00e1rio da 1\u00aa Expedi\u00e7\u00e3o Mission\u00e1ria.\" \/>\n<meta property=\"og:url\" content=\"https:\/\/www.cgfmanet.org\/pt-pt\/ifma-pt-pt\/inicio-da-peregrinacao-online-pem\/\" \/>\n<meta property=\"og:site_name\" content=\"Istituto Figlie di Maria Ausiliatrice\" \/>\n<meta property=\"article:publisher\" content=\"https:\/\/www.facebook.com\/salesian.sisters.of.don.bosco\/\" \/>\n<meta property=\"article:published_time\" content=\"2026-03-03T21:52:28+00:00\" \/>\n<meta property=\"article:modified_time\" content=\"2026-03-07T21:48:47+00:00\" \/>\n<meta property=\"og:image\" content=\"https:\/\/www.cgfmanet.org\/wp-content\/uploads\/2026\/03\/PEM_1\u00b0-incontro_ok.jpg\" \/>\n\t<meta property=\"og:image:width\" content=\"1200\" \/>\n\t<meta property=\"og:image:height\" content=\"800\" \/>\n\t<meta property=\"og:image:type\" content=\"image\/jpeg\" \/>\n<meta name=\"author\" content=\"Redazione\" \/>\n<meta name=\"twitter:card\" content=\"summary_large_image\" \/>\n<meta name=\"twitter:creator\" content=\"@Cgfmanet_Org\" \/>\n<meta name=\"twitter:site\" content=\"@Cgfmanet_Org\" \/>\n<meta name=\"twitter:label1\" content=\"Escrito por\" \/>\n\t<meta name=\"twitter:data1\" content=\"Redazione\" \/>\n\t<meta name=\"twitter:label2\" content=\"Tempo estimado de leitura\" \/>\n\t<meta name=\"twitter:data2\" content=\"4 minutos\" \/>\n<script type=\"application\/ld+json\" class=\"yoast-schema-graph\">{\"@context\":\"https:\\\/\\\/schema.org\",\"@graph\":[{\"@type\":\"Article\",\"@id\":\"https:\\\/\\\/www.cgfmanet.org\\\/pt-pt\\\/ifma-pt-pt\\\/inicio-da-peregrinacao-online-pem\\\/#article\",\"isPartOf\":{\"@id\":\"https:\\\/\\\/www.cgfmanet.org\\\/pt-pt\\\/ifma-pt-pt\\\/inicio-da-peregrinacao-online-pem\\\/\"},\"author\":{\"name\":\"Redazione\",\"@id\":\"https:\\\/\\\/www.cgfmanet.org\\\/es\\\/#\\\/schema\\\/person\\\/ce6473083f53ef0ef882cca23f0c8fb9\"},\"headline\":\"In\u00edcio da Peregrina\u00e7\u00e3o online PEM\",\"datePublished\":\"2026-03-03T21:52:28+00:00\",\"dateModified\":\"2026-03-07T21:48:47+00:00\",\"mainEntityOfPage\":{\"@id\":\"https:\\\/\\\/www.cgfmanet.org\\\/pt-pt\\\/ifma-pt-pt\\\/inicio-da-peregrinacao-online-pem\\\/\"},\"wordCount\":709,\"commentCount\":1,\"publisher\":{\"@id\":\"https:\\\/\\\/www.cgfmanet.org\\\/es\\\/#organization\"},\"image\":{\"@id\":\"https:\\\/\\\/www.cgfmanet.org\\\/pt-pt\\\/ifma-pt-pt\\\/inicio-da-peregrinacao-online-pem\\\/#primaryimage\"},\"thumbnailUrl\":\"https:\\\/\\\/www.cgfmanet.org\\\/wp-content\\\/uploads\\\/2026\\\/03\\\/PEM_1\u00b0-incontro_ok.jpg\",\"keywords\":[\"Carisma salesiano\",\"Focus\",\"Missionariet\u00e0\",\"150\u00b0 Miss\u00f5es das FMA\"],\"articleSection\":[\"150 Miss\u00e3o FMA\",\"IFMA\"],\"inLanguage\":\"pt-PT\",\"potentialAction\":[{\"@type\":\"CommentAction\",\"name\":\"Comment\",\"target\":[\"https:\\\/\\\/www.cgfmanet.org\\\/pt-pt\\\/ifma-pt-pt\\\/inicio-da-peregrinacao-online-pem\\\/#respond\"]}]},{\"@type\":\"WebPage\",\"@id\":\"https:\\\/\\\/www.cgfmanet.org\\\/pt-pt\\\/ifma-pt-pt\\\/inicio-da-peregrinacao-online-pem\\\/\",\"url\":\"https:\\\/\\\/www.cgfmanet.org\\\/pt-pt\\\/ifma-pt-pt\\\/inicio-da-peregrinacao-online-pem\\\/\",\"name\":\"In\u00edcio da Peregrina\u00e7\u00e3o online PEM &#8226; Istituto Figlie di Maria Ausiliatrice\",\"isPartOf\":{\"@id\":\"https:\\\/\\\/www.cgfmanet.org\\\/es\\\/#website\"},\"primaryImageOfPage\":{\"@id\":\"https:\\\/\\\/www.cgfmanet.org\\\/pt-pt\\\/ifma-pt-pt\\\/inicio-da-peregrinacao-online-pem\\\/#primaryimage\"},\"image\":{\"@id\":\"https:\\\/\\\/www.cgfmanet.org\\\/pt-pt\\\/ifma-pt-pt\\\/inicio-da-peregrinacao-online-pem\\\/#primaryimage\"},\"thumbnailUrl\":\"https:\\\/\\\/www.cgfmanet.org\\\/wp-content\\\/uploads\\\/2026\\\/03\\\/PEM_1\u00b0-incontro_ok.jpg\",\"datePublished\":\"2026-03-03T21:52:28+00:00\",\"dateModified\":\"2026-03-07T21:48:47+00:00\",\"description\":\"No dia 1\u00ba de mar\u00e7o de 2026 teve in\u00edcio a Peregrina\u00e7\u00e3o online PEM, proposta pelo \u00c2mbito das Miss\u00f5es do Instituto das FMA, em colabora\u00e7\u00e3o com a Equipe do PEM, rumo ao 150\u00ba anivers\u00e1rio da 1\u00aa Expedi\u00e7\u00e3o Mission\u00e1ria.\",\"breadcrumb\":{\"@id\":\"https:\\\/\\\/www.cgfmanet.org\\\/pt-pt\\\/ifma-pt-pt\\\/inicio-da-peregrinacao-online-pem\\\/#breadcrumb\"},\"inLanguage\":\"pt-PT\",\"potentialAction\":[{\"@type\":\"ReadAction\",\"target\":[\"https:\\\/\\\/www.cgfmanet.org\\\/pt-pt\\\/ifma-pt-pt\\\/inicio-da-peregrinacao-online-pem\\\/\"]}]},{\"@type\":\"ImageObject\",\"inLanguage\":\"pt-PT\",\"@id\":\"https:\\\/\\\/www.cgfmanet.org\\\/pt-pt\\\/ifma-pt-pt\\\/inicio-da-peregrinacao-online-pem\\\/#primaryimage\",\"url\":\"https:\\\/\\\/www.cgfmanet.org\\\/wp-content\\\/uploads\\\/2026\\\/03\\\/PEM_1\u00b0-incontro_ok.jpg\",\"contentUrl\":\"https:\\\/\\\/www.cgfmanet.org\\\/wp-content\\\/uploads\\\/2026\\\/03\\\/PEM_1\u00b0-incontro_ok.jpg\",\"width\":1200,\"height\":800},{\"@type\":\"BreadcrumbList\",\"@id\":\"https:\\\/\\\/www.cgfmanet.org\\\/pt-pt\\\/ifma-pt-pt\\\/inicio-da-peregrinacao-online-pem\\\/#breadcrumb\",\"itemListElement\":[{\"@type\":\"ListItem\",\"position\":1,\"name\":\"Home\",\"item\":\"https:\\\/\\\/www.cgfmanet.org\\\/pt-pt\\\/\"},{\"@type\":\"ListItem\",\"position\":2,\"name\":\"In\u00edcio da Peregrina\u00e7\u00e3o online PEM\"}]},{\"@type\":\"WebSite\",\"@id\":\"https:\\\/\\\/www.cgfmanet.org\\\/es\\\/#website\",\"url\":\"https:\\\/\\\/www.cgfmanet.org\\\/es\\\/\",\"name\":\"Istituto Figlie di Maria Ausiliatrice\",\"description\":\"Salesiane di Don Bosco\",\"publisher\":{\"@id\":\"https:\\\/\\\/www.cgfmanet.org\\\/es\\\/#organization\"},\"potentialAction\":[{\"@type\":\"SearchAction\",\"target\":{\"@type\":\"EntryPoint\",\"urlTemplate\":\"https:\\\/\\\/www.cgfmanet.org\\\/es\\\/?s={search_term_string}\"},\"query-input\":{\"@type\":\"PropertyValueSpecification\",\"valueRequired\":true,\"valueName\":\"search_term_string\"}}],\"inLanguage\":\"pt-PT\"},{\"@type\":\"Organization\",\"@id\":\"https:\\\/\\\/www.cgfmanet.org\\\/es\\\/#organization\",\"name\":\"Istituto Figlie di Maria Ausiliatrice\",\"url\":\"https:\\\/\\\/www.cgfmanet.org\\\/es\\\/\",\"logo\":{\"@type\":\"ImageObject\",\"inLanguage\":\"pt-PT\",\"@id\":\"https:\\\/\\\/www.cgfmanet.org\\\/es\\\/#\\\/schema\\\/logo\\\/image\\\/\",\"url\":\"https:\\\/\\\/www.cgfmanet.org\\\/wp-content\\\/uploads\\\/2018\\\/10\\\/logo-fma.png\",\"contentUrl\":\"https:\\\/\\\/www.cgfmanet.org\\\/wp-content\\\/uploads\\\/2018\\\/10\\\/logo-fma.png\",\"width\":214,\"height\":55,\"caption\":\"Istituto Figlie di Maria Ausiliatrice\"},\"image\":{\"@id\":\"https:\\\/\\\/www.cgfmanet.org\\\/es\\\/#\\\/schema\\\/logo\\\/image\\\/\"},\"sameAs\":[\"https:\\\/\\\/www.facebook.com\\\/salesian.sisters.of.don.bosco\\\/\",\"https:\\\/\\\/x.com\\\/Cgfmanet_Org\",\"https:\\\/\\\/www.youtube.com\\\/channel\\\/UCmcr8yFQBV7JXeXVxyV9y5Q\"]},{\"@type\":\"Person\",\"@id\":\"https:\\\/\\\/www.cgfmanet.org\\\/es\\\/#\\\/schema\\\/person\\\/ce6473083f53ef0ef882cca23f0c8fb9\",\"name\":\"Redazione\"}]}<\/script>\n<!-- \/ Yoast SEO plugin. -->","yoast_head_json":{"title":"In\u00edcio da Peregrina\u00e7\u00e3o online PEM &#8226; Istituto Figlie di Maria Ausiliatrice","description":"No dia 1\u00ba de mar\u00e7o de 2026 teve in\u00edcio a Peregrina\u00e7\u00e3o online PEM, proposta pelo \u00c2mbito das Miss\u00f5es do Instituto das FMA, em colabora\u00e7\u00e3o com a Equipe do PEM, rumo ao 150\u00ba anivers\u00e1rio da 1\u00aa Expedi\u00e7\u00e3o Mission\u00e1ria.","robots":{"index":"index","follow":"follow","max-snippet":"max-snippet:-1","max-image-preview":"max-image-preview:large","max-video-preview":"max-video-preview:-1"},"canonical":"https:\/\/www.cgfmanet.org\/pt-pt\/ifma-pt-pt\/inicio-da-peregrinacao-online-pem\/","og_locale":"pt_PT","og_type":"article","og_title":"In\u00edcio da Peregrina\u00e7\u00e3o online PEM &#8226; Istituto Figlie di Maria Ausiliatrice","og_description":"No dia 1\u00ba de mar\u00e7o de 2026 teve in\u00edcio a Peregrina\u00e7\u00e3o online PEM, proposta pelo \u00c2mbito das Miss\u00f5es do Instituto das FMA, em colabora\u00e7\u00e3o com a Equipe do PEM, rumo ao 150\u00ba anivers\u00e1rio da 1\u00aa Expedi\u00e7\u00e3o Mission\u00e1ria.","og_url":"https:\/\/www.cgfmanet.org\/pt-pt\/ifma-pt-pt\/inicio-da-peregrinacao-online-pem\/","og_site_name":"Istituto Figlie di Maria Ausiliatrice","article_publisher":"https:\/\/www.facebook.com\/salesian.sisters.of.don.bosco\/","article_published_time":"2026-03-03T21:52:28+00:00","article_modified_time":"2026-03-07T21:48:47+00:00","og_image":[{"width":1200,"height":800,"url":"https:\/\/www.cgfmanet.org\/wp-content\/uploads\/2026\/03\/PEM_1\u00b0-incontro_ok.jpg","type":"image\/jpeg"}],"author":"Redazione","twitter_card":"summary_large_image","twitter_creator":"@Cgfmanet_Org","twitter_site":"@Cgfmanet_Org","twitter_misc":{"Escrito por":"Redazione","Tempo estimado de leitura":"4 minutos"},"schema":{"@context":"https:\/\/schema.org","@graph":[{"@type":"Article","@id":"https:\/\/www.cgfmanet.org\/pt-pt\/ifma-pt-pt\/inicio-da-peregrinacao-online-pem\/#article","isPartOf":{"@id":"https:\/\/www.cgfmanet.org\/pt-pt\/ifma-pt-pt\/inicio-da-peregrinacao-online-pem\/"},"author":{"name":"Redazione","@id":"https:\/\/www.cgfmanet.org\/es\/#\/schema\/person\/ce6473083f53ef0ef882cca23f0c8fb9"},"headline":"In\u00edcio da Peregrina\u00e7\u00e3o online PEM","datePublished":"2026-03-03T21:52:28+00:00","dateModified":"2026-03-07T21:48:47+00:00","mainEntityOfPage":{"@id":"https:\/\/www.cgfmanet.org\/pt-pt\/ifma-pt-pt\/inicio-da-peregrinacao-online-pem\/"},"wordCount":709,"commentCount":1,"publisher":{"@id":"https:\/\/www.cgfmanet.org\/es\/#organization"},"image":{"@id":"https:\/\/www.cgfmanet.org\/pt-pt\/ifma-pt-pt\/inicio-da-peregrinacao-online-pem\/#primaryimage"},"thumbnailUrl":"https:\/\/www.cgfmanet.org\/wp-content\/uploads\/2026\/03\/PEM_1\u00b0-incontro_ok.jpg","keywords":["Carisma salesiano","Focus","Missionariet\u00e0","150\u00b0 Miss\u00f5es das FMA"],"articleSection":["150 Miss\u00e3o FMA","IFMA"],"inLanguage":"pt-PT","potentialAction":[{"@type":"CommentAction","name":"Comment","target":["https:\/\/www.cgfmanet.org\/pt-pt\/ifma-pt-pt\/inicio-da-peregrinacao-online-pem\/#respond"]}]},{"@type":"WebPage","@id":"https:\/\/www.cgfmanet.org\/pt-pt\/ifma-pt-pt\/inicio-da-peregrinacao-online-pem\/","url":"https:\/\/www.cgfmanet.org\/pt-pt\/ifma-pt-pt\/inicio-da-peregrinacao-online-pem\/","name":"In\u00edcio da Peregrina\u00e7\u00e3o online PEM &#8226; Istituto Figlie di Maria Ausiliatrice","isPartOf":{"@id":"https:\/\/www.cgfmanet.org\/es\/#website"},"primaryImageOfPage":{"@id":"https:\/\/www.cgfmanet.org\/pt-pt\/ifma-pt-pt\/inicio-da-peregrinacao-online-pem\/#primaryimage"},"image":{"@id":"https:\/\/www.cgfmanet.org\/pt-pt\/ifma-pt-pt\/inicio-da-peregrinacao-online-pem\/#primaryimage"},"thumbnailUrl":"https:\/\/www.cgfmanet.org\/wp-content\/uploads\/2026\/03\/PEM_1\u00b0-incontro_ok.jpg","datePublished":"2026-03-03T21:52:28+00:00","dateModified":"2026-03-07T21:48:47+00:00","description":"No dia 1\u00ba de mar\u00e7o de 2026 teve in\u00edcio a Peregrina\u00e7\u00e3o online PEM, proposta pelo \u00c2mbito das Miss\u00f5es do Instituto das FMA, em colabora\u00e7\u00e3o com a Equipe do PEM, rumo ao 150\u00ba anivers\u00e1rio da 1\u00aa Expedi\u00e7\u00e3o Mission\u00e1ria.","breadcrumb":{"@id":"https:\/\/www.cgfmanet.org\/pt-pt\/ifma-pt-pt\/inicio-da-peregrinacao-online-pem\/#breadcrumb"},"inLanguage":"pt-PT","potentialAction":[{"@type":"ReadAction","target":["https:\/\/www.cgfmanet.org\/pt-pt\/ifma-pt-pt\/inicio-da-peregrinacao-online-pem\/"]}]},{"@type":"ImageObject","inLanguage":"pt-PT","@id":"https:\/\/www.cgfmanet.org\/pt-pt\/ifma-pt-pt\/inicio-da-peregrinacao-online-pem\/#primaryimage","url":"https:\/\/www.cgfmanet.org\/wp-content\/uploads\/2026\/03\/PEM_1\u00b0-incontro_ok.jpg","contentUrl":"https:\/\/www.cgfmanet.org\/wp-content\/uploads\/2026\/03\/PEM_1\u00b0-incontro_ok.jpg","width":1200,"height":800},{"@type":"BreadcrumbList","@id":"https:\/\/www.cgfmanet.org\/pt-pt\/ifma-pt-pt\/inicio-da-peregrinacao-online-pem\/#breadcrumb","itemListElement":[{"@type":"ListItem","position":1,"name":"Home","item":"https:\/\/www.cgfmanet.org\/pt-pt\/"},{"@type":"ListItem","position":2,"name":"In\u00edcio da Peregrina\u00e7\u00e3o online PEM"}]},{"@type":"WebSite","@id":"https:\/\/www.cgfmanet.org\/es\/#website","url":"https:\/\/www.cgfmanet.org\/es\/","name":"Istituto Figlie di Maria Ausiliatrice","description":"Salesiane di Don Bosco","publisher":{"@id":"https:\/\/www.cgfmanet.org\/es\/#organization"},"potentialAction":[{"@type":"SearchAction","target":{"@type":"EntryPoint","urlTemplate":"https:\/\/www.cgfmanet.org\/es\/?s={search_term_string}"},"query-input":{"@type":"PropertyValueSpecification","valueRequired":true,"valueName":"search_term_string"}}],"inLanguage":"pt-PT"},{"@type":"Organization","@id":"https:\/\/www.cgfmanet.org\/es\/#organization","name":"Istituto Figlie di Maria Ausiliatrice","url":"https:\/\/www.cgfmanet.org\/es\/","logo":{"@type":"ImageObject","inLanguage":"pt-PT","@id":"https:\/\/www.cgfmanet.org\/es\/#\/schema\/logo\/image\/","url":"https:\/\/www.cgfmanet.org\/wp-content\/uploads\/2018\/10\/logo-fma.png","contentUrl":"https:\/\/www.cgfmanet.org\/wp-content\/uploads\/2018\/10\/logo-fma.png","width":214,"height":55,"caption":"Istituto Figlie di Maria Ausiliatrice"},"image":{"@id":"https:\/\/www.cgfmanet.org\/es\/#\/schema\/logo\/image\/"},"sameAs":["https:\/\/www.facebook.com\/salesian.sisters.of.don.bosco\/","https:\/\/x.com\/Cgfmanet_Org","https:\/\/www.youtube.com\/channel\/UCmcr8yFQBV7JXeXVxyV9y5Q"]},{"@type":"Person","@id":"https:\/\/www.cgfmanet.org\/es\/#\/schema\/person\/ce6473083f53ef0ef882cca23f0c8fb9","name":"Redazione"}]}},"_links":{"self":[{"href":"https:\/\/www.cgfmanet.org\/pt-pt\/wp-json\/wp\/v2\/posts\/154432","targetHints":{"allow":["GET"]}}],"collection":[{"href":"https:\/\/www.cgfmanet.org\/pt-pt\/wp-json\/wp\/v2\/posts"}],"about":[{"href":"https:\/\/www.cgfmanet.org\/pt-pt\/wp-json\/wp\/v2\/types\/post"}],"author":[{"embeddable":true,"href":"https:\/\/www.cgfmanet.org\/pt-pt\/wp-json\/wp\/v2\/users\/21"}],"replies":[{"embeddable":true,"href":"https:\/\/www.cgfmanet.org\/pt-pt\/wp-json\/wp\/v2\/comments?post=154432"}],"version-history":[{"count":2,"href":"https:\/\/www.cgfmanet.org\/pt-pt\/wp-json\/wp\/v2\/posts\/154432\/revisions"}],"predecessor-version":[{"id":154651,"href":"https:\/\/www.cgfmanet.org\/pt-pt\/wp-json\/wp\/v2\/posts\/154432\/revisions\/154651"}],"wp:featuredmedia":[{"embeddable":true,"href":"https:\/\/www.cgfmanet.org\/pt-pt\/wp-json\/wp\/v2\/media\/154437"}],"wp:attachment":[{"href":"https:\/\/www.cgfmanet.org\/pt-pt\/wp-json\/wp\/v2\/media?parent=154432"}],"wp:term":[{"taxonomy":"category","embeddable":true,"href":"https:\/\/www.cgfmanet.org\/pt-pt\/wp-json\/wp\/v2\/categories?post=154432"},{"taxonomy":"post_tag","embeddable":true,"href":"https:\/\/www.cgfmanet.org\/pt-pt\/wp-json\/wp\/v2\/tags?post=154432"}],"curies":[{"name":"wp","href":"https:\/\/api.w.org\/{rel}","templated":true}]}}