{"id":154005,"date":"2026-04-05T08:39:47","date_gmt":"2026-04-05T06:39:47","guid":{"rendered":"https:\/\/www.cgfmanet.org\/infosfera-pt-pt\/ucraina-invocando-la-pace-nel-4-anniversario-del-conflitto\/"},"modified":"2026-02-25T22:36:42","modified_gmt":"2026-02-25T21:36:42","slug":"ucrania-invocando-a-paz-no-4o-aniversario-do-conflito","status":"publish","type":"post","link":"https:\/\/www.cgfmanet.org\/pt-pt\/emergencias-e-campanhas-humanitarias\/ucrania-invocando-a-paz-no-4o-aniversario-do-conflito\/","title":{"rendered":"Ucr\u00e2nia: invocando a paz no 4\u00ba anivers\u00e1rio do conflito"},"content":{"rendered":"<p><strong>Ucr\u00e2nia.<\/strong> No quarto anivers\u00e1rio do in\u00edcio da invas\u00e3o russa da Ucr\u00e2nia em larga escala, iniciada em 24 de fevereiro de 2022, enquanto o Pa\u00eds vive o Segundo Dia Nacional de Ora\u00e7\u00e3o, as Filhas de Maria Auxiliadora da Visitadoria <em>M\u00e3e de Deus<\/em> (EEG) continuam a elevar ao Senhor uma \u00fanica e insistente invoca\u00e7\u00e3o: o dom da paz. H\u00e1 quatro anos acompanham com esperan\u00e7a o seu povo no sofrimento, confiando cada l\u00e1grima ao Cora\u00e7\u00e3o de Deus, ao qual os Bispos da Igreja Cat\u00f3lica Romana na Ucr\u00e2nia dedicaram o ano de 2026.<\/p>\n<p>Neste dia, a irm\u00e3 Natalia Vakulishyna ir\u00e1 ao Santu\u00e1rio Nacional de Nossa Senhora de Berdychiv para participar da ora\u00e7\u00e3o do Ros\u00e1rio, organizada em n\u00edvel mundial pela R\u00e1dio Maria e transmitida internacionalmente ao vivo. Ser\u00e1 um momento extraordin\u00e1rio de s\u00faplica pela paz que unir\u00e1 toda a Igreja. A celebra\u00e7\u00e3o ser\u00e1 presidida pelo Bispo ordin\u00e1rio da diocese de Kyiv-Zhytomyr, S. E. Dom Vitaliy Kryvytskyi.<\/p>\n<p>O Ros\u00e1rio ser\u00e1 rezado em diversas l\u00ednguas \u2014 ucraniano, italiano, ingl\u00eas, polon\u00eas e latim \u2014 e a irm\u00e3 Natalia conduzir\u00e1 uma dezena em ingl\u00eas. Em seguida, o Bispo celebrar\u00e1 a Santa Missa, unindo-se \u00e0 Igreja local e universal nesta intensa s\u00faplica pela paz.<\/p>\n<p><strong>As FMA, em Kyiv como nas outras Comunidades, continuam com fidelidade as atividades ordin\u00e1rias<\/strong>: a escola, a acolhida das crian\u00e7as e dos pais, o acompanhamento de quem sofre, dos feridos nos hospitais, de quem perdeu os pr\u00f3prios entes queridos e de quem espera familiares detidos ou aprisionados na R\u00fassia. <strong>As irm\u00e3s de Kyiv<\/strong>, al\u00e9m disso, est\u00e3o plenamente envolvidas na Pastoral Juvenil em n\u00edvel diocesano. Na semana passada, deram a sua contribui\u00e7\u00e3o ao curso de animadores junto aos Salesianos de Dom Bosco, aos encontros organizativos em prepara\u00e7\u00e3o \u00e0 Festa Diocesana dos Adolescentes \u2014 que ser\u00e1 realizada em maio de 2026, envolvendo 400 adolescentes \u2014 e \u00e0 Festa dos Jovens, em setembro de 2026.<\/p>\n<p><em>\u201cAcreditamos firmemente que, depois de um inverno t\u00e3o duro em Kyiv \u2014 meses sem aquecimento, sem eletricidade, com temperaturas abaixo de -20\u00b0C \u2014 a primavera certamente chegar\u00e1. Atravessaremos o tempo da Quaresma e nos prepararemos \u00e0 P\u00e1scoa com o cora\u00e7\u00e3o renovado. Rezamos com as crian\u00e7as na escola, na par\u00f3quia, com a comunidade educativa e a Igreja local;<strong> permanecemos ao lado do nosso povo e reavivamos a esperan\u00e7a: mesmo na escurid\u00e3o da guerra, acreditamos que Deus continua a agir e que a paz \u00e9 um dom poss\u00edvel\u201d<\/strong><\/em>, diz a irm\u00e3 Natalia.<\/p>\n<p><a href=\"https:\/\/www.cgfmanet.org\/wp-content\/uploads\/2026\/02\/Kyiv.jpg\"><img decoding=\"async\" class=\"aligncenter wp-image-153987 size-full lazyload\" data-src=\"https:\/\/www.cgfmanet.org\/wp-content\/uploads\/2026\/02\/Kyiv.jpg\" alt=\"\" width=\"1280\" height=\"887\" data-srcset=\"https:\/\/www.cgfmanet.org\/wp-content\/uploads\/2026\/02\/Kyiv.jpg 1280w, https:\/\/www.cgfmanet.org\/wp-content\/uploads\/2026\/02\/Kyiv-768x532.jpg 768w, https:\/\/www.cgfmanet.org\/wp-content\/uploads\/2026\/02\/Kyiv-606x420.jpg 606w, https:\/\/www.cgfmanet.org\/wp-content\/uploads\/2026\/02\/Kyiv-218x150.jpg 218w, https:\/\/www.cgfmanet.org\/wp-content\/uploads\/2026\/02\/Kyiv-696x482.jpg 696w, https:\/\/www.cgfmanet.org\/wp-content\/uploads\/2026\/02\/Kyiv-100x70.jpg 100w\" data-sizes=\"auto\" src=\"data:image\/svg+xml;base64,PHN2ZyB3aWR0aD0iMSIgaGVpZ2h0PSIxIiB4bWxucz0iaHR0cDovL3d3dy53My5vcmcvMjAwMC9zdmciPjwvc3ZnPg==\" style=\"--smush-placeholder-width: 1280px; --smush-placeholder-aspect-ratio: 1280\/887;\" data-original-sizes=\"(max-width: 1280px) 100vw, 1280px\" \/><\/a><\/p>\n<p><strong>A irm\u00e3 Teresa Matyja compartilha a situa\u00e7\u00e3o de Odessa:<\/strong><\/p>\n<p><em>J\u00e1 se passaram quatro anos desde que acordamos na manh\u00e3 de 24 de fevereiro de 2022 e ouvimos: a guerra come\u00e7ou. Quatro anos de vida e de espera para que a paz chegasse, para que tudo voltasse \u00e0 normalidade, ainda que essa normalidade nunca mais fosse a mesma. A experi\u00eancia da guerra, dos cont\u00ednuos alarmes e bombardeios, o medo de tantas pessoas e o desespero nos olhos de muitos.<\/em><\/p>\n<p><em>Gostaria de compartilhar a situa\u00e7\u00e3o atual das pessoas que vivem em Odessa e na regi\u00e3o. Estar com as pessoas, falar com elas \u2014 tudo o que experimentam penetra profundamente no cora\u00e7\u00e3o.<\/em><\/p>\n<p><em><img decoding=\"async\" class=\"alignleft wp-image-153977 lazyload\" data-src=\"https:\/\/www.cgfmanet.org\/wp-content\/uploads\/2026\/02\/Odessa.jpg\" alt=\"\" width=\"400\" height=\"407\" data-srcset=\"https:\/\/www.cgfmanet.org\/wp-content\/uploads\/2026\/02\/Odessa.jpg 959w, https:\/\/www.cgfmanet.org\/wp-content\/uploads\/2026\/02\/Odessa-768x782.jpg 768w, https:\/\/www.cgfmanet.org\/wp-content\/uploads\/2026\/02\/Odessa-413x420.jpg 413w, https:\/\/www.cgfmanet.org\/wp-content\/uploads\/2026\/02\/Odessa-696x708.jpg 696w\" data-sizes=\"auto\" src=\"data:image\/svg+xml;base64,PHN2ZyB3aWR0aD0iMSIgaGVpZ2h0PSIxIiB4bWxucz0iaHR0cDovL3d3dy53My5vcmcvMjAwMC9zdmciPjwvc3ZnPg==\" style=\"--smush-placeholder-width: 400px; --smush-placeholder-aspect-ratio: 400\/407;\" data-original-sizes=\"(max-width: 400px) 100vw, 400px\" \/><\/em><\/p>\n<p><em>Atualmente h\u00e1 um grande problema com a falta de eletricidade e de \u00e1gua. Apesar disso, o inverno deste ano \u00e9 longo e \u00e1rduo. A eletricidade \u00e9 interrompida com muita frequ\u00eancia: est\u00e1 ausente mais vezes do que presente. Em algumas \u00e1reas de Odessa e da regi\u00e3o, as pessoas est\u00e3o sem eletricidade h\u00e1 semanas. E quando n\u00e3o h\u00e1 eletricidade, muitas vezes faltam tamb\u00e9m \u00e1gua e aquecimento. Se possuem um gerador, ligam-no apenas como \u00faltimo recurso, porque \u00e9 muito caro. Alguns utilizam tamb\u00e9m uma central el\u00e9trica, mas poucos a possuem.<\/em><\/p>\n<p><em>Na maioria dos casos, as crian\u00e7as aprendem \u00e0 dist\u00e2ncia; as escolas n\u00e3o s\u00e3o adequadas para acolher todos. Quando ocorre uma interrup\u00e7\u00e3o de energia, consequentemente n\u00e3o h\u00e1 internet e o c\u00edrculo se fecha.<\/em><\/p>\n<p><em>Os efeitos do frio s\u00e3o muito graves: as pessoas adoecem. Os medicamentos s\u00e3o muito caros e nem todos podem arcar com os tratamentos. Tudo isso \u00e9 consequ\u00eancia do frio. Se as crian\u00e7as v\u00e3o \u00e0 escola, quando o alarme toca, devem refugiar-se em abrigos onde a temperatura gira em torno de 7 graus<\/em> <em>Celsius, \u00e0s vezes at\u00e9 mais baixa. E depois v\u00eam as doen\u00e7as. Estamos ajudando o m\u00e1ximo poss\u00edvel, doando fundos para tratamentos, combust\u00edvel e alimento. Tamb\u00e9m compramos lanternas.<\/em><\/p>\n<p><em>A situa\u00e7\u00e3o \u00e9 muito dif\u00edcil. Todos estamos esperando que o tempo melhore um pouco, porque o frio est\u00e1 se fazendo sentir. Em Odessa h\u00e1 muita umidade, com presen\u00e7a de ar mar\u00edtimo e frequentemente h\u00e1 um forte vento. As pessoas est\u00e3o atravessando um per\u00edodo muito dif\u00edcil, por isso procuramos ajud\u00e1-las o m\u00e1ximo poss\u00edvel.<\/em><\/p>\n<p><em>As pessoas dormem com gorros de l\u00e3, sob muitas cobertas. Apesar de tudo, n\u00e3o perdemos a esperan\u00e7a. Procuramos estar com elas, ajud\u00e1-las, falar com elas e encoraj\u00e1-las a rezar. O que podemos sem Deus?<\/em><\/p>\n<p><em>Algumas pessoas sofrem tamb\u00e9m de depress\u00e3o. Por causa do estresse e do medo, muitas crian\u00e7as come\u00e7am a sofrer de diabetes. Tanto quem sofre de depress\u00e3o quanto quem \u00e9 afetado pelo diabetes precisa de recursos para tratamento. Existem programas de assist\u00eancia. Mas s\u00e3o acess\u00edveis a todos?<\/em><\/p>\n<p><strong><em>\u00c9 por isso que considero a nossa presen\u00e7a uma presen\u00e7a amiga: mostramos \u00e0s pessoas que n\u00e3o est\u00e3o sozinhas e que algu\u00e9m cuida delas.<\/em><\/strong><em> N\u00e3o agimos sozinhas. Somos apenas media\u00e7\u00f5es, uma ponte entre quem quer ajudar e quem precisa desesperadamente. N\u00e3o perdemos a esperan\u00e7a, perseveramos e, tirando for\u00e7a e poder da ora\u00e7\u00e3o e de uma rela\u00e7\u00e3o viva com Deus, partilhamos f\u00e9, esperan\u00e7a e amor.<\/em><\/p>\n<p><strong><em>Viver aqui e experimentar tudo isso nos ensina uma perspectiva diversa sobre a realidade e sobre viver o \u201caqui e agora\u201d, sem grandes projetos. Estamos nas m\u00e3os de Deus e nos deixamos guiar para nos unirmos a Ele no acompanhamento de quem est\u00e1 em necessidade\u201d.<\/em><\/strong><\/p>\n<p><strong>O testemunho da irm\u00e3 Jolanta Lisak, de Lviv:<\/strong><\/p>\n<p><em>\u201cEm 24 de fevereiro de 2022, nenhum de n\u00f3s poderia imaginar que esta horr\u00edvel guerra duraria at\u00e9 hoje. Sem d\u00favida os primeiros dias, as primeiras semanas e os primeiros meses da guerra foram os mais dif\u00edceis. N\u00e3o est\u00e1vamos preparados para a chegada da guerra com a sua crueldade.<\/em><\/p>\n<p><em>O primeiro per\u00edodo trouxe desafios urgentes. Nos primeiros dias faz\u00edamos, em casa, com as jovens mulheres, curativos para os feridos e redes de camuflagem para ajudar a salvar os nossos defensores. Depois come\u00e7aram a chegar os trens com refugiados do leste da Ucr\u00e2nia, ent\u00e3o acolhemos em casa m\u00e3es com filhos pequenos e ajud\u00e1vamos os refugiados hospedados nas escolas.<\/em><\/p>\n<p><em>Gra\u00e7as \u00e0 grande solidariedade e ao grande apoio dos volunt\u00e1rios, pudemos receber e distribuir as ajudas humanit\u00e1rias que vinham de diversas partes do mundo. Cada dia, cada semana, m\u00eas e ano traz novos desafios ligados ao conflito.<\/em><\/p>\n<p><strong><em>Depois de quatro anos, ningu\u00e9m se acostumou com a guerra, mas aprendemos a viver em condi\u00e7\u00f5es de guerra.<\/em><\/strong><em> O rosto da guerra mudou, mas infelizmente n\u00e3o perdeu a sua crueldade. N\u00f3s, em Lviv, estamos na parte oeste da Ucr\u00e2nia e somos menos bombardeados em compara\u00e7\u00e3o com o leste, por\u00e9m, tamb\u00e9m aqui, de vez em quando, caem bombas. Quase todos os dias ouvimos os \u201csons da guerra\u201d, porque a nossa casa em Lviv fica perto do Campo de Marte, o cemit\u00e9rio onde est\u00e3o sepultados os militares \u2014 Her\u00f3is da Ucr\u00e2nia, que nos defenderam.<\/em><\/p>\n<p><em>Por volta do meio-dia ouvimos as honras f\u00fanebres dos soldados ca\u00eddos. Desde o in\u00edcio da guerra visitamos tamb\u00e9m os militares feridos no hospital militar e, h\u00e1 dois anos, uma vez por m\u00eas, junto aos membros da Associa\u00e7\u00e3o de Maria Auxiliadora (ADMA) e \u00e0s jovens do nosso pensionato, levamos-lhes bolos e biscoitos feitos em casa. Procuramos levar-lhes n\u00e3o s\u00f3 doces, mas a nossa gratid\u00e3o, proximidade, uma boa palavra e lhes asseguramos a ora\u00e7\u00e3o. Muitas vezes s\u00e3o jovens, sem pernas e m\u00e3os, mas vivos, ainda que alguns com os olhos apagados. Atrav\u00e9s da presen\u00e7a e da ora\u00e7\u00e3o procuramos levar-lhes um pequeno raio de esperan\u00e7a\u201d.<\/em><\/p>\n\r\n                <style type=\"text\/css\">\r\n                    \r\n                    #tdi_1  .td-doubleSlider-2 .td-item1 {\r\n                        background: url(https:\/\/www.cgfmanet.org\/wp-content\/uploads\/2026\/02\/Lviv-1-80x60.jpg) 0 0 no-repeat;\r\n                    }\r\n                    #tdi_1  .td-doubleSlider-2 .td-item2 {\r\n                        background: url(https:\/\/www.cgfmanet.org\/wp-content\/uploads\/2026\/02\/Lviv-2-80x60.jpg) 0 0 no-repeat;\r\n                    }\r\n                    #tdi_1  .td-doubleSlider-2 .td-item3 {\r\n                        background: url(https:\/\/www.cgfmanet.org\/wp-content\/uploads\/2026\/02\/Lviv-3-80x60.jpg) 0 0 no-repeat;\r\n                    }\r\n                <\/style>\r\n\r\n                <div id=\"tdi_1\" class=\"td-gallery td-slide-on-2-columns\">\r\n                    <div class=\"post_td_gallery\">\r\n                        <div class=\"td-gallery-slide-top\">\r\n                           <div class=\"td-gallery-title\"><\/div>\r\n\r\n                            <div class=\"td-gallery-controls-wrapper\">\r\n                                <div class=\"td-gallery-slide-count\"><span class=\"td-gallery-slide-item-focus\">1<\/span> do 3<\/div>\r\n                                <div class=\"td-gallery-slide-prev-next-but\">\r\n                                    <i class = \"td-icon-left doubleSliderPrevButton\"><\/i>\r\n                                    <i class = \"td-icon-right doubleSliderNextButton\"><\/i>\r\n                                <\/div>\r\n                            <\/div>\r\n                        <\/div>\r\n\r\n                        <div class = \"td-doubleSlider-1 \">\r\n                            <div class = \"td-slider\">\r\n                                \r\n                    <div class = \"td-slide-item td-item1\">\r\n                        <figure class=\"td-slide-galery-figure td-slide-popup-gallery\">\r\n                            <a class=\"slide-gallery-image-link\" href=\"https:\/\/www.cgfmanet.org\/wp-content\/uploads\/2026\/02\/Lviv-1.jpg\" title=\"Lviv 1\"  data-caption=\"\"  data-description=\"\">\r\n                                <img decoding=\"async\" data-src=\"https:\/\/www.cgfmanet.org\/wp-content\/uploads\/2026\/02\/Lviv-1-420x420.jpg\" data-srcset=\"https:\/\/www.cgfmanet.org\/wp-content\/uploads\/2026\/02\/Lviv-1-420x420.jpg 420w, https:\/\/www.cgfmanet.org\/wp-content\/uploads\/2026\/02\/Lviv-1-768x769.jpg 768w, https:\/\/www.cgfmanet.org\/wp-content\/uploads\/2026\/02\/Lviv-1-696x697.jpg 696w, https:\/\/www.cgfmanet.org\/wp-content\/uploads\/2026\/02\/Lviv-1.jpg 960w\" data-sizes=\"auto\" alt=\"\" src=\"data:image\/svg+xml;base64,PHN2ZyB3aWR0aD0iMSIgaGVpZ2h0PSIxIiB4bWxucz0iaHR0cDovL3d3dy53My5vcmcvMjAwMC9zdmciPjwvc3ZnPg==\" class=\"lazyload\" style=\"--smush-placeholder-width: 420px; --smush-placeholder-aspect-ratio: 420\/420;\" data-original-sizes=\"(max-width: 420px) 100vw, 420px\">\r\n                            <\/a>\r\n                            \r\n                        <\/figure>\r\n                    <\/div>\r\n                    <div class = \"td-slide-item td-item2\">\r\n                        <figure class=\"td-slide-galery-figure td-slide-popup-gallery\">\r\n                            <a class=\"slide-gallery-image-link\" href=\"https:\/\/www.cgfmanet.org\/wp-content\/uploads\/2026\/02\/Lviv-2.jpg\" title=\"Lviv 2\"  data-caption=\"\"  data-description=\"\">\r\n                                <img decoding=\"async\" data-src=\"https:\/\/www.cgfmanet.org\/wp-content\/uploads\/2026\/02\/Lviv-2-630x420.jpg\" data-srcset=\"https:\/\/www.cgfmanet.org\/wp-content\/uploads\/2026\/02\/Lviv-2-630x420.jpg 630w, https:\/\/www.cgfmanet.org\/wp-content\/uploads\/2026\/02\/Lviv-2-768x512.jpg 768w, https:\/\/www.cgfmanet.org\/wp-content\/uploads\/2026\/02\/Lviv-2-696x464.jpg 696w, https:\/\/www.cgfmanet.org\/wp-content\/uploads\/2026\/02\/Lviv-2.jpg 1280w\" data-sizes=\"auto\" alt=\"\" src=\"data:image\/svg+xml;base64,PHN2ZyB3aWR0aD0iMSIgaGVpZ2h0PSIxIiB4bWxucz0iaHR0cDovL3d3dy53My5vcmcvMjAwMC9zdmciPjwvc3ZnPg==\" class=\"lazyload\" style=\"--smush-placeholder-width: 630px; --smush-placeholder-aspect-ratio: 630\/420;\" data-original-sizes=\"(max-width: 630px) 100vw, 630px\">\r\n                            <\/a>\r\n                            \r\n                        <\/figure>\r\n                    <\/div>\r\n                    <div class = \"td-slide-item td-item3\">\r\n                        <figure class=\"td-slide-galery-figure td-slide-popup-gallery\">\r\n                            <a class=\"slide-gallery-image-link\" href=\"https:\/\/www.cgfmanet.org\/wp-content\/uploads\/2026\/02\/Lviv-3.jpg\" title=\"Lviv 3\"  data-caption=\"\"  data-description=\"\">\r\n                                <img decoding=\"async\" data-src=\"https:\/\/www.cgfmanet.org\/wp-content\/uploads\/2026\/02\/Lviv-3-526x420.jpg\" data-srcset=\"https:\/\/www.cgfmanet.org\/wp-content\/uploads\/2026\/02\/Lviv-3-526x420.jpg 526w, https:\/\/www.cgfmanet.org\/wp-content\/uploads\/2026\/02\/Lviv-3.jpg 616w\" data-sizes=\"auto\" alt=\"\" src=\"data:image\/svg+xml;base64,PHN2ZyB3aWR0aD0iMSIgaGVpZ2h0PSIxIiB4bWxucz0iaHR0cDovL3d3dy53My5vcmcvMjAwMC9zdmciPjwvc3ZnPg==\" class=\"lazyload\" style=\"--smush-placeholder-width: 526px; --smush-placeholder-aspect-ratio: 526\/420;\" data-original-sizes=\"(max-width: 526px) 100vw, 526px\">\r\n                            <\/a>\r\n                            \r\n                        <\/figure>\r\n                    <\/div>\r\n                            <\/div>\r\n                        <\/div>\r\n\r\n                        <div class = \"td-doubleSlider-2\">\r\n                            <div class = \"td-slider\">\r\n                                \r\n                    <div class = \"td-button td-item1\">\r\n                        <div class = \"td-border\"><\/div>\r\n                    <\/div>\r\n                    <div class = \"td-button td-item2\">\r\n                        <div class = \"td-border\"><\/div>\r\n                    <\/div>\r\n                    <div class = \"td-button td-item3\">\r\n                        <div class = \"td-border\"><\/div>\r\n                    <\/div>\r\n                            <\/div>\r\n                        <\/div>\r\n\r\n                    <\/div>\r\n\r\n                <\/div>\r\n                \n<p><strong>As Filhas de Maria Auxiliadora de todo o mundo unem-se em ora\u00e7\u00e3o e na oferta cotidiana \u00e0s Comunidades da Ucr\u00e2nia e de outras terras em conflito, que continuam a sua presen\u00e7a entre o povo, levando uma pequena luz na escurid\u00e3o.<\/strong> O Instituto conta com a generosidade e a solidariedade de todos para oferecer um apoio concreto. \u00c9 poss\u00edvel enviar contribui\u00e7\u00f5es e ofertas nas modalidades indicadas\u00a0 no\u00a0<span style=\"color: #0000ff;\"><a style=\"color: #0000ff;\" href=\"https:\/\/www.cgfmanet.org\/pt-pt\/doacoes-online\/\" target=\"_blank\" rel=\"noopener\"><strong>Site do Instituto das FMA<\/strong><\/a><\/span>, especificando na causa <strong><em>Emerg\u00eancia Ucr\u00e2nia.<\/em><\/strong><\/p>\n","protected":false},"excerpt":{"rendered":"<p>Ucr\u00e2nia. No quarto anivers\u00e1rio do in\u00edcio da invas\u00e3o russa da Ucr\u00e2nia em larga escala, iniciada em 24 de fevereiro de 2022, enquanto o Pa\u00eds vive o Segundo Dia Nacional de [&hellip;]<\/p>\n","protected":false},"author":21,"featured_media":153985,"comment_status":"open","ping_status":"closed","sticky":false,"template":"","format":"standard","meta":{"footnotes":""},"categories":[149],"tags":[1130,1618,1829,1930,1992],"class_list":["post-154005","post","type-post","status-publish","format-standard","has-post-thumbnail","category-emergencias-e-campanhas-humanitarias","tag-eeg-pt-pt","tag-cittadinanza-pt-pt","tag-paz","tag-focus-pt-pt","tag-solidarieta-pt-pt"],"yoast_head":"<!-- This site is optimized with the Yoast SEO plugin v27.4 - https:\/\/yoast.com\/product\/yoast-seo-wordpress\/ -->\n<title>Ucr\u00e2nia: invocando a paz no 4\u00ba anivers\u00e1rio do conflito &#8226; Istituto Figlie di Maria Ausiliatrice<\/title>\n<meta name=\"description\" content=\"No dia 24 de fevereiro de 2026 ocorre o 4\u00ba anivers\u00e1rio do in\u00edcio do conflito na Ucr\u00e2nia. O testemunho das Filhas de Maria Auxiliadora que permanecem ao lado da popula\u00e7\u00e3o em Kyiv, Lviv e Odessa.\" \/>\n<meta name=\"robots\" content=\"index, follow, max-snippet:-1, max-image-preview:large, max-video-preview:-1\" \/>\n<link rel=\"canonical\" href=\"https:\/\/www.cgfmanet.org\/pt-pt\/emergencias-e-campanhas-humanitarias\/ucrania-invocando-a-paz-no-4o-aniversario-do-conflito\/\" \/>\n<meta property=\"og:locale\" content=\"pt_PT\" \/>\n<meta property=\"og:type\" content=\"article\" \/>\n<meta property=\"og:title\" content=\"Ucr\u00e2nia: invocando a paz no 4\u00ba anivers\u00e1rio do conflito &#8226; Istituto Figlie di Maria Ausiliatrice\" \/>\n<meta property=\"og:description\" content=\"No dia 24 de fevereiro de 2026 ocorre o 4\u00ba anivers\u00e1rio do in\u00edcio do conflito na Ucr\u00e2nia. O testemunho das Filhas de Maria Auxiliadora que permanecem ao lado da popula\u00e7\u00e3o em Kyiv, Lviv e Odessa.\" \/>\n<meta property=\"og:url\" content=\"https:\/\/www.cgfmanet.org\/pt-pt\/emergencias-e-campanhas-humanitarias\/ucrania-invocando-a-paz-no-4o-aniversario-do-conflito\/\" \/>\n<meta property=\"og:site_name\" content=\"Istituto Figlie di Maria Ausiliatrice\" \/>\n<meta property=\"article:publisher\" content=\"https:\/\/www.facebook.com\/salesian.sisters.of.don.bosco\/\" \/>\n<meta property=\"article:published_time\" content=\"2026-04-05T06:39:47+00:00\" \/>\n<meta property=\"og:image\" content=\"https:\/\/www.cgfmanet.org\/wp-content\/uploads\/2026\/02\/4\u00b0-anniversario-Ucraina.jpg\" \/>\n\t<meta property=\"og:image:width\" content=\"1181\" \/>\n\t<meta property=\"og:image:height\" content=\"788\" \/>\n\t<meta property=\"og:image:type\" content=\"image\/jpeg\" \/>\n<meta name=\"author\" content=\"Redazione\" \/>\n<meta name=\"twitter:card\" content=\"summary_large_image\" \/>\n<meta name=\"twitter:creator\" content=\"@Cgfmanet_Org\" \/>\n<meta name=\"twitter:site\" content=\"@Cgfmanet_Org\" \/>\n<meta name=\"twitter:label1\" content=\"Escrito por\" \/>\n\t<meta name=\"twitter:data1\" content=\"Redazione\" \/>\n\t<meta name=\"twitter:label2\" content=\"Tempo estimado de leitura\" \/>\n\t<meta name=\"twitter:data2\" content=\"8 minutos\" \/>\n<script type=\"application\/ld+json\" class=\"yoast-schema-graph\">{\"@context\":\"https:\\\/\\\/schema.org\",\"@graph\":[{\"@type\":\"Article\",\"@id\":\"https:\\\/\\\/www.cgfmanet.org\\\/pt-pt\\\/emergencias-e-campanhas-humanitarias\\\/ucrania-invocando-a-paz-no-4o-aniversario-do-conflito\\\/#article\",\"isPartOf\":{\"@id\":\"https:\\\/\\\/www.cgfmanet.org\\\/pt-pt\\\/emergencias-e-campanhas-humanitarias\\\/ucrania-invocando-a-paz-no-4o-aniversario-do-conflito\\\/\"},\"author\":{\"name\":\"Redazione\",\"@id\":\"https:\\\/\\\/www.cgfmanet.org\\\/es\\\/#\\\/schema\\\/person\\\/ce6473083f53ef0ef882cca23f0c8fb9\"},\"headline\":\"Ucr\u00e2nia: invocando a paz no 4\u00ba anivers\u00e1rio do conflito\",\"datePublished\":\"2026-04-05T06:39:47+00:00\",\"mainEntityOfPage\":{\"@id\":\"https:\\\/\\\/www.cgfmanet.org\\\/pt-pt\\\/emergencias-e-campanhas-humanitarias\\\/ucrania-invocando-a-paz-no-4o-aniversario-do-conflito\\\/\"},\"wordCount\":1514,\"commentCount\":0,\"publisher\":{\"@id\":\"https:\\\/\\\/www.cgfmanet.org\\\/es\\\/#organization\"},\"image\":{\"@id\":\"https:\\\/\\\/www.cgfmanet.org\\\/pt-pt\\\/emergencias-e-campanhas-humanitarias\\\/ucrania-invocando-a-paz-no-4o-aniversario-do-conflito\\\/#primaryimage\"},\"thumbnailUrl\":\"https:\\\/\\\/www.cgfmanet.org\\\/wp-content\\\/uploads\\\/2026\\\/02\\\/4\u00b0-anniversario-Ucraina.jpg\",\"keywords\":[\"EEG\",\"cittadinanza\",\"Paz\",\"Focus\",\"Solidariet\u00e0\"],\"articleSection\":[\"Emerg\u00eancias e Campanhas Humanit\u00e1rias\"],\"inLanguage\":\"pt-PT\",\"potentialAction\":[{\"@type\":\"CommentAction\",\"name\":\"Comment\",\"target\":[\"https:\\\/\\\/www.cgfmanet.org\\\/pt-pt\\\/emergencias-e-campanhas-humanitarias\\\/ucrania-invocando-a-paz-no-4o-aniversario-do-conflito\\\/#respond\"]}]},{\"@type\":\"WebPage\",\"@id\":\"https:\\\/\\\/www.cgfmanet.org\\\/pt-pt\\\/emergencias-e-campanhas-humanitarias\\\/ucrania-invocando-a-paz-no-4o-aniversario-do-conflito\\\/\",\"url\":\"https:\\\/\\\/www.cgfmanet.org\\\/pt-pt\\\/emergencias-e-campanhas-humanitarias\\\/ucrania-invocando-a-paz-no-4o-aniversario-do-conflito\\\/\",\"name\":\"Ucr\u00e2nia: invocando a paz no 4\u00ba anivers\u00e1rio do conflito &#8226; Istituto Figlie di Maria Ausiliatrice\",\"isPartOf\":{\"@id\":\"https:\\\/\\\/www.cgfmanet.org\\\/es\\\/#website\"},\"primaryImageOfPage\":{\"@id\":\"https:\\\/\\\/www.cgfmanet.org\\\/pt-pt\\\/emergencias-e-campanhas-humanitarias\\\/ucrania-invocando-a-paz-no-4o-aniversario-do-conflito\\\/#primaryimage\"},\"image\":{\"@id\":\"https:\\\/\\\/www.cgfmanet.org\\\/pt-pt\\\/emergencias-e-campanhas-humanitarias\\\/ucrania-invocando-a-paz-no-4o-aniversario-do-conflito\\\/#primaryimage\"},\"thumbnailUrl\":\"https:\\\/\\\/www.cgfmanet.org\\\/wp-content\\\/uploads\\\/2026\\\/02\\\/4\u00b0-anniversario-Ucraina.jpg\",\"datePublished\":\"2026-04-05T06:39:47+00:00\",\"description\":\"No dia 24 de fevereiro de 2026 ocorre o 4\u00ba anivers\u00e1rio do in\u00edcio do conflito na Ucr\u00e2nia. O testemunho das Filhas de Maria Auxiliadora que permanecem ao lado da popula\u00e7\u00e3o em Kyiv, Lviv e Odessa.\",\"breadcrumb\":{\"@id\":\"https:\\\/\\\/www.cgfmanet.org\\\/pt-pt\\\/emergencias-e-campanhas-humanitarias\\\/ucrania-invocando-a-paz-no-4o-aniversario-do-conflito\\\/#breadcrumb\"},\"inLanguage\":\"pt-PT\",\"potentialAction\":[{\"@type\":\"ReadAction\",\"target\":[\"https:\\\/\\\/www.cgfmanet.org\\\/pt-pt\\\/emergencias-e-campanhas-humanitarias\\\/ucrania-invocando-a-paz-no-4o-aniversario-do-conflito\\\/\"]}]},{\"@type\":\"ImageObject\",\"inLanguage\":\"pt-PT\",\"@id\":\"https:\\\/\\\/www.cgfmanet.org\\\/pt-pt\\\/emergencias-e-campanhas-humanitarias\\\/ucrania-invocando-a-paz-no-4o-aniversario-do-conflito\\\/#primaryimage\",\"url\":\"https:\\\/\\\/www.cgfmanet.org\\\/wp-content\\\/uploads\\\/2026\\\/02\\\/4\u00b0-anniversario-Ucraina.jpg\",\"contentUrl\":\"https:\\\/\\\/www.cgfmanet.org\\\/wp-content\\\/uploads\\\/2026\\\/02\\\/4\u00b0-anniversario-Ucraina.jpg\",\"width\":1181,\"height\":788},{\"@type\":\"BreadcrumbList\",\"@id\":\"https:\\\/\\\/www.cgfmanet.org\\\/pt-pt\\\/emergencias-e-campanhas-humanitarias\\\/ucrania-invocando-a-paz-no-4o-aniversario-do-conflito\\\/#breadcrumb\",\"itemListElement\":[{\"@type\":\"ListItem\",\"position\":1,\"name\":\"Home\",\"item\":\"https:\\\/\\\/www.cgfmanet.org\\\/pt-pt\\\/\"},{\"@type\":\"ListItem\",\"position\":2,\"name\":\"Ucr\u00e2nia: invocando a paz no 4\u00ba anivers\u00e1rio do conflito\"}]},{\"@type\":\"WebSite\",\"@id\":\"https:\\\/\\\/www.cgfmanet.org\\\/es\\\/#website\",\"url\":\"https:\\\/\\\/www.cgfmanet.org\\\/es\\\/\",\"name\":\"Istituto Figlie di Maria Ausiliatrice\",\"description\":\"Salesiane di Don Bosco\",\"publisher\":{\"@id\":\"https:\\\/\\\/www.cgfmanet.org\\\/es\\\/#organization\"},\"potentialAction\":[{\"@type\":\"SearchAction\",\"target\":{\"@type\":\"EntryPoint\",\"urlTemplate\":\"https:\\\/\\\/www.cgfmanet.org\\\/es\\\/?s={search_term_string}\"},\"query-input\":{\"@type\":\"PropertyValueSpecification\",\"valueRequired\":true,\"valueName\":\"search_term_string\"}}],\"inLanguage\":\"pt-PT\"},{\"@type\":\"Organization\",\"@id\":\"https:\\\/\\\/www.cgfmanet.org\\\/es\\\/#organization\",\"name\":\"Istituto Figlie di Maria Ausiliatrice\",\"url\":\"https:\\\/\\\/www.cgfmanet.org\\\/es\\\/\",\"logo\":{\"@type\":\"ImageObject\",\"inLanguage\":\"pt-PT\",\"@id\":\"https:\\\/\\\/www.cgfmanet.org\\\/es\\\/#\\\/schema\\\/logo\\\/image\\\/\",\"url\":\"https:\\\/\\\/www.cgfmanet.org\\\/wp-content\\\/uploads\\\/2018\\\/10\\\/logo-fma.png\",\"contentUrl\":\"https:\\\/\\\/www.cgfmanet.org\\\/wp-content\\\/uploads\\\/2018\\\/10\\\/logo-fma.png\",\"width\":214,\"height\":55,\"caption\":\"Istituto Figlie di Maria Ausiliatrice\"},\"image\":{\"@id\":\"https:\\\/\\\/www.cgfmanet.org\\\/es\\\/#\\\/schema\\\/logo\\\/image\\\/\"},\"sameAs\":[\"https:\\\/\\\/www.facebook.com\\\/salesian.sisters.of.don.bosco\\\/\",\"https:\\\/\\\/x.com\\\/Cgfmanet_Org\",\"https:\\\/\\\/www.youtube.com\\\/channel\\\/UCmcr8yFQBV7JXeXVxyV9y5Q\"]},{\"@type\":\"Person\",\"@id\":\"https:\\\/\\\/www.cgfmanet.org\\\/es\\\/#\\\/schema\\\/person\\\/ce6473083f53ef0ef882cca23f0c8fb9\",\"name\":\"Redazione\"}]}<\/script>\n<!-- \/ Yoast SEO plugin. -->","yoast_head_json":{"title":"Ucr\u00e2nia: invocando a paz no 4\u00ba anivers\u00e1rio do conflito &#8226; Istituto Figlie di Maria Ausiliatrice","description":"No dia 24 de fevereiro de 2026 ocorre o 4\u00ba anivers\u00e1rio do in\u00edcio do conflito na Ucr\u00e2nia. O testemunho das Filhas de Maria Auxiliadora que permanecem ao lado da popula\u00e7\u00e3o em Kyiv, Lviv e Odessa.","robots":{"index":"index","follow":"follow","max-snippet":"max-snippet:-1","max-image-preview":"max-image-preview:large","max-video-preview":"max-video-preview:-1"},"canonical":"https:\/\/www.cgfmanet.org\/pt-pt\/emergencias-e-campanhas-humanitarias\/ucrania-invocando-a-paz-no-4o-aniversario-do-conflito\/","og_locale":"pt_PT","og_type":"article","og_title":"Ucr\u00e2nia: invocando a paz no 4\u00ba anivers\u00e1rio do conflito &#8226; Istituto Figlie di Maria Ausiliatrice","og_description":"No dia 24 de fevereiro de 2026 ocorre o 4\u00ba anivers\u00e1rio do in\u00edcio do conflito na Ucr\u00e2nia. O testemunho das Filhas de Maria Auxiliadora que permanecem ao lado da popula\u00e7\u00e3o em Kyiv, Lviv e Odessa.","og_url":"https:\/\/www.cgfmanet.org\/pt-pt\/emergencias-e-campanhas-humanitarias\/ucrania-invocando-a-paz-no-4o-aniversario-do-conflito\/","og_site_name":"Istituto Figlie di Maria Ausiliatrice","article_publisher":"https:\/\/www.facebook.com\/salesian.sisters.of.don.bosco\/","article_published_time":"2026-04-05T06:39:47+00:00","og_image":[{"width":1181,"height":788,"url":"https:\/\/www.cgfmanet.org\/wp-content\/uploads\/2026\/02\/4\u00b0-anniversario-Ucraina.jpg","type":"image\/jpeg"}],"author":"Redazione","twitter_card":"summary_large_image","twitter_creator":"@Cgfmanet_Org","twitter_site":"@Cgfmanet_Org","twitter_misc":{"Escrito por":"Redazione","Tempo estimado de leitura":"8 minutos"},"schema":{"@context":"https:\/\/schema.org","@graph":[{"@type":"Article","@id":"https:\/\/www.cgfmanet.org\/pt-pt\/emergencias-e-campanhas-humanitarias\/ucrania-invocando-a-paz-no-4o-aniversario-do-conflito\/#article","isPartOf":{"@id":"https:\/\/www.cgfmanet.org\/pt-pt\/emergencias-e-campanhas-humanitarias\/ucrania-invocando-a-paz-no-4o-aniversario-do-conflito\/"},"author":{"name":"Redazione","@id":"https:\/\/www.cgfmanet.org\/es\/#\/schema\/person\/ce6473083f53ef0ef882cca23f0c8fb9"},"headline":"Ucr\u00e2nia: invocando a paz no 4\u00ba anivers\u00e1rio do conflito","datePublished":"2026-04-05T06:39:47+00:00","mainEntityOfPage":{"@id":"https:\/\/www.cgfmanet.org\/pt-pt\/emergencias-e-campanhas-humanitarias\/ucrania-invocando-a-paz-no-4o-aniversario-do-conflito\/"},"wordCount":1514,"commentCount":0,"publisher":{"@id":"https:\/\/www.cgfmanet.org\/es\/#organization"},"image":{"@id":"https:\/\/www.cgfmanet.org\/pt-pt\/emergencias-e-campanhas-humanitarias\/ucrania-invocando-a-paz-no-4o-aniversario-do-conflito\/#primaryimage"},"thumbnailUrl":"https:\/\/www.cgfmanet.org\/wp-content\/uploads\/2026\/02\/4\u00b0-anniversario-Ucraina.jpg","keywords":["EEG","cittadinanza","Paz","Focus","Solidariet\u00e0"],"articleSection":["Emerg\u00eancias e Campanhas Humanit\u00e1rias"],"inLanguage":"pt-PT","potentialAction":[{"@type":"CommentAction","name":"Comment","target":["https:\/\/www.cgfmanet.org\/pt-pt\/emergencias-e-campanhas-humanitarias\/ucrania-invocando-a-paz-no-4o-aniversario-do-conflito\/#respond"]}]},{"@type":"WebPage","@id":"https:\/\/www.cgfmanet.org\/pt-pt\/emergencias-e-campanhas-humanitarias\/ucrania-invocando-a-paz-no-4o-aniversario-do-conflito\/","url":"https:\/\/www.cgfmanet.org\/pt-pt\/emergencias-e-campanhas-humanitarias\/ucrania-invocando-a-paz-no-4o-aniversario-do-conflito\/","name":"Ucr\u00e2nia: invocando a paz no 4\u00ba anivers\u00e1rio do conflito &#8226; Istituto Figlie di Maria Ausiliatrice","isPartOf":{"@id":"https:\/\/www.cgfmanet.org\/es\/#website"},"primaryImageOfPage":{"@id":"https:\/\/www.cgfmanet.org\/pt-pt\/emergencias-e-campanhas-humanitarias\/ucrania-invocando-a-paz-no-4o-aniversario-do-conflito\/#primaryimage"},"image":{"@id":"https:\/\/www.cgfmanet.org\/pt-pt\/emergencias-e-campanhas-humanitarias\/ucrania-invocando-a-paz-no-4o-aniversario-do-conflito\/#primaryimage"},"thumbnailUrl":"https:\/\/www.cgfmanet.org\/wp-content\/uploads\/2026\/02\/4\u00b0-anniversario-Ucraina.jpg","datePublished":"2026-04-05T06:39:47+00:00","description":"No dia 24 de fevereiro de 2026 ocorre o 4\u00ba anivers\u00e1rio do in\u00edcio do conflito na Ucr\u00e2nia. O testemunho das Filhas de Maria Auxiliadora que permanecem ao lado da popula\u00e7\u00e3o em Kyiv, Lviv e Odessa.","breadcrumb":{"@id":"https:\/\/www.cgfmanet.org\/pt-pt\/emergencias-e-campanhas-humanitarias\/ucrania-invocando-a-paz-no-4o-aniversario-do-conflito\/#breadcrumb"},"inLanguage":"pt-PT","potentialAction":[{"@type":"ReadAction","target":["https:\/\/www.cgfmanet.org\/pt-pt\/emergencias-e-campanhas-humanitarias\/ucrania-invocando-a-paz-no-4o-aniversario-do-conflito\/"]}]},{"@type":"ImageObject","inLanguage":"pt-PT","@id":"https:\/\/www.cgfmanet.org\/pt-pt\/emergencias-e-campanhas-humanitarias\/ucrania-invocando-a-paz-no-4o-aniversario-do-conflito\/#primaryimage","url":"https:\/\/www.cgfmanet.org\/wp-content\/uploads\/2026\/02\/4\u00b0-anniversario-Ucraina.jpg","contentUrl":"https:\/\/www.cgfmanet.org\/wp-content\/uploads\/2026\/02\/4\u00b0-anniversario-Ucraina.jpg","width":1181,"height":788},{"@type":"BreadcrumbList","@id":"https:\/\/www.cgfmanet.org\/pt-pt\/emergencias-e-campanhas-humanitarias\/ucrania-invocando-a-paz-no-4o-aniversario-do-conflito\/#breadcrumb","itemListElement":[{"@type":"ListItem","position":1,"name":"Home","item":"https:\/\/www.cgfmanet.org\/pt-pt\/"},{"@type":"ListItem","position":2,"name":"Ucr\u00e2nia: invocando a paz no 4\u00ba anivers\u00e1rio do conflito"}]},{"@type":"WebSite","@id":"https:\/\/www.cgfmanet.org\/es\/#website","url":"https:\/\/www.cgfmanet.org\/es\/","name":"Istituto Figlie di Maria Ausiliatrice","description":"Salesiane di Don Bosco","publisher":{"@id":"https:\/\/www.cgfmanet.org\/es\/#organization"},"potentialAction":[{"@type":"SearchAction","target":{"@type":"EntryPoint","urlTemplate":"https:\/\/www.cgfmanet.org\/es\/?s={search_term_string}"},"query-input":{"@type":"PropertyValueSpecification","valueRequired":true,"valueName":"search_term_string"}}],"inLanguage":"pt-PT"},{"@type":"Organization","@id":"https:\/\/www.cgfmanet.org\/es\/#organization","name":"Istituto Figlie di Maria Ausiliatrice","url":"https:\/\/www.cgfmanet.org\/es\/","logo":{"@type":"ImageObject","inLanguage":"pt-PT","@id":"https:\/\/www.cgfmanet.org\/es\/#\/schema\/logo\/image\/","url":"https:\/\/www.cgfmanet.org\/wp-content\/uploads\/2018\/10\/logo-fma.png","contentUrl":"https:\/\/www.cgfmanet.org\/wp-content\/uploads\/2018\/10\/logo-fma.png","width":214,"height":55,"caption":"Istituto Figlie di Maria Ausiliatrice"},"image":{"@id":"https:\/\/www.cgfmanet.org\/es\/#\/schema\/logo\/image\/"},"sameAs":["https:\/\/www.facebook.com\/salesian.sisters.of.don.bosco\/","https:\/\/x.com\/Cgfmanet_Org","https:\/\/www.youtube.com\/channel\/UCmcr8yFQBV7JXeXVxyV9y5Q"]},{"@type":"Person","@id":"https:\/\/www.cgfmanet.org\/es\/#\/schema\/person\/ce6473083f53ef0ef882cca23f0c8fb9","name":"Redazione"}]}},"_links":{"self":[{"href":"https:\/\/www.cgfmanet.org\/pt-pt\/wp-json\/wp\/v2\/posts\/154005","targetHints":{"allow":["GET"]}}],"collection":[{"href":"https:\/\/www.cgfmanet.org\/pt-pt\/wp-json\/wp\/v2\/posts"}],"about":[{"href":"https:\/\/www.cgfmanet.org\/pt-pt\/wp-json\/wp\/v2\/types\/post"}],"author":[{"embeddable":true,"href":"https:\/\/www.cgfmanet.org\/pt-pt\/wp-json\/wp\/v2\/users\/21"}],"replies":[{"embeddable":true,"href":"https:\/\/www.cgfmanet.org\/pt-pt\/wp-json\/wp\/v2\/comments?post=154005"}],"version-history":[{"count":3,"href":"https:\/\/www.cgfmanet.org\/pt-pt\/wp-json\/wp\/v2\/posts\/154005\/revisions"}],"predecessor-version":[{"id":154018,"href":"https:\/\/www.cgfmanet.org\/pt-pt\/wp-json\/wp\/v2\/posts\/154005\/revisions\/154018"}],"wp:featuredmedia":[{"embeddable":true,"href":"https:\/\/www.cgfmanet.org\/pt-pt\/wp-json\/wp\/v2\/media\/153985"}],"wp:attachment":[{"href":"https:\/\/www.cgfmanet.org\/pt-pt\/wp-json\/wp\/v2\/media?parent=154005"}],"wp:term":[{"taxonomy":"category","embeddable":true,"href":"https:\/\/www.cgfmanet.org\/pt-pt\/wp-json\/wp\/v2\/categories?post=154005"},{"taxonomy":"post_tag","embeddable":true,"href":"https:\/\/www.cgfmanet.org\/pt-pt\/wp-json\/wp\/v2\/tags?post=154005"}],"curies":[{"name":"wp","href":"https:\/\/api.w.org\/{rel}","templated":true}]}}