{"id":153672,"date":"2026-02-20T10:29:37","date_gmt":"2026-02-20T09:29:37","guid":{"rendered":"https:\/\/www.cgfmanet.org\/infosfera-pt-pt\/fma-dellispettoria-bmm-alla-biennale-del-libro\/"},"modified":"2026-02-20T22:12:25","modified_gmt":"2026-02-20T21:12:25","slug":"fma-da-inspetoria-bmm-na-bienal-do-livro-de-sao-paulo","status":"publish","type":"post","link":"https:\/\/www.cgfmanet.org\/pt-pt\/infosfera-pt-pt\/fma-da-inspetoria-bmm-na-bienal-do-livro-de-sao-paulo\/","title":{"rendered":"FMA da Inspetoria BMM na Bienal do Livro de S\u00e3o Paulo"},"content":{"rendered":"<p><strong>Belo Horizonte (Brasil).<\/strong> A Inspetoria <em>Madre Mazzarello<\/em> (BMM) com a presen\u00e7a de uma publica\u00e7\u00e3o de uma Filha de Maria Auxiliadora na 28\u00aa edi\u00e7\u00e3o da Bienal Internacional do Livro de S\u00e3o Paulo. Trata-se da obra <strong>\u201cTextos em Contextos\u201d<\/strong>, <strong>escrita por Irm\u00e3 Josefa Am\u00e9rico Rolim,<\/strong> Coordenadora de Pastoral do Instituto Auxiliadora, em S\u00e3o Jo\u00e3o del-Rei (MG).<\/p>\n<p>Promovida pela C\u00e2mara Brasileira do Livro (CBL), a Bienal Internacional do Livro de S\u00e3o Paulo \u00e9 um dos eventos liter\u00e1rios mais importantes da Am\u00e9rica Latina e do mundo. A 28\u00aa edi\u00e7\u00e3o acontecer\u00e1 de 4 a 13 de setembro de 2026, no Distrito Anhembi, reunindo autores, editoras e leitores de todo o pa\u00eds e do exterior.<\/p>\n<p>A participa\u00e7\u00e3o do livro da Irm\u00e3 Josefa neste importante evento liter\u00e1rio expressa a for\u00e7a da miss\u00e3o educativa e evangelizadora salesiana, tamb\u00e9m atrav\u00e9s da arte e da literatura.<\/p>\n<p>A Irm\u00e3 Josefa explica assim como realizou o livro: <em>\u201cFui escrevendo alguns poemas e apresentando para as pessoas que me incentivaram muito \u00e0 publica\u00e7\u00e3o. At\u00e9 que um dia, com o apoio da Inspetoria, alcan\u00e7amos a nossa meta que eu jamais imaginava.\u201d <\/em><\/p>\n<p>A obra \u201cTextos em Contextos\u201d nasceu de uma profunda experi\u00eancia de contempla\u00e7\u00e3o da vida: <em>\u201cO livro nasceu num momento m\u00e1gico de contempla\u00e7\u00e3o da vida nos mais diversos contextos. Foi um momento m\u00e1gico de olhar para frente em dire\u00e7\u00e3o ao horizonte para sentir cada palavra, cada verso deste livro.\u201d <\/em>Em suas palavras, escrever foi mais do que um exerc\u00edcio liter\u00e1rio: foi uma experi\u00eancia transformadora: <em>\u201cEscrever este livro foi a entrada no mundo imagin\u00e1rio como se fosse a porta de um jardim misterioso, onde fui sendo transportada para o infinito e transmutada de maneira m\u00e1gica, graciosa e incr\u00edvel.\u201d<\/em><\/p>\n<p>Ela ainda destaca que os versos se tornaram fonte de renova\u00e7\u00e3o di\u00e1ria: <em>\u201cAs palavras e versos me levam a renovar, no amanhecer de cada dia, a certeza de amar e viver com maior paix\u00e3o para prosseguir meus sonhos com coragem e convic\u00e7\u00e3o. Mas Deus vai escrevendo nas linhas sinuosas da nossa vida.\u201d<\/em><\/p>\n<p>Como Inspetoria, rendemos gra\u00e7as a Deus por este dom colocado a servi\u00e7o da cultura, da espiritualidade e da Miss\u00e3o Salesiana. Que esta publica\u00e7\u00e3o continue tocando cora\u00e7\u00f5es e inspirando muitos leitores a contemplar a vida com profundidade, f\u00e9 e esperan\u00e7a.<\/p>\n<p>\u00abTextos em Contextos\u00bb, da Irm\u00e3 Josefa Am\u00e9rico Rolim, pode ser adquirido on-line nas livrarias.<\/p>\n","protected":false},"excerpt":{"rendered":"<p>Belo Horizonte (Brasil). A Inspetoria Madre Mazzarello (BMM) com a presen\u00e7a de uma publica\u00e7\u00e3o de uma Filha de Maria Auxiliadora na 28\u00aa edi\u00e7\u00e3o da Bienal Internacional do Livro de S\u00e3o [&hellip;]<\/p>\n","protected":false},"author":21,"featured_media":153667,"comment_status":"open","ping_status":"closed","sticky":false,"template":"","format":"standard","meta":{"footnotes":""},"categories":[38,193],"tags":[1666,2287],"class_list":["post-153672","post","type-post","status-publish","format-standard","has-post-thumbnail","category-infosfera-pt-pt","category-cidadania","tag-carisma-salesiano-pt-pt","tag-bmm-pt-pt"],"yoast_head":"<!-- This site is optimized with the Yoast SEO plugin v27.4 - https:\/\/yoast.com\/product\/yoast-seo-wordpress\/ -->\n<title>FMA da Inspetoria BMM na Bienal do Livro de S\u00e3o Paulo &#8226; Istituto Figlie di Maria Ausiliatrice<\/title>\n<meta name=\"description\" content=\"Com o seu livro \u201cTextos em Contextos\u201d, a Irm\u00e3 Josefa Am\u00e9rico Rolim, FMA da Inspetoria brasileira BMM, estar\u00e1 presente na 28\u00aa edi\u00e7\u00e3o da Bienal Internacional do Livro de S\u00e3o Paulo.\" \/>\n<meta name=\"robots\" content=\"index, follow, max-snippet:-1, max-image-preview:large, max-video-preview:-1\" \/>\n<link rel=\"canonical\" href=\"https:\/\/www.cgfmanet.org\/pt-pt\/infosfera-pt-pt\/fma-da-inspetoria-bmm-na-bienal-do-livro-de-sao-paulo\/\" \/>\n<meta property=\"og:locale\" content=\"pt_PT\" \/>\n<meta property=\"og:type\" content=\"article\" \/>\n<meta property=\"og:title\" content=\"FMA da Inspetoria BMM na Bienal do Livro de S\u00e3o Paulo &#8226; Istituto Figlie di Maria Ausiliatrice\" \/>\n<meta property=\"og:description\" content=\"Com o seu livro \u201cTextos em Contextos\u201d, a Irm\u00e3 Josefa Am\u00e9rico Rolim, FMA da Inspetoria brasileira BMM, estar\u00e1 presente na 28\u00aa edi\u00e7\u00e3o da Bienal Internacional do Livro de S\u00e3o Paulo.\" \/>\n<meta property=\"og:url\" content=\"https:\/\/www.cgfmanet.org\/pt-pt\/infosfera-pt-pt\/fma-da-inspetoria-bmm-na-bienal-do-livro-de-sao-paulo\/\" \/>\n<meta property=\"og:site_name\" content=\"Istituto Figlie di Maria Ausiliatrice\" \/>\n<meta property=\"article:publisher\" content=\"https:\/\/www.facebook.com\/salesian.sisters.of.don.bosco\/\" \/>\n<meta property=\"article:published_time\" content=\"2026-02-20T09:29:37+00:00\" \/>\n<meta property=\"article:modified_time\" content=\"2026-02-20T21:12:25+00:00\" \/>\n<meta property=\"og:image\" content=\"https:\/\/www.cgfmanet.org\/wp-content\/uploads\/2026\/02\/Libro-FMA-BMM.jpg\" \/>\n\t<meta property=\"og:image:width\" content=\"1200\" \/>\n\t<meta property=\"og:image:height\" content=\"800\" \/>\n\t<meta property=\"og:image:type\" content=\"image\/jpeg\" \/>\n<meta name=\"author\" content=\"Redazione\" \/>\n<meta name=\"twitter:card\" content=\"summary_large_image\" \/>\n<meta name=\"twitter:creator\" content=\"@Cgfmanet_Org\" \/>\n<meta name=\"twitter:site\" content=\"@Cgfmanet_Org\" \/>\n<meta name=\"twitter:label1\" content=\"Escrito por\" \/>\n\t<meta name=\"twitter:data1\" content=\"Redazione\" \/>\n\t<meta name=\"twitter:label2\" content=\"Tempo estimado de leitura\" \/>\n\t<meta name=\"twitter:data2\" content=\"3 minutos\" \/>\n<script type=\"application\/ld+json\" class=\"yoast-schema-graph\">{\"@context\":\"https:\\\/\\\/schema.org\",\"@graph\":[{\"@type\":\"Article\",\"@id\":\"https:\\\/\\\/www.cgfmanet.org\\\/pt-pt\\\/infosfera-pt-pt\\\/fma-da-inspetoria-bmm-na-bienal-do-livro-de-sao-paulo\\\/#article\",\"isPartOf\":{\"@id\":\"https:\\\/\\\/www.cgfmanet.org\\\/pt-pt\\\/infosfera-pt-pt\\\/fma-da-inspetoria-bmm-na-bienal-do-livro-de-sao-paulo\\\/\"},\"author\":{\"name\":\"Redazione\",\"@id\":\"https:\\\/\\\/www.cgfmanet.org\\\/es\\\/#\\\/schema\\\/person\\\/ce6473083f53ef0ef882cca23f0c8fb9\"},\"headline\":\"FMA da Inspetoria BMM na Bienal do Livro de S\u00e3o Paulo\",\"datePublished\":\"2026-02-20T09:29:37+00:00\",\"dateModified\":\"2026-02-20T21:12:25+00:00\",\"mainEntityOfPage\":{\"@id\":\"https:\\\/\\\/www.cgfmanet.org\\\/pt-pt\\\/infosfera-pt-pt\\\/fma-da-inspetoria-bmm-na-bienal-do-livro-de-sao-paulo\\\/\"},\"wordCount\":427,\"commentCount\":0,\"publisher\":{\"@id\":\"https:\\\/\\\/www.cgfmanet.org\\\/es\\\/#organization\"},\"image\":{\"@id\":\"https:\\\/\\\/www.cgfmanet.org\\\/pt-pt\\\/infosfera-pt-pt\\\/fma-da-inspetoria-bmm-na-bienal-do-livro-de-sao-paulo\\\/#primaryimage\"},\"thumbnailUrl\":\"https:\\\/\\\/www.cgfmanet.org\\\/wp-content\\\/uploads\\\/2026\\\/02\\\/Libro-FMA-BMM.jpg\",\"keywords\":[\"Carisma salesiano\",\"BMM\"],\"articleSection\":[\"Infosfera\",\"Cidadania\"],\"inLanguage\":\"pt-PT\",\"potentialAction\":[{\"@type\":\"CommentAction\",\"name\":\"Comment\",\"target\":[\"https:\\\/\\\/www.cgfmanet.org\\\/pt-pt\\\/infosfera-pt-pt\\\/fma-da-inspetoria-bmm-na-bienal-do-livro-de-sao-paulo\\\/#respond\"]}]},{\"@type\":\"WebPage\",\"@id\":\"https:\\\/\\\/www.cgfmanet.org\\\/pt-pt\\\/infosfera-pt-pt\\\/fma-da-inspetoria-bmm-na-bienal-do-livro-de-sao-paulo\\\/\",\"url\":\"https:\\\/\\\/www.cgfmanet.org\\\/pt-pt\\\/infosfera-pt-pt\\\/fma-da-inspetoria-bmm-na-bienal-do-livro-de-sao-paulo\\\/\",\"name\":\"FMA da Inspetoria BMM na Bienal do Livro de S\u00e3o Paulo &#8226; Istituto Figlie di Maria Ausiliatrice\",\"isPartOf\":{\"@id\":\"https:\\\/\\\/www.cgfmanet.org\\\/es\\\/#website\"},\"primaryImageOfPage\":{\"@id\":\"https:\\\/\\\/www.cgfmanet.org\\\/pt-pt\\\/infosfera-pt-pt\\\/fma-da-inspetoria-bmm-na-bienal-do-livro-de-sao-paulo\\\/#primaryimage\"},\"image\":{\"@id\":\"https:\\\/\\\/www.cgfmanet.org\\\/pt-pt\\\/infosfera-pt-pt\\\/fma-da-inspetoria-bmm-na-bienal-do-livro-de-sao-paulo\\\/#primaryimage\"},\"thumbnailUrl\":\"https:\\\/\\\/www.cgfmanet.org\\\/wp-content\\\/uploads\\\/2026\\\/02\\\/Libro-FMA-BMM.jpg\",\"datePublished\":\"2026-02-20T09:29:37+00:00\",\"dateModified\":\"2026-02-20T21:12:25+00:00\",\"description\":\"Com o seu livro \u201cTextos em Contextos\u201d, a Irm\u00e3 Josefa Am\u00e9rico Rolim, FMA da Inspetoria brasileira BMM, estar\u00e1 presente na 28\u00aa edi\u00e7\u00e3o da Bienal Internacional do Livro de S\u00e3o Paulo.\",\"breadcrumb\":{\"@id\":\"https:\\\/\\\/www.cgfmanet.org\\\/pt-pt\\\/infosfera-pt-pt\\\/fma-da-inspetoria-bmm-na-bienal-do-livro-de-sao-paulo\\\/#breadcrumb\"},\"inLanguage\":\"pt-PT\",\"potentialAction\":[{\"@type\":\"ReadAction\",\"target\":[\"https:\\\/\\\/www.cgfmanet.org\\\/pt-pt\\\/infosfera-pt-pt\\\/fma-da-inspetoria-bmm-na-bienal-do-livro-de-sao-paulo\\\/\"]}]},{\"@type\":\"ImageObject\",\"inLanguage\":\"pt-PT\",\"@id\":\"https:\\\/\\\/www.cgfmanet.org\\\/pt-pt\\\/infosfera-pt-pt\\\/fma-da-inspetoria-bmm-na-bienal-do-livro-de-sao-paulo\\\/#primaryimage\",\"url\":\"https:\\\/\\\/www.cgfmanet.org\\\/wp-content\\\/uploads\\\/2026\\\/02\\\/Libro-FMA-BMM.jpg\",\"contentUrl\":\"https:\\\/\\\/www.cgfmanet.org\\\/wp-content\\\/uploads\\\/2026\\\/02\\\/Libro-FMA-BMM.jpg\",\"width\":1200,\"height\":800},{\"@type\":\"BreadcrumbList\",\"@id\":\"https:\\\/\\\/www.cgfmanet.org\\\/pt-pt\\\/infosfera-pt-pt\\\/fma-da-inspetoria-bmm-na-bienal-do-livro-de-sao-paulo\\\/#breadcrumb\",\"itemListElement\":[{\"@type\":\"ListItem\",\"position\":1,\"name\":\"Home\",\"item\":\"https:\\\/\\\/www.cgfmanet.org\\\/pt-pt\\\/\"},{\"@type\":\"ListItem\",\"position\":2,\"name\":\"FMA da Inspetoria BMM na Bienal do Livro de S\u00e3o Paulo\"}]},{\"@type\":\"WebSite\",\"@id\":\"https:\\\/\\\/www.cgfmanet.org\\\/es\\\/#website\",\"url\":\"https:\\\/\\\/www.cgfmanet.org\\\/es\\\/\",\"name\":\"Istituto Figlie di Maria Ausiliatrice\",\"description\":\"Salesiane di Don Bosco\",\"publisher\":{\"@id\":\"https:\\\/\\\/www.cgfmanet.org\\\/es\\\/#organization\"},\"potentialAction\":[{\"@type\":\"SearchAction\",\"target\":{\"@type\":\"EntryPoint\",\"urlTemplate\":\"https:\\\/\\\/www.cgfmanet.org\\\/es\\\/?s={search_term_string}\"},\"query-input\":{\"@type\":\"PropertyValueSpecification\",\"valueRequired\":true,\"valueName\":\"search_term_string\"}}],\"inLanguage\":\"pt-PT\"},{\"@type\":\"Organization\",\"@id\":\"https:\\\/\\\/www.cgfmanet.org\\\/es\\\/#organization\",\"name\":\"Istituto Figlie di Maria Ausiliatrice\",\"url\":\"https:\\\/\\\/www.cgfmanet.org\\\/es\\\/\",\"logo\":{\"@type\":\"ImageObject\",\"inLanguage\":\"pt-PT\",\"@id\":\"https:\\\/\\\/www.cgfmanet.org\\\/es\\\/#\\\/schema\\\/logo\\\/image\\\/\",\"url\":\"https:\\\/\\\/www.cgfmanet.org\\\/wp-content\\\/uploads\\\/2018\\\/10\\\/logo-fma.png\",\"contentUrl\":\"https:\\\/\\\/www.cgfmanet.org\\\/wp-content\\\/uploads\\\/2018\\\/10\\\/logo-fma.png\",\"width\":214,\"height\":55,\"caption\":\"Istituto Figlie di Maria Ausiliatrice\"},\"image\":{\"@id\":\"https:\\\/\\\/www.cgfmanet.org\\\/es\\\/#\\\/schema\\\/logo\\\/image\\\/\"},\"sameAs\":[\"https:\\\/\\\/www.facebook.com\\\/salesian.sisters.of.don.bosco\\\/\",\"https:\\\/\\\/x.com\\\/Cgfmanet_Org\",\"https:\\\/\\\/www.youtube.com\\\/channel\\\/UCmcr8yFQBV7JXeXVxyV9y5Q\"]},{\"@type\":\"Person\",\"@id\":\"https:\\\/\\\/www.cgfmanet.org\\\/es\\\/#\\\/schema\\\/person\\\/ce6473083f53ef0ef882cca23f0c8fb9\",\"name\":\"Redazione\"}]}<\/script>\n<!-- \/ Yoast SEO plugin. -->","yoast_head_json":{"title":"FMA da Inspetoria BMM na Bienal do Livro de S\u00e3o Paulo &#8226; Istituto Figlie di Maria Ausiliatrice","description":"Com o seu livro \u201cTextos em Contextos\u201d, a Irm\u00e3 Josefa Am\u00e9rico Rolim, FMA da Inspetoria brasileira BMM, estar\u00e1 presente na 28\u00aa edi\u00e7\u00e3o da Bienal Internacional do Livro de S\u00e3o Paulo.","robots":{"index":"index","follow":"follow","max-snippet":"max-snippet:-1","max-image-preview":"max-image-preview:large","max-video-preview":"max-video-preview:-1"},"canonical":"https:\/\/www.cgfmanet.org\/pt-pt\/infosfera-pt-pt\/fma-da-inspetoria-bmm-na-bienal-do-livro-de-sao-paulo\/","og_locale":"pt_PT","og_type":"article","og_title":"FMA da Inspetoria BMM na Bienal do Livro de S\u00e3o Paulo &#8226; Istituto Figlie di Maria Ausiliatrice","og_description":"Com o seu livro \u201cTextos em Contextos\u201d, a Irm\u00e3 Josefa Am\u00e9rico Rolim, FMA da Inspetoria brasileira BMM, estar\u00e1 presente na 28\u00aa edi\u00e7\u00e3o da Bienal Internacional do Livro de S\u00e3o Paulo.","og_url":"https:\/\/www.cgfmanet.org\/pt-pt\/infosfera-pt-pt\/fma-da-inspetoria-bmm-na-bienal-do-livro-de-sao-paulo\/","og_site_name":"Istituto Figlie di Maria Ausiliatrice","article_publisher":"https:\/\/www.facebook.com\/salesian.sisters.of.don.bosco\/","article_published_time":"2026-02-20T09:29:37+00:00","article_modified_time":"2026-02-20T21:12:25+00:00","og_image":[{"width":1200,"height":800,"url":"https:\/\/www.cgfmanet.org\/wp-content\/uploads\/2026\/02\/Libro-FMA-BMM.jpg","type":"image\/jpeg"}],"author":"Redazione","twitter_card":"summary_large_image","twitter_creator":"@Cgfmanet_Org","twitter_site":"@Cgfmanet_Org","twitter_misc":{"Escrito por":"Redazione","Tempo estimado de leitura":"3 minutos"},"schema":{"@context":"https:\/\/schema.org","@graph":[{"@type":"Article","@id":"https:\/\/www.cgfmanet.org\/pt-pt\/infosfera-pt-pt\/fma-da-inspetoria-bmm-na-bienal-do-livro-de-sao-paulo\/#article","isPartOf":{"@id":"https:\/\/www.cgfmanet.org\/pt-pt\/infosfera-pt-pt\/fma-da-inspetoria-bmm-na-bienal-do-livro-de-sao-paulo\/"},"author":{"name":"Redazione","@id":"https:\/\/www.cgfmanet.org\/es\/#\/schema\/person\/ce6473083f53ef0ef882cca23f0c8fb9"},"headline":"FMA da Inspetoria BMM na Bienal do Livro de S\u00e3o Paulo","datePublished":"2026-02-20T09:29:37+00:00","dateModified":"2026-02-20T21:12:25+00:00","mainEntityOfPage":{"@id":"https:\/\/www.cgfmanet.org\/pt-pt\/infosfera-pt-pt\/fma-da-inspetoria-bmm-na-bienal-do-livro-de-sao-paulo\/"},"wordCount":427,"commentCount":0,"publisher":{"@id":"https:\/\/www.cgfmanet.org\/es\/#organization"},"image":{"@id":"https:\/\/www.cgfmanet.org\/pt-pt\/infosfera-pt-pt\/fma-da-inspetoria-bmm-na-bienal-do-livro-de-sao-paulo\/#primaryimage"},"thumbnailUrl":"https:\/\/www.cgfmanet.org\/wp-content\/uploads\/2026\/02\/Libro-FMA-BMM.jpg","keywords":["Carisma salesiano","BMM"],"articleSection":["Infosfera","Cidadania"],"inLanguage":"pt-PT","potentialAction":[{"@type":"CommentAction","name":"Comment","target":["https:\/\/www.cgfmanet.org\/pt-pt\/infosfera-pt-pt\/fma-da-inspetoria-bmm-na-bienal-do-livro-de-sao-paulo\/#respond"]}]},{"@type":"WebPage","@id":"https:\/\/www.cgfmanet.org\/pt-pt\/infosfera-pt-pt\/fma-da-inspetoria-bmm-na-bienal-do-livro-de-sao-paulo\/","url":"https:\/\/www.cgfmanet.org\/pt-pt\/infosfera-pt-pt\/fma-da-inspetoria-bmm-na-bienal-do-livro-de-sao-paulo\/","name":"FMA da Inspetoria BMM na Bienal do Livro de S\u00e3o Paulo &#8226; Istituto Figlie di Maria Ausiliatrice","isPartOf":{"@id":"https:\/\/www.cgfmanet.org\/es\/#website"},"primaryImageOfPage":{"@id":"https:\/\/www.cgfmanet.org\/pt-pt\/infosfera-pt-pt\/fma-da-inspetoria-bmm-na-bienal-do-livro-de-sao-paulo\/#primaryimage"},"image":{"@id":"https:\/\/www.cgfmanet.org\/pt-pt\/infosfera-pt-pt\/fma-da-inspetoria-bmm-na-bienal-do-livro-de-sao-paulo\/#primaryimage"},"thumbnailUrl":"https:\/\/www.cgfmanet.org\/wp-content\/uploads\/2026\/02\/Libro-FMA-BMM.jpg","datePublished":"2026-02-20T09:29:37+00:00","dateModified":"2026-02-20T21:12:25+00:00","description":"Com o seu livro \u201cTextos em Contextos\u201d, a Irm\u00e3 Josefa Am\u00e9rico Rolim, FMA da Inspetoria brasileira BMM, estar\u00e1 presente na 28\u00aa edi\u00e7\u00e3o da Bienal Internacional do Livro de S\u00e3o Paulo.","breadcrumb":{"@id":"https:\/\/www.cgfmanet.org\/pt-pt\/infosfera-pt-pt\/fma-da-inspetoria-bmm-na-bienal-do-livro-de-sao-paulo\/#breadcrumb"},"inLanguage":"pt-PT","potentialAction":[{"@type":"ReadAction","target":["https:\/\/www.cgfmanet.org\/pt-pt\/infosfera-pt-pt\/fma-da-inspetoria-bmm-na-bienal-do-livro-de-sao-paulo\/"]}]},{"@type":"ImageObject","inLanguage":"pt-PT","@id":"https:\/\/www.cgfmanet.org\/pt-pt\/infosfera-pt-pt\/fma-da-inspetoria-bmm-na-bienal-do-livro-de-sao-paulo\/#primaryimage","url":"https:\/\/www.cgfmanet.org\/wp-content\/uploads\/2026\/02\/Libro-FMA-BMM.jpg","contentUrl":"https:\/\/www.cgfmanet.org\/wp-content\/uploads\/2026\/02\/Libro-FMA-BMM.jpg","width":1200,"height":800},{"@type":"BreadcrumbList","@id":"https:\/\/www.cgfmanet.org\/pt-pt\/infosfera-pt-pt\/fma-da-inspetoria-bmm-na-bienal-do-livro-de-sao-paulo\/#breadcrumb","itemListElement":[{"@type":"ListItem","position":1,"name":"Home","item":"https:\/\/www.cgfmanet.org\/pt-pt\/"},{"@type":"ListItem","position":2,"name":"FMA da Inspetoria BMM na Bienal do Livro de S\u00e3o Paulo"}]},{"@type":"WebSite","@id":"https:\/\/www.cgfmanet.org\/es\/#website","url":"https:\/\/www.cgfmanet.org\/es\/","name":"Istituto Figlie di Maria Ausiliatrice","description":"Salesiane di Don Bosco","publisher":{"@id":"https:\/\/www.cgfmanet.org\/es\/#organization"},"potentialAction":[{"@type":"SearchAction","target":{"@type":"EntryPoint","urlTemplate":"https:\/\/www.cgfmanet.org\/es\/?s={search_term_string}"},"query-input":{"@type":"PropertyValueSpecification","valueRequired":true,"valueName":"search_term_string"}}],"inLanguage":"pt-PT"},{"@type":"Organization","@id":"https:\/\/www.cgfmanet.org\/es\/#organization","name":"Istituto Figlie di Maria Ausiliatrice","url":"https:\/\/www.cgfmanet.org\/es\/","logo":{"@type":"ImageObject","inLanguage":"pt-PT","@id":"https:\/\/www.cgfmanet.org\/es\/#\/schema\/logo\/image\/","url":"https:\/\/www.cgfmanet.org\/wp-content\/uploads\/2018\/10\/logo-fma.png","contentUrl":"https:\/\/www.cgfmanet.org\/wp-content\/uploads\/2018\/10\/logo-fma.png","width":214,"height":55,"caption":"Istituto Figlie di Maria Ausiliatrice"},"image":{"@id":"https:\/\/www.cgfmanet.org\/es\/#\/schema\/logo\/image\/"},"sameAs":["https:\/\/www.facebook.com\/salesian.sisters.of.don.bosco\/","https:\/\/x.com\/Cgfmanet_Org","https:\/\/www.youtube.com\/channel\/UCmcr8yFQBV7JXeXVxyV9y5Q"]},{"@type":"Person","@id":"https:\/\/www.cgfmanet.org\/es\/#\/schema\/person\/ce6473083f53ef0ef882cca23f0c8fb9","name":"Redazione"}]}},"_links":{"self":[{"href":"https:\/\/www.cgfmanet.org\/pt-pt\/wp-json\/wp\/v2\/posts\/153672","targetHints":{"allow":["GET"]}}],"collection":[{"href":"https:\/\/www.cgfmanet.org\/pt-pt\/wp-json\/wp\/v2\/posts"}],"about":[{"href":"https:\/\/www.cgfmanet.org\/pt-pt\/wp-json\/wp\/v2\/types\/post"}],"author":[{"embeddable":true,"href":"https:\/\/www.cgfmanet.org\/pt-pt\/wp-json\/wp\/v2\/users\/21"}],"replies":[{"embeddable":true,"href":"https:\/\/www.cgfmanet.org\/pt-pt\/wp-json\/wp\/v2\/comments?post=153672"}],"version-history":[{"count":3,"href":"https:\/\/www.cgfmanet.org\/pt-pt\/wp-json\/wp\/v2\/posts\/153672\/revisions"}],"predecessor-version":[{"id":153683,"href":"https:\/\/www.cgfmanet.org\/pt-pt\/wp-json\/wp\/v2\/posts\/153672\/revisions\/153683"}],"wp:featuredmedia":[{"embeddable":true,"href":"https:\/\/www.cgfmanet.org\/pt-pt\/wp-json\/wp\/v2\/media\/153667"}],"wp:attachment":[{"href":"https:\/\/www.cgfmanet.org\/pt-pt\/wp-json\/wp\/v2\/media?parent=153672"}],"wp:term":[{"taxonomy":"category","embeddable":true,"href":"https:\/\/www.cgfmanet.org\/pt-pt\/wp-json\/wp\/v2\/categories?post=153672"},{"taxonomy":"post_tag","embeddable":true,"href":"https:\/\/www.cgfmanet.org\/pt-pt\/wp-json\/wp\/v2\/tags?post=153672"}],"curies":[{"name":"wp","href":"https:\/\/api.w.org\/{rel}","templated":true}]}}