{"id":153586,"date":"2026-02-19T09:49:06","date_gmt":"2026-02-19T08:49:06","guid":{"rendered":"https:\/\/www.cgfmanet.org\/infosfera-pt-pt\/anzianita-dono-di-dio-ang\/"},"modified":"2026-02-24T12:46:11","modified_gmt":"2026-02-24T11:46:11","slug":"ser-idosa-e-dom-de-deus-ang","status":"publish","type":"post","link":"https:\/\/www.cgfmanet.org\/pt-pt\/ifma-pt-pt\/ser-idosa-e-dom-de-deus-ang\/","title":{"rendered":"Ser idosa \u00e9 dom de Deus \u2013 ANG"},"content":{"rendered":"<p><strong>Cabinda (Angola).<\/strong> Nos dias 10 e 11 de fevereiro, o primeiro grupo das Filhas de Maria Auxiliadora da \u201cTerceira Idade\u201d da Inspetoria <em>Rainha da Paz <\/em>(ANG), esteve reunido com fraterna alegria na Comunidade Nossa Senhora Auxiliadora de Cabinda &#8211; Irm\u00e3 Anna Bello Soares, Ir. Maria das Gra\u00e7as de Souza, Ir. Elsa Pulido, Ir. Ana Maria dos Santos &#8211; acompanhadas pela Inspetora Ir. Nat\u00e1lia Miguel e pela coordenadora do grupo Ir. Zvonka Mikec.<\/p>\n<p>No primeiro dia a Ir. Nat\u00e1lia apresentou o tema <strong><em>\u201cConfiadas no Senhor da vida, do amanhecer ao anoitecer\u201d<\/em><\/strong><em>, <\/em>onde alimentou com lindas reflex\u00f5es que animam a idade, como tempo precioso, procurando manter a juventude espiritual. Citou tamb\u00e9m um belo artigo (106) das Constitui\u00e7\u00f5es das FMA: \u201c<em>A resposta renovada \u00e0 gra\u00e7a da voca\u00e7\u00e3o faz com que a ancianidade \u2013 n\u00e3o obstante o declinar das energias \u2013 seja portadora de riquezas espirituais espec\u00edficas.\u201d<\/em><\/p>\n<p>\u00c0 tarde deste dia o grupo teve um rico momento de partilha da reflex\u00e3o da manh\u00e3 e do livro: \u201cA sublime arte de envelhecer\u201d,\u00a0 de Anselm Gr\u00fcn, que Ir. Zvonka deixou com cada uma, para ler deste o ano passado. Algumas lindas palavras da partilha:<\/p>\n<p><em>\u201c\u00c9 bom saber como atingir a sabedoria e ser uma b\u00ean\u00e7\u00e3o na velhice\u201d.<\/em><br \/>\n<em>\u201cQuando a gente aceita envelhecer sem problemas, adquirimos uma nova fertilidade\u201d.<\/em><br \/>\n<em>\u201c\u00c9 uma arte envelhecer bem\u201d.<\/em><\/p>\n<p>Foram apresentados tamb\u00e9m nos dois dias, v\u00eddeos onde v\u00e1rias irm\u00e3s de outras congrega\u00e7\u00f5es, falavam da riqueza da terceira idade: <em>\u201cSomos peregrinas, somos h\u00f3spedes na terra, e o Deus da esperan\u00e7a nos enche de alegria e paz.\u201d<\/em><\/p>\n<p>No segundo dia houve um passeio \u00a0pela cidade de Cabinda e no momento do \u201cBoa noite\u201d as irm\u00e3s da terceira idade agradeceram a riqueza do encontro, bem orientado pela Ir. Zvonka e Ir. Nat\u00e1lia \u00a0a acolhida fraterna da comunidade de Cabinda e a alegria da conviv\u00eancia do \u00a0grupo.<\/p>\n","protected":false},"excerpt":{"rendered":"<p>Cabinda (Angola). Nos dias 10 e 11 de fevereiro, o primeiro grupo das Filhas de Maria Auxiliadora da \u201cTerceira Idade\u201d da Inspetoria Rainha da Paz (ANG), esteve reunido com fraterna [&hellip;]<\/p>\n","protected":false},"author":21,"featured_media":153581,"comment_status":"open","ping_status":"closed","sticky":false,"template":"","format":"standard","meta":{"footnotes":""},"categories":[159,174],"tags":[910,1665,1930],"class_list":["post-153586","post","type-post","status-publish","format-standard","has-post-thumbnail","category-ifma-pt-pt","category-cultura-vocacional","tag-ang-pt-pt","tag-spiritualita-salesiana-pt-pt","tag-focus-pt-pt"],"yoast_head":"<!-- This site is optimized with the Yoast SEO plugin v27.4 - https:\/\/yoast.com\/product\/yoast-seo-wordpress\/ -->\n<title>Ser idosa \u00e9 dom de Deus \u2013 ANG &#8226; Istituto Figlie di Maria Ausiliatrice<\/title>\n<meta name=\"description\" content=\"Nos dias 10 e 11 de fevereiro de 2026, em Cabinda, Angola, o primeiro grupo das FMA da \u201cTerceira Idade\u201d reuniu-se para viver um encontro formativo.\" \/>\n<meta name=\"robots\" content=\"index, follow, max-snippet:-1, max-image-preview:large, max-video-preview:-1\" \/>\n<link rel=\"canonical\" href=\"https:\/\/www.cgfmanet.org\/pt-pt\/ifma-pt-pt\/ser-idosa-e-dom-de-deus-ang\/\" \/>\n<meta property=\"og:locale\" content=\"pt_PT\" \/>\n<meta property=\"og:type\" content=\"article\" \/>\n<meta property=\"og:title\" content=\"Ser idosa \u00e9 dom de Deus \u2013 ANG &#8226; Istituto Figlie di Maria Ausiliatrice\" \/>\n<meta property=\"og:description\" content=\"Nos dias 10 e 11 de fevereiro de 2026, em Cabinda, Angola, o primeiro grupo das FMA da \u201cTerceira Idade\u201d reuniu-se para viver um encontro formativo.\" \/>\n<meta property=\"og:url\" content=\"https:\/\/www.cgfmanet.org\/pt-pt\/ifma-pt-pt\/ser-idosa-e-dom-de-deus-ang\/\" \/>\n<meta property=\"og:site_name\" content=\"Istituto Figlie di Maria Ausiliatrice\" \/>\n<meta property=\"article:publisher\" content=\"https:\/\/www.facebook.com\/salesian.sisters.of.don.bosco\/\" \/>\n<meta property=\"article:published_time\" content=\"2026-02-19T08:49:06+00:00\" \/>\n<meta property=\"article:modified_time\" content=\"2026-02-24T11:46:11+00:00\" \/>\n<meta property=\"og:image\" content=\"https:\/\/www.cgfmanet.org\/wp-content\/uploads\/2026\/02\/FMA_Anzianita_ANG.jpg\" \/>\n\t<meta property=\"og:image:width\" content=\"1303\" \/>\n\t<meta property=\"og:image:height\" content=\"868\" \/>\n\t<meta property=\"og:image:type\" content=\"image\/jpeg\" \/>\n<meta name=\"author\" content=\"Redazione\" \/>\n<meta name=\"twitter:card\" content=\"summary_large_image\" \/>\n<meta name=\"twitter:creator\" content=\"@Cgfmanet_Org\" \/>\n<meta name=\"twitter:site\" content=\"@Cgfmanet_Org\" \/>\n<meta name=\"twitter:label1\" content=\"Escrito por\" \/>\n\t<meta name=\"twitter:data1\" content=\"Redazione\" \/>\n\t<meta name=\"twitter:label2\" content=\"Tempo estimado de leitura\" \/>\n\t<meta name=\"twitter:data2\" content=\"2 minutos\" \/>\n<script type=\"application\/ld+json\" class=\"yoast-schema-graph\">{\"@context\":\"https:\\\/\\\/schema.org\",\"@graph\":[{\"@type\":\"Article\",\"@id\":\"https:\\\/\\\/www.cgfmanet.org\\\/pt-pt\\\/ifma-pt-pt\\\/ser-idosa-e-dom-de-deus-ang\\\/#article\",\"isPartOf\":{\"@id\":\"https:\\\/\\\/www.cgfmanet.org\\\/pt-pt\\\/ifma-pt-pt\\\/ser-idosa-e-dom-de-deus-ang\\\/\"},\"author\":{\"name\":\"Redazione\",\"@id\":\"https:\\\/\\\/www.cgfmanet.org\\\/es\\\/#\\\/schema\\\/person\\\/ce6473083f53ef0ef882cca23f0c8fb9\"},\"headline\":\"Ser idosa \u00e9 dom de Deus \u2013 ANG\",\"datePublished\":\"2026-02-19T08:49:06+00:00\",\"dateModified\":\"2026-02-24T11:46:11+00:00\",\"mainEntityOfPage\":{\"@id\":\"https:\\\/\\\/www.cgfmanet.org\\\/pt-pt\\\/ifma-pt-pt\\\/ser-idosa-e-dom-de-deus-ang\\\/\"},\"wordCount\":322,\"commentCount\":0,\"publisher\":{\"@id\":\"https:\\\/\\\/www.cgfmanet.org\\\/es\\\/#organization\"},\"image\":{\"@id\":\"https:\\\/\\\/www.cgfmanet.org\\\/pt-pt\\\/ifma-pt-pt\\\/ser-idosa-e-dom-de-deus-ang\\\/#primaryimage\"},\"thumbnailUrl\":\"https:\\\/\\\/www.cgfmanet.org\\\/wp-content\\\/uploads\\\/2026\\\/02\\\/FMA_Anzianita_ANG.jpg\",\"keywords\":[\"ANG\",\"Spiritualit\u00e0 Salesiana\",\"Focus\"],\"articleSection\":[\"IFMA\",\"Cultura vocacional\"],\"inLanguage\":\"pt-PT\",\"potentialAction\":[{\"@type\":\"CommentAction\",\"name\":\"Comment\",\"target\":[\"https:\\\/\\\/www.cgfmanet.org\\\/pt-pt\\\/ifma-pt-pt\\\/ser-idosa-e-dom-de-deus-ang\\\/#respond\"]}]},{\"@type\":\"WebPage\",\"@id\":\"https:\\\/\\\/www.cgfmanet.org\\\/pt-pt\\\/ifma-pt-pt\\\/ser-idosa-e-dom-de-deus-ang\\\/\",\"url\":\"https:\\\/\\\/www.cgfmanet.org\\\/pt-pt\\\/ifma-pt-pt\\\/ser-idosa-e-dom-de-deus-ang\\\/\",\"name\":\"Ser idosa \u00e9 dom de Deus \u2013 ANG &#8226; Istituto Figlie di Maria Ausiliatrice\",\"isPartOf\":{\"@id\":\"https:\\\/\\\/www.cgfmanet.org\\\/es\\\/#website\"},\"primaryImageOfPage\":{\"@id\":\"https:\\\/\\\/www.cgfmanet.org\\\/pt-pt\\\/ifma-pt-pt\\\/ser-idosa-e-dom-de-deus-ang\\\/#primaryimage\"},\"image\":{\"@id\":\"https:\\\/\\\/www.cgfmanet.org\\\/pt-pt\\\/ifma-pt-pt\\\/ser-idosa-e-dom-de-deus-ang\\\/#primaryimage\"},\"thumbnailUrl\":\"https:\\\/\\\/www.cgfmanet.org\\\/wp-content\\\/uploads\\\/2026\\\/02\\\/FMA_Anzianita_ANG.jpg\",\"datePublished\":\"2026-02-19T08:49:06+00:00\",\"dateModified\":\"2026-02-24T11:46:11+00:00\",\"description\":\"Nos dias 10 e 11 de fevereiro de 2026, em Cabinda, Angola, o primeiro grupo das FMA da \u201cTerceira Idade\u201d reuniu-se para viver um encontro formativo.\",\"breadcrumb\":{\"@id\":\"https:\\\/\\\/www.cgfmanet.org\\\/pt-pt\\\/ifma-pt-pt\\\/ser-idosa-e-dom-de-deus-ang\\\/#breadcrumb\"},\"inLanguage\":\"pt-PT\",\"potentialAction\":[{\"@type\":\"ReadAction\",\"target\":[\"https:\\\/\\\/www.cgfmanet.org\\\/pt-pt\\\/ifma-pt-pt\\\/ser-idosa-e-dom-de-deus-ang\\\/\"]}]},{\"@type\":\"ImageObject\",\"inLanguage\":\"pt-PT\",\"@id\":\"https:\\\/\\\/www.cgfmanet.org\\\/pt-pt\\\/ifma-pt-pt\\\/ser-idosa-e-dom-de-deus-ang\\\/#primaryimage\",\"url\":\"https:\\\/\\\/www.cgfmanet.org\\\/wp-content\\\/uploads\\\/2026\\\/02\\\/FMA_Anzianita_ANG.jpg\",\"contentUrl\":\"https:\\\/\\\/www.cgfmanet.org\\\/wp-content\\\/uploads\\\/2026\\\/02\\\/FMA_Anzianita_ANG.jpg\",\"width\":1303,\"height\":868},{\"@type\":\"BreadcrumbList\",\"@id\":\"https:\\\/\\\/www.cgfmanet.org\\\/pt-pt\\\/ifma-pt-pt\\\/ser-idosa-e-dom-de-deus-ang\\\/#breadcrumb\",\"itemListElement\":[{\"@type\":\"ListItem\",\"position\":1,\"name\":\"Home\",\"item\":\"https:\\\/\\\/www.cgfmanet.org\\\/pt-pt\\\/\"},{\"@type\":\"ListItem\",\"position\":2,\"name\":\"Ser idosa \u00e9 dom de Deus \u2013 ANG\"}]},{\"@type\":\"WebSite\",\"@id\":\"https:\\\/\\\/www.cgfmanet.org\\\/es\\\/#website\",\"url\":\"https:\\\/\\\/www.cgfmanet.org\\\/es\\\/\",\"name\":\"Istituto Figlie di Maria Ausiliatrice\",\"description\":\"Salesiane di Don Bosco\",\"publisher\":{\"@id\":\"https:\\\/\\\/www.cgfmanet.org\\\/es\\\/#organization\"},\"potentialAction\":[{\"@type\":\"SearchAction\",\"target\":{\"@type\":\"EntryPoint\",\"urlTemplate\":\"https:\\\/\\\/www.cgfmanet.org\\\/es\\\/?s={search_term_string}\"},\"query-input\":{\"@type\":\"PropertyValueSpecification\",\"valueRequired\":true,\"valueName\":\"search_term_string\"}}],\"inLanguage\":\"pt-PT\"},{\"@type\":\"Organization\",\"@id\":\"https:\\\/\\\/www.cgfmanet.org\\\/es\\\/#organization\",\"name\":\"Istituto Figlie di Maria Ausiliatrice\",\"url\":\"https:\\\/\\\/www.cgfmanet.org\\\/es\\\/\",\"logo\":{\"@type\":\"ImageObject\",\"inLanguage\":\"pt-PT\",\"@id\":\"https:\\\/\\\/www.cgfmanet.org\\\/es\\\/#\\\/schema\\\/logo\\\/image\\\/\",\"url\":\"https:\\\/\\\/www.cgfmanet.org\\\/wp-content\\\/uploads\\\/2018\\\/10\\\/logo-fma.png\",\"contentUrl\":\"https:\\\/\\\/www.cgfmanet.org\\\/wp-content\\\/uploads\\\/2018\\\/10\\\/logo-fma.png\",\"width\":214,\"height\":55,\"caption\":\"Istituto Figlie di Maria Ausiliatrice\"},\"image\":{\"@id\":\"https:\\\/\\\/www.cgfmanet.org\\\/es\\\/#\\\/schema\\\/logo\\\/image\\\/\"},\"sameAs\":[\"https:\\\/\\\/www.facebook.com\\\/salesian.sisters.of.don.bosco\\\/\",\"https:\\\/\\\/x.com\\\/Cgfmanet_Org\",\"https:\\\/\\\/www.youtube.com\\\/channel\\\/UCmcr8yFQBV7JXeXVxyV9y5Q\"]},{\"@type\":\"Person\",\"@id\":\"https:\\\/\\\/www.cgfmanet.org\\\/es\\\/#\\\/schema\\\/person\\\/ce6473083f53ef0ef882cca23f0c8fb9\",\"name\":\"Redazione\"}]}<\/script>\n<!-- \/ Yoast SEO plugin. -->","yoast_head_json":{"title":"Ser idosa \u00e9 dom de Deus \u2013 ANG &#8226; Istituto Figlie di Maria Ausiliatrice","description":"Nos dias 10 e 11 de fevereiro de 2026, em Cabinda, Angola, o primeiro grupo das FMA da \u201cTerceira Idade\u201d reuniu-se para viver um encontro formativo.","robots":{"index":"index","follow":"follow","max-snippet":"max-snippet:-1","max-image-preview":"max-image-preview:large","max-video-preview":"max-video-preview:-1"},"canonical":"https:\/\/www.cgfmanet.org\/pt-pt\/ifma-pt-pt\/ser-idosa-e-dom-de-deus-ang\/","og_locale":"pt_PT","og_type":"article","og_title":"Ser idosa \u00e9 dom de Deus \u2013 ANG &#8226; Istituto Figlie di Maria Ausiliatrice","og_description":"Nos dias 10 e 11 de fevereiro de 2026, em Cabinda, Angola, o primeiro grupo das FMA da \u201cTerceira Idade\u201d reuniu-se para viver um encontro formativo.","og_url":"https:\/\/www.cgfmanet.org\/pt-pt\/ifma-pt-pt\/ser-idosa-e-dom-de-deus-ang\/","og_site_name":"Istituto Figlie di Maria Ausiliatrice","article_publisher":"https:\/\/www.facebook.com\/salesian.sisters.of.don.bosco\/","article_published_time":"2026-02-19T08:49:06+00:00","article_modified_time":"2026-02-24T11:46:11+00:00","og_image":[{"width":1303,"height":868,"url":"https:\/\/www.cgfmanet.org\/wp-content\/uploads\/2026\/02\/FMA_Anzianita_ANG.jpg","type":"image\/jpeg"}],"author":"Redazione","twitter_card":"summary_large_image","twitter_creator":"@Cgfmanet_Org","twitter_site":"@Cgfmanet_Org","twitter_misc":{"Escrito por":"Redazione","Tempo estimado de leitura":"2 minutos"},"schema":{"@context":"https:\/\/schema.org","@graph":[{"@type":"Article","@id":"https:\/\/www.cgfmanet.org\/pt-pt\/ifma-pt-pt\/ser-idosa-e-dom-de-deus-ang\/#article","isPartOf":{"@id":"https:\/\/www.cgfmanet.org\/pt-pt\/ifma-pt-pt\/ser-idosa-e-dom-de-deus-ang\/"},"author":{"name":"Redazione","@id":"https:\/\/www.cgfmanet.org\/es\/#\/schema\/person\/ce6473083f53ef0ef882cca23f0c8fb9"},"headline":"Ser idosa \u00e9 dom de Deus \u2013 ANG","datePublished":"2026-02-19T08:49:06+00:00","dateModified":"2026-02-24T11:46:11+00:00","mainEntityOfPage":{"@id":"https:\/\/www.cgfmanet.org\/pt-pt\/ifma-pt-pt\/ser-idosa-e-dom-de-deus-ang\/"},"wordCount":322,"commentCount":0,"publisher":{"@id":"https:\/\/www.cgfmanet.org\/es\/#organization"},"image":{"@id":"https:\/\/www.cgfmanet.org\/pt-pt\/ifma-pt-pt\/ser-idosa-e-dom-de-deus-ang\/#primaryimage"},"thumbnailUrl":"https:\/\/www.cgfmanet.org\/wp-content\/uploads\/2026\/02\/FMA_Anzianita_ANG.jpg","keywords":["ANG","Spiritualit\u00e0 Salesiana","Focus"],"articleSection":["IFMA","Cultura vocacional"],"inLanguage":"pt-PT","potentialAction":[{"@type":"CommentAction","name":"Comment","target":["https:\/\/www.cgfmanet.org\/pt-pt\/ifma-pt-pt\/ser-idosa-e-dom-de-deus-ang\/#respond"]}]},{"@type":"WebPage","@id":"https:\/\/www.cgfmanet.org\/pt-pt\/ifma-pt-pt\/ser-idosa-e-dom-de-deus-ang\/","url":"https:\/\/www.cgfmanet.org\/pt-pt\/ifma-pt-pt\/ser-idosa-e-dom-de-deus-ang\/","name":"Ser idosa \u00e9 dom de Deus \u2013 ANG &#8226; Istituto Figlie di Maria Ausiliatrice","isPartOf":{"@id":"https:\/\/www.cgfmanet.org\/es\/#website"},"primaryImageOfPage":{"@id":"https:\/\/www.cgfmanet.org\/pt-pt\/ifma-pt-pt\/ser-idosa-e-dom-de-deus-ang\/#primaryimage"},"image":{"@id":"https:\/\/www.cgfmanet.org\/pt-pt\/ifma-pt-pt\/ser-idosa-e-dom-de-deus-ang\/#primaryimage"},"thumbnailUrl":"https:\/\/www.cgfmanet.org\/wp-content\/uploads\/2026\/02\/FMA_Anzianita_ANG.jpg","datePublished":"2026-02-19T08:49:06+00:00","dateModified":"2026-02-24T11:46:11+00:00","description":"Nos dias 10 e 11 de fevereiro de 2026, em Cabinda, Angola, o primeiro grupo das FMA da \u201cTerceira Idade\u201d reuniu-se para viver um encontro formativo.","breadcrumb":{"@id":"https:\/\/www.cgfmanet.org\/pt-pt\/ifma-pt-pt\/ser-idosa-e-dom-de-deus-ang\/#breadcrumb"},"inLanguage":"pt-PT","potentialAction":[{"@type":"ReadAction","target":["https:\/\/www.cgfmanet.org\/pt-pt\/ifma-pt-pt\/ser-idosa-e-dom-de-deus-ang\/"]}]},{"@type":"ImageObject","inLanguage":"pt-PT","@id":"https:\/\/www.cgfmanet.org\/pt-pt\/ifma-pt-pt\/ser-idosa-e-dom-de-deus-ang\/#primaryimage","url":"https:\/\/www.cgfmanet.org\/wp-content\/uploads\/2026\/02\/FMA_Anzianita_ANG.jpg","contentUrl":"https:\/\/www.cgfmanet.org\/wp-content\/uploads\/2026\/02\/FMA_Anzianita_ANG.jpg","width":1303,"height":868},{"@type":"BreadcrumbList","@id":"https:\/\/www.cgfmanet.org\/pt-pt\/ifma-pt-pt\/ser-idosa-e-dom-de-deus-ang\/#breadcrumb","itemListElement":[{"@type":"ListItem","position":1,"name":"Home","item":"https:\/\/www.cgfmanet.org\/pt-pt\/"},{"@type":"ListItem","position":2,"name":"Ser idosa \u00e9 dom de Deus \u2013 ANG"}]},{"@type":"WebSite","@id":"https:\/\/www.cgfmanet.org\/es\/#website","url":"https:\/\/www.cgfmanet.org\/es\/","name":"Istituto Figlie di Maria Ausiliatrice","description":"Salesiane di Don Bosco","publisher":{"@id":"https:\/\/www.cgfmanet.org\/es\/#organization"},"potentialAction":[{"@type":"SearchAction","target":{"@type":"EntryPoint","urlTemplate":"https:\/\/www.cgfmanet.org\/es\/?s={search_term_string}"},"query-input":{"@type":"PropertyValueSpecification","valueRequired":true,"valueName":"search_term_string"}}],"inLanguage":"pt-PT"},{"@type":"Organization","@id":"https:\/\/www.cgfmanet.org\/es\/#organization","name":"Istituto Figlie di Maria Ausiliatrice","url":"https:\/\/www.cgfmanet.org\/es\/","logo":{"@type":"ImageObject","inLanguage":"pt-PT","@id":"https:\/\/www.cgfmanet.org\/es\/#\/schema\/logo\/image\/","url":"https:\/\/www.cgfmanet.org\/wp-content\/uploads\/2018\/10\/logo-fma.png","contentUrl":"https:\/\/www.cgfmanet.org\/wp-content\/uploads\/2018\/10\/logo-fma.png","width":214,"height":55,"caption":"Istituto Figlie di Maria Ausiliatrice"},"image":{"@id":"https:\/\/www.cgfmanet.org\/es\/#\/schema\/logo\/image\/"},"sameAs":["https:\/\/www.facebook.com\/salesian.sisters.of.don.bosco\/","https:\/\/x.com\/Cgfmanet_Org","https:\/\/www.youtube.com\/channel\/UCmcr8yFQBV7JXeXVxyV9y5Q"]},{"@type":"Person","@id":"https:\/\/www.cgfmanet.org\/es\/#\/schema\/person\/ce6473083f53ef0ef882cca23f0c8fb9","name":"Redazione"}]}},"_links":{"self":[{"href":"https:\/\/www.cgfmanet.org\/pt-pt\/wp-json\/wp\/v2\/posts\/153586","targetHints":{"allow":["GET"]}}],"collection":[{"href":"https:\/\/www.cgfmanet.org\/pt-pt\/wp-json\/wp\/v2\/posts"}],"about":[{"href":"https:\/\/www.cgfmanet.org\/pt-pt\/wp-json\/wp\/v2\/types\/post"}],"author":[{"embeddable":true,"href":"https:\/\/www.cgfmanet.org\/pt-pt\/wp-json\/wp\/v2\/users\/21"}],"replies":[{"embeddable":true,"href":"https:\/\/www.cgfmanet.org\/pt-pt\/wp-json\/wp\/v2\/comments?post=153586"}],"version-history":[{"count":3,"href":"https:\/\/www.cgfmanet.org\/pt-pt\/wp-json\/wp\/v2\/posts\/153586\/revisions"}],"predecessor-version":[{"id":153907,"href":"https:\/\/www.cgfmanet.org\/pt-pt\/wp-json\/wp\/v2\/posts\/153586\/revisions\/153907"}],"wp:featuredmedia":[{"embeddable":true,"href":"https:\/\/www.cgfmanet.org\/pt-pt\/wp-json\/wp\/v2\/media\/153581"}],"wp:attachment":[{"href":"https:\/\/www.cgfmanet.org\/pt-pt\/wp-json\/wp\/v2\/media?parent=153586"}],"wp:term":[{"taxonomy":"category","embeddable":true,"href":"https:\/\/www.cgfmanet.org\/pt-pt\/wp-json\/wp\/v2\/categories?post=153586"},{"taxonomy":"post_tag","embeddable":true,"href":"https:\/\/www.cgfmanet.org\/pt-pt\/wp-json\/wp\/v2\/tags?post=153586"}],"curies":[{"name":"wp","href":"https:\/\/api.w.org\/{rel}","templated":true}]}}