{"id":153567,"date":"2026-02-18T11:59:23","date_gmt":"2026-02-18T10:59:23","guid":{"rendered":"https:\/\/www.cgfmanet.org\/infosfera-pt-pt\/rendere-visibile-linvisibile-a-roma-stazione-termini\/"},"modified":"2026-02-21T21:32:11","modified_gmt":"2026-02-21T20:32:11","slug":"tornar-visivel-o-invisivel-em-roma-estacao-termini","status":"publish","type":"post","link":"https:\/\/www.cgfmanet.org\/pt-pt\/infosfera-pt-pt\/tornar-visivel-o-invisivel-em-roma-estacao-termini\/","title":{"rendered":"\u201cTornar vis\u00edvel o invis\u00edvel\u201d em Roma, Esta\u00e7\u00e3o Termini"},"content":{"rendered":"<p><strong>Roma (It\u00e1lia).<\/strong> Todos os s\u00e1bados, um grupo de Filhas de Maria Auxiliadora da Comunidade <em>Maria Auxiliadora<\/em> da Casa Geral de Roma (RCG) encontra os volunt\u00e1rios da <em>Comunidade de Santo Eg\u00eddio<\/em> na Esta\u00e7\u00e3o Termini para a distribui\u00e7\u00e3o de refei\u00e7\u00f5es, mas sobretudo, de escuta e proximidade, a quem j\u00e1 n\u00e3o tem lugar no fluxo da cidade.<\/p>\n<p>A experi\u00eancia, que j\u00e1 dura h\u00e1 alguns anos, come\u00e7ou com o grupo das neo-mission\u00e1rias presentes todos os anos na Casa Geral para a prepara\u00e7\u00e3o mission\u00e1ria e foi-se estendendo progressivamente \u00e0 Comunidade, envolvendo-a na prepara\u00e7\u00e3o e distribui\u00e7\u00e3o de cerca de trinta refei\u00e7\u00f5es e, sobretudo, no apoio a esta iniciativa de caridade, segundo o que est\u00e1 expresso nas Constitui\u00e7\u00f5es das FMA: <em>\u201cEnquanto membro de uma comunidade espec\u00edfica, a Filha de Maria Auxiliadora \u00e9 uma enviada\u201d<\/em> (C 64).<\/p>\n<p>A Irm\u00e3 Le Thi Anh Dung, estudante da Faculdade de Ci\u00eancias da Comunica\u00e7\u00e3o social da Universidade Pontif\u00edcia Salesiana, relata a experi\u00eancia no portal da internet da Faculdade, <span style=\"color: #0000ff;\"><a style=\"color: #0000ff;\" href=\"https:\/\/www.openprisma.it\/\" target=\"_blank\" rel=\"noopener\"><strong>Open Prisma<\/strong><\/a><\/span>:<\/p>\n<p>Superlotada, elegante, em cont\u00ednuo movimento\u2026 assim aparece a esta\u00e7\u00e3o ferrovi\u00e1ria de Roma Termini. \u00c9 a principal esta\u00e7\u00e3o ferrovi\u00e1ria da capital, a maior da It\u00e1lia e a quinta da Europa. Aqui parece ver-se o mundo inteiro: cerca de 150 milh\u00f5es de passageiros por ano e 850 trens que se cruzam todos os dias.<\/p>\n<p>Contudo, Termini \u00e9 tamb\u00e9m um lugar onde se pode tornar invis\u00edveis. Chega-se rapidamente, parte-se rapidamente. Milhares de rostos passam, cruzam-se sem se conhecer, partilham-se escadas rolantes sem partilhar a vida. Presos ao pr\u00f3prio caminho, os olhos n\u00e3o conseguem realmente encontrar os dos outros.<\/p>\n<p>\u00c0 volta desta estrutura t\u00e3o grande e conhecida re\u00fanem-se os sem-teto e os pobres an\u00f4nimos. Pessoas que parecem absorvidas pelo ritmo incessante da esta\u00e7\u00e3o, quase desaparecidas dentro do seu movimento. N\u00e3o s\u00e3o vistas por quem corre para um trem, nem por quem observa vitrines cintilantes ou lembran\u00e7as coloridas. A luz da esta\u00e7\u00e3o ilumina tudo, mas nem sempre consegue alcan\u00e7ar estes irm\u00e3os silenciosos.<\/p>\n<p><strong>Um servi\u00e7o invis\u00edvel de s\u00e1bado<\/strong><\/p>\n<p>No fim de semana, a esta\u00e7\u00e3o torna-se ainda mais cheia. Contudo, precisamente todos os s\u00e1bados ao meio-dia, algo muda. Um grupo de leigos e de irm\u00e3s encontra-se fora da esta\u00e7\u00e3o: partilham um almo\u00e7o simples j\u00e1 preparado e dividem-se em dois pequenos grupos. Um dirige-se para o exterior da esta\u00e7\u00e3o, o outro entra no \u00e1trio central.<\/p>\n<p>N\u00e3o s\u00e3o suficientemente vis\u00edveis para atrair a aten\u00e7\u00e3o e, na verdade, n\u00e3o o querem ser. S\u00e3o volunt\u00e1rios leigos da Comunidade de Sant\u2019Egidio e Filhas de Maria Auxiliadora da Casa Geral de Roma. Partem com o desejo de oferecer aten\u00e7\u00e3o \u00e0queles que, aos olhos do mundo, se est\u00e3o tornando invis\u00edveis.<\/p>\n<p><strong>Alimento n\u00e3o s\u00f3 para o corpo<\/strong><\/p>\n<p>Os volunt\u00e1rios caminham entre as pessoas sem se deixar arrastar pela pressa. A um certo ponto, param: um homem est\u00e1 envolto numa coberta fina, deitado sobre um papel\u00e3o. \u00abOl\u00e1, amigo\u00bb. No ru\u00eddo da cidade, aquela simples sauda\u00e7\u00e3o basta para o despertar. \u00abQueres algo para comer? Hoje temos\u2026\u00bb.<\/p>\n<p>N\u00e3o est\u00e3o ali para distribuir ajudas como um dever, mas para olhar nos olhos a pessoa que t\u00eam diante de si. Escutam a resposta para oferecer o que \u00e9 mais adequado, sabendo que alguns n\u00e3o comem carne de porco por motivos religiosos. Esta delicadeza faz com que se sintam acolhidos, sem distin\u00e7\u00f5es.<\/p>\n<p><strong>O amor que torna vis\u00edvel o invis\u00edvel<\/strong><\/p>\n<p>Mais \u00e0 frente encontram Marta, uma idosa sem morada fixa que j\u00e1 os conhece bem. Apenas algumas semanas antes tinham-na encontrado no ch\u00e3o h\u00e1, sabe-se l\u00e1, quanto tempo: foram eles que a levantaram e chamaram a ambul\u00e2ncia. Agora cumprimentam-na, perguntam-lhe como est\u00e1, encorajam-na. Ela n\u00e3o fala italiano, eles n\u00e3o falam bem o ingl\u00eas. Contudo, entendem-se. No ru\u00eddo do mundo, o cora\u00e7\u00e3o encontra a sua linguagem.<\/p>\n<p>Os volunt\u00e1rios continuam o seu percurso. Os trinta almo\u00e7os preparados s\u00e3o entregues rapidamente, mas sobretudo com aten\u00e7\u00e3o. Uma refei\u00e7\u00e3o n\u00e3o basta para saciar a fome quotidiana, mas pode aquecer a alma.<\/p>\n<p>Recebendo com os olhos luminosos e com um aceno respeitoso de agradecimento, os sem-teto sabem que n\u00e3o s\u00e3o invis\u00edveis, pelo menos para estes volunt\u00e1rios. E, ao dar um sorriso, muitas vezes com os olhos brilhando, os volunt\u00e1rios reconhecem algo de invis\u00edvel que s\u00f3 os olhos do cora\u00e7\u00e3o podem perceber.<\/p>\n<p><strong>A ora\u00e7\u00e3o que sustenta o milagre invis\u00edvel<\/strong><\/p>\n<p>Ap\u00f3s cerca de uma hora, a distribui\u00e7\u00e3o termina. Mas o apostolado n\u00e3o acaba aqui. O grupo retira-se a uma pequena capela no piso inferior da esta\u00e7\u00e3o. Ali confiam ao Pai celeste todos os amigos encontrados, agradecem pela alegria partilhada e rezam para que continue a cuidar dos seus filhos mais fr\u00e1geis. Simples e breve, a ora\u00e7\u00e3o torna-se a for\u00e7a invis\u00edvel que sustenta o seu servi\u00e7o.<\/p>\n<p>A esta\u00e7\u00e3o continua o seu ritmo fren\u00e9tico, alheia ao que aconteceu em sil\u00eancio. Nenhum jornal falar\u00e1 disso: n\u00e3o traz vantagens econ\u00f4micas nem resultados tang\u00edveis para a sociedade. E, contudo, algo de grande aconteceu: um pequeno milagre. Porque o amor, aquele verdadeiro, tornou vis\u00edvel o invis\u00edvel e transformou um lugar de passagem num lugar de encontro, mais humano, mais luminoso, mais semelhante ao cora\u00e7\u00e3o de Deus.<\/p>\n<p>&nbsp;<\/p>\n\r\n                <style type=\"text\/css\">\r\n                    \r\n                    #tdi_1  .td-doubleSlider-2 .td-item1 {\r\n                        background: url(https:\/\/www.cgfmanet.org\/wp-content\/uploads\/2026\/02\/Servizio-Stazione-Termini-80x60.jpg) 0 0 no-repeat;\r\n                    }\r\n                    #tdi_1  .td-doubleSlider-2 .td-item2 {\r\n                        background: url(https:\/\/www.cgfmanet.org\/wp-content\/uploads\/2026\/02\/Servizio-Stazione-Termini_1-80x60.jpg) 0 0 no-repeat;\r\n                    }\r\n                    #tdi_1  .td-doubleSlider-2 .td-item3 {\r\n                        background: url(https:\/\/www.cgfmanet.org\/wp-content\/uploads\/2026\/02\/Servizio-Stazione-Termini_5-80x60.jpg) 0 0 no-repeat;\r\n                    }\r\n                    #tdi_1  .td-doubleSlider-2 .td-item4 {\r\n                        background: url(https:\/\/www.cgfmanet.org\/wp-content\/uploads\/2026\/02\/Servizio-Stazione-Termini_6-80x60.jpg) 0 0 no-repeat;\r\n                    }\r\n                    #tdi_1  .td-doubleSlider-2 .td-item5 {\r\n                        background: url(https:\/\/www.cgfmanet.org\/wp-content\/uploads\/2026\/02\/Servizio-Stazione-Termini_3-80x60.jpg) 0 0 no-repeat;\r\n                    }\r\n                    #tdi_1  .td-doubleSlider-2 .td-item6 {\r\n                        background: url(https:\/\/www.cgfmanet.org\/wp-content\/uploads\/2026\/02\/Servizio-Stazione-Termini_4-80x60.jpg) 0 0 no-repeat;\r\n                    }\r\n                <\/style>\r\n\r\n                <div id=\"tdi_1\" class=\"td-gallery td-slide-on-2-columns\">\r\n                    <div class=\"post_td_gallery\">\r\n                        <div class=\"td-gallery-slide-top\">\r\n                           <div class=\"td-gallery-title\"><\/div>\r\n\r\n                            <div class=\"td-gallery-controls-wrapper\">\r\n                                <div class=\"td-gallery-slide-count\"><span class=\"td-gallery-slide-item-focus\">1<\/span> do 6<\/div>\r\n                                <div class=\"td-gallery-slide-prev-next-but\">\r\n                                    <i class = \"td-icon-left doubleSliderPrevButton\"><\/i>\r\n                                    <i class = \"td-icon-right doubleSliderNextButton\"><\/i>\r\n                                <\/div>\r\n                            <\/div>\r\n                        <\/div>\r\n\r\n                        <div class = \"td-doubleSlider-1 \">\r\n                            <div class = \"td-slider\">\r\n                                \r\n                    <div class = \"td-slide-item td-item1\">\r\n                        <figure class=\"td-slide-galery-figure td-slide-popup-gallery\">\r\n                            <a class=\"slide-gallery-image-link\" href=\"https:\/\/www.cgfmanet.org\/wp-content\/uploads\/2026\/02\/Servizio-Stazione-Termini.jpg\" title=\"Servizio Stazione Termini\"  data-caption=\"\"  data-description=\"\">\r\n                                <img decoding=\"async\" data-src=\"https:\/\/www.cgfmanet.org\/wp-content\/uploads\/2026\/02\/Servizio-Stazione-Termini-630x420.jpg\" data-srcset=\"https:\/\/www.cgfmanet.org\/wp-content\/uploads\/2026\/02\/Servizio-Stazione-Termini-630x420.jpg 630w, https:\/\/www.cgfmanet.org\/wp-content\/uploads\/2026\/02\/Servizio-Stazione-Termini-768x512.jpg 768w, https:\/\/www.cgfmanet.org\/wp-content\/uploads\/2026\/02\/Servizio-Stazione-Termini-696x464.jpg 696w, https:\/\/www.cgfmanet.org\/wp-content\/uploads\/2026\/02\/Servizio-Stazione-Termini.jpg 1181w\" data-sizes=\"auto\" alt=\"\" src=\"data:image\/svg+xml;base64,PHN2ZyB3aWR0aD0iMSIgaGVpZ2h0PSIxIiB4bWxucz0iaHR0cDovL3d3dy53My5vcmcvMjAwMC9zdmciPjwvc3ZnPg==\" class=\"lazyload\" style=\"--smush-placeholder-width: 630px; --smush-placeholder-aspect-ratio: 630\/420;\" data-original-sizes=\"(max-width: 630px) 100vw, 630px\">\r\n                            <\/a>\r\n                            \r\n                        <\/figure>\r\n                    <\/div>\r\n                    <div class = \"td-slide-item td-item2\">\r\n                        <figure class=\"td-slide-galery-figure td-slide-popup-gallery\">\r\n                            <a class=\"slide-gallery-image-link\" href=\"https:\/\/www.cgfmanet.org\/wp-content\/uploads\/2026\/02\/Servizio-Stazione-Termini_1.jpg\" title=\"Servizio Stazione Termini_1\"  data-caption=\"\"  data-description=\"\">\r\n                                <img decoding=\"async\" data-src=\"https:\/\/www.cgfmanet.org\/wp-content\/uploads\/2026\/02\/Servizio-Stazione-Termini_1-684x420.jpg\" data-srcset=\"https:\/\/www.cgfmanet.org\/wp-content\/uploads\/2026\/02\/Servizio-Stazione-Termini_1-684x420.jpg 684w, https:\/\/www.cgfmanet.org\/wp-content\/uploads\/2026\/02\/Servizio-Stazione-Termini_1-768x471.jpg 768w, https:\/\/www.cgfmanet.org\/wp-content\/uploads\/2026\/02\/Servizio-Stazione-Termini_1-696x427.jpg 696w, https:\/\/www.cgfmanet.org\/wp-content\/uploads\/2026\/02\/Servizio-Stazione-Termini_1.jpg 1181w\" data-sizes=\"auto\" alt=\"\" src=\"data:image\/svg+xml;base64,PHN2ZyB3aWR0aD0iMSIgaGVpZ2h0PSIxIiB4bWxucz0iaHR0cDovL3d3dy53My5vcmcvMjAwMC9zdmciPjwvc3ZnPg==\" class=\"lazyload\" style=\"--smush-placeholder-width: 684px; --smush-placeholder-aspect-ratio: 684\/420;\" data-original-sizes=\"(max-width: 684px) 100vw, 684px\">\r\n                            <\/a>\r\n                            \r\n                        <\/figure>\r\n                    <\/div>\r\n                    <div class = \"td-slide-item td-item3\">\r\n                        <figure class=\"td-slide-galery-figure td-slide-popup-gallery\">\r\n                            <a class=\"slide-gallery-image-link\" href=\"https:\/\/www.cgfmanet.org\/wp-content\/uploads\/2026\/02\/Servizio-Stazione-Termini_5.jpg\" title=\"Servizio Stazione Termini_5\"  data-caption=\"\"  data-description=\"\">\r\n                                <img decoding=\"async\" data-src=\"https:\/\/www.cgfmanet.org\/wp-content\/uploads\/2026\/02\/Servizio-Stazione-Termini_5-630x420.jpg\" data-srcset=\"https:\/\/www.cgfmanet.org\/wp-content\/uploads\/2026\/02\/Servizio-Stazione-Termini_5-630x420.jpg 630w, https:\/\/www.cgfmanet.org\/wp-content\/uploads\/2026\/02\/Servizio-Stazione-Termini_5-768x512.jpg 768w, https:\/\/www.cgfmanet.org\/wp-content\/uploads\/2026\/02\/Servizio-Stazione-Termini_5-696x464.jpg 696w, https:\/\/www.cgfmanet.org\/wp-content\/uploads\/2026\/02\/Servizio-Stazione-Termini_5.jpg 1181w\" data-sizes=\"auto\" alt=\"\" src=\"data:image\/svg+xml;base64,PHN2ZyB3aWR0aD0iMSIgaGVpZ2h0PSIxIiB4bWxucz0iaHR0cDovL3d3dy53My5vcmcvMjAwMC9zdmciPjwvc3ZnPg==\" class=\"lazyload\" style=\"--smush-placeholder-width: 630px; --smush-placeholder-aspect-ratio: 630\/420;\" data-original-sizes=\"(max-width: 630px) 100vw, 630px\">\r\n                            <\/a>\r\n                            \r\n                        <\/figure>\r\n                    <\/div>\r\n                    <div class = \"td-slide-item td-item4\">\r\n                        <figure class=\"td-slide-galery-figure td-slide-popup-gallery\">\r\n                            <a class=\"slide-gallery-image-link\" href=\"https:\/\/www.cgfmanet.org\/wp-content\/uploads\/2026\/02\/Servizio-Stazione-Termini_6.jpg\" title=\"Servizio Stazione Termini_6\"  data-caption=\"\"  data-description=\"\">\r\n                                <img decoding=\"async\" data-src=\"https:\/\/www.cgfmanet.org\/wp-content\/uploads\/2026\/02\/Servizio-Stazione-Termini_6-630x420.jpg\" data-srcset=\"https:\/\/www.cgfmanet.org\/wp-content\/uploads\/2026\/02\/Servizio-Stazione-Termini_6-630x420.jpg 630w, https:\/\/www.cgfmanet.org\/wp-content\/uploads\/2026\/02\/Servizio-Stazione-Termini_6-768x512.jpg 768w, https:\/\/www.cgfmanet.org\/wp-content\/uploads\/2026\/02\/Servizio-Stazione-Termini_6-696x464.jpg 696w, https:\/\/www.cgfmanet.org\/wp-content\/uploads\/2026\/02\/Servizio-Stazione-Termini_6.jpg 1181w\" data-sizes=\"auto\" alt=\"\" src=\"data:image\/svg+xml;base64,PHN2ZyB3aWR0aD0iMSIgaGVpZ2h0PSIxIiB4bWxucz0iaHR0cDovL3d3dy53My5vcmcvMjAwMC9zdmciPjwvc3ZnPg==\" class=\"lazyload\" style=\"--smush-placeholder-width: 630px; --smush-placeholder-aspect-ratio: 630\/420;\" data-original-sizes=\"(max-width: 630px) 100vw, 630px\">\r\n                            <\/a>\r\n                            \r\n                        <\/figure>\r\n                    <\/div>\r\n                    <div class = \"td-slide-item td-item5\">\r\n                        <figure class=\"td-slide-galery-figure td-slide-popup-gallery\">\r\n                            <a class=\"slide-gallery-image-link\" href=\"https:\/\/www.cgfmanet.org\/wp-content\/uploads\/2026\/02\/Servizio-Stazione-Termini_3.jpg\" title=\"Servizio Stazione Termini_3\"  data-caption=\"\"  data-description=\"\">\r\n                                <img decoding=\"async\" data-src=\"https:\/\/www.cgfmanet.org\/wp-content\/uploads\/2026\/02\/Servizio-Stazione-Termini_3-630x420.jpg\" data-srcset=\"https:\/\/www.cgfmanet.org\/wp-content\/uploads\/2026\/02\/Servizio-Stazione-Termini_3-630x420.jpg 630w, https:\/\/www.cgfmanet.org\/wp-content\/uploads\/2026\/02\/Servizio-Stazione-Termini_3-768x512.jpg 768w, https:\/\/www.cgfmanet.org\/wp-content\/uploads\/2026\/02\/Servizio-Stazione-Termini_3-696x464.jpg 696w, https:\/\/www.cgfmanet.org\/wp-content\/uploads\/2026\/02\/Servizio-Stazione-Termini_3.jpg 1181w\" data-sizes=\"auto\" alt=\"\" src=\"data:image\/svg+xml;base64,PHN2ZyB3aWR0aD0iMSIgaGVpZ2h0PSIxIiB4bWxucz0iaHR0cDovL3d3dy53My5vcmcvMjAwMC9zdmciPjwvc3ZnPg==\" class=\"lazyload\" style=\"--smush-placeholder-width: 630px; --smush-placeholder-aspect-ratio: 630\/420;\" data-original-sizes=\"(max-width: 630px) 100vw, 630px\">\r\n                            <\/a>\r\n                            \r\n                        <\/figure>\r\n                    <\/div>\r\n                    <div class = \"td-slide-item td-item6\">\r\n                        <figure class=\"td-slide-galery-figure td-slide-popup-gallery\">\r\n                            <a class=\"slide-gallery-image-link\" href=\"https:\/\/www.cgfmanet.org\/wp-content\/uploads\/2026\/02\/Servizio-Stazione-Termini_4.jpg\" title=\"Servizio Stazione Termini_4\"  data-caption=\"\"  data-description=\"\">\r\n                                <img decoding=\"async\" data-src=\"https:\/\/www.cgfmanet.org\/wp-content\/uploads\/2026\/02\/Servizio-Stazione-Termini_4-741x420.jpg\" data-srcset=\"https:\/\/www.cgfmanet.org\/wp-content\/uploads\/2026\/02\/Servizio-Stazione-Termini_4-741x420.jpg 741w, https:\/\/www.cgfmanet.org\/wp-content\/uploads\/2026\/02\/Servizio-Stazione-Termini_4-768x435.jpg 768w, https:\/\/www.cgfmanet.org\/wp-content\/uploads\/2026\/02\/Servizio-Stazione-Termini_4-696x394.jpg 696w, https:\/\/www.cgfmanet.org\/wp-content\/uploads\/2026\/02\/Servizio-Stazione-Termini_4.jpg 1181w\" data-sizes=\"auto\" alt=\"\" src=\"data:image\/svg+xml;base64,PHN2ZyB3aWR0aD0iMSIgaGVpZ2h0PSIxIiB4bWxucz0iaHR0cDovL3d3dy53My5vcmcvMjAwMC9zdmciPjwvc3ZnPg==\" class=\"lazyload\" style=\"--smush-placeholder-width: 741px; --smush-placeholder-aspect-ratio: 741\/420;\" data-original-sizes=\"(max-width: 741px) 100vw, 741px\">\r\n                            <\/a>\r\n                            \r\n                        <\/figure>\r\n                    <\/div>\r\n                            <\/div>\r\n                        <\/div>\r\n\r\n                        <div class = \"td-doubleSlider-2\">\r\n                            <div class = \"td-slider\">\r\n                                \r\n                    <div class = \"td-button td-item1\">\r\n                        <div class = \"td-border\"><\/div>\r\n                    <\/div>\r\n                    <div class = \"td-button td-item2\">\r\n                        <div class = \"td-border\"><\/div>\r\n                    <\/div>\r\n                    <div class = \"td-button td-item3\">\r\n                        <div class = \"td-border\"><\/div>\r\n                    <\/div>\r\n                    <div class = \"td-button td-item4\">\r\n                        <div class = \"td-border\"><\/div>\r\n                    <\/div>\r\n                    <div class = \"td-button td-item5\">\r\n                        <div class = \"td-border\"><\/div>\r\n                    <\/div>\r\n                    <div class = \"td-button td-item6\">\r\n                        <div class = \"td-border\"><\/div>\r\n                    <\/div>\r\n                            <\/div>\r\n                        <\/div>\r\n\r\n                    <\/div>\r\n\r\n                <\/div>\r\n                \n","protected":false},"excerpt":{"rendered":"<p>Roma (It\u00e1lia). Todos os s\u00e1bados, um grupo de Filhas de Maria Auxiliadora da Comunidade Maria Auxiliadora da Casa Geral de Roma (RCG) encontra os volunt\u00e1rios da Comunidade de Santo Eg\u00eddio [&hellip;]<\/p>\n","protected":false},"author":21,"featured_media":153557,"comment_status":"open","ping_status":"closed","sticky":false,"template":"","format":"standard","meta":{"footnotes":""},"categories":[38,193],"tags":[1930,1992],"class_list":["post-153567","post","type-post","status-publish","format-standard","has-post-thumbnail","category-infosfera-pt-pt","category-cidadania","tag-focus-pt-pt","tag-solidarieta-pt-pt"],"yoast_head":"<!-- This site is optimized with the Yoast SEO plugin v27.4 - https:\/\/yoast.com\/product\/yoast-seo-wordpress\/ -->\n<title>\u201cTornar vis\u00edvel o invis\u00edvel\u201d em Roma, Esta\u00e7\u00e3o Termini &#8226; Istituto Figlie di Maria Ausiliatrice<\/title>\n<meta name=\"description\" content=\"A experi\u00eancia das FMA da Casa Geral de Roma, que todas as semanas distribuem uma refei\u00e7\u00e3o, mas, sobretudo, escuta e proximidade aos mais necessitados na Esta\u00e7\u00e3o Termini.\" \/>\n<meta name=\"robots\" content=\"index, follow, max-snippet:-1, max-image-preview:large, max-video-preview:-1\" \/>\n<link rel=\"canonical\" href=\"https:\/\/www.cgfmanet.org\/pt-pt\/infosfera-pt-pt\/tornar-visivel-o-invisivel-em-roma-estacao-termini\/\" \/>\n<meta property=\"og:locale\" content=\"pt_PT\" \/>\n<meta property=\"og:type\" content=\"article\" \/>\n<meta property=\"og:title\" content=\"\u201cTornar vis\u00edvel o invis\u00edvel\u201d em Roma, Esta\u00e7\u00e3o Termini &#8226; Istituto Figlie di Maria Ausiliatrice\" \/>\n<meta property=\"og:description\" content=\"A experi\u00eancia das FMA da Casa Geral de Roma, que todas as semanas distribuem uma refei\u00e7\u00e3o, mas, sobretudo, escuta e proximidade aos mais necessitados na Esta\u00e7\u00e3o Termini.\" \/>\n<meta property=\"og:url\" content=\"https:\/\/www.cgfmanet.org\/pt-pt\/infosfera-pt-pt\/tornar-visivel-o-invisivel-em-roma-estacao-termini\/\" \/>\n<meta property=\"og:site_name\" content=\"Istituto Figlie di Maria Ausiliatrice\" \/>\n<meta property=\"article:publisher\" content=\"https:\/\/www.facebook.com\/salesian.sisters.of.don.bosco\/\" \/>\n<meta property=\"article:published_time\" content=\"2026-02-18T10:59:23+00:00\" \/>\n<meta property=\"article:modified_time\" content=\"2026-02-21T20:32:11+00:00\" \/>\n<meta property=\"og:image\" content=\"https:\/\/www.cgfmanet.org\/wp-content\/uploads\/2026\/02\/Servizio-Stazione-Termini_2.jpg\" \/>\n\t<meta property=\"og:image:width\" content=\"1181\" \/>\n\t<meta property=\"og:image:height\" content=\"787\" \/>\n\t<meta property=\"og:image:type\" content=\"image\/jpeg\" \/>\n<meta name=\"author\" content=\"Redazione\" \/>\n<meta name=\"twitter:card\" content=\"summary_large_image\" \/>\n<meta name=\"twitter:creator\" content=\"@Cgfmanet_Org\" \/>\n<meta name=\"twitter:site\" content=\"@Cgfmanet_Org\" \/>\n<meta name=\"twitter:label1\" content=\"Escrito por\" \/>\n\t<meta name=\"twitter:data1\" content=\"Redazione\" \/>\n\t<meta name=\"twitter:label2\" content=\"Tempo estimado de leitura\" \/>\n\t<meta name=\"twitter:data2\" content=\"5 minutos\" \/>\n<script type=\"application\/ld+json\" class=\"yoast-schema-graph\">{\"@context\":\"https:\\\/\\\/schema.org\",\"@graph\":[{\"@type\":\"Article\",\"@id\":\"https:\\\/\\\/www.cgfmanet.org\\\/pt-pt\\\/infosfera-pt-pt\\\/tornar-visivel-o-invisivel-em-roma-estacao-termini\\\/#article\",\"isPartOf\":{\"@id\":\"https:\\\/\\\/www.cgfmanet.org\\\/pt-pt\\\/infosfera-pt-pt\\\/tornar-visivel-o-invisivel-em-roma-estacao-termini\\\/\"},\"author\":{\"name\":\"Redazione\",\"@id\":\"https:\\\/\\\/www.cgfmanet.org\\\/es\\\/#\\\/schema\\\/person\\\/ce6473083f53ef0ef882cca23f0c8fb9\"},\"headline\":\"\u201cTornar vis\u00edvel o invis\u00edvel\u201d em Roma, Esta\u00e7\u00e3o Termini\",\"datePublished\":\"2026-02-18T10:59:23+00:00\",\"dateModified\":\"2026-02-21T20:32:11+00:00\",\"mainEntityOfPage\":{\"@id\":\"https:\\\/\\\/www.cgfmanet.org\\\/pt-pt\\\/infosfera-pt-pt\\\/tornar-visivel-o-invisivel-em-roma-estacao-termini\\\/\"},\"wordCount\":945,\"commentCount\":0,\"publisher\":{\"@id\":\"https:\\\/\\\/www.cgfmanet.org\\\/es\\\/#organization\"},\"image\":{\"@id\":\"https:\\\/\\\/www.cgfmanet.org\\\/pt-pt\\\/infosfera-pt-pt\\\/tornar-visivel-o-invisivel-em-roma-estacao-termini\\\/#primaryimage\"},\"thumbnailUrl\":\"https:\\\/\\\/www.cgfmanet.org\\\/wp-content\\\/uploads\\\/2026\\\/02\\\/Servizio-Stazione-Termini_2.jpg\",\"keywords\":[\"Focus\",\"Solidariet\u00e0\"],\"articleSection\":[\"Infosfera\",\"Cidadania\"],\"inLanguage\":\"pt-PT\",\"potentialAction\":[{\"@type\":\"CommentAction\",\"name\":\"Comment\",\"target\":[\"https:\\\/\\\/www.cgfmanet.org\\\/pt-pt\\\/infosfera-pt-pt\\\/tornar-visivel-o-invisivel-em-roma-estacao-termini\\\/#respond\"]}]},{\"@type\":\"WebPage\",\"@id\":\"https:\\\/\\\/www.cgfmanet.org\\\/pt-pt\\\/infosfera-pt-pt\\\/tornar-visivel-o-invisivel-em-roma-estacao-termini\\\/\",\"url\":\"https:\\\/\\\/www.cgfmanet.org\\\/pt-pt\\\/infosfera-pt-pt\\\/tornar-visivel-o-invisivel-em-roma-estacao-termini\\\/\",\"name\":\"\u201cTornar vis\u00edvel o invis\u00edvel\u201d em Roma, Esta\u00e7\u00e3o Termini &#8226; Istituto Figlie di Maria Ausiliatrice\",\"isPartOf\":{\"@id\":\"https:\\\/\\\/www.cgfmanet.org\\\/es\\\/#website\"},\"primaryImageOfPage\":{\"@id\":\"https:\\\/\\\/www.cgfmanet.org\\\/pt-pt\\\/infosfera-pt-pt\\\/tornar-visivel-o-invisivel-em-roma-estacao-termini\\\/#primaryimage\"},\"image\":{\"@id\":\"https:\\\/\\\/www.cgfmanet.org\\\/pt-pt\\\/infosfera-pt-pt\\\/tornar-visivel-o-invisivel-em-roma-estacao-termini\\\/#primaryimage\"},\"thumbnailUrl\":\"https:\\\/\\\/www.cgfmanet.org\\\/wp-content\\\/uploads\\\/2026\\\/02\\\/Servizio-Stazione-Termini_2.jpg\",\"datePublished\":\"2026-02-18T10:59:23+00:00\",\"dateModified\":\"2026-02-21T20:32:11+00:00\",\"description\":\"A experi\u00eancia das FMA da Casa Geral de Roma, que todas as semanas distribuem uma refei\u00e7\u00e3o, mas, sobretudo, escuta e proximidade aos mais necessitados na Esta\u00e7\u00e3o Termini.\",\"breadcrumb\":{\"@id\":\"https:\\\/\\\/www.cgfmanet.org\\\/pt-pt\\\/infosfera-pt-pt\\\/tornar-visivel-o-invisivel-em-roma-estacao-termini\\\/#breadcrumb\"},\"inLanguage\":\"pt-PT\",\"potentialAction\":[{\"@type\":\"ReadAction\",\"target\":[\"https:\\\/\\\/www.cgfmanet.org\\\/pt-pt\\\/infosfera-pt-pt\\\/tornar-visivel-o-invisivel-em-roma-estacao-termini\\\/\"]}]},{\"@type\":\"ImageObject\",\"inLanguage\":\"pt-PT\",\"@id\":\"https:\\\/\\\/www.cgfmanet.org\\\/pt-pt\\\/infosfera-pt-pt\\\/tornar-visivel-o-invisivel-em-roma-estacao-termini\\\/#primaryimage\",\"url\":\"https:\\\/\\\/www.cgfmanet.org\\\/wp-content\\\/uploads\\\/2026\\\/02\\\/Servizio-Stazione-Termini_2.jpg\",\"contentUrl\":\"https:\\\/\\\/www.cgfmanet.org\\\/wp-content\\\/uploads\\\/2026\\\/02\\\/Servizio-Stazione-Termini_2.jpg\",\"width\":1181,\"height\":787},{\"@type\":\"BreadcrumbList\",\"@id\":\"https:\\\/\\\/www.cgfmanet.org\\\/pt-pt\\\/infosfera-pt-pt\\\/tornar-visivel-o-invisivel-em-roma-estacao-termini\\\/#breadcrumb\",\"itemListElement\":[{\"@type\":\"ListItem\",\"position\":1,\"name\":\"Home\",\"item\":\"https:\\\/\\\/www.cgfmanet.org\\\/pt-pt\\\/\"},{\"@type\":\"ListItem\",\"position\":2,\"name\":\"\u201cTornar vis\u00edvel o invis\u00edvel\u201d em Roma, Esta\u00e7\u00e3o Termini\"}]},{\"@type\":\"WebSite\",\"@id\":\"https:\\\/\\\/www.cgfmanet.org\\\/es\\\/#website\",\"url\":\"https:\\\/\\\/www.cgfmanet.org\\\/es\\\/\",\"name\":\"Istituto Figlie di Maria Ausiliatrice\",\"description\":\"Salesiane di Don Bosco\",\"publisher\":{\"@id\":\"https:\\\/\\\/www.cgfmanet.org\\\/es\\\/#organization\"},\"potentialAction\":[{\"@type\":\"SearchAction\",\"target\":{\"@type\":\"EntryPoint\",\"urlTemplate\":\"https:\\\/\\\/www.cgfmanet.org\\\/es\\\/?s={search_term_string}\"},\"query-input\":{\"@type\":\"PropertyValueSpecification\",\"valueRequired\":true,\"valueName\":\"search_term_string\"}}],\"inLanguage\":\"pt-PT\"},{\"@type\":\"Organization\",\"@id\":\"https:\\\/\\\/www.cgfmanet.org\\\/es\\\/#organization\",\"name\":\"Istituto Figlie di Maria Ausiliatrice\",\"url\":\"https:\\\/\\\/www.cgfmanet.org\\\/es\\\/\",\"logo\":{\"@type\":\"ImageObject\",\"inLanguage\":\"pt-PT\",\"@id\":\"https:\\\/\\\/www.cgfmanet.org\\\/es\\\/#\\\/schema\\\/logo\\\/image\\\/\",\"url\":\"https:\\\/\\\/www.cgfmanet.org\\\/wp-content\\\/uploads\\\/2018\\\/10\\\/logo-fma.png\",\"contentUrl\":\"https:\\\/\\\/www.cgfmanet.org\\\/wp-content\\\/uploads\\\/2018\\\/10\\\/logo-fma.png\",\"width\":214,\"height\":55,\"caption\":\"Istituto Figlie di Maria Ausiliatrice\"},\"image\":{\"@id\":\"https:\\\/\\\/www.cgfmanet.org\\\/es\\\/#\\\/schema\\\/logo\\\/image\\\/\"},\"sameAs\":[\"https:\\\/\\\/www.facebook.com\\\/salesian.sisters.of.don.bosco\\\/\",\"https:\\\/\\\/x.com\\\/Cgfmanet_Org\",\"https:\\\/\\\/www.youtube.com\\\/channel\\\/UCmcr8yFQBV7JXeXVxyV9y5Q\"]},{\"@type\":\"Person\",\"@id\":\"https:\\\/\\\/www.cgfmanet.org\\\/es\\\/#\\\/schema\\\/person\\\/ce6473083f53ef0ef882cca23f0c8fb9\",\"name\":\"Redazione\"}]}<\/script>\n<!-- \/ Yoast SEO plugin. -->","yoast_head_json":{"title":"\u201cTornar vis\u00edvel o invis\u00edvel\u201d em Roma, Esta\u00e7\u00e3o Termini &#8226; Istituto Figlie di Maria Ausiliatrice","description":"A experi\u00eancia das FMA da Casa Geral de Roma, que todas as semanas distribuem uma refei\u00e7\u00e3o, mas, sobretudo, escuta e proximidade aos mais necessitados na Esta\u00e7\u00e3o Termini.","robots":{"index":"index","follow":"follow","max-snippet":"max-snippet:-1","max-image-preview":"max-image-preview:large","max-video-preview":"max-video-preview:-1"},"canonical":"https:\/\/www.cgfmanet.org\/pt-pt\/infosfera-pt-pt\/tornar-visivel-o-invisivel-em-roma-estacao-termini\/","og_locale":"pt_PT","og_type":"article","og_title":"\u201cTornar vis\u00edvel o invis\u00edvel\u201d em Roma, Esta\u00e7\u00e3o Termini &#8226; Istituto Figlie di Maria Ausiliatrice","og_description":"A experi\u00eancia das FMA da Casa Geral de Roma, que todas as semanas distribuem uma refei\u00e7\u00e3o, mas, sobretudo, escuta e proximidade aos mais necessitados na Esta\u00e7\u00e3o Termini.","og_url":"https:\/\/www.cgfmanet.org\/pt-pt\/infosfera-pt-pt\/tornar-visivel-o-invisivel-em-roma-estacao-termini\/","og_site_name":"Istituto Figlie di Maria Ausiliatrice","article_publisher":"https:\/\/www.facebook.com\/salesian.sisters.of.don.bosco\/","article_published_time":"2026-02-18T10:59:23+00:00","article_modified_time":"2026-02-21T20:32:11+00:00","og_image":[{"width":1181,"height":787,"url":"https:\/\/www.cgfmanet.org\/wp-content\/uploads\/2026\/02\/Servizio-Stazione-Termini_2.jpg","type":"image\/jpeg"}],"author":"Redazione","twitter_card":"summary_large_image","twitter_creator":"@Cgfmanet_Org","twitter_site":"@Cgfmanet_Org","twitter_misc":{"Escrito por":"Redazione","Tempo estimado de leitura":"5 minutos"},"schema":{"@context":"https:\/\/schema.org","@graph":[{"@type":"Article","@id":"https:\/\/www.cgfmanet.org\/pt-pt\/infosfera-pt-pt\/tornar-visivel-o-invisivel-em-roma-estacao-termini\/#article","isPartOf":{"@id":"https:\/\/www.cgfmanet.org\/pt-pt\/infosfera-pt-pt\/tornar-visivel-o-invisivel-em-roma-estacao-termini\/"},"author":{"name":"Redazione","@id":"https:\/\/www.cgfmanet.org\/es\/#\/schema\/person\/ce6473083f53ef0ef882cca23f0c8fb9"},"headline":"\u201cTornar vis\u00edvel o invis\u00edvel\u201d em Roma, Esta\u00e7\u00e3o Termini","datePublished":"2026-02-18T10:59:23+00:00","dateModified":"2026-02-21T20:32:11+00:00","mainEntityOfPage":{"@id":"https:\/\/www.cgfmanet.org\/pt-pt\/infosfera-pt-pt\/tornar-visivel-o-invisivel-em-roma-estacao-termini\/"},"wordCount":945,"commentCount":0,"publisher":{"@id":"https:\/\/www.cgfmanet.org\/es\/#organization"},"image":{"@id":"https:\/\/www.cgfmanet.org\/pt-pt\/infosfera-pt-pt\/tornar-visivel-o-invisivel-em-roma-estacao-termini\/#primaryimage"},"thumbnailUrl":"https:\/\/www.cgfmanet.org\/wp-content\/uploads\/2026\/02\/Servizio-Stazione-Termini_2.jpg","keywords":["Focus","Solidariet\u00e0"],"articleSection":["Infosfera","Cidadania"],"inLanguage":"pt-PT","potentialAction":[{"@type":"CommentAction","name":"Comment","target":["https:\/\/www.cgfmanet.org\/pt-pt\/infosfera-pt-pt\/tornar-visivel-o-invisivel-em-roma-estacao-termini\/#respond"]}]},{"@type":"WebPage","@id":"https:\/\/www.cgfmanet.org\/pt-pt\/infosfera-pt-pt\/tornar-visivel-o-invisivel-em-roma-estacao-termini\/","url":"https:\/\/www.cgfmanet.org\/pt-pt\/infosfera-pt-pt\/tornar-visivel-o-invisivel-em-roma-estacao-termini\/","name":"\u201cTornar vis\u00edvel o invis\u00edvel\u201d em Roma, Esta\u00e7\u00e3o Termini &#8226; Istituto Figlie di Maria Ausiliatrice","isPartOf":{"@id":"https:\/\/www.cgfmanet.org\/es\/#website"},"primaryImageOfPage":{"@id":"https:\/\/www.cgfmanet.org\/pt-pt\/infosfera-pt-pt\/tornar-visivel-o-invisivel-em-roma-estacao-termini\/#primaryimage"},"image":{"@id":"https:\/\/www.cgfmanet.org\/pt-pt\/infosfera-pt-pt\/tornar-visivel-o-invisivel-em-roma-estacao-termini\/#primaryimage"},"thumbnailUrl":"https:\/\/www.cgfmanet.org\/wp-content\/uploads\/2026\/02\/Servizio-Stazione-Termini_2.jpg","datePublished":"2026-02-18T10:59:23+00:00","dateModified":"2026-02-21T20:32:11+00:00","description":"A experi\u00eancia das FMA da Casa Geral de Roma, que todas as semanas distribuem uma refei\u00e7\u00e3o, mas, sobretudo, escuta e proximidade aos mais necessitados na Esta\u00e7\u00e3o Termini.","breadcrumb":{"@id":"https:\/\/www.cgfmanet.org\/pt-pt\/infosfera-pt-pt\/tornar-visivel-o-invisivel-em-roma-estacao-termini\/#breadcrumb"},"inLanguage":"pt-PT","potentialAction":[{"@type":"ReadAction","target":["https:\/\/www.cgfmanet.org\/pt-pt\/infosfera-pt-pt\/tornar-visivel-o-invisivel-em-roma-estacao-termini\/"]}]},{"@type":"ImageObject","inLanguage":"pt-PT","@id":"https:\/\/www.cgfmanet.org\/pt-pt\/infosfera-pt-pt\/tornar-visivel-o-invisivel-em-roma-estacao-termini\/#primaryimage","url":"https:\/\/www.cgfmanet.org\/wp-content\/uploads\/2026\/02\/Servizio-Stazione-Termini_2.jpg","contentUrl":"https:\/\/www.cgfmanet.org\/wp-content\/uploads\/2026\/02\/Servizio-Stazione-Termini_2.jpg","width":1181,"height":787},{"@type":"BreadcrumbList","@id":"https:\/\/www.cgfmanet.org\/pt-pt\/infosfera-pt-pt\/tornar-visivel-o-invisivel-em-roma-estacao-termini\/#breadcrumb","itemListElement":[{"@type":"ListItem","position":1,"name":"Home","item":"https:\/\/www.cgfmanet.org\/pt-pt\/"},{"@type":"ListItem","position":2,"name":"\u201cTornar vis\u00edvel o invis\u00edvel\u201d em Roma, Esta\u00e7\u00e3o Termini"}]},{"@type":"WebSite","@id":"https:\/\/www.cgfmanet.org\/es\/#website","url":"https:\/\/www.cgfmanet.org\/es\/","name":"Istituto Figlie di Maria Ausiliatrice","description":"Salesiane di Don Bosco","publisher":{"@id":"https:\/\/www.cgfmanet.org\/es\/#organization"},"potentialAction":[{"@type":"SearchAction","target":{"@type":"EntryPoint","urlTemplate":"https:\/\/www.cgfmanet.org\/es\/?s={search_term_string}"},"query-input":{"@type":"PropertyValueSpecification","valueRequired":true,"valueName":"search_term_string"}}],"inLanguage":"pt-PT"},{"@type":"Organization","@id":"https:\/\/www.cgfmanet.org\/es\/#organization","name":"Istituto Figlie di Maria Ausiliatrice","url":"https:\/\/www.cgfmanet.org\/es\/","logo":{"@type":"ImageObject","inLanguage":"pt-PT","@id":"https:\/\/www.cgfmanet.org\/es\/#\/schema\/logo\/image\/","url":"https:\/\/www.cgfmanet.org\/wp-content\/uploads\/2018\/10\/logo-fma.png","contentUrl":"https:\/\/www.cgfmanet.org\/wp-content\/uploads\/2018\/10\/logo-fma.png","width":214,"height":55,"caption":"Istituto Figlie di Maria Ausiliatrice"},"image":{"@id":"https:\/\/www.cgfmanet.org\/es\/#\/schema\/logo\/image\/"},"sameAs":["https:\/\/www.facebook.com\/salesian.sisters.of.don.bosco\/","https:\/\/x.com\/Cgfmanet_Org","https:\/\/www.youtube.com\/channel\/UCmcr8yFQBV7JXeXVxyV9y5Q"]},{"@type":"Person","@id":"https:\/\/www.cgfmanet.org\/es\/#\/schema\/person\/ce6473083f53ef0ef882cca23f0c8fb9","name":"Redazione"}]}},"_links":{"self":[{"href":"https:\/\/www.cgfmanet.org\/pt-pt\/wp-json\/wp\/v2\/posts\/153567","targetHints":{"allow":["GET"]}}],"collection":[{"href":"https:\/\/www.cgfmanet.org\/pt-pt\/wp-json\/wp\/v2\/posts"}],"about":[{"href":"https:\/\/www.cgfmanet.org\/pt-pt\/wp-json\/wp\/v2\/types\/post"}],"author":[{"embeddable":true,"href":"https:\/\/www.cgfmanet.org\/pt-pt\/wp-json\/wp\/v2\/users\/21"}],"replies":[{"embeddable":true,"href":"https:\/\/www.cgfmanet.org\/pt-pt\/wp-json\/wp\/v2\/comments?post=153567"}],"version-history":[{"count":3,"href":"https:\/\/www.cgfmanet.org\/pt-pt\/wp-json\/wp\/v2\/posts\/153567\/revisions"}],"predecessor-version":[{"id":153729,"href":"https:\/\/www.cgfmanet.org\/pt-pt\/wp-json\/wp\/v2\/posts\/153567\/revisions\/153729"}],"wp:featuredmedia":[{"embeddable":true,"href":"https:\/\/www.cgfmanet.org\/pt-pt\/wp-json\/wp\/v2\/media\/153557"}],"wp:attachment":[{"href":"https:\/\/www.cgfmanet.org\/pt-pt\/wp-json\/wp\/v2\/media?parent=153567"}],"wp:term":[{"taxonomy":"category","embeddable":true,"href":"https:\/\/www.cgfmanet.org\/pt-pt\/wp-json\/wp\/v2\/categories?post=153567"},{"taxonomy":"post_tag","embeddable":true,"href":"https:\/\/www.cgfmanet.org\/pt-pt\/wp-json\/wp\/v2\/tags?post=153567"}],"curies":[{"name":"wp","href":"https:\/\/api.w.org\/{rel}","templated":true}]}}