{"id":153445,"date":"2026-02-21T16:40:09","date_gmt":"2026-02-21T15:40:09","guid":{"rendered":"https:\/\/www.cgfmanet.org\/infosfera-pt-pt\/festa-del-grazie-mondiale-2026\/"},"modified":"2026-02-18T18:24:12","modified_gmt":"2026-02-18T17:24:12","slug":"festa-da-gratidao-mundial-2026","status":"publish","type":"post","link":"https:\/\/www.cgfmanet.org\/pt-pt\/ifma-pt-pt\/festa-da-gratidao-mundial-2026\/","title":{"rendered":"Festa da Gratid\u00e3o Mundial 2026"},"content":{"rendered":"<p><strong>Roma (It\u00e1lia).<\/strong> A Vig\u00e1ria Geral do Instituto das Filhas de Maria Auxiliadora, irm\u00e3 <strong>Maria del Ros\u00e1rio Garc\u00eda Ribas<\/strong>, envia uma Carta \u00e0s Inspetoras, \u00e0s Superioras de Visitadoria, a todas as FMA e \u00e0s Comunidades Educativas do Instituto das FMA presentes nos cinco Continentes, para partilhar o tema da <strong>Festa da Gratid\u00e3o 2026<\/strong>, com as orienta\u00e7\u00f5es para a prepara\u00e7\u00e3o e realiza\u00e7\u00e3o.<\/p>\n<p><span style=\"color: #0000ff;\"><strong><a style=\"color: #0000ff;\" href=\"https:\/\/www.cgfmanet.org\/pt-pt\/ifma-pt-pt\/sara-in-ecuador-la-festa-del-grazie-mondiale-2026\/\" target=\"_blank\" rel=\"noopener\">Como j\u00e1 comunicado<\/a><\/strong><\/span>, a Festa ser\u00e1 celebrada na<strong> Inspetoria <em>Sagrado Cora\u00e7\u00e3o<\/em> (ECU) do Equador, de 23 a 26 de abril de 2026<\/strong>, e ter\u00e1 como tema:<\/p>\n<h2 style=\"text-align: center;\"><em><span style=\"color: #ff0000;\"><strong>Sede mission\u00e1rios em todos os lugares<\/strong><\/span><\/em><\/h2>\n<p>A motiva\u00e7\u00e3o \u00e9 assim expressa:<\/p>\n<p><em>\u201cA celebra\u00e7\u00e3o da Festa da Gratid\u00e3o 2026 assume um significado todo especial, pois se coloca no contexto da recente canoniza\u00e7\u00e3o de Santa Maria Troncatti, mission\u00e1ria apaixonada, m\u00e3e e artes\u00e3 de paz e reconcilia\u00e7\u00e3o. Acolhemos este dom como uma gra\u00e7a para todo o Instituto, que nos convida a renovar o nosso impulso mission\u00e1rio e a fidelidade criativa ao carisma, no caminho celebrativo que estamos vivendo do 150\u00ba anivers\u00e1rio da Primeira Partida Mission\u00e1ria.\u201d<\/em><\/p>\n<p><strong>\u00abVai e tamb\u00e9m tu faze o mesmo\u00bb<\/strong> (Lc 10,37) \u00e9 a <strong>Palavra de Deus<\/strong> que iluminar\u00e1 a Festa: <em>\u201cEste convite evang\u00e9lico, que nasce da par\u00e1bola do Bom Samaritano, interpela profundamente a nossa voca\u00e7\u00e3o de FMA, chamadas a ser <strong>sinal e express\u00e3o do amor preveniente de Deus<\/strong>, presen\u00e7a que se faz proximidade e cuidado, especialmente onde a vida \u00e9 mais fr\u00e1gil.\u201d<\/em><\/p>\n<p><strong>O logotipo da Festa<\/strong> foi concebido pela Inspetoria equatoriana para transmitir visualmente o sentido celebrativo da gratid\u00e3o em torno da figura de Santa Maria Troncatti, destacando seus principais atributos.<\/p>\n<p><a href=\"https:\/\/www.cgfmanet.org\/wp-content\/uploads\/2026\/02\/Solo-logo_Festa_Grazie-2026_ECU.jpg\"><img decoding=\"async\" class=\"alignleft wp-image-153432 lazyload\" data-src=\"https:\/\/www.cgfmanet.org\/wp-content\/uploads\/2026\/02\/Solo-logo_Festa_Grazie-2026_ECU.jpg\" alt=\"\" width=\"350\" height=\"445\" data-srcset=\"https:\/\/www.cgfmanet.org\/wp-content\/uploads\/2026\/02\/Solo-logo_Festa_Grazie-2026_ECU.jpg 591w, https:\/\/www.cgfmanet.org\/wp-content\/uploads\/2026\/02\/Solo-logo_Festa_Grazie-2026_ECU-330x420.jpg 330w\" data-sizes=\"auto\" src=\"data:image\/svg+xml;base64,PHN2ZyB3aWR0aD0iMSIgaGVpZ2h0PSIxIiB4bWxucz0iaHR0cDovL3d3dy53My5vcmcvMjAwMC9zdmciPjwvc3ZnPg==\" style=\"--smush-placeholder-width: 350px; --smush-placeholder-aspect-ratio: 350\/445;\" data-original-sizes=\"(max-width: 350px) 100vw, 350px\" \/><\/a><\/p>\n<p>O eixo central do logotipo \u00e9 <strong>a imagem de Santa Maria Troncatti,<\/strong> colocada no cora\u00e7\u00e3o de <strong>Maria Auxiliadora<\/strong>, cuja composi\u00e7\u00e3o gera uma moldura simb\u00f3lica que remete seja \u00e0 <strong>Amaz\u00f4nia equatoriana<\/strong>, territ\u00f3rio onde desenvolveu sua obra mission\u00e1ria, seja \u00e0 prote\u00e7\u00e3o espiritual que a acompanhou constantemente. Essa integra\u00e7\u00e3o pretende refletir tanto o contexto geogr\u00e1fico quanto o quadro carism\u00e1tico da sua miss\u00e3o.<\/p>\n<p>O conjunto do logotipo \u00e9 completado por <strong>um anel de cinco estrelas<\/strong> que circundam <strong>a coroa de Maria Auxiliadora<\/strong>. Cada estrela representa <strong>a presen\u00e7a das FMA nos cinco continentes<\/strong> e est\u00e1 associada cromaticamente a uma das cores mission\u00e1rias tradicionais: <strong>branco, vermelho, verde, amarelo e azul<\/strong>. Esse elemento recorda explicitamente o car\u00e1ter universal da miss\u00e3o da Igreja, \u201cchamada e enviada\u201d, refor\u00e7ando assim a dimens\u00e3o mission\u00e1ria do nosso carisma.<\/p>\n<p><strong>Caminho de prepara\u00e7\u00e3o<\/strong><\/p>\n<p>Em prepara\u00e7\u00e3o \u00e0 Festa, a Inspetoria ECU prop\u00f5e <strong>um Tr\u00edduo celebrativo<\/strong>, articulado em tr\u00eas Lectio divina, que acompanhar\u00e3o a contempla\u00e7\u00e3o da figura de Santa Maria Troncatti como: M\u00e3e, Mission\u00e1ria, Artes\u00e3 da paz.<\/p>\n<p>Na Carta constam ainda as orienta\u00e7\u00f5es sobre o \u201csinal\u201d a ser partilhado como Inspetorias\/Visitadorias, sobre o gesto de solidariedade proposto pela Inspetoria ECU e sobre o programa geral da Festa.<\/p>\n<p>Enquanto isso, est\u00e1 sendo preparada <strong>a p\u00e1gina de Internet da Festa da Gratid\u00e3o 2026<\/strong>, em que se poder\u00e3o encontrar todos os materiais para a prepara\u00e7\u00e3o, o hino, a entrega a Maria Auxiliadora, as propostas de anima\u00e7\u00e3o para as comunidades, as indica\u00e7\u00f5es e informa\u00e7\u00f5es necess\u00e1rias. <strong>No devido tempo, no site do Instituto ser\u00e1 disponibilizado o link.<\/strong><\/p>\n<p>A Vig\u00e1ria conclui a Carta agradecendo \u00e0 Inspetoria <em>Sagrado Cora\u00e7\u00e3o<\/em> do Equador pela generosa disponibilidade e pelo empenho alegre com que se prepara este evento de fam\u00edlia, e \u00e0s Inspetoras\/Superioras de Visitadoria pelo compromisso na prepara\u00e7\u00e3o.<\/p>\n<p>Expressa, por fim, a certeza <em>de que \u201ca Festa da Gratid\u00e3o 2026 nos ajudar\u00e1 a renovar, segundo o exemplo de Santa Maria Troncatti, <strong>o nosso sim mission\u00e1rio\u201d<\/strong>.<\/em><\/p>\n<p><span style=\"color: #0000ff;\"><a style=\"color: #0000ff;\" href=\"https:\/\/drive.google.com\/drive\/u\/0\/folders\/1JO46cRTrh8806ax6614EBM2qyOKY5ZKJ\" target=\"_blank\" rel=\"noopener\"><strong>Carta da Vig\u00e1ria Geral<\/strong><\/a><\/span><\/p>\n","protected":false},"excerpt":{"rendered":"<p>Roma (It\u00e1lia). A Vig\u00e1ria Geral do Instituto das Filhas de Maria Auxiliadora, irm\u00e3 Maria del Ros\u00e1rio Garc\u00eda Ribas, envia uma Carta \u00e0s Inspetoras, \u00e0s Superioras de Visitadoria, a todas as [&hellip;]<\/p>\n","protected":false},"author":21,"featured_media":153440,"comment_status":"open","ping_status":"closed","sticky":false,"template":"","format":"standard","meta":{"footnotes":""},"categories":[166,159],"tags":[297,370,494,1128,1639,1930,2378,2463],"class_list":["post-153445","post","type-post","status-publish","format-standard","has-post-thumbnail","category-carisma-salesiano-pt","category-ifma-pt-pt","tag-festa-da-gratidao","tag-madre-geral","tag-vigaria-geral","tag-ecu-pt-pt","tag-maria-troncatti-en-pt-pt","tag-focus-pt-pt","tag-madre-chiara-cazzuola-pt-pt","tag-150-missoes-das-fma"],"yoast_head":"<!-- This site is optimized with the Yoast SEO plugin v27.4 - https:\/\/yoast.com\/product\/yoast-seo-wordpress\/ -->\n<title>Festa da Gratid\u00e3o Mundial 2026 &#8226; Istituto Figlie di Maria Ausiliatrice<\/title>\n<meta name=\"description\" content=\"A Vig\u00e1ria Geral envia uma Carta \u00e0s Inspetoras e \u00e0s Superioras de Visitadoria para partilhar o tema da Festa da Gratid\u00e3o 2026, que se realizar\u00e1 na Inspetoria equatoriana no dia 26 de abril de 2026.\" \/>\n<meta name=\"robots\" content=\"index, follow, max-snippet:-1, max-image-preview:large, max-video-preview:-1\" \/>\n<link rel=\"canonical\" href=\"https:\/\/www.cgfmanet.org\/ifma\/festa-del-grazie-mondiale-2026\/\" \/>\n<meta property=\"og:locale\" content=\"pt_PT\" \/>\n<meta property=\"og:type\" content=\"article\" \/>\n<meta property=\"og:title\" content=\"Festa da Gratid\u00e3o Mundial 2026 &#8226; Istituto Figlie di Maria Ausiliatrice\" \/>\n<meta property=\"og:description\" content=\"A Vig\u00e1ria Geral envia uma Carta \u00e0s Inspetoras e \u00e0s Superioras de Visitadoria para partilhar o tema da Festa da Gratid\u00e3o 2026, que se realizar\u00e1 na Inspetoria equatoriana no dia 26 de abril de 2026.\" \/>\n<meta property=\"og:url\" content=\"https:\/\/www.cgfmanet.org\/ifma\/festa-del-grazie-mondiale-2026\/\" \/>\n<meta property=\"og:site_name\" content=\"Istituto Figlie di Maria Ausiliatrice\" \/>\n<meta property=\"article:publisher\" content=\"https:\/\/www.facebook.com\/salesian.sisters.of.don.bosco\/\" \/>\n<meta property=\"article:published_time\" content=\"2026-02-21T15:40:09+00:00\" \/>\n<meta property=\"og:image\" content=\"https:\/\/www.cgfmanet.org\/wp-content\/uploads\/2026\/02\/Logo-Festa-del-Grazie-2026_ECU.jpg\" \/>\n\t<meta property=\"og:image:width\" content=\"1200\" \/>\n\t<meta property=\"og:image:height\" content=\"800\" \/>\n\t<meta property=\"og:image:type\" content=\"image\/jpeg\" \/>\n<meta name=\"author\" content=\"Redazione\" \/>\n<meta name=\"twitter:card\" content=\"summary_large_image\" \/>\n<meta name=\"twitter:creator\" content=\"@Cgfmanet_Org\" \/>\n<meta name=\"twitter:site\" content=\"@Cgfmanet_Org\" \/>\n<meta name=\"twitter:label1\" content=\"Escrito por\" \/>\n\t<meta name=\"twitter:data1\" content=\"Redazione\" \/>\n\t<meta name=\"twitter:label2\" content=\"Tempo estimado de leitura\" \/>\n\t<meta name=\"twitter:data2\" content=\"4 minutos\" \/>\n<script type=\"application\/ld+json\" class=\"yoast-schema-graph\">{\"@context\":\"https:\\\/\\\/schema.org\",\"@graph\":[{\"@type\":\"Article\",\"@id\":\"https:\\\/\\\/www.cgfmanet.org\\\/ifma\\\/festa-del-grazie-mondiale-2026\\\/#article\",\"isPartOf\":{\"@id\":\"https:\\\/\\\/www.cgfmanet.org\\\/ifma\\\/festa-del-grazie-mondiale-2026\\\/\"},\"author\":{\"name\":\"Redazione\",\"@id\":\"https:\\\/\\\/www.cgfmanet.org\\\/es\\\/#\\\/schema\\\/person\\\/ce6473083f53ef0ef882cca23f0c8fb9\"},\"headline\":\"Festa da Gratid\u00e3o Mundial 2026\",\"datePublished\":\"2026-02-21T15:40:09+00:00\",\"mainEntityOfPage\":{\"@id\":\"https:\\\/\\\/www.cgfmanet.org\\\/ifma\\\/festa-del-grazie-mondiale-2026\\\/\"},\"wordCount\":631,\"commentCount\":0,\"publisher\":{\"@id\":\"https:\\\/\\\/www.cgfmanet.org\\\/es\\\/#organization\"},\"image\":{\"@id\":\"https:\\\/\\\/www.cgfmanet.org\\\/ifma\\\/festa-del-grazie-mondiale-2026\\\/#primaryimage\"},\"thumbnailUrl\":\"https:\\\/\\\/www.cgfmanet.org\\\/wp-content\\\/uploads\\\/2026\\\/02\\\/Logo-Festa-del-Grazie-2026_ECU.jpg\",\"keywords\":[\"Festa da Gratid\u00e3o\",\"Madre Geral\",\"Vig\u00e1ria Geral\",\"ECU\",\"Maria Troncatti\",\"Focus\",\"Madre Chiara Cazzuola\",\"150\u00b0 Miss\u00f5es das FMA\"],\"articleSection\":[\"Carisma Salesiano\",\"IFMA\"],\"inLanguage\":\"pt-PT\",\"potentialAction\":[{\"@type\":\"CommentAction\",\"name\":\"Comment\",\"target\":[\"https:\\\/\\\/www.cgfmanet.org\\\/ifma\\\/festa-del-grazie-mondiale-2026\\\/#respond\"]}]},{\"@type\":\"WebPage\",\"@id\":\"https:\\\/\\\/www.cgfmanet.org\\\/ifma\\\/festa-del-grazie-mondiale-2026\\\/\",\"url\":\"https:\\\/\\\/www.cgfmanet.org\\\/ifma\\\/festa-del-grazie-mondiale-2026\\\/\",\"name\":\"Festa da Gratid\u00e3o Mundial 2026 &#8226; Istituto Figlie di Maria Ausiliatrice\",\"isPartOf\":{\"@id\":\"https:\\\/\\\/www.cgfmanet.org\\\/es\\\/#website\"},\"primaryImageOfPage\":{\"@id\":\"https:\\\/\\\/www.cgfmanet.org\\\/ifma\\\/festa-del-grazie-mondiale-2026\\\/#primaryimage\"},\"image\":{\"@id\":\"https:\\\/\\\/www.cgfmanet.org\\\/ifma\\\/festa-del-grazie-mondiale-2026\\\/#primaryimage\"},\"thumbnailUrl\":\"https:\\\/\\\/www.cgfmanet.org\\\/wp-content\\\/uploads\\\/2026\\\/02\\\/Logo-Festa-del-Grazie-2026_ECU.jpg\",\"datePublished\":\"2026-02-21T15:40:09+00:00\",\"description\":\"A Vig\u00e1ria Geral envia uma Carta \u00e0s Inspetoras e \u00e0s Superioras de Visitadoria para partilhar o tema da Festa da Gratid\u00e3o 2026, que se realizar\u00e1 na Inspetoria equatoriana no dia 26 de abril de 2026.\",\"breadcrumb\":{\"@id\":\"https:\\\/\\\/www.cgfmanet.org\\\/ifma\\\/festa-del-grazie-mondiale-2026\\\/#breadcrumb\"},\"inLanguage\":\"pt-PT\",\"potentialAction\":[{\"@type\":\"ReadAction\",\"target\":[\"https:\\\/\\\/www.cgfmanet.org\\\/ifma\\\/festa-del-grazie-mondiale-2026\\\/\"]}]},{\"@type\":\"ImageObject\",\"inLanguage\":\"pt-PT\",\"@id\":\"https:\\\/\\\/www.cgfmanet.org\\\/ifma\\\/festa-del-grazie-mondiale-2026\\\/#primaryimage\",\"url\":\"https:\\\/\\\/www.cgfmanet.org\\\/wp-content\\\/uploads\\\/2026\\\/02\\\/Logo-Festa-del-Grazie-2026_ECU.jpg\",\"contentUrl\":\"https:\\\/\\\/www.cgfmanet.org\\\/wp-content\\\/uploads\\\/2026\\\/02\\\/Logo-Festa-del-Grazie-2026_ECU.jpg\",\"width\":1200,\"height\":800},{\"@type\":\"BreadcrumbList\",\"@id\":\"https:\\\/\\\/www.cgfmanet.org\\\/ifma\\\/festa-del-grazie-mondiale-2026\\\/#breadcrumb\",\"itemListElement\":[{\"@type\":\"ListItem\",\"position\":1,\"name\":\"Home\",\"item\":\"https:\\\/\\\/www.cgfmanet.org\\\/pt-pt\\\/\"},{\"@type\":\"ListItem\",\"position\":2,\"name\":\"Festa da Gratid\u00e3o Mundial 2026\"}]},{\"@type\":\"WebSite\",\"@id\":\"https:\\\/\\\/www.cgfmanet.org\\\/es\\\/#website\",\"url\":\"https:\\\/\\\/www.cgfmanet.org\\\/es\\\/\",\"name\":\"Istituto Figlie di Maria Ausiliatrice\",\"description\":\"Salesiane di Don Bosco\",\"publisher\":{\"@id\":\"https:\\\/\\\/www.cgfmanet.org\\\/es\\\/#organization\"},\"potentialAction\":[{\"@type\":\"SearchAction\",\"target\":{\"@type\":\"EntryPoint\",\"urlTemplate\":\"https:\\\/\\\/www.cgfmanet.org\\\/es\\\/?s={search_term_string}\"},\"query-input\":{\"@type\":\"PropertyValueSpecification\",\"valueRequired\":true,\"valueName\":\"search_term_string\"}}],\"inLanguage\":\"pt-PT\"},{\"@type\":\"Organization\",\"@id\":\"https:\\\/\\\/www.cgfmanet.org\\\/es\\\/#organization\",\"name\":\"Istituto Figlie di Maria Ausiliatrice\",\"url\":\"https:\\\/\\\/www.cgfmanet.org\\\/es\\\/\",\"logo\":{\"@type\":\"ImageObject\",\"inLanguage\":\"pt-PT\",\"@id\":\"https:\\\/\\\/www.cgfmanet.org\\\/es\\\/#\\\/schema\\\/logo\\\/image\\\/\",\"url\":\"https:\\\/\\\/www.cgfmanet.org\\\/wp-content\\\/uploads\\\/2018\\\/10\\\/logo-fma.png\",\"contentUrl\":\"https:\\\/\\\/www.cgfmanet.org\\\/wp-content\\\/uploads\\\/2018\\\/10\\\/logo-fma.png\",\"width\":214,\"height\":55,\"caption\":\"Istituto Figlie di Maria Ausiliatrice\"},\"image\":{\"@id\":\"https:\\\/\\\/www.cgfmanet.org\\\/es\\\/#\\\/schema\\\/logo\\\/image\\\/\"},\"sameAs\":[\"https:\\\/\\\/www.facebook.com\\\/salesian.sisters.of.don.bosco\\\/\",\"https:\\\/\\\/x.com\\\/Cgfmanet_Org\",\"https:\\\/\\\/www.youtube.com\\\/channel\\\/UCmcr8yFQBV7JXeXVxyV9y5Q\"]},{\"@type\":\"Person\",\"@id\":\"https:\\\/\\\/www.cgfmanet.org\\\/es\\\/#\\\/schema\\\/person\\\/ce6473083f53ef0ef882cca23f0c8fb9\",\"name\":\"Redazione\"}]}<\/script>\n<!-- \/ Yoast SEO plugin. -->","yoast_head_json":{"title":"Festa da Gratid\u00e3o Mundial 2026 &#8226; Istituto Figlie di Maria Ausiliatrice","description":"A Vig\u00e1ria Geral envia uma Carta \u00e0s Inspetoras e \u00e0s Superioras de Visitadoria para partilhar o tema da Festa da Gratid\u00e3o 2026, que se realizar\u00e1 na Inspetoria equatoriana no dia 26 de abril de 2026.","robots":{"index":"index","follow":"follow","max-snippet":"max-snippet:-1","max-image-preview":"max-image-preview:large","max-video-preview":"max-video-preview:-1"},"canonical":"https:\/\/www.cgfmanet.org\/ifma\/festa-del-grazie-mondiale-2026\/","og_locale":"pt_PT","og_type":"article","og_title":"Festa da Gratid\u00e3o Mundial 2026 &#8226; Istituto Figlie di Maria Ausiliatrice","og_description":"A Vig\u00e1ria Geral envia uma Carta \u00e0s Inspetoras e \u00e0s Superioras de Visitadoria para partilhar o tema da Festa da Gratid\u00e3o 2026, que se realizar\u00e1 na Inspetoria equatoriana no dia 26 de abril de 2026.","og_url":"https:\/\/www.cgfmanet.org\/ifma\/festa-del-grazie-mondiale-2026\/","og_site_name":"Istituto Figlie di Maria Ausiliatrice","article_publisher":"https:\/\/www.facebook.com\/salesian.sisters.of.don.bosco\/","article_published_time":"2026-02-21T15:40:09+00:00","og_image":[{"width":1200,"height":800,"url":"https:\/\/www.cgfmanet.org\/wp-content\/uploads\/2026\/02\/Logo-Festa-del-Grazie-2026_ECU.jpg","type":"image\/jpeg"}],"author":"Redazione","twitter_card":"summary_large_image","twitter_creator":"@Cgfmanet_Org","twitter_site":"@Cgfmanet_Org","twitter_misc":{"Escrito por":"Redazione","Tempo estimado de leitura":"4 minutos"},"schema":{"@context":"https:\/\/schema.org","@graph":[{"@type":"Article","@id":"https:\/\/www.cgfmanet.org\/ifma\/festa-del-grazie-mondiale-2026\/#article","isPartOf":{"@id":"https:\/\/www.cgfmanet.org\/ifma\/festa-del-grazie-mondiale-2026\/"},"author":{"name":"Redazione","@id":"https:\/\/www.cgfmanet.org\/es\/#\/schema\/person\/ce6473083f53ef0ef882cca23f0c8fb9"},"headline":"Festa da Gratid\u00e3o Mundial 2026","datePublished":"2026-02-21T15:40:09+00:00","mainEntityOfPage":{"@id":"https:\/\/www.cgfmanet.org\/ifma\/festa-del-grazie-mondiale-2026\/"},"wordCount":631,"commentCount":0,"publisher":{"@id":"https:\/\/www.cgfmanet.org\/es\/#organization"},"image":{"@id":"https:\/\/www.cgfmanet.org\/ifma\/festa-del-grazie-mondiale-2026\/#primaryimage"},"thumbnailUrl":"https:\/\/www.cgfmanet.org\/wp-content\/uploads\/2026\/02\/Logo-Festa-del-Grazie-2026_ECU.jpg","keywords":["Festa da Gratid\u00e3o","Madre Geral","Vig\u00e1ria Geral","ECU","Maria Troncatti","Focus","Madre Chiara Cazzuola","150\u00b0 Miss\u00f5es das FMA"],"articleSection":["Carisma Salesiano","IFMA"],"inLanguage":"pt-PT","potentialAction":[{"@type":"CommentAction","name":"Comment","target":["https:\/\/www.cgfmanet.org\/ifma\/festa-del-grazie-mondiale-2026\/#respond"]}]},{"@type":"WebPage","@id":"https:\/\/www.cgfmanet.org\/ifma\/festa-del-grazie-mondiale-2026\/","url":"https:\/\/www.cgfmanet.org\/ifma\/festa-del-grazie-mondiale-2026\/","name":"Festa da Gratid\u00e3o Mundial 2026 &#8226; Istituto Figlie di Maria Ausiliatrice","isPartOf":{"@id":"https:\/\/www.cgfmanet.org\/es\/#website"},"primaryImageOfPage":{"@id":"https:\/\/www.cgfmanet.org\/ifma\/festa-del-grazie-mondiale-2026\/#primaryimage"},"image":{"@id":"https:\/\/www.cgfmanet.org\/ifma\/festa-del-grazie-mondiale-2026\/#primaryimage"},"thumbnailUrl":"https:\/\/www.cgfmanet.org\/wp-content\/uploads\/2026\/02\/Logo-Festa-del-Grazie-2026_ECU.jpg","datePublished":"2026-02-21T15:40:09+00:00","description":"A Vig\u00e1ria Geral envia uma Carta \u00e0s Inspetoras e \u00e0s Superioras de Visitadoria para partilhar o tema da Festa da Gratid\u00e3o 2026, que se realizar\u00e1 na Inspetoria equatoriana no dia 26 de abril de 2026.","breadcrumb":{"@id":"https:\/\/www.cgfmanet.org\/ifma\/festa-del-grazie-mondiale-2026\/#breadcrumb"},"inLanguage":"pt-PT","potentialAction":[{"@type":"ReadAction","target":["https:\/\/www.cgfmanet.org\/ifma\/festa-del-grazie-mondiale-2026\/"]}]},{"@type":"ImageObject","inLanguage":"pt-PT","@id":"https:\/\/www.cgfmanet.org\/ifma\/festa-del-grazie-mondiale-2026\/#primaryimage","url":"https:\/\/www.cgfmanet.org\/wp-content\/uploads\/2026\/02\/Logo-Festa-del-Grazie-2026_ECU.jpg","contentUrl":"https:\/\/www.cgfmanet.org\/wp-content\/uploads\/2026\/02\/Logo-Festa-del-Grazie-2026_ECU.jpg","width":1200,"height":800},{"@type":"BreadcrumbList","@id":"https:\/\/www.cgfmanet.org\/ifma\/festa-del-grazie-mondiale-2026\/#breadcrumb","itemListElement":[{"@type":"ListItem","position":1,"name":"Home","item":"https:\/\/www.cgfmanet.org\/pt-pt\/"},{"@type":"ListItem","position":2,"name":"Festa da Gratid\u00e3o Mundial 2026"}]},{"@type":"WebSite","@id":"https:\/\/www.cgfmanet.org\/es\/#website","url":"https:\/\/www.cgfmanet.org\/es\/","name":"Istituto Figlie di Maria Ausiliatrice","description":"Salesiane di Don Bosco","publisher":{"@id":"https:\/\/www.cgfmanet.org\/es\/#organization"},"potentialAction":[{"@type":"SearchAction","target":{"@type":"EntryPoint","urlTemplate":"https:\/\/www.cgfmanet.org\/es\/?s={search_term_string}"},"query-input":{"@type":"PropertyValueSpecification","valueRequired":true,"valueName":"search_term_string"}}],"inLanguage":"pt-PT"},{"@type":"Organization","@id":"https:\/\/www.cgfmanet.org\/es\/#organization","name":"Istituto Figlie di Maria Ausiliatrice","url":"https:\/\/www.cgfmanet.org\/es\/","logo":{"@type":"ImageObject","inLanguage":"pt-PT","@id":"https:\/\/www.cgfmanet.org\/es\/#\/schema\/logo\/image\/","url":"https:\/\/www.cgfmanet.org\/wp-content\/uploads\/2018\/10\/logo-fma.png","contentUrl":"https:\/\/www.cgfmanet.org\/wp-content\/uploads\/2018\/10\/logo-fma.png","width":214,"height":55,"caption":"Istituto Figlie di Maria Ausiliatrice"},"image":{"@id":"https:\/\/www.cgfmanet.org\/es\/#\/schema\/logo\/image\/"},"sameAs":["https:\/\/www.facebook.com\/salesian.sisters.of.don.bosco\/","https:\/\/x.com\/Cgfmanet_Org","https:\/\/www.youtube.com\/channel\/UCmcr8yFQBV7JXeXVxyV9y5Q"]},{"@type":"Person","@id":"https:\/\/www.cgfmanet.org\/es\/#\/schema\/person\/ce6473083f53ef0ef882cca23f0c8fb9","name":"Redazione"}]}},"_links":{"self":[{"href":"https:\/\/www.cgfmanet.org\/pt-pt\/wp-json\/wp\/v2\/posts\/153445","targetHints":{"allow":["GET"]}}],"collection":[{"href":"https:\/\/www.cgfmanet.org\/pt-pt\/wp-json\/wp\/v2\/posts"}],"about":[{"href":"https:\/\/www.cgfmanet.org\/pt-pt\/wp-json\/wp\/v2\/types\/post"}],"author":[{"embeddable":true,"href":"https:\/\/www.cgfmanet.org\/pt-pt\/wp-json\/wp\/v2\/users\/21"}],"replies":[{"embeddable":true,"href":"https:\/\/www.cgfmanet.org\/pt-pt\/wp-json\/wp\/v2\/comments?post=153445"}],"version-history":[{"count":2,"href":"https:\/\/www.cgfmanet.org\/pt-pt\/wp-json\/wp\/v2\/posts\/153445\/revisions"}],"predecessor-version":[{"id":153498,"href":"https:\/\/www.cgfmanet.org\/pt-pt\/wp-json\/wp\/v2\/posts\/153445\/revisions\/153498"}],"wp:featuredmedia":[{"embeddable":true,"href":"https:\/\/www.cgfmanet.org\/pt-pt\/wp-json\/wp\/v2\/media\/153440"}],"wp:attachment":[{"href":"https:\/\/www.cgfmanet.org\/pt-pt\/wp-json\/wp\/v2\/media?parent=153445"}],"wp:term":[{"taxonomy":"category","embeddable":true,"href":"https:\/\/www.cgfmanet.org\/pt-pt\/wp-json\/wp\/v2\/categories?post=153445"},{"taxonomy":"post_tag","embeddable":true,"href":"https:\/\/www.cgfmanet.org\/pt-pt\/wp-json\/wp\/v2\/tags?post=153445"}],"curies":[{"name":"wp","href":"https:\/\/api.w.org\/{rel}","templated":true}]}}