{"id":153128,"date":"2026-02-10T10:41:55","date_gmt":"2026-02-10T09:41:55","guid":{"rendered":"https:\/\/www.cgfmanet.org\/infosfera-pt-pt\/la-pace-comincia-con-la-dignita\/"},"modified":"2026-02-11T21:29:45","modified_gmt":"2026-02-11T20:29:45","slug":"a-paz-comeca-com-a-dignidade","status":"publish","type":"post","link":"https:\/\/www.cgfmanet.org\/pt-pt\/infosfera-pt-pt\/a-paz-comeca-com-a-dignidade\/","title":{"rendered":"A Paz come\u00e7a com a Dignidade"},"content":{"rendered":"<p><strong>Roma (It\u00e1lia). <\/strong>De 4 a 8 de fevereiro de 2026, per\u00edodo em se celebrou ou <strong><span style=\"color: #0000ff;\"><a style=\"color: #0000ff;\" href=\"https:\/\/www.cgfmanet.org\/pt-pt\/infosfera-pt-pt\/dia-mundial-de-oracao-contra-o-trafico-de-pessoas-2026\/\" target=\"_blank\" rel=\"noopener\">12\u00ba Dia Internacional<\/a><\/span> <\/strong><strong>de Ora\u00e7\u00e3o e Sensibiliza\u00e7\u00e3o contra o Tr\u00e1fico de Pessoas<\/strong>, com o tema \u201cA paz come\u00e7a com a dignidade: um apelo global para p\u00f4r fim ao tr\u00e1fico de pessoas\u201d, diversos foram, em Roma, os eventos de sensibiliza\u00e7\u00e3o e ora\u00e7\u00e3o organizados pela rede antitr\u00e1fico Talitha Kum, junto a outros parceiros.<\/p>\n<p>Unindo-se a membros de diversos grupos religiosos e aos Embaixadores Juvenis de Talitha Kum e a outros membros da Comiss\u00e3o Justi\u00e7a, Paz e Integridade da Cria\u00e7\u00e3o (JPIC), promovida pela USG e pela UISG, tamb\u00e9m <strong>irm\u00e3 Wismary Kharbihkhiew, do \u00c2mbito da Pastoral Juvenil do Instituto das Filhas de Maria Auxiliadora, participou ativamente dos eventos<\/strong>, colocando-se a servi\u00e7o nas a\u00e7\u00f5es de log\u00edstica.<\/p>\n<p>A programa\u00e7\u00e3o teve in\u00edcio na quarta-feira, <strong>4 de fevereiro<\/strong>, com a participa\u00e7\u00e3o na Audi\u00eancia Geral com o Papa Le\u00e3o XIV, seguida de iniciativas juvenis on-line que envolveram participantes de todo o mundo. O dia seguinte, <strong>5 de fevereiro<\/strong>, caracterizou-se pela abertura oficial da iniciativa, com representantes dos jovens e a Walk for Humanity na \u00e1rea do Coliseu.\u00a0 Concluiu-se com uma prociss\u00e3o com tochas e uma vig\u00edlia de ora\u00e7\u00e3o ecum\u00eanica na Bas\u00edlica de Santa Maria em Trastevere, animada pela JPIC, inspirada nos cinco elementos naturais \u2014 \u00e1gua, fogo, ar, metal e terra \u2014 oferecidos simbolicamente em prociss\u00e3o. A irm\u00e3 Abby Avelino, coordenadora de Talitha Kum e da Jornada, afirmou: <em>\u201cO tr\u00e1fico s\u00f3 poder\u00e1 ser vencido se rezarmos e trabalharmos juntos para extirpar as causas pela raiz.\u201d<\/em><\/p>\n<p>Reunidos na Pra\u00e7a Santa Maria em Trastevere, antes da vig\u00edlia, os jovens realizaram um flash mob contra o tr\u00e1fico, dan\u00e7ando ao ritmo da m\u00fasica e levantando cartazes coloridos com palavras, em v\u00e1rias l\u00ednguas, as palavras <em>esperan\u00e7a, respeito, empatia, amor, liberdade, solidariedade<\/em>, e concluindo com o slogan proclamado em coro: \u201cStop human trafficking\u201d.<\/p>\n<p>No dia <strong>6 de fevereiro<\/strong>, os participantes tomaram parte numa Peregrina\u00e7\u00e3o de Ora\u00e7\u00e3o on-line, promovendo a reflex\u00e3o e o esp\u00edrito de solidariedade, seguida, <strong>no dia seguinte<\/strong>, por oficinas e atividades de sensibiliza\u00e7\u00e3o voltadas a educar e inspirar a\u00e7\u00f5es concretas contra o tr\u00e1fico de seres humanos.<\/p>\n<p>A semana concluiu-se no <strong>domingo, 8 de fevereiro<\/strong>, com uma campanha organizada pelo escrit\u00f3rio da UISG at\u00e9 a Pra\u00e7a S\u00e3o Pedro, culminando na participa\u00e7\u00e3o do Angelus com o Papa Le\u00e3o XIV, que no final recordou o Dia e agradeceu aos\/\u00e0s participantes: <em>\u201cHoje, mem\u00f3ria de Santa Josefina Bakhita, celebra-se o Dia Mundial de Ora\u00e7\u00e3o e Reflex\u00e3o contra o tr\u00e1fico de pessoas. Agrade\u00e7o \u00e0s religiosas e a todos aqueles que se empenham para combater e eliminar as atuais formas de escravid\u00e3o. Junto a eles digo: a paz come\u00e7a com a dignidade!\u201d<\/em><\/p>\n<p>Para concluir a semana, os\/as participantes viveram juntos a Santa Missa na Capela do Coro, na Bas\u00edlica de S\u00e3o Pedro, presidida pelo Cardeal Vincent Nichols, Arcebispo em\u00e9rito de Westminster. O conjunto das iniciativas evidenciou um forte empenho coletivo em promover a conscientiza\u00e7\u00e3o para a preven\u00e7\u00e3o e defesa da dignidade e a prote\u00e7\u00e3o das pessoas atingidas pelo tr\u00e1fico de seres humanos.<\/p>\n<p>O evento fez eco \u00e0 voz do <strong>Papa Le\u00e3o XIV <\/strong>que, em sua <a href=\"https:\/\/www.vatican.va\/content\/leo-xiv\/it\/messages\/pont-messages\/2026\/documents\/20260129-messaggio-contro-tratta.html\" target=\"_blank\" rel=\"noopener\"><strong><span style=\"color: #0000ff;\">Mensagem<\/span><\/strong><\/a> renovou a urg\u00eancia para que a Igreja enfrente e ponha fim a este <em>\u201cgrave crime contra a humanidade\u201d.<\/em> Sua mensagem interpela todos a superar a indiferen\u00e7a e a se comprometer ativamente na prote\u00e7\u00e3o da vida e da dignidade humana.<\/p>\n<p>O Santo Padre, al\u00e9m de destacar a instabilidade geopol\u00edtica e os conflitos armados, que <em>\u201ccriam um terreno f\u00e9rtil para os traficantes que exploram as pessoas mais vulner\u00e1veis, especialmente os deslocados, os migrantes e os refugiados\u201d<\/em>, n\u00e3o descuida do ambiente digital como espa\u00e7o favor\u00e1vel ao tr\u00e1fico:<\/p>\n<p><em>\u201cEste fen\u00f4meno \u00e9 particularmente preocupante no \u00e2mbito da chamada \u2018escravid\u00e3o inform\u00e1tica\u2019, em que as pessoas s\u00e3o atra\u00eddas aos esquemas fraudulentos e atividades criminosas, como as fraudes on-line e o tr\u00e1fico de drogas. Nesses casos, a v\u00edtima \u00e9 for\u00e7ada a assumir o papel de autora do crime, agravando as pr\u00f3prias feridas espirituais.\u201d<\/em><\/p>\n<p>Esse e outros aspectos tornam o Dia particularmente ligado \u00e0 vis\u00e3o e \u00e0 miss\u00e3o do Instituto das FMA nos confrontos com os jovens. A paz n\u00e3o pode existir onde a vida dos jovens \u00e9 explorada ou sua dignidade negada. A verdadeira paz come\u00e7a quando cada jovem \u00e9 reconhecido como precioso, protegido e acompanhado. Essa convic\u00e7\u00e3o est\u00e1 no cora\u00e7\u00e3o da miss\u00e3o salesiana, inspirada pelo Carisma de S\u00e3o Jo\u00e3o Bosco e de Santa Maria Domingas Mazzarello, que dedicaram sua vida ao cuidado e \u00e0 prote\u00e7\u00e3o dos jovens, especialmente daqueles em risco.<\/p>\n<p>A participa\u00e7\u00e3o neste evento reafirmou o compromisso salesiano de estar ao lado dos jovens vulner\u00e1veis ao tr\u00e1fico e a outras formas de explora\u00e7\u00e3o. Refor\u00e7a, al\u00e9m disso, o convite a educar os jovens para que se tornem conscientes, respons\u00e1veis e proativos na promo\u00e7\u00e3o de uma cultura de dignidade e paz.<\/p>\n<p><em>\u201cEsta experi\u00eancia foi ao mesmo tempo enriquecedora e estimulante. Recorda-nos que os jovens n\u00e3o s\u00e3o apenas v\u00edtimas do tr\u00e1fico, mas tamb\u00e9m poderosos agentes de mudan\u00e7a quando s\u00e3o orientados, responsabilizados e acompanhados. Convida-nos a transformar a ora\u00e7\u00e3o em a\u00e7\u00e3o e a conscientiza\u00e7\u00e3o em compromisso. Somos chamados a continuar a promover ambientes seguros, educa\u00e7\u00e3o \u00e0 vida e ao empoderamento dos jovens para que se tornem promotores de justi\u00e7a, paz e dignidade humana\u201d<\/em>, expressa a irm\u00e3 Wismary no final da semana.<\/p>\n<p>Respondendo ao apelo global para p\u00f4r fim ao tr\u00e1fico de seres humanos, o Instituto das FMA confirma o compromisso com a miss\u00e3o de caminhar ao lado dos jovens, defender sua dignidade e construir um futuro no qual a paz comece verdadeiramente pelo respeito a cada pessoa. Como recorda o Papa Le\u00e3o na Mensagem:<\/p>\n<p><em>&#8220;Diante destes graves desafios, recorramos \u00e0 ora\u00e7\u00e3o e \u00e0 reflex\u00e3o. A ora\u00e7\u00e3o \u00e9 a \u2018pequena chama\u2019 que devemos guardar em meio \u00e0 tempestade, pois nos d\u00e1 a for\u00e7a para resistir \u00e0 indiferen\u00e7a diante da injusti\u00e7a. A reflex\u00e3o nos permite identificar os mecanismos ocultos de explora\u00e7\u00e3o em nossos bairros e nos espa\u00e7os digitais. Em \u00faltima an\u00e1lise, a viol\u00eancia do tr\u00e1fico de pessoas s\u00f3 pode ser superada por meio de uma vis\u00e3o renovada que considere cada indiv\u00edduo como um filho amado por Deus.\u201d<\/em><\/p>\n\r\n                <style type=\"text\/css\">\r\n                    \r\n                    #tdi_1  .td-doubleSlider-2 .td-item1 {\r\n                        background: url(https:\/\/www.cgfmanet.org\/wp-content\/uploads\/2026\/02\/Eventi-Giornata-Tratta-2026_1-80x60.jpg) 0 0 no-repeat;\r\n                    }\r\n                    #tdi_1  .td-doubleSlider-2 .td-item2 {\r\n                        background: url(https:\/\/www.cgfmanet.org\/wp-content\/uploads\/2026\/02\/Eventi-Giornata-Tratta-2026_3-80x60.jpg) 0 0 no-repeat;\r\n                    }\r\n                    #tdi_1  .td-doubleSlider-2 .td-item3 {\r\n                        background: url(https:\/\/www.cgfmanet.org\/wp-content\/uploads\/2026\/02\/Eventi-Giornata-Tratta-2026_4-80x60.jpg) 0 0 no-repeat;\r\n                    }\r\n                    #tdi_1  .td-doubleSlider-2 .td-item4 {\r\n                        background: url(https:\/\/www.cgfmanet.org\/wp-content\/uploads\/2026\/02\/Eventi-Giornata-Tratta-2026_2-80x60.jpg) 0 0 no-repeat;\r\n                    }\r\n                    #tdi_1  .td-doubleSlider-2 .td-item5 {\r\n                        background: url(https:\/\/www.cgfmanet.org\/wp-content\/uploads\/2026\/02\/Eventi-Giornata-Tratta-2026_5-80x60.jpg) 0 0 no-repeat;\r\n                    }\r\n                    #tdi_1  .td-doubleSlider-2 .td-item6 {\r\n                        background: url(https:\/\/www.cgfmanet.org\/wp-content\/uploads\/2026\/02\/Eventi-Giornata-Tratta-2026_6-80x60.jpg) 0 0 no-repeat;\r\n                    }\r\n                    #tdi_1  .td-doubleSlider-2 .td-item7 {\r\n                        background: url(https:\/\/www.cgfmanet.org\/wp-content\/uploads\/2026\/02\/Eventi-Giornata-Tratta-2026_7-80x60.jpg) 0 0 no-repeat;\r\n                    }\r\n                    #tdi_1  .td-doubleSlider-2 .td-item8 {\r\n                        background: url(https:\/\/www.cgfmanet.org\/wp-content\/uploads\/2026\/02\/Eventi-Giornata-Tratta-2026_8-80x60.jpg) 0 0 no-repeat;\r\n                    }\r\n                <\/style>\r\n\r\n                <div id=\"tdi_1\" class=\"td-gallery td-slide-on-2-columns\">\r\n                    <div class=\"post_td_gallery\">\r\n                        <div class=\"td-gallery-slide-top\">\r\n                           <div class=\"td-gallery-title\"><\/div>\r\n\r\n                            <div class=\"td-gallery-controls-wrapper\">\r\n                                <div class=\"td-gallery-slide-count\"><span class=\"td-gallery-slide-item-focus\">1<\/span> do 8<\/div>\r\n                                <div class=\"td-gallery-slide-prev-next-but\">\r\n                                    <i class = \"td-icon-left doubleSliderPrevButton\"><\/i>\r\n                                    <i class = \"td-icon-right doubleSliderNextButton\"><\/i>\r\n                                <\/div>\r\n                            <\/div>\r\n                        <\/div>\r\n\r\n                        <div class = \"td-doubleSlider-1 \">\r\n                            <div class = \"td-slider\">\r\n                                \r\n                    <div class = \"td-slide-item td-item1\">\r\n                        <figure class=\"td-slide-galery-figure td-slide-popup-gallery\">\r\n                            <a class=\"slide-gallery-image-link\" href=\"https:\/\/www.cgfmanet.org\/wp-content\/uploads\/2026\/02\/Eventi-Giornata-Tratta-2026_1.jpg\" title=\"Eventi Giornata Tratta 2026_1\"  data-caption=\"\"  data-description=\"\">\r\n                                <img decoding=\"async\" data-src=\"https:\/\/www.cgfmanet.org\/wp-content\/uploads\/2026\/02\/Eventi-Giornata-Tratta-2026_1-447x420.jpg\" data-srcset=\"https:\/\/www.cgfmanet.org\/wp-content\/uploads\/2026\/02\/Eventi-Giornata-Tratta-2026_1-447x420.jpg 447w, https:\/\/www.cgfmanet.org\/wp-content\/uploads\/2026\/02\/Eventi-Giornata-Tratta-2026_1-768x722.jpg 768w, https:\/\/www.cgfmanet.org\/wp-content\/uploads\/2026\/02\/Eventi-Giornata-Tratta-2026_1-696x654.jpg 696w, https:\/\/www.cgfmanet.org\/wp-content\/uploads\/2026\/02\/Eventi-Giornata-Tratta-2026_1.jpg 1181w\" data-sizes=\"auto\" alt=\"\" src=\"data:image\/svg+xml;base64,PHN2ZyB3aWR0aD0iMSIgaGVpZ2h0PSIxIiB4bWxucz0iaHR0cDovL3d3dy53My5vcmcvMjAwMC9zdmciPjwvc3ZnPg==\" class=\"lazyload\" style=\"--smush-placeholder-width: 447px; --smush-placeholder-aspect-ratio: 447\/420;\" data-original-sizes=\"(max-width: 447px) 100vw, 447px\">\r\n                            <\/a>\r\n                            \r\n                        <\/figure>\r\n                    <\/div>\r\n                    <div class = \"td-slide-item td-item2\">\r\n                        <figure class=\"td-slide-galery-figure td-slide-popup-gallery\">\r\n                            <a class=\"slide-gallery-image-link\" href=\"https:\/\/www.cgfmanet.org\/wp-content\/uploads\/2026\/02\/Eventi-Giornata-Tratta-2026_3.jpg\" title=\"Eventi Giornata Tratta 2026_3\"  data-caption=\"\"  data-description=\"\">\r\n                                <img decoding=\"async\" data-src=\"https:\/\/www.cgfmanet.org\/wp-content\/uploads\/2026\/02\/Eventi-Giornata-Tratta-2026_3-630x420.jpg\" data-srcset=\"https:\/\/www.cgfmanet.org\/wp-content\/uploads\/2026\/02\/Eventi-Giornata-Tratta-2026_3-630x420.jpg 630w, https:\/\/www.cgfmanet.org\/wp-content\/uploads\/2026\/02\/Eventi-Giornata-Tratta-2026_3-768x512.jpg 768w, https:\/\/www.cgfmanet.org\/wp-content\/uploads\/2026\/02\/Eventi-Giornata-Tratta-2026_3-696x464.jpg 696w, https:\/\/www.cgfmanet.org\/wp-content\/uploads\/2026\/02\/Eventi-Giornata-Tratta-2026_3.jpg 1181w\" data-sizes=\"auto\" alt=\"\" src=\"data:image\/svg+xml;base64,PHN2ZyB3aWR0aD0iMSIgaGVpZ2h0PSIxIiB4bWxucz0iaHR0cDovL3d3dy53My5vcmcvMjAwMC9zdmciPjwvc3ZnPg==\" class=\"lazyload\" style=\"--smush-placeholder-width: 630px; --smush-placeholder-aspect-ratio: 630\/420;\" data-original-sizes=\"(max-width: 630px) 100vw, 630px\">\r\n                            <\/a>\r\n                            \r\n                        <\/figure>\r\n                    <\/div>\r\n                    <div class = \"td-slide-item td-item3\">\r\n                        <figure class=\"td-slide-galery-figure td-slide-popup-gallery\">\r\n                            <a class=\"slide-gallery-image-link\" href=\"https:\/\/www.cgfmanet.org\/wp-content\/uploads\/2026\/02\/Eventi-Giornata-Tratta-2026_4.jpg\" title=\"Eventi Giornata Tratta 2026_4\"  data-caption=\"\"  data-description=\"\">\r\n                                <img decoding=\"async\" data-src=\"https:\/\/www.cgfmanet.org\/wp-content\/uploads\/2026\/02\/Eventi-Giornata-Tratta-2026_4-630x420.jpg\" data-srcset=\"https:\/\/www.cgfmanet.org\/wp-content\/uploads\/2026\/02\/Eventi-Giornata-Tratta-2026_4-630x420.jpg 630w, https:\/\/www.cgfmanet.org\/wp-content\/uploads\/2026\/02\/Eventi-Giornata-Tratta-2026_4-768x512.jpg 768w, https:\/\/www.cgfmanet.org\/wp-content\/uploads\/2026\/02\/Eventi-Giornata-Tratta-2026_4-696x464.jpg 696w, https:\/\/www.cgfmanet.org\/wp-content\/uploads\/2026\/02\/Eventi-Giornata-Tratta-2026_4.jpg 1280w\" data-sizes=\"auto\" alt=\"\" src=\"data:image\/svg+xml;base64,PHN2ZyB3aWR0aD0iMSIgaGVpZ2h0PSIxIiB4bWxucz0iaHR0cDovL3d3dy53My5vcmcvMjAwMC9zdmciPjwvc3ZnPg==\" class=\"lazyload\" style=\"--smush-placeholder-width: 630px; --smush-placeholder-aspect-ratio: 630\/420;\" data-original-sizes=\"(max-width: 630px) 100vw, 630px\">\r\n                            <\/a>\r\n                            \r\n                        <\/figure>\r\n                    <\/div>\r\n                    <div class = \"td-slide-item td-item4\">\r\n                        <figure class=\"td-slide-galery-figure td-slide-popup-gallery\">\r\n                            <a class=\"slide-gallery-image-link\" href=\"https:\/\/www.cgfmanet.org\/wp-content\/uploads\/2026\/02\/Eventi-Giornata-Tratta-2026_2.jpg\" title=\"Eventi Giornata Tratta 2026_2\"  data-caption=\"\"  data-description=\"\">\r\n                                <img decoding=\"async\" data-src=\"https:\/\/www.cgfmanet.org\/wp-content\/uploads\/2026\/02\/Eventi-Giornata-Tratta-2026_2-630x420.jpg\" data-srcset=\"https:\/\/www.cgfmanet.org\/wp-content\/uploads\/2026\/02\/Eventi-Giornata-Tratta-2026_2-630x420.jpg 630w, https:\/\/www.cgfmanet.org\/wp-content\/uploads\/2026\/02\/Eventi-Giornata-Tratta-2026_2-768x512.jpg 768w, https:\/\/www.cgfmanet.org\/wp-content\/uploads\/2026\/02\/Eventi-Giornata-Tratta-2026_2-696x464.jpg 696w, https:\/\/www.cgfmanet.org\/wp-content\/uploads\/2026\/02\/Eventi-Giornata-Tratta-2026_2.jpg 1280w\" data-sizes=\"auto\" alt=\"\" src=\"data:image\/svg+xml;base64,PHN2ZyB3aWR0aD0iMSIgaGVpZ2h0PSIxIiB4bWxucz0iaHR0cDovL3d3dy53My5vcmcvMjAwMC9zdmciPjwvc3ZnPg==\" class=\"lazyload\" style=\"--smush-placeholder-width: 630px; --smush-placeholder-aspect-ratio: 630\/420;\" data-original-sizes=\"(max-width: 630px) 100vw, 630px\">\r\n                            <\/a>\r\n                            \r\n                        <\/figure>\r\n                    <\/div>\r\n                    <div class = \"td-slide-item td-item5\">\r\n                        <figure class=\"td-slide-galery-figure td-slide-popup-gallery\">\r\n                            <a class=\"slide-gallery-image-link\" href=\"https:\/\/www.cgfmanet.org\/wp-content\/uploads\/2026\/02\/Eventi-Giornata-Tratta-2026_5.jpg\" title=\"Eventi Giornata Tratta 2026_5\"  data-caption=\"\"  data-description=\"\">\r\n                                <img decoding=\"async\" data-src=\"https:\/\/www.cgfmanet.org\/wp-content\/uploads\/2026\/02\/Eventi-Giornata-Tratta-2026_5-679x420.jpg\" data-srcset=\"https:\/\/www.cgfmanet.org\/wp-content\/uploads\/2026\/02\/Eventi-Giornata-Tratta-2026_5-679x420.jpg 679w, https:\/\/www.cgfmanet.org\/wp-content\/uploads\/2026\/02\/Eventi-Giornata-Tratta-2026_5-768x475.jpg 768w, https:\/\/www.cgfmanet.org\/wp-content\/uploads\/2026\/02\/Eventi-Giornata-Tratta-2026_5-696x430.jpg 696w, https:\/\/www.cgfmanet.org\/wp-content\/uploads\/2026\/02\/Eventi-Giornata-Tratta-2026_5.jpg 1182w\" data-sizes=\"auto\" alt=\"\" src=\"data:image\/svg+xml;base64,PHN2ZyB3aWR0aD0iMSIgaGVpZ2h0PSIxIiB4bWxucz0iaHR0cDovL3d3dy53My5vcmcvMjAwMC9zdmciPjwvc3ZnPg==\" class=\"lazyload\" style=\"--smush-placeholder-width: 679px; --smush-placeholder-aspect-ratio: 679\/420;\" data-original-sizes=\"(max-width: 679px) 100vw, 679px\">\r\n                            <\/a>\r\n                            \r\n                        <\/figure>\r\n                    <\/div>\r\n                    <div class = \"td-slide-item td-item6\">\r\n                        <figure class=\"td-slide-galery-figure td-slide-popup-gallery\">\r\n                            <a class=\"slide-gallery-image-link\" href=\"https:\/\/www.cgfmanet.org\/wp-content\/uploads\/2026\/02\/Eventi-Giornata-Tratta-2026_6.jpg\" title=\"Eventi Giornata Tratta 2026_6\"  data-caption=\"\"  data-description=\"\">\r\n                                <img decoding=\"async\" data-src=\"https:\/\/www.cgfmanet.org\/wp-content\/uploads\/2026\/02\/Eventi-Giornata-Tratta-2026_6-630x420.jpg\" data-srcset=\"https:\/\/www.cgfmanet.org\/wp-content\/uploads\/2026\/02\/Eventi-Giornata-Tratta-2026_6-630x420.jpg 630w, https:\/\/www.cgfmanet.org\/wp-content\/uploads\/2026\/02\/Eventi-Giornata-Tratta-2026_6-768x512.jpg 768w, https:\/\/www.cgfmanet.org\/wp-content\/uploads\/2026\/02\/Eventi-Giornata-Tratta-2026_6-696x464.jpg 696w, https:\/\/www.cgfmanet.org\/wp-content\/uploads\/2026\/02\/Eventi-Giornata-Tratta-2026_6.jpg 1280w\" data-sizes=\"auto\" alt=\"\" src=\"data:image\/svg+xml;base64,PHN2ZyB3aWR0aD0iMSIgaGVpZ2h0PSIxIiB4bWxucz0iaHR0cDovL3d3dy53My5vcmcvMjAwMC9zdmciPjwvc3ZnPg==\" class=\"lazyload\" style=\"--smush-placeholder-width: 630px; --smush-placeholder-aspect-ratio: 630\/420;\" data-original-sizes=\"(max-width: 630px) 100vw, 630px\">\r\n                            <\/a>\r\n                            \r\n                        <\/figure>\r\n                    <\/div>\r\n                    <div class = \"td-slide-item td-item7\">\r\n                        <figure class=\"td-slide-galery-figure td-slide-popup-gallery\">\r\n                            <a class=\"slide-gallery-image-link\" href=\"https:\/\/www.cgfmanet.org\/wp-content\/uploads\/2026\/02\/Eventi-Giornata-Tratta-2026_7.jpg\" title=\"Eventi Giornata Tratta 2026_7\"  data-caption=\"\"  data-description=\"\">\r\n                                <img decoding=\"async\" data-src=\"https:\/\/www.cgfmanet.org\/wp-content\/uploads\/2026\/02\/Eventi-Giornata-Tratta-2026_7-630x420.jpg\" data-srcset=\"https:\/\/www.cgfmanet.org\/wp-content\/uploads\/2026\/02\/Eventi-Giornata-Tratta-2026_7-630x420.jpg 630w, https:\/\/www.cgfmanet.org\/wp-content\/uploads\/2026\/02\/Eventi-Giornata-Tratta-2026_7-768x512.jpg 768w, https:\/\/www.cgfmanet.org\/wp-content\/uploads\/2026\/02\/Eventi-Giornata-Tratta-2026_7-696x464.jpg 696w, https:\/\/www.cgfmanet.org\/wp-content\/uploads\/2026\/02\/Eventi-Giornata-Tratta-2026_7.jpg 1280w\" data-sizes=\"auto\" alt=\"\" src=\"data:image\/svg+xml;base64,PHN2ZyB3aWR0aD0iMSIgaGVpZ2h0PSIxIiB4bWxucz0iaHR0cDovL3d3dy53My5vcmcvMjAwMC9zdmciPjwvc3ZnPg==\" class=\"lazyload\" style=\"--smush-placeholder-width: 630px; --smush-placeholder-aspect-ratio: 630\/420;\" data-original-sizes=\"(max-width: 630px) 100vw, 630px\">\r\n                            <\/a>\r\n                            \r\n                        <\/figure>\r\n                    <\/div>\r\n                    <div class = \"td-slide-item td-item8\">\r\n                        <figure class=\"td-slide-galery-figure td-slide-popup-gallery\">\r\n                            <a class=\"slide-gallery-image-link\" href=\"https:\/\/www.cgfmanet.org\/wp-content\/uploads\/2026\/02\/Eventi-Giornata-Tratta-2026_8.jpg\" title=\"Eventi Giornata Tratta 2026_8\"  data-caption=\"\"  data-description=\"\">\r\n                                <img decoding=\"async\" data-src=\"https:\/\/www.cgfmanet.org\/wp-content\/uploads\/2026\/02\/Eventi-Giornata-Tratta-2026_8-630x420.jpg\" data-srcset=\"https:\/\/www.cgfmanet.org\/wp-content\/uploads\/2026\/02\/Eventi-Giornata-Tratta-2026_8-630x420.jpg 630w, https:\/\/www.cgfmanet.org\/wp-content\/uploads\/2026\/02\/Eventi-Giornata-Tratta-2026_8-768x512.jpg 768w, https:\/\/www.cgfmanet.org\/wp-content\/uploads\/2026\/02\/Eventi-Giornata-Tratta-2026_8-696x464.jpg 696w, https:\/\/www.cgfmanet.org\/wp-content\/uploads\/2026\/02\/Eventi-Giornata-Tratta-2026_8.jpg 1280w\" data-sizes=\"auto\" alt=\"\" src=\"data:image\/svg+xml;base64,PHN2ZyB3aWR0aD0iMSIgaGVpZ2h0PSIxIiB4bWxucz0iaHR0cDovL3d3dy53My5vcmcvMjAwMC9zdmciPjwvc3ZnPg==\" class=\"lazyload\" style=\"--smush-placeholder-width: 630px; --smush-placeholder-aspect-ratio: 630\/420;\" data-original-sizes=\"(max-width: 630px) 100vw, 630px\">\r\n                            <\/a>\r\n                            \r\n                        <\/figure>\r\n                    <\/div>\r\n                            <\/div>\r\n                        <\/div>\r\n\r\n                        <div class = \"td-doubleSlider-2\">\r\n                            <div class = \"td-slider\">\r\n                                \r\n                    <div class = \"td-button td-item1\">\r\n                        <div class = \"td-border\"><\/div>\r\n                    <\/div>\r\n                    <div class = \"td-button td-item2\">\r\n                        <div class = \"td-border\"><\/div>\r\n                    <\/div>\r\n                    <div class = \"td-button td-item3\">\r\n                        <div class = \"td-border\"><\/div>\r\n                    <\/div>\r\n                    <div class = \"td-button td-item4\">\r\n                        <div class = \"td-border\"><\/div>\r\n                    <\/div>\r\n                    <div class = \"td-button td-item5\">\r\n                        <div class = \"td-border\"><\/div>\r\n                    <\/div>\r\n                    <div class = \"td-button td-item6\">\r\n                        <div class = \"td-border\"><\/div>\r\n                    <\/div>\r\n                    <div class = \"td-button td-item7\">\r\n                        <div class = \"td-border\"><\/div>\r\n                    <\/div>\r\n                    <div class = \"td-button td-item8\">\r\n                        <div class = \"td-border\"><\/div>\r\n                    <\/div>\r\n                            <\/div>\r\n                        <\/div>\r\n\r\n                    <\/div>\r\n\r\n                <\/div>\r\n                \n","protected":false},"excerpt":{"rendered":"<p>Roma (It\u00e1lia). De 4 a 8 de fevereiro de 2026, per\u00edodo em se celebrou ou 12\u00ba Dia Internacional de Ora\u00e7\u00e3o e Sensibiliza\u00e7\u00e3o contra o Tr\u00e1fico de Pessoas, com o tema [&hellip;]<\/p>\n","protected":false},"author":21,"featured_media":153123,"comment_status":"open","ping_status":"closed","sticky":false,"template":"","format":"standard","meta":{"footnotes":""},"categories":[38,197],"tags":[1381,1537,1918,1930,1992,2147,2490],"class_list":["post-153128","post","type-post","status-publish","format-standard","has-post-thumbnail","category-infosfera-pt-pt","category-direitos-humanos","tag-promocao-da-mulher","tag-pastoral-juvenil-pt-pt","tag-uisg-pt-pt","tag-focus-pt-pt","tag-solidarieta-pt-pt","tag-preghiera-pt-pt","tag-papa-leao-xiv"],"yoast_head":"<!-- This site is optimized with the Yoast SEO plugin v27.4 - https:\/\/yoast.com\/product\/yoast-seo-wordpress\/ -->\n<title>A Paz come\u00e7a com a Dignidade &#8226; Istituto Figlie di Maria Ausiliatrice<\/title>\n<meta name=\"description\" content=\"A participa\u00e7\u00e3o do \u00c2mbito da Pastoral Juvenil do Instituto das FMA nos eventos organizados por Talitha Kum para o 12\u00ba Dia Internacional de Ora\u00e7\u00e3o e Sensibiliza\u00e7\u00e3o contra o Tr\u00e1fico de Pessoas.\" \/>\n<meta name=\"robots\" content=\"index, follow, max-snippet:-1, max-image-preview:large, max-video-preview:-1\" \/>\n<link rel=\"canonical\" href=\"https:\/\/www.cgfmanet.org\/pt-pt\/infosfera-pt-pt\/a-paz-comeca-com-a-dignidade\/\" \/>\n<meta property=\"og:locale\" content=\"pt_PT\" \/>\n<meta property=\"og:type\" content=\"article\" \/>\n<meta property=\"og:title\" content=\"A Paz come\u00e7a com a Dignidade &#8226; Istituto Figlie di Maria Ausiliatrice\" \/>\n<meta property=\"og:description\" content=\"A participa\u00e7\u00e3o do \u00c2mbito da Pastoral Juvenil do Instituto das FMA nos eventos organizados por Talitha Kum para o 12\u00ba Dia Internacional de Ora\u00e7\u00e3o e Sensibiliza\u00e7\u00e3o contra o Tr\u00e1fico de Pessoas.\" \/>\n<meta property=\"og:url\" content=\"https:\/\/www.cgfmanet.org\/pt-pt\/infosfera-pt-pt\/a-paz-comeca-com-a-dignidade\/\" \/>\n<meta property=\"og:site_name\" content=\"Istituto Figlie di Maria Ausiliatrice\" \/>\n<meta property=\"article:publisher\" content=\"https:\/\/www.facebook.com\/salesian.sisters.of.don.bosco\/\" \/>\n<meta property=\"article:published_time\" content=\"2026-02-10T09:41:55+00:00\" \/>\n<meta property=\"article:modified_time\" content=\"2026-02-11T20:29:45+00:00\" \/>\n<meta property=\"og:image\" content=\"https:\/\/www.cgfmanet.org\/wp-content\/uploads\/2026\/02\/Eventi-Giornata-Tratta-2026.jpg\" \/>\n\t<meta property=\"og:image:width\" content=\"1280\" \/>\n\t<meta property=\"og:image:height\" content=\"853\" \/>\n\t<meta property=\"og:image:type\" content=\"image\/jpeg\" \/>\n<meta name=\"author\" content=\"Redazione\" \/>\n<meta name=\"twitter:card\" content=\"summary_large_image\" \/>\n<meta name=\"twitter:creator\" content=\"@Cgfmanet_Org\" \/>\n<meta name=\"twitter:site\" content=\"@Cgfmanet_Org\" \/>\n<meta name=\"twitter:label1\" content=\"Escrito por\" \/>\n\t<meta name=\"twitter:data1\" content=\"Redazione\" \/>\n\t<meta name=\"twitter:label2\" content=\"Tempo estimado de leitura\" \/>\n\t<meta name=\"twitter:data2\" content=\"6 minutos\" \/>\n<script type=\"application\/ld+json\" class=\"yoast-schema-graph\">{\"@context\":\"https:\\\/\\\/schema.org\",\"@graph\":[{\"@type\":\"Article\",\"@id\":\"https:\\\/\\\/www.cgfmanet.org\\\/pt-pt\\\/infosfera-pt-pt\\\/a-paz-comeca-com-a-dignidade\\\/#article\",\"isPartOf\":{\"@id\":\"https:\\\/\\\/www.cgfmanet.org\\\/pt-pt\\\/infosfera-pt-pt\\\/a-paz-comeca-com-a-dignidade\\\/\"},\"author\":{\"name\":\"Redazione\",\"@id\":\"https:\\\/\\\/www.cgfmanet.org\\\/es\\\/#\\\/schema\\\/person\\\/ce6473083f53ef0ef882cca23f0c8fb9\"},\"headline\":\"A Paz come\u00e7a com a Dignidade\",\"datePublished\":\"2026-02-10T09:41:55+00:00\",\"dateModified\":\"2026-02-11T20:29:45+00:00\",\"mainEntityOfPage\":{\"@id\":\"https:\\\/\\\/www.cgfmanet.org\\\/pt-pt\\\/infosfera-pt-pt\\\/a-paz-comeca-com-a-dignidade\\\/\"},\"wordCount\":1125,\"commentCount\":0,\"publisher\":{\"@id\":\"https:\\\/\\\/www.cgfmanet.org\\\/es\\\/#organization\"},\"image\":{\"@id\":\"https:\\\/\\\/www.cgfmanet.org\\\/pt-pt\\\/infosfera-pt-pt\\\/a-paz-comeca-com-a-dignidade\\\/#primaryimage\"},\"thumbnailUrl\":\"https:\\\/\\\/www.cgfmanet.org\\\/wp-content\\\/uploads\\\/2026\\\/02\\\/Eventi-Giornata-Tratta-2026.jpg\",\"keywords\":[\"Promo\u00e7\u00e3o da mulher\",\"Pastoral Juvenil\",\"UISG\",\"Focus\",\"Solidariet\u00e0\",\"Preghiera\",\"Papa Le\u00e3o XIV\"],\"articleSection\":[\"Infosfera\",\"Direitos Humanos\"],\"inLanguage\":\"pt-PT\",\"potentialAction\":[{\"@type\":\"CommentAction\",\"name\":\"Comment\",\"target\":[\"https:\\\/\\\/www.cgfmanet.org\\\/pt-pt\\\/infosfera-pt-pt\\\/a-paz-comeca-com-a-dignidade\\\/#respond\"]}]},{\"@type\":\"WebPage\",\"@id\":\"https:\\\/\\\/www.cgfmanet.org\\\/pt-pt\\\/infosfera-pt-pt\\\/a-paz-comeca-com-a-dignidade\\\/\",\"url\":\"https:\\\/\\\/www.cgfmanet.org\\\/pt-pt\\\/infosfera-pt-pt\\\/a-paz-comeca-com-a-dignidade\\\/\",\"name\":\"A Paz come\u00e7a com a Dignidade &#8226; Istituto Figlie di Maria Ausiliatrice\",\"isPartOf\":{\"@id\":\"https:\\\/\\\/www.cgfmanet.org\\\/es\\\/#website\"},\"primaryImageOfPage\":{\"@id\":\"https:\\\/\\\/www.cgfmanet.org\\\/pt-pt\\\/infosfera-pt-pt\\\/a-paz-comeca-com-a-dignidade\\\/#primaryimage\"},\"image\":{\"@id\":\"https:\\\/\\\/www.cgfmanet.org\\\/pt-pt\\\/infosfera-pt-pt\\\/a-paz-comeca-com-a-dignidade\\\/#primaryimage\"},\"thumbnailUrl\":\"https:\\\/\\\/www.cgfmanet.org\\\/wp-content\\\/uploads\\\/2026\\\/02\\\/Eventi-Giornata-Tratta-2026.jpg\",\"datePublished\":\"2026-02-10T09:41:55+00:00\",\"dateModified\":\"2026-02-11T20:29:45+00:00\",\"description\":\"A participa\u00e7\u00e3o do \u00c2mbito da Pastoral Juvenil do Instituto das FMA nos eventos organizados por Talitha Kum para o 12\u00ba Dia Internacional de Ora\u00e7\u00e3o e Sensibiliza\u00e7\u00e3o contra o Tr\u00e1fico de Pessoas.\",\"breadcrumb\":{\"@id\":\"https:\\\/\\\/www.cgfmanet.org\\\/pt-pt\\\/infosfera-pt-pt\\\/a-paz-comeca-com-a-dignidade\\\/#breadcrumb\"},\"inLanguage\":\"pt-PT\",\"potentialAction\":[{\"@type\":\"ReadAction\",\"target\":[\"https:\\\/\\\/www.cgfmanet.org\\\/pt-pt\\\/infosfera-pt-pt\\\/a-paz-comeca-com-a-dignidade\\\/\"]}]},{\"@type\":\"ImageObject\",\"inLanguage\":\"pt-PT\",\"@id\":\"https:\\\/\\\/www.cgfmanet.org\\\/pt-pt\\\/infosfera-pt-pt\\\/a-paz-comeca-com-a-dignidade\\\/#primaryimage\",\"url\":\"https:\\\/\\\/www.cgfmanet.org\\\/wp-content\\\/uploads\\\/2026\\\/02\\\/Eventi-Giornata-Tratta-2026.jpg\",\"contentUrl\":\"https:\\\/\\\/www.cgfmanet.org\\\/wp-content\\\/uploads\\\/2026\\\/02\\\/Eventi-Giornata-Tratta-2026.jpg\",\"width\":1280,\"height\":853},{\"@type\":\"BreadcrumbList\",\"@id\":\"https:\\\/\\\/www.cgfmanet.org\\\/pt-pt\\\/infosfera-pt-pt\\\/a-paz-comeca-com-a-dignidade\\\/#breadcrumb\",\"itemListElement\":[{\"@type\":\"ListItem\",\"position\":1,\"name\":\"Home\",\"item\":\"https:\\\/\\\/www.cgfmanet.org\\\/pt-pt\\\/\"},{\"@type\":\"ListItem\",\"position\":2,\"name\":\"A Paz come\u00e7a com a Dignidade\"}]},{\"@type\":\"WebSite\",\"@id\":\"https:\\\/\\\/www.cgfmanet.org\\\/es\\\/#website\",\"url\":\"https:\\\/\\\/www.cgfmanet.org\\\/es\\\/\",\"name\":\"Istituto Figlie di Maria Ausiliatrice\",\"description\":\"Salesiane di Don Bosco\",\"publisher\":{\"@id\":\"https:\\\/\\\/www.cgfmanet.org\\\/es\\\/#organization\"},\"potentialAction\":[{\"@type\":\"SearchAction\",\"target\":{\"@type\":\"EntryPoint\",\"urlTemplate\":\"https:\\\/\\\/www.cgfmanet.org\\\/es\\\/?s={search_term_string}\"},\"query-input\":{\"@type\":\"PropertyValueSpecification\",\"valueRequired\":true,\"valueName\":\"search_term_string\"}}],\"inLanguage\":\"pt-PT\"},{\"@type\":\"Organization\",\"@id\":\"https:\\\/\\\/www.cgfmanet.org\\\/es\\\/#organization\",\"name\":\"Istituto Figlie di Maria Ausiliatrice\",\"url\":\"https:\\\/\\\/www.cgfmanet.org\\\/es\\\/\",\"logo\":{\"@type\":\"ImageObject\",\"inLanguage\":\"pt-PT\",\"@id\":\"https:\\\/\\\/www.cgfmanet.org\\\/es\\\/#\\\/schema\\\/logo\\\/image\\\/\",\"url\":\"https:\\\/\\\/www.cgfmanet.org\\\/wp-content\\\/uploads\\\/2018\\\/10\\\/logo-fma.png\",\"contentUrl\":\"https:\\\/\\\/www.cgfmanet.org\\\/wp-content\\\/uploads\\\/2018\\\/10\\\/logo-fma.png\",\"width\":214,\"height\":55,\"caption\":\"Istituto Figlie di Maria Ausiliatrice\"},\"image\":{\"@id\":\"https:\\\/\\\/www.cgfmanet.org\\\/es\\\/#\\\/schema\\\/logo\\\/image\\\/\"},\"sameAs\":[\"https:\\\/\\\/www.facebook.com\\\/salesian.sisters.of.don.bosco\\\/\",\"https:\\\/\\\/x.com\\\/Cgfmanet_Org\",\"https:\\\/\\\/www.youtube.com\\\/channel\\\/UCmcr8yFQBV7JXeXVxyV9y5Q\"]},{\"@type\":\"Person\",\"@id\":\"https:\\\/\\\/www.cgfmanet.org\\\/es\\\/#\\\/schema\\\/person\\\/ce6473083f53ef0ef882cca23f0c8fb9\",\"name\":\"Redazione\"}]}<\/script>\n<!-- \/ Yoast SEO plugin. -->","yoast_head_json":{"title":"A Paz come\u00e7a com a Dignidade &#8226; Istituto Figlie di Maria Ausiliatrice","description":"A participa\u00e7\u00e3o do \u00c2mbito da Pastoral Juvenil do Instituto das FMA nos eventos organizados por Talitha Kum para o 12\u00ba Dia Internacional de Ora\u00e7\u00e3o e Sensibiliza\u00e7\u00e3o contra o Tr\u00e1fico de Pessoas.","robots":{"index":"index","follow":"follow","max-snippet":"max-snippet:-1","max-image-preview":"max-image-preview:large","max-video-preview":"max-video-preview:-1"},"canonical":"https:\/\/www.cgfmanet.org\/pt-pt\/infosfera-pt-pt\/a-paz-comeca-com-a-dignidade\/","og_locale":"pt_PT","og_type":"article","og_title":"A Paz come\u00e7a com a Dignidade &#8226; Istituto Figlie di Maria Ausiliatrice","og_description":"A participa\u00e7\u00e3o do \u00c2mbito da Pastoral Juvenil do Instituto das FMA nos eventos organizados por Talitha Kum para o 12\u00ba Dia Internacional de Ora\u00e7\u00e3o e Sensibiliza\u00e7\u00e3o contra o Tr\u00e1fico de Pessoas.","og_url":"https:\/\/www.cgfmanet.org\/pt-pt\/infosfera-pt-pt\/a-paz-comeca-com-a-dignidade\/","og_site_name":"Istituto Figlie di Maria Ausiliatrice","article_publisher":"https:\/\/www.facebook.com\/salesian.sisters.of.don.bosco\/","article_published_time":"2026-02-10T09:41:55+00:00","article_modified_time":"2026-02-11T20:29:45+00:00","og_image":[{"width":1280,"height":853,"url":"https:\/\/www.cgfmanet.org\/wp-content\/uploads\/2026\/02\/Eventi-Giornata-Tratta-2026.jpg","type":"image\/jpeg"}],"author":"Redazione","twitter_card":"summary_large_image","twitter_creator":"@Cgfmanet_Org","twitter_site":"@Cgfmanet_Org","twitter_misc":{"Escrito por":"Redazione","Tempo estimado de leitura":"6 minutos"},"schema":{"@context":"https:\/\/schema.org","@graph":[{"@type":"Article","@id":"https:\/\/www.cgfmanet.org\/pt-pt\/infosfera-pt-pt\/a-paz-comeca-com-a-dignidade\/#article","isPartOf":{"@id":"https:\/\/www.cgfmanet.org\/pt-pt\/infosfera-pt-pt\/a-paz-comeca-com-a-dignidade\/"},"author":{"name":"Redazione","@id":"https:\/\/www.cgfmanet.org\/es\/#\/schema\/person\/ce6473083f53ef0ef882cca23f0c8fb9"},"headline":"A Paz come\u00e7a com a Dignidade","datePublished":"2026-02-10T09:41:55+00:00","dateModified":"2026-02-11T20:29:45+00:00","mainEntityOfPage":{"@id":"https:\/\/www.cgfmanet.org\/pt-pt\/infosfera-pt-pt\/a-paz-comeca-com-a-dignidade\/"},"wordCount":1125,"commentCount":0,"publisher":{"@id":"https:\/\/www.cgfmanet.org\/es\/#organization"},"image":{"@id":"https:\/\/www.cgfmanet.org\/pt-pt\/infosfera-pt-pt\/a-paz-comeca-com-a-dignidade\/#primaryimage"},"thumbnailUrl":"https:\/\/www.cgfmanet.org\/wp-content\/uploads\/2026\/02\/Eventi-Giornata-Tratta-2026.jpg","keywords":["Promo\u00e7\u00e3o da mulher","Pastoral Juvenil","UISG","Focus","Solidariet\u00e0","Preghiera","Papa Le\u00e3o XIV"],"articleSection":["Infosfera","Direitos Humanos"],"inLanguage":"pt-PT","potentialAction":[{"@type":"CommentAction","name":"Comment","target":["https:\/\/www.cgfmanet.org\/pt-pt\/infosfera-pt-pt\/a-paz-comeca-com-a-dignidade\/#respond"]}]},{"@type":"WebPage","@id":"https:\/\/www.cgfmanet.org\/pt-pt\/infosfera-pt-pt\/a-paz-comeca-com-a-dignidade\/","url":"https:\/\/www.cgfmanet.org\/pt-pt\/infosfera-pt-pt\/a-paz-comeca-com-a-dignidade\/","name":"A Paz come\u00e7a com a Dignidade &#8226; Istituto Figlie di Maria Ausiliatrice","isPartOf":{"@id":"https:\/\/www.cgfmanet.org\/es\/#website"},"primaryImageOfPage":{"@id":"https:\/\/www.cgfmanet.org\/pt-pt\/infosfera-pt-pt\/a-paz-comeca-com-a-dignidade\/#primaryimage"},"image":{"@id":"https:\/\/www.cgfmanet.org\/pt-pt\/infosfera-pt-pt\/a-paz-comeca-com-a-dignidade\/#primaryimage"},"thumbnailUrl":"https:\/\/www.cgfmanet.org\/wp-content\/uploads\/2026\/02\/Eventi-Giornata-Tratta-2026.jpg","datePublished":"2026-02-10T09:41:55+00:00","dateModified":"2026-02-11T20:29:45+00:00","description":"A participa\u00e7\u00e3o do \u00c2mbito da Pastoral Juvenil do Instituto das FMA nos eventos organizados por Talitha Kum para o 12\u00ba Dia Internacional de Ora\u00e7\u00e3o e Sensibiliza\u00e7\u00e3o contra o Tr\u00e1fico de Pessoas.","breadcrumb":{"@id":"https:\/\/www.cgfmanet.org\/pt-pt\/infosfera-pt-pt\/a-paz-comeca-com-a-dignidade\/#breadcrumb"},"inLanguage":"pt-PT","potentialAction":[{"@type":"ReadAction","target":["https:\/\/www.cgfmanet.org\/pt-pt\/infosfera-pt-pt\/a-paz-comeca-com-a-dignidade\/"]}]},{"@type":"ImageObject","inLanguage":"pt-PT","@id":"https:\/\/www.cgfmanet.org\/pt-pt\/infosfera-pt-pt\/a-paz-comeca-com-a-dignidade\/#primaryimage","url":"https:\/\/www.cgfmanet.org\/wp-content\/uploads\/2026\/02\/Eventi-Giornata-Tratta-2026.jpg","contentUrl":"https:\/\/www.cgfmanet.org\/wp-content\/uploads\/2026\/02\/Eventi-Giornata-Tratta-2026.jpg","width":1280,"height":853},{"@type":"BreadcrumbList","@id":"https:\/\/www.cgfmanet.org\/pt-pt\/infosfera-pt-pt\/a-paz-comeca-com-a-dignidade\/#breadcrumb","itemListElement":[{"@type":"ListItem","position":1,"name":"Home","item":"https:\/\/www.cgfmanet.org\/pt-pt\/"},{"@type":"ListItem","position":2,"name":"A Paz come\u00e7a com a Dignidade"}]},{"@type":"WebSite","@id":"https:\/\/www.cgfmanet.org\/es\/#website","url":"https:\/\/www.cgfmanet.org\/es\/","name":"Istituto Figlie di Maria Ausiliatrice","description":"Salesiane di Don Bosco","publisher":{"@id":"https:\/\/www.cgfmanet.org\/es\/#organization"},"potentialAction":[{"@type":"SearchAction","target":{"@type":"EntryPoint","urlTemplate":"https:\/\/www.cgfmanet.org\/es\/?s={search_term_string}"},"query-input":{"@type":"PropertyValueSpecification","valueRequired":true,"valueName":"search_term_string"}}],"inLanguage":"pt-PT"},{"@type":"Organization","@id":"https:\/\/www.cgfmanet.org\/es\/#organization","name":"Istituto Figlie di Maria Ausiliatrice","url":"https:\/\/www.cgfmanet.org\/es\/","logo":{"@type":"ImageObject","inLanguage":"pt-PT","@id":"https:\/\/www.cgfmanet.org\/es\/#\/schema\/logo\/image\/","url":"https:\/\/www.cgfmanet.org\/wp-content\/uploads\/2018\/10\/logo-fma.png","contentUrl":"https:\/\/www.cgfmanet.org\/wp-content\/uploads\/2018\/10\/logo-fma.png","width":214,"height":55,"caption":"Istituto Figlie di Maria Ausiliatrice"},"image":{"@id":"https:\/\/www.cgfmanet.org\/es\/#\/schema\/logo\/image\/"},"sameAs":["https:\/\/www.facebook.com\/salesian.sisters.of.don.bosco\/","https:\/\/x.com\/Cgfmanet_Org","https:\/\/www.youtube.com\/channel\/UCmcr8yFQBV7JXeXVxyV9y5Q"]},{"@type":"Person","@id":"https:\/\/www.cgfmanet.org\/es\/#\/schema\/person\/ce6473083f53ef0ef882cca23f0c8fb9","name":"Redazione"}]}},"_links":{"self":[{"href":"https:\/\/www.cgfmanet.org\/pt-pt\/wp-json\/wp\/v2\/posts\/153128","targetHints":{"allow":["GET"]}}],"collection":[{"href":"https:\/\/www.cgfmanet.org\/pt-pt\/wp-json\/wp\/v2\/posts"}],"about":[{"href":"https:\/\/www.cgfmanet.org\/pt-pt\/wp-json\/wp\/v2\/types\/post"}],"author":[{"embeddable":true,"href":"https:\/\/www.cgfmanet.org\/pt-pt\/wp-json\/wp\/v2\/users\/21"}],"replies":[{"embeddable":true,"href":"https:\/\/www.cgfmanet.org\/pt-pt\/wp-json\/wp\/v2\/comments?post=153128"}],"version-history":[{"count":2,"href":"https:\/\/www.cgfmanet.org\/pt-pt\/wp-json\/wp\/v2\/posts\/153128\/revisions"}],"predecessor-version":[{"id":153150,"href":"https:\/\/www.cgfmanet.org\/pt-pt\/wp-json\/wp\/v2\/posts\/153128\/revisions\/153150"}],"wp:featuredmedia":[{"embeddable":true,"href":"https:\/\/www.cgfmanet.org\/pt-pt\/wp-json\/wp\/v2\/media\/153123"}],"wp:attachment":[{"href":"https:\/\/www.cgfmanet.org\/pt-pt\/wp-json\/wp\/v2\/media?parent=153128"}],"wp:term":[{"taxonomy":"category","embeddable":true,"href":"https:\/\/www.cgfmanet.org\/pt-pt\/wp-json\/wp\/v2\/categories?post=153128"},{"taxonomy":"post_tag","embeddable":true,"href":"https:\/\/www.cgfmanet.org\/pt-pt\/wp-json\/wp\/v2\/tags?post=153128"}],"curies":[{"name":"wp","href":"https:\/\/api.w.org\/{rel}","templated":true}]}}