{"id":150421,"date":"2026-01-06T23:11:46","date_gmt":"2026-01-06T22:11:46","guid":{"rendered":"https:\/\/www.cgfmanet.org\/infosfera-pt-pt\/capodanno-di-taize-a-parigi-le-fma-accolgono-i-giovani\/"},"modified":"2026-01-10T22:52:54","modified_gmt":"2026-01-10T21:52:54","slug":"inicio-do-ano-de-taize-em-paris-as-fma-acolhem-os-jovens","status":"publish","type":"post","link":"https:\/\/www.cgfmanet.org\/pt-pt\/infosfera-pt-pt\/igreja\/inicio-do-ano-de-taize-em-paris-as-fma-acolhem-os-jovens\/","title":{"rendered":"In\u00edcio do Ano de Taiz\u00e9, em Paris as FMA acolhem os Jovens"},"content":{"rendered":"<p><strong>Paris (Fran\u00e7a). <\/strong>De 28 de dezembro a 1 de janeiro de 2026, como todos os anos desde 1978, a \u00abPeregrina\u00e7\u00e3o de Confian\u00e7a na Terra\u00bb organizada pela Comunidade Ecum\u00e9nica de Taiz\u00e9. 15 000 jovens de toda a Europa reuniram-se assim em Paris para celebrar a passagem para o novo ano e viver o <strong><span style=\"color: #0000ff;\"><a style=\"color: #0000ff;\" href=\"https:\/\/www.taize.fr\/en\/parigi-2025-26\/it\" target=\"_blank\" rel=\"noopener\">48\u00b0encontro europeu de <\/a><\/span><\/strong><strong><span style=\"color: #0000ff;\"><a style=\"color: #0000ff;\" href=\"https:\/\/www.taize.fr\/en\/parigi-2025-26\/it\" target=\"_blank\" rel=\"noopener\">Taiz\u00e9<\/a><\/span><\/strong>.<\/p>\n<p>As par\u00f3quias da capital e da \u00cele-de-France mobilizaram-se para acolher todos estes jovens, e tamb\u00e9m as par\u00f3quias salesianas de Paris e Argenteuil abriram as suas portas. Assim, 80 jovens foram acolhidos pelas fam\u00edlias da par\u00f3quia de <em>S\u00e3o Jo\u00e3o Bosco<\/em> e 68 em Argenteuil. V\u00e1rios jovens do Movimento Juvenil Salesiano (MJS) chegaram \u00e0 capital para refor\u00e7ar o coro ou para ajudar na log\u00edstica, a fim de acolher todos da melhor forma poss\u00edvel.<\/p>\n<p><strong>Em Paris na sede da Inspetoria <\/strong><em><strong>Notre-Dame des Nations<\/strong><\/em><strong> (FRB), as Filhas de Maria Auxiliadora acolheram 13 jovens<\/strong>: quatro da Eslov\u00e9nia, seis da Ucr\u00e2nia que atualmente residem na Alemanha, um de Portugal e dois jovens do MJS da Fran\u00e7a. O tempo passado juntos \u00e0 noite, ou pela manh\u00e3, permitiu \u00e0s FMA conhecer melhor e descobrir as realidades vividas pelos jovens de outros pa\u00edses.<\/p>\n<p>Pol\u00f3nia, Ucr\u00e2nia, Noruega, Portugal, It\u00e1lia, Alemanha&#8230; Havia muitas nacionalidades representadas! Para nos entendermos, o ingl\u00eas era muito \u00fatil, mas quando se tratava de cantar, o dom das l\u00ednguas parecia manifestar-se em cada um, descobrindo a capacidade de lidar com \u00abV tebi je izvir \u017eivljenja\u00bb (esloveno), \u00abBeh\u00fcte mich, Gott\u00bb (alem\u00e3o) ou \u00abB\u00f3g jest mi\u0142o\u015bci\u0105\u00bb (polaco). E o sil\u00eancio prolongado durante os tr\u00eas momentos de ora\u00e7\u00e3o di\u00e1rios permitia que a Palavra de Deus se difundisse pelos cora\u00e7\u00f5es.<\/p>\n<p>A diversidade dos locais de ora\u00e7\u00e3o tamb\u00e9m proporcionou uma experi\u00eancia marcante: pela manh\u00e3, a ora\u00e7\u00e3o era realizada na par\u00f3quia, num ambiente mais familiar. Ao meio-dia, desloc\u00e1vamo-nos para as grandes igrejas de Paris, tornando-nos sinal e portadores de paz para os turistas e parisienses. E reunir-nos para a ora\u00e7\u00e3o da tarde na Accor Arena de Bercy foi um forte sinal de unidade para todos.<\/p>\n<p>Na noite entre 31 de dezembro e 1\u00ba de janeiro, uma ora\u00e7\u00e3o pela paz proposta em v\u00e1rias par\u00f3quias foi ocasi\u00e3o para estender ao mundo essa forte experi\u00eancia de unidade, simplicidade e fraternidade.<\/p>\n<p>Alguns testemunhos dos jovens:<\/p>\n<p><em>\u00abA nossa experi\u00eancia do encontro de Taiz\u00e9 e com os Salesianos foi verdadeiramente maravilhosa. A Fam\u00edlia Salesiana acolheu-nos como se j\u00e1 fiz\u00e9ssemos parte da sua fam\u00edlia. Foram cordiais, abertos e atenciosos em todas as circunst\u00e2ncias, e encarnam verdadeiramente o sentido de uma comunidade acolhedora e inclusiva\u00bb. <\/em><em>(Ana, Noruega)<\/em><\/p>\n<p><em>\u00a0\u201cO evento de Taiz\u00e9 foi verdadeiramente revelador para mim. Durante o tempo que passei em Paris, descobri novas perspetivas sobre o cristianismo, representadas por diferentes na\u00e7\u00f5es e culturas. As ora\u00e7\u00f5es multilingues e os encontros nos grupos de partilha permitiram-me aprofundar a compreens\u00e3o da minha f\u00e9, mostrando-me diferentes pontos de vista sobre alguns temas. Tamb\u00e9m me permitiram fazer amizades com pessoas de outras regi\u00f5es da Europa. Mais importante ainda, aprendi que o \u00fanico caminho para a unidade passa pela aceita\u00e7\u00e3o da diversidade\u201d. (Joachim, Pol\u00f3nia)<\/em><\/p>\n<p><em>\u00a0\u201cTr\u00eas amigas minhas e eu decidimos participar do Encontro Europeu de Taiz\u00e9 em Paris. Foi a primeira vez para todas n\u00f3s e estamos muito felizes por termos ido. Toda a experi\u00eancia foi \u00fanica e cada dia nos trouxe algo novo. Entre os momentos mais marcantes, guardaremos na nossa mem\u00f3ria as ora\u00e7\u00f5es partilhadas em diferentes igrejas, assim como na nossa par\u00f3quia, onde pudemos conhecer pessoas de diferentes pa\u00edses. Tamb\u00e9m celebramos o Ano Novo na nossa par\u00f3quia, aguardando a chegada do novo ano em ora\u00e7\u00e3o e em sil\u00eancio com Jesus. Estamos muito gratas por esta experi\u00eancia e, acima de tudo, pela hospitalidade da par\u00f3quia e de todos os seus membros, incluindo as Irm\u00e3s que nos receberam em sua casa com sorrisos e conversas enriquecedoras\u201d. <\/em><em>(Zala, Eslov\u00e9nia)<\/em><\/p>\n<p><em>\u00a0\u201cPara o meu primeiro encontro europeu de Taiz\u00e9, Paris, a cidade onde estudei, foi a ocasi\u00e3o perfeita para participar. Recebi cerca de 80 jovens de 13 pa\u00edses na minha par\u00f3quia adotiva, S\u00e3o Jo\u00e3o Bosco. Participei na anima\u00e7\u00e3o dos momentos de ora\u00e7\u00e3o matinal, procurando cantar da forma mais correta poss\u00edvel os c\u00e2nticos de Taiz\u00e9. Al\u00e9m deste servi\u00e7o, pude participar nos momentos de partilha em fraternidade e nos workshops. O encontro ocorreu a v\u00e1rios n\u00edveis: entre jovens de diferentes pa\u00edses, mas tamb\u00e9m entre crist\u00e3os de diferentes Igrejas. Uma oportunidade rara de viver o ecumenismo em grande escala! Entre risos e reflex\u00f5es, entre ora\u00e7\u00e3o e partilha, entre momentos em pequenos grupos e encontros de 15 000 pessoas em Bercy, encontrei um verdadeiro equil\u00edbrio nestes quatro dias. Trouxe-me serenidade, mas tamb\u00e9m grande alegria. Saio daqui com in\u00fameras perspetivas de compromisso, gra\u00e7as ao encontro com muitas associa\u00e7\u00f5es cuja a\u00e7\u00e3o tem um grande significado para mim, e com o desejo renovado de ser uma jovem crente, ativa no mundo e sustentada pela sua f\u00e9! Obrigada a todos os organizadores, voc\u00eas d\u00e3o-nos for\u00e7a! (Th\u00e9a, Fran\u00e7a)<\/em><\/p>\n<p><em>&#8220;Eu e os meus amigos fomos acolhidos pela par\u00f3quia de S\u00e3o Jo\u00e3o Bosco. Recebemos uma hospitalidade incr\u00edvel e conhecemos pessoas muito gentis e admir\u00e1veis. Derrub\u00e1mos as barreiras culturais que nos separam para criar um grupo heterog\u00e9neo, mas unido. Do ponto de vista espiritual, Taiz\u00e9 abriu-nos as portas para uma forma diferente de viver a religi\u00e3o, muito introspetiva. A troca em pequenos grupos de reflex\u00e3o permitiu-nos descobrir muitos pontos de vista e abordagens \u00e0 religi\u00e3o, o que foi muito estimulante. Esperamos rever em \u0141\u00f3d\u017a as pessoas que conhecemos este ano!\u00bb (Silvia, It\u00e1lia)<\/em><\/p>\n<p><em>\u201cDurante o Encontro Europeu de Taiz\u00e9 em Paris, fui acolhida pela comunidade das Salesianas, que me hospedaram em sua casa. Desde o primeiro momento, senti-me acolhida com grande simplicidade e cordialidade. Atrav\u00e9s de pequenos gestos quotidianos, como refei\u00e7\u00f5es partilhadas, di\u00e1logo e disponibilidade para escutar, pude experimentar uma forma concreta do Evangelho vivido. Esta experi\u00eancia de hospitalidade n\u00e3o foi apenas um apoio pr\u00e1tico, mas tamb\u00e9m um sinal profundo de comunh\u00e3o, capaz de superar diferen\u00e7as de l\u00edngua, cultura e origem. <strong>Num contexto europeu frequentemente marcado pela dist\u00e2ncia e pelo individualismo, a experi\u00eancia de Taiz\u00e9 recorda que o encontro com o outro \u00e9 poss\u00edvel e necess\u00e1rio. A hospitalidade torna-se assim um testemunho vivo de esperan\u00e7a, capaz de construir pontes e renovar a confian\u00e7a numa Igreja e numa Europa mais abertas, solid\u00e1rias e fraternas\u201d.<\/strong> <\/em><em>(Maria, Portugal)<\/em><\/p>\n\r\n                <style type=\"text\/css\">\r\n                    \r\n                    #tdi_1  .td-doubleSlider-2 .td-item1 {\r\n                        background: url(https:\/\/www.cgfmanet.org\/wp-content\/uploads\/2026\/01\/Taize-Parigi_3-80x60.jpg) 0 0 no-repeat;\r\n                    }\r\n                    #tdi_1  .td-doubleSlider-2 .td-item2 {\r\n                        background: url(https:\/\/www.cgfmanet.org\/wp-content\/uploads\/2026\/01\/Taize-Parigi_1-80x60.jpg) 0 0 no-repeat;\r\n                    }\r\n                    #tdi_1  .td-doubleSlider-2 .td-item3 {\r\n                        background: url(https:\/\/www.cgfmanet.org\/wp-content\/uploads\/2026\/01\/Taize-Parigi_2-80x60.jpg) 0 0 no-repeat;\r\n                    }\r\n                    #tdi_1  .td-doubleSlider-2 .td-item4 {\r\n                        background: url(https:\/\/www.cgfmanet.org\/wp-content\/uploads\/2026\/01\/Taize-Parigi_4-80x60.jpg) 0 0 no-repeat;\r\n                    }\r\n                    #tdi_1  .td-doubleSlider-2 .td-item5 {\r\n                        background: url(https:\/\/www.cgfmanet.org\/wp-content\/uploads\/2026\/01\/Taize-Parigi_6-80x60.jpg) 0 0 no-repeat;\r\n                    }\r\n                    #tdi_1  .td-doubleSlider-2 .td-item6 {\r\n                        background: url(https:\/\/www.cgfmanet.org\/wp-content\/uploads\/2026\/01\/Taize-Parigi_5-80x60.jpg) 0 0 no-repeat;\r\n                    }\r\n                <\/style>\r\n\r\n                <div id=\"tdi_1\" class=\"td-gallery td-slide-on-2-columns\">\r\n                    <div class=\"post_td_gallery\">\r\n                        <div class=\"td-gallery-slide-top\">\r\n                           <div class=\"td-gallery-title\"><\/div>\r\n\r\n                            <div class=\"td-gallery-controls-wrapper\">\r\n                                <div class=\"td-gallery-slide-count\"><span class=\"td-gallery-slide-item-focus\">1<\/span> do 6<\/div>\r\n                                <div class=\"td-gallery-slide-prev-next-but\">\r\n                                    <i class = \"td-icon-left doubleSliderPrevButton\"><\/i>\r\n                                    <i class = \"td-icon-right doubleSliderNextButton\"><\/i>\r\n                                <\/div>\r\n                            <\/div>\r\n                        <\/div>\r\n\r\n                        <div class = \"td-doubleSlider-1 \">\r\n                            <div class = \"td-slider\">\r\n                                \r\n                    <div class = \"td-slide-item td-item1\">\r\n                        <figure class=\"td-slide-galery-figure td-slide-popup-gallery\">\r\n                            <a class=\"slide-gallery-image-link\" href=\"https:\/\/www.cgfmanet.org\/wp-content\/uploads\/2026\/01\/Taize-Parigi_3.jpg\" title=\"Taiz\u00e9 Parigi_3\"  data-caption=\"\"  data-description=\"\">\r\n                                <img decoding=\"async\" data-src=\"https:\/\/www.cgfmanet.org\/wp-content\/uploads\/2026\/01\/Taize-Parigi_3-630x420.jpg\" data-srcset=\"https:\/\/www.cgfmanet.org\/wp-content\/uploads\/2026\/01\/Taize-Parigi_3-630x420.jpg 630w, https:\/\/www.cgfmanet.org\/wp-content\/uploads\/2026\/01\/Taize-Parigi_3-768x512.jpg 768w, https:\/\/www.cgfmanet.org\/wp-content\/uploads\/2026\/01\/Taize-Parigi_3-1536x1024.jpg 1536w, https:\/\/www.cgfmanet.org\/wp-content\/uploads\/2026\/01\/Taize-Parigi_3-696x464.jpg 696w, https:\/\/www.cgfmanet.org\/wp-content\/uploads\/2026\/01\/Taize-Parigi_3.jpg 1600w\" data-sizes=\"auto\" alt=\"\" src=\"data:image\/svg+xml;base64,PHN2ZyB3aWR0aD0iMSIgaGVpZ2h0PSIxIiB4bWxucz0iaHR0cDovL3d3dy53My5vcmcvMjAwMC9zdmciPjwvc3ZnPg==\" class=\"lazyload\" style=\"--smush-placeholder-width: 630px; --smush-placeholder-aspect-ratio: 630\/420;\" data-original-sizes=\"(max-width: 630px) 100vw, 630px\">\r\n                            <\/a>\r\n                            \r\n                        <\/figure>\r\n                    <\/div>\r\n                    <div class = \"td-slide-item td-item2\">\r\n                        <figure class=\"td-slide-galery-figure td-slide-popup-gallery\">\r\n                            <a class=\"slide-gallery-image-link\" href=\"https:\/\/www.cgfmanet.org\/wp-content\/uploads\/2026\/01\/Taize-Parigi_1.jpg\" title=\"Taiz\u00e9 Parigi_1\"  data-caption=\"\"  data-description=\"\">\r\n                                <img decoding=\"async\" data-src=\"https:\/\/www.cgfmanet.org\/wp-content\/uploads\/2026\/01\/Taize-Parigi_1-630x420.jpg\" data-srcset=\"https:\/\/www.cgfmanet.org\/wp-content\/uploads\/2026\/01\/Taize-Parigi_1-630x420.jpg 630w, https:\/\/www.cgfmanet.org\/wp-content\/uploads\/2026\/01\/Taize-Parigi_1-768x512.jpg 768w, https:\/\/www.cgfmanet.org\/wp-content\/uploads\/2026\/01\/Taize-Parigi_1-696x464.jpg 696w, https:\/\/www.cgfmanet.org\/wp-content\/uploads\/2026\/01\/Taize-Parigi_1.jpg 1181w\" data-sizes=\"auto\" alt=\"\" src=\"data:image\/svg+xml;base64,PHN2ZyB3aWR0aD0iMSIgaGVpZ2h0PSIxIiB4bWxucz0iaHR0cDovL3d3dy53My5vcmcvMjAwMC9zdmciPjwvc3ZnPg==\" class=\"lazyload\" style=\"--smush-placeholder-width: 630px; --smush-placeholder-aspect-ratio: 630\/420;\" data-original-sizes=\"(max-width: 630px) 100vw, 630px\">\r\n                            <\/a>\r\n                            \r\n                        <\/figure>\r\n                    <\/div>\r\n                    <div class = \"td-slide-item td-item3\">\r\n                        <figure class=\"td-slide-galery-figure td-slide-popup-gallery\">\r\n                            <a class=\"slide-gallery-image-link\" href=\"https:\/\/www.cgfmanet.org\/wp-content\/uploads\/2026\/01\/Taize-Parigi_2.jpg\" title=\"Taiz\u00e9 Parigi_2\"  data-caption=\"\"  data-description=\"\">\r\n                                <img decoding=\"async\" data-src=\"https:\/\/www.cgfmanet.org\/wp-content\/uploads\/2026\/01\/Taize-Parigi_2-630x420.jpg\" data-srcset=\"https:\/\/www.cgfmanet.org\/wp-content\/uploads\/2026\/01\/Taize-Parigi_2-630x420.jpg 630w, https:\/\/www.cgfmanet.org\/wp-content\/uploads\/2026\/01\/Taize-Parigi_2-768x512.jpg 768w, https:\/\/www.cgfmanet.org\/wp-content\/uploads\/2026\/01\/Taize-Parigi_2-1536x1024.jpg 1536w, https:\/\/www.cgfmanet.org\/wp-content\/uploads\/2026\/01\/Taize-Parigi_2-696x464.jpg 696w, https:\/\/www.cgfmanet.org\/wp-content\/uploads\/2026\/01\/Taize-Parigi_2.jpg 1575w\" data-sizes=\"auto\" alt=\"\" src=\"data:image\/svg+xml;base64,PHN2ZyB3aWR0aD0iMSIgaGVpZ2h0PSIxIiB4bWxucz0iaHR0cDovL3d3dy53My5vcmcvMjAwMC9zdmciPjwvc3ZnPg==\" class=\"lazyload\" style=\"--smush-placeholder-width: 630px; --smush-placeholder-aspect-ratio: 630\/420;\" data-original-sizes=\"(max-width: 630px) 100vw, 630px\">\r\n                            <\/a>\r\n                            \r\n                        <\/figure>\r\n                    <\/div>\r\n                    <div class = \"td-slide-item td-item4\">\r\n                        <figure class=\"td-slide-galery-figure td-slide-popup-gallery\">\r\n                            <a class=\"slide-gallery-image-link\" href=\"https:\/\/www.cgfmanet.org\/wp-content\/uploads\/2026\/01\/Taize-Parigi_4.jpg\" title=\"Taiz\u00e9 Parigi_4\"  data-caption=\"\"  data-description=\"\">\r\n                                <img decoding=\"async\" data-src=\"https:\/\/www.cgfmanet.org\/wp-content\/uploads\/2026\/01\/Taize-Parigi_4-354x420.jpg\" data-srcset=\"https:\/\/www.cgfmanet.org\/wp-content\/uploads\/2026\/01\/Taize-Parigi_4-354x420.jpg 354w, https:\/\/www.cgfmanet.org\/wp-content\/uploads\/2026\/01\/Taize-Parigi_4-768x911.jpg 768w, https:\/\/www.cgfmanet.org\/wp-content\/uploads\/2026\/01\/Taize-Parigi_4-696x826.jpg 696w, https:\/\/www.cgfmanet.org\/wp-content\/uploads\/2026\/01\/Taize-Parigi_4.jpg 1200w\" data-sizes=\"auto\" alt=\"\" src=\"data:image\/svg+xml;base64,PHN2ZyB3aWR0aD0iMSIgaGVpZ2h0PSIxIiB4bWxucz0iaHR0cDovL3d3dy53My5vcmcvMjAwMC9zdmciPjwvc3ZnPg==\" class=\"lazyload\" style=\"--smush-placeholder-width: 354px; --smush-placeholder-aspect-ratio: 354\/420;\" data-original-sizes=\"(max-width: 354px) 100vw, 354px\">\r\n                            <\/a>\r\n                            \r\n                        <\/figure>\r\n                    <\/div>\r\n                    <div class = \"td-slide-item td-item5\">\r\n                        <figure class=\"td-slide-galery-figure td-slide-popup-gallery\">\r\n                            <a class=\"slide-gallery-image-link\" href=\"https:\/\/www.cgfmanet.org\/wp-content\/uploads\/2026\/01\/Taize-Parigi_6.jpg\" title=\"Taiz\u00e9 Parigi_6\"  data-caption=\"\"  data-description=\"\">\r\n                                <img decoding=\"async\" data-src=\"https:\/\/www.cgfmanet.org\/wp-content\/uploads\/2026\/01\/Taize-Parigi_6-630x420.jpg\" data-srcset=\"https:\/\/www.cgfmanet.org\/wp-content\/uploads\/2026\/01\/Taize-Parigi_6-630x420.jpg 630w, https:\/\/www.cgfmanet.org\/wp-content\/uploads\/2026\/01\/Taize-Parigi_6-768x512.jpg 768w, https:\/\/www.cgfmanet.org\/wp-content\/uploads\/2026\/01\/Taize-Parigi_6-696x464.jpg 696w, https:\/\/www.cgfmanet.org\/wp-content\/uploads\/2026\/01\/Taize-Parigi_6.jpg 1536w\" data-sizes=\"auto\" alt=\"\" src=\"data:image\/svg+xml;base64,PHN2ZyB3aWR0aD0iMSIgaGVpZ2h0PSIxIiB4bWxucz0iaHR0cDovL3d3dy53My5vcmcvMjAwMC9zdmciPjwvc3ZnPg==\" class=\"lazyload\" style=\"--smush-placeholder-width: 630px; --smush-placeholder-aspect-ratio: 630\/420;\" data-original-sizes=\"(max-width: 630px) 100vw, 630px\">\r\n                            <\/a>\r\n                            \r\n                        <\/figure>\r\n                    <\/div>\r\n                    <div class = \"td-slide-item td-item6\">\r\n                        <figure class=\"td-slide-galery-figure td-slide-popup-gallery\">\r\n                            <a class=\"slide-gallery-image-link\" href=\"https:\/\/www.cgfmanet.org\/wp-content\/uploads\/2026\/01\/Taize-Parigi_5.jpg\" title=\"Taiz\u00e9 Parigi_5\"  data-caption=\"\"  data-description=\"\">\r\n                                <img decoding=\"async\" data-src=\"https:\/\/www.cgfmanet.org\/wp-content\/uploads\/2026\/01\/Taize-Parigi_5-334x420.jpg\" data-srcset=\"https:\/\/www.cgfmanet.org\/wp-content\/uploads\/2026\/01\/Taize-Parigi_5-334x420.jpg 334w, https:\/\/www.cgfmanet.org\/wp-content\/uploads\/2026\/01\/Taize-Parigi_5-768x967.jpg 768w, https:\/\/www.cgfmanet.org\/wp-content\/uploads\/2026\/01\/Taize-Parigi_5-696x876.jpg 696w, https:\/\/www.cgfmanet.org\/wp-content\/uploads\/2026\/01\/Taize-Parigi_5.jpg 1200w\" data-sizes=\"auto\" alt=\"\" src=\"data:image\/svg+xml;base64,PHN2ZyB3aWR0aD0iMSIgaGVpZ2h0PSIxIiB4bWxucz0iaHR0cDovL3d3dy53My5vcmcvMjAwMC9zdmciPjwvc3ZnPg==\" class=\"lazyload\" style=\"--smush-placeholder-width: 334px; --smush-placeholder-aspect-ratio: 334\/420;\" data-original-sizes=\"(max-width: 334px) 100vw, 334px\">\r\n                            <\/a>\r\n                            \r\n                        <\/figure>\r\n                    <\/div>\r\n                            <\/div>\r\n                        <\/div>\r\n\r\n                        <div class = \"td-doubleSlider-2\">\r\n                            <div class = \"td-slider\">\r\n                                \r\n                    <div class = \"td-button td-item1\">\r\n                        <div class = \"td-border\"><\/div>\r\n                    <\/div>\r\n                    <div class = \"td-button td-item2\">\r\n                        <div class = \"td-border\"><\/div>\r\n                    <\/div>\r\n                    <div class = \"td-button td-item3\">\r\n                        <div class = \"td-border\"><\/div>\r\n                    <\/div>\r\n                    <div class = \"td-button td-item4\">\r\n                        <div class = \"td-border\"><\/div>\r\n                    <\/div>\r\n                    <div class = \"td-button td-item5\">\r\n                        <div class = \"td-border\"><\/div>\r\n                    <\/div>\r\n                    <div class = \"td-button td-item6\">\r\n                        <div class = \"td-border\"><\/div>\r\n                    <\/div>\r\n                            <\/div>\r\n                        <\/div>\r\n\r\n                    <\/div>\r\n\r\n                <\/div>\r\n                \n","protected":false},"excerpt":{"rendered":"<p>Paris (Fran\u00e7a). De 28 de dezembro a 1 de janeiro de 2026, como todos os anos desde 1978, a \u00abPeregrina\u00e7\u00e3o de Confian\u00e7a na Terra\u00bb organizada pela Comunidade Ecum\u00e9nica de Taiz\u00e9. [&hellip;]<\/p>\n","protected":false},"author":21,"featured_media":150416,"comment_status":"open","ping_status":"closed","sticky":false,"template":"","format":"standard","meta":{"footnotes":""},"categories":[38,189],"tags":[338,1146,1777,1930,2066,2424],"class_list":["post-150421","post","type-post","status-publish","format-standard","has-post-thumbnail","category-infosfera-pt-pt","category-igreja","tag-jovens","tag-frb-pt-pt","tag-familia-salesiana","tag-focus-pt-pt","tag-ecumenismo-pt-pt","tag-mgs-pt-pt"],"yoast_head":"<!-- This site is optimized with the Yoast SEO plugin v27.4 - https:\/\/yoast.com\/product\/yoast-seo-wordpress\/ -->\n<title>In\u00edcio do Ano de Taiz\u00e9, em Paris as FMA acolhem os Jovens &#8226; Istituto Figlie di Maria Ausiliatrice<\/title>\n<meta name=\"description\" content=\"De 28 de dezembro a 1 de janeiro de 2026, as FMA da Inspetoria FRB acolheram na Casa inspetorial de Paris alguns jovens participantes do 48.\u00ba encontro europeu de Taiz\u00e9.\" \/>\n<meta name=\"robots\" content=\"index, follow, max-snippet:-1, max-image-preview:large, max-video-preview:-1\" \/>\n<link rel=\"canonical\" href=\"https:\/\/www.cgfmanet.org\/pt-pt\/infosfera-pt-pt\/igreja\/inicio-do-ano-de-taize-em-paris-as-fma-acolhem-os-jovens\/\" \/>\n<meta property=\"og:locale\" content=\"pt_PT\" \/>\n<meta property=\"og:type\" content=\"article\" \/>\n<meta property=\"og:title\" content=\"In\u00edcio do Ano de Taiz\u00e9, em Paris as FMA acolhem os Jovens &#8226; Istituto Figlie di Maria Ausiliatrice\" \/>\n<meta property=\"og:description\" content=\"De 28 de dezembro a 1 de janeiro de 2026, as FMA da Inspetoria FRB acolheram na Casa inspetorial de Paris alguns jovens participantes do 48.\u00ba encontro europeu de Taiz\u00e9.\" \/>\n<meta property=\"og:url\" content=\"https:\/\/www.cgfmanet.org\/pt-pt\/infosfera-pt-pt\/igreja\/inicio-do-ano-de-taize-em-paris-as-fma-acolhem-os-jovens\/\" \/>\n<meta property=\"og:site_name\" content=\"Istituto Figlie di Maria Ausiliatrice\" \/>\n<meta property=\"article:publisher\" content=\"https:\/\/www.facebook.com\/salesian.sisters.of.don.bosco\/\" \/>\n<meta property=\"article:published_time\" content=\"2026-01-06T22:11:46+00:00\" \/>\n<meta property=\"article:modified_time\" content=\"2026-01-10T21:52:54+00:00\" \/>\n<meta property=\"og:image\" content=\"https:\/\/www.cgfmanet.org\/wp-content\/uploads\/2026\/01\/Taize-Parigi.jpg\" \/>\n\t<meta property=\"og:image:width\" content=\"1600\" \/>\n\t<meta property=\"og:image:height\" content=\"1067\" \/>\n\t<meta property=\"og:image:type\" content=\"image\/jpeg\" \/>\n<meta name=\"author\" content=\"Redazione\" \/>\n<meta name=\"twitter:card\" content=\"summary_large_image\" \/>\n<meta name=\"twitter:creator\" content=\"@Cgfmanet_Org\" \/>\n<meta name=\"twitter:site\" content=\"@Cgfmanet_Org\" \/>\n<meta name=\"twitter:label1\" content=\"Escrito por\" \/>\n\t<meta name=\"twitter:data1\" content=\"Redazione\" \/>\n\t<meta name=\"twitter:label2\" content=\"Tempo estimado de leitura\" \/>\n\t<meta name=\"twitter:data2\" content=\"6 minutos\" \/>\n<script type=\"application\/ld+json\" class=\"yoast-schema-graph\">{\"@context\":\"https:\\\/\\\/schema.org\",\"@graph\":[{\"@type\":\"Article\",\"@id\":\"https:\\\/\\\/www.cgfmanet.org\\\/pt-pt\\\/infosfera-pt-pt\\\/igreja\\\/inicio-do-ano-de-taize-em-paris-as-fma-acolhem-os-jovens\\\/#article\",\"isPartOf\":{\"@id\":\"https:\\\/\\\/www.cgfmanet.org\\\/pt-pt\\\/infosfera-pt-pt\\\/igreja\\\/inicio-do-ano-de-taize-em-paris-as-fma-acolhem-os-jovens\\\/\"},\"author\":{\"name\":\"Redazione\",\"@id\":\"https:\\\/\\\/www.cgfmanet.org\\\/es\\\/#\\\/schema\\\/person\\\/ce6473083f53ef0ef882cca23f0c8fb9\"},\"headline\":\"In\u00edcio do Ano de Taiz\u00e9, em Paris as FMA acolhem os Jovens\",\"datePublished\":\"2026-01-06T22:11:46+00:00\",\"dateModified\":\"2026-01-10T21:52:54+00:00\",\"mainEntityOfPage\":{\"@id\":\"https:\\\/\\\/www.cgfmanet.org\\\/pt-pt\\\/infosfera-pt-pt\\\/igreja\\\/inicio-do-ano-de-taize-em-paris-as-fma-acolhem-os-jovens\\\/\"},\"wordCount\":1154,\"commentCount\":0,\"publisher\":{\"@id\":\"https:\\\/\\\/www.cgfmanet.org\\\/es\\\/#organization\"},\"image\":{\"@id\":\"https:\\\/\\\/www.cgfmanet.org\\\/pt-pt\\\/infosfera-pt-pt\\\/igreja\\\/inicio-do-ano-de-taize-em-paris-as-fma-acolhem-os-jovens\\\/#primaryimage\"},\"thumbnailUrl\":\"https:\\\/\\\/www.cgfmanet.org\\\/wp-content\\\/uploads\\\/2026\\\/01\\\/Taize-Parigi.jpg\",\"keywords\":[\"Jovens\",\"FRB\",\"Fam\u00edlia Salesiana\",\"Focus\",\"Ecumenismo\",\"MGS\"],\"articleSection\":[\"Infosfera\",\"Igreja\"],\"inLanguage\":\"pt-PT\",\"potentialAction\":[{\"@type\":\"CommentAction\",\"name\":\"Comment\",\"target\":[\"https:\\\/\\\/www.cgfmanet.org\\\/pt-pt\\\/infosfera-pt-pt\\\/igreja\\\/inicio-do-ano-de-taize-em-paris-as-fma-acolhem-os-jovens\\\/#respond\"]}]},{\"@type\":\"WebPage\",\"@id\":\"https:\\\/\\\/www.cgfmanet.org\\\/pt-pt\\\/infosfera-pt-pt\\\/igreja\\\/inicio-do-ano-de-taize-em-paris-as-fma-acolhem-os-jovens\\\/\",\"url\":\"https:\\\/\\\/www.cgfmanet.org\\\/pt-pt\\\/infosfera-pt-pt\\\/igreja\\\/inicio-do-ano-de-taize-em-paris-as-fma-acolhem-os-jovens\\\/\",\"name\":\"In\u00edcio do Ano de Taiz\u00e9, em Paris as FMA acolhem os Jovens &#8226; Istituto Figlie di Maria Ausiliatrice\",\"isPartOf\":{\"@id\":\"https:\\\/\\\/www.cgfmanet.org\\\/es\\\/#website\"},\"primaryImageOfPage\":{\"@id\":\"https:\\\/\\\/www.cgfmanet.org\\\/pt-pt\\\/infosfera-pt-pt\\\/igreja\\\/inicio-do-ano-de-taize-em-paris-as-fma-acolhem-os-jovens\\\/#primaryimage\"},\"image\":{\"@id\":\"https:\\\/\\\/www.cgfmanet.org\\\/pt-pt\\\/infosfera-pt-pt\\\/igreja\\\/inicio-do-ano-de-taize-em-paris-as-fma-acolhem-os-jovens\\\/#primaryimage\"},\"thumbnailUrl\":\"https:\\\/\\\/www.cgfmanet.org\\\/wp-content\\\/uploads\\\/2026\\\/01\\\/Taize-Parigi.jpg\",\"datePublished\":\"2026-01-06T22:11:46+00:00\",\"dateModified\":\"2026-01-10T21:52:54+00:00\",\"description\":\"De 28 de dezembro a 1 de janeiro de 2026, as FMA da Inspetoria FRB acolheram na Casa inspetorial de Paris alguns jovens participantes do 48.\u00ba encontro europeu de Taiz\u00e9.\",\"breadcrumb\":{\"@id\":\"https:\\\/\\\/www.cgfmanet.org\\\/pt-pt\\\/infosfera-pt-pt\\\/igreja\\\/inicio-do-ano-de-taize-em-paris-as-fma-acolhem-os-jovens\\\/#breadcrumb\"},\"inLanguage\":\"pt-PT\",\"potentialAction\":[{\"@type\":\"ReadAction\",\"target\":[\"https:\\\/\\\/www.cgfmanet.org\\\/pt-pt\\\/infosfera-pt-pt\\\/igreja\\\/inicio-do-ano-de-taize-em-paris-as-fma-acolhem-os-jovens\\\/\"]}]},{\"@type\":\"ImageObject\",\"inLanguage\":\"pt-PT\",\"@id\":\"https:\\\/\\\/www.cgfmanet.org\\\/pt-pt\\\/infosfera-pt-pt\\\/igreja\\\/inicio-do-ano-de-taize-em-paris-as-fma-acolhem-os-jovens\\\/#primaryimage\",\"url\":\"https:\\\/\\\/www.cgfmanet.org\\\/wp-content\\\/uploads\\\/2026\\\/01\\\/Taize-Parigi.jpg\",\"contentUrl\":\"https:\\\/\\\/www.cgfmanet.org\\\/wp-content\\\/uploads\\\/2026\\\/01\\\/Taize-Parigi.jpg\",\"width\":1600,\"height\":1067},{\"@type\":\"BreadcrumbList\",\"@id\":\"https:\\\/\\\/www.cgfmanet.org\\\/pt-pt\\\/infosfera-pt-pt\\\/igreja\\\/inicio-do-ano-de-taize-em-paris-as-fma-acolhem-os-jovens\\\/#breadcrumb\",\"itemListElement\":[{\"@type\":\"ListItem\",\"position\":1,\"name\":\"Home\",\"item\":\"https:\\\/\\\/www.cgfmanet.org\\\/pt-pt\\\/\"},{\"@type\":\"ListItem\",\"position\":2,\"name\":\"In\u00edcio do Ano de Taiz\u00e9, em Paris as FMA acolhem os Jovens\"}]},{\"@type\":\"WebSite\",\"@id\":\"https:\\\/\\\/www.cgfmanet.org\\\/es\\\/#website\",\"url\":\"https:\\\/\\\/www.cgfmanet.org\\\/es\\\/\",\"name\":\"Istituto Figlie di Maria Ausiliatrice\",\"description\":\"Salesiane di Don Bosco\",\"publisher\":{\"@id\":\"https:\\\/\\\/www.cgfmanet.org\\\/es\\\/#organization\"},\"potentialAction\":[{\"@type\":\"SearchAction\",\"target\":{\"@type\":\"EntryPoint\",\"urlTemplate\":\"https:\\\/\\\/www.cgfmanet.org\\\/es\\\/?s={search_term_string}\"},\"query-input\":{\"@type\":\"PropertyValueSpecification\",\"valueRequired\":true,\"valueName\":\"search_term_string\"}}],\"inLanguage\":\"pt-PT\"},{\"@type\":\"Organization\",\"@id\":\"https:\\\/\\\/www.cgfmanet.org\\\/es\\\/#organization\",\"name\":\"Istituto Figlie di Maria Ausiliatrice\",\"url\":\"https:\\\/\\\/www.cgfmanet.org\\\/es\\\/\",\"logo\":{\"@type\":\"ImageObject\",\"inLanguage\":\"pt-PT\",\"@id\":\"https:\\\/\\\/www.cgfmanet.org\\\/es\\\/#\\\/schema\\\/logo\\\/image\\\/\",\"url\":\"https:\\\/\\\/www.cgfmanet.org\\\/wp-content\\\/uploads\\\/2018\\\/10\\\/logo-fma.png\",\"contentUrl\":\"https:\\\/\\\/www.cgfmanet.org\\\/wp-content\\\/uploads\\\/2018\\\/10\\\/logo-fma.png\",\"width\":214,\"height\":55,\"caption\":\"Istituto Figlie di Maria Ausiliatrice\"},\"image\":{\"@id\":\"https:\\\/\\\/www.cgfmanet.org\\\/es\\\/#\\\/schema\\\/logo\\\/image\\\/\"},\"sameAs\":[\"https:\\\/\\\/www.facebook.com\\\/salesian.sisters.of.don.bosco\\\/\",\"https:\\\/\\\/x.com\\\/Cgfmanet_Org\",\"https:\\\/\\\/www.youtube.com\\\/channel\\\/UCmcr8yFQBV7JXeXVxyV9y5Q\"]},{\"@type\":\"Person\",\"@id\":\"https:\\\/\\\/www.cgfmanet.org\\\/es\\\/#\\\/schema\\\/person\\\/ce6473083f53ef0ef882cca23f0c8fb9\",\"name\":\"Redazione\"}]}<\/script>\n<!-- \/ Yoast SEO plugin. -->","yoast_head_json":{"title":"In\u00edcio do Ano de Taiz\u00e9, em Paris as FMA acolhem os Jovens &#8226; Istituto Figlie di Maria Ausiliatrice","description":"De 28 de dezembro a 1 de janeiro de 2026, as FMA da Inspetoria FRB acolheram na Casa inspetorial de Paris alguns jovens participantes do 48.\u00ba encontro europeu de Taiz\u00e9.","robots":{"index":"index","follow":"follow","max-snippet":"max-snippet:-1","max-image-preview":"max-image-preview:large","max-video-preview":"max-video-preview:-1"},"canonical":"https:\/\/www.cgfmanet.org\/pt-pt\/infosfera-pt-pt\/igreja\/inicio-do-ano-de-taize-em-paris-as-fma-acolhem-os-jovens\/","og_locale":"pt_PT","og_type":"article","og_title":"In\u00edcio do Ano de Taiz\u00e9, em Paris as FMA acolhem os Jovens &#8226; Istituto Figlie di Maria Ausiliatrice","og_description":"De 28 de dezembro a 1 de janeiro de 2026, as FMA da Inspetoria FRB acolheram na Casa inspetorial de Paris alguns jovens participantes do 48.\u00ba encontro europeu de Taiz\u00e9.","og_url":"https:\/\/www.cgfmanet.org\/pt-pt\/infosfera-pt-pt\/igreja\/inicio-do-ano-de-taize-em-paris-as-fma-acolhem-os-jovens\/","og_site_name":"Istituto Figlie di Maria Ausiliatrice","article_publisher":"https:\/\/www.facebook.com\/salesian.sisters.of.don.bosco\/","article_published_time":"2026-01-06T22:11:46+00:00","article_modified_time":"2026-01-10T21:52:54+00:00","og_image":[{"width":1600,"height":1067,"url":"https:\/\/www.cgfmanet.org\/wp-content\/uploads\/2026\/01\/Taize-Parigi.jpg","type":"image\/jpeg"}],"author":"Redazione","twitter_card":"summary_large_image","twitter_creator":"@Cgfmanet_Org","twitter_site":"@Cgfmanet_Org","twitter_misc":{"Escrito por":"Redazione","Tempo estimado de leitura":"6 minutos"},"schema":{"@context":"https:\/\/schema.org","@graph":[{"@type":"Article","@id":"https:\/\/www.cgfmanet.org\/pt-pt\/infosfera-pt-pt\/igreja\/inicio-do-ano-de-taize-em-paris-as-fma-acolhem-os-jovens\/#article","isPartOf":{"@id":"https:\/\/www.cgfmanet.org\/pt-pt\/infosfera-pt-pt\/igreja\/inicio-do-ano-de-taize-em-paris-as-fma-acolhem-os-jovens\/"},"author":{"name":"Redazione","@id":"https:\/\/www.cgfmanet.org\/es\/#\/schema\/person\/ce6473083f53ef0ef882cca23f0c8fb9"},"headline":"In\u00edcio do Ano de Taiz\u00e9, em Paris as FMA acolhem os Jovens","datePublished":"2026-01-06T22:11:46+00:00","dateModified":"2026-01-10T21:52:54+00:00","mainEntityOfPage":{"@id":"https:\/\/www.cgfmanet.org\/pt-pt\/infosfera-pt-pt\/igreja\/inicio-do-ano-de-taize-em-paris-as-fma-acolhem-os-jovens\/"},"wordCount":1154,"commentCount":0,"publisher":{"@id":"https:\/\/www.cgfmanet.org\/es\/#organization"},"image":{"@id":"https:\/\/www.cgfmanet.org\/pt-pt\/infosfera-pt-pt\/igreja\/inicio-do-ano-de-taize-em-paris-as-fma-acolhem-os-jovens\/#primaryimage"},"thumbnailUrl":"https:\/\/www.cgfmanet.org\/wp-content\/uploads\/2026\/01\/Taize-Parigi.jpg","keywords":["Jovens","FRB","Fam\u00edlia Salesiana","Focus","Ecumenismo","MGS"],"articleSection":["Infosfera","Igreja"],"inLanguage":"pt-PT","potentialAction":[{"@type":"CommentAction","name":"Comment","target":["https:\/\/www.cgfmanet.org\/pt-pt\/infosfera-pt-pt\/igreja\/inicio-do-ano-de-taize-em-paris-as-fma-acolhem-os-jovens\/#respond"]}]},{"@type":"WebPage","@id":"https:\/\/www.cgfmanet.org\/pt-pt\/infosfera-pt-pt\/igreja\/inicio-do-ano-de-taize-em-paris-as-fma-acolhem-os-jovens\/","url":"https:\/\/www.cgfmanet.org\/pt-pt\/infosfera-pt-pt\/igreja\/inicio-do-ano-de-taize-em-paris-as-fma-acolhem-os-jovens\/","name":"In\u00edcio do Ano de Taiz\u00e9, em Paris as FMA acolhem os Jovens &#8226; Istituto Figlie di Maria Ausiliatrice","isPartOf":{"@id":"https:\/\/www.cgfmanet.org\/es\/#website"},"primaryImageOfPage":{"@id":"https:\/\/www.cgfmanet.org\/pt-pt\/infosfera-pt-pt\/igreja\/inicio-do-ano-de-taize-em-paris-as-fma-acolhem-os-jovens\/#primaryimage"},"image":{"@id":"https:\/\/www.cgfmanet.org\/pt-pt\/infosfera-pt-pt\/igreja\/inicio-do-ano-de-taize-em-paris-as-fma-acolhem-os-jovens\/#primaryimage"},"thumbnailUrl":"https:\/\/www.cgfmanet.org\/wp-content\/uploads\/2026\/01\/Taize-Parigi.jpg","datePublished":"2026-01-06T22:11:46+00:00","dateModified":"2026-01-10T21:52:54+00:00","description":"De 28 de dezembro a 1 de janeiro de 2026, as FMA da Inspetoria FRB acolheram na Casa inspetorial de Paris alguns jovens participantes do 48.\u00ba encontro europeu de Taiz\u00e9.","breadcrumb":{"@id":"https:\/\/www.cgfmanet.org\/pt-pt\/infosfera-pt-pt\/igreja\/inicio-do-ano-de-taize-em-paris-as-fma-acolhem-os-jovens\/#breadcrumb"},"inLanguage":"pt-PT","potentialAction":[{"@type":"ReadAction","target":["https:\/\/www.cgfmanet.org\/pt-pt\/infosfera-pt-pt\/igreja\/inicio-do-ano-de-taize-em-paris-as-fma-acolhem-os-jovens\/"]}]},{"@type":"ImageObject","inLanguage":"pt-PT","@id":"https:\/\/www.cgfmanet.org\/pt-pt\/infosfera-pt-pt\/igreja\/inicio-do-ano-de-taize-em-paris-as-fma-acolhem-os-jovens\/#primaryimage","url":"https:\/\/www.cgfmanet.org\/wp-content\/uploads\/2026\/01\/Taize-Parigi.jpg","contentUrl":"https:\/\/www.cgfmanet.org\/wp-content\/uploads\/2026\/01\/Taize-Parigi.jpg","width":1600,"height":1067},{"@type":"BreadcrumbList","@id":"https:\/\/www.cgfmanet.org\/pt-pt\/infosfera-pt-pt\/igreja\/inicio-do-ano-de-taize-em-paris-as-fma-acolhem-os-jovens\/#breadcrumb","itemListElement":[{"@type":"ListItem","position":1,"name":"Home","item":"https:\/\/www.cgfmanet.org\/pt-pt\/"},{"@type":"ListItem","position":2,"name":"In\u00edcio do Ano de Taiz\u00e9, em Paris as FMA acolhem os Jovens"}]},{"@type":"WebSite","@id":"https:\/\/www.cgfmanet.org\/es\/#website","url":"https:\/\/www.cgfmanet.org\/es\/","name":"Istituto Figlie di Maria Ausiliatrice","description":"Salesiane di Don Bosco","publisher":{"@id":"https:\/\/www.cgfmanet.org\/es\/#organization"},"potentialAction":[{"@type":"SearchAction","target":{"@type":"EntryPoint","urlTemplate":"https:\/\/www.cgfmanet.org\/es\/?s={search_term_string}"},"query-input":{"@type":"PropertyValueSpecification","valueRequired":true,"valueName":"search_term_string"}}],"inLanguage":"pt-PT"},{"@type":"Organization","@id":"https:\/\/www.cgfmanet.org\/es\/#organization","name":"Istituto Figlie di Maria Ausiliatrice","url":"https:\/\/www.cgfmanet.org\/es\/","logo":{"@type":"ImageObject","inLanguage":"pt-PT","@id":"https:\/\/www.cgfmanet.org\/es\/#\/schema\/logo\/image\/","url":"https:\/\/www.cgfmanet.org\/wp-content\/uploads\/2018\/10\/logo-fma.png","contentUrl":"https:\/\/www.cgfmanet.org\/wp-content\/uploads\/2018\/10\/logo-fma.png","width":214,"height":55,"caption":"Istituto Figlie di Maria Ausiliatrice"},"image":{"@id":"https:\/\/www.cgfmanet.org\/es\/#\/schema\/logo\/image\/"},"sameAs":["https:\/\/www.facebook.com\/salesian.sisters.of.don.bosco\/","https:\/\/x.com\/Cgfmanet_Org","https:\/\/www.youtube.com\/channel\/UCmcr8yFQBV7JXeXVxyV9y5Q"]},{"@type":"Person","@id":"https:\/\/www.cgfmanet.org\/es\/#\/schema\/person\/ce6473083f53ef0ef882cca23f0c8fb9","name":"Redazione"}]}},"_links":{"self":[{"href":"https:\/\/www.cgfmanet.org\/pt-pt\/wp-json\/wp\/v2\/posts\/150421","targetHints":{"allow":["GET"]}}],"collection":[{"href":"https:\/\/www.cgfmanet.org\/pt-pt\/wp-json\/wp\/v2\/posts"}],"about":[{"href":"https:\/\/www.cgfmanet.org\/pt-pt\/wp-json\/wp\/v2\/types\/post"}],"author":[{"embeddable":true,"href":"https:\/\/www.cgfmanet.org\/pt-pt\/wp-json\/wp\/v2\/users\/21"}],"replies":[{"embeddable":true,"href":"https:\/\/www.cgfmanet.org\/pt-pt\/wp-json\/wp\/v2\/comments?post=150421"}],"version-history":[{"count":3,"href":"https:\/\/www.cgfmanet.org\/pt-pt\/wp-json\/wp\/v2\/posts\/150421\/revisions"}],"predecessor-version":[{"id":150639,"href":"https:\/\/www.cgfmanet.org\/pt-pt\/wp-json\/wp\/v2\/posts\/150421\/revisions\/150639"}],"wp:featuredmedia":[{"embeddable":true,"href":"https:\/\/www.cgfmanet.org\/pt-pt\/wp-json\/wp\/v2\/media\/150416"}],"wp:attachment":[{"href":"https:\/\/www.cgfmanet.org\/pt-pt\/wp-json\/wp\/v2\/media?parent=150421"}],"wp:term":[{"taxonomy":"category","embeddable":true,"href":"https:\/\/www.cgfmanet.org\/pt-pt\/wp-json\/wp\/v2\/categories?post=150421"},{"taxonomy":"post_tag","embeddable":true,"href":"https:\/\/www.cgfmanet.org\/pt-pt\/wp-json\/wp\/v2\/tags?post=150421"}],"curies":[{"name":"wp","href":"https:\/\/api.w.org\/{rel}","templated":true}]}}