{"id":150191,"date":"2026-01-02T16:25:52","date_gmt":"2026-01-02T15:25:52","guid":{"rendered":"https:\/\/www.cgfmanet.org\/infosfera-pt-pt\/giornata-missionaria-mondiale-dei-ragazzi-2026\/"},"modified":"2026-01-03T21:31:01","modified_gmt":"2026-01-03T20:31:01","slug":"dia-missionario-mundial-das-criancas-de-2026","status":"publish","type":"post","link":"https:\/\/www.cgfmanet.org\/pt-pt\/infosfera-pt-pt\/dia-missionario-mundial-das-criancas-de-2026\/","title":{"rendered":"Dia Mission\u00e1rio Mundial das Crian\u00e7as de 2026"},"content":{"rendered":"<p><strong>Roma (It\u00e1lia).<\/strong> Dia 6 de janeiro de 2026, na Solenidade da Epifania, manifesta\u00e7\u00e3o de Jesus a todos os povos, celebra-se o Dia Mundial da Inf\u00e2ncia Mission\u00e1ria, hoje denominado Dia Mundial Mission\u00e1rio das Crian\u00e7as (GMMR).<\/p>\n<p><em><strong>\u00a0<\/strong><\/em>\u00ab<strong>Acendamos a Esperan\u00e7a<\/strong>\u00bb \u00e9 o tema do Dia, em conson\u00e2ncia com o Ano Jubilar que termina precisamente a 6 de janeiro, com o encerramento da \u00faltima Porta Santa de S\u00e3o Pedro. Tamb\u00e9m os Adolescentes s\u00e3o chamados a refletir sobre esta virtude em primeira pessoa, como protagonistas.<\/p>\n<p>\u201c<em>As crian\u00e7as ajudam as crian\u00e7as<\/em>\u201d \u00e9 o sentido fundamental do Dia de Ora\u00e7\u00e3o e Solidariedade que os adolescentes de todo o mundo celebram, pensando nos seus pares de outros continentes.<\/p>\n<p>A GMMR convida \u00e0 ora\u00e7\u00e3o e \u00e0 solidariedade para com as crian\u00e7as que vivem em outros continentes, muitas vezes em condi\u00e7\u00f5es de necessidade. Todos os anos, para a GMMR, as Dire\u00e7\u00f5es Gerais Nacionais das Obras Mission\u00e1rias Pontif\u00edcias (PP.OO.MM) selecionam alguns projetos que s\u00e3o realizados em solidariedade com as crian\u00e7as de todo o mundo. As ofertas recolhidas na Jornada Mission\u00e1ria Mundial das Crian\u00e7as (GMMR) e na Jornada Mission\u00e1ria Mundial (<em>que se celebra no pen\u00faltimo domingo de outubro<\/em>) s\u00e3o canalizadas para o Fundo Universal de Solidariedade (F.U.S.) das Obras Mission\u00e1rias Pontif\u00edcias (POM).<\/p>\n<p>O Papa Francisco, na Mensagem para o Dia Mundial das Miss\u00f5es de 2025, exortou a uma participa\u00e7\u00e3o ativa na miss\u00e3o evangelizadora em qualquer idade:<\/p>\n<p>\u201cInsisto novamente nesta sinodalidade mission\u00e1ria da Igreja, bem como no servi\u00e7o das <span style=\"color: #0000ff;\"><strong><a style=\"color: #0000ff;\" href=\"https:\/\/www.ppoomm.va\/it.html\" target=\"_blank\" rel=\"noopener\">Obras Mission\u00e1rias Pontif\u00edcias<\/a><\/strong><\/span> na promo\u00e7\u00e3o da responsabilidade mission\u00e1ria dos batizados e no apoio \u00e0s novas Igrejas particulares. Exorto todos a todos v\u00f3s, crian\u00e7as, jovens, adultos e idosos, a participarem ativamente da miss\u00e3o evangelizadora comum com o testemunho das vossas vidas e com a ora\u00e7\u00e3o, com vossos sacrif\u00edcios e vossa generosidade. Agrade\u00e7o sinceramente por tudo isso!<\/p>\n<p>Devido \u00e0 coincid\u00eancia com a Epifania, o Papa permite que cada par\u00f3quia\/diocese celebre o Dia na data mais adequada \u00e0s suas necessidades.<\/p>\n<p>Como todos os anos, <strong>o Secretariado da Missio Ragazzi<\/strong> (Funda\u00e7\u00e3o Missio \u2013 CEI) criou e disponibilizou alguns instrumentos de anima\u00e7\u00e3o para o Dia, com o objetivo de auxiliar educadores e animadores a envolver crian\u00e7as e jovens.<\/p>\n<p><span style=\"color: #0000ff;\"><strong><a style=\"color: #0000ff;\" href=\"https:\/\/www.missioitalia.it\/materiale-per-la-giornata-missionaria-mondiale-dei-ragazzi-2025\/\" target=\"_blank\" rel=\"noopener\">Material para a GMMR 2026<\/a><\/strong><\/span><\/p>\n","protected":false},"excerpt":{"rendered":"<p>Roma (It\u00e1lia). Dia 6 de janeiro de 2026, na Solenidade da Epifania, manifesta\u00e7\u00e3o de Jesus a todos os povos, celebra-se o Dia Mundial da Inf\u00e2ncia Mission\u00e1ria, hoje denominado Dia Mundial [&hellip;]<\/p>\n","protected":false},"author":21,"featured_media":150185,"comment_status":"open","ping_status":"closed","sticky":false,"template":"","format":"standard","meta":{"footnotes":""},"categories":[38,189],"tags":[1930,1986,1992,2454],"class_list":["post-150191","post","type-post","status-publish","format-standard","has-post-thumbnail","category-infosfera-pt-pt","category-igreja","tag-focus-pt-pt","tag-criancas","tag-solidarieta-pt-pt","tag-missionarieta-pt-pt"],"yoast_head":"<!-- This site is optimized with the Yoast SEO plugin v27.4 - https:\/\/yoast.com\/product\/yoast-seo-wordpress\/ -->\n<title>Dia Mission\u00e1rio Mundial das Crian\u00e7as de 2026 &#8226; Istituto Figlie di Maria Ausiliatrice<\/title>\n<meta name=\"description\" content=\"Dia 6 de janeiro de 2026, na Solenidade da Epifania, celebra-se o Dia Mundial da Inf\u00e2ncia Mission\u00e1ria, ou Dia Mission\u00e1rio Mundial das Crian\u00e7as.\" \/>\n<meta name=\"robots\" content=\"index, follow, max-snippet:-1, max-image-preview:large, max-video-preview:-1\" \/>\n<link rel=\"canonical\" href=\"https:\/\/www.cgfmanet.org\/pt-pt\/infosfera-pt-pt\/dia-missionario-mundial-das-criancas-de-2026\/\" \/>\n<meta property=\"og:locale\" content=\"pt_PT\" \/>\n<meta property=\"og:type\" content=\"article\" \/>\n<meta property=\"og:title\" content=\"Dia Mission\u00e1rio Mundial das Crian\u00e7as de 2026 &#8226; Istituto Figlie di Maria Ausiliatrice\" \/>\n<meta property=\"og:description\" content=\"Dia 6 de janeiro de 2026, na Solenidade da Epifania, celebra-se o Dia Mundial da Inf\u00e2ncia Mission\u00e1ria, ou Dia Mission\u00e1rio Mundial das Crian\u00e7as.\" \/>\n<meta property=\"og:url\" content=\"https:\/\/www.cgfmanet.org\/pt-pt\/infosfera-pt-pt\/dia-missionario-mundial-das-criancas-de-2026\/\" \/>\n<meta property=\"og:site_name\" content=\"Istituto Figlie di Maria Ausiliatrice\" \/>\n<meta property=\"article:publisher\" content=\"https:\/\/www.facebook.com\/salesian.sisters.of.don.bosco\/\" \/>\n<meta property=\"article:published_time\" content=\"2026-01-02T15:25:52+00:00\" \/>\n<meta property=\"article:modified_time\" content=\"2026-01-03T20:31:01+00:00\" \/>\n<meta property=\"og:image\" content=\"https:\/\/www.cgfmanet.org\/wp-content\/uploads\/2026\/01\/Giornata-Missionaria-Ragazzi-2026.jpg\" \/>\n\t<meta property=\"og:image:width\" content=\"1200\" \/>\n\t<meta property=\"og:image:height\" content=\"800\" \/>\n\t<meta property=\"og:image:type\" content=\"image\/jpeg\" \/>\n<meta name=\"author\" content=\"Redazione\" \/>\n<meta name=\"twitter:card\" content=\"summary_large_image\" \/>\n<meta name=\"twitter:creator\" content=\"@Cgfmanet_Org\" \/>\n<meta name=\"twitter:site\" content=\"@Cgfmanet_Org\" \/>\n<meta name=\"twitter:label1\" content=\"Escrito por\" \/>\n\t<meta name=\"twitter:data1\" content=\"Redazione\" \/>\n\t<meta name=\"twitter:label2\" content=\"Tempo estimado de leitura\" \/>\n\t<meta name=\"twitter:data2\" content=\"3 minutos\" \/>\n<script type=\"application\/ld+json\" class=\"yoast-schema-graph\">{\"@context\":\"https:\\\/\\\/schema.org\",\"@graph\":[{\"@type\":\"Article\",\"@id\":\"https:\\\/\\\/www.cgfmanet.org\\\/pt-pt\\\/infosfera-pt-pt\\\/dia-missionario-mundial-das-criancas-de-2026\\\/#article\",\"isPartOf\":{\"@id\":\"https:\\\/\\\/www.cgfmanet.org\\\/pt-pt\\\/infosfera-pt-pt\\\/dia-missionario-mundial-das-criancas-de-2026\\\/\"},\"author\":{\"name\":\"Redazione\",\"@id\":\"https:\\\/\\\/www.cgfmanet.org\\\/es\\\/#\\\/schema\\\/person\\\/ce6473083f53ef0ef882cca23f0c8fb9\"},\"headline\":\"Dia Mission\u00e1rio Mundial das Crian\u00e7as de 2026\",\"datePublished\":\"2026-01-02T15:25:52+00:00\",\"dateModified\":\"2026-01-03T20:31:01+00:00\",\"mainEntityOfPage\":{\"@id\":\"https:\\\/\\\/www.cgfmanet.org\\\/pt-pt\\\/infosfera-pt-pt\\\/dia-missionario-mundial-das-criancas-de-2026\\\/\"},\"wordCount\":405,\"commentCount\":0,\"publisher\":{\"@id\":\"https:\\\/\\\/www.cgfmanet.org\\\/es\\\/#organization\"},\"image\":{\"@id\":\"https:\\\/\\\/www.cgfmanet.org\\\/pt-pt\\\/infosfera-pt-pt\\\/dia-missionario-mundial-das-criancas-de-2026\\\/#primaryimage\"},\"thumbnailUrl\":\"https:\\\/\\\/www.cgfmanet.org\\\/wp-content\\\/uploads\\\/2026\\\/01\\\/Giornata-Missionaria-Ragazzi-2026.jpg\",\"keywords\":[\"Focus\",\"Crian\u00e7as\",\"Solidariet\u00e0\",\"Missionariet\u00e0\"],\"articleSection\":[\"Infosfera\",\"Igreja\"],\"inLanguage\":\"pt-PT\",\"potentialAction\":[{\"@type\":\"CommentAction\",\"name\":\"Comment\",\"target\":[\"https:\\\/\\\/www.cgfmanet.org\\\/pt-pt\\\/infosfera-pt-pt\\\/dia-missionario-mundial-das-criancas-de-2026\\\/#respond\"]}]},{\"@type\":\"WebPage\",\"@id\":\"https:\\\/\\\/www.cgfmanet.org\\\/pt-pt\\\/infosfera-pt-pt\\\/dia-missionario-mundial-das-criancas-de-2026\\\/\",\"url\":\"https:\\\/\\\/www.cgfmanet.org\\\/pt-pt\\\/infosfera-pt-pt\\\/dia-missionario-mundial-das-criancas-de-2026\\\/\",\"name\":\"Dia Mission\u00e1rio Mundial das Crian\u00e7as de 2026 &#8226; Istituto Figlie di Maria Ausiliatrice\",\"isPartOf\":{\"@id\":\"https:\\\/\\\/www.cgfmanet.org\\\/es\\\/#website\"},\"primaryImageOfPage\":{\"@id\":\"https:\\\/\\\/www.cgfmanet.org\\\/pt-pt\\\/infosfera-pt-pt\\\/dia-missionario-mundial-das-criancas-de-2026\\\/#primaryimage\"},\"image\":{\"@id\":\"https:\\\/\\\/www.cgfmanet.org\\\/pt-pt\\\/infosfera-pt-pt\\\/dia-missionario-mundial-das-criancas-de-2026\\\/#primaryimage\"},\"thumbnailUrl\":\"https:\\\/\\\/www.cgfmanet.org\\\/wp-content\\\/uploads\\\/2026\\\/01\\\/Giornata-Missionaria-Ragazzi-2026.jpg\",\"datePublished\":\"2026-01-02T15:25:52+00:00\",\"dateModified\":\"2026-01-03T20:31:01+00:00\",\"description\":\"Dia 6 de janeiro de 2026, na Solenidade da Epifania, celebra-se o Dia Mundial da Inf\u00e2ncia Mission\u00e1ria, ou Dia Mission\u00e1rio Mundial das Crian\u00e7as.\",\"breadcrumb\":{\"@id\":\"https:\\\/\\\/www.cgfmanet.org\\\/pt-pt\\\/infosfera-pt-pt\\\/dia-missionario-mundial-das-criancas-de-2026\\\/#breadcrumb\"},\"inLanguage\":\"pt-PT\",\"potentialAction\":[{\"@type\":\"ReadAction\",\"target\":[\"https:\\\/\\\/www.cgfmanet.org\\\/pt-pt\\\/infosfera-pt-pt\\\/dia-missionario-mundial-das-criancas-de-2026\\\/\"]}]},{\"@type\":\"ImageObject\",\"inLanguage\":\"pt-PT\",\"@id\":\"https:\\\/\\\/www.cgfmanet.org\\\/pt-pt\\\/infosfera-pt-pt\\\/dia-missionario-mundial-das-criancas-de-2026\\\/#primaryimage\",\"url\":\"https:\\\/\\\/www.cgfmanet.org\\\/wp-content\\\/uploads\\\/2026\\\/01\\\/Giornata-Missionaria-Ragazzi-2026.jpg\",\"contentUrl\":\"https:\\\/\\\/www.cgfmanet.org\\\/wp-content\\\/uploads\\\/2026\\\/01\\\/Giornata-Missionaria-Ragazzi-2026.jpg\",\"width\":1200,\"height\":800},{\"@type\":\"BreadcrumbList\",\"@id\":\"https:\\\/\\\/www.cgfmanet.org\\\/pt-pt\\\/infosfera-pt-pt\\\/dia-missionario-mundial-das-criancas-de-2026\\\/#breadcrumb\",\"itemListElement\":[{\"@type\":\"ListItem\",\"position\":1,\"name\":\"Home\",\"item\":\"https:\\\/\\\/www.cgfmanet.org\\\/pt-pt\\\/\"},{\"@type\":\"ListItem\",\"position\":2,\"name\":\"Dia Mission\u00e1rio Mundial das Crian\u00e7as de 2026\"}]},{\"@type\":\"WebSite\",\"@id\":\"https:\\\/\\\/www.cgfmanet.org\\\/es\\\/#website\",\"url\":\"https:\\\/\\\/www.cgfmanet.org\\\/es\\\/\",\"name\":\"Istituto Figlie di Maria Ausiliatrice\",\"description\":\"Salesiane di Don Bosco\",\"publisher\":{\"@id\":\"https:\\\/\\\/www.cgfmanet.org\\\/es\\\/#organization\"},\"potentialAction\":[{\"@type\":\"SearchAction\",\"target\":{\"@type\":\"EntryPoint\",\"urlTemplate\":\"https:\\\/\\\/www.cgfmanet.org\\\/es\\\/?s={search_term_string}\"},\"query-input\":{\"@type\":\"PropertyValueSpecification\",\"valueRequired\":true,\"valueName\":\"search_term_string\"}}],\"inLanguage\":\"pt-PT\"},{\"@type\":\"Organization\",\"@id\":\"https:\\\/\\\/www.cgfmanet.org\\\/es\\\/#organization\",\"name\":\"Istituto Figlie di Maria Ausiliatrice\",\"url\":\"https:\\\/\\\/www.cgfmanet.org\\\/es\\\/\",\"logo\":{\"@type\":\"ImageObject\",\"inLanguage\":\"pt-PT\",\"@id\":\"https:\\\/\\\/www.cgfmanet.org\\\/es\\\/#\\\/schema\\\/logo\\\/image\\\/\",\"url\":\"https:\\\/\\\/www.cgfmanet.org\\\/wp-content\\\/uploads\\\/2018\\\/10\\\/logo-fma.png\",\"contentUrl\":\"https:\\\/\\\/www.cgfmanet.org\\\/wp-content\\\/uploads\\\/2018\\\/10\\\/logo-fma.png\",\"width\":214,\"height\":55,\"caption\":\"Istituto Figlie di Maria Ausiliatrice\"},\"image\":{\"@id\":\"https:\\\/\\\/www.cgfmanet.org\\\/es\\\/#\\\/schema\\\/logo\\\/image\\\/\"},\"sameAs\":[\"https:\\\/\\\/www.facebook.com\\\/salesian.sisters.of.don.bosco\\\/\",\"https:\\\/\\\/x.com\\\/Cgfmanet_Org\",\"https:\\\/\\\/www.youtube.com\\\/channel\\\/UCmcr8yFQBV7JXeXVxyV9y5Q\"]},{\"@type\":\"Person\",\"@id\":\"https:\\\/\\\/www.cgfmanet.org\\\/es\\\/#\\\/schema\\\/person\\\/ce6473083f53ef0ef882cca23f0c8fb9\",\"name\":\"Redazione\"}]}<\/script>\n<!-- \/ Yoast SEO plugin. -->","yoast_head_json":{"title":"Dia Mission\u00e1rio Mundial das Crian\u00e7as de 2026 &#8226; Istituto Figlie di Maria Ausiliatrice","description":"Dia 6 de janeiro de 2026, na Solenidade da Epifania, celebra-se o Dia Mundial da Inf\u00e2ncia Mission\u00e1ria, ou Dia Mission\u00e1rio Mundial das Crian\u00e7as.","robots":{"index":"index","follow":"follow","max-snippet":"max-snippet:-1","max-image-preview":"max-image-preview:large","max-video-preview":"max-video-preview:-1"},"canonical":"https:\/\/www.cgfmanet.org\/pt-pt\/infosfera-pt-pt\/dia-missionario-mundial-das-criancas-de-2026\/","og_locale":"pt_PT","og_type":"article","og_title":"Dia Mission\u00e1rio Mundial das Crian\u00e7as de 2026 &#8226; Istituto Figlie di Maria Ausiliatrice","og_description":"Dia 6 de janeiro de 2026, na Solenidade da Epifania, celebra-se o Dia Mundial da Inf\u00e2ncia Mission\u00e1ria, ou Dia Mission\u00e1rio Mundial das Crian\u00e7as.","og_url":"https:\/\/www.cgfmanet.org\/pt-pt\/infosfera-pt-pt\/dia-missionario-mundial-das-criancas-de-2026\/","og_site_name":"Istituto Figlie di Maria Ausiliatrice","article_publisher":"https:\/\/www.facebook.com\/salesian.sisters.of.don.bosco\/","article_published_time":"2026-01-02T15:25:52+00:00","article_modified_time":"2026-01-03T20:31:01+00:00","og_image":[{"width":1200,"height":800,"url":"https:\/\/www.cgfmanet.org\/wp-content\/uploads\/2026\/01\/Giornata-Missionaria-Ragazzi-2026.jpg","type":"image\/jpeg"}],"author":"Redazione","twitter_card":"summary_large_image","twitter_creator":"@Cgfmanet_Org","twitter_site":"@Cgfmanet_Org","twitter_misc":{"Escrito por":"Redazione","Tempo estimado de leitura":"3 minutos"},"schema":{"@context":"https:\/\/schema.org","@graph":[{"@type":"Article","@id":"https:\/\/www.cgfmanet.org\/pt-pt\/infosfera-pt-pt\/dia-missionario-mundial-das-criancas-de-2026\/#article","isPartOf":{"@id":"https:\/\/www.cgfmanet.org\/pt-pt\/infosfera-pt-pt\/dia-missionario-mundial-das-criancas-de-2026\/"},"author":{"name":"Redazione","@id":"https:\/\/www.cgfmanet.org\/es\/#\/schema\/person\/ce6473083f53ef0ef882cca23f0c8fb9"},"headline":"Dia Mission\u00e1rio Mundial das Crian\u00e7as de 2026","datePublished":"2026-01-02T15:25:52+00:00","dateModified":"2026-01-03T20:31:01+00:00","mainEntityOfPage":{"@id":"https:\/\/www.cgfmanet.org\/pt-pt\/infosfera-pt-pt\/dia-missionario-mundial-das-criancas-de-2026\/"},"wordCount":405,"commentCount":0,"publisher":{"@id":"https:\/\/www.cgfmanet.org\/es\/#organization"},"image":{"@id":"https:\/\/www.cgfmanet.org\/pt-pt\/infosfera-pt-pt\/dia-missionario-mundial-das-criancas-de-2026\/#primaryimage"},"thumbnailUrl":"https:\/\/www.cgfmanet.org\/wp-content\/uploads\/2026\/01\/Giornata-Missionaria-Ragazzi-2026.jpg","keywords":["Focus","Crian\u00e7as","Solidariet\u00e0","Missionariet\u00e0"],"articleSection":["Infosfera","Igreja"],"inLanguage":"pt-PT","potentialAction":[{"@type":"CommentAction","name":"Comment","target":["https:\/\/www.cgfmanet.org\/pt-pt\/infosfera-pt-pt\/dia-missionario-mundial-das-criancas-de-2026\/#respond"]}]},{"@type":"WebPage","@id":"https:\/\/www.cgfmanet.org\/pt-pt\/infosfera-pt-pt\/dia-missionario-mundial-das-criancas-de-2026\/","url":"https:\/\/www.cgfmanet.org\/pt-pt\/infosfera-pt-pt\/dia-missionario-mundial-das-criancas-de-2026\/","name":"Dia Mission\u00e1rio Mundial das Crian\u00e7as de 2026 &#8226; Istituto Figlie di Maria Ausiliatrice","isPartOf":{"@id":"https:\/\/www.cgfmanet.org\/es\/#website"},"primaryImageOfPage":{"@id":"https:\/\/www.cgfmanet.org\/pt-pt\/infosfera-pt-pt\/dia-missionario-mundial-das-criancas-de-2026\/#primaryimage"},"image":{"@id":"https:\/\/www.cgfmanet.org\/pt-pt\/infosfera-pt-pt\/dia-missionario-mundial-das-criancas-de-2026\/#primaryimage"},"thumbnailUrl":"https:\/\/www.cgfmanet.org\/wp-content\/uploads\/2026\/01\/Giornata-Missionaria-Ragazzi-2026.jpg","datePublished":"2026-01-02T15:25:52+00:00","dateModified":"2026-01-03T20:31:01+00:00","description":"Dia 6 de janeiro de 2026, na Solenidade da Epifania, celebra-se o Dia Mundial da Inf\u00e2ncia Mission\u00e1ria, ou Dia Mission\u00e1rio Mundial das Crian\u00e7as.","breadcrumb":{"@id":"https:\/\/www.cgfmanet.org\/pt-pt\/infosfera-pt-pt\/dia-missionario-mundial-das-criancas-de-2026\/#breadcrumb"},"inLanguage":"pt-PT","potentialAction":[{"@type":"ReadAction","target":["https:\/\/www.cgfmanet.org\/pt-pt\/infosfera-pt-pt\/dia-missionario-mundial-das-criancas-de-2026\/"]}]},{"@type":"ImageObject","inLanguage":"pt-PT","@id":"https:\/\/www.cgfmanet.org\/pt-pt\/infosfera-pt-pt\/dia-missionario-mundial-das-criancas-de-2026\/#primaryimage","url":"https:\/\/www.cgfmanet.org\/wp-content\/uploads\/2026\/01\/Giornata-Missionaria-Ragazzi-2026.jpg","contentUrl":"https:\/\/www.cgfmanet.org\/wp-content\/uploads\/2026\/01\/Giornata-Missionaria-Ragazzi-2026.jpg","width":1200,"height":800},{"@type":"BreadcrumbList","@id":"https:\/\/www.cgfmanet.org\/pt-pt\/infosfera-pt-pt\/dia-missionario-mundial-das-criancas-de-2026\/#breadcrumb","itemListElement":[{"@type":"ListItem","position":1,"name":"Home","item":"https:\/\/www.cgfmanet.org\/pt-pt\/"},{"@type":"ListItem","position":2,"name":"Dia Mission\u00e1rio Mundial das Crian\u00e7as de 2026"}]},{"@type":"WebSite","@id":"https:\/\/www.cgfmanet.org\/es\/#website","url":"https:\/\/www.cgfmanet.org\/es\/","name":"Istituto Figlie di Maria Ausiliatrice","description":"Salesiane di Don Bosco","publisher":{"@id":"https:\/\/www.cgfmanet.org\/es\/#organization"},"potentialAction":[{"@type":"SearchAction","target":{"@type":"EntryPoint","urlTemplate":"https:\/\/www.cgfmanet.org\/es\/?s={search_term_string}"},"query-input":{"@type":"PropertyValueSpecification","valueRequired":true,"valueName":"search_term_string"}}],"inLanguage":"pt-PT"},{"@type":"Organization","@id":"https:\/\/www.cgfmanet.org\/es\/#organization","name":"Istituto Figlie di Maria Ausiliatrice","url":"https:\/\/www.cgfmanet.org\/es\/","logo":{"@type":"ImageObject","inLanguage":"pt-PT","@id":"https:\/\/www.cgfmanet.org\/es\/#\/schema\/logo\/image\/","url":"https:\/\/www.cgfmanet.org\/wp-content\/uploads\/2018\/10\/logo-fma.png","contentUrl":"https:\/\/www.cgfmanet.org\/wp-content\/uploads\/2018\/10\/logo-fma.png","width":214,"height":55,"caption":"Istituto Figlie di Maria Ausiliatrice"},"image":{"@id":"https:\/\/www.cgfmanet.org\/es\/#\/schema\/logo\/image\/"},"sameAs":["https:\/\/www.facebook.com\/salesian.sisters.of.don.bosco\/","https:\/\/x.com\/Cgfmanet_Org","https:\/\/www.youtube.com\/channel\/UCmcr8yFQBV7JXeXVxyV9y5Q"]},{"@type":"Person","@id":"https:\/\/www.cgfmanet.org\/es\/#\/schema\/person\/ce6473083f53ef0ef882cca23f0c8fb9","name":"Redazione"}]}},"_links":{"self":[{"href":"https:\/\/www.cgfmanet.org\/pt-pt\/wp-json\/wp\/v2\/posts\/150191","targetHints":{"allow":["GET"]}}],"collection":[{"href":"https:\/\/www.cgfmanet.org\/pt-pt\/wp-json\/wp\/v2\/posts"}],"about":[{"href":"https:\/\/www.cgfmanet.org\/pt-pt\/wp-json\/wp\/v2\/types\/post"}],"author":[{"embeddable":true,"href":"https:\/\/www.cgfmanet.org\/pt-pt\/wp-json\/wp\/v2\/users\/21"}],"replies":[{"embeddable":true,"href":"https:\/\/www.cgfmanet.org\/pt-pt\/wp-json\/wp\/v2\/comments?post=150191"}],"version-history":[{"count":3,"href":"https:\/\/www.cgfmanet.org\/pt-pt\/wp-json\/wp\/v2\/posts\/150191\/revisions"}],"predecessor-version":[{"id":150280,"href":"https:\/\/www.cgfmanet.org\/pt-pt\/wp-json\/wp\/v2\/posts\/150191\/revisions\/150280"}],"wp:featuredmedia":[{"embeddable":true,"href":"https:\/\/www.cgfmanet.org\/pt-pt\/wp-json\/wp\/v2\/media\/150185"}],"wp:attachment":[{"href":"https:\/\/www.cgfmanet.org\/pt-pt\/wp-json\/wp\/v2\/media?parent=150191"}],"wp:term":[{"taxonomy":"category","embeddable":true,"href":"https:\/\/www.cgfmanet.org\/pt-pt\/wp-json\/wp\/v2\/categories?post=150191"},{"taxonomy":"post_tag","embeddable":true,"href":"https:\/\/www.cgfmanet.org\/pt-pt\/wp-json\/wp\/v2\/tags?post=150191"}],"curies":[{"name":"wp","href":"https:\/\/api.w.org\/{rel}","templated":true}]}}