{"id":150077,"date":"2025-12-31T15:09:52","date_gmt":"2025-12-31T14:09:52","guid":{"rendered":"https:\/\/www.cgfmanet.org\/infosfera-pt-pt\/giornata-mondiale-della-pace-2026\/"},"modified":"2026-01-02T22:38:44","modified_gmt":"2026-01-02T21:38:44","slug":"dia-mundial-da-paz-2026","status":"publish","type":"post","link":"https:\/\/www.cgfmanet.org\/pt-pt\/infosfera-pt-pt\/dia-mundial-da-paz-2026\/","title":{"rendered":"Dia Mundial da Paz 2026"},"content":{"rendered":"<p><strong>Roma (It\u00e1lia). <\/strong>No dia 1\u00ba de janeiro de 2026, celebra-se o 59.\u00ba Dia Mundial da Paz, institu\u00eddo pelo Papa Paulo VI em 1968 \u2014 no in\u00edcio do calend\u00e1rio que mede e descreve o percurso da vida humana no tempo \u2014 com votos de que \u00ab<em>seja a Paz, com o seu equil\u00edbrio justo e ben\u00e9fico, a dominar o desenrolar da hist\u00f3ria futura\u00bb.<\/em><\/p>\n<p>A inten\u00e7\u00e3o de Paulo VI, como Igreja Cat\u00f3lica, era \u00ab<em>com inten\u00e7\u00e3o de servi\u00e7o e de exemplo<\/em>\u00bb, de \u00ab<em>lan\u00e7ar a ideia<\/em>\u00bb, na esperan\u00e7a de obter \u00ab<em>n\u00e3o s\u00f3 o mais amplo consenso do mundo civil, mas que essa ideia encontrasse em toda a parte m\u00faltiplos promotores, h\u00e1beis e v\u00e1lidos para imprimir no \u00abDia da Paz\u00bb, (\u2026) aquele car\u00e1ter sincero e forte de humanidade consciente e redimida de seus tristes e fatais conflitos b\u00e9licos, que saiba dar \u00e0 hist\u00f3ria do mundo um desenvolvimento mais feliz, ordenado e civilizado\u201d.<\/em><\/p>\n<p>Desde ent\u00e3o, os apelos dos Papas pela paz continuam a ser elevados e, nos \u00faltimos anos, tornaram-se cada vez mais sinceros ao constatar o aumento do n\u00famero e a intensifica\u00e7\u00e3o dos conflitos locais e regionais, que o Papa Francisco definiu como \u00ab<em>terceira guerra mundial em peda\u00e7os<\/em>\u00bb.<\/p>\n<p><em><strong>\u00a0\u201cA paz esteja com todos <\/strong><\/em><em>v\u00f3s\u201d \u00e9 o t\u00edtulo da primeira mensagem dada pelo Papa Le\u00e3o <\/em> <em>XIV<\/em> &#8211; <span style=\"color: #0000ff;\"><strong><a style=\"color: #0000ff;\" href=\"https:\/\/www.cgfmanet.org\/pt-pt\/infosfera-pt-pt\/apresentada-a-mensagem-para-o-dia-mundial-da-paz-2026\/\" target=\"_blank\" rel=\"noopener\">apresentada a 18 de dezembro<\/a><\/strong><\/span> na Sala de Imprensa do Vaticano \u2014 para o dia que marca o in\u00edcio do novo ano de 2026. S\u00e3o as mesmas palavras com que se apresentou ao mundo no dia da sua elei\u00e7\u00e3o para o Pontificado, a 8 de maio de 2025: <em>\u201cDesde a noite da minha elei\u00e7\u00e3o como Bispo de Roma, quis incluir a minha sauda\u00e7\u00e3o neste an\u00fancio coral. <strong>E desejo reiter\u00e1-lo: esta \u00e9 a paz do Cristo ressuscitado, uma paz desarmada e desarmante, humilde e perseverante<\/strong>.<\/em> <em>Prov\u00e9m de Deus, Deus que nos ama a todos incondicionalmente<\/em><em>\u201d.<\/em><\/p>\n<p>A mensagem do Papa Le\u00e3o \u00e9 uma mensagem de luz, na qual surge repetidamente o contraste entre as trevas e a luz, porque <em>\u00abver a luz e acreditar nela, \u00e9 necess\u00e1rio para n\u00e3o mergulhar na escurid\u00e3o<\/em>\u00bb. E precisamente porque, ao constatar a situa\u00e7\u00e3o internacional, corre-se o risco de prevalecer um sentimento de des\u00e2nimo e desalento, o Santo Padre anima-nos a reconhecer a luz:<\/p>\n<p><em>\u00a0\u201c<\/em><strong><em>A paz existe, deseja habitar em n\u00f3s<\/em><\/strong><em>, possui o poder suave de iluminar e ampliar a intelig\u00eancia, resiste \u00e0 viol\u00eancia e vence-a. A paz tem o sopro da eternidade: enquanto ao mal se exclama \u2018basta\u2019, \u00e0 paz sussurra-se \u2018para sempre\u2019. (\u2026) O contr\u00e1rio, ou seja, esquecer a luz, infelizmente \u00e9 poss\u00edvel: perde-se, ent\u00e3o, o realismo, cedendo a uma representa\u00e7\u00e3o parcial e distorcida do mundo, sob o signo das trevas e do medo\u00bb.<\/em><\/p>\n<p>Com as palavras de Santo Agostinho, encoraja-nos a \u00ab<em>irradiar por toda a parte o calor luminoso\u00bb: \u00abSe desejais atrair os outros para a paz, sede v\u00f3s os primeiros a t\u00ea-la; sede v\u00f3s os primeiros a permanecer firmes na paz. Para inflamar os outros, v\u00f3s deveis ter, dentro de v\u00f3s, a luz acesa. Quer tenhamos o dom da f\u00e9, quer nos pare\u00e7a n\u00e3o o ter, queridos irm\u00e3os e irm\u00e3s, abram-se \u00e0 paz! <strong>Acolhamo-la e reconhe\u00e7amo-la, em vez de a considerarmos distante e imposs\u00edvel\u00bb.<\/strong><\/em><\/p>\n<p><strong>Uma paz desarmada<\/strong><\/p>\n<p>\u00c9 inevit\u00e1vel mencionar a corrida armamentista, em rela\u00e7\u00e3o \u00e0 qual, tal como o seu antecessor, o Papa Le\u00e3o expressou repetidamente a sua firme discord\u00e2ncia, mesmo recentemente, ao responder aos jornalistas. O exemplo a que se refere \u00e9 o do pr\u00f3prio Jesus, quando, defendido por Pedro, ordena-lhe que guarde a espada na bainha: \u00ab<strong><em>A paz de Jesus ressuscitado \u00e9 desarmada, porque desarmada foi a sua luta,<\/em><\/strong> <em>em circunst\u00e2ncias hist\u00f3ricas, pol\u00edticas e sociais precisas. Os crist\u00e3os devem tornar-se, juntos, testemunhas prof\u00e9ticas desta novidade, mem\u00f3rias das trag\u00e9dias de que muitas vezes se tornaram c\u00famplices\u00bb.<\/em><\/p>\n<p>Como j\u00e1 afirmava S\u00e3o Jo\u00e3o XXIII na enc\u00edclica Pacem in terram, <em>\u00abos seres humanos vivem sob o pesadelo de um furac\u00e3o que pode desencadear-se a qualquer momento com uma viol\u00eancia inimagin\u00e1vel<strong>. Pois as armas<\/strong> <strong>existem<\/strong><\/em><strong>\u00bb<\/strong>. Para sustentar esta afirma\u00e7\u00e3o, o Santo Padre apresenta com precis\u00e3o os dados referentes \u00e0s despesas militares a n\u00edvel mundial, que <strong>aumentaram 9,4%<\/strong> em rela\u00e7\u00e3o ao ano anterior, confirmando a tend\u00eancia ininterrupta dos \u00faltimos dez anos e atingindo o valor de 2,718 bili\u00f5es de d\u00f3lares, ou seja, 2,5% do PIB mundial.<\/p>\n<p>O desafio contra o rearmamento <strong>\u00e9 tamb\u00e9m educativo<\/strong>, pois, infelizmente, as pol\u00edticas, em vez de promoverem uma <em>\u00abcultura da mem\u00f3ria, que preserve a consci\u00eancia adquirida no s\u00e9culo XX e n\u00e3o esque\u00e7a os milh\u00f5es de v\u00edtimas\u00bb<\/em>, atrav\u00e9s dos meios de comunica\u00e7\u00e3o social e dos programas educativos \u00ab<em>difundem a perce\u00e7\u00e3o de amea\u00e7as e transmitem uma no\u00e7\u00e3o meramente armada de defesa e seguran\u00e7a<\/em>\u00bb. Al\u00e9m de denunciar os interesses econ\u00f3micos e financeiros dos particulares que levam os Estados a adotar pol\u00edticas de morte, o Papa exorta tamb\u00e9m a favorecer <em>\u00abo despertar das consci\u00eancias e do pensamento cr\u00edtico\u00bb e a \u00abunir esfor\u00e7os para contribuir mutuamente para uma paz desarmante, uma paz que nasce da abertura e da humildade evang\u00e9lica\u00bb.<\/em><\/p>\n<p><strong>Uma paz disarmante<\/strong><\/p>\n<p>Ainda na Oitava do Natal, \u00e9 particularmente significativa esta parte da Mensagem:<\/p>\n<p>\u201c<strong><em>A bondade \u00e9 desarmante. Talvez por isso Deus se tenha feito crian\u00e7a.<\/em><\/strong><em> O mist\u00e9rio da Encarna\u00e7\u00e3o, que tem o seu ponto m\u00e1ximo na descida aos infernos, come\u00e7a no ventre de uma m\u00e3e jovem e manifesta-se na manjedoura de Bel\u00e9m\u201d.<\/em><\/p>\n<p>N\u00e3o se trata de um in\u00edcio po\u00e9tico e desencantado, mas sim de um apelo para entrar em contacto com a nossa humanidade mais profunda, porque \u00ab<em>Nada tem a capacidade de nos mudar, como um filho. E talvez seja precisamente o pensamento dos nossos filhos, das crian\u00e7as e tamb\u00e9m daqueles que s\u00e3o fr\u00e1geis como elas, que nos transpassa o cora\u00e7\u00e3o\u00bb<\/em> (cf. At 2,37). N\u00e3o basta, ent\u00e3o, reduzir ou mesmo eliminar os armamentos, \u00e9 necess\u00e1rio proceder a um <strong><em>desarmamento integral<\/em><\/strong> \u2013 conceito introduzido pela primeira vez por S\u00e3o Jo\u00e3o XXIII \u2013 atrav\u00e9s da \u00ab<em>renova\u00e7\u00e3o do cora\u00e7\u00e3o e da intelig\u00eancia<\/em>\u00bb e, sobretudo, alimentar a confian\u00e7a no ser humano, pois \u00ab<em>o princ\u00edpio de que a verdadeira paz s\u00f3 pode ser constru\u00edda na confian\u00e7a m\u00fatua\u00bb.<\/em><\/p>\n<p><em>\u00a0\u201cConsideramos que se trata de um objetivo que pode ser alcan\u00e7ado<\/em><em>\u201d, afirmava o Papa Jo\u00e3o, mas tamb\u00e9m deve ser desejado<\/em><em>, e \u201cum servi\u00e7o fundamental que as religi\u00f5es devem prestar \u00e0 humanidade sofredora\u201d <\/em><em>\u00e9 vigiar<\/em><em> \u201ca crescente tentativa de transformar em armas at\u00e9 mesmo os pensamentos e as palavras\u201d, <\/em><em>em vez de<\/em><em> \u201ccultivar a ora\u00e7\u00e3o, a espiritualidade, o di\u00e1logo ecum\u00e9nico e inter-religioso como caminhos de paz e linguagens de encontro entre tradi\u00e7\u00f5es e culturas\u00bb <\/em><em>para sermos, como comunidades<\/em><em>, \u00ab<\/em><em>casas de paz<\/em><em>\u00bb: <strong>\u00abHoje, mais do que nunca, \u00e9 necess\u00e1rio mostrar que a paz n\u00e3o \u00e9 uma utopia, atrav\u00e9s de uma criatividade pastoral atenta e generativa\u00bb.<\/strong><\/em><\/p>\n<p><strong>Ao terminar o ano jubilar<\/strong>, antes de encerrar a \u00faltima Porta Santa, a de S\u00e3o Pedro, a 6 de janeiro, aberta pelo Papa Francisco, em 24 de dezembro de 2024, a Mensagem termina com o apelo a \u00ab<em>motivar e apoiar todas as iniciativas espirituais, culturais e pol\u00edticas que <\/em><em>mantenham viva a esperan\u00e7a<\/em><em>, combatendo a difus\u00e3o de atitudes fatalistas<\/em>\u00bb, juntamente com a falta de esperan\u00e7a e a desconfian\u00e7a constante, disseminadas na sociedade atual:<\/p>\n<p><em>\u00a0\u201cQue este seja um fruto do Jubileu da Esperan\u00e7a, que motivou milh\u00f5es de seres humanos a redescobrirem-se como peregrinos e a iniciarem em si mesmos aquele desarmamento do cora\u00e7\u00e3o, da mente e da vida, ao qual Deus n\u00e3o tardar\u00e1 em responder, cumprindo as suas promessas&#8221;.<\/em><\/p>\n<p><span style=\"color: #0000ff;\"><a style=\"color: #0000ff;\" href=\"https:\/\/www.vatican.va\/content\/leo-xiv\/it\/messages\/peace\/documents\/20251208-messaggio-pace.html\" target=\"_blank\" rel=\"noopener\"><strong>Texto completo<\/strong><\/a><\/span><\/p>\n","protected":false},"excerpt":{"rendered":"<p>Roma (It\u00e1lia). No dia 1\u00ba de janeiro de 2026, celebra-se o 59.\u00ba Dia Mundial da Paz, institu\u00eddo pelo Papa Paulo VI em 1968 \u2014 no in\u00edcio do calend\u00e1rio que mede [&hellip;]<\/p>\n","protected":false},"author":21,"featured_media":150072,"comment_status":"open","ping_status":"closed","sticky":false,"template":"","format":"standard","meta":{"footnotes":""},"categories":[38,189],"tags":[324,1829,1930,2490],"class_list":["post-150077","post","type-post","status-publish","format-standard","has-post-thumbnail","category-infosfera-pt-pt","category-igreja","tag-jornada-mundial-da-paz","tag-paz","tag-focus-pt-pt","tag-papa-leao-xiv"],"yoast_head":"<!-- This site is optimized with the Yoast SEO plugin v27.4 - https:\/\/yoast.com\/product\/yoast-seo-wordpress\/ -->\n<title>Dia Mundial da Paz 2026 &#8226; Istituto Figlie di Maria Ausiliatrice<\/title>\n<meta name=\"description\" content=\"Il 1\u00b0 gennaio 2026 si celebra la 59a Giornata mondiale della Pace con il tema \u201cLa pace sia con tutti voi. Verso una pace disarmata e disarmante\u201d.\" \/>\n<meta name=\"robots\" content=\"index, follow, max-snippet:-1, max-image-preview:large, max-video-preview:-1\" \/>\n<link rel=\"canonical\" href=\"https:\/\/www.cgfmanet.org\/pt-pt\/infosfera-pt-pt\/dia-mundial-da-paz-2026\/\" \/>\n<meta property=\"og:locale\" content=\"pt_PT\" \/>\n<meta property=\"og:type\" content=\"article\" \/>\n<meta property=\"og:title\" content=\"Dia Mundial da Paz 2026 &#8226; Istituto Figlie di Maria Ausiliatrice\" \/>\n<meta property=\"og:description\" content=\"Il 1\u00b0 gennaio 2026 si celebra la 59a Giornata mondiale della Pace con il tema \u201cLa pace sia con tutti voi. Verso una pace disarmata e disarmante\u201d.\" \/>\n<meta property=\"og:url\" content=\"https:\/\/www.cgfmanet.org\/pt-pt\/infosfera-pt-pt\/dia-mundial-da-paz-2026\/\" \/>\n<meta property=\"og:site_name\" content=\"Istituto Figlie di Maria Ausiliatrice\" \/>\n<meta property=\"article:publisher\" content=\"https:\/\/www.facebook.com\/salesian.sisters.of.don.bosco\/\" \/>\n<meta property=\"article:published_time\" content=\"2025-12-31T14:09:52+00:00\" \/>\n<meta property=\"article:modified_time\" content=\"2026-01-02T21:38:44+00:00\" \/>\n<meta property=\"og:image\" content=\"https:\/\/www.cgfmanet.org\/wp-content\/uploads\/2025\/12\/Giornata-mondiale-Pace-2026.jpg\" \/>\n\t<meta property=\"og:image:width\" content=\"1181\" \/>\n\t<meta property=\"og:image:height\" content=\"787\" \/>\n\t<meta property=\"og:image:type\" content=\"image\/jpeg\" \/>\n<meta name=\"author\" content=\"Redazione\" \/>\n<meta name=\"twitter:card\" content=\"summary_large_image\" \/>\n<meta name=\"twitter:creator\" content=\"@Cgfmanet_Org\" \/>\n<meta name=\"twitter:site\" content=\"@Cgfmanet_Org\" \/>\n<meta name=\"twitter:label1\" content=\"Escrito por\" \/>\n\t<meta name=\"twitter:data1\" content=\"Redazione\" \/>\n\t<meta name=\"twitter:label2\" content=\"Tempo estimado de leitura\" \/>\n\t<meta name=\"twitter:data2\" content=\"7 minutos\" \/>\n<script type=\"application\/ld+json\" class=\"yoast-schema-graph\">{\"@context\":\"https:\\\/\\\/schema.org\",\"@graph\":[{\"@type\":\"Article\",\"@id\":\"https:\\\/\\\/www.cgfmanet.org\\\/pt-pt\\\/infosfera-pt-pt\\\/dia-mundial-da-paz-2026\\\/#article\",\"isPartOf\":{\"@id\":\"https:\\\/\\\/www.cgfmanet.org\\\/pt-pt\\\/infosfera-pt-pt\\\/dia-mundial-da-paz-2026\\\/\"},\"author\":{\"name\":\"Redazione\",\"@id\":\"https:\\\/\\\/www.cgfmanet.org\\\/es\\\/#\\\/schema\\\/person\\\/ce6473083f53ef0ef882cca23f0c8fb9\"},\"headline\":\"Dia Mundial da Paz 2026\",\"datePublished\":\"2025-12-31T14:09:52+00:00\",\"dateModified\":\"2026-01-02T21:38:44+00:00\",\"mainEntityOfPage\":{\"@id\":\"https:\\\/\\\/www.cgfmanet.org\\\/pt-pt\\\/infosfera-pt-pt\\\/dia-mundial-da-paz-2026\\\/\"},\"wordCount\":1330,\"commentCount\":0,\"publisher\":{\"@id\":\"https:\\\/\\\/www.cgfmanet.org\\\/es\\\/#organization\"},\"image\":{\"@id\":\"https:\\\/\\\/www.cgfmanet.org\\\/pt-pt\\\/infosfera-pt-pt\\\/dia-mundial-da-paz-2026\\\/#primaryimage\"},\"thumbnailUrl\":\"https:\\\/\\\/www.cgfmanet.org\\\/wp-content\\\/uploads\\\/2025\\\/12\\\/Giornata-mondiale-Pace-2026.jpg\",\"keywords\":[\"Jornada Mundial da Paz\",\"Paz\",\"Focus\",\"Papa Le\u00e3o XIV\"],\"articleSection\":[\"Infosfera\",\"Igreja\"],\"inLanguage\":\"pt-PT\",\"potentialAction\":[{\"@type\":\"CommentAction\",\"name\":\"Comment\",\"target\":[\"https:\\\/\\\/www.cgfmanet.org\\\/pt-pt\\\/infosfera-pt-pt\\\/dia-mundial-da-paz-2026\\\/#respond\"]}]},{\"@type\":\"WebPage\",\"@id\":\"https:\\\/\\\/www.cgfmanet.org\\\/pt-pt\\\/infosfera-pt-pt\\\/dia-mundial-da-paz-2026\\\/\",\"url\":\"https:\\\/\\\/www.cgfmanet.org\\\/pt-pt\\\/infosfera-pt-pt\\\/dia-mundial-da-paz-2026\\\/\",\"name\":\"Dia Mundial da Paz 2026 &#8226; Istituto Figlie di Maria Ausiliatrice\",\"isPartOf\":{\"@id\":\"https:\\\/\\\/www.cgfmanet.org\\\/es\\\/#website\"},\"primaryImageOfPage\":{\"@id\":\"https:\\\/\\\/www.cgfmanet.org\\\/pt-pt\\\/infosfera-pt-pt\\\/dia-mundial-da-paz-2026\\\/#primaryimage\"},\"image\":{\"@id\":\"https:\\\/\\\/www.cgfmanet.org\\\/pt-pt\\\/infosfera-pt-pt\\\/dia-mundial-da-paz-2026\\\/#primaryimage\"},\"thumbnailUrl\":\"https:\\\/\\\/www.cgfmanet.org\\\/wp-content\\\/uploads\\\/2025\\\/12\\\/Giornata-mondiale-Pace-2026.jpg\",\"datePublished\":\"2025-12-31T14:09:52+00:00\",\"dateModified\":\"2026-01-02T21:38:44+00:00\",\"description\":\"Il 1\u00b0 gennaio 2026 si celebra la 59a Giornata mondiale della Pace con il tema \u201cLa pace sia con tutti voi. Verso una pace disarmata e disarmante\u201d.\",\"breadcrumb\":{\"@id\":\"https:\\\/\\\/www.cgfmanet.org\\\/pt-pt\\\/infosfera-pt-pt\\\/dia-mundial-da-paz-2026\\\/#breadcrumb\"},\"inLanguage\":\"pt-PT\",\"potentialAction\":[{\"@type\":\"ReadAction\",\"target\":[\"https:\\\/\\\/www.cgfmanet.org\\\/pt-pt\\\/infosfera-pt-pt\\\/dia-mundial-da-paz-2026\\\/\"]}]},{\"@type\":\"ImageObject\",\"inLanguage\":\"pt-PT\",\"@id\":\"https:\\\/\\\/www.cgfmanet.org\\\/pt-pt\\\/infosfera-pt-pt\\\/dia-mundial-da-paz-2026\\\/#primaryimage\",\"url\":\"https:\\\/\\\/www.cgfmanet.org\\\/wp-content\\\/uploads\\\/2025\\\/12\\\/Giornata-mondiale-Pace-2026.jpg\",\"contentUrl\":\"https:\\\/\\\/www.cgfmanet.org\\\/wp-content\\\/uploads\\\/2025\\\/12\\\/Giornata-mondiale-Pace-2026.jpg\",\"width\":1181,\"height\":787},{\"@type\":\"BreadcrumbList\",\"@id\":\"https:\\\/\\\/www.cgfmanet.org\\\/pt-pt\\\/infosfera-pt-pt\\\/dia-mundial-da-paz-2026\\\/#breadcrumb\",\"itemListElement\":[{\"@type\":\"ListItem\",\"position\":1,\"name\":\"Home\",\"item\":\"https:\\\/\\\/www.cgfmanet.org\\\/pt-pt\\\/\"},{\"@type\":\"ListItem\",\"position\":2,\"name\":\"Dia Mundial da Paz 2026\"}]},{\"@type\":\"WebSite\",\"@id\":\"https:\\\/\\\/www.cgfmanet.org\\\/es\\\/#website\",\"url\":\"https:\\\/\\\/www.cgfmanet.org\\\/es\\\/\",\"name\":\"Istituto Figlie di Maria Ausiliatrice\",\"description\":\"Salesiane di Don Bosco\",\"publisher\":{\"@id\":\"https:\\\/\\\/www.cgfmanet.org\\\/es\\\/#organization\"},\"potentialAction\":[{\"@type\":\"SearchAction\",\"target\":{\"@type\":\"EntryPoint\",\"urlTemplate\":\"https:\\\/\\\/www.cgfmanet.org\\\/es\\\/?s={search_term_string}\"},\"query-input\":{\"@type\":\"PropertyValueSpecification\",\"valueRequired\":true,\"valueName\":\"search_term_string\"}}],\"inLanguage\":\"pt-PT\"},{\"@type\":\"Organization\",\"@id\":\"https:\\\/\\\/www.cgfmanet.org\\\/es\\\/#organization\",\"name\":\"Istituto Figlie di Maria Ausiliatrice\",\"url\":\"https:\\\/\\\/www.cgfmanet.org\\\/es\\\/\",\"logo\":{\"@type\":\"ImageObject\",\"inLanguage\":\"pt-PT\",\"@id\":\"https:\\\/\\\/www.cgfmanet.org\\\/es\\\/#\\\/schema\\\/logo\\\/image\\\/\",\"url\":\"https:\\\/\\\/www.cgfmanet.org\\\/wp-content\\\/uploads\\\/2018\\\/10\\\/logo-fma.png\",\"contentUrl\":\"https:\\\/\\\/www.cgfmanet.org\\\/wp-content\\\/uploads\\\/2018\\\/10\\\/logo-fma.png\",\"width\":214,\"height\":55,\"caption\":\"Istituto Figlie di Maria Ausiliatrice\"},\"image\":{\"@id\":\"https:\\\/\\\/www.cgfmanet.org\\\/es\\\/#\\\/schema\\\/logo\\\/image\\\/\"},\"sameAs\":[\"https:\\\/\\\/www.facebook.com\\\/salesian.sisters.of.don.bosco\\\/\",\"https:\\\/\\\/x.com\\\/Cgfmanet_Org\",\"https:\\\/\\\/www.youtube.com\\\/channel\\\/UCmcr8yFQBV7JXeXVxyV9y5Q\"]},{\"@type\":\"Person\",\"@id\":\"https:\\\/\\\/www.cgfmanet.org\\\/es\\\/#\\\/schema\\\/person\\\/ce6473083f53ef0ef882cca23f0c8fb9\",\"name\":\"Redazione\"}]}<\/script>\n<!-- \/ Yoast SEO plugin. -->","yoast_head_json":{"title":"Dia Mundial da Paz 2026 &#8226; Istituto Figlie di Maria Ausiliatrice","description":"Il 1\u00b0 gennaio 2026 si celebra la 59a Giornata mondiale della Pace con il tema \u201cLa pace sia con tutti voi. Verso una pace disarmata e disarmante\u201d.","robots":{"index":"index","follow":"follow","max-snippet":"max-snippet:-1","max-image-preview":"max-image-preview:large","max-video-preview":"max-video-preview:-1"},"canonical":"https:\/\/www.cgfmanet.org\/pt-pt\/infosfera-pt-pt\/dia-mundial-da-paz-2026\/","og_locale":"pt_PT","og_type":"article","og_title":"Dia Mundial da Paz 2026 &#8226; Istituto Figlie di Maria Ausiliatrice","og_description":"Il 1\u00b0 gennaio 2026 si celebra la 59a Giornata mondiale della Pace con il tema \u201cLa pace sia con tutti voi. Verso una pace disarmata e disarmante\u201d.","og_url":"https:\/\/www.cgfmanet.org\/pt-pt\/infosfera-pt-pt\/dia-mundial-da-paz-2026\/","og_site_name":"Istituto Figlie di Maria Ausiliatrice","article_publisher":"https:\/\/www.facebook.com\/salesian.sisters.of.don.bosco\/","article_published_time":"2025-12-31T14:09:52+00:00","article_modified_time":"2026-01-02T21:38:44+00:00","og_image":[{"width":1181,"height":787,"url":"https:\/\/www.cgfmanet.org\/wp-content\/uploads\/2025\/12\/Giornata-mondiale-Pace-2026.jpg","type":"image\/jpeg"}],"author":"Redazione","twitter_card":"summary_large_image","twitter_creator":"@Cgfmanet_Org","twitter_site":"@Cgfmanet_Org","twitter_misc":{"Escrito por":"Redazione","Tempo estimado de leitura":"7 minutos"},"schema":{"@context":"https:\/\/schema.org","@graph":[{"@type":"Article","@id":"https:\/\/www.cgfmanet.org\/pt-pt\/infosfera-pt-pt\/dia-mundial-da-paz-2026\/#article","isPartOf":{"@id":"https:\/\/www.cgfmanet.org\/pt-pt\/infosfera-pt-pt\/dia-mundial-da-paz-2026\/"},"author":{"name":"Redazione","@id":"https:\/\/www.cgfmanet.org\/es\/#\/schema\/person\/ce6473083f53ef0ef882cca23f0c8fb9"},"headline":"Dia Mundial da Paz 2026","datePublished":"2025-12-31T14:09:52+00:00","dateModified":"2026-01-02T21:38:44+00:00","mainEntityOfPage":{"@id":"https:\/\/www.cgfmanet.org\/pt-pt\/infosfera-pt-pt\/dia-mundial-da-paz-2026\/"},"wordCount":1330,"commentCount":0,"publisher":{"@id":"https:\/\/www.cgfmanet.org\/es\/#organization"},"image":{"@id":"https:\/\/www.cgfmanet.org\/pt-pt\/infosfera-pt-pt\/dia-mundial-da-paz-2026\/#primaryimage"},"thumbnailUrl":"https:\/\/www.cgfmanet.org\/wp-content\/uploads\/2025\/12\/Giornata-mondiale-Pace-2026.jpg","keywords":["Jornada Mundial da Paz","Paz","Focus","Papa Le\u00e3o XIV"],"articleSection":["Infosfera","Igreja"],"inLanguage":"pt-PT","potentialAction":[{"@type":"CommentAction","name":"Comment","target":["https:\/\/www.cgfmanet.org\/pt-pt\/infosfera-pt-pt\/dia-mundial-da-paz-2026\/#respond"]}]},{"@type":"WebPage","@id":"https:\/\/www.cgfmanet.org\/pt-pt\/infosfera-pt-pt\/dia-mundial-da-paz-2026\/","url":"https:\/\/www.cgfmanet.org\/pt-pt\/infosfera-pt-pt\/dia-mundial-da-paz-2026\/","name":"Dia Mundial da Paz 2026 &#8226; Istituto Figlie di Maria Ausiliatrice","isPartOf":{"@id":"https:\/\/www.cgfmanet.org\/es\/#website"},"primaryImageOfPage":{"@id":"https:\/\/www.cgfmanet.org\/pt-pt\/infosfera-pt-pt\/dia-mundial-da-paz-2026\/#primaryimage"},"image":{"@id":"https:\/\/www.cgfmanet.org\/pt-pt\/infosfera-pt-pt\/dia-mundial-da-paz-2026\/#primaryimage"},"thumbnailUrl":"https:\/\/www.cgfmanet.org\/wp-content\/uploads\/2025\/12\/Giornata-mondiale-Pace-2026.jpg","datePublished":"2025-12-31T14:09:52+00:00","dateModified":"2026-01-02T21:38:44+00:00","description":"Il 1\u00b0 gennaio 2026 si celebra la 59a Giornata mondiale della Pace con il tema \u201cLa pace sia con tutti voi. Verso una pace disarmata e disarmante\u201d.","breadcrumb":{"@id":"https:\/\/www.cgfmanet.org\/pt-pt\/infosfera-pt-pt\/dia-mundial-da-paz-2026\/#breadcrumb"},"inLanguage":"pt-PT","potentialAction":[{"@type":"ReadAction","target":["https:\/\/www.cgfmanet.org\/pt-pt\/infosfera-pt-pt\/dia-mundial-da-paz-2026\/"]}]},{"@type":"ImageObject","inLanguage":"pt-PT","@id":"https:\/\/www.cgfmanet.org\/pt-pt\/infosfera-pt-pt\/dia-mundial-da-paz-2026\/#primaryimage","url":"https:\/\/www.cgfmanet.org\/wp-content\/uploads\/2025\/12\/Giornata-mondiale-Pace-2026.jpg","contentUrl":"https:\/\/www.cgfmanet.org\/wp-content\/uploads\/2025\/12\/Giornata-mondiale-Pace-2026.jpg","width":1181,"height":787},{"@type":"BreadcrumbList","@id":"https:\/\/www.cgfmanet.org\/pt-pt\/infosfera-pt-pt\/dia-mundial-da-paz-2026\/#breadcrumb","itemListElement":[{"@type":"ListItem","position":1,"name":"Home","item":"https:\/\/www.cgfmanet.org\/pt-pt\/"},{"@type":"ListItem","position":2,"name":"Dia Mundial da Paz 2026"}]},{"@type":"WebSite","@id":"https:\/\/www.cgfmanet.org\/es\/#website","url":"https:\/\/www.cgfmanet.org\/es\/","name":"Istituto Figlie di Maria Ausiliatrice","description":"Salesiane di Don Bosco","publisher":{"@id":"https:\/\/www.cgfmanet.org\/es\/#organization"},"potentialAction":[{"@type":"SearchAction","target":{"@type":"EntryPoint","urlTemplate":"https:\/\/www.cgfmanet.org\/es\/?s={search_term_string}"},"query-input":{"@type":"PropertyValueSpecification","valueRequired":true,"valueName":"search_term_string"}}],"inLanguage":"pt-PT"},{"@type":"Organization","@id":"https:\/\/www.cgfmanet.org\/es\/#organization","name":"Istituto Figlie di Maria Ausiliatrice","url":"https:\/\/www.cgfmanet.org\/es\/","logo":{"@type":"ImageObject","inLanguage":"pt-PT","@id":"https:\/\/www.cgfmanet.org\/es\/#\/schema\/logo\/image\/","url":"https:\/\/www.cgfmanet.org\/wp-content\/uploads\/2018\/10\/logo-fma.png","contentUrl":"https:\/\/www.cgfmanet.org\/wp-content\/uploads\/2018\/10\/logo-fma.png","width":214,"height":55,"caption":"Istituto Figlie di Maria Ausiliatrice"},"image":{"@id":"https:\/\/www.cgfmanet.org\/es\/#\/schema\/logo\/image\/"},"sameAs":["https:\/\/www.facebook.com\/salesian.sisters.of.don.bosco\/","https:\/\/x.com\/Cgfmanet_Org","https:\/\/www.youtube.com\/channel\/UCmcr8yFQBV7JXeXVxyV9y5Q"]},{"@type":"Person","@id":"https:\/\/www.cgfmanet.org\/es\/#\/schema\/person\/ce6473083f53ef0ef882cca23f0c8fb9","name":"Redazione"}]}},"_links":{"self":[{"href":"https:\/\/www.cgfmanet.org\/pt-pt\/wp-json\/wp\/v2\/posts\/150077","targetHints":{"allow":["GET"]}}],"collection":[{"href":"https:\/\/www.cgfmanet.org\/pt-pt\/wp-json\/wp\/v2\/posts"}],"about":[{"href":"https:\/\/www.cgfmanet.org\/pt-pt\/wp-json\/wp\/v2\/types\/post"}],"author":[{"embeddable":true,"href":"https:\/\/www.cgfmanet.org\/pt-pt\/wp-json\/wp\/v2\/users\/21"}],"replies":[{"embeddable":true,"href":"https:\/\/www.cgfmanet.org\/pt-pt\/wp-json\/wp\/v2\/comments?post=150077"}],"version-history":[{"count":3,"href":"https:\/\/www.cgfmanet.org\/pt-pt\/wp-json\/wp\/v2\/posts\/150077\/revisions"}],"predecessor-version":[{"id":150257,"href":"https:\/\/www.cgfmanet.org\/pt-pt\/wp-json\/wp\/v2\/posts\/150077\/revisions\/150257"}],"wp:featuredmedia":[{"embeddable":true,"href":"https:\/\/www.cgfmanet.org\/pt-pt\/wp-json\/wp\/v2\/media\/150072"}],"wp:attachment":[{"href":"https:\/\/www.cgfmanet.org\/pt-pt\/wp-json\/wp\/v2\/media?parent=150077"}],"wp:term":[{"taxonomy":"category","embeddable":true,"href":"https:\/\/www.cgfmanet.org\/pt-pt\/wp-json\/wp\/v2\/categories?post=150077"},{"taxonomy":"post_tag","embeddable":true,"href":"https:\/\/www.cgfmanet.org\/pt-pt\/wp-json\/wp\/v2\/tags?post=150077"}],"curies":[{"name":"wp","href":"https:\/\/api.w.org\/{rel}","templated":true}]}}