{"id":149766,"date":"2025-12-23T09:51:43","date_gmt":"2025-12-23T08:51:43","guid":{"rendered":"https:\/\/www.cgfmanet.org\/infosfera-pt-pt\/la-metodologia-nella-catechesi-2a-parte\/"},"modified":"2025-12-27T22:43:29","modified_gmt":"2025-12-27T21:43:29","slug":"a-metodologia-na-catequese-2a-parte","status":"publish","type":"post","link":"https:\/\/www.cgfmanet.org\/pt-pt\/ifma-pt-pt\/a-metodologia-na-catequese-2a-parte\/","title":{"rendered":"A metodologia na Catequese \u2013 2\u00aa parte"},"content":{"rendered":"<p><strong>Roma (It\u00e1lia). <\/strong>De 9 a 15 de dezembro de 2025 realizou-se, em transmiss\u00e3o ao vivo, a segunda parte do ciclo de semin\u00e1rios dedicados \u00e0 metodologia catequ\u00e9tica, promovido pela <strong><span style=\"color: #0000ff;\"><a style=\"color: #0000ff;\" href=\"https:\/\/www.cgfmanet.org\/pt-pt\/ifma-pt-pt\/carisma-salesiano-pt\/encontro-da-comissao-internacional-de-catequese\/\" target=\"_blank\" rel=\"noopener\">Comiss\u00e3o Internacional de Catequese das FMA<\/a><\/span><\/strong>. Participaram dos semin\u00e1rios numerosos\/as catequistas e comunidades, confirmando a urg\u00eancia de um renovado impulso no an\u00fancio da f\u00e9.<\/p>\n<p>Nesse contexto de confronto internacional, a Comiss\u00e3o entrevistou a <strong>irm\u00e3 Josmy Jose<\/strong>, docente de Metodologia Catequ\u00e9tica na Pontif\u00edcia Faculdade de Ci\u00eancias da Educa\u00e7\u00e3o \u201cAuxilium\u201d e membro da pr\u00f3pria Comiss\u00e3o. Suas reflex\u00f5es lan\u00e7am luz sobre o percurso iniciado para responder ao apelo do Cap\u00edtulo Geral XXIV de \u201cdar um novo impulso \u00e0 catequese\u201d.<\/p>\n<p><strong>Quanto \u00e0 prepara\u00e7\u00e3o dos temas para o s\u00e9timo semin\u00e1rio<\/strong>, a irm\u00e3 Josmy destacou como foi, mais do que um trabalho metodol\u00f3gico, um verdadeiro exerc\u00edcio de discernimento pessoal e eclesial. O principal desafio n\u00e3o foi \u201cdizer tudo\u201d, mas selecionar o essencial: aquilo que realmente pode ajudar, hoje, a gerar \u00e0 f\u00e9.<\/p>\n<p>Isso exigiu uma mudan\u00e7a de perspectiva fundamental: conceber a catequese n\u00e3o como uma transmiss\u00e3o ordenada de no\u00e7\u00f5es, mas como uma media\u00e7\u00e3o concreta da a\u00e7\u00e3o de Deus na vida das pessoas. Como recorda o Diret\u00f3rio para a Catequese, \u201co itiner\u00e1rio da f\u00e9 \u00e9 um processo gradual e cont\u00ednuo\u201d (n. 61), que respeita os tempos de matura\u00e7\u00e3o de cada um, aspecto crucial numa \u00e9poca de profundas transforma\u00e7\u00f5es culturais e generacionais.<\/p>\n<p>A irm\u00e3 Josmy ressaltou ainda que o planejamento catequ\u00e9tico \u00e9, por si s\u00f3, um ato espiritual. N\u00e3o se trata apenas de planejar atividades, mas de colocar-se \u00e0 escuta do Esp\u00edrito, das perguntas aut\u00eanticas das comunidades, das dificuldades e expectativas de catequistas, fam\u00edlias, adolescentes e jovens. Projetar um caminho significa partir das pessoas concretas, de seu contexto cultural, das suas perguntas existenciais, integrando an\u00fancio, celebra\u00e7\u00e3o, testemunho e caridade numa \u00fanica experi\u00eancia de f\u00e9.<\/p>\n<p>Entre os temas abordados, <strong>dois em particular se destacaram como priorit\u00e1rios<\/strong>: a necessidade de conceber o itiner\u00e1rio como verdadeiro processo de inicia\u00e7\u00e3o \u00e0 vida crist\u00e3, superando a vis\u00e3o reducionista de simples sucess\u00e3o de encontros e a urg\u00eancia de repensar os m\u00e9todos da catequese com adolescentes e jovens, que crescem num contexto cultural digital, fragmentado e fortemente experiencial.<\/p>\n<p>Sobre a participa\u00e7\u00e3o internacional, a irm\u00e3 Josmy observou que, al\u00e9m dos n\u00fameros, o maior valor apareceu na qualidade da partilha e do di\u00e1logo. As interven\u00e7\u00f5es, perguntas e resson\u00e2ncias criaram um espa\u00e7o de escuta rec\u00edproca que enriqueceu todos os participantes, provenientes de contextos culturais e eclesiais muito diversos. Dos contributos emergiu um desejo profundo: n\u00e3o tanto o de \u201caprender novas t\u00e9cnicas\u201d, mas o de reencontrar sentido, dire\u00e7\u00e3o e confian\u00e7a no pr\u00f3prio servi\u00e7o catequ\u00e9tico, sentindo-se parte de um caminho comum. Os semin\u00e1rios foram percebidos como um espa\u00e7o de acompanhamento, reconhecimento e comunh\u00e3o.<\/p>\n<p>Quanto \u00e0 concretiza\u00e7\u00e3o do lema \u201cJuntos para dar um novo impulso \u00e0 catequese\u201d, a irm\u00e3 Josmy observou que, em diversas Inspetorias, j\u00e1 se percebem sinais desse dinamismo, especialmente onde se trabalha de forma mais sinodal, envolvendo equipes catequ\u00e9ticas e investindo na forma\u00e7\u00e3o cont\u00ednua. O novo impulso surge quando a catequese deixa de ser um \u201csetor\u201d isolado e se torna um processo partilhado, ligado \u00e0 liturgia, \u00e0 vida comunit\u00e1ria e \u00e0 miss\u00e3o. Nota-se, por exemplo, maior aten\u00e7\u00e3o ao planejamento anual dos itiner\u00e1rios e ao cuidado com os encontros como verdadeiros \u201ceventos de gra\u00e7a\u201d.<\/p>\n<p>No entanto, permanecem resist\u00eancias significativas, ligadas sobretudo \u00e0 mudan\u00e7a de mentalidade: abandonar a seguran\u00e7a de esquemas conhecidos e programas padronizados para abra\u00e7ar uma l\u00f3gica de acompanhamento que exige tempo, escuta e paci\u00eancia. Em alguns contextos persiste uma vis\u00e3o funcional da catequese, ligada principalmente \u00e0 prepara\u00e7\u00e3o sacramental. O desafio mais profundo, portanto, n\u00e3o \u00e9 apenas organizativo, mas espiritual e cultural: crer verdadeiramente que a f\u00e9 cresce por processos e que a tarefa do educador \u00e9 preparar o terreno, n\u00e3o controlar os resultados. O futuro de uma catequese incisiva passa pela capacidade de manter juntos rigor no planejamento e docilidade ao Esp\u00edrito.<\/p>\n<p>O percurso continua: o ciclo de forma\u00e7\u00e3o prossegue de 9 a 15 de mar\u00e7o de 2026, com o semin\u00e1rio dedicado \u00e0 metodologia na catequese (terceira parte).<\/p>\n<p><strong>Os v\u00eddeos est\u00e3o publicados no canal do <\/strong><strong>\u00a0YouTube<\/strong> <span style=\"color: #0000ff;\"><strong><a style=\"color: #0000ff;\" href=\"https:\/\/www.youtube.com\/@fmaambitopg7500\/videos\" target=\"_blank\" rel=\"noopener\">FMA Ambito PG<\/a><\/strong><\/span>, onde tamb\u00e9m \u00e9 poss\u00edvel encontrar um link para baixar o material utilizado.<\/p>\n","protected":false},"excerpt":{"rendered":"<p>Roma (It\u00e1lia). De 9 a 15 de dezembro de 2025 realizou-se, em transmiss\u00e3o ao vivo, a segunda parte do ciclo de semin\u00e1rios dedicados \u00e0 metodologia catequ\u00e9tica, promovido pela Comiss\u00e3o Internacional [&hellip;]<\/p>\n","protected":false},"author":21,"featured_media":149761,"comment_status":"open","ping_status":"closed","sticky":false,"template":"","format":"standard","meta":{"footnotes":""},"categories":[159,171],"tags":[1089,1537],"class_list":["post-149766","post","type-post","status-publish","format-standard","has-post-thumbnail","category-ifma-pt-pt","category-encontros-seminarios","tag-catequese","tag-pastoral-juvenil-pt-pt"],"yoast_head":"<!-- This site is optimized with the Yoast SEO plugin v27.4 - https:\/\/yoast.com\/product\/yoast-seo-wordpress\/ -->\n<title>A metodologia na Catequese \u2013 2\u00aa parte &#8226; Istituto Figlie di Maria Ausiliatrice<\/title>\n<meta name=\"description\" content=\"De 9 a 15 de dezembro de 2025 realizou-se, em transmiss\u00e3o ao vivo, a segunda parte do ciclo de semin\u00e1rios dedicados \u00e0 metodologia catequ\u00e9tica, promovido pela Comiss\u00e3o Internacional de Catequese das FMA.\" \/>\n<meta name=\"robots\" content=\"index, follow, max-snippet:-1, max-image-preview:large, max-video-preview:-1\" \/>\n<link rel=\"canonical\" href=\"https:\/\/www.cgfmanet.org\/pt-pt\/ifma-pt-pt\/a-metodologia-na-catequese-2a-parte\/\" \/>\n<meta property=\"og:locale\" content=\"pt_PT\" \/>\n<meta property=\"og:type\" content=\"article\" \/>\n<meta property=\"og:title\" content=\"A metodologia na Catequese \u2013 2\u00aa parte &#8226; Istituto Figlie di Maria Ausiliatrice\" \/>\n<meta property=\"og:description\" content=\"De 9 a 15 de dezembro de 2025 realizou-se, em transmiss\u00e3o ao vivo, a segunda parte do ciclo de semin\u00e1rios dedicados \u00e0 metodologia catequ\u00e9tica, promovido pela Comiss\u00e3o Internacional de Catequese das FMA.\" \/>\n<meta property=\"og:url\" content=\"https:\/\/www.cgfmanet.org\/pt-pt\/ifma-pt-pt\/a-metodologia-na-catequese-2a-parte\/\" \/>\n<meta property=\"og:site_name\" content=\"Istituto Figlie di Maria Ausiliatrice\" \/>\n<meta property=\"article:publisher\" content=\"https:\/\/www.facebook.com\/salesian.sisters.of.don.bosco\/\" \/>\n<meta property=\"article:published_time\" content=\"2025-12-23T08:51:43+00:00\" \/>\n<meta property=\"article:modified_time\" content=\"2025-12-27T21:43:29+00:00\" \/>\n<meta property=\"og:image\" content=\"https:\/\/www.cgfmanet.org\/wp-content\/uploads\/2025\/12\/7\u00b0-Webinar-catechesi_ITA.jpg\" \/>\n\t<meta property=\"og:image:width\" content=\"1200\" \/>\n\t<meta property=\"og:image:height\" content=\"800\" \/>\n\t<meta property=\"og:image:type\" content=\"image\/jpeg\" \/>\n<meta name=\"author\" content=\"Redazione\" \/>\n<meta name=\"twitter:card\" content=\"summary_large_image\" \/>\n<meta name=\"twitter:creator\" content=\"@Cgfmanet_Org\" \/>\n<meta name=\"twitter:site\" content=\"@Cgfmanet_Org\" \/>\n<meta name=\"twitter:label1\" content=\"Escrito por\" \/>\n\t<meta name=\"twitter:data1\" content=\"Redazione\" \/>\n\t<meta name=\"twitter:label2\" content=\"Tempo estimado de leitura\" \/>\n\t<meta name=\"twitter:data2\" content=\"4 minutos\" \/>\n<script type=\"application\/ld+json\" class=\"yoast-schema-graph\">{\"@context\":\"https:\\\/\\\/schema.org\",\"@graph\":[{\"@type\":\"Article\",\"@id\":\"https:\\\/\\\/www.cgfmanet.org\\\/pt-pt\\\/ifma-pt-pt\\\/a-metodologia-na-catequese-2a-parte\\\/#article\",\"isPartOf\":{\"@id\":\"https:\\\/\\\/www.cgfmanet.org\\\/pt-pt\\\/ifma-pt-pt\\\/a-metodologia-na-catequese-2a-parte\\\/\"},\"author\":{\"name\":\"Redazione\",\"@id\":\"https:\\\/\\\/www.cgfmanet.org\\\/es\\\/#\\\/schema\\\/person\\\/ce6473083f53ef0ef882cca23f0c8fb9\"},\"headline\":\"A metodologia na Catequese \u2013 2\u00aa parte\",\"datePublished\":\"2025-12-23T08:51:43+00:00\",\"dateModified\":\"2025-12-27T21:43:29+00:00\",\"mainEntityOfPage\":{\"@id\":\"https:\\\/\\\/www.cgfmanet.org\\\/pt-pt\\\/ifma-pt-pt\\\/a-metodologia-na-catequese-2a-parte\\\/\"},\"wordCount\":757,\"commentCount\":0,\"publisher\":{\"@id\":\"https:\\\/\\\/www.cgfmanet.org\\\/es\\\/#organization\"},\"image\":{\"@id\":\"https:\\\/\\\/www.cgfmanet.org\\\/pt-pt\\\/ifma-pt-pt\\\/a-metodologia-na-catequese-2a-parte\\\/#primaryimage\"},\"thumbnailUrl\":\"https:\\\/\\\/www.cgfmanet.org\\\/wp-content\\\/uploads\\\/2025\\\/12\\\/7\u00b0-Webinar-catechesi_ITA.jpg\",\"keywords\":[\"Catequese\",\"Pastoral Juvenil\"],\"articleSection\":[\"IFMA\",\"Encontros e Semin\u00e1rios\"],\"inLanguage\":\"pt-PT\",\"potentialAction\":[{\"@type\":\"CommentAction\",\"name\":\"Comment\",\"target\":[\"https:\\\/\\\/www.cgfmanet.org\\\/pt-pt\\\/ifma-pt-pt\\\/a-metodologia-na-catequese-2a-parte\\\/#respond\"]}]},{\"@type\":\"WebPage\",\"@id\":\"https:\\\/\\\/www.cgfmanet.org\\\/pt-pt\\\/ifma-pt-pt\\\/a-metodologia-na-catequese-2a-parte\\\/\",\"url\":\"https:\\\/\\\/www.cgfmanet.org\\\/pt-pt\\\/ifma-pt-pt\\\/a-metodologia-na-catequese-2a-parte\\\/\",\"name\":\"A metodologia na Catequese \u2013 2\u00aa parte &#8226; Istituto Figlie di Maria Ausiliatrice\",\"isPartOf\":{\"@id\":\"https:\\\/\\\/www.cgfmanet.org\\\/es\\\/#website\"},\"primaryImageOfPage\":{\"@id\":\"https:\\\/\\\/www.cgfmanet.org\\\/pt-pt\\\/ifma-pt-pt\\\/a-metodologia-na-catequese-2a-parte\\\/#primaryimage\"},\"image\":{\"@id\":\"https:\\\/\\\/www.cgfmanet.org\\\/pt-pt\\\/ifma-pt-pt\\\/a-metodologia-na-catequese-2a-parte\\\/#primaryimage\"},\"thumbnailUrl\":\"https:\\\/\\\/www.cgfmanet.org\\\/wp-content\\\/uploads\\\/2025\\\/12\\\/7\u00b0-Webinar-catechesi_ITA.jpg\",\"datePublished\":\"2025-12-23T08:51:43+00:00\",\"dateModified\":\"2025-12-27T21:43:29+00:00\",\"description\":\"De 9 a 15 de dezembro de 2025 realizou-se, em transmiss\u00e3o ao vivo, a segunda parte do ciclo de semin\u00e1rios dedicados \u00e0 metodologia catequ\u00e9tica, promovido pela Comiss\u00e3o Internacional de Catequese das FMA.\",\"breadcrumb\":{\"@id\":\"https:\\\/\\\/www.cgfmanet.org\\\/pt-pt\\\/ifma-pt-pt\\\/a-metodologia-na-catequese-2a-parte\\\/#breadcrumb\"},\"inLanguage\":\"pt-PT\",\"potentialAction\":[{\"@type\":\"ReadAction\",\"target\":[\"https:\\\/\\\/www.cgfmanet.org\\\/pt-pt\\\/ifma-pt-pt\\\/a-metodologia-na-catequese-2a-parte\\\/\"]}]},{\"@type\":\"ImageObject\",\"inLanguage\":\"pt-PT\",\"@id\":\"https:\\\/\\\/www.cgfmanet.org\\\/pt-pt\\\/ifma-pt-pt\\\/a-metodologia-na-catequese-2a-parte\\\/#primaryimage\",\"url\":\"https:\\\/\\\/www.cgfmanet.org\\\/wp-content\\\/uploads\\\/2025\\\/12\\\/7\u00b0-Webinar-catechesi_ITA.jpg\",\"contentUrl\":\"https:\\\/\\\/www.cgfmanet.org\\\/wp-content\\\/uploads\\\/2025\\\/12\\\/7\u00b0-Webinar-catechesi_ITA.jpg\",\"width\":1200,\"height\":800},{\"@type\":\"BreadcrumbList\",\"@id\":\"https:\\\/\\\/www.cgfmanet.org\\\/pt-pt\\\/ifma-pt-pt\\\/a-metodologia-na-catequese-2a-parte\\\/#breadcrumb\",\"itemListElement\":[{\"@type\":\"ListItem\",\"position\":1,\"name\":\"Home\",\"item\":\"https:\\\/\\\/www.cgfmanet.org\\\/pt-pt\\\/\"},{\"@type\":\"ListItem\",\"position\":2,\"name\":\"A metodologia na Catequese \u2013 2\u00aa parte\"}]},{\"@type\":\"WebSite\",\"@id\":\"https:\\\/\\\/www.cgfmanet.org\\\/es\\\/#website\",\"url\":\"https:\\\/\\\/www.cgfmanet.org\\\/es\\\/\",\"name\":\"Istituto Figlie di Maria Ausiliatrice\",\"description\":\"Salesiane di Don Bosco\",\"publisher\":{\"@id\":\"https:\\\/\\\/www.cgfmanet.org\\\/es\\\/#organization\"},\"potentialAction\":[{\"@type\":\"SearchAction\",\"target\":{\"@type\":\"EntryPoint\",\"urlTemplate\":\"https:\\\/\\\/www.cgfmanet.org\\\/es\\\/?s={search_term_string}\"},\"query-input\":{\"@type\":\"PropertyValueSpecification\",\"valueRequired\":true,\"valueName\":\"search_term_string\"}}],\"inLanguage\":\"pt-PT\"},{\"@type\":\"Organization\",\"@id\":\"https:\\\/\\\/www.cgfmanet.org\\\/es\\\/#organization\",\"name\":\"Istituto Figlie di Maria Ausiliatrice\",\"url\":\"https:\\\/\\\/www.cgfmanet.org\\\/es\\\/\",\"logo\":{\"@type\":\"ImageObject\",\"inLanguage\":\"pt-PT\",\"@id\":\"https:\\\/\\\/www.cgfmanet.org\\\/es\\\/#\\\/schema\\\/logo\\\/image\\\/\",\"url\":\"https:\\\/\\\/www.cgfmanet.org\\\/wp-content\\\/uploads\\\/2018\\\/10\\\/logo-fma.png\",\"contentUrl\":\"https:\\\/\\\/www.cgfmanet.org\\\/wp-content\\\/uploads\\\/2018\\\/10\\\/logo-fma.png\",\"width\":214,\"height\":55,\"caption\":\"Istituto Figlie di Maria Ausiliatrice\"},\"image\":{\"@id\":\"https:\\\/\\\/www.cgfmanet.org\\\/es\\\/#\\\/schema\\\/logo\\\/image\\\/\"},\"sameAs\":[\"https:\\\/\\\/www.facebook.com\\\/salesian.sisters.of.don.bosco\\\/\",\"https:\\\/\\\/x.com\\\/Cgfmanet_Org\",\"https:\\\/\\\/www.youtube.com\\\/channel\\\/UCmcr8yFQBV7JXeXVxyV9y5Q\"]},{\"@type\":\"Person\",\"@id\":\"https:\\\/\\\/www.cgfmanet.org\\\/es\\\/#\\\/schema\\\/person\\\/ce6473083f53ef0ef882cca23f0c8fb9\",\"name\":\"Redazione\"}]}<\/script>\n<!-- \/ Yoast SEO plugin. -->","yoast_head_json":{"title":"A metodologia na Catequese \u2013 2\u00aa parte &#8226; Istituto Figlie di Maria Ausiliatrice","description":"De 9 a 15 de dezembro de 2025 realizou-se, em transmiss\u00e3o ao vivo, a segunda parte do ciclo de semin\u00e1rios dedicados \u00e0 metodologia catequ\u00e9tica, promovido pela Comiss\u00e3o Internacional de Catequese das FMA.","robots":{"index":"index","follow":"follow","max-snippet":"max-snippet:-1","max-image-preview":"max-image-preview:large","max-video-preview":"max-video-preview:-1"},"canonical":"https:\/\/www.cgfmanet.org\/pt-pt\/ifma-pt-pt\/a-metodologia-na-catequese-2a-parte\/","og_locale":"pt_PT","og_type":"article","og_title":"A metodologia na Catequese \u2013 2\u00aa parte &#8226; Istituto Figlie di Maria Ausiliatrice","og_description":"De 9 a 15 de dezembro de 2025 realizou-se, em transmiss\u00e3o ao vivo, a segunda parte do ciclo de semin\u00e1rios dedicados \u00e0 metodologia catequ\u00e9tica, promovido pela Comiss\u00e3o Internacional de Catequese das FMA.","og_url":"https:\/\/www.cgfmanet.org\/pt-pt\/ifma-pt-pt\/a-metodologia-na-catequese-2a-parte\/","og_site_name":"Istituto Figlie di Maria Ausiliatrice","article_publisher":"https:\/\/www.facebook.com\/salesian.sisters.of.don.bosco\/","article_published_time":"2025-12-23T08:51:43+00:00","article_modified_time":"2025-12-27T21:43:29+00:00","og_image":[{"width":1200,"height":800,"url":"https:\/\/www.cgfmanet.org\/wp-content\/uploads\/2025\/12\/7\u00b0-Webinar-catechesi_ITA.jpg","type":"image\/jpeg"}],"author":"Redazione","twitter_card":"summary_large_image","twitter_creator":"@Cgfmanet_Org","twitter_site":"@Cgfmanet_Org","twitter_misc":{"Escrito por":"Redazione","Tempo estimado de leitura":"4 minutos"},"schema":{"@context":"https:\/\/schema.org","@graph":[{"@type":"Article","@id":"https:\/\/www.cgfmanet.org\/pt-pt\/ifma-pt-pt\/a-metodologia-na-catequese-2a-parte\/#article","isPartOf":{"@id":"https:\/\/www.cgfmanet.org\/pt-pt\/ifma-pt-pt\/a-metodologia-na-catequese-2a-parte\/"},"author":{"name":"Redazione","@id":"https:\/\/www.cgfmanet.org\/es\/#\/schema\/person\/ce6473083f53ef0ef882cca23f0c8fb9"},"headline":"A metodologia na Catequese \u2013 2\u00aa parte","datePublished":"2025-12-23T08:51:43+00:00","dateModified":"2025-12-27T21:43:29+00:00","mainEntityOfPage":{"@id":"https:\/\/www.cgfmanet.org\/pt-pt\/ifma-pt-pt\/a-metodologia-na-catequese-2a-parte\/"},"wordCount":757,"commentCount":0,"publisher":{"@id":"https:\/\/www.cgfmanet.org\/es\/#organization"},"image":{"@id":"https:\/\/www.cgfmanet.org\/pt-pt\/ifma-pt-pt\/a-metodologia-na-catequese-2a-parte\/#primaryimage"},"thumbnailUrl":"https:\/\/www.cgfmanet.org\/wp-content\/uploads\/2025\/12\/7\u00b0-Webinar-catechesi_ITA.jpg","keywords":["Catequese","Pastoral Juvenil"],"articleSection":["IFMA","Encontros e Semin\u00e1rios"],"inLanguage":"pt-PT","potentialAction":[{"@type":"CommentAction","name":"Comment","target":["https:\/\/www.cgfmanet.org\/pt-pt\/ifma-pt-pt\/a-metodologia-na-catequese-2a-parte\/#respond"]}]},{"@type":"WebPage","@id":"https:\/\/www.cgfmanet.org\/pt-pt\/ifma-pt-pt\/a-metodologia-na-catequese-2a-parte\/","url":"https:\/\/www.cgfmanet.org\/pt-pt\/ifma-pt-pt\/a-metodologia-na-catequese-2a-parte\/","name":"A metodologia na Catequese \u2013 2\u00aa parte &#8226; Istituto Figlie di Maria Ausiliatrice","isPartOf":{"@id":"https:\/\/www.cgfmanet.org\/es\/#website"},"primaryImageOfPage":{"@id":"https:\/\/www.cgfmanet.org\/pt-pt\/ifma-pt-pt\/a-metodologia-na-catequese-2a-parte\/#primaryimage"},"image":{"@id":"https:\/\/www.cgfmanet.org\/pt-pt\/ifma-pt-pt\/a-metodologia-na-catequese-2a-parte\/#primaryimage"},"thumbnailUrl":"https:\/\/www.cgfmanet.org\/wp-content\/uploads\/2025\/12\/7\u00b0-Webinar-catechesi_ITA.jpg","datePublished":"2025-12-23T08:51:43+00:00","dateModified":"2025-12-27T21:43:29+00:00","description":"De 9 a 15 de dezembro de 2025 realizou-se, em transmiss\u00e3o ao vivo, a segunda parte do ciclo de semin\u00e1rios dedicados \u00e0 metodologia catequ\u00e9tica, promovido pela Comiss\u00e3o Internacional de Catequese das FMA.","breadcrumb":{"@id":"https:\/\/www.cgfmanet.org\/pt-pt\/ifma-pt-pt\/a-metodologia-na-catequese-2a-parte\/#breadcrumb"},"inLanguage":"pt-PT","potentialAction":[{"@type":"ReadAction","target":["https:\/\/www.cgfmanet.org\/pt-pt\/ifma-pt-pt\/a-metodologia-na-catequese-2a-parte\/"]}]},{"@type":"ImageObject","inLanguage":"pt-PT","@id":"https:\/\/www.cgfmanet.org\/pt-pt\/ifma-pt-pt\/a-metodologia-na-catequese-2a-parte\/#primaryimage","url":"https:\/\/www.cgfmanet.org\/wp-content\/uploads\/2025\/12\/7\u00b0-Webinar-catechesi_ITA.jpg","contentUrl":"https:\/\/www.cgfmanet.org\/wp-content\/uploads\/2025\/12\/7\u00b0-Webinar-catechesi_ITA.jpg","width":1200,"height":800},{"@type":"BreadcrumbList","@id":"https:\/\/www.cgfmanet.org\/pt-pt\/ifma-pt-pt\/a-metodologia-na-catequese-2a-parte\/#breadcrumb","itemListElement":[{"@type":"ListItem","position":1,"name":"Home","item":"https:\/\/www.cgfmanet.org\/pt-pt\/"},{"@type":"ListItem","position":2,"name":"A metodologia na Catequese \u2013 2\u00aa parte"}]},{"@type":"WebSite","@id":"https:\/\/www.cgfmanet.org\/es\/#website","url":"https:\/\/www.cgfmanet.org\/es\/","name":"Istituto Figlie di Maria Ausiliatrice","description":"Salesiane di Don Bosco","publisher":{"@id":"https:\/\/www.cgfmanet.org\/es\/#organization"},"potentialAction":[{"@type":"SearchAction","target":{"@type":"EntryPoint","urlTemplate":"https:\/\/www.cgfmanet.org\/es\/?s={search_term_string}"},"query-input":{"@type":"PropertyValueSpecification","valueRequired":true,"valueName":"search_term_string"}}],"inLanguage":"pt-PT"},{"@type":"Organization","@id":"https:\/\/www.cgfmanet.org\/es\/#organization","name":"Istituto Figlie di Maria Ausiliatrice","url":"https:\/\/www.cgfmanet.org\/es\/","logo":{"@type":"ImageObject","inLanguage":"pt-PT","@id":"https:\/\/www.cgfmanet.org\/es\/#\/schema\/logo\/image\/","url":"https:\/\/www.cgfmanet.org\/wp-content\/uploads\/2018\/10\/logo-fma.png","contentUrl":"https:\/\/www.cgfmanet.org\/wp-content\/uploads\/2018\/10\/logo-fma.png","width":214,"height":55,"caption":"Istituto Figlie di Maria Ausiliatrice"},"image":{"@id":"https:\/\/www.cgfmanet.org\/es\/#\/schema\/logo\/image\/"},"sameAs":["https:\/\/www.facebook.com\/salesian.sisters.of.don.bosco\/","https:\/\/x.com\/Cgfmanet_Org","https:\/\/www.youtube.com\/channel\/UCmcr8yFQBV7JXeXVxyV9y5Q"]},{"@type":"Person","@id":"https:\/\/www.cgfmanet.org\/es\/#\/schema\/person\/ce6473083f53ef0ef882cca23f0c8fb9","name":"Redazione"}]}},"_links":{"self":[{"href":"https:\/\/www.cgfmanet.org\/pt-pt\/wp-json\/wp\/v2\/posts\/149766","targetHints":{"allow":["GET"]}}],"collection":[{"href":"https:\/\/www.cgfmanet.org\/pt-pt\/wp-json\/wp\/v2\/posts"}],"about":[{"href":"https:\/\/www.cgfmanet.org\/pt-pt\/wp-json\/wp\/v2\/types\/post"}],"author":[{"embeddable":true,"href":"https:\/\/www.cgfmanet.org\/pt-pt\/wp-json\/wp\/v2\/users\/21"}],"replies":[{"embeddable":true,"href":"https:\/\/www.cgfmanet.org\/pt-pt\/wp-json\/wp\/v2\/comments?post=149766"}],"version-history":[{"count":2,"href":"https:\/\/www.cgfmanet.org\/pt-pt\/wp-json\/wp\/v2\/posts\/149766\/revisions"}],"predecessor-version":[{"id":149960,"href":"https:\/\/www.cgfmanet.org\/pt-pt\/wp-json\/wp\/v2\/posts\/149766\/revisions\/149960"}],"wp:featuredmedia":[{"embeddable":true,"href":"https:\/\/www.cgfmanet.org\/pt-pt\/wp-json\/wp\/v2\/media\/149761"}],"wp:attachment":[{"href":"https:\/\/www.cgfmanet.org\/pt-pt\/wp-json\/wp\/v2\/media?parent=149766"}],"wp:term":[{"taxonomy":"category","embeddable":true,"href":"https:\/\/www.cgfmanet.org\/pt-pt\/wp-json\/wp\/v2\/categories?post=149766"},{"taxonomy":"post_tag","embeddable":true,"href":"https:\/\/www.cgfmanet.org\/pt-pt\/wp-json\/wp\/v2\/tags?post=149766"}],"curies":[{"name":"wp","href":"https:\/\/api.w.org\/{rel}","templated":true}]}}