{"id":149519,"date":"2025-12-16T13:08:24","date_gmt":"2025-12-16T12:08:24","guid":{"rendered":"https:\/\/www.cgfmanet.org\/infosfera-pt-pt\/auguri-natalizi-famiglia-salesiana-e-associazioni-2025\/"},"modified":"2025-12-16T22:05:40","modified_gmt":"2025-12-16T21:05:40","slug":"saudacoes-natalinas-da-familia-salesiana-e-associacoes-2025","status":"publish","type":"post","link":"https:\/\/www.cgfmanet.org\/pt-pt\/ifma-pt-pt\/saudacoes-natalinas-da-familia-salesiana-e-associacoes-2025\/","title":{"rendered":"Sauda\u00e7\u00f5es natalinas da Fam\u00edlia Salesiana e Associa\u00e7\u00f5es 2025"},"content":{"rendered":"<p><strong>Roma (It\u00e1lia).<\/strong> No dia 13 de dezembro de 2025, na Sala Capitular da Casa Geral do Instituto das Filhas de Maria Auxiliadora, diversos membros de Associa\u00e7\u00f5es e Grupos da Fam\u00edlia Salesiana \u2013 Salesianos Cooperadores, Confedera\u00e7\u00e3o Mundial Mornese de Ex-alunos\/as das FMA, ADMA, VIDES e FVGS onlus \u2013 reuniram-se presencialmente e on-line para expressar as sauda\u00e7\u00f5es de Natal \u00e0 Superiora Geral, Madre Chiara Cazzuola, e \u00e0s Conselheiras gerais.<\/p>\n<p><strong>Ol\u00edvia Furlan<\/strong>, Vice-presidente da Associa\u00e7\u00e3o das Ex-alunas, conduziu o momento inicial de ora\u00e7\u00e3o <strong>\u201cAmados para Amar: com Santa Maria Troncatti, Disc\u00edpulos-Mission\u00e1rios de Esperan\u00e7a. Caminhando juntos como Fam\u00edlia Salesiana\u201d<\/strong>, inspirado na cita\u00e7\u00e3o da enc\u00edclica do Papa Francisco <em>Dilexit Nos<\/em> (164).<\/p>\n<p><em>\u201cO amor de Deus consiste em fazer-se um conosco, em plantar a sua tenda entre n\u00f3s e em escolher ser pobre, identificando-se assim \u2018com os mais pequenos da sociedade\u2019 (DN 170)\u201d<\/em>, especificou a irm\u00e3 Leslie S\u00e1ndigo, Conselheira geral da Fam\u00edlia Salesiana.<\/p>\n<p>\u00c0 luz do Jubileu da Esperan\u00e7a e da exorta\u00e7\u00e3o <em>Dilexi Te<\/em> <em>sobre o amor para com os pobres<\/em> do Papa Le\u00e3o XIV, os membros das Associa\u00e7\u00f5es e da Fam\u00edlia Salesiana sentem-se chamados a ser <strong>comunidades de esperan\u00e7a<\/strong>, que acolhem, escutam, acompanham e s\u00e3o enviados; n\u00e3o apenas a \u201cfazer miss\u00e3o\u201d, mas a viver em estado de miss\u00e3o, onde quer que o Senhor os envie. Cada \u2018salesiano\/a\u2019 e cada grupo da Fam\u00edlia Salesiana \u00e9 um sinal de esperan\u00e7a que brota do amor.<\/p>\n<p>Daqui nasce a consci\u00eancia de que <em>\u201cser amados aumenta em n\u00f3s o desejo de dar alguma resposta com as nossas pequenas e limitadas capacidades (DN 164). Al\u00e9m disso, tornar-se Aquele que nos amou e que n\u00f3s amamos. Isto \u00e9 Ser amados para amar\u201d<\/em>, motivou <strong>Ant\u00f4nio Boccia<\/strong>, Coordenador Mundial dos Salesianos Cooperadores (SSCC).<\/p>\n<p>O Natal \u00e9 tamb\u00e9m um momento para partilhar o amor com os outros, especialmente com os pobres, os necessitados, os \u00faltimos e os mais pequenos da sociedade. Cada Associa\u00e7\u00e3o, por meio de um v\u00eddeo, partilhou com a Madre e com todos os presentes um projeto de solidariedade realizado com diversos grupos da Fam\u00edlia Salesiana, porque s\u00f3 \u00e9 poss\u00edvel partilhar quando se est\u00e1 pleno do infinito amor de Deus, como foi para Santa Maria Troncatti.<\/p>\n<p>Com o gesto da entrega de uma mala simb\u00f3lica, como a da nova Santa, Ant\u00f4nio Boccia, em nome de todas as Associa\u00e7\u00f5es e Grupos, entregou \u00e0 Madre uma oferta, fruto da doa\u00e7\u00e3o de muitos leigos e consagrados, para sustentar os projetos de solidariedade apoiados pelo Instituto. \u00c9 um pequeno gesto que se multiplicar\u00e1 com o amor.<\/p>\n<p><strong>Madre Chiara<\/strong>, ao tomar a palavra, agradeceu e elogiou as diversas iniciativas em que se torna evidente a for\u00e7a do Carisma partilhado e expressou o seu voto de Natal \u2013 <em>\u201cuma festa que talvez ainda fale \u00e0 humanidade do nosso tempo\u201d<\/em> \u2013 recordando as diversas personagens e elementos do pres\u00e9pio: o anjo que anuncia a Gl\u00f3ria, os pastores envolvidos pela Luz, o sinal do Menino de Bel\u00e9m, raz\u00e3o da esperan\u00e7a, o canto de paz \u201cpara os homens que Deus ama\u201d, um canto de maravilha, de admira\u00e7\u00e3o, de adora\u00e7\u00e3o que continua a ressoar no cora\u00e7\u00e3o dos pastores. Um canto que nunca cessou:<\/p>\n<p><em><strong>\u201cAgora cabe a n\u00f3s anunciar o Natal de Jesus e a sua paz, com esperan\u00e7a, com a ora\u00e7\u00e3o confiante, com a operosidade apost\u00f3lica, como vimos nos v\u00eddeos.<\/strong><\/em><\/p>\n<p><em>Em muitos pa\u00edses do mundo, os sinistros rumores da guerra parecem prevalecer sobre o coro dos anjos. N\u00e3o poucas das nossas comunidades educativas vivem em zonas de guerra, de viol\u00eancia, de injusti\u00e7a e partilham os sofrimentos do povo, doam o que t\u00eam e, sobretudo, mant\u00eam vivo, guardam e promovem toda tentativa de paz, fortes pela esperan\u00e7a que vem da f\u00e9 em Jesus, o Cristo Senhor e Salvador. Vamos sustent\u00e1-las com a nossa ora\u00e7\u00e3o e com as nossas a\u00e7\u00f5es quotidianas, pequenas ou grandes que sejam, com gestos concretos de solidariedade e de humanidade.<\/em><\/p>\n<p><em>A paz \u00e9 um bem inestim\u00e1vel e depende, em grande parte, das pol\u00edticas dos governos, mas<\/em> <strong><em>depende tamb\u00e9m das escolhas que podemos fazer, n\u00f3s, como pessoas, como comunidades, como cidad\u00e3os do mundo<\/em><\/strong>\u201d.<\/p>\n<p>E concluiu com o voto: <em>\u201cNeste Santo Natal, empenhemo-nos todos a semear palavras de paz, para permitir que os anjos de Bel\u00e9m cantem ainda, na nossa hist\u00f3ria, no nosso cora\u00e7\u00e3o, nas nossas fam\u00edlias, nos nossos grupos, nos nossos encontros: \u00abGl\u00f3ria a Deus no mais alto dos c\u00e9us e paz na terra aos homens que Ele ama\u00bb\u201d.<\/em><\/p>\n<p>Ap\u00f3s a foto de grupo e a sauda\u00e7\u00e3o aos\/\u00e0s representantes ligados on-line \u2013 entre os quais o Presidente da ADMA, Renato Valera, o Presidente do VIDES, Guido Barbera, e a Presidente da Confedera\u00e7\u00e3o Mundial Mornese de Ex-alunos\/as das FMA, Maria Carmen Castillon \u2013 o clima fraterno e natalino prolongou-se num momento de conviv\u00eancia, enriquecido com doces de diversas origens, partilhados junto \u00e0 Madre e \u00e0s Conselheiras presentes, por leigos, FMA e Salesianos presentes.<\/p>\n<p><strong>Foto: <span style=\"color: #0000ff;\"><a style=\"color: #0000ff;\" href=\"https:\/\/www.flickr.com\/photos\/137890103@N08\/albums\/72177720330960898\/\" target=\"_blank\" rel=\"noopener\">Flickr FMA<\/a><\/span><\/strong><\/p>\n","protected":false},"excerpt":{"rendered":"<p>Roma (It\u00e1lia). No dia 13 de dezembro de 2025, na Sala Capitular da Casa Geral do Instituto das Filhas de Maria Auxiliadora, diversos membros de Associa\u00e7\u00f5es e Grupos da Fam\u00edlia [&hellip;]<\/p>\n","protected":false},"author":21,"featured_media":149514,"comment_status":"open","ping_status":"closed","sticky":false,"template":"","format":"standard","meta":{"footnotes":""},"categories":[166,159],"tags":[258,370,1516,1772,1777,1836,1930,2143,2222,2378],"class_list":["post-149519","post","type-post","status-publish","format-standard","has-post-thumbnail","category-carisma-salesiano-pt","category-ifma-pt-pt","tag-conselheira-para-a-familia-salesiana","tag-madre-geral","tag-vides-pt-pt","tag-salesianos-cooperadores","tag-familia-salesiana","tag-adma-pt-pt","tag-focus-pt-pt","tag-exallieve-i-fma-pt-pt","tag-consigliere-generali-pt-pt","tag-madre-chiara-cazzuola-pt-pt"],"yoast_head":"<!-- This site is optimized with the Yoast SEO plugin v27.4 - https:\/\/yoast.com\/product\/yoast-seo-wordpress\/ -->\n<title>Sauda\u00e7\u00f5es natalinas da Fam\u00edlia Salesiana e Associa\u00e7\u00f5es 2025 &#8226; Istituto Figlie di Maria Ausiliatrice<\/title>\n<meta name=\"description\" content=\"No dia 13 de dezembro de 2025, os\/as representantes das Associa\u00e7\u00f5es e dos Grupos da Fam\u00edlia Salesiana, presentes em Roma e on-line, expressaram as sauda\u00e7\u00f5es de Natal \u00e0 Madre e \u00e0s Conselheiras do Instituto das FMA.\" \/>\n<meta name=\"robots\" content=\"index, follow, max-snippet:-1, max-image-preview:large, max-video-preview:-1\" \/>\n<link rel=\"canonical\" href=\"https:\/\/www.cgfmanet.org\/pt-pt\/ifma-pt-pt\/saudacoes-natalinas-da-familia-salesiana-e-associacoes-2025\/\" \/>\n<meta property=\"og:locale\" content=\"pt_PT\" \/>\n<meta property=\"og:type\" content=\"article\" \/>\n<meta property=\"og:title\" content=\"Sauda\u00e7\u00f5es natalinas da Fam\u00edlia Salesiana e Associa\u00e7\u00f5es 2025 &#8226; Istituto Figlie di Maria Ausiliatrice\" \/>\n<meta property=\"og:description\" content=\"No dia 13 de dezembro de 2025, os\/as representantes das Associa\u00e7\u00f5es e dos Grupos da Fam\u00edlia Salesiana, presentes em Roma e on-line, expressaram as sauda\u00e7\u00f5es de Natal \u00e0 Madre e \u00e0s Conselheiras do Instituto das FMA.\" \/>\n<meta property=\"og:url\" content=\"https:\/\/www.cgfmanet.org\/pt-pt\/ifma-pt-pt\/saudacoes-natalinas-da-familia-salesiana-e-associacoes-2025\/\" \/>\n<meta property=\"og:site_name\" content=\"Istituto Figlie di Maria Ausiliatrice\" \/>\n<meta property=\"article:publisher\" content=\"https:\/\/www.facebook.com\/salesian.sisters.of.don.bosco\/\" \/>\n<meta property=\"article:published_time\" content=\"2025-12-16T12:08:24+00:00\" \/>\n<meta property=\"article:modified_time\" content=\"2025-12-16T21:05:40+00:00\" \/>\n<meta property=\"og:image\" content=\"https:\/\/www.cgfmanet.org\/wp-content\/uploads\/2025\/12\/auguri-Natale-FS-e-Associazioni-2025.jpg\" \/>\n\t<meta property=\"og:image:width\" content=\"1181\" \/>\n\t<meta property=\"og:image:height\" content=\"787\" \/>\n\t<meta property=\"og:image:type\" content=\"image\/jpeg\" \/>\n<meta name=\"author\" content=\"Redazione\" \/>\n<meta name=\"twitter:card\" content=\"summary_large_image\" \/>\n<meta name=\"twitter:creator\" content=\"@Cgfmanet_Org\" \/>\n<meta name=\"twitter:site\" content=\"@Cgfmanet_Org\" \/>\n<meta name=\"twitter:label1\" content=\"Escrito por\" \/>\n\t<meta name=\"twitter:data1\" content=\"Redazione\" \/>\n\t<meta name=\"twitter:label2\" content=\"Tempo estimado de leitura\" \/>\n\t<meta name=\"twitter:data2\" content=\"5 minutos\" \/>\n<script type=\"application\/ld+json\" class=\"yoast-schema-graph\">{\"@context\":\"https:\\\/\\\/schema.org\",\"@graph\":[{\"@type\":\"Article\",\"@id\":\"https:\\\/\\\/www.cgfmanet.org\\\/pt-pt\\\/ifma-pt-pt\\\/saudacoes-natalinas-da-familia-salesiana-e-associacoes-2025\\\/#article\",\"isPartOf\":{\"@id\":\"https:\\\/\\\/www.cgfmanet.org\\\/pt-pt\\\/ifma-pt-pt\\\/saudacoes-natalinas-da-familia-salesiana-e-associacoes-2025\\\/\"},\"author\":{\"name\":\"Redazione\",\"@id\":\"https:\\\/\\\/www.cgfmanet.org\\\/es\\\/#\\\/schema\\\/person\\\/ce6473083f53ef0ef882cca23f0c8fb9\"},\"headline\":\"Sauda\u00e7\u00f5es natalinas da Fam\u00edlia Salesiana e Associa\u00e7\u00f5es 2025\",\"datePublished\":\"2025-12-16T12:08:24+00:00\",\"dateModified\":\"2025-12-16T21:05:40+00:00\",\"mainEntityOfPage\":{\"@id\":\"https:\\\/\\\/www.cgfmanet.org\\\/pt-pt\\\/ifma-pt-pt\\\/saudacoes-natalinas-da-familia-salesiana-e-associacoes-2025\\\/\"},\"wordCount\":867,\"commentCount\":0,\"publisher\":{\"@id\":\"https:\\\/\\\/www.cgfmanet.org\\\/es\\\/#organization\"},\"image\":{\"@id\":\"https:\\\/\\\/www.cgfmanet.org\\\/pt-pt\\\/ifma-pt-pt\\\/saudacoes-natalinas-da-familia-salesiana-e-associacoes-2025\\\/#primaryimage\"},\"thumbnailUrl\":\"https:\\\/\\\/www.cgfmanet.org\\\/wp-content\\\/uploads\\\/2025\\\/12\\\/auguri-Natale-FS-e-Associazioni-2025.jpg\",\"keywords\":[\"Conselheira para a Familia Salesiana\",\"Madre Geral\",\"Vides\",\"Salesianos Cooperadores\",\"Fam\u00edlia Salesiana\",\"ADMA\",\"Focus\",\"Exallieve\\\/i FMA\",\"Consigliere Generali\",\"Madre Chiara Cazzuola\"],\"articleSection\":[\"Carisma Salesiano\",\"IFMA\"],\"inLanguage\":\"pt-PT\",\"potentialAction\":[{\"@type\":\"CommentAction\",\"name\":\"Comment\",\"target\":[\"https:\\\/\\\/www.cgfmanet.org\\\/pt-pt\\\/ifma-pt-pt\\\/saudacoes-natalinas-da-familia-salesiana-e-associacoes-2025\\\/#respond\"]}]},{\"@type\":\"WebPage\",\"@id\":\"https:\\\/\\\/www.cgfmanet.org\\\/pt-pt\\\/ifma-pt-pt\\\/saudacoes-natalinas-da-familia-salesiana-e-associacoes-2025\\\/\",\"url\":\"https:\\\/\\\/www.cgfmanet.org\\\/pt-pt\\\/ifma-pt-pt\\\/saudacoes-natalinas-da-familia-salesiana-e-associacoes-2025\\\/\",\"name\":\"Sauda\u00e7\u00f5es natalinas da Fam\u00edlia Salesiana e Associa\u00e7\u00f5es 2025 &#8226; Istituto Figlie di Maria Ausiliatrice\",\"isPartOf\":{\"@id\":\"https:\\\/\\\/www.cgfmanet.org\\\/es\\\/#website\"},\"primaryImageOfPage\":{\"@id\":\"https:\\\/\\\/www.cgfmanet.org\\\/pt-pt\\\/ifma-pt-pt\\\/saudacoes-natalinas-da-familia-salesiana-e-associacoes-2025\\\/#primaryimage\"},\"image\":{\"@id\":\"https:\\\/\\\/www.cgfmanet.org\\\/pt-pt\\\/ifma-pt-pt\\\/saudacoes-natalinas-da-familia-salesiana-e-associacoes-2025\\\/#primaryimage\"},\"thumbnailUrl\":\"https:\\\/\\\/www.cgfmanet.org\\\/wp-content\\\/uploads\\\/2025\\\/12\\\/auguri-Natale-FS-e-Associazioni-2025.jpg\",\"datePublished\":\"2025-12-16T12:08:24+00:00\",\"dateModified\":\"2025-12-16T21:05:40+00:00\",\"description\":\"No dia 13 de dezembro de 2025, os\\\/as representantes das Associa\u00e7\u00f5es e dos Grupos da Fam\u00edlia Salesiana, presentes em Roma e on-line, expressaram as sauda\u00e7\u00f5es de Natal \u00e0 Madre e \u00e0s Conselheiras do Instituto das FMA.\",\"breadcrumb\":{\"@id\":\"https:\\\/\\\/www.cgfmanet.org\\\/pt-pt\\\/ifma-pt-pt\\\/saudacoes-natalinas-da-familia-salesiana-e-associacoes-2025\\\/#breadcrumb\"},\"inLanguage\":\"pt-PT\",\"potentialAction\":[{\"@type\":\"ReadAction\",\"target\":[\"https:\\\/\\\/www.cgfmanet.org\\\/pt-pt\\\/ifma-pt-pt\\\/saudacoes-natalinas-da-familia-salesiana-e-associacoes-2025\\\/\"]}]},{\"@type\":\"ImageObject\",\"inLanguage\":\"pt-PT\",\"@id\":\"https:\\\/\\\/www.cgfmanet.org\\\/pt-pt\\\/ifma-pt-pt\\\/saudacoes-natalinas-da-familia-salesiana-e-associacoes-2025\\\/#primaryimage\",\"url\":\"https:\\\/\\\/www.cgfmanet.org\\\/wp-content\\\/uploads\\\/2025\\\/12\\\/auguri-Natale-FS-e-Associazioni-2025.jpg\",\"contentUrl\":\"https:\\\/\\\/www.cgfmanet.org\\\/wp-content\\\/uploads\\\/2025\\\/12\\\/auguri-Natale-FS-e-Associazioni-2025.jpg\",\"width\":1181,\"height\":787},{\"@type\":\"BreadcrumbList\",\"@id\":\"https:\\\/\\\/www.cgfmanet.org\\\/pt-pt\\\/ifma-pt-pt\\\/saudacoes-natalinas-da-familia-salesiana-e-associacoes-2025\\\/#breadcrumb\",\"itemListElement\":[{\"@type\":\"ListItem\",\"position\":1,\"name\":\"Home\",\"item\":\"https:\\\/\\\/www.cgfmanet.org\\\/pt-pt\\\/\"},{\"@type\":\"ListItem\",\"position\":2,\"name\":\"Sauda\u00e7\u00f5es natalinas da Fam\u00edlia Salesiana e Associa\u00e7\u00f5es 2025\"}]},{\"@type\":\"WebSite\",\"@id\":\"https:\\\/\\\/www.cgfmanet.org\\\/es\\\/#website\",\"url\":\"https:\\\/\\\/www.cgfmanet.org\\\/es\\\/\",\"name\":\"Istituto Figlie di Maria Ausiliatrice\",\"description\":\"Salesiane di Don Bosco\",\"publisher\":{\"@id\":\"https:\\\/\\\/www.cgfmanet.org\\\/es\\\/#organization\"},\"potentialAction\":[{\"@type\":\"SearchAction\",\"target\":{\"@type\":\"EntryPoint\",\"urlTemplate\":\"https:\\\/\\\/www.cgfmanet.org\\\/es\\\/?s={search_term_string}\"},\"query-input\":{\"@type\":\"PropertyValueSpecification\",\"valueRequired\":true,\"valueName\":\"search_term_string\"}}],\"inLanguage\":\"pt-PT\"},{\"@type\":\"Organization\",\"@id\":\"https:\\\/\\\/www.cgfmanet.org\\\/es\\\/#organization\",\"name\":\"Istituto Figlie di Maria Ausiliatrice\",\"url\":\"https:\\\/\\\/www.cgfmanet.org\\\/es\\\/\",\"logo\":{\"@type\":\"ImageObject\",\"inLanguage\":\"pt-PT\",\"@id\":\"https:\\\/\\\/www.cgfmanet.org\\\/es\\\/#\\\/schema\\\/logo\\\/image\\\/\",\"url\":\"https:\\\/\\\/www.cgfmanet.org\\\/wp-content\\\/uploads\\\/2018\\\/10\\\/logo-fma.png\",\"contentUrl\":\"https:\\\/\\\/www.cgfmanet.org\\\/wp-content\\\/uploads\\\/2018\\\/10\\\/logo-fma.png\",\"width\":214,\"height\":55,\"caption\":\"Istituto Figlie di Maria Ausiliatrice\"},\"image\":{\"@id\":\"https:\\\/\\\/www.cgfmanet.org\\\/es\\\/#\\\/schema\\\/logo\\\/image\\\/\"},\"sameAs\":[\"https:\\\/\\\/www.facebook.com\\\/salesian.sisters.of.don.bosco\\\/\",\"https:\\\/\\\/x.com\\\/Cgfmanet_Org\",\"https:\\\/\\\/www.youtube.com\\\/channel\\\/UCmcr8yFQBV7JXeXVxyV9y5Q\"]},{\"@type\":\"Person\",\"@id\":\"https:\\\/\\\/www.cgfmanet.org\\\/es\\\/#\\\/schema\\\/person\\\/ce6473083f53ef0ef882cca23f0c8fb9\",\"name\":\"Redazione\"}]}<\/script>\n<!-- \/ Yoast SEO plugin. -->","yoast_head_json":{"title":"Sauda\u00e7\u00f5es natalinas da Fam\u00edlia Salesiana e Associa\u00e7\u00f5es 2025 &#8226; Istituto Figlie di Maria Ausiliatrice","description":"No dia 13 de dezembro de 2025, os\/as representantes das Associa\u00e7\u00f5es e dos Grupos da Fam\u00edlia Salesiana, presentes em Roma e on-line, expressaram as sauda\u00e7\u00f5es de Natal \u00e0 Madre e \u00e0s Conselheiras do Instituto das FMA.","robots":{"index":"index","follow":"follow","max-snippet":"max-snippet:-1","max-image-preview":"max-image-preview:large","max-video-preview":"max-video-preview:-1"},"canonical":"https:\/\/www.cgfmanet.org\/pt-pt\/ifma-pt-pt\/saudacoes-natalinas-da-familia-salesiana-e-associacoes-2025\/","og_locale":"pt_PT","og_type":"article","og_title":"Sauda\u00e7\u00f5es natalinas da Fam\u00edlia Salesiana e Associa\u00e7\u00f5es 2025 &#8226; Istituto Figlie di Maria Ausiliatrice","og_description":"No dia 13 de dezembro de 2025, os\/as representantes das Associa\u00e7\u00f5es e dos Grupos da Fam\u00edlia Salesiana, presentes em Roma e on-line, expressaram as sauda\u00e7\u00f5es de Natal \u00e0 Madre e \u00e0s Conselheiras do Instituto das FMA.","og_url":"https:\/\/www.cgfmanet.org\/pt-pt\/ifma-pt-pt\/saudacoes-natalinas-da-familia-salesiana-e-associacoes-2025\/","og_site_name":"Istituto Figlie di Maria Ausiliatrice","article_publisher":"https:\/\/www.facebook.com\/salesian.sisters.of.don.bosco\/","article_published_time":"2025-12-16T12:08:24+00:00","article_modified_time":"2025-12-16T21:05:40+00:00","og_image":[{"width":1181,"height":787,"url":"https:\/\/www.cgfmanet.org\/wp-content\/uploads\/2025\/12\/auguri-Natale-FS-e-Associazioni-2025.jpg","type":"image\/jpeg"}],"author":"Redazione","twitter_card":"summary_large_image","twitter_creator":"@Cgfmanet_Org","twitter_site":"@Cgfmanet_Org","twitter_misc":{"Escrito por":"Redazione","Tempo estimado de leitura":"5 minutos"},"schema":{"@context":"https:\/\/schema.org","@graph":[{"@type":"Article","@id":"https:\/\/www.cgfmanet.org\/pt-pt\/ifma-pt-pt\/saudacoes-natalinas-da-familia-salesiana-e-associacoes-2025\/#article","isPartOf":{"@id":"https:\/\/www.cgfmanet.org\/pt-pt\/ifma-pt-pt\/saudacoes-natalinas-da-familia-salesiana-e-associacoes-2025\/"},"author":{"name":"Redazione","@id":"https:\/\/www.cgfmanet.org\/es\/#\/schema\/person\/ce6473083f53ef0ef882cca23f0c8fb9"},"headline":"Sauda\u00e7\u00f5es natalinas da Fam\u00edlia Salesiana e Associa\u00e7\u00f5es 2025","datePublished":"2025-12-16T12:08:24+00:00","dateModified":"2025-12-16T21:05:40+00:00","mainEntityOfPage":{"@id":"https:\/\/www.cgfmanet.org\/pt-pt\/ifma-pt-pt\/saudacoes-natalinas-da-familia-salesiana-e-associacoes-2025\/"},"wordCount":867,"commentCount":0,"publisher":{"@id":"https:\/\/www.cgfmanet.org\/es\/#organization"},"image":{"@id":"https:\/\/www.cgfmanet.org\/pt-pt\/ifma-pt-pt\/saudacoes-natalinas-da-familia-salesiana-e-associacoes-2025\/#primaryimage"},"thumbnailUrl":"https:\/\/www.cgfmanet.org\/wp-content\/uploads\/2025\/12\/auguri-Natale-FS-e-Associazioni-2025.jpg","keywords":["Conselheira para a Familia Salesiana","Madre Geral","Vides","Salesianos Cooperadores","Fam\u00edlia Salesiana","ADMA","Focus","Exallieve\/i FMA","Consigliere Generali","Madre Chiara Cazzuola"],"articleSection":["Carisma Salesiano","IFMA"],"inLanguage":"pt-PT","potentialAction":[{"@type":"CommentAction","name":"Comment","target":["https:\/\/www.cgfmanet.org\/pt-pt\/ifma-pt-pt\/saudacoes-natalinas-da-familia-salesiana-e-associacoes-2025\/#respond"]}]},{"@type":"WebPage","@id":"https:\/\/www.cgfmanet.org\/pt-pt\/ifma-pt-pt\/saudacoes-natalinas-da-familia-salesiana-e-associacoes-2025\/","url":"https:\/\/www.cgfmanet.org\/pt-pt\/ifma-pt-pt\/saudacoes-natalinas-da-familia-salesiana-e-associacoes-2025\/","name":"Sauda\u00e7\u00f5es natalinas da Fam\u00edlia Salesiana e Associa\u00e7\u00f5es 2025 &#8226; Istituto Figlie di Maria Ausiliatrice","isPartOf":{"@id":"https:\/\/www.cgfmanet.org\/es\/#website"},"primaryImageOfPage":{"@id":"https:\/\/www.cgfmanet.org\/pt-pt\/ifma-pt-pt\/saudacoes-natalinas-da-familia-salesiana-e-associacoes-2025\/#primaryimage"},"image":{"@id":"https:\/\/www.cgfmanet.org\/pt-pt\/ifma-pt-pt\/saudacoes-natalinas-da-familia-salesiana-e-associacoes-2025\/#primaryimage"},"thumbnailUrl":"https:\/\/www.cgfmanet.org\/wp-content\/uploads\/2025\/12\/auguri-Natale-FS-e-Associazioni-2025.jpg","datePublished":"2025-12-16T12:08:24+00:00","dateModified":"2025-12-16T21:05:40+00:00","description":"No dia 13 de dezembro de 2025, os\/as representantes das Associa\u00e7\u00f5es e dos Grupos da Fam\u00edlia Salesiana, presentes em Roma e on-line, expressaram as sauda\u00e7\u00f5es de Natal \u00e0 Madre e \u00e0s Conselheiras do Instituto das FMA.","breadcrumb":{"@id":"https:\/\/www.cgfmanet.org\/pt-pt\/ifma-pt-pt\/saudacoes-natalinas-da-familia-salesiana-e-associacoes-2025\/#breadcrumb"},"inLanguage":"pt-PT","potentialAction":[{"@type":"ReadAction","target":["https:\/\/www.cgfmanet.org\/pt-pt\/ifma-pt-pt\/saudacoes-natalinas-da-familia-salesiana-e-associacoes-2025\/"]}]},{"@type":"ImageObject","inLanguage":"pt-PT","@id":"https:\/\/www.cgfmanet.org\/pt-pt\/ifma-pt-pt\/saudacoes-natalinas-da-familia-salesiana-e-associacoes-2025\/#primaryimage","url":"https:\/\/www.cgfmanet.org\/wp-content\/uploads\/2025\/12\/auguri-Natale-FS-e-Associazioni-2025.jpg","contentUrl":"https:\/\/www.cgfmanet.org\/wp-content\/uploads\/2025\/12\/auguri-Natale-FS-e-Associazioni-2025.jpg","width":1181,"height":787},{"@type":"BreadcrumbList","@id":"https:\/\/www.cgfmanet.org\/pt-pt\/ifma-pt-pt\/saudacoes-natalinas-da-familia-salesiana-e-associacoes-2025\/#breadcrumb","itemListElement":[{"@type":"ListItem","position":1,"name":"Home","item":"https:\/\/www.cgfmanet.org\/pt-pt\/"},{"@type":"ListItem","position":2,"name":"Sauda\u00e7\u00f5es natalinas da Fam\u00edlia Salesiana e Associa\u00e7\u00f5es 2025"}]},{"@type":"WebSite","@id":"https:\/\/www.cgfmanet.org\/es\/#website","url":"https:\/\/www.cgfmanet.org\/es\/","name":"Istituto Figlie di Maria Ausiliatrice","description":"Salesiane di Don Bosco","publisher":{"@id":"https:\/\/www.cgfmanet.org\/es\/#organization"},"potentialAction":[{"@type":"SearchAction","target":{"@type":"EntryPoint","urlTemplate":"https:\/\/www.cgfmanet.org\/es\/?s={search_term_string}"},"query-input":{"@type":"PropertyValueSpecification","valueRequired":true,"valueName":"search_term_string"}}],"inLanguage":"pt-PT"},{"@type":"Organization","@id":"https:\/\/www.cgfmanet.org\/es\/#organization","name":"Istituto Figlie di Maria Ausiliatrice","url":"https:\/\/www.cgfmanet.org\/es\/","logo":{"@type":"ImageObject","inLanguage":"pt-PT","@id":"https:\/\/www.cgfmanet.org\/es\/#\/schema\/logo\/image\/","url":"https:\/\/www.cgfmanet.org\/wp-content\/uploads\/2018\/10\/logo-fma.png","contentUrl":"https:\/\/www.cgfmanet.org\/wp-content\/uploads\/2018\/10\/logo-fma.png","width":214,"height":55,"caption":"Istituto Figlie di Maria Ausiliatrice"},"image":{"@id":"https:\/\/www.cgfmanet.org\/es\/#\/schema\/logo\/image\/"},"sameAs":["https:\/\/www.facebook.com\/salesian.sisters.of.don.bosco\/","https:\/\/x.com\/Cgfmanet_Org","https:\/\/www.youtube.com\/channel\/UCmcr8yFQBV7JXeXVxyV9y5Q"]},{"@type":"Person","@id":"https:\/\/www.cgfmanet.org\/es\/#\/schema\/person\/ce6473083f53ef0ef882cca23f0c8fb9","name":"Redazione"}]}},"_links":{"self":[{"href":"https:\/\/www.cgfmanet.org\/pt-pt\/wp-json\/wp\/v2\/posts\/149519","targetHints":{"allow":["GET"]}}],"collection":[{"href":"https:\/\/www.cgfmanet.org\/pt-pt\/wp-json\/wp\/v2\/posts"}],"about":[{"href":"https:\/\/www.cgfmanet.org\/pt-pt\/wp-json\/wp\/v2\/types\/post"}],"author":[{"embeddable":true,"href":"https:\/\/www.cgfmanet.org\/pt-pt\/wp-json\/wp\/v2\/users\/21"}],"replies":[{"embeddable":true,"href":"https:\/\/www.cgfmanet.org\/pt-pt\/wp-json\/wp\/v2\/comments?post=149519"}],"version-history":[{"count":2,"href":"https:\/\/www.cgfmanet.org\/pt-pt\/wp-json\/wp\/v2\/posts\/149519\/revisions"}],"predecessor-version":[{"id":149591,"href":"https:\/\/www.cgfmanet.org\/pt-pt\/wp-json\/wp\/v2\/posts\/149519\/revisions\/149591"}],"wp:featuredmedia":[{"embeddable":true,"href":"https:\/\/www.cgfmanet.org\/pt-pt\/wp-json\/wp\/v2\/media\/149514"}],"wp:attachment":[{"href":"https:\/\/www.cgfmanet.org\/pt-pt\/wp-json\/wp\/v2\/media?parent=149519"}],"wp:term":[{"taxonomy":"category","embeddable":true,"href":"https:\/\/www.cgfmanet.org\/pt-pt\/wp-json\/wp\/v2\/categories?post=149519"},{"taxonomy":"post_tag","embeddable":true,"href":"https:\/\/www.cgfmanet.org\/pt-pt\/wp-json\/wp\/v2\/tags?post=149519"}],"curies":[{"name":"wp","href":"https:\/\/api.w.org\/{rel}","templated":true}]}}