{"id":148677,"date":"2025-12-02T18:47:20","date_gmt":"2025-12-02T17:47:20","guid":{"rendered":"https:\/\/www.cgfmanet.org\/infosfera-pt-pt\/giornata-internazionale-del-volontariato-2025\/"},"modified":"2025-12-02T22:35:18","modified_gmt":"2025-12-02T21:35:18","slug":"dia-internacional-do-voluntariado-2025","status":"publish","type":"post","link":"https:\/\/www.cgfmanet.org\/pt-pt\/infosfera-pt-pt\/dia-internacional-do-voluntariado-2025\/","title":{"rendered":"Dia Internacional do Voluntariado 2025"},"content":{"rendered":"<p><strong>Roma (It\u00e1lia).<\/strong> Em 5 de dezembro de 2025 celebra-se o Dia Internacional do Voluntariado, institu\u00eddo em 1985 pela Assembleia Geral das Na\u00e7\u00f5es Unidas com o objetivo de reconhecer a importante contribui\u00e7\u00e3o dos volunt\u00e1rios no mundo, promover o seu valor e destacar o impacto social, humano e civil de quem se coloca a servi\u00e7o dos outros.<\/p>\n<p><strong><em>\u00abEvery Contribution Matters\u00bb<\/em><\/strong> (Cada contribui\u00e7\u00e3o conta \/ \u00e9 importante) \u00e9 o tema do Dia em 2025, para sublinhar como cada forma de voluntariado \u2013 grande ou pequena \u2013 \u00e9 preciosa e pode contribuir para gerar um impacto positivo em toda a comunidade. Al\u00e9m disso, o ano de 2025 marca o lan\u00e7amento oficial do <strong>Ano Internacional dos Volunt\u00e1rios para o Desenvolvimento Sustent\u00e1vel <\/strong>(<span style=\"color: #0000ff;\"><strong><a style=\"color: #0000ff;\" href=\"https:\/\/knowledge.unv.org\/international-volunteer-year\" target=\"_blank\" rel=\"noopener\">IVY 2026<\/a><\/strong><\/span>), <span lang=\"PT-BR\">uma iniciativa global que deseja valorizar o papel do voluntariado na consecu\u00e7\u00e3o dos Objetivos de Desenvolvimento Sustent\u00e1vel.<\/span><\/p>\n<p>O <span style=\"color: #0000ff;\"><strong><a style=\"color: #0000ff;\" href=\"https:\/\/www.vides.org\/\" target=\"_blank\" rel=\"noopener\">VIDES Internacional<\/a><\/strong><\/span> e a <strong>Funda\u00e7\u00e3o<\/strong><strong>\u00a0<span style=\"color: #0000ff;\"><a style=\"color: #0000ff;\" href=\"https:\/\/www.fondazionefvgs.it\/\" target=\"_blank\" rel=\"noopener\">FVGS ETS<\/a><\/span><\/strong> desde seu nascimento, colocaram o voluntariado no centro da sua <em>Miss\u00e3o<\/em>. De fato, inspirando-se nos valores da Espiritualidade Salesiana, desejam educar \u00e0 gratuidade e \u00e0 criatividade, \u00e0 alegria enraizada no amor, \u00e0 vida e \u00e0 confian\u00e7a de que em cada pessoa existem potencialidades para crescer e amadurecer. <strong>O voluntariado \u00e9<\/strong>, portanto, <strong>um percurso gradual, rico de humanidade<\/strong> e aberto a um panorama universal em cont\u00ednua mobilidade.<\/p>\n<p>O volunt\u00e1rio n\u00e3o se limita a fornecer assist\u00eancia imediata, mas pode tornar-se um agente de mudan\u00e7a social, promovendo um mundo mais justo e equitativo para todos. O voluntariado implica um compromisso ativo que vai al\u00e9m do simples socorro, para enfrentar as causas profundas da injusti\u00e7a e combat\u00ea-las.<\/p>\n<p>Por este motivo, nos <strong>52 grupos que comp\u00f5em a rede do VIDES Internacional<\/strong>, emerge com for\u00e7a a import\u00e2ncia da <strong>forma\u00e7\u00e3o dos volunt\u00e1rios<\/strong>, fundada em compet\u00eancias educativas e em temas como direitos humanos, interculturalidade, di\u00e1logo inter-religioso, comunica\u00e7\u00e3o respons\u00e1vel e coopera\u00e7\u00e3o ao desenvolvimento.<\/p>\n<p>Com esse objetivo, no m\u00eas de novembro, a Diretora geral do VIDES Internacional, <strong>irm\u00e3 Annecie Audate<\/strong>, percorreu o Brasil promovendo os valores salesianos do voluntariado atrav\u00e9s de numerosos encontros de forma\u00e7\u00e3o e, ap\u00f3s o <strong><span style=\"color: #0000ff;\"><a style=\"color: #0000ff;\" href=\"https:\/\/www.cgfmanet.org\/pt-pt\/ifma-pt-pt\/seminario-nacional-do-vides-brasil\/\" target=\"_blank\" rel=\"noopener\">Semin\u00e1rio Nacional<\/a><\/span><\/strong> realizado em Belo Horizonte, afirmou:<br \/>\n\u201c<em>Sentir o quanto o VIDES est\u00e1 vivo no cora\u00e7\u00e3o dos jovens desta regi\u00e3o d\u00e1 paz e serenidade: o carisma salesiano continua realmente a respirar, crescer e dar frutos mission\u00e1rios e vocacionais atrav\u00e9s da generosidade dos leigos jovens. Uma verdadeira alegria para toda a nossa grande Fam\u00edlia Salesiana<\/em>\u201d.<\/p>\n<p>As atividades de voluntariado do VIDES s\u00e3o m\u00faltiplas, mas todas unidas pela aten\u00e7\u00e3o \u00e0 dignidade da pessoa. Os grupos atuam junto a crian\u00e7as, jovens, mulheres, migrantes, refugiados, comunidades rom e v\u00edtimas de tr\u00e1fico, oferecendo apoio educativo, lingu\u00edstico, esportivo, psicol\u00f3gico e jur\u00eddico. Alguns levam adiante projetos de desenvolvimento comunit\u00e1rio nos bairros mais fr\u00e1geis, colaboram com casas-fam\u00edlia e orat\u00f3rios, ou realizam oficinas artesanais e iniciativas culturais.<\/p>\n<p>Numerosos grupos organizam ainda arrecada\u00e7\u00f5es de fundos, atividades de prote\u00e7\u00e3o ambiental \u2013 como plantios e campanhas de limpeza \u2013 e a\u00e7\u00f5es de sensibiliza\u00e7\u00e3o sobre a sa\u00fade, incluindo a promo\u00e7\u00e3o de vacina\u00e7\u00f5es e doa\u00e7\u00e3o de sangue. Nos \u00faltimos anos, assinala-se um aumento das atividades de sensibiliza\u00e7\u00e3o sobre temas ligados \u00e0 sa\u00fade mental e \u00e0 dist\u00e2ncia digital. O compromisso comum \u00e9 o de construir comunidades solid\u00e1rias e favorecer o desenvolvimento integral de cada pessoa.<\/p>\n<p><strong>Em 2024, mais de 6.000 volunt\u00e1rios participaram das atividades do VIDES em 49 pa\u00edses do mundo.<\/strong><\/p>\n<p>Junto aos volunt\u00e1rios do VIDES, atuam tamb\u00e9m os volunt\u00e1rios do Servi\u00e7o Civil Universal da FVGS ETS. No \u00faltimo ano, <strong>41 volunt\u00e1rios da FVGS<\/strong> trabalharam por um per\u00edodo de cerca de 10 meses nas Miss\u00f5es Salesianas em <strong>Madagascar, Brasil, M\u00e9xico, Porto Rico e Rep\u00fablica Dominicana<\/strong>, promovendo, por meio de seu trabalho, o direito ao estudo para as faixas mais vulner\u00e1veis da popula\u00e7\u00e3o.<\/p>\n<p><em>\u201cO voluntariado \u00e9 o esfor\u00e7o de sair para ajudar os outros. N\u00e3o existe voluntariado de mesa e n\u00e3o existe voluntariado de televis\u00e3o. <\/em><strong><em>O voluntariado est\u00e1 sempre em sa\u00edda<\/em><em>, o cora\u00e7\u00e3o aberto, a m\u00e3o estendida, as pernas prontas para andar<\/em><\/strong><em><strong>\u00bb.<\/strong>\u00a0<\/em>(<strong><span style=\"color: #0000ff;\"><a style=\"color: #0000ff;\" href=\"https:\/\/www.vatican.va\/content\/francesco\/it\/speeches\/2022\/november\/documents\/20221114-focsiv.html\" target=\"_blank\" rel=\"noopener\">Papa Francisco aos membros do FOCSIV<\/a><\/span><\/strong>).<\/p>\n<p style=\"text-align: justify; text-justify: inter-ideograph;\"><span lang=\"PT-BR\">\u00c9 tamb\u00e9m o convite do VIDES Internacional a tornar-se volunt\u00e1rios \u201cem sa\u00edda\u201d, prontos a atuar pelo bem comum e, para quem j\u00e1 \u00e9 volunt\u00e1rio VIDES, a participar <strong>do Congresso Internacional do VIDES, que ser\u00e1 realizado em Sevilha de 26 a 30 de agosto de 2026<\/strong>, com o tema: <strong><i>\u201cVolunt\u00e1rios VIDES: mission\u00e1rios de esperan\u00e7a e portadores de ideias inovadoras ligadas \u00e0 justi\u00e7a social, ecologia integral e comunica\u00e7\u00e3o digital\u201d.<\/i><\/strong><\/span><\/p>\n","protected":false},"excerpt":{"rendered":"<p>Roma (It\u00e1lia). Em 5 de dezembro de 2025 celebra-se o Dia Internacional do Voluntariado, institu\u00eddo em 1985 pela Assembleia Geral das Na\u00e7\u00f5es Unidas com o objetivo de reconhecer a importante [&hellip;]<\/p>\n","protected":false},"author":21,"featured_media":148672,"comment_status":"open","ping_status":"closed","sticky":false,"template":"","format":"standard","meta":{"footnotes":""},"categories":[38,193],"tags":[338,1516,1784,1930,1992,2167],"class_list":["post-148677","post","type-post","status-publish","format-standard","has-post-thumbnail","category-infosfera-pt-pt","category-cidadania","tag-jovens","tag-vides-pt-pt","tag-voluntariado","tag-focus-pt-pt","tag-solidarieta-pt-pt","tag-formazione-pt-pt"],"yoast_head":"<!-- This site is optimized with the Yoast SEO plugin v27.4 - https:\/\/yoast.com\/product\/yoast-seo-wordpress\/ -->\n<title>Dia Internacional do Voluntariado 2025 &#8226; Istituto Figlie di Maria Ausiliatrice<\/title>\n<meta name=\"description\" content=\"Em 5 de dezembro de 2025 celebra-se o Dia Internacional do Voluntariado. O compromisso do VIDES Internacional e da Funda\u00e7\u00e3o FVGS ETS na forma\u00e7\u00e3o dos volunt\u00e1rios.\" \/>\n<meta name=\"robots\" content=\"index, follow, max-snippet:-1, max-image-preview:large, max-video-preview:-1\" \/>\n<link rel=\"canonical\" href=\"https:\/\/www.cgfmanet.org\/infosfera\/giornata-internazionale-del-volontariato-2025\/\" \/>\n<meta property=\"og:locale\" content=\"pt_PT\" \/>\n<meta property=\"og:type\" content=\"article\" \/>\n<meta property=\"og:title\" content=\"Dia Internacional do Voluntariado 2025 &#8226; Istituto Figlie di Maria Ausiliatrice\" \/>\n<meta property=\"og:description\" content=\"Em 5 de dezembro de 2025 celebra-se o Dia Internacional do Voluntariado. O compromisso do VIDES Internacional e da Funda\u00e7\u00e3o FVGS ETS na forma\u00e7\u00e3o dos volunt\u00e1rios.\" \/>\n<meta property=\"og:url\" content=\"https:\/\/www.cgfmanet.org\/infosfera\/giornata-internazionale-del-volontariato-2025\/\" \/>\n<meta property=\"og:site_name\" content=\"Istituto Figlie di Maria Ausiliatrice\" \/>\n<meta property=\"article:publisher\" content=\"https:\/\/www.facebook.com\/salesian.sisters.of.don.bosco\/\" \/>\n<meta property=\"article:published_time\" content=\"2025-12-02T17:47:20+00:00\" \/>\n<meta property=\"article:modified_time\" content=\"2025-12-02T21:35:18+00:00\" \/>\n<meta property=\"og:image\" content=\"https:\/\/www.cgfmanet.org\/wp-content\/uploads\/2025\/12\/Giornata-Volontariato-2025.jpg\" \/>\n\t<meta property=\"og:image:width\" content=\"1181\" \/>\n\t<meta property=\"og:image:height\" content=\"787\" \/>\n\t<meta property=\"og:image:type\" content=\"image\/jpeg\" \/>\n<meta name=\"author\" content=\"Redazione\" \/>\n<meta name=\"twitter:card\" content=\"summary_large_image\" \/>\n<meta name=\"twitter:creator\" content=\"@Cgfmanet_Org\" \/>\n<meta name=\"twitter:site\" content=\"@Cgfmanet_Org\" \/>\n<meta name=\"twitter:label1\" content=\"Escrito por\" \/>\n\t<meta name=\"twitter:data1\" content=\"Redazione\" \/>\n\t<meta name=\"twitter:label2\" content=\"Tempo estimado de leitura\" \/>\n\t<meta name=\"twitter:data2\" content=\"4 minutos\" \/>\n<script type=\"application\/ld+json\" class=\"yoast-schema-graph\">{\"@context\":\"https:\\\/\\\/schema.org\",\"@graph\":[{\"@type\":\"Article\",\"@id\":\"https:\\\/\\\/www.cgfmanet.org\\\/infosfera\\\/giornata-internazionale-del-volontariato-2025\\\/#article\",\"isPartOf\":{\"@id\":\"https:\\\/\\\/www.cgfmanet.org\\\/infosfera\\\/giornata-internazionale-del-volontariato-2025\\\/\"},\"author\":{\"name\":\"Redazione\",\"@id\":\"https:\\\/\\\/www.cgfmanet.org\\\/es\\\/#\\\/schema\\\/person\\\/ce6473083f53ef0ef882cca23f0c8fb9\"},\"headline\":\"Dia Internacional do Voluntariado 2025\",\"datePublished\":\"2025-12-02T17:47:20+00:00\",\"dateModified\":\"2025-12-02T21:35:18+00:00\",\"mainEntityOfPage\":{\"@id\":\"https:\\\/\\\/www.cgfmanet.org\\\/infosfera\\\/giornata-internazionale-del-volontariato-2025\\\/\"},\"wordCount\":775,\"commentCount\":0,\"publisher\":{\"@id\":\"https:\\\/\\\/www.cgfmanet.org\\\/es\\\/#organization\"},\"image\":{\"@id\":\"https:\\\/\\\/www.cgfmanet.org\\\/infosfera\\\/giornata-internazionale-del-volontariato-2025\\\/#primaryimage\"},\"thumbnailUrl\":\"https:\\\/\\\/www.cgfmanet.org\\\/wp-content\\\/uploads\\\/2025\\\/12\\\/Giornata-Volontariato-2025.jpg\",\"keywords\":[\"Jovens\",\"Vides\",\"Voluntariado\",\"Focus\",\"Solidariet\u00e0\",\"Formazione\"],\"articleSection\":[\"Infosfera\",\"Cidadania\"],\"inLanguage\":\"pt-PT\",\"potentialAction\":[{\"@type\":\"CommentAction\",\"name\":\"Comment\",\"target\":[\"https:\\\/\\\/www.cgfmanet.org\\\/infosfera\\\/giornata-internazionale-del-volontariato-2025\\\/#respond\"]}]},{\"@type\":\"WebPage\",\"@id\":\"https:\\\/\\\/www.cgfmanet.org\\\/infosfera\\\/giornata-internazionale-del-volontariato-2025\\\/\",\"url\":\"https:\\\/\\\/www.cgfmanet.org\\\/infosfera\\\/giornata-internazionale-del-volontariato-2025\\\/\",\"name\":\"Dia Internacional do Voluntariado 2025 &#8226; Istituto Figlie di Maria Ausiliatrice\",\"isPartOf\":{\"@id\":\"https:\\\/\\\/www.cgfmanet.org\\\/es\\\/#website\"},\"primaryImageOfPage\":{\"@id\":\"https:\\\/\\\/www.cgfmanet.org\\\/infosfera\\\/giornata-internazionale-del-volontariato-2025\\\/#primaryimage\"},\"image\":{\"@id\":\"https:\\\/\\\/www.cgfmanet.org\\\/infosfera\\\/giornata-internazionale-del-volontariato-2025\\\/#primaryimage\"},\"thumbnailUrl\":\"https:\\\/\\\/www.cgfmanet.org\\\/wp-content\\\/uploads\\\/2025\\\/12\\\/Giornata-Volontariato-2025.jpg\",\"datePublished\":\"2025-12-02T17:47:20+00:00\",\"dateModified\":\"2025-12-02T21:35:18+00:00\",\"description\":\"Em 5 de dezembro de 2025 celebra-se o Dia Internacional do Voluntariado. O compromisso do VIDES Internacional e da Funda\u00e7\u00e3o FVGS ETS na forma\u00e7\u00e3o dos volunt\u00e1rios.\",\"breadcrumb\":{\"@id\":\"https:\\\/\\\/www.cgfmanet.org\\\/infosfera\\\/giornata-internazionale-del-volontariato-2025\\\/#breadcrumb\"},\"inLanguage\":\"pt-PT\",\"potentialAction\":[{\"@type\":\"ReadAction\",\"target\":[\"https:\\\/\\\/www.cgfmanet.org\\\/infosfera\\\/giornata-internazionale-del-volontariato-2025\\\/\"]}]},{\"@type\":\"ImageObject\",\"inLanguage\":\"pt-PT\",\"@id\":\"https:\\\/\\\/www.cgfmanet.org\\\/infosfera\\\/giornata-internazionale-del-volontariato-2025\\\/#primaryimage\",\"url\":\"https:\\\/\\\/www.cgfmanet.org\\\/wp-content\\\/uploads\\\/2025\\\/12\\\/Giornata-Volontariato-2025.jpg\",\"contentUrl\":\"https:\\\/\\\/www.cgfmanet.org\\\/wp-content\\\/uploads\\\/2025\\\/12\\\/Giornata-Volontariato-2025.jpg\",\"width\":1181,\"height\":787},{\"@type\":\"BreadcrumbList\",\"@id\":\"https:\\\/\\\/www.cgfmanet.org\\\/infosfera\\\/giornata-internazionale-del-volontariato-2025\\\/#breadcrumb\",\"itemListElement\":[{\"@type\":\"ListItem\",\"position\":1,\"name\":\"Home\",\"item\":\"https:\\\/\\\/www.cgfmanet.org\\\/pt-pt\\\/\"},{\"@type\":\"ListItem\",\"position\":2,\"name\":\"Dia Internacional do Voluntariado 2025\"}]},{\"@type\":\"WebSite\",\"@id\":\"https:\\\/\\\/www.cgfmanet.org\\\/es\\\/#website\",\"url\":\"https:\\\/\\\/www.cgfmanet.org\\\/es\\\/\",\"name\":\"Istituto Figlie di Maria Ausiliatrice\",\"description\":\"Salesiane di Don Bosco\",\"publisher\":{\"@id\":\"https:\\\/\\\/www.cgfmanet.org\\\/es\\\/#organization\"},\"potentialAction\":[{\"@type\":\"SearchAction\",\"target\":{\"@type\":\"EntryPoint\",\"urlTemplate\":\"https:\\\/\\\/www.cgfmanet.org\\\/es\\\/?s={search_term_string}\"},\"query-input\":{\"@type\":\"PropertyValueSpecification\",\"valueRequired\":true,\"valueName\":\"search_term_string\"}}],\"inLanguage\":\"pt-PT\"},{\"@type\":\"Organization\",\"@id\":\"https:\\\/\\\/www.cgfmanet.org\\\/es\\\/#organization\",\"name\":\"Istituto Figlie di Maria Ausiliatrice\",\"url\":\"https:\\\/\\\/www.cgfmanet.org\\\/es\\\/\",\"logo\":{\"@type\":\"ImageObject\",\"inLanguage\":\"pt-PT\",\"@id\":\"https:\\\/\\\/www.cgfmanet.org\\\/es\\\/#\\\/schema\\\/logo\\\/image\\\/\",\"url\":\"https:\\\/\\\/www.cgfmanet.org\\\/wp-content\\\/uploads\\\/2018\\\/10\\\/logo-fma.png\",\"contentUrl\":\"https:\\\/\\\/www.cgfmanet.org\\\/wp-content\\\/uploads\\\/2018\\\/10\\\/logo-fma.png\",\"width\":214,\"height\":55,\"caption\":\"Istituto Figlie di Maria Ausiliatrice\"},\"image\":{\"@id\":\"https:\\\/\\\/www.cgfmanet.org\\\/es\\\/#\\\/schema\\\/logo\\\/image\\\/\"},\"sameAs\":[\"https:\\\/\\\/www.facebook.com\\\/salesian.sisters.of.don.bosco\\\/\",\"https:\\\/\\\/x.com\\\/Cgfmanet_Org\",\"https:\\\/\\\/www.youtube.com\\\/channel\\\/UCmcr8yFQBV7JXeXVxyV9y5Q\"]},{\"@type\":\"Person\",\"@id\":\"https:\\\/\\\/www.cgfmanet.org\\\/es\\\/#\\\/schema\\\/person\\\/ce6473083f53ef0ef882cca23f0c8fb9\",\"name\":\"Redazione\"}]}<\/script>\n<!-- \/ Yoast SEO plugin. -->","yoast_head_json":{"title":"Dia Internacional do Voluntariado 2025 &#8226; Istituto Figlie di Maria Ausiliatrice","description":"Em 5 de dezembro de 2025 celebra-se o Dia Internacional do Voluntariado. O compromisso do VIDES Internacional e da Funda\u00e7\u00e3o FVGS ETS na forma\u00e7\u00e3o dos volunt\u00e1rios.","robots":{"index":"index","follow":"follow","max-snippet":"max-snippet:-1","max-image-preview":"max-image-preview:large","max-video-preview":"max-video-preview:-1"},"canonical":"https:\/\/www.cgfmanet.org\/infosfera\/giornata-internazionale-del-volontariato-2025\/","og_locale":"pt_PT","og_type":"article","og_title":"Dia Internacional do Voluntariado 2025 &#8226; Istituto Figlie di Maria Ausiliatrice","og_description":"Em 5 de dezembro de 2025 celebra-se o Dia Internacional do Voluntariado. O compromisso do VIDES Internacional e da Funda\u00e7\u00e3o FVGS ETS na forma\u00e7\u00e3o dos volunt\u00e1rios.","og_url":"https:\/\/www.cgfmanet.org\/infosfera\/giornata-internazionale-del-volontariato-2025\/","og_site_name":"Istituto Figlie di Maria Ausiliatrice","article_publisher":"https:\/\/www.facebook.com\/salesian.sisters.of.don.bosco\/","article_published_time":"2025-12-02T17:47:20+00:00","article_modified_time":"2025-12-02T21:35:18+00:00","og_image":[{"width":1181,"height":787,"url":"https:\/\/www.cgfmanet.org\/wp-content\/uploads\/2025\/12\/Giornata-Volontariato-2025.jpg","type":"image\/jpeg"}],"author":"Redazione","twitter_card":"summary_large_image","twitter_creator":"@Cgfmanet_Org","twitter_site":"@Cgfmanet_Org","twitter_misc":{"Escrito por":"Redazione","Tempo estimado de leitura":"4 minutos"},"schema":{"@context":"https:\/\/schema.org","@graph":[{"@type":"Article","@id":"https:\/\/www.cgfmanet.org\/infosfera\/giornata-internazionale-del-volontariato-2025\/#article","isPartOf":{"@id":"https:\/\/www.cgfmanet.org\/infosfera\/giornata-internazionale-del-volontariato-2025\/"},"author":{"name":"Redazione","@id":"https:\/\/www.cgfmanet.org\/es\/#\/schema\/person\/ce6473083f53ef0ef882cca23f0c8fb9"},"headline":"Dia Internacional do Voluntariado 2025","datePublished":"2025-12-02T17:47:20+00:00","dateModified":"2025-12-02T21:35:18+00:00","mainEntityOfPage":{"@id":"https:\/\/www.cgfmanet.org\/infosfera\/giornata-internazionale-del-volontariato-2025\/"},"wordCount":775,"commentCount":0,"publisher":{"@id":"https:\/\/www.cgfmanet.org\/es\/#organization"},"image":{"@id":"https:\/\/www.cgfmanet.org\/infosfera\/giornata-internazionale-del-volontariato-2025\/#primaryimage"},"thumbnailUrl":"https:\/\/www.cgfmanet.org\/wp-content\/uploads\/2025\/12\/Giornata-Volontariato-2025.jpg","keywords":["Jovens","Vides","Voluntariado","Focus","Solidariet\u00e0","Formazione"],"articleSection":["Infosfera","Cidadania"],"inLanguage":"pt-PT","potentialAction":[{"@type":"CommentAction","name":"Comment","target":["https:\/\/www.cgfmanet.org\/infosfera\/giornata-internazionale-del-volontariato-2025\/#respond"]}]},{"@type":"WebPage","@id":"https:\/\/www.cgfmanet.org\/infosfera\/giornata-internazionale-del-volontariato-2025\/","url":"https:\/\/www.cgfmanet.org\/infosfera\/giornata-internazionale-del-volontariato-2025\/","name":"Dia Internacional do Voluntariado 2025 &#8226; Istituto Figlie di Maria Ausiliatrice","isPartOf":{"@id":"https:\/\/www.cgfmanet.org\/es\/#website"},"primaryImageOfPage":{"@id":"https:\/\/www.cgfmanet.org\/infosfera\/giornata-internazionale-del-volontariato-2025\/#primaryimage"},"image":{"@id":"https:\/\/www.cgfmanet.org\/infosfera\/giornata-internazionale-del-volontariato-2025\/#primaryimage"},"thumbnailUrl":"https:\/\/www.cgfmanet.org\/wp-content\/uploads\/2025\/12\/Giornata-Volontariato-2025.jpg","datePublished":"2025-12-02T17:47:20+00:00","dateModified":"2025-12-02T21:35:18+00:00","description":"Em 5 de dezembro de 2025 celebra-se o Dia Internacional do Voluntariado. O compromisso do VIDES Internacional e da Funda\u00e7\u00e3o FVGS ETS na forma\u00e7\u00e3o dos volunt\u00e1rios.","breadcrumb":{"@id":"https:\/\/www.cgfmanet.org\/infosfera\/giornata-internazionale-del-volontariato-2025\/#breadcrumb"},"inLanguage":"pt-PT","potentialAction":[{"@type":"ReadAction","target":["https:\/\/www.cgfmanet.org\/infosfera\/giornata-internazionale-del-volontariato-2025\/"]}]},{"@type":"ImageObject","inLanguage":"pt-PT","@id":"https:\/\/www.cgfmanet.org\/infosfera\/giornata-internazionale-del-volontariato-2025\/#primaryimage","url":"https:\/\/www.cgfmanet.org\/wp-content\/uploads\/2025\/12\/Giornata-Volontariato-2025.jpg","contentUrl":"https:\/\/www.cgfmanet.org\/wp-content\/uploads\/2025\/12\/Giornata-Volontariato-2025.jpg","width":1181,"height":787},{"@type":"BreadcrumbList","@id":"https:\/\/www.cgfmanet.org\/infosfera\/giornata-internazionale-del-volontariato-2025\/#breadcrumb","itemListElement":[{"@type":"ListItem","position":1,"name":"Home","item":"https:\/\/www.cgfmanet.org\/pt-pt\/"},{"@type":"ListItem","position":2,"name":"Dia Internacional do Voluntariado 2025"}]},{"@type":"WebSite","@id":"https:\/\/www.cgfmanet.org\/es\/#website","url":"https:\/\/www.cgfmanet.org\/es\/","name":"Istituto Figlie di Maria Ausiliatrice","description":"Salesiane di Don Bosco","publisher":{"@id":"https:\/\/www.cgfmanet.org\/es\/#organization"},"potentialAction":[{"@type":"SearchAction","target":{"@type":"EntryPoint","urlTemplate":"https:\/\/www.cgfmanet.org\/es\/?s={search_term_string}"},"query-input":{"@type":"PropertyValueSpecification","valueRequired":true,"valueName":"search_term_string"}}],"inLanguage":"pt-PT"},{"@type":"Organization","@id":"https:\/\/www.cgfmanet.org\/es\/#organization","name":"Istituto Figlie di Maria Ausiliatrice","url":"https:\/\/www.cgfmanet.org\/es\/","logo":{"@type":"ImageObject","inLanguage":"pt-PT","@id":"https:\/\/www.cgfmanet.org\/es\/#\/schema\/logo\/image\/","url":"https:\/\/www.cgfmanet.org\/wp-content\/uploads\/2018\/10\/logo-fma.png","contentUrl":"https:\/\/www.cgfmanet.org\/wp-content\/uploads\/2018\/10\/logo-fma.png","width":214,"height":55,"caption":"Istituto Figlie di Maria Ausiliatrice"},"image":{"@id":"https:\/\/www.cgfmanet.org\/es\/#\/schema\/logo\/image\/"},"sameAs":["https:\/\/www.facebook.com\/salesian.sisters.of.don.bosco\/","https:\/\/x.com\/Cgfmanet_Org","https:\/\/www.youtube.com\/channel\/UCmcr8yFQBV7JXeXVxyV9y5Q"]},{"@type":"Person","@id":"https:\/\/www.cgfmanet.org\/es\/#\/schema\/person\/ce6473083f53ef0ef882cca23f0c8fb9","name":"Redazione"}]}},"_links":{"self":[{"href":"https:\/\/www.cgfmanet.org\/pt-pt\/wp-json\/wp\/v2\/posts\/148677","targetHints":{"allow":["GET"]}}],"collection":[{"href":"https:\/\/www.cgfmanet.org\/pt-pt\/wp-json\/wp\/v2\/posts"}],"about":[{"href":"https:\/\/www.cgfmanet.org\/pt-pt\/wp-json\/wp\/v2\/types\/post"}],"author":[{"embeddable":true,"href":"https:\/\/www.cgfmanet.org\/pt-pt\/wp-json\/wp\/v2\/users\/21"}],"replies":[{"embeddable":true,"href":"https:\/\/www.cgfmanet.org\/pt-pt\/wp-json\/wp\/v2\/comments?post=148677"}],"version-history":[{"count":3,"href":"https:\/\/www.cgfmanet.org\/pt-pt\/wp-json\/wp\/v2\/posts\/148677\/revisions"}],"predecessor-version":[{"id":148726,"href":"https:\/\/www.cgfmanet.org\/pt-pt\/wp-json\/wp\/v2\/posts\/148677\/revisions\/148726"}],"wp:featuredmedia":[{"embeddable":true,"href":"https:\/\/www.cgfmanet.org\/pt-pt\/wp-json\/wp\/v2\/media\/148672"}],"wp:attachment":[{"href":"https:\/\/www.cgfmanet.org\/pt-pt\/wp-json\/wp\/v2\/media?parent=148677"}],"wp:term":[{"taxonomy":"category","embeddable":true,"href":"https:\/\/www.cgfmanet.org\/pt-pt\/wp-json\/wp\/v2\/categories?post=148677"},{"taxonomy":"post_tag","embeddable":true,"href":"https:\/\/www.cgfmanet.org\/pt-pt\/wp-json\/wp\/v2\/tags?post=148677"}],"curies":[{"name":"wp","href":"https:\/\/api.w.org\/{rel}","templated":true}]}}