{"id":147462,"date":"2025-11-21T12:42:05","date_gmt":"2025-11-21T11:42:05","guid":{"rendered":"https:\/\/www.cgfmanet.org\/infosfera-pt-pt\/giornata-mondiale-della-gioventu-2025\/"},"modified":"2025-11-20T22:43:20","modified_gmt":"2025-11-20T21:43:20","slug":"dia-mundial-da-juventude-2025","status":"publish","type":"post","link":"https:\/\/www.cgfmanet.org\/pt-pt\/infosfera-pt-pt\/dia-mundial-da-juventude-2025\/","title":{"rendered":"Dia Mundial da Juventude 2025"},"content":{"rendered":"<p><strong>Roma (It\u00e1lia).<\/strong> No domingo, 23 de novembro de 2025, na Solenidade de Cristo Rei do Universo, celebra-se a <strong>XL Jornada Mundial da Juventude<\/strong> nas Dioceses. Em 22 de novembro de 2020, o Papa Francisco havia transferido a celebra\u00e7\u00e3o diocesana da JMJ do Domingo de Ramos para a Solenidade de Cristo Rei: <em>\u201cQueridos jovens, gritai com a vossa vida que Cristo vive, que Cristo reina, que Cristo \u00e9 o Senhor! Se calardes, asseguro-vos que as pedras gritar\u00e3o\u201d.<\/em><\/p>\n<p>Esta celebra\u00e7\u00e3o local distingue-se da Jornada Mundial da Juventude internacional, evento de v\u00e1rios dias celebrado a cada dois ou tr\u00eas anos numa cidade do mundo. A \u00faltima JMJ foi em 2023, em Lisboa, Portugal, com o Papa Francisco, enquanto em agosto de 2025 os jovens de todo o mundo viveram o seu <span style=\"color: #0000ff;\"><strong><a style=\"color: #0000ff;\" href=\"https:\/\/www.cgfmanet.org\/pt-pt\/infosfera-pt-pt\/jubileu-dos-jovens-levai-esta-alegria-a-todo-o-mundo\/\" target=\"_blank\" rel=\"noopener\">Jubileo <\/a><\/strong><\/span>em Roma com o Papa Le\u00e3o XIV.<\/p>\n<p><strong>\u201cTamb\u00e9m v\u00f3s dareis testemunho, porque estais comigo\u201d<\/strong> (Jo 15,27) \u00e9 o tema da <span style=\"color: #0000ff;\"><strong><a style=\"color: #0000ff;\" href=\"https:\/\/www.vatican.va\/content\/leo-xiv\/it\/messages\/youth\/documents\/20251007-messaggio-xl-gmg.html\" target=\"_blank\" rel=\"noopener\">Mensagem<\/a><\/strong><\/span> <span lang=\"PT-BR\">para esta edi\u00e7\u00e3o, com a qual o Papa Le\u00e3o inicia um percurso que levar\u00e1 \u00e0 pr\u00f3xima JMJ, que ser\u00e1 realizada em Seul, em 2027. O Santo Padre se det\u00e9m em dois aspectos do testemunho: <em>\u201cA amizade com Jesus, que acolhemos de Deus como dom; e o compromisso de cada um na sociedade, como construtores de paz\u201d.<\/em><\/span><\/p>\n<p style=\"text-align: justify; text-justify: inter-ideograph;\"><span lang=\"PT-BR\">Convida os jovens a ir em profundidade na amizade com Jesus, que leva a sair de si mesmos:<\/span><\/p>\n<p style=\"text-align: justify; text-justify: inter-ideograph;\"><em><span lang=\"PT-BR\">\u201cLendo os Evangelhos, percebereis que todos encontraram na rela\u00e7\u00e3o viva com Cristo o verdadeiro sentido da vida. Com efeito, nossas perguntas mais profundas n\u00e3o encontram escuta, nem resposta na \u2018rolagem\u2019 infinita no celular, que captura a aten\u00e7\u00e3o deixando a mente cansada e vazio o cora\u00e7\u00e3o. N\u00e3o nos levam longe se as mantemos fechadas em n\u00f3s mesmos ou em c\u00edrculos muito restritos. A realiza\u00e7\u00e3o dos nossos desejos aut\u00eanticos passa sempre pelo sair de n\u00f3s mesmos\u201d.<\/span><\/em><\/p>\n<p style=\"text-align: justify; text-justify: inter-ideograph;\"><span lang=\"PT-BR\">Ao longo da Mensagem ressoa o cora\u00e7\u00e3o da <strong>Espiritualidade Juvenil Salesiana<\/strong>: a amizade com Jesus, que \u00e9 o fundamento da vida salesiana, uma amizade que cresce por meio da ora\u00e7\u00e3o quotidiana, dos sacramentos e do servi\u00e7o alegre. Dessa amizade brota naturalmente a miss\u00e3o: como Dom Bosco e Madre Mazzarello, somos chamados a tornar a pr\u00f3pria vida um testemunho de amor, sobretudo entre os jovens e os pobres. Enfim, vivendo com esp\u00edrito de bondade, justi\u00e7a e solidariedade, contribui-se para construir a paz, criando comunidades em que cada um se sinta acolhido, valorizado e amado. Assim se vive o Evangelho com cora\u00e7\u00e3o salesiano: pr\u00f3ximos a Jesus, ativos no servi\u00e7o e construtores de esperan\u00e7a e de paz.<\/span><\/p>\n<p style=\"text-align: justify; text-justify: inter-ideograph;\"><strong><span lang=\"PT-BR\">A voz de alguns jovens de diversas realidades salesianas<\/span><\/strong><span lang=\"PT-BR\">, que partilharam suas reflex\u00f5es em resposta ao convite do Santo Padre para a JMJ deste ano \u2014 uma mensagem que ressoa no seu caminho como \u201cperegrinos de esperan\u00e7a\u201d e refor\u00e7a seu compromisso em construir um mundo de paz:<\/span><\/p>\n<h3><span style=\"color: #ff0000;\"><strong>Peregrinos de esperan\u00e7a<\/strong><\/span><\/h3>\n<p style=\"text-align: justify; text-justify: inter-ideograph;\"><strong><span lang=\"PT-BR\">Aishwarya Augustina Toppo \u2013 \u00cdndia:<\/span><\/strong><span lang=\"PT-BR\"> Ser uma peregrina de esperan\u00e7a, para mim, significa caminhar pela vida com f\u00e9 e confian\u00e7a, mesmo quando parece incerto. \u00c9 escolher ver a luz nas situa\u00e7\u00f5es que aparecem obscuras e inspirar outros a fazer o mesmo. Cada dia procuro viver tudo isso mostrando gentileza, enfrentando com paci\u00eancia as dificuldades e acreditando que Deus tem um des\u00edgnio para cada passo do meu caminho. Como peregrina, talvez n\u00e3o tenha todas as respostas, mas caminho com esperan\u00e7a, sabendo que sou guiada pelo amor de Deus.<\/span><\/p>\n<p style=\"text-align: justify; text-justify: inter-ideograph;\"><strong><span lang=\"PT-BR\">Juani Salgueiro \u2013 Paraguai:<\/span><\/strong><span lang=\"PT-BR\"> Para mim, ser uma peregrina de esperan\u00e7a significa ser um testemunho vivo do amor de Deus, n\u00e3o por meio de situa\u00e7\u00f5es extraordin\u00e1rias, mas na quotidianidade de cada dia. Fazer com que minha rela\u00e7\u00e3o com Ele n\u00e3o seja apenas \u00edntima e pessoal, mas se reflita em minhas a\u00e7\u00f5es, rela\u00e7\u00f5es e pensamentos. Como poderia viver aflita, guardando rancor ou acreditando que a vida n\u00e3o tem sentido, se conhe\u00e7o um Deus misericordioso que me ama, me sustenta e procura guiar-me \u00e0 verdadeira felicidade? Ser peregrina significa compartilhar com meus irm\u00e3os, com a gra\u00e7a de viver em comunidade, esse amor de Deus, que n\u00e3o implica aus\u00eancia de dificuldades, mas \u00e9 um caminho em que a f\u00e9 nos sustenta nos momentos dif\u00edceis e a esperan\u00e7a vence a d\u00favida.<\/span><\/p>\n<p style=\"text-align: justify; text-justify: inter-ideograph;\"><strong><i><span lang=\"PT-BR\">Jos\u00e9 Ant\u00f4nio Lemos Martins \u2013 Brasil:<\/span><\/i><\/strong><span lang=\"PT-BR\"> Para n\u00f3s \u00e9 seguir o Evangelho de Cristo. Mas como colocar isso em pr\u00e1tica no frenesi quotidiano? \u00c9 cada vez mais necess\u00e1rio ter um olhar atento para o irm\u00e3o: levar uma mensagem de perd\u00e3o e amor pode fazer a diferen\u00e7a, seguindo assim o convite de anunciar o Evangelho e doar esperan\u00e7a. Cada novo dia \u00e9 uma nova oportunidade para fazer o bem e difundir com as a\u00e7\u00f5es a Palavra, porque as palavras convencem, mas o exemplo arrasta.<\/span><\/p>\n<h3><span style=\"color: #ff0000;\"><strong>Amigos de Jesus<\/strong><\/span><\/h3>\n<p style=\"text-align: justify; text-justify: inter-ideograph;\"><strong><span lang=\"PT-BR\">D\u00e9lia Rodriguez \u2013 Panam\u00e1:<\/span><\/strong><span lang=\"PT-BR\"> Posso aprofundar minha amizade com Jesus atrav\u00e9s da ora\u00e7\u00e3o quotidiana, no col\u00f3quio com Ele como um amigo, confiando todos os dias minhas dores e alegrias. Al\u00e9m disso, praticando a gentileza, a paci\u00eancia e a escuta para com o pr\u00f3ximo. Assim, posso ser uma pessoa de luz e esperan\u00e7a no meio daqueles que precisam de mim.<\/span><\/p>\n<p style=\"text-align: justify; text-justify: inter-ideograph;\"><strong><span lang=\"PT-BR\">Aishwarya Augustina Toppo \u2013 \u00cdndia:<\/span><\/strong><span lang=\"PT-BR\"> Para aprofundar minha amizade com Jesus, procuro dedicar-Lhe tempo na ora\u00e7\u00e3o, no sil\u00eancio e na reflex\u00e3o. Falo-Lhe como a um amigo \u00edntimo, compartilhando minhas preocupa\u00e7\u00f5es, alegrias e sonhos. A leitura dos Evangelhos me ajuda a compreender o Seu cora\u00e7\u00e3o, enquanto os gestos de servi\u00e7o me recordam de reconhec\u00ea-Lo nos outros. Quanto mais experimento Sua presen\u00e7a na vida quotidiana, mais consigo refletir Seu amor e Sua esperan\u00e7a a quem me rodeia, por meio da compaix\u00e3o, do perd\u00e3o e de simples gestos de bondade.<\/span><\/p>\n<p style=\"text-align: justify; text-justify: inter-ideograph;\"><strong><span lang=\"PT-BR\">Giuliane Restini Vecchi Marques \u2013 Brasil:<\/span><\/strong><span lang=\"PT-BR\"> Existem muitos modos de fazer isso, mas aprendi concretamente nos \u00faltimos anos que n\u00e3o se pode amar verdadeiramente o que n\u00e3o se conhece. Portanto, para mim, a primeira coisa \u00e9 conhecer Jesus. E o melhor modo de faz\u00ea-lo \u00e9 conhecer a Palavra, criar uma <em>rotina<\/em> de estudo orante (e n\u00e3o simplesmente t\u00e9cnico) sobre Ele. A partir desse momento, tuas a\u00e7\u00f5es ser\u00e3o consequ\u00eancia l\u00f3gica do que aprendeste, porque \u00e9 imposs\u00edvel n\u00e3o se apaixonar quando se conhece Jesus.<\/span><\/p>\n<h3><span style=\"color: #ff0000;\"><strong>Construtores de Paz<\/strong><\/span><\/h3>\n<p style=\"text-align: justify; text-justify: inter-ideograph;\"><strong><span lang=\"PT-BR\">Kamilla Hemkemaier Soares \u2013 Brasil:<\/span><\/strong><span lang=\"PT-BR\"> Acredito que posso contribuir para construir a paz e a unidade difundindo amor e compreens\u00e3o onde quer que me encontre. \u00c0s vezes n\u00e3o servem grandes gestos, mas atitudes simples, como escutar algu\u00e9m que est\u00e1 triste, evitar julgamentos e sempre procurar fazer o bem. Quando escolhemos agir com o cora\u00e7\u00e3o e tratar os outros com respeito, a paz come\u00e7a a crescer ao nosso redor. Quero ser uma pessoa que transmite leveza, que une e n\u00e3o divide, e que faz a diferen\u00e7a mesmo nas pequenas coisas.<\/span><\/p>\n<p style=\"text-align: justify; text-justify: inter-ideograph;\"><strong><span lang=\"PT-BR\">Dannielys Hern\u00e1ndez \u2013 Venezuela:<\/span><\/strong><span lang=\"PT-BR\"> Minha contribui\u00e7\u00e3o como jovem que vive e respira o carisma salesiano \u00e9 ser um testemunho vivo de esperan\u00e7a para os outros. Tudo o que fa\u00e7o se concentra em aplicar o Sistema Preventivo de Dom Bosco na minha vida quotidiana, porque sei que \u00e9 o modo mais concreto para transformar minha comunidade. Neste mundo muitas vezes carregado de negatividade, empenho-me em ser exemplo de alegria, perd\u00e3o e servi\u00e7o. Minha f\u00e9 n\u00e3o \u00e9 guardada num canto; manifesta-se quando acolho a todos sem julgar, reconhecendo o valor de cada jovem, adulto e crian\u00e7a. <\/span><\/p>\n<p style=\"text-align: justify; text-justify: inter-ideograph;\"><span lang=\"PT-BR\">Ser um crist\u00e3o \u201cde fatos\u201d \u00e9 uma das bases para construir a unidade numa comunidade. Minha f\u00e9 me d\u00e1 o sentido e a motiva\u00e7\u00e3o para servir. Vivendo-a com alegria, dialogando com razoabilidade e estando pr\u00f3ximo dos outros com gentileza, estou semeando a semente da paz que Dom Bosco nos ensinou. Ser testemunha para os outros, para que esse exemplo possa, por sua vez, ajudar qualquer um a ser.<\/span><\/p>\n<p style=\"text-align: justify; text-justify: inter-ideograph;\"><strong><span lang=\"PT-BR\">Aishwarya Augustina Toppo \u2013 \u00cdndia:<\/span><\/strong><span lang=\"PT-BR\"> Como jovem, acredito que a paz come\u00e7a da forma como nos tratamos uns aos outros. Posso contribuir para construir a paz em minha comunidade fazendo-me ponte entre as pessoas, escutando, compreendendo as diferen\u00e7as e opondo-me \u00e0 negatividade ou \u00e0s fofocas. Quer se trate de promover a gentileza no meu grupo, apoiar quem est\u00e1 necessitado ou difundir positividade nas <i>redes sociais<\/i>, cada pequeno gesto contribui para criar um maior esp\u00edrito de unidade. Quando escolho a paz em minhas palavras e a\u00e7\u00f5es, ela lentamente se multiplica no mundo que me rodeia.<\/span><\/p>\n<p><strong>Como animadores\/animadoras, e acompanhadoras\/acompanhadores dos jovens<\/strong>, o tema desta JMJ convida-nos a cultivar uma rela\u00e7\u00e3o profunda e pessoal com Cristo, crescendo cada dia como aut\u00eanticas testemunhas de uma f\u00e9 viva. Assim, podemos ajudar os jovens a aprofundar sua amizade com Jesus, a expressar sua f\u00e9 atrav\u00e9s de gestos concretos de amor e servi\u00e7o e a sustentar com firmeza a verdade e a justi\u00e7a na constru\u00e7\u00e3o de uma sociedade mais pac\u00edfica.<\/p>\n","protected":false},"excerpt":{"rendered":"<p>Roma (It\u00e1lia). No domingo, 23 de novembro de 2025, na Solenidade de Cristo Rei do Universo, celebra-se a XL Jornada Mundial da Juventude nas Dioceses. Em 22 de novembro de [&hellip;]<\/p>\n","protected":false},"author":21,"featured_media":147457,"comment_status":"open","ping_status":"closed","sticky":false,"template":"","format":"standard","meta":{"footnotes":""},"categories":[38,189],"tags":[322,338,1286,1665,1930,2490],"class_list":["post-147462","post","type-post","status-publish","format-standard","has-post-thumbnail","category-infosfera-pt-pt","category-igreja","tag-jornada-mundial-da-juventude","tag-jovens","tag-movimento-juvenil-salesiano","tag-spiritualita-salesiana-pt-pt","tag-focus-pt-pt","tag-papa-leao-xiv"],"yoast_head":"<!-- This site is optimized with the Yoast SEO plugin v27.4 - https:\/\/yoast.com\/product\/yoast-seo-wordpress\/ -->\n<title>Dia Mundial da Juventude 2025 &#8226; Istituto Figlie di Maria Ausiliatrice<\/title>\n<meta name=\"description\" content=\"No dia 23 de novembro de 2025, na Solenidade de Cristo Rei do Universo, celebra-se a 40\u00aa Jornada Mundial da Juventude nas Igrejas locais. A voz dos jovens do Movimento Juvenil Salesiano.\" \/>\n<meta name=\"robots\" content=\"index, follow, max-snippet:-1, max-image-preview:large, max-video-preview:-1\" \/>\n<link rel=\"canonical\" href=\"https:\/\/www.cgfmanet.org\/infosfera\/giornata-mondiale-della-gioventu-2025\/\" \/>\n<meta property=\"og:locale\" content=\"pt_PT\" \/>\n<meta property=\"og:type\" content=\"article\" \/>\n<meta property=\"og:title\" content=\"Dia Mundial da Juventude 2025 &#8226; Istituto Figlie di Maria Ausiliatrice\" \/>\n<meta property=\"og:description\" content=\"No dia 23 de novembro de 2025, na Solenidade de Cristo Rei do Universo, celebra-se a 40\u00aa Jornada Mundial da Juventude nas Igrejas locais. A voz dos jovens do Movimento Juvenil Salesiano.\" \/>\n<meta property=\"og:url\" content=\"https:\/\/www.cgfmanet.org\/infosfera\/giornata-mondiale-della-gioventu-2025\/\" \/>\n<meta property=\"og:site_name\" content=\"Istituto Figlie di Maria Ausiliatrice\" \/>\n<meta property=\"article:publisher\" content=\"https:\/\/www.facebook.com\/salesian.sisters.of.don.bosco\/\" \/>\n<meta property=\"article:published_time\" content=\"2025-11-21T11:42:05+00:00\" \/>\n<meta property=\"og:image\" content=\"https:\/\/www.cgfmanet.org\/wp-content\/uploads\/2025\/11\/Giornata-Mondiale-Gioventu-2025.jpg\" \/>\n\t<meta property=\"og:image:width\" content=\"1181\" \/>\n\t<meta property=\"og:image:height\" content=\"787\" \/>\n\t<meta property=\"og:image:type\" content=\"image\/jpeg\" \/>\n<meta name=\"author\" content=\"Redazione\" \/>\n<meta name=\"twitter:card\" content=\"summary_large_image\" \/>\n<meta name=\"twitter:creator\" content=\"@Cgfmanet_Org\" \/>\n<meta name=\"twitter:site\" content=\"@Cgfmanet_Org\" \/>\n<meta name=\"twitter:label1\" content=\"Escrito por\" \/>\n\t<meta name=\"twitter:data1\" content=\"Redazione\" \/>\n\t<meta name=\"twitter:label2\" content=\"Tempo estimado de leitura\" \/>\n\t<meta name=\"twitter:data2\" content=\"8 minutos\" \/>\n<script type=\"application\/ld+json\" class=\"yoast-schema-graph\">{\"@context\":\"https:\\\/\\\/schema.org\",\"@graph\":[{\"@type\":\"Article\",\"@id\":\"https:\\\/\\\/www.cgfmanet.org\\\/infosfera\\\/giornata-mondiale-della-gioventu-2025\\\/#article\",\"isPartOf\":{\"@id\":\"https:\\\/\\\/www.cgfmanet.org\\\/infosfera\\\/giornata-mondiale-della-gioventu-2025\\\/\"},\"author\":{\"name\":\"Redazione\",\"@id\":\"https:\\\/\\\/www.cgfmanet.org\\\/es\\\/#\\\/schema\\\/person\\\/ce6473083f53ef0ef882cca23f0c8fb9\"},\"headline\":\"Dia Mundial da Juventude 2025\",\"datePublished\":\"2025-11-21T11:42:05+00:00\",\"mainEntityOfPage\":{\"@id\":\"https:\\\/\\\/www.cgfmanet.org\\\/infosfera\\\/giornata-mondiale-della-gioventu-2025\\\/\"},\"wordCount\":1508,\"commentCount\":0,\"publisher\":{\"@id\":\"https:\\\/\\\/www.cgfmanet.org\\\/es\\\/#organization\"},\"image\":{\"@id\":\"https:\\\/\\\/www.cgfmanet.org\\\/infosfera\\\/giornata-mondiale-della-gioventu-2025\\\/#primaryimage\"},\"thumbnailUrl\":\"https:\\\/\\\/www.cgfmanet.org\\\/wp-content\\\/uploads\\\/2025\\\/11\\\/Giornata-Mondiale-Gioventu-2025.jpg\",\"keywords\":[\"Jornada Mundial da Juventude\",\"Jovens\",\"Movimento Juvenil Salesiano\",\"Spiritualit\u00e0 Salesiana\",\"Focus\",\"Papa Le\u00e3o XIV\"],\"articleSection\":[\"Infosfera\",\"Igreja\"],\"inLanguage\":\"pt-PT\",\"potentialAction\":[{\"@type\":\"CommentAction\",\"name\":\"Comment\",\"target\":[\"https:\\\/\\\/www.cgfmanet.org\\\/infosfera\\\/giornata-mondiale-della-gioventu-2025\\\/#respond\"]}]},{\"@type\":\"WebPage\",\"@id\":\"https:\\\/\\\/www.cgfmanet.org\\\/infosfera\\\/giornata-mondiale-della-gioventu-2025\\\/\",\"url\":\"https:\\\/\\\/www.cgfmanet.org\\\/infosfera\\\/giornata-mondiale-della-gioventu-2025\\\/\",\"name\":\"Dia Mundial da Juventude 2025 &#8226; Istituto Figlie di Maria Ausiliatrice\",\"isPartOf\":{\"@id\":\"https:\\\/\\\/www.cgfmanet.org\\\/es\\\/#website\"},\"primaryImageOfPage\":{\"@id\":\"https:\\\/\\\/www.cgfmanet.org\\\/infosfera\\\/giornata-mondiale-della-gioventu-2025\\\/#primaryimage\"},\"image\":{\"@id\":\"https:\\\/\\\/www.cgfmanet.org\\\/infosfera\\\/giornata-mondiale-della-gioventu-2025\\\/#primaryimage\"},\"thumbnailUrl\":\"https:\\\/\\\/www.cgfmanet.org\\\/wp-content\\\/uploads\\\/2025\\\/11\\\/Giornata-Mondiale-Gioventu-2025.jpg\",\"datePublished\":\"2025-11-21T11:42:05+00:00\",\"description\":\"No dia 23 de novembro de 2025, na Solenidade de Cristo Rei do Universo, celebra-se a 40\u00aa Jornada Mundial da Juventude nas Igrejas locais. A voz dos jovens do Movimento Juvenil Salesiano.\",\"breadcrumb\":{\"@id\":\"https:\\\/\\\/www.cgfmanet.org\\\/infosfera\\\/giornata-mondiale-della-gioventu-2025\\\/#breadcrumb\"},\"inLanguage\":\"pt-PT\",\"potentialAction\":[{\"@type\":\"ReadAction\",\"target\":[\"https:\\\/\\\/www.cgfmanet.org\\\/infosfera\\\/giornata-mondiale-della-gioventu-2025\\\/\"]}]},{\"@type\":\"ImageObject\",\"inLanguage\":\"pt-PT\",\"@id\":\"https:\\\/\\\/www.cgfmanet.org\\\/infosfera\\\/giornata-mondiale-della-gioventu-2025\\\/#primaryimage\",\"url\":\"https:\\\/\\\/www.cgfmanet.org\\\/wp-content\\\/uploads\\\/2025\\\/11\\\/Giornata-Mondiale-Gioventu-2025.jpg\",\"contentUrl\":\"https:\\\/\\\/www.cgfmanet.org\\\/wp-content\\\/uploads\\\/2025\\\/11\\\/Giornata-Mondiale-Gioventu-2025.jpg\",\"width\":1181,\"height\":787},{\"@type\":\"BreadcrumbList\",\"@id\":\"https:\\\/\\\/www.cgfmanet.org\\\/infosfera\\\/giornata-mondiale-della-gioventu-2025\\\/#breadcrumb\",\"itemListElement\":[{\"@type\":\"ListItem\",\"position\":1,\"name\":\"Home\",\"item\":\"https:\\\/\\\/www.cgfmanet.org\\\/pt-pt\\\/\"},{\"@type\":\"ListItem\",\"position\":2,\"name\":\"Dia Mundial da Juventude 2025\"}]},{\"@type\":\"WebSite\",\"@id\":\"https:\\\/\\\/www.cgfmanet.org\\\/es\\\/#website\",\"url\":\"https:\\\/\\\/www.cgfmanet.org\\\/es\\\/\",\"name\":\"Istituto Figlie di Maria Ausiliatrice\",\"description\":\"Salesiane di Don Bosco\",\"publisher\":{\"@id\":\"https:\\\/\\\/www.cgfmanet.org\\\/es\\\/#organization\"},\"potentialAction\":[{\"@type\":\"SearchAction\",\"target\":{\"@type\":\"EntryPoint\",\"urlTemplate\":\"https:\\\/\\\/www.cgfmanet.org\\\/es\\\/?s={search_term_string}\"},\"query-input\":{\"@type\":\"PropertyValueSpecification\",\"valueRequired\":true,\"valueName\":\"search_term_string\"}}],\"inLanguage\":\"pt-PT\"},{\"@type\":\"Organization\",\"@id\":\"https:\\\/\\\/www.cgfmanet.org\\\/es\\\/#organization\",\"name\":\"Istituto Figlie di Maria Ausiliatrice\",\"url\":\"https:\\\/\\\/www.cgfmanet.org\\\/es\\\/\",\"logo\":{\"@type\":\"ImageObject\",\"inLanguage\":\"pt-PT\",\"@id\":\"https:\\\/\\\/www.cgfmanet.org\\\/es\\\/#\\\/schema\\\/logo\\\/image\\\/\",\"url\":\"https:\\\/\\\/www.cgfmanet.org\\\/wp-content\\\/uploads\\\/2018\\\/10\\\/logo-fma.png\",\"contentUrl\":\"https:\\\/\\\/www.cgfmanet.org\\\/wp-content\\\/uploads\\\/2018\\\/10\\\/logo-fma.png\",\"width\":214,\"height\":55,\"caption\":\"Istituto Figlie di Maria Ausiliatrice\"},\"image\":{\"@id\":\"https:\\\/\\\/www.cgfmanet.org\\\/es\\\/#\\\/schema\\\/logo\\\/image\\\/\"},\"sameAs\":[\"https:\\\/\\\/www.facebook.com\\\/salesian.sisters.of.don.bosco\\\/\",\"https:\\\/\\\/x.com\\\/Cgfmanet_Org\",\"https:\\\/\\\/www.youtube.com\\\/channel\\\/UCmcr8yFQBV7JXeXVxyV9y5Q\"]},{\"@type\":\"Person\",\"@id\":\"https:\\\/\\\/www.cgfmanet.org\\\/es\\\/#\\\/schema\\\/person\\\/ce6473083f53ef0ef882cca23f0c8fb9\",\"name\":\"Redazione\"}]}<\/script>\n<!-- \/ Yoast SEO plugin. -->","yoast_head_json":{"title":"Dia Mundial da Juventude 2025 &#8226; Istituto Figlie di Maria Ausiliatrice","description":"No dia 23 de novembro de 2025, na Solenidade de Cristo Rei do Universo, celebra-se a 40\u00aa Jornada Mundial da Juventude nas Igrejas locais. A voz dos jovens do Movimento Juvenil Salesiano.","robots":{"index":"index","follow":"follow","max-snippet":"max-snippet:-1","max-image-preview":"max-image-preview:large","max-video-preview":"max-video-preview:-1"},"canonical":"https:\/\/www.cgfmanet.org\/infosfera\/giornata-mondiale-della-gioventu-2025\/","og_locale":"pt_PT","og_type":"article","og_title":"Dia Mundial da Juventude 2025 &#8226; Istituto Figlie di Maria Ausiliatrice","og_description":"No dia 23 de novembro de 2025, na Solenidade de Cristo Rei do Universo, celebra-se a 40\u00aa Jornada Mundial da Juventude nas Igrejas locais. A voz dos jovens do Movimento Juvenil Salesiano.","og_url":"https:\/\/www.cgfmanet.org\/infosfera\/giornata-mondiale-della-gioventu-2025\/","og_site_name":"Istituto Figlie di Maria Ausiliatrice","article_publisher":"https:\/\/www.facebook.com\/salesian.sisters.of.don.bosco\/","article_published_time":"2025-11-21T11:42:05+00:00","og_image":[{"width":1181,"height":787,"url":"https:\/\/www.cgfmanet.org\/wp-content\/uploads\/2025\/11\/Giornata-Mondiale-Gioventu-2025.jpg","type":"image\/jpeg"}],"author":"Redazione","twitter_card":"summary_large_image","twitter_creator":"@Cgfmanet_Org","twitter_site":"@Cgfmanet_Org","twitter_misc":{"Escrito por":"Redazione","Tempo estimado de leitura":"8 minutos"},"schema":{"@context":"https:\/\/schema.org","@graph":[{"@type":"Article","@id":"https:\/\/www.cgfmanet.org\/infosfera\/giornata-mondiale-della-gioventu-2025\/#article","isPartOf":{"@id":"https:\/\/www.cgfmanet.org\/infosfera\/giornata-mondiale-della-gioventu-2025\/"},"author":{"name":"Redazione","@id":"https:\/\/www.cgfmanet.org\/es\/#\/schema\/person\/ce6473083f53ef0ef882cca23f0c8fb9"},"headline":"Dia Mundial da Juventude 2025","datePublished":"2025-11-21T11:42:05+00:00","mainEntityOfPage":{"@id":"https:\/\/www.cgfmanet.org\/infosfera\/giornata-mondiale-della-gioventu-2025\/"},"wordCount":1508,"commentCount":0,"publisher":{"@id":"https:\/\/www.cgfmanet.org\/es\/#organization"},"image":{"@id":"https:\/\/www.cgfmanet.org\/infosfera\/giornata-mondiale-della-gioventu-2025\/#primaryimage"},"thumbnailUrl":"https:\/\/www.cgfmanet.org\/wp-content\/uploads\/2025\/11\/Giornata-Mondiale-Gioventu-2025.jpg","keywords":["Jornada Mundial da Juventude","Jovens","Movimento Juvenil Salesiano","Spiritualit\u00e0 Salesiana","Focus","Papa Le\u00e3o XIV"],"articleSection":["Infosfera","Igreja"],"inLanguage":"pt-PT","potentialAction":[{"@type":"CommentAction","name":"Comment","target":["https:\/\/www.cgfmanet.org\/infosfera\/giornata-mondiale-della-gioventu-2025\/#respond"]}]},{"@type":"WebPage","@id":"https:\/\/www.cgfmanet.org\/infosfera\/giornata-mondiale-della-gioventu-2025\/","url":"https:\/\/www.cgfmanet.org\/infosfera\/giornata-mondiale-della-gioventu-2025\/","name":"Dia Mundial da Juventude 2025 &#8226; Istituto Figlie di Maria Ausiliatrice","isPartOf":{"@id":"https:\/\/www.cgfmanet.org\/es\/#website"},"primaryImageOfPage":{"@id":"https:\/\/www.cgfmanet.org\/infosfera\/giornata-mondiale-della-gioventu-2025\/#primaryimage"},"image":{"@id":"https:\/\/www.cgfmanet.org\/infosfera\/giornata-mondiale-della-gioventu-2025\/#primaryimage"},"thumbnailUrl":"https:\/\/www.cgfmanet.org\/wp-content\/uploads\/2025\/11\/Giornata-Mondiale-Gioventu-2025.jpg","datePublished":"2025-11-21T11:42:05+00:00","description":"No dia 23 de novembro de 2025, na Solenidade de Cristo Rei do Universo, celebra-se a 40\u00aa Jornada Mundial da Juventude nas Igrejas locais. A voz dos jovens do Movimento Juvenil Salesiano.","breadcrumb":{"@id":"https:\/\/www.cgfmanet.org\/infosfera\/giornata-mondiale-della-gioventu-2025\/#breadcrumb"},"inLanguage":"pt-PT","potentialAction":[{"@type":"ReadAction","target":["https:\/\/www.cgfmanet.org\/infosfera\/giornata-mondiale-della-gioventu-2025\/"]}]},{"@type":"ImageObject","inLanguage":"pt-PT","@id":"https:\/\/www.cgfmanet.org\/infosfera\/giornata-mondiale-della-gioventu-2025\/#primaryimage","url":"https:\/\/www.cgfmanet.org\/wp-content\/uploads\/2025\/11\/Giornata-Mondiale-Gioventu-2025.jpg","contentUrl":"https:\/\/www.cgfmanet.org\/wp-content\/uploads\/2025\/11\/Giornata-Mondiale-Gioventu-2025.jpg","width":1181,"height":787},{"@type":"BreadcrumbList","@id":"https:\/\/www.cgfmanet.org\/infosfera\/giornata-mondiale-della-gioventu-2025\/#breadcrumb","itemListElement":[{"@type":"ListItem","position":1,"name":"Home","item":"https:\/\/www.cgfmanet.org\/pt-pt\/"},{"@type":"ListItem","position":2,"name":"Dia Mundial da Juventude 2025"}]},{"@type":"WebSite","@id":"https:\/\/www.cgfmanet.org\/es\/#website","url":"https:\/\/www.cgfmanet.org\/es\/","name":"Istituto Figlie di Maria Ausiliatrice","description":"Salesiane di Don Bosco","publisher":{"@id":"https:\/\/www.cgfmanet.org\/es\/#organization"},"potentialAction":[{"@type":"SearchAction","target":{"@type":"EntryPoint","urlTemplate":"https:\/\/www.cgfmanet.org\/es\/?s={search_term_string}"},"query-input":{"@type":"PropertyValueSpecification","valueRequired":true,"valueName":"search_term_string"}}],"inLanguage":"pt-PT"},{"@type":"Organization","@id":"https:\/\/www.cgfmanet.org\/es\/#organization","name":"Istituto Figlie di Maria Ausiliatrice","url":"https:\/\/www.cgfmanet.org\/es\/","logo":{"@type":"ImageObject","inLanguage":"pt-PT","@id":"https:\/\/www.cgfmanet.org\/es\/#\/schema\/logo\/image\/","url":"https:\/\/www.cgfmanet.org\/wp-content\/uploads\/2018\/10\/logo-fma.png","contentUrl":"https:\/\/www.cgfmanet.org\/wp-content\/uploads\/2018\/10\/logo-fma.png","width":214,"height":55,"caption":"Istituto Figlie di Maria Ausiliatrice"},"image":{"@id":"https:\/\/www.cgfmanet.org\/es\/#\/schema\/logo\/image\/"},"sameAs":["https:\/\/www.facebook.com\/salesian.sisters.of.don.bosco\/","https:\/\/x.com\/Cgfmanet_Org","https:\/\/www.youtube.com\/channel\/UCmcr8yFQBV7JXeXVxyV9y5Q"]},{"@type":"Person","@id":"https:\/\/www.cgfmanet.org\/es\/#\/schema\/person\/ce6473083f53ef0ef882cca23f0c8fb9","name":"Redazione"}]}},"_links":{"self":[{"href":"https:\/\/www.cgfmanet.org\/pt-pt\/wp-json\/wp\/v2\/posts\/147462","targetHints":{"allow":["GET"]}}],"collection":[{"href":"https:\/\/www.cgfmanet.org\/pt-pt\/wp-json\/wp\/v2\/posts"}],"about":[{"href":"https:\/\/www.cgfmanet.org\/pt-pt\/wp-json\/wp\/v2\/types\/post"}],"author":[{"embeddable":true,"href":"https:\/\/www.cgfmanet.org\/pt-pt\/wp-json\/wp\/v2\/users\/21"}],"replies":[{"embeddable":true,"href":"https:\/\/www.cgfmanet.org\/pt-pt\/wp-json\/wp\/v2\/comments?post=147462"}],"version-history":[{"count":3,"href":"https:\/\/www.cgfmanet.org\/pt-pt\/wp-json\/wp\/v2\/posts\/147462\/revisions"}],"predecessor-version":[{"id":147566,"href":"https:\/\/www.cgfmanet.org\/pt-pt\/wp-json\/wp\/v2\/posts\/147462\/revisions\/147566"}],"wp:featuredmedia":[{"embeddable":true,"href":"https:\/\/www.cgfmanet.org\/pt-pt\/wp-json\/wp\/v2\/media\/147457"}],"wp:attachment":[{"href":"https:\/\/www.cgfmanet.org\/pt-pt\/wp-json\/wp\/v2\/media?parent=147462"}],"wp:term":[{"taxonomy":"category","embeddable":true,"href":"https:\/\/www.cgfmanet.org\/pt-pt\/wp-json\/wp\/v2\/categories?post=147462"},{"taxonomy":"post_tag","embeddable":true,"href":"https:\/\/www.cgfmanet.org\/pt-pt\/wp-json\/wp\/v2\/tags?post=147462"}],"curies":[{"name":"wp","href":"https:\/\/api.w.org\/{rel}","templated":true}]}}