{"id":144243,"date":"2025-10-09T11:00:43","date_gmt":"2025-10-09T09:00:43","guid":{"rendered":"https:\/\/www.cgfmanet.org\/infosfera-pt-pt\/giornata-internazionale-delle-bambine-e-delle-ragazze-2025\/"},"modified":"2025-10-12T10:51:47","modified_gmt":"2025-10-12T08:51:47","slug":"dia-internacional-das-meninas-e-adolescentes-de-2025","status":"publish","type":"post","link":"https:\/\/www.cgfmanet.org\/pt-pt\/infosfera-pt-pt\/dia-internacional-das-meninas-e-adolescentes-de-2025\/","title":{"rendered":"Dia Internacional das Meninas e Adolescentes de 2025"},"content":{"rendered":"<p style=\"text-align: justify; text-justify: inter-ideograph;\"><strong><span lang=\"PT-BR\">Roma (It\u00e1lia).<\/span><\/strong><span lang=\"PT-BR\"> No dia 11 de outubro de 2025 celebra-se o Dia Internacional das Meninas e Adolescentes, institu\u00eddo pela Assembleia Geral das Na\u00e7\u00f5es Unidas em 2011, para aumentar a conscientiza\u00e7\u00e3o sobre os desafios que meninas e adolescentes enfrentam todo dia em diversas partes do mundo, para dar voz aos sonhos, \u00e0s hist\u00f3rias de protagonismo e \u00e0s conquistas das adolescentes, e para promover o respeito aos seus direitos.<\/span><\/p>\n<p style=\"text-align: justify; text-justify: inter-ideograph;\"><span lang=\"PT-BR\">Com o tema <strong>\u201cA menina que sou, a mudan\u00e7a que lidero\u201d<\/strong> (<em>The Girl I Am, The Change I Lead<\/em>), este dia \u00e9 mais que um evento simb\u00f3lico: \u00e9 um chamado \u00e0 a\u00e7\u00e3o.<\/span><\/p>\n<p style=\"text-align: justify; text-justify: inter-ideograph;\"><span lang=\"PT-BR\">Hoje, milh\u00f5es de adolescentes est\u00e3o na linha de frente das crises, diante da pobreza, desigualdade, mudan\u00e7as clim\u00e1ticas, conflitos e deslocamentos. As estat\u00edsticas fornecidas pela UNWOMEN e UNICEF indicam que as adolescentes entre 15 e 19 anos t\u00eam o dobro de probabilidade, em rela\u00e7\u00e3o aos adolescentes, de estar exclu\u00eddas da educa\u00e7\u00e3o, do trabalho ou da forma\u00e7\u00e3o e, nos contextos fr\u00e1geis, t\u00eam probabilidade de quase 90% a mais de n\u00e3o frequentar a escola em compara\u00e7\u00e3o com seus pares em contextos est\u00e1veis. Quase 4 em cada 10 adolescentes e jovens mulheres n\u00e3o completam a escola secund\u00e1ria superior.<\/span><\/p>\n<p style=\"text-align: justify; text-justify: inter-ideograph;\"><span lang=\"PT-BR\">Al\u00e9m disso, quase 1 em cada 4 adolescentes entre 15 e 19 anos que tiveram um relacionamento j\u00e1 sofreu viol\u00eancia por parte do parceiro. Outro dado alarmante \u00e9 que uma jovem mulher em cada 5 entre 20 e 24 anos foi casada ainda menina, e o auto-ferimento est\u00e1 entre as principais causas de morte entre as adolescentes. Conflitos, deslocamentos e crises agravam ainda mais as desigualdades de g\u00eanero, os casamentos precoces, a viol\u00eancia sexual e a mortalidade materna das adolescentes. Muitas adolescentes continuam exclu\u00eddas da educa\u00e7\u00e3o, privadas da assist\u00eancia \u00e0 sa\u00fade e vulner\u00e1veis a viol\u00eancias e pr\u00e1ticas prejudiciais \u00e0 sa\u00fade f\u00edsica e mental.<\/span><\/p>\n<p style=\"text-align: justify; text-justify: inter-ideograph;\"><span lang=\"PT-BR\">O tema da Jornada deste ano, <strong>\u201cA adolescente que sou, a mudan\u00e7a que lidero: Adolescentes na linha de frente das crises\u201d<\/strong>, destaca que, embora as meninas sejam afetadas de maneira desproporcional pelos desafios globais, tamb\u00e9m est\u00e3o na linha de frente das solu\u00e7\u00f5es. As adolescentes, de fato, est\u00e3o liderando a mudan\u00e7a nas suas comunidades com coragem e criatividade.<\/span><\/p>\n<p><span style=\"color: #0000ff;\"><strong><a style=\"color: #0000ff;\" href=\"https:\/\/data.unicef.org\/resources\/girl-goals-report\/\">O relat\u00f3rio<\/a> <\/strong><\/span><em>\u201cObjetivos das adolescentes: o que mudou para as adolescentes? Os direitos das adolescentes nos \u00faltimos 30 anos\u201d<\/em> (<em>Girl goals: What has changed for Girls? Adolescent girls\u2019 rights Over 30 years<\/em>), pelo UNICEF, UNWomen e Plan International, destaca que a mudan\u00e7a \u00e9 poss\u00edvel e que investimentos inteligentes podem contribuir para transformar o mundo para as adolescentes, fam\u00edlias, comunidades e economias nacionais.<\/p>\n<p>A mudan\u00e7a, de fato, n\u00e3o \u00e9 um <em>slogan<\/em>, mas uma realidade: dos vilarejos rurais aos centros urbanos, meninas est\u00e3o se organizando, mobilizando-se e fazendo ouvir a pr\u00f3pria voz, liderando greves pelo clima, criando redes comunit\u00e1rias e combatendo a viol\u00eancia de g\u00eanero.<\/p>\n<p>O ano de 2025 marca tamb\u00e9m o <strong>30\u00ba anivers\u00e1rio da Declara\u00e7\u00e3o e Plataforma de A\u00e7\u00e3o de Pequim<\/strong>. Isso recorda que as adolescentes n\u00e3o precisam apenas de prote\u00e7\u00e3o, mas s\u00e3o <strong>protagonistas da transforma\u00e7\u00e3o<\/strong>, contribuindo para a elabora\u00e7\u00e3o das pol\u00edticas e fortalecendo as comunidades.<\/p>\n<p>De 2023 a 2025, o<span style=\"color: #0000ff;\"><strong><a style=\"color: #0000ff;\" href=\"https:\/\/iimageneva.org\/\" target=\"_blank\" rel=\"noopener\"> Instituto Internacional Maria Auxiliadora (IIMA)<\/a><\/strong><\/span> de Genebra, e o <strong><span style=\"color: #0000ff;\"><a style=\"color: #0000ff;\" href=\"https:\/\/www.vides.org\/\" target=\"_blank\" rel=\"noopener\">VIDES Internacional<\/a><\/span><\/strong> hanno realizaram <span style=\"color: #0000ff;\"><strong><a style=\"color: #0000ff;\" href=\"https:\/\/iimageneva.org\/a-multi-congregational-observatory-to-advance-girls-rights-in-6-countries-in-the-post-pandemic-a-joint-effort-to-close-the-digital-divide-and-guarantee-girls-mental-health\/\" target=\"_blank\" rel=\"noopener\">o projeto<\/a><\/strong><\/span>\u00a0<strong>&#8220;<\/strong><strong><span lang=\"PT-BR\">Um Observat\u00f3rio Multi-Congregacional para promover os direitos das adolescentes em 6 Pa\u00edses na p\u00f3s-pandemia: um esfor\u00e7o conjunto para preencher a dist\u00e2ncia digital e garantir a sa\u00fade mental das adolescentes\u201d<\/span><\/strong><span lang=\"PT-BR\">.<\/span><\/p>\n<p style=\"text-align: justify; text-justify: inter-ideograph;\"><span lang=\"PT-BR\">Foram organizados programas de <em>advocacia<\/em> e forma\u00e7\u00e3o para adolescentes e jovens mulheres do Equador, Qu\u00eania, \u00cdndia, Nepal, Peru e Sud\u00e3o do Sul, para desenvolver compet\u00eancias fundamentais para interagir com o sistema das Na\u00e7\u00f5es Unidas de prote\u00e7\u00e3o aos direitos humanos, com especial aten\u00e7\u00e3o aos direitos das crian\u00e7as e dos jovens. Por meio de <em>mentoria<\/em> e orienta\u00e7\u00e3o personalizada, as jovens foram capacitadas a fortalecer sua <em>lideran\u00e7a<\/em>, construir confian\u00e7a e desenvolver habilidades de <em>advocacia<\/em>.<\/span><\/p>\n<p style=\"text-align: justify; text-justify: inter-ideograph;\"><span lang=\"PT-BR\">Como consequ\u00eancia, essas adolescentes est\u00e3o emergindo como <strong>jovens l\u00edderes<\/strong>, expressando suas propostas, influenciando processos decis\u00f3rios e tornando-se agentes-chave de mudan\u00e7a em suas comunidades, contribuindo para um futuro mais equitativo e inclusivo.<\/span><\/p>\n","protected":false},"excerpt":{"rendered":"<p>Roma (It\u00e1lia). No dia 11 de outubro de 2025 celebra-se o Dia Internacional das Meninas e Adolescentes, institu\u00eddo pela Assembleia Geral das Na\u00e7\u00f5es Unidas em 2011, para aumentar a conscientiza\u00e7\u00e3o [&hellip;]<\/p>\n","protected":false},"author":21,"featured_media":144238,"comment_status":"open","ping_status":"closed","sticky":false,"template":"","format":"standard","meta":{"footnotes":""},"categories":[38,197],"tags":[1179,1381,1516,1618,1930,2116],"class_list":["post-144243","post","type-post","status-publish","format-standard","has-post-thumbnail","category-infosfera-pt-pt","category-direitos-humanos","tag-iima-fma-pt-pt","tag-promocao-da-mulher","tag-vides-pt-pt","tag-cittadinanza-pt-pt","tag-focus-pt-pt","tag-donna-pt-pt"],"yoast_head":"<!-- This site is optimized with the Yoast SEO plugin v27.4 - https:\/\/yoast.com\/product\/yoast-seo-wordpress\/ -->\n<title>Dia Internacional das Meninas e Adolescentes de 2025 &#8226; Istituto Figlie di Maria Ausiliatrice<\/title>\n<meta name=\"description\" content=\"Em 11 de outubro de 2025 celebra-se o Dia Internacional das Meninas e Adolescentes, sobre o tema \u201cA menina que sou, a mudan\u00e7a que lidero\u201d.\" \/>\n<meta name=\"robots\" content=\"index, follow, max-snippet:-1, max-image-preview:large, max-video-preview:-1\" \/>\n<link rel=\"canonical\" href=\"https:\/\/www.cgfmanet.org\/pt-pt\/infosfera-pt-pt\/dia-internacional-das-meninas-e-adolescentes-de-2025\/\" \/>\n<meta property=\"og:locale\" content=\"pt_PT\" \/>\n<meta property=\"og:type\" content=\"article\" \/>\n<meta property=\"og:title\" content=\"Dia Internacional das Meninas e Adolescentes de 2025 &#8226; Istituto Figlie di Maria Ausiliatrice\" \/>\n<meta property=\"og:description\" content=\"Em 11 de outubro de 2025 celebra-se o Dia Internacional das Meninas e Adolescentes, sobre o tema \u201cA menina que sou, a mudan\u00e7a que lidero\u201d.\" \/>\n<meta property=\"og:url\" content=\"https:\/\/www.cgfmanet.org\/pt-pt\/infosfera-pt-pt\/dia-internacional-das-meninas-e-adolescentes-de-2025\/\" \/>\n<meta property=\"og:site_name\" content=\"Istituto Figlie di Maria Ausiliatrice\" \/>\n<meta property=\"article:publisher\" content=\"https:\/\/www.facebook.com\/salesian.sisters.of.don.bosco\/\" \/>\n<meta property=\"article:published_time\" content=\"2025-10-09T09:00:43+00:00\" \/>\n<meta property=\"article:modified_time\" content=\"2025-10-12T08:51:47+00:00\" \/>\n<meta property=\"og:image\" content=\"https:\/\/www.cgfmanet.org\/wp-content\/uploads\/2025\/10\/Giornata-Bambine-e-Ragazze-2025.jpg\" \/>\n\t<meta property=\"og:image:width\" content=\"1181\" \/>\n\t<meta property=\"og:image:height\" content=\"787\" \/>\n\t<meta property=\"og:image:type\" content=\"image\/jpeg\" \/>\n<meta name=\"author\" content=\"Redazione\" \/>\n<meta name=\"twitter:card\" content=\"summary_large_image\" \/>\n<meta name=\"twitter:creator\" content=\"@Cgfmanet_Org\" \/>\n<meta name=\"twitter:site\" content=\"@Cgfmanet_Org\" \/>\n<meta name=\"twitter:label1\" content=\"Escrito por\" \/>\n\t<meta name=\"twitter:data1\" content=\"Redazione\" \/>\n\t<meta name=\"twitter:label2\" content=\"Tempo estimado de leitura\" \/>\n\t<meta name=\"twitter:data2\" content=\"4 minutos\" \/>\n<script type=\"application\/ld+json\" class=\"yoast-schema-graph\">{\"@context\":\"https:\\\/\\\/schema.org\",\"@graph\":[{\"@type\":\"Article\",\"@id\":\"https:\\\/\\\/www.cgfmanet.org\\\/pt-pt\\\/infosfera-pt-pt\\\/dia-internacional-das-meninas-e-adolescentes-de-2025\\\/#article\",\"isPartOf\":{\"@id\":\"https:\\\/\\\/www.cgfmanet.org\\\/pt-pt\\\/infosfera-pt-pt\\\/dia-internacional-das-meninas-e-adolescentes-de-2025\\\/\"},\"author\":{\"name\":\"Redazione\",\"@id\":\"https:\\\/\\\/www.cgfmanet.org\\\/es\\\/#\\\/schema\\\/person\\\/ce6473083f53ef0ef882cca23f0c8fb9\"},\"headline\":\"Dia Internacional das Meninas e Adolescentes de 2025\",\"datePublished\":\"2025-10-09T09:00:43+00:00\",\"dateModified\":\"2025-10-12T08:51:47+00:00\",\"mainEntityOfPage\":{\"@id\":\"https:\\\/\\\/www.cgfmanet.org\\\/pt-pt\\\/infosfera-pt-pt\\\/dia-internacional-das-meninas-e-adolescentes-de-2025\\\/\"},\"wordCount\":713,\"commentCount\":0,\"publisher\":{\"@id\":\"https:\\\/\\\/www.cgfmanet.org\\\/es\\\/#organization\"},\"image\":{\"@id\":\"https:\\\/\\\/www.cgfmanet.org\\\/pt-pt\\\/infosfera-pt-pt\\\/dia-internacional-das-meninas-e-adolescentes-de-2025\\\/#primaryimage\"},\"thumbnailUrl\":\"https:\\\/\\\/www.cgfmanet.org\\\/wp-content\\\/uploads\\\/2025\\\/10\\\/Giornata-Bambine-e-Ragazze-2025.jpg\",\"keywords\":[\"IIMA\\\/FMA\",\"Promo\u00e7\u00e3o da mulher\",\"Vides\",\"cittadinanza\",\"Focus\",\"Donna\"],\"articleSection\":[\"Infosfera\",\"Direitos Humanos\"],\"inLanguage\":\"pt-PT\",\"potentialAction\":[{\"@type\":\"CommentAction\",\"name\":\"Comment\",\"target\":[\"https:\\\/\\\/www.cgfmanet.org\\\/pt-pt\\\/infosfera-pt-pt\\\/dia-internacional-das-meninas-e-adolescentes-de-2025\\\/#respond\"]}]},{\"@type\":\"WebPage\",\"@id\":\"https:\\\/\\\/www.cgfmanet.org\\\/pt-pt\\\/infosfera-pt-pt\\\/dia-internacional-das-meninas-e-adolescentes-de-2025\\\/\",\"url\":\"https:\\\/\\\/www.cgfmanet.org\\\/pt-pt\\\/infosfera-pt-pt\\\/dia-internacional-das-meninas-e-adolescentes-de-2025\\\/\",\"name\":\"Dia Internacional das Meninas e Adolescentes de 2025 &#8226; Istituto Figlie di Maria Ausiliatrice\",\"isPartOf\":{\"@id\":\"https:\\\/\\\/www.cgfmanet.org\\\/es\\\/#website\"},\"primaryImageOfPage\":{\"@id\":\"https:\\\/\\\/www.cgfmanet.org\\\/pt-pt\\\/infosfera-pt-pt\\\/dia-internacional-das-meninas-e-adolescentes-de-2025\\\/#primaryimage\"},\"image\":{\"@id\":\"https:\\\/\\\/www.cgfmanet.org\\\/pt-pt\\\/infosfera-pt-pt\\\/dia-internacional-das-meninas-e-adolescentes-de-2025\\\/#primaryimage\"},\"thumbnailUrl\":\"https:\\\/\\\/www.cgfmanet.org\\\/wp-content\\\/uploads\\\/2025\\\/10\\\/Giornata-Bambine-e-Ragazze-2025.jpg\",\"datePublished\":\"2025-10-09T09:00:43+00:00\",\"dateModified\":\"2025-10-12T08:51:47+00:00\",\"description\":\"Em 11 de outubro de 2025 celebra-se o Dia Internacional das Meninas e Adolescentes, sobre o tema \u201cA menina que sou, a mudan\u00e7a que lidero\u201d.\",\"breadcrumb\":{\"@id\":\"https:\\\/\\\/www.cgfmanet.org\\\/pt-pt\\\/infosfera-pt-pt\\\/dia-internacional-das-meninas-e-adolescentes-de-2025\\\/#breadcrumb\"},\"inLanguage\":\"pt-PT\",\"potentialAction\":[{\"@type\":\"ReadAction\",\"target\":[\"https:\\\/\\\/www.cgfmanet.org\\\/pt-pt\\\/infosfera-pt-pt\\\/dia-internacional-das-meninas-e-adolescentes-de-2025\\\/\"]}]},{\"@type\":\"ImageObject\",\"inLanguage\":\"pt-PT\",\"@id\":\"https:\\\/\\\/www.cgfmanet.org\\\/pt-pt\\\/infosfera-pt-pt\\\/dia-internacional-das-meninas-e-adolescentes-de-2025\\\/#primaryimage\",\"url\":\"https:\\\/\\\/www.cgfmanet.org\\\/wp-content\\\/uploads\\\/2025\\\/10\\\/Giornata-Bambine-e-Ragazze-2025.jpg\",\"contentUrl\":\"https:\\\/\\\/www.cgfmanet.org\\\/wp-content\\\/uploads\\\/2025\\\/10\\\/Giornata-Bambine-e-Ragazze-2025.jpg\",\"width\":1181,\"height\":787},{\"@type\":\"BreadcrumbList\",\"@id\":\"https:\\\/\\\/www.cgfmanet.org\\\/pt-pt\\\/infosfera-pt-pt\\\/dia-internacional-das-meninas-e-adolescentes-de-2025\\\/#breadcrumb\",\"itemListElement\":[{\"@type\":\"ListItem\",\"position\":1,\"name\":\"Home\",\"item\":\"https:\\\/\\\/www.cgfmanet.org\\\/pt-pt\\\/\"},{\"@type\":\"ListItem\",\"position\":2,\"name\":\"Dia Internacional das Meninas e Adolescentes de 2025\"}]},{\"@type\":\"WebSite\",\"@id\":\"https:\\\/\\\/www.cgfmanet.org\\\/es\\\/#website\",\"url\":\"https:\\\/\\\/www.cgfmanet.org\\\/es\\\/\",\"name\":\"Istituto Figlie di Maria Ausiliatrice\",\"description\":\"Salesiane di Don Bosco\",\"publisher\":{\"@id\":\"https:\\\/\\\/www.cgfmanet.org\\\/es\\\/#organization\"},\"potentialAction\":[{\"@type\":\"SearchAction\",\"target\":{\"@type\":\"EntryPoint\",\"urlTemplate\":\"https:\\\/\\\/www.cgfmanet.org\\\/es\\\/?s={search_term_string}\"},\"query-input\":{\"@type\":\"PropertyValueSpecification\",\"valueRequired\":true,\"valueName\":\"search_term_string\"}}],\"inLanguage\":\"pt-PT\"},{\"@type\":\"Organization\",\"@id\":\"https:\\\/\\\/www.cgfmanet.org\\\/es\\\/#organization\",\"name\":\"Istituto Figlie di Maria Ausiliatrice\",\"url\":\"https:\\\/\\\/www.cgfmanet.org\\\/es\\\/\",\"logo\":{\"@type\":\"ImageObject\",\"inLanguage\":\"pt-PT\",\"@id\":\"https:\\\/\\\/www.cgfmanet.org\\\/es\\\/#\\\/schema\\\/logo\\\/image\\\/\",\"url\":\"https:\\\/\\\/www.cgfmanet.org\\\/wp-content\\\/uploads\\\/2018\\\/10\\\/logo-fma.png\",\"contentUrl\":\"https:\\\/\\\/www.cgfmanet.org\\\/wp-content\\\/uploads\\\/2018\\\/10\\\/logo-fma.png\",\"width\":214,\"height\":55,\"caption\":\"Istituto Figlie di Maria Ausiliatrice\"},\"image\":{\"@id\":\"https:\\\/\\\/www.cgfmanet.org\\\/es\\\/#\\\/schema\\\/logo\\\/image\\\/\"},\"sameAs\":[\"https:\\\/\\\/www.facebook.com\\\/salesian.sisters.of.don.bosco\\\/\",\"https:\\\/\\\/x.com\\\/Cgfmanet_Org\",\"https:\\\/\\\/www.youtube.com\\\/channel\\\/UCmcr8yFQBV7JXeXVxyV9y5Q\"]},{\"@type\":\"Person\",\"@id\":\"https:\\\/\\\/www.cgfmanet.org\\\/es\\\/#\\\/schema\\\/person\\\/ce6473083f53ef0ef882cca23f0c8fb9\",\"name\":\"Redazione\"}]}<\/script>\n<!-- \/ Yoast SEO plugin. -->","yoast_head_json":{"title":"Dia Internacional das Meninas e Adolescentes de 2025 &#8226; Istituto Figlie di Maria Ausiliatrice","description":"Em 11 de outubro de 2025 celebra-se o Dia Internacional das Meninas e Adolescentes, sobre o tema \u201cA menina que sou, a mudan\u00e7a que lidero\u201d.","robots":{"index":"index","follow":"follow","max-snippet":"max-snippet:-1","max-image-preview":"max-image-preview:large","max-video-preview":"max-video-preview:-1"},"canonical":"https:\/\/www.cgfmanet.org\/pt-pt\/infosfera-pt-pt\/dia-internacional-das-meninas-e-adolescentes-de-2025\/","og_locale":"pt_PT","og_type":"article","og_title":"Dia Internacional das Meninas e Adolescentes de 2025 &#8226; Istituto Figlie di Maria Ausiliatrice","og_description":"Em 11 de outubro de 2025 celebra-se o Dia Internacional das Meninas e Adolescentes, sobre o tema \u201cA menina que sou, a mudan\u00e7a que lidero\u201d.","og_url":"https:\/\/www.cgfmanet.org\/pt-pt\/infosfera-pt-pt\/dia-internacional-das-meninas-e-adolescentes-de-2025\/","og_site_name":"Istituto Figlie di Maria Ausiliatrice","article_publisher":"https:\/\/www.facebook.com\/salesian.sisters.of.don.bosco\/","article_published_time":"2025-10-09T09:00:43+00:00","article_modified_time":"2025-10-12T08:51:47+00:00","og_image":[{"width":1181,"height":787,"url":"https:\/\/www.cgfmanet.org\/wp-content\/uploads\/2025\/10\/Giornata-Bambine-e-Ragazze-2025.jpg","type":"image\/jpeg"}],"author":"Redazione","twitter_card":"summary_large_image","twitter_creator":"@Cgfmanet_Org","twitter_site":"@Cgfmanet_Org","twitter_misc":{"Escrito por":"Redazione","Tempo estimado de leitura":"4 minutos"},"schema":{"@context":"https:\/\/schema.org","@graph":[{"@type":"Article","@id":"https:\/\/www.cgfmanet.org\/pt-pt\/infosfera-pt-pt\/dia-internacional-das-meninas-e-adolescentes-de-2025\/#article","isPartOf":{"@id":"https:\/\/www.cgfmanet.org\/pt-pt\/infosfera-pt-pt\/dia-internacional-das-meninas-e-adolescentes-de-2025\/"},"author":{"name":"Redazione","@id":"https:\/\/www.cgfmanet.org\/es\/#\/schema\/person\/ce6473083f53ef0ef882cca23f0c8fb9"},"headline":"Dia Internacional das Meninas e Adolescentes de 2025","datePublished":"2025-10-09T09:00:43+00:00","dateModified":"2025-10-12T08:51:47+00:00","mainEntityOfPage":{"@id":"https:\/\/www.cgfmanet.org\/pt-pt\/infosfera-pt-pt\/dia-internacional-das-meninas-e-adolescentes-de-2025\/"},"wordCount":713,"commentCount":0,"publisher":{"@id":"https:\/\/www.cgfmanet.org\/es\/#organization"},"image":{"@id":"https:\/\/www.cgfmanet.org\/pt-pt\/infosfera-pt-pt\/dia-internacional-das-meninas-e-adolescentes-de-2025\/#primaryimage"},"thumbnailUrl":"https:\/\/www.cgfmanet.org\/wp-content\/uploads\/2025\/10\/Giornata-Bambine-e-Ragazze-2025.jpg","keywords":["IIMA\/FMA","Promo\u00e7\u00e3o da mulher","Vides","cittadinanza","Focus","Donna"],"articleSection":["Infosfera","Direitos Humanos"],"inLanguage":"pt-PT","potentialAction":[{"@type":"CommentAction","name":"Comment","target":["https:\/\/www.cgfmanet.org\/pt-pt\/infosfera-pt-pt\/dia-internacional-das-meninas-e-adolescentes-de-2025\/#respond"]}]},{"@type":"WebPage","@id":"https:\/\/www.cgfmanet.org\/pt-pt\/infosfera-pt-pt\/dia-internacional-das-meninas-e-adolescentes-de-2025\/","url":"https:\/\/www.cgfmanet.org\/pt-pt\/infosfera-pt-pt\/dia-internacional-das-meninas-e-adolescentes-de-2025\/","name":"Dia Internacional das Meninas e Adolescentes de 2025 &#8226; Istituto Figlie di Maria Ausiliatrice","isPartOf":{"@id":"https:\/\/www.cgfmanet.org\/es\/#website"},"primaryImageOfPage":{"@id":"https:\/\/www.cgfmanet.org\/pt-pt\/infosfera-pt-pt\/dia-internacional-das-meninas-e-adolescentes-de-2025\/#primaryimage"},"image":{"@id":"https:\/\/www.cgfmanet.org\/pt-pt\/infosfera-pt-pt\/dia-internacional-das-meninas-e-adolescentes-de-2025\/#primaryimage"},"thumbnailUrl":"https:\/\/www.cgfmanet.org\/wp-content\/uploads\/2025\/10\/Giornata-Bambine-e-Ragazze-2025.jpg","datePublished":"2025-10-09T09:00:43+00:00","dateModified":"2025-10-12T08:51:47+00:00","description":"Em 11 de outubro de 2025 celebra-se o Dia Internacional das Meninas e Adolescentes, sobre o tema \u201cA menina que sou, a mudan\u00e7a que lidero\u201d.","breadcrumb":{"@id":"https:\/\/www.cgfmanet.org\/pt-pt\/infosfera-pt-pt\/dia-internacional-das-meninas-e-adolescentes-de-2025\/#breadcrumb"},"inLanguage":"pt-PT","potentialAction":[{"@type":"ReadAction","target":["https:\/\/www.cgfmanet.org\/pt-pt\/infosfera-pt-pt\/dia-internacional-das-meninas-e-adolescentes-de-2025\/"]}]},{"@type":"ImageObject","inLanguage":"pt-PT","@id":"https:\/\/www.cgfmanet.org\/pt-pt\/infosfera-pt-pt\/dia-internacional-das-meninas-e-adolescentes-de-2025\/#primaryimage","url":"https:\/\/www.cgfmanet.org\/wp-content\/uploads\/2025\/10\/Giornata-Bambine-e-Ragazze-2025.jpg","contentUrl":"https:\/\/www.cgfmanet.org\/wp-content\/uploads\/2025\/10\/Giornata-Bambine-e-Ragazze-2025.jpg","width":1181,"height":787},{"@type":"BreadcrumbList","@id":"https:\/\/www.cgfmanet.org\/pt-pt\/infosfera-pt-pt\/dia-internacional-das-meninas-e-adolescentes-de-2025\/#breadcrumb","itemListElement":[{"@type":"ListItem","position":1,"name":"Home","item":"https:\/\/www.cgfmanet.org\/pt-pt\/"},{"@type":"ListItem","position":2,"name":"Dia Internacional das Meninas e Adolescentes de 2025"}]},{"@type":"WebSite","@id":"https:\/\/www.cgfmanet.org\/es\/#website","url":"https:\/\/www.cgfmanet.org\/es\/","name":"Istituto Figlie di Maria Ausiliatrice","description":"Salesiane di Don Bosco","publisher":{"@id":"https:\/\/www.cgfmanet.org\/es\/#organization"},"potentialAction":[{"@type":"SearchAction","target":{"@type":"EntryPoint","urlTemplate":"https:\/\/www.cgfmanet.org\/es\/?s={search_term_string}"},"query-input":{"@type":"PropertyValueSpecification","valueRequired":true,"valueName":"search_term_string"}}],"inLanguage":"pt-PT"},{"@type":"Organization","@id":"https:\/\/www.cgfmanet.org\/es\/#organization","name":"Istituto Figlie di Maria Ausiliatrice","url":"https:\/\/www.cgfmanet.org\/es\/","logo":{"@type":"ImageObject","inLanguage":"pt-PT","@id":"https:\/\/www.cgfmanet.org\/es\/#\/schema\/logo\/image\/","url":"https:\/\/www.cgfmanet.org\/wp-content\/uploads\/2018\/10\/logo-fma.png","contentUrl":"https:\/\/www.cgfmanet.org\/wp-content\/uploads\/2018\/10\/logo-fma.png","width":214,"height":55,"caption":"Istituto Figlie di Maria Ausiliatrice"},"image":{"@id":"https:\/\/www.cgfmanet.org\/es\/#\/schema\/logo\/image\/"},"sameAs":["https:\/\/www.facebook.com\/salesian.sisters.of.don.bosco\/","https:\/\/x.com\/Cgfmanet_Org","https:\/\/www.youtube.com\/channel\/UCmcr8yFQBV7JXeXVxyV9y5Q"]},{"@type":"Person","@id":"https:\/\/www.cgfmanet.org\/es\/#\/schema\/person\/ce6473083f53ef0ef882cca23f0c8fb9","name":"Redazione"}]}},"_links":{"self":[{"href":"https:\/\/www.cgfmanet.org\/pt-pt\/wp-json\/wp\/v2\/posts\/144243","targetHints":{"allow":["GET"]}}],"collection":[{"href":"https:\/\/www.cgfmanet.org\/pt-pt\/wp-json\/wp\/v2\/posts"}],"about":[{"href":"https:\/\/www.cgfmanet.org\/pt-pt\/wp-json\/wp\/v2\/types\/post"}],"author":[{"embeddable":true,"href":"https:\/\/www.cgfmanet.org\/pt-pt\/wp-json\/wp\/v2\/users\/21"}],"replies":[{"embeddable":true,"href":"https:\/\/www.cgfmanet.org\/pt-pt\/wp-json\/wp\/v2\/comments?post=144243"}],"version-history":[{"count":2,"href":"https:\/\/www.cgfmanet.org\/pt-pt\/wp-json\/wp\/v2\/posts\/144243\/revisions"}],"predecessor-version":[{"id":144293,"href":"https:\/\/www.cgfmanet.org\/pt-pt\/wp-json\/wp\/v2\/posts\/144243\/revisions\/144293"}],"wp:featuredmedia":[{"embeddable":true,"href":"https:\/\/www.cgfmanet.org\/pt-pt\/wp-json\/wp\/v2\/media\/144238"}],"wp:attachment":[{"href":"https:\/\/www.cgfmanet.org\/pt-pt\/wp-json\/wp\/v2\/media?parent=144243"}],"wp:term":[{"taxonomy":"category","embeddable":true,"href":"https:\/\/www.cgfmanet.org\/pt-pt\/wp-json\/wp\/v2\/categories?post=144243"},{"taxonomy":"post_tag","embeddable":true,"href":"https:\/\/www.cgfmanet.org\/pt-pt\/wp-json\/wp\/v2\/tags?post=144243"}],"curies":[{"name":"wp","href":"https:\/\/api.w.org\/{rel}","templated":true}]}}