{"id":142845,"date":"2025-09-19T12:41:06","date_gmt":"2025-09-19T10:41:06","guid":{"rendered":"https:\/\/www.cgfmanet.org\/infosfera-pt-pt\/giornata-internazionale-della-pace\/"},"modified":"2025-09-20T22:17:52","modified_gmt":"2025-09-20T20:17:52","slug":"dia-internacional-da-paz","status":"publish","type":"post","link":"https:\/\/www.cgfmanet.org\/pt-pt\/infosfera-pt-pt\/direitos-humanos\/dia-internacional-da-paz\/","title":{"rendered":"Dia Internacional da Paz"},"content":{"rendered":"<p><strong>Roma (It\u00e1lia).<\/strong> Em 21 de setembro de 2025 celebra-se o Dia Internacional da Paz, institu\u00eddo em 1981 pela Assembleia Geral das Na\u00e7\u00f5es Unidas para refor\u00e7ar o empenho nacional e internacional pela paz, atrav\u00e9s de atividades educativas e de sensibiliza\u00e7\u00e3o.<\/p>\n<p>O Dia chega este ano, num momento hist\u00f3rico particularmente dif\u00edcil, com mais de 60 conflitos armados ativos no mundo e o consequente agravamento das viol\u00eancias contra civis, com deslocamentos massivos e profundas crises humanit\u00e1rias.<\/p>\n<p>Como em todo conflito, <strong>as crian\u00e7as s\u00e3o as mais vulner\u00e1veis<\/strong>. As<a href=\"https:\/\/childrenandarmedconflict.un.org\/document\/secretary-general-annual-report-on-children-and-armed-conflict-3\/\" target=\"_blank\" rel=\"noopener\"><span style=\"color: #0000ff;\"><strong> Na\u00e7\u00f5es Unidas <\/strong><\/span><\/a><span lang=\"PT-BR\">denunciam como <strong>mais de 473 milh\u00f5es de crian\u00e7as vivem em \u00e1reas afetadas pelos conflitos<\/strong>, vendo seus direitos negados. Al\u00e9m de n\u00e3o ter a possibilidade de frequentar a escola ou de cuidados m\u00e9dicos adequados, sofrem de desnutri\u00e7\u00e3o cr\u00f4nica e muitas vezes s\u00e3o v\u00edtimas de viol\u00eancias.<\/span><\/p>\n<p style=\"text-align: justify; text-justify: inter-ideograph;\"><span lang=\"PT-BR\">Neste contexto, <strong>a palavra PAZ assume um significado mais profundo<\/strong>. Paz, de fato, n\u00e3o \u00e9 apenas aus\u00eancia de guerra, mas condi\u00e7\u00f5es fundamentais para garantir os direitos, a dignidade e a seguran\u00e7a de cada indiv\u00edduo. Neste Dia Internacional da Paz, \u00e9 importante refletir sobre como cada escolha da comunidade, das institui\u00e7\u00f5es e dos governos podem estar na base de um di\u00e1logo para apoiar quem se empenha para construir um mundo de paz, onde os direitos de todos sejam respeitados.<\/span><\/p>\n<p><span style=\"color: #0000ff;\"><strong><a style=\"color: #0000ff;\" href=\"https:\/\/www.vides.org\/2024\/03\/13580\/\" target=\"_blank\" rel=\"noopener\">O VIDES Internacional<\/a><\/strong><\/span> e a <span style=\"color: #0000ff;\"><strong><a style=\"color: #0000ff;\" href=\"https:\/\/www.fondazionefvgs.it\/\" target=\"_blank\" rel=\"noopener\">Funda\u00e7\u00e3o FVGS ETS<\/a><\/strong><\/span>\u00a0acolhem o convite do Papa Le\u00e3o XIV, que exorta a \u201c<em>rejeitar a l\u00f3gica da viol\u00eancia e da guerra, para<\/em> <strong><em>abra\u00e7ar uma paz aut\u00eantica, fundada no amor e na justi\u00e7a<\/em><\/strong>\u201d. Como sublinha o Pont\u00edfice, anunciando o\u00a0<strong><span style=\"color: #0000ff;\"><a style=\"color: #0000ff;\" href=\"https:\/\/press.vatican.va\/content\/salastampa\/it\/bollettino\/pubblico\/2025\/08\/26\/0592\/01015.html\" target=\"_blank\" rel=\"noopener\">tema<\/a><\/span><\/strong> da Mensagem para o Dia da Paz de 2026, \u00e9 fundamental construir uma paz que n\u00e3o seja apenas aus\u00eancia de armas, mas que seja <strong><em>\u201cdesarmada\u201d<\/em><\/strong> \u2013 portanto, n\u00e3o fundada no medo ou na amea\u00e7a das armas \u2013 e <strong><em>\u201cdesarmante\u201d<\/em><\/strong>, capaz de resolver os conflitos e abrir os cora\u00e7\u00f5es, gerando confian\u00e7a e empatia. De fato, n\u00e3o \u00e9 suficiente dizer que se deseja um mundo em paz, mas, como recorda Le\u00e3o XIV, \u201c<strong><em>\u00e9 preciso encarnar a paz\u00a0 num estilo de vida que rejeite toda forma de viol\u00eancia, vis\u00edvel ou estrutural<\/em><\/strong>\u201d.<\/p>\n<p style=\"text-align: left;\"><a href=\"https:\/\/www.cgfmanet.org\/wp-content\/uploads\/2025\/09\/Giornata-Internazionale-Pace_2.jpg\"><img decoding=\"async\" class=\"wp-image-142832 size-full alignleft lazyload\" data-src=\"https:\/\/www.cgfmanet.org\/wp-content\/uploads\/2025\/09\/Giornata-Internazionale-Pace_2.jpg\" alt=\"\" width=\"433\" height=\"289\" src=\"data:image\/svg+xml;base64,PHN2ZyB3aWR0aD0iMSIgaGVpZ2h0PSIxIiB4bWxucz0iaHR0cDovL3d3dy53My5vcmcvMjAwMC9zdmciPjwvc3ZnPg==\" style=\"--smush-placeholder-width: 433px; --smush-placeholder-aspect-ratio: 433\/289;\" \/><\/a><\/p>\n<p style=\"text-align: justify; text-justify: inter-ideograph;\"><span lang=\"PT-BR\">Com este objetivo, a <strong>Funda\u00e7\u00e3o FVGS ETS<\/strong> promoveu em Mianmar o <em>projeto<\/em> <strong><i>\u201cPAZ em Myanmar \u2013 Educar \u00e0 paz em situa\u00e7\u00f5es de conflito e crise humanit\u00e1ria\u201d<\/i><\/strong>, apoiando o processo de <em>constru\u00e7\u00e3o<\/em> <i>da paz<\/i> em Mianmar por meio de m\u00faltiplas e diversificadas atividades de educa\u00e7\u00e3o \u00e0 paz e <i>resolu\u00e7\u00e3o de conflitos<\/i> dirigidas \u00e0 sociedade civil.<\/span><\/p>\n<p style=\"text-align: justify; text-justify: inter-ideograph;\"><span lang=\"PT-BR\">Especificamente, foram organizados laborat\u00f3rios did\u00e1ticos e oficinas educativas para crian\u00e7as e jovens, a fim de favorecer o desenvolvimento de rela\u00e7\u00f5es fraternas e cordiais; semin\u00e1rios ministrados por especialistas para promover a paz e a reconcilia\u00e7\u00e3o tamb\u00e9m em n\u00edvel intergeneracional; encontros formativos e de ora\u00e7\u00e3o para encorajar a sociedade civil \u00e0 resolu\u00e7\u00e3o n\u00e3o violenta dos conflitos. A FVGS e as Filhas de Maria Auxiliadora trabalharam em sinergia para promover a paz atrav\u00e9s da comunica\u00e7\u00e3o n\u00e3o violenta, a transforma\u00e7\u00e3o dos conflitos e as pr\u00e1ticas de paz entre crian\u00e7as, jovens e fam\u00edlias que vivem em meio \u00e0 guerra.<\/span><\/p>\n<p style=\"text-align: justify; text-justify: inter-ideograph;\"><span lang=\"PT-BR\">Ao mesmo tempo, o <strong>VIDES Internacional<\/strong>, ao longo dos anos, tem-se dedicado com empenho \u00e0 promo\u00e7\u00e3o de projetos de solidariedade e desenvolvimento, contribuindo \u00e0 difus\u00e3o de conhecimentos, compet\u00eancias e valores fundamentais como <strong>a toler\u00e2ncia, a fraternidade e a supera\u00e7\u00e3o de preconceitos, estere\u00f3tipos e discrimina\u00e7\u00f5es<\/strong>. Gra\u00e7as \u00e0 educa\u00e7\u00e3o hol\u00edstica promovida pelo VIDES por meio de suas iniciativas, as comunidades s\u00e3o envolvidas num processo de participa\u00e7\u00e3o e cidadania ativa, chamadas a trabalhar juntas para a constru\u00e7\u00e3o de sociedades mais pac\u00edficas e inclusivas.<\/span><\/p>\n<p style=\"text-align: justify; text-justify: inter-ideograph;\"><span lang=\"PT-BR\">A miss\u00e3o do VIDES Internacional, da FVGS e das FMA \u00e9 justamente <strong>cultivar uma cultura de paz<\/strong>, fornecendo a indiv\u00edduos e comunidades os instrumentos para construir compreens\u00e3o, empatia, inclus\u00e3o e colabora\u00e7\u00e3o.<\/span><\/p>\n<p style=\"text-align: justify; text-justify: inter-ideograph;\"><span lang=\"PT-BR\">Neste Dia Internacional da Paz, ressoe a sauda\u00e7\u00e3o de Cristo Ressuscitado, <strong>\u201c<i>A paz esteja convosco<\/i>\u201d<\/strong> (cf. Jo 20,19), a primeira sauda\u00e7\u00e3o do Papa Le\u00e3o na sua elei\u00e7\u00e3o ao trono de Pedro, com o desejo de que a paz entre em todos os cora\u00e7\u00f5es e alcance as fam\u00edlias, e um convite dirigido a cada um \u2013 crente ou n\u00e3o crente, pol\u00edtico ou cidad\u00e3o, mulher, homem ou crian\u00e7a \u2013 para que juntos se construa um futuro de paz.<\/span><\/p>\n","protected":false},"excerpt":{"rendered":"<p>Roma (It\u00e1lia). Em 21 de setembro de 2025 celebra-se o Dia Internacional da Paz, institu\u00eddo em 1981 pela Assembleia Geral das Na\u00e7\u00f5es Unidas para refor\u00e7ar o empenho nacional e internacional [&hellip;]<\/p>\n","protected":false},"author":21,"featured_media":142840,"comment_status":"open","ping_status":"closed","sticky":false,"template":"","format":"standard","meta":{"footnotes":""},"categories":[38,197],"tags":[1516,1618,1829,1930,1992],"class_list":["post-142845","post","type-post","status-publish","format-standard","has-post-thumbnail","category-infosfera-pt-pt","category-direitos-humanos","tag-vides-pt-pt","tag-cittadinanza-pt-pt","tag-paz","tag-focus-pt-pt","tag-solidarieta-pt-pt"],"yoast_head":"<!-- This site is optimized with the Yoast SEO plugin v27.4 - https:\/\/yoast.com\/product\/yoast-seo-wordpress\/ -->\n<title>Dia Internacional da Paz &#8226; Istituto Figlie di Maria Ausiliatrice<\/title>\n<meta name=\"description\" content=\"Em 21 de setembro de 2025 celebra-se o Dia Internacional da Paz. As iniciativas do VIDES Internacional e da Funda\u00e7\u00e3o FVGS para educar \u00e0 paz.\" \/>\n<meta name=\"robots\" content=\"index, follow, max-snippet:-1, max-image-preview:large, max-video-preview:-1\" \/>\n<link rel=\"canonical\" href=\"https:\/\/www.cgfmanet.org\/pt-pt\/infosfera-pt-pt\/direitos-humanos\/dia-internacional-da-paz\/\" \/>\n<meta property=\"og:locale\" content=\"pt_PT\" \/>\n<meta property=\"og:type\" content=\"article\" \/>\n<meta property=\"og:title\" content=\"Dia Internacional da Paz &#8226; Istituto Figlie di Maria Ausiliatrice\" \/>\n<meta property=\"og:description\" content=\"Em 21 de setembro de 2025 celebra-se o Dia Internacional da Paz. As iniciativas do VIDES Internacional e da Funda\u00e7\u00e3o FVGS para educar \u00e0 paz.\" \/>\n<meta property=\"og:url\" content=\"https:\/\/www.cgfmanet.org\/pt-pt\/infosfera-pt-pt\/direitos-humanos\/dia-internacional-da-paz\/\" \/>\n<meta property=\"og:site_name\" content=\"Istituto Figlie di Maria Ausiliatrice\" \/>\n<meta property=\"article:publisher\" content=\"https:\/\/www.facebook.com\/salesian.sisters.of.don.bosco\/\" \/>\n<meta property=\"article:published_time\" content=\"2025-09-19T10:41:06+00:00\" \/>\n<meta property=\"article:modified_time\" content=\"2025-09-20T20:17:52+00:00\" \/>\n<meta property=\"og:image\" content=\"https:\/\/www.cgfmanet.org\/wp-content\/uploads\/2025\/09\/Giornata-Internazionale-Pace.jpg\" \/>\n\t<meta property=\"og:image:width\" content=\"1181\" \/>\n\t<meta property=\"og:image:height\" content=\"787\" \/>\n\t<meta property=\"og:image:type\" content=\"image\/jpeg\" \/>\n<meta name=\"author\" content=\"Redazione\" \/>\n<meta name=\"twitter:card\" content=\"summary_large_image\" \/>\n<meta name=\"twitter:creator\" content=\"@Cgfmanet_Org\" \/>\n<meta name=\"twitter:site\" content=\"@Cgfmanet_Org\" \/>\n<meta name=\"twitter:label1\" content=\"Escrito por\" \/>\n\t<meta name=\"twitter:data1\" content=\"Redazione\" \/>\n\t<meta name=\"twitter:label2\" content=\"Tempo estimado de leitura\" \/>\n\t<meta name=\"twitter:data2\" content=\"4 minutos\" \/>\n<script type=\"application\/ld+json\" class=\"yoast-schema-graph\">{\"@context\":\"https:\\\/\\\/schema.org\",\"@graph\":[{\"@type\":\"Article\",\"@id\":\"https:\\\/\\\/www.cgfmanet.org\\\/pt-pt\\\/infosfera-pt-pt\\\/direitos-humanos\\\/dia-internacional-da-paz\\\/#article\",\"isPartOf\":{\"@id\":\"https:\\\/\\\/www.cgfmanet.org\\\/pt-pt\\\/infosfera-pt-pt\\\/direitos-humanos\\\/dia-internacional-da-paz\\\/\"},\"author\":{\"name\":\"Redazione\",\"@id\":\"https:\\\/\\\/www.cgfmanet.org\\\/es\\\/#\\\/schema\\\/person\\\/ce6473083f53ef0ef882cca23f0c8fb9\"},\"headline\":\"Dia Internacional da Paz\",\"datePublished\":\"2025-09-19T10:41:06+00:00\",\"dateModified\":\"2025-09-20T20:17:52+00:00\",\"mainEntityOfPage\":{\"@id\":\"https:\\\/\\\/www.cgfmanet.org\\\/pt-pt\\\/infosfera-pt-pt\\\/direitos-humanos\\\/dia-internacional-da-paz\\\/\"},\"wordCount\":756,\"commentCount\":0,\"publisher\":{\"@id\":\"https:\\\/\\\/www.cgfmanet.org\\\/es\\\/#organization\"},\"image\":{\"@id\":\"https:\\\/\\\/www.cgfmanet.org\\\/pt-pt\\\/infosfera-pt-pt\\\/direitos-humanos\\\/dia-internacional-da-paz\\\/#primaryimage\"},\"thumbnailUrl\":\"https:\\\/\\\/www.cgfmanet.org\\\/wp-content\\\/uploads\\\/2025\\\/09\\\/Giornata-Internazionale-Pace.jpg\",\"keywords\":[\"Vides\",\"cittadinanza\",\"Paz\",\"Focus\",\"Solidariet\u00e0\"],\"articleSection\":[\"Infosfera\",\"Direitos Humanos\"],\"inLanguage\":\"pt-PT\",\"potentialAction\":[{\"@type\":\"CommentAction\",\"name\":\"Comment\",\"target\":[\"https:\\\/\\\/www.cgfmanet.org\\\/pt-pt\\\/infosfera-pt-pt\\\/direitos-humanos\\\/dia-internacional-da-paz\\\/#respond\"]}]},{\"@type\":\"WebPage\",\"@id\":\"https:\\\/\\\/www.cgfmanet.org\\\/pt-pt\\\/infosfera-pt-pt\\\/direitos-humanos\\\/dia-internacional-da-paz\\\/\",\"url\":\"https:\\\/\\\/www.cgfmanet.org\\\/pt-pt\\\/infosfera-pt-pt\\\/direitos-humanos\\\/dia-internacional-da-paz\\\/\",\"name\":\"Dia Internacional da Paz &#8226; Istituto Figlie di Maria Ausiliatrice\",\"isPartOf\":{\"@id\":\"https:\\\/\\\/www.cgfmanet.org\\\/es\\\/#website\"},\"primaryImageOfPage\":{\"@id\":\"https:\\\/\\\/www.cgfmanet.org\\\/pt-pt\\\/infosfera-pt-pt\\\/direitos-humanos\\\/dia-internacional-da-paz\\\/#primaryimage\"},\"image\":{\"@id\":\"https:\\\/\\\/www.cgfmanet.org\\\/pt-pt\\\/infosfera-pt-pt\\\/direitos-humanos\\\/dia-internacional-da-paz\\\/#primaryimage\"},\"thumbnailUrl\":\"https:\\\/\\\/www.cgfmanet.org\\\/wp-content\\\/uploads\\\/2025\\\/09\\\/Giornata-Internazionale-Pace.jpg\",\"datePublished\":\"2025-09-19T10:41:06+00:00\",\"dateModified\":\"2025-09-20T20:17:52+00:00\",\"description\":\"Em 21 de setembro de 2025 celebra-se o Dia Internacional da Paz. As iniciativas do VIDES Internacional e da Funda\u00e7\u00e3o FVGS para educar \u00e0 paz.\",\"breadcrumb\":{\"@id\":\"https:\\\/\\\/www.cgfmanet.org\\\/pt-pt\\\/infosfera-pt-pt\\\/direitos-humanos\\\/dia-internacional-da-paz\\\/#breadcrumb\"},\"inLanguage\":\"pt-PT\",\"potentialAction\":[{\"@type\":\"ReadAction\",\"target\":[\"https:\\\/\\\/www.cgfmanet.org\\\/pt-pt\\\/infosfera-pt-pt\\\/direitos-humanos\\\/dia-internacional-da-paz\\\/\"]}]},{\"@type\":\"ImageObject\",\"inLanguage\":\"pt-PT\",\"@id\":\"https:\\\/\\\/www.cgfmanet.org\\\/pt-pt\\\/infosfera-pt-pt\\\/direitos-humanos\\\/dia-internacional-da-paz\\\/#primaryimage\",\"url\":\"https:\\\/\\\/www.cgfmanet.org\\\/wp-content\\\/uploads\\\/2025\\\/09\\\/Giornata-Internazionale-Pace.jpg\",\"contentUrl\":\"https:\\\/\\\/www.cgfmanet.org\\\/wp-content\\\/uploads\\\/2025\\\/09\\\/Giornata-Internazionale-Pace.jpg\",\"width\":1181,\"height\":787},{\"@type\":\"BreadcrumbList\",\"@id\":\"https:\\\/\\\/www.cgfmanet.org\\\/pt-pt\\\/infosfera-pt-pt\\\/direitos-humanos\\\/dia-internacional-da-paz\\\/#breadcrumb\",\"itemListElement\":[{\"@type\":\"ListItem\",\"position\":1,\"name\":\"Home\",\"item\":\"https:\\\/\\\/www.cgfmanet.org\\\/pt-pt\\\/\"},{\"@type\":\"ListItem\",\"position\":2,\"name\":\"Dia Internacional da Paz\"}]},{\"@type\":\"WebSite\",\"@id\":\"https:\\\/\\\/www.cgfmanet.org\\\/es\\\/#website\",\"url\":\"https:\\\/\\\/www.cgfmanet.org\\\/es\\\/\",\"name\":\"Istituto Figlie di Maria Ausiliatrice\",\"description\":\"Salesiane di Don Bosco\",\"publisher\":{\"@id\":\"https:\\\/\\\/www.cgfmanet.org\\\/es\\\/#organization\"},\"potentialAction\":[{\"@type\":\"SearchAction\",\"target\":{\"@type\":\"EntryPoint\",\"urlTemplate\":\"https:\\\/\\\/www.cgfmanet.org\\\/es\\\/?s={search_term_string}\"},\"query-input\":{\"@type\":\"PropertyValueSpecification\",\"valueRequired\":true,\"valueName\":\"search_term_string\"}}],\"inLanguage\":\"pt-PT\"},{\"@type\":\"Organization\",\"@id\":\"https:\\\/\\\/www.cgfmanet.org\\\/es\\\/#organization\",\"name\":\"Istituto Figlie di Maria Ausiliatrice\",\"url\":\"https:\\\/\\\/www.cgfmanet.org\\\/es\\\/\",\"logo\":{\"@type\":\"ImageObject\",\"inLanguage\":\"pt-PT\",\"@id\":\"https:\\\/\\\/www.cgfmanet.org\\\/es\\\/#\\\/schema\\\/logo\\\/image\\\/\",\"url\":\"https:\\\/\\\/www.cgfmanet.org\\\/wp-content\\\/uploads\\\/2018\\\/10\\\/logo-fma.png\",\"contentUrl\":\"https:\\\/\\\/www.cgfmanet.org\\\/wp-content\\\/uploads\\\/2018\\\/10\\\/logo-fma.png\",\"width\":214,\"height\":55,\"caption\":\"Istituto Figlie di Maria Ausiliatrice\"},\"image\":{\"@id\":\"https:\\\/\\\/www.cgfmanet.org\\\/es\\\/#\\\/schema\\\/logo\\\/image\\\/\"},\"sameAs\":[\"https:\\\/\\\/www.facebook.com\\\/salesian.sisters.of.don.bosco\\\/\",\"https:\\\/\\\/x.com\\\/Cgfmanet_Org\",\"https:\\\/\\\/www.youtube.com\\\/channel\\\/UCmcr8yFQBV7JXeXVxyV9y5Q\"]},{\"@type\":\"Person\",\"@id\":\"https:\\\/\\\/www.cgfmanet.org\\\/es\\\/#\\\/schema\\\/person\\\/ce6473083f53ef0ef882cca23f0c8fb9\",\"name\":\"Redazione\"}]}<\/script>\n<!-- \/ Yoast SEO plugin. -->","yoast_head_json":{"title":"Dia Internacional da Paz &#8226; Istituto Figlie di Maria Ausiliatrice","description":"Em 21 de setembro de 2025 celebra-se o Dia Internacional da Paz. As iniciativas do VIDES Internacional e da Funda\u00e7\u00e3o FVGS para educar \u00e0 paz.","robots":{"index":"index","follow":"follow","max-snippet":"max-snippet:-1","max-image-preview":"max-image-preview:large","max-video-preview":"max-video-preview:-1"},"canonical":"https:\/\/www.cgfmanet.org\/pt-pt\/infosfera-pt-pt\/direitos-humanos\/dia-internacional-da-paz\/","og_locale":"pt_PT","og_type":"article","og_title":"Dia Internacional da Paz &#8226; Istituto Figlie di Maria Ausiliatrice","og_description":"Em 21 de setembro de 2025 celebra-se o Dia Internacional da Paz. As iniciativas do VIDES Internacional e da Funda\u00e7\u00e3o FVGS para educar \u00e0 paz.","og_url":"https:\/\/www.cgfmanet.org\/pt-pt\/infosfera-pt-pt\/direitos-humanos\/dia-internacional-da-paz\/","og_site_name":"Istituto Figlie di Maria Ausiliatrice","article_publisher":"https:\/\/www.facebook.com\/salesian.sisters.of.don.bosco\/","article_published_time":"2025-09-19T10:41:06+00:00","article_modified_time":"2025-09-20T20:17:52+00:00","og_image":[{"width":1181,"height":787,"url":"https:\/\/www.cgfmanet.org\/wp-content\/uploads\/2025\/09\/Giornata-Internazionale-Pace.jpg","type":"image\/jpeg"}],"author":"Redazione","twitter_card":"summary_large_image","twitter_creator":"@Cgfmanet_Org","twitter_site":"@Cgfmanet_Org","twitter_misc":{"Escrito por":"Redazione","Tempo estimado de leitura":"4 minutos"},"schema":{"@context":"https:\/\/schema.org","@graph":[{"@type":"Article","@id":"https:\/\/www.cgfmanet.org\/pt-pt\/infosfera-pt-pt\/direitos-humanos\/dia-internacional-da-paz\/#article","isPartOf":{"@id":"https:\/\/www.cgfmanet.org\/pt-pt\/infosfera-pt-pt\/direitos-humanos\/dia-internacional-da-paz\/"},"author":{"name":"Redazione","@id":"https:\/\/www.cgfmanet.org\/es\/#\/schema\/person\/ce6473083f53ef0ef882cca23f0c8fb9"},"headline":"Dia Internacional da Paz","datePublished":"2025-09-19T10:41:06+00:00","dateModified":"2025-09-20T20:17:52+00:00","mainEntityOfPage":{"@id":"https:\/\/www.cgfmanet.org\/pt-pt\/infosfera-pt-pt\/direitos-humanos\/dia-internacional-da-paz\/"},"wordCount":756,"commentCount":0,"publisher":{"@id":"https:\/\/www.cgfmanet.org\/es\/#organization"},"image":{"@id":"https:\/\/www.cgfmanet.org\/pt-pt\/infosfera-pt-pt\/direitos-humanos\/dia-internacional-da-paz\/#primaryimage"},"thumbnailUrl":"https:\/\/www.cgfmanet.org\/wp-content\/uploads\/2025\/09\/Giornata-Internazionale-Pace.jpg","keywords":["Vides","cittadinanza","Paz","Focus","Solidariet\u00e0"],"articleSection":["Infosfera","Direitos Humanos"],"inLanguage":"pt-PT","potentialAction":[{"@type":"CommentAction","name":"Comment","target":["https:\/\/www.cgfmanet.org\/pt-pt\/infosfera-pt-pt\/direitos-humanos\/dia-internacional-da-paz\/#respond"]}]},{"@type":"WebPage","@id":"https:\/\/www.cgfmanet.org\/pt-pt\/infosfera-pt-pt\/direitos-humanos\/dia-internacional-da-paz\/","url":"https:\/\/www.cgfmanet.org\/pt-pt\/infosfera-pt-pt\/direitos-humanos\/dia-internacional-da-paz\/","name":"Dia Internacional da Paz &#8226; Istituto Figlie di Maria Ausiliatrice","isPartOf":{"@id":"https:\/\/www.cgfmanet.org\/es\/#website"},"primaryImageOfPage":{"@id":"https:\/\/www.cgfmanet.org\/pt-pt\/infosfera-pt-pt\/direitos-humanos\/dia-internacional-da-paz\/#primaryimage"},"image":{"@id":"https:\/\/www.cgfmanet.org\/pt-pt\/infosfera-pt-pt\/direitos-humanos\/dia-internacional-da-paz\/#primaryimage"},"thumbnailUrl":"https:\/\/www.cgfmanet.org\/wp-content\/uploads\/2025\/09\/Giornata-Internazionale-Pace.jpg","datePublished":"2025-09-19T10:41:06+00:00","dateModified":"2025-09-20T20:17:52+00:00","description":"Em 21 de setembro de 2025 celebra-se o Dia Internacional da Paz. As iniciativas do VIDES Internacional e da Funda\u00e7\u00e3o FVGS para educar \u00e0 paz.","breadcrumb":{"@id":"https:\/\/www.cgfmanet.org\/pt-pt\/infosfera-pt-pt\/direitos-humanos\/dia-internacional-da-paz\/#breadcrumb"},"inLanguage":"pt-PT","potentialAction":[{"@type":"ReadAction","target":["https:\/\/www.cgfmanet.org\/pt-pt\/infosfera-pt-pt\/direitos-humanos\/dia-internacional-da-paz\/"]}]},{"@type":"ImageObject","inLanguage":"pt-PT","@id":"https:\/\/www.cgfmanet.org\/pt-pt\/infosfera-pt-pt\/direitos-humanos\/dia-internacional-da-paz\/#primaryimage","url":"https:\/\/www.cgfmanet.org\/wp-content\/uploads\/2025\/09\/Giornata-Internazionale-Pace.jpg","contentUrl":"https:\/\/www.cgfmanet.org\/wp-content\/uploads\/2025\/09\/Giornata-Internazionale-Pace.jpg","width":1181,"height":787},{"@type":"BreadcrumbList","@id":"https:\/\/www.cgfmanet.org\/pt-pt\/infosfera-pt-pt\/direitos-humanos\/dia-internacional-da-paz\/#breadcrumb","itemListElement":[{"@type":"ListItem","position":1,"name":"Home","item":"https:\/\/www.cgfmanet.org\/pt-pt\/"},{"@type":"ListItem","position":2,"name":"Dia Internacional da Paz"}]},{"@type":"WebSite","@id":"https:\/\/www.cgfmanet.org\/es\/#website","url":"https:\/\/www.cgfmanet.org\/es\/","name":"Istituto Figlie di Maria Ausiliatrice","description":"Salesiane di Don Bosco","publisher":{"@id":"https:\/\/www.cgfmanet.org\/es\/#organization"},"potentialAction":[{"@type":"SearchAction","target":{"@type":"EntryPoint","urlTemplate":"https:\/\/www.cgfmanet.org\/es\/?s={search_term_string}"},"query-input":{"@type":"PropertyValueSpecification","valueRequired":true,"valueName":"search_term_string"}}],"inLanguage":"pt-PT"},{"@type":"Organization","@id":"https:\/\/www.cgfmanet.org\/es\/#organization","name":"Istituto Figlie di Maria Ausiliatrice","url":"https:\/\/www.cgfmanet.org\/es\/","logo":{"@type":"ImageObject","inLanguage":"pt-PT","@id":"https:\/\/www.cgfmanet.org\/es\/#\/schema\/logo\/image\/","url":"https:\/\/www.cgfmanet.org\/wp-content\/uploads\/2018\/10\/logo-fma.png","contentUrl":"https:\/\/www.cgfmanet.org\/wp-content\/uploads\/2018\/10\/logo-fma.png","width":214,"height":55,"caption":"Istituto Figlie di Maria Ausiliatrice"},"image":{"@id":"https:\/\/www.cgfmanet.org\/es\/#\/schema\/logo\/image\/"},"sameAs":["https:\/\/www.facebook.com\/salesian.sisters.of.don.bosco\/","https:\/\/x.com\/Cgfmanet_Org","https:\/\/www.youtube.com\/channel\/UCmcr8yFQBV7JXeXVxyV9y5Q"]},{"@type":"Person","@id":"https:\/\/www.cgfmanet.org\/es\/#\/schema\/person\/ce6473083f53ef0ef882cca23f0c8fb9","name":"Redazione"}]}},"_links":{"self":[{"href":"https:\/\/www.cgfmanet.org\/pt-pt\/wp-json\/wp\/v2\/posts\/142845","targetHints":{"allow":["GET"]}}],"collection":[{"href":"https:\/\/www.cgfmanet.org\/pt-pt\/wp-json\/wp\/v2\/posts"}],"about":[{"href":"https:\/\/www.cgfmanet.org\/pt-pt\/wp-json\/wp\/v2\/types\/post"}],"author":[{"embeddable":true,"href":"https:\/\/www.cgfmanet.org\/pt-pt\/wp-json\/wp\/v2\/users\/21"}],"replies":[{"embeddable":true,"href":"https:\/\/www.cgfmanet.org\/pt-pt\/wp-json\/wp\/v2\/comments?post=142845"}],"version-history":[{"count":3,"href":"https:\/\/www.cgfmanet.org\/pt-pt\/wp-json\/wp\/v2\/posts\/142845\/revisions"}],"predecessor-version":[{"id":142979,"href":"https:\/\/www.cgfmanet.org\/pt-pt\/wp-json\/wp\/v2\/posts\/142845\/revisions\/142979"}],"wp:featuredmedia":[{"embeddable":true,"href":"https:\/\/www.cgfmanet.org\/pt-pt\/wp-json\/wp\/v2\/media\/142840"}],"wp:attachment":[{"href":"https:\/\/www.cgfmanet.org\/pt-pt\/wp-json\/wp\/v2\/media?parent=142845"}],"wp:term":[{"taxonomy":"category","embeddable":true,"href":"https:\/\/www.cgfmanet.org\/pt-pt\/wp-json\/wp\/v2\/categories?post=142845"},{"taxonomy":"post_tag","embeddable":true,"href":"https:\/\/www.cgfmanet.org\/pt-pt\/wp-json\/wp\/v2\/tags?post=142845"}],"curies":[{"name":"wp","href":"https:\/\/api.w.org\/{rel}","templated":true}]}}