{"id":141735,"date":"2025-09-06T12:12:43","date_gmt":"2025-09-06T10:12:43","guid":{"rendered":"https:\/\/www.cgfmanet.org\/infosfera-pt-pt\/giornata-internazionale-dellalfabetizzazione-2025\/"},"modified":"2025-09-06T22:16:09","modified_gmt":"2025-09-06T20:16:09","slug":"dia-internacional-da-alfabetizacao-2025","status":"publish","type":"post","link":"https:\/\/www.cgfmanet.org\/pt-pt\/infosfera-pt-pt\/dia-internacional-da-alfabetizacao-2025\/","title":{"rendered":"Dia Internacional da Alfabetiza\u00e7\u00e3o 2025"},"content":{"rendered":"<p><strong>Roma (It\u00e1lia).<\/strong> O dia 8 de setembro de 2025 celebra o Dia Internacional da Alfabetiza\u00e7\u00e3o (ILD), institu\u00eddo em 1966 pela Organiza\u00e7\u00e3o das Na\u00e7\u00f5es Unidas para a Educa\u00e7\u00e3o, a Ci\u00eancia e a Cultura (UNESCO) para sensibilizar e chamar a aten\u00e7\u00e3o sobre a import\u00e2ncia da alfabetiza\u00e7\u00e3o em n\u00edvel local, nacional e internacional. O ILD 2025 pretende celebrar os progressos da alfabetiza\u00e7\u00e3o em n\u00edvel mundial e refletir sobre como o ensino, a aprendizagem, os programas e as pol\u00edticas nesta \u00e1rea devem ser pensados, geridos e monitorados num mundo digitalizado.<\/p>\n<p>O tema da Jornada de 2025, <strong>&#8220;Promover a alfabetiza\u00e7\u00e3o na era digital&#8221;<\/strong>, ressalta a necessidade de adquirir compet\u00eancias e de utilizar os instrumentos digitais para progredir na era digital de hoje. <strong>A alfabetiza\u00e7\u00e3o digital \u00e9 um instrumento importante para a emancipa\u00e7\u00e3o pessoal, para a participa\u00e7\u00e3o ativa e transformadora na sociedade e para a inclus\u00e3o social.<\/strong><br \/>\nA UNESCO, ag\u00eancia da ONU encarregada de lembrar \u00e0 comunidade internacional a situa\u00e7\u00e3o da alfabetiza\u00e7\u00e3o e da aprendizagem de adultos em n\u00edvel global, sublinha que: <em>\u201cA alfabetiza\u00e7\u00e3o \u00e9 uma chave para tornar a transforma\u00e7\u00e3o inclusiva, sustent\u00e1vel, pertinente e significativa. Para al\u00e9m da leitura e da escrita no papel, a alfabetiza\u00e7\u00e3o na era digital permite \u00e0s pessoas acessar, compreender, avaliar, criar, comunicar e interagir com \u00a0os conte\u00fados digitais de forma segura e apropriada. A alfabetiza\u00e7\u00e3o \u00e9 tamb\u00e9m fundamental para promover o pensamento cr\u00edtico, distinguir informa\u00e7\u00f5es cred\u00edveis e orientar-se em ambientes informativos complexos\u201d. <\/em><\/p>\n<p>Embora a transi\u00e7\u00e3o ao digital possa oferecer novas oportunidades de aprendizagem, alargando os horizontes para os sujeitos \u00e0 margem da sociedade, corre-se o risco de <em>\u201ccriar uma dupla marginaliza\u00e7\u00e3o: a exclus\u00e3o n\u00e3o s\u00f3 da aprendizagem tradicional, mas tamb\u00e9m dos benef\u00edcios da era digital\u201d<\/em>.<\/p>\n<p>Segundo dados da<strong><a href=\"https:\/\/www.unesco.org\/en\/days\/literacy\" target=\"_blank\" rel=\"noopener\"><span style=\"color: #0000ff;\"> UNESCO<\/span><\/a><\/strong>, esses grupos marginalizados incluem 754 milh\u00f5es de pessoas analfabetas com mais de 15 anos (as mulheres representam dois ter\u00e7os da popula\u00e7\u00e3o adulta analfabeta), 250 milh\u00f5es de crian\u00e7as privadas de compet\u00eancias de alfabetiza\u00e7\u00e3o de base e cerca de 75 milh\u00f5es de crian\u00e7as que n\u00e3o frequentam a escola, a frequentam de maneira irregular ou a abandonam.<\/p>\n<p><strong>O desafio do analfabetismo global exige, portanto, esfor\u00e7os cont\u00ednuos e direcionados para alcan\u00e7ar o objetivo de Desenvolvimento Sustent\u00e1vel (ODS) n\u00famero 4, ou seja, uma educa\u00e7\u00e3o de qualidade.<\/strong><br \/>\nA digitaliza\u00e7\u00e3o tamb\u00e9m levanta outras quest\u00f5es cr\u00edticas, entre as quais quest\u00f5es relativas \u00e0 privacidade, \u00e0 prote\u00e7\u00e3o dos dados pessoais, \u00e0 vigil\u00e2ncia digital, ao fortalecimento dos preconceitos, \u00e0 \u00e9tica, ao risco de consumo passivo e ao impacto ambiental.<\/p>\n<p><strong>Uma hist\u00f3ria de esperan\u00e7a<\/strong><\/p>\n<p>Este Dia \u00e9 tamb\u00e9m ocasi\u00e3o para celebrar os quase quatro bilh\u00f5es de pessoas alfabetizadas no mundo, em particular aquelas provenientes de comunidades marginalizadas, como os <strong><span style=\"color: #0000ff;\"><a style=\"color: #0000ff;\" href=\"https:\/\/www.peoplesoftheworld.org\/aetas\/\" target=\"_blank\" rel=\"noopener\">Aeta das Filipinas<\/a><\/span><\/strong> que encontraram esperan\u00e7a atrav\u00e9s da educa\u00e7\u00e3o. Tudo come\u00e7ou quando a <strong><span style=\"color: #0000ff;\"><a style=\"color: #0000ff;\" href=\"https:\/\/acts-singapore.com\/\" target=\"_blank\" rel=\"noopener\">ACTS Singapore<\/a><\/span><\/strong>, <span lang=\"PT-BR\">apoiou um dos projetos de sensibiliza\u00e7\u00e3o da Comunidade <em>Maria Auxiliadora<\/em> em Pampanga, da Inspetoria <em>Santa Maria Domingas Mazzarello<\/em> (FIL), <strong>oferecendo bolsas de estudo a nove jovens Aeta.<\/strong><\/span><\/p>\n<p style=\"text-align: justify; text-justify: inter-ideograph;\"><span lang=\"PT-BR\">Para muitos Aeta, continuar os estudos superiores era impens\u00e1vel. A determina\u00e7\u00e3o, a tenacidade e o empenho desses nove estudantes foram recompensados quando conseguiram concluir os estudos: tr\u00eas se tornaram professores, tr\u00eas se formaram em servi\u00e7o social e outros tr\u00eas se tornaram policiais. Seus exemplos acenderam a esperan\u00e7a na comunidade Aeta e encorajaram os jovens a acreditar que podem superar a pobreza, a discrimina\u00e7\u00e3o ou as incompreens\u00f5es e alcan\u00e7ar um futuro mais luminoso por meio da aprendizagem. Esses nove jovens Aeta demonstraram que, mesmo quando o caminho \u00e9 dif\u00edcil e os recursos s\u00e3o escassos, os sonhos podem ser realizados quando se encontra o apoio de pessoas de boa vontade e se cr\u00ea na pr\u00f3pria capacidade de criar uma mudan\u00e7a.<\/span><\/p>\n<p style=\"text-align: justify; text-justify: inter-ideograph;\"><span lang=\"PT-BR\">Hoje, as jovens gera\u00e7\u00f5es de Aeta est\u00e3o lentamente transformando a perspectiva da comunidade sobre a educa\u00e7\u00e3o. A coragem desses nove estudantes \u00e9 a prova de que, quando os jovens s\u00e3o apoiados, guiados e valorizados, podem sonhar grande e voar mais alto. Sua hist\u00f3ria garante a cada crian\u00e7a Aeta que a educa\u00e7\u00e3o n\u00e3o \u00e9 apenas uma possibilidade: \u00e9 o seu direito, a sua chave e o seu futuro.<\/span><\/p>\n<p><img decoding=\"async\" class=\"size-full wp-image-141717 aligncenter lazyload\" data-src=\"https:\/\/www.cgfmanet.org\/wp-content\/uploads\/2025\/09\/Giornata-Alfabetizzazione-2025_2.jpg\" alt=\"\" width=\"1200\" height=\"800\" data-srcset=\"https:\/\/www.cgfmanet.org\/wp-content\/uploads\/2025\/09\/Giornata-Alfabetizzazione-2025_2.jpg 1200w, https:\/\/www.cgfmanet.org\/wp-content\/uploads\/2025\/09\/Giornata-Alfabetizzazione-2025_2-768x512.jpg 768w, https:\/\/www.cgfmanet.org\/wp-content\/uploads\/2025\/09\/Giornata-Alfabetizzazione-2025_2-630x420.jpg 630w, https:\/\/www.cgfmanet.org\/wp-content\/uploads\/2025\/09\/Giornata-Alfabetizzazione-2025_2-696x464.jpg 696w\" data-sizes=\"auto\" src=\"data:image\/svg+xml;base64,PHN2ZyB3aWR0aD0iMSIgaGVpZ2h0PSIxIiB4bWxucz0iaHR0cDovL3d3dy53My5vcmcvMjAwMC9zdmciPjwvc3ZnPg==\" style=\"--smush-placeholder-width: 1200px; --smush-placeholder-aspect-ratio: 1200\/800;\" data-original-sizes=\"(max-width: 1200px) 100vw, 1200px\" \/><\/p>\n<p>O<span style=\"color: #0000ff;\"><strong><a style=\"color: #0000ff;\" href=\"http:\/\/www.iimageneva.org\" target=\"_blank\" rel=\"noopener\"> Escrit\u00f3rio de Direitos Humanos do Instituto Internacional Maria Auxiliadora (IIMA)<\/a><\/strong><\/span> <span lang=\"PT-BR\">de Genebra, sempre promoveu o direito \u00e0 educa\u00e7\u00e3o, pois acredita na dignidade e no potencial de cada pessoa como agente livre, ativo e respons\u00e1vel de transforma\u00e7\u00e3o na sociedade.<\/span><\/p>\n<p style=\"text-align: justify; text-justify: inter-ideograph;\"><span lang=\"PT-BR\">A alfabetiza\u00e7\u00e3o, enquanto bem comum e direito humano, deve ser promovida e garantida. Requer, sobretudo, pol\u00edticas e interven\u00e7\u00f5es eficazes por parte do Estado e uma rede de parcerias entre governo, sociedade civil e iniciativas privadas que acreditam no poder transformador da educa\u00e7\u00e3o, se quisermos construir sociedades mais inclusivas, justas e sustent\u00e1veis.<\/span><\/p>\n","protected":false},"excerpt":{"rendered":"<p>Roma (It\u00e1lia). O dia 8 de setembro de 2025 celebra o Dia Internacional da Alfabetiza\u00e7\u00e3o (ILD), institu\u00eddo em 1966 pela Organiza\u00e7\u00e3o das Na\u00e7\u00f5es Unidas para a Educa\u00e7\u00e3o, a Ci\u00eancia e [&hellip;]<\/p>\n","protected":false},"author":21,"featured_media":141731,"comment_status":"open","ping_status":"closed","sticky":false,"template":"","format":"standard","meta":{"footnotes":""},"categories":[38,197],"tags":[338,1136,1143,1179,1618,1930],"class_list":["post-141735","post","type-post","status-publish","format-standard","has-post-thumbnail","category-infosfera-pt-pt","category-direitos-humanos","tag-jovens","tag-educacao","tag-fil-pt-pt","tag-iima-fma-pt-pt","tag-cittadinanza-pt-pt","tag-focus-pt-pt"],"yoast_head":"<!-- This site is optimized with the Yoast SEO plugin v27.4 - https:\/\/yoast.com\/product\/yoast-seo-wordpress\/ -->\n<title>Dia Internacional da Alfabetiza\u00e7\u00e3o 2025 &#8226; Istituto Figlie di Maria Ausiliatrice<\/title>\n<meta name=\"description\" content=\"No dia 8 de setembro de 2025 celebra-se o Dia Internacional da Alfabetiza\u00e7\u00e3o com o tema &quot;Promover a alfabetiza\u00e7\u00e3o na era digital&quot;.\" \/>\n<meta name=\"robots\" content=\"index, follow, max-snippet:-1, max-image-preview:large, max-video-preview:-1\" \/>\n<link rel=\"canonical\" href=\"https:\/\/www.cgfmanet.org\/pt-pt\/infosfera-pt-pt\/dia-internacional-da-alfabetizacao-2025\/\" \/>\n<meta property=\"og:locale\" content=\"pt_PT\" \/>\n<meta property=\"og:type\" content=\"article\" \/>\n<meta property=\"og:title\" content=\"Dia Internacional da Alfabetiza\u00e7\u00e3o 2025 &#8226; Istituto Figlie di Maria Ausiliatrice\" \/>\n<meta property=\"og:description\" content=\"No dia 8 de setembro de 2025 celebra-se o Dia Internacional da Alfabetiza\u00e7\u00e3o com o tema &quot;Promover a alfabetiza\u00e7\u00e3o na era digital&quot;.\" \/>\n<meta property=\"og:url\" content=\"https:\/\/www.cgfmanet.org\/pt-pt\/infosfera-pt-pt\/dia-internacional-da-alfabetizacao-2025\/\" \/>\n<meta property=\"og:site_name\" content=\"Istituto Figlie di Maria Ausiliatrice\" \/>\n<meta property=\"article:publisher\" content=\"https:\/\/www.facebook.com\/salesian.sisters.of.don.bosco\/\" \/>\n<meta property=\"article:published_time\" content=\"2025-09-06T10:12:43+00:00\" \/>\n<meta property=\"article:modified_time\" content=\"2025-09-06T20:16:09+00:00\" \/>\n<meta property=\"og:image\" content=\"https:\/\/www.cgfmanet.org\/wp-content\/uploads\/2025\/09\/Giornata-Alfabetizzazione-2025_ok.jpg\" \/>\n\t<meta property=\"og:image:width\" content=\"1200\" \/>\n\t<meta property=\"og:image:height\" content=\"800\" \/>\n\t<meta property=\"og:image:type\" content=\"image\/jpeg\" \/>\n<meta name=\"author\" content=\"Redazione\" \/>\n<meta name=\"twitter:card\" content=\"summary_large_image\" \/>\n<meta name=\"twitter:creator\" content=\"@Cgfmanet_Org\" \/>\n<meta name=\"twitter:site\" content=\"@Cgfmanet_Org\" \/>\n<meta name=\"twitter:label1\" content=\"Escrito por\" \/>\n\t<meta name=\"twitter:data1\" content=\"Redazione\" \/>\n\t<meta name=\"twitter:label2\" content=\"Tempo estimado de leitura\" \/>\n\t<meta name=\"twitter:data2\" content=\"5 minutos\" \/>\n<script type=\"application\/ld+json\" class=\"yoast-schema-graph\">{\"@context\":\"https:\\\/\\\/schema.org\",\"@graph\":[{\"@type\":\"Article\",\"@id\":\"https:\\\/\\\/www.cgfmanet.org\\\/pt-pt\\\/infosfera-pt-pt\\\/dia-internacional-da-alfabetizacao-2025\\\/#article\",\"isPartOf\":{\"@id\":\"https:\\\/\\\/www.cgfmanet.org\\\/pt-pt\\\/infosfera-pt-pt\\\/dia-internacional-da-alfabetizacao-2025\\\/\"},\"author\":{\"name\":\"Redazione\",\"@id\":\"https:\\\/\\\/www.cgfmanet.org\\\/es\\\/#\\\/schema\\\/person\\\/ce6473083f53ef0ef882cca23f0c8fb9\"},\"headline\":\"Dia Internacional da Alfabetiza\u00e7\u00e3o 2025\",\"datePublished\":\"2025-09-06T10:12:43+00:00\",\"dateModified\":\"2025-09-06T20:16:09+00:00\",\"mainEntityOfPage\":{\"@id\":\"https:\\\/\\\/www.cgfmanet.org\\\/pt-pt\\\/infosfera-pt-pt\\\/dia-internacional-da-alfabetizacao-2025\\\/\"},\"wordCount\":828,\"commentCount\":0,\"publisher\":{\"@id\":\"https:\\\/\\\/www.cgfmanet.org\\\/es\\\/#organization\"},\"image\":{\"@id\":\"https:\\\/\\\/www.cgfmanet.org\\\/pt-pt\\\/infosfera-pt-pt\\\/dia-internacional-da-alfabetizacao-2025\\\/#primaryimage\"},\"thumbnailUrl\":\"https:\\\/\\\/www.cgfmanet.org\\\/wp-content\\\/uploads\\\/2025\\\/09\\\/Giornata-Alfabetizzazione-2025_ok.jpg\",\"keywords\":[\"Jovens\",\"Educa\u00e7\u00e3o\",\"FIL\",\"IIMA\\\/FMA\",\"cittadinanza\",\"Focus\"],\"articleSection\":[\"Infosfera\",\"Direitos Humanos\"],\"inLanguage\":\"pt-PT\",\"potentialAction\":[{\"@type\":\"CommentAction\",\"name\":\"Comment\",\"target\":[\"https:\\\/\\\/www.cgfmanet.org\\\/pt-pt\\\/infosfera-pt-pt\\\/dia-internacional-da-alfabetizacao-2025\\\/#respond\"]}]},{\"@type\":\"WebPage\",\"@id\":\"https:\\\/\\\/www.cgfmanet.org\\\/pt-pt\\\/infosfera-pt-pt\\\/dia-internacional-da-alfabetizacao-2025\\\/\",\"url\":\"https:\\\/\\\/www.cgfmanet.org\\\/pt-pt\\\/infosfera-pt-pt\\\/dia-internacional-da-alfabetizacao-2025\\\/\",\"name\":\"Dia Internacional da Alfabetiza\u00e7\u00e3o 2025 &#8226; Istituto Figlie di Maria Ausiliatrice\",\"isPartOf\":{\"@id\":\"https:\\\/\\\/www.cgfmanet.org\\\/es\\\/#website\"},\"primaryImageOfPage\":{\"@id\":\"https:\\\/\\\/www.cgfmanet.org\\\/pt-pt\\\/infosfera-pt-pt\\\/dia-internacional-da-alfabetizacao-2025\\\/#primaryimage\"},\"image\":{\"@id\":\"https:\\\/\\\/www.cgfmanet.org\\\/pt-pt\\\/infosfera-pt-pt\\\/dia-internacional-da-alfabetizacao-2025\\\/#primaryimage\"},\"thumbnailUrl\":\"https:\\\/\\\/www.cgfmanet.org\\\/wp-content\\\/uploads\\\/2025\\\/09\\\/Giornata-Alfabetizzazione-2025_ok.jpg\",\"datePublished\":\"2025-09-06T10:12:43+00:00\",\"dateModified\":\"2025-09-06T20:16:09+00:00\",\"description\":\"No dia 8 de setembro de 2025 celebra-se o Dia Internacional da Alfabetiza\u00e7\u00e3o com o tema \\\"Promover a alfabetiza\u00e7\u00e3o na era digital\\\".\",\"breadcrumb\":{\"@id\":\"https:\\\/\\\/www.cgfmanet.org\\\/pt-pt\\\/infosfera-pt-pt\\\/dia-internacional-da-alfabetizacao-2025\\\/#breadcrumb\"},\"inLanguage\":\"pt-PT\",\"potentialAction\":[{\"@type\":\"ReadAction\",\"target\":[\"https:\\\/\\\/www.cgfmanet.org\\\/pt-pt\\\/infosfera-pt-pt\\\/dia-internacional-da-alfabetizacao-2025\\\/\"]}]},{\"@type\":\"ImageObject\",\"inLanguage\":\"pt-PT\",\"@id\":\"https:\\\/\\\/www.cgfmanet.org\\\/pt-pt\\\/infosfera-pt-pt\\\/dia-internacional-da-alfabetizacao-2025\\\/#primaryimage\",\"url\":\"https:\\\/\\\/www.cgfmanet.org\\\/wp-content\\\/uploads\\\/2025\\\/09\\\/Giornata-Alfabetizzazione-2025_ok.jpg\",\"contentUrl\":\"https:\\\/\\\/www.cgfmanet.org\\\/wp-content\\\/uploads\\\/2025\\\/09\\\/Giornata-Alfabetizzazione-2025_ok.jpg\",\"width\":1200,\"height\":800},{\"@type\":\"BreadcrumbList\",\"@id\":\"https:\\\/\\\/www.cgfmanet.org\\\/pt-pt\\\/infosfera-pt-pt\\\/dia-internacional-da-alfabetizacao-2025\\\/#breadcrumb\",\"itemListElement\":[{\"@type\":\"ListItem\",\"position\":1,\"name\":\"Home\",\"item\":\"https:\\\/\\\/www.cgfmanet.org\\\/pt-pt\\\/\"},{\"@type\":\"ListItem\",\"position\":2,\"name\":\"Dia Internacional da Alfabetiza\u00e7\u00e3o 2025\"}]},{\"@type\":\"WebSite\",\"@id\":\"https:\\\/\\\/www.cgfmanet.org\\\/es\\\/#website\",\"url\":\"https:\\\/\\\/www.cgfmanet.org\\\/es\\\/\",\"name\":\"Istituto Figlie di Maria Ausiliatrice\",\"description\":\"Salesiane di Don Bosco\",\"publisher\":{\"@id\":\"https:\\\/\\\/www.cgfmanet.org\\\/es\\\/#organization\"},\"potentialAction\":[{\"@type\":\"SearchAction\",\"target\":{\"@type\":\"EntryPoint\",\"urlTemplate\":\"https:\\\/\\\/www.cgfmanet.org\\\/es\\\/?s={search_term_string}\"},\"query-input\":{\"@type\":\"PropertyValueSpecification\",\"valueRequired\":true,\"valueName\":\"search_term_string\"}}],\"inLanguage\":\"pt-PT\"},{\"@type\":\"Organization\",\"@id\":\"https:\\\/\\\/www.cgfmanet.org\\\/es\\\/#organization\",\"name\":\"Istituto Figlie di Maria Ausiliatrice\",\"url\":\"https:\\\/\\\/www.cgfmanet.org\\\/es\\\/\",\"logo\":{\"@type\":\"ImageObject\",\"inLanguage\":\"pt-PT\",\"@id\":\"https:\\\/\\\/www.cgfmanet.org\\\/es\\\/#\\\/schema\\\/logo\\\/image\\\/\",\"url\":\"https:\\\/\\\/www.cgfmanet.org\\\/wp-content\\\/uploads\\\/2018\\\/10\\\/logo-fma.png\",\"contentUrl\":\"https:\\\/\\\/www.cgfmanet.org\\\/wp-content\\\/uploads\\\/2018\\\/10\\\/logo-fma.png\",\"width\":214,\"height\":55,\"caption\":\"Istituto Figlie di Maria Ausiliatrice\"},\"image\":{\"@id\":\"https:\\\/\\\/www.cgfmanet.org\\\/es\\\/#\\\/schema\\\/logo\\\/image\\\/\"},\"sameAs\":[\"https:\\\/\\\/www.facebook.com\\\/salesian.sisters.of.don.bosco\\\/\",\"https:\\\/\\\/x.com\\\/Cgfmanet_Org\",\"https:\\\/\\\/www.youtube.com\\\/channel\\\/UCmcr8yFQBV7JXeXVxyV9y5Q\"]},{\"@type\":\"Person\",\"@id\":\"https:\\\/\\\/www.cgfmanet.org\\\/es\\\/#\\\/schema\\\/person\\\/ce6473083f53ef0ef882cca23f0c8fb9\",\"name\":\"Redazione\"}]}<\/script>\n<!-- \/ Yoast SEO plugin. -->","yoast_head_json":{"title":"Dia Internacional da Alfabetiza\u00e7\u00e3o 2025 &#8226; Istituto Figlie di Maria Ausiliatrice","description":"No dia 8 de setembro de 2025 celebra-se o Dia Internacional da Alfabetiza\u00e7\u00e3o com o tema \"Promover a alfabetiza\u00e7\u00e3o na era digital\".","robots":{"index":"index","follow":"follow","max-snippet":"max-snippet:-1","max-image-preview":"max-image-preview:large","max-video-preview":"max-video-preview:-1"},"canonical":"https:\/\/www.cgfmanet.org\/pt-pt\/infosfera-pt-pt\/dia-internacional-da-alfabetizacao-2025\/","og_locale":"pt_PT","og_type":"article","og_title":"Dia Internacional da Alfabetiza\u00e7\u00e3o 2025 &#8226; Istituto Figlie di Maria Ausiliatrice","og_description":"No dia 8 de setembro de 2025 celebra-se o Dia Internacional da Alfabetiza\u00e7\u00e3o com o tema \"Promover a alfabetiza\u00e7\u00e3o na era digital\".","og_url":"https:\/\/www.cgfmanet.org\/pt-pt\/infosfera-pt-pt\/dia-internacional-da-alfabetizacao-2025\/","og_site_name":"Istituto Figlie di Maria Ausiliatrice","article_publisher":"https:\/\/www.facebook.com\/salesian.sisters.of.don.bosco\/","article_published_time":"2025-09-06T10:12:43+00:00","article_modified_time":"2025-09-06T20:16:09+00:00","og_image":[{"width":1200,"height":800,"url":"https:\/\/www.cgfmanet.org\/wp-content\/uploads\/2025\/09\/Giornata-Alfabetizzazione-2025_ok.jpg","type":"image\/jpeg"}],"author":"Redazione","twitter_card":"summary_large_image","twitter_creator":"@Cgfmanet_Org","twitter_site":"@Cgfmanet_Org","twitter_misc":{"Escrito por":"Redazione","Tempo estimado de leitura":"5 minutos"},"schema":{"@context":"https:\/\/schema.org","@graph":[{"@type":"Article","@id":"https:\/\/www.cgfmanet.org\/pt-pt\/infosfera-pt-pt\/dia-internacional-da-alfabetizacao-2025\/#article","isPartOf":{"@id":"https:\/\/www.cgfmanet.org\/pt-pt\/infosfera-pt-pt\/dia-internacional-da-alfabetizacao-2025\/"},"author":{"name":"Redazione","@id":"https:\/\/www.cgfmanet.org\/es\/#\/schema\/person\/ce6473083f53ef0ef882cca23f0c8fb9"},"headline":"Dia Internacional da Alfabetiza\u00e7\u00e3o 2025","datePublished":"2025-09-06T10:12:43+00:00","dateModified":"2025-09-06T20:16:09+00:00","mainEntityOfPage":{"@id":"https:\/\/www.cgfmanet.org\/pt-pt\/infosfera-pt-pt\/dia-internacional-da-alfabetizacao-2025\/"},"wordCount":828,"commentCount":0,"publisher":{"@id":"https:\/\/www.cgfmanet.org\/es\/#organization"},"image":{"@id":"https:\/\/www.cgfmanet.org\/pt-pt\/infosfera-pt-pt\/dia-internacional-da-alfabetizacao-2025\/#primaryimage"},"thumbnailUrl":"https:\/\/www.cgfmanet.org\/wp-content\/uploads\/2025\/09\/Giornata-Alfabetizzazione-2025_ok.jpg","keywords":["Jovens","Educa\u00e7\u00e3o","FIL","IIMA\/FMA","cittadinanza","Focus"],"articleSection":["Infosfera","Direitos Humanos"],"inLanguage":"pt-PT","potentialAction":[{"@type":"CommentAction","name":"Comment","target":["https:\/\/www.cgfmanet.org\/pt-pt\/infosfera-pt-pt\/dia-internacional-da-alfabetizacao-2025\/#respond"]}]},{"@type":"WebPage","@id":"https:\/\/www.cgfmanet.org\/pt-pt\/infosfera-pt-pt\/dia-internacional-da-alfabetizacao-2025\/","url":"https:\/\/www.cgfmanet.org\/pt-pt\/infosfera-pt-pt\/dia-internacional-da-alfabetizacao-2025\/","name":"Dia Internacional da Alfabetiza\u00e7\u00e3o 2025 &#8226; Istituto Figlie di Maria Ausiliatrice","isPartOf":{"@id":"https:\/\/www.cgfmanet.org\/es\/#website"},"primaryImageOfPage":{"@id":"https:\/\/www.cgfmanet.org\/pt-pt\/infosfera-pt-pt\/dia-internacional-da-alfabetizacao-2025\/#primaryimage"},"image":{"@id":"https:\/\/www.cgfmanet.org\/pt-pt\/infosfera-pt-pt\/dia-internacional-da-alfabetizacao-2025\/#primaryimage"},"thumbnailUrl":"https:\/\/www.cgfmanet.org\/wp-content\/uploads\/2025\/09\/Giornata-Alfabetizzazione-2025_ok.jpg","datePublished":"2025-09-06T10:12:43+00:00","dateModified":"2025-09-06T20:16:09+00:00","description":"No dia 8 de setembro de 2025 celebra-se o Dia Internacional da Alfabetiza\u00e7\u00e3o com o tema \"Promover a alfabetiza\u00e7\u00e3o na era digital\".","breadcrumb":{"@id":"https:\/\/www.cgfmanet.org\/pt-pt\/infosfera-pt-pt\/dia-internacional-da-alfabetizacao-2025\/#breadcrumb"},"inLanguage":"pt-PT","potentialAction":[{"@type":"ReadAction","target":["https:\/\/www.cgfmanet.org\/pt-pt\/infosfera-pt-pt\/dia-internacional-da-alfabetizacao-2025\/"]}]},{"@type":"ImageObject","inLanguage":"pt-PT","@id":"https:\/\/www.cgfmanet.org\/pt-pt\/infosfera-pt-pt\/dia-internacional-da-alfabetizacao-2025\/#primaryimage","url":"https:\/\/www.cgfmanet.org\/wp-content\/uploads\/2025\/09\/Giornata-Alfabetizzazione-2025_ok.jpg","contentUrl":"https:\/\/www.cgfmanet.org\/wp-content\/uploads\/2025\/09\/Giornata-Alfabetizzazione-2025_ok.jpg","width":1200,"height":800},{"@type":"BreadcrumbList","@id":"https:\/\/www.cgfmanet.org\/pt-pt\/infosfera-pt-pt\/dia-internacional-da-alfabetizacao-2025\/#breadcrumb","itemListElement":[{"@type":"ListItem","position":1,"name":"Home","item":"https:\/\/www.cgfmanet.org\/pt-pt\/"},{"@type":"ListItem","position":2,"name":"Dia Internacional da Alfabetiza\u00e7\u00e3o 2025"}]},{"@type":"WebSite","@id":"https:\/\/www.cgfmanet.org\/es\/#website","url":"https:\/\/www.cgfmanet.org\/es\/","name":"Istituto Figlie di Maria Ausiliatrice","description":"Salesiane di Don Bosco","publisher":{"@id":"https:\/\/www.cgfmanet.org\/es\/#organization"},"potentialAction":[{"@type":"SearchAction","target":{"@type":"EntryPoint","urlTemplate":"https:\/\/www.cgfmanet.org\/es\/?s={search_term_string}"},"query-input":{"@type":"PropertyValueSpecification","valueRequired":true,"valueName":"search_term_string"}}],"inLanguage":"pt-PT"},{"@type":"Organization","@id":"https:\/\/www.cgfmanet.org\/es\/#organization","name":"Istituto Figlie di Maria Ausiliatrice","url":"https:\/\/www.cgfmanet.org\/es\/","logo":{"@type":"ImageObject","inLanguage":"pt-PT","@id":"https:\/\/www.cgfmanet.org\/es\/#\/schema\/logo\/image\/","url":"https:\/\/www.cgfmanet.org\/wp-content\/uploads\/2018\/10\/logo-fma.png","contentUrl":"https:\/\/www.cgfmanet.org\/wp-content\/uploads\/2018\/10\/logo-fma.png","width":214,"height":55,"caption":"Istituto Figlie di Maria Ausiliatrice"},"image":{"@id":"https:\/\/www.cgfmanet.org\/es\/#\/schema\/logo\/image\/"},"sameAs":["https:\/\/www.facebook.com\/salesian.sisters.of.don.bosco\/","https:\/\/x.com\/Cgfmanet_Org","https:\/\/www.youtube.com\/channel\/UCmcr8yFQBV7JXeXVxyV9y5Q"]},{"@type":"Person","@id":"https:\/\/www.cgfmanet.org\/es\/#\/schema\/person\/ce6473083f53ef0ef882cca23f0c8fb9","name":"Redazione"}]}},"_links":{"self":[{"href":"https:\/\/www.cgfmanet.org\/pt-pt\/wp-json\/wp\/v2\/posts\/141735","targetHints":{"allow":["GET"]}}],"collection":[{"href":"https:\/\/www.cgfmanet.org\/pt-pt\/wp-json\/wp\/v2\/posts"}],"about":[{"href":"https:\/\/www.cgfmanet.org\/pt-pt\/wp-json\/wp\/v2\/types\/post"}],"author":[{"embeddable":true,"href":"https:\/\/www.cgfmanet.org\/pt-pt\/wp-json\/wp\/v2\/users\/21"}],"replies":[{"embeddable":true,"href":"https:\/\/www.cgfmanet.org\/pt-pt\/wp-json\/wp\/v2\/comments?post=141735"}],"version-history":[{"count":2,"href":"https:\/\/www.cgfmanet.org\/pt-pt\/wp-json\/wp\/v2\/posts\/141735\/revisions"}],"predecessor-version":[{"id":141760,"href":"https:\/\/www.cgfmanet.org\/pt-pt\/wp-json\/wp\/v2\/posts\/141735\/revisions\/141760"}],"wp:featuredmedia":[{"embeddable":true,"href":"https:\/\/www.cgfmanet.org\/pt-pt\/wp-json\/wp\/v2\/media\/141731"}],"wp:attachment":[{"href":"https:\/\/www.cgfmanet.org\/pt-pt\/wp-json\/wp\/v2\/media?parent=141735"}],"wp:term":[{"taxonomy":"category","embeddable":true,"href":"https:\/\/www.cgfmanet.org\/pt-pt\/wp-json\/wp\/v2\/categories?post=141735"},{"taxonomy":"post_tag","embeddable":true,"href":"https:\/\/www.cgfmanet.org\/pt-pt\/wp-json\/wp\/v2\/tags?post=141735"}],"curies":[{"name":"wp","href":"https:\/\/api.w.org\/{rel}","templated":true}]}}