{"id":135872,"date":"2025-05-28T12:49:29","date_gmt":"2025-05-28T10:49:29","guid":{"rendered":"https:\/\/www.cgfmanet.org\/infosfera-pt-pt\/enarse-enel-2025\/"},"modified":"2025-05-30T22:19:58","modified_gmt":"2025-05-30T20:19:58","slug":"enarse-enel-2025","status":"publish","type":"post","link":"https:\/\/www.cgfmanet.org\/pt-pt\/ifma-pt-pt\/enarse-enel-2025\/","title":{"rendered":"ENARSE\/ENEL 2025"},"content":{"rendered":"<p><strong>Aparecida (Brasil).<\/strong> De 19 a 22 de maio de 2025, em Aparecida (SP), no Centro de Eventos Padre V\u00edtor Coelho de Almeida, pr\u00f3ximo \u00e0 Bas\u00edlica de Nossa Senhora Aparecida, aconteceram o XXIII Encontro Nacional das Escolas da Rede Salesiana Brasil (ENARSE) e o XVI Encontro Nacional dos Ec\u00f4nomos Locais (ENEL). O evento reuniu as lideran\u00e7as das escolas e das Inspetorias da Rede Salesiana Brasil (RSB): Inspetores e Inspetoras, coordenadores e coordenadoras inspetoriais, ec\u00f4nomos\/as, dirigentes pedag\u00f3gicos, diretores institucionais e coordenadores administrativos das escolas salesianas de todo o pa\u00eds.<\/p>\n<p>Com o objetivo de promover a forma\u00e7\u00e3o cont\u00ednua nas dimens\u00f5es gerencial, pedag\u00f3gica, pastoral, comunicativa e administrativo-financeira, o encontro visa fortalecer a miss\u00e3o educativa salesiana em rede.<\/p>\n<p>A programa\u00e7\u00e3o contou com confer\u00eancias, oficinas tem\u00e1ticas e momentos de espiritualidade. Na abertura, a Irm\u00e3 Ala\u00edde Deretti, Inspetora da Inspetoria <em>Nossa Senhora Aparecida<\/em> (BAP), destacou: <em>\u201cEste \u00e9 um momento hist\u00f3rico, forte e de gra\u00e7a para sonhar o futuro das novas gera\u00e7\u00f5es\u201d<\/em>, enquanto o Padre Alexandre Lu\u00eds de Oliveira, Inspetor da Inspetoria BSP, ressaltou a import\u00e2ncia do protagonismo das lideran\u00e7as na miss\u00e3o educativa salesiana. Em seguida, o Padre Leandro Brum ministrou a confer\u00eancia \u201cOs dirigentes como arquitetos do futuro: o papel estrat\u00e9gico das lideran\u00e7as na forma\u00e7\u00e3o integral dos diplomados a partir das refer\u00eancias institucionais\u201d.<\/p>\n<p>O dia concluiu-se com a \u201cBoa Noite\u201d da Irm\u00e3 Ivone Goulart Lopes, colaboradora do \u00c2mbito de Pastoral Juvenil, que convidou a refletir sobre a import\u00e2ncia da esperan\u00e7a na miss\u00e3o educativa: <em>\u201cComo far\u00f3is de Esperan\u00e7a, manifestamos o amor de Deus nos ambientes escolares, iluminando o caminho para uma vida plena e aut\u00eantica\u201d.<\/em><\/p>\n<p>No segundo dia \u2013 ap\u00f3s a ora\u00e7\u00e3o guiada pelo Padre Hermenegildo da Silva, Coordenador das Escolas da Inspetoria Santo Afonso Maria de Liguori (BCG), e por Val\u00e9ria Rodrigues, Coordenadora das Escolas da Inspetoria Maria Auxiliadora (BSP) \u2013 a manh\u00e3 prosseguiu com a confer\u00eancia <em>\u201cMercado educativo e lideran\u00e7a: compreender o cliente para gerar valor nas escolas\u201d<\/em>, ministrada por Renato Rocha, que destacou uma escola promotora de experi\u00eancias significativas para alunos e fam\u00edlias. Apresentou dados sobre as mudan\u00e7as no perfil das fam\u00edlias brasileiras e ressaltou a import\u00e2ncia da escuta ativa, da assist\u00eancia personalizada e do fortalecimento da proposta pedag\u00f3gica como diferenciais estrat\u00e9gicos.<\/p>\n<p>Em seguida, o padre S\u00e9rgio Augusto Baldin e Anderson Leal propuseram uma atividade interativa que levou os participantes a analisar o mercado educativo por meio de um jogo colaborativo. A din\u00e2mica evidenciou temas como a escuta qualificada, a clareza da proposta pedag\u00f3gica e a gest\u00e3o estrat\u00e9gica focada em sustentabilidade e inova\u00e7\u00e3o.<\/p>\n<p>\u00c0 tarde, os\/as participantes dedicaram-se a oficinas sobre temas estrat\u00e9gicos para a educa\u00e7\u00e3o salesiana, como marketing educativo, inova\u00e7\u00e3o nos espa\u00e7os de aprendizagem, inclus\u00e3o, uso consciente da tecnologia, gest\u00e3o financeira e os diferenciais da educa\u00e7\u00e3o cat\u00f3lica.<\/p>\n<p><strong>Alguns destaques:<\/strong><\/p>\n<ul>\n<li><strong>\u201cConsolidar marcas fortes\u201d (Andrea Tavares):<\/strong> a import\u00e2ncia da comunica\u00e7\u00e3o integrada e do fortalecimento do branding institucional como a\u00e7\u00e3o cotidiana e estrat\u00e9gica.<\/li>\n<li><strong>\u201cMais que uma escola\u201d (Gregory Rial):<\/strong> a identidade cat\u00f3lica pode ser um diferencial transformador, especialmente em tempos de fragmenta\u00e7\u00e3o social.<\/li>\n<li><strong>\u201cDa sala de aula tradicional ao espa\u00e7o inovador\u201d (Elisabete Castanheira):<\/strong> a reconfigura\u00e7\u00e3o dos ambientes escolares para maior envolvimento e criatividade.<\/li>\n<li><strong>\u201cEducar com conex\u00e3o\u201d (Roberta Freitas):<\/strong> o uso consciente e pedag\u00f3gico da tecnologia, considerando o potencial educativo dos celulares.<\/li>\n<li><strong>\u201cPara uma pol\u00edtica sob a perspectiva da inclus\u00e3o\u201d (Dr. Hugo Sarubbi e Dra. Vanessa Martins):<\/strong> justi\u00e7a social e sustentabilidade, em rela\u00e7\u00e3o \u00e0 miss\u00e3o salesiana e \u00e0 responsabilidade legal.<\/li>\n<li><strong>\u201cGest\u00e3o financeira e inova\u00e7\u00e3o\u201d (Renato Rocha):<\/strong> apresentou estrat\u00e9gias para alinhar a sustentabilidade financeira \u00e0 miss\u00e3o educativa das escolas.<\/li>\n<\/ul>\n<p>O dia terminou com a \u201cBoa Noite\u201d do Padre Cl\u00e1udio Cartes, Referente das Escolas Salesianas na Am\u00e9rica (ESA) e dos Centros de Forma\u00e7\u00e3o Profissional, que retomou com gratid\u00e3o e esperan\u00e7a a espiritualidade salesiana.<\/p>\n<p>O terceiro dia foi marcado pela oficina \u201cDesign do Futuro\u201d, conduzido por Paulo Tomazinho, que prop\u00f4s uma imers\u00e3o nas possibilidades futuras para a Rede Salesiana. Por meio da metodologia dos tr\u00eas horizontes (presente, tend\u00eancias emergentes e vis\u00f5es de longo prazo), os\/as participantes foram convidados a refletir sobre pr\u00e1ticas que precisam ser redefinidas, sobre oportunidades em curso e ideias inovadoras. A atividade refor\u00e7ou a import\u00e2ncia do di\u00e1logo interinspetorial, da escuta ativa e do protagonismo juvenil como pilares da vitalidade da miss\u00e3o salesiana.<\/p>\n<p>\u00c0 tarde, o grupo realizou visitas guiadas a locais significativos da espiritualidade e da hist\u00f3ria salesiana: o memorial das Filhas de Maria Auxiliadora (Guaratinguet\u00e1\/SP), a reprodu\u00e7\u00e3o da casa de S\u00e3o Jo\u00e3o Bosco (Pindamonhangaba\/SP), o Santu\u00e1rio Nacional de Aparecida.<\/p>\n<p>O evento concluiu-se com a Celebra\u00e7\u00e3o Eucar\u00edstica no Santu\u00e1rio, renovando o compromisso com a miss\u00e3o salesiana de educar e evangelizar para formar bons crist\u00e3os e honestos cidad\u00e3os, segundo o carisma de Dom Bosco e Madre Mazzarello.<\/p>\n\r\n                <style type=\"text\/css\">\r\n                    \r\n                    #tdi_1  .td-doubleSlider-2 .td-item1 {\r\n                        background: url(https:\/\/www.cgfmanet.org\/wp-content\/uploads\/2025\/05\/ENARSE_ENEL_2025_2-80x60.jpg) 0 0 no-repeat;\r\n                    }\r\n                    #tdi_1  .td-doubleSlider-2 .td-item2 {\r\n                        background: url(https:\/\/www.cgfmanet.org\/wp-content\/uploads\/2025\/05\/ENARSE_ENEL_2025_3-80x60.jpg) 0 0 no-repeat;\r\n                    }\r\n                    #tdi_1  .td-doubleSlider-2 .td-item3 {\r\n                        background: url(https:\/\/www.cgfmanet.org\/wp-content\/uploads\/2025\/05\/ENARSE_ENEL_2025_8-80x60.jpg) 0 0 no-repeat;\r\n                    }\r\n                    #tdi_1  .td-doubleSlider-2 .td-item4 {\r\n                        background: url(https:\/\/www.cgfmanet.org\/wp-content\/uploads\/2025\/05\/ENARSE_ENEL_2025_4-80x60.jpg) 0 0 no-repeat;\r\n                    }\r\n                    #tdi_1  .td-doubleSlider-2 .td-item5 {\r\n                        background: url(https:\/\/www.cgfmanet.org\/wp-content\/uploads\/2025\/05\/ENARSE_ENEL_2025_5-80x60.jpg) 0 0 no-repeat;\r\n                    }\r\n                    #tdi_1  .td-doubleSlider-2 .td-item6 {\r\n                        background: url(https:\/\/www.cgfmanet.org\/wp-content\/uploads\/2025\/05\/ENARSE_ENEL_2025_6-80x60.jpg) 0 0 no-repeat;\r\n                    }\r\n                    #tdi_1  .td-doubleSlider-2 .td-item7 {\r\n                        background: url(https:\/\/www.cgfmanet.org\/wp-content\/uploads\/2025\/05\/ENARSE_ENEL_2025_7-80x60.jpg) 0 0 no-repeat;\r\n                    }\r\n                    #tdi_1  .td-doubleSlider-2 .td-item8 {\r\n                        background: url(https:\/\/www.cgfmanet.org\/wp-content\/uploads\/2025\/05\/ENARSE_ENEL_2025_1-80x60.jpg) 0 0 no-repeat;\r\n                    }\r\n                    #tdi_1  .td-doubleSlider-2 .td-item9 {\r\n                        background: url(https:\/\/www.cgfmanet.org\/wp-content\/uploads\/2025\/05\/ENARSE_ENEL_2025_9-80x60.jpg) 0 0 no-repeat;\r\n                    }\r\n                <\/style>\r\n\r\n                <div id=\"tdi_1\" class=\"td-gallery td-slide-on-2-columns\">\r\n                    <div class=\"post_td_gallery\">\r\n                        <div class=\"td-gallery-slide-top\">\r\n                           <div class=\"td-gallery-title\"><\/div>\r\n\r\n                            <div class=\"td-gallery-controls-wrapper\">\r\n                                <div class=\"td-gallery-slide-count\"><span class=\"td-gallery-slide-item-focus\">1<\/span> do 9<\/div>\r\n                                <div class=\"td-gallery-slide-prev-next-but\">\r\n                                    <i class = \"td-icon-left doubleSliderPrevButton\"><\/i>\r\n                                    <i class = \"td-icon-right doubleSliderNextButton\"><\/i>\r\n                                <\/div>\r\n                            <\/div>\r\n                        <\/div>\r\n\r\n                        <div class = \"td-doubleSlider-1 \">\r\n                            <div class = \"td-slider\">\r\n                                \r\n                    <div class = \"td-slide-item td-item1\">\r\n                        <figure class=\"td-slide-galery-figure td-slide-popup-gallery\">\r\n                            <a class=\"slide-gallery-image-link\" href=\"https:\/\/www.cgfmanet.org\/wp-content\/uploads\/2025\/05\/ENARSE_ENEL_2025_2.jpg\" title=\"ENARSE_ENEL_2025_2\"  data-caption=\"\"  data-description=\"\">\r\n                                <img decoding=\"async\" data-src=\"https:\/\/www.cgfmanet.org\/wp-content\/uploads\/2025\/05\/ENARSE_ENEL_2025_2-629x420.jpg\" data-srcset=\"https:\/\/www.cgfmanet.org\/wp-content\/uploads\/2025\/05\/ENARSE_ENEL_2025_2-629x420.jpg 629w, https:\/\/www.cgfmanet.org\/wp-content\/uploads\/2025\/05\/ENARSE_ENEL_2025_2-768x512.jpg 768w, https:\/\/www.cgfmanet.org\/wp-content\/uploads\/2025\/05\/ENARSE_ENEL_2025_2-696x464.jpg 696w, https:\/\/www.cgfmanet.org\/wp-content\/uploads\/2025\/05\/ENARSE_ENEL_2025_2.jpg 1181w\" data-sizes=\"auto\" alt=\"\" src=\"data:image\/svg+xml;base64,PHN2ZyB3aWR0aD0iMSIgaGVpZ2h0PSIxIiB4bWxucz0iaHR0cDovL3d3dy53My5vcmcvMjAwMC9zdmciPjwvc3ZnPg==\" class=\"lazyload\" style=\"--smush-placeholder-width: 629px; --smush-placeholder-aspect-ratio: 629\/420;\" data-original-sizes=\"(max-width: 629px) 100vw, 629px\">\r\n                            <\/a>\r\n                            \r\n                        <\/figure>\r\n                    <\/div>\r\n                    <div class = \"td-slide-item td-item2\">\r\n                        <figure class=\"td-slide-galery-figure td-slide-popup-gallery\">\r\n                            <a class=\"slide-gallery-image-link\" href=\"https:\/\/www.cgfmanet.org\/wp-content\/uploads\/2025\/05\/ENARSE_ENEL_2025_3.jpg\" title=\"ENARSE_ENEL_2025_3\"  data-caption=\"\"  data-description=\"\">\r\n                                <img decoding=\"async\" data-src=\"https:\/\/www.cgfmanet.org\/wp-content\/uploads\/2025\/05\/ENARSE_ENEL_2025_3-630x420.jpg\" data-srcset=\"https:\/\/www.cgfmanet.org\/wp-content\/uploads\/2025\/05\/ENARSE_ENEL_2025_3-630x420.jpg 630w, https:\/\/www.cgfmanet.org\/wp-content\/uploads\/2025\/05\/ENARSE_ENEL_2025_3-768x512.jpg 768w, https:\/\/www.cgfmanet.org\/wp-content\/uploads\/2025\/05\/ENARSE_ENEL_2025_3-696x464.jpg 696w, https:\/\/www.cgfmanet.org\/wp-content\/uploads\/2025\/05\/ENARSE_ENEL_2025_3.jpg 1181w\" data-sizes=\"auto\" alt=\"\" src=\"data:image\/svg+xml;base64,PHN2ZyB3aWR0aD0iMSIgaGVpZ2h0PSIxIiB4bWxucz0iaHR0cDovL3d3dy53My5vcmcvMjAwMC9zdmciPjwvc3ZnPg==\" class=\"lazyload\" style=\"--smush-placeholder-width: 630px; --smush-placeholder-aspect-ratio: 630\/420;\" data-original-sizes=\"(max-width: 630px) 100vw, 630px\">\r\n                            <\/a>\r\n                            \r\n                        <\/figure>\r\n                    <\/div>\r\n                    <div class = \"td-slide-item td-item3\">\r\n                        <figure class=\"td-slide-galery-figure td-slide-popup-gallery\">\r\n                            <a class=\"slide-gallery-image-link\" href=\"https:\/\/www.cgfmanet.org\/wp-content\/uploads\/2025\/05\/ENARSE_ENEL_2025_8.jpg\" title=\"ENARSE_ENEL_2025_8\"  data-caption=\"\"  data-description=\"\">\r\n                                <img decoding=\"async\" data-src=\"https:\/\/www.cgfmanet.org\/wp-content\/uploads\/2025\/05\/ENARSE_ENEL_2025_8-630x420.jpg\" data-srcset=\"https:\/\/www.cgfmanet.org\/wp-content\/uploads\/2025\/05\/ENARSE_ENEL_2025_8-630x420.jpg 630w, https:\/\/www.cgfmanet.org\/wp-content\/uploads\/2025\/05\/ENARSE_ENEL_2025_8-768x512.jpg 768w, https:\/\/www.cgfmanet.org\/wp-content\/uploads\/2025\/05\/ENARSE_ENEL_2025_8-696x464.jpg 696w, https:\/\/www.cgfmanet.org\/wp-content\/uploads\/2025\/05\/ENARSE_ENEL_2025_8.jpg 1181w\" data-sizes=\"auto\" alt=\"\" src=\"data:image\/svg+xml;base64,PHN2ZyB3aWR0aD0iMSIgaGVpZ2h0PSIxIiB4bWxucz0iaHR0cDovL3d3dy53My5vcmcvMjAwMC9zdmciPjwvc3ZnPg==\" class=\"lazyload\" style=\"--smush-placeholder-width: 630px; --smush-placeholder-aspect-ratio: 630\/420;\" data-original-sizes=\"(max-width: 630px) 100vw, 630px\">\r\n                            <\/a>\r\n                            \r\n                        <\/figure>\r\n                    <\/div>\r\n                    <div class = \"td-slide-item td-item4\">\r\n                        <figure class=\"td-slide-galery-figure td-slide-popup-gallery\">\r\n                            <a class=\"slide-gallery-image-link\" href=\"https:\/\/www.cgfmanet.org\/wp-content\/uploads\/2025\/05\/ENARSE_ENEL_2025_4.jpg\" title=\"DanielSantos Fotografia\"  data-caption=\"DanielSantos Fotografia\"  data-description=\"\">\r\n                                <img decoding=\"async\" data-src=\"https:\/\/www.cgfmanet.org\/wp-content\/uploads\/2025\/05\/ENARSE_ENEL_2025_4-630x420.jpg\" data-srcset=\"https:\/\/www.cgfmanet.org\/wp-content\/uploads\/2025\/05\/ENARSE_ENEL_2025_4-630x420.jpg 630w, https:\/\/www.cgfmanet.org\/wp-content\/uploads\/2025\/05\/ENARSE_ENEL_2025_4-768x512.jpg 768w, https:\/\/www.cgfmanet.org\/wp-content\/uploads\/2025\/05\/ENARSE_ENEL_2025_4-696x464.jpg 696w, https:\/\/www.cgfmanet.org\/wp-content\/uploads\/2025\/05\/ENARSE_ENEL_2025_4.jpg 1181w\" data-sizes=\"auto\" alt=\"\" src=\"data:image\/svg+xml;base64,PHN2ZyB3aWR0aD0iMSIgaGVpZ2h0PSIxIiB4bWxucz0iaHR0cDovL3d3dy53My5vcmcvMjAwMC9zdmciPjwvc3ZnPg==\" class=\"lazyload\" style=\"--smush-placeholder-width: 630px; --smush-placeholder-aspect-ratio: 630\/420;\" data-original-sizes=\"(max-width: 630px) 100vw, 630px\">\r\n                            <\/a>\r\n                            <figcaption class = \"td-slide-caption td-gallery-slide-content\"><div class = \"td-gallery-slide-copywrite\">DanielSantos Fotografia<\/div><\/figcaption>\r\n                        <\/figure>\r\n                    <\/div>\r\n                    <div class = \"td-slide-item td-item5\">\r\n                        <figure class=\"td-slide-galery-figure td-slide-popup-gallery\">\r\n                            <a class=\"slide-gallery-image-link\" href=\"https:\/\/www.cgfmanet.org\/wp-content\/uploads\/2025\/05\/ENARSE_ENEL_2025_5.jpg\" title=\"ENARSE_ENEL_2025_5\"  data-caption=\"\"  data-description=\"\">\r\n                                <img decoding=\"async\" data-src=\"https:\/\/www.cgfmanet.org\/wp-content\/uploads\/2025\/05\/ENARSE_ENEL_2025_5-629x420.jpg\" data-srcset=\"https:\/\/www.cgfmanet.org\/wp-content\/uploads\/2025\/05\/ENARSE_ENEL_2025_5-629x420.jpg 629w, https:\/\/www.cgfmanet.org\/wp-content\/uploads\/2025\/05\/ENARSE_ENEL_2025_5-768x512.jpg 768w, https:\/\/www.cgfmanet.org\/wp-content\/uploads\/2025\/05\/ENARSE_ENEL_2025_5-696x464.jpg 696w, https:\/\/www.cgfmanet.org\/wp-content\/uploads\/2025\/05\/ENARSE_ENEL_2025_5.jpg 1181w\" data-sizes=\"auto\" alt=\"\" src=\"data:image\/svg+xml;base64,PHN2ZyB3aWR0aD0iMSIgaGVpZ2h0PSIxIiB4bWxucz0iaHR0cDovL3d3dy53My5vcmcvMjAwMC9zdmciPjwvc3ZnPg==\" class=\"lazyload\" style=\"--smush-placeholder-width: 629px; --smush-placeholder-aspect-ratio: 629\/420;\" data-original-sizes=\"(max-width: 629px) 100vw, 629px\">\r\n                            <\/a>\r\n                            \r\n                        <\/figure>\r\n                    <\/div>\r\n                    <div class = \"td-slide-item td-item6\">\r\n                        <figure class=\"td-slide-galery-figure td-slide-popup-gallery\">\r\n                            <a class=\"slide-gallery-image-link\" href=\"https:\/\/www.cgfmanet.org\/wp-content\/uploads\/2025\/05\/ENARSE_ENEL_2025_6.jpg\" title=\"ENARSE_ENEL_2025_6\"  data-caption=\"\"  data-description=\"\">\r\n                                <img decoding=\"async\" data-src=\"https:\/\/www.cgfmanet.org\/wp-content\/uploads\/2025\/05\/ENARSE_ENEL_2025_6-629x420.jpg\" data-srcset=\"https:\/\/www.cgfmanet.org\/wp-content\/uploads\/2025\/05\/ENARSE_ENEL_2025_6-629x420.jpg 629w, https:\/\/www.cgfmanet.org\/wp-content\/uploads\/2025\/05\/ENARSE_ENEL_2025_6-768x512.jpg 768w, https:\/\/www.cgfmanet.org\/wp-content\/uploads\/2025\/05\/ENARSE_ENEL_2025_6-696x464.jpg 696w, https:\/\/www.cgfmanet.org\/wp-content\/uploads\/2025\/05\/ENARSE_ENEL_2025_6.jpg 1181w\" data-sizes=\"auto\" alt=\"\" src=\"data:image\/svg+xml;base64,PHN2ZyB3aWR0aD0iMSIgaGVpZ2h0PSIxIiB4bWxucz0iaHR0cDovL3d3dy53My5vcmcvMjAwMC9zdmciPjwvc3ZnPg==\" class=\"lazyload\" style=\"--smush-placeholder-width: 629px; --smush-placeholder-aspect-ratio: 629\/420;\" data-original-sizes=\"(max-width: 629px) 100vw, 629px\">\r\n                            <\/a>\r\n                            \r\n                        <\/figure>\r\n                    <\/div>\r\n                    <div class = \"td-slide-item td-item7\">\r\n                        <figure class=\"td-slide-galery-figure td-slide-popup-gallery\">\r\n                            <a class=\"slide-gallery-image-link\" href=\"https:\/\/www.cgfmanet.org\/wp-content\/uploads\/2025\/05\/ENARSE_ENEL_2025_7.jpg\" title=\"ENARSE_ENEL_2025_7\"  data-caption=\"\"  data-description=\"\">\r\n                                <img decoding=\"async\" data-src=\"https:\/\/www.cgfmanet.org\/wp-content\/uploads\/2025\/05\/ENARSE_ENEL_2025_7-747x420.jpg\" data-srcset=\"https:\/\/www.cgfmanet.org\/wp-content\/uploads\/2025\/05\/ENARSE_ENEL_2025_7-747x420.jpg 747w, https:\/\/www.cgfmanet.org\/wp-content\/uploads\/2025\/05\/ENARSE_ENEL_2025_7-768x432.jpg 768w, https:\/\/www.cgfmanet.org\/wp-content\/uploads\/2025\/05\/ENARSE_ENEL_2025_7-696x391.jpg 696w, https:\/\/www.cgfmanet.org\/wp-content\/uploads\/2025\/05\/ENARSE_ENEL_2025_7.jpg 1181w\" data-sizes=\"auto\" alt=\"\" src=\"data:image\/svg+xml;base64,PHN2ZyB3aWR0aD0iMSIgaGVpZ2h0PSIxIiB4bWxucz0iaHR0cDovL3d3dy53My5vcmcvMjAwMC9zdmciPjwvc3ZnPg==\" class=\"lazyload\" style=\"--smush-placeholder-width: 747px; --smush-placeholder-aspect-ratio: 747\/420;\" data-original-sizes=\"(max-width: 747px) 100vw, 747px\">\r\n                            <\/a>\r\n                            \r\n                        <\/figure>\r\n                    <\/div>\r\n                    <div class = \"td-slide-item td-item8\">\r\n                        <figure class=\"td-slide-galery-figure td-slide-popup-gallery\">\r\n                            <a class=\"slide-gallery-image-link\" href=\"https:\/\/www.cgfmanet.org\/wp-content\/uploads\/2025\/05\/ENARSE_ENEL_2025_1.jpg\" title=\"ENARSE_ENEL_2025_1\"  data-caption=\"\"  data-description=\"\">\r\n                                <img decoding=\"async\" data-src=\"https:\/\/www.cgfmanet.org\/wp-content\/uploads\/2025\/05\/ENARSE_ENEL_2025_1-630x420.jpg\" data-srcset=\"https:\/\/www.cgfmanet.org\/wp-content\/uploads\/2025\/05\/ENARSE_ENEL_2025_1-630x420.jpg 630w, https:\/\/www.cgfmanet.org\/wp-content\/uploads\/2025\/05\/ENARSE_ENEL_2025_1-768x512.jpg 768w, https:\/\/www.cgfmanet.org\/wp-content\/uploads\/2025\/05\/ENARSE_ENEL_2025_1-696x464.jpg 696w, https:\/\/www.cgfmanet.org\/wp-content\/uploads\/2025\/05\/ENARSE_ENEL_2025_1.jpg 1181w\" data-sizes=\"auto\" alt=\"\" src=\"data:image\/svg+xml;base64,PHN2ZyB3aWR0aD0iMSIgaGVpZ2h0PSIxIiB4bWxucz0iaHR0cDovL3d3dy53My5vcmcvMjAwMC9zdmciPjwvc3ZnPg==\" class=\"lazyload\" style=\"--smush-placeholder-width: 630px; --smush-placeholder-aspect-ratio: 630\/420;\" data-original-sizes=\"(max-width: 630px) 100vw, 630px\">\r\n                            <\/a>\r\n                            \r\n                        <\/figure>\r\n                    <\/div>\r\n                    <div class = \"td-slide-item td-item9\">\r\n                        <figure class=\"td-slide-galery-figure td-slide-popup-gallery\">\r\n                            <a class=\"slide-gallery-image-link\" href=\"https:\/\/www.cgfmanet.org\/wp-content\/uploads\/2025\/05\/ENARSE_ENEL_2025_9.jpg\" title=\"ENARSE_ENEL_2025_9\"  data-caption=\"\"  data-description=\"\">\r\n                                <img decoding=\"async\" data-src=\"https:\/\/www.cgfmanet.org\/wp-content\/uploads\/2025\/05\/ENARSE_ENEL_2025_9-630x420.jpg\" data-srcset=\"https:\/\/www.cgfmanet.org\/wp-content\/uploads\/2025\/05\/ENARSE_ENEL_2025_9-630x420.jpg 630w, https:\/\/www.cgfmanet.org\/wp-content\/uploads\/2025\/05\/ENARSE_ENEL_2025_9-768x512.jpg 768w, https:\/\/www.cgfmanet.org\/wp-content\/uploads\/2025\/05\/ENARSE_ENEL_2025_9-696x464.jpg 696w, https:\/\/www.cgfmanet.org\/wp-content\/uploads\/2025\/05\/ENARSE_ENEL_2025_9.jpg 1181w\" data-sizes=\"auto\" alt=\"\" src=\"data:image\/svg+xml;base64,PHN2ZyB3aWR0aD0iMSIgaGVpZ2h0PSIxIiB4bWxucz0iaHR0cDovL3d3dy53My5vcmcvMjAwMC9zdmciPjwvc3ZnPg==\" class=\"lazyload\" style=\"--smush-placeholder-width: 630px; --smush-placeholder-aspect-ratio: 630\/420;\" data-original-sizes=\"(max-width: 630px) 100vw, 630px\">\r\n                            <\/a>\r\n                            \r\n                        <\/figure>\r\n                    <\/div>\r\n                            <\/div>\r\n                        <\/div>\r\n\r\n                        <div class = \"td-doubleSlider-2\">\r\n                            <div class = \"td-slider\">\r\n                                \r\n                    <div class = \"td-button td-item1\">\r\n                        <div class = \"td-border\"><\/div>\r\n                    <\/div>\r\n                    <div class = \"td-button td-item2\">\r\n                        <div class = \"td-border\"><\/div>\r\n                    <\/div>\r\n                    <div class = \"td-button td-item3\">\r\n                        <div class = \"td-border\"><\/div>\r\n                    <\/div>\r\n                    <div class = \"td-button td-item4\">\r\n                        <div class = \"td-border\"><\/div>\r\n                    <\/div>\r\n                    <div class = \"td-button td-item5\">\r\n                        <div class = \"td-border\"><\/div>\r\n                    <\/div>\r\n                    <div class = \"td-button td-item6\">\r\n                        <div class = \"td-border\"><\/div>\r\n                    <\/div>\r\n                    <div class = \"td-button td-item7\">\r\n                        <div class = \"td-border\"><\/div>\r\n                    <\/div>\r\n                    <div class = \"td-button td-item8\">\r\n                        <div class = \"td-border\"><\/div>\r\n                    <\/div>\r\n                    <div class = \"td-button td-item9\">\r\n                        <div class = \"td-border\"><\/div>\r\n                    <\/div>\r\n                            <\/div>\r\n                        <\/div>\r\n\r\n                    <\/div>\r\n\r\n                <\/div>\r\n                \n","protected":false},"excerpt":{"rendered":"<p>Aparecida (Brasil). De 19 a 22 de maio de 2025, em Aparecida (SP), no Centro de Eventos Padre V\u00edtor Coelho de Almeida, pr\u00f3ximo \u00e0 Bas\u00edlica de Nossa Senhora Aparecida, aconteceram [&hellip;]<\/p>\n","protected":false},"author":21,"featured_media":135827,"comment_status":"open","ping_status":"closed","sticky":false,"template":"","format":"standard","meta":{"footnotes":""},"categories":[159,178],"tags":[1339,1456,1537,1930,2297],"class_list":["post-135872","post","type-post","status-publish","format-standard","has-post-thumbnail","category-ifma-pt-pt","category-educacao","tag-brasil-pt-pt","tag-escola","tag-pastoral-juvenil-pt-pt","tag-focus-pt-pt","tag-bap-pt-pt"],"yoast_head":"<!-- This site is optimized with the Yoast SEO plugin v27.4 - https:\/\/yoast.com\/product\/yoast-seo-wordpress\/ -->\n<title>ENARSE\/ENEL 2025 &#8226; Istituto Figlie di Maria Ausiliatrice<\/title>\n<meta name=\"description\" content=\"De 19 a 22 de maio de 2025, aconteceram em Aparecida, no Brasil, o XXIII Encontro Nacional das Escolas da Rede Salesiana Brasil (ENARSE) e o XVI Encontro Nacional dos Ec\u00f4nomos Locais (ENEL).\" \/>\n<meta name=\"robots\" content=\"index, follow, max-snippet:-1, max-image-preview:large, max-video-preview:-1\" \/>\n<link rel=\"canonical\" href=\"https:\/\/www.cgfmanet.org\/pt-pt\/ifma-pt-pt\/enarse-enel-2025\/\" \/>\n<meta property=\"og:locale\" content=\"pt_PT\" \/>\n<meta property=\"og:type\" content=\"article\" \/>\n<meta property=\"og:title\" content=\"ENARSE\/ENEL 2025 &#8226; Istituto Figlie di Maria Ausiliatrice\" \/>\n<meta property=\"og:description\" content=\"De 19 a 22 de maio de 2025, aconteceram em Aparecida, no Brasil, o XXIII Encontro Nacional das Escolas da Rede Salesiana Brasil (ENARSE) e o XVI Encontro Nacional dos Ec\u00f4nomos Locais (ENEL).\" \/>\n<meta property=\"og:url\" content=\"https:\/\/www.cgfmanet.org\/pt-pt\/ifma-pt-pt\/enarse-enel-2025\/\" \/>\n<meta property=\"og:site_name\" content=\"Istituto Figlie di Maria Ausiliatrice\" \/>\n<meta property=\"article:publisher\" content=\"https:\/\/www.facebook.com\/salesian.sisters.of.don.bosco\/\" \/>\n<meta property=\"article:published_time\" content=\"2025-05-28T10:49:29+00:00\" \/>\n<meta property=\"article:modified_time\" content=\"2025-05-30T20:19:58+00:00\" \/>\n<meta property=\"og:image\" content=\"https:\/\/www.cgfmanet.org\/wp-content\/uploads\/2025\/05\/ENARSE_ENEL_2025.jpg\" \/>\n\t<meta property=\"og:image:width\" content=\"1181\" \/>\n\t<meta property=\"og:image:height\" content=\"788\" \/>\n\t<meta property=\"og:image:type\" content=\"image\/jpeg\" \/>\n<meta name=\"author\" content=\"Redazione\" \/>\n<meta name=\"twitter:card\" content=\"summary_large_image\" \/>\n<meta name=\"twitter:creator\" content=\"@Cgfmanet_Org\" \/>\n<meta name=\"twitter:site\" content=\"@Cgfmanet_Org\" \/>\n<meta name=\"twitter:label1\" content=\"Escrito por\" \/>\n\t<meta name=\"twitter:data1\" content=\"Redazione\" \/>\n\t<meta name=\"twitter:label2\" content=\"Tempo estimado de leitura\" \/>\n\t<meta name=\"twitter:data2\" content=\"5 minutos\" \/>\n<script type=\"application\/ld+json\" class=\"yoast-schema-graph\">{\"@context\":\"https:\\\/\\\/schema.org\",\"@graph\":[{\"@type\":\"Article\",\"@id\":\"https:\\\/\\\/www.cgfmanet.org\\\/pt-pt\\\/ifma-pt-pt\\\/enarse-enel-2025\\\/#article\",\"isPartOf\":{\"@id\":\"https:\\\/\\\/www.cgfmanet.org\\\/pt-pt\\\/ifma-pt-pt\\\/enarse-enel-2025\\\/\"},\"author\":{\"name\":\"Redazione\",\"@id\":\"https:\\\/\\\/www.cgfmanet.org\\\/es\\\/#\\\/schema\\\/person\\\/ce6473083f53ef0ef882cca23f0c8fb9\"},\"headline\":\"ENARSE\\\/ENEL 2025\",\"datePublished\":\"2025-05-28T10:49:29+00:00\",\"dateModified\":\"2025-05-30T20:19:58+00:00\",\"mainEntityOfPage\":{\"@id\":\"https:\\\/\\\/www.cgfmanet.org\\\/pt-pt\\\/ifma-pt-pt\\\/enarse-enel-2025\\\/\"},\"wordCount\":870,\"commentCount\":0,\"publisher\":{\"@id\":\"https:\\\/\\\/www.cgfmanet.org\\\/es\\\/#organization\"},\"image\":{\"@id\":\"https:\\\/\\\/www.cgfmanet.org\\\/pt-pt\\\/ifma-pt-pt\\\/enarse-enel-2025\\\/#primaryimage\"},\"thumbnailUrl\":\"https:\\\/\\\/www.cgfmanet.org\\\/wp-content\\\/uploads\\\/2025\\\/05\\\/ENARSE_ENEL_2025.jpg\",\"keywords\":[\"Brasil\",\"Escola\",\"Pastoral Juvenil\",\"Focus\",\"BAP\"],\"articleSection\":[\"IFMA\",\"Educa\u00e7\u00e3o\"],\"inLanguage\":\"pt-PT\",\"potentialAction\":[{\"@type\":\"CommentAction\",\"name\":\"Comment\",\"target\":[\"https:\\\/\\\/www.cgfmanet.org\\\/pt-pt\\\/ifma-pt-pt\\\/enarse-enel-2025\\\/#respond\"]}]},{\"@type\":\"WebPage\",\"@id\":\"https:\\\/\\\/www.cgfmanet.org\\\/pt-pt\\\/ifma-pt-pt\\\/enarse-enel-2025\\\/\",\"url\":\"https:\\\/\\\/www.cgfmanet.org\\\/pt-pt\\\/ifma-pt-pt\\\/enarse-enel-2025\\\/\",\"name\":\"ENARSE\\\/ENEL 2025 &#8226; Istituto Figlie di Maria Ausiliatrice\",\"isPartOf\":{\"@id\":\"https:\\\/\\\/www.cgfmanet.org\\\/es\\\/#website\"},\"primaryImageOfPage\":{\"@id\":\"https:\\\/\\\/www.cgfmanet.org\\\/pt-pt\\\/ifma-pt-pt\\\/enarse-enel-2025\\\/#primaryimage\"},\"image\":{\"@id\":\"https:\\\/\\\/www.cgfmanet.org\\\/pt-pt\\\/ifma-pt-pt\\\/enarse-enel-2025\\\/#primaryimage\"},\"thumbnailUrl\":\"https:\\\/\\\/www.cgfmanet.org\\\/wp-content\\\/uploads\\\/2025\\\/05\\\/ENARSE_ENEL_2025.jpg\",\"datePublished\":\"2025-05-28T10:49:29+00:00\",\"dateModified\":\"2025-05-30T20:19:58+00:00\",\"description\":\"De 19 a 22 de maio de 2025, aconteceram em Aparecida, no Brasil, o XXIII Encontro Nacional das Escolas da Rede Salesiana Brasil (ENARSE) e o XVI Encontro Nacional dos Ec\u00f4nomos Locais (ENEL).\",\"breadcrumb\":{\"@id\":\"https:\\\/\\\/www.cgfmanet.org\\\/pt-pt\\\/ifma-pt-pt\\\/enarse-enel-2025\\\/#breadcrumb\"},\"inLanguage\":\"pt-PT\",\"potentialAction\":[{\"@type\":\"ReadAction\",\"target\":[\"https:\\\/\\\/www.cgfmanet.org\\\/pt-pt\\\/ifma-pt-pt\\\/enarse-enel-2025\\\/\"]}]},{\"@type\":\"ImageObject\",\"inLanguage\":\"pt-PT\",\"@id\":\"https:\\\/\\\/www.cgfmanet.org\\\/pt-pt\\\/ifma-pt-pt\\\/enarse-enel-2025\\\/#primaryimage\",\"url\":\"https:\\\/\\\/www.cgfmanet.org\\\/wp-content\\\/uploads\\\/2025\\\/05\\\/ENARSE_ENEL_2025.jpg\",\"contentUrl\":\"https:\\\/\\\/www.cgfmanet.org\\\/wp-content\\\/uploads\\\/2025\\\/05\\\/ENARSE_ENEL_2025.jpg\",\"width\":1181,\"height\":788},{\"@type\":\"BreadcrumbList\",\"@id\":\"https:\\\/\\\/www.cgfmanet.org\\\/pt-pt\\\/ifma-pt-pt\\\/enarse-enel-2025\\\/#breadcrumb\",\"itemListElement\":[{\"@type\":\"ListItem\",\"position\":1,\"name\":\"Home\",\"item\":\"https:\\\/\\\/www.cgfmanet.org\\\/pt-pt\\\/\"},{\"@type\":\"ListItem\",\"position\":2,\"name\":\"ENARSE\\\/ENEL 2025\"}]},{\"@type\":\"WebSite\",\"@id\":\"https:\\\/\\\/www.cgfmanet.org\\\/es\\\/#website\",\"url\":\"https:\\\/\\\/www.cgfmanet.org\\\/es\\\/\",\"name\":\"Istituto Figlie di Maria Ausiliatrice\",\"description\":\"Salesiane di Don Bosco\",\"publisher\":{\"@id\":\"https:\\\/\\\/www.cgfmanet.org\\\/es\\\/#organization\"},\"potentialAction\":[{\"@type\":\"SearchAction\",\"target\":{\"@type\":\"EntryPoint\",\"urlTemplate\":\"https:\\\/\\\/www.cgfmanet.org\\\/es\\\/?s={search_term_string}\"},\"query-input\":{\"@type\":\"PropertyValueSpecification\",\"valueRequired\":true,\"valueName\":\"search_term_string\"}}],\"inLanguage\":\"pt-PT\"},{\"@type\":\"Organization\",\"@id\":\"https:\\\/\\\/www.cgfmanet.org\\\/es\\\/#organization\",\"name\":\"Istituto Figlie di Maria Ausiliatrice\",\"url\":\"https:\\\/\\\/www.cgfmanet.org\\\/es\\\/\",\"logo\":{\"@type\":\"ImageObject\",\"inLanguage\":\"pt-PT\",\"@id\":\"https:\\\/\\\/www.cgfmanet.org\\\/es\\\/#\\\/schema\\\/logo\\\/image\\\/\",\"url\":\"https:\\\/\\\/www.cgfmanet.org\\\/wp-content\\\/uploads\\\/2018\\\/10\\\/logo-fma.png\",\"contentUrl\":\"https:\\\/\\\/www.cgfmanet.org\\\/wp-content\\\/uploads\\\/2018\\\/10\\\/logo-fma.png\",\"width\":214,\"height\":55,\"caption\":\"Istituto Figlie di Maria Ausiliatrice\"},\"image\":{\"@id\":\"https:\\\/\\\/www.cgfmanet.org\\\/es\\\/#\\\/schema\\\/logo\\\/image\\\/\"},\"sameAs\":[\"https:\\\/\\\/www.facebook.com\\\/salesian.sisters.of.don.bosco\\\/\",\"https:\\\/\\\/x.com\\\/Cgfmanet_Org\",\"https:\\\/\\\/www.youtube.com\\\/channel\\\/UCmcr8yFQBV7JXeXVxyV9y5Q\"]},{\"@type\":\"Person\",\"@id\":\"https:\\\/\\\/www.cgfmanet.org\\\/es\\\/#\\\/schema\\\/person\\\/ce6473083f53ef0ef882cca23f0c8fb9\",\"name\":\"Redazione\"}]}<\/script>\n<!-- \/ Yoast SEO plugin. -->","yoast_head_json":{"title":"ENARSE\/ENEL 2025 &#8226; Istituto Figlie di Maria Ausiliatrice","description":"De 19 a 22 de maio de 2025, aconteceram em Aparecida, no Brasil, o XXIII Encontro Nacional das Escolas da Rede Salesiana Brasil (ENARSE) e o XVI Encontro Nacional dos Ec\u00f4nomos Locais (ENEL).","robots":{"index":"index","follow":"follow","max-snippet":"max-snippet:-1","max-image-preview":"max-image-preview:large","max-video-preview":"max-video-preview:-1"},"canonical":"https:\/\/www.cgfmanet.org\/pt-pt\/ifma-pt-pt\/enarse-enel-2025\/","og_locale":"pt_PT","og_type":"article","og_title":"ENARSE\/ENEL 2025 &#8226; Istituto Figlie di Maria Ausiliatrice","og_description":"De 19 a 22 de maio de 2025, aconteceram em Aparecida, no Brasil, o XXIII Encontro Nacional das Escolas da Rede Salesiana Brasil (ENARSE) e o XVI Encontro Nacional dos Ec\u00f4nomos Locais (ENEL).","og_url":"https:\/\/www.cgfmanet.org\/pt-pt\/ifma-pt-pt\/enarse-enel-2025\/","og_site_name":"Istituto Figlie di Maria Ausiliatrice","article_publisher":"https:\/\/www.facebook.com\/salesian.sisters.of.don.bosco\/","article_published_time":"2025-05-28T10:49:29+00:00","article_modified_time":"2025-05-30T20:19:58+00:00","og_image":[{"width":1181,"height":788,"url":"https:\/\/www.cgfmanet.org\/wp-content\/uploads\/2025\/05\/ENARSE_ENEL_2025.jpg","type":"image\/jpeg"}],"author":"Redazione","twitter_card":"summary_large_image","twitter_creator":"@Cgfmanet_Org","twitter_site":"@Cgfmanet_Org","twitter_misc":{"Escrito por":"Redazione","Tempo estimado de leitura":"5 minutos"},"schema":{"@context":"https:\/\/schema.org","@graph":[{"@type":"Article","@id":"https:\/\/www.cgfmanet.org\/pt-pt\/ifma-pt-pt\/enarse-enel-2025\/#article","isPartOf":{"@id":"https:\/\/www.cgfmanet.org\/pt-pt\/ifma-pt-pt\/enarse-enel-2025\/"},"author":{"name":"Redazione","@id":"https:\/\/www.cgfmanet.org\/es\/#\/schema\/person\/ce6473083f53ef0ef882cca23f0c8fb9"},"headline":"ENARSE\/ENEL 2025","datePublished":"2025-05-28T10:49:29+00:00","dateModified":"2025-05-30T20:19:58+00:00","mainEntityOfPage":{"@id":"https:\/\/www.cgfmanet.org\/pt-pt\/ifma-pt-pt\/enarse-enel-2025\/"},"wordCount":870,"commentCount":0,"publisher":{"@id":"https:\/\/www.cgfmanet.org\/es\/#organization"},"image":{"@id":"https:\/\/www.cgfmanet.org\/pt-pt\/ifma-pt-pt\/enarse-enel-2025\/#primaryimage"},"thumbnailUrl":"https:\/\/www.cgfmanet.org\/wp-content\/uploads\/2025\/05\/ENARSE_ENEL_2025.jpg","keywords":["Brasil","Escola","Pastoral Juvenil","Focus","BAP"],"articleSection":["IFMA","Educa\u00e7\u00e3o"],"inLanguage":"pt-PT","potentialAction":[{"@type":"CommentAction","name":"Comment","target":["https:\/\/www.cgfmanet.org\/pt-pt\/ifma-pt-pt\/enarse-enel-2025\/#respond"]}]},{"@type":"WebPage","@id":"https:\/\/www.cgfmanet.org\/pt-pt\/ifma-pt-pt\/enarse-enel-2025\/","url":"https:\/\/www.cgfmanet.org\/pt-pt\/ifma-pt-pt\/enarse-enel-2025\/","name":"ENARSE\/ENEL 2025 &#8226; Istituto Figlie di Maria Ausiliatrice","isPartOf":{"@id":"https:\/\/www.cgfmanet.org\/es\/#website"},"primaryImageOfPage":{"@id":"https:\/\/www.cgfmanet.org\/pt-pt\/ifma-pt-pt\/enarse-enel-2025\/#primaryimage"},"image":{"@id":"https:\/\/www.cgfmanet.org\/pt-pt\/ifma-pt-pt\/enarse-enel-2025\/#primaryimage"},"thumbnailUrl":"https:\/\/www.cgfmanet.org\/wp-content\/uploads\/2025\/05\/ENARSE_ENEL_2025.jpg","datePublished":"2025-05-28T10:49:29+00:00","dateModified":"2025-05-30T20:19:58+00:00","description":"De 19 a 22 de maio de 2025, aconteceram em Aparecida, no Brasil, o XXIII Encontro Nacional das Escolas da Rede Salesiana Brasil (ENARSE) e o XVI Encontro Nacional dos Ec\u00f4nomos Locais (ENEL).","breadcrumb":{"@id":"https:\/\/www.cgfmanet.org\/pt-pt\/ifma-pt-pt\/enarse-enel-2025\/#breadcrumb"},"inLanguage":"pt-PT","potentialAction":[{"@type":"ReadAction","target":["https:\/\/www.cgfmanet.org\/pt-pt\/ifma-pt-pt\/enarse-enel-2025\/"]}]},{"@type":"ImageObject","inLanguage":"pt-PT","@id":"https:\/\/www.cgfmanet.org\/pt-pt\/ifma-pt-pt\/enarse-enel-2025\/#primaryimage","url":"https:\/\/www.cgfmanet.org\/wp-content\/uploads\/2025\/05\/ENARSE_ENEL_2025.jpg","contentUrl":"https:\/\/www.cgfmanet.org\/wp-content\/uploads\/2025\/05\/ENARSE_ENEL_2025.jpg","width":1181,"height":788},{"@type":"BreadcrumbList","@id":"https:\/\/www.cgfmanet.org\/pt-pt\/ifma-pt-pt\/enarse-enel-2025\/#breadcrumb","itemListElement":[{"@type":"ListItem","position":1,"name":"Home","item":"https:\/\/www.cgfmanet.org\/pt-pt\/"},{"@type":"ListItem","position":2,"name":"ENARSE\/ENEL 2025"}]},{"@type":"WebSite","@id":"https:\/\/www.cgfmanet.org\/es\/#website","url":"https:\/\/www.cgfmanet.org\/es\/","name":"Istituto Figlie di Maria Ausiliatrice","description":"Salesiane di Don Bosco","publisher":{"@id":"https:\/\/www.cgfmanet.org\/es\/#organization"},"potentialAction":[{"@type":"SearchAction","target":{"@type":"EntryPoint","urlTemplate":"https:\/\/www.cgfmanet.org\/es\/?s={search_term_string}"},"query-input":{"@type":"PropertyValueSpecification","valueRequired":true,"valueName":"search_term_string"}}],"inLanguage":"pt-PT"},{"@type":"Organization","@id":"https:\/\/www.cgfmanet.org\/es\/#organization","name":"Istituto Figlie di Maria Ausiliatrice","url":"https:\/\/www.cgfmanet.org\/es\/","logo":{"@type":"ImageObject","inLanguage":"pt-PT","@id":"https:\/\/www.cgfmanet.org\/es\/#\/schema\/logo\/image\/","url":"https:\/\/www.cgfmanet.org\/wp-content\/uploads\/2018\/10\/logo-fma.png","contentUrl":"https:\/\/www.cgfmanet.org\/wp-content\/uploads\/2018\/10\/logo-fma.png","width":214,"height":55,"caption":"Istituto Figlie di Maria Ausiliatrice"},"image":{"@id":"https:\/\/www.cgfmanet.org\/es\/#\/schema\/logo\/image\/"},"sameAs":["https:\/\/www.facebook.com\/salesian.sisters.of.don.bosco\/","https:\/\/x.com\/Cgfmanet_Org","https:\/\/www.youtube.com\/channel\/UCmcr8yFQBV7JXeXVxyV9y5Q"]},{"@type":"Person","@id":"https:\/\/www.cgfmanet.org\/es\/#\/schema\/person\/ce6473083f53ef0ef882cca23f0c8fb9","name":"Redazione"}]}},"_links":{"self":[{"href":"https:\/\/www.cgfmanet.org\/pt-pt\/wp-json\/wp\/v2\/posts\/135872","targetHints":{"allow":["GET"]}}],"collection":[{"href":"https:\/\/www.cgfmanet.org\/pt-pt\/wp-json\/wp\/v2\/posts"}],"about":[{"href":"https:\/\/www.cgfmanet.org\/pt-pt\/wp-json\/wp\/v2\/types\/post"}],"author":[{"embeddable":true,"href":"https:\/\/www.cgfmanet.org\/pt-pt\/wp-json\/wp\/v2\/users\/21"}],"replies":[{"embeddable":true,"href":"https:\/\/www.cgfmanet.org\/pt-pt\/wp-json\/wp\/v2\/comments?post=135872"}],"version-history":[{"count":2,"href":"https:\/\/www.cgfmanet.org\/pt-pt\/wp-json\/wp\/v2\/posts\/135872\/revisions"}],"predecessor-version":[{"id":135880,"href":"https:\/\/www.cgfmanet.org\/pt-pt\/wp-json\/wp\/v2\/posts\/135872\/revisions\/135880"}],"wp:featuredmedia":[{"embeddable":true,"href":"https:\/\/www.cgfmanet.org\/pt-pt\/wp-json\/wp\/v2\/media\/135827"}],"wp:attachment":[{"href":"https:\/\/www.cgfmanet.org\/pt-pt\/wp-json\/wp\/v2\/media?parent=135872"}],"wp:term":[{"taxonomy":"category","embeddable":true,"href":"https:\/\/www.cgfmanet.org\/pt-pt\/wp-json\/wp\/v2\/categories?post=135872"},{"taxonomy":"post_tag","embeddable":true,"href":"https:\/\/www.cgfmanet.org\/pt-pt\/wp-json\/wp\/v2\/tags?post=135872"}],"curies":[{"name":"wp","href":"https:\/\/api.w.org\/{rel}","templated":true}]}}