{"id":135481,"date":"2025-05-26T08:55:42","date_gmt":"2025-05-26T06:55:42","guid":{"rendered":"https:\/\/www.cgfmanet.org\/infosfera-pt-pt\/la-madonna-di-la-vang-nei-giardini-vaticani\/"},"modified":"2025-05-29T22:52:15","modified_gmt":"2025-05-29T20:52:15","slug":"nossa-senhora-de-la-vang-nos-jardins-vaticanos","status":"publish","type":"post","link":"https:\/\/www.cgfmanet.org\/pt-pt\/infosfera-pt-pt\/nossa-senhora-de-la-vang-nos-jardins-vaticanos\/","title":{"rendered":"Nossa Senhora de La Vang nos Jardins Vaticanos"},"content":{"rendered":"<p style=\"text-align: justify; text-justify: inter-ideograph;\"><strong><span lang=\"PT-BR\">Roma (It\u00e1lia).<\/span><\/strong><span lang=\"PT-BR\"> No dia 24 de maio de 2025, na Solenidade de Maria Auxiliadora, algumas Filhas de Maria Auxiliadora vietnamitas presentes em Roma tiveram a possibilidade de se unir a 200 religiosos e leigos para rezar diante da est\u00e1tua da Virgem vietnamita de La Vang, nos Jardins Vaticanos.<\/span><\/p>\n<p style=\"text-align: justify; text-justify: inter-ideograph;\"><span lang=\"PT-BR\">A est\u00e1tua foi aben\u00e7oada no dia 29 de abril de 2025, numa cerim\u00f4nia presidida pelo Arcebispo de Saigon, Jos\u00e9 Nguy\u1ec5n N\u0103ng, presidente da Confer\u00eancia Episcopal Vietnamita, que durante a cerim\u00f4nia disse: <em>\u201cAtrav\u00e9s da presen\u00e7a desta est\u00e1tua de Nossa Senhora de La Vang, confiamos que a Virgem proteja o Santo Padre e todos os que por aqui passarem. Cremos que Nossa Senhora interceder\u00e1 aqui tamb\u00e9m por todas as comunidades da Igreja vietnamita, onde quer que estejam.\u201d<\/em><\/span><\/p>\n<p style=\"text-align: justify; text-justify: inter-ideograph;\"><span lang=\"PT-BR\">A est\u00e1tua, feita de m\u00e1rmore branco proveniente de Quy Hop, Nghe An, est\u00e1 colocada numa posi\u00e7\u00e3o solene, pr\u00f3xima ao sino do Jubileu do Ano 2000, e ao fundo \u00e9 poss\u00edvel avistar a c\u00fapula da Bas\u00edlica de S\u00e3o Pedro, como sinal de uni\u00e3o da f\u00e9 do povo vietnamita no centro da Igreja universal, centro da f\u00e9 de todos os crentes.<\/span><\/p>\n<p style=\"text-align: justify; text-justify: inter-ideograph;\"><span lang=\"PT-BR\">A comunidade reuniu-se \u00e0 tarde para celebrar um momento de venera\u00e7\u00e3o mariana com flores e ora\u00e7\u00f5es. A emo\u00e7\u00e3o de estar ao lado da M\u00e3e, de poder elevar juntos ora\u00e7\u00f5es e cantos em l\u00edngua vietnamita no cora\u00e7\u00e3o de Roma, foi grande. A atmosfera de devo\u00e7\u00e3o no m\u00eas mariano, t\u00e3o querida \u00e0 terra vietnamita, tamb\u00e9m foi vivida aqui, trazendo consigo o calor da p\u00e1tria.<\/span><\/p>\n<p style=\"text-align: justify; text-justify: inter-ideograph;\"><span lang=\"PT-BR\">Diante da imagem de Maria, o cora\u00e7\u00e3o se sente consolado, como se encontrasse um ref\u00fagio. Maria \u00e9 sempre a Auxiliadora, a fonte de aux\u00edlio para seus filhos, como foi no passado para o povo vietnamita, protegendo-o com amor materno.<\/span><\/p>\n<p style=\"text-align: justify; text-justify: inter-ideograph;\"><span lang=\"PT-BR\">Da ora\u00e7\u00e3o participou tamb\u00e9m o Cardeal Jo\u00e3o Lajolo, ex-Presidente do Governatorato da Cidade do Vaticano, que contribuiu para tornar poss\u00edvel a instala\u00e7\u00e3o da est\u00e1tua. Em sua fala, expressou a alegria de poder chamar a est\u00e1tua de \u201cNossa Senhora de La Vang, Vietn\u00e3\u2013Vaticano\u201d, pois Maria n\u00e3o est\u00e1 apenas pr\u00f3xima ao povo vietnamita, mas \u00e9 M\u00e3e de todos.<\/span><\/p>\n<p style=\"text-align: justify; text-justify: inter-ideograph;\"><span lang=\"PT-BR\">Para as FMA presentes, este momento especial de ora\u00e7\u00e3o se tornou um convite pessoal da Virgem para ser tamb\u00e9m elas auxiliadoras, pessoas que sustentam, que unem, como Maria fez, faz e continuar\u00e1 a fazer.<\/span><\/p>\n<p><strong><a href=\"https:\/\/www.cgfmanet.org\/wp-content\/uploads\/2025\/05\/Madonna-La-Vang_VTN_2.jpg\"><img decoding=\"async\" class=\"alignleft wp-image-135453 lazyload\" data-src=\"https:\/\/www.cgfmanet.org\/wp-content\/uploads\/2025\/05\/Madonna-La-Vang_VTN_2.jpg\" alt=\"\" width=\"300\" height=\"510\" data-srcset=\"https:\/\/www.cgfmanet.org\/wp-content\/uploads\/2025\/05\/Madonna-La-Vang_VTN_2.jpg 418w, https:\/\/www.cgfmanet.org\/wp-content\/uploads\/2025\/05\/Madonna-La-Vang_VTN_2-247x420.jpg 247w\" data-sizes=\"auto\" src=\"data:image\/svg+xml;base64,PHN2ZyB3aWR0aD0iMSIgaGVpZ2h0PSIxIiB4bWxucz0iaHR0cDovL3d3dy53My5vcmcvMjAwMC9zdmciPjwvc3ZnPg==\" style=\"--smush-placeholder-width: 300px; --smush-placeholder-aspect-ratio: 300\/510;\" data-original-sizes=\"(max-width: 300px) 100vw, 300px\" \/><\/a><\/strong><\/p>\n<p style=\"text-align: justify; text-justify: inter-ideograph;\"><strong><span lang=\"PT-BR\">Segundo a tradi\u00e7\u00e3o, a Virgem Maria apareceu pela primeira vez em La Vang em 1798<\/span><\/strong><span lang=\"PT-BR\">, quando come\u00e7ou a persegui\u00e7\u00e3o aos cat\u00f3licos vietnamitas. Muitos cat\u00f3licos pr\u00f3ximos \u00e0 cidade de Quang Tri fugiram e buscaram ref\u00fagio na floresta de La Vang, onde tiveram de enfrentar fome, sede e doen\u00e7as devido ao clima frio, das \u00e1guas venenosas e dos animais selvagens que ali se escondiam.<\/span><\/p>\n<p style=\"text-align: justify; text-justify: inter-ideograph;\"><span lang=\"PT-BR\">Os fi\u00e9is sabiam que podiam contar apenas com Deus e com a Virgem Maria. Reuniam-se frequentemente sob uma antiga \u00e1rvore de banyan, rezando, recitando o ros\u00e1rio, confortando-se e apoiando-se mutuamente. Um dia, enquanto rezavam juntos o Ros\u00e1rio, viram uma mulher bel\u00edssima que vestia um longo manto, segurando uma crian\u00e7a entre os bra\u00e7os, com dois anjos com l\u00e2mpadas dos seus lados. Reconheceram que era a Virgem Maria.<\/span><\/p>\n<p style=\"text-align: justify; text-justify: inter-ideograph;\"><span lang=\"PT-BR\">Nossa Senhora mostrou-se afetuosa, mostrou miseric\u00f3rdia e confortou os fi\u00e9is, convidando-os a ser felizes e pacientes. Ensinou-os a colher um tipo de folha da regi\u00e3o, a ferv\u00ea-la em \u00e1gua e beb\u00ea-la para curar suas doen\u00e7as. A Virgem prometeu: <em>\u201cEscutei as vossas ora\u00e7\u00f5es. De agora em diante, a todo aquele que vier rezar aqui, concederei gra\u00e7as.\u201d<\/em> A partir desse momento, Nossa Senhora apareceu muitas outras vezes para sustentar e confortar seus filhos nas dificuldades ao longo dos cem anos de persegui\u00e7\u00e3o (Fonte: Asianews).<\/span><\/p>\n\r\n                <style type=\"text\/css\">\r\n                    \r\n                    #tdi_1  .td-doubleSlider-2 .td-item1 {\r\n                        background: url(https:\/\/www.cgfmanet.org\/wp-content\/uploads\/2025\/05\/Madonna-La-Vang_VTN_1-80x60.jpg) 0 0 no-repeat;\r\n                    }\r\n                    #tdi_1  .td-doubleSlider-2 .td-item2 {\r\n                        background: url(https:\/\/www.cgfmanet.org\/wp-content\/uploads\/2025\/05\/Madonna-La-Vang_VTN_3-80x60.jpg) 0 0 no-repeat;\r\n                    }\r\n                    #tdi_1  .td-doubleSlider-2 .td-item3 {\r\n                        background: url(https:\/\/www.cgfmanet.org\/wp-content\/uploads\/2025\/05\/Madonna-La-Vang_VTN_5-80x60.jpg) 0 0 no-repeat;\r\n                    }\r\n                    #tdi_1  .td-doubleSlider-2 .td-item4 {\r\n                        background: url(https:\/\/www.cgfmanet.org\/wp-content\/uploads\/2025\/05\/Madonna-La-Vang_VTN_7-80x60.jpg) 0 0 no-repeat;\r\n                    }\r\n                    #tdi_1  .td-doubleSlider-2 .td-item5 {\r\n                        background: url(https:\/\/www.cgfmanet.org\/wp-content\/uploads\/2025\/05\/Madonna-La-Vang_VTN_6-80x60.jpg) 0 0 no-repeat;\r\n                    }\r\n                    #tdi_1  .td-doubleSlider-2 .td-item6 {\r\n                        background: url(https:\/\/www.cgfmanet.org\/wp-content\/uploads\/2025\/05\/Madonna-La-Vang_VTN_4-80x60.jpg) 0 0 no-repeat;\r\n                    }\r\n                <\/style>\r\n\r\n                <div id=\"tdi_1\" class=\"td-gallery td-slide-on-2-columns\">\r\n                    <div class=\"post_td_gallery\">\r\n                        <div class=\"td-gallery-slide-top\">\r\n                           <div class=\"td-gallery-title\"><\/div>\r\n\r\n                            <div class=\"td-gallery-controls-wrapper\">\r\n                                <div class=\"td-gallery-slide-count\"><span class=\"td-gallery-slide-item-focus\">1<\/span> do 6<\/div>\r\n                                <div class=\"td-gallery-slide-prev-next-but\">\r\n                                    <i class = \"td-icon-left doubleSliderPrevButton\"><\/i>\r\n                                    <i class = \"td-icon-right doubleSliderNextButton\"><\/i>\r\n                                <\/div>\r\n                            <\/div>\r\n                        <\/div>\r\n\r\n                        <div class = \"td-doubleSlider-1 \">\r\n                            <div class = \"td-slider\">\r\n                                \r\n                    <div class = \"td-slide-item td-item1\">\r\n                        <figure class=\"td-slide-galery-figure td-slide-popup-gallery\">\r\n                            <a class=\"slide-gallery-image-link\" href=\"https:\/\/www.cgfmanet.org\/wp-content\/uploads\/2025\/05\/Madonna-La-Vang_VTN_1.jpg\" title=\"Madonna La Vang_VTN_1\"  data-caption=\"\"  data-description=\"\">\r\n                                <img decoding=\"async\" data-src=\"https:\/\/www.cgfmanet.org\/wp-content\/uploads\/2025\/05\/Madonna-La-Vang_VTN_1-736x420.jpg\" data-srcset=\"https:\/\/www.cgfmanet.org\/wp-content\/uploads\/2025\/05\/Madonna-La-Vang_VTN_1-736x420.jpg 736w, https:\/\/www.cgfmanet.org\/wp-content\/uploads\/2025\/05\/Madonna-La-Vang_VTN_1-768x438.jpg 768w, https:\/\/www.cgfmanet.org\/wp-content\/uploads\/2025\/05\/Madonna-La-Vang_VTN_1-696x397.jpg 696w, https:\/\/www.cgfmanet.org\/wp-content\/uploads\/2025\/05\/Madonna-La-Vang_VTN_1.jpg 1181w\" data-sizes=\"auto\" alt=\"\" src=\"data:image\/svg+xml;base64,PHN2ZyB3aWR0aD0iMSIgaGVpZ2h0PSIxIiB4bWxucz0iaHR0cDovL3d3dy53My5vcmcvMjAwMC9zdmciPjwvc3ZnPg==\" class=\"lazyload\" style=\"--smush-placeholder-width: 736px; --smush-placeholder-aspect-ratio: 736\/420;\" data-original-sizes=\"(max-width: 736px) 100vw, 736px\">\r\n                            <\/a>\r\n                            \r\n                        <\/figure>\r\n                    <\/div>\r\n                    <div class = \"td-slide-item td-item2\">\r\n                        <figure class=\"td-slide-galery-figure td-slide-popup-gallery\">\r\n                            <a class=\"slide-gallery-image-link\" href=\"https:\/\/www.cgfmanet.org\/wp-content\/uploads\/2025\/05\/Madonna-La-Vang_VTN_3.jpg\" title=\"Madonna La Vang_VTN_3\"  data-caption=\"\"  data-description=\"\">\r\n                                <img decoding=\"async\" data-src=\"https:\/\/www.cgfmanet.org\/wp-content\/uploads\/2025\/05\/Madonna-La-Vang_VTN_3-747x420.jpg\" data-srcset=\"https:\/\/www.cgfmanet.org\/wp-content\/uploads\/2025\/05\/Madonna-La-Vang_VTN_3-747x420.jpg 747w, https:\/\/www.cgfmanet.org\/wp-content\/uploads\/2025\/05\/Madonna-La-Vang_VTN_3-768x432.jpg 768w, https:\/\/www.cgfmanet.org\/wp-content\/uploads\/2025\/05\/Madonna-La-Vang_VTN_3-696x391.jpg 696w, https:\/\/www.cgfmanet.org\/wp-content\/uploads\/2025\/05\/Madonna-La-Vang_VTN_3.jpg 1181w\" data-sizes=\"auto\" alt=\"\" src=\"data:image\/svg+xml;base64,PHN2ZyB3aWR0aD0iMSIgaGVpZ2h0PSIxIiB4bWxucz0iaHR0cDovL3d3dy53My5vcmcvMjAwMC9zdmciPjwvc3ZnPg==\" class=\"lazyload\" style=\"--smush-placeholder-width: 747px; --smush-placeholder-aspect-ratio: 747\/420;\" data-original-sizes=\"(max-width: 747px) 100vw, 747px\">\r\n                            <\/a>\r\n                            \r\n                        <\/figure>\r\n                    <\/div>\r\n                    <div class = \"td-slide-item td-item3\">\r\n                        <figure class=\"td-slide-galery-figure td-slide-popup-gallery\">\r\n                            <a class=\"slide-gallery-image-link\" href=\"https:\/\/www.cgfmanet.org\/wp-content\/uploads\/2025\/05\/Madonna-La-Vang_VTN_5.jpg\" title=\"Madonna La Vang_VTN_5\"  data-caption=\"\"  data-description=\"\">\r\n                                <img decoding=\"async\" data-src=\"https:\/\/www.cgfmanet.org\/wp-content\/uploads\/2025\/05\/Madonna-La-Vang_VTN_5-747x420.jpg\" data-srcset=\"https:\/\/www.cgfmanet.org\/wp-content\/uploads\/2025\/05\/Madonna-La-Vang_VTN_5-747x420.jpg 747w, https:\/\/www.cgfmanet.org\/wp-content\/uploads\/2025\/05\/Madonna-La-Vang_VTN_5-768x432.jpg 768w, https:\/\/www.cgfmanet.org\/wp-content\/uploads\/2025\/05\/Madonna-La-Vang_VTN_5-696x391.jpg 696w, https:\/\/www.cgfmanet.org\/wp-content\/uploads\/2025\/05\/Madonna-La-Vang_VTN_5.jpg 1181w\" data-sizes=\"auto\" alt=\"\" src=\"data:image\/svg+xml;base64,PHN2ZyB3aWR0aD0iMSIgaGVpZ2h0PSIxIiB4bWxucz0iaHR0cDovL3d3dy53My5vcmcvMjAwMC9zdmciPjwvc3ZnPg==\" class=\"lazyload\" style=\"--smush-placeholder-width: 747px; --smush-placeholder-aspect-ratio: 747\/420;\" data-original-sizes=\"(max-width: 747px) 100vw, 747px\">\r\n                            <\/a>\r\n                            \r\n                        <\/figure>\r\n                    <\/div>\r\n                    <div class = \"td-slide-item td-item4\">\r\n                        <figure class=\"td-slide-galery-figure td-slide-popup-gallery\">\r\n                            <a class=\"slide-gallery-image-link\" href=\"https:\/\/www.cgfmanet.org\/wp-content\/uploads\/2025\/05\/Madonna-La-Vang_VTN_7.jpg\" title=\"Madonna La Vang_VTN_7\"  data-caption=\"\"  data-description=\"\">\r\n                                <img decoding=\"async\" data-src=\"https:\/\/www.cgfmanet.org\/wp-content\/uploads\/2025\/05\/Madonna-La-Vang_VTN_7-747x420.jpg\" data-srcset=\"https:\/\/www.cgfmanet.org\/wp-content\/uploads\/2025\/05\/Madonna-La-Vang_VTN_7-747x420.jpg 747w, https:\/\/www.cgfmanet.org\/wp-content\/uploads\/2025\/05\/Madonna-La-Vang_VTN_7-768x432.jpg 768w, https:\/\/www.cgfmanet.org\/wp-content\/uploads\/2025\/05\/Madonna-La-Vang_VTN_7-696x392.jpg 696w, https:\/\/www.cgfmanet.org\/wp-content\/uploads\/2025\/05\/Madonna-La-Vang_VTN_7.jpg 1024w\" data-sizes=\"auto\" alt=\"\" src=\"data:image\/svg+xml;base64,PHN2ZyB3aWR0aD0iMSIgaGVpZ2h0PSIxIiB4bWxucz0iaHR0cDovL3d3dy53My5vcmcvMjAwMC9zdmciPjwvc3ZnPg==\" class=\"lazyload\" style=\"--smush-placeholder-width: 747px; --smush-placeholder-aspect-ratio: 747\/420;\" data-original-sizes=\"(max-width: 747px) 100vw, 747px\">\r\n                            <\/a>\r\n                            \r\n                        <\/figure>\r\n                    <\/div>\r\n                    <div class = \"td-slide-item td-item5\">\r\n                        <figure class=\"td-slide-galery-figure td-slide-popup-gallery\">\r\n                            <a class=\"slide-gallery-image-link\" href=\"https:\/\/www.cgfmanet.org\/wp-content\/uploads\/2025\/05\/Madonna-La-Vang_VTN_6.jpg\" title=\"Madonna La Vang_VTN_6\"  data-caption=\"\"  data-description=\"\">\r\n                                <img decoding=\"async\" data-src=\"https:\/\/www.cgfmanet.org\/wp-content\/uploads\/2025\/05\/Madonna-La-Vang_VTN_6-747x420.jpg\" data-srcset=\"https:\/\/www.cgfmanet.org\/wp-content\/uploads\/2025\/05\/Madonna-La-Vang_VTN_6-747x420.jpg 747w, https:\/\/www.cgfmanet.org\/wp-content\/uploads\/2025\/05\/Madonna-La-Vang_VTN_6-768x432.jpg 768w, https:\/\/www.cgfmanet.org\/wp-content\/uploads\/2025\/05\/Madonna-La-Vang_VTN_6-696x391.jpg 696w, https:\/\/www.cgfmanet.org\/wp-content\/uploads\/2025\/05\/Madonna-La-Vang_VTN_6.jpg 1181w\" data-sizes=\"auto\" alt=\"\" src=\"data:image\/svg+xml;base64,PHN2ZyB3aWR0aD0iMSIgaGVpZ2h0PSIxIiB4bWxucz0iaHR0cDovL3d3dy53My5vcmcvMjAwMC9zdmciPjwvc3ZnPg==\" class=\"lazyload\" style=\"--smush-placeholder-width: 747px; --smush-placeholder-aspect-ratio: 747\/420;\" data-original-sizes=\"(max-width: 747px) 100vw, 747px\">\r\n                            <\/a>\r\n                            \r\n                        <\/figure>\r\n                    <\/div>\r\n                    <div class = \"td-slide-item td-item6\">\r\n                        <figure class=\"td-slide-galery-figure td-slide-popup-gallery\">\r\n                            <a class=\"slide-gallery-image-link\" href=\"https:\/\/www.cgfmanet.org\/wp-content\/uploads\/2025\/05\/Madonna-La-Vang_VTN_4.jpg\" title=\"Madonna La Vang_VTN_4\"  data-caption=\"\"  data-description=\"\">\r\n                                <img decoding=\"async\" data-src=\"https:\/\/www.cgfmanet.org\/wp-content\/uploads\/2025\/05\/Madonna-La-Vang_VTN_4-630x420.jpg\" data-srcset=\"https:\/\/www.cgfmanet.org\/wp-content\/uploads\/2025\/05\/Madonna-La-Vang_VTN_4-630x420.jpg 630w, https:\/\/www.cgfmanet.org\/wp-content\/uploads\/2025\/05\/Madonna-La-Vang_VTN_4-768x512.jpg 768w, https:\/\/www.cgfmanet.org\/wp-content\/uploads\/2025\/05\/Madonna-La-Vang_VTN_4-696x464.jpg 696w, https:\/\/www.cgfmanet.org\/wp-content\/uploads\/2025\/05\/Madonna-La-Vang_VTN_4.jpg 864w\" data-sizes=\"auto\" alt=\"\" src=\"data:image\/svg+xml;base64,PHN2ZyB3aWR0aD0iMSIgaGVpZ2h0PSIxIiB4bWxucz0iaHR0cDovL3d3dy53My5vcmcvMjAwMC9zdmciPjwvc3ZnPg==\" class=\"lazyload\" style=\"--smush-placeholder-width: 630px; --smush-placeholder-aspect-ratio: 630\/420;\" data-original-sizes=\"(max-width: 630px) 100vw, 630px\">\r\n                            <\/a>\r\n                            \r\n                        <\/figure>\r\n                    <\/div>\r\n                            <\/div>\r\n                        <\/div>\r\n\r\n                        <div class = \"td-doubleSlider-2\">\r\n                            <div class = \"td-slider\">\r\n                                \r\n                    <div class = \"td-button td-item1\">\r\n                        <div class = \"td-border\"><\/div>\r\n                    <\/div>\r\n                    <div class = \"td-button td-item2\">\r\n                        <div class = \"td-border\"><\/div>\r\n                    <\/div>\r\n                    <div class = \"td-button td-item3\">\r\n                        <div class = \"td-border\"><\/div>\r\n                    <\/div>\r\n                    <div class = \"td-button td-item4\">\r\n                        <div class = \"td-border\"><\/div>\r\n                    <\/div>\r\n                    <div class = \"td-button td-item5\">\r\n                        <div class = \"td-border\"><\/div>\r\n                    <\/div>\r\n                    <div class = \"td-button td-item6\">\r\n                        <div class = \"td-border\"><\/div>\r\n                    <\/div>\r\n                            <\/div>\r\n                        <\/div>\r\n\r\n                    <\/div>\r\n\r\n                <\/div>\r\n                \n","protected":false},"excerpt":{"rendered":"<p>Roma (It\u00e1lia). No dia 24 de maio de 2025, na Solenidade de Maria Auxiliadora, algumas Filhas de Maria Auxiliadora vietnamitas presentes em Roma tiveram a possibilidade de se unir a [&hellip;]<\/p>\n","protected":false},"author":21,"featured_media":135446,"comment_status":"open","ping_status":"closed","sticky":false,"template":"","format":"standard","meta":{"footnotes":""},"categories":[38,189],"tags":[1511,1517,1930,2147,2383,2465],"class_list":["post-135481","post","type-post","status-publish","format-standard","has-post-thumbnail","category-infosfera-pt-pt","category-igreja","tag-vtn-pt-pt","tag-vietnam-pt-pt","tag-focus-pt-pt","tag-preghiera-pt-pt","tag-maria-pt-pt","tag-maria-ausiliatrice-pt-pt"],"yoast_head":"<!-- This site is optimized with the Yoast SEO plugin v27.4 - https:\/\/yoast.com\/product\/yoast-seo-wordpress\/ -->\n<title>Nossa Senhora de La Vang nos Jardins Vaticanos &#8226; Istituto Figlie di Maria Ausiliatrice<\/title>\n<meta name=\"description\" content=\"No dia 24 de maio de 2025, na Solenidade de Maria Auxiliadora, algumas FMA vietnamitas participaram de um momento de ora\u00e7\u00e3o mariana diante da est\u00e1tua de Nossa Senhora de La Vang, em Roma, nos Jardins Vaticanos.\" \/>\n<meta name=\"robots\" content=\"index, follow, max-snippet:-1, max-image-preview:large, max-video-preview:-1\" \/>\n<link rel=\"canonical\" href=\"https:\/\/www.cgfmanet.org\/pt-pt\/infosfera-pt-pt\/nossa-senhora-de-la-vang-nos-jardins-vaticanos\/\" \/>\n<meta property=\"og:locale\" content=\"pt_PT\" \/>\n<meta property=\"og:type\" content=\"article\" \/>\n<meta property=\"og:title\" content=\"Nossa Senhora de La Vang nos Jardins Vaticanos &#8226; Istituto Figlie di Maria Ausiliatrice\" \/>\n<meta property=\"og:description\" content=\"No dia 24 de maio de 2025, na Solenidade de Maria Auxiliadora, algumas FMA vietnamitas participaram de um momento de ora\u00e7\u00e3o mariana diante da est\u00e1tua de Nossa Senhora de La Vang, em Roma, nos Jardins Vaticanos.\" \/>\n<meta property=\"og:url\" content=\"https:\/\/www.cgfmanet.org\/pt-pt\/infosfera-pt-pt\/nossa-senhora-de-la-vang-nos-jardins-vaticanos\/\" \/>\n<meta property=\"og:site_name\" content=\"Istituto Figlie di Maria Ausiliatrice\" \/>\n<meta property=\"article:publisher\" content=\"https:\/\/www.facebook.com\/salesian.sisters.of.don.bosco\/\" \/>\n<meta property=\"article:published_time\" content=\"2025-05-26T06:55:42+00:00\" \/>\n<meta property=\"article:modified_time\" content=\"2025-05-29T20:52:15+00:00\" \/>\n<meta property=\"og:image\" content=\"https:\/\/www.cgfmanet.org\/wp-content\/uploads\/2025\/05\/Madonna-La-Vang_VTN.jpg\" \/>\n\t<meta property=\"og:image:width\" content=\"1181\" \/>\n\t<meta property=\"og:image:height\" content=\"787\" \/>\n\t<meta property=\"og:image:type\" content=\"image\/jpeg\" \/>\n<meta name=\"author\" content=\"Redazione\" \/>\n<meta name=\"twitter:card\" content=\"summary_large_image\" \/>\n<meta name=\"twitter:creator\" content=\"@Cgfmanet_Org\" \/>\n<meta name=\"twitter:site\" content=\"@Cgfmanet_Org\" \/>\n<meta name=\"twitter:label1\" content=\"Escrito por\" \/>\n\t<meta name=\"twitter:data1\" content=\"Redazione\" \/>\n\t<meta name=\"twitter:label2\" content=\"Tempo estimado de leitura\" \/>\n\t<meta name=\"twitter:data2\" content=\"4 minutos\" \/>\n<script type=\"application\/ld+json\" class=\"yoast-schema-graph\">{\"@context\":\"https:\\\/\\\/schema.org\",\"@graph\":[{\"@type\":\"Article\",\"@id\":\"https:\\\/\\\/www.cgfmanet.org\\\/pt-pt\\\/infosfera-pt-pt\\\/nossa-senhora-de-la-vang-nos-jardins-vaticanos\\\/#article\",\"isPartOf\":{\"@id\":\"https:\\\/\\\/www.cgfmanet.org\\\/pt-pt\\\/infosfera-pt-pt\\\/nossa-senhora-de-la-vang-nos-jardins-vaticanos\\\/\"},\"author\":{\"name\":\"Redazione\",\"@id\":\"https:\\\/\\\/www.cgfmanet.org\\\/es\\\/#\\\/schema\\\/person\\\/ce6473083f53ef0ef882cca23f0c8fb9\"},\"headline\":\"Nossa Senhora de La Vang nos Jardins Vaticanos\",\"datePublished\":\"2025-05-26T06:55:42+00:00\",\"dateModified\":\"2025-05-29T20:52:15+00:00\",\"mainEntityOfPage\":{\"@id\":\"https:\\\/\\\/www.cgfmanet.org\\\/pt-pt\\\/infosfera-pt-pt\\\/nossa-senhora-de-la-vang-nos-jardins-vaticanos\\\/\"},\"wordCount\":662,\"commentCount\":0,\"publisher\":{\"@id\":\"https:\\\/\\\/www.cgfmanet.org\\\/es\\\/#organization\"},\"image\":{\"@id\":\"https:\\\/\\\/www.cgfmanet.org\\\/pt-pt\\\/infosfera-pt-pt\\\/nossa-senhora-de-la-vang-nos-jardins-vaticanos\\\/#primaryimage\"},\"thumbnailUrl\":\"https:\\\/\\\/www.cgfmanet.org\\\/wp-content\\\/uploads\\\/2025\\\/05\\\/Madonna-La-Vang_VTN.jpg\",\"keywords\":[\"VTN\",\"Vietnam\",\"Focus\",\"Preghiera\",\"Maria\",\"Maria Ausiliatrice\"],\"articleSection\":[\"Infosfera\",\"Igreja\"],\"inLanguage\":\"pt-PT\",\"potentialAction\":[{\"@type\":\"CommentAction\",\"name\":\"Comment\",\"target\":[\"https:\\\/\\\/www.cgfmanet.org\\\/pt-pt\\\/infosfera-pt-pt\\\/nossa-senhora-de-la-vang-nos-jardins-vaticanos\\\/#respond\"]}]},{\"@type\":\"WebPage\",\"@id\":\"https:\\\/\\\/www.cgfmanet.org\\\/pt-pt\\\/infosfera-pt-pt\\\/nossa-senhora-de-la-vang-nos-jardins-vaticanos\\\/\",\"url\":\"https:\\\/\\\/www.cgfmanet.org\\\/pt-pt\\\/infosfera-pt-pt\\\/nossa-senhora-de-la-vang-nos-jardins-vaticanos\\\/\",\"name\":\"Nossa Senhora de La Vang nos Jardins Vaticanos &#8226; Istituto Figlie di Maria Ausiliatrice\",\"isPartOf\":{\"@id\":\"https:\\\/\\\/www.cgfmanet.org\\\/es\\\/#website\"},\"primaryImageOfPage\":{\"@id\":\"https:\\\/\\\/www.cgfmanet.org\\\/pt-pt\\\/infosfera-pt-pt\\\/nossa-senhora-de-la-vang-nos-jardins-vaticanos\\\/#primaryimage\"},\"image\":{\"@id\":\"https:\\\/\\\/www.cgfmanet.org\\\/pt-pt\\\/infosfera-pt-pt\\\/nossa-senhora-de-la-vang-nos-jardins-vaticanos\\\/#primaryimage\"},\"thumbnailUrl\":\"https:\\\/\\\/www.cgfmanet.org\\\/wp-content\\\/uploads\\\/2025\\\/05\\\/Madonna-La-Vang_VTN.jpg\",\"datePublished\":\"2025-05-26T06:55:42+00:00\",\"dateModified\":\"2025-05-29T20:52:15+00:00\",\"description\":\"No dia 24 de maio de 2025, na Solenidade de Maria Auxiliadora, algumas FMA vietnamitas participaram de um momento de ora\u00e7\u00e3o mariana diante da est\u00e1tua de Nossa Senhora de La Vang, em Roma, nos Jardins Vaticanos.\",\"breadcrumb\":{\"@id\":\"https:\\\/\\\/www.cgfmanet.org\\\/pt-pt\\\/infosfera-pt-pt\\\/nossa-senhora-de-la-vang-nos-jardins-vaticanos\\\/#breadcrumb\"},\"inLanguage\":\"pt-PT\",\"potentialAction\":[{\"@type\":\"ReadAction\",\"target\":[\"https:\\\/\\\/www.cgfmanet.org\\\/pt-pt\\\/infosfera-pt-pt\\\/nossa-senhora-de-la-vang-nos-jardins-vaticanos\\\/\"]}]},{\"@type\":\"ImageObject\",\"inLanguage\":\"pt-PT\",\"@id\":\"https:\\\/\\\/www.cgfmanet.org\\\/pt-pt\\\/infosfera-pt-pt\\\/nossa-senhora-de-la-vang-nos-jardins-vaticanos\\\/#primaryimage\",\"url\":\"https:\\\/\\\/www.cgfmanet.org\\\/wp-content\\\/uploads\\\/2025\\\/05\\\/Madonna-La-Vang_VTN.jpg\",\"contentUrl\":\"https:\\\/\\\/www.cgfmanet.org\\\/wp-content\\\/uploads\\\/2025\\\/05\\\/Madonna-La-Vang_VTN.jpg\",\"width\":1181,\"height\":787},{\"@type\":\"BreadcrumbList\",\"@id\":\"https:\\\/\\\/www.cgfmanet.org\\\/pt-pt\\\/infosfera-pt-pt\\\/nossa-senhora-de-la-vang-nos-jardins-vaticanos\\\/#breadcrumb\",\"itemListElement\":[{\"@type\":\"ListItem\",\"position\":1,\"name\":\"Home\",\"item\":\"https:\\\/\\\/www.cgfmanet.org\\\/pt-pt\\\/\"},{\"@type\":\"ListItem\",\"position\":2,\"name\":\"Nossa Senhora de La Vang nos Jardins Vaticanos\"}]},{\"@type\":\"WebSite\",\"@id\":\"https:\\\/\\\/www.cgfmanet.org\\\/es\\\/#website\",\"url\":\"https:\\\/\\\/www.cgfmanet.org\\\/es\\\/\",\"name\":\"Istituto Figlie di Maria Ausiliatrice\",\"description\":\"Salesiane di Don Bosco\",\"publisher\":{\"@id\":\"https:\\\/\\\/www.cgfmanet.org\\\/es\\\/#organization\"},\"potentialAction\":[{\"@type\":\"SearchAction\",\"target\":{\"@type\":\"EntryPoint\",\"urlTemplate\":\"https:\\\/\\\/www.cgfmanet.org\\\/es\\\/?s={search_term_string}\"},\"query-input\":{\"@type\":\"PropertyValueSpecification\",\"valueRequired\":true,\"valueName\":\"search_term_string\"}}],\"inLanguage\":\"pt-PT\"},{\"@type\":\"Organization\",\"@id\":\"https:\\\/\\\/www.cgfmanet.org\\\/es\\\/#organization\",\"name\":\"Istituto Figlie di Maria Ausiliatrice\",\"url\":\"https:\\\/\\\/www.cgfmanet.org\\\/es\\\/\",\"logo\":{\"@type\":\"ImageObject\",\"inLanguage\":\"pt-PT\",\"@id\":\"https:\\\/\\\/www.cgfmanet.org\\\/es\\\/#\\\/schema\\\/logo\\\/image\\\/\",\"url\":\"https:\\\/\\\/www.cgfmanet.org\\\/wp-content\\\/uploads\\\/2018\\\/10\\\/logo-fma.png\",\"contentUrl\":\"https:\\\/\\\/www.cgfmanet.org\\\/wp-content\\\/uploads\\\/2018\\\/10\\\/logo-fma.png\",\"width\":214,\"height\":55,\"caption\":\"Istituto Figlie di Maria Ausiliatrice\"},\"image\":{\"@id\":\"https:\\\/\\\/www.cgfmanet.org\\\/es\\\/#\\\/schema\\\/logo\\\/image\\\/\"},\"sameAs\":[\"https:\\\/\\\/www.facebook.com\\\/salesian.sisters.of.don.bosco\\\/\",\"https:\\\/\\\/x.com\\\/Cgfmanet_Org\",\"https:\\\/\\\/www.youtube.com\\\/channel\\\/UCmcr8yFQBV7JXeXVxyV9y5Q\"]},{\"@type\":\"Person\",\"@id\":\"https:\\\/\\\/www.cgfmanet.org\\\/es\\\/#\\\/schema\\\/person\\\/ce6473083f53ef0ef882cca23f0c8fb9\",\"name\":\"Redazione\"}]}<\/script>\n<!-- \/ Yoast SEO plugin. -->","yoast_head_json":{"title":"Nossa Senhora de La Vang nos Jardins Vaticanos &#8226; Istituto Figlie di Maria Ausiliatrice","description":"No dia 24 de maio de 2025, na Solenidade de Maria Auxiliadora, algumas FMA vietnamitas participaram de um momento de ora\u00e7\u00e3o mariana diante da est\u00e1tua de Nossa Senhora de La Vang, em Roma, nos Jardins Vaticanos.","robots":{"index":"index","follow":"follow","max-snippet":"max-snippet:-1","max-image-preview":"max-image-preview:large","max-video-preview":"max-video-preview:-1"},"canonical":"https:\/\/www.cgfmanet.org\/pt-pt\/infosfera-pt-pt\/nossa-senhora-de-la-vang-nos-jardins-vaticanos\/","og_locale":"pt_PT","og_type":"article","og_title":"Nossa Senhora de La Vang nos Jardins Vaticanos &#8226; Istituto Figlie di Maria Ausiliatrice","og_description":"No dia 24 de maio de 2025, na Solenidade de Maria Auxiliadora, algumas FMA vietnamitas participaram de um momento de ora\u00e7\u00e3o mariana diante da est\u00e1tua de Nossa Senhora de La Vang, em Roma, nos Jardins Vaticanos.","og_url":"https:\/\/www.cgfmanet.org\/pt-pt\/infosfera-pt-pt\/nossa-senhora-de-la-vang-nos-jardins-vaticanos\/","og_site_name":"Istituto Figlie di Maria Ausiliatrice","article_publisher":"https:\/\/www.facebook.com\/salesian.sisters.of.don.bosco\/","article_published_time":"2025-05-26T06:55:42+00:00","article_modified_time":"2025-05-29T20:52:15+00:00","og_image":[{"width":1181,"height":787,"url":"https:\/\/www.cgfmanet.org\/wp-content\/uploads\/2025\/05\/Madonna-La-Vang_VTN.jpg","type":"image\/jpeg"}],"author":"Redazione","twitter_card":"summary_large_image","twitter_creator":"@Cgfmanet_Org","twitter_site":"@Cgfmanet_Org","twitter_misc":{"Escrito por":"Redazione","Tempo estimado de leitura":"4 minutos"},"schema":{"@context":"https:\/\/schema.org","@graph":[{"@type":"Article","@id":"https:\/\/www.cgfmanet.org\/pt-pt\/infosfera-pt-pt\/nossa-senhora-de-la-vang-nos-jardins-vaticanos\/#article","isPartOf":{"@id":"https:\/\/www.cgfmanet.org\/pt-pt\/infosfera-pt-pt\/nossa-senhora-de-la-vang-nos-jardins-vaticanos\/"},"author":{"name":"Redazione","@id":"https:\/\/www.cgfmanet.org\/es\/#\/schema\/person\/ce6473083f53ef0ef882cca23f0c8fb9"},"headline":"Nossa Senhora de La Vang nos Jardins Vaticanos","datePublished":"2025-05-26T06:55:42+00:00","dateModified":"2025-05-29T20:52:15+00:00","mainEntityOfPage":{"@id":"https:\/\/www.cgfmanet.org\/pt-pt\/infosfera-pt-pt\/nossa-senhora-de-la-vang-nos-jardins-vaticanos\/"},"wordCount":662,"commentCount":0,"publisher":{"@id":"https:\/\/www.cgfmanet.org\/es\/#organization"},"image":{"@id":"https:\/\/www.cgfmanet.org\/pt-pt\/infosfera-pt-pt\/nossa-senhora-de-la-vang-nos-jardins-vaticanos\/#primaryimage"},"thumbnailUrl":"https:\/\/www.cgfmanet.org\/wp-content\/uploads\/2025\/05\/Madonna-La-Vang_VTN.jpg","keywords":["VTN","Vietnam","Focus","Preghiera","Maria","Maria Ausiliatrice"],"articleSection":["Infosfera","Igreja"],"inLanguage":"pt-PT","potentialAction":[{"@type":"CommentAction","name":"Comment","target":["https:\/\/www.cgfmanet.org\/pt-pt\/infosfera-pt-pt\/nossa-senhora-de-la-vang-nos-jardins-vaticanos\/#respond"]}]},{"@type":"WebPage","@id":"https:\/\/www.cgfmanet.org\/pt-pt\/infosfera-pt-pt\/nossa-senhora-de-la-vang-nos-jardins-vaticanos\/","url":"https:\/\/www.cgfmanet.org\/pt-pt\/infosfera-pt-pt\/nossa-senhora-de-la-vang-nos-jardins-vaticanos\/","name":"Nossa Senhora de La Vang nos Jardins Vaticanos &#8226; Istituto Figlie di Maria Ausiliatrice","isPartOf":{"@id":"https:\/\/www.cgfmanet.org\/es\/#website"},"primaryImageOfPage":{"@id":"https:\/\/www.cgfmanet.org\/pt-pt\/infosfera-pt-pt\/nossa-senhora-de-la-vang-nos-jardins-vaticanos\/#primaryimage"},"image":{"@id":"https:\/\/www.cgfmanet.org\/pt-pt\/infosfera-pt-pt\/nossa-senhora-de-la-vang-nos-jardins-vaticanos\/#primaryimage"},"thumbnailUrl":"https:\/\/www.cgfmanet.org\/wp-content\/uploads\/2025\/05\/Madonna-La-Vang_VTN.jpg","datePublished":"2025-05-26T06:55:42+00:00","dateModified":"2025-05-29T20:52:15+00:00","description":"No dia 24 de maio de 2025, na Solenidade de Maria Auxiliadora, algumas FMA vietnamitas participaram de um momento de ora\u00e7\u00e3o mariana diante da est\u00e1tua de Nossa Senhora de La Vang, em Roma, nos Jardins Vaticanos.","breadcrumb":{"@id":"https:\/\/www.cgfmanet.org\/pt-pt\/infosfera-pt-pt\/nossa-senhora-de-la-vang-nos-jardins-vaticanos\/#breadcrumb"},"inLanguage":"pt-PT","potentialAction":[{"@type":"ReadAction","target":["https:\/\/www.cgfmanet.org\/pt-pt\/infosfera-pt-pt\/nossa-senhora-de-la-vang-nos-jardins-vaticanos\/"]}]},{"@type":"ImageObject","inLanguage":"pt-PT","@id":"https:\/\/www.cgfmanet.org\/pt-pt\/infosfera-pt-pt\/nossa-senhora-de-la-vang-nos-jardins-vaticanos\/#primaryimage","url":"https:\/\/www.cgfmanet.org\/wp-content\/uploads\/2025\/05\/Madonna-La-Vang_VTN.jpg","contentUrl":"https:\/\/www.cgfmanet.org\/wp-content\/uploads\/2025\/05\/Madonna-La-Vang_VTN.jpg","width":1181,"height":787},{"@type":"BreadcrumbList","@id":"https:\/\/www.cgfmanet.org\/pt-pt\/infosfera-pt-pt\/nossa-senhora-de-la-vang-nos-jardins-vaticanos\/#breadcrumb","itemListElement":[{"@type":"ListItem","position":1,"name":"Home","item":"https:\/\/www.cgfmanet.org\/pt-pt\/"},{"@type":"ListItem","position":2,"name":"Nossa Senhora de La Vang nos Jardins Vaticanos"}]},{"@type":"WebSite","@id":"https:\/\/www.cgfmanet.org\/es\/#website","url":"https:\/\/www.cgfmanet.org\/es\/","name":"Istituto Figlie di Maria Ausiliatrice","description":"Salesiane di Don Bosco","publisher":{"@id":"https:\/\/www.cgfmanet.org\/es\/#organization"},"potentialAction":[{"@type":"SearchAction","target":{"@type":"EntryPoint","urlTemplate":"https:\/\/www.cgfmanet.org\/es\/?s={search_term_string}"},"query-input":{"@type":"PropertyValueSpecification","valueRequired":true,"valueName":"search_term_string"}}],"inLanguage":"pt-PT"},{"@type":"Organization","@id":"https:\/\/www.cgfmanet.org\/es\/#organization","name":"Istituto Figlie di Maria Ausiliatrice","url":"https:\/\/www.cgfmanet.org\/es\/","logo":{"@type":"ImageObject","inLanguage":"pt-PT","@id":"https:\/\/www.cgfmanet.org\/es\/#\/schema\/logo\/image\/","url":"https:\/\/www.cgfmanet.org\/wp-content\/uploads\/2018\/10\/logo-fma.png","contentUrl":"https:\/\/www.cgfmanet.org\/wp-content\/uploads\/2018\/10\/logo-fma.png","width":214,"height":55,"caption":"Istituto Figlie di Maria Ausiliatrice"},"image":{"@id":"https:\/\/www.cgfmanet.org\/es\/#\/schema\/logo\/image\/"},"sameAs":["https:\/\/www.facebook.com\/salesian.sisters.of.don.bosco\/","https:\/\/x.com\/Cgfmanet_Org","https:\/\/www.youtube.com\/channel\/UCmcr8yFQBV7JXeXVxyV9y5Q"]},{"@type":"Person","@id":"https:\/\/www.cgfmanet.org\/es\/#\/schema\/person\/ce6473083f53ef0ef882cca23f0c8fb9","name":"Redazione"}]}},"_links":{"self":[{"href":"https:\/\/www.cgfmanet.org\/pt-pt\/wp-json\/wp\/v2\/posts\/135481","targetHints":{"allow":["GET"]}}],"collection":[{"href":"https:\/\/www.cgfmanet.org\/pt-pt\/wp-json\/wp\/v2\/posts"}],"about":[{"href":"https:\/\/www.cgfmanet.org\/pt-pt\/wp-json\/wp\/v2\/types\/post"}],"author":[{"embeddable":true,"href":"https:\/\/www.cgfmanet.org\/pt-pt\/wp-json\/wp\/v2\/users\/21"}],"replies":[{"embeddable":true,"href":"https:\/\/www.cgfmanet.org\/pt-pt\/wp-json\/wp\/v2\/comments?post=135481"}],"version-history":[{"count":1,"href":"https:\/\/www.cgfmanet.org\/pt-pt\/wp-json\/wp\/v2\/posts\/135481\/revisions"}],"predecessor-version":[{"id":135773,"href":"https:\/\/www.cgfmanet.org\/pt-pt\/wp-json\/wp\/v2\/posts\/135481\/revisions\/135773"}],"wp:featuredmedia":[{"embeddable":true,"href":"https:\/\/www.cgfmanet.org\/pt-pt\/wp-json\/wp\/v2\/media\/135446"}],"wp:attachment":[{"href":"https:\/\/www.cgfmanet.org\/pt-pt\/wp-json\/wp\/v2\/media?parent=135481"}],"wp:term":[{"taxonomy":"category","embeddable":true,"href":"https:\/\/www.cgfmanet.org\/pt-pt\/wp-json\/wp\/v2\/categories?post=135481"},{"taxonomy":"post_tag","embeddable":true,"href":"https:\/\/www.cgfmanet.org\/pt-pt\/wp-json\/wp\/v2\/tags?post=135481"}],"curies":[{"name":"wp","href":"https:\/\/api.w.org\/{rel}","templated":true}]}}