{"id":13428,"date":"2018-10-02T12:09:42","date_gmt":"2018-10-02T10:09:42","guid":{"rendered":"https:\/\/www.cgfmanet.org\/infosfera-pt-pt\/sante-beate-venerabili-e-serve-di-dio-nellistituto-fma\/"},"modified":"2020-08-09T17:51:28","modified_gmt":"2020-08-09T15:51:28","slug":"santas-beatas-veneraveis-servas-de-deus-no-instituto-das-fma","status":"publish","type":"post","link":"https:\/\/www.cgfmanet.org\/pt-pt\/ifma-pt-pt\/santas-beatas-veneraveis-servas-de-deus-no-instituto-das-fma\/","title":{"rendered":"Santas, Beatas, Vener\u00e1veis Servas de Deus no Instituto das FMA"},"content":{"rendered":"<p><strong>Roma (Italia).<\/strong> Uma iniciativa a valorizar nas comunidades educativas, no dia 3 de cada m\u00eas, no Web site do Instituto, ser\u00e1 publicado um aprofundamento sobre o tema: <strong>Acompanhamento de jovens Santas, Beatas, Vener\u00e1veis Servas de Deus no Instituto das FMA. <\/strong>Em conson\u00e2ncia com o S\u00ednodo sobre: <em>Os jovens, a F\u00e9 e o Discernimento Vocacional<\/em> (cf. Instrumento de Trabalho n\u00bas 213-214), queremos partilhar cada m\u00eas uma reflex\u00e3o sobre o <strong>percurso de acompanhamento na juventude das nossas Santas, Beatas, Vener\u00e1veis e Servas de Deus. <\/strong>Constituiu-se uma Comiss\u00e3o internacional das nossas Irm\u00e3s coordenada pela Conselheira geral do Setor da Pastoral Juvenil, Irm\u00e3 Runita Borja, pela Vice-Postuladora das nossas causas, Irm\u00e3 Sylwia Ciezkowska, e pela Secret\u00e1ria geral, Irm\u00e3 Piera Cavagli\u00e0. O car\u00e1ter dessas reflex\u00f5es \u00e9 informativo, de modo a poder partilh\u00e1-las tamb\u00e9m com os jovens, leigos e leigas das comunidades educativas e com os grupos da Fam\u00edlia Salesiana.<\/p>\n<p>Em cada figura, identificamos aspetos seguintes:<\/p>\n<ol>\n<li>Experi\u00eancias de acompanhamento na vida familiar e em outros ambientes<\/li>\n<li>Conhecimento do Instituto FMA (tais como media\u00e7\u00f5es, dificuldades encontradas, etc\u2026)<\/li>\n<li>A descoberta da voca\u00e7\u00e3o<\/li>\n<li>Vida totalmente entregue a Deus e \u00e0 miss\u00e3o at\u00e9 \u00e0 Profiss\u00e3o religiosa.<\/li>\n<\/ol>\n<p>Cada m\u00eas seremos acompanhadas por uma nossa \u201camiga\u201d do C\u00e9u, gra\u00e7as ao contributo das irm\u00e3s que a apresentar\u00e3o:<\/p>\n<p>&nbsp;<\/p>\n<ol>\n<li>Maria D. Mazzarello &#8211; Ir. Eliane Petri (outubro 2018)<\/li>\n<\/ol>\n<p>Ven. Teresa Vals\u00e9 &#8211; Ir. Sylwia Ciezkowska (novembro 2018)<\/p>\n<p>Beata Maria Romero &#8211; Ir. Ana Victoria Ulate (dezembro 2018)<\/p>\n<p>Beata Laura Vicu\u00f1a &#8211; Ir. Susana Billordo e ir. S\u00edlvia(ABA) janeiro 2019<\/p>\n<p>Beata Eusebia Palomino &#8211; Ir. Giuseppina Teruggi (fevereiro 2019)<\/p>\n<p>Ven. Laura Meozzi &#8211; Ir. Sylwia Ciezkowska (mar\u00e7o 2019)<\/p>\n<p>Serva di Dio Antonieta B\u00f6hm &#8211; Ir. Birgit Baier (AUG) abril 2019<\/p>\n<p>Beata Maria Troncatti &#8211; Ir. Nancy Quilambaqui (ECU) maio 2019<\/p>\n<p>Beata Maddalena Morano &#8211; Ir. Francesca Caggiano (IMR) junho 2019<\/p>\n<p>Beate Martiri spagnole &#8211; Ir. Sylwia Ciezkowska (julho 2019)<\/p>\n<p>Desejamo-vos uma boa leitura e partilha! <strong>A Comiss\u00e3o<\/strong><\/p>\n<p>&nbsp;<\/p>\n<ol>\n<li><strong> Maria Domingas Mazzarello. Uma juventude vivida em plenitude de amor<\/strong><\/li>\n<\/ol>\n<p><em>\u00abJovem, regozija-te na tua mocidade, e alegra o teu cora\u00e7\u00e3o na flor dos teus anos\u00bb (Qo 11,9)<\/em><\/p>\n<p>Maria Domingas Mazzarello, familiarmente chamada Main, \u00e9 uma jovem simples e normal, cheia de vida e sonhos, de defeitos e fraquezas, como muitos outros jovens do seu tempo. Neste sentido, est\u00e1 muito &#8220;pr\u00f3xima&#8221; de n\u00f3s, torna-se companheira no caminho da santidade. Ela confirma que a santidade \u00e9 poss\u00edvel, \u00e9 linda, \u00e9 plenitude de vida. Entremos na hist\u00f3ria da sua vida para descobrir como ela viveu a sua juventude e que mensagem nos quer ela deixar hoje.<\/p>\n<p>Nascida a 9 de maio de 1837, em Mornese (Alessandria), no Alto Monferrato (Piemonte), de uma fam\u00edlia de camponeses e crist\u00e3os aut\u00eanticos, Main recebeu, logo desde o in\u00edcio, uma profunda forma\u00e7\u00e3o humana e crist\u00e3. <em><strong>A fam\u00edlia<\/strong><\/em> foi para ela a primeira escola de f\u00e9, de humanidade e de socializa\u00e7\u00e3o. Os pais, de car\u00e1ter diferente um do outro, encontraram a sua unidade na f\u00e9 e completaram-se mutuamente na educa\u00e7\u00e3o dos filhos. Dos pais, Main herdou uma f\u00e9 firme e um amor pela vida. Da m\u00e3e, aprendeu a sinceridade e generosidade, e a coragem para encarar a vida com desenvoltura e humor, amor filial a Nossa Senhora. Primog\u00e9nita de treze filhos, ela era uma colaboradora fiel e trabalhadora da m\u00e3e na educa\u00e7\u00e3o dos irm\u00e3os e irm\u00e3s.<\/p>\n<p>\u00c0 medida que crescia, tornou-se tamb\u00e9m o bra\u00e7o direito do pai no trabalho do campo. Jos\u00e9, seu pai, de quem ela gostava muito, deixou uma marca indel\u00e9vel na sua vida. Ela pr\u00f3pria reconheceria que, se havia nela alguma virtude, algo de bom, devia-o a ele. De facto, ela aprendeu com o pai a interiorizar uma vis\u00e3o crist\u00e3 da vida. Ela mesma recordaria que, ainda menina, lhe fizera uma pergunta: \u00abPai, o que fazia Deus antes de criar o mundo?\u00bb A resposta do pai permaneceu-lhe impressa na sua mente durante toda a vida: \u00abDeus contemplava-se a Si mesmo, amava-se, adorava-se\u00bb. Assim, Jos\u00e9 colaborava para espalancar os horizontes da vida e da f\u00e9 \u00e0 filha que se sentia imersa no mist\u00e9rio de Deus, aprendia a descobri-Lo na hist\u00f3ria, como presen\u00e7a, um Deus Pai, amante da vida, que fala no \u00edntimo do cora\u00e7\u00e3o. Nesta trama de boas rela\u00e7\u00f5es familiares, Main aprendia a acolher a vida como um dom, para ser partilhado e miss\u00e3o a desempenhar.<\/p>\n<p>Com a educa\u00e7\u00e3o dos pais assumiu, nos anos da adolesc\u00eancia e da juventude, o acompanhamento s\u00e1bio e prudente de <strong>Dom Domenico Pestarino<\/strong>. Se hoje reconhecemos a santidade de Main, devemos tamb\u00e9m agradecer a este santo sacerdote, sua guia espiritual durante 27 anos.<\/p>\n<p>Main n\u00e3o nasceu santa. Como toda a gente, ela tinha qualidades e defeitos. Vivia a adolesc\u00eancia com todos os riscos e potencialidades que esta idade traz consigo e com a for\u00e7a do cora\u00e7\u00e3o que \u00e9 pr\u00f3pria deste per\u00edodo da vida. Do ponto de vista humano-psicol\u00f3gico, era uma jovem de temperamento forte e franco, inteligente, intuitiva, viva, de natureza ardente, mente clara e afetividade saud\u00e1vel, por natureza reflexiva e alegre; era empreendedora, dotada de grande capacidade de comunica\u00e7\u00e3o, caracterizada por um sentido realista e de bom humor.<\/p>\n<p>Do ponto de vista espiritual, adquiriu uma vida crist\u00e3 profunda. Tinha o gosto pela contempla\u00e7\u00e3o da natureza; ativamente empenhada no trabalho agr\u00edcola e no apostolado. A sua espiritualidade era caracterizada por uma piedade s\u00f3lida, mais interior que exterior, pela simplicidade, alegria, transpar\u00eancia de vida e generosidade no dom de si aos outros&#8230; <a href=\"https:\/\/drive.google.com\/file\/d\/1LzEsFzvNDZ2sQPeohhV_JHdtok333Eo4\/view\" target=\"_blank\" rel=\"noopener noreferrer\"><strong><u>continue lendo aqui<\/u><\/strong><\/a><\/p>\n<p>&nbsp;<\/p>\n\r\n                <style type=\"text\/css\">\r\n                    \r\n                    #tdi_1  .td-doubleSlider-2 .td-item1 {\r\n                        background: url(https:\/\/www.cgfmanet.org\/wp-content\/uploads\/2019\/12\/sante-beate3-80x60.jpg) 0 0 no-repeat;\r\n                    }\r\n                    #tdi_1  .td-doubleSlider-2 .td-item2 {\r\n                        background: url(https:\/\/www.cgfmanet.org\/wp-content\/uploads\/2019\/12\/sante-beate1-80x60.jpg) 0 0 no-repeat;\r\n                    }\r\n                <\/style>\r\n\r\n                <div id=\"tdi_1\" class=\"td-gallery td-slide-on-2-columns\">\r\n                    <div class=\"post_td_gallery\">\r\n                        <div class=\"td-gallery-slide-top\">\r\n                           <div class=\"td-gallery-title\"><\/div>\r\n\r\n                            <div class=\"td-gallery-controls-wrapper\">\r\n                                <div class=\"td-gallery-slide-count\"><span class=\"td-gallery-slide-item-focus\">1<\/span> do 2<\/div>\r\n                                <div class=\"td-gallery-slide-prev-next-but\">\r\n                                    <i class = \"td-icon-left doubleSliderPrevButton\"><\/i>\r\n                                    <i class = \"td-icon-right doubleSliderNextButton\"><\/i>\r\n                                <\/div>\r\n                            <\/div>\r\n                        <\/div>\r\n\r\n                        <div class = \"td-doubleSlider-1 \">\r\n                            <div class = \"td-slider\">\r\n                                \r\n                    <div class = \"td-slide-item td-item1\">\r\n                        <figure class=\"td-slide-galery-figure td-slide-popup-gallery\">\r\n                            <a class=\"slide-gallery-image-link\" href=\"https:\/\/www.cgfmanet.org\/wp-content\/uploads\/2019\/12\/sante-beate3.jpg\" title=\"sante-beate3\"  data-caption=\"\"  data-description=\"\">\r\n                                <img decoding=\"async\" data-src=\"https:\/\/www.cgfmanet.org\/wp-content\/uploads\/2019\/12\/sante-beate3-351x420.jpg\" data-srcset=\"https:\/\/www.cgfmanet.org\/wp-content\/uploads\/2019\/12\/sante-beate3-351x420.jpg 351w, https:\/\/www.cgfmanet.org\/wp-content\/uploads\/2019\/12\/sante-beate3.jpg 518w\" data-sizes=\"auto\" alt=\"\" src=\"data:image\/svg+xml;base64,PHN2ZyB3aWR0aD0iMSIgaGVpZ2h0PSIxIiB4bWxucz0iaHR0cDovL3d3dy53My5vcmcvMjAwMC9zdmciPjwvc3ZnPg==\" class=\"lazyload\" style=\"--smush-placeholder-width: 351px; --smush-placeholder-aspect-ratio: 351\/420;\" data-original-sizes=\"(max-width: 351px) 100vw, 351px\">\r\n                            <\/a>\r\n                            \r\n                        <\/figure>\r\n                    <\/div>\r\n                    <div class = \"td-slide-item td-item2\">\r\n                        <figure class=\"td-slide-galery-figure td-slide-popup-gallery\">\r\n                            <a class=\"slide-gallery-image-link\" href=\"https:\/\/www.cgfmanet.org\/wp-content\/uploads\/2019\/12\/sante-beate1.jpg\" title=\"sante-beate1\"  data-caption=\"\"  data-description=\"\">\r\n                                <img decoding=\"async\" data-src=\"https:\/\/www.cgfmanet.org\/wp-content\/uploads\/2019\/12\/sante-beate1.jpg\" alt=\"\" src=\"data:image\/svg+xml;base64,PHN2ZyB3aWR0aD0iMSIgaGVpZ2h0PSIxIiB4bWxucz0iaHR0cDovL3d3dy53My5vcmcvMjAwMC9zdmciPjwvc3ZnPg==\" class=\"lazyload\" style=\"--smush-placeholder-width: 207px; --smush-placeholder-aspect-ratio: 207\/400;\">\r\n                            <\/a>\r\n                            \r\n                        <\/figure>\r\n                    <\/div>\r\n                            <\/div>\r\n                        <\/div>\r\n\r\n                        <div class = \"td-doubleSlider-2\">\r\n                            <div class = \"td-slider\">\r\n                                \r\n                    <div class = \"td-button td-item1\">\r\n                        <div class = \"td-border\"><\/div>\r\n                    <\/div>\r\n                    <div class = \"td-button td-item2\">\r\n                        <div class = \"td-border\"><\/div>\r\n                    <\/div>\r\n                            <\/div>\r\n                        <\/div>\r\n\r\n                    <\/div>\r\n\r\n                <\/div>\r\n                \n","protected":false},"excerpt":{"rendered":"<p>Roma (Italia). Uma iniciativa a valorizar nas comunidades educativas, no dia 3 de cada m\u00eas, no Web site do Instituto, ser\u00e1 publicado um aprofundamento sobre o tema: Acompanhamento de jovens [&hellip;]<\/p>\n","protected":false},"author":45,"featured_media":13417,"comment_status":"open","ping_status":"closed","sticky":false,"template":"","format":"standard","meta":{"footnotes":""},"categories":[166,159],"tags":[1352,1449,1664],"class_list":["post-13428","post","type-post","status-publish","format-standard","has-post-thumbnail","category-carisma-salesiano-pt","category-ifma-pt-pt","tag-madre-mazzarello-pt-pt","tag-santidade-salesiana","tag-maria-domenica-mazzarello-pt-pt"],"yoast_head":"<!-- This site is optimized with the Yoast SEO plugin v27.4 - https:\/\/yoast.com\/product\/yoast-seo-wordpress\/ -->\n<title>Santas, Beatas, Vener\u00e1veis Servas de Deus no Instituto das FMA &#8226; Istituto Figlie di Maria Ausiliatrice<\/title>\n<meta name=\"robots\" content=\"index, follow, max-snippet:-1, max-image-preview:large, max-video-preview:-1\" \/>\n<link rel=\"canonical\" href=\"https:\/\/www.cgfmanet.org\/pt-pt\/ifma-pt-pt\/santas-beatas-veneraveis-servas-de-deus-no-instituto-das-fma\/\" \/>\n<meta property=\"og:locale\" content=\"pt_PT\" \/>\n<meta property=\"og:type\" content=\"article\" \/>\n<meta property=\"og:title\" content=\"Santas, Beatas, Vener\u00e1veis Servas de Deus no Instituto das FMA &#8226; Istituto Figlie di Maria Ausiliatrice\" \/>\n<meta property=\"og:description\" content=\"Roma (Italia). Uma iniciativa a valorizar nas comunidades educativas, no dia 3 de cada m\u00eas, no Web site do Instituto, ser\u00e1 publicado um aprofundamento sobre o tema: Acompanhamento de jovens [&hellip;]\" \/>\n<meta property=\"og:url\" content=\"https:\/\/www.cgfmanet.org\/pt-pt\/ifma-pt-pt\/santas-beatas-veneraveis-servas-de-deus-no-instituto-das-fma\/\" \/>\n<meta property=\"og:site_name\" content=\"Istituto Figlie di Maria Ausiliatrice\" \/>\n<meta property=\"article:publisher\" content=\"https:\/\/www.facebook.com\/salesian.sisters.of.don.bosco\/\" \/>\n<meta property=\"article:published_time\" content=\"2018-10-02T10:09:42+00:00\" \/>\n<meta property=\"article:modified_time\" content=\"2020-08-09T15:51:28+00:00\" \/>\n<meta property=\"og:image\" content=\"https:\/\/www.cgfmanet.org\/wp-content\/uploads\/2019\/12\/sante-beate2.jpg\" \/>\n\t<meta property=\"og:image:width\" content=\"635\" \/>\n\t<meta property=\"og:image:height\" content=\"373\" \/>\n\t<meta property=\"og:image:type\" content=\"image\/jpeg\" \/>\n<meta name=\"author\" content=\"kedos\" \/>\n<meta name=\"twitter:card\" content=\"summary_large_image\" \/>\n<meta name=\"twitter:creator\" content=\"@Cgfmanet_Org\" \/>\n<meta name=\"twitter:site\" content=\"@Cgfmanet_Org\" \/>\n<meta name=\"twitter:label1\" content=\"Escrito por\" \/>\n\t<meta name=\"twitter:data1\" content=\"kedos\" \/>\n\t<meta name=\"twitter:label2\" content=\"Tempo estimado de leitura\" \/>\n\t<meta name=\"twitter:data2\" content=\"5 minutos\" \/>\n<script type=\"application\/ld+json\" class=\"yoast-schema-graph\">{\"@context\":\"https:\\\/\\\/schema.org\",\"@graph\":[{\"@type\":\"Article\",\"@id\":\"https:\\\/\\\/www.cgfmanet.org\\\/pt-pt\\\/ifma-pt-pt\\\/santas-beatas-veneraveis-servas-de-deus-no-instituto-das-fma\\\/#article\",\"isPartOf\":{\"@id\":\"https:\\\/\\\/www.cgfmanet.org\\\/pt-pt\\\/ifma-pt-pt\\\/santas-beatas-veneraveis-servas-de-deus-no-instituto-das-fma\\\/\"},\"author\":{\"name\":\"kedos\",\"@id\":\"https:\\\/\\\/www.cgfmanet.org\\\/es\\\/#\\\/schema\\\/person\\\/a0ee6558fb72feabd20b995682c980af\"},\"headline\":\"Santas, Beatas, Vener\u00e1veis Servas de Deus no Instituto das FMA\",\"datePublished\":\"2018-10-02T10:09:42+00:00\",\"dateModified\":\"2020-08-09T15:51:28+00:00\",\"mainEntityOfPage\":{\"@id\":\"https:\\\/\\\/www.cgfmanet.org\\\/pt-pt\\\/ifma-pt-pt\\\/santas-beatas-veneraveis-servas-de-deus-no-instituto-das-fma\\\/\"},\"wordCount\":962,\"commentCount\":0,\"publisher\":{\"@id\":\"https:\\\/\\\/www.cgfmanet.org\\\/es\\\/#organization\"},\"image\":{\"@id\":\"https:\\\/\\\/www.cgfmanet.org\\\/pt-pt\\\/ifma-pt-pt\\\/santas-beatas-veneraveis-servas-de-deus-no-instituto-das-fma\\\/#primaryimage\"},\"thumbnailUrl\":\"https:\\\/\\\/www.cgfmanet.org\\\/wp-content\\\/uploads\\\/2019\\\/12\\\/sante-beate2.jpg\",\"keywords\":[\"Madre Mazzarello\",\"Santidade Salesiana\",\"Maria Domenica Mazzarello\"],\"articleSection\":[\"Carisma Salesiano\",\"IFMA\"],\"inLanguage\":\"pt-PT\",\"potentialAction\":[{\"@type\":\"CommentAction\",\"name\":\"Comment\",\"target\":[\"https:\\\/\\\/www.cgfmanet.org\\\/pt-pt\\\/ifma-pt-pt\\\/santas-beatas-veneraveis-servas-de-deus-no-instituto-das-fma\\\/#respond\"]}]},{\"@type\":\"WebPage\",\"@id\":\"https:\\\/\\\/www.cgfmanet.org\\\/pt-pt\\\/ifma-pt-pt\\\/santas-beatas-veneraveis-servas-de-deus-no-instituto-das-fma\\\/\",\"url\":\"https:\\\/\\\/www.cgfmanet.org\\\/pt-pt\\\/ifma-pt-pt\\\/santas-beatas-veneraveis-servas-de-deus-no-instituto-das-fma\\\/\",\"name\":\"Santas, Beatas, Vener\u00e1veis Servas de Deus no Instituto das FMA &#8226; Istituto Figlie di Maria Ausiliatrice\",\"isPartOf\":{\"@id\":\"https:\\\/\\\/www.cgfmanet.org\\\/es\\\/#website\"},\"primaryImageOfPage\":{\"@id\":\"https:\\\/\\\/www.cgfmanet.org\\\/pt-pt\\\/ifma-pt-pt\\\/santas-beatas-veneraveis-servas-de-deus-no-instituto-das-fma\\\/#primaryimage\"},\"image\":{\"@id\":\"https:\\\/\\\/www.cgfmanet.org\\\/pt-pt\\\/ifma-pt-pt\\\/santas-beatas-veneraveis-servas-de-deus-no-instituto-das-fma\\\/#primaryimage\"},\"thumbnailUrl\":\"https:\\\/\\\/www.cgfmanet.org\\\/wp-content\\\/uploads\\\/2019\\\/12\\\/sante-beate2.jpg\",\"datePublished\":\"2018-10-02T10:09:42+00:00\",\"dateModified\":\"2020-08-09T15:51:28+00:00\",\"breadcrumb\":{\"@id\":\"https:\\\/\\\/www.cgfmanet.org\\\/pt-pt\\\/ifma-pt-pt\\\/santas-beatas-veneraveis-servas-de-deus-no-instituto-das-fma\\\/#breadcrumb\"},\"inLanguage\":\"pt-PT\",\"potentialAction\":[{\"@type\":\"ReadAction\",\"target\":[\"https:\\\/\\\/www.cgfmanet.org\\\/pt-pt\\\/ifma-pt-pt\\\/santas-beatas-veneraveis-servas-de-deus-no-instituto-das-fma\\\/\"]}]},{\"@type\":\"ImageObject\",\"inLanguage\":\"pt-PT\",\"@id\":\"https:\\\/\\\/www.cgfmanet.org\\\/pt-pt\\\/ifma-pt-pt\\\/santas-beatas-veneraveis-servas-de-deus-no-instituto-das-fma\\\/#primaryimage\",\"url\":\"https:\\\/\\\/www.cgfmanet.org\\\/wp-content\\\/uploads\\\/2019\\\/12\\\/sante-beate2.jpg\",\"contentUrl\":\"https:\\\/\\\/www.cgfmanet.org\\\/wp-content\\\/uploads\\\/2019\\\/12\\\/sante-beate2.jpg\",\"width\":635,\"height\":373},{\"@type\":\"BreadcrumbList\",\"@id\":\"https:\\\/\\\/www.cgfmanet.org\\\/pt-pt\\\/ifma-pt-pt\\\/santas-beatas-veneraveis-servas-de-deus-no-instituto-das-fma\\\/#breadcrumb\",\"itemListElement\":[{\"@type\":\"ListItem\",\"position\":1,\"name\":\"Home\",\"item\":\"https:\\\/\\\/www.cgfmanet.org\\\/pt-pt\\\/\"},{\"@type\":\"ListItem\",\"position\":2,\"name\":\"Santas, Beatas, Vener\u00e1veis Servas de Deus no Instituto das FMA\"}]},{\"@type\":\"WebSite\",\"@id\":\"https:\\\/\\\/www.cgfmanet.org\\\/es\\\/#website\",\"url\":\"https:\\\/\\\/www.cgfmanet.org\\\/es\\\/\",\"name\":\"Istituto Figlie di Maria Ausiliatrice\",\"description\":\"Salesiane di Don Bosco\",\"publisher\":{\"@id\":\"https:\\\/\\\/www.cgfmanet.org\\\/es\\\/#organization\"},\"potentialAction\":[{\"@type\":\"SearchAction\",\"target\":{\"@type\":\"EntryPoint\",\"urlTemplate\":\"https:\\\/\\\/www.cgfmanet.org\\\/es\\\/?s={search_term_string}\"},\"query-input\":{\"@type\":\"PropertyValueSpecification\",\"valueRequired\":true,\"valueName\":\"search_term_string\"}}],\"inLanguage\":\"pt-PT\"},{\"@type\":\"Organization\",\"@id\":\"https:\\\/\\\/www.cgfmanet.org\\\/es\\\/#organization\",\"name\":\"Istituto Figlie di Maria Ausiliatrice\",\"url\":\"https:\\\/\\\/www.cgfmanet.org\\\/es\\\/\",\"logo\":{\"@type\":\"ImageObject\",\"inLanguage\":\"pt-PT\",\"@id\":\"https:\\\/\\\/www.cgfmanet.org\\\/es\\\/#\\\/schema\\\/logo\\\/image\\\/\",\"url\":\"https:\\\/\\\/www.cgfmanet.org\\\/wp-content\\\/uploads\\\/2018\\\/10\\\/logo-fma.png\",\"contentUrl\":\"https:\\\/\\\/www.cgfmanet.org\\\/wp-content\\\/uploads\\\/2018\\\/10\\\/logo-fma.png\",\"width\":214,\"height\":55,\"caption\":\"Istituto Figlie di Maria Ausiliatrice\"},\"image\":{\"@id\":\"https:\\\/\\\/www.cgfmanet.org\\\/es\\\/#\\\/schema\\\/logo\\\/image\\\/\"},\"sameAs\":[\"https:\\\/\\\/www.facebook.com\\\/salesian.sisters.of.don.bosco\\\/\",\"https:\\\/\\\/x.com\\\/Cgfmanet_Org\",\"https:\\\/\\\/www.youtube.com\\\/channel\\\/UCmcr8yFQBV7JXeXVxyV9y5Q\"]},{\"@type\":\"Person\",\"@id\":\"https:\\\/\\\/www.cgfmanet.org\\\/es\\\/#\\\/schema\\\/person\\\/a0ee6558fb72feabd20b995682c980af\",\"name\":\"kedos\"}]}<\/script>\n<!-- \/ Yoast SEO plugin. -->","yoast_head_json":{"title":"Santas, Beatas, Vener\u00e1veis Servas de Deus no Instituto das FMA &#8226; Istituto Figlie di Maria Ausiliatrice","robots":{"index":"index","follow":"follow","max-snippet":"max-snippet:-1","max-image-preview":"max-image-preview:large","max-video-preview":"max-video-preview:-1"},"canonical":"https:\/\/www.cgfmanet.org\/pt-pt\/ifma-pt-pt\/santas-beatas-veneraveis-servas-de-deus-no-instituto-das-fma\/","og_locale":"pt_PT","og_type":"article","og_title":"Santas, Beatas, Vener\u00e1veis Servas de Deus no Instituto das FMA &#8226; Istituto Figlie di Maria Ausiliatrice","og_description":"Roma (Italia). Uma iniciativa a valorizar nas comunidades educativas, no dia 3 de cada m\u00eas, no Web site do Instituto, ser\u00e1 publicado um aprofundamento sobre o tema: Acompanhamento de jovens [&hellip;]","og_url":"https:\/\/www.cgfmanet.org\/pt-pt\/ifma-pt-pt\/santas-beatas-veneraveis-servas-de-deus-no-instituto-das-fma\/","og_site_name":"Istituto Figlie di Maria Ausiliatrice","article_publisher":"https:\/\/www.facebook.com\/salesian.sisters.of.don.bosco\/","article_published_time":"2018-10-02T10:09:42+00:00","article_modified_time":"2020-08-09T15:51:28+00:00","og_image":[{"width":635,"height":373,"url":"https:\/\/www.cgfmanet.org\/wp-content\/uploads\/2019\/12\/sante-beate2.jpg","type":"image\/jpeg"}],"author":"kedos","twitter_card":"summary_large_image","twitter_creator":"@Cgfmanet_Org","twitter_site":"@Cgfmanet_Org","twitter_misc":{"Escrito por":"kedos","Tempo estimado de leitura":"5 minutos"},"schema":{"@context":"https:\/\/schema.org","@graph":[{"@type":"Article","@id":"https:\/\/www.cgfmanet.org\/pt-pt\/ifma-pt-pt\/santas-beatas-veneraveis-servas-de-deus-no-instituto-das-fma\/#article","isPartOf":{"@id":"https:\/\/www.cgfmanet.org\/pt-pt\/ifma-pt-pt\/santas-beatas-veneraveis-servas-de-deus-no-instituto-das-fma\/"},"author":{"name":"kedos","@id":"https:\/\/www.cgfmanet.org\/es\/#\/schema\/person\/a0ee6558fb72feabd20b995682c980af"},"headline":"Santas, Beatas, Vener\u00e1veis Servas de Deus no Instituto das FMA","datePublished":"2018-10-02T10:09:42+00:00","dateModified":"2020-08-09T15:51:28+00:00","mainEntityOfPage":{"@id":"https:\/\/www.cgfmanet.org\/pt-pt\/ifma-pt-pt\/santas-beatas-veneraveis-servas-de-deus-no-instituto-das-fma\/"},"wordCount":962,"commentCount":0,"publisher":{"@id":"https:\/\/www.cgfmanet.org\/es\/#organization"},"image":{"@id":"https:\/\/www.cgfmanet.org\/pt-pt\/ifma-pt-pt\/santas-beatas-veneraveis-servas-de-deus-no-instituto-das-fma\/#primaryimage"},"thumbnailUrl":"https:\/\/www.cgfmanet.org\/wp-content\/uploads\/2019\/12\/sante-beate2.jpg","keywords":["Madre Mazzarello","Santidade Salesiana","Maria Domenica Mazzarello"],"articleSection":["Carisma Salesiano","IFMA"],"inLanguage":"pt-PT","potentialAction":[{"@type":"CommentAction","name":"Comment","target":["https:\/\/www.cgfmanet.org\/pt-pt\/ifma-pt-pt\/santas-beatas-veneraveis-servas-de-deus-no-instituto-das-fma\/#respond"]}]},{"@type":"WebPage","@id":"https:\/\/www.cgfmanet.org\/pt-pt\/ifma-pt-pt\/santas-beatas-veneraveis-servas-de-deus-no-instituto-das-fma\/","url":"https:\/\/www.cgfmanet.org\/pt-pt\/ifma-pt-pt\/santas-beatas-veneraveis-servas-de-deus-no-instituto-das-fma\/","name":"Santas, Beatas, Vener\u00e1veis Servas de Deus no Instituto das FMA &#8226; Istituto Figlie di Maria Ausiliatrice","isPartOf":{"@id":"https:\/\/www.cgfmanet.org\/es\/#website"},"primaryImageOfPage":{"@id":"https:\/\/www.cgfmanet.org\/pt-pt\/ifma-pt-pt\/santas-beatas-veneraveis-servas-de-deus-no-instituto-das-fma\/#primaryimage"},"image":{"@id":"https:\/\/www.cgfmanet.org\/pt-pt\/ifma-pt-pt\/santas-beatas-veneraveis-servas-de-deus-no-instituto-das-fma\/#primaryimage"},"thumbnailUrl":"https:\/\/www.cgfmanet.org\/wp-content\/uploads\/2019\/12\/sante-beate2.jpg","datePublished":"2018-10-02T10:09:42+00:00","dateModified":"2020-08-09T15:51:28+00:00","breadcrumb":{"@id":"https:\/\/www.cgfmanet.org\/pt-pt\/ifma-pt-pt\/santas-beatas-veneraveis-servas-de-deus-no-instituto-das-fma\/#breadcrumb"},"inLanguage":"pt-PT","potentialAction":[{"@type":"ReadAction","target":["https:\/\/www.cgfmanet.org\/pt-pt\/ifma-pt-pt\/santas-beatas-veneraveis-servas-de-deus-no-instituto-das-fma\/"]}]},{"@type":"ImageObject","inLanguage":"pt-PT","@id":"https:\/\/www.cgfmanet.org\/pt-pt\/ifma-pt-pt\/santas-beatas-veneraveis-servas-de-deus-no-instituto-das-fma\/#primaryimage","url":"https:\/\/www.cgfmanet.org\/wp-content\/uploads\/2019\/12\/sante-beate2.jpg","contentUrl":"https:\/\/www.cgfmanet.org\/wp-content\/uploads\/2019\/12\/sante-beate2.jpg","width":635,"height":373},{"@type":"BreadcrumbList","@id":"https:\/\/www.cgfmanet.org\/pt-pt\/ifma-pt-pt\/santas-beatas-veneraveis-servas-de-deus-no-instituto-das-fma\/#breadcrumb","itemListElement":[{"@type":"ListItem","position":1,"name":"Home","item":"https:\/\/www.cgfmanet.org\/pt-pt\/"},{"@type":"ListItem","position":2,"name":"Santas, Beatas, Vener\u00e1veis Servas de Deus no Instituto das FMA"}]},{"@type":"WebSite","@id":"https:\/\/www.cgfmanet.org\/es\/#website","url":"https:\/\/www.cgfmanet.org\/es\/","name":"Istituto Figlie di Maria Ausiliatrice","description":"Salesiane di Don Bosco","publisher":{"@id":"https:\/\/www.cgfmanet.org\/es\/#organization"},"potentialAction":[{"@type":"SearchAction","target":{"@type":"EntryPoint","urlTemplate":"https:\/\/www.cgfmanet.org\/es\/?s={search_term_string}"},"query-input":{"@type":"PropertyValueSpecification","valueRequired":true,"valueName":"search_term_string"}}],"inLanguage":"pt-PT"},{"@type":"Organization","@id":"https:\/\/www.cgfmanet.org\/es\/#organization","name":"Istituto Figlie di Maria Ausiliatrice","url":"https:\/\/www.cgfmanet.org\/es\/","logo":{"@type":"ImageObject","inLanguage":"pt-PT","@id":"https:\/\/www.cgfmanet.org\/es\/#\/schema\/logo\/image\/","url":"https:\/\/www.cgfmanet.org\/wp-content\/uploads\/2018\/10\/logo-fma.png","contentUrl":"https:\/\/www.cgfmanet.org\/wp-content\/uploads\/2018\/10\/logo-fma.png","width":214,"height":55,"caption":"Istituto Figlie di Maria Ausiliatrice"},"image":{"@id":"https:\/\/www.cgfmanet.org\/es\/#\/schema\/logo\/image\/"},"sameAs":["https:\/\/www.facebook.com\/salesian.sisters.of.don.bosco\/","https:\/\/x.com\/Cgfmanet_Org","https:\/\/www.youtube.com\/channel\/UCmcr8yFQBV7JXeXVxyV9y5Q"]},{"@type":"Person","@id":"https:\/\/www.cgfmanet.org\/es\/#\/schema\/person\/a0ee6558fb72feabd20b995682c980af","name":"kedos"}]}},"_links":{"self":[{"href":"https:\/\/www.cgfmanet.org\/pt-pt\/wp-json\/wp\/v2\/posts\/13428","targetHints":{"allow":["GET"]}}],"collection":[{"href":"https:\/\/www.cgfmanet.org\/pt-pt\/wp-json\/wp\/v2\/posts"}],"about":[{"href":"https:\/\/www.cgfmanet.org\/pt-pt\/wp-json\/wp\/v2\/types\/post"}],"author":[{"embeddable":true,"href":"https:\/\/www.cgfmanet.org\/pt-pt\/wp-json\/wp\/v2\/users\/45"}],"replies":[{"embeddable":true,"href":"https:\/\/www.cgfmanet.org\/pt-pt\/wp-json\/wp\/v2\/comments?post=13428"}],"version-history":[{"count":0,"href":"https:\/\/www.cgfmanet.org\/pt-pt\/wp-json\/wp\/v2\/posts\/13428\/revisions"}],"wp:featuredmedia":[{"embeddable":true,"href":"https:\/\/www.cgfmanet.org\/pt-pt\/wp-json\/wp\/v2\/media\/13417"}],"wp:attachment":[{"href":"https:\/\/www.cgfmanet.org\/pt-pt\/wp-json\/wp\/v2\/media?parent=13428"}],"wp:term":[{"taxonomy":"category","embeddable":true,"href":"https:\/\/www.cgfmanet.org\/pt-pt\/wp-json\/wp\/v2\/categories?post=13428"},{"taxonomy":"post_tag","embeddable":true,"href":"https:\/\/www.cgfmanet.org\/pt-pt\/wp-json\/wp\/v2\/tags?post=13428"}],"curies":[{"name":"wp","href":"https:\/\/api.w.org\/{rel}","templated":true}]}}