{"id":134138,"date":"2025-05-08T22:28:35","date_gmt":"2025-05-08T20:28:35","guid":{"rendered":"https:\/\/www.cgfmanet.org\/infosfera-pt-pt\/leone-xiv-e-il-nuovo-papa\/"},"modified":"2025-05-10T22:48:26","modified_gmt":"2025-05-10T20:48:26","slug":"leao-xiv-e-o-novo-papa","status":"publish","type":"post","link":"https:\/\/www.cgfmanet.org\/pt-pt\/infosfera-pt-pt\/leao-xiv-e-o-novo-papa\/","title":{"rendered":"Le\u00e3o XIV \u00e9 o novo Papa!"},"content":{"rendered":"<p><strong>Roma (It\u00e1lia). <\/strong>Em 8 de maio de 2025, \u00e0s 19h23, chegou a not\u00edcia que todo o mundo esperava:<strong>o 267\u00ba Bispo de Roma \u00e9 o Cardeal <span style=\"color: #0000ff;\"><a style=\"color: #0000ff;\" href=\"https:\/\/press.vatican.va\/content\/salastampa\/it\/documentation\/cardinali_biografie\/cardinali_bio_prevost_rf.html\" target=\"_blank\" rel=\"noopener\">Robert Francis Prevost<\/a><\/span>,Papa Le\u00e3o XIV<\/strong>, eleito pelo Conclave na 4\u00aa vota\u00e7\u00e3o.<\/p>\n<p><a href=\"https:\/\/www.cgfmanet.org\/wp-content\/uploads\/2025\/05\/Papa-Leone-XXIV_2.jpg\"><img decoding=\"async\" class=\"alignleft wp-image-134120 lazyload\" data-src=\"https:\/\/www.cgfmanet.org\/wp-content\/uploads\/2025\/05\/Papa-Leone-XXIV_2.jpg\" alt=\"\" width=\"350\" height=\"461\" data-srcset=\"https:\/\/www.cgfmanet.org\/wp-content\/uploads\/2025\/05\/Papa-Leone-XXIV_2.jpg 720w, https:\/\/www.cgfmanet.org\/wp-content\/uploads\/2025\/05\/Papa-Leone-XXIV_2-319x420.jpg 319w, https:\/\/www.cgfmanet.org\/wp-content\/uploads\/2025\/05\/Papa-Leone-XXIV_2-696x916.jpg 696w\" data-sizes=\"auto\" src=\"data:image\/svg+xml;base64,PHN2ZyB3aWR0aD0iMSIgaGVpZ2h0PSIxIiB4bWxucz0iaHR0cDovL3d3dy53My5vcmcvMjAwMC9zdmciPjwvc3ZnPg==\" style=\"--smush-placeholder-width: 350px; --smush-placeholder-aspect-ratio: 350\/461;\" data-original-sizes=\"(max-width: 350px) 100vw, 350px\" \/><\/a><\/p>\n<p style=\"text-align: justify; text-justify: inter-ideograph;\"><span lang=\"PT-BR\">Ap\u00f3s o an\u00fancio do Cardeal protodi\u00e1cono Dominique Mamberti \u2013 <em>&#8220;Nuntio vobis gaudium magnum, Habemus Papam&#8221;<\/em> \u2013 o novo Pont\u00edfice apareceu na Sacada externa da B\u00ean\u00e7\u00e3o da Bas\u00edlica Vaticana para saudar a multid\u00e3o festiva e conceder a B\u00ean\u00e7\u00e3o Apost\u00f3lica \u201cUrbi et Orbi\u201d.<\/span><\/p>\n<p style=\"text-align: justify; text-justify: inter-ideograph;\"><strong><i><span lang=\"PT-BR\">\u201cA paz esteja com todos v\u00f3s!\u201d<\/span><\/i><\/strong><span lang=\"PT-BR\"> foram suas primeiras palavras.<br \/>\n\u201c<em>Queridos irm\u00e3os e irm\u00e3s, esta \u00e9 a primeira sauda\u00e7\u00e3o do Cristo Ressuscitado, o bom pastor que deu a vida pelo rebanho de Deus. Tamb\u00e9m eu gostaria que esta sauda\u00e7\u00e3o de paz entrasse no vosso cora\u00e7\u00e3o, alcan\u00e7asse as vossas fam\u00edlias, a todas as pessoas, onde quer que estejam, a todos os povos, a toda a terra. A paz esteja convosco!<\/em><\/span><\/p>\n<p style=\"text-align: justify; text-justify: inter-ideograph;\"><em><span lang=\"PT-BR\">Esta \u00e9 a paz do Cristo Ressuscitado, uma paz desarmada e desarmante, humilde e perseverante. Vem de Deus, Deus que nos ama a todos incondicionalmente. Ainda conservamos em nossos ouvidos aquela voz fraca, mas sempre corajosa, do Papa Francisco que aben\u00e7oava Roma!<\/span><\/em><span lang=\"PT-BR\">\u201d<\/span><\/p>\n<p style=\"text-align: justify; text-justify: inter-ideograph;\"><strong><span lang=\"PT-BR\">O agradecimento ao Papa Francisco<\/span><\/strong><\/p>\n<p style=\"text-align: justify; text-justify: inter-ideograph;\"><em><span lang=\"PT-BR\">O Papa que aben\u00e7oava Roma dava sua b\u00ean\u00e7\u00e3o ao mundo, ao mundo inteiro, naquela manh\u00e3 do Domingo de P\u00e1scoa. Permitam-me dar continuidade \u00e0quela mesma b\u00ean\u00e7\u00e3o: Deus nos quer bem, Deus vos ama a todos, e o mal n\u00e3o prevalecer\u00e1! Estamos todos nas m\u00e3os de Deus. Portanto, sem medo, unidos de m\u00e3os dadas com Deus e entre n\u00f3s, sigamos em frente. Somos disc\u00edpulos de Cristo. Cristo nos precede. O mundo precisa de sua luz. A humanidade necessita dele como ponte para ser alcan\u00e7ada por Deus e por seu amor. Ajudai-nos tamb\u00e9m v\u00f3s, e uns aos outros, a construir pontes, com o di\u00e1logo, com o encontro, unindo-nos todos para ser um s\u00f3 povo, sempre em paz. Obrigado ao Papa Francisco!<\/span><\/em><\/p>\n<p style=\"text-align: justify; text-justify: inter-ideograph;\"><strong><span lang=\"PT-BR\">Caminhar como Igreja unida<\/span><\/strong><\/p>\n<p style=\"text-align: justify; text-justify: inter-ideograph;\"><em><span lang=\"PT-BR\">Quero agradecer tamb\u00e9m a todos os confrades cardeais que me escolheram para ser Sucessor de Pedro e caminhar junto a v\u00f3s, como Igreja unida, buscando sempre a paz, a justi\u00e7a, procurando sempre trabalhar como homens e mulheres fi\u00e9is a Jesus Cristo, sem medo, para proclamar o Evangelho, para ser mission\u00e1rios.<\/span><\/em><\/p>\n<p style=\"text-align: justify; text-justify: inter-ideograph;\"><strong><span lang=\"PT-BR\">Um Papa agostiniano<\/span><\/strong><\/p>\n<p style=\"text-align: justify; text-justify: inter-ideograph;\"><em><span lang=\"PT-BR\">Sou filho de Santo Agostinho, agostiniano, que dizia: \u201cconvosco sou crist\u00e3o e para v\u00f3s bispo\u201d. Nesse sentido, todos podemos caminhar juntos rumo \u00e0 p\u00e1tria que Deus nos preparou.<\/span><\/em><\/p>\n<p style=\"text-align: justify; text-justify: inter-ideograph;\"><strong><span lang=\"PT-BR\">Ser uma Igreja mission\u00e1ria<\/span><\/strong><\/p>\n<p style=\"text-align: justify; text-justify: inter-ideograph;\"><em><span lang=\"PT-BR\">\u00c0 Igreja de Roma, uma sauda\u00e7\u00e3o especial! Devemos buscar juntos como ser uma Igreja mission\u00e1ria, uma Igreja que constr\u00f3i pontes, o di\u00e1logo, sempre aberta a receber como esta pra\u00e7a com os bra\u00e7os abertos. Todos, todos aqueles que precisam de nossa caridade, nossa presen\u00e7a, o di\u00e1logo e o amor.<\/span><\/em><\/p>\n<p style=\"text-align: justify; text-justify: inter-ideograph;\"><em><span lang=\"PT-BR\">Y si me permiten tambi\u00e9n, una palabra, un saludo a todos aquellos y en modo particular a mi querida di\u00f3cesis de Chiclayo, en el Per\u00fa, donde un pueblo fiel ha acompa\u00f1ado a su obispo, ha compartido su fe y ha dado tanto, tanto para seguir siendo Iglesia fiel de Jesucristo.<\/span><\/em><span lang=\"PT-BR\"><br \/>\n(<em>E se me permitis uma palavra, uma sauda\u00e7\u00e3o a todos, e em especial \u00e0 minha querida diocese de Chiclayo, no Peru, onde um povo fiel acompanhou seu bispo, compartilhou sua f\u00e9 e deu tanto, tanto para continuar a ser Igreja fiel de Jesus Cristo.<\/em>)<\/span><\/p>\n<p style=\"text-align: justify; text-justify: inter-ideograph;\"><strong><span lang=\"PT-BR\">Uma Igreja sinodal<\/span><\/strong><\/p>\n<p style=\"text-align: justify; text-justify: inter-ideograph;\"><em><span lang=\"PT-BR\">A todos v\u00f3s, irm\u00e3os e irm\u00e3s de Roma, da It\u00e1lia, de todo o mundo, queremos ser<\/span><\/em><span lang=\"PT-BR\"> <strong><i>uma Igreja sinodal, uma Igreja que caminha, uma Igreja que busca sempre a paz, que busca sempre a caridade, que busca sempre estar pr\u00f3xima especialmente daqueles que sofrem.<\/i><\/strong><\/span><\/p>\n<p style=\"text-align: justify; text-justify: inter-ideograph;\"><strong><span lang=\"PT-BR\">A ora\u00e7\u00e3o a Maria<\/span><\/strong><\/p>\n<p style=\"text-align: justify; text-justify: inter-ideograph;\"><em><span lang=\"PT-BR\">Hoje \u00e9 o dia da S\u00faplica \u00e0 Nossa Senhora de Pompeia. Nossa M\u00e3e Maria quer sempre caminhar conosco, estar perto, ajudar-nos com sua intercess\u00e3o e seu amor.<\/span><\/em><\/p>\n<p style=\"text-align: justify; text-justify: inter-ideograph;\"><em><span lang=\"PT-BR\">Ent\u00e3o, gostaria de rezar junto a v\u00f3s. Rezemos juntos por esta nova miss\u00e3o, por toda a Igreja, pela paz no mundo, e pe\u00e7amos esta gra\u00e7a especial a Maria, nossa M\u00e3e.<\/span><\/em><span lang=\"PT-BR\"><br \/>\n<strong><i>Ave Maria\u2026<\/i><\/strong><b><i><\/i><\/b><\/span><\/p>\n<p><a href=\"https:\/\/www.cgfmanet.org\/wp-content\/uploads\/2025\/05\/Papa-Leone-XXIV.jpg\"><img decoding=\"async\" class=\"aligncenter wp-image-134125 size-full lazyload\" data-src=\"https:\/\/www.cgfmanet.org\/wp-content\/uploads\/2025\/05\/Papa-Leone-XXIV.jpg\" alt=\"\" width=\"1600\" height=\"1200\" data-srcset=\"https:\/\/www.cgfmanet.org\/wp-content\/uploads\/2025\/05\/Papa-Leone-XXIV.jpg 1600w, https:\/\/www.cgfmanet.org\/wp-content\/uploads\/2025\/05\/Papa-Leone-XXIV-768x576.jpg 768w, https:\/\/www.cgfmanet.org\/wp-content\/uploads\/2025\/05\/Papa-Leone-XXIV-1536x1152.jpg 1536w, https:\/\/www.cgfmanet.org\/wp-content\/uploads\/2025\/05\/Papa-Leone-XXIV-560x420.jpg 560w, https:\/\/www.cgfmanet.org\/wp-content\/uploads\/2025\/05\/Papa-Leone-XXIV-80x60.jpg 80w, https:\/\/www.cgfmanet.org\/wp-content\/uploads\/2025\/05\/Papa-Leone-XXIV-696x522.jpg 696w, https:\/\/www.cgfmanet.org\/wp-content\/uploads\/2025\/05\/Papa-Leone-XXIV-265x198.jpg 265w\" data-sizes=\"auto\" src=\"data:image\/svg+xml;base64,PHN2ZyB3aWR0aD0iMSIgaGVpZ2h0PSIxIiB4bWxucz0iaHR0cDovL3d3dy53My5vcmcvMjAwMC9zdmciPjwvc3ZnPg==\" style=\"--smush-placeholder-width: 1600px; --smush-placeholder-aspect-ratio: 1600\/1200;\" data-original-sizes=\"(max-width: 1600px) 100vw, 1600px\" \/><\/a><\/p>\n","protected":false},"excerpt":{"rendered":"<p>Roma (It\u00e1lia). Em 8 de maio de 2025, \u00e0s 19h23, chegou a not\u00edcia que todo o mundo esperava:o 267\u00ba Bispo de Roma \u00e9 o Cardeal Robert Francis Prevost,Papa Le\u00e3o XIV, [&hellip;]<\/p>\n","protected":false},"author":21,"featured_media":134133,"comment_status":"open","ping_status":"closed","sticky":false,"template":"","format":"standard","meta":{"footnotes":""},"categories":[38,189],"tags":[1930,2490],"class_list":["post-134138","post","type-post","status-publish","format-standard","has-post-thumbnail","category-infosfera-pt-pt","category-igreja","tag-focus-pt-pt","tag-papa-leao-xiv"],"yoast_head":"<!-- This site is optimized with the Yoast SEO plugin v27.4 - https:\/\/yoast.com\/product\/yoast-seo-wordpress\/ -->\n<title>Le\u00e3o XIV \u00e9 o novo Papa! &#8226; Istituto Figlie di Maria Ausiliatrice<\/title>\n<meta name=\"description\" content=\"Em 8 de maio de 2025, na 4\u00aa vota\u00e7\u00e3o, o Conclave elegeu como 267\u00ba Bispo de Roma o Cardeal Robert Francis Prevost, Papa Le\u00e3o XIV.\" \/>\n<meta name=\"robots\" content=\"index, follow, max-snippet:-1, max-image-preview:large, max-video-preview:-1\" \/>\n<link rel=\"canonical\" href=\"https:\/\/www.cgfmanet.org\/pt-pt\/infosfera-pt-pt\/leao-xiv-e-o-novo-papa\/\" \/>\n<meta property=\"og:locale\" content=\"pt_PT\" \/>\n<meta property=\"og:type\" content=\"article\" \/>\n<meta property=\"og:title\" content=\"Le\u00e3o XIV \u00e9 o novo Papa! &#8226; Istituto Figlie di Maria Ausiliatrice\" \/>\n<meta property=\"og:description\" content=\"Em 8 de maio de 2025, na 4\u00aa vota\u00e7\u00e3o, o Conclave elegeu como 267\u00ba Bispo de Roma o Cardeal Robert Francis Prevost, Papa Le\u00e3o XIV.\" \/>\n<meta property=\"og:url\" content=\"https:\/\/www.cgfmanet.org\/pt-pt\/infosfera-pt-pt\/leao-xiv-e-o-novo-papa\/\" \/>\n<meta property=\"og:site_name\" content=\"Istituto Figlie di Maria Ausiliatrice\" \/>\n<meta property=\"article:publisher\" content=\"https:\/\/www.facebook.com\/salesian.sisters.of.don.bosco\/\" \/>\n<meta property=\"article:published_time\" content=\"2025-05-08T20:28:35+00:00\" \/>\n<meta property=\"article:modified_time\" content=\"2025-05-10T20:48:26+00:00\" \/>\n<meta property=\"og:image\" content=\"https:\/\/www.cgfmanet.org\/wp-content\/uploads\/2025\/05\/Papa-Leone-XXIV_1.jpg\" \/>\n\t<meta property=\"og:image:width\" content=\"1600\" \/>\n\t<meta property=\"og:image:height\" content=\"1067\" \/>\n\t<meta property=\"og:image:type\" content=\"image\/jpeg\" \/>\n<meta name=\"author\" content=\"Redazione\" \/>\n<meta name=\"twitter:card\" content=\"summary_large_image\" \/>\n<meta name=\"twitter:creator\" content=\"@Cgfmanet_Org\" \/>\n<meta name=\"twitter:site\" content=\"@Cgfmanet_Org\" \/>\n<meta name=\"twitter:label1\" content=\"Escrito por\" \/>\n\t<meta name=\"twitter:data1\" content=\"Redazione\" \/>\n\t<meta name=\"twitter:label2\" content=\"Tempo estimado de leitura\" \/>\n\t<meta name=\"twitter:data2\" content=\"5 minutos\" \/>\n<script type=\"application\/ld+json\" class=\"yoast-schema-graph\">{\"@context\":\"https:\\\/\\\/schema.org\",\"@graph\":[{\"@type\":\"Article\",\"@id\":\"https:\\\/\\\/www.cgfmanet.org\\\/pt-pt\\\/infosfera-pt-pt\\\/leao-xiv-e-o-novo-papa\\\/#article\",\"isPartOf\":{\"@id\":\"https:\\\/\\\/www.cgfmanet.org\\\/pt-pt\\\/infosfera-pt-pt\\\/leao-xiv-e-o-novo-papa\\\/\"},\"author\":{\"name\":\"Redazione\",\"@id\":\"https:\\\/\\\/www.cgfmanet.org\\\/es\\\/#\\\/schema\\\/person\\\/ce6473083f53ef0ef882cca23f0c8fb9\"},\"headline\":\"Le\u00e3o XIV \u00e9 o novo Papa!\",\"datePublished\":\"2025-05-08T20:28:35+00:00\",\"dateModified\":\"2025-05-10T20:48:26+00:00\",\"mainEntityOfPage\":{\"@id\":\"https:\\\/\\\/www.cgfmanet.org\\\/pt-pt\\\/infosfera-pt-pt\\\/leao-xiv-e-o-novo-papa\\\/\"},\"wordCount\":722,\"commentCount\":0,\"publisher\":{\"@id\":\"https:\\\/\\\/www.cgfmanet.org\\\/es\\\/#organization\"},\"image\":{\"@id\":\"https:\\\/\\\/www.cgfmanet.org\\\/pt-pt\\\/infosfera-pt-pt\\\/leao-xiv-e-o-novo-papa\\\/#primaryimage\"},\"thumbnailUrl\":\"https:\\\/\\\/www.cgfmanet.org\\\/wp-content\\\/uploads\\\/2025\\\/05\\\/Papa-Leone-XXIV_1.jpg\",\"keywords\":[\"Focus\",\"Papa Le\u00e3o XIV\"],\"articleSection\":[\"Infosfera\",\"Igreja\"],\"inLanguage\":\"pt-PT\",\"potentialAction\":[{\"@type\":\"CommentAction\",\"name\":\"Comment\",\"target\":[\"https:\\\/\\\/www.cgfmanet.org\\\/pt-pt\\\/infosfera-pt-pt\\\/leao-xiv-e-o-novo-papa\\\/#respond\"]}]},{\"@type\":\"WebPage\",\"@id\":\"https:\\\/\\\/www.cgfmanet.org\\\/pt-pt\\\/infosfera-pt-pt\\\/leao-xiv-e-o-novo-papa\\\/\",\"url\":\"https:\\\/\\\/www.cgfmanet.org\\\/pt-pt\\\/infosfera-pt-pt\\\/leao-xiv-e-o-novo-papa\\\/\",\"name\":\"Le\u00e3o XIV \u00e9 o novo Papa! &#8226; Istituto Figlie di Maria Ausiliatrice\",\"isPartOf\":{\"@id\":\"https:\\\/\\\/www.cgfmanet.org\\\/es\\\/#website\"},\"primaryImageOfPage\":{\"@id\":\"https:\\\/\\\/www.cgfmanet.org\\\/pt-pt\\\/infosfera-pt-pt\\\/leao-xiv-e-o-novo-papa\\\/#primaryimage\"},\"image\":{\"@id\":\"https:\\\/\\\/www.cgfmanet.org\\\/pt-pt\\\/infosfera-pt-pt\\\/leao-xiv-e-o-novo-papa\\\/#primaryimage\"},\"thumbnailUrl\":\"https:\\\/\\\/www.cgfmanet.org\\\/wp-content\\\/uploads\\\/2025\\\/05\\\/Papa-Leone-XXIV_1.jpg\",\"datePublished\":\"2025-05-08T20:28:35+00:00\",\"dateModified\":\"2025-05-10T20:48:26+00:00\",\"description\":\"Em 8 de maio de 2025, na 4\u00aa vota\u00e7\u00e3o, o Conclave elegeu como 267\u00ba Bispo de Roma o Cardeal Robert Francis Prevost, Papa Le\u00e3o XIV.\",\"breadcrumb\":{\"@id\":\"https:\\\/\\\/www.cgfmanet.org\\\/pt-pt\\\/infosfera-pt-pt\\\/leao-xiv-e-o-novo-papa\\\/#breadcrumb\"},\"inLanguage\":\"pt-PT\",\"potentialAction\":[{\"@type\":\"ReadAction\",\"target\":[\"https:\\\/\\\/www.cgfmanet.org\\\/pt-pt\\\/infosfera-pt-pt\\\/leao-xiv-e-o-novo-papa\\\/\"]}]},{\"@type\":\"ImageObject\",\"inLanguage\":\"pt-PT\",\"@id\":\"https:\\\/\\\/www.cgfmanet.org\\\/pt-pt\\\/infosfera-pt-pt\\\/leao-xiv-e-o-novo-papa\\\/#primaryimage\",\"url\":\"https:\\\/\\\/www.cgfmanet.org\\\/wp-content\\\/uploads\\\/2025\\\/05\\\/Papa-Leone-XXIV_1.jpg\",\"contentUrl\":\"https:\\\/\\\/www.cgfmanet.org\\\/wp-content\\\/uploads\\\/2025\\\/05\\\/Papa-Leone-XXIV_1.jpg\",\"width\":1600,\"height\":1067},{\"@type\":\"BreadcrumbList\",\"@id\":\"https:\\\/\\\/www.cgfmanet.org\\\/pt-pt\\\/infosfera-pt-pt\\\/leao-xiv-e-o-novo-papa\\\/#breadcrumb\",\"itemListElement\":[{\"@type\":\"ListItem\",\"position\":1,\"name\":\"Home\",\"item\":\"https:\\\/\\\/www.cgfmanet.org\\\/pt-pt\\\/\"},{\"@type\":\"ListItem\",\"position\":2,\"name\":\"Le\u00e3o XIV \u00e9 o novo Papa!\"}]},{\"@type\":\"WebSite\",\"@id\":\"https:\\\/\\\/www.cgfmanet.org\\\/es\\\/#website\",\"url\":\"https:\\\/\\\/www.cgfmanet.org\\\/es\\\/\",\"name\":\"Istituto Figlie di Maria Ausiliatrice\",\"description\":\"Salesiane di Don Bosco\",\"publisher\":{\"@id\":\"https:\\\/\\\/www.cgfmanet.org\\\/es\\\/#organization\"},\"potentialAction\":[{\"@type\":\"SearchAction\",\"target\":{\"@type\":\"EntryPoint\",\"urlTemplate\":\"https:\\\/\\\/www.cgfmanet.org\\\/es\\\/?s={search_term_string}\"},\"query-input\":{\"@type\":\"PropertyValueSpecification\",\"valueRequired\":true,\"valueName\":\"search_term_string\"}}],\"inLanguage\":\"pt-PT\"},{\"@type\":\"Organization\",\"@id\":\"https:\\\/\\\/www.cgfmanet.org\\\/es\\\/#organization\",\"name\":\"Istituto Figlie di Maria Ausiliatrice\",\"url\":\"https:\\\/\\\/www.cgfmanet.org\\\/es\\\/\",\"logo\":{\"@type\":\"ImageObject\",\"inLanguage\":\"pt-PT\",\"@id\":\"https:\\\/\\\/www.cgfmanet.org\\\/es\\\/#\\\/schema\\\/logo\\\/image\\\/\",\"url\":\"https:\\\/\\\/www.cgfmanet.org\\\/wp-content\\\/uploads\\\/2018\\\/10\\\/logo-fma.png\",\"contentUrl\":\"https:\\\/\\\/www.cgfmanet.org\\\/wp-content\\\/uploads\\\/2018\\\/10\\\/logo-fma.png\",\"width\":214,\"height\":55,\"caption\":\"Istituto Figlie di Maria Ausiliatrice\"},\"image\":{\"@id\":\"https:\\\/\\\/www.cgfmanet.org\\\/es\\\/#\\\/schema\\\/logo\\\/image\\\/\"},\"sameAs\":[\"https:\\\/\\\/www.facebook.com\\\/salesian.sisters.of.don.bosco\\\/\",\"https:\\\/\\\/x.com\\\/Cgfmanet_Org\",\"https:\\\/\\\/www.youtube.com\\\/channel\\\/UCmcr8yFQBV7JXeXVxyV9y5Q\"]},{\"@type\":\"Person\",\"@id\":\"https:\\\/\\\/www.cgfmanet.org\\\/es\\\/#\\\/schema\\\/person\\\/ce6473083f53ef0ef882cca23f0c8fb9\",\"name\":\"Redazione\"}]}<\/script>\n<!-- \/ Yoast SEO plugin. -->","yoast_head_json":{"title":"Le\u00e3o XIV \u00e9 o novo Papa! &#8226; Istituto Figlie di Maria Ausiliatrice","description":"Em 8 de maio de 2025, na 4\u00aa vota\u00e7\u00e3o, o Conclave elegeu como 267\u00ba Bispo de Roma o Cardeal Robert Francis Prevost, Papa Le\u00e3o XIV.","robots":{"index":"index","follow":"follow","max-snippet":"max-snippet:-1","max-image-preview":"max-image-preview:large","max-video-preview":"max-video-preview:-1"},"canonical":"https:\/\/www.cgfmanet.org\/pt-pt\/infosfera-pt-pt\/leao-xiv-e-o-novo-papa\/","og_locale":"pt_PT","og_type":"article","og_title":"Le\u00e3o XIV \u00e9 o novo Papa! &#8226; Istituto Figlie di Maria Ausiliatrice","og_description":"Em 8 de maio de 2025, na 4\u00aa vota\u00e7\u00e3o, o Conclave elegeu como 267\u00ba Bispo de Roma o Cardeal Robert Francis Prevost, Papa Le\u00e3o XIV.","og_url":"https:\/\/www.cgfmanet.org\/pt-pt\/infosfera-pt-pt\/leao-xiv-e-o-novo-papa\/","og_site_name":"Istituto Figlie di Maria Ausiliatrice","article_publisher":"https:\/\/www.facebook.com\/salesian.sisters.of.don.bosco\/","article_published_time":"2025-05-08T20:28:35+00:00","article_modified_time":"2025-05-10T20:48:26+00:00","og_image":[{"width":1600,"height":1067,"url":"https:\/\/www.cgfmanet.org\/wp-content\/uploads\/2025\/05\/Papa-Leone-XXIV_1.jpg","type":"image\/jpeg"}],"author":"Redazione","twitter_card":"summary_large_image","twitter_creator":"@Cgfmanet_Org","twitter_site":"@Cgfmanet_Org","twitter_misc":{"Escrito por":"Redazione","Tempo estimado de leitura":"5 minutos"},"schema":{"@context":"https:\/\/schema.org","@graph":[{"@type":"Article","@id":"https:\/\/www.cgfmanet.org\/pt-pt\/infosfera-pt-pt\/leao-xiv-e-o-novo-papa\/#article","isPartOf":{"@id":"https:\/\/www.cgfmanet.org\/pt-pt\/infosfera-pt-pt\/leao-xiv-e-o-novo-papa\/"},"author":{"name":"Redazione","@id":"https:\/\/www.cgfmanet.org\/es\/#\/schema\/person\/ce6473083f53ef0ef882cca23f0c8fb9"},"headline":"Le\u00e3o XIV \u00e9 o novo Papa!","datePublished":"2025-05-08T20:28:35+00:00","dateModified":"2025-05-10T20:48:26+00:00","mainEntityOfPage":{"@id":"https:\/\/www.cgfmanet.org\/pt-pt\/infosfera-pt-pt\/leao-xiv-e-o-novo-papa\/"},"wordCount":722,"commentCount":0,"publisher":{"@id":"https:\/\/www.cgfmanet.org\/es\/#organization"},"image":{"@id":"https:\/\/www.cgfmanet.org\/pt-pt\/infosfera-pt-pt\/leao-xiv-e-o-novo-papa\/#primaryimage"},"thumbnailUrl":"https:\/\/www.cgfmanet.org\/wp-content\/uploads\/2025\/05\/Papa-Leone-XXIV_1.jpg","keywords":["Focus","Papa Le\u00e3o XIV"],"articleSection":["Infosfera","Igreja"],"inLanguage":"pt-PT","potentialAction":[{"@type":"CommentAction","name":"Comment","target":["https:\/\/www.cgfmanet.org\/pt-pt\/infosfera-pt-pt\/leao-xiv-e-o-novo-papa\/#respond"]}]},{"@type":"WebPage","@id":"https:\/\/www.cgfmanet.org\/pt-pt\/infosfera-pt-pt\/leao-xiv-e-o-novo-papa\/","url":"https:\/\/www.cgfmanet.org\/pt-pt\/infosfera-pt-pt\/leao-xiv-e-o-novo-papa\/","name":"Le\u00e3o XIV \u00e9 o novo Papa! &#8226; Istituto Figlie di Maria Ausiliatrice","isPartOf":{"@id":"https:\/\/www.cgfmanet.org\/es\/#website"},"primaryImageOfPage":{"@id":"https:\/\/www.cgfmanet.org\/pt-pt\/infosfera-pt-pt\/leao-xiv-e-o-novo-papa\/#primaryimage"},"image":{"@id":"https:\/\/www.cgfmanet.org\/pt-pt\/infosfera-pt-pt\/leao-xiv-e-o-novo-papa\/#primaryimage"},"thumbnailUrl":"https:\/\/www.cgfmanet.org\/wp-content\/uploads\/2025\/05\/Papa-Leone-XXIV_1.jpg","datePublished":"2025-05-08T20:28:35+00:00","dateModified":"2025-05-10T20:48:26+00:00","description":"Em 8 de maio de 2025, na 4\u00aa vota\u00e7\u00e3o, o Conclave elegeu como 267\u00ba Bispo de Roma o Cardeal Robert Francis Prevost, Papa Le\u00e3o XIV.","breadcrumb":{"@id":"https:\/\/www.cgfmanet.org\/pt-pt\/infosfera-pt-pt\/leao-xiv-e-o-novo-papa\/#breadcrumb"},"inLanguage":"pt-PT","potentialAction":[{"@type":"ReadAction","target":["https:\/\/www.cgfmanet.org\/pt-pt\/infosfera-pt-pt\/leao-xiv-e-o-novo-papa\/"]}]},{"@type":"ImageObject","inLanguage":"pt-PT","@id":"https:\/\/www.cgfmanet.org\/pt-pt\/infosfera-pt-pt\/leao-xiv-e-o-novo-papa\/#primaryimage","url":"https:\/\/www.cgfmanet.org\/wp-content\/uploads\/2025\/05\/Papa-Leone-XXIV_1.jpg","contentUrl":"https:\/\/www.cgfmanet.org\/wp-content\/uploads\/2025\/05\/Papa-Leone-XXIV_1.jpg","width":1600,"height":1067},{"@type":"BreadcrumbList","@id":"https:\/\/www.cgfmanet.org\/pt-pt\/infosfera-pt-pt\/leao-xiv-e-o-novo-papa\/#breadcrumb","itemListElement":[{"@type":"ListItem","position":1,"name":"Home","item":"https:\/\/www.cgfmanet.org\/pt-pt\/"},{"@type":"ListItem","position":2,"name":"Le\u00e3o XIV \u00e9 o novo Papa!"}]},{"@type":"WebSite","@id":"https:\/\/www.cgfmanet.org\/es\/#website","url":"https:\/\/www.cgfmanet.org\/es\/","name":"Istituto Figlie di Maria Ausiliatrice","description":"Salesiane di Don Bosco","publisher":{"@id":"https:\/\/www.cgfmanet.org\/es\/#organization"},"potentialAction":[{"@type":"SearchAction","target":{"@type":"EntryPoint","urlTemplate":"https:\/\/www.cgfmanet.org\/es\/?s={search_term_string}"},"query-input":{"@type":"PropertyValueSpecification","valueRequired":true,"valueName":"search_term_string"}}],"inLanguage":"pt-PT"},{"@type":"Organization","@id":"https:\/\/www.cgfmanet.org\/es\/#organization","name":"Istituto Figlie di Maria Ausiliatrice","url":"https:\/\/www.cgfmanet.org\/es\/","logo":{"@type":"ImageObject","inLanguage":"pt-PT","@id":"https:\/\/www.cgfmanet.org\/es\/#\/schema\/logo\/image\/","url":"https:\/\/www.cgfmanet.org\/wp-content\/uploads\/2018\/10\/logo-fma.png","contentUrl":"https:\/\/www.cgfmanet.org\/wp-content\/uploads\/2018\/10\/logo-fma.png","width":214,"height":55,"caption":"Istituto Figlie di Maria Ausiliatrice"},"image":{"@id":"https:\/\/www.cgfmanet.org\/es\/#\/schema\/logo\/image\/"},"sameAs":["https:\/\/www.facebook.com\/salesian.sisters.of.don.bosco\/","https:\/\/x.com\/Cgfmanet_Org","https:\/\/www.youtube.com\/channel\/UCmcr8yFQBV7JXeXVxyV9y5Q"]},{"@type":"Person","@id":"https:\/\/www.cgfmanet.org\/es\/#\/schema\/person\/ce6473083f53ef0ef882cca23f0c8fb9","name":"Redazione"}]}},"_links":{"self":[{"href":"https:\/\/www.cgfmanet.org\/pt-pt\/wp-json\/wp\/v2\/posts\/134138","targetHints":{"allow":["GET"]}}],"collection":[{"href":"https:\/\/www.cgfmanet.org\/pt-pt\/wp-json\/wp\/v2\/posts"}],"about":[{"href":"https:\/\/www.cgfmanet.org\/pt-pt\/wp-json\/wp\/v2\/types\/post"}],"author":[{"embeddable":true,"href":"https:\/\/www.cgfmanet.org\/pt-pt\/wp-json\/wp\/v2\/users\/21"}],"replies":[{"embeddable":true,"href":"https:\/\/www.cgfmanet.org\/pt-pt\/wp-json\/wp\/v2\/comments?post=134138"}],"version-history":[{"count":4,"href":"https:\/\/www.cgfmanet.org\/pt-pt\/wp-json\/wp\/v2\/posts\/134138\/revisions"}],"predecessor-version":[{"id":134245,"href":"https:\/\/www.cgfmanet.org\/pt-pt\/wp-json\/wp\/v2\/posts\/134138\/revisions\/134245"}],"wp:featuredmedia":[{"embeddable":true,"href":"https:\/\/www.cgfmanet.org\/pt-pt\/wp-json\/wp\/v2\/media\/134133"}],"wp:attachment":[{"href":"https:\/\/www.cgfmanet.org\/pt-pt\/wp-json\/wp\/v2\/media?parent=134138"}],"wp:term":[{"taxonomy":"category","embeddable":true,"href":"https:\/\/www.cgfmanet.org\/pt-pt\/wp-json\/wp\/v2\/categories?post=134138"},{"taxonomy":"post_tag","embeddable":true,"href":"https:\/\/www.cgfmanet.org\/pt-pt\/wp-json\/wp\/v2\/tags?post=134138"}],"curies":[{"name":"wp","href":"https:\/\/api.w.org\/{rel}","templated":true}]}}