{"id":133135,"date":"2025-04-27T16:27:02","date_gmt":"2025-04-27T14:27:02","guid":{"rendered":"https:\/\/www.cgfmanet.org\/infosfera-pt-pt\/buon-viaggio-papa-francesco\/"},"modified":"2025-04-29T21:57:49","modified_gmt":"2025-04-29T19:57:49","slug":"boa-viagem-papa-francisco","status":"publish","type":"post","link":"https:\/\/www.cgfmanet.org\/pt-pt\/infosfera-pt-pt\/boa-viagem-papa-francisco\/","title":{"rendered":"Boa viagem, Papa Francisco"},"content":{"rendered":"<p><strong>Roma (It\u00e1lia).<\/strong> Em 26 de abril de 2025, numa Pra\u00e7a S\u00e3o Pedro lotada e comovida, realizou-se a Celebra\u00e7\u00e3o da Santa Missa de ex\u00e9quias do Papa Francisco, que chegou ao C\u00e9u em <strong><span style=\"color: #0000ff;\"><a style=\"color: #0000ff;\" href=\"https:\/\/www.cgfmanet.org\/pt-pt\/infosfera-pt-pt\/obrigada-papa-francisco\/\" target=\"_blank\" rel=\"noopener\">21 de abril de 2025<\/a><\/span><\/strong>.<\/p>\n<p style=\"text-align: justify; text-justify: inter-ideograph;\"><span lang=\"PT-BR\">Segundo estimativas, mais de 250.000 fi\u00e9is de todo o mundo come\u00e7aram a encher ordenadamente a Pra\u00e7a desde o amanhecer para fazer a \u00faltima sauda\u00e7\u00e3o ao seu Pastor, numa atmosfera de grande emo\u00e7\u00e3o e gratid\u00e3o.<\/span><\/p>\n<p style=\"text-align: justify; text-justify: inter-ideograph;\"><span lang=\"PT-BR\">Entre eles, numerosas Filhas de Maria Auxiliadora, entre as quais a Conselheira Geral da Comunica\u00e7\u00e3o, Irm\u00e3 Aus\u00edlia De Siena, e <strong>Irm\u00e3 Ana Rosa Sivori, prima do Papa Francisco<\/strong>, que veio da Tail\u00e2ndia, onde \u00e9 mission\u00e1ria h\u00e1 60 anos, para viver este intenso momento final:<br \/>\n<em>&#8220;Minha como\u00e7\u00e3o \u00e9 grande, ainda n\u00e3o consigo acreditar&#8230; Querido Jorge&#8230; Continuo a cham\u00e1-lo assim, como me dirigia a ele nas cartas que troc\u00e1vamos. Ele n\u00e3o gostava de t\u00edtulos pomposos, dizia aos cardeais: &#8216;n\u00e3o esque\u00e7ais que sois servos&#8217;. A celebra\u00e7\u00e3o foi muito bem preparada e sentida; o povo rezava de verdadeiro cora\u00e7\u00e3o, inclusive o Ros\u00e1rio antes da Missa&#8221;.<\/em><\/span><\/p>\n<p style=\"text-align: justify; text-justify: inter-ideograph;\"><span lang=\"PT-BR\">A Celebra\u00e7\u00e3o Eucar\u00edstica foi presidida pelo Decano do Col\u00e9gio Cardinal\u00edcio, o <strong>Cardeal Jo\u00e3o Battista Re<\/strong>, e concelebrada por cerca de 5.000 entre cardeais, patriarcas das Igrejas Orientais, bispos e presb\u00edteros. No \u00e1trio da Bas\u00edlica estavam presentes Chefes de Estado, Chefes de Governo e Delega\u00e7\u00f5es oficiais de numerosos pa\u00edses, para expressar afeto e estima por um &#8220;Chefe de Estado&#8221; extraordin\u00e1rio, que soube encontrar o caminho do di\u00e1logo e tocar os cora\u00e7\u00f5es de todos.<\/span><\/p>\n<p style=\"text-align: justify; text-justify: inter-ideograph;\"><span lang=\"PT-BR\">No centro da cena, colocado diante do altar \u2014 carregado pelos sedi\u00e1rios, do Altar da Confiss\u00e3o at\u00e9 o \u00e1trio, pela nave central de S\u00e3o Pedro \u2014 estava o caix\u00e3o de nogueira, muito simples, sobre o qual posicionava-se o Evangelho aberto.<\/span><\/p>\n<p><span style=\"color: #0000ff;\"><strong><a style=\"color: #0000ff;\" href=\"https:\/\/press.vatican.va\/content\/salastampa\/it\/bollettino\/pubblico\/2025\/04\/26\/0281\/00506.html\" target=\"_blank\" rel=\"noopener\">Na homilia<\/a><\/strong><\/span>, <span lang=\"PT-BR\">interrompida v\u00e1rias vezes pelos aplausos, o Cardeal Re recordou primeiramente o \u00faltima sauda\u00e7\u00e3o do Papa Francisco naquela Pra\u00e7a, ocorrido menos de uma semana antes, na Solenidade da P\u00e1scoa, quando:<br \/>\n<em>&#8220;Apesar dos graves problemas de sa\u00fade, quis nos dar a b\u00ean\u00e7\u00e3o do balc\u00e3o da Bas\u00edlica de S\u00e3o Pedro e depois desceu at\u00e9 a pra\u00e7a para saudar, do papam\u00f3vel descoberto, toda a grande multid\u00e3o reunida para a Missa de P\u00e1scoa&#8221;.<\/em><\/span><\/p>\n<p style=\"text-align: justify; text-justify: inter-ideograph;\"><span lang=\"PT-BR\">Tra\u00e7ou ent\u00e3o os momentos principais do seu Pontificado, desde a elei\u00e7\u00e3o, em 13 de mar\u00e7o de 2013, como sucessor do Papa Bento XVI, at\u00e9 a escolha do nome Francisco, escolha de um estilo inspirado no esp\u00edrito de S\u00e3o Francisco de Assis, com <em>&#8220;uma aten\u00e7\u00e3o especial \u00e0s pessoas em dificuldade, dedicando-se sem medida, especialmente aos \u00faltimos da terra, os marginalizados.<\/em><i><br \/>\n<strong>Foi um Papa no meio do povo, com o cora\u00e7\u00e3o aberto a todos.<\/strong><br \/>\n<em>Al\u00e9m disso, foi um Papa atento ao novo que emergia na sociedade e a quanto o Esp\u00edrito Santo suscitava na Igreja&#8221;.<\/em><\/i><\/span><\/p>\n<p style=\"text-align: justify; text-justify: inter-ideograph;\"><span lang=\"PT-BR\">Sublinhou ainda a grande espontaneidade e maneira informal com que se dirigia a todos, tamb\u00e9m \u00e0s pessoas distantes da Igreja, o calor humano, a sensibilidade pelos dramas atuais, compartilhando <em>&#8220;as ansiedades, os sofrimentos e as esperan\u00e7as do nosso tempo da globaliza\u00e7\u00e3o&#8221;<\/em>, e a capacidade <em>&#8220;de alcan\u00e7ar o cora\u00e7\u00e3o das pessoas de forma direta e imediata&#8221;.<\/em><\/span><\/p>\n<p style=\"text-align: justify; text-justify: inter-ideograph;\"><em><span lang=\"PT-BR\">&#8220;O seu<\/span><\/em><span lang=\"PT-BR\"> <strong>carisma de acolhida e escuta<\/strong>, unido a uma maneira de comportar-se pr\u00f3pria da sensibilidade dos dias de hoje, tocou os cora\u00e7\u00f5es, procurando despertar as energias morais e espirituais&#8221;. <\/span><\/p>\n<p style=\"text-align: justify; text-justify: inter-ideograph;\"><span lang=\"PT-BR\">A sua especial aten\u00e7\u00e3o aos migrantes, refugiados, fugitivos, pobres e periferias em geral destaca-se particularmente nas viagens: Lampedusa, Lesbos, M\u00e9xico, Iraque&#8230; at\u00e9 a Visita Apost\u00f3lica de 2024 a quatro na\u00e7\u00f5es da \u00c1sia-Oceania, <em>&#8220;a periferia mais perif\u00e9rica do mundo&#8221;.<\/em><\/span><\/p>\n<p style=\"text-align: justify; text-justify: inter-ideograph;\"><em><span lang=\"PT-BR\">&#8220;<\/span><\/em><strong><i><span lang=\"PT-BR\">Miseric\u00f3rdia e alegria do Evangelho s\u00e3o duas palavras-chave do Papa Francisco<\/span><\/i><\/strong><em><span lang=\"PT-BR\">&#8220;<\/span><\/em><span lang=\"PT-BR\">, junto ao tema da <strong>fraternidade<\/strong>, central na Enc\u00edclica &#8220;Fratelli Tutti&#8221;, com a qual <em>&#8220;quis fazer renascer uma aspira\u00e7\u00e3o mundial \u00e0 fraternidade&#8221;<\/em>, porque <em>&#8220;somos todos filhos do mesmo Pai que est\u00e1 nos c\u00e9us&#8221;<\/em> e <em>&#8220;pertencemos todos \u00e0 mesma fam\u00edlia humana&#8221;.<\/em><\/span><\/p>\n<p style=\"text-align: justify; text-justify: inter-ideograph;\"><strong><span lang=\"PT-BR\">A paz<\/span><\/strong><span lang=\"PT-BR\"> foi tamb\u00e9m sua incessante s\u00faplica, com o pedido de ora\u00e7\u00e3o por todo o povo de Deus, pelos povos martirizados pelas guerras e o apelo \u00e0 razoabilidade e ao di\u00e1logo:<br \/>\n<em>&#8220;A guerra deixa sempre o mundo pior que como se encontrava antes: ela \u00e9 para todos sempre uma dolorosa e tr\u00e1gica derrota&#8221;.<\/em><br \/>\n<strong><i>&#8220;Construir pontes e n\u00e3o muros&#8221;<\/i><\/strong> foi uma das exorta\u00e7\u00f5es mais repetidas nos seus discursos.<\/span><\/p>\n<p style=\"text-align: justify; text-justify: inter-ideograph;\"><span lang=\"PT-BR\">Memor\u00e1vel \u00e9 a frase com que conclu\u00eda cada discurso e em cada Angelus dominical: <strong><i>&#8220;N\u00e3o se esque\u00e7am de rezar por mim&#8221;<\/i><\/strong>.<br \/>\nCom este mesmo pedido de ora\u00e7\u00f5es e b\u00ean\u00e7\u00e3os, o Cardeal Re concluiu a homilia: <strong><i>&#8220;Querido Papa Francisco, agora pedimos a Ti para rezar por n\u00f3s e que, do c\u00e9u, Tu aben\u00e7oes a Igreja, aben\u00e7oes Roma, aben\u00e7oes o mundo inteiro.&#8221;<\/i><\/strong><\/span><\/p>\n<p style=\"text-align: justify; text-justify: inter-ideograph;\"><span lang=\"PT-BR\">Ap\u00f3s a Celebra\u00e7\u00e3o Eucar\u00edstica, realizou-se a <em>\u00daltima Commendatio<\/em> (\u00faltima recomenda\u00e7\u00e3o) e a <em>Valedictio<\/em> (despedida). O Cardeal Vig\u00e1rio da Diocese de Roma, Baldassare Reina, guiou a s\u00faplica da Igreja de Roma.<br \/>\nEm seguida, Patriarcas, Arcebispos Maiores e Metrop\u00f3litas das Igrejas Metropolitanas &#8220;sui iuris&#8221; orientais cat\u00f3licas colocaram-se diante do f\u00e9retro para a s\u00faplica das Igrejas Orientais. Por fim, o Cardeal Decano aspergiu com \u00e1gua benta o corpo do Papa e o incensou:<br \/>\n<em>&#8220;&#8230; \u00c0 Igreja, privada de seu Pastor, concede o conforto da f\u00e9 e a for\u00e7a da esperan\u00e7a&#8221;.<\/em><\/span><\/p>\n<p style=\"text-align: justify; text-justify: inter-ideograph;\"><span lang=\"PT-BR\">Muito emocionante foi a despedida da Pra\u00e7a ao caix\u00e3o, levado pelos sedi\u00e1rios em dire\u00e7\u00e3o \u00e0 multid\u00e3o para o \u00faltimo adeus, entre os incessantes aplausos, antes da traslada\u00e7\u00e3o para a Bas\u00edlica de Santa Maria Maior, junto \u00e0 &#8220;Salus Populi Romani&#8221;, que tanto amava, para o sepultamento.<br \/>\nEm sua \u00faltima viagem do Vaticano \u00e0 Bas\u00edlica de Santa Maria Maior, num papam\u00f3vel adaptado para a ocasi\u00e3o, Papa Francisco foi acompanhado pelos aplausos de cerca de 150.000 pessoas presentes ao longo do trajeto.<\/span><\/p>\n<p>Impress\u00f5es de algumas Irm\u00e3s presentes na Pra\u00e7a:<\/p>\n<p><em>&#8220;Fiquei muito tocada pelo amor e respeito de tantas pessoas que vieram homenagear o Papa Francisco. Suas obras e sua bondade para com a Igreja e o mundo s\u00e3o inumer\u00e1veis e imposs\u00edveis de descrever completamente. Foi um homem que sempre buscou construir a paz e rela\u00e7\u00f5es humanas, com amor incondicional para todos. Quero agradecer-lhe pela vida dedicada \u00e0 Igreja como Pastor e pelo seu sacrif\u00edcio cont\u00ednuo pela mudan\u00e7a e pela paz, como um pai que deseja que seus filhos vivam juntos em serenidade, seguran\u00e7a e amor aut\u00eantico&#8221;<\/em>, expressa irm\u00e3 Chanpen, tailandesa.<\/p>\n<p><em>&#8220;Sintonizar-se com sorrisos e olhares de saudade, e ao mesmo tempo de gratid\u00e3o e esperan\u00e7a, desde as primeiras horas da manh\u00e3 no \u00f4nibus, foi uma experi\u00eancia \u00fanica.<\/em><em><br \/>\nOs passos cuidadosos de todos tinham uma \u00fanica meta: a Pra\u00e7a S\u00e3o Pedro. Impressionaram-me o sil\u00eancio e a paz, apesar da grande multid\u00e3o, os aplausos durante a homilia.<br \/>\nTocou-me a sede que todos temos de paz, justi\u00e7a, inclus\u00e3o e miseric\u00f3rdia. Comoveu-me o momento em que todas as Igrejas o saudaram com seu pr\u00f3prio rito, manifesta\u00e7\u00e3o concreta das pontes que o Papa Francisco sempre quis construir. Comoveu-me o &#8216;aplauso eterno&#8217; enquanto levavam o caix\u00e3o para a Bas\u00edlica.<br \/>\nSenti que ficamos \u00f3rf\u00e3os&#8230; Confirmavam isso os abra\u00e7os e l\u00e1grimas dos jovens: realmente est\u00e1vamos perdendo uma pessoa muito pr\u00f3xima de TODOS, porque foi sempre com e para todos&#8221;<\/em>, compartilha Irm\u00e3 Jasmim, venezuelana.<\/p>\n<p><em>&#8220;Duas imagens se sobrepuseram em mim: o mesmo sil\u00eancio que reinava em 27 de mar\u00e7o de 2020 \u2014 com a atitude solit\u00e1ria do Papa Francisco na Pra\u00e7a deserta em plena pandemia \u2014 reinava tamb\u00e9m durante o funeral.<\/em><em><br \/>\nApesar do grande n\u00famero de pessoas, criou-se um sil\u00eancio muito longo, ap\u00f3s a conclus\u00e3o da Salve Rainha, antes que irrompesse o grande aplauso quando o caix\u00e3o do Papa Francisco come\u00e7ou a se mover da Pra\u00e7a&#8221;.<\/em><br \/>\nE ainda: <em>&#8220;Durante o funeral pensei: se pudesse falar, certamente faria uma de suas piadas originais, saudaria familiarmente e pediria ora\u00e7\u00f5es como fazia sempre&#8221;<\/em>, s\u00e3o as impress\u00f5es da irm\u00e3 Ausilia De Siena, entrevistada pelo programa da RAI1, \u201cManh\u00e3 em fam\u00edlia, em 27 de abril.<\/p>\n<p><strong><em>Boa viagem, Papa Francisco\u2026 N\u00e3o se esque\u00e7a de rezar por n\u00f3s!<\/em><\/strong><\/p>\n\r\n                <style type=\"text\/css\">\r\n                    \r\n                    #tdi_1  .td-doubleSlider-2 .td-item1 {\r\n                        background: url(https:\/\/www.cgfmanet.org\/wp-content\/uploads\/2025\/04\/Funerale-Papa-Francesco_9-80x60.jpg) 0 0 no-repeat;\r\n                    }\r\n                    #tdi_1  .td-doubleSlider-2 .td-item2 {\r\n                        background: url(https:\/\/www.cgfmanet.org\/wp-content\/uploads\/2025\/04\/Funerale-Papa-Francesco_8-80x60.jpg) 0 0 no-repeat;\r\n                    }\r\n                    #tdi_1  .td-doubleSlider-2 .td-item3 {\r\n                        background: url(https:\/\/www.cgfmanet.org\/wp-content\/uploads\/2025\/04\/Funerale-Papa-Francesco_4-80x60.jpg) 0 0 no-repeat;\r\n                    }\r\n                    #tdi_1  .td-doubleSlider-2 .td-item4 {\r\n                        background: url(https:\/\/www.cgfmanet.org\/wp-content\/uploads\/2025\/04\/Funerale-Papa-Francesco_2-80x60.jpg) 0 0 no-repeat;\r\n                    }\r\n                    #tdi_1  .td-doubleSlider-2 .td-item5 {\r\n                        background: url(https:\/\/www.cgfmanet.org\/wp-content\/uploads\/2025\/04\/Funerale-Papa-Francesco_3-80x60.jpg) 0 0 no-repeat;\r\n                    }\r\n                    #tdi_1  .td-doubleSlider-2 .td-item6 {\r\n                        background: url(https:\/\/www.cgfmanet.org\/wp-content\/uploads\/2025\/04\/Funerale-Papa-Francesco_10-80x60.jpg) 0 0 no-repeat;\r\n                    }\r\n                    #tdi_1  .td-doubleSlider-2 .td-item7 {\r\n                        background: url(https:\/\/www.cgfmanet.org\/wp-content\/uploads\/2025\/04\/Funerale-Papa-Francesco_11-80x60.jpg) 0 0 no-repeat;\r\n                    }\r\n                    #tdi_1  .td-doubleSlider-2 .td-item8 {\r\n                        background: url(https:\/\/www.cgfmanet.org\/wp-content\/uploads\/2025\/04\/Funerale-Papa-Francesco_7-80x60.jpg) 0 0 no-repeat;\r\n                    }\r\n                    #tdi_1  .td-doubleSlider-2 .td-item9 {\r\n                        background: url(https:\/\/www.cgfmanet.org\/wp-content\/uploads\/2025\/04\/Funerale-Papa-Francesco_1-80x60.jpg) 0 0 no-repeat;\r\n                    }\r\n                    #tdi_1  .td-doubleSlider-2 .td-item10 {\r\n                        background: url(https:\/\/www.cgfmanet.org\/wp-content\/uploads\/2025\/04\/Funerale-Papa-Francesco_12-80x60.jpg) 0 0 no-repeat;\r\n                    }\r\n                    #tdi_1  .td-doubleSlider-2 .td-item11 {\r\n                        background: url(https:\/\/www.cgfmanet.org\/wp-content\/uploads\/2025\/04\/Funerale-Papa-Francesco_14-80x60.jpg) 0 0 no-repeat;\r\n                    }\r\n                    #tdi_1  .td-doubleSlider-2 .td-item12 {\r\n                        background: url(https:\/\/www.cgfmanet.org\/wp-content\/uploads\/2025\/04\/Funerale-Papa-Francesco_13-80x60.jpg) 0 0 no-repeat;\r\n                    }\r\n                <\/style>\r\n\r\n                <div id=\"tdi_1\" class=\"td-gallery td-slide-on-2-columns\">\r\n                    <div class=\"post_td_gallery\">\r\n                        <div class=\"td-gallery-slide-top\">\r\n                           <div class=\"td-gallery-title\"><\/div>\r\n\r\n                            <div class=\"td-gallery-controls-wrapper\">\r\n                                <div class=\"td-gallery-slide-count\"><span class=\"td-gallery-slide-item-focus\">1<\/span> do 12<\/div>\r\n                                <div class=\"td-gallery-slide-prev-next-but\">\r\n                                    <i class = \"td-icon-left doubleSliderPrevButton\"><\/i>\r\n                                    <i class = \"td-icon-right doubleSliderNextButton\"><\/i>\r\n                                <\/div>\r\n                            <\/div>\r\n                        <\/div>\r\n\r\n                        <div class = \"td-doubleSlider-1 \">\r\n                            <div class = \"td-slider\">\r\n                                \r\n                    <div class = \"td-slide-item td-item1\">\r\n                        <figure class=\"td-slide-galery-figure td-slide-popup-gallery\">\r\n                            <a class=\"slide-gallery-image-link\" href=\"https:\/\/www.cgfmanet.org\/wp-content\/uploads\/2025\/04\/Funerale-Papa-Francesco_9.jpg\" title=\"Funerale Papa Francesco_9\"  data-caption=\"\"  data-description=\"\">\r\n                                <img decoding=\"async\" data-src=\"https:\/\/www.cgfmanet.org\/wp-content\/uploads\/2025\/04\/Funerale-Papa-Francesco_9-630x420.jpg\" data-srcset=\"https:\/\/www.cgfmanet.org\/wp-content\/uploads\/2025\/04\/Funerale-Papa-Francesco_9-630x420.jpg 630w, https:\/\/www.cgfmanet.org\/wp-content\/uploads\/2025\/04\/Funerale-Papa-Francesco_9-768x512.jpg 768w, https:\/\/www.cgfmanet.org\/wp-content\/uploads\/2025\/04\/Funerale-Papa-Francesco_9-696x464.jpg 696w, https:\/\/www.cgfmanet.org\/wp-content\/uploads\/2025\/04\/Funerale-Papa-Francesco_9.jpg 1181w\" data-sizes=\"auto\" alt=\"\" src=\"data:image\/svg+xml;base64,PHN2ZyB3aWR0aD0iMSIgaGVpZ2h0PSIxIiB4bWxucz0iaHR0cDovL3d3dy53My5vcmcvMjAwMC9zdmciPjwvc3ZnPg==\" class=\"lazyload\" style=\"--smush-placeholder-width: 630px; --smush-placeholder-aspect-ratio: 630\/420;\" data-original-sizes=\"(max-width: 630px) 100vw, 630px\">\r\n                            <\/a>\r\n                            \r\n                        <\/figure>\r\n                    <\/div>\r\n                    <div class = \"td-slide-item td-item2\">\r\n                        <figure class=\"td-slide-galery-figure td-slide-popup-gallery\">\r\n                            <a class=\"slide-gallery-image-link\" href=\"https:\/\/www.cgfmanet.org\/wp-content\/uploads\/2025\/04\/Funerale-Papa-Francesco_8.jpg\" title=\"Funerale Papa Francesco_8\"  data-caption=\"\"  data-description=\"\">\r\n                                <img decoding=\"async\" data-src=\"https:\/\/www.cgfmanet.org\/wp-content\/uploads\/2025\/04\/Funerale-Papa-Francesco_8-630x420.jpg\" data-srcset=\"https:\/\/www.cgfmanet.org\/wp-content\/uploads\/2025\/04\/Funerale-Papa-Francesco_8-630x420.jpg 630w, https:\/\/www.cgfmanet.org\/wp-content\/uploads\/2025\/04\/Funerale-Papa-Francesco_8-768x512.jpg 768w, https:\/\/www.cgfmanet.org\/wp-content\/uploads\/2025\/04\/Funerale-Papa-Francesco_8-696x464.jpg 696w, https:\/\/www.cgfmanet.org\/wp-content\/uploads\/2025\/04\/Funerale-Papa-Francesco_8.jpg 1181w\" data-sizes=\"auto\" alt=\"\" src=\"data:image\/svg+xml;base64,PHN2ZyB3aWR0aD0iMSIgaGVpZ2h0PSIxIiB4bWxucz0iaHR0cDovL3d3dy53My5vcmcvMjAwMC9zdmciPjwvc3ZnPg==\" class=\"lazyload\" style=\"--smush-placeholder-width: 630px; --smush-placeholder-aspect-ratio: 630\/420;\" data-original-sizes=\"(max-width: 630px) 100vw, 630px\">\r\n                            <\/a>\r\n                            \r\n                        <\/figure>\r\n                    <\/div>\r\n                    <div class = \"td-slide-item td-item3\">\r\n                        <figure class=\"td-slide-galery-figure td-slide-popup-gallery\">\r\n                            <a class=\"slide-gallery-image-link\" href=\"https:\/\/www.cgfmanet.org\/wp-content\/uploads\/2025\/04\/Funerale-Papa-Francesco_4.jpg\" title=\"Funerale Papa Francesco_4\"  data-caption=\"\"  data-description=\"\">\r\n                                <img decoding=\"async\" data-src=\"https:\/\/www.cgfmanet.org\/wp-content\/uploads\/2025\/04\/Funerale-Papa-Francesco_4-585x420.jpg\" data-srcset=\"https:\/\/www.cgfmanet.org\/wp-content\/uploads\/2025\/04\/Funerale-Papa-Francesco_4-585x420.jpg 585w, https:\/\/www.cgfmanet.org\/wp-content\/uploads\/2025\/04\/Funerale-Papa-Francesco_4-768x551.jpg 768w, https:\/\/www.cgfmanet.org\/wp-content\/uploads\/2025\/04\/Funerale-Papa-Francesco_4-696x500.jpg 696w, https:\/\/www.cgfmanet.org\/wp-content\/uploads\/2025\/04\/Funerale-Papa-Francesco_4.jpg 1181w\" data-sizes=\"auto\" alt=\"\" src=\"data:image\/svg+xml;base64,PHN2ZyB3aWR0aD0iMSIgaGVpZ2h0PSIxIiB4bWxucz0iaHR0cDovL3d3dy53My5vcmcvMjAwMC9zdmciPjwvc3ZnPg==\" class=\"lazyload\" style=\"--smush-placeholder-width: 585px; --smush-placeholder-aspect-ratio: 585\/420;\" data-original-sizes=\"(max-width: 585px) 100vw, 585px\">\r\n                            <\/a>\r\n                            \r\n                        <\/figure>\r\n                    <\/div>\r\n                    <div class = \"td-slide-item td-item4\">\r\n                        <figure class=\"td-slide-galery-figure td-slide-popup-gallery\">\r\n                            <a class=\"slide-gallery-image-link\" href=\"https:\/\/www.cgfmanet.org\/wp-content\/uploads\/2025\/04\/Funerale-Papa-Francesco_2.jpg\" title=\"Funerale Papa Francesco_2\"  data-caption=\"\"  data-description=\"\">\r\n                                <img decoding=\"async\" data-src=\"https:\/\/www.cgfmanet.org\/wp-content\/uploads\/2025\/04\/Funerale-Papa-Francesco_2-630x420.jpg\" data-srcset=\"https:\/\/www.cgfmanet.org\/wp-content\/uploads\/2025\/04\/Funerale-Papa-Francesco_2-630x420.jpg 630w, https:\/\/www.cgfmanet.org\/wp-content\/uploads\/2025\/04\/Funerale-Papa-Francesco_2-768x512.jpg 768w, https:\/\/www.cgfmanet.org\/wp-content\/uploads\/2025\/04\/Funerale-Papa-Francesco_2-696x464.jpg 696w, https:\/\/www.cgfmanet.org\/wp-content\/uploads\/2025\/04\/Funerale-Papa-Francesco_2.jpg 1181w\" data-sizes=\"auto\" alt=\"\" src=\"data:image\/svg+xml;base64,PHN2ZyB3aWR0aD0iMSIgaGVpZ2h0PSIxIiB4bWxucz0iaHR0cDovL3d3dy53My5vcmcvMjAwMC9zdmciPjwvc3ZnPg==\" class=\"lazyload\" style=\"--smush-placeholder-width: 630px; --smush-placeholder-aspect-ratio: 630\/420;\" data-original-sizes=\"(max-width: 630px) 100vw, 630px\">\r\n                            <\/a>\r\n                            \r\n                        <\/figure>\r\n                    <\/div>\r\n                    <div class = \"td-slide-item td-item5\">\r\n                        <figure class=\"td-slide-galery-figure td-slide-popup-gallery\">\r\n                            <a class=\"slide-gallery-image-link\" href=\"https:\/\/www.cgfmanet.org\/wp-content\/uploads\/2025\/04\/Funerale-Papa-Francesco_3.jpg\" title=\"Funerale Papa Francesco_3\"  data-caption=\"\"  data-description=\"\">\r\n                                <img decoding=\"async\" data-src=\"https:\/\/www.cgfmanet.org\/wp-content\/uploads\/2025\/04\/Funerale-Papa-Francesco_3-631x420.jpg\" data-srcset=\"https:\/\/www.cgfmanet.org\/wp-content\/uploads\/2025\/04\/Funerale-Papa-Francesco_3-631x420.jpg 631w, https:\/\/www.cgfmanet.org\/wp-content\/uploads\/2025\/04\/Funerale-Papa-Francesco_3-768x511.jpg 768w, https:\/\/www.cgfmanet.org\/wp-content\/uploads\/2025\/04\/Funerale-Papa-Francesco_3-696x463.jpg 696w, https:\/\/www.cgfmanet.org\/wp-content\/uploads\/2025\/04\/Funerale-Papa-Francesco_3.jpg 1182w\" data-sizes=\"auto\" alt=\"\" src=\"data:image\/svg+xml;base64,PHN2ZyB3aWR0aD0iMSIgaGVpZ2h0PSIxIiB4bWxucz0iaHR0cDovL3d3dy53My5vcmcvMjAwMC9zdmciPjwvc3ZnPg==\" class=\"lazyload\" style=\"--smush-placeholder-width: 631px; --smush-placeholder-aspect-ratio: 631\/420;\" data-original-sizes=\"(max-width: 631px) 100vw, 631px\">\r\n                            <\/a>\r\n                            \r\n                        <\/figure>\r\n                    <\/div>\r\n                    <div class = \"td-slide-item td-item6\">\r\n                        <figure class=\"td-slide-galery-figure td-slide-popup-gallery\">\r\n                            <a class=\"slide-gallery-image-link\" href=\"https:\/\/www.cgfmanet.org\/wp-content\/uploads\/2025\/04\/Funerale-Papa-Francesco_10.jpg\" title=\"Funerale Papa Francesco_10\"  data-caption=\"\"  data-description=\"\">\r\n                                <img decoding=\"async\" data-src=\"https:\/\/www.cgfmanet.org\/wp-content\/uploads\/2025\/04\/Funerale-Papa-Francesco_10-629x420.jpg\" data-srcset=\"https:\/\/www.cgfmanet.org\/wp-content\/uploads\/2025\/04\/Funerale-Papa-Francesco_10-629x420.jpg 629w, https:\/\/www.cgfmanet.org\/wp-content\/uploads\/2025\/04\/Funerale-Papa-Francesco_10-768x512.jpg 768w, https:\/\/www.cgfmanet.org\/wp-content\/uploads\/2025\/04\/Funerale-Papa-Francesco_10-696x464.jpg 696w, https:\/\/www.cgfmanet.org\/wp-content\/uploads\/2025\/04\/Funerale-Papa-Francesco_10.jpg 1181w\" data-sizes=\"auto\" alt=\"\" src=\"data:image\/svg+xml;base64,PHN2ZyB3aWR0aD0iMSIgaGVpZ2h0PSIxIiB4bWxucz0iaHR0cDovL3d3dy53My5vcmcvMjAwMC9zdmciPjwvc3ZnPg==\" class=\"lazyload\" style=\"--smush-placeholder-width: 629px; --smush-placeholder-aspect-ratio: 629\/420;\" data-original-sizes=\"(max-width: 629px) 100vw, 629px\">\r\n                            <\/a>\r\n                            \r\n                        <\/figure>\r\n                    <\/div>\r\n                    <div class = \"td-slide-item td-item7\">\r\n                        <figure class=\"td-slide-galery-figure td-slide-popup-gallery\">\r\n                            <a class=\"slide-gallery-image-link\" href=\"https:\/\/www.cgfmanet.org\/wp-content\/uploads\/2025\/04\/Funerale-Papa-Francesco_11.jpg\" title=\"Funerale Papa Francesco_11\"  data-caption=\"\"  data-description=\"\">\r\n                                <img decoding=\"async\" data-src=\"https:\/\/www.cgfmanet.org\/wp-content\/uploads\/2025\/04\/Funerale-Papa-Francesco_11-630x420.jpg\" data-srcset=\"https:\/\/www.cgfmanet.org\/wp-content\/uploads\/2025\/04\/Funerale-Papa-Francesco_11-630x420.jpg 630w, https:\/\/www.cgfmanet.org\/wp-content\/uploads\/2025\/04\/Funerale-Papa-Francesco_11-768x512.jpg 768w, https:\/\/www.cgfmanet.org\/wp-content\/uploads\/2025\/04\/Funerale-Papa-Francesco_11-696x464.jpg 696w, https:\/\/www.cgfmanet.org\/wp-content\/uploads\/2025\/04\/Funerale-Papa-Francesco_11.jpg 1181w\" data-sizes=\"auto\" alt=\"\" src=\"data:image\/svg+xml;base64,PHN2ZyB3aWR0aD0iMSIgaGVpZ2h0PSIxIiB4bWxucz0iaHR0cDovL3d3dy53My5vcmcvMjAwMC9zdmciPjwvc3ZnPg==\" class=\"lazyload\" style=\"--smush-placeholder-width: 630px; --smush-placeholder-aspect-ratio: 630\/420;\" data-original-sizes=\"(max-width: 630px) 100vw, 630px\">\r\n                            <\/a>\r\n                            \r\n                        <\/figure>\r\n                    <\/div>\r\n                    <div class = \"td-slide-item td-item8\">\r\n                        <figure class=\"td-slide-galery-figure td-slide-popup-gallery\">\r\n                            <a class=\"slide-gallery-image-link\" href=\"https:\/\/www.cgfmanet.org\/wp-content\/uploads\/2025\/04\/Funerale-Papa-Francesco_7.jpg\" title=\"Funerale Papa Francesco_7\"  data-caption=\"\"  data-description=\"\">\r\n                                <img decoding=\"async\" data-src=\"https:\/\/www.cgfmanet.org\/wp-content\/uploads\/2025\/04\/Funerale-Papa-Francesco_7-630x420.jpg\" data-srcset=\"https:\/\/www.cgfmanet.org\/wp-content\/uploads\/2025\/04\/Funerale-Papa-Francesco_7-630x420.jpg 630w, https:\/\/www.cgfmanet.org\/wp-content\/uploads\/2025\/04\/Funerale-Papa-Francesco_7-768x512.jpg 768w, https:\/\/www.cgfmanet.org\/wp-content\/uploads\/2025\/04\/Funerale-Papa-Francesco_7-696x464.jpg 696w, https:\/\/www.cgfmanet.org\/wp-content\/uploads\/2025\/04\/Funerale-Papa-Francesco_7.jpg 1181w\" data-sizes=\"auto\" alt=\"\" src=\"data:image\/svg+xml;base64,PHN2ZyB3aWR0aD0iMSIgaGVpZ2h0PSIxIiB4bWxucz0iaHR0cDovL3d3dy53My5vcmcvMjAwMC9zdmciPjwvc3ZnPg==\" class=\"lazyload\" style=\"--smush-placeholder-width: 630px; --smush-placeholder-aspect-ratio: 630\/420;\" data-original-sizes=\"(max-width: 630px) 100vw, 630px\">\r\n                            <\/a>\r\n                            \r\n                        <\/figure>\r\n                    <\/div>\r\n                    <div class = \"td-slide-item td-item9\">\r\n                        <figure class=\"td-slide-galery-figure td-slide-popup-gallery\">\r\n                            <a class=\"slide-gallery-image-link\" href=\"https:\/\/www.cgfmanet.org\/wp-content\/uploads\/2025\/04\/Funerale-Papa-Francesco_1.jpg\" title=\"Funerale Papa Francesco_1\"  data-caption=\"\"  data-description=\"\">\r\n                                <img decoding=\"async\" data-src=\"https:\/\/www.cgfmanet.org\/wp-content\/uploads\/2025\/04\/Funerale-Papa-Francesco_1-707x420.jpg\" data-srcset=\"https:\/\/www.cgfmanet.org\/wp-content\/uploads\/2025\/04\/Funerale-Papa-Francesco_1-707x420.jpg 707w, https:\/\/www.cgfmanet.org\/wp-content\/uploads\/2025\/04\/Funerale-Papa-Francesco_1-768x457.jpg 768w, https:\/\/www.cgfmanet.org\/wp-content\/uploads\/2025\/04\/Funerale-Papa-Francesco_1-696x414.jpg 696w, https:\/\/www.cgfmanet.org\/wp-content\/uploads\/2025\/04\/Funerale-Papa-Francesco_1.jpg 1181w\" data-sizes=\"auto\" alt=\"\" src=\"data:image\/svg+xml;base64,PHN2ZyB3aWR0aD0iMSIgaGVpZ2h0PSIxIiB4bWxucz0iaHR0cDovL3d3dy53My5vcmcvMjAwMC9zdmciPjwvc3ZnPg==\" class=\"lazyload\" style=\"--smush-placeholder-width: 707px; --smush-placeholder-aspect-ratio: 707\/420;\" data-original-sizes=\"(max-width: 707px) 100vw, 707px\">\r\n                            <\/a>\r\n                            \r\n                        <\/figure>\r\n                    <\/div>\r\n                    <div class = \"td-slide-item td-item10\">\r\n                        <figure class=\"td-slide-galery-figure td-slide-popup-gallery\">\r\n                            <a class=\"slide-gallery-image-link\" href=\"https:\/\/www.cgfmanet.org\/wp-content\/uploads\/2025\/04\/Funerale-Papa-Francesco_12.jpg\" title=\"Funerale Papa Francesco_12\"  data-caption=\"\"  data-description=\"\">\r\n                                <img decoding=\"async\" data-src=\"https:\/\/www.cgfmanet.org\/wp-content\/uploads\/2025\/04\/Funerale-Papa-Francesco_12-630x420.jpg\" data-srcset=\"https:\/\/www.cgfmanet.org\/wp-content\/uploads\/2025\/04\/Funerale-Papa-Francesco_12-630x420.jpg 630w, https:\/\/www.cgfmanet.org\/wp-content\/uploads\/2025\/04\/Funerale-Papa-Francesco_12-768x512.jpg 768w, https:\/\/www.cgfmanet.org\/wp-content\/uploads\/2025\/04\/Funerale-Papa-Francesco_12-696x464.jpg 696w, https:\/\/www.cgfmanet.org\/wp-content\/uploads\/2025\/04\/Funerale-Papa-Francesco_12.jpg 1181w\" data-sizes=\"auto\" alt=\"\" src=\"data:image\/svg+xml;base64,PHN2ZyB3aWR0aD0iMSIgaGVpZ2h0PSIxIiB4bWxucz0iaHR0cDovL3d3dy53My5vcmcvMjAwMC9zdmciPjwvc3ZnPg==\" class=\"lazyload\" style=\"--smush-placeholder-width: 630px; --smush-placeholder-aspect-ratio: 630\/420;\" data-original-sizes=\"(max-width: 630px) 100vw, 630px\">\r\n                            <\/a>\r\n                            \r\n                        <\/figure>\r\n                    <\/div>\r\n                    <div class = \"td-slide-item td-item11\">\r\n                        <figure class=\"td-slide-galery-figure td-slide-popup-gallery\">\r\n                            <a class=\"slide-gallery-image-link\" href=\"https:\/\/www.cgfmanet.org\/wp-content\/uploads\/2025\/04\/Funerale-Papa-Francesco_14.jpg\" title=\"Funerale Papa Francesco_14\"  data-caption=\"Suor Ana Rosa Sivori, FMA, cugina di Papa Francesco\"  data-description=\"\">\r\n                                <img decoding=\"async\" data-src=\"https:\/\/www.cgfmanet.org\/wp-content\/uploads\/2025\/04\/Funerale-Papa-Francesco_14-630x420.jpg\" data-srcset=\"https:\/\/www.cgfmanet.org\/wp-content\/uploads\/2025\/04\/Funerale-Papa-Francesco_14-630x420.jpg 630w, https:\/\/www.cgfmanet.org\/wp-content\/uploads\/2025\/04\/Funerale-Papa-Francesco_14-768x512.jpg 768w, https:\/\/www.cgfmanet.org\/wp-content\/uploads\/2025\/04\/Funerale-Papa-Francesco_14-696x464.jpg 696w, https:\/\/www.cgfmanet.org\/wp-content\/uploads\/2025\/04\/Funerale-Papa-Francesco_14.jpg 1181w\" data-sizes=\"auto\" alt=\"\" src=\"data:image\/svg+xml;base64,PHN2ZyB3aWR0aD0iMSIgaGVpZ2h0PSIxIiB4bWxucz0iaHR0cDovL3d3dy53My5vcmcvMjAwMC9zdmciPjwvc3ZnPg==\" class=\"lazyload\" style=\"--smush-placeholder-width: 630px; --smush-placeholder-aspect-ratio: 630\/420;\" data-original-sizes=\"(max-width: 630px) 100vw, 630px\">\r\n                            <\/a>\r\n                            <figcaption class = \"td-slide-caption td-gallery-slide-content\"><div class = \"td-gallery-slide-copywrite\">Suor Ana Rosa Sivori, FMA, cugina di Papa Francesco<\/div><\/figcaption>\r\n                        <\/figure>\r\n                    <\/div>\r\n                    <div class = \"td-slide-item td-item12\">\r\n                        <figure class=\"td-slide-galery-figure td-slide-popup-gallery\">\r\n                            <a class=\"slide-gallery-image-link\" href=\"https:\/\/www.cgfmanet.org\/wp-content\/uploads\/2025\/04\/Funerale-Papa-Francesco_13.jpg\" title=\"Funerale Papa Francesco_13\"  data-caption=\"\"  data-description=\"\">\r\n                                <img decoding=\"async\" data-src=\"https:\/\/www.cgfmanet.org\/wp-content\/uploads\/2025\/04\/Funerale-Papa-Francesco_13-630x420.jpg\" data-srcset=\"https:\/\/www.cgfmanet.org\/wp-content\/uploads\/2025\/04\/Funerale-Papa-Francesco_13-630x420.jpg 630w, https:\/\/www.cgfmanet.org\/wp-content\/uploads\/2025\/04\/Funerale-Papa-Francesco_13-768x512.jpg 768w, https:\/\/www.cgfmanet.org\/wp-content\/uploads\/2025\/04\/Funerale-Papa-Francesco_13-696x464.jpg 696w, https:\/\/www.cgfmanet.org\/wp-content\/uploads\/2025\/04\/Funerale-Papa-Francesco_13.jpg 1181w\" data-sizes=\"auto\" alt=\"\" src=\"data:image\/svg+xml;base64,PHN2ZyB3aWR0aD0iMSIgaGVpZ2h0PSIxIiB4bWxucz0iaHR0cDovL3d3dy53My5vcmcvMjAwMC9zdmciPjwvc3ZnPg==\" class=\"lazyload\" style=\"--smush-placeholder-width: 630px; --smush-placeholder-aspect-ratio: 630\/420;\" data-original-sizes=\"(max-width: 630px) 100vw, 630px\">\r\n                            <\/a>\r\n                            \r\n                        <\/figure>\r\n                    <\/div>\r\n                            <\/div>\r\n                        <\/div>\r\n\r\n                        <div class = \"td-doubleSlider-2\">\r\n                            <div class = \"td-slider\">\r\n                                \r\n                    <div class = \"td-button td-item1\">\r\n                        <div class = \"td-border\"><\/div>\r\n                    <\/div>\r\n                    <div class = \"td-button td-item2\">\r\n                        <div class = \"td-border\"><\/div>\r\n                    <\/div>\r\n                    <div class = \"td-button td-item3\">\r\n                        <div class = \"td-border\"><\/div>\r\n                    <\/div>\r\n                    <div class = \"td-button td-item4\">\r\n                        <div class = \"td-border\"><\/div>\r\n                    <\/div>\r\n                    <div class = \"td-button td-item5\">\r\n                        <div class = \"td-border\"><\/div>\r\n                    <\/div>\r\n                    <div class = \"td-button td-item6\">\r\n                        <div class = \"td-border\"><\/div>\r\n                    <\/div>\r\n                    <div class = \"td-button td-item7\">\r\n                        <div class = \"td-border\"><\/div>\r\n                    <\/div>\r\n                    <div class = \"td-button td-item8\">\r\n                        <div class = \"td-border\"><\/div>\r\n                    <\/div>\r\n                    <div class = \"td-button td-item9\">\r\n                        <div class = \"td-border\"><\/div>\r\n                    <\/div>\r\n                    <div class = \"td-button td-item10\">\r\n                        <div class = \"td-border\"><\/div>\r\n                    <\/div>\r\n                    <div class = \"td-button td-item11\">\r\n                        <div class = \"td-border\"><\/div>\r\n                    <\/div>\r\n                    <div class = \"td-button td-item12\">\r\n                        <div class = \"td-border\"><\/div>\r\n                    <\/div>\r\n                            <\/div>\r\n                        <\/div>\r\n\r\n                    <\/div>\r\n\r\n                <\/div>\r\n                \n","protected":false},"excerpt":{"rendered":"<p>Roma (It\u00e1lia). Em 26 de abril de 2025, numa Pra\u00e7a S\u00e3o Pedro lotada e comovida, realizou-se a Celebra\u00e7\u00e3o da Santa Missa de ex\u00e9quias do Papa Francisco, que chegou ao C\u00e9u [&hellip;]<\/p>\n","protected":false},"author":21,"featured_media":133075,"comment_status":"open","ping_status":"closed","sticky":false,"template":"","format":"standard","meta":{"footnotes":""},"categories":[38,189],"tags":[411,764,1930,2147],"class_list":["post-133135","post","type-post","status-publish","format-standard","has-post-thumbnail","category-infosfera-pt-pt","category-igreja","tag-papa-francisco","tag-conselheira-para-a-comunicacao-social","tag-focus-pt-pt","tag-preghiera-pt-pt"],"yoast_head":"<!-- This site is optimized with the Yoast SEO plugin v27.4 - https:\/\/yoast.com\/product\/yoast-seo-wordpress\/ -->\n<title>Boa viagem, Papa Francisco &#8226; Istituto Figlie di Maria Ausiliatrice<\/title>\n<meta name=\"description\" content=\"No dia 26 de abril de 2025, na Pra\u00e7a S\u00e3o Pedro, mais de 250.000 fieis de todo o mundo fizeram a \u00faltima sauda\u00e7\u00e3o ao seu Pastor, o Papa Francisco.\" \/>\n<meta name=\"robots\" content=\"index, follow, max-snippet:-1, max-image-preview:large, max-video-preview:-1\" \/>\n<link rel=\"canonical\" href=\"https:\/\/www.cgfmanet.org\/pt-pt\/infosfera-pt-pt\/boa-viagem-papa-francisco\/\" \/>\n<meta property=\"og:locale\" content=\"pt_PT\" \/>\n<meta property=\"og:type\" content=\"article\" \/>\n<meta property=\"og:title\" content=\"Boa viagem, Papa Francisco &#8226; Istituto Figlie di Maria Ausiliatrice\" \/>\n<meta property=\"og:description\" content=\"No dia 26 de abril de 2025, na Pra\u00e7a S\u00e3o Pedro, mais de 250.000 fieis de todo o mundo fizeram a \u00faltima sauda\u00e7\u00e3o ao seu Pastor, o Papa Francisco.\" \/>\n<meta property=\"og:url\" content=\"https:\/\/www.cgfmanet.org\/pt-pt\/infosfera-pt-pt\/boa-viagem-papa-francisco\/\" \/>\n<meta property=\"og:site_name\" content=\"Istituto Figlie di Maria Ausiliatrice\" \/>\n<meta property=\"article:publisher\" content=\"https:\/\/www.facebook.com\/salesian.sisters.of.don.bosco\/\" \/>\n<meta property=\"article:published_time\" content=\"2025-04-27T14:27:02+00:00\" \/>\n<meta property=\"article:modified_time\" content=\"2025-04-29T19:57:49+00:00\" \/>\n<meta property=\"og:image\" content=\"https:\/\/www.cgfmanet.org\/wp-content\/uploads\/2025\/04\/Funerale-Papa-Francesco.jpg\" \/>\n\t<meta property=\"og:image:width\" content=\"1181\" \/>\n\t<meta property=\"og:image:height\" content=\"787\" \/>\n\t<meta property=\"og:image:type\" content=\"image\/jpeg\" \/>\n<meta name=\"author\" content=\"Redazione\" \/>\n<meta name=\"twitter:card\" content=\"summary_large_image\" \/>\n<meta name=\"twitter:creator\" content=\"@Cgfmanet_Org\" \/>\n<meta name=\"twitter:site\" content=\"@Cgfmanet_Org\" \/>\n<meta name=\"twitter:label1\" content=\"Escrito por\" \/>\n\t<meta name=\"twitter:data1\" content=\"Redazione\" \/>\n\t<meta name=\"twitter:label2\" content=\"Tempo estimado de leitura\" \/>\n\t<meta name=\"twitter:data2\" content=\"7 minutos\" \/>\n<script type=\"application\/ld+json\" class=\"yoast-schema-graph\">{\"@context\":\"https:\\\/\\\/schema.org\",\"@graph\":[{\"@type\":\"Article\",\"@id\":\"https:\\\/\\\/www.cgfmanet.org\\\/pt-pt\\\/infosfera-pt-pt\\\/boa-viagem-papa-francisco\\\/#article\",\"isPartOf\":{\"@id\":\"https:\\\/\\\/www.cgfmanet.org\\\/pt-pt\\\/infosfera-pt-pt\\\/boa-viagem-papa-francisco\\\/\"},\"author\":{\"name\":\"Redazione\",\"@id\":\"https:\\\/\\\/www.cgfmanet.org\\\/es\\\/#\\\/schema\\\/person\\\/ce6473083f53ef0ef882cca23f0c8fb9\"},\"headline\":\"Boa viagem, Papa Francisco\",\"datePublished\":\"2025-04-27T14:27:02+00:00\",\"dateModified\":\"2025-04-29T19:57:49+00:00\",\"mainEntityOfPage\":{\"@id\":\"https:\\\/\\\/www.cgfmanet.org\\\/pt-pt\\\/infosfera-pt-pt\\\/boa-viagem-papa-francisco\\\/\"},\"wordCount\":1431,\"commentCount\":0,\"publisher\":{\"@id\":\"https:\\\/\\\/www.cgfmanet.org\\\/es\\\/#organization\"},\"image\":{\"@id\":\"https:\\\/\\\/www.cgfmanet.org\\\/pt-pt\\\/infosfera-pt-pt\\\/boa-viagem-papa-francisco\\\/#primaryimage\"},\"thumbnailUrl\":\"https:\\\/\\\/www.cgfmanet.org\\\/wp-content\\\/uploads\\\/2025\\\/04\\\/Funerale-Papa-Francesco.jpg\",\"keywords\":[\"Papa Francisco\",\"Conselheira para a Comunica\u00e7\u00e3o Social\",\"Focus\",\"Preghiera\"],\"articleSection\":[\"Infosfera\",\"Igreja\"],\"inLanguage\":\"pt-PT\",\"potentialAction\":[{\"@type\":\"CommentAction\",\"name\":\"Comment\",\"target\":[\"https:\\\/\\\/www.cgfmanet.org\\\/pt-pt\\\/infosfera-pt-pt\\\/boa-viagem-papa-francisco\\\/#respond\"]}]},{\"@type\":\"WebPage\",\"@id\":\"https:\\\/\\\/www.cgfmanet.org\\\/pt-pt\\\/infosfera-pt-pt\\\/boa-viagem-papa-francisco\\\/\",\"url\":\"https:\\\/\\\/www.cgfmanet.org\\\/pt-pt\\\/infosfera-pt-pt\\\/boa-viagem-papa-francisco\\\/\",\"name\":\"Boa viagem, Papa Francisco &#8226; Istituto Figlie di Maria Ausiliatrice\",\"isPartOf\":{\"@id\":\"https:\\\/\\\/www.cgfmanet.org\\\/es\\\/#website\"},\"primaryImageOfPage\":{\"@id\":\"https:\\\/\\\/www.cgfmanet.org\\\/pt-pt\\\/infosfera-pt-pt\\\/boa-viagem-papa-francisco\\\/#primaryimage\"},\"image\":{\"@id\":\"https:\\\/\\\/www.cgfmanet.org\\\/pt-pt\\\/infosfera-pt-pt\\\/boa-viagem-papa-francisco\\\/#primaryimage\"},\"thumbnailUrl\":\"https:\\\/\\\/www.cgfmanet.org\\\/wp-content\\\/uploads\\\/2025\\\/04\\\/Funerale-Papa-Francesco.jpg\",\"datePublished\":\"2025-04-27T14:27:02+00:00\",\"dateModified\":\"2025-04-29T19:57:49+00:00\",\"description\":\"No dia 26 de abril de 2025, na Pra\u00e7a S\u00e3o Pedro, mais de 250.000 fieis de todo o mundo fizeram a \u00faltima sauda\u00e7\u00e3o ao seu Pastor, o Papa Francisco.\",\"breadcrumb\":{\"@id\":\"https:\\\/\\\/www.cgfmanet.org\\\/pt-pt\\\/infosfera-pt-pt\\\/boa-viagem-papa-francisco\\\/#breadcrumb\"},\"inLanguage\":\"pt-PT\",\"potentialAction\":[{\"@type\":\"ReadAction\",\"target\":[\"https:\\\/\\\/www.cgfmanet.org\\\/pt-pt\\\/infosfera-pt-pt\\\/boa-viagem-papa-francisco\\\/\"]}]},{\"@type\":\"ImageObject\",\"inLanguage\":\"pt-PT\",\"@id\":\"https:\\\/\\\/www.cgfmanet.org\\\/pt-pt\\\/infosfera-pt-pt\\\/boa-viagem-papa-francisco\\\/#primaryimage\",\"url\":\"https:\\\/\\\/www.cgfmanet.org\\\/wp-content\\\/uploads\\\/2025\\\/04\\\/Funerale-Papa-Francesco.jpg\",\"contentUrl\":\"https:\\\/\\\/www.cgfmanet.org\\\/wp-content\\\/uploads\\\/2025\\\/04\\\/Funerale-Papa-Francesco.jpg\",\"width\":1181,\"height\":787},{\"@type\":\"BreadcrumbList\",\"@id\":\"https:\\\/\\\/www.cgfmanet.org\\\/pt-pt\\\/infosfera-pt-pt\\\/boa-viagem-papa-francisco\\\/#breadcrumb\",\"itemListElement\":[{\"@type\":\"ListItem\",\"position\":1,\"name\":\"Home\",\"item\":\"https:\\\/\\\/www.cgfmanet.org\\\/pt-pt\\\/\"},{\"@type\":\"ListItem\",\"position\":2,\"name\":\"Boa viagem, Papa Francisco\"}]},{\"@type\":\"WebSite\",\"@id\":\"https:\\\/\\\/www.cgfmanet.org\\\/es\\\/#website\",\"url\":\"https:\\\/\\\/www.cgfmanet.org\\\/es\\\/\",\"name\":\"Istituto Figlie di Maria Ausiliatrice\",\"description\":\"Salesiane di Don Bosco\",\"publisher\":{\"@id\":\"https:\\\/\\\/www.cgfmanet.org\\\/es\\\/#organization\"},\"potentialAction\":[{\"@type\":\"SearchAction\",\"target\":{\"@type\":\"EntryPoint\",\"urlTemplate\":\"https:\\\/\\\/www.cgfmanet.org\\\/es\\\/?s={search_term_string}\"},\"query-input\":{\"@type\":\"PropertyValueSpecification\",\"valueRequired\":true,\"valueName\":\"search_term_string\"}}],\"inLanguage\":\"pt-PT\"},{\"@type\":\"Organization\",\"@id\":\"https:\\\/\\\/www.cgfmanet.org\\\/es\\\/#organization\",\"name\":\"Istituto Figlie di Maria Ausiliatrice\",\"url\":\"https:\\\/\\\/www.cgfmanet.org\\\/es\\\/\",\"logo\":{\"@type\":\"ImageObject\",\"inLanguage\":\"pt-PT\",\"@id\":\"https:\\\/\\\/www.cgfmanet.org\\\/es\\\/#\\\/schema\\\/logo\\\/image\\\/\",\"url\":\"https:\\\/\\\/www.cgfmanet.org\\\/wp-content\\\/uploads\\\/2018\\\/10\\\/logo-fma.png\",\"contentUrl\":\"https:\\\/\\\/www.cgfmanet.org\\\/wp-content\\\/uploads\\\/2018\\\/10\\\/logo-fma.png\",\"width\":214,\"height\":55,\"caption\":\"Istituto Figlie di Maria Ausiliatrice\"},\"image\":{\"@id\":\"https:\\\/\\\/www.cgfmanet.org\\\/es\\\/#\\\/schema\\\/logo\\\/image\\\/\"},\"sameAs\":[\"https:\\\/\\\/www.facebook.com\\\/salesian.sisters.of.don.bosco\\\/\",\"https:\\\/\\\/x.com\\\/Cgfmanet_Org\",\"https:\\\/\\\/www.youtube.com\\\/channel\\\/UCmcr8yFQBV7JXeXVxyV9y5Q\"]},{\"@type\":\"Person\",\"@id\":\"https:\\\/\\\/www.cgfmanet.org\\\/es\\\/#\\\/schema\\\/person\\\/ce6473083f53ef0ef882cca23f0c8fb9\",\"name\":\"Redazione\"}]}<\/script>\n<!-- \/ Yoast SEO plugin. -->","yoast_head_json":{"title":"Boa viagem, Papa Francisco &#8226; Istituto Figlie di Maria Ausiliatrice","description":"No dia 26 de abril de 2025, na Pra\u00e7a S\u00e3o Pedro, mais de 250.000 fieis de todo o mundo fizeram a \u00faltima sauda\u00e7\u00e3o ao seu Pastor, o Papa Francisco.","robots":{"index":"index","follow":"follow","max-snippet":"max-snippet:-1","max-image-preview":"max-image-preview:large","max-video-preview":"max-video-preview:-1"},"canonical":"https:\/\/www.cgfmanet.org\/pt-pt\/infosfera-pt-pt\/boa-viagem-papa-francisco\/","og_locale":"pt_PT","og_type":"article","og_title":"Boa viagem, Papa Francisco &#8226; Istituto Figlie di Maria Ausiliatrice","og_description":"No dia 26 de abril de 2025, na Pra\u00e7a S\u00e3o Pedro, mais de 250.000 fieis de todo o mundo fizeram a \u00faltima sauda\u00e7\u00e3o ao seu Pastor, o Papa Francisco.","og_url":"https:\/\/www.cgfmanet.org\/pt-pt\/infosfera-pt-pt\/boa-viagem-papa-francisco\/","og_site_name":"Istituto Figlie di Maria Ausiliatrice","article_publisher":"https:\/\/www.facebook.com\/salesian.sisters.of.don.bosco\/","article_published_time":"2025-04-27T14:27:02+00:00","article_modified_time":"2025-04-29T19:57:49+00:00","og_image":[{"width":1181,"height":787,"url":"https:\/\/www.cgfmanet.org\/wp-content\/uploads\/2025\/04\/Funerale-Papa-Francesco.jpg","type":"image\/jpeg"}],"author":"Redazione","twitter_card":"summary_large_image","twitter_creator":"@Cgfmanet_Org","twitter_site":"@Cgfmanet_Org","twitter_misc":{"Escrito por":"Redazione","Tempo estimado de leitura":"7 minutos"},"schema":{"@context":"https:\/\/schema.org","@graph":[{"@type":"Article","@id":"https:\/\/www.cgfmanet.org\/pt-pt\/infosfera-pt-pt\/boa-viagem-papa-francisco\/#article","isPartOf":{"@id":"https:\/\/www.cgfmanet.org\/pt-pt\/infosfera-pt-pt\/boa-viagem-papa-francisco\/"},"author":{"name":"Redazione","@id":"https:\/\/www.cgfmanet.org\/es\/#\/schema\/person\/ce6473083f53ef0ef882cca23f0c8fb9"},"headline":"Boa viagem, Papa Francisco","datePublished":"2025-04-27T14:27:02+00:00","dateModified":"2025-04-29T19:57:49+00:00","mainEntityOfPage":{"@id":"https:\/\/www.cgfmanet.org\/pt-pt\/infosfera-pt-pt\/boa-viagem-papa-francisco\/"},"wordCount":1431,"commentCount":0,"publisher":{"@id":"https:\/\/www.cgfmanet.org\/es\/#organization"},"image":{"@id":"https:\/\/www.cgfmanet.org\/pt-pt\/infosfera-pt-pt\/boa-viagem-papa-francisco\/#primaryimage"},"thumbnailUrl":"https:\/\/www.cgfmanet.org\/wp-content\/uploads\/2025\/04\/Funerale-Papa-Francesco.jpg","keywords":["Papa Francisco","Conselheira para a Comunica\u00e7\u00e3o Social","Focus","Preghiera"],"articleSection":["Infosfera","Igreja"],"inLanguage":"pt-PT","potentialAction":[{"@type":"CommentAction","name":"Comment","target":["https:\/\/www.cgfmanet.org\/pt-pt\/infosfera-pt-pt\/boa-viagem-papa-francisco\/#respond"]}]},{"@type":"WebPage","@id":"https:\/\/www.cgfmanet.org\/pt-pt\/infosfera-pt-pt\/boa-viagem-papa-francisco\/","url":"https:\/\/www.cgfmanet.org\/pt-pt\/infosfera-pt-pt\/boa-viagem-papa-francisco\/","name":"Boa viagem, Papa Francisco &#8226; Istituto Figlie di Maria Ausiliatrice","isPartOf":{"@id":"https:\/\/www.cgfmanet.org\/es\/#website"},"primaryImageOfPage":{"@id":"https:\/\/www.cgfmanet.org\/pt-pt\/infosfera-pt-pt\/boa-viagem-papa-francisco\/#primaryimage"},"image":{"@id":"https:\/\/www.cgfmanet.org\/pt-pt\/infosfera-pt-pt\/boa-viagem-papa-francisco\/#primaryimage"},"thumbnailUrl":"https:\/\/www.cgfmanet.org\/wp-content\/uploads\/2025\/04\/Funerale-Papa-Francesco.jpg","datePublished":"2025-04-27T14:27:02+00:00","dateModified":"2025-04-29T19:57:49+00:00","description":"No dia 26 de abril de 2025, na Pra\u00e7a S\u00e3o Pedro, mais de 250.000 fieis de todo o mundo fizeram a \u00faltima sauda\u00e7\u00e3o ao seu Pastor, o Papa Francisco.","breadcrumb":{"@id":"https:\/\/www.cgfmanet.org\/pt-pt\/infosfera-pt-pt\/boa-viagem-papa-francisco\/#breadcrumb"},"inLanguage":"pt-PT","potentialAction":[{"@type":"ReadAction","target":["https:\/\/www.cgfmanet.org\/pt-pt\/infosfera-pt-pt\/boa-viagem-papa-francisco\/"]}]},{"@type":"ImageObject","inLanguage":"pt-PT","@id":"https:\/\/www.cgfmanet.org\/pt-pt\/infosfera-pt-pt\/boa-viagem-papa-francisco\/#primaryimage","url":"https:\/\/www.cgfmanet.org\/wp-content\/uploads\/2025\/04\/Funerale-Papa-Francesco.jpg","contentUrl":"https:\/\/www.cgfmanet.org\/wp-content\/uploads\/2025\/04\/Funerale-Papa-Francesco.jpg","width":1181,"height":787},{"@type":"BreadcrumbList","@id":"https:\/\/www.cgfmanet.org\/pt-pt\/infosfera-pt-pt\/boa-viagem-papa-francisco\/#breadcrumb","itemListElement":[{"@type":"ListItem","position":1,"name":"Home","item":"https:\/\/www.cgfmanet.org\/pt-pt\/"},{"@type":"ListItem","position":2,"name":"Boa viagem, Papa Francisco"}]},{"@type":"WebSite","@id":"https:\/\/www.cgfmanet.org\/es\/#website","url":"https:\/\/www.cgfmanet.org\/es\/","name":"Istituto Figlie di Maria Ausiliatrice","description":"Salesiane di Don Bosco","publisher":{"@id":"https:\/\/www.cgfmanet.org\/es\/#organization"},"potentialAction":[{"@type":"SearchAction","target":{"@type":"EntryPoint","urlTemplate":"https:\/\/www.cgfmanet.org\/es\/?s={search_term_string}"},"query-input":{"@type":"PropertyValueSpecification","valueRequired":true,"valueName":"search_term_string"}}],"inLanguage":"pt-PT"},{"@type":"Organization","@id":"https:\/\/www.cgfmanet.org\/es\/#organization","name":"Istituto Figlie di Maria Ausiliatrice","url":"https:\/\/www.cgfmanet.org\/es\/","logo":{"@type":"ImageObject","inLanguage":"pt-PT","@id":"https:\/\/www.cgfmanet.org\/es\/#\/schema\/logo\/image\/","url":"https:\/\/www.cgfmanet.org\/wp-content\/uploads\/2018\/10\/logo-fma.png","contentUrl":"https:\/\/www.cgfmanet.org\/wp-content\/uploads\/2018\/10\/logo-fma.png","width":214,"height":55,"caption":"Istituto Figlie di Maria Ausiliatrice"},"image":{"@id":"https:\/\/www.cgfmanet.org\/es\/#\/schema\/logo\/image\/"},"sameAs":["https:\/\/www.facebook.com\/salesian.sisters.of.don.bosco\/","https:\/\/x.com\/Cgfmanet_Org","https:\/\/www.youtube.com\/channel\/UCmcr8yFQBV7JXeXVxyV9y5Q"]},{"@type":"Person","@id":"https:\/\/www.cgfmanet.org\/es\/#\/schema\/person\/ce6473083f53ef0ef882cca23f0c8fb9","name":"Redazione"}]}},"_links":{"self":[{"href":"https:\/\/www.cgfmanet.org\/pt-pt\/wp-json\/wp\/v2\/posts\/133135","targetHints":{"allow":["GET"]}}],"collection":[{"href":"https:\/\/www.cgfmanet.org\/pt-pt\/wp-json\/wp\/v2\/posts"}],"about":[{"href":"https:\/\/www.cgfmanet.org\/pt-pt\/wp-json\/wp\/v2\/types\/post"}],"author":[{"embeddable":true,"href":"https:\/\/www.cgfmanet.org\/pt-pt\/wp-json\/wp\/v2\/users\/21"}],"replies":[{"embeddable":true,"href":"https:\/\/www.cgfmanet.org\/pt-pt\/wp-json\/wp\/v2\/comments?post=133135"}],"version-history":[{"count":3,"href":"https:\/\/www.cgfmanet.org\/pt-pt\/wp-json\/wp\/v2\/posts\/133135\/revisions"}],"predecessor-version":[{"id":133497,"href":"https:\/\/www.cgfmanet.org\/pt-pt\/wp-json\/wp\/v2\/posts\/133135\/revisions\/133497"}],"wp:featuredmedia":[{"embeddable":true,"href":"https:\/\/www.cgfmanet.org\/pt-pt\/wp-json\/wp\/v2\/media\/133075"}],"wp:attachment":[{"href":"https:\/\/www.cgfmanet.org\/pt-pt\/wp-json\/wp\/v2\/media?parent=133135"}],"wp:term":[{"taxonomy":"category","embeddable":true,"href":"https:\/\/www.cgfmanet.org\/pt-pt\/wp-json\/wp\/v2\/categories?post=133135"},{"taxonomy":"post_tag","embeddable":true,"href":"https:\/\/www.cgfmanet.org\/pt-pt\/wp-json\/wp\/v2\/tags?post=133135"}],"curies":[{"name":"wp","href":"https:\/\/api.w.org\/{rel}","templated":true}]}}